{"id":8813,"date":"2018-12-13T20:25:35","date_gmt":"2018-12-13T22:25:35","guid":{"rendered":"https:\/\/www.suno.com.br\/noticias\/?p=8813"},"modified":"2018-12-13T20:46:08","modified_gmt":"2018-12-13T22:46:08","slug":"omc-condenacao-brasil-incentivos-industria","status":"publish","type":"post","link":"https:\/\/www.suno.com.br\/noticias\/omc-condenacao-brasil-incentivos-industria\/","title":{"rendered":"OMC mant\u00e9m parte da condena\u00e7\u00e3o ao Brasil por incentivos \u00e0 ind\u00fastria"},"content":{"rendered":"<p>A <a href=\"https:\/\/www.suno.com.br\/noticias\/bolsonaro-gera-otimismo-comercio-internacional\/\">Organiza\u00e7\u00e3o Mundial do Com\u00e9rcio (OMC)<\/a> manteve nesta quinta (12) parte das condena\u00e7\u00f5es feitas contra o Brasil em 2017.<\/p>\t<div class=\"wrapper-featured-image\">\n\t\t<figure class=\"spotlightImg\">\n\n\t\t\t<picture>\n\t\t\t\t<source media=\"(max-width: 768px)\" srcset=\"https:\/\/files.sunoresearch.com.br\/n\/uploads\/2018\/12\/edd69c9d-produ\u00e7\u00e3o-industrial-400x200.webp\">\n\t\t\t\t<img loading=\"lazy\" decoding=\"async\" class=\"newsContent__article__imgCapa lazyloadDisabled newsContent__article__imgCapa--noCaption\" src=\"https:\/\/files.sunoresearch.com.br\/n\/uploads\/2018\/12\/edd69c9d-produ\u00e7\u00e3o-industrial-jpeg.webp\" width=\"800\" height=\"450\" alt=\"OMC mant\u00e9m parte da condena\u00e7\u00e3o ao Brasil por incentivos \u00e0 ind\u00fastria\" fetchpriority=high \/>\n\t\t\t<\/picture>\n\n\t\t\t<figcaption class=\"wp-caption-text wp-caption-text--hide\">Produ\u00e7\u00e3o industrial aumenta ao redor do mundo, mas demanda continua fraca<\/figcaption>\n\t\t<\/figure>\n\t<\/div>\n\n\n<p>\u00c0 \u00e9poca, Uni\u00e3o Europeia e Jap\u00e3o apresentaram queixas \u00e0 <strong>OMC<\/strong> contra o <strong>Brasil<\/strong>. O motivo era uma s\u00e9rie de subs\u00eddios (sete, no total) feita pelo governo brasileiro \u00e0 sua ind\u00fastria. Tratava-se da maior <strong>condena\u00e7\u00e3o<\/strong> contra <strong>incentivos industriais<\/strong> j\u00e1 sofrida pelo Pa\u00eds.<\/p>\n<p>A organiza\u00e7\u00e3o manteve a condena\u00e7\u00e3o sobre cinco dessas medidas. Entretanto, em tr\u00eas dessas medidas ela mudou o entendimento de que s\u00e3o subs\u00eddios. Al\u00e9m disso, outras duas tiveram a decis\u00e3o revertida.<\/p>\n<p><a href=\"https:\/\/www.suno.com.br\/noticias\/donald-trump-recusa-proposta-omc\/\">Saiba mais: Governo Trump recusa proposta e coloca tribunal da OMC em risco<\/a><\/p>\n<p>A OMC entendeu que sete medidas feitas pelo governo brasileiro eram inconsistentes com regras internacionais. Ou seja, violavam acordos internacionais de com\u00e9rcio dos quais o Brasil fazia parte. Assim, prejudicavam a competitividade de outros pa\u00edses. As medidas se referem principalmente a setores de inform\u00e1tica e automobil\u00edstico.<\/p>\n<p>Foram a\u00e7\u00f5es adotadas pela gest\u00e3o de <strong>Dilma Rousseff<\/strong> e, portanto, mantidas por <strong>Michel Temer<\/strong>. Entre esses <strong>incentivos industriais<\/strong>\u00a0condenados pela <strong>OMC<\/strong> est\u00e3o a isen\u00e7\u00e3o e redu\u00e7\u00e3o de impostos para empresas que produzirem no Pa\u00eds.<\/p>\n<h2>Medidas com condena\u00e7\u00e3o mantida pela OMC<\/h2>\n<ul>\n<li><strong>Lei de Inform\u00e1tica (programa iniciado em 1991) e legisla\u00e7\u00e3o derivada:<\/strong> oferece redu\u00e7\u00e3o de IPI e outros incentivos para produtores de hardware, automa\u00e7\u00e3o industrial e telecomunica\u00e7\u00f5es (ainda em vigor);<\/li>\n<li><strong>Programa de Apoio ao Desenvolvimento Tecnol\u00f3gico da Ind\u00fastria de Equipamentos para a TV Digital:<\/strong> reduz a zero a al\u00edquota de impostos de importa\u00e7\u00e3o de insumos para fabrica\u00e7\u00e3o de TVs digitais (extinto);<\/li>\n<li><strong>Programa de Apoio ao Desenvolvimento Tecnol\u00f3gico da Ind\u00fastria de Semicondutores:<\/strong>\u00a0reduz a zero a al\u00edquota de impostos de importa\u00e7\u00e3o de insumos para fabrica\u00e7\u00e3o desses produtos (em vigor);<\/li>\n<li><strong>Programa Inclus\u00e3o Digital:<\/strong>\u00a0concede isen\u00e7\u00e3o do PIS\/Cofins sobre a venda no varejo de computadores e outros aparelhos eletr\u00f4nicos (extinto);<\/li>\n<li><strong>Programa Inovar-Auto (que precedeu o <a href=\"https:\/\/www.suno.com.br\/artigos\/rota-2030\/\">Rota 2030<\/a>):<\/strong>\u00a0d\u00e1 cr\u00e9dito presumido para empresas que produzem ve\u00edculos no Pa\u00eds e apresentam projetos de investimento (extinto).<\/li>\n<\/ul>\n<h2>Medidas com a condena\u00e7\u00e3o revertida pela OMC<\/h2>\n<ul>\n<li><strong>PEC (Programa destinado a empresas predominantemente e exportadoras):<\/strong> isenta impostos de compra de insumos para as empresas exportadoras (em vigor);<\/li>\n<li><strong>RECAP (Regime Especial de Aquisi\u00e7\u00e3o de Bens de Capital para Empresas Exportadoras):<\/strong> suspende a cobran\u00e7a do PIS\/Cofins na compra de m\u00e1quinas e equipamentos de empresas altamente exportadoras (em vigor).<\/li>\n<\/ul>\n","protected":false},"excerpt":{"rendered":"<p>A Organiza\u00e7\u00e3o Mundial do Com\u00e9rcio (OMC) manteve nesta quinta (12) parte das condena\u00e7\u00f5es feitas contra o Brasil em 2017. Produ\u00e7\u00e3o industrial aumenta ao redor do mundo, mas demanda continua fraca \u00c0 \u00e9poca, Uni\u00e3o Europeia e Jap\u00e3o apresentaram queixas \u00e0 OMC contra o Brasil. O motivo era uma s\u00e9rie de subs\u00eddios (sete, no total) feita pelo [&hellip;]<\/p>\n","protected":false},"author":13,"featured_media":7812,"comment_status":"closed","ping_status":"closed","sticky":false,"template":"","format":"standard","meta":[],"categories":[63],"tags":[865,734,813],"suno_strategy":[],"class_list":["post-8813","post","type-post","status-publish","format-standard","has-post-thumbnail","hentry","category-internacional","tag-dilma-rousseff","tag-michel-temer","tag-omc"],"yoast_head":"<!-- This site is optimized with the Yoast SEO plugin v24.4 - https:\/\/yoast.com\/wordpress\/plugins\/seo\/ -->\n<title>OMC mant\u00e9m parte da condena\u00e7\u00e3o ao Brasil por incentivos \u00e0 ind\u00fastria<\/title>\n<meta name=\"description\" content=\"A Organiza\u00e7\u00e3o Mundial do Com\u00e9rcio manteve parte das condena\u00e7\u00f5es feitas contra o Brasil, ap\u00f3s queixas de pa\u00edses. Clique para saber mais.\" \/>\n<meta name=\"robots\" content=\"index, follow, max-snippet:-1, max-image-preview:large, max-video-preview:-1\" \/>\n<link rel=\"canonical\" href=\"https:\/\/www.suno.com.br\/noticias\/omc-condenacao-brasil-incentivos-industria\/\" \/>\n<meta property=\"og:locale\" content=\"pt_BR\" \/>\n<meta property=\"og:type\" content=\"article\" \/>\n<meta property=\"og:title\" content=\"OMC mant\u00e9m parte da condena\u00e7\u00e3o ao Brasil por incentivos \u00e0 ind\u00fastria\" \/>\n<meta property=\"og:description\" content=\"A Organiza\u00e7\u00e3o Mundial do Com\u00e9rcio manteve parte das condena\u00e7\u00f5es feitas contra o Brasil, ap\u00f3s queixas de pa\u00edses. Clique para saber mais.\" \/>\n<meta property=\"og:url\" content=\"https:\/\/www.suno.com.br\/noticias\/omc-condenacao-brasil-incentivos-industria\/\" \/>\n<meta property=\"og:site_name\" content=\"Suno Not\u00edcias\" \/>\n<meta property=\"article:publisher\" content=\"https:\/\/facebook.com\/sunoresearch\" \/>\n<meta property=\"og:image\" content=\"https:\/\/files.sunoresearch.com.br\/n\/uploads\/2018\/12\/edd69c9d-produ\u00e7\u00e3o-industrial.jpeg\" \/>\n\t<meta property=\"og:image:width\" content=\"640\" \/>\n\t<meta property=\"og:image:height\" content=\"426\" \/>\n\t<meta property=\"og:image:type\" content=\"image\/jpeg\" \/>\n<meta name=\"author\" content=\"Guilherme Caetano\" \/>\n<meta name=\"twitter:card\" content=\"summary_large_image\" \/>\n<meta name=\"twitter:creator\" content=\"@sunoresearch\" \/>\n<meta name=\"twitter:site\" content=\"@sunoresearch\" \/>\n<meta name=\"twitter:label1\" content=\"Escrito por\" \/>\n\t<meta name=\"twitter:data1\" content=\"Guilherme Caetano\" \/>\n\t<meta name=\"twitter:label2\" content=\"Est. tempo de leitura\" \/>\n\t<meta name=\"twitter:data2\" content=\"2 minutos\" \/>\n<script type=\"application\/ld+json\" class=\"yoast-schema-graph\">{\"@context\":\"https:\/\/schema.org\",\"@graph\":[{\"@type\":\"NewsArticle\",\"@id\":\"https:\/\/www.suno.com.br\/noticias\/omc-condenacao-brasil-incentivos-industria\/#article\",\"isPartOf\":{\"@id\":\"https:\/\/www.suno.com.br\/noticias\/omc-condenacao-brasil-incentivos-industria\/\"},\"author\":{\"name\":\"Guilherme Caetano\",\"@id\":\"https:\/\/www.suno.com.br\/noticias\/#\/schema\/person\/0d0c9687cd2f600c564f25980c140de9\"},\"headline\":\"OMC mant\u00e9m parte da condena\u00e7\u00e3o ao Brasil por incentivos \u00e0 ind\u00fastria\",\"datePublished\":\"2018-12-13T22:25:35+00:00\",\"dateModified\":\"2018-12-13T22:46:08+00:00\",\"mainEntityOfPage\":{\"@id\":\"https:\/\/www.suno.com.br\/noticias\/omc-condenacao-brasil-incentivos-industria\/\"},\"wordCount\":434,\"publisher\":{\"@id\":\"https:\/\/www.suno.com.br\/noticias\/#organization\"},\"image\":{\"@id\":\"https:\/\/www.suno.com.br\/noticias\/omc-condenacao-brasil-incentivos-industria\/#primaryimage\"},\"thumbnailUrl\":\"https:\/\/files.sunoresearch.com.br\/n\/uploads\/2018\/12\/edd69c9d-produ\u00e7\u00e3o-industrial-jpeg.webp\",\"keywords\":[\"Dilma Rousseff\",\"Michel Temer\",\"OMC\"],\"articleSection\":[\"Internacional\"],\"inLanguage\":\"pt-BR\"},{\"@type\":\"WebPage\",\"@id\":\"https:\/\/www.suno.com.br\/noticias\/omc-condenacao-brasil-incentivos-industria\/\",\"url\":\"https:\/\/www.suno.com.br\/noticias\/omc-condenacao-brasil-incentivos-industria\/\",\"name\":\"OMC mant\u00e9m parte da condena\u00e7\u00e3o ao Brasil por incentivos \u00e0 ind\u00fastria\",\"isPartOf\":{\"@id\":\"https:\/\/www.suno.com.br\/noticias\/#website\"},\"primaryImageOfPage\":{\"@id\":\"https:\/\/www.suno.com.br\/noticias\/omc-condenacao-brasil-incentivos-industria\/#primaryimage\"},\"image\":{\"@id\":\"https:\/\/www.suno.com.br\/noticias\/omc-condenacao-brasil-incentivos-industria\/#primaryimage\"},\"thumbnailUrl\":\"https:\/\/files.sunoresearch.com.br\/n\/uploads\/2018\/12\/edd69c9d-produ\u00e7\u00e3o-industrial-jpeg.webp\",\"datePublished\":\"2018-12-13T22:25:35+00:00\",\"dateModified\":\"2018-12-13T22:46:08+00:00\",\"description\":\"A Organiza\u00e7\u00e3o Mundial do Com\u00e9rcio manteve parte das condena\u00e7\u00f5es feitas contra o Brasil, ap\u00f3s queixas de pa\u00edses. Clique para saber mais.\",\"breadcrumb\":{\"@id\":\"https:\/\/www.suno.com.br\/noticias\/omc-condenacao-brasil-incentivos-industria\/#breadcrumb\"},\"inLanguage\":\"pt-BR\",\"potentialAction\":[{\"@type\":\"ReadAction\",\"target\":[\"https:\/\/www.suno.com.br\/noticias\/omc-condenacao-brasil-incentivos-industria\/\"]}]},{\"@type\":\"ImageObject\",\"inLanguage\":\"pt-BR\",\"@id\":\"https:\/\/www.suno.com.br\/noticias\/omc-condenacao-brasil-incentivos-industria\/#primaryimage\",\"url\":\"https:\/\/files.sunoresearch.com.br\/n\/uploads\/2018\/12\/edd69c9d-produ\u00e7\u00e3o-industrial-jpeg.webp\",\"contentUrl\":\"https:\/\/files.sunoresearch.com.br\/n\/uploads\/2018\/12\/edd69c9d-produ\u00e7\u00e3o-industrial-jpeg.webp\",\"width\":640,\"height\":426,\"caption\":\"Produ\u00e7\u00e3o industrial aumenta ao redor do mundo, mas demanda continua fraca\"},{\"@type\":\"BreadcrumbList\",\"@id\":\"https:\/\/www.suno.com.br\/noticias\/omc-condenacao-brasil-incentivos-industria\/#breadcrumb\",\"itemListElement\":[{\"@type\":\"ListItem\",\"position\":1,\"name\":\"Not\u00edcias\",\"item\":\"https:\/\/www.suno.com.br\/noticias\/\"},{\"@type\":\"ListItem\",\"position\":2,\"name\":\"Internacional\",\"item\":\"https:\/\/www.suno.com.br\/noticias\/internacional\/\"},{\"@type\":\"ListItem\",\"position\":3,\"name\":\"OMC mant\u00e9m parte da condena\u00e7\u00e3o ao Brasil por incentivos \u00e0 ind\u00fastria\"}]},{\"@type\":\"WebSite\",\"@id\":\"https:\/\/www.suno.com.br\/noticias\/#website\",\"url\":\"https:\/\/www.suno.com.br\/noticias\/\",\"name\":\"Suno Not\u00edcias\",\"description\":\"Seu portal de informa\u00e7\u00e3o sobre o mundo dos investimentos\",\"publisher\":{\"@id\":\"https:\/\/www.suno.com.br\/noticias\/#organization\"},\"potentialAction\":[{\"@type\":\"SearchAction\",\"target\":{\"@type\":\"EntryPoint\",\"urlTemplate\":\"https:\/\/www.suno.com.br\/noticias\/?s={search_term_string}\"},\"query-input\":{\"@type\":\"PropertyValueSpecification\",\"valueRequired\":true,\"valueName\":\"search_term_string\"}}],\"inLanguage\":\"pt-BR\"},{\"@type\":\"Organization\",\"@id\":\"https:\/\/www.suno.com.br\/noticias\/#organization\",\"name\":\"Suno Not\u00edcias\",\"url\":\"https:\/\/www.suno.com.br\/noticias\/\",\"logo\":{\"@type\":\"ImageObject\",\"inLanguage\":\"pt-BR\",\"@id\":\"https:\/\/www.suno.com.br\/noticias\/#\/schema\/logo\/image\/\",\"url\":\"https:\/\/files.sunoresearch.com.br\/n\/uploads\/2021\/09\/suno-logo.png\",\"contentUrl\":\"https:\/\/files.sunoresearch.com.br\/n\/uploads\/2021\/09\/suno-logo.png\",\"width\":180,\"height\":180,\"caption\":\"Suno Not\u00edcias\"},\"image\":{\"@id\":\"https:\/\/www.suno.com.br\/noticias\/#\/schema\/logo\/image\/\"},\"sameAs\":[\"https:\/\/facebook.com\/sunoresearch\",\"https:\/\/x.com\/sunoresearch\",\"https:\/\/www.instagram.com\/suno\",\"https:\/\/www.linkedin.com\/company\/suno-research\/\",\"https:\/\/www.youtube.com\/c\/sunoresearch\"]},{\"@type\":\"Person\",\"@id\":\"https:\/\/www.suno.com.br\/noticias\/#\/schema\/person\/0d0c9687cd2f600c564f25980c140de9\",\"name\":\"Guilherme Caetano\",\"image\":{\"@type\":\"ImageObject\",\"inLanguage\":\"pt-BR\",\"@id\":\"https:\/\/www.suno.com.br\/noticias\/#\/schema\/person\/image\/\",\"url\":\"https:\/\/secure.gravatar.com\/avatar\/e48357351a01702a0d19307070e081bf?s=96&r=g\",\"contentUrl\":\"https:\/\/secure.gravatar.com\/avatar\/e48357351a01702a0d19307070e081bf?s=96&r=g\",\"caption\":\"Guilherme Caetano\"},\"description\":\"Formado em jornalismo pela Escola de Comunica\u00e7\u00f5es e Artes da USP, Guilherme Caetano escreve para o portal de not\u00edcias da Suno Research. Passou pelas reda\u00e7\u00f5es da Folha de S.Paulo e da revista \u00c9poca.\",\"url\":\"https:\/\/www.suno.com.br\/noticias\/author\/guilherme-caetano\/\"}]}<\/script>\n<!-- \/ Yoast SEO plugin. -->","yoast_head_json":{"title":"OMC mant\u00e9m parte da condena\u00e7\u00e3o ao Brasil por incentivos \u00e0 ind\u00fastria","description":"A Organiza\u00e7\u00e3o Mundial do Com\u00e9rcio manteve parte das condena\u00e7\u00f5es feitas contra o Brasil, ap\u00f3s queixas de pa\u00edses. Clique para saber mais.","robots":{"index":"index","follow":"follow","max-snippet":"max-snippet:-1","max-image-preview":"max-image-preview:large","max-video-preview":"max-video-preview:-1"},"canonical":"https:\/\/www.suno.com.br\/noticias\/omc-condenacao-brasil-incentivos-industria\/","og_locale":"pt_BR","og_type":"article","og_title":"OMC mant\u00e9m parte da condena\u00e7\u00e3o ao Brasil por incentivos \u00e0 ind\u00fastria","og_description":"A Organiza\u00e7\u00e3o Mundial do Com\u00e9rcio manteve parte das condena\u00e7\u00f5es feitas contra o Brasil, ap\u00f3s queixas de pa\u00edses. Clique para saber mais.","og_url":"https:\/\/www.suno.com.br\/noticias\/omc-condenacao-brasil-incentivos-industria\/","og_site_name":"Suno Not\u00edcias","article_publisher":"https:\/\/facebook.com\/sunoresearch","og_image":[{"width":640,"height":426,"url":"https:\/\/files.sunoresearch.com.br\/n\/uploads\/2018\/12\/edd69c9d-produ\u00e7\u00e3o-industrial.jpeg","type":"image\/jpeg"}],"author":"Guilherme Caetano","twitter_card":"summary_large_image","twitter_creator":"@sunoresearch","twitter_site":"@sunoresearch","twitter_misc":{"Escrito por":"Guilherme Caetano","Est. tempo de leitura":"2 minutos"},"schema":{"@context":"https:\/\/schema.org","@graph":[{"@type":"NewsArticle","@id":"https:\/\/www.suno.com.br\/noticias\/omc-condenacao-brasil-incentivos-industria\/#article","isPartOf":{"@id":"https:\/\/www.suno.com.br\/noticias\/omc-condenacao-brasil-incentivos-industria\/"},"author":{"name":"Guilherme Caetano","@id":"https:\/\/www.suno.com.br\/noticias\/#\/schema\/person\/0d0c9687cd2f600c564f25980c140de9"},"headline":"OMC mant\u00e9m parte da condena\u00e7\u00e3o ao Brasil por incentivos \u00e0 ind\u00fastria","datePublished":"2018-12-13T22:25:35+00:00","dateModified":"2018-12-13T22:46:08+00:00","mainEntityOfPage":{"@id":"https:\/\/www.suno.com.br\/noticias\/omc-condenacao-brasil-incentivos-industria\/"},"wordCount":434,"publisher":{"@id":"https:\/\/www.suno.com.br\/noticias\/#organization"},"image":{"@id":"https:\/\/www.suno.com.br\/noticias\/omc-condenacao-brasil-incentivos-industria\/#primaryimage"},"thumbnailUrl":"https:\/\/files.sunoresearch.com.br\/n\/uploads\/2018\/12\/edd69c9d-produ\u00e7\u00e3o-industrial-jpeg.webp","keywords":["Dilma Rousseff","Michel Temer","OMC"],"articleSection":["Internacional"],"inLanguage":"pt-BR"},{"@type":"WebPage","@id":"https:\/\/www.suno.com.br\/noticias\/omc-condenacao-brasil-incentivos-industria\/","url":"https:\/\/www.suno.com.br\/noticias\/omc-condenacao-brasil-incentivos-industria\/","name":"OMC mant\u00e9m parte da condena\u00e7\u00e3o ao Brasil por incentivos \u00e0 ind\u00fastria","isPartOf":{"@id":"https:\/\/www.suno.com.br\/noticias\/#website"},"primaryImageOfPage":{"@id":"https:\/\/www.suno.com.br\/noticias\/omc-condenacao-brasil-incentivos-industria\/#primaryimage"},"image":{"@id":"https:\/\/www.suno.com.br\/noticias\/omc-condenacao-brasil-incentivos-industria\/#primaryimage"},"thumbnailUrl":"https:\/\/files.sunoresearch.com.br\/n\/uploads\/2018\/12\/edd69c9d-produ\u00e7\u00e3o-industrial-jpeg.webp","datePublished":"2018-12-13T22:25:35+00:00","dateModified":"2018-12-13T22:46:08+00:00","description":"A Organiza\u00e7\u00e3o Mundial do Com\u00e9rcio manteve parte das condena\u00e7\u00f5es feitas contra o Brasil, ap\u00f3s queixas de pa\u00edses. Clique para saber mais.","breadcrumb":{"@id":"https:\/\/www.suno.com.br\/noticias\/omc-condenacao-brasil-incentivos-industria\/#breadcrumb"},"inLanguage":"pt-BR","potentialAction":[{"@type":"ReadAction","target":["https:\/\/www.suno.com.br\/noticias\/omc-condenacao-brasil-incentivos-industria\/"]}]},{"@type":"ImageObject","inLanguage":"pt-BR","@id":"https:\/\/www.suno.com.br\/noticias\/omc-condenacao-brasil-incentivos-industria\/#primaryimage","url":"https:\/\/files.sunoresearch.com.br\/n\/uploads\/2018\/12\/edd69c9d-produ\u00e7\u00e3o-industrial-jpeg.webp","contentUrl":"https:\/\/files.sunoresearch.com.br\/n\/uploads\/2018\/12\/edd69c9d-produ\u00e7\u00e3o-industrial-jpeg.webp","width":640,"height":426,"caption":"Produ\u00e7\u00e3o industrial aumenta ao redor do mundo, mas demanda continua fraca"},{"@type":"BreadcrumbList","@id":"https:\/\/www.suno.com.br\/noticias\/omc-condenacao-brasil-incentivos-industria\/#breadcrumb","itemListElement":[{"@type":"ListItem","position":1,"name":"Not\u00edcias","item":"https:\/\/www.suno.com.br\/noticias\/"},{"@type":"ListItem","position":2,"name":"Internacional","item":"https:\/\/www.suno.com.br\/noticias\/internacional\/"},{"@type":"ListItem","position":3,"name":"OMC mant\u00e9m parte da condena\u00e7\u00e3o ao Brasil por incentivos \u00e0 ind\u00fastria"}]},{"@type":"WebSite","@id":"https:\/\/www.suno.com.br\/noticias\/#website","url":"https:\/\/www.suno.com.br\/noticias\/","name":"Suno Not\u00edcias","description":"Seu portal de informa\u00e7\u00e3o sobre o mundo dos investimentos","publisher":{"@id":"https:\/\/www.suno.com.br\/noticias\/#organization"},"potentialAction":[{"@type":"SearchAction","target":{"@type":"EntryPoint","urlTemplate":"https:\/\/www.suno.com.br\/noticias\/?s={search_term_string}"},"query-input":{"@type":"PropertyValueSpecification","valueRequired":true,"valueName":"search_term_string"}}],"inLanguage":"pt-BR"},{"@type":"Organization","@id":"https:\/\/www.suno.com.br\/noticias\/#organization","name":"Suno Not\u00edcias","url":"https:\/\/www.suno.com.br\/noticias\/","logo":{"@type":"ImageObject","inLanguage":"pt-BR","@id":"https:\/\/www.suno.com.br\/noticias\/#\/schema\/logo\/image\/","url":"https:\/\/files.sunoresearch.com.br\/n\/uploads\/2021\/09\/suno-logo.png","contentUrl":"https:\/\/files.sunoresearch.com.br\/n\/uploads\/2021\/09\/suno-logo.png","width":180,"height":180,"caption":"Suno Not\u00edcias"},"image":{"@id":"https:\/\/www.suno.com.br\/noticias\/#\/schema\/logo\/image\/"},"sameAs":["https:\/\/facebook.com\/sunoresearch","https:\/\/x.com\/sunoresearch","https:\/\/www.instagram.com\/suno","https:\/\/www.linkedin.com\/company\/suno-research\/","https:\/\/www.youtube.com\/c\/sunoresearch"]},{"@type":"Person","@id":"https:\/\/www.suno.com.br\/noticias\/#\/schema\/person\/0d0c9687cd2f600c564f25980c140de9","name":"Guilherme Caetano","image":{"@type":"ImageObject","inLanguage":"pt-BR","@id":"https:\/\/www.suno.com.br\/noticias\/#\/schema\/person\/image\/","url":"https:\/\/secure.gravatar.com\/avatar\/e48357351a01702a0d19307070e081bf?s=96&r=g","contentUrl":"https:\/\/secure.gravatar.com\/avatar\/e48357351a01702a0d19307070e081bf?s=96&r=g","caption":"Guilherme Caetano"},"description":"Formado em jornalismo pela Escola de Comunica\u00e7\u00f5es e Artes da USP, Guilherme Caetano escreve para o portal de not\u00edcias da Suno Research. Passou pelas reda\u00e7\u00f5es da Folha de S.Paulo e da revista \u00c9poca.","url":"https:\/\/www.suno.com.br\/noticias\/author\/guilherme-caetano\/"}]}},"default_loop_html":"<div class=\"cardsPage__listCard__boxs\"><div class=\"cardsPage__listCard__boxs__img\"><a href=\"https:\/\/www.suno.com.br\/noticias\/omc-condenacao-brasil-incentivos-industria\/\"><img class=\"mask\" src=\"https:\/\/www.suno.com.br\/noticias\/wp-content\/themes\/suno\/resources\/images\/spotlight\/spotlight1img\/bg-mask.png\" alt=\"Image Mask\"\/><img src=\"https:\/\/files.sunoresearch.com.br\/n\/uploads\/2018\/12\/edd69c9d-produ\u00e7\u00e3o-industrial-400x200.webp\" alt=\"OMC mant\u00e9m parte da condena\u00e7\u00e3o ao Brasil por incentivos \u00e0 ind\u00fastria\"\/><\/a><span class=\"spotlightCategory\"><a href=\"https:\/\/www.suno.com.br\/noticias\/internacional\/\">Internacional<\/a><\/span><\/div><div class=\"cardsPage__listCard__boxs__content\"><a href=\"https:\/\/www.suno.com.br\/noticias\/omc-condenacao-brasil-incentivos-industria\/\"><h2 class=\"content__title\">OMC mant\u00e9m parte da condena\u00e7\u00e3o ao Brasil por incentivos \u00e0 ind\u00fastria<\/h2><\/a><div class=\"newsContent__article__meta\"><div class=\"newsContent__article__meta__authorBox\"><a href=\"https:\/\/www.suno.com.br\/noticias\/author\/guilherme-caetano\/\" class=\"authorBox__avatar noMobi\"><img src=\"https:\/\/secure.gravatar.com\/avatar\/e48357351a01702a0d19307070e081bf?s=96&#038;r=g\" alt=\"Guilherme Caetano\"><\/a><div class=\"authorBox__name\"><span>por\n\t\t\t<a href=\"https:\/\/www.suno.com.br\/noticias\/author\/guilherme-caetano\/\"><span itemprop=\"author\">Guilherme Caetano<\/span><\/a><\/span><time datetime=\"2018-12-13T20:25:35-02:00\" itemprop=\"datePublished\">13\/12\/2018 20:25<\/time><\/div><\/div><\/div><\/div><\/div>","single_layout":"posts","amp_enabled":true,"_links":{"self":[{"href":"https:\/\/www.suno.com.br\/noticias\/wp-json\/wp\/v2\/posts\/8813"}],"collection":[{"href":"https:\/\/www.suno.com.br\/noticias\/wp-json\/wp\/v2\/posts"}],"about":[{"href":"https:\/\/www.suno.com.br\/noticias\/wp-json\/wp\/v2\/types\/post"}],"author":[{"embeddable":true,"href":"https:\/\/www.suno.com.br\/noticias\/wp-json\/wp\/v2\/users\/13"}],"replies":[{"embeddable":true,"href":"https:\/\/www.suno.com.br\/noticias\/wp-json\/wp\/v2\/comments?post=8813"}],"version-history":[{"count":0,"href":"https:\/\/www.suno.com.br\/noticias\/wp-json\/wp\/v2\/posts\/8813\/revisions"}],"wp:featuredmedia":[{"embeddable":true,"href":"https:\/\/www.suno.com.br\/noticias\/wp-json\/wp\/v2\/media\/7812"}],"wp:attachment":[{"href":"https:\/\/www.suno.com.br\/noticias\/wp-json\/wp\/v2\/media?parent=8813"}],"wp:term":[{"taxonomy":"category","embeddable":true,"href":"https:\/\/www.suno.com.br\/noticias\/wp-json\/wp\/v2\/categories?post=8813"},{"taxonomy":"post_tag","embeddable":true,"href":"https:\/\/www.suno.com.br\/noticias\/wp-json\/wp\/v2\/tags?post=8813"},{"taxonomy":"suno_strategy","embeddable":true,"href":"https:\/\/www.suno.com.br\/noticias\/wp-json\/wp\/v2\/suno_strategy?post=8813"}],"curies":[{"name":"wp","href":"https:\/\/api.w.org\/{rel}","templated":true}]}}