{"id":87978,"date":"2020-09-28T17:41:16","date_gmt":"2020-09-28T20:41:16","guid":{"rendered":"https:\/\/www.suno.com.br\/noticias\/?p=87978"},"modified":"2020-09-28T17:41:16","modified_gmt":"2020-09-28T20:41:16","slug":"precatorios-renda-cidada","status":"publish","type":"post","link":"https:\/\/www.suno.com.br\/noticias\/precatorios-renda-cidada\/","title":{"rendered":"Precat\u00f3rios: o que s\u00e3o e por que podem ser utilizados para pagar a Renda Cidad\u00e3"},"content":{"rendered":"<p>O an\u00fancio de que o novo programa social, o <a href=\"https:\/\/www.suno.com.br\/noticias\/renda-cidada-substituira-bolsa-familia\/\"><strong>Renda Cidad\u00e3<\/strong><\/a>, dever\u00e1 retirar parte do or\u00e7amento destinado ao pagamento de <a href=\"https:\/\/www.suno.com.br\/artigos\/precatorios\/\"><strong>precat\u00f3rios<\/strong> ,<\/a> feito nesta segunda-feira (28), levantou realizado d\u00favidas sobre como o governo ir\u00e1 honrar essas d\u00edvidas. De acordo com estimativas do F\u00f3rum Nacional de Precat\u00f3rios (Fonaprec), os precat\u00f3rios a serem pagos por estados e munic\u00edpios somam, atualmente, R$ 141 bilh\u00f5es.<\/p>\t<div class=\"wrapper-featured-image\">\n\t\t<figure class=\"spotlightImg\">\n\n\t\t\t<picture>\n\t\t\t\t<source media=\"(max-width: 768px)\" srcset=\"https:\/\/files.sunoresearch.com.br\/n\/uploads\/2020\/09\/e0625333-congresso_nacional_0-400x200.webp\">\n\t\t\t\t<img loading=\"lazy\" decoding=\"async\" class=\"newsContent__article__imgCapa lazyloadDisabled \" src=\"https:\/\/files.sunoresearch.com.br\/n\/uploads\/2020\/09\/e0625333-congresso_nacional_0-800x450.webp\" width=\"800\" height=\"450\" alt=\"Precat\u00f3rios: o que s\u00e3o e por que podem ser utilizados para pagar a Renda Cidad\u00e3\" fetchpriority=high \/>\n\t\t\t<\/picture>\n\n\t\t\t<figcaption class=\"wp-caption-text wp-caption-text--show\">Governo estuda ampliar aux\u00edlio emergencial caso PEC dos precat\u00f3rios n\u00e3o seja aprovada<\/figcaption>\n\t\t<\/figure>\n\t<\/div>\n\n\n<div class=\"hubspot-form-wrapper\">\n\t<div id=\"single-form-target\"><\/div>\n<\/div>\n\n<p>Os precat\u00f3rios s\u00e3o d\u00edvidas que surgem ap\u00f3s o Estado ser condenado a pagar em processo judicial, sendo aplic\u00e1vel para valores acima de 60 sal\u00e1rios m\u00ednimos por benefici\u00e1rio.<\/p>\n<p>Com a emiss\u00e3o de um precat\u00f3rio, o governo fica obrigado a incluir o valor devido no seu or\u00e7amento, para efetuar o pagamento assim que poss\u00edvel. Logo, quem moveu a a\u00e7\u00e3o passa a ter um precat\u00f3rio a receber com o valor decidido pelo juiz.<\/p>\n<p><a href=\"https:\/\/lp.suno.com.br\/suno-one\/\">No Suno One voc\u00ea aprende a fazer seu dinheiro trabalhar para voc\u00ea. Cadastre-se gratuitamente agora!<\/a><\/p>\n<p>Mesmo tendo direito a receber uma quantia do governo, um precat\u00f3rio quase nunca \u00e9 quitado imediatamente. Ou seja, na maioria das vezes, o pagamento pode atrasar e at\u00e9 mesmo demorar um longo per\u00edodo para ser realizar. Por isso, existem precat\u00f3rios que levam at\u00e9 d\u00e9cadas para serem pagos.<\/p>\n<p>H\u00e1 dois tipos de precat\u00f3rios: aliment\u00edcios e n\u00e3o-aliment\u00edcios. Os primeiros s\u00e3o referentes a sal\u00e1rios, proventos, benef\u00edcios previdenci\u00e1rios, pens\u00f5es, indeniza\u00e7\u00f5es por morte ou invalidez e todo tipo de direito relacionado a subsist\u00eancia pessoal.<\/p>\n<p>J\u00e1 os n\u00e3o-aliment\u00edcios s\u00e3o cr\u00e9ditos e direitos sem rela\u00e7\u00e3o com o sustento pessoal. Tamb\u00e9m conhecidos como precat\u00f3rios comuns, s\u00e3o as indeniza\u00e7\u00f5es referentes a desapropria\u00e7\u00f5es, atrasos, cobran\u00e7as indevidas de impostos, descumprimento de obriga\u00e7\u00f5es contratuais por parte do governo, d\u00edvidas n\u00e3o-pagas, entre outros.<\/p>\n<p>De acordo com senador M\u00e1rcio Bittar (MDB-AC) <a href=\"https:\/\/www.suno.com.br\/noticias\/renda-cidada-precatorios-fundeb\/\">a proposta para bancar o Renda Cidad\u00e3<\/a> usa parte dos recursos dos precat\u00f3rios para financiar o Renda Cidad\u00e3. A proposta fixa 2% da receita corrente l\u00edquida para pagar os precat\u00f3rios e o montante que sobrar nessa conta, limitado a R$ 55 bilh\u00f5es, ser\u00e1 destinado ao programa social, segundo informa\u00e7\u00f5es do &#8220;O Estado de S. Paulo&#8221;.<\/p>\n<p>A proposta, no entanto, \u00e9 pol\u00eamica. Ao &#8220;G1&#8221;,\u00a0um l\u00edder do Congresso afirmou que financiar o Renda Cidad\u00e3 com recursos que seriam destinados aos precat\u00f3rios seria considerado &#8220;calote&#8221;.<\/p>\n<p>&#8220;Financiar o Renda Cidad\u00e3 com recursos destinados ao pagamento de precat\u00f3rios n\u00e3o \u00e9 admiss\u00edvel. O nome disso \u00e9 calote&#8221;, disse o pol\u00edtico, sem ser identificado.<\/p>\n<p>Al\u00e9m disso, segundo a publica\u00e7\u00e3o, o mesmo l\u00edder destacou que a proposta de usar recursos da Uni\u00e3o do Fundeb seria uma forma de furar o teto dos gastos p\u00fablicos. &#8220;Ou seja, eles est\u00e3o prometendo respeitar o teto, mas buscam uma forma de financiar o programa social fora do teto&#8221;, afirmou o l\u00edder.<\/p>\n<h2>Precat\u00f3rios devem bancar o novo Renda Cidad\u00e3<\/h2>\n<p>O governo Bolsonaro busca formas de conseguir financiar o Renda Cidad\u00e3, que dever\u00e1 substituir o Bolsa Fam\u00edlia, sem mexer no teto de gastos.<\/p>\n<p>Assim, o novo programa dever\u00e1 ser bancado por recursos que deveriam ser destinados a pagamentos de <strong>precat\u00f3rios<\/strong> e ao Fundo de Manuten\u00e7\u00e3o e Desenvolvimento da Educa\u00e7\u00e3o B\u00e1sica (Fundeb), de acordo o an\u00fancio feito por integrantes do governo e do Congresso nesta segunda-feira (28).<\/p>\n<p>O Fundeb \u00e9 o principal mecanismo de financiamento da educa\u00e7\u00e3o no Brasil. De acordo com o senador M\u00e1rcio Bittar (MDB-AC), at\u00e9 5% do novo recurso para o <strong><a href=\"https:\/\/www.suno.com.br\/noticias\/tags\/fundeb\/\">Fundeb<\/a> <\/strong>ser\u00e1 deslocada para que benefici\u00e1rios do Renda Cidad\u00e3 mantenham seus filhos na escola. Ele, por\u00e9m, n\u00e3o deu mais detalhes sobre o plano.<\/p>\n\t<div data-element=\"shortcode-read-more\" class=\"knowMore\">\n\t\t\t\t<span class=\"knowMore__title\">Confira<\/span>\n\t\t\t\t<a class=\"knowMore__link\" href=\"https:\/\/www.suno.com.br\/noticias\/renda-cidada-precatorios-fundeb\/\">\n\t\t\tRenda Cidad\u00e3 dever\u00e1 ter recursos de precat\u00f3rios e do Fundeb\t\t<\/a>\n\t<\/div>\n\n\n<p>A ideia de destinar recursos do Fundeb para o novo programa social j\u00e1 tinha sido proposta pela equipe de Paulo Guedes, mas havia sido rejeitada pelo Congresso. O objetivo do governo \u00e9 n\u00e3o estourar o<strong><a href=\"https:\/\/www.suno.com.br\/noticias\/tags\/teto-de-gastos\/\"> teto de gastos<\/a> <\/strong>para financiar o Renda Cidad\u00e3.<\/p>\n<p>O Renda Cidad\u00e3 deve expandir o <strong>Bolsa Fam\u00edlia<\/strong>, criado durante o governo petista e que alcan\u00e7a 14 milh\u00f5es de fam\u00edlias, gerando um custo de R$ 32 bilh\u00f5es anuais.<\/p>\n<p>No in\u00edcio, o programa se chamaria <strong>Renda Brasil<\/strong>. Bolsonaro planejava que o benef\u00edcio tivesse valor de R$ 300. Integrantes da equipe econ\u00f4mica disseram que, para chegar nessa cifra, deveriam ser feitos cortes em outros benef\u00edcios sociais, o que desagradou o presidente. Ele chegou a dizer que estava proibido de se falar de Renda Brasil no governo.<\/p>\n<p><strong>Bolsonaro<\/strong> gostaria de manter um valor pr\u00f3ximo dos R$ 300, atual quantia do <strong>aux\u00edlio emergencial<\/strong>, criado para o combate aos efeitos da pandemia do <a href=\"https:\/\/www.suno.com.br\/noticias\/?s=coronav%C3%ADrus\">novo coronav\u00edrus (Covid-19)<\/a>. Agora, o governo Bolsonaro busca apoio no Congresso para destinar as verbas da educa\u00e7\u00e3o e dos <strong>precat\u00f3rios<\/strong> para o novo programa social.<\/p>\n\t<p>\n\t\t<a href=\"https:\/\/lp.suno.com.br\/planilha-de-controle-de-investimentos\/\" target=\"_blank\" data-element=\"shortcode-suno-banner\" title=\"Banner SUNO, clique e saiba mais\">\n\t\t\t<picture>\n\t\t\t\t<source media=\"(max-width: 500px)\" srcset=\"https:\/\/files.sunoresearch.com.br\/n\/uploads\/2023\/03\/400x300-Controle-de-Investimentos.png\">\n\t\t\t\t<img class=\"newsContent__article__imgCapa newsContent__article__imgCapa--banner\"\n\t\t\t\t\tsrc=\"https:\/\/files.sunoresearch.com.br\/n\/uploads\/2023\/03\/1420x240-Controle-de-Investimentos.png\"\n\t\t\t\t\tdata-promo-id=\"75934\"\t\t\t\t\t\t\t\t\t\twidth='1420' height='240'\t\t\t\t\talt=\"https:\/\/files.sunoresearch.com.br\/n\/uploads\/2023\/03\/1420x240-Controle-de-Investimentos.png\"\n\t\t\t\t>\n\t\t\t<\/picture>\n\t\t<\/a>\n\t<\/p>\n\n\n","protected":false},"excerpt":{"rendered":"<p>O an\u00fancio de que o novo programa social, o Renda Cidad\u00e3, dever\u00e1 retirar parte do or\u00e7amento destinado ao pagamento de precat\u00f3rios , feito nesta segunda-feira (28), levantou realizado d\u00favidas sobre como o governo ir\u00e1 honrar essas d\u00edvidas. De acordo com estimativas do F\u00f3rum Nacional de Precat\u00f3rios (Fonaprec), os precat\u00f3rios a serem pagos por estados e [&hellip;]<\/p>\n","protected":false},"author":27,"featured_media":84310,"comment_status":"closed","ping_status":"closed","sticky":false,"template":"","format":"standard","meta":[],"categories":[62],"tags":[104591,104572],"suno_strategy":[],"class_list":["post-87978","post","type-post","status-publish","format-standard","has-post-thumbnail","hentry","category-economia","tag-precatorios","tag-renda-cidada"],"yoast_head":"<!-- This site is optimized with the Yoast SEO plugin v24.4 - https:\/\/yoast.com\/wordpress\/plugins\/seo\/ -->\n<title>Precat\u00f3rios: por que podem ser utilizados para pagar a Renda Cidad\u00e3<\/title>\n<meta name=\"description\" content=\"Governo Bolsonaro ir\u00e1 propor a destina\u00e7\u00e3o dos recursos que pagariam precat\u00f3rios para o Renda Cidad\u00e3. Clique aqui para ler mais sobre.\" \/>\n<meta name=\"robots\" content=\"index, follow, max-snippet:-1, max-image-preview:large, max-video-preview:-1\" \/>\n<link rel=\"canonical\" href=\"https:\/\/www.suno.com.br\/noticias\/precatorios-renda-cidada\/\" \/>\n<meta property=\"og:locale\" content=\"pt_BR\" \/>\n<meta property=\"og:type\" content=\"article\" \/>\n<meta property=\"og:title\" content=\"Precat\u00f3rios: por que podem ser utilizados para pagar a Renda Cidad\u00e3\" \/>\n<meta property=\"og:description\" content=\"Governo Bolsonaro ir\u00e1 propor a destina\u00e7\u00e3o dos recursos que pagariam precat\u00f3rios para o Renda Cidad\u00e3. Clique aqui para ler mais sobre.\" \/>\n<meta property=\"og:url\" content=\"https:\/\/www.suno.com.br\/noticias\/precatorios-renda-cidada\/\" \/>\n<meta property=\"og:site_name\" content=\"Suno Not\u00edcias\" \/>\n<meta property=\"article:publisher\" content=\"https:\/\/facebook.com\/sunoresearch\" \/>\n<meta property=\"og:image\" content=\"https:\/\/files.sunoresearch.com.br\/n\/uploads\/2020\/09\/e0625333-congresso_nacional_0.jpg\" \/>\n\t<meta property=\"og:image:width\" content=\"1170\" \/>\n\t<meta property=\"og:image:height\" content=\"700\" \/>\n\t<meta property=\"og:image:type\" content=\"image\/jpeg\" \/>\n<meta name=\"author\" content=\"Vinicius Pereira\" \/>\n<meta name=\"twitter:card\" content=\"summary_large_image\" \/>\n<meta name=\"twitter:creator\" content=\"@https:\/\/twitter.com\/viniciuspjornal\" \/>\n<meta name=\"twitter:site\" content=\"@sunoresearch\" \/>\n<meta name=\"twitter:label1\" content=\"Escrito por\" \/>\n\t<meta name=\"twitter:data1\" content=\"Vinicius Pereira\" \/>\n\t<meta name=\"twitter:label2\" content=\"Est. tempo de leitura\" \/>\n\t<meta name=\"twitter:data2\" content=\"4 minutos\" \/>\n<script type=\"application\/ld+json\" class=\"yoast-schema-graph\">{\"@context\":\"https:\/\/schema.org\",\"@graph\":[{\"@type\":\"NewsArticle\",\"@id\":\"https:\/\/www.suno.com.br\/noticias\/precatorios-renda-cidada\/#article\",\"isPartOf\":{\"@id\":\"https:\/\/www.suno.com.br\/noticias\/precatorios-renda-cidada\/\"},\"author\":{\"name\":\"Vinicius Pereira\",\"@id\":\"https:\/\/www.suno.com.br\/noticias\/#\/schema\/person\/a20761b96e4df7eb57f1f9e41be1dbf3\"},\"headline\":\"Precat\u00f3rios: o que s\u00e3o e por que podem ser utilizados para pagar a Renda Cidad\u00e3\",\"datePublished\":\"2020-09-28T20:41:16+00:00\",\"mainEntityOfPage\":{\"@id\":\"https:\/\/www.suno.com.br\/noticias\/precatorios-renda-cidada\/\"},\"wordCount\":853,\"publisher\":{\"@id\":\"https:\/\/www.suno.com.br\/noticias\/#organization\"},\"image\":{\"@id\":\"https:\/\/www.suno.com.br\/noticias\/precatorios-renda-cidada\/#primaryimage\"},\"thumbnailUrl\":\"https:\/\/files.sunoresearch.com.br\/n\/uploads\/2020\/09\/e0625333-congresso_nacional_0-jpg.webp\",\"keywords\":[\"precat\u00f3rios\",\"Renda Cidad\u00e3\"],\"articleSection\":[\"Economia\"],\"inLanguage\":\"pt-BR\"},{\"@type\":\"WebPage\",\"@id\":\"https:\/\/www.suno.com.br\/noticias\/precatorios-renda-cidada\/\",\"url\":\"https:\/\/www.suno.com.br\/noticias\/precatorios-renda-cidada\/\",\"name\":\"Precat\u00f3rios: por que podem ser utilizados para pagar a Renda Cidad\u00e3\",\"isPartOf\":{\"@id\":\"https:\/\/www.suno.com.br\/noticias\/#website\"},\"primaryImageOfPage\":{\"@id\":\"https:\/\/www.suno.com.br\/noticias\/precatorios-renda-cidada\/#primaryimage\"},\"image\":{\"@id\":\"https:\/\/www.suno.com.br\/noticias\/precatorios-renda-cidada\/#primaryimage\"},\"thumbnailUrl\":\"https:\/\/files.sunoresearch.com.br\/n\/uploads\/2020\/09\/e0625333-congresso_nacional_0-jpg.webp\",\"datePublished\":\"2020-09-28T20:41:16+00:00\",\"description\":\"Governo Bolsonaro ir\u00e1 propor a destina\u00e7\u00e3o dos recursos que pagariam precat\u00f3rios para o Renda Cidad\u00e3. Clique aqui para ler mais sobre.\",\"breadcrumb\":{\"@id\":\"https:\/\/www.suno.com.br\/noticias\/precatorios-renda-cidada\/#breadcrumb\"},\"inLanguage\":\"pt-BR\",\"potentialAction\":[{\"@type\":\"ReadAction\",\"target\":[\"https:\/\/www.suno.com.br\/noticias\/precatorios-renda-cidada\/\"]}]},{\"@type\":\"ImageObject\",\"inLanguage\":\"pt-BR\",\"@id\":\"https:\/\/www.suno.com.br\/noticias\/precatorios-renda-cidada\/#primaryimage\",\"url\":\"https:\/\/files.sunoresearch.com.br\/n\/uploads\/2020\/09\/e0625333-congresso_nacional_0-jpg.webp\",\"contentUrl\":\"https:\/\/files.sunoresearch.com.br\/n\/uploads\/2020\/09\/e0625333-congresso_nacional_0-jpg.webp\",\"width\":1170,\"height\":700,\"caption\":\"Governo estuda ampliar aux\u00edlio emergencial caso PEC dos precat\u00f3rios n\u00e3o seja aprovada\"},{\"@type\":\"BreadcrumbList\",\"@id\":\"https:\/\/www.suno.com.br\/noticias\/precatorios-renda-cidada\/#breadcrumb\",\"itemListElement\":[{\"@type\":\"ListItem\",\"position\":1,\"name\":\"Not\u00edcias\",\"item\":\"https:\/\/www.suno.com.br\/noticias\/\"},{\"@type\":\"ListItem\",\"position\":2,\"name\":\"Economia\",\"item\":\"https:\/\/www.suno.com.br\/noticias\/economia\/\"},{\"@type\":\"ListItem\",\"position\":3,\"name\":\"Precat\u00f3rios: o que s\u00e3o e por que podem ser utilizados para pagar a Renda Cidad\u00e3\"}]},{\"@type\":\"WebSite\",\"@id\":\"https:\/\/www.suno.com.br\/noticias\/#website\",\"url\":\"https:\/\/www.suno.com.br\/noticias\/\",\"name\":\"Suno Not\u00edcias\",\"description\":\"Seu portal de informa\u00e7\u00e3o sobre o mundo dos investimentos\",\"publisher\":{\"@id\":\"https:\/\/www.suno.com.br\/noticias\/#organization\"},\"potentialAction\":[{\"@type\":\"SearchAction\",\"target\":{\"@type\":\"EntryPoint\",\"urlTemplate\":\"https:\/\/www.suno.com.br\/noticias\/?s={search_term_string}\"},\"query-input\":{\"@type\":\"PropertyValueSpecification\",\"valueRequired\":true,\"valueName\":\"search_term_string\"}}],\"inLanguage\":\"pt-BR\"},{\"@type\":\"Organization\",\"@id\":\"https:\/\/www.suno.com.br\/noticias\/#organization\",\"name\":\"Suno Not\u00edcias\",\"url\":\"https:\/\/www.suno.com.br\/noticias\/\",\"logo\":{\"@type\":\"ImageObject\",\"inLanguage\":\"pt-BR\",\"@id\":\"https:\/\/www.suno.com.br\/noticias\/#\/schema\/logo\/image\/\",\"url\":\"https:\/\/files.sunoresearch.com.br\/n\/uploads\/2021\/09\/suno-logo.png\",\"contentUrl\":\"https:\/\/files.sunoresearch.com.br\/n\/uploads\/2021\/09\/suno-logo.png\",\"width\":180,\"height\":180,\"caption\":\"Suno Not\u00edcias\"},\"image\":{\"@id\":\"https:\/\/www.suno.com.br\/noticias\/#\/schema\/logo\/image\/\"},\"sameAs\":[\"https:\/\/facebook.com\/sunoresearch\",\"https:\/\/x.com\/sunoresearch\",\"https:\/\/www.instagram.com\/suno\",\"https:\/\/www.linkedin.com\/company\/suno-research\/\",\"https:\/\/www.youtube.com\/c\/sunoresearch\"]},{\"@type\":\"Person\",\"@id\":\"https:\/\/www.suno.com.br\/noticias\/#\/schema\/person\/a20761b96e4df7eb57f1f9e41be1dbf3\",\"name\":\"Vinicius Pereira\",\"image\":{\"@type\":\"ImageObject\",\"inLanguage\":\"pt-BR\",\"@id\":\"https:\/\/www.suno.com.br\/noticias\/#\/schema\/person\/image\/\",\"url\":\"https:\/\/secure.gravatar.com\/avatar\/783866b933198f5cc4c5d03fcc8b1301?s=96&r=g\",\"contentUrl\":\"https:\/\/secure.gravatar.com\/avatar\/783866b933198f5cc4c5d03fcc8b1301?s=96&r=g\",\"caption\":\"Vinicius Pereira\"},\"description\":\"Vinicius Pereira foi rep\u00f3rter de economia da Folha de S.Paulo, stringer do jornal no Canad\u00e1 e colaborador de VEJA. J\u00e1 escreveu tamb\u00e9m para BBC Brasil, The Intercept Brasil e UOL. Tem MBA em Informa\u00e7\u00f5es Econ\u00f4mico-Financeiras e Mercado de Capitais pela FIA\/B3.\",\"sameAs\":[\"https:\/\/x.com\/https:\/\/twitter.com\/viniciuspjornal\"],\"url\":\"https:\/\/www.suno.com.br\/noticias\/author\/vinicius-pereira\/\"}]}<\/script>\n<!-- \/ Yoast SEO plugin. -->","yoast_head_json":{"title":"Precat\u00f3rios: por que podem ser utilizados para pagar a Renda Cidad\u00e3","description":"Governo Bolsonaro ir\u00e1 propor a destina\u00e7\u00e3o dos recursos que pagariam precat\u00f3rios para o Renda Cidad\u00e3. Clique aqui para ler mais sobre.","robots":{"index":"index","follow":"follow","max-snippet":"max-snippet:-1","max-image-preview":"max-image-preview:large","max-video-preview":"max-video-preview:-1"},"canonical":"https:\/\/www.suno.com.br\/noticias\/precatorios-renda-cidada\/","og_locale":"pt_BR","og_type":"article","og_title":"Precat\u00f3rios: por que podem ser utilizados para pagar a Renda Cidad\u00e3","og_description":"Governo Bolsonaro ir\u00e1 propor a destina\u00e7\u00e3o dos recursos que pagariam precat\u00f3rios para o Renda Cidad\u00e3. Clique aqui para ler mais sobre.","og_url":"https:\/\/www.suno.com.br\/noticias\/precatorios-renda-cidada\/","og_site_name":"Suno Not\u00edcias","article_publisher":"https:\/\/facebook.com\/sunoresearch","og_image":[{"width":1170,"height":700,"url":"https:\/\/files.sunoresearch.com.br\/n\/uploads\/2020\/09\/e0625333-congresso_nacional_0.jpg","type":"image\/jpeg"}],"author":"Vinicius Pereira","twitter_card":"summary_large_image","twitter_creator":"@https:\/\/twitter.com\/viniciuspjornal","twitter_site":"@sunoresearch","twitter_misc":{"Escrito por":"Vinicius Pereira","Est. tempo de leitura":"4 minutos"},"schema":{"@context":"https:\/\/schema.org","@graph":[{"@type":"NewsArticle","@id":"https:\/\/www.suno.com.br\/noticias\/precatorios-renda-cidada\/#article","isPartOf":{"@id":"https:\/\/www.suno.com.br\/noticias\/precatorios-renda-cidada\/"},"author":{"name":"Vinicius Pereira","@id":"https:\/\/www.suno.com.br\/noticias\/#\/schema\/person\/a20761b96e4df7eb57f1f9e41be1dbf3"},"headline":"Precat\u00f3rios: o que s\u00e3o e por que podem ser utilizados para pagar a Renda Cidad\u00e3","datePublished":"2020-09-28T20:41:16+00:00","mainEntityOfPage":{"@id":"https:\/\/www.suno.com.br\/noticias\/precatorios-renda-cidada\/"},"wordCount":853,"publisher":{"@id":"https:\/\/www.suno.com.br\/noticias\/#organization"},"image":{"@id":"https:\/\/www.suno.com.br\/noticias\/precatorios-renda-cidada\/#primaryimage"},"thumbnailUrl":"https:\/\/files.sunoresearch.com.br\/n\/uploads\/2020\/09\/e0625333-congresso_nacional_0-jpg.webp","keywords":["precat\u00f3rios","Renda Cidad\u00e3"],"articleSection":["Economia"],"inLanguage":"pt-BR"},{"@type":"WebPage","@id":"https:\/\/www.suno.com.br\/noticias\/precatorios-renda-cidada\/","url":"https:\/\/www.suno.com.br\/noticias\/precatorios-renda-cidada\/","name":"Precat\u00f3rios: por que podem ser utilizados para pagar a Renda Cidad\u00e3","isPartOf":{"@id":"https:\/\/www.suno.com.br\/noticias\/#website"},"primaryImageOfPage":{"@id":"https:\/\/www.suno.com.br\/noticias\/precatorios-renda-cidada\/#primaryimage"},"image":{"@id":"https:\/\/www.suno.com.br\/noticias\/precatorios-renda-cidada\/#primaryimage"},"thumbnailUrl":"https:\/\/files.sunoresearch.com.br\/n\/uploads\/2020\/09\/e0625333-congresso_nacional_0-jpg.webp","datePublished":"2020-09-28T20:41:16+00:00","description":"Governo Bolsonaro ir\u00e1 propor a destina\u00e7\u00e3o dos recursos que pagariam precat\u00f3rios para o Renda Cidad\u00e3. Clique aqui para ler mais sobre.","breadcrumb":{"@id":"https:\/\/www.suno.com.br\/noticias\/precatorios-renda-cidada\/#breadcrumb"},"inLanguage":"pt-BR","potentialAction":[{"@type":"ReadAction","target":["https:\/\/www.suno.com.br\/noticias\/precatorios-renda-cidada\/"]}]},{"@type":"ImageObject","inLanguage":"pt-BR","@id":"https:\/\/www.suno.com.br\/noticias\/precatorios-renda-cidada\/#primaryimage","url":"https:\/\/files.sunoresearch.com.br\/n\/uploads\/2020\/09\/e0625333-congresso_nacional_0-jpg.webp","contentUrl":"https:\/\/files.sunoresearch.com.br\/n\/uploads\/2020\/09\/e0625333-congresso_nacional_0-jpg.webp","width":1170,"height":700,"caption":"Governo estuda ampliar aux\u00edlio emergencial caso PEC dos precat\u00f3rios n\u00e3o seja aprovada"},{"@type":"BreadcrumbList","@id":"https:\/\/www.suno.com.br\/noticias\/precatorios-renda-cidada\/#breadcrumb","itemListElement":[{"@type":"ListItem","position":1,"name":"Not\u00edcias","item":"https:\/\/www.suno.com.br\/noticias\/"},{"@type":"ListItem","position":2,"name":"Economia","item":"https:\/\/www.suno.com.br\/noticias\/economia\/"},{"@type":"ListItem","position":3,"name":"Precat\u00f3rios: o que s\u00e3o e por que podem ser utilizados para pagar a Renda Cidad\u00e3"}]},{"@type":"WebSite","@id":"https:\/\/www.suno.com.br\/noticias\/#website","url":"https:\/\/www.suno.com.br\/noticias\/","name":"Suno Not\u00edcias","description":"Seu portal de informa\u00e7\u00e3o sobre o mundo dos investimentos","publisher":{"@id":"https:\/\/www.suno.com.br\/noticias\/#organization"},"potentialAction":[{"@type":"SearchAction","target":{"@type":"EntryPoint","urlTemplate":"https:\/\/www.suno.com.br\/noticias\/?s={search_term_string}"},"query-input":{"@type":"PropertyValueSpecification","valueRequired":true,"valueName":"search_term_string"}}],"inLanguage":"pt-BR"},{"@type":"Organization","@id":"https:\/\/www.suno.com.br\/noticias\/#organization","name":"Suno Not\u00edcias","url":"https:\/\/www.suno.com.br\/noticias\/","logo":{"@type":"ImageObject","inLanguage":"pt-BR","@id":"https:\/\/www.suno.com.br\/noticias\/#\/schema\/logo\/image\/","url":"https:\/\/files.sunoresearch.com.br\/n\/uploads\/2021\/09\/suno-logo.png","contentUrl":"https:\/\/files.sunoresearch.com.br\/n\/uploads\/2021\/09\/suno-logo.png","width":180,"height":180,"caption":"Suno Not\u00edcias"},"image":{"@id":"https:\/\/www.suno.com.br\/noticias\/#\/schema\/logo\/image\/"},"sameAs":["https:\/\/facebook.com\/sunoresearch","https:\/\/x.com\/sunoresearch","https:\/\/www.instagram.com\/suno","https:\/\/www.linkedin.com\/company\/suno-research\/","https:\/\/www.youtube.com\/c\/sunoresearch"]},{"@type":"Person","@id":"https:\/\/www.suno.com.br\/noticias\/#\/schema\/person\/a20761b96e4df7eb57f1f9e41be1dbf3","name":"Vinicius Pereira","image":{"@type":"ImageObject","inLanguage":"pt-BR","@id":"https:\/\/www.suno.com.br\/noticias\/#\/schema\/person\/image\/","url":"https:\/\/secure.gravatar.com\/avatar\/783866b933198f5cc4c5d03fcc8b1301?s=96&r=g","contentUrl":"https:\/\/secure.gravatar.com\/avatar\/783866b933198f5cc4c5d03fcc8b1301?s=96&r=g","caption":"Vinicius Pereira"},"description":"Vinicius Pereira foi rep\u00f3rter de economia da Folha de S.Paulo, stringer do jornal no Canad\u00e1 e colaborador de VEJA. J\u00e1 escreveu tamb\u00e9m para BBC Brasil, The Intercept Brasil e UOL. Tem MBA em Informa\u00e7\u00f5es Econ\u00f4mico-Financeiras e Mercado de Capitais pela FIA\/B3.","sameAs":["https:\/\/x.com\/https:\/\/twitter.com\/viniciuspjornal"],"url":"https:\/\/www.suno.com.br\/noticias\/author\/vinicius-pereira\/"}]}},"default_loop_html":"<div class=\"cardsPage__listCard__boxs\"><div class=\"cardsPage__listCard__boxs__img\"><a href=\"https:\/\/www.suno.com.br\/noticias\/precatorios-renda-cidada\/\"><img class=\"mask\" src=\"https:\/\/www.suno.com.br\/noticias\/wp-content\/themes\/suno\/resources\/images\/spotlight\/spotlight1img\/bg-mask.png\" alt=\"Image Mask\"\/><img src=\"https:\/\/files.sunoresearch.com.br\/n\/uploads\/2020\/09\/e0625333-congresso_nacional_0-400x200.webp\" alt=\"Precat\u00f3rios: o que s\u00e3o e por que podem ser utilizados para pagar a Renda Cidad\u00e3\"\/><\/a><span class=\"spotlightCategory\"><a href=\"https:\/\/www.suno.com.br\/noticias\/economia\/\">Economia<\/a><\/span><\/div><div class=\"cardsPage__listCard__boxs__content\"><a href=\"https:\/\/www.suno.com.br\/noticias\/precatorios-renda-cidada\/\"><h2 class=\"content__title\">Precat\u00f3rios: o que s\u00e3o e por que podem ser utilizados para pagar a Renda Cidad\u00e3<\/h2><\/a><div class=\"newsContent__article__meta\"><div class=\"newsContent__article__meta__authorBox\"><a href=\"https:\/\/www.suno.com.br\/noticias\/author\/vinicius-pereira\/\" class=\"authorBox__avatar noMobi\"><img src=\"https:\/\/files.sunoresearch.com.br\/n\/uploads\/2020\/08\/77510613-whatsapp-image-2020-08-03-at-13.40.40-150x150.webp\" alt=\"Vinicius Pereira\"><\/a><div class=\"authorBox__name\"><span>por\n\t\t\t<a href=\"https:\/\/www.suno.com.br\/noticias\/author\/vinicius-pereira\/\"><span itemprop=\"author\">Vinicius Pereira<\/span><\/a><\/span><time datetime=\"2020-09-28T17:41:16-03:00\" itemprop=\"datePublished\">28\/09\/2020 17:41<\/time><\/div><\/div><\/div><\/div><\/div>","single_layout":"posts","amp_enabled":true,"_links":{"self":[{"href":"https:\/\/www.suno.com.br\/noticias\/wp-json\/wp\/v2\/posts\/87978"}],"collection":[{"href":"https:\/\/www.suno.com.br\/noticias\/wp-json\/wp\/v2\/posts"}],"about":[{"href":"https:\/\/www.suno.com.br\/noticias\/wp-json\/wp\/v2\/types\/post"}],"author":[{"embeddable":true,"href":"https:\/\/www.suno.com.br\/noticias\/wp-json\/wp\/v2\/users\/27"}],"replies":[{"embeddable":true,"href":"https:\/\/www.suno.com.br\/noticias\/wp-json\/wp\/v2\/comments?post=87978"}],"version-history":[{"count":0,"href":"https:\/\/www.suno.com.br\/noticias\/wp-json\/wp\/v2\/posts\/87978\/revisions"}],"wp:featuredmedia":[{"embeddable":true,"href":"https:\/\/www.suno.com.br\/noticias\/wp-json\/wp\/v2\/media\/84310"}],"wp:attachment":[{"href":"https:\/\/www.suno.com.br\/noticias\/wp-json\/wp\/v2\/media?parent=87978"}],"wp:term":[{"taxonomy":"category","embeddable":true,"href":"https:\/\/www.suno.com.br\/noticias\/wp-json\/wp\/v2\/categories?post=87978"},{"taxonomy":"post_tag","embeddable":true,"href":"https:\/\/www.suno.com.br\/noticias\/wp-json\/wp\/v2\/tags?post=87978"},{"taxonomy":"suno_strategy","embeddable":true,"href":"https:\/\/www.suno.com.br\/noticias\/wp-json\/wp\/v2\/suno_strategy?post=87978"}],"curies":[{"name":"wp","href":"https:\/\/api.w.org\/{rel}","templated":true}]}}