{"id":87928,"date":"2020-09-28T15:54:40","date_gmt":"2020-09-28T18:54:40","guid":{"rendered":"https:\/\/www.suno.com.br\/noticias\/?p=87928"},"modified":"2020-09-28T15:54:40","modified_gmt":"2020-09-28T18:54:40","slug":"coronavac-resultado-testes-vacina-coronavirus-doria-coviid-19","status":"publish","type":"post","link":"https:\/\/www.suno.com.br\/noticias\/coronavac-resultado-testes-vacina-coronavirus-doria-coviid-19\/","title":{"rendered":"CoronaVac: resultado de testes da vacina sair\u00e1 em 30 dias, diz Doria"},"content":{"rendered":"<p>O atual governador de S\u00e3o Paulo, <a href=\"https:\/\/www.suno.com.br\/tudo-sobre\/joao-doria\/\">Jo\u00e3o Doria<\/a> (PDSB) voltou a afirmar que os primeiros resultados dos testes da <strong>vacina<\/strong> contra o <a href=\"https:\/\/www.suno.com.br\/noticias\/tags\/coronavirus\/\">novo coronav\u00edrus (Covid-19), <\/a>chamada de CoronaVac, ser\u00e3o anunciados &#8220;j\u00e1 nos pr\u00f3ximos trinta dias&#8221;. A afirma\u00e7\u00e3o aconteceu nessa segunda-feira (28) enquanto o pol\u00edtico participava de uma coletiva de imprensa no Pal\u00e1cio dos Bandeirantes.<\/p>\t<div class=\"wrapper-featured-image\">\n\t\t<figure class=\"spotlightImg\">\n\n\t\t\t<picture>\n\t\t\t\t<source media=\"(max-width: 768px)\" srcset=\"https:\/\/files.sunoresearch.com.br\/n\/uploads\/2020\/09\/3a55b628-doria-400x200.webp\">\n\t\t\t\t<img loading=\"lazy\" decoding=\"async\" class=\"newsContent__article__imgCapa lazyloadDisabled \" src=\"https:\/\/files.sunoresearch.com.br\/n\/uploads\/2020\/09\/3a55b628-doria-800x450.webp\" width=\"800\" height=\"450\" alt=\"CoronaVac: resultado de testes da vacina sair\u00e1 em 30 dias, diz Doria\" fetchpriority=high \/>\n\t\t\t<\/picture>\n\n\t\t\t<figcaption class=\"wp-caption-text wp-caption-text--show\">Jo\u00e3o Doria. Cr\u00e9ditos: Divulga\u00e7\u00e3o<\/figcaption>\n\t\t<\/figure>\n\t<\/div>\n\n\n<div class=\"hubspot-form-wrapper\">\n\t<div id=\"single-form-target\"><\/div>\n<\/div>\n\n<p>Nesse sentido, o governador projeta que os testes da terceira fase da\u00a0 vacina, que est\u00e1 sendo desenvolvida pelo laborat\u00f3rio chin\u00eas <strong>Sinovac\u00a0<\/strong> em parceria com o <strong>Instituto Butatan,<\/strong> cheguem ao fim at\u00e9 o dia 13 de outubro.<\/p>\n<p>Al\u00e9m disso, <strong>Doria<\/strong> prev\u00ea que cerca de 46 milh\u00f5es de doses do <strong>imunizante<\/strong> estejam dispon\u00edveis \u00e0 popula\u00e7\u00e3o paulista at\u00e9 dezembro desse ano, sendo que nesse cen\u00e1rio, com os o resultados dos testes publicados, o in\u00edcio do processo de <strong>vacina\u00e7\u00e3o<\/strong> contra o novo v\u00edrus dependeria da Ag\u00eancia Nacional de Vigil\u00e2ncia Sanit\u00e1ria <strong>(Anvisa).<\/strong><\/p>\n<p><a href=\"https:\/\/lp.suno.com.br\/suno-one\/\">Suno One: acesse gratuitamente eBooks, Minicursos, Artigos e Video Aulas sobre investimentos com um \u00fanico cadastro. Clique para saber mais!<\/a><\/p>\n<p>Frente a isso, <strong>Doria<\/strong> ressaltou que &#8220;confiamos na capacidade t\u00e9cnica e isenta da <strong>Anvisa,<\/strong> sem nenhum vi\u00e9s pol\u00edtico ou ideol\u00f3gico&#8221;.<\/p>\n<h2>S\u00e3o Paulo deve receber 5 milh\u00f5es de doses da vacina<\/h2>\n<p>Na \u00faltima semana, o pol\u00edtico havia comentado sobre a <strong>CoronaVac,<\/strong> e destacou atrav\u00e9s de suas redes sociais que o estado deve receber, no pr\u00f3ximo m\u00eas, cerca de 5 milh\u00f5es de doses do imunizante.<\/p>\n<p>Na ocasi\u00e3o, <strong>Doria<\/strong> sinalizou sua previs\u00e3o de 46 milh\u00f5es de doses da vacina at\u00e9 o fim do ano. Vale destacar que a <strong>CoronaVac<\/strong> j\u00e1 est\u00e1 na fase 3 de testes, ou seja, j\u00e1 est\u00e1 na \u00faltima fase necess\u00e1ria para ser aprovada. Al\u00e9m disso, essa etapa contou com 9 mil volunt\u00e1rios.<\/p>\n\t<div data-element=\"shortcode-read-more\" class=\"knowMore\">\n\t\t\t\t<span class=\"knowMore__title\">Saiba mais<\/span>\n\t\t\t\t<a class=\"knowMore__link\" href=\"https:\/\/www.suno.com.br\/noticias\/vacina-da-johnson-johnson-apresenta-anticorpos-em-98-dos-voluntarios\/\">\n\t\t\tVacina da Johnson &amp; Johnson apresenta anticorpos em 98% dos volunt\u00e1rios\t\t<\/a>\n\t<\/div>\n\n\n<p>Em sua publica\u00e7\u00e3o no <strong>Facebook<\/strong> (<a href=\"https:\/\/www.suno.com.br\/artigos\/nasdaq\/?utm_source=GoogleAds&amp;utm_medium=search&amp;utm_content=16.b.da.0.search.suno_rv&amp;utm_campaign=16.b.da.0.search&amp;gclid=EAIaIQobChMI7Ozpmojs6wIViYORCh22UwVAEAAYASAAEgIj1vD_BwE\">NASDAQ<\/a>: FB), Doria apontou que &#8220;importante ressaltar que o acordo com a <strong>Sinovac<\/strong> inclui a transfer\u00eancia de tecnologia para <strong>S\u00e3o Paulo,<\/strong> sendo assim, tamb\u00e9m produziremos a vacina no<strong> Instituto Butantan.<\/strong> Uma grande conquista para o Brasil. Os testes continuam com os m\u00e9dicos e enfermeiros volunt\u00e1rios em seis estados e, em breve, se tudo correr como planejado, poderemos imunizar milh\u00f5es de brasileiros. <strong>Vacina<\/strong> simboliza a esperan\u00e7a, a certeza de que tudo isso vai passar&#8221;.<\/p>\n\t<p>\n\t\t<a href=\"\" target=\"_blank\" data-element=\"shortcode-suno-banner\" title=\"Banner SUNO, clique e saiba mais\">\n\t\t\t<picture>\n\t\t\t\t<source media=\"(max-width: 500px)\" srcset=\"\">\n\t\t\t\t<img class=\"newsContent__article__imgCapa newsContent__article__imgCapa--banner\"\n\t\t\t\t\tsrc=\"\"\n\t\t\t\t\tdata-promo-id=\"85774\"\t\t\t\t\t\t\t\t\t\t\t\t\t\t\talt=\"\"\n\t\t\t\t>\n\t\t\t<\/picture>\n\t\t<\/a>\n\t<\/p>\n\n\n","protected":false},"excerpt":{"rendered":"<p>O atual governador de S\u00e3o Paulo, Jo\u00e3o Doria (PDSB) voltou a afirmar que os primeiros resultados dos testes da vacina contra o novo coronav\u00edrus (Covid-19), chamada de CoronaVac, ser\u00e3o anunciados &#8220;j\u00e1 nos pr\u00f3ximos trinta dias&#8221;. A afirma\u00e7\u00e3o aconteceu nessa segunda-feira (28) enquanto o pol\u00edtico participava de uma coletiva de imprensa no Pal\u00e1cio dos Bandeirantes. Jo\u00e3o [&hellip;]<\/p>\n","protected":false},"author":39,"featured_media":87941,"comment_status":"closed","ping_status":"closed","sticky":false,"template":"","format":"standard","meta":[],"categories":[63],"tags":[2487,5255,842,25002],"suno_strategy":[],"class_list":["post-87928","post","type-post","status-publish","format-standard","has-post-thumbnail","hentry","category-internacional","tag-coronavirus","tag-covid-19","tag-joao-doria","tag-vacina"],"yoast_head":"<!-- This site is optimized with the Yoast SEO plugin v24.4 - https:\/\/yoast.com\/wordpress\/plugins\/seo\/ -->\n<title>CoronaVac: resultado de testes da vacina sair\u00e1 em 30 dias, diz Doria<\/title>\n<meta name=\"description\" content=\"Segundo Doria, os primeiros resultados da efici\u00eancia da vacina Coronavac, ser\u00e3o anunciados &quot;nos pr\u00f3ximos 30 dias&quot;. Clique aqui e saiba mais.\" \/>\n<meta name=\"robots\" content=\"index, follow, max-snippet:-1, max-image-preview:large, max-video-preview:-1\" \/>\n<link rel=\"canonical\" href=\"https:\/\/www.suno.com.br\/noticias\/coronavac-resultado-testes-vacina-coronavirus-doria-coviid-19\/\" \/>\n<meta property=\"og:locale\" content=\"pt_BR\" \/>\n<meta property=\"og:type\" content=\"article\" \/>\n<meta property=\"og:title\" content=\"CoronaVac: resultado de testes da vacina sair\u00e1 em 30 dias, diz Doria\" \/>\n<meta property=\"og:description\" content=\"Segundo Doria, os primeiros resultados da efici\u00eancia da vacina Coronavac, ser\u00e3o anunciados &quot;nos pr\u00f3ximos 30 dias&quot;. Clique aqui e saiba mais.\" \/>\n<meta property=\"og:url\" content=\"https:\/\/www.suno.com.br\/noticias\/coronavac-resultado-testes-vacina-coronavirus-doria-coviid-19\/\" \/>\n<meta property=\"og:site_name\" content=\"Suno Not\u00edcias\" \/>\n<meta property=\"article:publisher\" content=\"https:\/\/facebook.com\/sunoresearch\" \/>\n<meta property=\"og:image\" content=\"https:\/\/files.sunoresearch.com.br\/n\/uploads\/2020\/09\/3a55b628-doria.jpg\" \/>\n\t<meta property=\"og:image:width\" content=\"1200\" \/>\n\t<meta property=\"og:image:height\" content=\"720\" \/>\n\t<meta property=\"og:image:type\" content=\"image\/jpeg\" \/>\n<meta name=\"author\" content=\"Laura Moutinho\" \/>\n<meta name=\"twitter:card\" content=\"summary_large_image\" \/>\n<meta name=\"twitter:creator\" content=\"@sunoresearch\" \/>\n<meta name=\"twitter:site\" content=\"@sunoresearch\" \/>\n<meta name=\"twitter:label1\" content=\"Escrito por\" \/>\n\t<meta name=\"twitter:data1\" content=\"Laura Moutinho\" \/>\n\t<meta name=\"twitter:label2\" content=\"Est. tempo de leitura\" \/>\n\t<meta name=\"twitter:data2\" content=\"2 minutos\" \/>\n<script type=\"application\/ld+json\" class=\"yoast-schema-graph\">{\"@context\":\"https:\/\/schema.org\",\"@graph\":[{\"@type\":\"NewsArticle\",\"@id\":\"https:\/\/www.suno.com.br\/noticias\/coronavac-resultado-testes-vacina-coronavirus-doria-coviid-19\/#article\",\"isPartOf\":{\"@id\":\"https:\/\/www.suno.com.br\/noticias\/coronavac-resultado-testes-vacina-coronavirus-doria-coviid-19\/\"},\"author\":{\"name\":\"Laura Moutinho\",\"@id\":\"https:\/\/www.suno.com.br\/noticias\/#\/schema\/person\/3df0d2808748b74496efe5dbeaef2c72\"},\"headline\":\"CoronaVac: resultado de testes da vacina sair\u00e1 em 30 dias, diz Doria\",\"datePublished\":\"2020-09-28T18:54:40+00:00\",\"mainEntityOfPage\":{\"@id\":\"https:\/\/www.suno.com.br\/noticias\/coronavac-resultado-testes-vacina-coronavirus-doria-coviid-19\/\"},\"wordCount\":423,\"publisher\":{\"@id\":\"https:\/\/www.suno.com.br\/noticias\/#organization\"},\"image\":{\"@id\":\"https:\/\/www.suno.com.br\/noticias\/coronavac-resultado-testes-vacina-coronavirus-doria-coviid-19\/#primaryimage\"},\"thumbnailUrl\":\"https:\/\/files.sunoresearch.com.br\/n\/uploads\/2020\/09\/3a55b628-doria-jpg.webp\",\"keywords\":[\"coronav\u00edrus\",\"covid-19\",\"Jo\u00e3o Doria\",\"vacina\"],\"articleSection\":[\"Internacional\"],\"inLanguage\":\"pt-BR\"},{\"@type\":\"WebPage\",\"@id\":\"https:\/\/www.suno.com.br\/noticias\/coronavac-resultado-testes-vacina-coronavirus-doria-coviid-19\/\",\"url\":\"https:\/\/www.suno.com.br\/noticias\/coronavac-resultado-testes-vacina-coronavirus-doria-coviid-19\/\",\"name\":\"CoronaVac: resultado de testes da vacina sair\u00e1 em 30 dias, diz Doria\",\"isPartOf\":{\"@id\":\"https:\/\/www.suno.com.br\/noticias\/#website\"},\"primaryImageOfPage\":{\"@id\":\"https:\/\/www.suno.com.br\/noticias\/coronavac-resultado-testes-vacina-coronavirus-doria-coviid-19\/#primaryimage\"},\"image\":{\"@id\":\"https:\/\/www.suno.com.br\/noticias\/coronavac-resultado-testes-vacina-coronavirus-doria-coviid-19\/#primaryimage\"},\"thumbnailUrl\":\"https:\/\/files.sunoresearch.com.br\/n\/uploads\/2020\/09\/3a55b628-doria-jpg.webp\",\"datePublished\":\"2020-09-28T18:54:40+00:00\",\"description\":\"Segundo Doria, os primeiros resultados da efici\u00eancia da vacina Coronavac, ser\u00e3o anunciados \\\"nos pr\u00f3ximos 30 dias\\\". Clique aqui e saiba mais.\",\"breadcrumb\":{\"@id\":\"https:\/\/www.suno.com.br\/noticias\/coronavac-resultado-testes-vacina-coronavirus-doria-coviid-19\/#breadcrumb\"},\"inLanguage\":\"pt-BR\",\"potentialAction\":[{\"@type\":\"ReadAction\",\"target\":[\"https:\/\/www.suno.com.br\/noticias\/coronavac-resultado-testes-vacina-coronavirus-doria-coviid-19\/\"]}]},{\"@type\":\"ImageObject\",\"inLanguage\":\"pt-BR\",\"@id\":\"https:\/\/www.suno.com.br\/noticias\/coronavac-resultado-testes-vacina-coronavirus-doria-coviid-19\/#primaryimage\",\"url\":\"https:\/\/files.sunoresearch.com.br\/n\/uploads\/2020\/09\/3a55b628-doria-jpg.webp\",\"contentUrl\":\"https:\/\/files.sunoresearch.com.br\/n\/uploads\/2020\/09\/3a55b628-doria-jpg.webp\",\"width\":1200,\"height\":720,\"caption\":\"Jo\u00e3o Doria. Cr\u00e9ditos: Divulga\u00e7\u00e3o\"},{\"@type\":\"BreadcrumbList\",\"@id\":\"https:\/\/www.suno.com.br\/noticias\/coronavac-resultado-testes-vacina-coronavirus-doria-coviid-19\/#breadcrumb\",\"itemListElement\":[{\"@type\":\"ListItem\",\"position\":1,\"name\":\"Not\u00edcias\",\"item\":\"https:\/\/www.suno.com.br\/noticias\/\"},{\"@type\":\"ListItem\",\"position\":2,\"name\":\"Internacional\",\"item\":\"https:\/\/www.suno.com.br\/noticias\/internacional\/\"},{\"@type\":\"ListItem\",\"position\":3,\"name\":\"CoronaVac: resultado de testes da vacina sair\u00e1 em 30 dias, diz Doria\"}]},{\"@type\":\"WebSite\",\"@id\":\"https:\/\/www.suno.com.br\/noticias\/#website\",\"url\":\"https:\/\/www.suno.com.br\/noticias\/\",\"name\":\"Suno Not\u00edcias\",\"description\":\"Seu portal de informa\u00e7\u00e3o sobre o mundo dos investimentos\",\"publisher\":{\"@id\":\"https:\/\/www.suno.com.br\/noticias\/#organization\"},\"potentialAction\":[{\"@type\":\"SearchAction\",\"target\":{\"@type\":\"EntryPoint\",\"urlTemplate\":\"https:\/\/www.suno.com.br\/noticias\/?s={search_term_string}\"},\"query-input\":{\"@type\":\"PropertyValueSpecification\",\"valueRequired\":true,\"valueName\":\"search_term_string\"}}],\"inLanguage\":\"pt-BR\"},{\"@type\":\"Organization\",\"@id\":\"https:\/\/www.suno.com.br\/noticias\/#organization\",\"name\":\"Suno Not\u00edcias\",\"url\":\"https:\/\/www.suno.com.br\/noticias\/\",\"logo\":{\"@type\":\"ImageObject\",\"inLanguage\":\"pt-BR\",\"@id\":\"https:\/\/www.suno.com.br\/noticias\/#\/schema\/logo\/image\/\",\"url\":\"https:\/\/files.sunoresearch.com.br\/n\/uploads\/2021\/09\/suno-logo.png\",\"contentUrl\":\"https:\/\/files.sunoresearch.com.br\/n\/uploads\/2021\/09\/suno-logo.png\",\"width\":180,\"height\":180,\"caption\":\"Suno Not\u00edcias\"},\"image\":{\"@id\":\"https:\/\/www.suno.com.br\/noticias\/#\/schema\/logo\/image\/\"},\"sameAs\":[\"https:\/\/facebook.com\/sunoresearch\",\"https:\/\/x.com\/sunoresearch\",\"https:\/\/www.instagram.com\/suno\",\"https:\/\/www.linkedin.com\/company\/suno-research\/\",\"https:\/\/www.youtube.com\/c\/sunoresearch\"]},{\"@type\":\"Person\",\"@id\":\"https:\/\/www.suno.com.br\/noticias\/#\/schema\/person\/3df0d2808748b74496efe5dbeaef2c72\",\"name\":\"Laura Moutinho\",\"image\":{\"@type\":\"ImageObject\",\"inLanguage\":\"pt-BR\",\"@id\":\"https:\/\/www.suno.com.br\/noticias\/#\/schema\/person\/image\/\",\"url\":\"https:\/\/secure.gravatar.com\/avatar\/7571c7c8ca3a6fca5e41384ece5557ff?s=96&r=g\",\"contentUrl\":\"https:\/\/secure.gravatar.com\/avatar\/7571c7c8ca3a6fca5e41384ece5557ff?s=96&r=g\",\"caption\":\"Laura Moutinho\"},\"description\":\"Estagi\u00e1ria na Suno Not\u00edcias, escreve not\u00edcias que afetam o mercado financeiro. Estuda administra\u00e7\u00e3o na Universidade Presbiteriana Mackenzie.\",\"url\":\"https:\/\/www.suno.com.br\/noticias\/author\/laura-moutinho\/\"}]}<\/script>\n<!-- \/ Yoast SEO plugin. -->","yoast_head_json":{"title":"CoronaVac: resultado de testes da vacina sair\u00e1 em 30 dias, diz Doria","description":"Segundo Doria, os primeiros resultados da efici\u00eancia da vacina Coronavac, ser\u00e3o anunciados \"nos pr\u00f3ximos 30 dias\". Clique aqui e saiba mais.","robots":{"index":"index","follow":"follow","max-snippet":"max-snippet:-1","max-image-preview":"max-image-preview:large","max-video-preview":"max-video-preview:-1"},"canonical":"https:\/\/www.suno.com.br\/noticias\/coronavac-resultado-testes-vacina-coronavirus-doria-coviid-19\/","og_locale":"pt_BR","og_type":"article","og_title":"CoronaVac: resultado de testes da vacina sair\u00e1 em 30 dias, diz Doria","og_description":"Segundo Doria, os primeiros resultados da efici\u00eancia da vacina Coronavac, ser\u00e3o anunciados \"nos pr\u00f3ximos 30 dias\". Clique aqui e saiba mais.","og_url":"https:\/\/www.suno.com.br\/noticias\/coronavac-resultado-testes-vacina-coronavirus-doria-coviid-19\/","og_site_name":"Suno Not\u00edcias","article_publisher":"https:\/\/facebook.com\/sunoresearch","og_image":[{"width":1200,"height":720,"url":"https:\/\/files.sunoresearch.com.br\/n\/uploads\/2020\/09\/3a55b628-doria.jpg","type":"image\/jpeg"}],"author":"Laura Moutinho","twitter_card":"summary_large_image","twitter_creator":"@sunoresearch","twitter_site":"@sunoresearch","twitter_misc":{"Escrito por":"Laura Moutinho","Est. tempo de leitura":"2 minutos"},"schema":{"@context":"https:\/\/schema.org","@graph":[{"@type":"NewsArticle","@id":"https:\/\/www.suno.com.br\/noticias\/coronavac-resultado-testes-vacina-coronavirus-doria-coviid-19\/#article","isPartOf":{"@id":"https:\/\/www.suno.com.br\/noticias\/coronavac-resultado-testes-vacina-coronavirus-doria-coviid-19\/"},"author":{"name":"Laura Moutinho","@id":"https:\/\/www.suno.com.br\/noticias\/#\/schema\/person\/3df0d2808748b74496efe5dbeaef2c72"},"headline":"CoronaVac: resultado de testes da vacina sair\u00e1 em 30 dias, diz Doria","datePublished":"2020-09-28T18:54:40+00:00","mainEntityOfPage":{"@id":"https:\/\/www.suno.com.br\/noticias\/coronavac-resultado-testes-vacina-coronavirus-doria-coviid-19\/"},"wordCount":423,"publisher":{"@id":"https:\/\/www.suno.com.br\/noticias\/#organization"},"image":{"@id":"https:\/\/www.suno.com.br\/noticias\/coronavac-resultado-testes-vacina-coronavirus-doria-coviid-19\/#primaryimage"},"thumbnailUrl":"https:\/\/files.sunoresearch.com.br\/n\/uploads\/2020\/09\/3a55b628-doria-jpg.webp","keywords":["coronav\u00edrus","covid-19","Jo\u00e3o Doria","vacina"],"articleSection":["Internacional"],"inLanguage":"pt-BR"},{"@type":"WebPage","@id":"https:\/\/www.suno.com.br\/noticias\/coronavac-resultado-testes-vacina-coronavirus-doria-coviid-19\/","url":"https:\/\/www.suno.com.br\/noticias\/coronavac-resultado-testes-vacina-coronavirus-doria-coviid-19\/","name":"CoronaVac: resultado de testes da vacina sair\u00e1 em 30 dias, diz Doria","isPartOf":{"@id":"https:\/\/www.suno.com.br\/noticias\/#website"},"primaryImageOfPage":{"@id":"https:\/\/www.suno.com.br\/noticias\/coronavac-resultado-testes-vacina-coronavirus-doria-coviid-19\/#primaryimage"},"image":{"@id":"https:\/\/www.suno.com.br\/noticias\/coronavac-resultado-testes-vacina-coronavirus-doria-coviid-19\/#primaryimage"},"thumbnailUrl":"https:\/\/files.sunoresearch.com.br\/n\/uploads\/2020\/09\/3a55b628-doria-jpg.webp","datePublished":"2020-09-28T18:54:40+00:00","description":"Segundo Doria, os primeiros resultados da efici\u00eancia da vacina Coronavac, ser\u00e3o anunciados \"nos pr\u00f3ximos 30 dias\". Clique aqui e saiba mais.","breadcrumb":{"@id":"https:\/\/www.suno.com.br\/noticias\/coronavac-resultado-testes-vacina-coronavirus-doria-coviid-19\/#breadcrumb"},"inLanguage":"pt-BR","potentialAction":[{"@type":"ReadAction","target":["https:\/\/www.suno.com.br\/noticias\/coronavac-resultado-testes-vacina-coronavirus-doria-coviid-19\/"]}]},{"@type":"ImageObject","inLanguage":"pt-BR","@id":"https:\/\/www.suno.com.br\/noticias\/coronavac-resultado-testes-vacina-coronavirus-doria-coviid-19\/#primaryimage","url":"https:\/\/files.sunoresearch.com.br\/n\/uploads\/2020\/09\/3a55b628-doria-jpg.webp","contentUrl":"https:\/\/files.sunoresearch.com.br\/n\/uploads\/2020\/09\/3a55b628-doria-jpg.webp","width":1200,"height":720,"caption":"Jo\u00e3o Doria. Cr\u00e9ditos: Divulga\u00e7\u00e3o"},{"@type":"BreadcrumbList","@id":"https:\/\/www.suno.com.br\/noticias\/coronavac-resultado-testes-vacina-coronavirus-doria-coviid-19\/#breadcrumb","itemListElement":[{"@type":"ListItem","position":1,"name":"Not\u00edcias","item":"https:\/\/www.suno.com.br\/noticias\/"},{"@type":"ListItem","position":2,"name":"Internacional","item":"https:\/\/www.suno.com.br\/noticias\/internacional\/"},{"@type":"ListItem","position":3,"name":"CoronaVac: resultado de testes da vacina sair\u00e1 em 30 dias, diz Doria"}]},{"@type":"WebSite","@id":"https:\/\/www.suno.com.br\/noticias\/#website","url":"https:\/\/www.suno.com.br\/noticias\/","name":"Suno Not\u00edcias","description":"Seu portal de informa\u00e7\u00e3o sobre o mundo dos investimentos","publisher":{"@id":"https:\/\/www.suno.com.br\/noticias\/#organization"},"potentialAction":[{"@type":"SearchAction","target":{"@type":"EntryPoint","urlTemplate":"https:\/\/www.suno.com.br\/noticias\/?s={search_term_string}"},"query-input":{"@type":"PropertyValueSpecification","valueRequired":true,"valueName":"search_term_string"}}],"inLanguage":"pt-BR"},{"@type":"Organization","@id":"https:\/\/www.suno.com.br\/noticias\/#organization","name":"Suno Not\u00edcias","url":"https:\/\/www.suno.com.br\/noticias\/","logo":{"@type":"ImageObject","inLanguage":"pt-BR","@id":"https:\/\/www.suno.com.br\/noticias\/#\/schema\/logo\/image\/","url":"https:\/\/files.sunoresearch.com.br\/n\/uploads\/2021\/09\/suno-logo.png","contentUrl":"https:\/\/files.sunoresearch.com.br\/n\/uploads\/2021\/09\/suno-logo.png","width":180,"height":180,"caption":"Suno Not\u00edcias"},"image":{"@id":"https:\/\/www.suno.com.br\/noticias\/#\/schema\/logo\/image\/"},"sameAs":["https:\/\/facebook.com\/sunoresearch","https:\/\/x.com\/sunoresearch","https:\/\/www.instagram.com\/suno","https:\/\/www.linkedin.com\/company\/suno-research\/","https:\/\/www.youtube.com\/c\/sunoresearch"]},{"@type":"Person","@id":"https:\/\/www.suno.com.br\/noticias\/#\/schema\/person\/3df0d2808748b74496efe5dbeaef2c72","name":"Laura Moutinho","image":{"@type":"ImageObject","inLanguage":"pt-BR","@id":"https:\/\/www.suno.com.br\/noticias\/#\/schema\/person\/image\/","url":"https:\/\/secure.gravatar.com\/avatar\/7571c7c8ca3a6fca5e41384ece5557ff?s=96&r=g","contentUrl":"https:\/\/secure.gravatar.com\/avatar\/7571c7c8ca3a6fca5e41384ece5557ff?s=96&r=g","caption":"Laura Moutinho"},"description":"Estagi\u00e1ria na Suno Not\u00edcias, escreve not\u00edcias que afetam o mercado financeiro. Estuda administra\u00e7\u00e3o na Universidade Presbiteriana Mackenzie.","url":"https:\/\/www.suno.com.br\/noticias\/author\/laura-moutinho\/"}]}},"default_loop_html":"<div class=\"cardsPage__listCard__boxs\"><div class=\"cardsPage__listCard__boxs__img\"><a href=\"https:\/\/www.suno.com.br\/noticias\/coronavac-resultado-testes-vacina-coronavirus-doria-coviid-19\/\"><img class=\"mask\" src=\"https:\/\/www.suno.com.br\/noticias\/wp-content\/themes\/suno\/resources\/images\/spotlight\/spotlight1img\/bg-mask.png\" alt=\"Image Mask\"\/><img src=\"https:\/\/files.sunoresearch.com.br\/n\/uploads\/2020\/09\/3a55b628-doria-400x200.webp\" alt=\"CoronaVac: resultado de testes da vacina sair\u00e1 em 30 dias, diz Doria\"\/><\/a><span class=\"spotlightCategory\"><a href=\"https:\/\/www.suno.com.br\/noticias\/internacional\/\">Internacional<\/a><\/span><\/div><div class=\"cardsPage__listCard__boxs__content\"><a href=\"https:\/\/www.suno.com.br\/noticias\/coronavac-resultado-testes-vacina-coronavirus-doria-coviid-19\/\"><h2 class=\"content__title\">CoronaVac: resultado de testes da vacina sair\u00e1 em 30 dias, diz Doria<\/h2><\/a><div class=\"newsContent__article__meta\"><div class=\"newsContent__article__meta__authorBox\"><a href=\"https:\/\/www.suno.com.br\/noticias\/author\/laura-moutinho\/\" class=\"authorBox__avatar noMobi\"><img src=\"https:\/\/files.sunoresearch.com.br\/n\/uploads\/2020\/08\/531ff69d-whatsapp-image-2020-08-03-at-14.54.38-150x150.webp\" alt=\"Laura Moutinho\"><\/a><div class=\"authorBox__name\"><span>por\n\t\t\t<a href=\"https:\/\/www.suno.com.br\/noticias\/author\/laura-moutinho\/\"><span itemprop=\"author\">Laura Moutinho<\/span><\/a><\/span><time datetime=\"2020-09-28T15:54:40-03:00\" itemprop=\"datePublished\">28\/09\/2020 15:54<\/time><\/div><\/div><\/div><\/div><\/div>","single_layout":"posts","amp_enabled":true,"_links":{"self":[{"href":"https:\/\/www.suno.com.br\/noticias\/wp-json\/wp\/v2\/posts\/87928"}],"collection":[{"href":"https:\/\/www.suno.com.br\/noticias\/wp-json\/wp\/v2\/posts"}],"about":[{"href":"https:\/\/www.suno.com.br\/noticias\/wp-json\/wp\/v2\/types\/post"}],"author":[{"embeddable":true,"href":"https:\/\/www.suno.com.br\/noticias\/wp-json\/wp\/v2\/users\/39"}],"replies":[{"embeddable":true,"href":"https:\/\/www.suno.com.br\/noticias\/wp-json\/wp\/v2\/comments?post=87928"}],"version-history":[{"count":0,"href":"https:\/\/www.suno.com.br\/noticias\/wp-json\/wp\/v2\/posts\/87928\/revisions"}],"wp:featuredmedia":[{"embeddable":true,"href":"https:\/\/www.suno.com.br\/noticias\/wp-json\/wp\/v2\/media\/87941"}],"wp:attachment":[{"href":"https:\/\/www.suno.com.br\/noticias\/wp-json\/wp\/v2\/media?parent=87928"}],"wp:term":[{"taxonomy":"category","embeddable":true,"href":"https:\/\/www.suno.com.br\/noticias\/wp-json\/wp\/v2\/categories?post=87928"},{"taxonomy":"post_tag","embeddable":true,"href":"https:\/\/www.suno.com.br\/noticias\/wp-json\/wp\/v2\/tags?post=87928"},{"taxonomy":"suno_strategy","embeddable":true,"href":"https:\/\/www.suno.com.br\/noticias\/wp-json\/wp\/v2\/suno_strategy?post=87928"}],"curies":[{"name":"wp","href":"https:\/\/api.w.org\/{rel}","templated":true}]}}