{"id":87906,"date":"2020-09-28T14:39:27","date_gmt":"2020-09-28T17:39:27","guid":{"rendered":"https:\/\/www.suno.com.br\/noticias\/?p=87906"},"modified":"2020-09-28T14:41:33","modified_gmt":"2020-09-28T17:41:33","slug":"renda-cidada-precatorios-fundeb","status":"publish","type":"post","link":"https:\/\/www.suno.com.br\/noticias\/renda-cidada-precatorios-fundeb\/","title":{"rendered":"Renda Cidad\u00e3 dever\u00e1 ter recursos de precat\u00f3rios e do Fundeb"},"content":{"rendered":"<p>O <strong>Renda Cidad\u00e3<\/strong>, programa social que dever\u00e1 substituir o Bolsa Fam\u00edlia, dever\u00e1 ser bancado por recursos que deveriam ser destinados a pagamentos de <strong>precat\u00f3rios<\/strong> e ao Fundo de Manuten\u00e7\u00e3o e Desenvolvimento da Educa\u00e7\u00e3o B\u00e1sica (Fundeb), de acordo o an\u00fancio feito por integrantes do governo e do Congresso nesta segunda-feira (28).<\/p>\t<div class=\"wrapper-featured-image\">\n\t\t<figure class=\"spotlightImg\">\n\n\t\t\t<picture>\n\t\t\t\t<source media=\"(max-width: 768px)\" srcset=\"https:\/\/files.sunoresearch.com.br\/n\/uploads\/2020\/04\/495804dc-bolsa-fam\u00edlia-400x200.webp\">\n\t\t\t\t<img loading=\"lazy\" decoding=\"async\" class=\"newsContent__article__imgCapa lazyloadDisabled \" src=\"https:\/\/files.sunoresearch.com.br\/n\/uploads\/2020\/04\/495804dc-bolsa-fam\u00edlia-800x450.webp\" width=\"800\" height=\"450\" alt=\"Renda Cidad\u00e3 dever\u00e1 ter recursos de precat\u00f3rios e do Fundeb\" fetchpriority=high \/>\n\t\t\t<\/picture>\n\n\t\t\t<figcaption class=\"wp-caption-text wp-caption-text--show\">Renda Cidad\u00e3 dever\u00e1 ter recursos de precat\u00f3rios e do Fundeb<\/figcaption>\n\t\t<\/figure>\n\t<\/div>\n\n\n<div class=\"hubspot-form-wrapper\">\n\t<div id=\"single-form-target\"><\/div>\n<\/div>\n\n<p>O Fundeb \u00e9 o principal mecanismo de financiamento da educa\u00e7\u00e3o no Brasil. De acordo com o senador M\u00e1rcio Bittar (MDB-AC), at\u00e9 5% do novo recurso para o <strong><a href=\"https:\/\/www.suno.com.br\/noticias\/tags\/fundeb\/\">Fundeb<\/a> <\/strong>ser\u00e1 deslocada para que benefici\u00e1rios do Renda Cidad\u00e3 mantenham seus filhos na escola. Ele, por\u00e9m, n\u00e3o deu mais detalhes sobre o plano.<\/p>\n<p>A ideia de destinar recursos do Fundeb para o novo programa social j\u00e1 tinha sido proposta pela equipe de Paulo Guedes, mas havia sido rejeitada pelo Congresso. O objetivo do governo \u00e9 n\u00e3o estourar o<strong><a href=\"https:\/\/www.suno.com.br\/noticias\/tags\/teto-de-gastos\/\"> teto de gastos<\/a> <\/strong>para financiar o Renda Cidad\u00e3.<\/p>\n<p><a href=\"https:\/\/lp.suno.com.br\/suno-one\/\">No Suno One voc\u00ea aprende a fazer seu dinheiro trabalhar para voc\u00ea. Cadastre-se gratuitamente agora!<\/a><\/p>\n<p>Al\u00e9m do montante oriundo do Fundeb, a proposta tamb\u00e9m prev\u00ea que cerca de 2% da receita corrente l\u00edquida para pagar os precat\u00f3rios seja destinada ao novo programa social. Os precat\u00f3rios s\u00e3o valores devidos pela Uni\u00e3o a pessoas f\u00edsicas ou jur\u00eddicas ap\u00f3s senten\u00e7a definitiva na Justi\u00e7a.<\/p>\n<h2>Renda Cidad\u00e3 dever\u00e1 substituir Bolsa Fam\u00edlia<\/h2>\n<p>O governo de Jair Bolsonaro (sem partido) busca um programa social para substituir o Bolsa Fam\u00edlia e o <strong><a href=\"https:\/\/www.suno.com.br\/noticias\/tags\/coronavoucher\/\">coronavoucher<\/a> <\/strong>a partir do ano que vem. O Renda Cidad\u00e3 deve expandir o <strong>Bolsa Fam\u00edlia<\/strong>, criado durante o governo petista e que alcan\u00e7a 14 milh\u00f5es de fam\u00edlias, gerando um custo de R$ 32 bilh\u00f5es anuais.<\/p>\n<p>No in\u00edcio, o programa se chamaria <strong>Renda Brasil<\/strong>. Bolsonaro planejava que o benef\u00edcio tivesse valor de R$ 300. Integrantes da equipe econ\u00f4mica disseram que, para chegar nessa cifra, deveriam ser feitos cortes em outros benef\u00edcios sociais, o que desagradou o presidente. Ele chegou a dizer que estava proibido de se falar de Renda Brasil no governo.<\/p>\n<p><strong>Bolsonaro<\/strong> gostaria de manter um valor pr\u00f3ximo dos R$ 300, atual quantia do <strong>aux\u00edlio emergencial<\/strong>, criado para o combate aos efeitos da pandemia do <a href=\"https:\/\/www.suno.com.br\/noticias\/?s=coronav%C3%ADrus\">novo coronav\u00edrus (Covid-19)<\/a>. Em fun\u00e7\u00e3o disso, tanto no Legislativo como no governo, o intuito \u00e9 n\u00e3o dar detalhes sobre o novo programa.<\/p>\n\t<div data-element=\"shortcode-read-more\" class=\"knowMore\">\n\t\t\t\t<span class=\"knowMore__title\">Confira<\/span>\n\t\t\t\t<a class=\"knowMore__link\" href=\"https:\/\/www.suno.com.br\/noticias\/renda-brasil-bolsonaro-desiste\/\">\n\t\t\tRenda Brasil: Bolsonaro desiste de plano para substituir Bolsa Fam\u00edlia\t\t<\/a>\n\t<\/div>\n\n\n<p>Os respons\u00e1veis pela elabora\u00e7\u00e3o do Renda Cidad\u00e3 n\u00e3o querem criar ru\u00eddos antes da implementa\u00e7\u00e3o do projeto, como o ocorrido ap\u00f3s entrevistas do secret\u00e1rio especial da Fazenda, <strong>Wadery Rodrigues<\/strong>, dizendo que entre as fontes alternativas de recursos estaria o congelamento do valor das aposentadorias e pens\u00f5es, o que gerou insatisfa\u00e7\u00e3o do presidente.<\/p>\n<p>Mas, para construir o novo programa ser\u00e1 necess\u00e1rio cortar gastos para obter espa\u00e7o em torno de R$ 30 bilh\u00f5es com o objetivo de incluir 10 milh\u00f5es de fam\u00edlias no projeto. Nesse sentido, o volume de recursos necess\u00e1rios para a cria\u00e7\u00e3o do <strong>Renda Cidad\u00e3<\/strong> depender\u00e1 do valor individual do <strong>benef\u00edcio<\/strong>.<\/p>\n\t<p>\n\t\t<a href=\"https:\/\/lp.suno.com.br\/planilha-de-controle-de-investimentos\/\" target=\"_blank\" data-element=\"shortcode-suno-banner\" title=\"Banner SUNO, clique e saiba mais\">\n\t\t\t<picture>\n\t\t\t\t<source media=\"(max-width: 500px)\" srcset=\"https:\/\/files.sunoresearch.com.br\/n\/uploads\/2023\/03\/400x300-Controle-de-Investimentos.png\">\n\t\t\t\t<img class=\"newsContent__article__imgCapa newsContent__article__imgCapa--banner\"\n\t\t\t\t\tsrc=\"https:\/\/files.sunoresearch.com.br\/n\/uploads\/2023\/03\/1420x240-Controle-de-Investimentos.png\"\n\t\t\t\t\tdata-promo-id=\"75934\"\t\t\t\t\t\t\t\t\t\twidth='1420' height='240'\t\t\t\t\talt=\"https:\/\/files.sunoresearch.com.br\/n\/uploads\/2023\/03\/1420x240-Controle-de-Investimentos.png\"\n\t\t\t\t>\n\t\t\t<\/picture>\n\t\t<\/a>\n\t<\/p>\n\n\n","protected":false},"excerpt":{"rendered":"<p>O Renda Cidad\u00e3, programa social que dever\u00e1 substituir o Bolsa Fam\u00edlia, dever\u00e1 ser bancado por recursos que deveriam ser destinados a pagamentos de precat\u00f3rios e ao Fundo de Manuten\u00e7\u00e3o e Desenvolvimento da Educa\u00e7\u00e3o B\u00e1sica (Fundeb), de acordo o an\u00fancio feito por integrantes do governo e do Congresso nesta segunda-feira (28). Renda Cidad\u00e3 dever\u00e1 ter recursos [&hellip;]<\/p>\n","protected":false},"author":27,"featured_media":62064,"comment_status":"closed","ping_status":"closed","sticky":false,"template":"","format":"standard","meta":[],"categories":[62],"tags":[774,719,104572],"suno_strategy":[],"class_list":["post-87906","post","type-post","status-publish","format-standard","has-post-thumbnail","hentry","category-economia","tag-bolsa-familia","tag-jair-bolsonaro","tag-renda-cidada"],"yoast_head":"<!-- This site is optimized with the Yoast SEO plugin v24.4 - https:\/\/yoast.com\/wordpress\/plugins\/seo\/ -->\n<title>Renda Cidad\u00e3 dever\u00e1 ter recursos de precat\u00f3rios e do Fundeb<\/title>\n<meta name=\"description\" content=\"Governo anunciou que Renda Cidad\u00e3 dever\u00e1 ter recursos vindos da educa\u00e7\u00e3o e do pagamento de precat\u00f3rios. Clique aqui para ler mais sobre.\" \/>\n<meta name=\"robots\" content=\"index, follow, max-snippet:-1, max-image-preview:large, max-video-preview:-1\" \/>\n<link rel=\"canonical\" href=\"https:\/\/www.suno.com.br\/noticias\/renda-cidada-precatorios-fundeb\/\" \/>\n<meta property=\"og:locale\" content=\"pt_BR\" \/>\n<meta property=\"og:type\" content=\"article\" \/>\n<meta property=\"og:title\" content=\"Renda Cidad\u00e3 dever\u00e1 ter recursos de precat\u00f3rios e do Fundeb\" \/>\n<meta property=\"og:description\" content=\"Governo anunciou que Renda Cidad\u00e3 dever\u00e1 ter recursos vindos da educa\u00e7\u00e3o e do pagamento de precat\u00f3rios. Clique aqui para ler mais sobre.\" \/>\n<meta property=\"og:url\" content=\"https:\/\/www.suno.com.br\/noticias\/renda-cidada-precatorios-fundeb\/\" \/>\n<meta property=\"og:site_name\" content=\"Suno Not\u00edcias\" \/>\n<meta property=\"article:publisher\" content=\"https:\/\/facebook.com\/sunoresearch\" \/>\n<meta property=\"og:image\" content=\"https:\/\/files.sunoresearch.com.br\/n\/uploads\/2020\/04\/495804dc-bolsa-fam\u00edlia.jpg\" \/>\n\t<meta property=\"og:image:width\" content=\"1024\" \/>\n\t<meta property=\"og:image:height\" content=\"680\" \/>\n\t<meta property=\"og:image:type\" content=\"image\/jpeg\" \/>\n<meta name=\"author\" content=\"Vinicius Pereira\" \/>\n<meta name=\"twitter:card\" content=\"summary_large_image\" \/>\n<meta name=\"twitter:creator\" content=\"@https:\/\/twitter.com\/viniciuspjornal\" \/>\n<meta name=\"twitter:site\" content=\"@sunoresearch\" \/>\n<meta name=\"twitter:label1\" content=\"Escrito por\" \/>\n\t<meta name=\"twitter:data1\" content=\"Vinicius Pereira\" \/>\n\t<meta name=\"twitter:label2\" content=\"Est. tempo de leitura\" \/>\n\t<meta name=\"twitter:data2\" content=\"3 minutos\" \/>\n<script type=\"application\/ld+json\" class=\"yoast-schema-graph\">{\"@context\":\"https:\/\/schema.org\",\"@graph\":[{\"@type\":\"NewsArticle\",\"@id\":\"https:\/\/www.suno.com.br\/noticias\/renda-cidada-precatorios-fundeb\/#article\",\"isPartOf\":{\"@id\":\"https:\/\/www.suno.com.br\/noticias\/renda-cidada-precatorios-fundeb\/\"},\"author\":{\"name\":\"Vinicius Pereira\",\"@id\":\"https:\/\/www.suno.com.br\/noticias\/#\/schema\/person\/a20761b96e4df7eb57f1f9e41be1dbf3\"},\"headline\":\"Renda Cidad\u00e3 dever\u00e1 ter recursos de precat\u00f3rios e do Fundeb\",\"datePublished\":\"2020-09-28T17:39:27+00:00\",\"dateModified\":\"2020-09-28T17:41:33+00:00\",\"mainEntityOfPage\":{\"@id\":\"https:\/\/www.suno.com.br\/noticias\/renda-cidada-precatorios-fundeb\/\"},\"wordCount\":542,\"publisher\":{\"@id\":\"https:\/\/www.suno.com.br\/noticias\/#organization\"},\"image\":{\"@id\":\"https:\/\/www.suno.com.br\/noticias\/renda-cidada-precatorios-fundeb\/#primaryimage\"},\"thumbnailUrl\":\"https:\/\/files.sunoresearch.com.br\/n\/uploads\/2020\/04\/495804dc-bolsa-fam\u00edlia-jpg.webp\",\"keywords\":[\"Bolsa Fam\u00edlia\",\"Jair Bolsonaro\",\"Renda Cidad\u00e3\"],\"articleSection\":[\"Economia\"],\"inLanguage\":\"pt-BR\"},{\"@type\":\"WebPage\",\"@id\":\"https:\/\/www.suno.com.br\/noticias\/renda-cidada-precatorios-fundeb\/\",\"url\":\"https:\/\/www.suno.com.br\/noticias\/renda-cidada-precatorios-fundeb\/\",\"name\":\"Renda Cidad\u00e3 dever\u00e1 ter recursos de precat\u00f3rios e do Fundeb\",\"isPartOf\":{\"@id\":\"https:\/\/www.suno.com.br\/noticias\/#website\"},\"primaryImageOfPage\":{\"@id\":\"https:\/\/www.suno.com.br\/noticias\/renda-cidada-precatorios-fundeb\/#primaryimage\"},\"image\":{\"@id\":\"https:\/\/www.suno.com.br\/noticias\/renda-cidada-precatorios-fundeb\/#primaryimage\"},\"thumbnailUrl\":\"https:\/\/files.sunoresearch.com.br\/n\/uploads\/2020\/04\/495804dc-bolsa-fam\u00edlia-jpg.webp\",\"datePublished\":\"2020-09-28T17:39:27+00:00\",\"dateModified\":\"2020-09-28T17:41:33+00:00\",\"description\":\"Governo anunciou que Renda Cidad\u00e3 dever\u00e1 ter recursos vindos da educa\u00e7\u00e3o e do pagamento de precat\u00f3rios. Clique aqui para ler mais sobre.\",\"breadcrumb\":{\"@id\":\"https:\/\/www.suno.com.br\/noticias\/renda-cidada-precatorios-fundeb\/#breadcrumb\"},\"inLanguage\":\"pt-BR\",\"potentialAction\":[{\"@type\":\"ReadAction\",\"target\":[\"https:\/\/www.suno.com.br\/noticias\/renda-cidada-precatorios-fundeb\/\"]}]},{\"@type\":\"ImageObject\",\"inLanguage\":\"pt-BR\",\"@id\":\"https:\/\/www.suno.com.br\/noticias\/renda-cidada-precatorios-fundeb\/#primaryimage\",\"url\":\"https:\/\/files.sunoresearch.com.br\/n\/uploads\/2020\/04\/495804dc-bolsa-fam\u00edlia-jpg.webp\",\"contentUrl\":\"https:\/\/files.sunoresearch.com.br\/n\/uploads\/2020\/04\/495804dc-bolsa-fam\u00edlia-jpg.webp\",\"width\":1024,\"height\":680,\"caption\":\"Renda Cidad\u00e3 dever\u00e1 ter recursos de precat\u00f3rios e do Fundeb\"},{\"@type\":\"BreadcrumbList\",\"@id\":\"https:\/\/www.suno.com.br\/noticias\/renda-cidada-precatorios-fundeb\/#breadcrumb\",\"itemListElement\":[{\"@type\":\"ListItem\",\"position\":1,\"name\":\"Not\u00edcias\",\"item\":\"https:\/\/www.suno.com.br\/noticias\/\"},{\"@type\":\"ListItem\",\"position\":2,\"name\":\"Economia\",\"item\":\"https:\/\/www.suno.com.br\/noticias\/economia\/\"},{\"@type\":\"ListItem\",\"position\":3,\"name\":\"Renda Cidad\u00e3 dever\u00e1 ter recursos de precat\u00f3rios e do Fundeb\"}]},{\"@type\":\"WebSite\",\"@id\":\"https:\/\/www.suno.com.br\/noticias\/#website\",\"url\":\"https:\/\/www.suno.com.br\/noticias\/\",\"name\":\"Suno Not\u00edcias\",\"description\":\"Seu portal de informa\u00e7\u00e3o sobre o mundo dos investimentos\",\"publisher\":{\"@id\":\"https:\/\/www.suno.com.br\/noticias\/#organization\"},\"potentialAction\":[{\"@type\":\"SearchAction\",\"target\":{\"@type\":\"EntryPoint\",\"urlTemplate\":\"https:\/\/www.suno.com.br\/noticias\/?s={search_term_string}\"},\"query-input\":{\"@type\":\"PropertyValueSpecification\",\"valueRequired\":true,\"valueName\":\"search_term_string\"}}],\"inLanguage\":\"pt-BR\"},{\"@type\":\"Organization\",\"@id\":\"https:\/\/www.suno.com.br\/noticias\/#organization\",\"name\":\"Suno Not\u00edcias\",\"url\":\"https:\/\/www.suno.com.br\/noticias\/\",\"logo\":{\"@type\":\"ImageObject\",\"inLanguage\":\"pt-BR\",\"@id\":\"https:\/\/www.suno.com.br\/noticias\/#\/schema\/logo\/image\/\",\"url\":\"https:\/\/files.sunoresearch.com.br\/n\/uploads\/2021\/09\/suno-logo.png\",\"contentUrl\":\"https:\/\/files.sunoresearch.com.br\/n\/uploads\/2021\/09\/suno-logo.png\",\"width\":180,\"height\":180,\"caption\":\"Suno Not\u00edcias\"},\"image\":{\"@id\":\"https:\/\/www.suno.com.br\/noticias\/#\/schema\/logo\/image\/\"},\"sameAs\":[\"https:\/\/facebook.com\/sunoresearch\",\"https:\/\/x.com\/sunoresearch\",\"https:\/\/www.instagram.com\/suno\",\"https:\/\/www.linkedin.com\/company\/suno-research\/\",\"https:\/\/www.youtube.com\/c\/sunoresearch\"]},{\"@type\":\"Person\",\"@id\":\"https:\/\/www.suno.com.br\/noticias\/#\/schema\/person\/a20761b96e4df7eb57f1f9e41be1dbf3\",\"name\":\"Vinicius Pereira\",\"image\":{\"@type\":\"ImageObject\",\"inLanguage\":\"pt-BR\",\"@id\":\"https:\/\/www.suno.com.br\/noticias\/#\/schema\/person\/image\/\",\"url\":\"https:\/\/secure.gravatar.com\/avatar\/783866b933198f5cc4c5d03fcc8b1301?s=96&r=g\",\"contentUrl\":\"https:\/\/secure.gravatar.com\/avatar\/783866b933198f5cc4c5d03fcc8b1301?s=96&r=g\",\"caption\":\"Vinicius Pereira\"},\"description\":\"Vinicius Pereira foi rep\u00f3rter de economia da Folha de S.Paulo, stringer do jornal no Canad\u00e1 e colaborador de VEJA. J\u00e1 escreveu tamb\u00e9m para BBC Brasil, The Intercept Brasil e UOL. Tem MBA em Informa\u00e7\u00f5es Econ\u00f4mico-Financeiras e Mercado de Capitais pela FIA\/B3.\",\"sameAs\":[\"https:\/\/x.com\/https:\/\/twitter.com\/viniciuspjornal\"],\"url\":\"https:\/\/www.suno.com.br\/noticias\/author\/vinicius-pereira\/\"}]}<\/script>\n<!-- \/ Yoast SEO plugin. -->","yoast_head_json":{"title":"Renda Cidad\u00e3 dever\u00e1 ter recursos de precat\u00f3rios e do Fundeb","description":"Governo anunciou que Renda Cidad\u00e3 dever\u00e1 ter recursos vindos da educa\u00e7\u00e3o e do pagamento de precat\u00f3rios. Clique aqui para ler mais sobre.","robots":{"index":"index","follow":"follow","max-snippet":"max-snippet:-1","max-image-preview":"max-image-preview:large","max-video-preview":"max-video-preview:-1"},"canonical":"https:\/\/www.suno.com.br\/noticias\/renda-cidada-precatorios-fundeb\/","og_locale":"pt_BR","og_type":"article","og_title":"Renda Cidad\u00e3 dever\u00e1 ter recursos de precat\u00f3rios e do Fundeb","og_description":"Governo anunciou que Renda Cidad\u00e3 dever\u00e1 ter recursos vindos da educa\u00e7\u00e3o e do pagamento de precat\u00f3rios. Clique aqui para ler mais sobre.","og_url":"https:\/\/www.suno.com.br\/noticias\/renda-cidada-precatorios-fundeb\/","og_site_name":"Suno Not\u00edcias","article_publisher":"https:\/\/facebook.com\/sunoresearch","og_image":[{"width":1024,"height":680,"url":"https:\/\/files.sunoresearch.com.br\/n\/uploads\/2020\/04\/495804dc-bolsa-fam\u00edlia.jpg","type":"image\/jpeg"}],"author":"Vinicius Pereira","twitter_card":"summary_large_image","twitter_creator":"@https:\/\/twitter.com\/viniciuspjornal","twitter_site":"@sunoresearch","twitter_misc":{"Escrito por":"Vinicius Pereira","Est. tempo de leitura":"3 minutos"},"schema":{"@context":"https:\/\/schema.org","@graph":[{"@type":"NewsArticle","@id":"https:\/\/www.suno.com.br\/noticias\/renda-cidada-precatorios-fundeb\/#article","isPartOf":{"@id":"https:\/\/www.suno.com.br\/noticias\/renda-cidada-precatorios-fundeb\/"},"author":{"name":"Vinicius Pereira","@id":"https:\/\/www.suno.com.br\/noticias\/#\/schema\/person\/a20761b96e4df7eb57f1f9e41be1dbf3"},"headline":"Renda Cidad\u00e3 dever\u00e1 ter recursos de precat\u00f3rios e do Fundeb","datePublished":"2020-09-28T17:39:27+00:00","dateModified":"2020-09-28T17:41:33+00:00","mainEntityOfPage":{"@id":"https:\/\/www.suno.com.br\/noticias\/renda-cidada-precatorios-fundeb\/"},"wordCount":542,"publisher":{"@id":"https:\/\/www.suno.com.br\/noticias\/#organization"},"image":{"@id":"https:\/\/www.suno.com.br\/noticias\/renda-cidada-precatorios-fundeb\/#primaryimage"},"thumbnailUrl":"https:\/\/files.sunoresearch.com.br\/n\/uploads\/2020\/04\/495804dc-bolsa-fam\u00edlia-jpg.webp","keywords":["Bolsa Fam\u00edlia","Jair Bolsonaro","Renda Cidad\u00e3"],"articleSection":["Economia"],"inLanguage":"pt-BR"},{"@type":"WebPage","@id":"https:\/\/www.suno.com.br\/noticias\/renda-cidada-precatorios-fundeb\/","url":"https:\/\/www.suno.com.br\/noticias\/renda-cidada-precatorios-fundeb\/","name":"Renda Cidad\u00e3 dever\u00e1 ter recursos de precat\u00f3rios e do Fundeb","isPartOf":{"@id":"https:\/\/www.suno.com.br\/noticias\/#website"},"primaryImageOfPage":{"@id":"https:\/\/www.suno.com.br\/noticias\/renda-cidada-precatorios-fundeb\/#primaryimage"},"image":{"@id":"https:\/\/www.suno.com.br\/noticias\/renda-cidada-precatorios-fundeb\/#primaryimage"},"thumbnailUrl":"https:\/\/files.sunoresearch.com.br\/n\/uploads\/2020\/04\/495804dc-bolsa-fam\u00edlia-jpg.webp","datePublished":"2020-09-28T17:39:27+00:00","dateModified":"2020-09-28T17:41:33+00:00","description":"Governo anunciou que Renda Cidad\u00e3 dever\u00e1 ter recursos vindos da educa\u00e7\u00e3o e do pagamento de precat\u00f3rios. Clique aqui para ler mais sobre.","breadcrumb":{"@id":"https:\/\/www.suno.com.br\/noticias\/renda-cidada-precatorios-fundeb\/#breadcrumb"},"inLanguage":"pt-BR","potentialAction":[{"@type":"ReadAction","target":["https:\/\/www.suno.com.br\/noticias\/renda-cidada-precatorios-fundeb\/"]}]},{"@type":"ImageObject","inLanguage":"pt-BR","@id":"https:\/\/www.suno.com.br\/noticias\/renda-cidada-precatorios-fundeb\/#primaryimage","url":"https:\/\/files.sunoresearch.com.br\/n\/uploads\/2020\/04\/495804dc-bolsa-fam\u00edlia-jpg.webp","contentUrl":"https:\/\/files.sunoresearch.com.br\/n\/uploads\/2020\/04\/495804dc-bolsa-fam\u00edlia-jpg.webp","width":1024,"height":680,"caption":"Renda Cidad\u00e3 dever\u00e1 ter recursos de precat\u00f3rios e do Fundeb"},{"@type":"BreadcrumbList","@id":"https:\/\/www.suno.com.br\/noticias\/renda-cidada-precatorios-fundeb\/#breadcrumb","itemListElement":[{"@type":"ListItem","position":1,"name":"Not\u00edcias","item":"https:\/\/www.suno.com.br\/noticias\/"},{"@type":"ListItem","position":2,"name":"Economia","item":"https:\/\/www.suno.com.br\/noticias\/economia\/"},{"@type":"ListItem","position":3,"name":"Renda Cidad\u00e3 dever\u00e1 ter recursos de precat\u00f3rios e do Fundeb"}]},{"@type":"WebSite","@id":"https:\/\/www.suno.com.br\/noticias\/#website","url":"https:\/\/www.suno.com.br\/noticias\/","name":"Suno Not\u00edcias","description":"Seu portal de informa\u00e7\u00e3o sobre o mundo dos investimentos","publisher":{"@id":"https:\/\/www.suno.com.br\/noticias\/#organization"},"potentialAction":[{"@type":"SearchAction","target":{"@type":"EntryPoint","urlTemplate":"https:\/\/www.suno.com.br\/noticias\/?s={search_term_string}"},"query-input":{"@type":"PropertyValueSpecification","valueRequired":true,"valueName":"search_term_string"}}],"inLanguage":"pt-BR"},{"@type":"Organization","@id":"https:\/\/www.suno.com.br\/noticias\/#organization","name":"Suno Not\u00edcias","url":"https:\/\/www.suno.com.br\/noticias\/","logo":{"@type":"ImageObject","inLanguage":"pt-BR","@id":"https:\/\/www.suno.com.br\/noticias\/#\/schema\/logo\/image\/","url":"https:\/\/files.sunoresearch.com.br\/n\/uploads\/2021\/09\/suno-logo.png","contentUrl":"https:\/\/files.sunoresearch.com.br\/n\/uploads\/2021\/09\/suno-logo.png","width":180,"height":180,"caption":"Suno Not\u00edcias"},"image":{"@id":"https:\/\/www.suno.com.br\/noticias\/#\/schema\/logo\/image\/"},"sameAs":["https:\/\/facebook.com\/sunoresearch","https:\/\/x.com\/sunoresearch","https:\/\/www.instagram.com\/suno","https:\/\/www.linkedin.com\/company\/suno-research\/","https:\/\/www.youtube.com\/c\/sunoresearch"]},{"@type":"Person","@id":"https:\/\/www.suno.com.br\/noticias\/#\/schema\/person\/a20761b96e4df7eb57f1f9e41be1dbf3","name":"Vinicius Pereira","image":{"@type":"ImageObject","inLanguage":"pt-BR","@id":"https:\/\/www.suno.com.br\/noticias\/#\/schema\/person\/image\/","url":"https:\/\/secure.gravatar.com\/avatar\/783866b933198f5cc4c5d03fcc8b1301?s=96&r=g","contentUrl":"https:\/\/secure.gravatar.com\/avatar\/783866b933198f5cc4c5d03fcc8b1301?s=96&r=g","caption":"Vinicius Pereira"},"description":"Vinicius Pereira foi rep\u00f3rter de economia da Folha de S.Paulo, stringer do jornal no Canad\u00e1 e colaborador de VEJA. J\u00e1 escreveu tamb\u00e9m para BBC Brasil, The Intercept Brasil e UOL. Tem MBA em Informa\u00e7\u00f5es Econ\u00f4mico-Financeiras e Mercado de Capitais pela FIA\/B3.","sameAs":["https:\/\/x.com\/https:\/\/twitter.com\/viniciuspjornal"],"url":"https:\/\/www.suno.com.br\/noticias\/author\/vinicius-pereira\/"}]}},"default_loop_html":"<div class=\"cardsPage__listCard__boxs\"><div class=\"cardsPage__listCard__boxs__img\"><a href=\"https:\/\/www.suno.com.br\/noticias\/renda-cidada-precatorios-fundeb\/\"><img class=\"mask\" src=\"https:\/\/www.suno.com.br\/noticias\/wp-content\/themes\/suno\/resources\/images\/spotlight\/spotlight1img\/bg-mask.png\" alt=\"Image Mask\"\/><img src=\"https:\/\/files.sunoresearch.com.br\/n\/uploads\/2020\/04\/495804dc-bolsa-fam\u00edlia-400x200.webp\" alt=\"Renda Cidad\u00e3 dever\u00e1 ter recursos de precat\u00f3rios e do Fundeb\"\/><\/a><span class=\"spotlightCategory\"><a href=\"https:\/\/www.suno.com.br\/noticias\/economia\/\">Economia<\/a><\/span><\/div><div class=\"cardsPage__listCard__boxs__content\"><a href=\"https:\/\/www.suno.com.br\/noticias\/renda-cidada-precatorios-fundeb\/\"><h2 class=\"content__title\">Renda Cidad\u00e3 dever\u00e1 ter recursos de precat\u00f3rios e do Fundeb<\/h2><\/a><div class=\"newsContent__article__meta\"><div class=\"newsContent__article__meta__authorBox\"><a href=\"https:\/\/www.suno.com.br\/noticias\/author\/vinicius-pereira\/\" class=\"authorBox__avatar noMobi\"><img src=\"https:\/\/files.sunoresearch.com.br\/n\/uploads\/2020\/08\/77510613-whatsapp-image-2020-08-03-at-13.40.40-150x150.webp\" alt=\"Vinicius Pereira\"><\/a><div class=\"authorBox__name\"><span>por\n\t\t\t<a href=\"https:\/\/www.suno.com.br\/noticias\/author\/vinicius-pereira\/\"><span itemprop=\"author\">Vinicius Pereira<\/span><\/a><\/span><time datetime=\"2020-09-28T14:39:27-03:00\" itemprop=\"datePublished\">28\/09\/2020 14:39<\/time><\/div><\/div><\/div><\/div><\/div>","single_layout":"posts","amp_enabled":true,"_links":{"self":[{"href":"https:\/\/www.suno.com.br\/noticias\/wp-json\/wp\/v2\/posts\/87906"}],"collection":[{"href":"https:\/\/www.suno.com.br\/noticias\/wp-json\/wp\/v2\/posts"}],"about":[{"href":"https:\/\/www.suno.com.br\/noticias\/wp-json\/wp\/v2\/types\/post"}],"author":[{"embeddable":true,"href":"https:\/\/www.suno.com.br\/noticias\/wp-json\/wp\/v2\/users\/27"}],"replies":[{"embeddable":true,"href":"https:\/\/www.suno.com.br\/noticias\/wp-json\/wp\/v2\/comments?post=87906"}],"version-history":[{"count":0,"href":"https:\/\/www.suno.com.br\/noticias\/wp-json\/wp\/v2\/posts\/87906\/revisions"}],"wp:featuredmedia":[{"embeddable":true,"href":"https:\/\/www.suno.com.br\/noticias\/wp-json\/wp\/v2\/media\/62064"}],"wp:attachment":[{"href":"https:\/\/www.suno.com.br\/noticias\/wp-json\/wp\/v2\/media?parent=87906"}],"wp:term":[{"taxonomy":"category","embeddable":true,"href":"https:\/\/www.suno.com.br\/noticias\/wp-json\/wp\/v2\/categories?post=87906"},{"taxonomy":"post_tag","embeddable":true,"href":"https:\/\/www.suno.com.br\/noticias\/wp-json\/wp\/v2\/tags?post=87906"},{"taxonomy":"suno_strategy","embeddable":true,"href":"https:\/\/www.suno.com.br\/noticias\/wp-json\/wp\/v2\/suno_strategy?post=87906"}],"curies":[{"name":"wp","href":"https:\/\/api.w.org\/{rel}","templated":true}]}}