{"id":87870,"date":"2020-09-28T15:38:10","date_gmt":"2020-09-28T18:38:10","guid":{"rendered":"https:\/\/www.suno.com.br\/noticias\/?p=87870"},"modified":"2020-09-28T16:37:23","modified_gmt":"2020-09-28T19:37:23","slug":"mercedes-benz-lanca-linha-producao-onibus","status":"publish","type":"post","link":"https:\/\/www.suno.com.br\/noticias\/mercedes-benz-lanca-linha-producao-onibus\/","title":{"rendered":"Mercedes lan\u00e7a nova linha de produ\u00e7\u00e3o de \u00f4nibus no Brasil"},"content":{"rendered":"<p>A fabricante alem\u00e3 <strong>Mercedes-Benz <\/strong>anunciou nesta segunda-feira (28) a inaugura\u00e7\u00e3o de uma nova linha de produ\u00e7\u00e3o de chassis de \u00f4nibus no parque industrial em S\u00e3o Bernardo do Campo (SP), ap\u00f3s investimento de R$ 107 milh\u00f5es.<\/p>\t<div class=\"wrapper-featured-image\">\n\t\t<figure class=\"spotlightImg\">\n\n\t\t\t<picture>\n\t\t\t\t<source media=\"(max-width: 768px)\" srcset=\"https:\/\/files.sunoresearch.com.br\/n\/uploads\/2020\/09\/50921544-mercedes-benz_future_bus_iaa_2017_frankfurt_1y7a3418-min-400x200.jpg\">\n\t\t\t\t<img loading=\"lazy\" decoding=\"async\" class=\"newsContent__article__imgCapa lazyloadDisabled \" src=\"https:\/\/files.sunoresearch.com.br\/n\/uploads\/2020\/09\/50921544-mercedes-benz_future_bus_iaa_2017_frankfurt_1y7a3418-min-800x450.jpg\" width=\"800\" height=\"450\" alt=\"Mercedes lan\u00e7a nova linha de produ\u00e7\u00e3o de \u00f4nibus no Brasil\" fetchpriority=high \/>\n\t\t\t<\/picture>\n\n\t\t\t<figcaption class=\"wp-caption-text wp-caption-text--show\">A Mercedes-Benz anunciou a inaugura\u00e7\u00e3o de uma nova linha de produ\u00e7\u00e3o de \u00f4nibus depois de um investimento de R$ 107 milh\u00f5es<\/figcaption>\n\t\t<\/figure>\n\t<\/div>\n\n\n<div class=\"hubspot-form-wrapper\">\n\t<div id=\"single-form-target\"><\/div>\n<\/div>\n\n<p>Diretores da companhia afirmaram, em transmiss\u00e3o online, que embora o mercado de \u00f4nibus em 2020 tenha registrado um contra\u00e7\u00e3o superior a 34%, este \u00e9 o momento certo para investir em <strong>transporte coletivo<\/strong>. De acordo com as proje\u00e7\u00f5es da Mercedes, o mercado de coletivos deve voltar a apresentar resultados positivos em 2021, depois de fechar este com 12 mil a 13,7 mil unidades licenciadas.<\/p>\n<p>&#8220;Mas \u00e9 uma informa\u00e7\u00e3o positiva porque \u00e9 crescimento. O desempenho vai depender do cr\u00e9dito que ser\u00e1 ofertado pelos bancos a esse segmento, mas estamos otimistas&#8221;, afirmou o diretor de vendas e marketing da divis\u00e3o de \u00f4nibus da empresa, Walter Barbosa, destacando a perspectiva de de retorno gradual dos passageiros de \u00f4nibus.<\/p>\n<p><a href=\"https:\/\/lp.suno.com.br\/suno-one\/\">Suno One: acesse gratuitamente eBooks, Minicursos, Artigos e Video Aulas sobre investimentos com um \u00fanico cadastro. Clique para saber mais!<\/a><\/p>\n<p>O vice-presidente da Mercedes-Benz, Roberto Leoncini, lembrou ainda que, al\u00e9m do impacto na economia e as restri\u00e7\u00f5es de circula\u00e7\u00e3o para conter a pandemia de coronav\u00edrus, o setor de transporte coletivo tamb\u00e9m lida com a falta de confian\u00e7a da popula\u00e7\u00e3o, em vista do risco de cont\u00e1gio.<\/p>\n<p>Por conta da queda na demanda devido \u00e0 crise, a f\u00e1brica de \u00f4nibus da companhia opera, atualmente, em apenas um turno de produ\u00e7\u00e3o.<\/p>\n<h2>Ciclo de investimentos da Mercedes prev\u00ea R$ 2,4 bi<\/h2>\n<p>A nova linha de produ\u00e7\u00e3o de \u00f4nibus inaugurada pela montadora alem\u00e3 no Pa\u00eds integra parte do ciclo de investimentos iniciado em 2018, que prev\u00ea aportes de R$ 2,4 bilh\u00f5es no Brasil.<\/p>\n\t<div data-element=\"shortcode-read-more\" class=\"knowMore\">\n\t\t\t\t<span class=\"knowMore__title\">Saiba mais<\/span>\n\t\t\t\t<a class=\"knowMore__link\" href=\"https:\/\/www.suno.com.br\/noticias\/mercedes-benz-nvidia-carros-autonomos\/\">\n\t\t\tMercedes e Nvidia fecham acordo para desenvolver carros aut\u00f4nomos\t\t<\/a>\n\t<\/div>\n\n\n<p>A nova plataforma incorpora tecnologias de manufatura de \u00faltima gera\u00e7\u00e3o e n\u00e3o altera a capacidade de produ\u00e7\u00e3o da <strong>Mercedes<\/strong>, por\u00e9m permite maior versatilidade, visto que a montadora consegue fabricar uma maior gama de ve\u00edculos coletivos em uma \u00fanica linha.<\/p>\n<p><em>Com informa\u00e7\u00f5es do Estad\u00e3o Conte\u00fado<\/em><\/p>\n\t<p>\n\t\t<a href=\"https:\/\/lp.suno.com.br\/planilha-de-controle-de-investimentos\/\" target=\"_blank\" data-element=\"shortcode-suno-banner\" title=\"Banner SUNO, clique e saiba mais\">\n\t\t\t<picture>\n\t\t\t\t<source media=\"(max-width: 500px)\" srcset=\"https:\/\/files.sunoresearch.com.br\/n\/uploads\/2023\/03\/400x300-Controle-de-Investimentos.png\">\n\t\t\t\t<img class=\"newsContent__article__imgCapa newsContent__article__imgCapa--banner\"\n\t\t\t\t\tsrc=\"https:\/\/files.sunoresearch.com.br\/n\/uploads\/2023\/03\/1420x240-Controle-de-Investimentos.png\"\n\t\t\t\t\tdata-promo-id=\"75934\"\t\t\t\t\t\t\t\t\t\twidth='1420' height='240'\t\t\t\t\talt=\"https:\/\/files.sunoresearch.com.br\/n\/uploads\/2023\/03\/1420x240-Controle-de-Investimentos.png\"\n\t\t\t\t>\n\t\t\t<\/picture>\n\t\t<\/a>\n\t<\/p>\n\n\n","protected":false},"excerpt":{"rendered":"<p>A fabricante alem\u00e3 Mercedes-Benz anunciou nesta segunda-feira (28) a inaugura\u00e7\u00e3o de uma nova linha de produ\u00e7\u00e3o de chassis de \u00f4nibus no parque industrial em S\u00e3o Bernardo do Campo (SP), ap\u00f3s investimento de R$ 107 milh\u00f5es. A Mercedes-Benz anunciou a inaugura\u00e7\u00e3o de uma nova linha de produ\u00e7\u00e3o de \u00f4nibus depois de um investimento de R$ 107 [&hellip;]<\/p>\n","protected":false},"author":35,"featured_media":87935,"comment_status":"closed","ping_status":"closed","sticky":false,"template":"","format":"standard","meta":[],"categories":[64],"tags":[1210],"suno_strategy":[],"class_list":["post-87870","post","type-post","status-publish","format-standard","has-post-thumbnail","hentry","category-negocios","tag-mercedes-benz"],"yoast_head":"<!-- This site is optimized with the Yoast SEO plugin v24.4 - https:\/\/yoast.com\/wordpress\/plugins\/seo\/ -->\n<title>Mercedes lan\u00e7a nova linha de produ\u00e7\u00e3o de \u00f4nibus no Brasil<\/title>\n<meta name=\"description\" content=\"A Mercedes-Benz inaugurou uma nova linha de produ\u00e7\u00e3o de chassis de \u00f4nibus, ap\u00f3s investimento de R$ 107 milh\u00f5es. Clique para saber mais\" \/>\n<meta name=\"robots\" content=\"index, follow, max-snippet:-1, max-image-preview:large, max-video-preview:-1\" \/>\n<link rel=\"canonical\" href=\"https:\/\/www.suno.com.br\/noticias\/mercedes-benz-lanca-linha-producao-onibus\/\" \/>\n<meta property=\"og:locale\" content=\"pt_BR\" \/>\n<meta property=\"og:type\" content=\"article\" \/>\n<meta property=\"og:title\" content=\"Mercedes lan\u00e7a nova linha de produ\u00e7\u00e3o de \u00f4nibus no Brasil\" \/>\n<meta property=\"og:description\" content=\"A Mercedes-Benz inaugurou uma nova linha de produ\u00e7\u00e3o de chassis de \u00f4nibus, ap\u00f3s investimento de R$ 107 milh\u00f5es. Clique para saber mais\" \/>\n<meta property=\"og:url\" content=\"https:\/\/www.suno.com.br\/noticias\/mercedes-benz-lanca-linha-producao-onibus\/\" \/>\n<meta property=\"og:site_name\" content=\"Suno Not\u00edcias\" \/>\n<meta property=\"article:publisher\" content=\"https:\/\/facebook.com\/sunoresearch\" \/>\n<meta property=\"og:image\" content=\"https:\/\/files.sunoresearch.com.br\/n\/uploads\/2020\/09\/50921544-mercedes-benz_future_bus_iaa_2017_frankfurt_1y7a3418-min-scaled.jpg\" \/>\n\t<meta property=\"og:image:width\" content=\"2560\" \/>\n\t<meta property=\"og:image:height\" content=\"1707\" \/>\n\t<meta property=\"og:image:type\" content=\"image\/jpeg\" \/>\n<meta name=\"author\" content=\"Arthur Guimar\u00e3es\" \/>\n<meta name=\"twitter:card\" content=\"summary_large_image\" \/>\n<meta name=\"twitter:creator\" content=\"@sunoresearch\" \/>\n<meta name=\"twitter:site\" content=\"@sunoresearch\" \/>\n<meta name=\"twitter:label1\" content=\"Escrito por\" \/>\n\t<meta name=\"twitter:data1\" content=\"Arthur Guimar\u00e3es\" \/>\n\t<meta name=\"twitter:label2\" content=\"Est. tempo de leitura\" \/>\n\t<meta name=\"twitter:data2\" content=\"2 minutos\" \/>\n<script type=\"application\/ld+json\" class=\"yoast-schema-graph\">{\"@context\":\"https:\/\/schema.org\",\"@graph\":[{\"@type\":\"NewsArticle\",\"@id\":\"https:\/\/www.suno.com.br\/noticias\/mercedes-benz-lanca-linha-producao-onibus\/#article\",\"isPartOf\":{\"@id\":\"https:\/\/www.suno.com.br\/noticias\/mercedes-benz-lanca-linha-producao-onibus\/\"},\"author\":{\"name\":\"Arthur Guimar\u00e3es\",\"@id\":\"https:\/\/www.suno.com.br\/noticias\/#\/schema\/person\/053a750a709a263919a20f976caae91c\"},\"headline\":\"Mercedes lan\u00e7a nova linha de produ\u00e7\u00e3o de \u00f4nibus no Brasil\",\"datePublished\":\"2020-09-28T18:38:10+00:00\",\"dateModified\":\"2020-09-28T19:37:23+00:00\",\"mainEntityOfPage\":{\"@id\":\"https:\/\/www.suno.com.br\/noticias\/mercedes-benz-lanca-linha-producao-onibus\/\"},\"wordCount\":374,\"publisher\":{\"@id\":\"https:\/\/www.suno.com.br\/noticias\/#organization\"},\"image\":{\"@id\":\"https:\/\/www.suno.com.br\/noticias\/mercedes-benz-lanca-linha-producao-onibus\/#primaryimage\"},\"thumbnailUrl\":\"https:\/\/files.sunoresearch.com.br\/n\/uploads\/2020\/09\/50921544-mercedes-benz_future_bus_iaa_2017_frankfurt_1y7a3418-min-scaled.jpg\",\"keywords\":[\"Mercedes-Benz\"],\"articleSection\":[\"Neg\u00f3cios\"],\"inLanguage\":\"pt-BR\"},{\"@type\":\"WebPage\",\"@id\":\"https:\/\/www.suno.com.br\/noticias\/mercedes-benz-lanca-linha-producao-onibus\/\",\"url\":\"https:\/\/www.suno.com.br\/noticias\/mercedes-benz-lanca-linha-producao-onibus\/\",\"name\":\"Mercedes lan\u00e7a nova linha de produ\u00e7\u00e3o de \u00f4nibus no Brasil\",\"isPartOf\":{\"@id\":\"https:\/\/www.suno.com.br\/noticias\/#website\"},\"primaryImageOfPage\":{\"@id\":\"https:\/\/www.suno.com.br\/noticias\/mercedes-benz-lanca-linha-producao-onibus\/#primaryimage\"},\"image\":{\"@id\":\"https:\/\/www.suno.com.br\/noticias\/mercedes-benz-lanca-linha-producao-onibus\/#primaryimage\"},\"thumbnailUrl\":\"https:\/\/files.sunoresearch.com.br\/n\/uploads\/2020\/09\/50921544-mercedes-benz_future_bus_iaa_2017_frankfurt_1y7a3418-min-scaled.jpg\",\"datePublished\":\"2020-09-28T18:38:10+00:00\",\"dateModified\":\"2020-09-28T19:37:23+00:00\",\"description\":\"A Mercedes-Benz inaugurou uma nova linha de produ\u00e7\u00e3o de chassis de \u00f4nibus, ap\u00f3s investimento de R$ 107 milh\u00f5es. Clique para saber mais\",\"breadcrumb\":{\"@id\":\"https:\/\/www.suno.com.br\/noticias\/mercedes-benz-lanca-linha-producao-onibus\/#breadcrumb\"},\"inLanguage\":\"pt-BR\",\"potentialAction\":[{\"@type\":\"ReadAction\",\"target\":[\"https:\/\/www.suno.com.br\/noticias\/mercedes-benz-lanca-linha-producao-onibus\/\"]}]},{\"@type\":\"ImageObject\",\"inLanguage\":\"pt-BR\",\"@id\":\"https:\/\/www.suno.com.br\/noticias\/mercedes-benz-lanca-linha-producao-onibus\/#primaryimage\",\"url\":\"https:\/\/files.sunoresearch.com.br\/n\/uploads\/2020\/09\/50921544-mercedes-benz_future_bus_iaa_2017_frankfurt_1y7a3418-min-scaled.jpg\",\"contentUrl\":\"https:\/\/files.sunoresearch.com.br\/n\/uploads\/2020\/09\/50921544-mercedes-benz_future_bus_iaa_2017_frankfurt_1y7a3418-min-scaled.jpg\",\"width\":2560,\"height\":1707,\"caption\":\"A Mercedes-Benz anunciou a inaugura\u00e7\u00e3o de uma nova linha de produ\u00e7\u00e3o de \u00f4nibus depois de um investimento de R$ 107 milh\u00f5es\"},{\"@type\":\"BreadcrumbList\",\"@id\":\"https:\/\/www.suno.com.br\/noticias\/mercedes-benz-lanca-linha-producao-onibus\/#breadcrumb\",\"itemListElement\":[{\"@type\":\"ListItem\",\"position\":1,\"name\":\"Not\u00edcias\",\"item\":\"https:\/\/www.suno.com.br\/noticias\/\"},{\"@type\":\"ListItem\",\"position\":2,\"name\":\"Neg\u00f3cios\",\"item\":\"https:\/\/www.suno.com.br\/noticias\/negocios\/\"},{\"@type\":\"ListItem\",\"position\":3,\"name\":\"Mercedes lan\u00e7a nova linha de produ\u00e7\u00e3o de \u00f4nibus no Brasil\"}]},{\"@type\":\"WebSite\",\"@id\":\"https:\/\/www.suno.com.br\/noticias\/#website\",\"url\":\"https:\/\/www.suno.com.br\/noticias\/\",\"name\":\"Suno Not\u00edcias\",\"description\":\"Seu portal de informa\u00e7\u00e3o sobre o mundo dos investimentos\",\"publisher\":{\"@id\":\"https:\/\/www.suno.com.br\/noticias\/#organization\"},\"potentialAction\":[{\"@type\":\"SearchAction\",\"target\":{\"@type\":\"EntryPoint\",\"urlTemplate\":\"https:\/\/www.suno.com.br\/noticias\/?s={search_term_string}\"},\"query-input\":{\"@type\":\"PropertyValueSpecification\",\"valueRequired\":true,\"valueName\":\"search_term_string\"}}],\"inLanguage\":\"pt-BR\"},{\"@type\":\"Organization\",\"@id\":\"https:\/\/www.suno.com.br\/noticias\/#organization\",\"name\":\"Suno Not\u00edcias\",\"url\":\"https:\/\/www.suno.com.br\/noticias\/\",\"logo\":{\"@type\":\"ImageObject\",\"inLanguage\":\"pt-BR\",\"@id\":\"https:\/\/www.suno.com.br\/noticias\/#\/schema\/logo\/image\/\",\"url\":\"https:\/\/files.sunoresearch.com.br\/n\/uploads\/2021\/09\/suno-logo.png\",\"contentUrl\":\"https:\/\/files.sunoresearch.com.br\/n\/uploads\/2021\/09\/suno-logo.png\",\"width\":180,\"height\":180,\"caption\":\"Suno Not\u00edcias\"},\"image\":{\"@id\":\"https:\/\/www.suno.com.br\/noticias\/#\/schema\/logo\/image\/\"},\"sameAs\":[\"https:\/\/facebook.com\/sunoresearch\",\"https:\/\/x.com\/sunoresearch\",\"https:\/\/www.instagram.com\/suno\",\"https:\/\/www.linkedin.com\/company\/suno-research\/\",\"https:\/\/www.youtube.com\/c\/sunoresearch\"]},{\"@type\":\"Person\",\"@id\":\"https:\/\/www.suno.com.br\/noticias\/#\/schema\/person\/053a750a709a263919a20f976caae91c\",\"name\":\"Arthur Guimar\u00e3es\",\"image\":{\"@type\":\"ImageObject\",\"inLanguage\":\"pt-BR\",\"@id\":\"https:\/\/www.suno.com.br\/noticias\/#\/schema\/person\/image\/\",\"url\":\"https:\/\/secure.gravatar.com\/avatar\/1affd86a11209ae09eb6dd3bcad3e96c?s=96&r=g\",\"contentUrl\":\"https:\/\/secure.gravatar.com\/avatar\/1affd86a11209ae09eb6dd3bcad3e96c?s=96&r=g\",\"caption\":\"Arthur Guimar\u00e3es\"},\"description\":\"Arthur Guimar\u00e3es escreve sobre pol\u00edtica, economia e neg\u00f3cios para o portal de not\u00edcias da Suno Research. Atualmente, \u00e9 estudante de jornalismo pela Faculdade C\u00e1sper L\u00edbero.\",\"url\":\"https:\/\/www.suno.com.br\/noticias\/author\/arthur-guimaraes\/\"}]}<\/script>\n<!-- \/ Yoast SEO plugin. -->","yoast_head_json":{"title":"Mercedes lan\u00e7a nova linha de produ\u00e7\u00e3o de \u00f4nibus no Brasil","description":"A Mercedes-Benz inaugurou uma nova linha de produ\u00e7\u00e3o de chassis de \u00f4nibus, ap\u00f3s investimento de R$ 107 milh\u00f5es. Clique para saber mais","robots":{"index":"index","follow":"follow","max-snippet":"max-snippet:-1","max-image-preview":"max-image-preview:large","max-video-preview":"max-video-preview:-1"},"canonical":"https:\/\/www.suno.com.br\/noticias\/mercedes-benz-lanca-linha-producao-onibus\/","og_locale":"pt_BR","og_type":"article","og_title":"Mercedes lan\u00e7a nova linha de produ\u00e7\u00e3o de \u00f4nibus no Brasil","og_description":"A Mercedes-Benz inaugurou uma nova linha de produ\u00e7\u00e3o de chassis de \u00f4nibus, ap\u00f3s investimento de R$ 107 milh\u00f5es. Clique para saber mais","og_url":"https:\/\/www.suno.com.br\/noticias\/mercedes-benz-lanca-linha-producao-onibus\/","og_site_name":"Suno Not\u00edcias","article_publisher":"https:\/\/facebook.com\/sunoresearch","og_image":[{"width":2560,"height":1707,"url":"https:\/\/files.sunoresearch.com.br\/n\/uploads\/2020\/09\/50921544-mercedes-benz_future_bus_iaa_2017_frankfurt_1y7a3418-min-scaled.jpg","type":"image\/jpeg"}],"author":"Arthur Guimar\u00e3es","twitter_card":"summary_large_image","twitter_creator":"@sunoresearch","twitter_site":"@sunoresearch","twitter_misc":{"Escrito por":"Arthur Guimar\u00e3es","Est. tempo de leitura":"2 minutos"},"schema":{"@context":"https:\/\/schema.org","@graph":[{"@type":"NewsArticle","@id":"https:\/\/www.suno.com.br\/noticias\/mercedes-benz-lanca-linha-producao-onibus\/#article","isPartOf":{"@id":"https:\/\/www.suno.com.br\/noticias\/mercedes-benz-lanca-linha-producao-onibus\/"},"author":{"name":"Arthur Guimar\u00e3es","@id":"https:\/\/www.suno.com.br\/noticias\/#\/schema\/person\/053a750a709a263919a20f976caae91c"},"headline":"Mercedes lan\u00e7a nova linha de produ\u00e7\u00e3o de \u00f4nibus no Brasil","datePublished":"2020-09-28T18:38:10+00:00","dateModified":"2020-09-28T19:37:23+00:00","mainEntityOfPage":{"@id":"https:\/\/www.suno.com.br\/noticias\/mercedes-benz-lanca-linha-producao-onibus\/"},"wordCount":374,"publisher":{"@id":"https:\/\/www.suno.com.br\/noticias\/#organization"},"image":{"@id":"https:\/\/www.suno.com.br\/noticias\/mercedes-benz-lanca-linha-producao-onibus\/#primaryimage"},"thumbnailUrl":"https:\/\/files.sunoresearch.com.br\/n\/uploads\/2020\/09\/50921544-mercedes-benz_future_bus_iaa_2017_frankfurt_1y7a3418-min-scaled.jpg","keywords":["Mercedes-Benz"],"articleSection":["Neg\u00f3cios"],"inLanguage":"pt-BR"},{"@type":"WebPage","@id":"https:\/\/www.suno.com.br\/noticias\/mercedes-benz-lanca-linha-producao-onibus\/","url":"https:\/\/www.suno.com.br\/noticias\/mercedes-benz-lanca-linha-producao-onibus\/","name":"Mercedes lan\u00e7a nova linha de produ\u00e7\u00e3o de \u00f4nibus no Brasil","isPartOf":{"@id":"https:\/\/www.suno.com.br\/noticias\/#website"},"primaryImageOfPage":{"@id":"https:\/\/www.suno.com.br\/noticias\/mercedes-benz-lanca-linha-producao-onibus\/#primaryimage"},"image":{"@id":"https:\/\/www.suno.com.br\/noticias\/mercedes-benz-lanca-linha-producao-onibus\/#primaryimage"},"thumbnailUrl":"https:\/\/files.sunoresearch.com.br\/n\/uploads\/2020\/09\/50921544-mercedes-benz_future_bus_iaa_2017_frankfurt_1y7a3418-min-scaled.jpg","datePublished":"2020-09-28T18:38:10+00:00","dateModified":"2020-09-28T19:37:23+00:00","description":"A Mercedes-Benz inaugurou uma nova linha de produ\u00e7\u00e3o de chassis de \u00f4nibus, ap\u00f3s investimento de R$ 107 milh\u00f5es. Clique para saber mais","breadcrumb":{"@id":"https:\/\/www.suno.com.br\/noticias\/mercedes-benz-lanca-linha-producao-onibus\/#breadcrumb"},"inLanguage":"pt-BR","potentialAction":[{"@type":"ReadAction","target":["https:\/\/www.suno.com.br\/noticias\/mercedes-benz-lanca-linha-producao-onibus\/"]}]},{"@type":"ImageObject","inLanguage":"pt-BR","@id":"https:\/\/www.suno.com.br\/noticias\/mercedes-benz-lanca-linha-producao-onibus\/#primaryimage","url":"https:\/\/files.sunoresearch.com.br\/n\/uploads\/2020\/09\/50921544-mercedes-benz_future_bus_iaa_2017_frankfurt_1y7a3418-min-scaled.jpg","contentUrl":"https:\/\/files.sunoresearch.com.br\/n\/uploads\/2020\/09\/50921544-mercedes-benz_future_bus_iaa_2017_frankfurt_1y7a3418-min-scaled.jpg","width":2560,"height":1707,"caption":"A Mercedes-Benz anunciou a inaugura\u00e7\u00e3o de uma nova linha de produ\u00e7\u00e3o de \u00f4nibus depois de um investimento de R$ 107 milh\u00f5es"},{"@type":"BreadcrumbList","@id":"https:\/\/www.suno.com.br\/noticias\/mercedes-benz-lanca-linha-producao-onibus\/#breadcrumb","itemListElement":[{"@type":"ListItem","position":1,"name":"Not\u00edcias","item":"https:\/\/www.suno.com.br\/noticias\/"},{"@type":"ListItem","position":2,"name":"Neg\u00f3cios","item":"https:\/\/www.suno.com.br\/noticias\/negocios\/"},{"@type":"ListItem","position":3,"name":"Mercedes lan\u00e7a nova linha de produ\u00e7\u00e3o de \u00f4nibus no Brasil"}]},{"@type":"WebSite","@id":"https:\/\/www.suno.com.br\/noticias\/#website","url":"https:\/\/www.suno.com.br\/noticias\/","name":"Suno Not\u00edcias","description":"Seu portal de informa\u00e7\u00e3o sobre o mundo dos investimentos","publisher":{"@id":"https:\/\/www.suno.com.br\/noticias\/#organization"},"potentialAction":[{"@type":"SearchAction","target":{"@type":"EntryPoint","urlTemplate":"https:\/\/www.suno.com.br\/noticias\/?s={search_term_string}"},"query-input":{"@type":"PropertyValueSpecification","valueRequired":true,"valueName":"search_term_string"}}],"inLanguage":"pt-BR"},{"@type":"Organization","@id":"https:\/\/www.suno.com.br\/noticias\/#organization","name":"Suno Not\u00edcias","url":"https:\/\/www.suno.com.br\/noticias\/","logo":{"@type":"ImageObject","inLanguage":"pt-BR","@id":"https:\/\/www.suno.com.br\/noticias\/#\/schema\/logo\/image\/","url":"https:\/\/files.sunoresearch.com.br\/n\/uploads\/2021\/09\/suno-logo.png","contentUrl":"https:\/\/files.sunoresearch.com.br\/n\/uploads\/2021\/09\/suno-logo.png","width":180,"height":180,"caption":"Suno Not\u00edcias"},"image":{"@id":"https:\/\/www.suno.com.br\/noticias\/#\/schema\/logo\/image\/"},"sameAs":["https:\/\/facebook.com\/sunoresearch","https:\/\/x.com\/sunoresearch","https:\/\/www.instagram.com\/suno","https:\/\/www.linkedin.com\/company\/suno-research\/","https:\/\/www.youtube.com\/c\/sunoresearch"]},{"@type":"Person","@id":"https:\/\/www.suno.com.br\/noticias\/#\/schema\/person\/053a750a709a263919a20f976caae91c","name":"Arthur Guimar\u00e3es","image":{"@type":"ImageObject","inLanguage":"pt-BR","@id":"https:\/\/www.suno.com.br\/noticias\/#\/schema\/person\/image\/","url":"https:\/\/secure.gravatar.com\/avatar\/1affd86a11209ae09eb6dd3bcad3e96c?s=96&r=g","contentUrl":"https:\/\/secure.gravatar.com\/avatar\/1affd86a11209ae09eb6dd3bcad3e96c?s=96&r=g","caption":"Arthur Guimar\u00e3es"},"description":"Arthur Guimar\u00e3es escreve sobre pol\u00edtica, economia e neg\u00f3cios para o portal de not\u00edcias da Suno Research. Atualmente, \u00e9 estudante de jornalismo pela Faculdade C\u00e1sper L\u00edbero.","url":"https:\/\/www.suno.com.br\/noticias\/author\/arthur-guimaraes\/"}]}},"default_loop_html":"<div class=\"cardsPage__listCard__boxs\"><div class=\"cardsPage__listCard__boxs__img\"><a href=\"https:\/\/www.suno.com.br\/noticias\/mercedes-benz-lanca-linha-producao-onibus\/\"><img class=\"mask\" src=\"https:\/\/www.suno.com.br\/noticias\/wp-content\/themes\/suno\/resources\/images\/spotlight\/spotlight1img\/bg-mask.png\" alt=\"Image Mask\"\/><img src=\"https:\/\/files.sunoresearch.com.br\/n\/uploads\/2020\/09\/50921544-mercedes-benz_future_bus_iaa_2017_frankfurt_1y7a3418-min-400x200.jpg\" alt=\"Mercedes lan\u00e7a nova linha de produ\u00e7\u00e3o de \u00f4nibus no Brasil\"\/><\/a><span class=\"spotlightCategory\"><a href=\"https:\/\/www.suno.com.br\/noticias\/negocios\/\">Neg\u00f3cios<\/a><\/span><\/div><div class=\"cardsPage__listCard__boxs__content\"><a href=\"https:\/\/www.suno.com.br\/noticias\/mercedes-benz-lanca-linha-producao-onibus\/\"><h2 class=\"content__title\">Mercedes lan\u00e7a nova linha de produ\u00e7\u00e3o de \u00f4nibus no Brasil<\/h2><\/a><div class=\"newsContent__article__meta\"><div class=\"newsContent__article__meta__authorBox\"><a href=\"https:\/\/www.suno.com.br\/noticias\/author\/arthur-guimaraes\/\" class=\"authorBox__avatar noMobi\"><img src=\"https:\/\/files.sunoresearch.com.br\/n\/uploads\/2020\/02\/dfb40897-eu-150x150.webp\" alt=\"Arthur Guimar\u00e3es\"><\/a><div class=\"authorBox__name\"><span>por\n\t\t\t<a href=\"https:\/\/www.suno.com.br\/noticias\/author\/arthur-guimaraes\/\"><span itemprop=\"author\">Arthur Guimar\u00e3es<\/span><\/a><\/span><time datetime=\"2020-09-28T15:38:10-03:00\" itemprop=\"datePublished\">28\/09\/2020 15:38<\/time><\/div><\/div><\/div><\/div><\/div>","single_layout":"posts","amp_enabled":true,"_links":{"self":[{"href":"https:\/\/www.suno.com.br\/noticias\/wp-json\/wp\/v2\/posts\/87870"}],"collection":[{"href":"https:\/\/www.suno.com.br\/noticias\/wp-json\/wp\/v2\/posts"}],"about":[{"href":"https:\/\/www.suno.com.br\/noticias\/wp-json\/wp\/v2\/types\/post"}],"author":[{"embeddable":true,"href":"https:\/\/www.suno.com.br\/noticias\/wp-json\/wp\/v2\/users\/35"}],"replies":[{"embeddable":true,"href":"https:\/\/www.suno.com.br\/noticias\/wp-json\/wp\/v2\/comments?post=87870"}],"version-history":[{"count":0,"href":"https:\/\/www.suno.com.br\/noticias\/wp-json\/wp\/v2\/posts\/87870\/revisions"}],"wp:featuredmedia":[{"embeddable":true,"href":"https:\/\/www.suno.com.br\/noticias\/wp-json\/wp\/v2\/media\/87935"}],"wp:attachment":[{"href":"https:\/\/www.suno.com.br\/noticias\/wp-json\/wp\/v2\/media?parent=87870"}],"wp:term":[{"taxonomy":"category","embeddable":true,"href":"https:\/\/www.suno.com.br\/noticias\/wp-json\/wp\/v2\/categories?post=87870"},{"taxonomy":"post_tag","embeddable":true,"href":"https:\/\/www.suno.com.br\/noticias\/wp-json\/wp\/v2\/tags?post=87870"},{"taxonomy":"suno_strategy","embeddable":true,"href":"https:\/\/www.suno.com.br\/noticias\/wp-json\/wp\/v2\/suno_strategy?post=87870"}],"curies":[{"name":"wp","href":"https:\/\/api.w.org\/{rel}","templated":true}]}}