{"id":87642,"date":"2020-09-25T19:44:23","date_gmt":"2020-09-25T22:44:23","guid":{"rendered":"https:\/\/www.suno.com.br\/noticias\/?p=87642"},"modified":"2020-10-06T18:30:29","modified_gmt":"2020-10-06T21:30:29","slug":"conselho-boeing-acusado-omissao-737-max","status":"publish","type":"post","link":"https:\/\/www.suno.com.br\/noticias\/conselho-boeing-acusado-omissao-737-max\/","title":{"rendered":"Conselho da Boeing \u00e9 acusado de omiss\u00e3o na crise do 737 MAX, diz jornal"},"content":{"rendered":"<p>O conselho da <strong>Boeing<\/strong> (<a href=\"https:\/\/www.suno.com.br\/artigos\/nyse\/\">NYSE<\/a>: BA) \u00e9 acusado de n\u00e3o supervisionar de maneira adequada a resposta da administra\u00e7\u00e3o da companhia no que concerne aos dois acidentes envolvendo o 737 MAX e os problemas de seguran\u00e7a do modelo. As informa\u00e7\u00f5es s\u00e3o do jornal &#8220;The Wall Street Journal&#8221;.<\/p>\t<div class=\"wrapper-featured-image\">\n\t\t<figure class=\"spotlightImg\">\n\n\t\t\t<picture>\n\t\t\t\t<source media=\"(max-width: 768px)\" srcset=\"https:\/\/files.sunoresearch.com.br\/n\/uploads\/2020\/07\/061f3956-boeing_737_max_23514089002-400x200.webp\">\n\t\t\t\t<img loading=\"lazy\" decoding=\"async\" class=\"newsContent__article__imgCapa lazyloadDisabled \" src=\"https:\/\/files.sunoresearch.com.br\/n\/uploads\/2020\/07\/061f3956-boeing_737_max_23514089002-jpg.webp\" width=\"800\" height=\"450\" alt=\"Conselho da Boeing \u00e9 acusado de omiss\u00e3o na crise do 737 MAX, diz jornal\" fetchpriority=high \/>\n\t\t\t<\/picture>\n\n\t\t\t<figcaption class=\"wp-caption-text wp-caption-text--show\">O conselho da Boeing \u00e9 acusado de neglig\u00eancia na crise envolvendo o modelo 737 MAX<\/figcaption>\n\t\t<\/figure>\n\t<\/div>\n\n\n<div class=\"hubspot-form-wrapper\">\n\t<div id=\"single-form-target\"><\/div>\n<\/div>\n\n<p>O processo, movido por acionistas citando documentos internos da companhia,foi protocolado no in\u00edcio deste m\u00eas e alega que o ent\u00e3o <a href=\"https:\/\/www.suno.com.br\/artigos\/ceo\/\">CEO<\/a> da Boeing, Dennis Muilenburg, enganou o que os reclamantes classificaram como um conselho &#8220;amplamente passivo&#8221;. Os diretores ainda estariam supostamente preocupados com not\u00edcias negativas, deixando de pressionar a administra\u00e7\u00e3o obre problemas espec\u00edficos de engenharia do <strong>737 MAX<\/strong>.<\/p>\n<p>Um <strong>porta-voz<\/strong> da fabricante aeroespacial norte-americano afirmou que a a\u00e7\u00e3o carece de m\u00e9rito e a companhia ir\u00e1 buscar arquiv\u00e1-lo at\u00e9 o final deste ano. O representante da empresa ainda acrescentou que, antes dos dois acidentes, a Boeing apresentava protocolos em vigor que exigiam relat\u00f3rios de n\u00edvel de diretoria sobre o 737 MAX e outros t\u00f3picos de design, desenvolvimento e seguran\u00e7a, enquanto o processo alega que o conselho se omitia repetidamente.<\/p>\n<p><a href=\"https:\/\/lp.suno.com.br\/suno-one\/\">Conhe\u00e7a o Suno One, a central gratuita de informa\u00e7\u00f5es da Suno para quem quer aprender a investir. Acesse clicando aqui.<\/a><\/p>\n<p>\u201cComo se poderia esperar de uma a\u00e7\u00e3o por parte dos reclamantes em um processo como este, a alega\u00e7\u00e3o apresenta uma imagem unilateral e enganosa das atividades da Boeing e de seu conselho durante este per\u00edodo de tempo\u201d, destacou o porta-voz.<\/p>\n<p>Os <strong>advogados<\/strong> dos acionistas argumentam que conselho &#8220;se concentrou incansavelmente em monitorar e aumentar a produ\u00e7\u00e3o do MAX&#8221; ao longo dos anos, conforme o processo, por\u00e9m &#8220;n\u00e3o olhou para dentro e investigou&#8221; os dois acidentes, em parte pois carecia de uma forma organizada de fiscalizar quest\u00f5es de seguran\u00e7a dentro e fora da companhia.<\/p>\n<h2>Boeing omitiu falhas do 737 MAX de pilotos e reguladores<\/h2>\n<p>Na semana passado, Congresso dos Estados Unidos divulgou um documento que apontou para a omiss\u00e3o de falhas de seu modelo 737 MAX de pilotos e das autoridades regulat\u00f3rias enquanto se apressava para obter a licen\u00e7a para voar.<\/p>\n\t<div data-element=\"shortcode-read-more\" class=\"knowMore\">\n\t\t\t\t<span class=\"knowMore__title\">Saiba mais<\/span>\n\t\t\t\t<a class=\"knowMore__link\" href=\"https:\/\/www.suno.com.br\/noticias\/boeing-omitiu-falhas-737-max-pilotos-reguladores\/\">\n\t\t\tBoeing omitiu falhas do 737 MAX de pilotos e reguladores, diz relat\u00f3rio\t\t<\/a>\n\t<\/div>\n\n\n<p>Segundo a comiss\u00e3o federal, as fatalidades \u201cn\u00e3o foram resultado de uma falha singular, erro t\u00e9cnico ou evento mal administrado, mas sim o terr\u00edvel resultado de uma s\u00e9rie de suposi\u00e7\u00f5es t\u00e9cnicas incorretas dos engenheiros da Boeing, uma falta de transpar\u00eancia por parte da administra\u00e7\u00e3o da <strong>Boeing<\/strong> e uma supervis\u00e3o grosseiramente insuficiente da FAA [Federal Aviation Administration].\u201d<\/p>\n\t<p>\n\t\t<a href=\"https:\/\/lp.suno.com.br\/planilha-de-controle-de-investimentos\/\" target=\"_blank\" data-element=\"shortcode-suno-banner\" title=\"Banner SUNO, clique e saiba mais\">\n\t\t\t<picture>\n\t\t\t\t<source media=\"(max-width: 500px)\" srcset=\"https:\/\/files.sunoresearch.com.br\/n\/uploads\/2023\/03\/400x300-Controle-de-Investimentos.png\">\n\t\t\t\t<img class=\"newsContent__article__imgCapa newsContent__article__imgCapa--banner\"\n\t\t\t\t\tsrc=\"https:\/\/files.sunoresearch.com.br\/n\/uploads\/2023\/03\/1420x240-Controle-de-Investimentos.png\"\n\t\t\t\t\tdata-promo-id=\"75934\"\t\t\t\t\t\t\t\t\t\twidth='1420' height='240'\t\t\t\t\talt=\"https:\/\/files.sunoresearch.com.br\/n\/uploads\/2023\/03\/1420x240-Controle-de-Investimentos.png\"\n\t\t\t\t>\n\t\t\t<\/picture>\n\t\t<\/a>\n\t<\/p>\n\n\n","protected":false},"excerpt":{"rendered":"<p>O conselho da Boeing (NYSE: BA) \u00e9 acusado de n\u00e3o supervisionar de maneira adequada a resposta da administra\u00e7\u00e3o da companhia no que concerne aos dois acidentes envolvendo o 737 MAX e os problemas de seguran\u00e7a do modelo. As informa\u00e7\u00f5es s\u00e3o do jornal &#8220;The Wall Street Journal&#8221;. O conselho da Boeing \u00e9 acusado de neglig\u00eancia na [&hellip;]<\/p>\n","protected":false},"author":35,"featured_media":71556,"comment_status":"closed","ping_status":"closed","sticky":false,"template":"","format":"standard","meta":[],"categories":[64],"tags":[1382,828,1271],"suno_strategy":[],"class_list":["post-87642","post","type-post","status-publish","format-standard","has-post-thumbnail","hentry","category-negocios","tag-737-max","tag-boeing-boei34","tag-bolsa-de-nova-york-nyse"],"yoast_head":"<!-- This site is optimized with the Yoast SEO plugin v24.4 - https:\/\/yoast.com\/wordpress\/plugins\/seo\/ -->\n<title>Conselho da Boeing \u00e9 acusado de omiss\u00e3o na crise do 737 MAX<\/title>\n<meta name=\"description\" content=\"O conselho da Boeing \u00e9 acusado de n\u00e3o supervisionar de maneira adequada a resposta aos acidentes com o 737 MAX. Clique para saber mais\" \/>\n<meta name=\"robots\" content=\"index, follow, max-snippet:-1, max-image-preview:large, max-video-preview:-1\" \/>\n<link rel=\"canonical\" href=\"https:\/\/www.suno.com.br\/noticias\/conselho-boeing-acusado-omissao-737-max\/\" \/>\n<meta property=\"og:locale\" content=\"pt_BR\" \/>\n<meta property=\"og:type\" content=\"article\" \/>\n<meta property=\"og:title\" content=\"Conselho da Boeing \u00e9 acusado de omiss\u00e3o na crise do 737 MAX\" \/>\n<meta property=\"og:description\" content=\"O conselho da Boeing \u00e9 acusado de n\u00e3o supervisionar de maneira adequada a resposta aos acidentes com o 737 MAX. Clique para saber mais\" \/>\n<meta property=\"og:url\" content=\"https:\/\/www.suno.com.br\/noticias\/conselho-boeing-acusado-omissao-737-max\/\" \/>\n<meta property=\"og:site_name\" content=\"Suno Not\u00edcias\" \/>\n<meta property=\"article:publisher\" content=\"https:\/\/facebook.com\/sunoresearch\" \/>\n<meta property=\"og:image\" content=\"https:\/\/files.sunoresearch.com.br\/n\/uploads\/2020\/07\/061f3956-boeing_737_max_23514089002.jpg\" \/>\n\t<meta property=\"og:image:width\" content=\"640\" \/>\n\t<meta property=\"og:image:height\" content=\"480\" \/>\n\t<meta property=\"og:image:type\" content=\"image\/jpeg\" \/>\n<meta name=\"author\" content=\"Arthur Guimar\u00e3es\" \/>\n<meta name=\"twitter:card\" content=\"summary_large_image\" \/>\n<meta name=\"twitter:creator\" content=\"@sunoresearch\" \/>\n<meta name=\"twitter:site\" content=\"@sunoresearch\" \/>\n<meta name=\"twitter:label1\" content=\"Escrito por\" \/>\n\t<meta name=\"twitter:data1\" content=\"Arthur Guimar\u00e3es\" \/>\n\t<meta name=\"twitter:label2\" content=\"Est. tempo de leitura\" \/>\n\t<meta name=\"twitter:data2\" content=\"2 minutos\" \/>\n<script type=\"application\/ld+json\" class=\"yoast-schema-graph\">{\"@context\":\"https:\/\/schema.org\",\"@graph\":[{\"@type\":\"NewsArticle\",\"@id\":\"https:\/\/www.suno.com.br\/noticias\/conselho-boeing-acusado-omissao-737-max\/#article\",\"isPartOf\":{\"@id\":\"https:\/\/www.suno.com.br\/noticias\/conselho-boeing-acusado-omissao-737-max\/\"},\"author\":{\"name\":\"Arthur Guimar\u00e3es\",\"@id\":\"https:\/\/www.suno.com.br\/noticias\/#\/schema\/person\/053a750a709a263919a20f976caae91c\"},\"headline\":\"Conselho da Boeing \u00e9 acusado de omiss\u00e3o na crise do 737 MAX, diz jornal\",\"datePublished\":\"2020-09-25T22:44:23+00:00\",\"dateModified\":\"2020-10-06T21:30:29+00:00\",\"mainEntityOfPage\":{\"@id\":\"https:\/\/www.suno.com.br\/noticias\/conselho-boeing-acusado-omissao-737-max\/\"},\"wordCount\":461,\"publisher\":{\"@id\":\"https:\/\/www.suno.com.br\/noticias\/#organization\"},\"image\":{\"@id\":\"https:\/\/www.suno.com.br\/noticias\/conselho-boeing-acusado-omissao-737-max\/#primaryimage\"},\"thumbnailUrl\":\"https:\/\/files.sunoresearch.com.br\/n\/uploads\/2020\/07\/061f3956-boeing_737_max_23514089002-jpg.webp\",\"keywords\":[\"737 max\",\"Boeing (BOEI34)\",\"Bolsa de Nova York (NYSE)\"],\"articleSection\":[\"Neg\u00f3cios\"],\"inLanguage\":\"pt-BR\"},{\"@type\":\"WebPage\",\"@id\":\"https:\/\/www.suno.com.br\/noticias\/conselho-boeing-acusado-omissao-737-max\/\",\"url\":\"https:\/\/www.suno.com.br\/noticias\/conselho-boeing-acusado-omissao-737-max\/\",\"name\":\"Conselho da Boeing \u00e9 acusado de omiss\u00e3o na crise do 737 MAX\",\"isPartOf\":{\"@id\":\"https:\/\/www.suno.com.br\/noticias\/#website\"},\"primaryImageOfPage\":{\"@id\":\"https:\/\/www.suno.com.br\/noticias\/conselho-boeing-acusado-omissao-737-max\/#primaryimage\"},\"image\":{\"@id\":\"https:\/\/www.suno.com.br\/noticias\/conselho-boeing-acusado-omissao-737-max\/#primaryimage\"},\"thumbnailUrl\":\"https:\/\/files.sunoresearch.com.br\/n\/uploads\/2020\/07\/061f3956-boeing_737_max_23514089002-jpg.webp\",\"datePublished\":\"2020-09-25T22:44:23+00:00\",\"dateModified\":\"2020-10-06T21:30:29+00:00\",\"description\":\"O conselho da Boeing \u00e9 acusado de n\u00e3o supervisionar de maneira adequada a resposta aos acidentes com o 737 MAX. Clique para saber mais\",\"breadcrumb\":{\"@id\":\"https:\/\/www.suno.com.br\/noticias\/conselho-boeing-acusado-omissao-737-max\/#breadcrumb\"},\"inLanguage\":\"pt-BR\",\"potentialAction\":[{\"@type\":\"ReadAction\",\"target\":[\"https:\/\/www.suno.com.br\/noticias\/conselho-boeing-acusado-omissao-737-max\/\"]}]},{\"@type\":\"ImageObject\",\"inLanguage\":\"pt-BR\",\"@id\":\"https:\/\/www.suno.com.br\/noticias\/conselho-boeing-acusado-omissao-737-max\/#primaryimage\",\"url\":\"https:\/\/files.sunoresearch.com.br\/n\/uploads\/2020\/07\/061f3956-boeing_737_max_23514089002-jpg.webp\",\"contentUrl\":\"https:\/\/files.sunoresearch.com.br\/n\/uploads\/2020\/07\/061f3956-boeing_737_max_23514089002-jpg.webp\",\"width\":640,\"height\":480,\"caption\":\"O conselho da Boeing \u00e9 acusado de neglig\u00eancia na crise envolvendo o modelo 737 MAX\"},{\"@type\":\"BreadcrumbList\",\"@id\":\"https:\/\/www.suno.com.br\/noticias\/conselho-boeing-acusado-omissao-737-max\/#breadcrumb\",\"itemListElement\":[{\"@type\":\"ListItem\",\"position\":1,\"name\":\"Not\u00edcias\",\"item\":\"https:\/\/www.suno.com.br\/noticias\/\"},{\"@type\":\"ListItem\",\"position\":2,\"name\":\"Neg\u00f3cios\",\"item\":\"https:\/\/www.suno.com.br\/noticias\/negocios\/\"},{\"@type\":\"ListItem\",\"position\":3,\"name\":\"Conselho da Boeing \u00e9 acusado de omiss\u00e3o na crise do 737 MAX, diz jornal\"}]},{\"@type\":\"WebSite\",\"@id\":\"https:\/\/www.suno.com.br\/noticias\/#website\",\"url\":\"https:\/\/www.suno.com.br\/noticias\/\",\"name\":\"Suno Not\u00edcias\",\"description\":\"Seu portal de informa\u00e7\u00e3o sobre o mundo dos investimentos\",\"publisher\":{\"@id\":\"https:\/\/www.suno.com.br\/noticias\/#organization\"},\"potentialAction\":[{\"@type\":\"SearchAction\",\"target\":{\"@type\":\"EntryPoint\",\"urlTemplate\":\"https:\/\/www.suno.com.br\/noticias\/?s={search_term_string}\"},\"query-input\":{\"@type\":\"PropertyValueSpecification\",\"valueRequired\":true,\"valueName\":\"search_term_string\"}}],\"inLanguage\":\"pt-BR\"},{\"@type\":\"Organization\",\"@id\":\"https:\/\/www.suno.com.br\/noticias\/#organization\",\"name\":\"Suno Not\u00edcias\",\"url\":\"https:\/\/www.suno.com.br\/noticias\/\",\"logo\":{\"@type\":\"ImageObject\",\"inLanguage\":\"pt-BR\",\"@id\":\"https:\/\/www.suno.com.br\/noticias\/#\/schema\/logo\/image\/\",\"url\":\"https:\/\/files.sunoresearch.com.br\/n\/uploads\/2021\/09\/suno-logo.png\",\"contentUrl\":\"https:\/\/files.sunoresearch.com.br\/n\/uploads\/2021\/09\/suno-logo.png\",\"width\":180,\"height\":180,\"caption\":\"Suno Not\u00edcias\"},\"image\":{\"@id\":\"https:\/\/www.suno.com.br\/noticias\/#\/schema\/logo\/image\/\"},\"sameAs\":[\"https:\/\/facebook.com\/sunoresearch\",\"https:\/\/x.com\/sunoresearch\",\"https:\/\/www.instagram.com\/suno\",\"https:\/\/www.linkedin.com\/company\/suno-research\/\",\"https:\/\/www.youtube.com\/c\/sunoresearch\"]},{\"@type\":\"Person\",\"@id\":\"https:\/\/www.suno.com.br\/noticias\/#\/schema\/person\/053a750a709a263919a20f976caae91c\",\"name\":\"Arthur Guimar\u00e3es\",\"image\":{\"@type\":\"ImageObject\",\"inLanguage\":\"pt-BR\",\"@id\":\"https:\/\/www.suno.com.br\/noticias\/#\/schema\/person\/image\/\",\"url\":\"https:\/\/secure.gravatar.com\/avatar\/1affd86a11209ae09eb6dd3bcad3e96c?s=96&r=g\",\"contentUrl\":\"https:\/\/secure.gravatar.com\/avatar\/1affd86a11209ae09eb6dd3bcad3e96c?s=96&r=g\",\"caption\":\"Arthur Guimar\u00e3es\"},\"description\":\"Arthur Guimar\u00e3es escreve sobre pol\u00edtica, economia e neg\u00f3cios para o portal de not\u00edcias da Suno Research. Atualmente, \u00e9 estudante de jornalismo pela Faculdade C\u00e1sper L\u00edbero.\",\"url\":\"https:\/\/www.suno.com.br\/noticias\/author\/arthur-guimaraes\/\"}]}<\/script>\n<!-- \/ Yoast SEO plugin. -->","yoast_head_json":{"title":"Conselho da Boeing \u00e9 acusado de omiss\u00e3o na crise do 737 MAX","description":"O conselho da Boeing \u00e9 acusado de n\u00e3o supervisionar de maneira adequada a resposta aos acidentes com o 737 MAX. Clique para saber mais","robots":{"index":"index","follow":"follow","max-snippet":"max-snippet:-1","max-image-preview":"max-image-preview:large","max-video-preview":"max-video-preview:-1"},"canonical":"https:\/\/www.suno.com.br\/noticias\/conselho-boeing-acusado-omissao-737-max\/","og_locale":"pt_BR","og_type":"article","og_title":"Conselho da Boeing \u00e9 acusado de omiss\u00e3o na crise do 737 MAX","og_description":"O conselho da Boeing \u00e9 acusado de n\u00e3o supervisionar de maneira adequada a resposta aos acidentes com o 737 MAX. Clique para saber mais","og_url":"https:\/\/www.suno.com.br\/noticias\/conselho-boeing-acusado-omissao-737-max\/","og_site_name":"Suno Not\u00edcias","article_publisher":"https:\/\/facebook.com\/sunoresearch","og_image":[{"width":640,"height":480,"url":"https:\/\/files.sunoresearch.com.br\/n\/uploads\/2020\/07\/061f3956-boeing_737_max_23514089002.jpg","type":"image\/jpeg"}],"author":"Arthur Guimar\u00e3es","twitter_card":"summary_large_image","twitter_creator":"@sunoresearch","twitter_site":"@sunoresearch","twitter_misc":{"Escrito por":"Arthur Guimar\u00e3es","Est. tempo de leitura":"2 minutos"},"schema":{"@context":"https:\/\/schema.org","@graph":[{"@type":"NewsArticle","@id":"https:\/\/www.suno.com.br\/noticias\/conselho-boeing-acusado-omissao-737-max\/#article","isPartOf":{"@id":"https:\/\/www.suno.com.br\/noticias\/conselho-boeing-acusado-omissao-737-max\/"},"author":{"name":"Arthur Guimar\u00e3es","@id":"https:\/\/www.suno.com.br\/noticias\/#\/schema\/person\/053a750a709a263919a20f976caae91c"},"headline":"Conselho da Boeing \u00e9 acusado de omiss\u00e3o na crise do 737 MAX, diz jornal","datePublished":"2020-09-25T22:44:23+00:00","dateModified":"2020-10-06T21:30:29+00:00","mainEntityOfPage":{"@id":"https:\/\/www.suno.com.br\/noticias\/conselho-boeing-acusado-omissao-737-max\/"},"wordCount":461,"publisher":{"@id":"https:\/\/www.suno.com.br\/noticias\/#organization"},"image":{"@id":"https:\/\/www.suno.com.br\/noticias\/conselho-boeing-acusado-omissao-737-max\/#primaryimage"},"thumbnailUrl":"https:\/\/files.sunoresearch.com.br\/n\/uploads\/2020\/07\/061f3956-boeing_737_max_23514089002-jpg.webp","keywords":["737 max","Boeing (BOEI34)","Bolsa de Nova York (NYSE)"],"articleSection":["Neg\u00f3cios"],"inLanguage":"pt-BR"},{"@type":"WebPage","@id":"https:\/\/www.suno.com.br\/noticias\/conselho-boeing-acusado-omissao-737-max\/","url":"https:\/\/www.suno.com.br\/noticias\/conselho-boeing-acusado-omissao-737-max\/","name":"Conselho da Boeing \u00e9 acusado de omiss\u00e3o na crise do 737 MAX","isPartOf":{"@id":"https:\/\/www.suno.com.br\/noticias\/#website"},"primaryImageOfPage":{"@id":"https:\/\/www.suno.com.br\/noticias\/conselho-boeing-acusado-omissao-737-max\/#primaryimage"},"image":{"@id":"https:\/\/www.suno.com.br\/noticias\/conselho-boeing-acusado-omissao-737-max\/#primaryimage"},"thumbnailUrl":"https:\/\/files.sunoresearch.com.br\/n\/uploads\/2020\/07\/061f3956-boeing_737_max_23514089002-jpg.webp","datePublished":"2020-09-25T22:44:23+00:00","dateModified":"2020-10-06T21:30:29+00:00","description":"O conselho da Boeing \u00e9 acusado de n\u00e3o supervisionar de maneira adequada a resposta aos acidentes com o 737 MAX. Clique para saber mais","breadcrumb":{"@id":"https:\/\/www.suno.com.br\/noticias\/conselho-boeing-acusado-omissao-737-max\/#breadcrumb"},"inLanguage":"pt-BR","potentialAction":[{"@type":"ReadAction","target":["https:\/\/www.suno.com.br\/noticias\/conselho-boeing-acusado-omissao-737-max\/"]}]},{"@type":"ImageObject","inLanguage":"pt-BR","@id":"https:\/\/www.suno.com.br\/noticias\/conselho-boeing-acusado-omissao-737-max\/#primaryimage","url":"https:\/\/files.sunoresearch.com.br\/n\/uploads\/2020\/07\/061f3956-boeing_737_max_23514089002-jpg.webp","contentUrl":"https:\/\/files.sunoresearch.com.br\/n\/uploads\/2020\/07\/061f3956-boeing_737_max_23514089002-jpg.webp","width":640,"height":480,"caption":"O conselho da Boeing \u00e9 acusado de neglig\u00eancia na crise envolvendo o modelo 737 MAX"},{"@type":"BreadcrumbList","@id":"https:\/\/www.suno.com.br\/noticias\/conselho-boeing-acusado-omissao-737-max\/#breadcrumb","itemListElement":[{"@type":"ListItem","position":1,"name":"Not\u00edcias","item":"https:\/\/www.suno.com.br\/noticias\/"},{"@type":"ListItem","position":2,"name":"Neg\u00f3cios","item":"https:\/\/www.suno.com.br\/noticias\/negocios\/"},{"@type":"ListItem","position":3,"name":"Conselho da Boeing \u00e9 acusado de omiss\u00e3o na crise do 737 MAX, diz jornal"}]},{"@type":"WebSite","@id":"https:\/\/www.suno.com.br\/noticias\/#website","url":"https:\/\/www.suno.com.br\/noticias\/","name":"Suno Not\u00edcias","description":"Seu portal de informa\u00e7\u00e3o sobre o mundo dos investimentos","publisher":{"@id":"https:\/\/www.suno.com.br\/noticias\/#organization"},"potentialAction":[{"@type":"SearchAction","target":{"@type":"EntryPoint","urlTemplate":"https:\/\/www.suno.com.br\/noticias\/?s={search_term_string}"},"query-input":{"@type":"PropertyValueSpecification","valueRequired":true,"valueName":"search_term_string"}}],"inLanguage":"pt-BR"},{"@type":"Organization","@id":"https:\/\/www.suno.com.br\/noticias\/#organization","name":"Suno Not\u00edcias","url":"https:\/\/www.suno.com.br\/noticias\/","logo":{"@type":"ImageObject","inLanguage":"pt-BR","@id":"https:\/\/www.suno.com.br\/noticias\/#\/schema\/logo\/image\/","url":"https:\/\/files.sunoresearch.com.br\/n\/uploads\/2021\/09\/suno-logo.png","contentUrl":"https:\/\/files.sunoresearch.com.br\/n\/uploads\/2021\/09\/suno-logo.png","width":180,"height":180,"caption":"Suno Not\u00edcias"},"image":{"@id":"https:\/\/www.suno.com.br\/noticias\/#\/schema\/logo\/image\/"},"sameAs":["https:\/\/facebook.com\/sunoresearch","https:\/\/x.com\/sunoresearch","https:\/\/www.instagram.com\/suno","https:\/\/www.linkedin.com\/company\/suno-research\/","https:\/\/www.youtube.com\/c\/sunoresearch"]},{"@type":"Person","@id":"https:\/\/www.suno.com.br\/noticias\/#\/schema\/person\/053a750a709a263919a20f976caae91c","name":"Arthur Guimar\u00e3es","image":{"@type":"ImageObject","inLanguage":"pt-BR","@id":"https:\/\/www.suno.com.br\/noticias\/#\/schema\/person\/image\/","url":"https:\/\/secure.gravatar.com\/avatar\/1affd86a11209ae09eb6dd3bcad3e96c?s=96&r=g","contentUrl":"https:\/\/secure.gravatar.com\/avatar\/1affd86a11209ae09eb6dd3bcad3e96c?s=96&r=g","caption":"Arthur Guimar\u00e3es"},"description":"Arthur Guimar\u00e3es escreve sobre pol\u00edtica, economia e neg\u00f3cios para o portal de not\u00edcias da Suno Research. Atualmente, \u00e9 estudante de jornalismo pela Faculdade C\u00e1sper L\u00edbero.","url":"https:\/\/www.suno.com.br\/noticias\/author\/arthur-guimaraes\/"}]}},"default_loop_html":"<div class=\"cardsPage__listCard__boxs\"><div class=\"cardsPage__listCard__boxs__img\"><a href=\"https:\/\/www.suno.com.br\/noticias\/conselho-boeing-acusado-omissao-737-max\/\"><img class=\"mask\" src=\"https:\/\/www.suno.com.br\/noticias\/wp-content\/themes\/suno\/resources\/images\/spotlight\/spotlight1img\/bg-mask.png\" alt=\"Image Mask\"\/><img src=\"https:\/\/files.sunoresearch.com.br\/n\/uploads\/2020\/07\/061f3956-boeing_737_max_23514089002-400x200.webp\" alt=\"Conselho da Boeing \u00e9 acusado de omiss\u00e3o na crise do 737 MAX, diz jornal\"\/><\/a><span class=\"spotlightCategory\"><a href=\"https:\/\/www.suno.com.br\/noticias\/negocios\/\">Neg\u00f3cios<\/a><\/span><\/div><div class=\"cardsPage__listCard__boxs__content\"><a href=\"https:\/\/www.suno.com.br\/noticias\/conselho-boeing-acusado-omissao-737-max\/\"><h2 class=\"content__title\">Conselho da Boeing \u00e9 acusado de omiss\u00e3o na crise do 737 MAX, diz jornal<\/h2><\/a><div class=\"newsContent__article__meta\"><div class=\"newsContent__article__meta__authorBox\"><a href=\"https:\/\/www.suno.com.br\/noticias\/author\/arthur-guimaraes\/\" class=\"authorBox__avatar noMobi\"><img src=\"https:\/\/files.sunoresearch.com.br\/n\/uploads\/2020\/02\/dfb40897-eu-150x150.webp\" alt=\"Arthur Guimar\u00e3es\"><\/a><div class=\"authorBox__name\"><span>por\n\t\t\t<a href=\"https:\/\/www.suno.com.br\/noticias\/author\/arthur-guimaraes\/\"><span itemprop=\"author\">Arthur Guimar\u00e3es<\/span><\/a><\/span><time datetime=\"2020-09-25T19:44:23-03:00\" itemprop=\"datePublished\">25\/09\/2020 19:44<\/time><\/div><\/div><\/div><\/div><\/div>","single_layout":"posts","amp_enabled":true,"_links":{"self":[{"href":"https:\/\/www.suno.com.br\/noticias\/wp-json\/wp\/v2\/posts\/87642"}],"collection":[{"href":"https:\/\/www.suno.com.br\/noticias\/wp-json\/wp\/v2\/posts"}],"about":[{"href":"https:\/\/www.suno.com.br\/noticias\/wp-json\/wp\/v2\/types\/post"}],"author":[{"embeddable":true,"href":"https:\/\/www.suno.com.br\/noticias\/wp-json\/wp\/v2\/users\/35"}],"replies":[{"embeddable":true,"href":"https:\/\/www.suno.com.br\/noticias\/wp-json\/wp\/v2\/comments?post=87642"}],"version-history":[{"count":0,"href":"https:\/\/www.suno.com.br\/noticias\/wp-json\/wp\/v2\/posts\/87642\/revisions"}],"wp:featuredmedia":[{"embeddable":true,"href":"https:\/\/www.suno.com.br\/noticias\/wp-json\/wp\/v2\/media\/71556"}],"wp:attachment":[{"href":"https:\/\/www.suno.com.br\/noticias\/wp-json\/wp\/v2\/media?parent=87642"}],"wp:term":[{"taxonomy":"category","embeddable":true,"href":"https:\/\/www.suno.com.br\/noticias\/wp-json\/wp\/v2\/categories?post=87642"},{"taxonomy":"post_tag","embeddable":true,"href":"https:\/\/www.suno.com.br\/noticias\/wp-json\/wp\/v2\/tags?post=87642"},{"taxonomy":"suno_strategy","embeddable":true,"href":"https:\/\/www.suno.com.br\/noticias\/wp-json\/wp\/v2\/suno_strategy?post=87642"}],"curies":[{"name":"wp","href":"https:\/\/api.w.org\/{rel}","templated":true}]}}