{"id":87588,"date":"2020-09-25T17:41:59","date_gmt":"2020-09-25T20:41:59","guid":{"rendered":"https:\/\/www.suno.com.br\/noticias\/?p=87588"},"modified":"2020-09-25T17:42:43","modified_gmt":"2020-09-25T20:42:43","slug":"apple-anuncia-isencao-da-taxa-de-30-para-empresas-no-app-store","status":"publish","type":"post","link":"https:\/\/www.suno.com.br\/noticias\/apple-anuncia-isencao-da-taxa-de-30-para-empresas-no-app-store\/","title":{"rendered":"Apple anuncia isen\u00e7\u00e3o da taxa de 30% para empresas na App Store"},"content":{"rendered":"<p>A <strong>Apple (<a href=\"https:\/\/www.suno.com.br\/artigos\/nasdaq\/\">NASDAQ<\/a>: AAPL)<\/strong> informou nesta sexta-feira (25) que ir\u00e1 reduzir temporariamente suas taxas na <strong>App Store<\/strong>, loja oficial de aplicativos da marca, para empresas que, prejudicadas pela <a href=\"https:\/\/www.suno.com.br\/noticias\/tags\/coronavirus\/\">pandemia do novo coronav\u00edrus (Covid-19)<\/a>, foram for\u00e7adas a se voltar para eventos exclusivamente online.<\/p>\t<div class=\"wrapper-featured-image\">\n\t\t<figure class=\"spotlightImg\">\n\n\t\t\t<picture>\n\t\t\t\t<source media=\"(max-width: 768px)\" srcset=\"https:\/\/files.sunoresearch.com.br\/n\/uploads\/2020\/09\/f03867fb-apple-400x200.webp\">\n\t\t\t\t<img loading=\"lazy\" decoding=\"async\" class=\"newsContent__article__imgCapa lazyloadDisabled \" src=\"https:\/\/files.sunoresearch.com.br\/n\/uploads\/2020\/09\/f03867fb-apple-jpg.webp\" width=\"800\" height=\"450\" alt=\"Apple anuncia isen\u00e7\u00e3o da taxa de 30% para empresas na App Store\" fetchpriority=high \/>\n\t\t\t<\/picture>\n\n\t\t\t<figcaption class=\"wp-caption-text wp-caption-text--show\">Apple anuncia isen\u00e7\u00e3o da taxa de 30% para empresas no App Store<\/figcaption>\n\t\t<\/figure>\n\t<\/div>\n\n\n<div class=\"hubspot-form-wrapper\">\n\t<div id=\"single-form-target\"><\/div>\n<\/div>\n\n<p>A concess\u00e3o da Apple deve durar at\u00e9 o final deste ano, e afetar\u00e1 as vendas feitas atrav\u00e9s de aplicativos de empresas como <strong>Facebook<\/strong>, <strong>Airbnb<\/strong> e a plataforma de reservas de aulas de gin\u00e1stica <strong>ClassPass<\/strong>, entretanto a taxa ainda ser\u00e1 cobrada em aplicativos de jogos.<\/p>\n<p>A nova isen\u00e7\u00e3o veio\u00a0ap\u00f3s o Facebook acusar a Apple de prejudicar as pequenas empresas que est\u00e3o tentando vender mais servi\u00e7os digitais durante a pandemia da Covid-19.<\/p>\n<p><a href=\"https:\/\/lp.suno.com.br\/suno-one\/\">No Suno One voc\u00ea aprende a fazer seu dinheiro para trabalhar para voc\u00ea. Cadastre-se gratuitamente agora!<\/a><\/p>\n<p>\u201cA Apple concordou em fornecer um breve intervalo de tr\u00eas meses, ap\u00f3s o qual as empresas em dificuldades ter\u00e3o que, mais uma vez, pagar \u00e0 Apple o imposto total de 30% na App Store\u201d, informou o Facebook, reagindo ao an\u00fancio dado nesta sexta-feira.<\/p>\n<p>No per\u00edodo do<strong> isolamento social<\/strong>, empresas impactadas pela restri\u00e7\u00e3o de movimento, como a ClassPass, come\u00e7aram a vender ingressos para aulas online por meio de seus aplicativos para o iPhone, enquanto o Facebook lan\u00e7ou um novo recurso para permitir que empresas fa\u00e7am eventos atrav\u00e9s de seus aplicativos.<\/p>\n<p>Nesta semana, a Epic e 12 outras empresas, incluindo <strong>Spotify<\/strong> e <strong>Match Group<\/strong>, controladora do aplicativo de relacionamento online, <strong>Tinder<\/strong>, lan\u00e7ou um grupo de defesa, a Coalition for App Fairness, para pedir reformas, transpar\u00eancia e supervis\u00e3o.<\/p>\n<p>\u201cPara garantir que cada desenvolvedor possa criar e expandir um neg\u00f3cio de sucesso, a Apple mant\u00e9m um conjunto claro e consistente de diretrizes que se aplicam igualmente a todos\u201d, anunciou a empresa nesta sexta-feira.<\/p>\n<p>A Apple ainda informou que n\u00e3o estendeu a exce\u00e7\u00e3o aos criadores de jogos do Facebook, j\u00e1 que eles n\u00e3o foram afetados pela pandemia.<\/p>\n<h2>Fortnite vs Apple: entenda as ra\u00edzes da &#8220;guerra dos apps&#8221;<\/h2>\n<p>Nas \u00faltimas semanas o mundo dos gamers assistiu ao come\u00e7o de uma batalha entre tit\u00e3s: de um lado o popular\u00edssimo jogo <strong>Fortnite,<\/strong> do outro a gigante Apple (<a href=\"https:\/\/www.suno.com.br\/artigos\/nasdaq\/\">NASDAQ<\/a>: AAPL), que decretou seu banimento de sua loja virtual.<\/p>\n<p>A &#8220;culpa&#8221; do app teria sido aquela de criar um novo sistema de pagamentos pr\u00f3prio, para evitar a taxa de 30% cobrada pela <a href=\"https:\/\/www.suno.com.br\/artigos\/apple-a-empresa-de-1-trilhao-de-dolares\/\"><strong>Apple<\/strong><\/a> sobre as compras realizadas em seu store. Basicamente os usu\u00e1rios passaram a poder baixar o Fortnite e realizar compras direto com o programa, sem passar pela empresa de Cupertino.<\/p>\n<p>Mas para entender o caso \u00e9 necess\u00e1rio fazer um passo para tr\u00e1s.<\/p>\n<p>\u00c9 10 de julho de 2008 quando a primeira vers\u00e3o da <strong>App Store<\/strong> \u00e9 lan\u00e7ada. Steve Jobs faz sua maior m\u00e1gica: convencer gravadoras, produtoras, casas de software e pequenos desenvolvedores independentes a pagar uma comiss\u00e3o de 30% sobre suas receitas para serem hospedados no iPhone e iPad.<\/p>\n<p>\u201cN\u00e3o estamos procurando parceiros de neg\u00f3cios\u201d, disse na \u00e9poca o executivo com dura franqueza em uma entrevista ao &#8220;The New York Times, &#8220;queremos apenas vender mais iPhones\u201d.<\/p>\n<p>Naquele momento, ningu\u00e9m protestou. Hoje, por\u00e9m, essa proposta parece mais agradar mais ningu\u00e9m.<\/p>\n<h2>Entenda as ra\u00edzes do caso Fortnite vs Apple<\/h2>\n<p>A guerra contra esse modelo de neg\u00f3cios foi iniciada por Tim Sweeney, fundador da <strong>Epic Games <\/strong>e criador do Fortnite. O executivo iniciou uma batalha judicial e midi\u00e1tica contra aquilo que definiu &#8220;monop\u00f3lios&#8221; digitais. E especialmente contra essa comiss\u00e3o de 30%.<\/p>\n<p>A batalha parecia logo impar, pois ser capaz de pintar a Apple como o vil\u00e3o do <strong>videogame<\/strong> n\u00e3o \u00e9 uma tarefa f\u00e1cil. Primeiro pois s\u00e3o necess\u00e1rios recursos de dimens\u00e3o n\u00e3o indiferente, pois a empresa, hoje liderada por <a href=\"https:\/\/www.suno.com.br\/tudo-sobre\/tim-cook\/\">Tim Cook<\/a>, atingiu recentemente uma capitaliza\u00e7\u00e3o estelar de US$ 2 trilh\u00f5es (cerca de R$ 10,6 trilh\u00f5es), nominalmente maior que o <a href=\"https:\/\/www.suno.com.br\/artigos\/pib-produto-interno-bruto\/\">Produto Interno Bruto (<strong>PIB<\/strong>)<\/a> do Brasil.<\/p>\n<p>Al\u00e9m disso, \u00e9 necess\u00e1ria muita coragem. E uma boa dose de loucura. Pois a Apple \u00e9 uma das empresas mais &#8220;pop&#8221; do planeta, chegando a beirar o fanatismo entre muitos de seus clientes. Chamados, n\u00e3o por acaso, de &#8220;evangelizadores&#8221;.<\/p>\n<p>Mas a investida de certo, e gerou uma onda de protestos sem precedentes contra a Apple, especialmente entre os jovens.<\/p>\n<p>At\u00e9 porque dessa vez n\u00e3o foi protestar apenas um peda\u00e7o da ind\u00fastria de jogos, mas tamb\u00e9m &#8220;amigos&#8221; e &#8220;colegas&#8221;, como<\/p>\n<ul>\n<li><strong>Microsoft<\/strong> (NASDAQ: MFST);<\/li>\n<li><strong>Facebook<\/strong> (NASDAQ: FB);<\/li>\n<li><strong>Amazon<\/strong> (NASDAQ: AMZN).<\/li>\n<\/ul>\n<p>Todos, em tons diferentes, se alinharam contra as regras muito r\u00edgidas de venda na App Store.<\/p>\n<p>No come\u00e7o as cr\u00edticas vieram apenas como golpes de esgrima. Mas ao longo das semanas come\u00e7aram a machucar mais a imagem da Apple, e marcam uma mudan\u00e7a de contexto.<\/p>\n<p><a href=\"https:\/\/www.suno.com.br\/noticias\/fortnite-vs-apple-guerra-apps\/\">Saiba Mais: Fortnite vs Apple: entenda as ra\u00edzes da &#8220;guerra dos apps&#8221;<\/a><\/p>\n<p>Como o caso de Mark Zuckerberg que no dia seguinte \u00e0 remo\u00e7\u00e3o do aplicativo Fortnite da loja do iPhone anunciou que havia pedido \u00e0 Apple para reduzir as taxas na App Store para oferecer o <strong>Facebook Pay<\/strong>. A quest\u00e3o era absorver todos os custos para as empresas que registraram problemas durante a pandemia do <a href=\"https:\/\/www.suno.com.br\/noticias\/?s=coronav%C3%ADrus\">novo coronav\u00edrus (Covid-19)<\/a>.<\/p>\n<p>\u201cInfelizmente eles rejeitaram nossos pedidos\u201d, escreveu Zuckerberg em seu blog. Desde ent\u00e3o o Facebook especifica para cada transa\u00e7\u00e3o &#8220;in house&#8221; que: &#8220;n\u00e3o cobra comiss\u00e3o por essa compra&#8221;, enquanto no iOS escreve &#8220;A <strong>Apple<\/strong> fica com 30% dessa compra&#8221;.<\/p>\n\t<p>\n\t\t<a href=\"https:\/\/lp.suno.com.br\/planilha-de-controle-de-investimentos\/\" target=\"_blank\" data-element=\"shortcode-suno-banner\" title=\"Banner SUNO, clique e saiba mais\">\n\t\t\t<picture>\n\t\t\t\t<source media=\"(max-width: 500px)\" srcset=\"https:\/\/files.sunoresearch.com.br\/n\/uploads\/2023\/03\/400x300-Controle-de-Investimentos.png\">\n\t\t\t\t<img class=\"newsContent__article__imgCapa newsContent__article__imgCapa--banner\"\n\t\t\t\t\tsrc=\"https:\/\/files.sunoresearch.com.br\/n\/uploads\/2023\/03\/1420x240-Controle-de-Investimentos.png\"\n\t\t\t\t\tdata-promo-id=\"75934\"\t\t\t\t\t\t\t\t\t\twidth='1420' height='240'\t\t\t\t\talt=\"https:\/\/files.sunoresearch.com.br\/n\/uploads\/2023\/03\/1420x240-Controle-de-Investimentos.png\"\n\t\t\t\t>\n\t\t\t<\/picture>\n\t\t<\/a>\n\t<\/p>\n\n\n","protected":false},"excerpt":{"rendered":"<p>A Apple (NASDAQ: AAPL) informou nesta sexta-feira (25) que ir\u00e1 reduzir temporariamente suas taxas na App Store, loja oficial de aplicativos da marca, para empresas que, prejudicadas pela pandemia do novo coronav\u00edrus (Covid-19), foram for\u00e7adas a se voltar para eventos exclusivamente online. Apple anuncia isen\u00e7\u00e3o da taxa de 30% para empresas no App Store A [&hellip;]<\/p>\n","protected":false},"author":56,"featured_media":87612,"comment_status":"closed","ping_status":"closed","sticky":false,"template":"","format":"standard","meta":[],"categories":[64],"tags":[97373,794,5255,733,91347],"suno_strategy":[],"class_list":["post-87588","post","type-post","status-publish","format-standard","has-post-thumbnail","hentry","category-negocios","tag-app-store","tag-apple-aapl34","tag-covid-19","tag-facebook-fbok34","tag-fortnite"],"yoast_head":"<!-- This site is optimized with the Yoast SEO plugin v24.4 - https:\/\/yoast.com\/wordpress\/plugins\/seo\/ -->\n<title>Apple anuncia isen\u00e7\u00e3o da taxa de 30% para empresas no App Store<\/title>\n<meta name=\"description\" content=\"A concess\u00e3o da Apple deve durar at\u00e9 o final deste ano, e afetar\u00e1 as vendas feitas atrav\u00e9s de aplicativos. Clique aqui para saber mais.\" \/>\n<meta name=\"robots\" content=\"index, follow, max-snippet:-1, max-image-preview:large, max-video-preview:-1\" \/>\n<link rel=\"canonical\" href=\"https:\/\/www.suno.com.br\/noticias\/apple-anuncia-isencao-da-taxa-de-30-para-empresas-no-app-store\/\" \/>\n<meta property=\"og:locale\" content=\"pt_BR\" \/>\n<meta property=\"og:type\" content=\"article\" \/>\n<meta property=\"og:title\" content=\"Apple anuncia isen\u00e7\u00e3o da taxa de 30% para empresas no App Store\" \/>\n<meta property=\"og:description\" content=\"A concess\u00e3o da Apple deve durar at\u00e9 o final deste ano, e afetar\u00e1 as vendas feitas atrav\u00e9s de aplicativos. Clique aqui para saber mais.\" \/>\n<meta property=\"og:url\" content=\"https:\/\/www.suno.com.br\/noticias\/apple-anuncia-isencao-da-taxa-de-30-para-empresas-no-app-store\/\" \/>\n<meta property=\"og:site_name\" content=\"Suno Not\u00edcias\" \/>\n<meta property=\"article:publisher\" content=\"https:\/\/facebook.com\/sunoresearch\" \/>\n<meta property=\"og:image\" content=\"https:\/\/files.sunoresearch.com.br\/n\/uploads\/2020\/09\/f03867fb-apple.jpg\" \/>\n\t<meta property=\"og:image:width\" content=\"748\" \/>\n\t<meta property=\"og:image:height\" content=\"410\" \/>\n\t<meta property=\"og:image:type\" content=\"image\/jpeg\" \/>\n<meta name=\"author\" content=\"Rafaela La Regina\" \/>\n<meta name=\"twitter:card\" content=\"summary_large_image\" \/>\n<meta name=\"twitter:creator\" content=\"@sunoresearch\" \/>\n<meta name=\"twitter:site\" content=\"@sunoresearch\" \/>\n<meta name=\"twitter:label1\" content=\"Escrito por\" \/>\n\t<meta name=\"twitter:data1\" content=\"Rafaela La Regina\" \/>\n\t<meta name=\"twitter:label2\" content=\"Est. tempo de leitura\" \/>\n\t<meta name=\"twitter:data2\" content=\"5 minutos\" \/>\n<script type=\"application\/ld+json\" class=\"yoast-schema-graph\">{\"@context\":\"https:\/\/schema.org\",\"@graph\":[{\"@type\":\"NewsArticle\",\"@id\":\"https:\/\/www.suno.com.br\/noticias\/apple-anuncia-isencao-da-taxa-de-30-para-empresas-no-app-store\/#article\",\"isPartOf\":{\"@id\":\"https:\/\/www.suno.com.br\/noticias\/apple-anuncia-isencao-da-taxa-de-30-para-empresas-no-app-store\/\"},\"author\":{\"name\":\"Rafaela La Regina\",\"@id\":\"https:\/\/www.suno.com.br\/noticias\/#\/schema\/person\/e672ca8cea627fe715fa29bca7da95e0\"},\"headline\":\"Apple anuncia isen\u00e7\u00e3o da taxa de 30% para empresas na App Store\",\"datePublished\":\"2020-09-25T20:41:59+00:00\",\"dateModified\":\"2020-09-25T20:42:43+00:00\",\"mainEntityOfPage\":{\"@id\":\"https:\/\/www.suno.com.br\/noticias\/apple-anuncia-isencao-da-taxa-de-30-para-empresas-no-app-store\/\"},\"wordCount\":949,\"publisher\":{\"@id\":\"https:\/\/www.suno.com.br\/noticias\/#organization\"},\"image\":{\"@id\":\"https:\/\/www.suno.com.br\/noticias\/apple-anuncia-isencao-da-taxa-de-30-para-empresas-no-app-store\/#primaryimage\"},\"thumbnailUrl\":\"https:\/\/files.sunoresearch.com.br\/n\/uploads\/2020\/09\/f03867fb-apple-jpg.webp\",\"keywords\":[\"App Store\",\"Apple (AAPL34)\",\"covid-19\",\"Facebook (FBOK34)\",\"Fortnite\"],\"articleSection\":[\"Neg\u00f3cios\"],\"inLanguage\":\"pt-BR\"},{\"@type\":\"WebPage\",\"@id\":\"https:\/\/www.suno.com.br\/noticias\/apple-anuncia-isencao-da-taxa-de-30-para-empresas-no-app-store\/\",\"url\":\"https:\/\/www.suno.com.br\/noticias\/apple-anuncia-isencao-da-taxa-de-30-para-empresas-no-app-store\/\",\"name\":\"Apple anuncia isen\u00e7\u00e3o da taxa de 30% para empresas no App Store\",\"isPartOf\":{\"@id\":\"https:\/\/www.suno.com.br\/noticias\/#website\"},\"primaryImageOfPage\":{\"@id\":\"https:\/\/www.suno.com.br\/noticias\/apple-anuncia-isencao-da-taxa-de-30-para-empresas-no-app-store\/#primaryimage\"},\"image\":{\"@id\":\"https:\/\/www.suno.com.br\/noticias\/apple-anuncia-isencao-da-taxa-de-30-para-empresas-no-app-store\/#primaryimage\"},\"thumbnailUrl\":\"https:\/\/files.sunoresearch.com.br\/n\/uploads\/2020\/09\/f03867fb-apple-jpg.webp\",\"datePublished\":\"2020-09-25T20:41:59+00:00\",\"dateModified\":\"2020-09-25T20:42:43+00:00\",\"description\":\"A concess\u00e3o da Apple deve durar at\u00e9 o final deste ano, e afetar\u00e1 as vendas feitas atrav\u00e9s de aplicativos. Clique aqui para saber mais.\",\"breadcrumb\":{\"@id\":\"https:\/\/www.suno.com.br\/noticias\/apple-anuncia-isencao-da-taxa-de-30-para-empresas-no-app-store\/#breadcrumb\"},\"inLanguage\":\"pt-BR\",\"potentialAction\":[{\"@type\":\"ReadAction\",\"target\":[\"https:\/\/www.suno.com.br\/noticias\/apple-anuncia-isencao-da-taxa-de-30-para-empresas-no-app-store\/\"]}]},{\"@type\":\"ImageObject\",\"inLanguage\":\"pt-BR\",\"@id\":\"https:\/\/www.suno.com.br\/noticias\/apple-anuncia-isencao-da-taxa-de-30-para-empresas-no-app-store\/#primaryimage\",\"url\":\"https:\/\/files.sunoresearch.com.br\/n\/uploads\/2020\/09\/f03867fb-apple-jpg.webp\",\"contentUrl\":\"https:\/\/files.sunoresearch.com.br\/n\/uploads\/2020\/09\/f03867fb-apple-jpg.webp\",\"width\":748,\"height\":410,\"caption\":\"Apple anuncia isen\u00e7\u00e3o da taxa de 30% para empresas no App Store\"},{\"@type\":\"BreadcrumbList\",\"@id\":\"https:\/\/www.suno.com.br\/noticias\/apple-anuncia-isencao-da-taxa-de-30-para-empresas-no-app-store\/#breadcrumb\",\"itemListElement\":[{\"@type\":\"ListItem\",\"position\":1,\"name\":\"Not\u00edcias\",\"item\":\"https:\/\/www.suno.com.br\/noticias\/\"},{\"@type\":\"ListItem\",\"position\":2,\"name\":\"Neg\u00f3cios\",\"item\":\"https:\/\/www.suno.com.br\/noticias\/negocios\/\"},{\"@type\":\"ListItem\",\"position\":3,\"name\":\"Apple anuncia isen\u00e7\u00e3o da taxa de 30% para empresas na App Store\"}]},{\"@type\":\"WebSite\",\"@id\":\"https:\/\/www.suno.com.br\/noticias\/#website\",\"url\":\"https:\/\/www.suno.com.br\/noticias\/\",\"name\":\"Suno Not\u00edcias\",\"description\":\"Seu portal de informa\u00e7\u00e3o sobre o mundo dos investimentos\",\"publisher\":{\"@id\":\"https:\/\/www.suno.com.br\/noticias\/#organization\"},\"potentialAction\":[{\"@type\":\"SearchAction\",\"target\":{\"@type\":\"EntryPoint\",\"urlTemplate\":\"https:\/\/www.suno.com.br\/noticias\/?s={search_term_string}\"},\"query-input\":{\"@type\":\"PropertyValueSpecification\",\"valueRequired\":true,\"valueName\":\"search_term_string\"}}],\"inLanguage\":\"pt-BR\"},{\"@type\":\"Organization\",\"@id\":\"https:\/\/www.suno.com.br\/noticias\/#organization\",\"name\":\"Suno Not\u00edcias\",\"url\":\"https:\/\/www.suno.com.br\/noticias\/\",\"logo\":{\"@type\":\"ImageObject\",\"inLanguage\":\"pt-BR\",\"@id\":\"https:\/\/www.suno.com.br\/noticias\/#\/schema\/logo\/image\/\",\"url\":\"https:\/\/files.sunoresearch.com.br\/n\/uploads\/2021\/09\/suno-logo.png\",\"contentUrl\":\"https:\/\/files.sunoresearch.com.br\/n\/uploads\/2021\/09\/suno-logo.png\",\"width\":180,\"height\":180,\"caption\":\"Suno Not\u00edcias\"},\"image\":{\"@id\":\"https:\/\/www.suno.com.br\/noticias\/#\/schema\/logo\/image\/\"},\"sameAs\":[\"https:\/\/facebook.com\/sunoresearch\",\"https:\/\/x.com\/sunoresearch\",\"https:\/\/www.instagram.com\/suno\",\"https:\/\/www.linkedin.com\/company\/suno-research\/\",\"https:\/\/www.youtube.com\/c\/sunoresearch\"]},{\"@type\":\"Person\",\"@id\":\"https:\/\/www.suno.com.br\/noticias\/#\/schema\/person\/e672ca8cea627fe715fa29bca7da95e0\",\"name\":\"Rafaela La Regina\",\"image\":{\"@type\":\"ImageObject\",\"inLanguage\":\"pt-BR\",\"@id\":\"https:\/\/www.suno.com.br\/noticias\/#\/schema\/person\/image\/\",\"url\":\"https:\/\/secure.gravatar.com\/avatar\/d2c75a52d243deb93d0465fdcb21bd37?s=96&r=g\",\"contentUrl\":\"https:\/\/secure.gravatar.com\/avatar\/d2c75a52d243deb93d0465fdcb21bd37?s=96&r=g\",\"caption\":\"Rafaela La Regina\"},\"description\":\"Estagi\u00e1ria no Suno Not\u00edcias. Escreve sobre economia, pol\u00edtica e neg\u00f3cios. Estuda Rela\u00e7\u00f5es Internacionais no IBMEC-SP.\",\"url\":\"https:\/\/www.suno.com.br\/noticias\/author\/rafaela-la-regina\/\"}]}<\/script>\n<!-- \/ Yoast SEO plugin. -->","yoast_head_json":{"title":"Apple anuncia isen\u00e7\u00e3o da taxa de 30% para empresas no App Store","description":"A concess\u00e3o da Apple deve durar at\u00e9 o final deste ano, e afetar\u00e1 as vendas feitas atrav\u00e9s de aplicativos. Clique aqui para saber mais.","robots":{"index":"index","follow":"follow","max-snippet":"max-snippet:-1","max-image-preview":"max-image-preview:large","max-video-preview":"max-video-preview:-1"},"canonical":"https:\/\/www.suno.com.br\/noticias\/apple-anuncia-isencao-da-taxa-de-30-para-empresas-no-app-store\/","og_locale":"pt_BR","og_type":"article","og_title":"Apple anuncia isen\u00e7\u00e3o da taxa de 30% para empresas no App Store","og_description":"A concess\u00e3o da Apple deve durar at\u00e9 o final deste ano, e afetar\u00e1 as vendas feitas atrav\u00e9s de aplicativos. Clique aqui para saber mais.","og_url":"https:\/\/www.suno.com.br\/noticias\/apple-anuncia-isencao-da-taxa-de-30-para-empresas-no-app-store\/","og_site_name":"Suno Not\u00edcias","article_publisher":"https:\/\/facebook.com\/sunoresearch","og_image":[{"width":748,"height":410,"url":"https:\/\/files.sunoresearch.com.br\/n\/uploads\/2020\/09\/f03867fb-apple.jpg","type":"image\/jpeg"}],"author":"Rafaela La Regina","twitter_card":"summary_large_image","twitter_creator":"@sunoresearch","twitter_site":"@sunoresearch","twitter_misc":{"Escrito por":"Rafaela La Regina","Est. tempo de leitura":"5 minutos"},"schema":{"@context":"https:\/\/schema.org","@graph":[{"@type":"NewsArticle","@id":"https:\/\/www.suno.com.br\/noticias\/apple-anuncia-isencao-da-taxa-de-30-para-empresas-no-app-store\/#article","isPartOf":{"@id":"https:\/\/www.suno.com.br\/noticias\/apple-anuncia-isencao-da-taxa-de-30-para-empresas-no-app-store\/"},"author":{"name":"Rafaela La Regina","@id":"https:\/\/www.suno.com.br\/noticias\/#\/schema\/person\/e672ca8cea627fe715fa29bca7da95e0"},"headline":"Apple anuncia isen\u00e7\u00e3o da taxa de 30% para empresas na App Store","datePublished":"2020-09-25T20:41:59+00:00","dateModified":"2020-09-25T20:42:43+00:00","mainEntityOfPage":{"@id":"https:\/\/www.suno.com.br\/noticias\/apple-anuncia-isencao-da-taxa-de-30-para-empresas-no-app-store\/"},"wordCount":949,"publisher":{"@id":"https:\/\/www.suno.com.br\/noticias\/#organization"},"image":{"@id":"https:\/\/www.suno.com.br\/noticias\/apple-anuncia-isencao-da-taxa-de-30-para-empresas-no-app-store\/#primaryimage"},"thumbnailUrl":"https:\/\/files.sunoresearch.com.br\/n\/uploads\/2020\/09\/f03867fb-apple-jpg.webp","keywords":["App Store","Apple (AAPL34)","covid-19","Facebook (FBOK34)","Fortnite"],"articleSection":["Neg\u00f3cios"],"inLanguage":"pt-BR"},{"@type":"WebPage","@id":"https:\/\/www.suno.com.br\/noticias\/apple-anuncia-isencao-da-taxa-de-30-para-empresas-no-app-store\/","url":"https:\/\/www.suno.com.br\/noticias\/apple-anuncia-isencao-da-taxa-de-30-para-empresas-no-app-store\/","name":"Apple anuncia isen\u00e7\u00e3o da taxa de 30% para empresas no App Store","isPartOf":{"@id":"https:\/\/www.suno.com.br\/noticias\/#website"},"primaryImageOfPage":{"@id":"https:\/\/www.suno.com.br\/noticias\/apple-anuncia-isencao-da-taxa-de-30-para-empresas-no-app-store\/#primaryimage"},"image":{"@id":"https:\/\/www.suno.com.br\/noticias\/apple-anuncia-isencao-da-taxa-de-30-para-empresas-no-app-store\/#primaryimage"},"thumbnailUrl":"https:\/\/files.sunoresearch.com.br\/n\/uploads\/2020\/09\/f03867fb-apple-jpg.webp","datePublished":"2020-09-25T20:41:59+00:00","dateModified":"2020-09-25T20:42:43+00:00","description":"A concess\u00e3o da Apple deve durar at\u00e9 o final deste ano, e afetar\u00e1 as vendas feitas atrav\u00e9s de aplicativos. Clique aqui para saber mais.","breadcrumb":{"@id":"https:\/\/www.suno.com.br\/noticias\/apple-anuncia-isencao-da-taxa-de-30-para-empresas-no-app-store\/#breadcrumb"},"inLanguage":"pt-BR","potentialAction":[{"@type":"ReadAction","target":["https:\/\/www.suno.com.br\/noticias\/apple-anuncia-isencao-da-taxa-de-30-para-empresas-no-app-store\/"]}]},{"@type":"ImageObject","inLanguage":"pt-BR","@id":"https:\/\/www.suno.com.br\/noticias\/apple-anuncia-isencao-da-taxa-de-30-para-empresas-no-app-store\/#primaryimage","url":"https:\/\/files.sunoresearch.com.br\/n\/uploads\/2020\/09\/f03867fb-apple-jpg.webp","contentUrl":"https:\/\/files.sunoresearch.com.br\/n\/uploads\/2020\/09\/f03867fb-apple-jpg.webp","width":748,"height":410,"caption":"Apple anuncia isen\u00e7\u00e3o da taxa de 30% para empresas no App Store"},{"@type":"BreadcrumbList","@id":"https:\/\/www.suno.com.br\/noticias\/apple-anuncia-isencao-da-taxa-de-30-para-empresas-no-app-store\/#breadcrumb","itemListElement":[{"@type":"ListItem","position":1,"name":"Not\u00edcias","item":"https:\/\/www.suno.com.br\/noticias\/"},{"@type":"ListItem","position":2,"name":"Neg\u00f3cios","item":"https:\/\/www.suno.com.br\/noticias\/negocios\/"},{"@type":"ListItem","position":3,"name":"Apple anuncia isen\u00e7\u00e3o da taxa de 30% para empresas na App Store"}]},{"@type":"WebSite","@id":"https:\/\/www.suno.com.br\/noticias\/#website","url":"https:\/\/www.suno.com.br\/noticias\/","name":"Suno Not\u00edcias","description":"Seu portal de informa\u00e7\u00e3o sobre o mundo dos investimentos","publisher":{"@id":"https:\/\/www.suno.com.br\/noticias\/#organization"},"potentialAction":[{"@type":"SearchAction","target":{"@type":"EntryPoint","urlTemplate":"https:\/\/www.suno.com.br\/noticias\/?s={search_term_string}"},"query-input":{"@type":"PropertyValueSpecification","valueRequired":true,"valueName":"search_term_string"}}],"inLanguage":"pt-BR"},{"@type":"Organization","@id":"https:\/\/www.suno.com.br\/noticias\/#organization","name":"Suno Not\u00edcias","url":"https:\/\/www.suno.com.br\/noticias\/","logo":{"@type":"ImageObject","inLanguage":"pt-BR","@id":"https:\/\/www.suno.com.br\/noticias\/#\/schema\/logo\/image\/","url":"https:\/\/files.sunoresearch.com.br\/n\/uploads\/2021\/09\/suno-logo.png","contentUrl":"https:\/\/files.sunoresearch.com.br\/n\/uploads\/2021\/09\/suno-logo.png","width":180,"height":180,"caption":"Suno Not\u00edcias"},"image":{"@id":"https:\/\/www.suno.com.br\/noticias\/#\/schema\/logo\/image\/"},"sameAs":["https:\/\/facebook.com\/sunoresearch","https:\/\/x.com\/sunoresearch","https:\/\/www.instagram.com\/suno","https:\/\/www.linkedin.com\/company\/suno-research\/","https:\/\/www.youtube.com\/c\/sunoresearch"]},{"@type":"Person","@id":"https:\/\/www.suno.com.br\/noticias\/#\/schema\/person\/e672ca8cea627fe715fa29bca7da95e0","name":"Rafaela La Regina","image":{"@type":"ImageObject","inLanguage":"pt-BR","@id":"https:\/\/www.suno.com.br\/noticias\/#\/schema\/person\/image\/","url":"https:\/\/secure.gravatar.com\/avatar\/d2c75a52d243deb93d0465fdcb21bd37?s=96&r=g","contentUrl":"https:\/\/secure.gravatar.com\/avatar\/d2c75a52d243deb93d0465fdcb21bd37?s=96&r=g","caption":"Rafaela La Regina"},"description":"Estagi\u00e1ria no Suno Not\u00edcias. Escreve sobre economia, pol\u00edtica e neg\u00f3cios. Estuda Rela\u00e7\u00f5es Internacionais no IBMEC-SP.","url":"https:\/\/www.suno.com.br\/noticias\/author\/rafaela-la-regina\/"}]}},"default_loop_html":"<div class=\"cardsPage__listCard__boxs\"><div class=\"cardsPage__listCard__boxs__img\"><a href=\"https:\/\/www.suno.com.br\/noticias\/apple-anuncia-isencao-da-taxa-de-30-para-empresas-no-app-store\/\"><img class=\"mask\" src=\"https:\/\/www.suno.com.br\/noticias\/wp-content\/themes\/suno\/resources\/images\/spotlight\/spotlight1img\/bg-mask.png\" alt=\"Image Mask\"\/><img src=\"https:\/\/files.sunoresearch.com.br\/n\/uploads\/2020\/09\/f03867fb-apple-400x200.webp\" alt=\"Apple anuncia isen\u00e7\u00e3o da taxa de 30% para empresas na App Store\"\/><\/a><span class=\"spotlightCategory\"><a href=\"https:\/\/www.suno.com.br\/noticias\/negocios\/\">Neg\u00f3cios<\/a><\/span><\/div><div class=\"cardsPage__listCard__boxs__content\"><a href=\"https:\/\/www.suno.com.br\/noticias\/apple-anuncia-isencao-da-taxa-de-30-para-empresas-no-app-store\/\"><h2 class=\"content__title\">Apple anuncia isen\u00e7\u00e3o da taxa de 30% para empresas na App Store<\/h2><\/a><div class=\"newsContent__article__meta\"><div class=\"newsContent__article__meta__authorBox\"><a href=\"https:\/\/www.suno.com.br\/noticias\/author\/rafaela-la-regina\/\" class=\"authorBox__avatar noMobi\"><img src=\"https:\/\/secure.gravatar.com\/avatar\/d2c75a52d243deb93d0465fdcb21bd37?s=96&#038;r=g\" alt=\"Rafaela La Regina\"><\/a><div class=\"authorBox__name\"><span>por\n\t\t\t<a href=\"https:\/\/www.suno.com.br\/noticias\/author\/rafaela-la-regina\/\"><span itemprop=\"author\">Rafaela La Regina<\/span><\/a><\/span><time datetime=\"2020-09-25T17:41:59-03:00\" itemprop=\"datePublished\">25\/09\/2020 17:41<\/time><\/div><\/div><\/div><\/div><\/div>","single_layout":"posts","amp_enabled":true,"_links":{"self":[{"href":"https:\/\/www.suno.com.br\/noticias\/wp-json\/wp\/v2\/posts\/87588"}],"collection":[{"href":"https:\/\/www.suno.com.br\/noticias\/wp-json\/wp\/v2\/posts"}],"about":[{"href":"https:\/\/www.suno.com.br\/noticias\/wp-json\/wp\/v2\/types\/post"}],"author":[{"embeddable":true,"href":"https:\/\/www.suno.com.br\/noticias\/wp-json\/wp\/v2\/users\/56"}],"replies":[{"embeddable":true,"href":"https:\/\/www.suno.com.br\/noticias\/wp-json\/wp\/v2\/comments?post=87588"}],"version-history":[{"count":0,"href":"https:\/\/www.suno.com.br\/noticias\/wp-json\/wp\/v2\/posts\/87588\/revisions"}],"wp:featuredmedia":[{"embeddable":true,"href":"https:\/\/www.suno.com.br\/noticias\/wp-json\/wp\/v2\/media\/87612"}],"wp:attachment":[{"href":"https:\/\/www.suno.com.br\/noticias\/wp-json\/wp\/v2\/media?parent=87588"}],"wp:term":[{"taxonomy":"category","embeddable":true,"href":"https:\/\/www.suno.com.br\/noticias\/wp-json\/wp\/v2\/categories?post=87588"},{"taxonomy":"post_tag","embeddable":true,"href":"https:\/\/www.suno.com.br\/noticias\/wp-json\/wp\/v2\/tags?post=87588"},{"taxonomy":"suno_strategy","embeddable":true,"href":"https:\/\/www.suno.com.br\/noticias\/wp-json\/wp\/v2\/suno_strategy?post=87588"}],"curies":[{"name":"wp","href":"https:\/\/api.w.org\/{rel}","templated":true}]}}