{"id":87553,"date":"2020-09-25T14:57:49","date_gmt":"2020-09-25T17:57:49","guid":{"rendered":"https:\/\/www.suno.com.br\/noticias\/?p=87553"},"modified":"2020-09-25T14:57:49","modified_gmt":"2020-09-25T17:57:49","slug":"carteira-de-credito-em-agosto-deve-subir-116-ante-2019-preve-febraban","status":"publish","type":"post","link":"https:\/\/www.suno.com.br\/noticias\/carteira-de-credito-em-agosto-deve-subir-116-ante-2019-preve-febraban\/","title":{"rendered":"Carteira de cr\u00e9dito em agosto deve subir 11,6% ante 2019, prev\u00ea Febraban"},"content":{"rendered":"<p>A <strong><a href=\"https:\/\/www.suno.com.br\/artigos\/febraban\/\">Federa\u00e7\u00e3o Brasileira de Bancos (Febraban)<\/a><\/strong>, divulgou nesta sexta-feira (25) uma pesquisa apontando que o <strong>saldo consolidado do cr\u00e9dito<\/strong> em agosto dever\u00e1 apresentar alta mensal de 1,5%, e de 11,6% em rela\u00e7\u00e3o com o mesmo per\u00edodo do ano passado.<\/p>\t<div class=\"wrapper-featured-image\">\n\t\t<figure class=\"spotlightImg\">\n\n\t\t\t<picture>\n\t\t\t\t<source media=\"(max-width: 768px)\" srcset=\"https:\/\/files.sunoresearch.com.br\/n\/uploads\/2020\/09\/a9c8f0ad-cartao-de-credito-800x450-1-400x200.webp\">\n\t\t\t\t<img loading=\"lazy\" decoding=\"async\" class=\"newsContent__article__imgCapa lazyloadDisabled \" src=\"https:\/\/files.sunoresearch.com.br\/n\/uploads\/2020\/09\/a9c8f0ad-cartao-de-credito-800x450-1-jpg.webp\" width=\"800\" height=\"450\" alt=\"Carteira de cr\u00e9dito em agosto deve subir 11,6% ante 2019, prev\u00ea Febraban\" fetchpriority=high \/>\n\t\t\t<\/picture>\n\n\t\t\t<figcaption class=\"wp-caption-text wp-caption-text--show\">Carteira de cr\u00e9dito em agosto deve subir 11,6% ante 2019, prev\u00ea Febraban<\/figcaption>\n\t\t<\/figure>\n\t<\/div>\n\n\n<div class=\"hubspot-form-wrapper\">\n\t<div id=\"single-form-target\"><\/div>\n<\/div>\n\n<p>O <a href=\"https:\/\/www.suno.com.br\/artigos\/bacen\/\">Banco Central (BC)<\/a> divulgar\u00e1 na pr\u00f3xima segunda-feira (28) os dados oficiais. Caso as estimativas da Febraban estejam corretas, ser\u00e1 a maior taxa desde novembro de 2014 (11,7%).<\/p>\n<p>&#8220;As estimativas de nossa pesquisa, se confirmadas, mostrar\u00e3o uma retomada mais consistente da <strong>atividade econ\u00f4mica<\/strong> e do consumo das fam\u00edlias. Tamb\u00e9m refor\u00e7am mais uma vez o papel que o sistema financeiro tem desempenhado durante a<a href=\"https:\/\/www.suno.com.br\/noticias\/tags\/coronavirus\/\"> crise da Covid-19<\/a>, sempre buscando mitigar os impactos negativos da pandemia&#8221;, afirma o presidente da Febraban, Isaac Sidney, em nota.<\/p>\n<p><a href=\"https:\/\/lp.suno.com.br\/suno-one\/\">Suno One: acesse gratuitamente eBooks, Minicursos, Artigos e Video Aulas sobre investimentos com um \u00fanico cadastro. Clique para saber mais!<\/a><\/p>\n<p>Segundo Sidney, o saldo total de cr\u00e9dito deve seguir com a expans\u00e3o de dois d\u00edgitos pelo segundo m\u00eas consecutivo, mostrando acelera\u00e7\u00e3o em rela\u00e7\u00e3o ao crescimento registrado em julho, que foi de 11,3%.<\/p>\n<p>O levantamento mostra que em volume, o estoque de cr\u00e9dito deve subir para R$ 3,72 trilh\u00f5es, equivalente a cerca de 52% do <a href=\"https:\/\/www.suno.com.br\/artigos\/pib-produto-interno-bruto\/\">Produto Interno Bruto (PIB)<\/a> do Brasil, o que representar\u00e1 a maior propor\u00e7\u00e3o desde o primeiro semestre de 2016.<\/p>\n<h2>Febraban tamb\u00e9m falou sobre a reforma tribut\u00e1ria<\/h2>\n<p>O presidente da Federa\u00e7\u00e3o Brasileira de Bancos (Febraban), Isaac Sidney, tamb\u00e9m ressaltou a import\u00e2ncia da constru\u00e7\u00e3o de uma <a href=\"https:\/\/www.suno.com.br\/artigos\/reforma-tributaria\/\"><strong>reforma tribut\u00e1ria<\/strong><\/a> ampla e realizada com a participa\u00e7\u00e3o dos estados para a elabora\u00e7\u00e3o de seu modelo estrutural. A declara\u00e7\u00e3o foi feita no dia 10 de setembro durante o evento virtual com governadores que foi promovido pela federa\u00e7\u00e3o de bancos em conjunto com a Confedera\u00e7\u00e3o Nacional da Ind\u00fastria (CNI).<\/p>\n<p>&#8220;Uma reforma tribut\u00e1ria que n\u00e3o envolva os estados n\u00e3o \u00e9 reforma, \u00e9 uma mera inten\u00e7\u00e3o de reforma. Isso porque os Estados s\u00e3o a ponta&#8221;, declarou o presidente da federa\u00e7\u00e3o.<\/p>\n<p><a href=\"https:\/\/www.suno.com.br\/noticias\/estados-devem-participar-da-construcao-da-reforma-tributaria-diz-febraban\/\">Saiba Mais: Estados devem participar da constru\u00e7\u00e3o da reforma tribut\u00e1ria, diz Febraban<\/a><\/p>\n<p>Sidney destacou que o &#8220;verdadeiro pulso da economia&#8221;, o consumo, est\u00e1 nos estados, que s\u00e3o, na sua vis\u00e3o, &#8220;o bra\u00e7o mais pr\u00f3ximo do cidad\u00e3o&#8221;.<\/p>\n<p>O presidente da <strong>Febraban<\/strong> ainda refor\u00e7ou o apoio \u00e0s propostas de reforma que tramitam no Congresso, incluindo a enviada pelo governo. Declarando a import\u00e2ncia da aprova\u00e7\u00e3o de outras medidas que promovam a conten\u00e7\u00e3o dos gastos p\u00fablicos, citando como exemplo a <a href=\"https:\/\/www.suno.com.br\/noticias\/tags\/reforma-administrativa\/\"><strong>reforma administrativa<\/strong><\/a> e a PEC Emergencial, sobre os gatilhos do teto de gastos.<\/p>\n<p>Com informa\u00e7\u00f5es do Estad\u00e3o Conte\u00fado<\/p>\n\t<p>\n\t\t<a href=\"https:\/\/lp.suno.com.br\/planilha-de-controle-de-investimentos\/\" target=\"_blank\" data-element=\"shortcode-suno-banner\" title=\"Banner SUNO, clique e saiba mais\">\n\t\t\t<picture>\n\t\t\t\t<source media=\"(max-width: 500px)\" srcset=\"https:\/\/files.sunoresearch.com.br\/n\/uploads\/2023\/03\/400x300-Controle-de-Investimentos.png\">\n\t\t\t\t<img class=\"newsContent__article__imgCapa newsContent__article__imgCapa--banner\"\n\t\t\t\t\tsrc=\"https:\/\/files.sunoresearch.com.br\/n\/uploads\/2023\/03\/1420x240-Controle-de-Investimentos.png\"\n\t\t\t\t\tdata-promo-id=\"75934\"\t\t\t\t\t\t\t\t\t\twidth='1420' height='240'\t\t\t\t\talt=\"https:\/\/files.sunoresearch.com.br\/n\/uploads\/2023\/03\/1420x240-Controle-de-Investimentos.png\"\n\t\t\t\t>\n\t\t\t<\/picture>\n\t\t<\/a>\n\t<\/p>\n\n\n<p>&nbsp;<\/p>\n","protected":false},"excerpt":{"rendered":"<p>A Federa\u00e7\u00e3o Brasileira de Bancos (Febraban), divulgou nesta sexta-feira (25) uma pesquisa apontando que o saldo consolidado do cr\u00e9dito em agosto dever\u00e1 apresentar alta mensal de 1,5%, e de 11,6% em rela\u00e7\u00e3o com o mesmo per\u00edodo do ano passado. Carteira de cr\u00e9dito em agosto deve subir 11,6% ante 2019, prev\u00ea Febraban O Banco Central (BC) [&hellip;]<\/p>\n","protected":false},"author":56,"featured_media":87566,"comment_status":"closed","ping_status":"closed","sticky":false,"template":"","format":"standard","meta":[],"categories":[60],"tags":[2099,5255,823,807],"suno_strategy":[],"class_list":["post-87553","post","type-post","status-publish","format-standard","has-post-thumbnail","hentry","category-mercado","tag-carteira-de-credito","tag-covid-19","tag-febraban","tag-produto-interno-bruto-pib"],"yoast_head":"<!-- This site is optimized with the Yoast SEO plugin v24.4 - https:\/\/yoast.com\/wordpress\/plugins\/seo\/ -->\n<title>Carteira de cr\u00e9dito em agosto deve subir 11,6% ante 2019, prev\u00ea Febraba<\/title>\n<meta name=\"description\" content=\"Caso as estimativas da Febraban estejam corretas, ser\u00e1 a maior taxa desde novembro de 2014 (11,7%). Clique aqui para saber mais.\" \/>\n<meta name=\"robots\" content=\"index, follow, max-snippet:-1, max-image-preview:large, max-video-preview:-1\" \/>\n<link rel=\"canonical\" href=\"https:\/\/www.suno.com.br\/noticias\/carteira-de-credito-em-agosto-deve-subir-116-ante-2019-preve-febraban\/\" \/>\n<meta property=\"og:locale\" content=\"pt_BR\" \/>\n<meta property=\"og:type\" content=\"article\" \/>\n<meta property=\"og:title\" content=\"Carteira de cr\u00e9dito em agosto deve subir 11,6% ante 2019, prev\u00ea Febraba\" \/>\n<meta property=\"og:description\" content=\"Caso as estimativas da Febraban estejam corretas, ser\u00e1 a maior taxa desde novembro de 2014 (11,7%). Clique aqui para saber mais.\" \/>\n<meta property=\"og:url\" content=\"https:\/\/www.suno.com.br\/noticias\/carteira-de-credito-em-agosto-deve-subir-116-ante-2019-preve-febraban\/\" \/>\n<meta property=\"og:site_name\" content=\"Suno Not\u00edcias\" \/>\n<meta property=\"article:publisher\" content=\"https:\/\/facebook.com\/sunoresearch\" \/>\n<meta property=\"og:image\" content=\"https:\/\/files.sunoresearch.com.br\/n\/uploads\/2020\/09\/a9c8f0ad-cartao-de-credito-800x450-1.jpg\" \/>\n\t<meta property=\"og:image:width\" content=\"800\" \/>\n\t<meta property=\"og:image:height\" content=\"450\" \/>\n\t<meta property=\"og:image:type\" content=\"image\/jpeg\" \/>\n<meta name=\"author\" content=\"Rafaela La Regina\" \/>\n<meta name=\"twitter:card\" content=\"summary_large_image\" \/>\n<meta name=\"twitter:creator\" content=\"@sunoresearch\" \/>\n<meta name=\"twitter:site\" content=\"@sunoresearch\" \/>\n<meta name=\"twitter:label1\" content=\"Escrito por\" \/>\n\t<meta name=\"twitter:data1\" content=\"Rafaela La Regina\" \/>\n\t<meta name=\"twitter:label2\" content=\"Est. tempo de leitura\" \/>\n\t<meta name=\"twitter:data2\" content=\"2 minutos\" \/>\n<script type=\"application\/ld+json\" class=\"yoast-schema-graph\">{\"@context\":\"https:\/\/schema.org\",\"@graph\":[{\"@type\":\"NewsArticle\",\"@id\":\"https:\/\/www.suno.com.br\/noticias\/carteira-de-credito-em-agosto-deve-subir-116-ante-2019-preve-febraban\/#article\",\"isPartOf\":{\"@id\":\"https:\/\/www.suno.com.br\/noticias\/carteira-de-credito-em-agosto-deve-subir-116-ante-2019-preve-febraban\/\"},\"author\":{\"name\":\"Rafaela La Regina\",\"@id\":\"https:\/\/www.suno.com.br\/noticias\/#\/schema\/person\/e672ca8cea627fe715fa29bca7da95e0\"},\"headline\":\"Carteira de cr\u00e9dito em agosto deve subir 11,6% ante 2019, prev\u00ea Febraban\",\"datePublished\":\"2020-09-25T17:57:49+00:00\",\"mainEntityOfPage\":{\"@id\":\"https:\/\/www.suno.com.br\/noticias\/carteira-de-credito-em-agosto-deve-subir-116-ante-2019-preve-febraban\/\"},\"wordCount\":478,\"publisher\":{\"@id\":\"https:\/\/www.suno.com.br\/noticias\/#organization\"},\"image\":{\"@id\":\"https:\/\/www.suno.com.br\/noticias\/carteira-de-credito-em-agosto-deve-subir-116-ante-2019-preve-febraban\/#primaryimage\"},\"thumbnailUrl\":\"https:\/\/files.sunoresearch.com.br\/n\/uploads\/2020\/09\/a9c8f0ad-cartao-de-credito-800x450-1-jpg.webp\",\"keywords\":[\"carteira de cr\u00e9dito\",\"covid-19\",\"Febraban\",\"Produto Interno Bruto (PIB)\"],\"articleSection\":[\"Mercado\"],\"inLanguage\":\"pt-BR\"},{\"@type\":\"WebPage\",\"@id\":\"https:\/\/www.suno.com.br\/noticias\/carteira-de-credito-em-agosto-deve-subir-116-ante-2019-preve-febraban\/\",\"url\":\"https:\/\/www.suno.com.br\/noticias\/carteira-de-credito-em-agosto-deve-subir-116-ante-2019-preve-febraban\/\",\"name\":\"Carteira de cr\u00e9dito em agosto deve subir 11,6% ante 2019, prev\u00ea Febraba\",\"isPartOf\":{\"@id\":\"https:\/\/www.suno.com.br\/noticias\/#website\"},\"primaryImageOfPage\":{\"@id\":\"https:\/\/www.suno.com.br\/noticias\/carteira-de-credito-em-agosto-deve-subir-116-ante-2019-preve-febraban\/#primaryimage\"},\"image\":{\"@id\":\"https:\/\/www.suno.com.br\/noticias\/carteira-de-credito-em-agosto-deve-subir-116-ante-2019-preve-febraban\/#primaryimage\"},\"thumbnailUrl\":\"https:\/\/files.sunoresearch.com.br\/n\/uploads\/2020\/09\/a9c8f0ad-cartao-de-credito-800x450-1-jpg.webp\",\"datePublished\":\"2020-09-25T17:57:49+00:00\",\"description\":\"Caso as estimativas da Febraban estejam corretas, ser\u00e1 a maior taxa desde novembro de 2014 (11,7%). Clique aqui para saber mais.\",\"breadcrumb\":{\"@id\":\"https:\/\/www.suno.com.br\/noticias\/carteira-de-credito-em-agosto-deve-subir-116-ante-2019-preve-febraban\/#breadcrumb\"},\"inLanguage\":\"pt-BR\",\"potentialAction\":[{\"@type\":\"ReadAction\",\"target\":[\"https:\/\/www.suno.com.br\/noticias\/carteira-de-credito-em-agosto-deve-subir-116-ante-2019-preve-febraban\/\"]}]},{\"@type\":\"ImageObject\",\"inLanguage\":\"pt-BR\",\"@id\":\"https:\/\/www.suno.com.br\/noticias\/carteira-de-credito-em-agosto-deve-subir-116-ante-2019-preve-febraban\/#primaryimage\",\"url\":\"https:\/\/files.sunoresearch.com.br\/n\/uploads\/2020\/09\/a9c8f0ad-cartao-de-credito-800x450-1-jpg.webp\",\"contentUrl\":\"https:\/\/files.sunoresearch.com.br\/n\/uploads\/2020\/09\/a9c8f0ad-cartao-de-credito-800x450-1-jpg.webp\",\"width\":800,\"height\":450,\"caption\":\"Carteira de cr\u00e9dito em agosto deve subir 11,6% ante 2019, prev\u00ea Febraban\"},{\"@type\":\"BreadcrumbList\",\"@id\":\"https:\/\/www.suno.com.br\/noticias\/carteira-de-credito-em-agosto-deve-subir-116-ante-2019-preve-febraban\/#breadcrumb\",\"itemListElement\":[{\"@type\":\"ListItem\",\"position\":1,\"name\":\"Not\u00edcias\",\"item\":\"https:\/\/www.suno.com.br\/noticias\/\"},{\"@type\":\"ListItem\",\"position\":2,\"name\":\"Mercado\",\"item\":\"https:\/\/www.suno.com.br\/noticias\/mercado\/\"},{\"@type\":\"ListItem\",\"position\":3,\"name\":\"Carteira de cr\u00e9dito em agosto deve subir 11,6% ante 2019, prev\u00ea Febraban\"}]},{\"@type\":\"WebSite\",\"@id\":\"https:\/\/www.suno.com.br\/noticias\/#website\",\"url\":\"https:\/\/www.suno.com.br\/noticias\/\",\"name\":\"Suno Not\u00edcias\",\"description\":\"Seu portal de informa\u00e7\u00e3o sobre o mundo dos investimentos\",\"publisher\":{\"@id\":\"https:\/\/www.suno.com.br\/noticias\/#organization\"},\"potentialAction\":[{\"@type\":\"SearchAction\",\"target\":{\"@type\":\"EntryPoint\",\"urlTemplate\":\"https:\/\/www.suno.com.br\/noticias\/?s={search_term_string}\"},\"query-input\":{\"@type\":\"PropertyValueSpecification\",\"valueRequired\":true,\"valueName\":\"search_term_string\"}}],\"inLanguage\":\"pt-BR\"},{\"@type\":\"Organization\",\"@id\":\"https:\/\/www.suno.com.br\/noticias\/#organization\",\"name\":\"Suno Not\u00edcias\",\"url\":\"https:\/\/www.suno.com.br\/noticias\/\",\"logo\":{\"@type\":\"ImageObject\",\"inLanguage\":\"pt-BR\",\"@id\":\"https:\/\/www.suno.com.br\/noticias\/#\/schema\/logo\/image\/\",\"url\":\"https:\/\/files.sunoresearch.com.br\/n\/uploads\/2021\/09\/suno-logo.png\",\"contentUrl\":\"https:\/\/files.sunoresearch.com.br\/n\/uploads\/2021\/09\/suno-logo.png\",\"width\":180,\"height\":180,\"caption\":\"Suno Not\u00edcias\"},\"image\":{\"@id\":\"https:\/\/www.suno.com.br\/noticias\/#\/schema\/logo\/image\/\"},\"sameAs\":[\"https:\/\/facebook.com\/sunoresearch\",\"https:\/\/x.com\/sunoresearch\",\"https:\/\/www.instagram.com\/suno\",\"https:\/\/www.linkedin.com\/company\/suno-research\/\",\"https:\/\/www.youtube.com\/c\/sunoresearch\"]},{\"@type\":\"Person\",\"@id\":\"https:\/\/www.suno.com.br\/noticias\/#\/schema\/person\/e672ca8cea627fe715fa29bca7da95e0\",\"name\":\"Rafaela La Regina\",\"image\":{\"@type\":\"ImageObject\",\"inLanguage\":\"pt-BR\",\"@id\":\"https:\/\/www.suno.com.br\/noticias\/#\/schema\/person\/image\/\",\"url\":\"https:\/\/secure.gravatar.com\/avatar\/d2c75a52d243deb93d0465fdcb21bd37?s=96&r=g\",\"contentUrl\":\"https:\/\/secure.gravatar.com\/avatar\/d2c75a52d243deb93d0465fdcb21bd37?s=96&r=g\",\"caption\":\"Rafaela La Regina\"},\"description\":\"Estagi\u00e1ria no Suno Not\u00edcias. Escreve sobre economia, pol\u00edtica e neg\u00f3cios. Estuda Rela\u00e7\u00f5es Internacionais no IBMEC-SP.\",\"url\":\"https:\/\/www.suno.com.br\/noticias\/author\/rafaela-la-regina\/\"}]}<\/script>\n<!-- \/ Yoast SEO plugin. -->","yoast_head_json":{"title":"Carteira de cr\u00e9dito em agosto deve subir 11,6% ante 2019, prev\u00ea Febraba","description":"Caso as estimativas da Febraban estejam corretas, ser\u00e1 a maior taxa desde novembro de 2014 (11,7%). Clique aqui para saber mais.","robots":{"index":"index","follow":"follow","max-snippet":"max-snippet:-1","max-image-preview":"max-image-preview:large","max-video-preview":"max-video-preview:-1"},"canonical":"https:\/\/www.suno.com.br\/noticias\/carteira-de-credito-em-agosto-deve-subir-116-ante-2019-preve-febraban\/","og_locale":"pt_BR","og_type":"article","og_title":"Carteira de cr\u00e9dito em agosto deve subir 11,6% ante 2019, prev\u00ea Febraba","og_description":"Caso as estimativas da Febraban estejam corretas, ser\u00e1 a maior taxa desde novembro de 2014 (11,7%). Clique aqui para saber mais.","og_url":"https:\/\/www.suno.com.br\/noticias\/carteira-de-credito-em-agosto-deve-subir-116-ante-2019-preve-febraban\/","og_site_name":"Suno Not\u00edcias","article_publisher":"https:\/\/facebook.com\/sunoresearch","og_image":[{"width":800,"height":450,"url":"https:\/\/files.sunoresearch.com.br\/n\/uploads\/2020\/09\/a9c8f0ad-cartao-de-credito-800x450-1.jpg","type":"image\/jpeg"}],"author":"Rafaela La Regina","twitter_card":"summary_large_image","twitter_creator":"@sunoresearch","twitter_site":"@sunoresearch","twitter_misc":{"Escrito por":"Rafaela La Regina","Est. tempo de leitura":"2 minutos"},"schema":{"@context":"https:\/\/schema.org","@graph":[{"@type":"NewsArticle","@id":"https:\/\/www.suno.com.br\/noticias\/carteira-de-credito-em-agosto-deve-subir-116-ante-2019-preve-febraban\/#article","isPartOf":{"@id":"https:\/\/www.suno.com.br\/noticias\/carteira-de-credito-em-agosto-deve-subir-116-ante-2019-preve-febraban\/"},"author":{"name":"Rafaela La Regina","@id":"https:\/\/www.suno.com.br\/noticias\/#\/schema\/person\/e672ca8cea627fe715fa29bca7da95e0"},"headline":"Carteira de cr\u00e9dito em agosto deve subir 11,6% ante 2019, prev\u00ea Febraban","datePublished":"2020-09-25T17:57:49+00:00","mainEntityOfPage":{"@id":"https:\/\/www.suno.com.br\/noticias\/carteira-de-credito-em-agosto-deve-subir-116-ante-2019-preve-febraban\/"},"wordCount":478,"publisher":{"@id":"https:\/\/www.suno.com.br\/noticias\/#organization"},"image":{"@id":"https:\/\/www.suno.com.br\/noticias\/carteira-de-credito-em-agosto-deve-subir-116-ante-2019-preve-febraban\/#primaryimage"},"thumbnailUrl":"https:\/\/files.sunoresearch.com.br\/n\/uploads\/2020\/09\/a9c8f0ad-cartao-de-credito-800x450-1-jpg.webp","keywords":["carteira de cr\u00e9dito","covid-19","Febraban","Produto Interno Bruto (PIB)"],"articleSection":["Mercado"],"inLanguage":"pt-BR"},{"@type":"WebPage","@id":"https:\/\/www.suno.com.br\/noticias\/carteira-de-credito-em-agosto-deve-subir-116-ante-2019-preve-febraban\/","url":"https:\/\/www.suno.com.br\/noticias\/carteira-de-credito-em-agosto-deve-subir-116-ante-2019-preve-febraban\/","name":"Carteira de cr\u00e9dito em agosto deve subir 11,6% ante 2019, prev\u00ea Febraba","isPartOf":{"@id":"https:\/\/www.suno.com.br\/noticias\/#website"},"primaryImageOfPage":{"@id":"https:\/\/www.suno.com.br\/noticias\/carteira-de-credito-em-agosto-deve-subir-116-ante-2019-preve-febraban\/#primaryimage"},"image":{"@id":"https:\/\/www.suno.com.br\/noticias\/carteira-de-credito-em-agosto-deve-subir-116-ante-2019-preve-febraban\/#primaryimage"},"thumbnailUrl":"https:\/\/files.sunoresearch.com.br\/n\/uploads\/2020\/09\/a9c8f0ad-cartao-de-credito-800x450-1-jpg.webp","datePublished":"2020-09-25T17:57:49+00:00","description":"Caso as estimativas da Febraban estejam corretas, ser\u00e1 a maior taxa desde novembro de 2014 (11,7%). Clique aqui para saber mais.","breadcrumb":{"@id":"https:\/\/www.suno.com.br\/noticias\/carteira-de-credito-em-agosto-deve-subir-116-ante-2019-preve-febraban\/#breadcrumb"},"inLanguage":"pt-BR","potentialAction":[{"@type":"ReadAction","target":["https:\/\/www.suno.com.br\/noticias\/carteira-de-credito-em-agosto-deve-subir-116-ante-2019-preve-febraban\/"]}]},{"@type":"ImageObject","inLanguage":"pt-BR","@id":"https:\/\/www.suno.com.br\/noticias\/carteira-de-credito-em-agosto-deve-subir-116-ante-2019-preve-febraban\/#primaryimage","url":"https:\/\/files.sunoresearch.com.br\/n\/uploads\/2020\/09\/a9c8f0ad-cartao-de-credito-800x450-1-jpg.webp","contentUrl":"https:\/\/files.sunoresearch.com.br\/n\/uploads\/2020\/09\/a9c8f0ad-cartao-de-credito-800x450-1-jpg.webp","width":800,"height":450,"caption":"Carteira de cr\u00e9dito em agosto deve subir 11,6% ante 2019, prev\u00ea Febraban"},{"@type":"BreadcrumbList","@id":"https:\/\/www.suno.com.br\/noticias\/carteira-de-credito-em-agosto-deve-subir-116-ante-2019-preve-febraban\/#breadcrumb","itemListElement":[{"@type":"ListItem","position":1,"name":"Not\u00edcias","item":"https:\/\/www.suno.com.br\/noticias\/"},{"@type":"ListItem","position":2,"name":"Mercado","item":"https:\/\/www.suno.com.br\/noticias\/mercado\/"},{"@type":"ListItem","position":3,"name":"Carteira de cr\u00e9dito em agosto deve subir 11,6% ante 2019, prev\u00ea Febraban"}]},{"@type":"WebSite","@id":"https:\/\/www.suno.com.br\/noticias\/#website","url":"https:\/\/www.suno.com.br\/noticias\/","name":"Suno Not\u00edcias","description":"Seu portal de informa\u00e7\u00e3o sobre o mundo dos investimentos","publisher":{"@id":"https:\/\/www.suno.com.br\/noticias\/#organization"},"potentialAction":[{"@type":"SearchAction","target":{"@type":"EntryPoint","urlTemplate":"https:\/\/www.suno.com.br\/noticias\/?s={search_term_string}"},"query-input":{"@type":"PropertyValueSpecification","valueRequired":true,"valueName":"search_term_string"}}],"inLanguage":"pt-BR"},{"@type":"Organization","@id":"https:\/\/www.suno.com.br\/noticias\/#organization","name":"Suno Not\u00edcias","url":"https:\/\/www.suno.com.br\/noticias\/","logo":{"@type":"ImageObject","inLanguage":"pt-BR","@id":"https:\/\/www.suno.com.br\/noticias\/#\/schema\/logo\/image\/","url":"https:\/\/files.sunoresearch.com.br\/n\/uploads\/2021\/09\/suno-logo.png","contentUrl":"https:\/\/files.sunoresearch.com.br\/n\/uploads\/2021\/09\/suno-logo.png","width":180,"height":180,"caption":"Suno Not\u00edcias"},"image":{"@id":"https:\/\/www.suno.com.br\/noticias\/#\/schema\/logo\/image\/"},"sameAs":["https:\/\/facebook.com\/sunoresearch","https:\/\/x.com\/sunoresearch","https:\/\/www.instagram.com\/suno","https:\/\/www.linkedin.com\/company\/suno-research\/","https:\/\/www.youtube.com\/c\/sunoresearch"]},{"@type":"Person","@id":"https:\/\/www.suno.com.br\/noticias\/#\/schema\/person\/e672ca8cea627fe715fa29bca7da95e0","name":"Rafaela La Regina","image":{"@type":"ImageObject","inLanguage":"pt-BR","@id":"https:\/\/www.suno.com.br\/noticias\/#\/schema\/person\/image\/","url":"https:\/\/secure.gravatar.com\/avatar\/d2c75a52d243deb93d0465fdcb21bd37?s=96&r=g","contentUrl":"https:\/\/secure.gravatar.com\/avatar\/d2c75a52d243deb93d0465fdcb21bd37?s=96&r=g","caption":"Rafaela La Regina"},"description":"Estagi\u00e1ria no Suno Not\u00edcias. Escreve sobre economia, pol\u00edtica e neg\u00f3cios. Estuda Rela\u00e7\u00f5es Internacionais no IBMEC-SP.","url":"https:\/\/www.suno.com.br\/noticias\/author\/rafaela-la-regina\/"}]}},"default_loop_html":"<div class=\"cardsPage__listCard__boxs\"><div class=\"cardsPage__listCard__boxs__img\"><a href=\"https:\/\/www.suno.com.br\/noticias\/carteira-de-credito-em-agosto-deve-subir-116-ante-2019-preve-febraban\/\"><img class=\"mask\" src=\"https:\/\/www.suno.com.br\/noticias\/wp-content\/themes\/suno\/resources\/images\/spotlight\/spotlight1img\/bg-mask.png\" alt=\"Image Mask\"\/><img src=\"https:\/\/files.sunoresearch.com.br\/n\/uploads\/2020\/09\/a9c8f0ad-cartao-de-credito-800x450-1-400x200.webp\" alt=\"Carteira de cr\u00e9dito em agosto deve subir 11,6% ante 2019, prev\u00ea Febraban\"\/><\/a><span class=\"spotlightCategory\"><a href=\"https:\/\/www.suno.com.br\/noticias\/mercado\/\">Mercado<\/a><\/span><\/div><div class=\"cardsPage__listCard__boxs__content\"><a href=\"https:\/\/www.suno.com.br\/noticias\/carteira-de-credito-em-agosto-deve-subir-116-ante-2019-preve-febraban\/\"><h2 class=\"content__title\">Carteira de cr\u00e9dito em agosto deve subir 11,6% ante 2019, prev\u00ea Febraban<\/h2><\/a><div class=\"newsContent__article__meta\"><div class=\"newsContent__article__meta__authorBox\"><a href=\"https:\/\/www.suno.com.br\/noticias\/author\/rafaela-la-regina\/\" class=\"authorBox__avatar noMobi\"><img src=\"https:\/\/secure.gravatar.com\/avatar\/d2c75a52d243deb93d0465fdcb21bd37?s=96&#038;r=g\" alt=\"Rafaela La Regina\"><\/a><div class=\"authorBox__name\"><span>por\n\t\t\t<a href=\"https:\/\/www.suno.com.br\/noticias\/author\/rafaela-la-regina\/\"><span itemprop=\"author\">Rafaela La Regina<\/span><\/a><\/span><time datetime=\"2020-09-25T14:57:49-03:00\" itemprop=\"datePublished\">25\/09\/2020 14:57<\/time><\/div><\/div><\/div><\/div><\/div>","single_layout":"posts","amp_enabled":true,"_links":{"self":[{"href":"https:\/\/www.suno.com.br\/noticias\/wp-json\/wp\/v2\/posts\/87553"}],"collection":[{"href":"https:\/\/www.suno.com.br\/noticias\/wp-json\/wp\/v2\/posts"}],"about":[{"href":"https:\/\/www.suno.com.br\/noticias\/wp-json\/wp\/v2\/types\/post"}],"author":[{"embeddable":true,"href":"https:\/\/www.suno.com.br\/noticias\/wp-json\/wp\/v2\/users\/56"}],"replies":[{"embeddable":true,"href":"https:\/\/www.suno.com.br\/noticias\/wp-json\/wp\/v2\/comments?post=87553"}],"version-history":[{"count":0,"href":"https:\/\/www.suno.com.br\/noticias\/wp-json\/wp\/v2\/posts\/87553\/revisions"}],"wp:featuredmedia":[{"embeddable":true,"href":"https:\/\/www.suno.com.br\/noticias\/wp-json\/wp\/v2\/media\/87566"}],"wp:attachment":[{"href":"https:\/\/www.suno.com.br\/noticias\/wp-json\/wp\/v2\/media?parent=87553"}],"wp:term":[{"taxonomy":"category","embeddable":true,"href":"https:\/\/www.suno.com.br\/noticias\/wp-json\/wp\/v2\/categories?post=87553"},{"taxonomy":"post_tag","embeddable":true,"href":"https:\/\/www.suno.com.br\/noticias\/wp-json\/wp\/v2\/tags?post=87553"},{"taxonomy":"suno_strategy","embeddable":true,"href":"https:\/\/www.suno.com.br\/noticias\/wp-json\/wp\/v2\/suno_strategy?post=87553"}],"curies":[{"name":"wp","href":"https:\/\/api.w.org\/{rel}","templated":true}]}}