{"id":87421,"date":"2020-09-25T09:33:23","date_gmt":"2020-09-25T12:33:23","guid":{"rendered":"https:\/\/www.suno.com.br\/noticias\/?p=87421"},"modified":"2020-09-25T09:33:23","modified_gmt":"2020-09-25T12:33:23","slug":"vacina-novavax-terceira-fase-testes","status":"publish","type":"post","link":"https:\/\/www.suno.com.br\/noticias\/vacina-novavax-terceira-fase-testes\/","title":{"rendered":"Vacina da Novavax avan\u00e7a para terceira fase de testes"},"content":{"rendered":"<p>A farmac\u00eautica Novavax informou, na noite da \u00faltima quinta-feira (24), que os testes para sua <strong>vacina<\/strong> contra o <a href=\"https:\/\/www.suno.com.br\/noticias\/?s=coronav%C3%ADrus\">novo coronav\u00edrus (Covid-19)<\/a> entraram na terceira e \u00faltima fase. O processo est\u00e1 sendo realizado com 10 mil pessoas no Reino Unido, onde recentemente foi observado um aumento nos casos da pandemia.<\/p>\t<div class=\"wrapper-featured-image\">\n\t\t<figure class=\"spotlightImg\">\n\n\t\t\t<picture>\n\t\t\t\t<source media=\"(max-width: 768px)\" srcset=\"https:\/\/files.sunoresearch.com.br\/n\/uploads\/2020\/09\/df5edd16-vacina-contra-covid-19-novo-coronavirus-ilustracao-1-400x200.webp\">\n\t\t\t\t<img loading=\"lazy\" decoding=\"async\" class=\"newsContent__article__imgCapa lazyloadDisabled \" src=\"https:\/\/files.sunoresearch.com.br\/n\/uploads\/2020\/09\/df5edd16-vacina-contra-covid-19-novo-coronavirus-ilustracao-1-800x450.webp\" width=\"800\" height=\"450\" alt=\"Vacina da Novavax avan\u00e7a para terceira fase de testes\" fetchpriority=high \/>\n\t\t\t<\/picture>\n\n\t\t\t<figcaption class=\"wp-caption-text wp-caption-text--show\">A farmac\u00eautica Novavax informou que os testes para sua vacina contra o coronav\u00edrus entraram na terceira e \u00faltima fase.<\/figcaption>\n\t\t<\/figure>\n\t<\/div>\n\n\n<div class=\"hubspot-form-wrapper\">\n\t<div id=\"single-form-target\"><\/div>\n<\/div>\n\n<p>A companhia, sediada em Gaithersburg, nos Estados Unidos, informou que a principal an\u00e1lise desta fase se concentrar\u00e1 em rastrear se os adultos que receberam a vacina de duas doses apresentam uma taxa mais baixa de <strong>sintomas<\/strong> da doen\u00e7a em rela\u00e7\u00e3o aos participantes do estudo que recebem placebo.<\/p>\n<p>Segundo o presidente de <strong>pesquisa e desenvolvimento<\/strong> (P&amp;D) da <strong>Novavax<\/strong>, Gregory Glenn, a companhia pretende testar sua vacina, tamb\u00e9m no \u00e2mbito da fase 3, em at\u00e9 30 mil pessoas nos Estados Unidos. Esse processo pode ser iniciado no m\u00eas que vem.<\/p>\n<p><a href=\"https:\/\/lp.suno.com.br\/suno-one\/\">Suno One: acesse gratuitamente eBooks, Minicursos, Artigos e Video Aulas sobre investimentos com um \u00fanico cadastro. Clique para saber mais!<\/a><\/p>\n<p>O acordo com o Reino Unido vem \u00e0 tona logo ap\u00f3s a farmac\u00eautica informar que, em um pequeno estudo em est\u00e1gio inicial de volunt\u00e1rios saud\u00e1veis, seu medicamento experimental trouxe respostas imunol\u00f3gicas promissoras e foi, em sua maioria, bem tolerado.<\/p>\n<p>Nesta terceira etapa dos testes, pesquisadores avaliar\u00e3o a efic\u00e1cia da vacina depois que determinado volume de pessoas no estudo brit\u00e2nico contra\u00edrem a <strong>Covid-19<\/strong>. Esse n\u00famero poder\u00e1 ser atingido mais cedo em fun\u00e7\u00e3o do recente aumento nos casos do coronav\u00edrus no pa\u00eds, demonstrando que as taxas de transmiss\u00e3o continuam altas, afirmou Glenn.<\/p>\n<h2>Brasil adere ao Covax Facility, programa global de acesso \u00e0 vacina<\/h2>\n<p>O governo editou, na \u00faltima quinta-feira (24), uma Medida Provis\u00f3ria (MP) que libera R$ 2,5 bilh\u00f5es para que o Brasil possa aderir ao <strong>Covax Facility<\/strong>, programa internacional de acesso ao desenvolvimento de vacinas que combatam o <strong>coronav\u00edrus<\/strong>.<\/p>\n<p>O programa \u00e9 liderado pela <strong>Organiza\u00e7\u00e3o Mundial da Sa\u00fade (OMS)<\/strong>. No in\u00edcio deste m\u00eas, em reuni\u00e3o do Conselho de Governan\u00e7a do <em>Access to Covid-19 Tools<\/em> (ACT), grupo que re\u00fane diversos pa\u00edses com o objetivo de acelerar o fim da pandemia, Eduardo Pazuello, minitro da Sa\u00fade, disse que caso optasse pela ades\u00e3o, &#8220;o Brasil poder\u00e1 ser o maior contribuinte. Gostaria de concluir colocando \u00e0 disposi\u00e7\u00e3o de todos a robusta capacidade de produ\u00e7\u00e3o de vacina e experi\u00eancia do Brasil em oferecer acesso universal a servi\u00e7os de sa\u00fade, incluindo vacina\u00e7\u00e3o a toda a popula\u00e7\u00e3o brasileira\u201d.<\/p>\n\t<div data-element=\"shortcode-read-more\" class=\"knowMore\">\n\t\t\t\t<span class=\"knowMore__title\">Veja tamb\u00e9m<\/span>\n\t\t\t\t<a class=\"knowMore__link\" href=\"https:\/\/www.suno.com.br\/noticias\/sao-paulo-tera-100-milhoes-vacina-maio-2021\/\">\n\t\t\tS\u00e3o Paulo ter\u00e1 100 milh\u00f5es de doses da vacina at\u00e9 maio de 2021, diz secret\u00e1rio\t\t<\/a>\n\t<\/div>\n\n\n<p>Em nota, o Pal\u00e1cio do Planalto disse que a entrada no programa &#8220;n\u00e3o impede que o pa\u00eds realize posteriormente acordos bilaterais com outras empresas biofarmac\u00eauticas produtoras de vacinas contra a Covid-19 que n\u00e3o estejam contempladas pela iniciativa global&#8221;.<\/p>\n<p>O governo aposta no imunizante que tem sido desenvolvido pela AstraZeneca em parceria com a Universidade de Oxford. A Funda\u00e7\u00e3o Oswaldo Cruz (Fiocruz) recebeu um aporte de R$ 2 bilh\u00f5es para receber, processar, distribuir e iniciar a fabrica\u00e7\u00e3o da <strong>vacina<\/strong>. O objetivo \u00e9 que as primeiras 15 milh\u00f5es de doses sejam aplicadas em janeiro do ano que vem no Brasil, ao passo que outras 85 milh\u00f5es de doses sejam distribu\u00eddas ao longo de 2021.<\/p>\n\t<p>\n\t\t<a href=\"https:\/\/lp.suno.com.br\/planilha-de-controle-de-investimentos\/\" target=\"_blank\" data-element=\"shortcode-suno-banner\" title=\"Banner SUNO, clique e saiba mais\">\n\t\t\t<picture>\n\t\t\t\t<source media=\"(max-width: 500px)\" srcset=\"https:\/\/files.sunoresearch.com.br\/n\/uploads\/2023\/03\/400x300-Controle-de-Investimentos.png\">\n\t\t\t\t<img class=\"newsContent__article__imgCapa newsContent__article__imgCapa--banner\"\n\t\t\t\t\tsrc=\"https:\/\/files.sunoresearch.com.br\/n\/uploads\/2023\/03\/1420x240-Controle-de-Investimentos.png\"\n\t\t\t\t\tdata-promo-id=\"75934\"\t\t\t\t\t\t\t\t\t\twidth='1420' height='240'\t\t\t\t\talt=\"https:\/\/files.sunoresearch.com.br\/n\/uploads\/2023\/03\/1420x240-Controle-de-Investimentos.png\"\n\t\t\t\t>\n\t\t\t<\/picture>\n\t\t<\/a>\n\t<\/p>\n\n\n","protected":false},"excerpt":{"rendered":"<p>A farmac\u00eautica Novavax informou, na noite da \u00faltima quinta-feira (24), que os testes para sua vacina contra o novo coronav\u00edrus (Covid-19) entraram na terceira e \u00faltima fase. O processo est\u00e1 sendo realizado com 10 mil pessoas no Reino Unido, onde recentemente foi observado um aumento nos casos da pandemia. A farmac\u00eautica Novavax informou que os [&hellip;]<\/p>\n","protected":false},"author":24,"featured_media":82531,"comment_status":"closed","ping_status":"closed","sticky":false,"template":"","format":"standard","meta":[],"categories":[63],"tags":[2487,85775,25002],"suno_strategy":[],"class_list":["post-87421","post","type-post","status-publish","format-standard","has-post-thumbnail","hentry","category-internacional","tag-coronavirus","tag-novavax","tag-vacina"],"yoast_head":"<!-- This site is optimized with the Yoast SEO plugin v24.4 - https:\/\/yoast.com\/wordpress\/plugins\/seo\/ -->\n<title>Vacina da Novavax avan\u00e7a para terceira fase de testes<\/title>\n<meta name=\"description\" content=\"A farmac\u00eautica Novavax informou que os testes para sua vacina contra o coronav\u00edrus entraram na terceira e \u00faltima fase. Clique e saiba mais.\" \/>\n<meta name=\"robots\" content=\"index, follow, max-snippet:-1, max-image-preview:large, max-video-preview:-1\" \/>\n<link rel=\"canonical\" href=\"https:\/\/www.suno.com.br\/noticias\/vacina-novavax-terceira-fase-testes\/\" \/>\n<meta property=\"og:locale\" content=\"pt_BR\" \/>\n<meta property=\"og:type\" content=\"article\" \/>\n<meta property=\"og:title\" content=\"Vacina da Novavax avan\u00e7a para terceira fase de testes\" \/>\n<meta property=\"og:description\" content=\"A farmac\u00eautica Novavax informou que os testes para sua vacina contra o coronav\u00edrus entraram na terceira e \u00faltima fase. Clique e saiba mais.\" \/>\n<meta property=\"og:url\" content=\"https:\/\/www.suno.com.br\/noticias\/vacina-novavax-terceira-fase-testes\/\" \/>\n<meta property=\"og:site_name\" content=\"Suno Not\u00edcias\" \/>\n<meta property=\"article:publisher\" content=\"https:\/\/facebook.com\/sunoresearch\" \/>\n<meta property=\"og:image\" content=\"https:\/\/files.sunoresearch.com.br\/n\/uploads\/2020\/09\/df5edd16-vacina-contra-covid-19-novo-coronavirus-ilustracao-1.jpg\" \/>\n\t<meta property=\"og:image:width\" content=\"1200\" \/>\n\t<meta property=\"og:image:height\" content=\"800\" \/>\n\t<meta property=\"og:image:type\" content=\"image\/jpeg\" \/>\n<meta name=\"author\" content=\"Jader Lazarini\" \/>\n<meta name=\"twitter:card\" content=\"summary_large_image\" \/>\n<meta name=\"twitter:creator\" content=\"@sunoresearch\" \/>\n<meta name=\"twitter:site\" content=\"@sunoresearch\" \/>\n<meta name=\"twitter:label1\" content=\"Escrito por\" \/>\n\t<meta name=\"twitter:data1\" content=\"Jader Lazarini\" \/>\n\t<meta name=\"twitter:label2\" content=\"Est. tempo de leitura\" \/>\n\t<meta name=\"twitter:data2\" content=\"3 minutos\" \/>\n<script type=\"application\/ld+json\" class=\"yoast-schema-graph\">{\"@context\":\"https:\/\/schema.org\",\"@graph\":[{\"@type\":\"NewsArticle\",\"@id\":\"https:\/\/www.suno.com.br\/noticias\/vacina-novavax-terceira-fase-testes\/#article\",\"isPartOf\":{\"@id\":\"https:\/\/www.suno.com.br\/noticias\/vacina-novavax-terceira-fase-testes\/\"},\"author\":{\"name\":\"Jader Lazarini\",\"@id\":\"https:\/\/www.suno.com.br\/noticias\/#\/schema\/person\/918d79de1f0281f01599b93f9ea6e23f\"},\"headline\":\"Vacina da Novavax avan\u00e7a para terceira fase de testes\",\"datePublished\":\"2020-09-25T12:33:23+00:00\",\"mainEntityOfPage\":{\"@id\":\"https:\/\/www.suno.com.br\/noticias\/vacina-novavax-terceira-fase-testes\/\"},\"wordCount\":573,\"publisher\":{\"@id\":\"https:\/\/www.suno.com.br\/noticias\/#organization\"},\"image\":{\"@id\":\"https:\/\/www.suno.com.br\/noticias\/vacina-novavax-terceira-fase-testes\/#primaryimage\"},\"thumbnailUrl\":\"https:\/\/files.sunoresearch.com.br\/n\/uploads\/2020\/09\/df5edd16-vacina-contra-covid-19-novo-coronavirus-ilustracao-1-jpg.webp\",\"keywords\":[\"coronav\u00edrus\",\"Novavax\",\"vacina\"],\"articleSection\":[\"Internacional\"],\"inLanguage\":\"pt-BR\"},{\"@type\":\"WebPage\",\"@id\":\"https:\/\/www.suno.com.br\/noticias\/vacina-novavax-terceira-fase-testes\/\",\"url\":\"https:\/\/www.suno.com.br\/noticias\/vacina-novavax-terceira-fase-testes\/\",\"name\":\"Vacina da Novavax avan\u00e7a para terceira fase de testes\",\"isPartOf\":{\"@id\":\"https:\/\/www.suno.com.br\/noticias\/#website\"},\"primaryImageOfPage\":{\"@id\":\"https:\/\/www.suno.com.br\/noticias\/vacina-novavax-terceira-fase-testes\/#primaryimage\"},\"image\":{\"@id\":\"https:\/\/www.suno.com.br\/noticias\/vacina-novavax-terceira-fase-testes\/#primaryimage\"},\"thumbnailUrl\":\"https:\/\/files.sunoresearch.com.br\/n\/uploads\/2020\/09\/df5edd16-vacina-contra-covid-19-novo-coronavirus-ilustracao-1-jpg.webp\",\"datePublished\":\"2020-09-25T12:33:23+00:00\",\"description\":\"A farmac\u00eautica Novavax informou que os testes para sua vacina contra o coronav\u00edrus entraram na terceira e \u00faltima fase. Clique e saiba mais.\",\"breadcrumb\":{\"@id\":\"https:\/\/www.suno.com.br\/noticias\/vacina-novavax-terceira-fase-testes\/#breadcrumb\"},\"inLanguage\":\"pt-BR\",\"potentialAction\":[{\"@type\":\"ReadAction\",\"target\":[\"https:\/\/www.suno.com.br\/noticias\/vacina-novavax-terceira-fase-testes\/\"]}]},{\"@type\":\"ImageObject\",\"inLanguage\":\"pt-BR\",\"@id\":\"https:\/\/www.suno.com.br\/noticias\/vacina-novavax-terceira-fase-testes\/#primaryimage\",\"url\":\"https:\/\/files.sunoresearch.com.br\/n\/uploads\/2020\/09\/df5edd16-vacina-contra-covid-19-novo-coronavirus-ilustracao-1-jpg.webp\",\"contentUrl\":\"https:\/\/files.sunoresearch.com.br\/n\/uploads\/2020\/09\/df5edd16-vacina-contra-covid-19-novo-coronavirus-ilustracao-1-jpg.webp\",\"width\":1200,\"height\":800,\"caption\":\"A farmac\u00eautica Novavax informou que os testes para sua vacina contra o coronav\u00edrus entraram na terceira e \u00faltima fase.\"},{\"@type\":\"BreadcrumbList\",\"@id\":\"https:\/\/www.suno.com.br\/noticias\/vacina-novavax-terceira-fase-testes\/#breadcrumb\",\"itemListElement\":[{\"@type\":\"ListItem\",\"position\":1,\"name\":\"Not\u00edcias\",\"item\":\"https:\/\/www.suno.com.br\/noticias\/\"},{\"@type\":\"ListItem\",\"position\":2,\"name\":\"Internacional\",\"item\":\"https:\/\/www.suno.com.br\/noticias\/internacional\/\"},{\"@type\":\"ListItem\",\"position\":3,\"name\":\"Vacina da Novavax avan\u00e7a para terceira fase de testes\"}]},{\"@type\":\"WebSite\",\"@id\":\"https:\/\/www.suno.com.br\/noticias\/#website\",\"url\":\"https:\/\/www.suno.com.br\/noticias\/\",\"name\":\"Suno Not\u00edcias\",\"description\":\"Seu portal de informa\u00e7\u00e3o sobre o mundo dos investimentos\",\"publisher\":{\"@id\":\"https:\/\/www.suno.com.br\/noticias\/#organization\"},\"potentialAction\":[{\"@type\":\"SearchAction\",\"target\":{\"@type\":\"EntryPoint\",\"urlTemplate\":\"https:\/\/www.suno.com.br\/noticias\/?s={search_term_string}\"},\"query-input\":{\"@type\":\"PropertyValueSpecification\",\"valueRequired\":true,\"valueName\":\"search_term_string\"}}],\"inLanguage\":\"pt-BR\"},{\"@type\":\"Organization\",\"@id\":\"https:\/\/www.suno.com.br\/noticias\/#organization\",\"name\":\"Suno Not\u00edcias\",\"url\":\"https:\/\/www.suno.com.br\/noticias\/\",\"logo\":{\"@type\":\"ImageObject\",\"inLanguage\":\"pt-BR\",\"@id\":\"https:\/\/www.suno.com.br\/noticias\/#\/schema\/logo\/image\/\",\"url\":\"https:\/\/files.sunoresearch.com.br\/n\/uploads\/2021\/09\/suno-logo.png\",\"contentUrl\":\"https:\/\/files.sunoresearch.com.br\/n\/uploads\/2021\/09\/suno-logo.png\",\"width\":180,\"height\":180,\"caption\":\"Suno Not\u00edcias\"},\"image\":{\"@id\":\"https:\/\/www.suno.com.br\/noticias\/#\/schema\/logo\/image\/\"},\"sameAs\":[\"https:\/\/facebook.com\/sunoresearch\",\"https:\/\/x.com\/sunoresearch\",\"https:\/\/www.instagram.com\/suno\",\"https:\/\/www.linkedin.com\/company\/suno-research\/\",\"https:\/\/www.youtube.com\/c\/sunoresearch\"]},{\"@type\":\"Person\",\"@id\":\"https:\/\/www.suno.com.br\/noticias\/#\/schema\/person\/918d79de1f0281f01599b93f9ea6e23f\",\"name\":\"Jader Lazarini\",\"image\":{\"@type\":\"ImageObject\",\"inLanguage\":\"pt-BR\",\"@id\":\"https:\/\/www.suno.com.br\/noticias\/#\/schema\/person\/image\/\",\"url\":\"https:\/\/secure.gravatar.com\/avatar\/3c1ad8caa51589841baeb923fcddea97?s=96&r=g\",\"contentUrl\":\"https:\/\/secure.gravatar.com\/avatar\/3c1ad8caa51589841baeb923fcddea97?s=96&r=g\",\"caption\":\"Jader Lazarini\"},\"description\":\"Jader Lazarini escreve sobre investimentos, finan\u00e7as, economia e neg\u00f3cios. \u00c9 bacharel em Rela\u00e7\u00f5es Internacionais e analista CNPI (2619).\",\"url\":\"https:\/\/www.suno.com.br\/noticias\/author\/jader-lazarini\/\"}]}<\/script>\n<!-- \/ Yoast SEO plugin. -->","yoast_head_json":{"title":"Vacina da Novavax avan\u00e7a para terceira fase de testes","description":"A farmac\u00eautica Novavax informou que os testes para sua vacina contra o coronav\u00edrus entraram na terceira e \u00faltima fase. Clique e saiba mais.","robots":{"index":"index","follow":"follow","max-snippet":"max-snippet:-1","max-image-preview":"max-image-preview:large","max-video-preview":"max-video-preview:-1"},"canonical":"https:\/\/www.suno.com.br\/noticias\/vacina-novavax-terceira-fase-testes\/","og_locale":"pt_BR","og_type":"article","og_title":"Vacina da Novavax avan\u00e7a para terceira fase de testes","og_description":"A farmac\u00eautica Novavax informou que os testes para sua vacina contra o coronav\u00edrus entraram na terceira e \u00faltima fase. Clique e saiba mais.","og_url":"https:\/\/www.suno.com.br\/noticias\/vacina-novavax-terceira-fase-testes\/","og_site_name":"Suno Not\u00edcias","article_publisher":"https:\/\/facebook.com\/sunoresearch","og_image":[{"width":1200,"height":800,"url":"https:\/\/files.sunoresearch.com.br\/n\/uploads\/2020\/09\/df5edd16-vacina-contra-covid-19-novo-coronavirus-ilustracao-1.jpg","type":"image\/jpeg"}],"author":"Jader Lazarini","twitter_card":"summary_large_image","twitter_creator":"@sunoresearch","twitter_site":"@sunoresearch","twitter_misc":{"Escrito por":"Jader Lazarini","Est. tempo de leitura":"3 minutos"},"schema":{"@context":"https:\/\/schema.org","@graph":[{"@type":"NewsArticle","@id":"https:\/\/www.suno.com.br\/noticias\/vacina-novavax-terceira-fase-testes\/#article","isPartOf":{"@id":"https:\/\/www.suno.com.br\/noticias\/vacina-novavax-terceira-fase-testes\/"},"author":{"name":"Jader Lazarini","@id":"https:\/\/www.suno.com.br\/noticias\/#\/schema\/person\/918d79de1f0281f01599b93f9ea6e23f"},"headline":"Vacina da Novavax avan\u00e7a para terceira fase de testes","datePublished":"2020-09-25T12:33:23+00:00","mainEntityOfPage":{"@id":"https:\/\/www.suno.com.br\/noticias\/vacina-novavax-terceira-fase-testes\/"},"wordCount":573,"publisher":{"@id":"https:\/\/www.suno.com.br\/noticias\/#organization"},"image":{"@id":"https:\/\/www.suno.com.br\/noticias\/vacina-novavax-terceira-fase-testes\/#primaryimage"},"thumbnailUrl":"https:\/\/files.sunoresearch.com.br\/n\/uploads\/2020\/09\/df5edd16-vacina-contra-covid-19-novo-coronavirus-ilustracao-1-jpg.webp","keywords":["coronav\u00edrus","Novavax","vacina"],"articleSection":["Internacional"],"inLanguage":"pt-BR"},{"@type":"WebPage","@id":"https:\/\/www.suno.com.br\/noticias\/vacina-novavax-terceira-fase-testes\/","url":"https:\/\/www.suno.com.br\/noticias\/vacina-novavax-terceira-fase-testes\/","name":"Vacina da Novavax avan\u00e7a para terceira fase de testes","isPartOf":{"@id":"https:\/\/www.suno.com.br\/noticias\/#website"},"primaryImageOfPage":{"@id":"https:\/\/www.suno.com.br\/noticias\/vacina-novavax-terceira-fase-testes\/#primaryimage"},"image":{"@id":"https:\/\/www.suno.com.br\/noticias\/vacina-novavax-terceira-fase-testes\/#primaryimage"},"thumbnailUrl":"https:\/\/files.sunoresearch.com.br\/n\/uploads\/2020\/09\/df5edd16-vacina-contra-covid-19-novo-coronavirus-ilustracao-1-jpg.webp","datePublished":"2020-09-25T12:33:23+00:00","description":"A farmac\u00eautica Novavax informou que os testes para sua vacina contra o coronav\u00edrus entraram na terceira e \u00faltima fase. Clique e saiba mais.","breadcrumb":{"@id":"https:\/\/www.suno.com.br\/noticias\/vacina-novavax-terceira-fase-testes\/#breadcrumb"},"inLanguage":"pt-BR","potentialAction":[{"@type":"ReadAction","target":["https:\/\/www.suno.com.br\/noticias\/vacina-novavax-terceira-fase-testes\/"]}]},{"@type":"ImageObject","inLanguage":"pt-BR","@id":"https:\/\/www.suno.com.br\/noticias\/vacina-novavax-terceira-fase-testes\/#primaryimage","url":"https:\/\/files.sunoresearch.com.br\/n\/uploads\/2020\/09\/df5edd16-vacina-contra-covid-19-novo-coronavirus-ilustracao-1-jpg.webp","contentUrl":"https:\/\/files.sunoresearch.com.br\/n\/uploads\/2020\/09\/df5edd16-vacina-contra-covid-19-novo-coronavirus-ilustracao-1-jpg.webp","width":1200,"height":800,"caption":"A farmac\u00eautica Novavax informou que os testes para sua vacina contra o coronav\u00edrus entraram na terceira e \u00faltima fase."},{"@type":"BreadcrumbList","@id":"https:\/\/www.suno.com.br\/noticias\/vacina-novavax-terceira-fase-testes\/#breadcrumb","itemListElement":[{"@type":"ListItem","position":1,"name":"Not\u00edcias","item":"https:\/\/www.suno.com.br\/noticias\/"},{"@type":"ListItem","position":2,"name":"Internacional","item":"https:\/\/www.suno.com.br\/noticias\/internacional\/"},{"@type":"ListItem","position":3,"name":"Vacina da Novavax avan\u00e7a para terceira fase de testes"}]},{"@type":"WebSite","@id":"https:\/\/www.suno.com.br\/noticias\/#website","url":"https:\/\/www.suno.com.br\/noticias\/","name":"Suno Not\u00edcias","description":"Seu portal de informa\u00e7\u00e3o sobre o mundo dos investimentos","publisher":{"@id":"https:\/\/www.suno.com.br\/noticias\/#organization"},"potentialAction":[{"@type":"SearchAction","target":{"@type":"EntryPoint","urlTemplate":"https:\/\/www.suno.com.br\/noticias\/?s={search_term_string}"},"query-input":{"@type":"PropertyValueSpecification","valueRequired":true,"valueName":"search_term_string"}}],"inLanguage":"pt-BR"},{"@type":"Organization","@id":"https:\/\/www.suno.com.br\/noticias\/#organization","name":"Suno Not\u00edcias","url":"https:\/\/www.suno.com.br\/noticias\/","logo":{"@type":"ImageObject","inLanguage":"pt-BR","@id":"https:\/\/www.suno.com.br\/noticias\/#\/schema\/logo\/image\/","url":"https:\/\/files.sunoresearch.com.br\/n\/uploads\/2021\/09\/suno-logo.png","contentUrl":"https:\/\/files.sunoresearch.com.br\/n\/uploads\/2021\/09\/suno-logo.png","width":180,"height":180,"caption":"Suno Not\u00edcias"},"image":{"@id":"https:\/\/www.suno.com.br\/noticias\/#\/schema\/logo\/image\/"},"sameAs":["https:\/\/facebook.com\/sunoresearch","https:\/\/x.com\/sunoresearch","https:\/\/www.instagram.com\/suno","https:\/\/www.linkedin.com\/company\/suno-research\/","https:\/\/www.youtube.com\/c\/sunoresearch"]},{"@type":"Person","@id":"https:\/\/www.suno.com.br\/noticias\/#\/schema\/person\/918d79de1f0281f01599b93f9ea6e23f","name":"Jader Lazarini","image":{"@type":"ImageObject","inLanguage":"pt-BR","@id":"https:\/\/www.suno.com.br\/noticias\/#\/schema\/person\/image\/","url":"https:\/\/secure.gravatar.com\/avatar\/3c1ad8caa51589841baeb923fcddea97?s=96&r=g","contentUrl":"https:\/\/secure.gravatar.com\/avatar\/3c1ad8caa51589841baeb923fcddea97?s=96&r=g","caption":"Jader Lazarini"},"description":"Jader Lazarini escreve sobre investimentos, finan\u00e7as, economia e neg\u00f3cios. \u00c9 bacharel em Rela\u00e7\u00f5es Internacionais e analista CNPI (2619).","url":"https:\/\/www.suno.com.br\/noticias\/author\/jader-lazarini\/"}]}},"default_loop_html":"<div class=\"cardsPage__listCard__boxs\"><div class=\"cardsPage__listCard__boxs__img\"><a href=\"https:\/\/www.suno.com.br\/noticias\/vacina-novavax-terceira-fase-testes\/\"><img class=\"mask\" src=\"https:\/\/www.suno.com.br\/noticias\/wp-content\/themes\/suno\/resources\/images\/spotlight\/spotlight1img\/bg-mask.png\" alt=\"Image Mask\"\/><img src=\"https:\/\/files.sunoresearch.com.br\/n\/uploads\/2020\/09\/df5edd16-vacina-contra-covid-19-novo-coronavirus-ilustracao-1-400x200.webp\" alt=\"Vacina da Novavax avan\u00e7a para terceira fase de testes\"\/><\/a><span class=\"spotlightCategory\"><a href=\"https:\/\/www.suno.com.br\/noticias\/internacional\/\">Internacional<\/a><\/span><\/div><div class=\"cardsPage__listCard__boxs__content\"><a href=\"https:\/\/www.suno.com.br\/noticias\/vacina-novavax-terceira-fase-testes\/\"><h2 class=\"content__title\">Vacina da Novavax avan\u00e7a para terceira fase de testes<\/h2><\/a><div class=\"newsContent__article__meta\"><div class=\"newsContent__article__meta__authorBox\"><a href=\"https:\/\/www.suno.com.br\/noticias\/author\/jader-lazarini\/\" class=\"authorBox__avatar noMobi\"><img src=\"https:\/\/files.sunoresearch.com.br\/n\/uploads\/2021\/01\/178e6598-foto-perfil-2-150x150.jpg\" alt=\"Jader Lazarini\"><\/a><div class=\"authorBox__name\"><span>por\n\t\t\t<a href=\"https:\/\/www.suno.com.br\/noticias\/author\/jader-lazarini\/\"><span itemprop=\"author\">Jader Lazarini<\/span><\/a><\/span><time datetime=\"2020-09-25T09:33:23-03:00\" itemprop=\"datePublished\">25\/09\/2020 09:33<\/time><\/div><\/div><\/div><\/div><\/div>","single_layout":"posts","amp_enabled":true,"_links":{"self":[{"href":"https:\/\/www.suno.com.br\/noticias\/wp-json\/wp\/v2\/posts\/87421"}],"collection":[{"href":"https:\/\/www.suno.com.br\/noticias\/wp-json\/wp\/v2\/posts"}],"about":[{"href":"https:\/\/www.suno.com.br\/noticias\/wp-json\/wp\/v2\/types\/post"}],"author":[{"embeddable":true,"href":"https:\/\/www.suno.com.br\/noticias\/wp-json\/wp\/v2\/users\/24"}],"replies":[{"embeddable":true,"href":"https:\/\/www.suno.com.br\/noticias\/wp-json\/wp\/v2\/comments?post=87421"}],"version-history":[{"count":0,"href":"https:\/\/www.suno.com.br\/noticias\/wp-json\/wp\/v2\/posts\/87421\/revisions"}],"wp:featuredmedia":[{"embeddable":true,"href":"https:\/\/www.suno.com.br\/noticias\/wp-json\/wp\/v2\/media\/82531"}],"wp:attachment":[{"href":"https:\/\/www.suno.com.br\/noticias\/wp-json\/wp\/v2\/media?parent=87421"}],"wp:term":[{"taxonomy":"category","embeddable":true,"href":"https:\/\/www.suno.com.br\/noticias\/wp-json\/wp\/v2\/categories?post=87421"},{"taxonomy":"post_tag","embeddable":true,"href":"https:\/\/www.suno.com.br\/noticias\/wp-json\/wp\/v2\/tags?post=87421"},{"taxonomy":"suno_strategy","embeddable":true,"href":"https:\/\/www.suno.com.br\/noticias\/wp-json\/wp\/v2\/suno_strategy?post=87421"}],"curies":[{"name":"wp","href":"https:\/\/api.w.org\/{rel}","templated":true}]}}