{"id":87411,"date":"2020-09-25T08:54:37","date_gmt":"2020-09-25T11:54:37","guid":{"rendered":"https:\/\/www.suno.com.br\/noticias\/?p=87411"},"modified":"2020-09-25T08:54:37","modified_gmt":"2020-09-25T11:54:37","slug":"partido-democrata-pacote-fiscal-2-trilhoes-eua","status":"publish","type":"post","link":"https:\/\/www.suno.com.br\/noticias\/partido-democrata-pacote-fiscal-2-trilhoes-eua\/","title":{"rendered":"Partido Democrata prepara pacote fiscal de US$ 2,2 trilh\u00f5es nos EUA"},"content":{"rendered":"<p>Os representantes do Partido Democrata na C\u00e2mara dos <strong>EUA<\/strong> est\u00e3o preparando um pacote de est\u00edmulos fiscais de US$ 2,2 trilh\u00f5es no combate \u00e0 pandemia do <a href=\"https:\/\/www.suno.com.br\/noticias\/?s=coronav%C3%ADrus\">novo coronav\u00edrus (Covid-19)<\/a>. Segundo a ag\u00eancia de not\u00edcias &#8220;Reuters&#8221;, o plano pode ser votado na C\u00e2mara j\u00e1 na pr\u00f3xima semana.<\/p>\t<div class=\"wrapper-featured-image\">\n\t\t<figure class=\"spotlightImg\">\n\n\t\t\t<picture>\n\t\t\t\t<source media=\"(max-width: 768px)\" srcset=\"https:\/\/files.sunoresearch.com.br\/n\/uploads\/2020\/09\/fe4ab392-donald-trump-congresso20170228025302-400x200.webp\">\n\t\t\t\t<img loading=\"lazy\" decoding=\"async\" class=\"newsContent__article__imgCapa lazyloadDisabled \" src=\"https:\/\/files.sunoresearch.com.br\/n\/uploads\/2020\/09\/fe4ab392-donald-trump-congresso20170228025302-800x450.webp\" width=\"800\" height=\"450\" alt=\"Partido Democrata prepara pacote fiscal de US$ 2,2 trilh\u00f5es nos EUA\" fetchpriority=high \/>\n\t\t\t<\/picture>\n\n\t\t\t<figcaption class=\"wp-caption-text wp-caption-text--show\">Os representantes do Partido Democrata na C\u00e2mara dos EUA est\u00e3o preparando um pacote de est\u00edmulos fiscais de US$ 2,2 trilh\u00f5es. <\/figcaption>\n\t\t<\/figure>\n\t<\/div>\n\n\n<div class=\"hubspot-form-wrapper\">\n\t<div id=\"single-form-target\"><\/div>\n<\/div>\n\n<p>As conversas para esse novo plano estavam paralisadas h\u00e1 quase dois meses. No entanto, segundo <strong>Richard Neal<\/strong>, presidente do Comit\u00ea de Assuntos Tribut\u00e1rios da C\u00e2mara, o assunto foi retomado ap\u00f3s <a href=\"https:\/\/www.suno.com.br\/tudo-sobre\/jerome-powell\/\"><strong>Jerome Powell<\/strong><\/a>, presidente do <a href=\"https:\/\/www.suno.com.br\/artigos\/fed\/\">Federal Reserve (<strong>Fed<\/strong>)<\/a>, Banco Central dos EUA, dizer que a C\u00e2mara precisaria fornecer mais suporte \u00e0 economia em fun\u00e7\u00e3o da crise.<\/p>\n<p>\u201cOs contornos j\u00e1 est\u00e3o l\u00e1. Acho que agora se trata de prazo e coisas assim\u201d, afirmou Neal a jornalistas, na \u00faltima quinta-feira (24), quando questionado sobre o potencial para um novo pacote de est\u00edmulos.<\/p>\n<p><a href=\"https:\/\/lp.suno.com.br\/suno-one\/\">Conhe\u00e7a o Suno One, a central gratuita de informa\u00e7\u00f5es da Suno para quem quer aprender a investir. Acesse clicando aqui.<\/a><\/p>\n<p>Para ele, a vota\u00e7\u00e3o poderia acontecer nos pr\u00f3ximos dias. \u201cSuponho que, uma vez que est\u00e1 prevista uma pausa na C\u00e2mara para o ciclo eleitoral, acho que a pr\u00f3xima semana&#8230; \u00e9 apropriada\u201d, disse. Neal salientou que <strong>Nancy Pelosi<\/strong>, presidente da C\u00e2mara, que determinar\u00e1 quando texto legislativo poder\u00e1 ser apresentado. Ela, por sua vez, j\u00e1 reiterou que est\u00e1 pronta para conversar com a Casa Branca.<\/p>\n<p>Entretanto, o pacote encontra diverg\u00eancias por parte da posi\u00e7\u00e3o. Kevin Brady, principal representante do <strong>Partido Republicano<\/strong> do comit\u00ea de Neal, disse que &#8220;ela (Pelosi) poderia aprovar mais 10 projetos partid\u00e1rios. Isso n\u00e3o nos deixar\u00e1 mais perto de ajudar as pequenas empresas. \u00c9 apenas mais um exerc\u00edcio perdido&#8221;.<\/p>\n<h2>C\u00e2mara dos EUA procura entendimento entre os representantes<\/h2>\n<p>As negocia\u00e7\u00f5es formais para o novo pacote, paralisadas em 7 de agosto, eram formadas por Pelosi, Chuck Schumer, l\u00edder democrata no Senado, <strong>Steven Mnuchin<\/strong>, secret\u00e1rio do Tesouro, e <strong>Mark Meadows<\/strong>, chefe do gabinete da Casa Branca. Desde ent\u00e3o, Pelosi e Mnuchin t\u00eam discutido o plano por telefone.<\/p>\n\t<div data-element=\"shortcode-read-more\" class=\"knowMore\">\n\t\t\t\t<span class=\"knowMore__title\">Saiba mais<\/span>\n\t\t\t\t<a class=\"knowMore__link\" href=\"https:\/\/www.suno.com.br\/noticias\/fed-kaplan-pib-eua-3t20\/\">\n\t\t\tFed: Kaplan prev\u00ea que PIB dos EUA avan\u00e7ar\u00e1 30% no 3T20\t\t<\/a>\n\t<\/div>\n\n\n<p>Pelosi e Schumer inicialmente buscavam um pacote de US$ 3,4 trilh\u00f5es, mas aceitaram diminuir a pedida para US$ 2,2 trilh\u00f5es. Entretanto, ainda n\u00e3o est\u00e1 claro se a Casa Branca concorda com esse valor, uma vez que, de acordo com Meadows, o presidente <a href=\"https:\/\/www.suno.com.br\/tudo-sobre\/donald-trump\/\"><strong>Donald Trump<\/strong><\/a> estaria disposto a sancionar um pacote de aproximadamente US$ 1,3 trilh\u00e3o.<\/p>\n<p>Os republicanos do Senado, que n\u00e3o se envolveram diretamente nas \u00faltimas conversas, haviam proposto um plano de US$ 1 trilh\u00e3o, que foi rejeitado pelos representantes do partido de oposi\u00e7\u00e3o por ser considerado pequeno frente \u00e0s necessidades da economia. <a href=\"https:\/\/www.suno.com.br\/noticias\/pib-eua-tomba-segundo-trimestre-2020\/\">O Produto Interno Bruto (PIB) dos <strong>EUA<\/strong> caiu mais de 32% no segundo trimestre<\/a> deste ano, enquanto a taxa de desemprego, em agosto, era de 8,4%.<\/p>\n\t<p>\n\t\t<a href=\"https:\/\/lp.suno.com.br\/planilha-de-controle-de-investimentos\/\" target=\"_blank\" data-element=\"shortcode-suno-banner\" title=\"Banner SUNO, clique e saiba mais\">\n\t\t\t<picture>\n\t\t\t\t<source media=\"(max-width: 500px)\" srcset=\"https:\/\/files.sunoresearch.com.br\/n\/uploads\/2023\/03\/400x300-Controle-de-Investimentos.png\">\n\t\t\t\t<img class=\"newsContent__article__imgCapa newsContent__article__imgCapa--banner\"\n\t\t\t\t\tsrc=\"https:\/\/files.sunoresearch.com.br\/n\/uploads\/2023\/03\/1420x240-Controle-de-Investimentos.png\"\n\t\t\t\t\tdata-promo-id=\"75934\"\t\t\t\t\t\t\t\t\t\twidth='1420' height='240'\t\t\t\t\talt=\"https:\/\/files.sunoresearch.com.br\/n\/uploads\/2023\/03\/1420x240-Controle-de-Investimentos.png\"\n\t\t\t\t>\n\t\t\t<\/picture>\n\t\t<\/a>\n\t<\/p>\n\n\n","protected":false},"excerpt":{"rendered":"<p>Os representantes do Partido Democrata na C\u00e2mara dos EUA est\u00e3o preparando um pacote de est\u00edmulos fiscais de US$ 2,2 trilh\u00f5es no combate \u00e0 pandemia do novo coronav\u00edrus (Covid-19). Segundo a ag\u00eancia de not\u00edcias &#8220;Reuters&#8221;, o plano pode ser votado na C\u00e2mara j\u00e1 na pr\u00f3xima semana. Os representantes do Partido Democrata na C\u00e2mara dos EUA est\u00e3o [&hellip;]<\/p>\n","protected":false},"author":24,"featured_media":87413,"comment_status":"closed","ping_status":"closed","sticky":false,"template":"","format":"standard","meta":[],"categories":[63],"tags":[2487,740,793,97358],"suno_strategy":[],"class_list":["post-87411","post","type-post","status-publish","format-standard","has-post-thumbnail","hentry","category-internacional","tag-coronavirus","tag-economia","tag-estados-unidos-eua","tag-politica-fiscal"],"yoast_head":"<!-- This site is optimized with the Yoast SEO plugin v24.4 - https:\/\/yoast.com\/wordpress\/plugins\/seo\/ -->\n<title>Partido Democrata prepara pacote fiscal de US$ 2,2 trilh\u00f5es nos EUA<\/title>\n<meta name=\"description\" content=\"Os representantes do Partido Democrata na C\u00e2mara dos EUA est\u00e3o preparando um pacote de est\u00edmulos fiscais de US$ 2,2 trilh\u00f5es. Saiba mais.\" \/>\n<meta name=\"robots\" content=\"index, follow, max-snippet:-1, max-image-preview:large, max-video-preview:-1\" \/>\n<link rel=\"canonical\" href=\"https:\/\/www.suno.com.br\/noticias\/partido-democrata-pacote-fiscal-2-trilhoes-eua\/\" \/>\n<meta property=\"og:locale\" content=\"pt_BR\" \/>\n<meta property=\"og:type\" content=\"article\" \/>\n<meta property=\"og:title\" content=\"Partido Democrata prepara pacote fiscal de US$ 2,2 trilh\u00f5es nos EUA\" \/>\n<meta property=\"og:description\" content=\"Os representantes do Partido Democrata na C\u00e2mara dos EUA est\u00e3o preparando um pacote de est\u00edmulos fiscais de US$ 2,2 trilh\u00f5es. Saiba mais.\" \/>\n<meta property=\"og:url\" content=\"https:\/\/www.suno.com.br\/noticias\/partido-democrata-pacote-fiscal-2-trilhoes-eua\/\" \/>\n<meta property=\"og:site_name\" content=\"Suno Not\u00edcias\" \/>\n<meta property=\"article:publisher\" content=\"https:\/\/facebook.com\/sunoresearch\" \/>\n<meta property=\"og:image\" content=\"https:\/\/files.sunoresearch.com.br\/n\/uploads\/2020\/09\/fe4ab392-donald-trump-congresso20170228025302.jpg\" \/>\n\t<meta property=\"og:image:width\" content=\"1500\" \/>\n\t<meta property=\"og:image:height\" content=\"1000\" \/>\n\t<meta property=\"og:image:type\" content=\"image\/jpeg\" \/>\n<meta name=\"author\" content=\"Jader Lazarini\" \/>\n<meta name=\"twitter:card\" content=\"summary_large_image\" \/>\n<meta name=\"twitter:creator\" content=\"@sunoresearch\" \/>\n<meta name=\"twitter:site\" content=\"@sunoresearch\" \/>\n<meta name=\"twitter:label1\" content=\"Escrito por\" \/>\n\t<meta name=\"twitter:data1\" content=\"Jader Lazarini\" \/>\n\t<meta name=\"twitter:label2\" content=\"Est. tempo de leitura\" \/>\n\t<meta name=\"twitter:data2\" content=\"2 minutos\" \/>\n<script type=\"application\/ld+json\" class=\"yoast-schema-graph\">{\"@context\":\"https:\/\/schema.org\",\"@graph\":[{\"@type\":\"NewsArticle\",\"@id\":\"https:\/\/www.suno.com.br\/noticias\/partido-democrata-pacote-fiscal-2-trilhoes-eua\/#article\",\"isPartOf\":{\"@id\":\"https:\/\/www.suno.com.br\/noticias\/partido-democrata-pacote-fiscal-2-trilhoes-eua\/\"},\"author\":{\"name\":\"Jader Lazarini\",\"@id\":\"https:\/\/www.suno.com.br\/noticias\/#\/schema\/person\/918d79de1f0281f01599b93f9ea6e23f\"},\"headline\":\"Partido Democrata prepara pacote fiscal de US$ 2,2 trilh\u00f5es nos EUA\",\"datePublished\":\"2020-09-25T11:54:37+00:00\",\"mainEntityOfPage\":{\"@id\":\"https:\/\/www.suno.com.br\/noticias\/partido-democrata-pacote-fiscal-2-trilhoes-eua\/\"},\"wordCount\":499,\"publisher\":{\"@id\":\"https:\/\/www.suno.com.br\/noticias\/#organization\"},\"image\":{\"@id\":\"https:\/\/www.suno.com.br\/noticias\/partido-democrata-pacote-fiscal-2-trilhoes-eua\/#primaryimage\"},\"thumbnailUrl\":\"https:\/\/files.sunoresearch.com.br\/n\/uploads\/2020\/09\/fe4ab392-donald-trump-congresso20170228025302-jpg.webp\",\"keywords\":[\"coronav\u00edrus\",\"Economia\",\"Estados Unidos (EUA)\",\"pol\u00edtica fiscal\"],\"articleSection\":[\"Internacional\"],\"inLanguage\":\"pt-BR\"},{\"@type\":\"WebPage\",\"@id\":\"https:\/\/www.suno.com.br\/noticias\/partido-democrata-pacote-fiscal-2-trilhoes-eua\/\",\"url\":\"https:\/\/www.suno.com.br\/noticias\/partido-democrata-pacote-fiscal-2-trilhoes-eua\/\",\"name\":\"Partido Democrata prepara pacote fiscal de US$ 2,2 trilh\u00f5es nos EUA\",\"isPartOf\":{\"@id\":\"https:\/\/www.suno.com.br\/noticias\/#website\"},\"primaryImageOfPage\":{\"@id\":\"https:\/\/www.suno.com.br\/noticias\/partido-democrata-pacote-fiscal-2-trilhoes-eua\/#primaryimage\"},\"image\":{\"@id\":\"https:\/\/www.suno.com.br\/noticias\/partido-democrata-pacote-fiscal-2-trilhoes-eua\/#primaryimage\"},\"thumbnailUrl\":\"https:\/\/files.sunoresearch.com.br\/n\/uploads\/2020\/09\/fe4ab392-donald-trump-congresso20170228025302-jpg.webp\",\"datePublished\":\"2020-09-25T11:54:37+00:00\",\"description\":\"Os representantes do Partido Democrata na C\u00e2mara dos EUA est\u00e3o preparando um pacote de est\u00edmulos fiscais de US$ 2,2 trilh\u00f5es. Saiba mais.\",\"breadcrumb\":{\"@id\":\"https:\/\/www.suno.com.br\/noticias\/partido-democrata-pacote-fiscal-2-trilhoes-eua\/#breadcrumb\"},\"inLanguage\":\"pt-BR\",\"potentialAction\":[{\"@type\":\"ReadAction\",\"target\":[\"https:\/\/www.suno.com.br\/noticias\/partido-democrata-pacote-fiscal-2-trilhoes-eua\/\"]}]},{\"@type\":\"ImageObject\",\"inLanguage\":\"pt-BR\",\"@id\":\"https:\/\/www.suno.com.br\/noticias\/partido-democrata-pacote-fiscal-2-trilhoes-eua\/#primaryimage\",\"url\":\"https:\/\/files.sunoresearch.com.br\/n\/uploads\/2020\/09\/fe4ab392-donald-trump-congresso20170228025302-jpg.webp\",\"contentUrl\":\"https:\/\/files.sunoresearch.com.br\/n\/uploads\/2020\/09\/fe4ab392-donald-trump-congresso20170228025302-jpg.webp\",\"width\":1500,\"height\":1000,\"caption\":\"Os representantes do Partido Democrata na C\u00e2mara dos EUA est\u00e3o preparando um pacote de est\u00edmulos fiscais de US$ 2,2 trilh\u00f5es.\"},{\"@type\":\"BreadcrumbList\",\"@id\":\"https:\/\/www.suno.com.br\/noticias\/partido-democrata-pacote-fiscal-2-trilhoes-eua\/#breadcrumb\",\"itemListElement\":[{\"@type\":\"ListItem\",\"position\":1,\"name\":\"Not\u00edcias\",\"item\":\"https:\/\/www.suno.com.br\/noticias\/\"},{\"@type\":\"ListItem\",\"position\":2,\"name\":\"Internacional\",\"item\":\"https:\/\/www.suno.com.br\/noticias\/internacional\/\"},{\"@type\":\"ListItem\",\"position\":3,\"name\":\"Partido Democrata prepara pacote fiscal de US$ 2,2 trilh\u00f5es nos EUA\"}]},{\"@type\":\"WebSite\",\"@id\":\"https:\/\/www.suno.com.br\/noticias\/#website\",\"url\":\"https:\/\/www.suno.com.br\/noticias\/\",\"name\":\"Suno Not\u00edcias\",\"description\":\"Seu portal de informa\u00e7\u00e3o sobre o mundo dos investimentos\",\"publisher\":{\"@id\":\"https:\/\/www.suno.com.br\/noticias\/#organization\"},\"potentialAction\":[{\"@type\":\"SearchAction\",\"target\":{\"@type\":\"EntryPoint\",\"urlTemplate\":\"https:\/\/www.suno.com.br\/noticias\/?s={search_term_string}\"},\"query-input\":{\"@type\":\"PropertyValueSpecification\",\"valueRequired\":true,\"valueName\":\"search_term_string\"}}],\"inLanguage\":\"pt-BR\"},{\"@type\":\"Organization\",\"@id\":\"https:\/\/www.suno.com.br\/noticias\/#organization\",\"name\":\"Suno Not\u00edcias\",\"url\":\"https:\/\/www.suno.com.br\/noticias\/\",\"logo\":{\"@type\":\"ImageObject\",\"inLanguage\":\"pt-BR\",\"@id\":\"https:\/\/www.suno.com.br\/noticias\/#\/schema\/logo\/image\/\",\"url\":\"https:\/\/files.sunoresearch.com.br\/n\/uploads\/2021\/09\/suno-logo.png\",\"contentUrl\":\"https:\/\/files.sunoresearch.com.br\/n\/uploads\/2021\/09\/suno-logo.png\",\"width\":180,\"height\":180,\"caption\":\"Suno Not\u00edcias\"},\"image\":{\"@id\":\"https:\/\/www.suno.com.br\/noticias\/#\/schema\/logo\/image\/\"},\"sameAs\":[\"https:\/\/facebook.com\/sunoresearch\",\"https:\/\/x.com\/sunoresearch\",\"https:\/\/www.instagram.com\/suno\",\"https:\/\/www.linkedin.com\/company\/suno-research\/\",\"https:\/\/www.youtube.com\/c\/sunoresearch\"]},{\"@type\":\"Person\",\"@id\":\"https:\/\/www.suno.com.br\/noticias\/#\/schema\/person\/918d79de1f0281f01599b93f9ea6e23f\",\"name\":\"Jader Lazarini\",\"image\":{\"@type\":\"ImageObject\",\"inLanguage\":\"pt-BR\",\"@id\":\"https:\/\/www.suno.com.br\/noticias\/#\/schema\/person\/image\/\",\"url\":\"https:\/\/secure.gravatar.com\/avatar\/3c1ad8caa51589841baeb923fcddea97?s=96&r=g\",\"contentUrl\":\"https:\/\/secure.gravatar.com\/avatar\/3c1ad8caa51589841baeb923fcddea97?s=96&r=g\",\"caption\":\"Jader Lazarini\"},\"description\":\"Jader Lazarini escreve sobre investimentos, finan\u00e7as, economia e neg\u00f3cios. \u00c9 bacharel em Rela\u00e7\u00f5es Internacionais e analista CNPI (2619).\",\"url\":\"https:\/\/www.suno.com.br\/noticias\/author\/jader-lazarini\/\"}]}<\/script>\n<!-- \/ Yoast SEO plugin. -->","yoast_head_json":{"title":"Partido Democrata prepara pacote fiscal de US$ 2,2 trilh\u00f5es nos EUA","description":"Os representantes do Partido Democrata na C\u00e2mara dos EUA est\u00e3o preparando um pacote de est\u00edmulos fiscais de US$ 2,2 trilh\u00f5es. Saiba mais.","robots":{"index":"index","follow":"follow","max-snippet":"max-snippet:-1","max-image-preview":"max-image-preview:large","max-video-preview":"max-video-preview:-1"},"canonical":"https:\/\/www.suno.com.br\/noticias\/partido-democrata-pacote-fiscal-2-trilhoes-eua\/","og_locale":"pt_BR","og_type":"article","og_title":"Partido Democrata prepara pacote fiscal de US$ 2,2 trilh\u00f5es nos EUA","og_description":"Os representantes do Partido Democrata na C\u00e2mara dos EUA est\u00e3o preparando um pacote de est\u00edmulos fiscais de US$ 2,2 trilh\u00f5es. Saiba mais.","og_url":"https:\/\/www.suno.com.br\/noticias\/partido-democrata-pacote-fiscal-2-trilhoes-eua\/","og_site_name":"Suno Not\u00edcias","article_publisher":"https:\/\/facebook.com\/sunoresearch","og_image":[{"width":1500,"height":1000,"url":"https:\/\/files.sunoresearch.com.br\/n\/uploads\/2020\/09\/fe4ab392-donald-trump-congresso20170228025302.jpg","type":"image\/jpeg"}],"author":"Jader Lazarini","twitter_card":"summary_large_image","twitter_creator":"@sunoresearch","twitter_site":"@sunoresearch","twitter_misc":{"Escrito por":"Jader Lazarini","Est. tempo de leitura":"2 minutos"},"schema":{"@context":"https:\/\/schema.org","@graph":[{"@type":"NewsArticle","@id":"https:\/\/www.suno.com.br\/noticias\/partido-democrata-pacote-fiscal-2-trilhoes-eua\/#article","isPartOf":{"@id":"https:\/\/www.suno.com.br\/noticias\/partido-democrata-pacote-fiscal-2-trilhoes-eua\/"},"author":{"name":"Jader Lazarini","@id":"https:\/\/www.suno.com.br\/noticias\/#\/schema\/person\/918d79de1f0281f01599b93f9ea6e23f"},"headline":"Partido Democrata prepara pacote fiscal de US$ 2,2 trilh\u00f5es nos EUA","datePublished":"2020-09-25T11:54:37+00:00","mainEntityOfPage":{"@id":"https:\/\/www.suno.com.br\/noticias\/partido-democrata-pacote-fiscal-2-trilhoes-eua\/"},"wordCount":499,"publisher":{"@id":"https:\/\/www.suno.com.br\/noticias\/#organization"},"image":{"@id":"https:\/\/www.suno.com.br\/noticias\/partido-democrata-pacote-fiscal-2-trilhoes-eua\/#primaryimage"},"thumbnailUrl":"https:\/\/files.sunoresearch.com.br\/n\/uploads\/2020\/09\/fe4ab392-donald-trump-congresso20170228025302-jpg.webp","keywords":["coronav\u00edrus","Economia","Estados Unidos (EUA)","pol\u00edtica fiscal"],"articleSection":["Internacional"],"inLanguage":"pt-BR"},{"@type":"WebPage","@id":"https:\/\/www.suno.com.br\/noticias\/partido-democrata-pacote-fiscal-2-trilhoes-eua\/","url":"https:\/\/www.suno.com.br\/noticias\/partido-democrata-pacote-fiscal-2-trilhoes-eua\/","name":"Partido Democrata prepara pacote fiscal de US$ 2,2 trilh\u00f5es nos EUA","isPartOf":{"@id":"https:\/\/www.suno.com.br\/noticias\/#website"},"primaryImageOfPage":{"@id":"https:\/\/www.suno.com.br\/noticias\/partido-democrata-pacote-fiscal-2-trilhoes-eua\/#primaryimage"},"image":{"@id":"https:\/\/www.suno.com.br\/noticias\/partido-democrata-pacote-fiscal-2-trilhoes-eua\/#primaryimage"},"thumbnailUrl":"https:\/\/files.sunoresearch.com.br\/n\/uploads\/2020\/09\/fe4ab392-donald-trump-congresso20170228025302-jpg.webp","datePublished":"2020-09-25T11:54:37+00:00","description":"Os representantes do Partido Democrata na C\u00e2mara dos EUA est\u00e3o preparando um pacote de est\u00edmulos fiscais de US$ 2,2 trilh\u00f5es. Saiba mais.","breadcrumb":{"@id":"https:\/\/www.suno.com.br\/noticias\/partido-democrata-pacote-fiscal-2-trilhoes-eua\/#breadcrumb"},"inLanguage":"pt-BR","potentialAction":[{"@type":"ReadAction","target":["https:\/\/www.suno.com.br\/noticias\/partido-democrata-pacote-fiscal-2-trilhoes-eua\/"]}]},{"@type":"ImageObject","inLanguage":"pt-BR","@id":"https:\/\/www.suno.com.br\/noticias\/partido-democrata-pacote-fiscal-2-trilhoes-eua\/#primaryimage","url":"https:\/\/files.sunoresearch.com.br\/n\/uploads\/2020\/09\/fe4ab392-donald-trump-congresso20170228025302-jpg.webp","contentUrl":"https:\/\/files.sunoresearch.com.br\/n\/uploads\/2020\/09\/fe4ab392-donald-trump-congresso20170228025302-jpg.webp","width":1500,"height":1000,"caption":"Os representantes do Partido Democrata na C\u00e2mara dos EUA est\u00e3o preparando um pacote de est\u00edmulos fiscais de US$ 2,2 trilh\u00f5es."},{"@type":"BreadcrumbList","@id":"https:\/\/www.suno.com.br\/noticias\/partido-democrata-pacote-fiscal-2-trilhoes-eua\/#breadcrumb","itemListElement":[{"@type":"ListItem","position":1,"name":"Not\u00edcias","item":"https:\/\/www.suno.com.br\/noticias\/"},{"@type":"ListItem","position":2,"name":"Internacional","item":"https:\/\/www.suno.com.br\/noticias\/internacional\/"},{"@type":"ListItem","position":3,"name":"Partido Democrata prepara pacote fiscal de US$ 2,2 trilh\u00f5es nos EUA"}]},{"@type":"WebSite","@id":"https:\/\/www.suno.com.br\/noticias\/#website","url":"https:\/\/www.suno.com.br\/noticias\/","name":"Suno Not\u00edcias","description":"Seu portal de informa\u00e7\u00e3o sobre o mundo dos investimentos","publisher":{"@id":"https:\/\/www.suno.com.br\/noticias\/#organization"},"potentialAction":[{"@type":"SearchAction","target":{"@type":"EntryPoint","urlTemplate":"https:\/\/www.suno.com.br\/noticias\/?s={search_term_string}"},"query-input":{"@type":"PropertyValueSpecification","valueRequired":true,"valueName":"search_term_string"}}],"inLanguage":"pt-BR"},{"@type":"Organization","@id":"https:\/\/www.suno.com.br\/noticias\/#organization","name":"Suno Not\u00edcias","url":"https:\/\/www.suno.com.br\/noticias\/","logo":{"@type":"ImageObject","inLanguage":"pt-BR","@id":"https:\/\/www.suno.com.br\/noticias\/#\/schema\/logo\/image\/","url":"https:\/\/files.sunoresearch.com.br\/n\/uploads\/2021\/09\/suno-logo.png","contentUrl":"https:\/\/files.sunoresearch.com.br\/n\/uploads\/2021\/09\/suno-logo.png","width":180,"height":180,"caption":"Suno Not\u00edcias"},"image":{"@id":"https:\/\/www.suno.com.br\/noticias\/#\/schema\/logo\/image\/"},"sameAs":["https:\/\/facebook.com\/sunoresearch","https:\/\/x.com\/sunoresearch","https:\/\/www.instagram.com\/suno","https:\/\/www.linkedin.com\/company\/suno-research\/","https:\/\/www.youtube.com\/c\/sunoresearch"]},{"@type":"Person","@id":"https:\/\/www.suno.com.br\/noticias\/#\/schema\/person\/918d79de1f0281f01599b93f9ea6e23f","name":"Jader Lazarini","image":{"@type":"ImageObject","inLanguage":"pt-BR","@id":"https:\/\/www.suno.com.br\/noticias\/#\/schema\/person\/image\/","url":"https:\/\/secure.gravatar.com\/avatar\/3c1ad8caa51589841baeb923fcddea97?s=96&r=g","contentUrl":"https:\/\/secure.gravatar.com\/avatar\/3c1ad8caa51589841baeb923fcddea97?s=96&r=g","caption":"Jader Lazarini"},"description":"Jader Lazarini escreve sobre investimentos, finan\u00e7as, economia e neg\u00f3cios. \u00c9 bacharel em Rela\u00e7\u00f5es Internacionais e analista CNPI (2619).","url":"https:\/\/www.suno.com.br\/noticias\/author\/jader-lazarini\/"}]}},"default_loop_html":"<div class=\"cardsPage__listCard__boxs\"><div class=\"cardsPage__listCard__boxs__img\"><a href=\"https:\/\/www.suno.com.br\/noticias\/partido-democrata-pacote-fiscal-2-trilhoes-eua\/\"><img class=\"mask\" src=\"https:\/\/www.suno.com.br\/noticias\/wp-content\/themes\/suno\/resources\/images\/spotlight\/spotlight1img\/bg-mask.png\" alt=\"Image Mask\"\/><img src=\"https:\/\/files.sunoresearch.com.br\/n\/uploads\/2020\/09\/fe4ab392-donald-trump-congresso20170228025302-400x200.webp\" alt=\"Partido Democrata prepara pacote fiscal de US$ 2,2 trilh\u00f5es nos EUA\"\/><\/a><span class=\"spotlightCategory\"><a href=\"https:\/\/www.suno.com.br\/noticias\/internacional\/\">Internacional<\/a><\/span><\/div><div class=\"cardsPage__listCard__boxs__content\"><a href=\"https:\/\/www.suno.com.br\/noticias\/partido-democrata-pacote-fiscal-2-trilhoes-eua\/\"><h2 class=\"content__title\">Partido Democrata prepara pacote fiscal de US$ 2,2 trilh\u00f5es nos EUA<\/h2><\/a><div class=\"newsContent__article__meta\"><div class=\"newsContent__article__meta__authorBox\"><a href=\"https:\/\/www.suno.com.br\/noticias\/author\/jader-lazarini\/\" class=\"authorBox__avatar noMobi\"><img src=\"https:\/\/files.sunoresearch.com.br\/n\/uploads\/2021\/01\/178e6598-foto-perfil-2-150x150.jpg\" alt=\"Jader Lazarini\"><\/a><div class=\"authorBox__name\"><span>por\n\t\t\t<a href=\"https:\/\/www.suno.com.br\/noticias\/author\/jader-lazarini\/\"><span itemprop=\"author\">Jader Lazarini<\/span><\/a><\/span><time datetime=\"2020-09-25T08:54:37-03:00\" itemprop=\"datePublished\">25\/09\/2020 08:54<\/time><\/div><\/div><\/div><\/div><\/div>","single_layout":"posts","amp_enabled":true,"_links":{"self":[{"href":"https:\/\/www.suno.com.br\/noticias\/wp-json\/wp\/v2\/posts\/87411"}],"collection":[{"href":"https:\/\/www.suno.com.br\/noticias\/wp-json\/wp\/v2\/posts"}],"about":[{"href":"https:\/\/www.suno.com.br\/noticias\/wp-json\/wp\/v2\/types\/post"}],"author":[{"embeddable":true,"href":"https:\/\/www.suno.com.br\/noticias\/wp-json\/wp\/v2\/users\/24"}],"replies":[{"embeddable":true,"href":"https:\/\/www.suno.com.br\/noticias\/wp-json\/wp\/v2\/comments?post=87411"}],"version-history":[{"count":0,"href":"https:\/\/www.suno.com.br\/noticias\/wp-json\/wp\/v2\/posts\/87411\/revisions"}],"wp:featuredmedia":[{"embeddable":true,"href":"https:\/\/www.suno.com.br\/noticias\/wp-json\/wp\/v2\/media\/87413"}],"wp:attachment":[{"href":"https:\/\/www.suno.com.br\/noticias\/wp-json\/wp\/v2\/media?parent=87411"}],"wp:term":[{"taxonomy":"category","embeddable":true,"href":"https:\/\/www.suno.com.br\/noticias\/wp-json\/wp\/v2\/categories?post=87411"},{"taxonomy":"post_tag","embeddable":true,"href":"https:\/\/www.suno.com.br\/noticias\/wp-json\/wp\/v2\/tags?post=87411"},{"taxonomy":"suno_strategy","embeddable":true,"href":"https:\/\/www.suno.com.br\/noticias\/wp-json\/wp\/v2\/suno_strategy?post=87411"}],"curies":[{"name":"wp","href":"https:\/\/api.w.org\/{rel}","templated":true}]}}