{"id":87348,"date":"2020-09-24T20:33:11","date_gmt":"2020-09-24T23:33:11","guid":{"rendered":"https:\/\/www.suno.com.br\/noticias\/?p=87348"},"modified":"2020-09-24T20:33:11","modified_gmt":"2020-09-24T23:33:11","slug":"tenda-tend3-pagamento-dividendos","status":"publish","type":"post","link":"https:\/\/www.suno.com.br\/noticias\/tenda-tend3-pagamento-dividendos\/","title":{"rendered":"Tenda (TEND3) anuncia pagamento de R$ 13,7 mi em dividendos"},"content":{"rendered":"<p>A <a href=\"https:\/\/www.suno.com.br\/acoes\/tend3\/\">Construtora <strong>Tenda<\/strong> (TEND3)<\/a> comunicou aos acionistas e ao mercado em geral, nessa quinta-feira (24), que seu <a href=\"https:\/\/www.suno.com.br\/artigos\/conselho-administracao\/\">Conselho de Administra\u00e7\u00e3o<\/a> aprovou o pagamento de R$ 13,743.650 em <a href=\"https:\/\/www.suno.com.br\/dividendos\/#:~:text=Os%20dividendos%20s%C3%A3o%20parcelas%20dos,suas%20a%C3%A7%C3%B5es%20listadas%20em%20bolsa.\">dividendos<\/a> intercalares.<\/p>\t<div class=\"wrapper-featured-image\">\n\t\t<figure class=\"spotlightImg\">\n\n\t\t\t<picture>\n\t\t\t\t<source media=\"(max-width: 768px)\" srcset=\"https:\/\/files.sunoresearch.com.br\/n\/uploads\/2020\/09\/562aa8af-tenda-300x300-1-jpeg.webp\">\n\t\t\t\t<img loading=\"lazy\" decoding=\"async\" class=\"newsContent__article__imgCapa lazyloadDisabled \" src=\"https:\/\/files.sunoresearch.com.br\/n\/uploads\/2020\/09\/562aa8af-tenda-300x300-1-jpeg.webp\" width=\"800\" height=\"450\" alt=\"Tenda (TEND3) anuncia pagamento de R$ 13,7 mi em dividendos\" fetchpriority=high \/>\n\t\t\t<\/picture>\n\n\t\t\t<figcaption class=\"wp-caption-text wp-caption-text--show\"> Tenda (TEND3)<\/figcaption>\n\t\t<\/figure>\n\t<\/div>\n\n\n<div class=\"hubspot-form-wrapper\">\n\t<div id=\"single-form-target\"><\/div>\n<\/div>\n\n<p>Nesse sentido, a Tenda explicou que o valor bruto por <a href=\"https:\/\/www.suno.com.br\/artigos\/tipos-de-acoes\/\"><strong>a\u00e7\u00e3o<\/strong> <\/a>\u00e9 de pouco mais que R$ 0,139. Al\u00e9m disso, ter\u00e3o direito a <strong>dividendos<\/strong> os acionistas detentores de papeis da companhia em 29 de setembro, sedo que no dia 30 de setembro, as a\u00e7\u00f5es passam a ser negociadas como <a href=\"https:\/\/www.suno.com.br\/artigos\/data-ex\/\">&#8216;ex-dividendos&#8217;.<\/a><\/p>\n<p>Os proventos ser\u00e3o pagos a partir do dia 16 de outubro desse ano, &#8220;sem qualquer corre\u00e7\u00e3o monet\u00e1ria&#8221;, segundo o aviso aos acionistas.<\/p>\n<p><a href=\"https:\/\/lp.suno.com.br\/suno-one\/\">Suno One: acesse gratuitamente eBooks, Minicursos, Artigos e Video Aulas sobre investimentos com um \u00fanico cadastro. Clique para saber mais!<\/a><\/p>\n<p>&#8220;O pagamento de dividendos intercalares faz parte dos esfor\u00e7os da Companhia em maximizar valor aos seus acionistas, buscando aumentar a efici\u00eancia da estrutura de capital&#8221;, aponta a construtora.<\/p>\n<h2>Resultados da Tenda no 2T20<\/h2>\n<p>A construtora fechou o segundo trimestre desse ano com<a href=\"https:\/\/www.suno.com.br\/artigos\/lucro-liquido\/\"> lucro l\u00edquido<\/a> consolidado de R$ 40,3 milh\u00f5es. O montante supera o anotado no primeiro trimestre em 129%. Em contrapartida, o resultado \u00e9 45% menor na compara\u00e7\u00e3o anualizada.<\/p>\n<p>J\u00e1 a <a href=\"https:\/\/www.suno.com.br\/artigos\/o-que-receita-liquida\/\">receita l\u00edquida<\/a> da companhia cresceu 7,6% na compara\u00e7\u00e3o ano a ano, e atingiu R$ 526,1 milh\u00f5es.<\/p>\n<p>Por sua vez, o <a href=\"https:\/\/www.suno.com.br\/artigos\/ebitda\/\">Ebitda (Lucros Antes de Juros, Impostos, Deprecia\u00e7\u00e3o e Amortiza\u00e7\u00e3o) ajustado<\/a> da <strong>Tenda<\/strong> ficou em R$ 72,3 milh\u00f5es no per\u00edodo, reportando uma queda de R$ 72,3 milh\u00f5es, ao passo que a margem Ebitda ajustada teve um recuo de 5,7 pontos percentuais, ficando em 13,7%.<\/p>\n\t<div data-element=\"shortcode-read-more\" class=\"knowMore\">\n\t\t\t\t<span class=\"knowMore__title\">Veja tamb\u00e9m<\/span>\n\t\t\t\t<a class=\"knowMore__link\" href=\"https:\/\/www.suno.com.br\/noticias\/itau-itub4-participacao-acionaria-tenda-tend3\/\">\n\t\t\tIta\u00fa (ITUB4) eleva participa\u00e7\u00e3o acion\u00e1ria na Tenda (TEND3)\t\t<\/a>\n\t<\/div>\n\n\n<p>A companhia \u00e9 uma das principais construtoras do pa\u00eds, com foco em habita\u00e7\u00e3o popular. Segundo informa seu site, a empresa&#8221; tem capital pulverizado, com free float superior a 90% das a\u00e7\u00f5es emitidas. Al\u00e9m disso, \u00e9 listada no Novo Mercado da <strong>B3<\/strong>, o mais alto n\u00edvel de governan\u00e7a corporativa do pa\u00eds&#8221;.<\/p>\n<p>Al\u00e9m disso, destaca que possui empreendimentos em 9 estados brasileiros, sendo eles:<\/p>\n<ul>\n<li>Bahia<\/li>\n<li>Cear\u00e1<\/li>\n<li>Minas Gerais<\/li>\n<li>Paran\u00e1<\/li>\n<li>Rio Grande do Sul<\/li>\n<li>S\u00e3o Paulo<\/li>\n<li>Rio de Janeiro<\/li>\n<li>Pernambuco<\/li>\n<li>Goi\u00e1s<\/li>\n<\/ul>\n<p>Segundo seu site, em 2019, as a\u00e7\u00f5es da <strong>Tenda<\/strong> passaram a ser um dos 100 ativos mais negociados na <a href=\"https:\/\/www.suno.com.br\/artigos\/b3\/\">Bolsa de Valores de S\u00e3o Paulo (B3).<\/a><\/p>\n\t<p>\n\t\t<a href=\"https:\/\/lp.suno.com.br\/planilha-de-controle-de-investimentos\/\" target=\"_blank\" data-element=\"shortcode-suno-banner\" title=\"Banner SUNO, clique e saiba mais\">\n\t\t\t<picture>\n\t\t\t\t<source media=\"(max-width: 500px)\" srcset=\"https:\/\/files.sunoresearch.com.br\/n\/uploads\/2023\/03\/400x300-Controle-de-Investimentos.png\">\n\t\t\t\t<img class=\"newsContent__article__imgCapa newsContent__article__imgCapa--banner\"\n\t\t\t\t\tsrc=\"https:\/\/files.sunoresearch.com.br\/n\/uploads\/2023\/03\/1420x240-Controle-de-Investimentos.png\"\n\t\t\t\t\tdata-promo-id=\"75934\"\t\t\t\t\t\t\t\t\t\twidth='1420' height='240'\t\t\t\t\talt=\"https:\/\/files.sunoresearch.com.br\/n\/uploads\/2023\/03\/1420x240-Controle-de-Investimentos.png\"\n\t\t\t\t>\n\t\t\t<\/picture>\n\t\t<\/a>\n\t<\/p>\n\n\n","protected":false},"excerpt":{"rendered":"<p>A Construtora Tenda (TEND3) comunicou aos acionistas e ao mercado em geral, nessa quinta-feira (24), que seu Conselho de Administra\u00e7\u00e3o aprovou o pagamento de R$ 13,743.650 em dividendos intercalares. Tenda (TEND3) Nesse sentido, a Tenda explicou que o valor bruto por a\u00e7\u00e3o \u00e9 de pouco mais que R$ 0,139. Al\u00e9m disso, ter\u00e3o direito a dividendos [&hellip;]<\/p>\n","protected":false},"author":39,"featured_media":87361,"comment_status":"closed","ping_status":"closed","sticky":false,"template":"","format":"standard","meta":[],"categories":[64],"tags":[295,660],"suno_strategy":[],"class_list":["post-87348","post","type-post","status-publish","format-standard","has-post-thumbnail","hentry","category-negocios","tag-dividendos","tag-tenda-tend3"],"yoast_head":"<!-- This site is optimized with the Yoast SEO plugin v24.4 - https:\/\/yoast.com\/wordpress\/plugins\/seo\/ -->\n<title>Tenda (TEND3) anuncia pagamento de R$ 13,7 mi em dividendos<\/title>\n<meta name=\"description\" content=\"A Tenda (TEND3) aprovou nessa quinta-feira (24) o pagamento de R$ 13,743650 em dividendos intercalares. Clique aqui para saber mais.\" \/>\n<meta name=\"robots\" content=\"index, follow, max-snippet:-1, max-image-preview:large, max-video-preview:-1\" \/>\n<link rel=\"canonical\" href=\"https:\/\/www.suno.com.br\/noticias\/tenda-tend3-pagamento-dividendos\/\" \/>\n<meta property=\"og:locale\" content=\"pt_BR\" \/>\n<meta property=\"og:type\" content=\"article\" \/>\n<meta property=\"og:title\" content=\"Tenda (TEND3) anuncia pagamento de R$ 13,7 mi em dividendos\" \/>\n<meta property=\"og:description\" content=\"A Tenda (TEND3) aprovou nessa quinta-feira (24) o pagamento de R$ 13,743650 em dividendos intercalares. Clique aqui para saber mais.\" \/>\n<meta property=\"og:url\" content=\"https:\/\/www.suno.com.br\/noticias\/tenda-tend3-pagamento-dividendos\/\" \/>\n<meta property=\"og:site_name\" content=\"Suno Not\u00edcias\" \/>\n<meta property=\"article:publisher\" content=\"https:\/\/facebook.com\/sunoresearch\" \/>\n<meta property=\"og:image\" content=\"https:\/\/files.sunoresearch.com.br\/n\/uploads\/2020\/09\/562aa8af-tenda-300x300-1.jpeg\" \/>\n\t<meta property=\"og:image:width\" content=\"300\" \/>\n\t<meta property=\"og:image:height\" content=\"300\" \/>\n\t<meta property=\"og:image:type\" content=\"image\/jpeg\" \/>\n<meta name=\"author\" content=\"Laura Moutinho\" \/>\n<meta name=\"twitter:card\" content=\"summary_large_image\" \/>\n<meta name=\"twitter:creator\" content=\"@sunoresearch\" \/>\n<meta name=\"twitter:site\" content=\"@sunoresearch\" \/>\n<meta name=\"twitter:label1\" content=\"Escrito por\" \/>\n\t<meta name=\"twitter:data1\" content=\"Laura Moutinho\" \/>\n\t<meta name=\"twitter:label2\" content=\"Est. tempo de leitura\" \/>\n\t<meta name=\"twitter:data2\" content=\"2 minutos\" \/>\n<script type=\"application\/ld+json\" class=\"yoast-schema-graph\">{\"@context\":\"https:\/\/schema.org\",\"@graph\":[{\"@type\":\"NewsArticle\",\"@id\":\"https:\/\/www.suno.com.br\/noticias\/tenda-tend3-pagamento-dividendos\/#article\",\"isPartOf\":{\"@id\":\"https:\/\/www.suno.com.br\/noticias\/tenda-tend3-pagamento-dividendos\/\"},\"author\":{\"name\":\"Laura Moutinho\",\"@id\":\"https:\/\/www.suno.com.br\/noticias\/#\/schema\/person\/3df0d2808748b74496efe5dbeaef2c72\"},\"headline\":\"Tenda (TEND3) anuncia pagamento de R$ 13,7 mi em dividendos\",\"datePublished\":\"2020-09-24T23:33:11+00:00\",\"mainEntityOfPage\":{\"@id\":\"https:\/\/www.suno.com.br\/noticias\/tenda-tend3-pagamento-dividendos\/\"},\"wordCount\":402,\"publisher\":{\"@id\":\"https:\/\/www.suno.com.br\/noticias\/#organization\"},\"image\":{\"@id\":\"https:\/\/www.suno.com.br\/noticias\/tenda-tend3-pagamento-dividendos\/#primaryimage\"},\"thumbnailUrl\":\"https:\/\/files.sunoresearch.com.br\/n\/uploads\/2020\/09\/562aa8af-tenda-300x300-1-jpeg.webp\",\"keywords\":[\"dividendos\",\"Tenda (TEND3)\"],\"articleSection\":[\"Neg\u00f3cios\"],\"inLanguage\":\"pt-BR\"},{\"@type\":\"WebPage\",\"@id\":\"https:\/\/www.suno.com.br\/noticias\/tenda-tend3-pagamento-dividendos\/\",\"url\":\"https:\/\/www.suno.com.br\/noticias\/tenda-tend3-pagamento-dividendos\/\",\"name\":\"Tenda (TEND3) anuncia pagamento de R$ 13,7 mi em dividendos\",\"isPartOf\":{\"@id\":\"https:\/\/www.suno.com.br\/noticias\/#website\"},\"primaryImageOfPage\":{\"@id\":\"https:\/\/www.suno.com.br\/noticias\/tenda-tend3-pagamento-dividendos\/#primaryimage\"},\"image\":{\"@id\":\"https:\/\/www.suno.com.br\/noticias\/tenda-tend3-pagamento-dividendos\/#primaryimage\"},\"thumbnailUrl\":\"https:\/\/files.sunoresearch.com.br\/n\/uploads\/2020\/09\/562aa8af-tenda-300x300-1-jpeg.webp\",\"datePublished\":\"2020-09-24T23:33:11+00:00\",\"description\":\"A Tenda (TEND3) aprovou nessa quinta-feira (24) o pagamento de R$ 13,743650 em dividendos intercalares. Clique aqui para saber mais.\",\"breadcrumb\":{\"@id\":\"https:\/\/www.suno.com.br\/noticias\/tenda-tend3-pagamento-dividendos\/#breadcrumb\"},\"inLanguage\":\"pt-BR\",\"potentialAction\":[{\"@type\":\"ReadAction\",\"target\":[\"https:\/\/www.suno.com.br\/noticias\/tenda-tend3-pagamento-dividendos\/\"]}]},{\"@type\":\"ImageObject\",\"inLanguage\":\"pt-BR\",\"@id\":\"https:\/\/www.suno.com.br\/noticias\/tenda-tend3-pagamento-dividendos\/#primaryimage\",\"url\":\"https:\/\/files.sunoresearch.com.br\/n\/uploads\/2020\/09\/562aa8af-tenda-300x300-1-jpeg.webp\",\"contentUrl\":\"https:\/\/files.sunoresearch.com.br\/n\/uploads\/2020\/09\/562aa8af-tenda-300x300-1-jpeg.webp\",\"width\":300,\"height\":300,\"caption\":\"Tenda (TEND3)\"},{\"@type\":\"BreadcrumbList\",\"@id\":\"https:\/\/www.suno.com.br\/noticias\/tenda-tend3-pagamento-dividendos\/#breadcrumb\",\"itemListElement\":[{\"@type\":\"ListItem\",\"position\":1,\"name\":\"Not\u00edcias\",\"item\":\"https:\/\/www.suno.com.br\/noticias\/\"},{\"@type\":\"ListItem\",\"position\":2,\"name\":\"Neg\u00f3cios\",\"item\":\"https:\/\/www.suno.com.br\/noticias\/negocios\/\"},{\"@type\":\"ListItem\",\"position\":3,\"name\":\"Tenda (TEND3) anuncia pagamento de R$ 13,7 mi em dividendos\"}]},{\"@type\":\"WebSite\",\"@id\":\"https:\/\/www.suno.com.br\/noticias\/#website\",\"url\":\"https:\/\/www.suno.com.br\/noticias\/\",\"name\":\"Suno Not\u00edcias\",\"description\":\"Seu portal de informa\u00e7\u00e3o sobre o mundo dos investimentos\",\"publisher\":{\"@id\":\"https:\/\/www.suno.com.br\/noticias\/#organization\"},\"potentialAction\":[{\"@type\":\"SearchAction\",\"target\":{\"@type\":\"EntryPoint\",\"urlTemplate\":\"https:\/\/www.suno.com.br\/noticias\/?s={search_term_string}\"},\"query-input\":{\"@type\":\"PropertyValueSpecification\",\"valueRequired\":true,\"valueName\":\"search_term_string\"}}],\"inLanguage\":\"pt-BR\"},{\"@type\":\"Organization\",\"@id\":\"https:\/\/www.suno.com.br\/noticias\/#organization\",\"name\":\"Suno Not\u00edcias\",\"url\":\"https:\/\/www.suno.com.br\/noticias\/\",\"logo\":{\"@type\":\"ImageObject\",\"inLanguage\":\"pt-BR\",\"@id\":\"https:\/\/www.suno.com.br\/noticias\/#\/schema\/logo\/image\/\",\"url\":\"https:\/\/files.sunoresearch.com.br\/n\/uploads\/2021\/09\/suno-logo.png\",\"contentUrl\":\"https:\/\/files.sunoresearch.com.br\/n\/uploads\/2021\/09\/suno-logo.png\",\"width\":180,\"height\":180,\"caption\":\"Suno Not\u00edcias\"},\"image\":{\"@id\":\"https:\/\/www.suno.com.br\/noticias\/#\/schema\/logo\/image\/\"},\"sameAs\":[\"https:\/\/facebook.com\/sunoresearch\",\"https:\/\/x.com\/sunoresearch\",\"https:\/\/www.instagram.com\/suno\",\"https:\/\/www.linkedin.com\/company\/suno-research\/\",\"https:\/\/www.youtube.com\/c\/sunoresearch\"]},{\"@type\":\"Person\",\"@id\":\"https:\/\/www.suno.com.br\/noticias\/#\/schema\/person\/3df0d2808748b74496efe5dbeaef2c72\",\"name\":\"Laura Moutinho\",\"image\":{\"@type\":\"ImageObject\",\"inLanguage\":\"pt-BR\",\"@id\":\"https:\/\/www.suno.com.br\/noticias\/#\/schema\/person\/image\/\",\"url\":\"https:\/\/secure.gravatar.com\/avatar\/7571c7c8ca3a6fca5e41384ece5557ff?s=96&r=g\",\"contentUrl\":\"https:\/\/secure.gravatar.com\/avatar\/7571c7c8ca3a6fca5e41384ece5557ff?s=96&r=g\",\"caption\":\"Laura Moutinho\"},\"description\":\"Estagi\u00e1ria na Suno Not\u00edcias, escreve not\u00edcias que afetam o mercado financeiro. Estuda administra\u00e7\u00e3o na Universidade Presbiteriana Mackenzie.\",\"url\":\"https:\/\/www.suno.com.br\/noticias\/author\/laura-moutinho\/\"}]}<\/script>\n<!-- \/ Yoast SEO plugin. -->","yoast_head_json":{"title":"Tenda (TEND3) anuncia pagamento de R$ 13,7 mi em dividendos","description":"A Tenda (TEND3) aprovou nessa quinta-feira (24) o pagamento de R$ 13,743650 em dividendos intercalares. Clique aqui para saber mais.","robots":{"index":"index","follow":"follow","max-snippet":"max-snippet:-1","max-image-preview":"max-image-preview:large","max-video-preview":"max-video-preview:-1"},"canonical":"https:\/\/www.suno.com.br\/noticias\/tenda-tend3-pagamento-dividendos\/","og_locale":"pt_BR","og_type":"article","og_title":"Tenda (TEND3) anuncia pagamento de R$ 13,7 mi em dividendos","og_description":"A Tenda (TEND3) aprovou nessa quinta-feira (24) o pagamento de R$ 13,743650 em dividendos intercalares. Clique aqui para saber mais.","og_url":"https:\/\/www.suno.com.br\/noticias\/tenda-tend3-pagamento-dividendos\/","og_site_name":"Suno Not\u00edcias","article_publisher":"https:\/\/facebook.com\/sunoresearch","og_image":[{"width":300,"height":300,"url":"https:\/\/files.sunoresearch.com.br\/n\/uploads\/2020\/09\/562aa8af-tenda-300x300-1.jpeg","type":"image\/jpeg"}],"author":"Laura Moutinho","twitter_card":"summary_large_image","twitter_creator":"@sunoresearch","twitter_site":"@sunoresearch","twitter_misc":{"Escrito por":"Laura Moutinho","Est. tempo de leitura":"2 minutos"},"schema":{"@context":"https:\/\/schema.org","@graph":[{"@type":"NewsArticle","@id":"https:\/\/www.suno.com.br\/noticias\/tenda-tend3-pagamento-dividendos\/#article","isPartOf":{"@id":"https:\/\/www.suno.com.br\/noticias\/tenda-tend3-pagamento-dividendos\/"},"author":{"name":"Laura Moutinho","@id":"https:\/\/www.suno.com.br\/noticias\/#\/schema\/person\/3df0d2808748b74496efe5dbeaef2c72"},"headline":"Tenda (TEND3) anuncia pagamento de R$ 13,7 mi em dividendos","datePublished":"2020-09-24T23:33:11+00:00","mainEntityOfPage":{"@id":"https:\/\/www.suno.com.br\/noticias\/tenda-tend3-pagamento-dividendos\/"},"wordCount":402,"publisher":{"@id":"https:\/\/www.suno.com.br\/noticias\/#organization"},"image":{"@id":"https:\/\/www.suno.com.br\/noticias\/tenda-tend3-pagamento-dividendos\/#primaryimage"},"thumbnailUrl":"https:\/\/files.sunoresearch.com.br\/n\/uploads\/2020\/09\/562aa8af-tenda-300x300-1-jpeg.webp","keywords":["dividendos","Tenda (TEND3)"],"articleSection":["Neg\u00f3cios"],"inLanguage":"pt-BR"},{"@type":"WebPage","@id":"https:\/\/www.suno.com.br\/noticias\/tenda-tend3-pagamento-dividendos\/","url":"https:\/\/www.suno.com.br\/noticias\/tenda-tend3-pagamento-dividendos\/","name":"Tenda (TEND3) anuncia pagamento de R$ 13,7 mi em dividendos","isPartOf":{"@id":"https:\/\/www.suno.com.br\/noticias\/#website"},"primaryImageOfPage":{"@id":"https:\/\/www.suno.com.br\/noticias\/tenda-tend3-pagamento-dividendos\/#primaryimage"},"image":{"@id":"https:\/\/www.suno.com.br\/noticias\/tenda-tend3-pagamento-dividendos\/#primaryimage"},"thumbnailUrl":"https:\/\/files.sunoresearch.com.br\/n\/uploads\/2020\/09\/562aa8af-tenda-300x300-1-jpeg.webp","datePublished":"2020-09-24T23:33:11+00:00","description":"A Tenda (TEND3) aprovou nessa quinta-feira (24) o pagamento de R$ 13,743650 em dividendos intercalares. Clique aqui para saber mais.","breadcrumb":{"@id":"https:\/\/www.suno.com.br\/noticias\/tenda-tend3-pagamento-dividendos\/#breadcrumb"},"inLanguage":"pt-BR","potentialAction":[{"@type":"ReadAction","target":["https:\/\/www.suno.com.br\/noticias\/tenda-tend3-pagamento-dividendos\/"]}]},{"@type":"ImageObject","inLanguage":"pt-BR","@id":"https:\/\/www.suno.com.br\/noticias\/tenda-tend3-pagamento-dividendos\/#primaryimage","url":"https:\/\/files.sunoresearch.com.br\/n\/uploads\/2020\/09\/562aa8af-tenda-300x300-1-jpeg.webp","contentUrl":"https:\/\/files.sunoresearch.com.br\/n\/uploads\/2020\/09\/562aa8af-tenda-300x300-1-jpeg.webp","width":300,"height":300,"caption":"Tenda (TEND3)"},{"@type":"BreadcrumbList","@id":"https:\/\/www.suno.com.br\/noticias\/tenda-tend3-pagamento-dividendos\/#breadcrumb","itemListElement":[{"@type":"ListItem","position":1,"name":"Not\u00edcias","item":"https:\/\/www.suno.com.br\/noticias\/"},{"@type":"ListItem","position":2,"name":"Neg\u00f3cios","item":"https:\/\/www.suno.com.br\/noticias\/negocios\/"},{"@type":"ListItem","position":3,"name":"Tenda (TEND3) anuncia pagamento de R$ 13,7 mi em dividendos"}]},{"@type":"WebSite","@id":"https:\/\/www.suno.com.br\/noticias\/#website","url":"https:\/\/www.suno.com.br\/noticias\/","name":"Suno Not\u00edcias","description":"Seu portal de informa\u00e7\u00e3o sobre o mundo dos investimentos","publisher":{"@id":"https:\/\/www.suno.com.br\/noticias\/#organization"},"potentialAction":[{"@type":"SearchAction","target":{"@type":"EntryPoint","urlTemplate":"https:\/\/www.suno.com.br\/noticias\/?s={search_term_string}"},"query-input":{"@type":"PropertyValueSpecification","valueRequired":true,"valueName":"search_term_string"}}],"inLanguage":"pt-BR"},{"@type":"Organization","@id":"https:\/\/www.suno.com.br\/noticias\/#organization","name":"Suno Not\u00edcias","url":"https:\/\/www.suno.com.br\/noticias\/","logo":{"@type":"ImageObject","inLanguage":"pt-BR","@id":"https:\/\/www.suno.com.br\/noticias\/#\/schema\/logo\/image\/","url":"https:\/\/files.sunoresearch.com.br\/n\/uploads\/2021\/09\/suno-logo.png","contentUrl":"https:\/\/files.sunoresearch.com.br\/n\/uploads\/2021\/09\/suno-logo.png","width":180,"height":180,"caption":"Suno Not\u00edcias"},"image":{"@id":"https:\/\/www.suno.com.br\/noticias\/#\/schema\/logo\/image\/"},"sameAs":["https:\/\/facebook.com\/sunoresearch","https:\/\/x.com\/sunoresearch","https:\/\/www.instagram.com\/suno","https:\/\/www.linkedin.com\/company\/suno-research\/","https:\/\/www.youtube.com\/c\/sunoresearch"]},{"@type":"Person","@id":"https:\/\/www.suno.com.br\/noticias\/#\/schema\/person\/3df0d2808748b74496efe5dbeaef2c72","name":"Laura Moutinho","image":{"@type":"ImageObject","inLanguage":"pt-BR","@id":"https:\/\/www.suno.com.br\/noticias\/#\/schema\/person\/image\/","url":"https:\/\/secure.gravatar.com\/avatar\/7571c7c8ca3a6fca5e41384ece5557ff?s=96&r=g","contentUrl":"https:\/\/secure.gravatar.com\/avatar\/7571c7c8ca3a6fca5e41384ece5557ff?s=96&r=g","caption":"Laura Moutinho"},"description":"Estagi\u00e1ria na Suno Not\u00edcias, escreve not\u00edcias que afetam o mercado financeiro. Estuda administra\u00e7\u00e3o na Universidade Presbiteriana Mackenzie.","url":"https:\/\/www.suno.com.br\/noticias\/author\/laura-moutinho\/"}]}},"default_loop_html":"<div class=\"cardsPage__listCard__boxs\"><div class=\"cardsPage__listCard__boxs__img\"><a href=\"https:\/\/www.suno.com.br\/noticias\/tenda-tend3-pagamento-dividendos\/\"><img class=\"mask\" src=\"https:\/\/www.suno.com.br\/noticias\/wp-content\/themes\/suno\/resources\/images\/spotlight\/spotlight1img\/bg-mask.png\" alt=\"Image Mask\"\/><img src=\"https:\/\/files.sunoresearch.com.br\/n\/uploads\/2020\/09\/562aa8af-tenda-300x300-1-jpeg.webp\" alt=\"Tenda (TEND3) anuncia pagamento de R$ 13,7 mi em dividendos\"\/><\/a><span class=\"spotlightCategory\"><a href=\"https:\/\/www.suno.com.br\/noticias\/negocios\/\">Neg\u00f3cios<\/a><\/span><\/div><div class=\"cardsPage__listCard__boxs__content\"><a href=\"https:\/\/www.suno.com.br\/noticias\/tenda-tend3-pagamento-dividendos\/\"><h2 class=\"content__title\">Tenda (TEND3) anuncia pagamento de R$ 13,7 mi em dividendos<\/h2><\/a><div class=\"newsContent__article__meta\"><div class=\"newsContent__article__meta__authorBox\"><a href=\"https:\/\/www.suno.com.br\/noticias\/author\/laura-moutinho\/\" class=\"authorBox__avatar noMobi\"><img src=\"https:\/\/files.sunoresearch.com.br\/n\/uploads\/2020\/08\/531ff69d-whatsapp-image-2020-08-03-at-14.54.38-150x150.webp\" alt=\"Laura Moutinho\"><\/a><div class=\"authorBox__name\"><span>por\n\t\t\t<a href=\"https:\/\/www.suno.com.br\/noticias\/author\/laura-moutinho\/\"><span itemprop=\"author\">Laura Moutinho<\/span><\/a><\/span><time datetime=\"2020-09-24T20:33:11-03:00\" itemprop=\"datePublished\">24\/09\/2020 20:33<\/time><\/div><\/div><\/div><\/div><\/div>","single_layout":"posts","amp_enabled":true,"_links":{"self":[{"href":"https:\/\/www.suno.com.br\/noticias\/wp-json\/wp\/v2\/posts\/87348"}],"collection":[{"href":"https:\/\/www.suno.com.br\/noticias\/wp-json\/wp\/v2\/posts"}],"about":[{"href":"https:\/\/www.suno.com.br\/noticias\/wp-json\/wp\/v2\/types\/post"}],"author":[{"embeddable":true,"href":"https:\/\/www.suno.com.br\/noticias\/wp-json\/wp\/v2\/users\/39"}],"replies":[{"embeddable":true,"href":"https:\/\/www.suno.com.br\/noticias\/wp-json\/wp\/v2\/comments?post=87348"}],"version-history":[{"count":0,"href":"https:\/\/www.suno.com.br\/noticias\/wp-json\/wp\/v2\/posts\/87348\/revisions"}],"wp:featuredmedia":[{"embeddable":true,"href":"https:\/\/www.suno.com.br\/noticias\/wp-json\/wp\/v2\/media\/87361"}],"wp:attachment":[{"href":"https:\/\/www.suno.com.br\/noticias\/wp-json\/wp\/v2\/media?parent=87348"}],"wp:term":[{"taxonomy":"category","embeddable":true,"href":"https:\/\/www.suno.com.br\/noticias\/wp-json\/wp\/v2\/categories?post=87348"},{"taxonomy":"post_tag","embeddable":true,"href":"https:\/\/www.suno.com.br\/noticias\/wp-json\/wp\/v2\/tags?post=87348"},{"taxonomy":"suno_strategy","embeddable":true,"href":"https:\/\/www.suno.com.br\/noticias\/wp-json\/wp\/v2\/suno_strategy?post=87348"}],"curies":[{"name":"wp","href":"https:\/\/api.w.org\/{rel}","templated":true}]}}