{"id":87341,"date":"2020-09-24T20:18:13","date_gmt":"2020-09-24T23:18:13","guid":{"rendered":"https:\/\/www.suno.com.br\/noticias\/?p=87341"},"modified":"2020-09-24T20:18:13","modified_gmt":"2020-09-24T23:18:13","slug":"vulcabras-licencia-producao-venda-azaleia-grendene-grnd3","status":"publish","type":"post","link":"https:\/\/www.suno.com.br\/noticias\/vulcabras-licencia-producao-venda-azaleia-grendene-grnd3\/","title":{"rendered":"Vulcabras licencia produ\u00e7\u00e3o e venda da Azaleia \u00e0 Grendene (GRND3)"},"content":{"rendered":"<p>A empresa cal\u00e7adista brasileira <a href=\"https:\/\/www.suno.com.br\/acoes\/vulc3\/\">Vulcabras Azaleia (VULC3)<\/a> comunicou nesta quinta-feira (24) o licenciamento da marca Azaleia para a <a href=\"https:\/\/www.suno.com.br\/acoes\/grnd3\/\"><strong>Grendene<\/strong> (GRND3)<\/a> para a produ\u00e7\u00e3o e venda de cal\u00e7ados femininos.<\/p>\t<div class=\"wrapper-featured-image\">\n\t\t<figure class=\"spotlightImg\">\n\n\t\t\t<picture>\n\t\t\t\t<source media=\"(max-width: 768px)\" srcset=\"https:\/\/files.sunoresearch.com.br\/n\/uploads\/2020\/09\/2cb5cea2-azaleia-6-400x200.webp\">\n\t\t\t\t<img loading=\"lazy\" decoding=\"async\" class=\"newsContent__article__imgCapa lazyloadDisabled \" src=\"https:\/\/files.sunoresearch.com.br\/n\/uploads\/2020\/09\/2cb5cea2-azaleia-6-jpg.webp\" width=\"800\" height=\"450\" alt=\"Vulcabras licencia produ\u00e7\u00e3o e venda da Azaleia \u00e0 Grendene (GRND3)\" fetchpriority=high \/>\n\t\t\t<\/picture>\n\n\t\t\t<figcaption class=\"wp-caption-text wp-caption-text--show\">A Vulcabras licenciou a produ\u00e7\u00e3o e venda de cal\u00e7ados femininos da marca Azaleia \u00e0 Grendene (GRND3)<\/figcaption>\n\t\t<\/figure>\n\t<\/div>\n\n\n<div class=\"hubspot-form-wrapper\">\n\t<div id=\"single-form-target\"><\/div>\n<\/div>\n\n<p>Dessa forma, com o acordo, a companhia passar\u00e1 a utilizar a marca Azaleia, sendo respons\u00e1vel inclusive pelos designs dos acess\u00f3rios. O licenciamento \u00e9 v\u00e1lido pelo per\u00edodo de tr\u00eas anos, contando ainda com possibilidade de renova\u00e7\u00e3o por igual per\u00edodo, contemplando o Brasil e\u00a0 o exterior, com exce\u00e7\u00e3o do Peru, Chile e Col\u00f4mbia.<\/p>\n<p>&#8220;N\u00e3o h\u00e1 e n\u00e3o haver\u00e1 qualquer solidariedade entre a companhia e a Grendene com rela\u00e7\u00e3o \u00e0s respectivas atividades e obriga\u00e7\u00f5es junto a quaisquer terceiros&#8221;, salientou a Vulcabras, em fato relevante.<\/p>\n<p><a href=\"https:\/\/lp.suno.com.br\/suno-one\/\">Suno One: acesse gratuitamente eBooks, Minicursos, Artigos e Video Aulas sobre investimentos com um \u00fanico cadastro. Clique para saber mais!<\/a><\/p>\n<p>A empresa ainda acrescentou\u00a0 que o pagamento pela utiliza\u00e7\u00e3o da marca ser\u00e1 efetuado pela Grendene com base em um percentual da <a href=\"https:\/\/www.suno.com.br\/artigos\/receita-operacional\/\">receita mensal dos produtos<\/a>.<\/p>\n<p>&#8220;A consuma\u00e7\u00e3o da opera\u00e7\u00e3o est\u00e1 em linha com o planejamento estrat\u00e9gico da companhia em concentrar seus esfor\u00e7os no desenvolvimento, fabrica\u00e7\u00e3o e comercializa\u00e7\u00e3o de produtos e artigos esportivos&#8221;, comunicou a Vulcabras, que, entretanto, seguir\u00e1 vendendo os cal\u00e7ados femininos apenas no Peru e na Col\u00f4mbia.<\/p>\n<p>O acordo ocorre dias depois da Vulcabras fechar a compra da opera\u00e7\u00e3o da marca Mizuno no Brasil, pagando R$ 32,5 milh\u00f5es \u00e0 <a href=\"https:\/\/www.suno.com.br\/acoes\/alpa4\/\">Alpargatas (ALPA4)<\/a>.<\/p>\n<h2>Grendene registra preju\u00edzo de R$ 44,4 mi 2T20<\/h2>\n<p>A Grendene reportou um preju\u00edzo de R$ 44,4 milh\u00f5es no segundo trimestre deste ano e um <a href=\"https:\/\/www.suno.com.br\/artigos\/lucro-bruto\/\">lucro bruto<\/a> de R$ 23,6 milh\u00f5es, resultado 84,8% inferior em compara\u00e7\u00e3o com o mesmo per\u00edodo do ano anterior.<\/p>\n<p>A companhia atribuiu os n\u00fameros aos impactos da pandemia do novo coronav\u00edrus, destacando que &#8220;no segundo trimestre os efeitos foram mais nocivos e intensos\u201d.<\/p>\n\t<div data-element=\"shortcode-read-more\" class=\"knowMore\">\n\t\t\t\t<span class=\"knowMore__title\">Saiba mais<\/span>\n\t\t\t\t<a class=\"knowMore__link\" href=\"https:\/\/www.suno.com.br\/noticias\/grendene-grnd3-retomara-atividades-segunda-feira\/\">\n\t\t\tGrendene (GRND3) retomar\u00e1 opera\u00e7\u00f5es em suas f\u00e1bricas a partir de 2\u00aa feira\t\t<\/a>\n\t<\/div>\n\n\n<p>A <a href=\"https:\/\/www.suno.com.br\/artigos\/o-que-receita-liquida\/\">receita l\u00edquida<\/a> da <strong>Grendene<\/strong> totalizou R$ 56 milh\u00f5es, uma queda de 85% na base anual;\u00a0 enquanto o <a href=\"https:\/\/www.suno.com.br\/artigos\/ebitda\/\">lucro antes de juros, impostos, deprecia\u00e7\u00e3o e amortiza\u00e7\u00e3o (Ebitda<\/a>, na sigla em ingl\u00eas) ficou negativo em R$ 63 milh\u00f5es, ante lucro de R$ 26,7 milh\u00f5es no mesmo per\u00edodo de 2019.<\/p>\n\t<p>\n\t\t<a href=\"https:\/\/lp.suno.com.br\/planilha-de-controle-de-investimentos\/\" target=\"_blank\" data-element=\"shortcode-suno-banner\" title=\"Banner SUNO, clique e saiba mais\">\n\t\t\t<picture>\n\t\t\t\t<source media=\"(max-width: 500px)\" srcset=\"https:\/\/files.sunoresearch.com.br\/n\/uploads\/2023\/03\/400x300-Controle-de-Investimentos.png\">\n\t\t\t\t<img class=\"newsContent__article__imgCapa newsContent__article__imgCapa--banner\"\n\t\t\t\t\tsrc=\"https:\/\/files.sunoresearch.com.br\/n\/uploads\/2023\/03\/1420x240-Controle-de-Investimentos.png\"\n\t\t\t\t\tdata-promo-id=\"75934\"\t\t\t\t\t\t\t\t\t\twidth='1420' height='240'\t\t\t\t\talt=\"https:\/\/files.sunoresearch.com.br\/n\/uploads\/2023\/03\/1420x240-Controle-de-Investimentos.png\"\n\t\t\t\t>\n\t\t\t<\/picture>\n\t\t<\/a>\n\t<\/p>\n\n\n","protected":false},"excerpt":{"rendered":"<p>A empresa cal\u00e7adista brasileira Vulcabras Azaleia (VULC3) comunicou nesta quinta-feira (24) o licenciamento da marca Azaleia para a Grendene (GRND3) para a produ\u00e7\u00e3o e venda de cal\u00e7ados femininos. A Vulcabras licenciou a produ\u00e7\u00e3o e venda de cal\u00e7ados femininos da marca Azaleia \u00e0 Grendene (GRND3) Dessa forma, com o acordo, a companhia passar\u00e1 a utilizar a [&hellip;]<\/p>\n","protected":false},"author":35,"featured_media":87352,"comment_status":"closed","ping_status":"closed","sticky":false,"template":"","format":"standard","meta":[],"categories":[64],"tags":[104579,493,680],"suno_strategy":[],"class_list":["post-87341","post","type-post","status-publish","format-standard","has-post-thumbnail","hentry","category-negocios","tag-azaleia","tag-grendene-grnd3","tag-vulcabras-vulc3"],"yoast_head":"<!-- This site is optimized with the Yoast SEO plugin v24.4 - https:\/\/yoast.com\/wordpress\/plugins\/seo\/ -->\n<title>Vulcabras licencia produ\u00e7\u00e3o e venda da Azaleia \u00e0 Grendene (GRND3)<\/title>\n<meta name=\"description\" content=\"A cal\u00e7adista Vulcabras Azaleia (VULC3) comunicou o licenciamento da marca Azaleia para a Grendene (GRND3). Clique para saber mais\" \/>\n<meta name=\"robots\" content=\"index, follow, max-snippet:-1, max-image-preview:large, max-video-preview:-1\" \/>\n<link rel=\"canonical\" href=\"https:\/\/www.suno.com.br\/noticias\/vulcabras-licencia-producao-venda-azaleia-grendene-grnd3\/\" \/>\n<meta property=\"og:locale\" content=\"pt_BR\" \/>\n<meta property=\"og:type\" content=\"article\" \/>\n<meta property=\"og:title\" content=\"Vulcabras licencia produ\u00e7\u00e3o e venda da Azaleia \u00e0 Grendene (GRND3)\" \/>\n<meta property=\"og:description\" content=\"A cal\u00e7adista Vulcabras Azaleia (VULC3) comunicou o licenciamento da marca Azaleia para a Grendene (GRND3). Clique para saber mais\" \/>\n<meta property=\"og:url\" content=\"https:\/\/www.suno.com.br\/noticias\/vulcabras-licencia-producao-venda-azaleia-grendene-grnd3\/\" \/>\n<meta property=\"og:site_name\" content=\"Suno Not\u00edcias\" \/>\n<meta property=\"article:publisher\" content=\"https:\/\/facebook.com\/sunoresearch\" \/>\n<meta property=\"og:image\" content=\"https:\/\/files.sunoresearch.com.br\/n\/uploads\/2020\/09\/2cb5cea2-azaleia-6.jpg\" \/>\n\t<meta property=\"og:image:width\" content=\"450\" \/>\n\t<meta property=\"og:image:height\" content=\"238\" \/>\n\t<meta property=\"og:image:type\" content=\"image\/jpeg\" \/>\n<meta name=\"author\" content=\"Arthur Guimar\u00e3es\" \/>\n<meta name=\"twitter:card\" content=\"summary_large_image\" \/>\n<meta name=\"twitter:creator\" content=\"@sunoresearch\" \/>\n<meta name=\"twitter:site\" content=\"@sunoresearch\" \/>\n<meta name=\"twitter:label1\" content=\"Escrito por\" \/>\n\t<meta name=\"twitter:data1\" content=\"Arthur Guimar\u00e3es\" \/>\n\t<meta name=\"twitter:label2\" content=\"Est. tempo de leitura\" \/>\n\t<meta name=\"twitter:data2\" content=\"2 minutos\" \/>\n<script type=\"application\/ld+json\" class=\"yoast-schema-graph\">{\"@context\":\"https:\/\/schema.org\",\"@graph\":[{\"@type\":\"NewsArticle\",\"@id\":\"https:\/\/www.suno.com.br\/noticias\/vulcabras-licencia-producao-venda-azaleia-grendene-grnd3\/#article\",\"isPartOf\":{\"@id\":\"https:\/\/www.suno.com.br\/noticias\/vulcabras-licencia-producao-venda-azaleia-grendene-grnd3\/\"},\"author\":{\"name\":\"Arthur Guimar\u00e3es\",\"@id\":\"https:\/\/www.suno.com.br\/noticias\/#\/schema\/person\/053a750a709a263919a20f976caae91c\"},\"headline\":\"Vulcabras licencia produ\u00e7\u00e3o e venda da Azaleia \u00e0 Grendene (GRND3)\",\"datePublished\":\"2020-09-24T23:18:13+00:00\",\"mainEntityOfPage\":{\"@id\":\"https:\/\/www.suno.com.br\/noticias\/vulcabras-licencia-producao-venda-azaleia-grendene-grnd3\/\"},\"wordCount\":398,\"publisher\":{\"@id\":\"https:\/\/www.suno.com.br\/noticias\/#organization\"},\"image\":{\"@id\":\"https:\/\/www.suno.com.br\/noticias\/vulcabras-licencia-producao-venda-azaleia-grendene-grnd3\/#primaryimage\"},\"thumbnailUrl\":\"https:\/\/files.sunoresearch.com.br\/n\/uploads\/2020\/09\/2cb5cea2-azaleia-6-jpg.webp\",\"keywords\":[\"Azaleia\",\"Grendene (GRND3)\",\"Vulcabras (VULC3)\"],\"articleSection\":[\"Neg\u00f3cios\"],\"inLanguage\":\"pt-BR\"},{\"@type\":\"WebPage\",\"@id\":\"https:\/\/www.suno.com.br\/noticias\/vulcabras-licencia-producao-venda-azaleia-grendene-grnd3\/\",\"url\":\"https:\/\/www.suno.com.br\/noticias\/vulcabras-licencia-producao-venda-azaleia-grendene-grnd3\/\",\"name\":\"Vulcabras licencia produ\u00e7\u00e3o e venda da Azaleia \u00e0 Grendene (GRND3)\",\"isPartOf\":{\"@id\":\"https:\/\/www.suno.com.br\/noticias\/#website\"},\"primaryImageOfPage\":{\"@id\":\"https:\/\/www.suno.com.br\/noticias\/vulcabras-licencia-producao-venda-azaleia-grendene-grnd3\/#primaryimage\"},\"image\":{\"@id\":\"https:\/\/www.suno.com.br\/noticias\/vulcabras-licencia-producao-venda-azaleia-grendene-grnd3\/#primaryimage\"},\"thumbnailUrl\":\"https:\/\/files.sunoresearch.com.br\/n\/uploads\/2020\/09\/2cb5cea2-azaleia-6-jpg.webp\",\"datePublished\":\"2020-09-24T23:18:13+00:00\",\"description\":\"A cal\u00e7adista Vulcabras Azaleia (VULC3) comunicou o licenciamento da marca Azaleia para a Grendene (GRND3). Clique para saber mais\",\"breadcrumb\":{\"@id\":\"https:\/\/www.suno.com.br\/noticias\/vulcabras-licencia-producao-venda-azaleia-grendene-grnd3\/#breadcrumb\"},\"inLanguage\":\"pt-BR\",\"potentialAction\":[{\"@type\":\"ReadAction\",\"target\":[\"https:\/\/www.suno.com.br\/noticias\/vulcabras-licencia-producao-venda-azaleia-grendene-grnd3\/\"]}]},{\"@type\":\"ImageObject\",\"inLanguage\":\"pt-BR\",\"@id\":\"https:\/\/www.suno.com.br\/noticias\/vulcabras-licencia-producao-venda-azaleia-grendene-grnd3\/#primaryimage\",\"url\":\"https:\/\/files.sunoresearch.com.br\/n\/uploads\/2020\/09\/2cb5cea2-azaleia-6-jpg.webp\",\"contentUrl\":\"https:\/\/files.sunoresearch.com.br\/n\/uploads\/2020\/09\/2cb5cea2-azaleia-6-jpg.webp\",\"width\":450,\"height\":238,\"caption\":\"A Vulcabras licenciou a produ\u00e7\u00e3o e venda de cal\u00e7ados femininos da marca Azaleia \u00e0 Grendene (GRND3)\"},{\"@type\":\"BreadcrumbList\",\"@id\":\"https:\/\/www.suno.com.br\/noticias\/vulcabras-licencia-producao-venda-azaleia-grendene-grnd3\/#breadcrumb\",\"itemListElement\":[{\"@type\":\"ListItem\",\"position\":1,\"name\":\"Not\u00edcias\",\"item\":\"https:\/\/www.suno.com.br\/noticias\/\"},{\"@type\":\"ListItem\",\"position\":2,\"name\":\"Neg\u00f3cios\",\"item\":\"https:\/\/www.suno.com.br\/noticias\/negocios\/\"},{\"@type\":\"ListItem\",\"position\":3,\"name\":\"Vulcabras licencia produ\u00e7\u00e3o e venda da Azaleia \u00e0 Grendene (GRND3)\"}]},{\"@type\":\"WebSite\",\"@id\":\"https:\/\/www.suno.com.br\/noticias\/#website\",\"url\":\"https:\/\/www.suno.com.br\/noticias\/\",\"name\":\"Suno Not\u00edcias\",\"description\":\"Seu portal de informa\u00e7\u00e3o sobre o mundo dos investimentos\",\"publisher\":{\"@id\":\"https:\/\/www.suno.com.br\/noticias\/#organization\"},\"potentialAction\":[{\"@type\":\"SearchAction\",\"target\":{\"@type\":\"EntryPoint\",\"urlTemplate\":\"https:\/\/www.suno.com.br\/noticias\/?s={search_term_string}\"},\"query-input\":{\"@type\":\"PropertyValueSpecification\",\"valueRequired\":true,\"valueName\":\"search_term_string\"}}],\"inLanguage\":\"pt-BR\"},{\"@type\":\"Organization\",\"@id\":\"https:\/\/www.suno.com.br\/noticias\/#organization\",\"name\":\"Suno Not\u00edcias\",\"url\":\"https:\/\/www.suno.com.br\/noticias\/\",\"logo\":{\"@type\":\"ImageObject\",\"inLanguage\":\"pt-BR\",\"@id\":\"https:\/\/www.suno.com.br\/noticias\/#\/schema\/logo\/image\/\",\"url\":\"https:\/\/files.sunoresearch.com.br\/n\/uploads\/2021\/09\/suno-logo.png\",\"contentUrl\":\"https:\/\/files.sunoresearch.com.br\/n\/uploads\/2021\/09\/suno-logo.png\",\"width\":180,\"height\":180,\"caption\":\"Suno Not\u00edcias\"},\"image\":{\"@id\":\"https:\/\/www.suno.com.br\/noticias\/#\/schema\/logo\/image\/\"},\"sameAs\":[\"https:\/\/facebook.com\/sunoresearch\",\"https:\/\/x.com\/sunoresearch\",\"https:\/\/www.instagram.com\/suno\",\"https:\/\/www.linkedin.com\/company\/suno-research\/\",\"https:\/\/www.youtube.com\/c\/sunoresearch\"]},{\"@type\":\"Person\",\"@id\":\"https:\/\/www.suno.com.br\/noticias\/#\/schema\/person\/053a750a709a263919a20f976caae91c\",\"name\":\"Arthur Guimar\u00e3es\",\"image\":{\"@type\":\"ImageObject\",\"inLanguage\":\"pt-BR\",\"@id\":\"https:\/\/www.suno.com.br\/noticias\/#\/schema\/person\/image\/\",\"url\":\"https:\/\/secure.gravatar.com\/avatar\/1affd86a11209ae09eb6dd3bcad3e96c?s=96&r=g\",\"contentUrl\":\"https:\/\/secure.gravatar.com\/avatar\/1affd86a11209ae09eb6dd3bcad3e96c?s=96&r=g\",\"caption\":\"Arthur Guimar\u00e3es\"},\"description\":\"Arthur Guimar\u00e3es escreve sobre pol\u00edtica, economia e neg\u00f3cios para o portal de not\u00edcias da Suno Research. Atualmente, \u00e9 estudante de jornalismo pela Faculdade C\u00e1sper L\u00edbero.\",\"url\":\"https:\/\/www.suno.com.br\/noticias\/author\/arthur-guimaraes\/\"}]}<\/script>\n<!-- \/ Yoast SEO plugin. -->","yoast_head_json":{"title":"Vulcabras licencia produ\u00e7\u00e3o e venda da Azaleia \u00e0 Grendene (GRND3)","description":"A cal\u00e7adista Vulcabras Azaleia (VULC3) comunicou o licenciamento da marca Azaleia para a Grendene (GRND3). Clique para saber mais","robots":{"index":"index","follow":"follow","max-snippet":"max-snippet:-1","max-image-preview":"max-image-preview:large","max-video-preview":"max-video-preview:-1"},"canonical":"https:\/\/www.suno.com.br\/noticias\/vulcabras-licencia-producao-venda-azaleia-grendene-grnd3\/","og_locale":"pt_BR","og_type":"article","og_title":"Vulcabras licencia produ\u00e7\u00e3o e venda da Azaleia \u00e0 Grendene (GRND3)","og_description":"A cal\u00e7adista Vulcabras Azaleia (VULC3) comunicou o licenciamento da marca Azaleia para a Grendene (GRND3). Clique para saber mais","og_url":"https:\/\/www.suno.com.br\/noticias\/vulcabras-licencia-producao-venda-azaleia-grendene-grnd3\/","og_site_name":"Suno Not\u00edcias","article_publisher":"https:\/\/facebook.com\/sunoresearch","og_image":[{"width":450,"height":238,"url":"https:\/\/files.sunoresearch.com.br\/n\/uploads\/2020\/09\/2cb5cea2-azaleia-6.jpg","type":"image\/jpeg"}],"author":"Arthur Guimar\u00e3es","twitter_card":"summary_large_image","twitter_creator":"@sunoresearch","twitter_site":"@sunoresearch","twitter_misc":{"Escrito por":"Arthur Guimar\u00e3es","Est. tempo de leitura":"2 minutos"},"schema":{"@context":"https:\/\/schema.org","@graph":[{"@type":"NewsArticle","@id":"https:\/\/www.suno.com.br\/noticias\/vulcabras-licencia-producao-venda-azaleia-grendene-grnd3\/#article","isPartOf":{"@id":"https:\/\/www.suno.com.br\/noticias\/vulcabras-licencia-producao-venda-azaleia-grendene-grnd3\/"},"author":{"name":"Arthur Guimar\u00e3es","@id":"https:\/\/www.suno.com.br\/noticias\/#\/schema\/person\/053a750a709a263919a20f976caae91c"},"headline":"Vulcabras licencia produ\u00e7\u00e3o e venda da Azaleia \u00e0 Grendene (GRND3)","datePublished":"2020-09-24T23:18:13+00:00","mainEntityOfPage":{"@id":"https:\/\/www.suno.com.br\/noticias\/vulcabras-licencia-producao-venda-azaleia-grendene-grnd3\/"},"wordCount":398,"publisher":{"@id":"https:\/\/www.suno.com.br\/noticias\/#organization"},"image":{"@id":"https:\/\/www.suno.com.br\/noticias\/vulcabras-licencia-producao-venda-azaleia-grendene-grnd3\/#primaryimage"},"thumbnailUrl":"https:\/\/files.sunoresearch.com.br\/n\/uploads\/2020\/09\/2cb5cea2-azaleia-6-jpg.webp","keywords":["Azaleia","Grendene (GRND3)","Vulcabras (VULC3)"],"articleSection":["Neg\u00f3cios"],"inLanguage":"pt-BR"},{"@type":"WebPage","@id":"https:\/\/www.suno.com.br\/noticias\/vulcabras-licencia-producao-venda-azaleia-grendene-grnd3\/","url":"https:\/\/www.suno.com.br\/noticias\/vulcabras-licencia-producao-venda-azaleia-grendene-grnd3\/","name":"Vulcabras licencia produ\u00e7\u00e3o e venda da Azaleia \u00e0 Grendene (GRND3)","isPartOf":{"@id":"https:\/\/www.suno.com.br\/noticias\/#website"},"primaryImageOfPage":{"@id":"https:\/\/www.suno.com.br\/noticias\/vulcabras-licencia-producao-venda-azaleia-grendene-grnd3\/#primaryimage"},"image":{"@id":"https:\/\/www.suno.com.br\/noticias\/vulcabras-licencia-producao-venda-azaleia-grendene-grnd3\/#primaryimage"},"thumbnailUrl":"https:\/\/files.sunoresearch.com.br\/n\/uploads\/2020\/09\/2cb5cea2-azaleia-6-jpg.webp","datePublished":"2020-09-24T23:18:13+00:00","description":"A cal\u00e7adista Vulcabras Azaleia (VULC3) comunicou o licenciamento da marca Azaleia para a Grendene (GRND3). Clique para saber mais","breadcrumb":{"@id":"https:\/\/www.suno.com.br\/noticias\/vulcabras-licencia-producao-venda-azaleia-grendene-grnd3\/#breadcrumb"},"inLanguage":"pt-BR","potentialAction":[{"@type":"ReadAction","target":["https:\/\/www.suno.com.br\/noticias\/vulcabras-licencia-producao-venda-azaleia-grendene-grnd3\/"]}]},{"@type":"ImageObject","inLanguage":"pt-BR","@id":"https:\/\/www.suno.com.br\/noticias\/vulcabras-licencia-producao-venda-azaleia-grendene-grnd3\/#primaryimage","url":"https:\/\/files.sunoresearch.com.br\/n\/uploads\/2020\/09\/2cb5cea2-azaleia-6-jpg.webp","contentUrl":"https:\/\/files.sunoresearch.com.br\/n\/uploads\/2020\/09\/2cb5cea2-azaleia-6-jpg.webp","width":450,"height":238,"caption":"A Vulcabras licenciou a produ\u00e7\u00e3o e venda de cal\u00e7ados femininos da marca Azaleia \u00e0 Grendene (GRND3)"},{"@type":"BreadcrumbList","@id":"https:\/\/www.suno.com.br\/noticias\/vulcabras-licencia-producao-venda-azaleia-grendene-grnd3\/#breadcrumb","itemListElement":[{"@type":"ListItem","position":1,"name":"Not\u00edcias","item":"https:\/\/www.suno.com.br\/noticias\/"},{"@type":"ListItem","position":2,"name":"Neg\u00f3cios","item":"https:\/\/www.suno.com.br\/noticias\/negocios\/"},{"@type":"ListItem","position":3,"name":"Vulcabras licencia produ\u00e7\u00e3o e venda da Azaleia \u00e0 Grendene (GRND3)"}]},{"@type":"WebSite","@id":"https:\/\/www.suno.com.br\/noticias\/#website","url":"https:\/\/www.suno.com.br\/noticias\/","name":"Suno Not\u00edcias","description":"Seu portal de informa\u00e7\u00e3o sobre o mundo dos investimentos","publisher":{"@id":"https:\/\/www.suno.com.br\/noticias\/#organization"},"potentialAction":[{"@type":"SearchAction","target":{"@type":"EntryPoint","urlTemplate":"https:\/\/www.suno.com.br\/noticias\/?s={search_term_string}"},"query-input":{"@type":"PropertyValueSpecification","valueRequired":true,"valueName":"search_term_string"}}],"inLanguage":"pt-BR"},{"@type":"Organization","@id":"https:\/\/www.suno.com.br\/noticias\/#organization","name":"Suno Not\u00edcias","url":"https:\/\/www.suno.com.br\/noticias\/","logo":{"@type":"ImageObject","inLanguage":"pt-BR","@id":"https:\/\/www.suno.com.br\/noticias\/#\/schema\/logo\/image\/","url":"https:\/\/files.sunoresearch.com.br\/n\/uploads\/2021\/09\/suno-logo.png","contentUrl":"https:\/\/files.sunoresearch.com.br\/n\/uploads\/2021\/09\/suno-logo.png","width":180,"height":180,"caption":"Suno Not\u00edcias"},"image":{"@id":"https:\/\/www.suno.com.br\/noticias\/#\/schema\/logo\/image\/"},"sameAs":["https:\/\/facebook.com\/sunoresearch","https:\/\/x.com\/sunoresearch","https:\/\/www.instagram.com\/suno","https:\/\/www.linkedin.com\/company\/suno-research\/","https:\/\/www.youtube.com\/c\/sunoresearch"]},{"@type":"Person","@id":"https:\/\/www.suno.com.br\/noticias\/#\/schema\/person\/053a750a709a263919a20f976caae91c","name":"Arthur Guimar\u00e3es","image":{"@type":"ImageObject","inLanguage":"pt-BR","@id":"https:\/\/www.suno.com.br\/noticias\/#\/schema\/person\/image\/","url":"https:\/\/secure.gravatar.com\/avatar\/1affd86a11209ae09eb6dd3bcad3e96c?s=96&r=g","contentUrl":"https:\/\/secure.gravatar.com\/avatar\/1affd86a11209ae09eb6dd3bcad3e96c?s=96&r=g","caption":"Arthur Guimar\u00e3es"},"description":"Arthur Guimar\u00e3es escreve sobre pol\u00edtica, economia e neg\u00f3cios para o portal de not\u00edcias da Suno Research. Atualmente, \u00e9 estudante de jornalismo pela Faculdade C\u00e1sper L\u00edbero.","url":"https:\/\/www.suno.com.br\/noticias\/author\/arthur-guimaraes\/"}]}},"default_loop_html":"<div class=\"cardsPage__listCard__boxs\"><div class=\"cardsPage__listCard__boxs__img\"><a href=\"https:\/\/www.suno.com.br\/noticias\/vulcabras-licencia-producao-venda-azaleia-grendene-grnd3\/\"><img class=\"mask\" src=\"https:\/\/www.suno.com.br\/noticias\/wp-content\/themes\/suno\/resources\/images\/spotlight\/spotlight1img\/bg-mask.png\" alt=\"Image Mask\"\/><img src=\"https:\/\/files.sunoresearch.com.br\/n\/uploads\/2020\/09\/2cb5cea2-azaleia-6-400x200.webp\" alt=\"Vulcabras licencia produ\u00e7\u00e3o e venda da Azaleia \u00e0 Grendene (GRND3)\"\/><\/a><span class=\"spotlightCategory\"><a href=\"https:\/\/www.suno.com.br\/noticias\/negocios\/\">Neg\u00f3cios<\/a><\/span><\/div><div class=\"cardsPage__listCard__boxs__content\"><a href=\"https:\/\/www.suno.com.br\/noticias\/vulcabras-licencia-producao-venda-azaleia-grendene-grnd3\/\"><h2 class=\"content__title\">Vulcabras licencia produ\u00e7\u00e3o e venda da Azaleia \u00e0 Grendene (GRND3)<\/h2><\/a><div class=\"newsContent__article__meta\"><div class=\"newsContent__article__meta__authorBox\"><a href=\"https:\/\/www.suno.com.br\/noticias\/author\/arthur-guimaraes\/\" class=\"authorBox__avatar noMobi\"><img src=\"https:\/\/files.sunoresearch.com.br\/n\/uploads\/2020\/02\/dfb40897-eu-150x150.webp\" alt=\"Arthur Guimar\u00e3es\"><\/a><div class=\"authorBox__name\"><span>por\n\t\t\t<a href=\"https:\/\/www.suno.com.br\/noticias\/author\/arthur-guimaraes\/\"><span itemprop=\"author\">Arthur Guimar\u00e3es<\/span><\/a><\/span><time datetime=\"2020-09-24T20:18:13-03:00\" itemprop=\"datePublished\">24\/09\/2020 20:18<\/time><\/div><\/div><\/div><\/div><\/div>","single_layout":"posts","amp_enabled":true,"_links":{"self":[{"href":"https:\/\/www.suno.com.br\/noticias\/wp-json\/wp\/v2\/posts\/87341"}],"collection":[{"href":"https:\/\/www.suno.com.br\/noticias\/wp-json\/wp\/v2\/posts"}],"about":[{"href":"https:\/\/www.suno.com.br\/noticias\/wp-json\/wp\/v2\/types\/post"}],"author":[{"embeddable":true,"href":"https:\/\/www.suno.com.br\/noticias\/wp-json\/wp\/v2\/users\/35"}],"replies":[{"embeddable":true,"href":"https:\/\/www.suno.com.br\/noticias\/wp-json\/wp\/v2\/comments?post=87341"}],"version-history":[{"count":0,"href":"https:\/\/www.suno.com.br\/noticias\/wp-json\/wp\/v2\/posts\/87341\/revisions"}],"wp:featuredmedia":[{"embeddable":true,"href":"https:\/\/www.suno.com.br\/noticias\/wp-json\/wp\/v2\/media\/87352"}],"wp:attachment":[{"href":"https:\/\/www.suno.com.br\/noticias\/wp-json\/wp\/v2\/media?parent=87341"}],"wp:term":[{"taxonomy":"category","embeddable":true,"href":"https:\/\/www.suno.com.br\/noticias\/wp-json\/wp\/v2\/categories?post=87341"},{"taxonomy":"post_tag","embeddable":true,"href":"https:\/\/www.suno.com.br\/noticias\/wp-json\/wp\/v2\/tags?post=87341"},{"taxonomy":"suno_strategy","embeddable":true,"href":"https:\/\/www.suno.com.br\/noticias\/wp-json\/wp\/v2\/suno_strategy?post=87341"}],"curies":[{"name":"wp","href":"https:\/\/api.w.org\/{rel}","templated":true}]}}