{"id":87337,"date":"2020-09-24T20:03:43","date_gmt":"2020-09-24T23:03:43","guid":{"rendered":"https:\/\/www.suno.com.br\/noticias\/?p=87337"},"modified":"2020-09-24T20:03:43","modified_gmt":"2020-09-24T23:03:43","slug":"magazine-luiza-mpt-rejeita-denuncias-de-racismo-contra-empresa","status":"publish","type":"post","link":"https:\/\/www.suno.com.br\/noticias\/magazine-luiza-mpt-rejeita-denuncias-de-racismo-contra-empresa\/","title":{"rendered":"MPT rejeita den\u00fancias de racismo contra o Magazine Luiza (MGLU3)"},"content":{"rendered":"<p>O Minist\u00e9rio P\u00fablico do Trabalho em S\u00e3o Paulo recusou, nesta quinta-feira (24) as <strong>den\u00fancias<\/strong> recebidas contra o <a href=\"https:\/\/www.suno.com.br\/acoes\/mglu3\/\"><strong>Magazine<\/strong> <strong>Luiza (MGLU3)<\/strong><\/a>, acusado de discrimina\u00e7\u00e3o por selecionar apenas negros em seu pr\u00f3ximo programa de trainees. De acordo com o MPT, n\u00e3o houve viola\u00e7\u00e3o trabalhista, mas sim uma a\u00e7\u00e3o afirmativa de repara\u00e7\u00e3o hist\u00f3rica.<\/p>\t<div class=\"wrapper-featured-image\">\n\t\t<figure class=\"spotlightImg\">\n\n\t\t\t<picture>\n\t\t\t\t<source media=\"(max-width: 768px)\" srcset=\"https:\/\/files.sunoresearch.com.br\/n\/uploads\/2020\/09\/7b9350fe-magazine-luiza-400x200.webp\">\n\t\t\t\t<img loading=\"lazy\" decoding=\"async\" class=\"newsContent__article__imgCapa lazyloadDisabled \" src=\"https:\/\/files.sunoresearch.com.br\/n\/uploads\/2020\/09\/7b9350fe-magazine-luiza-png.webp\" width=\"800\" height=\"450\" alt=\"MPT rejeita den\u00fancias de racismo contra o Magazine Luiza (MGLU3)\" fetchpriority=high \/>\n\t\t\t<\/picture>\n\n\t\t\t<figcaption class=\"wp-caption-text wp-caption-text--show\">Magazine Luiza (MGLU3) viu na Steal The Look o conte\u00fado que faltava<\/figcaption>\n\t\t<\/figure>\n\t<\/div>\n\n\n<div class=\"hubspot-form-wrapper\">\n\t<div id=\"single-form-target\"><\/div>\n<\/div>\n\n<p>O Magazine Luiza recebeu 11 den\u00fancias por promover\u00a0\u00a0&#8220;pr\u00e1tica de racismo&#8221;, uma vez que, nas palavras de um dos denunciantes, &#8220;impede que pessoas que n\u00e3o tenham o tom de pele desejado pela empresa&#8221; participem do processo seletivo.<\/p>\n<p>Segundo o <strong>MPT<\/strong>, a pol\u00edtica da empresa \u00e9 leg\u00edtima e n\u00e3o existe ato il\u00edcito no processo de sele\u00e7\u00e3o, j\u00e1 que a reserva de vagas \u00e0 popula\u00e7\u00e3o negra \u00e9 plenamente v\u00e1lida e configura a\u00e7\u00e3o afirmativa, al\u00e9m de &#8220;elemento de repara\u00e7\u00e3o hist\u00f3rica da exclus\u00e3o da popula\u00e7\u00e3o negra do mercado de trabalho digno&#8221;. Essa exclus\u00e3o, segundo o Minist\u00e9rio P\u00fablico, se traduz na falta de oportunidades de acesso ao emprego, na desigualdade de remunera\u00e7\u00e3o e na dificuldade de ascens\u00e3o profissional, &#8220;quando comparado aos \u00edndices de acesso, remunera\u00e7\u00e3o e ascens\u00e3o profissional da popula\u00e7\u00e3o branca&#8221;.<\/p>\n<p><a href=\"https:\/\/lp.suno.com.br\/suno-one\/\">Suno One: acesse gratuitamente eBooks, Minicursos, Artigos e Video Aulas sobre investimentos com um \u00fanico cadastro. Clique para saber mais!<\/a><\/p>\n<p>&#8220;O que os empregadores n\u00e3o podem fazer \u00e9 criar sele\u00e7\u00f5es em que haja reserva de vagas ou prefer\u00eancia a candidatos que n\u00e3o integram grupos historicamente vulner\u00e1veis&#8221;, alertou a coordenadora nacional de Promo\u00e7\u00e3o da Igualdade de Oportunidades e Elimina\u00e7\u00e3o da Discrimina\u00e7\u00e3o no Trabalho, procuradora Adriane Reis de Araujo. Em 2006, o <strong>Brasil<\/strong> j\u00e1 foi condenado pela <strong>Corte Interamericana de Direitos Humanos<\/strong> por um caso considerado &#8220;pr\u00e1tica de discrimina\u00e7\u00e3o odiosa&#8221;, finalizou.<\/p>\n<h2>Magazine Luiza (MGLU3): reage \u00e0 acusa\u00e7\u00e3o de racismo por deputado<\/h2>\n<p>O deputado federal e vice-l\u00edder do governo na C\u00e2mara, Carlos Jordy (PSL-RJ) declarou no \u00faltimo s\u00e1bado (19) atrav\u00e9s de suas redes sociais estar entrando com uma representa\u00e7\u00e3o no Minist\u00e9rio P\u00fablico contra a loja <strong>Magazine<\/strong> <strong>Luiza (MGLU3)<\/strong>, acusando a empresa de racismo devido ao seu programa de trainee.<\/p>\n<p><a href=\"https:\/\/www.suno.com.br\/noticias\/magazine-luiza-reage-a-acusacao-de-racismo-por-deputado\/\">Saiba Mais: Magazine Luiza (MGLU3): reage \u00e0 acusa\u00e7\u00e3o de racismo por deputado<\/a><\/p>\n<p>&#8220;Estou representando ao Minist\u00e9rio P\u00fablico a loja Magazine Luiza para que seja apurado crime de racismo no caso do <strong>programa de Trainee<\/strong> s\u00f3 para negros. A lei 7.716\/89 tipifica a conduta daquele que nega ou obsta emprego<br \/>\npor motivo de ra\u00e7a&#8221;, escreveu o deputado em seu twitter.<\/p>\n<p>Diante disso, o <strong>Magazine Luiza<\/strong> se manifestou respondendo: &#8220;Estamos absolutamente tranquilos quanto a legalidade do nosso programa de Trainees 2021. Inclusive, a\u00e7\u00f5es afirmativas e de inclus\u00e3o no mercado profissional, de pessoas discriminadas h\u00e1 gera\u00e7\u00f5es, fazem parte de uma nota t\u00e9cnica de 2018 do Minist\u00e9rio P\u00fablico do Trabalho.&#8221;<\/p>\n<p><em>Com informa\u00e7\u00f5es do Estad\u00e3o Conte\u00fado<\/em><\/p>\n\t<p>\n\t\t<a href=\"https:\/\/lp.suno.com.br\/planilha-de-controle-de-investimentos\/\" target=\"_blank\" data-element=\"shortcode-suno-banner\" title=\"Banner SUNO, clique e saiba mais\">\n\t\t\t<picture>\n\t\t\t\t<source media=\"(max-width: 500px)\" srcset=\"https:\/\/files.sunoresearch.com.br\/n\/uploads\/2023\/03\/400x300-Controle-de-Investimentos.png\">\n\t\t\t\t<img class=\"newsContent__article__imgCapa newsContent__article__imgCapa--banner\"\n\t\t\t\t\tsrc=\"https:\/\/files.sunoresearch.com.br\/n\/uploads\/2023\/03\/1420x240-Controle-de-Investimentos.png\"\n\t\t\t\t\tdata-promo-id=\"75934\"\t\t\t\t\t\t\t\t\t\twidth='1420' height='240'\t\t\t\t\talt=\"https:\/\/files.sunoresearch.com.br\/n\/uploads\/2023\/03\/1420x240-Controle-de-Investimentos.png\"\n\t\t\t\t>\n\t\t\t<\/picture>\n\t\t<\/a>\n\t<\/p>\n\n\n","protected":false},"excerpt":{"rendered":"<p>O Minist\u00e9rio P\u00fablico do Trabalho em S\u00e3o Paulo recusou, nesta quinta-feira (24) as den\u00fancias recebidas contra o Magazine Luiza (MGLU3), acusado de discrimina\u00e7\u00e3o por selecionar apenas negros em seu pr\u00f3ximo programa de trainees. De acordo com o MPT, n\u00e3o houve viola\u00e7\u00e3o trabalhista, mas sim uma a\u00e7\u00e3o afirmativa de repara\u00e7\u00e3o hist\u00f3rica. Magazine Luiza (MGLU3) viu na [&hellip;]<\/p>\n","protected":false},"author":56,"featured_media":87351,"comment_status":"closed","ping_status":"closed","sticky":false,"template":"","format":"standard","meta":[],"categories":[64],"tags":[548],"suno_strategy":[],"class_list":["post-87337","post","type-post","status-publish","format-standard","has-post-thumbnail","hentry","category-negocios","tag-magazine-luiza-mglu3"],"yoast_head":"<!-- This site is optimized with the Yoast SEO plugin v24.4 - https:\/\/yoast.com\/wordpress\/plugins\/seo\/ -->\n<title>MPT rejeita den\u00fancias de racismo contra o Magazine Luiza (MGLU3)<\/title>\n<meta name=\"description\" content=\"O Magazine Luiza recebeu den\u00fancias por\u00a0&quot;pr\u00e1tica de racismo&quot; ap\u00f3s anunciar seu programa de trainees para negros. Clique aqui para saber mais.\" \/>\n<meta name=\"robots\" content=\"index, follow, max-snippet:-1, max-image-preview:large, max-video-preview:-1\" \/>\n<link rel=\"canonical\" href=\"https:\/\/www.suno.com.br\/noticias\/magazine-luiza-mpt-rejeita-denuncias-de-racismo-contra-empresa\/\" \/>\n<meta property=\"og:locale\" content=\"pt_BR\" \/>\n<meta property=\"og:type\" content=\"article\" \/>\n<meta property=\"og:title\" content=\"MPT rejeita den\u00fancias de racismo contra o Magazine Luiza (MGLU3)\" \/>\n<meta property=\"og:description\" content=\"O Magazine Luiza recebeu den\u00fancias por\u00a0&quot;pr\u00e1tica de racismo&quot; ap\u00f3s anunciar seu programa de trainees para negros. Clique aqui para saber mais.\" \/>\n<meta property=\"og:url\" content=\"https:\/\/www.suno.com.br\/noticias\/magazine-luiza-mpt-rejeita-denuncias-de-racismo-contra-empresa\/\" \/>\n<meta property=\"og:site_name\" content=\"Suno Not\u00edcias\" \/>\n<meta property=\"article:publisher\" content=\"https:\/\/facebook.com\/sunoresearch\" \/>\n<meta property=\"og:image\" content=\"https:\/\/files.sunoresearch.com.br\/n\/uploads\/2020\/09\/7b9350fe-magazine-luiza.png\" \/>\n\t<meta property=\"og:image:width\" content=\"800\" \/>\n\t<meta property=\"og:image:height\" content=\"450\" \/>\n\t<meta property=\"og:image:type\" content=\"image\/png\" \/>\n<meta name=\"author\" content=\"Rafaela La Regina\" \/>\n<meta name=\"twitter:card\" content=\"summary_large_image\" \/>\n<meta name=\"twitter:creator\" content=\"@sunoresearch\" \/>\n<meta name=\"twitter:site\" content=\"@sunoresearch\" \/>\n<meta name=\"twitter:label1\" content=\"Escrito por\" \/>\n\t<meta name=\"twitter:data1\" content=\"Rafaela La Regina\" \/>\n\t<meta name=\"twitter:label2\" content=\"Est. tempo de leitura\" \/>\n\t<meta name=\"twitter:data2\" content=\"3 minutos\" \/>\n<script type=\"application\/ld+json\" class=\"yoast-schema-graph\">{\"@context\":\"https:\/\/schema.org\",\"@graph\":[{\"@type\":\"NewsArticle\",\"@id\":\"https:\/\/www.suno.com.br\/noticias\/magazine-luiza-mpt-rejeita-denuncias-de-racismo-contra-empresa\/#article\",\"isPartOf\":{\"@id\":\"https:\/\/www.suno.com.br\/noticias\/magazine-luiza-mpt-rejeita-denuncias-de-racismo-contra-empresa\/\"},\"author\":{\"name\":\"Rafaela La Regina\",\"@id\":\"https:\/\/www.suno.com.br\/noticias\/#\/schema\/person\/e672ca8cea627fe715fa29bca7da95e0\"},\"headline\":\"MPT rejeita den\u00fancias de racismo contra o Magazine Luiza (MGLU3)\",\"datePublished\":\"2020-09-24T23:03:43+00:00\",\"mainEntityOfPage\":{\"@id\":\"https:\/\/www.suno.com.br\/noticias\/magazine-luiza-mpt-rejeita-denuncias-de-racismo-contra-empresa\/\"},\"wordCount\":513,\"publisher\":{\"@id\":\"https:\/\/www.suno.com.br\/noticias\/#organization\"},\"image\":{\"@id\":\"https:\/\/www.suno.com.br\/noticias\/magazine-luiza-mpt-rejeita-denuncias-de-racismo-contra-empresa\/#primaryimage\"},\"thumbnailUrl\":\"https:\/\/files.sunoresearch.com.br\/n\/uploads\/2020\/09\/7b9350fe-magazine-luiza-png.webp\",\"keywords\":[\"Magazine Luiza (MGLU3)\"],\"articleSection\":[\"Neg\u00f3cios\"],\"inLanguage\":\"pt-BR\"},{\"@type\":\"WebPage\",\"@id\":\"https:\/\/www.suno.com.br\/noticias\/magazine-luiza-mpt-rejeita-denuncias-de-racismo-contra-empresa\/\",\"url\":\"https:\/\/www.suno.com.br\/noticias\/magazine-luiza-mpt-rejeita-denuncias-de-racismo-contra-empresa\/\",\"name\":\"MPT rejeita den\u00fancias de racismo contra o Magazine Luiza (MGLU3)\",\"isPartOf\":{\"@id\":\"https:\/\/www.suno.com.br\/noticias\/#website\"},\"primaryImageOfPage\":{\"@id\":\"https:\/\/www.suno.com.br\/noticias\/magazine-luiza-mpt-rejeita-denuncias-de-racismo-contra-empresa\/#primaryimage\"},\"image\":{\"@id\":\"https:\/\/www.suno.com.br\/noticias\/magazine-luiza-mpt-rejeita-denuncias-de-racismo-contra-empresa\/#primaryimage\"},\"thumbnailUrl\":\"https:\/\/files.sunoresearch.com.br\/n\/uploads\/2020\/09\/7b9350fe-magazine-luiza-png.webp\",\"datePublished\":\"2020-09-24T23:03:43+00:00\",\"description\":\"O Magazine Luiza recebeu den\u00fancias por\u00a0\\\"pr\u00e1tica de racismo\\\" ap\u00f3s anunciar seu programa de trainees para negros. Clique aqui para saber mais.\",\"breadcrumb\":{\"@id\":\"https:\/\/www.suno.com.br\/noticias\/magazine-luiza-mpt-rejeita-denuncias-de-racismo-contra-empresa\/#breadcrumb\"},\"inLanguage\":\"pt-BR\",\"potentialAction\":[{\"@type\":\"ReadAction\",\"target\":[\"https:\/\/www.suno.com.br\/noticias\/magazine-luiza-mpt-rejeita-denuncias-de-racismo-contra-empresa\/\"]}]},{\"@type\":\"ImageObject\",\"inLanguage\":\"pt-BR\",\"@id\":\"https:\/\/www.suno.com.br\/noticias\/magazine-luiza-mpt-rejeita-denuncias-de-racismo-contra-empresa\/#primaryimage\",\"url\":\"https:\/\/files.sunoresearch.com.br\/n\/uploads\/2020\/09\/7b9350fe-magazine-luiza-png.webp\",\"contentUrl\":\"https:\/\/files.sunoresearch.com.br\/n\/uploads\/2020\/09\/7b9350fe-magazine-luiza-png.webp\",\"width\":800,\"height\":450,\"caption\":\"Magazine Luiza (MGLU3) viu na Steal The Look o conte\u00fado que faltava\"},{\"@type\":\"BreadcrumbList\",\"@id\":\"https:\/\/www.suno.com.br\/noticias\/magazine-luiza-mpt-rejeita-denuncias-de-racismo-contra-empresa\/#breadcrumb\",\"itemListElement\":[{\"@type\":\"ListItem\",\"position\":1,\"name\":\"Not\u00edcias\",\"item\":\"https:\/\/www.suno.com.br\/noticias\/\"},{\"@type\":\"ListItem\",\"position\":2,\"name\":\"Neg\u00f3cios\",\"item\":\"https:\/\/www.suno.com.br\/noticias\/negocios\/\"},{\"@type\":\"ListItem\",\"position\":3,\"name\":\"MPT rejeita den\u00fancias de racismo contra o Magazine Luiza (MGLU3)\"}]},{\"@type\":\"WebSite\",\"@id\":\"https:\/\/www.suno.com.br\/noticias\/#website\",\"url\":\"https:\/\/www.suno.com.br\/noticias\/\",\"name\":\"Suno Not\u00edcias\",\"description\":\"Seu portal de informa\u00e7\u00e3o sobre o mundo dos investimentos\",\"publisher\":{\"@id\":\"https:\/\/www.suno.com.br\/noticias\/#organization\"},\"potentialAction\":[{\"@type\":\"SearchAction\",\"target\":{\"@type\":\"EntryPoint\",\"urlTemplate\":\"https:\/\/www.suno.com.br\/noticias\/?s={search_term_string}\"},\"query-input\":{\"@type\":\"PropertyValueSpecification\",\"valueRequired\":true,\"valueName\":\"search_term_string\"}}],\"inLanguage\":\"pt-BR\"},{\"@type\":\"Organization\",\"@id\":\"https:\/\/www.suno.com.br\/noticias\/#organization\",\"name\":\"Suno Not\u00edcias\",\"url\":\"https:\/\/www.suno.com.br\/noticias\/\",\"logo\":{\"@type\":\"ImageObject\",\"inLanguage\":\"pt-BR\",\"@id\":\"https:\/\/www.suno.com.br\/noticias\/#\/schema\/logo\/image\/\",\"url\":\"https:\/\/files.sunoresearch.com.br\/n\/uploads\/2021\/09\/suno-logo.png\",\"contentUrl\":\"https:\/\/files.sunoresearch.com.br\/n\/uploads\/2021\/09\/suno-logo.png\",\"width\":180,\"height\":180,\"caption\":\"Suno Not\u00edcias\"},\"image\":{\"@id\":\"https:\/\/www.suno.com.br\/noticias\/#\/schema\/logo\/image\/\"},\"sameAs\":[\"https:\/\/facebook.com\/sunoresearch\",\"https:\/\/x.com\/sunoresearch\",\"https:\/\/www.instagram.com\/suno\",\"https:\/\/www.linkedin.com\/company\/suno-research\/\",\"https:\/\/www.youtube.com\/c\/sunoresearch\"]},{\"@type\":\"Person\",\"@id\":\"https:\/\/www.suno.com.br\/noticias\/#\/schema\/person\/e672ca8cea627fe715fa29bca7da95e0\",\"name\":\"Rafaela La Regina\",\"image\":{\"@type\":\"ImageObject\",\"inLanguage\":\"pt-BR\",\"@id\":\"https:\/\/www.suno.com.br\/noticias\/#\/schema\/person\/image\/\",\"url\":\"https:\/\/secure.gravatar.com\/avatar\/d2c75a52d243deb93d0465fdcb21bd37?s=96&r=g\",\"contentUrl\":\"https:\/\/secure.gravatar.com\/avatar\/d2c75a52d243deb93d0465fdcb21bd37?s=96&r=g\",\"caption\":\"Rafaela La Regina\"},\"description\":\"Estagi\u00e1ria no Suno Not\u00edcias. Escreve sobre economia, pol\u00edtica e neg\u00f3cios. Estuda Rela\u00e7\u00f5es Internacionais no IBMEC-SP.\",\"url\":\"https:\/\/www.suno.com.br\/noticias\/author\/rafaela-la-regina\/\"}]}<\/script>\n<!-- \/ Yoast SEO plugin. -->","yoast_head_json":{"title":"MPT rejeita den\u00fancias de racismo contra o Magazine Luiza (MGLU3)","description":"O Magazine Luiza recebeu den\u00fancias por\u00a0\"pr\u00e1tica de racismo\" ap\u00f3s anunciar seu programa de trainees para negros. Clique aqui para saber mais.","robots":{"index":"index","follow":"follow","max-snippet":"max-snippet:-1","max-image-preview":"max-image-preview:large","max-video-preview":"max-video-preview:-1"},"canonical":"https:\/\/www.suno.com.br\/noticias\/magazine-luiza-mpt-rejeita-denuncias-de-racismo-contra-empresa\/","og_locale":"pt_BR","og_type":"article","og_title":"MPT rejeita den\u00fancias de racismo contra o Magazine Luiza (MGLU3)","og_description":"O Magazine Luiza recebeu den\u00fancias por\u00a0\"pr\u00e1tica de racismo\" ap\u00f3s anunciar seu programa de trainees para negros. Clique aqui para saber mais.","og_url":"https:\/\/www.suno.com.br\/noticias\/magazine-luiza-mpt-rejeita-denuncias-de-racismo-contra-empresa\/","og_site_name":"Suno Not\u00edcias","article_publisher":"https:\/\/facebook.com\/sunoresearch","og_image":[{"width":800,"height":450,"url":"https:\/\/files.sunoresearch.com.br\/n\/uploads\/2020\/09\/7b9350fe-magazine-luiza.png","type":"image\/png"}],"author":"Rafaela La Regina","twitter_card":"summary_large_image","twitter_creator":"@sunoresearch","twitter_site":"@sunoresearch","twitter_misc":{"Escrito por":"Rafaela La Regina","Est. tempo de leitura":"3 minutos"},"schema":{"@context":"https:\/\/schema.org","@graph":[{"@type":"NewsArticle","@id":"https:\/\/www.suno.com.br\/noticias\/magazine-luiza-mpt-rejeita-denuncias-de-racismo-contra-empresa\/#article","isPartOf":{"@id":"https:\/\/www.suno.com.br\/noticias\/magazine-luiza-mpt-rejeita-denuncias-de-racismo-contra-empresa\/"},"author":{"name":"Rafaela La Regina","@id":"https:\/\/www.suno.com.br\/noticias\/#\/schema\/person\/e672ca8cea627fe715fa29bca7da95e0"},"headline":"MPT rejeita den\u00fancias de racismo contra o Magazine Luiza (MGLU3)","datePublished":"2020-09-24T23:03:43+00:00","mainEntityOfPage":{"@id":"https:\/\/www.suno.com.br\/noticias\/magazine-luiza-mpt-rejeita-denuncias-de-racismo-contra-empresa\/"},"wordCount":513,"publisher":{"@id":"https:\/\/www.suno.com.br\/noticias\/#organization"},"image":{"@id":"https:\/\/www.suno.com.br\/noticias\/magazine-luiza-mpt-rejeita-denuncias-de-racismo-contra-empresa\/#primaryimage"},"thumbnailUrl":"https:\/\/files.sunoresearch.com.br\/n\/uploads\/2020\/09\/7b9350fe-magazine-luiza-png.webp","keywords":["Magazine Luiza (MGLU3)"],"articleSection":["Neg\u00f3cios"],"inLanguage":"pt-BR"},{"@type":"WebPage","@id":"https:\/\/www.suno.com.br\/noticias\/magazine-luiza-mpt-rejeita-denuncias-de-racismo-contra-empresa\/","url":"https:\/\/www.suno.com.br\/noticias\/magazine-luiza-mpt-rejeita-denuncias-de-racismo-contra-empresa\/","name":"MPT rejeita den\u00fancias de racismo contra o Magazine Luiza (MGLU3)","isPartOf":{"@id":"https:\/\/www.suno.com.br\/noticias\/#website"},"primaryImageOfPage":{"@id":"https:\/\/www.suno.com.br\/noticias\/magazine-luiza-mpt-rejeita-denuncias-de-racismo-contra-empresa\/#primaryimage"},"image":{"@id":"https:\/\/www.suno.com.br\/noticias\/magazine-luiza-mpt-rejeita-denuncias-de-racismo-contra-empresa\/#primaryimage"},"thumbnailUrl":"https:\/\/files.sunoresearch.com.br\/n\/uploads\/2020\/09\/7b9350fe-magazine-luiza-png.webp","datePublished":"2020-09-24T23:03:43+00:00","description":"O Magazine Luiza recebeu den\u00fancias por\u00a0\"pr\u00e1tica de racismo\" ap\u00f3s anunciar seu programa de trainees para negros. Clique aqui para saber mais.","breadcrumb":{"@id":"https:\/\/www.suno.com.br\/noticias\/magazine-luiza-mpt-rejeita-denuncias-de-racismo-contra-empresa\/#breadcrumb"},"inLanguage":"pt-BR","potentialAction":[{"@type":"ReadAction","target":["https:\/\/www.suno.com.br\/noticias\/magazine-luiza-mpt-rejeita-denuncias-de-racismo-contra-empresa\/"]}]},{"@type":"ImageObject","inLanguage":"pt-BR","@id":"https:\/\/www.suno.com.br\/noticias\/magazine-luiza-mpt-rejeita-denuncias-de-racismo-contra-empresa\/#primaryimage","url":"https:\/\/files.sunoresearch.com.br\/n\/uploads\/2020\/09\/7b9350fe-magazine-luiza-png.webp","contentUrl":"https:\/\/files.sunoresearch.com.br\/n\/uploads\/2020\/09\/7b9350fe-magazine-luiza-png.webp","width":800,"height":450,"caption":"Magazine Luiza (MGLU3) viu na Steal The Look o conte\u00fado que faltava"},{"@type":"BreadcrumbList","@id":"https:\/\/www.suno.com.br\/noticias\/magazine-luiza-mpt-rejeita-denuncias-de-racismo-contra-empresa\/#breadcrumb","itemListElement":[{"@type":"ListItem","position":1,"name":"Not\u00edcias","item":"https:\/\/www.suno.com.br\/noticias\/"},{"@type":"ListItem","position":2,"name":"Neg\u00f3cios","item":"https:\/\/www.suno.com.br\/noticias\/negocios\/"},{"@type":"ListItem","position":3,"name":"MPT rejeita den\u00fancias de racismo contra o Magazine Luiza (MGLU3)"}]},{"@type":"WebSite","@id":"https:\/\/www.suno.com.br\/noticias\/#website","url":"https:\/\/www.suno.com.br\/noticias\/","name":"Suno Not\u00edcias","description":"Seu portal de informa\u00e7\u00e3o sobre o mundo dos investimentos","publisher":{"@id":"https:\/\/www.suno.com.br\/noticias\/#organization"},"potentialAction":[{"@type":"SearchAction","target":{"@type":"EntryPoint","urlTemplate":"https:\/\/www.suno.com.br\/noticias\/?s={search_term_string}"},"query-input":{"@type":"PropertyValueSpecification","valueRequired":true,"valueName":"search_term_string"}}],"inLanguage":"pt-BR"},{"@type":"Organization","@id":"https:\/\/www.suno.com.br\/noticias\/#organization","name":"Suno Not\u00edcias","url":"https:\/\/www.suno.com.br\/noticias\/","logo":{"@type":"ImageObject","inLanguage":"pt-BR","@id":"https:\/\/www.suno.com.br\/noticias\/#\/schema\/logo\/image\/","url":"https:\/\/files.sunoresearch.com.br\/n\/uploads\/2021\/09\/suno-logo.png","contentUrl":"https:\/\/files.sunoresearch.com.br\/n\/uploads\/2021\/09\/suno-logo.png","width":180,"height":180,"caption":"Suno Not\u00edcias"},"image":{"@id":"https:\/\/www.suno.com.br\/noticias\/#\/schema\/logo\/image\/"},"sameAs":["https:\/\/facebook.com\/sunoresearch","https:\/\/x.com\/sunoresearch","https:\/\/www.instagram.com\/suno","https:\/\/www.linkedin.com\/company\/suno-research\/","https:\/\/www.youtube.com\/c\/sunoresearch"]},{"@type":"Person","@id":"https:\/\/www.suno.com.br\/noticias\/#\/schema\/person\/e672ca8cea627fe715fa29bca7da95e0","name":"Rafaela La Regina","image":{"@type":"ImageObject","inLanguage":"pt-BR","@id":"https:\/\/www.suno.com.br\/noticias\/#\/schema\/person\/image\/","url":"https:\/\/secure.gravatar.com\/avatar\/d2c75a52d243deb93d0465fdcb21bd37?s=96&r=g","contentUrl":"https:\/\/secure.gravatar.com\/avatar\/d2c75a52d243deb93d0465fdcb21bd37?s=96&r=g","caption":"Rafaela La Regina"},"description":"Estagi\u00e1ria no Suno Not\u00edcias. Escreve sobre economia, pol\u00edtica e neg\u00f3cios. Estuda Rela\u00e7\u00f5es Internacionais no IBMEC-SP.","url":"https:\/\/www.suno.com.br\/noticias\/author\/rafaela-la-regina\/"}]}},"default_loop_html":"<div class=\"cardsPage__listCard__boxs\"><div class=\"cardsPage__listCard__boxs__img\"><a href=\"https:\/\/www.suno.com.br\/noticias\/magazine-luiza-mpt-rejeita-denuncias-de-racismo-contra-empresa\/\"><img class=\"mask\" src=\"https:\/\/www.suno.com.br\/noticias\/wp-content\/themes\/suno\/resources\/images\/spotlight\/spotlight1img\/bg-mask.png\" alt=\"Image Mask\"\/><img src=\"https:\/\/files.sunoresearch.com.br\/n\/uploads\/2020\/09\/7b9350fe-magazine-luiza-400x200.webp\" alt=\"MPT rejeita den\u00fancias de racismo contra o Magazine Luiza (MGLU3)\"\/><\/a><span class=\"spotlightCategory\"><a href=\"https:\/\/www.suno.com.br\/noticias\/negocios\/\">Neg\u00f3cios<\/a><\/span><\/div><div class=\"cardsPage__listCard__boxs__content\"><a href=\"https:\/\/www.suno.com.br\/noticias\/magazine-luiza-mpt-rejeita-denuncias-de-racismo-contra-empresa\/\"><h2 class=\"content__title\">MPT rejeita den\u00fancias de racismo contra o Magazine Luiza (MGLU3)<\/h2><\/a><div class=\"newsContent__article__meta\"><div class=\"newsContent__article__meta__authorBox\"><a href=\"https:\/\/www.suno.com.br\/noticias\/author\/rafaela-la-regina\/\" class=\"authorBox__avatar noMobi\"><img src=\"https:\/\/secure.gravatar.com\/avatar\/d2c75a52d243deb93d0465fdcb21bd37?s=96&#038;r=g\" alt=\"Rafaela La Regina\"><\/a><div class=\"authorBox__name\"><span>por\n\t\t\t<a href=\"https:\/\/www.suno.com.br\/noticias\/author\/rafaela-la-regina\/\"><span itemprop=\"author\">Rafaela La Regina<\/span><\/a><\/span><time datetime=\"2020-09-24T20:03:43-03:00\" itemprop=\"datePublished\">24\/09\/2020 20:03<\/time><\/div><\/div><\/div><\/div><\/div>","single_layout":"posts","amp_enabled":true,"_links":{"self":[{"href":"https:\/\/www.suno.com.br\/noticias\/wp-json\/wp\/v2\/posts\/87337"}],"collection":[{"href":"https:\/\/www.suno.com.br\/noticias\/wp-json\/wp\/v2\/posts"}],"about":[{"href":"https:\/\/www.suno.com.br\/noticias\/wp-json\/wp\/v2\/types\/post"}],"author":[{"embeddable":true,"href":"https:\/\/www.suno.com.br\/noticias\/wp-json\/wp\/v2\/users\/56"}],"replies":[{"embeddable":true,"href":"https:\/\/www.suno.com.br\/noticias\/wp-json\/wp\/v2\/comments?post=87337"}],"version-history":[{"count":0,"href":"https:\/\/www.suno.com.br\/noticias\/wp-json\/wp\/v2\/posts\/87337\/revisions"}],"wp:featuredmedia":[{"embeddable":true,"href":"https:\/\/www.suno.com.br\/noticias\/wp-json\/wp\/v2\/media\/87351"}],"wp:attachment":[{"href":"https:\/\/www.suno.com.br\/noticias\/wp-json\/wp\/v2\/media?parent=87337"}],"wp:term":[{"taxonomy":"category","embeddable":true,"href":"https:\/\/www.suno.com.br\/noticias\/wp-json\/wp\/v2\/categories?post=87337"},{"taxonomy":"post_tag","embeddable":true,"href":"https:\/\/www.suno.com.br\/noticias\/wp-json\/wp\/v2\/tags?post=87337"},{"taxonomy":"suno_strategy","embeddable":true,"href":"https:\/\/www.suno.com.br\/noticias\/wp-json\/wp\/v2\/suno_strategy?post=87337"}],"curies":[{"name":"wp","href":"https:\/\/api.w.org\/{rel}","templated":true}]}}