{"id":87243,"date":"2020-09-24T16:44:46","date_gmt":"2020-09-24T19:44:46","guid":{"rendered":"https:\/\/www.suno.com.br\/noticias\/?p=87243"},"modified":"2020-09-24T16:44:46","modified_gmt":"2020-09-24T19:44:46","slug":"coronavirus-2a-onda-pode-ser-ameaca-para-bancos-globais-diz-moodys","status":"publish","type":"post","link":"https:\/\/www.suno.com.br\/noticias\/coronavirus-2a-onda-pode-ser-ameaca-para-bancos-globais-diz-moodys\/","title":{"rendered":"Coronav\u00edrus: 2\u00aa onda pode &#8220;causar danos&#8221; aos bancos globais, diz Moody&#8217;s"},"content":{"rendered":"<p>A <a href=\"https:\/\/www.suno.com.br\/artigos\/agencias-de-rating\/\">ag\u00eancia de classifica\u00e7\u00e3o de cr\u00e9dito americana, <strong>Moody&#8217;s<\/strong><\/a>, informou nesta quinta-feira (24) que apesar do <strong>sistema banc\u00e1rio global<\/strong> estar reagindo bem aos efeitos causados pela pandemia do <a href=\"https:\/\/www.suno.com.br\/noticias\/?s=coronav%C3%ADrus\">novo <strong>coronav\u00edrus<\/strong> (Covid-19)<\/a>, uma segunda onda do v\u00edrus representar\u00e1, possivelmente, uma amea\u00e7a aos bancos.<\/p>\t<div class=\"wrapper-featured-image\">\n\t\t<figure class=\"spotlightImg\">\n\n\t\t\t<picture>\n\t\t\t\t<source media=\"(max-width: 768px)\" srcset=\"https:\/\/files.sunoresearch.com.br\/n\/uploads\/2020\/09\/20456859-moody\u00b4s-800x450-1-400x200.webp\">\n\t\t\t\t<img loading=\"lazy\" decoding=\"async\" class=\"newsContent__article__imgCapa lazyloadDisabled \" src=\"https:\/\/files.sunoresearch.com.br\/n\/uploads\/2020\/09\/20456859-moody\u00b4s-800x450-1-jpg.webp\" width=\"800\" height=\"450\" alt=\"Coronav\u00edrus: 2\u00aa onda pode &#8220;causar danos&#8221; aos bancos globais, diz Moody&#8217;s\" fetchpriority=high \/>\n\t\t\t<\/picture>\n\n\t\t\t<figcaption class=\"wp-caption-text wp-caption-text--show\">Coronav\u00edrus: 2\u00aa onda pode &quot;causar danos&quot; aos bancos globais, diz Moody&#039;s<\/figcaption>\n\t\t<\/figure>\n\t<\/div>\n\n\n<div class=\"hubspot-form-wrapper\">\n\t<div id=\"single-form-target\"><\/div>\n<\/div>\n\n<p>Uma segunda onda da pandemia \u201cque leve a novos bloqueios e turbul\u00eancia econ\u00f4mica pode causar danos mais duradouros aos <strong>bancos<\/strong> e aos perfis de cr\u00e9dito\u201d, disse a Moody&#8217;s.<\/p>\n<p>De acordo com a ag\u00eancia de classifica\u00e7\u00e3o, dentre as 70 perspectivas do \u2018Moody&#8217;s Banking System\u2019 , 75% delas agora s\u00e3o negativas, ante 14% do fim de 2019.<\/p>\n<p><a href=\"https:\/\/lp.suno.com.br\/suno-one\/\">No Suno One voc\u00ea aprende a fazer seu dinheiro trabalhar para voc\u00ea. Cadastre-se gratuitamente agora!<\/a><\/p>\n<p>A estimativa \u00e9 que seja necess\u00e1rio aproximadamente dez anos de condi\u00e7\u00f5es econ\u00f4micas favor\u00e1veis para \u201csuportar o inevit\u00e1vel aumento das d\u00edvidas incobr\u00e1veis nos pr\u00f3ximos meses\u201d, anunciou a Moody&#8217;s.<\/p>\n<h2>Recupera\u00e7\u00e3o econ\u00f4mica p\u00f3s-coronav\u00edrus pode levar 5 anos, diz Banco Mundial<\/h2>\n<p>Segundo o <a href=\"https:\/\/www.suno.com.br\/artigos\/banco-mundial\/\">Banco Mundial (BM)<\/a>, a recupera\u00e7\u00e3o econ\u00f4mica global frente \u00e0 crise gerada pela pandemia do novo <strong>coronav\u00edrus<\/strong> (Covid-19) pode levar at\u00e9 cinco anos. A previs\u00e3o foi revelada na \u00faltima quinta-feira (17) pela economista-chefe do banco, Carmen Reinhart.<\/p>\n<p>&#8220;Provavelmente haver\u00e1 uma recupera\u00e7\u00e3o r\u00e1pida quando todas as medidas de restri\u00e7\u00e3o relacionadas aos bloqueios [para conte\u00e7\u00e3o ao coronav\u00edrus] forem suspensas, mas uma recupera\u00e7\u00e3o completa levar\u00e1 at\u00e9 cinco anos&#8221;, afirmou a economista em participa\u00e7\u00e3o remota em evento realizado em Madri.<\/p>\n<p><a href=\"https:\/\/www.suno.com.br\/noticias\/recuperacao-economica-coronavirus-pode-levar-5-anos\/\">Saiba Mais: Recupera\u00e7\u00e3o econ\u00f4mica p\u00f3s-coronav\u00edrus pode levar 5 anos, diz Banco Mundial<\/a><\/p>\n<p>Al\u00e9m disso, a recess\u00e3o causada pelo v\u00edrus durar\u00e1 mais em determinados pa\u00edses do que em outros e agravar\u00e1 a <strong>desiguldade, <\/strong>afirmou. Isso correr\u00e1 porque, de acordo com a economista, os mais pobres ser\u00e3o atingidos de forma mais intensa pela crise nos pa\u00edses ricos, e os pa\u00edses mais pobres tamb\u00e9m ser\u00e3o mais impactados do que os pa\u00edses mais ricos.<\/p>\n<p>Al\u00e9m disso, Reinhart pontuou que a <strong>pandemia do coronav\u00edrus<\/strong> far\u00e1 com que, pela primeira vez nas \u00faltimas duas d\u00e9cadas, as taxas de pobreza global aumentem significativamente ap\u00f3s a crise.<\/p>\n\t<p>\n\t\t<a href=\"https:\/\/lp.suno.com.br\/planilha-de-controle-de-investimentos\/\" target=\"_blank\" data-element=\"shortcode-suno-banner\" title=\"Banner SUNO, clique e saiba mais\">\n\t\t\t<picture>\n\t\t\t\t<source media=\"(max-width: 500px)\" srcset=\"https:\/\/files.sunoresearch.com.br\/n\/uploads\/2023\/03\/400x300-Controle-de-Investimentos.png\">\n\t\t\t\t<img class=\"newsContent__article__imgCapa newsContent__article__imgCapa--banner\"\n\t\t\t\t\tsrc=\"https:\/\/files.sunoresearch.com.br\/n\/uploads\/2023\/03\/1420x240-Controle-de-Investimentos.png\"\n\t\t\t\t\tdata-promo-id=\"75934\"\t\t\t\t\t\t\t\t\t\twidth='1420' height='240'\t\t\t\t\talt=\"https:\/\/files.sunoresearch.com.br\/n\/uploads\/2023\/03\/1420x240-Controle-de-Investimentos.png\"\n\t\t\t\t>\n\t\t\t<\/picture>\n\t\t<\/a>\n\t<\/p>\n\n\n","protected":false},"excerpt":{"rendered":"<p>A ag\u00eancia de classifica\u00e7\u00e3o de cr\u00e9dito americana, Moody&#8217;s, informou nesta quinta-feira (24) que apesar do sistema banc\u00e1rio global estar reagindo bem aos efeitos causados pela pandemia do novo coronav\u00edrus (Covid-19), uma segunda onda do v\u00edrus representar\u00e1, possivelmente, uma amea\u00e7a aos bancos. Coronav\u00edrus: 2\u00aa onda pode &quot;causar danos&quot; aos bancos globais, diz Moody&#039;s Uma segunda onda [&hellip;]<\/p>\n","protected":false},"author":56,"featured_media":87273,"comment_status":"closed","ping_status":"closed","sticky":false,"template":"","format":"standard","meta":[],"categories":[63],"tags":[2487,5255,93040,963],"suno_strategy":[],"class_list":["post-87243","post","type-post","status-publish","format-standard","has-post-thumbnail","hentry","category-internacional","tag-coronavirus","tag-covid-19","tag-economia-global","tag-moodys"],"yoast_head":"<!-- This site is optimized with the Yoast SEO plugin v24.4 - https:\/\/yoast.com\/wordpress\/plugins\/seo\/ -->\n<title>Coronav\u00edrus: 2\u00aa onda pode &quot;causar danos aos bancos globais, diz Moody&#039;s<\/title>\n<meta name=\"description\" content=\"Uma segunda onda de coronav\u00edrus &quot;pode causar danos mais duradouros aos bancos\u201d, disse a Moody&#039;s. Clique aqui para saber mais.\" \/>\n<meta name=\"robots\" content=\"index, follow, max-snippet:-1, max-image-preview:large, max-video-preview:-1\" \/>\n<link rel=\"canonical\" href=\"https:\/\/www.suno.com.br\/noticias\/coronavirus-2a-onda-pode-ser-ameaca-para-bancos-globais-diz-moodys\/\" \/>\n<meta property=\"og:locale\" content=\"pt_BR\" \/>\n<meta property=\"og:type\" content=\"article\" \/>\n<meta property=\"og:title\" content=\"Coronav\u00edrus: 2\u00aa onda pode &quot;causar danos aos bancos globais, diz Moody&#039;s\" \/>\n<meta property=\"og:description\" content=\"Uma segunda onda de coronav\u00edrus &quot;pode causar danos mais duradouros aos bancos\u201d, disse a Moody&#039;s. Clique aqui para saber mais.\" \/>\n<meta property=\"og:url\" content=\"https:\/\/www.suno.com.br\/noticias\/coronavirus-2a-onda-pode-ser-ameaca-para-bancos-globais-diz-moodys\/\" \/>\n<meta property=\"og:site_name\" content=\"Suno Not\u00edcias\" \/>\n<meta property=\"article:publisher\" content=\"https:\/\/facebook.com\/sunoresearch\" \/>\n<meta property=\"og:image\" content=\"https:\/\/files.sunoresearch.com.br\/n\/uploads\/2020\/09\/20456859-moody\u00b4s-800x450-1.jpg\" \/>\n\t<meta property=\"og:image:width\" content=\"800\" \/>\n\t<meta property=\"og:image:height\" content=\"450\" \/>\n\t<meta property=\"og:image:type\" content=\"image\/jpeg\" \/>\n<meta name=\"author\" content=\"Rafaela La Regina\" \/>\n<meta name=\"twitter:card\" content=\"summary_large_image\" \/>\n<meta name=\"twitter:creator\" content=\"@sunoresearch\" \/>\n<meta name=\"twitter:site\" content=\"@sunoresearch\" \/>\n<meta name=\"twitter:label1\" content=\"Escrito por\" \/>\n\t<meta name=\"twitter:data1\" content=\"Rafaela La Regina\" \/>\n\t<meta name=\"twitter:label2\" content=\"Est. tempo de leitura\" \/>\n\t<meta name=\"twitter:data2\" content=\"2 minutos\" \/>\n<script type=\"application\/ld+json\" class=\"yoast-schema-graph\">{\"@context\":\"https:\/\/schema.org\",\"@graph\":[{\"@type\":\"NewsArticle\",\"@id\":\"https:\/\/www.suno.com.br\/noticias\/coronavirus-2a-onda-pode-ser-ameaca-para-bancos-globais-diz-moodys\/#article\",\"isPartOf\":{\"@id\":\"https:\/\/www.suno.com.br\/noticias\/coronavirus-2a-onda-pode-ser-ameaca-para-bancos-globais-diz-moodys\/\"},\"author\":{\"name\":\"Rafaela La Regina\",\"@id\":\"https:\/\/www.suno.com.br\/noticias\/#\/schema\/person\/e672ca8cea627fe715fa29bca7da95e0\"},\"headline\":\"Coronav\u00edrus: 2\u00aa onda pode &#8220;causar danos&#8221; aos bancos globais, diz Moody&#8217;s\",\"datePublished\":\"2020-09-24T19:44:46+00:00\",\"mainEntityOfPage\":{\"@id\":\"https:\/\/www.suno.com.br\/noticias\/coronavirus-2a-onda-pode-ser-ameaca-para-bancos-globais-diz-moodys\/\"},\"wordCount\":399,\"publisher\":{\"@id\":\"https:\/\/www.suno.com.br\/noticias\/#organization\"},\"image\":{\"@id\":\"https:\/\/www.suno.com.br\/noticias\/coronavirus-2a-onda-pode-ser-ameaca-para-bancos-globais-diz-moodys\/#primaryimage\"},\"thumbnailUrl\":\"https:\/\/files.sunoresearch.com.br\/n\/uploads\/2020\/09\/20456859-moody\u00b4s-800x450-1-jpg.webp\",\"keywords\":[\"coronav\u00edrus\",\"covid-19\",\"economia global\",\"Moody's\"],\"articleSection\":[\"Internacional\"],\"inLanguage\":\"pt-BR\"},{\"@type\":\"WebPage\",\"@id\":\"https:\/\/www.suno.com.br\/noticias\/coronavirus-2a-onda-pode-ser-ameaca-para-bancos-globais-diz-moodys\/\",\"url\":\"https:\/\/www.suno.com.br\/noticias\/coronavirus-2a-onda-pode-ser-ameaca-para-bancos-globais-diz-moodys\/\",\"name\":\"Coronav\u00edrus: 2\u00aa onda pode \\\"causar danos aos bancos globais, diz Moody's\",\"isPartOf\":{\"@id\":\"https:\/\/www.suno.com.br\/noticias\/#website\"},\"primaryImageOfPage\":{\"@id\":\"https:\/\/www.suno.com.br\/noticias\/coronavirus-2a-onda-pode-ser-ameaca-para-bancos-globais-diz-moodys\/#primaryimage\"},\"image\":{\"@id\":\"https:\/\/www.suno.com.br\/noticias\/coronavirus-2a-onda-pode-ser-ameaca-para-bancos-globais-diz-moodys\/#primaryimage\"},\"thumbnailUrl\":\"https:\/\/files.sunoresearch.com.br\/n\/uploads\/2020\/09\/20456859-moody\u00b4s-800x450-1-jpg.webp\",\"datePublished\":\"2020-09-24T19:44:46+00:00\",\"description\":\"Uma segunda onda de coronav\u00edrus \\\"pode causar danos mais duradouros aos bancos\u201d, disse a Moody's. Clique aqui para saber mais.\",\"breadcrumb\":{\"@id\":\"https:\/\/www.suno.com.br\/noticias\/coronavirus-2a-onda-pode-ser-ameaca-para-bancos-globais-diz-moodys\/#breadcrumb\"},\"inLanguage\":\"pt-BR\",\"potentialAction\":[{\"@type\":\"ReadAction\",\"target\":[\"https:\/\/www.suno.com.br\/noticias\/coronavirus-2a-onda-pode-ser-ameaca-para-bancos-globais-diz-moodys\/\"]}]},{\"@type\":\"ImageObject\",\"inLanguage\":\"pt-BR\",\"@id\":\"https:\/\/www.suno.com.br\/noticias\/coronavirus-2a-onda-pode-ser-ameaca-para-bancos-globais-diz-moodys\/#primaryimage\",\"url\":\"https:\/\/files.sunoresearch.com.br\/n\/uploads\/2020\/09\/20456859-moody\u00b4s-800x450-1-jpg.webp\",\"contentUrl\":\"https:\/\/files.sunoresearch.com.br\/n\/uploads\/2020\/09\/20456859-moody\u00b4s-800x450-1-jpg.webp\",\"width\":800,\"height\":450,\"caption\":\"Coronav\u00edrus: 2\u00aa onda pode \\\"causar danos\\\" aos bancos globais, diz Moody's\"},{\"@type\":\"BreadcrumbList\",\"@id\":\"https:\/\/www.suno.com.br\/noticias\/coronavirus-2a-onda-pode-ser-ameaca-para-bancos-globais-diz-moodys\/#breadcrumb\",\"itemListElement\":[{\"@type\":\"ListItem\",\"position\":1,\"name\":\"Not\u00edcias\",\"item\":\"https:\/\/www.suno.com.br\/noticias\/\"},{\"@type\":\"ListItem\",\"position\":2,\"name\":\"Internacional\",\"item\":\"https:\/\/www.suno.com.br\/noticias\/internacional\/\"},{\"@type\":\"ListItem\",\"position\":3,\"name\":\"Coronav\u00edrus: 2\u00aa onda pode &#8220;causar danos&#8221; aos bancos globais, diz Moody&#8217;s\"}]},{\"@type\":\"WebSite\",\"@id\":\"https:\/\/www.suno.com.br\/noticias\/#website\",\"url\":\"https:\/\/www.suno.com.br\/noticias\/\",\"name\":\"Suno Not\u00edcias\",\"description\":\"Seu portal de informa\u00e7\u00e3o sobre o mundo dos investimentos\",\"publisher\":{\"@id\":\"https:\/\/www.suno.com.br\/noticias\/#organization\"},\"potentialAction\":[{\"@type\":\"SearchAction\",\"target\":{\"@type\":\"EntryPoint\",\"urlTemplate\":\"https:\/\/www.suno.com.br\/noticias\/?s={search_term_string}\"},\"query-input\":{\"@type\":\"PropertyValueSpecification\",\"valueRequired\":true,\"valueName\":\"search_term_string\"}}],\"inLanguage\":\"pt-BR\"},{\"@type\":\"Organization\",\"@id\":\"https:\/\/www.suno.com.br\/noticias\/#organization\",\"name\":\"Suno Not\u00edcias\",\"url\":\"https:\/\/www.suno.com.br\/noticias\/\",\"logo\":{\"@type\":\"ImageObject\",\"inLanguage\":\"pt-BR\",\"@id\":\"https:\/\/www.suno.com.br\/noticias\/#\/schema\/logo\/image\/\",\"url\":\"https:\/\/files.sunoresearch.com.br\/n\/uploads\/2021\/09\/suno-logo.png\",\"contentUrl\":\"https:\/\/files.sunoresearch.com.br\/n\/uploads\/2021\/09\/suno-logo.png\",\"width\":180,\"height\":180,\"caption\":\"Suno Not\u00edcias\"},\"image\":{\"@id\":\"https:\/\/www.suno.com.br\/noticias\/#\/schema\/logo\/image\/\"},\"sameAs\":[\"https:\/\/facebook.com\/sunoresearch\",\"https:\/\/x.com\/sunoresearch\",\"https:\/\/www.instagram.com\/suno\",\"https:\/\/www.linkedin.com\/company\/suno-research\/\",\"https:\/\/www.youtube.com\/c\/sunoresearch\"]},{\"@type\":\"Person\",\"@id\":\"https:\/\/www.suno.com.br\/noticias\/#\/schema\/person\/e672ca8cea627fe715fa29bca7da95e0\",\"name\":\"Rafaela La Regina\",\"image\":{\"@type\":\"ImageObject\",\"inLanguage\":\"pt-BR\",\"@id\":\"https:\/\/www.suno.com.br\/noticias\/#\/schema\/person\/image\/\",\"url\":\"https:\/\/secure.gravatar.com\/avatar\/d2c75a52d243deb93d0465fdcb21bd37?s=96&r=g\",\"contentUrl\":\"https:\/\/secure.gravatar.com\/avatar\/d2c75a52d243deb93d0465fdcb21bd37?s=96&r=g\",\"caption\":\"Rafaela La Regina\"},\"description\":\"Estagi\u00e1ria no Suno Not\u00edcias. Escreve sobre economia, pol\u00edtica e neg\u00f3cios. Estuda Rela\u00e7\u00f5es Internacionais no IBMEC-SP.\",\"url\":\"https:\/\/www.suno.com.br\/noticias\/author\/rafaela-la-regina\/\"}]}<\/script>\n<!-- \/ Yoast SEO plugin. -->","yoast_head_json":{"title":"Coronav\u00edrus: 2\u00aa onda pode \"causar danos aos bancos globais, diz Moody's","description":"Uma segunda onda de coronav\u00edrus \"pode causar danos mais duradouros aos bancos\u201d, disse a Moody's. Clique aqui para saber mais.","robots":{"index":"index","follow":"follow","max-snippet":"max-snippet:-1","max-image-preview":"max-image-preview:large","max-video-preview":"max-video-preview:-1"},"canonical":"https:\/\/www.suno.com.br\/noticias\/coronavirus-2a-onda-pode-ser-ameaca-para-bancos-globais-diz-moodys\/","og_locale":"pt_BR","og_type":"article","og_title":"Coronav\u00edrus: 2\u00aa onda pode \"causar danos aos bancos globais, diz Moody's","og_description":"Uma segunda onda de coronav\u00edrus \"pode causar danos mais duradouros aos bancos\u201d, disse a Moody's. Clique aqui para saber mais.","og_url":"https:\/\/www.suno.com.br\/noticias\/coronavirus-2a-onda-pode-ser-ameaca-para-bancos-globais-diz-moodys\/","og_site_name":"Suno Not\u00edcias","article_publisher":"https:\/\/facebook.com\/sunoresearch","og_image":[{"width":800,"height":450,"url":"https:\/\/files.sunoresearch.com.br\/n\/uploads\/2020\/09\/20456859-moody\u00b4s-800x450-1.jpg","type":"image\/jpeg"}],"author":"Rafaela La Regina","twitter_card":"summary_large_image","twitter_creator":"@sunoresearch","twitter_site":"@sunoresearch","twitter_misc":{"Escrito por":"Rafaela La Regina","Est. tempo de leitura":"2 minutos"},"schema":{"@context":"https:\/\/schema.org","@graph":[{"@type":"NewsArticle","@id":"https:\/\/www.suno.com.br\/noticias\/coronavirus-2a-onda-pode-ser-ameaca-para-bancos-globais-diz-moodys\/#article","isPartOf":{"@id":"https:\/\/www.suno.com.br\/noticias\/coronavirus-2a-onda-pode-ser-ameaca-para-bancos-globais-diz-moodys\/"},"author":{"name":"Rafaela La Regina","@id":"https:\/\/www.suno.com.br\/noticias\/#\/schema\/person\/e672ca8cea627fe715fa29bca7da95e0"},"headline":"Coronav\u00edrus: 2\u00aa onda pode &#8220;causar danos&#8221; aos bancos globais, diz Moody&#8217;s","datePublished":"2020-09-24T19:44:46+00:00","mainEntityOfPage":{"@id":"https:\/\/www.suno.com.br\/noticias\/coronavirus-2a-onda-pode-ser-ameaca-para-bancos-globais-diz-moodys\/"},"wordCount":399,"publisher":{"@id":"https:\/\/www.suno.com.br\/noticias\/#organization"},"image":{"@id":"https:\/\/www.suno.com.br\/noticias\/coronavirus-2a-onda-pode-ser-ameaca-para-bancos-globais-diz-moodys\/#primaryimage"},"thumbnailUrl":"https:\/\/files.sunoresearch.com.br\/n\/uploads\/2020\/09\/20456859-moody\u00b4s-800x450-1-jpg.webp","keywords":["coronav\u00edrus","covid-19","economia global","Moody's"],"articleSection":["Internacional"],"inLanguage":"pt-BR"},{"@type":"WebPage","@id":"https:\/\/www.suno.com.br\/noticias\/coronavirus-2a-onda-pode-ser-ameaca-para-bancos-globais-diz-moodys\/","url":"https:\/\/www.suno.com.br\/noticias\/coronavirus-2a-onda-pode-ser-ameaca-para-bancos-globais-diz-moodys\/","name":"Coronav\u00edrus: 2\u00aa onda pode \"causar danos aos bancos globais, diz Moody's","isPartOf":{"@id":"https:\/\/www.suno.com.br\/noticias\/#website"},"primaryImageOfPage":{"@id":"https:\/\/www.suno.com.br\/noticias\/coronavirus-2a-onda-pode-ser-ameaca-para-bancos-globais-diz-moodys\/#primaryimage"},"image":{"@id":"https:\/\/www.suno.com.br\/noticias\/coronavirus-2a-onda-pode-ser-ameaca-para-bancos-globais-diz-moodys\/#primaryimage"},"thumbnailUrl":"https:\/\/files.sunoresearch.com.br\/n\/uploads\/2020\/09\/20456859-moody\u00b4s-800x450-1-jpg.webp","datePublished":"2020-09-24T19:44:46+00:00","description":"Uma segunda onda de coronav\u00edrus \"pode causar danos mais duradouros aos bancos\u201d, disse a Moody's. Clique aqui para saber mais.","breadcrumb":{"@id":"https:\/\/www.suno.com.br\/noticias\/coronavirus-2a-onda-pode-ser-ameaca-para-bancos-globais-diz-moodys\/#breadcrumb"},"inLanguage":"pt-BR","potentialAction":[{"@type":"ReadAction","target":["https:\/\/www.suno.com.br\/noticias\/coronavirus-2a-onda-pode-ser-ameaca-para-bancos-globais-diz-moodys\/"]}]},{"@type":"ImageObject","inLanguage":"pt-BR","@id":"https:\/\/www.suno.com.br\/noticias\/coronavirus-2a-onda-pode-ser-ameaca-para-bancos-globais-diz-moodys\/#primaryimage","url":"https:\/\/files.sunoresearch.com.br\/n\/uploads\/2020\/09\/20456859-moody\u00b4s-800x450-1-jpg.webp","contentUrl":"https:\/\/files.sunoresearch.com.br\/n\/uploads\/2020\/09\/20456859-moody\u00b4s-800x450-1-jpg.webp","width":800,"height":450,"caption":"Coronav\u00edrus: 2\u00aa onda pode \"causar danos\" aos bancos globais, diz Moody's"},{"@type":"BreadcrumbList","@id":"https:\/\/www.suno.com.br\/noticias\/coronavirus-2a-onda-pode-ser-ameaca-para-bancos-globais-diz-moodys\/#breadcrumb","itemListElement":[{"@type":"ListItem","position":1,"name":"Not\u00edcias","item":"https:\/\/www.suno.com.br\/noticias\/"},{"@type":"ListItem","position":2,"name":"Internacional","item":"https:\/\/www.suno.com.br\/noticias\/internacional\/"},{"@type":"ListItem","position":3,"name":"Coronav\u00edrus: 2\u00aa onda pode &#8220;causar danos&#8221; aos bancos globais, diz Moody&#8217;s"}]},{"@type":"WebSite","@id":"https:\/\/www.suno.com.br\/noticias\/#website","url":"https:\/\/www.suno.com.br\/noticias\/","name":"Suno Not\u00edcias","description":"Seu portal de informa\u00e7\u00e3o sobre o mundo dos investimentos","publisher":{"@id":"https:\/\/www.suno.com.br\/noticias\/#organization"},"potentialAction":[{"@type":"SearchAction","target":{"@type":"EntryPoint","urlTemplate":"https:\/\/www.suno.com.br\/noticias\/?s={search_term_string}"},"query-input":{"@type":"PropertyValueSpecification","valueRequired":true,"valueName":"search_term_string"}}],"inLanguage":"pt-BR"},{"@type":"Organization","@id":"https:\/\/www.suno.com.br\/noticias\/#organization","name":"Suno Not\u00edcias","url":"https:\/\/www.suno.com.br\/noticias\/","logo":{"@type":"ImageObject","inLanguage":"pt-BR","@id":"https:\/\/www.suno.com.br\/noticias\/#\/schema\/logo\/image\/","url":"https:\/\/files.sunoresearch.com.br\/n\/uploads\/2021\/09\/suno-logo.png","contentUrl":"https:\/\/files.sunoresearch.com.br\/n\/uploads\/2021\/09\/suno-logo.png","width":180,"height":180,"caption":"Suno Not\u00edcias"},"image":{"@id":"https:\/\/www.suno.com.br\/noticias\/#\/schema\/logo\/image\/"},"sameAs":["https:\/\/facebook.com\/sunoresearch","https:\/\/x.com\/sunoresearch","https:\/\/www.instagram.com\/suno","https:\/\/www.linkedin.com\/company\/suno-research\/","https:\/\/www.youtube.com\/c\/sunoresearch"]},{"@type":"Person","@id":"https:\/\/www.suno.com.br\/noticias\/#\/schema\/person\/e672ca8cea627fe715fa29bca7da95e0","name":"Rafaela La Regina","image":{"@type":"ImageObject","inLanguage":"pt-BR","@id":"https:\/\/www.suno.com.br\/noticias\/#\/schema\/person\/image\/","url":"https:\/\/secure.gravatar.com\/avatar\/d2c75a52d243deb93d0465fdcb21bd37?s=96&r=g","contentUrl":"https:\/\/secure.gravatar.com\/avatar\/d2c75a52d243deb93d0465fdcb21bd37?s=96&r=g","caption":"Rafaela La Regina"},"description":"Estagi\u00e1ria no Suno Not\u00edcias. Escreve sobre economia, pol\u00edtica e neg\u00f3cios. Estuda Rela\u00e7\u00f5es Internacionais no IBMEC-SP.","url":"https:\/\/www.suno.com.br\/noticias\/author\/rafaela-la-regina\/"}]}},"default_loop_html":"<div class=\"cardsPage__listCard__boxs\"><div class=\"cardsPage__listCard__boxs__img\"><a href=\"https:\/\/www.suno.com.br\/noticias\/coronavirus-2a-onda-pode-ser-ameaca-para-bancos-globais-diz-moodys\/\"><img class=\"mask\" src=\"https:\/\/www.suno.com.br\/noticias\/wp-content\/themes\/suno\/resources\/images\/spotlight\/spotlight1img\/bg-mask.png\" alt=\"Image Mask\"\/><img src=\"https:\/\/files.sunoresearch.com.br\/n\/uploads\/2020\/09\/20456859-moody\u00b4s-800x450-1-400x200.webp\" alt=\"Coronav\u00edrus: 2\u00aa onda pode &#8220;causar danos&#8221; aos bancos globais, diz Moody&#8217;s\"\/><\/a><span class=\"spotlightCategory\"><a href=\"https:\/\/www.suno.com.br\/noticias\/internacional\/\">Internacional<\/a><\/span><\/div><div class=\"cardsPage__listCard__boxs__content\"><a href=\"https:\/\/www.suno.com.br\/noticias\/coronavirus-2a-onda-pode-ser-ameaca-para-bancos-globais-diz-moodys\/\"><h2 class=\"content__title\">Coronav\u00edrus: 2\u00aa onda pode &#8220;causar danos&#8221; aos bancos globais, diz Moody&#8217;s<\/h2><\/a><div class=\"newsContent__article__meta\"><div class=\"newsContent__article__meta__authorBox\"><a href=\"https:\/\/www.suno.com.br\/noticias\/author\/rafaela-la-regina\/\" class=\"authorBox__avatar noMobi\"><img src=\"https:\/\/secure.gravatar.com\/avatar\/d2c75a52d243deb93d0465fdcb21bd37?s=96&#038;r=g\" alt=\"Rafaela La Regina\"><\/a><div class=\"authorBox__name\"><span>por\n\t\t\t<a href=\"https:\/\/www.suno.com.br\/noticias\/author\/rafaela-la-regina\/\"><span itemprop=\"author\">Rafaela La Regina<\/span><\/a><\/span><time datetime=\"2020-09-24T16:44:46-03:00\" itemprop=\"datePublished\">24\/09\/2020 16:44<\/time><\/div><\/div><\/div><\/div><\/div>","single_layout":"posts","amp_enabled":true,"_links":{"self":[{"href":"https:\/\/www.suno.com.br\/noticias\/wp-json\/wp\/v2\/posts\/87243"}],"collection":[{"href":"https:\/\/www.suno.com.br\/noticias\/wp-json\/wp\/v2\/posts"}],"about":[{"href":"https:\/\/www.suno.com.br\/noticias\/wp-json\/wp\/v2\/types\/post"}],"author":[{"embeddable":true,"href":"https:\/\/www.suno.com.br\/noticias\/wp-json\/wp\/v2\/users\/56"}],"replies":[{"embeddable":true,"href":"https:\/\/www.suno.com.br\/noticias\/wp-json\/wp\/v2\/comments?post=87243"}],"version-history":[{"count":0,"href":"https:\/\/www.suno.com.br\/noticias\/wp-json\/wp\/v2\/posts\/87243\/revisions"}],"wp:featuredmedia":[{"embeddable":true,"href":"https:\/\/www.suno.com.br\/noticias\/wp-json\/wp\/v2\/media\/87273"}],"wp:attachment":[{"href":"https:\/\/www.suno.com.br\/noticias\/wp-json\/wp\/v2\/media?parent=87243"}],"wp:term":[{"taxonomy":"category","embeddable":true,"href":"https:\/\/www.suno.com.br\/noticias\/wp-json\/wp\/v2\/categories?post=87243"},{"taxonomy":"post_tag","embeddable":true,"href":"https:\/\/www.suno.com.br\/noticias\/wp-json\/wp\/v2\/tags?post=87243"},{"taxonomy":"suno_strategy","embeddable":true,"href":"https:\/\/www.suno.com.br\/noticias\/wp-json\/wp\/v2\/suno_strategy?post=87243"}],"curies":[{"name":"wp","href":"https:\/\/api.w.org\/{rel}","templated":true}]}}