{"id":87218,"date":"2020-09-24T16:01:25","date_gmt":"2020-09-24T19:01:25","guid":{"rendered":"https:\/\/www.suno.com.br\/noticias\/?p=87218"},"modified":"2021-02-17T22:54:22","modified_gmt":"2021-02-18T01:54:22","slug":"fed-powell-afirma-inflacao-media-espaco-cortes-juros","status":"publish","type":"post","link":"https:\/\/www.suno.com.br\/noticias\/fed-powell-afirma-inflacao-media-espaco-cortes-juros\/","title":{"rendered":"Fed: Powell afirma que infla\u00e7\u00e3o m\u00e9dia abre espa\u00e7o para cortes de juros"},"content":{"rendered":"<p>O presidente do <a href=\"https:\/\/www.suno.com.br\/artigos\/fed\/\">Federal Reserve<\/a> (<strong>Fed<\/strong>), <a href=\"https:\/\/www.suno.com.br\/noticias\/tags\/jerome-powell\/\">Jerome Powell<\/a>, afirmou, nesta quinta-feira (24), que a ado\u00e7\u00e3o da estrat\u00e9gia de infla\u00e7\u00e3o m\u00e9dia pelo BC norte-americano abre espa\u00e7o para eventuais cortes da taxa de juros &#8220;se a economia virar&#8221; no futuro. Powell tamb\u00e9m disse que a recupera\u00e7\u00e3o econ\u00f4mica nos EUA tem acontecido de maneira mais r\u00e1pida do que o esperado por ele.<\/p>\t<div class=\"wrapper-featured-image\">\n\t\t<figure class=\"spotlightImg\">\n\n\t\t\t<picture>\n\t\t\t\t<source media=\"(max-width: 768px)\" srcset=\"https:\/\/files.sunoresearch.com.br\/n\/uploads\/2020\/08\/9fe07fd4-jerome-powell-fed-400x200.webp\">\n\t\t\t\t<img loading=\"lazy\" decoding=\"async\" class=\"newsContent__article__imgCapa lazyloadDisabled \" src=\"https:\/\/files.sunoresearch.com.br\/n\/uploads\/2020\/08\/9fe07fd4-jerome-powell-fed-800x450.webp\" width=\"800\" height=\"450\" alt=\"Fed: Powell afirma que infla\u00e7\u00e3o m\u00e9dia abre espa\u00e7o para cortes de juros\" fetchpriority=high \/>\n\t\t\t<\/picture>\n\n\t\t\t<figcaption class=\"wp-caption-text wp-caption-text--show\">Jerome Powell, presidente do FED.<\/figcaption>\n\t\t<\/figure>\n\t<\/div>\n\n\n<div class=\"hubspot-form-wrapper\">\n\t<div id=\"single-form-target\"><\/div>\n<\/div>\n\n<p>Na \u00faltima edi\u00e7\u00e3o do simp\u00f3sio de Jackson Hole, evento de pol\u00edtica monet\u00e1ria de grande import\u00e2ncia, Powell disse que o Fed adotaria uma estrat\u00e9gia de infla\u00e7\u00e3o m\u00e9dia. Isso quer dizer que o<strong> BC norte-americano<\/strong> deve permitir que a infla\u00e7\u00e3o rompa a meta de 2% por um determinado per\u00edodo, como forma de compensar o per\u00edodo em que rodou abaixo disso, como o atual.<\/p>\n<p>&#8220;Queremos apenas que a infla\u00e7\u00e3o seja de 2% na m\u00e9dia, n\u00e3o muito mais que isso&#8221;, reiterou nesta quinta o presidente do <strong>BC dos EUA<\/strong>. &#8220;Por algum tempo, o desafio era a infla\u00e7\u00e3o alta. O desafio da atualidade \u00e9 a press\u00e3o desinflacion\u00e1ria&#8221;, acrescentou l\u00edder do Fed.<\/p>\n<p><a href=\"https:\/\/lp.suno.com.br\/suno-one\/\">Suno One: acesse gratuitamente eBooks, Minicursos, Artigos e Video Aulas sobre investimentos com um \u00fanico cadastro. Clique para saber mais!<\/a><\/p>\n<p>Powell afirmou, novamente, que os EUA precisar\u00e3o de mais apoio fiscal para deixar pra tr\u00e1s a crise provocada pela pandemia de coronav\u00edrus. &#8220;<a href=\"https:\/\/www.suno.com.br\/artigos\/inadimplencia\/\">Inadimpl\u00eancia<\/a> pode aumentar em um futuro pr\u00f3ximo sem mais assist\u00eancia \u00e0s fam\u00edlias&#8221;, disse o l\u00edder da autoridade monet\u00e1ria norte-americana.<\/p>\n<p>O Legislativo americano vem tentando fazer um acordo com a Casa Branca para aprovar um novo pacote de inje\u00e7\u00e3o de liquidez na economia do pa\u00eds. Este entrave se transformou em um grande problema, nos \u00faltimos meses, para a retomada econ\u00f4mica no pa\u00eds norte-americano.<\/p>\n<h2><b>Opini\u00e3o do presidente do Fed sobre o aumento de impostos nos EUA<\/b><\/h2>\n<p>Jerome Powell e o secret\u00e1rio do Tesouro dos Estados Unidos, Steven Munchin, afirmaram tamb\u00e9m que n\u00e3o concordam com a eleva\u00e7\u00e3o de impostos no pa\u00eds durante este per\u00edodo de pandemia.<\/p>\n\t<div data-element=\"shortcode-read-more\" class=\"knowMore\">\n\t\t\t\t<span class=\"knowMore__title\">Veja tamb\u00e9m<\/span>\n\t\t\t\t<a class=\"knowMore__link\" href=\"https:\/\/www.suno.com.br\/noticias\/eua-acoes-caem-apos-autoridades-do-fed-alertarem-sobre-estimulo\/\">\n\t\t\tEUA: a\u00e7\u00f5es caem ap\u00f3s autoridades do Fed alertarem sobre est\u00edmulo\t\t<\/a>\n\t<\/div>\n\n\n<p>N\u00e3o, n\u00e3o \u00e9 uma boa ideia [elevar os impostos no momento]&#8221;, disse o secret\u00e1rio do Tesouro. Powell, presidente do <strong>Fed<\/strong>, acrescentou \u00e0 fala de Munchin: &#8220;eu concordo, n\u00e3o \u00e9 uma boa ideia&#8221;. O potencial aumento dos impostos nos EUA come\u00e7ou a ser ventilado no governo por causa da complicada situa\u00e7\u00e3o fiscal do pa\u00eds, que teve de aumentar os gastos nos \u00faltimos meses para estimular a economia, que foi atingida pela crise do novo coronav\u00edrus.<\/p>\n\t<p>\n\t\t<a href=\"https:\/\/lp.suno.com.br\/planilha-de-controle-de-investimentos\/\" target=\"_blank\" data-element=\"shortcode-suno-banner\" title=\"Banner SUNO, clique e saiba mais\">\n\t\t\t<picture>\n\t\t\t\t<source media=\"(max-width: 500px)\" srcset=\"https:\/\/files.sunoresearch.com.br\/n\/uploads\/2023\/03\/400x300-Controle-de-Investimentos.png\">\n\t\t\t\t<img class=\"newsContent__article__imgCapa newsContent__article__imgCapa--banner\"\n\t\t\t\t\tsrc=\"https:\/\/files.sunoresearch.com.br\/n\/uploads\/2023\/03\/1420x240-Controle-de-Investimentos.png\"\n\t\t\t\t\tdata-promo-id=\"75934\"\t\t\t\t\t\t\t\t\t\twidth='1420' height='240'\t\t\t\t\talt=\"https:\/\/files.sunoresearch.com.br\/n\/uploads\/2023\/03\/1420x240-Controle-de-Investimentos.png\"\n\t\t\t\t>\n\t\t\t<\/picture>\n\t\t<\/a>\n\t<\/p>\n\n\n<p><em>Com informa\u00e7\u00f5es do Estad\u00e3o Conte\u00fado<\/em><\/p>\n","protected":false},"excerpt":{"rendered":"<p>O presidente do Federal Reserve (Fed), Jerome Powell, afirmou, nesta quinta-feira (24), que a ado\u00e7\u00e3o da estrat\u00e9gia de infla\u00e7\u00e3o m\u00e9dia pelo BC norte-americano abre espa\u00e7o para eventuais cortes da taxa de juros &#8220;se a economia virar&#8221; no futuro. Powell tamb\u00e9m disse que a recupera\u00e7\u00e3o econ\u00f4mica nos EUA tem acontecido de maneira mais r\u00e1pida do que [&hellip;]<\/p>\n","protected":false},"author":19,"featured_media":81197,"comment_status":"closed","ping_status":"closed","sticky":false,"template":"","format":"standard","meta":[],"categories":[63],"tags":[776],"suno_strategy":[],"class_list":["post-87218","post","type-post","status-publish","format-standard","has-post-thumbnail","hentry","category-internacional","tag-federal-reseve-fed"],"yoast_head":"<!-- This site is optimized with the Yoast SEO plugin v24.4 - https:\/\/yoast.com\/wordpress\/plugins\/seo\/ -->\n<title>Fed: Powell afirma que infla\u00e7\u00e3o m\u00e9dia abre espa\u00e7o para cortes de juros<\/title>\n<meta name=\"description\" content=\"O presidente do Fed, Jerome Powell, afirmou que a ado\u00e7\u00e3o da estrat\u00e9gia de infla\u00e7\u00e3o m\u00e9dia pelo BC abre espa\u00e7o para eventuais cortes nos juros.\" \/>\n<meta name=\"robots\" content=\"index, follow, max-snippet:-1, max-image-preview:large, max-video-preview:-1\" \/>\n<link rel=\"canonical\" href=\"https:\/\/www.suno.com.br\/noticias\/fed-powell-afirma-inflacao-media-espaco-cortes-juros\/\" \/>\n<meta property=\"og:locale\" content=\"pt_BR\" \/>\n<meta property=\"og:type\" content=\"article\" \/>\n<meta property=\"og:title\" content=\"Fed: Powell afirma que infla\u00e7\u00e3o m\u00e9dia abre espa\u00e7o para cortes de juros\" \/>\n<meta property=\"og:description\" content=\"O presidente do Fed, Jerome Powell, afirmou que a ado\u00e7\u00e3o da estrat\u00e9gia de infla\u00e7\u00e3o m\u00e9dia pelo BC abre espa\u00e7o para eventuais cortes nos juros.\" \/>\n<meta property=\"og:url\" content=\"https:\/\/www.suno.com.br\/noticias\/fed-powell-afirma-inflacao-media-espaco-cortes-juros\/\" \/>\n<meta property=\"og:site_name\" content=\"Suno Not\u00edcias\" \/>\n<meta property=\"article:publisher\" content=\"https:\/\/facebook.com\/sunoresearch\" \/>\n<meta property=\"og:image\" content=\"https:\/\/files.sunoresearch.com.br\/n\/uploads\/2020\/08\/9fe07fd4-jerome-powell-fed.jpg\" \/>\n\t<meta property=\"og:image:width\" content=\"1200\" \/>\n\t<meta property=\"og:image:height\" content=\"800\" \/>\n\t<meta property=\"og:image:type\" content=\"image\/jpeg\" \/>\n<meta name=\"author\" content=\"Juliano Passaro\" \/>\n<meta name=\"twitter:card\" content=\"summary_large_image\" \/>\n<meta name=\"twitter:creator\" content=\"@sunoresearch\" \/>\n<meta name=\"twitter:site\" content=\"@sunoresearch\" \/>\n<meta name=\"twitter:label1\" content=\"Escrito por\" \/>\n\t<meta name=\"twitter:data1\" content=\"Juliano Passaro\" \/>\n\t<meta name=\"twitter:label2\" content=\"Est. tempo de leitura\" \/>\n\t<meta name=\"twitter:data2\" content=\"2 minutos\" \/>\n<script type=\"application\/ld+json\" class=\"yoast-schema-graph\">{\"@context\":\"https:\/\/schema.org\",\"@graph\":[{\"@type\":\"NewsArticle\",\"@id\":\"https:\/\/www.suno.com.br\/noticias\/fed-powell-afirma-inflacao-media-espaco-cortes-juros\/#article\",\"isPartOf\":{\"@id\":\"https:\/\/www.suno.com.br\/noticias\/fed-powell-afirma-inflacao-media-espaco-cortes-juros\/\"},\"author\":{\"name\":\"Juliano Passaro\",\"@id\":\"https:\/\/www.suno.com.br\/noticias\/#\/schema\/person\/1db762f78ffd8919a648a63e425953e3\"},\"headline\":\"Fed: Powell afirma que infla\u00e7\u00e3o m\u00e9dia abre espa\u00e7o para cortes de juros\",\"datePublished\":\"2020-09-24T19:01:25+00:00\",\"dateModified\":\"2021-02-18T01:54:22+00:00\",\"mainEntityOfPage\":{\"@id\":\"https:\/\/www.suno.com.br\/noticias\/fed-powell-afirma-inflacao-media-espaco-cortes-juros\/\"},\"wordCount\":479,\"publisher\":{\"@id\":\"https:\/\/www.suno.com.br\/noticias\/#organization\"},\"image\":{\"@id\":\"https:\/\/www.suno.com.br\/noticias\/fed-powell-afirma-inflacao-media-espaco-cortes-juros\/#primaryimage\"},\"thumbnailUrl\":\"https:\/\/files.sunoresearch.com.br\/n\/uploads\/2020\/08\/9fe07fd4-jerome-powell-fed-jpg.webp\",\"keywords\":[\"Federal Reserve (FED)\"],\"articleSection\":[\"Internacional\"],\"inLanguage\":\"pt-BR\"},{\"@type\":\"WebPage\",\"@id\":\"https:\/\/www.suno.com.br\/noticias\/fed-powell-afirma-inflacao-media-espaco-cortes-juros\/\",\"url\":\"https:\/\/www.suno.com.br\/noticias\/fed-powell-afirma-inflacao-media-espaco-cortes-juros\/\",\"name\":\"Fed: Powell afirma que infla\u00e7\u00e3o m\u00e9dia abre espa\u00e7o para cortes de juros\",\"isPartOf\":{\"@id\":\"https:\/\/www.suno.com.br\/noticias\/#website\"},\"primaryImageOfPage\":{\"@id\":\"https:\/\/www.suno.com.br\/noticias\/fed-powell-afirma-inflacao-media-espaco-cortes-juros\/#primaryimage\"},\"image\":{\"@id\":\"https:\/\/www.suno.com.br\/noticias\/fed-powell-afirma-inflacao-media-espaco-cortes-juros\/#primaryimage\"},\"thumbnailUrl\":\"https:\/\/files.sunoresearch.com.br\/n\/uploads\/2020\/08\/9fe07fd4-jerome-powell-fed-jpg.webp\",\"datePublished\":\"2020-09-24T19:01:25+00:00\",\"dateModified\":\"2021-02-18T01:54:22+00:00\",\"description\":\"O presidente do Fed, Jerome Powell, afirmou que a ado\u00e7\u00e3o da estrat\u00e9gia de infla\u00e7\u00e3o m\u00e9dia pelo BC abre espa\u00e7o para eventuais cortes nos juros.\",\"breadcrumb\":{\"@id\":\"https:\/\/www.suno.com.br\/noticias\/fed-powell-afirma-inflacao-media-espaco-cortes-juros\/#breadcrumb\"},\"inLanguage\":\"pt-BR\",\"potentialAction\":[{\"@type\":\"ReadAction\",\"target\":[\"https:\/\/www.suno.com.br\/noticias\/fed-powell-afirma-inflacao-media-espaco-cortes-juros\/\"]}]},{\"@type\":\"ImageObject\",\"inLanguage\":\"pt-BR\",\"@id\":\"https:\/\/www.suno.com.br\/noticias\/fed-powell-afirma-inflacao-media-espaco-cortes-juros\/#primaryimage\",\"url\":\"https:\/\/files.sunoresearch.com.br\/n\/uploads\/2020\/08\/9fe07fd4-jerome-powell-fed-jpg.webp\",\"contentUrl\":\"https:\/\/files.sunoresearch.com.br\/n\/uploads\/2020\/08\/9fe07fd4-jerome-powell-fed-jpg.webp\",\"width\":1200,\"height\":800,\"caption\":\"Jerome Powell, presidente do FED.\"},{\"@type\":\"BreadcrumbList\",\"@id\":\"https:\/\/www.suno.com.br\/noticias\/fed-powell-afirma-inflacao-media-espaco-cortes-juros\/#breadcrumb\",\"itemListElement\":[{\"@type\":\"ListItem\",\"position\":1,\"name\":\"Not\u00edcias\",\"item\":\"https:\/\/www.suno.com.br\/noticias\/\"},{\"@type\":\"ListItem\",\"position\":2,\"name\":\"Internacional\",\"item\":\"https:\/\/www.suno.com.br\/noticias\/internacional\/\"},{\"@type\":\"ListItem\",\"position\":3,\"name\":\"Fed: Powell afirma que infla\u00e7\u00e3o m\u00e9dia abre espa\u00e7o para cortes de juros\"}]},{\"@type\":\"WebSite\",\"@id\":\"https:\/\/www.suno.com.br\/noticias\/#website\",\"url\":\"https:\/\/www.suno.com.br\/noticias\/\",\"name\":\"Suno Not\u00edcias\",\"description\":\"Seu portal de informa\u00e7\u00e3o sobre o mundo dos investimentos\",\"publisher\":{\"@id\":\"https:\/\/www.suno.com.br\/noticias\/#organization\"},\"potentialAction\":[{\"@type\":\"SearchAction\",\"target\":{\"@type\":\"EntryPoint\",\"urlTemplate\":\"https:\/\/www.suno.com.br\/noticias\/?s={search_term_string}\"},\"query-input\":{\"@type\":\"PropertyValueSpecification\",\"valueRequired\":true,\"valueName\":\"search_term_string\"}}],\"inLanguage\":\"pt-BR\"},{\"@type\":\"Organization\",\"@id\":\"https:\/\/www.suno.com.br\/noticias\/#organization\",\"name\":\"Suno Not\u00edcias\",\"url\":\"https:\/\/www.suno.com.br\/noticias\/\",\"logo\":{\"@type\":\"ImageObject\",\"inLanguage\":\"pt-BR\",\"@id\":\"https:\/\/www.suno.com.br\/noticias\/#\/schema\/logo\/image\/\",\"url\":\"https:\/\/files.sunoresearch.com.br\/n\/uploads\/2021\/09\/suno-logo.png\",\"contentUrl\":\"https:\/\/files.sunoresearch.com.br\/n\/uploads\/2021\/09\/suno-logo.png\",\"width\":180,\"height\":180,\"caption\":\"Suno Not\u00edcias\"},\"image\":{\"@id\":\"https:\/\/www.suno.com.br\/noticias\/#\/schema\/logo\/image\/\"},\"sameAs\":[\"https:\/\/facebook.com\/sunoresearch\",\"https:\/\/x.com\/sunoresearch\",\"https:\/\/www.instagram.com\/suno\",\"https:\/\/www.linkedin.com\/company\/suno-research\/\",\"https:\/\/www.youtube.com\/c\/sunoresearch\"]},{\"@type\":\"Person\",\"@id\":\"https:\/\/www.suno.com.br\/noticias\/#\/schema\/person\/1db762f78ffd8919a648a63e425953e3\",\"name\":\"Juliano Passaro\",\"image\":{\"@type\":\"ImageObject\",\"inLanguage\":\"pt-BR\",\"@id\":\"https:\/\/www.suno.com.br\/noticias\/#\/schema\/person\/image\/\",\"url\":\"https:\/\/secure.gravatar.com\/avatar\/743d4df28eebf6dcc46b4ad03c319e92?s=96&r=g\",\"contentUrl\":\"https:\/\/secure.gravatar.com\/avatar\/743d4df28eebf6dcc46b4ad03c319e92?s=96&r=g\",\"caption\":\"Juliano Passaro\"},\"description\":\"Juliano Passaro escreve sobre pol\u00edtica, economia e neg\u00f3cios para o portal da Suno Research. Antes da Suno, trabalhou no Portal da Band. \u00c9 formado em jornalismo pela Universidade Presbiteriana Mackenzie.\",\"url\":\"https:\/\/www.suno.com.br\/noticias\/author\/juliano\/\"}]}<\/script>\n<!-- \/ Yoast SEO plugin. -->","yoast_head_json":{"title":"Fed: Powell afirma que infla\u00e7\u00e3o m\u00e9dia abre espa\u00e7o para cortes de juros","description":"O presidente do Fed, Jerome Powell, afirmou que a ado\u00e7\u00e3o da estrat\u00e9gia de infla\u00e7\u00e3o m\u00e9dia pelo BC abre espa\u00e7o para eventuais cortes nos juros.","robots":{"index":"index","follow":"follow","max-snippet":"max-snippet:-1","max-image-preview":"max-image-preview:large","max-video-preview":"max-video-preview:-1"},"canonical":"https:\/\/www.suno.com.br\/noticias\/fed-powell-afirma-inflacao-media-espaco-cortes-juros\/","og_locale":"pt_BR","og_type":"article","og_title":"Fed: Powell afirma que infla\u00e7\u00e3o m\u00e9dia abre espa\u00e7o para cortes de juros","og_description":"O presidente do Fed, Jerome Powell, afirmou que a ado\u00e7\u00e3o da estrat\u00e9gia de infla\u00e7\u00e3o m\u00e9dia pelo BC abre espa\u00e7o para eventuais cortes nos juros.","og_url":"https:\/\/www.suno.com.br\/noticias\/fed-powell-afirma-inflacao-media-espaco-cortes-juros\/","og_site_name":"Suno Not\u00edcias","article_publisher":"https:\/\/facebook.com\/sunoresearch","og_image":[{"width":1200,"height":800,"url":"https:\/\/files.sunoresearch.com.br\/n\/uploads\/2020\/08\/9fe07fd4-jerome-powell-fed.jpg","type":"image\/jpeg"}],"author":"Juliano Passaro","twitter_card":"summary_large_image","twitter_creator":"@sunoresearch","twitter_site":"@sunoresearch","twitter_misc":{"Escrito por":"Juliano Passaro","Est. tempo de leitura":"2 minutos"},"schema":{"@context":"https:\/\/schema.org","@graph":[{"@type":"NewsArticle","@id":"https:\/\/www.suno.com.br\/noticias\/fed-powell-afirma-inflacao-media-espaco-cortes-juros\/#article","isPartOf":{"@id":"https:\/\/www.suno.com.br\/noticias\/fed-powell-afirma-inflacao-media-espaco-cortes-juros\/"},"author":{"name":"Juliano Passaro","@id":"https:\/\/www.suno.com.br\/noticias\/#\/schema\/person\/1db762f78ffd8919a648a63e425953e3"},"headline":"Fed: Powell afirma que infla\u00e7\u00e3o m\u00e9dia abre espa\u00e7o para cortes de juros","datePublished":"2020-09-24T19:01:25+00:00","dateModified":"2021-02-18T01:54:22+00:00","mainEntityOfPage":{"@id":"https:\/\/www.suno.com.br\/noticias\/fed-powell-afirma-inflacao-media-espaco-cortes-juros\/"},"wordCount":479,"publisher":{"@id":"https:\/\/www.suno.com.br\/noticias\/#organization"},"image":{"@id":"https:\/\/www.suno.com.br\/noticias\/fed-powell-afirma-inflacao-media-espaco-cortes-juros\/#primaryimage"},"thumbnailUrl":"https:\/\/files.sunoresearch.com.br\/n\/uploads\/2020\/08\/9fe07fd4-jerome-powell-fed-jpg.webp","keywords":["Federal Reserve (FED)"],"articleSection":["Internacional"],"inLanguage":"pt-BR"},{"@type":"WebPage","@id":"https:\/\/www.suno.com.br\/noticias\/fed-powell-afirma-inflacao-media-espaco-cortes-juros\/","url":"https:\/\/www.suno.com.br\/noticias\/fed-powell-afirma-inflacao-media-espaco-cortes-juros\/","name":"Fed: Powell afirma que infla\u00e7\u00e3o m\u00e9dia abre espa\u00e7o para cortes de juros","isPartOf":{"@id":"https:\/\/www.suno.com.br\/noticias\/#website"},"primaryImageOfPage":{"@id":"https:\/\/www.suno.com.br\/noticias\/fed-powell-afirma-inflacao-media-espaco-cortes-juros\/#primaryimage"},"image":{"@id":"https:\/\/www.suno.com.br\/noticias\/fed-powell-afirma-inflacao-media-espaco-cortes-juros\/#primaryimage"},"thumbnailUrl":"https:\/\/files.sunoresearch.com.br\/n\/uploads\/2020\/08\/9fe07fd4-jerome-powell-fed-jpg.webp","datePublished":"2020-09-24T19:01:25+00:00","dateModified":"2021-02-18T01:54:22+00:00","description":"O presidente do Fed, Jerome Powell, afirmou que a ado\u00e7\u00e3o da estrat\u00e9gia de infla\u00e7\u00e3o m\u00e9dia pelo BC abre espa\u00e7o para eventuais cortes nos juros.","breadcrumb":{"@id":"https:\/\/www.suno.com.br\/noticias\/fed-powell-afirma-inflacao-media-espaco-cortes-juros\/#breadcrumb"},"inLanguage":"pt-BR","potentialAction":[{"@type":"ReadAction","target":["https:\/\/www.suno.com.br\/noticias\/fed-powell-afirma-inflacao-media-espaco-cortes-juros\/"]}]},{"@type":"ImageObject","inLanguage":"pt-BR","@id":"https:\/\/www.suno.com.br\/noticias\/fed-powell-afirma-inflacao-media-espaco-cortes-juros\/#primaryimage","url":"https:\/\/files.sunoresearch.com.br\/n\/uploads\/2020\/08\/9fe07fd4-jerome-powell-fed-jpg.webp","contentUrl":"https:\/\/files.sunoresearch.com.br\/n\/uploads\/2020\/08\/9fe07fd4-jerome-powell-fed-jpg.webp","width":1200,"height":800,"caption":"Jerome Powell, presidente do FED."},{"@type":"BreadcrumbList","@id":"https:\/\/www.suno.com.br\/noticias\/fed-powell-afirma-inflacao-media-espaco-cortes-juros\/#breadcrumb","itemListElement":[{"@type":"ListItem","position":1,"name":"Not\u00edcias","item":"https:\/\/www.suno.com.br\/noticias\/"},{"@type":"ListItem","position":2,"name":"Internacional","item":"https:\/\/www.suno.com.br\/noticias\/internacional\/"},{"@type":"ListItem","position":3,"name":"Fed: Powell afirma que infla\u00e7\u00e3o m\u00e9dia abre espa\u00e7o para cortes de juros"}]},{"@type":"WebSite","@id":"https:\/\/www.suno.com.br\/noticias\/#website","url":"https:\/\/www.suno.com.br\/noticias\/","name":"Suno Not\u00edcias","description":"Seu portal de informa\u00e7\u00e3o sobre o mundo dos investimentos","publisher":{"@id":"https:\/\/www.suno.com.br\/noticias\/#organization"},"potentialAction":[{"@type":"SearchAction","target":{"@type":"EntryPoint","urlTemplate":"https:\/\/www.suno.com.br\/noticias\/?s={search_term_string}"},"query-input":{"@type":"PropertyValueSpecification","valueRequired":true,"valueName":"search_term_string"}}],"inLanguage":"pt-BR"},{"@type":"Organization","@id":"https:\/\/www.suno.com.br\/noticias\/#organization","name":"Suno Not\u00edcias","url":"https:\/\/www.suno.com.br\/noticias\/","logo":{"@type":"ImageObject","inLanguage":"pt-BR","@id":"https:\/\/www.suno.com.br\/noticias\/#\/schema\/logo\/image\/","url":"https:\/\/files.sunoresearch.com.br\/n\/uploads\/2021\/09\/suno-logo.png","contentUrl":"https:\/\/files.sunoresearch.com.br\/n\/uploads\/2021\/09\/suno-logo.png","width":180,"height":180,"caption":"Suno Not\u00edcias"},"image":{"@id":"https:\/\/www.suno.com.br\/noticias\/#\/schema\/logo\/image\/"},"sameAs":["https:\/\/facebook.com\/sunoresearch","https:\/\/x.com\/sunoresearch","https:\/\/www.instagram.com\/suno","https:\/\/www.linkedin.com\/company\/suno-research\/","https:\/\/www.youtube.com\/c\/sunoresearch"]},{"@type":"Person","@id":"https:\/\/www.suno.com.br\/noticias\/#\/schema\/person\/1db762f78ffd8919a648a63e425953e3","name":"Juliano Passaro","image":{"@type":"ImageObject","inLanguage":"pt-BR","@id":"https:\/\/www.suno.com.br\/noticias\/#\/schema\/person\/image\/","url":"https:\/\/secure.gravatar.com\/avatar\/743d4df28eebf6dcc46b4ad03c319e92?s=96&r=g","contentUrl":"https:\/\/secure.gravatar.com\/avatar\/743d4df28eebf6dcc46b4ad03c319e92?s=96&r=g","caption":"Juliano Passaro"},"description":"Juliano Passaro escreve sobre pol\u00edtica, economia e neg\u00f3cios para o portal da Suno Research. Antes da Suno, trabalhou no Portal da Band. \u00c9 formado em jornalismo pela Universidade Presbiteriana Mackenzie.","url":"https:\/\/www.suno.com.br\/noticias\/author\/juliano\/"}]}},"default_loop_html":"<div class=\"cardsPage__listCard__boxs\"><div class=\"cardsPage__listCard__boxs__img\"><a href=\"https:\/\/www.suno.com.br\/noticias\/fed-powell-afirma-inflacao-media-espaco-cortes-juros\/\"><img class=\"mask\" src=\"https:\/\/www.suno.com.br\/noticias\/wp-content\/themes\/suno\/resources\/images\/spotlight\/spotlight1img\/bg-mask.png\" alt=\"Image Mask\"\/><img src=\"https:\/\/files.sunoresearch.com.br\/n\/uploads\/2020\/08\/9fe07fd4-jerome-powell-fed-400x200.webp\" alt=\"Fed: Powell afirma que infla\u00e7\u00e3o m\u00e9dia abre espa\u00e7o para cortes de juros\"\/><\/a><span class=\"spotlightCategory\"><a href=\"https:\/\/www.suno.com.br\/noticias\/internacional\/\">Internacional<\/a><\/span><\/div><div class=\"cardsPage__listCard__boxs__content\"><a href=\"https:\/\/www.suno.com.br\/noticias\/fed-powell-afirma-inflacao-media-espaco-cortes-juros\/\"><h2 class=\"content__title\">Fed: Powell afirma que infla\u00e7\u00e3o m\u00e9dia abre espa\u00e7o para cortes de juros<\/h2><\/a><div class=\"newsContent__article__meta\"><div class=\"newsContent__article__meta__authorBox\"><a href=\"https:\/\/www.suno.com.br\/noticias\/author\/juliano\/\" class=\"authorBox__avatar noMobi\"><img src=\"https:\/\/files.sunoresearch.com.br\/n\/uploads\/2019\/06\/7cc3efea-whatsapp-image-2019-07-18-at-21.59.33-e1563499821209-150x150.webp\" alt=\"Juliano Passaro\"><\/a><div class=\"authorBox__name\"><span>por\n\t\t\t<a href=\"https:\/\/www.suno.com.br\/noticias\/author\/juliano\/\"><span itemprop=\"author\">Juliano Passaro<\/span><\/a><\/span><time datetime=\"2020-09-24T16:01:25-03:00\" itemprop=\"datePublished\">24\/09\/2020 16:01<\/time><\/div><\/div><\/div><\/div><\/div>","single_layout":"posts","amp_enabled":true,"_links":{"self":[{"href":"https:\/\/www.suno.com.br\/noticias\/wp-json\/wp\/v2\/posts\/87218"}],"collection":[{"href":"https:\/\/www.suno.com.br\/noticias\/wp-json\/wp\/v2\/posts"}],"about":[{"href":"https:\/\/www.suno.com.br\/noticias\/wp-json\/wp\/v2\/types\/post"}],"author":[{"embeddable":true,"href":"https:\/\/www.suno.com.br\/noticias\/wp-json\/wp\/v2\/users\/19"}],"replies":[{"embeddable":true,"href":"https:\/\/www.suno.com.br\/noticias\/wp-json\/wp\/v2\/comments?post=87218"}],"version-history":[{"count":0,"href":"https:\/\/www.suno.com.br\/noticias\/wp-json\/wp\/v2\/posts\/87218\/revisions"}],"wp:featuredmedia":[{"embeddable":true,"href":"https:\/\/www.suno.com.br\/noticias\/wp-json\/wp\/v2\/media\/81197"}],"wp:attachment":[{"href":"https:\/\/www.suno.com.br\/noticias\/wp-json\/wp\/v2\/media?parent=87218"}],"wp:term":[{"taxonomy":"category","embeddable":true,"href":"https:\/\/www.suno.com.br\/noticias\/wp-json\/wp\/v2\/categories?post=87218"},{"taxonomy":"post_tag","embeddable":true,"href":"https:\/\/www.suno.com.br\/noticias\/wp-json\/wp\/v2\/tags?post=87218"},{"taxonomy":"suno_strategy","embeddable":true,"href":"https:\/\/www.suno.com.br\/noticias\/wp-json\/wp\/v2\/suno_strategy?post=87218"}],"curies":[{"name":"wp","href":"https:\/\/api.w.org\/{rel}","templated":true}]}}