{"id":87128,"date":"2020-09-24T11:21:42","date_gmt":"2020-09-24T14:21:42","guid":{"rendered":"https:\/\/www.suno.com.br\/noticias\/?p=87128"},"modified":"2020-09-24T11:22:07","modified_gmt":"2020-09-24T14:22:07","slug":"copom-nao-preve-reducao-estimulo-relatorio-inflacao","status":"publish","type":"post","link":"https:\/\/www.suno.com.br\/noticias\/copom-nao-preve-reducao-estimulo-relatorio-inflacao\/","title":{"rendered":"Copom n\u00e3o prev\u00ea redu\u00e7\u00e3o do grau de est\u00edmulo, diz relat\u00f3rio de infla\u00e7\u00e3o"},"content":{"rendered":"<p>O <a href=\"https:\/\/www.suno.com.br\/artigos\/copom\/\">Comit\u00ea de Pol\u00edtica Monet\u00e1ria (<strong>Copom<\/strong>)<\/a> n\u00e3o deve elevar a <a href=\"https:\/\/www.suno.com.br\/artigos\/taxa-selic\/\">taxa b\u00e1sica de juros da economia (Selic)<\/a>, a menos que as expectativas pela infla\u00e7\u00e3o estejam pr\u00f3ximas das metas. As informa\u00e7\u00f5es foram reveladas por meio do Relat\u00f3rio Trimestral de Infla\u00e7\u00e3o (RTI), divulgado nesta quinta-feira (24).<\/p>\t<div class=\"wrapper-featured-image\">\n\t\t<figure class=\"spotlightImg\">\n\n\t\t\t<picture>\n\t\t\t\t<source media=\"(max-width: 768px)\" srcset=\"https:\/\/files.sunoresearch.com.br\/n\/uploads\/2019\/11\/ed084eff-copom-400x200.webp\">\n\t\t\t\t<img loading=\"lazy\" decoding=\"async\" class=\"newsContent__article__imgCapa lazyloadDisabled \" src=\"https:\/\/files.sunoresearch.com.br\/n\/uploads\/2019\/11\/ed084eff-copom-800x450.webp\" width=\"800\" height=\"450\" alt=\"Copom n\u00e3o prev\u00ea redu\u00e7\u00e3o do grau de est\u00edmulo, diz relat\u00f3rio de infla\u00e7\u00e3o\" fetchpriority=high \/>\n\t\t\t<\/picture>\n\n\t\t\t<figcaption class=\"wp-caption-text wp-caption-text--show\">BC analisa infla\u00e7\u00e3o acima do esperado, por\u00e9m &quot;choque&quot; \u00e9 tempor\u00e1rio<\/figcaption>\n\t\t<\/figure>\n\t<\/div>\n\n\n<div class=\"hubspot-form-wrapper\">\n\t<div id=\"single-form-target\"><\/div>\n<\/div>\n\n<p>Na \u00faltima semana, o comit\u00ea formado pelo presidente do <a href=\"https:\/\/www.suno.com.br\/artigos\/bacen\/\"><strong>Banco Central<\/strong> (BC)<\/a>, <a href=\"https:\/\/www.suno.com.br\/tudo-sobre\/roberto-campos-neto\/\">Roberto Campos Neto<\/a>, e os diretores da entidade, manteve a Selic em 2%, sua m\u00ednima hist\u00f3rica, interrompendo a sequ\u00eancia de cortes. Na ata da reuni\u00e3o, o Copom informou que sua proje\u00e7\u00e3o de infla\u00e7\u00e3o no cen\u00e1rio h\u00edbrido, com juros do Boletim Focus e c\u00e2mbio fixo em R$ 5,30, \u00e9 de 2,1% neste ano, 2,9% em 2021 e 3,3% em 2022.<\/p>\n<p>As estimativas pelo aumento de pre\u00e7os faz com que o <a href=\"https:\/\/www.suno.com.br\/artigos\/ipca\/\">\u00cdndice de Pre\u00e7os ao Consumidor Amplo (<strong>IPCA<\/strong>)<\/a>, <strong>infla\u00e7\u00e3o<\/strong> oficial do Pa\u00eds, fique abaixo das metas estabelecidas para os anos citados, de 4% em 2020, 3,75% em 2021 e 3,5% em 2022. Na pr\u00e1tica, a autoridade monet\u00e1ria central indica que pode voltar a elevar a taxa de juros somente quando as expectativas de infla\u00e7\u00e3o estiverem pr\u00f3ximas desses alvos.<\/p>\n<p><a href=\"https:\/\/lp.suno.com.br\/suno-one\/\">No Suno One voc\u00ea aprende a fazer seu dinheiro trabalhar para voc\u00ea. Cadastre-se gratuitamente agora!<\/a><\/p>\n<h2>Copom salienta riscos diversos<\/h2>\n<p>No relat\u00f3rio divulgado nesta quarta-feira, o <strong>BC<\/strong> disse que existe uma &#8220;assimetria em seu balan\u00e7o de riscos&#8221;; por um lado, \u00e9 observado um n\u00edvel de ociosidade da atividade econ\u00f4mica que pode produzir baixa infla\u00e7\u00e3o, &#8220;notadamente quando essa ociosidade est\u00e1 concentrada no setor de servi\u00e7os&#8221;. &#8220;Esse risco se intensifica caso uma revers\u00e3o mais lenta dos efeitos da pandemia prolongue o ambiente de elevada incerteza e de aumento da poupan\u00e7a precaucional&#8221;, salientou o comit\u00ea no relat\u00f3rio.<\/p>\n<p>Enquanto por outro lado, as pol\u00edticas fiscais colocadas em pr\u00e1tica meio \u00e0 pandemia do <a href=\"https:\/\/www.suno.com.br\/noticias\/?s=coronav%C3%ADrus\">novo <strong>coronav\u00edrus<\/strong> (Covid-19)<\/a> podem causar aumento de pre\u00e7os. &#8220;Adicionalmente, os diversos programas de est\u00edmulo credit\u00edcio e de recomposi\u00e7\u00e3o de <strong>renda<\/strong>, implementados no combate \u00e0 pandemia, podem fazer com que a redu\u00e7\u00e3o da demanda agregada seja menor do que a estimada, adicionando uma assimetria ao <strong>balan\u00e7o de riscos<\/strong>&#8220;, disse a autoridade monet\u00e1ria.<\/p>\n\t<div data-element=\"shortcode-read-more\" class=\"knowMore\">\n\t\t\t\t<span class=\"knowMore__title\">Veja Tamb\u00e9m <\/span>\n\t\t\t\t<a class=\"knowMore__link\" href=\"https:\/\/www.suno.com.br\/noticias\/selic-queda-adicional-instabilidade-ata-copom\/\">\n\t\t\tSelic: queda adicional da taxa pode trazer instabilidade, aponta ata do Copom\t\t<\/a>\n\t<\/div>\n\n\n<p>Estas concep\u00e7\u00f5es j\u00e1 estavam contidas no comunicado e na ata da decis\u00e3o da \u00faltima semana. No RTI, o BC tamb\u00e9m abordou o <i>foward guidance <\/i>da <a href=\"https:\/\/www.suno.com.br\/artigos\/politica-monetaria\/\"><strong>pol\u00edtica monet\u00e1ria<\/strong><\/a><i>.<\/i><\/p>\n<p>&#8220;De forma a prover o est\u00edmulo monet\u00e1rio considerado adequado para o cumprimento da meta para a infla\u00e7\u00e3o, mas mantendo a cautela necess\u00e1ria por raz\u00f5es prudenciais, o <strong>Copom<\/strong> considera apropriado utilizar uma prescri\u00e7\u00e3o futura (isto \u00e9, um <i>forward guidance<\/i>) como um instrumento de pol\u00edtica monet\u00e1ria adicional&#8221;. Esta prescri\u00e7\u00e3o futura considera, justamente, a avalia\u00e7\u00e3o em rela\u00e7\u00e3o \u00e0 trajet\u00f3ria da Selic, incluindo as proje\u00e7\u00f5es de infla\u00e7\u00e3o, as metas e o regime fiscal.<\/p>\n<p><em>Com informa\u00e7\u00f5es do Estad\u00e3o Conte\u00fado.<\/em><\/p>\n\t<p>\n\t\t<a href=\"https:\/\/lp.suno.com.br\/planilha-de-controle-de-investimentos\/\" target=\"_blank\" data-element=\"shortcode-suno-banner\" title=\"Banner SUNO, clique e saiba mais\">\n\t\t\t<picture>\n\t\t\t\t<source media=\"(max-width: 500px)\" srcset=\"https:\/\/files.sunoresearch.com.br\/n\/uploads\/2023\/03\/400x300-Controle-de-Investimentos.png\">\n\t\t\t\t<img class=\"newsContent__article__imgCapa newsContent__article__imgCapa--banner\"\n\t\t\t\t\tsrc=\"https:\/\/files.sunoresearch.com.br\/n\/uploads\/2023\/03\/1420x240-Controle-de-Investimentos.png\"\n\t\t\t\t\tdata-promo-id=\"75934\"\t\t\t\t\t\t\t\t\t\twidth='1420' height='240'\t\t\t\t\talt=\"https:\/\/files.sunoresearch.com.br\/n\/uploads\/2023\/03\/1420x240-Controle-de-Investimentos.png\"\n\t\t\t\t>\n\t\t\t<\/picture>\n\t\t<\/a>\n\t<\/p>\n\n\n","protected":false},"excerpt":{"rendered":"<p>O Comit\u00ea de Pol\u00edtica Monet\u00e1ria (Copom) n\u00e3o deve elevar a taxa b\u00e1sica de juros da economia (Selic), a menos que as expectativas pela infla\u00e7\u00e3o estejam pr\u00f3ximas das metas. As informa\u00e7\u00f5es foram reveladas por meio do Relat\u00f3rio Trimestral de Infla\u00e7\u00e3o (RTI), divulgado nesta quinta-feira (24). BC analisa infla\u00e7\u00e3o acima do esperado, por\u00e9m &quot;choque&quot; \u00e9 tempor\u00e1rio Na [&hellip;]<\/p>\n","protected":false},"author":24,"featured_media":43730,"comment_status":"closed","ping_status":"closed","sticky":false,"template":"","format":"standard","meta":[],"categories":[62],"tags":[1842,1104,850,290],"suno_strategy":[],"class_list":["post-87128","post","type-post","status-publish","format-standard","has-post-thumbnail","hentry","category-economia","tag-banco-central-bc","tag-copom","tag-inflacao","tag-taxa-selic"],"yoast_head":"<!-- This site is optimized with the Yoast SEO plugin v24.4 - https:\/\/yoast.com\/wordpress\/plugins\/seo\/ -->\n<title>Copom n\u00e3o prev\u00ea redu\u00e7\u00e3o do grau de est\u00edmulo, diz relat\u00f3rio de infla\u00e7\u00e3o<\/title>\n<meta name=\"description\" content=\"O Copom n\u00e3o deve elevar a Selic, a menos que as expectativas pela infla\u00e7\u00e3o estejam pr\u00f3ximas das metas. Clique aqui e saiba mais.\" \/>\n<meta name=\"robots\" content=\"index, follow, max-snippet:-1, max-image-preview:large, max-video-preview:-1\" \/>\n<link rel=\"canonical\" href=\"https:\/\/www.suno.com.br\/noticias\/copom-nao-preve-reducao-estimulo-relatorio-inflacao\/\" \/>\n<meta property=\"og:locale\" content=\"pt_BR\" \/>\n<meta property=\"og:type\" content=\"article\" \/>\n<meta property=\"og:title\" content=\"Copom n\u00e3o prev\u00ea redu\u00e7\u00e3o do grau de est\u00edmulo, diz relat\u00f3rio de infla\u00e7\u00e3o\" \/>\n<meta property=\"og:description\" content=\"O Copom n\u00e3o deve elevar a Selic, a menos que as expectativas pela infla\u00e7\u00e3o estejam pr\u00f3ximas das metas. Clique aqui e saiba mais.\" \/>\n<meta property=\"og:url\" content=\"https:\/\/www.suno.com.br\/noticias\/copom-nao-preve-reducao-estimulo-relatorio-inflacao\/\" \/>\n<meta property=\"og:site_name\" content=\"Suno Not\u00edcias\" \/>\n<meta property=\"article:publisher\" content=\"https:\/\/facebook.com\/sunoresearch\" \/>\n<meta property=\"og:image\" content=\"https:\/\/files.sunoresearch.com.br\/n\/uploads\/2019\/11\/ed084eff-copom.png\" \/>\n\t<meta property=\"og:image:width\" content=\"1890\" \/>\n\t<meta property=\"og:image:height\" content=\"1064\" \/>\n\t<meta property=\"og:image:type\" content=\"image\/png\" \/>\n<meta name=\"author\" content=\"Jader Lazarini\" \/>\n<meta name=\"twitter:card\" content=\"summary_large_image\" \/>\n<meta name=\"twitter:creator\" content=\"@sunoresearch\" \/>\n<meta name=\"twitter:site\" content=\"@sunoresearch\" \/>\n<meta name=\"twitter:label1\" content=\"Escrito por\" \/>\n\t<meta name=\"twitter:data1\" content=\"Jader Lazarini\" \/>\n\t<meta name=\"twitter:label2\" content=\"Est. tempo de leitura\" \/>\n\t<meta name=\"twitter:data2\" content=\"3 minutos\" \/>\n<script type=\"application\/ld+json\" class=\"yoast-schema-graph\">{\"@context\":\"https:\/\/schema.org\",\"@graph\":[{\"@type\":\"NewsArticle\",\"@id\":\"https:\/\/www.suno.com.br\/noticias\/copom-nao-preve-reducao-estimulo-relatorio-inflacao\/#article\",\"isPartOf\":{\"@id\":\"https:\/\/www.suno.com.br\/noticias\/copom-nao-preve-reducao-estimulo-relatorio-inflacao\/\"},\"author\":{\"name\":\"Jader Lazarini\",\"@id\":\"https:\/\/www.suno.com.br\/noticias\/#\/schema\/person\/918d79de1f0281f01599b93f9ea6e23f\"},\"headline\":\"Copom n\u00e3o prev\u00ea redu\u00e7\u00e3o do grau de est\u00edmulo, diz relat\u00f3rio de infla\u00e7\u00e3o\",\"datePublished\":\"2020-09-24T14:21:42+00:00\",\"dateModified\":\"2020-09-24T14:22:07+00:00\",\"mainEntityOfPage\":{\"@id\":\"https:\/\/www.suno.com.br\/noticias\/copom-nao-preve-reducao-estimulo-relatorio-inflacao\/\"},\"wordCount\":529,\"publisher\":{\"@id\":\"https:\/\/www.suno.com.br\/noticias\/#organization\"},\"image\":{\"@id\":\"https:\/\/www.suno.com.br\/noticias\/copom-nao-preve-reducao-estimulo-relatorio-inflacao\/#primaryimage\"},\"thumbnailUrl\":\"https:\/\/files.sunoresearch.com.br\/n\/uploads\/2019\/11\/ed084eff-copom-png.webp\",\"keywords\":[\"Banco Central (BC)\",\"Copom\",\"infla\u00e7\u00e3o\",\"Taxa Selic\"],\"articleSection\":[\"Economia\"],\"inLanguage\":\"pt-BR\"},{\"@type\":\"WebPage\",\"@id\":\"https:\/\/www.suno.com.br\/noticias\/copom-nao-preve-reducao-estimulo-relatorio-inflacao\/\",\"url\":\"https:\/\/www.suno.com.br\/noticias\/copom-nao-preve-reducao-estimulo-relatorio-inflacao\/\",\"name\":\"Copom n\u00e3o prev\u00ea redu\u00e7\u00e3o do grau de est\u00edmulo, diz relat\u00f3rio de infla\u00e7\u00e3o\",\"isPartOf\":{\"@id\":\"https:\/\/www.suno.com.br\/noticias\/#website\"},\"primaryImageOfPage\":{\"@id\":\"https:\/\/www.suno.com.br\/noticias\/copom-nao-preve-reducao-estimulo-relatorio-inflacao\/#primaryimage\"},\"image\":{\"@id\":\"https:\/\/www.suno.com.br\/noticias\/copom-nao-preve-reducao-estimulo-relatorio-inflacao\/#primaryimage\"},\"thumbnailUrl\":\"https:\/\/files.sunoresearch.com.br\/n\/uploads\/2019\/11\/ed084eff-copom-png.webp\",\"datePublished\":\"2020-09-24T14:21:42+00:00\",\"dateModified\":\"2020-09-24T14:22:07+00:00\",\"description\":\"O Copom n\u00e3o deve elevar a Selic, a menos que as expectativas pela infla\u00e7\u00e3o estejam pr\u00f3ximas das metas. Clique aqui e saiba mais.\",\"breadcrumb\":{\"@id\":\"https:\/\/www.suno.com.br\/noticias\/copom-nao-preve-reducao-estimulo-relatorio-inflacao\/#breadcrumb\"},\"inLanguage\":\"pt-BR\",\"potentialAction\":[{\"@type\":\"ReadAction\",\"target\":[\"https:\/\/www.suno.com.br\/noticias\/copom-nao-preve-reducao-estimulo-relatorio-inflacao\/\"]}]},{\"@type\":\"ImageObject\",\"inLanguage\":\"pt-BR\",\"@id\":\"https:\/\/www.suno.com.br\/noticias\/copom-nao-preve-reducao-estimulo-relatorio-inflacao\/#primaryimage\",\"url\":\"https:\/\/files.sunoresearch.com.br\/n\/uploads\/2019\/11\/ed084eff-copom-png.webp\",\"contentUrl\":\"https:\/\/files.sunoresearch.com.br\/n\/uploads\/2019\/11\/ed084eff-copom-png.webp\",\"width\":1890,\"height\":1064,\"caption\":\"BC analisa infla\u00e7\u00e3o acima do esperado, por\u00e9m \\\"choque\\\" \u00e9 tempor\u00e1rio\"},{\"@type\":\"BreadcrumbList\",\"@id\":\"https:\/\/www.suno.com.br\/noticias\/copom-nao-preve-reducao-estimulo-relatorio-inflacao\/#breadcrumb\",\"itemListElement\":[{\"@type\":\"ListItem\",\"position\":1,\"name\":\"Not\u00edcias\",\"item\":\"https:\/\/www.suno.com.br\/noticias\/\"},{\"@type\":\"ListItem\",\"position\":2,\"name\":\"Economia\",\"item\":\"https:\/\/www.suno.com.br\/noticias\/economia\/\"},{\"@type\":\"ListItem\",\"position\":3,\"name\":\"Copom n\u00e3o prev\u00ea redu\u00e7\u00e3o do grau de est\u00edmulo, diz relat\u00f3rio de infla\u00e7\u00e3o\"}]},{\"@type\":\"WebSite\",\"@id\":\"https:\/\/www.suno.com.br\/noticias\/#website\",\"url\":\"https:\/\/www.suno.com.br\/noticias\/\",\"name\":\"Suno Not\u00edcias\",\"description\":\"Seu portal de informa\u00e7\u00e3o sobre o mundo dos investimentos\",\"publisher\":{\"@id\":\"https:\/\/www.suno.com.br\/noticias\/#organization\"},\"potentialAction\":[{\"@type\":\"SearchAction\",\"target\":{\"@type\":\"EntryPoint\",\"urlTemplate\":\"https:\/\/www.suno.com.br\/noticias\/?s={search_term_string}\"},\"query-input\":{\"@type\":\"PropertyValueSpecification\",\"valueRequired\":true,\"valueName\":\"search_term_string\"}}],\"inLanguage\":\"pt-BR\"},{\"@type\":\"Organization\",\"@id\":\"https:\/\/www.suno.com.br\/noticias\/#organization\",\"name\":\"Suno Not\u00edcias\",\"url\":\"https:\/\/www.suno.com.br\/noticias\/\",\"logo\":{\"@type\":\"ImageObject\",\"inLanguage\":\"pt-BR\",\"@id\":\"https:\/\/www.suno.com.br\/noticias\/#\/schema\/logo\/image\/\",\"url\":\"https:\/\/files.sunoresearch.com.br\/n\/uploads\/2021\/09\/suno-logo.png\",\"contentUrl\":\"https:\/\/files.sunoresearch.com.br\/n\/uploads\/2021\/09\/suno-logo.png\",\"width\":180,\"height\":180,\"caption\":\"Suno Not\u00edcias\"},\"image\":{\"@id\":\"https:\/\/www.suno.com.br\/noticias\/#\/schema\/logo\/image\/\"},\"sameAs\":[\"https:\/\/facebook.com\/sunoresearch\",\"https:\/\/x.com\/sunoresearch\",\"https:\/\/www.instagram.com\/suno\",\"https:\/\/www.linkedin.com\/company\/suno-research\/\",\"https:\/\/www.youtube.com\/c\/sunoresearch\"]},{\"@type\":\"Person\",\"@id\":\"https:\/\/www.suno.com.br\/noticias\/#\/schema\/person\/918d79de1f0281f01599b93f9ea6e23f\",\"name\":\"Jader Lazarini\",\"image\":{\"@type\":\"ImageObject\",\"inLanguage\":\"pt-BR\",\"@id\":\"https:\/\/www.suno.com.br\/noticias\/#\/schema\/person\/image\/\",\"url\":\"https:\/\/secure.gravatar.com\/avatar\/3c1ad8caa51589841baeb923fcddea97?s=96&r=g\",\"contentUrl\":\"https:\/\/secure.gravatar.com\/avatar\/3c1ad8caa51589841baeb923fcddea97?s=96&r=g\",\"caption\":\"Jader Lazarini\"},\"description\":\"Jader Lazarini escreve sobre investimentos, finan\u00e7as, economia e neg\u00f3cios. \u00c9 bacharel em Rela\u00e7\u00f5es Internacionais e analista CNPI (2619).\",\"url\":\"https:\/\/www.suno.com.br\/noticias\/author\/jader-lazarini\/\"}]}<\/script>\n<!-- \/ Yoast SEO plugin. -->","yoast_head_json":{"title":"Copom n\u00e3o prev\u00ea redu\u00e7\u00e3o do grau de est\u00edmulo, diz relat\u00f3rio de infla\u00e7\u00e3o","description":"O Copom n\u00e3o deve elevar a Selic, a menos que as expectativas pela infla\u00e7\u00e3o estejam pr\u00f3ximas das metas. Clique aqui e saiba mais.","robots":{"index":"index","follow":"follow","max-snippet":"max-snippet:-1","max-image-preview":"max-image-preview:large","max-video-preview":"max-video-preview:-1"},"canonical":"https:\/\/www.suno.com.br\/noticias\/copom-nao-preve-reducao-estimulo-relatorio-inflacao\/","og_locale":"pt_BR","og_type":"article","og_title":"Copom n\u00e3o prev\u00ea redu\u00e7\u00e3o do grau de est\u00edmulo, diz relat\u00f3rio de infla\u00e7\u00e3o","og_description":"O Copom n\u00e3o deve elevar a Selic, a menos que as expectativas pela infla\u00e7\u00e3o estejam pr\u00f3ximas das metas. Clique aqui e saiba mais.","og_url":"https:\/\/www.suno.com.br\/noticias\/copom-nao-preve-reducao-estimulo-relatorio-inflacao\/","og_site_name":"Suno Not\u00edcias","article_publisher":"https:\/\/facebook.com\/sunoresearch","og_image":[{"width":1890,"height":1064,"url":"https:\/\/files.sunoresearch.com.br\/n\/uploads\/2019\/11\/ed084eff-copom.png","type":"image\/png"}],"author":"Jader Lazarini","twitter_card":"summary_large_image","twitter_creator":"@sunoresearch","twitter_site":"@sunoresearch","twitter_misc":{"Escrito por":"Jader Lazarini","Est. tempo de leitura":"3 minutos"},"schema":{"@context":"https:\/\/schema.org","@graph":[{"@type":"NewsArticle","@id":"https:\/\/www.suno.com.br\/noticias\/copom-nao-preve-reducao-estimulo-relatorio-inflacao\/#article","isPartOf":{"@id":"https:\/\/www.suno.com.br\/noticias\/copom-nao-preve-reducao-estimulo-relatorio-inflacao\/"},"author":{"name":"Jader Lazarini","@id":"https:\/\/www.suno.com.br\/noticias\/#\/schema\/person\/918d79de1f0281f01599b93f9ea6e23f"},"headline":"Copom n\u00e3o prev\u00ea redu\u00e7\u00e3o do grau de est\u00edmulo, diz relat\u00f3rio de infla\u00e7\u00e3o","datePublished":"2020-09-24T14:21:42+00:00","dateModified":"2020-09-24T14:22:07+00:00","mainEntityOfPage":{"@id":"https:\/\/www.suno.com.br\/noticias\/copom-nao-preve-reducao-estimulo-relatorio-inflacao\/"},"wordCount":529,"publisher":{"@id":"https:\/\/www.suno.com.br\/noticias\/#organization"},"image":{"@id":"https:\/\/www.suno.com.br\/noticias\/copom-nao-preve-reducao-estimulo-relatorio-inflacao\/#primaryimage"},"thumbnailUrl":"https:\/\/files.sunoresearch.com.br\/n\/uploads\/2019\/11\/ed084eff-copom-png.webp","keywords":["Banco Central (BC)","Copom","infla\u00e7\u00e3o","Taxa Selic"],"articleSection":["Economia"],"inLanguage":"pt-BR"},{"@type":"WebPage","@id":"https:\/\/www.suno.com.br\/noticias\/copom-nao-preve-reducao-estimulo-relatorio-inflacao\/","url":"https:\/\/www.suno.com.br\/noticias\/copom-nao-preve-reducao-estimulo-relatorio-inflacao\/","name":"Copom n\u00e3o prev\u00ea redu\u00e7\u00e3o do grau de est\u00edmulo, diz relat\u00f3rio de infla\u00e7\u00e3o","isPartOf":{"@id":"https:\/\/www.suno.com.br\/noticias\/#website"},"primaryImageOfPage":{"@id":"https:\/\/www.suno.com.br\/noticias\/copom-nao-preve-reducao-estimulo-relatorio-inflacao\/#primaryimage"},"image":{"@id":"https:\/\/www.suno.com.br\/noticias\/copom-nao-preve-reducao-estimulo-relatorio-inflacao\/#primaryimage"},"thumbnailUrl":"https:\/\/files.sunoresearch.com.br\/n\/uploads\/2019\/11\/ed084eff-copom-png.webp","datePublished":"2020-09-24T14:21:42+00:00","dateModified":"2020-09-24T14:22:07+00:00","description":"O Copom n\u00e3o deve elevar a Selic, a menos que as expectativas pela infla\u00e7\u00e3o estejam pr\u00f3ximas das metas. Clique aqui e saiba mais.","breadcrumb":{"@id":"https:\/\/www.suno.com.br\/noticias\/copom-nao-preve-reducao-estimulo-relatorio-inflacao\/#breadcrumb"},"inLanguage":"pt-BR","potentialAction":[{"@type":"ReadAction","target":["https:\/\/www.suno.com.br\/noticias\/copom-nao-preve-reducao-estimulo-relatorio-inflacao\/"]}]},{"@type":"ImageObject","inLanguage":"pt-BR","@id":"https:\/\/www.suno.com.br\/noticias\/copom-nao-preve-reducao-estimulo-relatorio-inflacao\/#primaryimage","url":"https:\/\/files.sunoresearch.com.br\/n\/uploads\/2019\/11\/ed084eff-copom-png.webp","contentUrl":"https:\/\/files.sunoresearch.com.br\/n\/uploads\/2019\/11\/ed084eff-copom-png.webp","width":1890,"height":1064,"caption":"BC analisa infla\u00e7\u00e3o acima do esperado, por\u00e9m \"choque\" \u00e9 tempor\u00e1rio"},{"@type":"BreadcrumbList","@id":"https:\/\/www.suno.com.br\/noticias\/copom-nao-preve-reducao-estimulo-relatorio-inflacao\/#breadcrumb","itemListElement":[{"@type":"ListItem","position":1,"name":"Not\u00edcias","item":"https:\/\/www.suno.com.br\/noticias\/"},{"@type":"ListItem","position":2,"name":"Economia","item":"https:\/\/www.suno.com.br\/noticias\/economia\/"},{"@type":"ListItem","position":3,"name":"Copom n\u00e3o prev\u00ea redu\u00e7\u00e3o do grau de est\u00edmulo, diz relat\u00f3rio de infla\u00e7\u00e3o"}]},{"@type":"WebSite","@id":"https:\/\/www.suno.com.br\/noticias\/#website","url":"https:\/\/www.suno.com.br\/noticias\/","name":"Suno Not\u00edcias","description":"Seu portal de informa\u00e7\u00e3o sobre o mundo dos investimentos","publisher":{"@id":"https:\/\/www.suno.com.br\/noticias\/#organization"},"potentialAction":[{"@type":"SearchAction","target":{"@type":"EntryPoint","urlTemplate":"https:\/\/www.suno.com.br\/noticias\/?s={search_term_string}"},"query-input":{"@type":"PropertyValueSpecification","valueRequired":true,"valueName":"search_term_string"}}],"inLanguage":"pt-BR"},{"@type":"Organization","@id":"https:\/\/www.suno.com.br\/noticias\/#organization","name":"Suno Not\u00edcias","url":"https:\/\/www.suno.com.br\/noticias\/","logo":{"@type":"ImageObject","inLanguage":"pt-BR","@id":"https:\/\/www.suno.com.br\/noticias\/#\/schema\/logo\/image\/","url":"https:\/\/files.sunoresearch.com.br\/n\/uploads\/2021\/09\/suno-logo.png","contentUrl":"https:\/\/files.sunoresearch.com.br\/n\/uploads\/2021\/09\/suno-logo.png","width":180,"height":180,"caption":"Suno Not\u00edcias"},"image":{"@id":"https:\/\/www.suno.com.br\/noticias\/#\/schema\/logo\/image\/"},"sameAs":["https:\/\/facebook.com\/sunoresearch","https:\/\/x.com\/sunoresearch","https:\/\/www.instagram.com\/suno","https:\/\/www.linkedin.com\/company\/suno-research\/","https:\/\/www.youtube.com\/c\/sunoresearch"]},{"@type":"Person","@id":"https:\/\/www.suno.com.br\/noticias\/#\/schema\/person\/918d79de1f0281f01599b93f9ea6e23f","name":"Jader Lazarini","image":{"@type":"ImageObject","inLanguage":"pt-BR","@id":"https:\/\/www.suno.com.br\/noticias\/#\/schema\/person\/image\/","url":"https:\/\/secure.gravatar.com\/avatar\/3c1ad8caa51589841baeb923fcddea97?s=96&r=g","contentUrl":"https:\/\/secure.gravatar.com\/avatar\/3c1ad8caa51589841baeb923fcddea97?s=96&r=g","caption":"Jader Lazarini"},"description":"Jader Lazarini escreve sobre investimentos, finan\u00e7as, economia e neg\u00f3cios. \u00c9 bacharel em Rela\u00e7\u00f5es Internacionais e analista CNPI (2619).","url":"https:\/\/www.suno.com.br\/noticias\/author\/jader-lazarini\/"}]}},"default_loop_html":"<div class=\"cardsPage__listCard__boxs\"><div class=\"cardsPage__listCard__boxs__img\"><a href=\"https:\/\/www.suno.com.br\/noticias\/copom-nao-preve-reducao-estimulo-relatorio-inflacao\/\"><img class=\"mask\" src=\"https:\/\/www.suno.com.br\/noticias\/wp-content\/themes\/suno\/resources\/images\/spotlight\/spotlight1img\/bg-mask.png\" alt=\"Image Mask\"\/><img src=\"https:\/\/files.sunoresearch.com.br\/n\/uploads\/2019\/11\/ed084eff-copom-400x200.webp\" alt=\"Copom n\u00e3o prev\u00ea redu\u00e7\u00e3o do grau de est\u00edmulo, diz relat\u00f3rio de infla\u00e7\u00e3o\"\/><\/a><span class=\"spotlightCategory\"><a href=\"https:\/\/www.suno.com.br\/noticias\/economia\/\">Economia<\/a><\/span><\/div><div class=\"cardsPage__listCard__boxs__content\"><a href=\"https:\/\/www.suno.com.br\/noticias\/copom-nao-preve-reducao-estimulo-relatorio-inflacao\/\"><h2 class=\"content__title\">Copom n\u00e3o prev\u00ea redu\u00e7\u00e3o do grau de est\u00edmulo, diz relat\u00f3rio de infla\u00e7\u00e3o<\/h2><\/a><div class=\"newsContent__article__meta\"><div class=\"newsContent__article__meta__authorBox\"><a href=\"https:\/\/www.suno.com.br\/noticias\/author\/jader-lazarini\/\" class=\"authorBox__avatar noMobi\"><img src=\"https:\/\/files.sunoresearch.com.br\/n\/uploads\/2021\/01\/178e6598-foto-perfil-2-150x150.jpg\" alt=\"Jader Lazarini\"><\/a><div class=\"authorBox__name\"><span>por\n\t\t\t<a href=\"https:\/\/www.suno.com.br\/noticias\/author\/jader-lazarini\/\"><span itemprop=\"author\">Jader Lazarini<\/span><\/a><\/span><time datetime=\"2020-09-24T11:21:42-03:00\" itemprop=\"datePublished\">24\/09\/2020 11:21<\/time><\/div><\/div><\/div><\/div><\/div>","single_layout":"posts","amp_enabled":true,"_links":{"self":[{"href":"https:\/\/www.suno.com.br\/noticias\/wp-json\/wp\/v2\/posts\/87128"}],"collection":[{"href":"https:\/\/www.suno.com.br\/noticias\/wp-json\/wp\/v2\/posts"}],"about":[{"href":"https:\/\/www.suno.com.br\/noticias\/wp-json\/wp\/v2\/types\/post"}],"author":[{"embeddable":true,"href":"https:\/\/www.suno.com.br\/noticias\/wp-json\/wp\/v2\/users\/24"}],"replies":[{"embeddable":true,"href":"https:\/\/www.suno.com.br\/noticias\/wp-json\/wp\/v2\/comments?post=87128"}],"version-history":[{"count":0,"href":"https:\/\/www.suno.com.br\/noticias\/wp-json\/wp\/v2\/posts\/87128\/revisions"}],"wp:featuredmedia":[{"embeddable":true,"href":"https:\/\/www.suno.com.br\/noticias\/wp-json\/wp\/v2\/media\/43730"}],"wp:attachment":[{"href":"https:\/\/www.suno.com.br\/noticias\/wp-json\/wp\/v2\/media?parent=87128"}],"wp:term":[{"taxonomy":"category","embeddable":true,"href":"https:\/\/www.suno.com.br\/noticias\/wp-json\/wp\/v2\/categories?post=87128"},{"taxonomy":"post_tag","embeddable":true,"href":"https:\/\/www.suno.com.br\/noticias\/wp-json\/wp\/v2\/tags?post=87128"},{"taxonomy":"suno_strategy","embeddable":true,"href":"https:\/\/www.suno.com.br\/noticias\/wp-json\/wp\/v2\/suno_strategy?post=87128"}],"curies":[{"name":"wp","href":"https:\/\/api.w.org\/{rel}","templated":true}]}}