{"id":87079,"date":"2020-09-24T07:33:48","date_gmt":"2020-09-24T10:33:48","guid":{"rendered":"https:\/\/www.suno.com.br\/noticias\/?p=87079"},"modified":"2020-09-24T07:33:48","modified_gmt":"2020-09-24T10:33:48","slug":"renda-cidada-substituira-bolsa-familia","status":"publish","type":"post","link":"https:\/\/www.suno.com.br\/noticias\/renda-cidada-substituira-bolsa-familia\/","title":{"rendered":"Renda Cidad\u00e3: escolhido o nome que substituir\u00e1 Bolsa Fam\u00edlia"},"content":{"rendered":"<p>De acordo com o relator da Proposta de Emenda Constitucional (PEC) do Pacto Federativo, M\u00e1rcio Bittar, o novo programa social do governo de Jair Bolsonaro dever\u00e1 ser chamado de <strong>Renda Cidad\u00e3<\/strong>, em substitui\u00e7\u00e3o ao Bolsa Fam\u00edlia. O senador informou que o mandat\u00e1rio deu o aval para a cria\u00e7\u00e3o do programa na \u00faltima quarta-feira (23).<\/p>\t<div class=\"wrapper-featured-image\">\n\t\t<figure class=\"spotlightImg\">\n\n\t\t\t<picture>\n\t\t\t\t<source media=\"(max-width: 768px)\" srcset=\"https:\/\/files.sunoresearch.com.br\/n\/uploads\/2020\/09\/89bd13b5-pres-bolsonaro-marcoscorre\u0302a-pr-400x200.webp\">\n\t\t\t\t<img loading=\"lazy\" decoding=\"async\" class=\"newsContent__article__imgCapa lazyloadDisabled \" src=\"https:\/\/files.sunoresearch.com.br\/n\/uploads\/2020\/09\/89bd13b5-pres-bolsonaro-marcoscorre\u0302a-pr-800x450.webp\" width=\"800\" height=\"450\" alt=\"Renda Cidad\u00e3: escolhido o nome que substituir\u00e1 Bolsa Fam\u00edlia\" fetchpriority=high \/>\n\t\t\t<\/picture>\n\n\t\t\t<figcaption class=\"wp-caption-text wp-caption-text--show\">Bolsonaro diz que pre\u00e7o do arroz deve cair com importa\u00e7\u00e3o feita pelo governo<\/figcaption>\n\t\t<\/figure>\n\t<\/div>\n\n\n<div class=\"hubspot-form-wrapper\">\n\t<div id=\"single-form-target\"><\/div>\n<\/div>\n\n<p>\u201cPosso dizer que estou autorizado a fechar o relat\u00f3rio e apontar a fonte de recursos para o novo programa. Isso foi acertado com o presidente e todos os l\u00edderes\u201d, disse <strong>Bittar<\/strong>. A proposta abrir\u00e1 espa\u00e7o no or\u00e7amento da Uni\u00e3o para o aumento de gastos. O Renda Cidad\u00e3 deve expandir o <strong>Bolsa Fam\u00edlia<\/strong>, criado durante o governo petista e que alcan\u00e7a 14 milh\u00f5es de fam\u00edlias, gerando um custo de R$ 32 bilh\u00f5es anuais.<\/p>\n<p>O senador, entretanto, n\u00e3o antecipou qual ser\u00e1 a fonte de recursos para a implementa\u00e7\u00e3o do programa, mas afirma que ser\u00e1 necess\u00e1rio cortar gastos para obter espa\u00e7o em torno de R$ 30 bilh\u00f5es com o objetivo de incluir 10 milh\u00f5es de fam\u00edlias no projeto. Nesse sentido, o volume de recursos necess\u00e1rios para a cria\u00e7\u00e3o do Renda Cidad\u00e3 depender\u00e1 do valor individual do <strong>benef\u00edcio<\/strong>.<\/p>\n<p><a href=\"https:\/\/lp.suno.com.br\/suno-one\/\">No Suno One voc\u00ea aprende a fazer seu dinheiro trabalhar para voc\u00ea. Cadastre-se gratuitamente agora!<\/a><\/p>\n<h2>Palavra de ordem \u00e9 n\u00e3o antecipar detalhes sobre o Renda Cidad\u00e3<\/h2>\n<p><strong>Bolsonaro<\/strong> gostaria de manter um valor pr\u00f3ximo dos R$ 300, atual quantia do <strong>aux\u00edlio emergencial<\/strong>, criado para o combate aos efeitos da pandemia do <a href=\"https:\/\/www.suno.com.br\/noticias\/?s=coronav%C3%ADrus\">novo coronav\u00edrus (Covid-19)<\/a>. Em fun\u00e7\u00e3o disso, tanto no Legislativo como no governo, o intuito \u00e9 n\u00e3o dar detalhes sobre o novo programa.<\/p>\n<p>Os respons\u00e1veis pela elabora\u00e7\u00e3o do Renda Cidad\u00e3 n\u00e3o querem criar ru\u00eddos antes da implementa\u00e7\u00e3o do projeto, como o ocorrido ap\u00f3s entrevistas do secret\u00e1rio especial da Fazenda, <strong>Wadery Rodrigues<\/strong>, dizendo que entre as fontes alternativas de recursos estaria o congelamento do valor das aposentadorias e pens\u00f5es, o que gerou insatisfa\u00e7\u00e3o do presidente.<\/p>\n\t<div data-element=\"shortcode-read-more\" class=\"knowMore\">\n\t\t\t\t<span class=\"knowMore__title\">Confira<\/span>\n\t\t\t\t<a class=\"knowMore__link\" href=\"https:\/\/www.suno.com.br\/noticias\/renda-brasil-bolsonaro-desiste\/\">\n\t\t\tRenda Brasil: Bolsonaro desiste de plano para substituir Bolsa Fam\u00edlia\t\t<\/a>\n\t<\/div>\n\n\n<p>O mandat\u00e1rio reafirmou que n\u00e3o tiraria dos pobres para dar aos paup\u00e9rrimos, proibindo integrantes do governo em falar sobre o Renda Brasil, programa que estava em pauta para substituir o Bolsa Fam\u00edlia, at\u00e9 o fim de seu mandato, em 2022. Agora, ap\u00f3s o atrito junto ao Minist\u00e9rio da Economia, Bolsonaro deu sinal positivo para a formula\u00e7\u00e3o do <strong>Renda Cidad\u00e3<\/strong>.<\/p>\n\t<p>\n\t\t<a href=\"https:\/\/lp.suno.com.br\/planilha-de-controle-de-investimentos\/\" target=\"_blank\" data-element=\"shortcode-suno-banner\" title=\"Banner SUNO, clique e saiba mais\">\n\t\t\t<picture>\n\t\t\t\t<source media=\"(max-width: 500px)\" srcset=\"https:\/\/files.sunoresearch.com.br\/n\/uploads\/2023\/03\/400x300-Controle-de-Investimentos.png\">\n\t\t\t\t<img class=\"newsContent__article__imgCapa newsContent__article__imgCapa--banner\"\n\t\t\t\t\tsrc=\"https:\/\/files.sunoresearch.com.br\/n\/uploads\/2023\/03\/1420x240-Controle-de-Investimentos.png\"\n\t\t\t\t\tdata-promo-id=\"75934\"\t\t\t\t\t\t\t\t\t\twidth='1420' height='240'\t\t\t\t\talt=\"https:\/\/files.sunoresearch.com.br\/n\/uploads\/2023\/03\/1420x240-Controle-de-Investimentos.png\"\n\t\t\t\t>\n\t\t\t<\/picture>\n\t\t<\/a>\n\t<\/p>\n\n\n","protected":false},"excerpt":{"rendered":"<p>De acordo com o relator da Proposta de Emenda Constitucional (PEC) do Pacto Federativo, M\u00e1rcio Bittar, o novo programa social do governo de Jair Bolsonaro dever\u00e1 ser chamado de Renda Cidad\u00e3, em substitui\u00e7\u00e3o ao Bolsa Fam\u00edlia. O senador informou que o mandat\u00e1rio deu o aval para a cria\u00e7\u00e3o do programa na \u00faltima quarta-feira (23). Bolsonaro [&hellip;]<\/p>\n","protected":false},"author":24,"featured_media":87080,"comment_status":"closed","ping_status":"closed","sticky":false,"template":"","format":"standard","meta":[],"categories":[61],"tags":[774,719,104572],"suno_strategy":[],"class_list":["post-87079","post","type-post","status-publish","format-standard","has-post-thumbnail","hentry","category-politica","tag-bolsa-familia","tag-jair-bolsonaro","tag-renda-cidada"],"yoast_head":"<!-- This site is optimized with the Yoast SEO plugin v24.4 - https:\/\/yoast.com\/wordpress\/plugins\/seo\/ -->\n<title>Renda Cidad\u00e3: escolhido o nome que substituir\u00e1 Bolsa Fam\u00edlia<\/title>\n<meta name=\"description\" content=\"O novo programa social do governo de Jair Bolsonaro dever\u00e1 ser chamado de Renda Cidad\u00e3, em substitui\u00e7\u00e3o ao Bolsa Fam\u00edlia. Saiba mais.\" \/>\n<meta name=\"robots\" content=\"index, follow, max-snippet:-1, max-image-preview:large, max-video-preview:-1\" \/>\n<link rel=\"canonical\" href=\"https:\/\/www.suno.com.br\/noticias\/renda-cidada-substituira-bolsa-familia\/\" \/>\n<meta property=\"og:locale\" content=\"pt_BR\" \/>\n<meta property=\"og:type\" content=\"article\" \/>\n<meta property=\"og:title\" content=\"Renda Cidad\u00e3: escolhido o nome que substituir\u00e1 Bolsa Fam\u00edlia\" \/>\n<meta property=\"og:description\" content=\"O novo programa social do governo de Jair Bolsonaro dever\u00e1 ser chamado de Renda Cidad\u00e3, em substitui\u00e7\u00e3o ao Bolsa Fam\u00edlia. Saiba mais.\" \/>\n<meta property=\"og:url\" content=\"https:\/\/www.suno.com.br\/noticias\/renda-cidada-substituira-bolsa-familia\/\" \/>\n<meta property=\"og:site_name\" content=\"Suno Not\u00edcias\" \/>\n<meta property=\"article:publisher\" content=\"https:\/\/facebook.com\/sunoresearch\" \/>\n<meta property=\"og:image\" content=\"https:\/\/files.sunoresearch.com.br\/n\/uploads\/2020\/09\/89bd13b5-pres-bolsonaro-marcoscorre\u0302a-pr.jpg\" \/>\n\t<meta property=\"og:image:width\" content=\"1200\" \/>\n\t<meta property=\"og:image:height\" content=\"720\" \/>\n\t<meta property=\"og:image:type\" content=\"image\/jpeg\" \/>\n<meta name=\"author\" content=\"Jader Lazarini\" \/>\n<meta name=\"twitter:card\" content=\"summary_large_image\" \/>\n<meta name=\"twitter:creator\" content=\"@sunoresearch\" \/>\n<meta name=\"twitter:site\" content=\"@sunoresearch\" \/>\n<meta name=\"twitter:label1\" content=\"Escrito por\" \/>\n\t<meta name=\"twitter:data1\" content=\"Jader Lazarini\" \/>\n\t<meta name=\"twitter:label2\" content=\"Est. tempo de leitura\" \/>\n\t<meta name=\"twitter:data2\" content=\"2 minutos\" \/>\n<script type=\"application\/ld+json\" class=\"yoast-schema-graph\">{\"@context\":\"https:\/\/schema.org\",\"@graph\":[{\"@type\":\"NewsArticle\",\"@id\":\"https:\/\/www.suno.com.br\/noticias\/renda-cidada-substituira-bolsa-familia\/#article\",\"isPartOf\":{\"@id\":\"https:\/\/www.suno.com.br\/noticias\/renda-cidada-substituira-bolsa-familia\/\"},\"author\":{\"name\":\"Jader Lazarini\",\"@id\":\"https:\/\/www.suno.com.br\/noticias\/#\/schema\/person\/918d79de1f0281f01599b93f9ea6e23f\"},\"headline\":\"Renda Cidad\u00e3: escolhido o nome que substituir\u00e1 Bolsa Fam\u00edlia\",\"datePublished\":\"2020-09-24T10:33:48+00:00\",\"mainEntityOfPage\":{\"@id\":\"https:\/\/www.suno.com.br\/noticias\/renda-cidada-substituira-bolsa-familia\/\"},\"wordCount\":440,\"publisher\":{\"@id\":\"https:\/\/www.suno.com.br\/noticias\/#organization\"},\"image\":{\"@id\":\"https:\/\/www.suno.com.br\/noticias\/renda-cidada-substituira-bolsa-familia\/#primaryimage\"},\"thumbnailUrl\":\"https:\/\/files.sunoresearch.com.br\/n\/uploads\/2020\/09\/89bd13b5-pres-bolsonaro-marcoscorre\u0302a-pr-jpg.webp\",\"keywords\":[\"Bolsa Fam\u00edlia\",\"Jair Bolsonaro\",\"Renda Cidad\u00e3\"],\"articleSection\":[\"Pol\u00edtica\"],\"inLanguage\":\"pt-BR\"},{\"@type\":\"WebPage\",\"@id\":\"https:\/\/www.suno.com.br\/noticias\/renda-cidada-substituira-bolsa-familia\/\",\"url\":\"https:\/\/www.suno.com.br\/noticias\/renda-cidada-substituira-bolsa-familia\/\",\"name\":\"Renda Cidad\u00e3: escolhido o nome que substituir\u00e1 Bolsa Fam\u00edlia\",\"isPartOf\":{\"@id\":\"https:\/\/www.suno.com.br\/noticias\/#website\"},\"primaryImageOfPage\":{\"@id\":\"https:\/\/www.suno.com.br\/noticias\/renda-cidada-substituira-bolsa-familia\/#primaryimage\"},\"image\":{\"@id\":\"https:\/\/www.suno.com.br\/noticias\/renda-cidada-substituira-bolsa-familia\/#primaryimage\"},\"thumbnailUrl\":\"https:\/\/files.sunoresearch.com.br\/n\/uploads\/2020\/09\/89bd13b5-pres-bolsonaro-marcoscorre\u0302a-pr-jpg.webp\",\"datePublished\":\"2020-09-24T10:33:48+00:00\",\"description\":\"O novo programa social do governo de Jair Bolsonaro dever\u00e1 ser chamado de Renda Cidad\u00e3, em substitui\u00e7\u00e3o ao Bolsa Fam\u00edlia. Saiba mais.\",\"breadcrumb\":{\"@id\":\"https:\/\/www.suno.com.br\/noticias\/renda-cidada-substituira-bolsa-familia\/#breadcrumb\"},\"inLanguage\":\"pt-BR\",\"potentialAction\":[{\"@type\":\"ReadAction\",\"target\":[\"https:\/\/www.suno.com.br\/noticias\/renda-cidada-substituira-bolsa-familia\/\"]}]},{\"@type\":\"ImageObject\",\"inLanguage\":\"pt-BR\",\"@id\":\"https:\/\/www.suno.com.br\/noticias\/renda-cidada-substituira-bolsa-familia\/#primaryimage\",\"url\":\"https:\/\/files.sunoresearch.com.br\/n\/uploads\/2020\/09\/89bd13b5-pres-bolsonaro-marcoscorre\u0302a-pr-jpg.webp\",\"contentUrl\":\"https:\/\/files.sunoresearch.com.br\/n\/uploads\/2020\/09\/89bd13b5-pres-bolsonaro-marcoscorre\u0302a-pr-jpg.webp\",\"width\":1200,\"height\":720,\"caption\":\"Bolsonaro diz que pre\u00e7o do arroz deve cair com importa\u00e7\u00e3o feita pelo governo\"},{\"@type\":\"BreadcrumbList\",\"@id\":\"https:\/\/www.suno.com.br\/noticias\/renda-cidada-substituira-bolsa-familia\/#breadcrumb\",\"itemListElement\":[{\"@type\":\"ListItem\",\"position\":1,\"name\":\"Not\u00edcias\",\"item\":\"https:\/\/www.suno.com.br\/noticias\/\"},{\"@type\":\"ListItem\",\"position\":2,\"name\":\"Pol\u00edtica\",\"item\":\"https:\/\/www.suno.com.br\/noticias\/politica\/\"},{\"@type\":\"ListItem\",\"position\":3,\"name\":\"Renda Cidad\u00e3: escolhido o nome que substituir\u00e1 Bolsa Fam\u00edlia\"}]},{\"@type\":\"WebSite\",\"@id\":\"https:\/\/www.suno.com.br\/noticias\/#website\",\"url\":\"https:\/\/www.suno.com.br\/noticias\/\",\"name\":\"Suno Not\u00edcias\",\"description\":\"Seu portal de informa\u00e7\u00e3o sobre o mundo dos investimentos\",\"publisher\":{\"@id\":\"https:\/\/www.suno.com.br\/noticias\/#organization\"},\"potentialAction\":[{\"@type\":\"SearchAction\",\"target\":{\"@type\":\"EntryPoint\",\"urlTemplate\":\"https:\/\/www.suno.com.br\/noticias\/?s={search_term_string}\"},\"query-input\":{\"@type\":\"PropertyValueSpecification\",\"valueRequired\":true,\"valueName\":\"search_term_string\"}}],\"inLanguage\":\"pt-BR\"},{\"@type\":\"Organization\",\"@id\":\"https:\/\/www.suno.com.br\/noticias\/#organization\",\"name\":\"Suno Not\u00edcias\",\"url\":\"https:\/\/www.suno.com.br\/noticias\/\",\"logo\":{\"@type\":\"ImageObject\",\"inLanguage\":\"pt-BR\",\"@id\":\"https:\/\/www.suno.com.br\/noticias\/#\/schema\/logo\/image\/\",\"url\":\"https:\/\/files.sunoresearch.com.br\/n\/uploads\/2021\/09\/suno-logo.png\",\"contentUrl\":\"https:\/\/files.sunoresearch.com.br\/n\/uploads\/2021\/09\/suno-logo.png\",\"width\":180,\"height\":180,\"caption\":\"Suno Not\u00edcias\"},\"image\":{\"@id\":\"https:\/\/www.suno.com.br\/noticias\/#\/schema\/logo\/image\/\"},\"sameAs\":[\"https:\/\/facebook.com\/sunoresearch\",\"https:\/\/x.com\/sunoresearch\",\"https:\/\/www.instagram.com\/suno\",\"https:\/\/www.linkedin.com\/company\/suno-research\/\",\"https:\/\/www.youtube.com\/c\/sunoresearch\"]},{\"@type\":\"Person\",\"@id\":\"https:\/\/www.suno.com.br\/noticias\/#\/schema\/person\/918d79de1f0281f01599b93f9ea6e23f\",\"name\":\"Jader Lazarini\",\"image\":{\"@type\":\"ImageObject\",\"inLanguage\":\"pt-BR\",\"@id\":\"https:\/\/www.suno.com.br\/noticias\/#\/schema\/person\/image\/\",\"url\":\"https:\/\/secure.gravatar.com\/avatar\/3c1ad8caa51589841baeb923fcddea97?s=96&r=g\",\"contentUrl\":\"https:\/\/secure.gravatar.com\/avatar\/3c1ad8caa51589841baeb923fcddea97?s=96&r=g\",\"caption\":\"Jader Lazarini\"},\"description\":\"Jader Lazarini escreve sobre investimentos, finan\u00e7as, economia e neg\u00f3cios. \u00c9 bacharel em Rela\u00e7\u00f5es Internacionais e analista CNPI (2619).\",\"url\":\"https:\/\/www.suno.com.br\/noticias\/author\/jader-lazarini\/\"}]}<\/script>\n<!-- \/ Yoast SEO plugin. -->","yoast_head_json":{"title":"Renda Cidad\u00e3: escolhido o nome que substituir\u00e1 Bolsa Fam\u00edlia","description":"O novo programa social do governo de Jair Bolsonaro dever\u00e1 ser chamado de Renda Cidad\u00e3, em substitui\u00e7\u00e3o ao Bolsa Fam\u00edlia. Saiba mais.","robots":{"index":"index","follow":"follow","max-snippet":"max-snippet:-1","max-image-preview":"max-image-preview:large","max-video-preview":"max-video-preview:-1"},"canonical":"https:\/\/www.suno.com.br\/noticias\/renda-cidada-substituira-bolsa-familia\/","og_locale":"pt_BR","og_type":"article","og_title":"Renda Cidad\u00e3: escolhido o nome que substituir\u00e1 Bolsa Fam\u00edlia","og_description":"O novo programa social do governo de Jair Bolsonaro dever\u00e1 ser chamado de Renda Cidad\u00e3, em substitui\u00e7\u00e3o ao Bolsa Fam\u00edlia. Saiba mais.","og_url":"https:\/\/www.suno.com.br\/noticias\/renda-cidada-substituira-bolsa-familia\/","og_site_name":"Suno Not\u00edcias","article_publisher":"https:\/\/facebook.com\/sunoresearch","og_image":[{"width":1200,"height":720,"url":"https:\/\/files.sunoresearch.com.br\/n\/uploads\/2020\/09\/89bd13b5-pres-bolsonaro-marcoscorre\u0302a-pr.jpg","type":"image\/jpeg"}],"author":"Jader Lazarini","twitter_card":"summary_large_image","twitter_creator":"@sunoresearch","twitter_site":"@sunoresearch","twitter_misc":{"Escrito por":"Jader Lazarini","Est. tempo de leitura":"2 minutos"},"schema":{"@context":"https:\/\/schema.org","@graph":[{"@type":"NewsArticle","@id":"https:\/\/www.suno.com.br\/noticias\/renda-cidada-substituira-bolsa-familia\/#article","isPartOf":{"@id":"https:\/\/www.suno.com.br\/noticias\/renda-cidada-substituira-bolsa-familia\/"},"author":{"name":"Jader Lazarini","@id":"https:\/\/www.suno.com.br\/noticias\/#\/schema\/person\/918d79de1f0281f01599b93f9ea6e23f"},"headline":"Renda Cidad\u00e3: escolhido o nome que substituir\u00e1 Bolsa Fam\u00edlia","datePublished":"2020-09-24T10:33:48+00:00","mainEntityOfPage":{"@id":"https:\/\/www.suno.com.br\/noticias\/renda-cidada-substituira-bolsa-familia\/"},"wordCount":440,"publisher":{"@id":"https:\/\/www.suno.com.br\/noticias\/#organization"},"image":{"@id":"https:\/\/www.suno.com.br\/noticias\/renda-cidada-substituira-bolsa-familia\/#primaryimage"},"thumbnailUrl":"https:\/\/files.sunoresearch.com.br\/n\/uploads\/2020\/09\/89bd13b5-pres-bolsonaro-marcoscorre\u0302a-pr-jpg.webp","keywords":["Bolsa Fam\u00edlia","Jair Bolsonaro","Renda Cidad\u00e3"],"articleSection":["Pol\u00edtica"],"inLanguage":"pt-BR"},{"@type":"WebPage","@id":"https:\/\/www.suno.com.br\/noticias\/renda-cidada-substituira-bolsa-familia\/","url":"https:\/\/www.suno.com.br\/noticias\/renda-cidada-substituira-bolsa-familia\/","name":"Renda Cidad\u00e3: escolhido o nome que substituir\u00e1 Bolsa Fam\u00edlia","isPartOf":{"@id":"https:\/\/www.suno.com.br\/noticias\/#website"},"primaryImageOfPage":{"@id":"https:\/\/www.suno.com.br\/noticias\/renda-cidada-substituira-bolsa-familia\/#primaryimage"},"image":{"@id":"https:\/\/www.suno.com.br\/noticias\/renda-cidada-substituira-bolsa-familia\/#primaryimage"},"thumbnailUrl":"https:\/\/files.sunoresearch.com.br\/n\/uploads\/2020\/09\/89bd13b5-pres-bolsonaro-marcoscorre\u0302a-pr-jpg.webp","datePublished":"2020-09-24T10:33:48+00:00","description":"O novo programa social do governo de Jair Bolsonaro dever\u00e1 ser chamado de Renda Cidad\u00e3, em substitui\u00e7\u00e3o ao Bolsa Fam\u00edlia. Saiba mais.","breadcrumb":{"@id":"https:\/\/www.suno.com.br\/noticias\/renda-cidada-substituira-bolsa-familia\/#breadcrumb"},"inLanguage":"pt-BR","potentialAction":[{"@type":"ReadAction","target":["https:\/\/www.suno.com.br\/noticias\/renda-cidada-substituira-bolsa-familia\/"]}]},{"@type":"ImageObject","inLanguage":"pt-BR","@id":"https:\/\/www.suno.com.br\/noticias\/renda-cidada-substituira-bolsa-familia\/#primaryimage","url":"https:\/\/files.sunoresearch.com.br\/n\/uploads\/2020\/09\/89bd13b5-pres-bolsonaro-marcoscorre\u0302a-pr-jpg.webp","contentUrl":"https:\/\/files.sunoresearch.com.br\/n\/uploads\/2020\/09\/89bd13b5-pres-bolsonaro-marcoscorre\u0302a-pr-jpg.webp","width":1200,"height":720,"caption":"Bolsonaro diz que pre\u00e7o do arroz deve cair com importa\u00e7\u00e3o feita pelo governo"},{"@type":"BreadcrumbList","@id":"https:\/\/www.suno.com.br\/noticias\/renda-cidada-substituira-bolsa-familia\/#breadcrumb","itemListElement":[{"@type":"ListItem","position":1,"name":"Not\u00edcias","item":"https:\/\/www.suno.com.br\/noticias\/"},{"@type":"ListItem","position":2,"name":"Pol\u00edtica","item":"https:\/\/www.suno.com.br\/noticias\/politica\/"},{"@type":"ListItem","position":3,"name":"Renda Cidad\u00e3: escolhido o nome que substituir\u00e1 Bolsa Fam\u00edlia"}]},{"@type":"WebSite","@id":"https:\/\/www.suno.com.br\/noticias\/#website","url":"https:\/\/www.suno.com.br\/noticias\/","name":"Suno Not\u00edcias","description":"Seu portal de informa\u00e7\u00e3o sobre o mundo dos investimentos","publisher":{"@id":"https:\/\/www.suno.com.br\/noticias\/#organization"},"potentialAction":[{"@type":"SearchAction","target":{"@type":"EntryPoint","urlTemplate":"https:\/\/www.suno.com.br\/noticias\/?s={search_term_string}"},"query-input":{"@type":"PropertyValueSpecification","valueRequired":true,"valueName":"search_term_string"}}],"inLanguage":"pt-BR"},{"@type":"Organization","@id":"https:\/\/www.suno.com.br\/noticias\/#organization","name":"Suno Not\u00edcias","url":"https:\/\/www.suno.com.br\/noticias\/","logo":{"@type":"ImageObject","inLanguage":"pt-BR","@id":"https:\/\/www.suno.com.br\/noticias\/#\/schema\/logo\/image\/","url":"https:\/\/files.sunoresearch.com.br\/n\/uploads\/2021\/09\/suno-logo.png","contentUrl":"https:\/\/files.sunoresearch.com.br\/n\/uploads\/2021\/09\/suno-logo.png","width":180,"height":180,"caption":"Suno Not\u00edcias"},"image":{"@id":"https:\/\/www.suno.com.br\/noticias\/#\/schema\/logo\/image\/"},"sameAs":["https:\/\/facebook.com\/sunoresearch","https:\/\/x.com\/sunoresearch","https:\/\/www.instagram.com\/suno","https:\/\/www.linkedin.com\/company\/suno-research\/","https:\/\/www.youtube.com\/c\/sunoresearch"]},{"@type":"Person","@id":"https:\/\/www.suno.com.br\/noticias\/#\/schema\/person\/918d79de1f0281f01599b93f9ea6e23f","name":"Jader Lazarini","image":{"@type":"ImageObject","inLanguage":"pt-BR","@id":"https:\/\/www.suno.com.br\/noticias\/#\/schema\/person\/image\/","url":"https:\/\/secure.gravatar.com\/avatar\/3c1ad8caa51589841baeb923fcddea97?s=96&r=g","contentUrl":"https:\/\/secure.gravatar.com\/avatar\/3c1ad8caa51589841baeb923fcddea97?s=96&r=g","caption":"Jader Lazarini"},"description":"Jader Lazarini escreve sobre investimentos, finan\u00e7as, economia e neg\u00f3cios. \u00c9 bacharel em Rela\u00e7\u00f5es Internacionais e analista CNPI (2619).","url":"https:\/\/www.suno.com.br\/noticias\/author\/jader-lazarini\/"}]}},"default_loop_html":"<div class=\"cardsPage__listCard__boxs\"><div class=\"cardsPage__listCard__boxs__img\"><a href=\"https:\/\/www.suno.com.br\/noticias\/renda-cidada-substituira-bolsa-familia\/\"><img class=\"mask\" src=\"https:\/\/www.suno.com.br\/noticias\/wp-content\/themes\/suno\/resources\/images\/spotlight\/spotlight1img\/bg-mask.png\" alt=\"Image Mask\"\/><img src=\"https:\/\/files.sunoresearch.com.br\/n\/uploads\/2020\/09\/89bd13b5-pres-bolsonaro-marcoscorre\u0302a-pr-400x200.webp\" alt=\"Renda Cidad\u00e3: escolhido o nome que substituir\u00e1 Bolsa Fam\u00edlia\"\/><\/a><span class=\"spotlightCategory\"><a href=\"https:\/\/www.suno.com.br\/noticias\/politica\/\">Pol\u00edtica<\/a><\/span><\/div><div class=\"cardsPage__listCard__boxs__content\"><a href=\"https:\/\/www.suno.com.br\/noticias\/renda-cidada-substituira-bolsa-familia\/\"><h2 class=\"content__title\">Renda Cidad\u00e3: escolhido o nome que substituir\u00e1 Bolsa Fam\u00edlia<\/h2><\/a><div class=\"newsContent__article__meta\"><div class=\"newsContent__article__meta__authorBox\"><a href=\"https:\/\/www.suno.com.br\/noticias\/author\/jader-lazarini\/\" class=\"authorBox__avatar noMobi\"><img src=\"https:\/\/files.sunoresearch.com.br\/n\/uploads\/2021\/01\/178e6598-foto-perfil-2-150x150.jpg\" alt=\"Jader Lazarini\"><\/a><div class=\"authorBox__name\"><span>por\n\t\t\t<a href=\"https:\/\/www.suno.com.br\/noticias\/author\/jader-lazarini\/\"><span itemprop=\"author\">Jader Lazarini<\/span><\/a><\/span><time datetime=\"2020-09-24T07:33:48-03:00\" itemprop=\"datePublished\">24\/09\/2020 07:33<\/time><\/div><\/div><\/div><\/div><\/div>","single_layout":"posts","amp_enabled":true,"_links":{"self":[{"href":"https:\/\/www.suno.com.br\/noticias\/wp-json\/wp\/v2\/posts\/87079"}],"collection":[{"href":"https:\/\/www.suno.com.br\/noticias\/wp-json\/wp\/v2\/posts"}],"about":[{"href":"https:\/\/www.suno.com.br\/noticias\/wp-json\/wp\/v2\/types\/post"}],"author":[{"embeddable":true,"href":"https:\/\/www.suno.com.br\/noticias\/wp-json\/wp\/v2\/users\/24"}],"replies":[{"embeddable":true,"href":"https:\/\/www.suno.com.br\/noticias\/wp-json\/wp\/v2\/comments?post=87079"}],"version-history":[{"count":0,"href":"https:\/\/www.suno.com.br\/noticias\/wp-json\/wp\/v2\/posts\/87079\/revisions"}],"wp:featuredmedia":[{"embeddable":true,"href":"https:\/\/www.suno.com.br\/noticias\/wp-json\/wp\/v2\/media\/87080"}],"wp:attachment":[{"href":"https:\/\/www.suno.com.br\/noticias\/wp-json\/wp\/v2\/media?parent=87079"}],"wp:term":[{"taxonomy":"category","embeddable":true,"href":"https:\/\/www.suno.com.br\/noticias\/wp-json\/wp\/v2\/categories?post=87079"},{"taxonomy":"post_tag","embeddable":true,"href":"https:\/\/www.suno.com.br\/noticias\/wp-json\/wp\/v2\/tags?post=87079"},{"taxonomy":"suno_strategy","embeddable":true,"href":"https:\/\/www.suno.com.br\/noticias\/wp-json\/wp\/v2\/suno_strategy?post=87079"}],"curies":[{"name":"wp","href":"https:\/\/api.w.org\/{rel}","templated":true}]}}