{"id":86974,"date":"2020-09-23T17:47:43","date_gmt":"2020-09-23T20:47:43","guid":{"rendered":"https:\/\/www.suno.com.br\/noticias\/?p=86974"},"modified":"2021-05-29T20:33:00","modified_gmt":"2021-05-29T23:33:00","slug":"dolar-fecha-em-alta-de-218-pelo-4-dia-consecutivo-a-r-558","status":"publish","type":"post","link":"https:\/\/www.suno.com.br\/noticias\/dolar-fecha-em-alta-de-218-pelo-4-dia-consecutivo-a-r-558\/","title":{"rendered":"D\u00f3lar fecha em alta de 2,18%, pelo 4\u00b0 dia consecutivo, a R$ 5,58"},"content":{"rendered":"<p>A <a href=\"https:\/\/www.suno.com.br\/artigos\/investir-em-dolar\/\">cota\u00e7\u00e3o do <strong>d\u00f3lar<\/strong> hoje<\/a> registrou a quarta alta seguida, subindo 2,184% nesta quarta-feira (23) para R$ 5,5876.<\/p>\t<div class=\"wrapper-featured-image\">\n\t\t<figure class=\"spotlightImg\">\n\n\t\t\t<picture>\n\t\t\t\t<source media=\"(max-width: 768px)\" srcset=\"https:\/\/files.sunoresearch.com.br\/n\/uploads\/2020\/09\/b053e93a-dolar-400x200.webp\">\n\t\t\t\t<img loading=\"lazy\" decoding=\"async\" class=\"newsContent__article__imgCapa lazyloadDisabled \" src=\"https:\/\/files.sunoresearch.com.br\/n\/uploads\/2020\/09\/b053e93a-dolar-800x450.webp\" width=\"800\" height=\"450\" alt=\"D\u00f3lar fecha em alta de 2,18%, pelo 4\u00b0 dia consecutivo, a R$ 5,58\" fetchpriority=high \/>\n\t\t\t<\/picture>\n\n\t\t\t<figcaption class=\"wp-caption-text wp-caption-text--show\">Por volta das 9h20, o d\u00f3lar subia a 0,2%, sendo negociado na compra a R$ 5,635.<\/figcaption>\n\t\t<\/figure>\n\t<\/div>\n\n\n<div class=\"hubspot-form-wrapper\">\n\t<div id=\"single-form-target\"><\/div>\n<\/div>\n\n<p>As negocia\u00e7\u00f5es do d\u00f3lar foram influenciadas principalmente pelo an\u00fancio feito pelo Fed no preg\u00e3o, em que o presidente do Banco Central norte-americano ressaltou a import\u00e2ncia de um pacote de est\u00edmulos para a economia dos EUA.<\/p>\n<p>Al\u00e9m do Fed, outra not\u00edcia divulgada nesta quarta-feira foi sobre as taxas de desemprego no Brasil, em que o m\u00eas de julho registrou um aumento nos n\u00edveis frente ao m\u00eas passado, segundo o IBGE.<\/p>\n<p><a href=\"https:\/\/lp.suno.com.br\/suno-one\/\">Conhe\u00e7a o Suno One, a central gratuita de informa\u00e7\u00f5es da Suno para quem quer aprender a investir. Acesse clicando aqui.<\/a><\/p>\n<p>Com isso, confira as not\u00edcias que tiveram impacto na cota\u00e7\u00e3o do d\u00f3lar nesta quarta-feira:<\/p>\n<ul>\n<li>Fed: EUA precisar\u00e1 de mais apoio fiscal para recuperar economia<\/li>\n<li>BlackRock diminui participa\u00e7\u00e3o acion\u00e1ria na Notredame Interm\u00e9dica (GNDI3)<\/li>\n<li>Taxa de desemprego aumenta para 13,6% em agosto, diz IBGE<\/li>\n<\/ul>\n<h2>Federal Reserve (Fed):<\/h2>\n<p>O presidente do<a href=\"https:\/\/www.suno.com.br\/artigos\/fed\/\"> <strong>Fed,<\/strong><\/a> <a href=\"https:\/\/www.suno.com.br\/tudo-sobre\/jerome-powell\/#:~:text=Quem%20%C3%A9%20Jerome%20Powell,pol%C3%ADticas%20macroecon%C3%B4micas%20dos%20Estados%20Unidos.\">Jerome Powell,<\/a> informou nessa quarta-feira (23) que \u00e9 prov\u00e1vel que os EUA ir\u00e1 precisar de mais um pacote de gastos p\u00fablicos aprovado pelo Congresso, para apoiar a retomada econ\u00f4mica. A afirma\u00e7\u00e3o foi feita durante uma audi\u00eancia na C\u00e2mara dos Representantes dos Estados Unidos.<\/p>\n<p>Apesar de acreditar que haver\u00e1 mais <strong>apoio fiscal,<\/strong> o presidente do Fed afirmou: &#8220;n\u00e3o vou discutir quando e quanto&#8221;. Al\u00e9m disso, ele destacou que &#8220;houve progressos nos \u00faltimos meses, mas ainda h\u00e1 16 milh\u00f5es de pessoas que <a href=\"https:\/\/www.suno.com.br\/noticias\/tags\/taxa-de-desemprego\/\">perderam empregos<\/a>, ou est\u00e3o trabalhando em per\u00edodo parcial&#8221;.<\/p>\n<p><a href=\"https:\/\/www.suno.com.br\/noticias\/fed-eua-apoio-fiscal-recuperar-economia-powell\/\">Saiba Mais: Fed: EUA precisar\u00e1 de mais apoio fiscal para recuperar economia<\/a><\/p>\n<p>Por sua vez, <strong>Charles Evans,<\/strong>\u00a0 o presidente do <strong>Federal Reserve<\/strong> de Chicago, participou de um evento do Market News International nessa quarta-feira,\u00a0 e tamb\u00e9m declarou que o <a href=\"https:\/\/www.suno.com.br\/artigos\/deficit-primario\/\">d\u00e9ficit fiscal<\/a> n\u00e3o \u00e9 um problema. Ele ainda salientou que sem mais medidas de est\u00edmulos fiscais, o mercado de trabalho pode desacelerar.<\/p>\n<h2>BlackRock<\/h2>\n<p>O<a href=\"https:\/\/www.suno.com.br\/acoes\/gndi3\/\"> grupo <strong>Notre<\/strong><strong>Dame<\/strong> Interm\u00e9dica (GNDI3)<\/a> <a href=\"https:\/\/www.suno.com.br\/artigos\/fato-relevante\/\">informou ao mercado<\/a> nesta quarta-feira (23) que a BlackRock reduziu sua participa\u00e7\u00e3o acion\u00e1ria na companhia para 4,83%.<\/p>\n<p><a href=\"https:\/\/www.suno.com.br\/noticias\/blackrock-diminui-participacao-acionaria-na-notredame-intermedica-gndi3\/\">Saiba Mais: BlackRock diminui participa\u00e7\u00e3o acion\u00e1ria na Notredame Interm\u00e9dica (GNDI3)<\/a><\/p>\n<p>Dessa forma, segundo o comunicado da NotreDame, a gestora possui o total de 29.459.362 <a href=\"https:\/\/www.suno.com.br\/artigos\/tipos-de-acoes\/\">a\u00e7\u00f5es ordin\u00e1rias<\/a> da empresa de sa\u00fade.<\/p>\n<h2>Desemprego no Brasil<\/h2>\n<p>O <a href=\"https:\/\/www.suno.com.br\/noticias\/tags\/ibge\/\">Instituto Brasileiro de Geografia e Estat\u00edstica (IBGE)<\/a> divulgou nesta quarta-feira (23) dados da Pesquisa Nacional por Amostra de Domic\u00edlios Covid (Pnad Covid-19) mensal, apontando que a <a href=\"https:\/\/www.suno.com.br\/noticias\/tags\/taxa-de-desemprego\/\">taxa de <strong>desemprego<\/strong><\/a> aumentou de 13,1% em julho para 13,6% em agosto deste ano, sendo o maior resultado registrado desde o in\u00edcio da <a href=\"https:\/\/www.suno.com.br\/noticias\/tags\/coronavirus\/\">pandemia do novo <strong>coronav\u00edrus<\/strong> (Covid-19)<\/a> at\u00e9 o momento.<\/p>\n<p><a href=\"https:\/\/www.suno.com.br\/noticias\/taxa-de-desemprego-aumenta-em-agosto-para-136-diz-ibge\/\">Saiba Mais: Taxa de desemprego aumenta para 13,6% em agosto, diz IBGE<\/a><\/p>\n<p>Em agosto, a popula\u00e7\u00e3o ocupada totalizou 84,4 milh\u00f5es de pessoas, representando uma expans\u00e3o de 0,8% em rela\u00e7\u00e3o a julho, ao passo que a taxa de desemprego cresceu para 12,9 milh\u00f5es de pessoas, o que informa um crescimento de 5,5% ante julho, cerca de 600 mil pessoas a mais.<\/p>\n<h2>\u00daltima cota\u00e7\u00e3o do d\u00f3lar<\/h2>\n<p>Na \u00faltima sess\u00e3o, ter\u00e7a-feira (22), o <strong>d\u00f3lar<\/strong> encerrou em alta de 1,263%, sendo negociado a R$ 5,47.<\/p>\n\t<p>\n\t\t<a href=\"https:\/\/lp.suno.com.br\/planilha-de-controle-de-investimentos\/\" target=\"_blank\" data-element=\"shortcode-suno-banner\" title=\"Banner SUNO, clique e saiba mais\">\n\t\t\t<picture>\n\t\t\t\t<source media=\"(max-width: 500px)\" srcset=\"https:\/\/files.sunoresearch.com.br\/n\/uploads\/2023\/03\/400x300-Controle-de-Investimentos.png\">\n\t\t\t\t<img class=\"newsContent__article__imgCapa newsContent__article__imgCapa--banner\"\n\t\t\t\t\tsrc=\"https:\/\/files.sunoresearch.com.br\/n\/uploads\/2023\/03\/1420x240-Controle-de-Investimentos.png\"\n\t\t\t\t\tdata-promo-id=\"75934\"\t\t\t\t\t\t\t\t\t\twidth='1420' height='240'\t\t\t\t\talt=\"https:\/\/files.sunoresearch.com.br\/n\/uploads\/2023\/03\/1420x240-Controle-de-Investimentos.png\"\n\t\t\t\t>\n\t\t\t<\/picture>\n\t\t<\/a>\n\t<\/p>\n\n\n","protected":false},"excerpt":{"rendered":"<p>A cota\u00e7\u00e3o do d\u00f3lar hoje registrou a quarta alta seguida, subindo 2,184% nesta quarta-feira (23) para R$ 5,5876. Por volta das 9h20, o d\u00f3lar subia a 0,2%, sendo negociado na compra a R$ 5,635. As negocia\u00e7\u00f5es do d\u00f3lar foram influenciadas principalmente pelo an\u00fancio feito pelo Fed no preg\u00e3o, em que o presidente do Banco Central [&hellip;]<\/p>\n","protected":false},"author":56,"featured_media":86993,"comment_status":"closed","ping_status":"closed","sticky":false,"template":"","format":"standard","meta":[],"categories":[60],"tags":[1332,1296,326,793,776,821],"suno_strategy":[],"class_list":["post-86974","post","type-post","status-publish","format-standard","has-post-thumbnail","hentry","category-mercado","tag-blackrock-blak34","tag-desemprego","tag-dolar","tag-estados-unidos-eua","tag-federal-reseve-fed","tag-ibge"],"yoast_head":"<!-- This site is optimized with the Yoast SEO plugin v24.4 - https:\/\/yoast.com\/wordpress\/plugins\/seo\/ -->\n<title>D\u00f3lar fecha em alta de 2,18% , pelo 4\u00b0 dia consecutivo, a R$ 5,58<\/title>\n<meta name=\"description\" content=\"A cota\u00e7\u00e3o do d\u00f3lar hoje registrou a quarta alta seguida, subindo 2,184% nesta quarta-feira (23) para R$ 5,5876. Clique aqui para saber mais.\" \/>\n<meta name=\"robots\" content=\"index, follow, max-snippet:-1, max-image-preview:large, max-video-preview:-1\" \/>\n<link rel=\"canonical\" href=\"https:\/\/www.suno.com.br\/noticias\/dolar-fecha-em-alta-de-218-pelo-4-dia-consecutivo-a-r-558\/\" \/>\n<meta property=\"og:locale\" content=\"pt_BR\" \/>\n<meta property=\"og:type\" content=\"article\" \/>\n<meta property=\"og:title\" content=\"D\u00f3lar fecha em alta de 2,18% , pelo 4\u00b0 dia consecutivo, a R$ 5,58\" \/>\n<meta property=\"og:description\" content=\"A cota\u00e7\u00e3o do d\u00f3lar hoje registrou a quarta alta seguida, subindo 2,184% nesta quarta-feira (23) para R$ 5,5876. Clique aqui para saber mais.\" \/>\n<meta property=\"og:url\" content=\"https:\/\/www.suno.com.br\/noticias\/dolar-fecha-em-alta-de-218-pelo-4-dia-consecutivo-a-r-558\/\" \/>\n<meta property=\"og:site_name\" content=\"Suno Not\u00edcias\" \/>\n<meta property=\"article:publisher\" content=\"https:\/\/facebook.com\/sunoresearch\" \/>\n<meta property=\"og:image\" content=\"https:\/\/files.sunoresearch.com.br\/n\/uploads\/2020\/09\/b053e93a-dolar.jpg\" \/>\n\t<meta property=\"og:image:width\" content=\"960\" \/>\n\t<meta property=\"og:image:height\" content=\"540\" \/>\n\t<meta property=\"og:image:type\" content=\"image\/jpeg\" \/>\n<meta name=\"author\" content=\"Rafaela La Regina\" \/>\n<meta name=\"twitter:card\" content=\"summary_large_image\" \/>\n<meta name=\"twitter:creator\" content=\"@sunoresearch\" \/>\n<meta name=\"twitter:site\" content=\"@sunoresearch\" \/>\n<meta name=\"twitter:label1\" content=\"Escrito por\" \/>\n\t<meta name=\"twitter:data1\" content=\"Rafaela La Regina\" \/>\n\t<meta name=\"twitter:label2\" content=\"Est. tempo de leitura\" \/>\n\t<meta name=\"twitter:data2\" content=\"3 minutos\" \/>\n<script type=\"application\/ld+json\" class=\"yoast-schema-graph\">{\"@context\":\"https:\/\/schema.org\",\"@graph\":[{\"@type\":\"NewsArticle\",\"@id\":\"https:\/\/www.suno.com.br\/noticias\/dolar-fecha-em-alta-de-218-pelo-4-dia-consecutivo-a-r-558\/#article\",\"isPartOf\":{\"@id\":\"https:\/\/www.suno.com.br\/noticias\/dolar-fecha-em-alta-de-218-pelo-4-dia-consecutivo-a-r-558\/\"},\"author\":{\"name\":\"Rafaela La Regina\",\"@id\":\"https:\/\/www.suno.com.br\/noticias\/#\/schema\/person\/e672ca8cea627fe715fa29bca7da95e0\"},\"headline\":\"D\u00f3lar fecha em alta de 2,18%, pelo 4\u00b0 dia consecutivo, a R$ 5,58\",\"datePublished\":\"2020-09-23T20:47:43+00:00\",\"dateModified\":\"2021-05-29T23:33:00+00:00\",\"mainEntityOfPage\":{\"@id\":\"https:\/\/www.suno.com.br\/noticias\/dolar-fecha-em-alta-de-218-pelo-4-dia-consecutivo-a-r-558\/\"},\"wordCount\":564,\"publisher\":{\"@id\":\"https:\/\/www.suno.com.br\/noticias\/#organization\"},\"image\":{\"@id\":\"https:\/\/www.suno.com.br\/noticias\/dolar-fecha-em-alta-de-218-pelo-4-dia-consecutivo-a-r-558\/#primaryimage\"},\"thumbnailUrl\":\"https:\/\/files.sunoresearch.com.br\/n\/uploads\/2020\/09\/b053e93a-dolar-jpg.webp\",\"keywords\":[\"Blackrock (BLAK34)\",\"Desemprego\",\"d\u00f3lar\",\"Estados Unidos (EUA)\",\"Federal Reserve (FED)\",\"IBGE\"],\"articleSection\":[\"Mercado\"],\"inLanguage\":\"pt-BR\"},{\"@type\":\"WebPage\",\"@id\":\"https:\/\/www.suno.com.br\/noticias\/dolar-fecha-em-alta-de-218-pelo-4-dia-consecutivo-a-r-558\/\",\"url\":\"https:\/\/www.suno.com.br\/noticias\/dolar-fecha-em-alta-de-218-pelo-4-dia-consecutivo-a-r-558\/\",\"name\":\"D\u00f3lar fecha em alta de 2,18% , pelo 4\u00b0 dia consecutivo, a R$ 5,58\",\"isPartOf\":{\"@id\":\"https:\/\/www.suno.com.br\/noticias\/#website\"},\"primaryImageOfPage\":{\"@id\":\"https:\/\/www.suno.com.br\/noticias\/dolar-fecha-em-alta-de-218-pelo-4-dia-consecutivo-a-r-558\/#primaryimage\"},\"image\":{\"@id\":\"https:\/\/www.suno.com.br\/noticias\/dolar-fecha-em-alta-de-218-pelo-4-dia-consecutivo-a-r-558\/#primaryimage\"},\"thumbnailUrl\":\"https:\/\/files.sunoresearch.com.br\/n\/uploads\/2020\/09\/b053e93a-dolar-jpg.webp\",\"datePublished\":\"2020-09-23T20:47:43+00:00\",\"dateModified\":\"2021-05-29T23:33:00+00:00\",\"description\":\"A cota\u00e7\u00e3o do d\u00f3lar hoje registrou a quarta alta seguida, subindo 2,184% nesta quarta-feira (23) para R$ 5,5876. Clique aqui para saber mais.\",\"breadcrumb\":{\"@id\":\"https:\/\/www.suno.com.br\/noticias\/dolar-fecha-em-alta-de-218-pelo-4-dia-consecutivo-a-r-558\/#breadcrumb\"},\"inLanguage\":\"pt-BR\",\"potentialAction\":[{\"@type\":\"ReadAction\",\"target\":[\"https:\/\/www.suno.com.br\/noticias\/dolar-fecha-em-alta-de-218-pelo-4-dia-consecutivo-a-r-558\/\"]}]},{\"@type\":\"ImageObject\",\"inLanguage\":\"pt-BR\",\"@id\":\"https:\/\/www.suno.com.br\/noticias\/dolar-fecha-em-alta-de-218-pelo-4-dia-consecutivo-a-r-558\/#primaryimage\",\"url\":\"https:\/\/files.sunoresearch.com.br\/n\/uploads\/2020\/09\/b053e93a-dolar-jpg.webp\",\"contentUrl\":\"https:\/\/files.sunoresearch.com.br\/n\/uploads\/2020\/09\/b053e93a-dolar-jpg.webp\",\"width\":960,\"height\":540,\"caption\":\"Por volta das 9h20, o d\u00f3lar subia a 0,2%, sendo negociado na compra a R$ 5,635.\"},{\"@type\":\"BreadcrumbList\",\"@id\":\"https:\/\/www.suno.com.br\/noticias\/dolar-fecha-em-alta-de-218-pelo-4-dia-consecutivo-a-r-558\/#breadcrumb\",\"itemListElement\":[{\"@type\":\"ListItem\",\"position\":1,\"name\":\"Not\u00edcias\",\"item\":\"https:\/\/www.suno.com.br\/noticias\/\"},{\"@type\":\"ListItem\",\"position\":2,\"name\":\"Mercado\",\"item\":\"https:\/\/www.suno.com.br\/noticias\/mercado\/\"},{\"@type\":\"ListItem\",\"position\":3,\"name\":\"D\u00f3lar fecha em alta de 2,18%, pelo 4\u00b0 dia consecutivo, a R$ 5,58\"}]},{\"@type\":\"WebSite\",\"@id\":\"https:\/\/www.suno.com.br\/noticias\/#website\",\"url\":\"https:\/\/www.suno.com.br\/noticias\/\",\"name\":\"Suno Not\u00edcias\",\"description\":\"Seu portal de informa\u00e7\u00e3o sobre o mundo dos investimentos\",\"publisher\":{\"@id\":\"https:\/\/www.suno.com.br\/noticias\/#organization\"},\"potentialAction\":[{\"@type\":\"SearchAction\",\"target\":{\"@type\":\"EntryPoint\",\"urlTemplate\":\"https:\/\/www.suno.com.br\/noticias\/?s={search_term_string}\"},\"query-input\":{\"@type\":\"PropertyValueSpecification\",\"valueRequired\":true,\"valueName\":\"search_term_string\"}}],\"inLanguage\":\"pt-BR\"},{\"@type\":\"Organization\",\"@id\":\"https:\/\/www.suno.com.br\/noticias\/#organization\",\"name\":\"Suno Not\u00edcias\",\"url\":\"https:\/\/www.suno.com.br\/noticias\/\",\"logo\":{\"@type\":\"ImageObject\",\"inLanguage\":\"pt-BR\",\"@id\":\"https:\/\/www.suno.com.br\/noticias\/#\/schema\/logo\/image\/\",\"url\":\"https:\/\/files.sunoresearch.com.br\/n\/uploads\/2021\/09\/suno-logo.png\",\"contentUrl\":\"https:\/\/files.sunoresearch.com.br\/n\/uploads\/2021\/09\/suno-logo.png\",\"width\":180,\"height\":180,\"caption\":\"Suno Not\u00edcias\"},\"image\":{\"@id\":\"https:\/\/www.suno.com.br\/noticias\/#\/schema\/logo\/image\/\"},\"sameAs\":[\"https:\/\/facebook.com\/sunoresearch\",\"https:\/\/x.com\/sunoresearch\",\"https:\/\/www.instagram.com\/suno\",\"https:\/\/www.linkedin.com\/company\/suno-research\/\",\"https:\/\/www.youtube.com\/c\/sunoresearch\"]},{\"@type\":\"Person\",\"@id\":\"https:\/\/www.suno.com.br\/noticias\/#\/schema\/person\/e672ca8cea627fe715fa29bca7da95e0\",\"name\":\"Rafaela La Regina\",\"image\":{\"@type\":\"ImageObject\",\"inLanguage\":\"pt-BR\",\"@id\":\"https:\/\/www.suno.com.br\/noticias\/#\/schema\/person\/image\/\",\"url\":\"https:\/\/secure.gravatar.com\/avatar\/d2c75a52d243deb93d0465fdcb21bd37?s=96&r=g\",\"contentUrl\":\"https:\/\/secure.gravatar.com\/avatar\/d2c75a52d243deb93d0465fdcb21bd37?s=96&r=g\",\"caption\":\"Rafaela La Regina\"},\"description\":\"Estagi\u00e1ria no Suno Not\u00edcias. Escreve sobre economia, pol\u00edtica e neg\u00f3cios. Estuda Rela\u00e7\u00f5es Internacionais no IBMEC-SP.\",\"url\":\"https:\/\/www.suno.com.br\/noticias\/author\/rafaela-la-regina\/\"}]}<\/script>\n<!-- \/ Yoast SEO plugin. -->","yoast_head_json":{"title":"D\u00f3lar fecha em alta de 2,18% , pelo 4\u00b0 dia consecutivo, a R$ 5,58","description":"A cota\u00e7\u00e3o do d\u00f3lar hoje registrou a quarta alta seguida, subindo 2,184% nesta quarta-feira (23) para R$ 5,5876. Clique aqui para saber mais.","robots":{"index":"index","follow":"follow","max-snippet":"max-snippet:-1","max-image-preview":"max-image-preview:large","max-video-preview":"max-video-preview:-1"},"canonical":"https:\/\/www.suno.com.br\/noticias\/dolar-fecha-em-alta-de-218-pelo-4-dia-consecutivo-a-r-558\/","og_locale":"pt_BR","og_type":"article","og_title":"D\u00f3lar fecha em alta de 2,18% , pelo 4\u00b0 dia consecutivo, a R$ 5,58","og_description":"A cota\u00e7\u00e3o do d\u00f3lar hoje registrou a quarta alta seguida, subindo 2,184% nesta quarta-feira (23) para R$ 5,5876. Clique aqui para saber mais.","og_url":"https:\/\/www.suno.com.br\/noticias\/dolar-fecha-em-alta-de-218-pelo-4-dia-consecutivo-a-r-558\/","og_site_name":"Suno Not\u00edcias","article_publisher":"https:\/\/facebook.com\/sunoresearch","og_image":[{"width":960,"height":540,"url":"https:\/\/files.sunoresearch.com.br\/n\/uploads\/2020\/09\/b053e93a-dolar.jpg","type":"image\/jpeg"}],"author":"Rafaela La Regina","twitter_card":"summary_large_image","twitter_creator":"@sunoresearch","twitter_site":"@sunoresearch","twitter_misc":{"Escrito por":"Rafaela La Regina","Est. tempo de leitura":"3 minutos"},"schema":{"@context":"https:\/\/schema.org","@graph":[{"@type":"NewsArticle","@id":"https:\/\/www.suno.com.br\/noticias\/dolar-fecha-em-alta-de-218-pelo-4-dia-consecutivo-a-r-558\/#article","isPartOf":{"@id":"https:\/\/www.suno.com.br\/noticias\/dolar-fecha-em-alta-de-218-pelo-4-dia-consecutivo-a-r-558\/"},"author":{"name":"Rafaela La Regina","@id":"https:\/\/www.suno.com.br\/noticias\/#\/schema\/person\/e672ca8cea627fe715fa29bca7da95e0"},"headline":"D\u00f3lar fecha em alta de 2,18%, pelo 4\u00b0 dia consecutivo, a R$ 5,58","datePublished":"2020-09-23T20:47:43+00:00","dateModified":"2021-05-29T23:33:00+00:00","mainEntityOfPage":{"@id":"https:\/\/www.suno.com.br\/noticias\/dolar-fecha-em-alta-de-218-pelo-4-dia-consecutivo-a-r-558\/"},"wordCount":564,"publisher":{"@id":"https:\/\/www.suno.com.br\/noticias\/#organization"},"image":{"@id":"https:\/\/www.suno.com.br\/noticias\/dolar-fecha-em-alta-de-218-pelo-4-dia-consecutivo-a-r-558\/#primaryimage"},"thumbnailUrl":"https:\/\/files.sunoresearch.com.br\/n\/uploads\/2020\/09\/b053e93a-dolar-jpg.webp","keywords":["Blackrock (BLAK34)","Desemprego","d\u00f3lar","Estados Unidos (EUA)","Federal Reserve (FED)","IBGE"],"articleSection":["Mercado"],"inLanguage":"pt-BR"},{"@type":"WebPage","@id":"https:\/\/www.suno.com.br\/noticias\/dolar-fecha-em-alta-de-218-pelo-4-dia-consecutivo-a-r-558\/","url":"https:\/\/www.suno.com.br\/noticias\/dolar-fecha-em-alta-de-218-pelo-4-dia-consecutivo-a-r-558\/","name":"D\u00f3lar fecha em alta de 2,18% , pelo 4\u00b0 dia consecutivo, a R$ 5,58","isPartOf":{"@id":"https:\/\/www.suno.com.br\/noticias\/#website"},"primaryImageOfPage":{"@id":"https:\/\/www.suno.com.br\/noticias\/dolar-fecha-em-alta-de-218-pelo-4-dia-consecutivo-a-r-558\/#primaryimage"},"image":{"@id":"https:\/\/www.suno.com.br\/noticias\/dolar-fecha-em-alta-de-218-pelo-4-dia-consecutivo-a-r-558\/#primaryimage"},"thumbnailUrl":"https:\/\/files.sunoresearch.com.br\/n\/uploads\/2020\/09\/b053e93a-dolar-jpg.webp","datePublished":"2020-09-23T20:47:43+00:00","dateModified":"2021-05-29T23:33:00+00:00","description":"A cota\u00e7\u00e3o do d\u00f3lar hoje registrou a quarta alta seguida, subindo 2,184% nesta quarta-feira (23) para R$ 5,5876. Clique aqui para saber mais.","breadcrumb":{"@id":"https:\/\/www.suno.com.br\/noticias\/dolar-fecha-em-alta-de-218-pelo-4-dia-consecutivo-a-r-558\/#breadcrumb"},"inLanguage":"pt-BR","potentialAction":[{"@type":"ReadAction","target":["https:\/\/www.suno.com.br\/noticias\/dolar-fecha-em-alta-de-218-pelo-4-dia-consecutivo-a-r-558\/"]}]},{"@type":"ImageObject","inLanguage":"pt-BR","@id":"https:\/\/www.suno.com.br\/noticias\/dolar-fecha-em-alta-de-218-pelo-4-dia-consecutivo-a-r-558\/#primaryimage","url":"https:\/\/files.sunoresearch.com.br\/n\/uploads\/2020\/09\/b053e93a-dolar-jpg.webp","contentUrl":"https:\/\/files.sunoresearch.com.br\/n\/uploads\/2020\/09\/b053e93a-dolar-jpg.webp","width":960,"height":540,"caption":"Por volta das 9h20, o d\u00f3lar subia a 0,2%, sendo negociado na compra a R$ 5,635."},{"@type":"BreadcrumbList","@id":"https:\/\/www.suno.com.br\/noticias\/dolar-fecha-em-alta-de-218-pelo-4-dia-consecutivo-a-r-558\/#breadcrumb","itemListElement":[{"@type":"ListItem","position":1,"name":"Not\u00edcias","item":"https:\/\/www.suno.com.br\/noticias\/"},{"@type":"ListItem","position":2,"name":"Mercado","item":"https:\/\/www.suno.com.br\/noticias\/mercado\/"},{"@type":"ListItem","position":3,"name":"D\u00f3lar fecha em alta de 2,18%, pelo 4\u00b0 dia consecutivo, a R$ 5,58"}]},{"@type":"WebSite","@id":"https:\/\/www.suno.com.br\/noticias\/#website","url":"https:\/\/www.suno.com.br\/noticias\/","name":"Suno Not\u00edcias","description":"Seu portal de informa\u00e7\u00e3o sobre o mundo dos investimentos","publisher":{"@id":"https:\/\/www.suno.com.br\/noticias\/#organization"},"potentialAction":[{"@type":"SearchAction","target":{"@type":"EntryPoint","urlTemplate":"https:\/\/www.suno.com.br\/noticias\/?s={search_term_string}"},"query-input":{"@type":"PropertyValueSpecification","valueRequired":true,"valueName":"search_term_string"}}],"inLanguage":"pt-BR"},{"@type":"Organization","@id":"https:\/\/www.suno.com.br\/noticias\/#organization","name":"Suno Not\u00edcias","url":"https:\/\/www.suno.com.br\/noticias\/","logo":{"@type":"ImageObject","inLanguage":"pt-BR","@id":"https:\/\/www.suno.com.br\/noticias\/#\/schema\/logo\/image\/","url":"https:\/\/files.sunoresearch.com.br\/n\/uploads\/2021\/09\/suno-logo.png","contentUrl":"https:\/\/files.sunoresearch.com.br\/n\/uploads\/2021\/09\/suno-logo.png","width":180,"height":180,"caption":"Suno Not\u00edcias"},"image":{"@id":"https:\/\/www.suno.com.br\/noticias\/#\/schema\/logo\/image\/"},"sameAs":["https:\/\/facebook.com\/sunoresearch","https:\/\/x.com\/sunoresearch","https:\/\/www.instagram.com\/suno","https:\/\/www.linkedin.com\/company\/suno-research\/","https:\/\/www.youtube.com\/c\/sunoresearch"]},{"@type":"Person","@id":"https:\/\/www.suno.com.br\/noticias\/#\/schema\/person\/e672ca8cea627fe715fa29bca7da95e0","name":"Rafaela La Regina","image":{"@type":"ImageObject","inLanguage":"pt-BR","@id":"https:\/\/www.suno.com.br\/noticias\/#\/schema\/person\/image\/","url":"https:\/\/secure.gravatar.com\/avatar\/d2c75a52d243deb93d0465fdcb21bd37?s=96&r=g","contentUrl":"https:\/\/secure.gravatar.com\/avatar\/d2c75a52d243deb93d0465fdcb21bd37?s=96&r=g","caption":"Rafaela La Regina"},"description":"Estagi\u00e1ria no Suno Not\u00edcias. Escreve sobre economia, pol\u00edtica e neg\u00f3cios. Estuda Rela\u00e7\u00f5es Internacionais no IBMEC-SP.","url":"https:\/\/www.suno.com.br\/noticias\/author\/rafaela-la-regina\/"}]}},"default_loop_html":"<div class=\"cardsPage__listCard__boxs\"><div class=\"cardsPage__listCard__boxs__img\"><a href=\"https:\/\/www.suno.com.br\/noticias\/dolar-fecha-em-alta-de-218-pelo-4-dia-consecutivo-a-r-558\/\"><img class=\"mask\" src=\"https:\/\/www.suno.com.br\/noticias\/wp-content\/themes\/suno\/resources\/images\/spotlight\/spotlight1img\/bg-mask.png\" alt=\"Image Mask\"\/><img src=\"https:\/\/files.sunoresearch.com.br\/n\/uploads\/2020\/09\/b053e93a-dolar-400x200.webp\" alt=\"D\u00f3lar fecha em alta de 2,18%, pelo 4\u00b0 dia consecutivo, a R$ 5,58\"\/><\/a><span class=\"spotlightCategory\"><a href=\"https:\/\/www.suno.com.br\/noticias\/mercado\/\">Mercado<\/a><\/span><\/div><div class=\"cardsPage__listCard__boxs__content\"><a href=\"https:\/\/www.suno.com.br\/noticias\/dolar-fecha-em-alta-de-218-pelo-4-dia-consecutivo-a-r-558\/\"><h2 class=\"content__title\">D\u00f3lar fecha em alta de 2,18%, pelo 4\u00b0 dia consecutivo, a R$ 5,58<\/h2><\/a><div class=\"newsContent__article__meta\"><div class=\"newsContent__article__meta__authorBox\"><a href=\"https:\/\/www.suno.com.br\/noticias\/author\/rafaela-la-regina\/\" class=\"authorBox__avatar noMobi\"><img src=\"https:\/\/secure.gravatar.com\/avatar\/d2c75a52d243deb93d0465fdcb21bd37?s=96&#038;r=g\" alt=\"Rafaela La Regina\"><\/a><div class=\"authorBox__name\"><span>por\n\t\t\t<a href=\"https:\/\/www.suno.com.br\/noticias\/author\/rafaela-la-regina\/\"><span itemprop=\"author\">Rafaela La Regina<\/span><\/a><\/span><time datetime=\"2020-09-23T17:47:43-03:00\" itemprop=\"datePublished\">23\/09\/2020 17:47<\/time><\/div><\/div><\/div><\/div><\/div>","single_layout":"posts","amp_enabled":true,"_links":{"self":[{"href":"https:\/\/www.suno.com.br\/noticias\/wp-json\/wp\/v2\/posts\/86974"}],"collection":[{"href":"https:\/\/www.suno.com.br\/noticias\/wp-json\/wp\/v2\/posts"}],"about":[{"href":"https:\/\/www.suno.com.br\/noticias\/wp-json\/wp\/v2\/types\/post"}],"author":[{"embeddable":true,"href":"https:\/\/www.suno.com.br\/noticias\/wp-json\/wp\/v2\/users\/56"}],"replies":[{"embeddable":true,"href":"https:\/\/www.suno.com.br\/noticias\/wp-json\/wp\/v2\/comments?post=86974"}],"version-history":[{"count":1,"href":"https:\/\/www.suno.com.br\/noticias\/wp-json\/wp\/v2\/posts\/86974\/revisions"}],"predecessor-version":[{"id":152150,"href":"https:\/\/www.suno.com.br\/noticias\/wp-json\/wp\/v2\/posts\/86974\/revisions\/152150"}],"wp:featuredmedia":[{"embeddable":true,"href":"https:\/\/www.suno.com.br\/noticias\/wp-json\/wp\/v2\/media\/86993"}],"wp:attachment":[{"href":"https:\/\/www.suno.com.br\/noticias\/wp-json\/wp\/v2\/media?parent=86974"}],"wp:term":[{"taxonomy":"category","embeddable":true,"href":"https:\/\/www.suno.com.br\/noticias\/wp-json\/wp\/v2\/categories?post=86974"},{"taxonomy":"post_tag","embeddable":true,"href":"https:\/\/www.suno.com.br\/noticias\/wp-json\/wp\/v2\/tags?post=86974"},{"taxonomy":"suno_strategy","embeddable":true,"href":"https:\/\/www.suno.com.br\/noticias\/wp-json\/wp\/v2\/suno_strategy?post=86974"}],"curies":[{"name":"wp","href":"https:\/\/api.w.org\/{rel}","templated":true}]}}