{"id":86924,"date":"2020-09-23T15:59:09","date_gmt":"2020-09-23T18:59:09","guid":{"rendered":"https:\/\/www.suno.com.br\/noticias\/?p=86924"},"modified":"2020-09-23T15:59:09","modified_gmt":"2020-09-23T18:59:09","slug":"congresso-e-reformista-e-presidente-esta-enviando-reformas-diz-guedes","status":"publish","type":"post","link":"https:\/\/www.suno.com.br\/noticias\/congresso-e-reformista-e-presidente-esta-enviando-reformas-diz-guedes\/","title":{"rendered":"Congresso \u00e9 reformista e presidente est\u00e1 enviando reformas, diz Guedes"},"content":{"rendered":"<p>O ministro da Economia, <a href=\"https:\/\/www.suno.com.br\/tudo-sobre\/paulo-guedes\/\"><strong>Paulo Guedes<\/strong><\/a>, expressou, nesta quarta-feira (23), otimismo ao falar sobre a recupera\u00e7\u00e3o da economia brasileira p\u00f3s-<a href=\"https:\/\/www.suno.com.br\/noticias\/tags\/coronavirus\/\">pandemia do coronav\u00edrus (Covid-19)<\/a>, al\u00e9m de anunciar a elabora\u00e7\u00e3o de uma nova proposta da <a href=\"https:\/\/www.suno.com.br\/artigos\/reforma-tributaria\/\">reforma tribut\u00e1ria<\/a>, destacando o perfil &#8220;reformista&#8221; do Congresso e ressaltando que o governo tem feito seu papel e enviado suas propostas de reformas ao Parlamento.<\/p>\t<div class=\"wrapper-featured-image\">\n\t\t<figure class=\"spotlightImg\">\n\n\t\t\t<picture>\n\t\t\t\t<source media=\"(max-width: 768px)\" srcset=\"https:\/\/files.sunoresearch.com.br\/n\/uploads\/2020\/09\/c861edb0-guedes2-400x200.webp\">\n\t\t\t\t<img loading=\"lazy\" decoding=\"async\" class=\"newsContent__article__imgCapa lazyloadDisabled \" src=\"https:\/\/files.sunoresearch.com.br\/n\/uploads\/2020\/09\/c861edb0-guedes2-jpg.webp\" width=\"800\" height=\"450\" alt=\"Congresso \u00e9 reformista e presidente est\u00e1 enviando reformas, diz Guedes\" fetchpriority=high \/>\n\t\t\t<\/picture>\n\n\t\t\t<figcaption class=\"wp-caption-text wp-caption-text--show\">Congresso \u00e9 reformista e presidente est\u00e1 enviando reformas, diz Guedes<\/figcaption>\n\t\t<\/figure>\n\t<\/div>\n\n\n<div class=\"hubspot-form-wrapper\">\n\t<div id=\"single-form-target\"><\/div>\n<\/div>\n\n<p>&#8220;O Congresso brasileiro \u00e9 reformista. O presidente est\u00e1 dando apoio \u00e0s reformas. J\u00e1 mandou a administrativa, vamos mandar agora a tribut\u00e1ria para fazer o acoplamento com as duas (propostas) que j\u00e1 est\u00e3o na comiss\u00e3o mista e o Pacto Federativo tamb\u00e9m est\u00e1 entrando&#8221;, declarou Guedes.<\/p>\n<p>O ministro da economia destacou que o Pacto Federativo \u00e9 &#8220;a devolu\u00e7\u00e3o dos or\u00e7amentos p\u00fablicos \u00e0 classe pol\u00edtica brasileira&#8221; e que o governo est\u00e1 &#8220;costurando acordos&#8221; necess\u00e1rios para o envio da reforma e do relat\u00f3rio da <strong>PEC do Pacto Federativo<\/strong>, junto ao relator, senador M\u00e1rcio Bittar (MDB-AC), &#8220;agora tem articula\u00e7\u00e3o pol\u00edtica&#8221;, assegurou.<\/p>\n<p><a href=\"https:\/\/lp.suno.com.br\/suno-one\/\">Conhe\u00e7a o Suno One, a central gratuita de informa\u00e7\u00f5es da Suno para quem quer aprender a investir. Acesse clicando aqui.<\/a><\/p>\n<p>Guedes informou ainda que a classe pol\u00edtica &#8220;tem decis\u00e3o&#8221;, destacando que as \u00e1reas de educa\u00e7\u00e3o e sa\u00fade foram &#8220;protegidas&#8221;, em refer\u00eancias \u00e0s medidas de combate \u00e0 pandemia do Covid-19 e a aprova\u00e7\u00e3o do novo Fundeb.<\/p>\n<p>&#8220;Avan\u00e7amos em v\u00e1rias reformas, saneamento, g\u00e1s natural, estamos com uma agenda de setor el\u00e9trico, privatiza\u00e7\u00e3o dos <strong>Correios<\/strong>, g\u00e1s natural. Ent\u00e3o, n\u00f3s estamos seguindo o que tinha sido combinado antes&#8221;, finalizou.<\/p>\n<h2>Queda do PIB em 2020 ser\u00e1 menor do que esperada, segundo Guedes<\/h2>\n<p>O atual ministro da Economia, Paulo Guedes, declarou nessa quarta-feira (9) que projeta um resumo menor do que o esperado para o <a href=\"https:\/\/www.suno.com.br\/artigos\/pib-produto-interno-bruto\/\">Produto Interno Bruto (<strong>PIB<\/strong>)<\/a> do Brasil esse ano. O ministro ainda lembrou que dados atuais apontam que a<a href=\"https:\/\/www.suno.com.br\/noticias\/tags\/atividade-economica\/\"> atividade econ\u00f4mica<\/a> est\u00e1 se recuperando mais r\u00e1pido do que ele previa. A informa\u00e7\u00e3o foi divulgada enquanto Guedes participava de um evento virtual do banco de investimentos Credit Suisse.<\/p>\n<p><a href=\"https:\/\/www.suno.com.br\/noticias\/queda-pib-2020-menor-guedes-produto-interno-bruto\/\">Saiba Mais: Queda do PIB em 2020 ser\u00e1 menor do que esperada, segundo Guedes<\/a><\/p>\n<p>Durante o evento dessa quarta-feira, Guedes comentou sobre as previs\u00f5es para a queda do PIB no in\u00edcio da pandemia do novo <strong>coronav\u00edrus<\/strong> (Covid-19), e apontou que ca\u00edram pela metade. Atualmente est\u00e3o na faixa de 4% a 5%. Segundo ele, &#8220;vai ser menos do que isso. Estamos dando a volta por cima&#8221;.<\/p>\n<p>Vale destacar que a estimativa oficial do<a href=\"https:\/\/www.suno.com.br\/noticias\/tags\/ministerio-da-economia\/\"><strong> Minist\u00e9rio da Economia<\/strong><\/a> para o PIB brasileiro \u00e9 para uma queda de 4,7% nesse ano, informou <strong>Guedes<\/strong>. Entretanto, o atual secret\u00e1rio especial de Fazenda, <strong>Waldery Rodrigues<\/strong>, destacou na \u00faltima semana que essa estimativa ser\u00e1 revisada nesse m\u00eas. De acordo com Rodrigues, &#8220;todos os dados que temos indicam que o pior j\u00e1 passou&#8221;.<\/p>\n<p>Com informa\u00e7\u00f5es do Estad\u00e3o Conte\u00fado<\/p>\n\t<p>\n\t\t<a href=\"https:\/\/lp.suno.com.br\/planilha-de-controle-de-investimentos\/\" target=\"_blank\" data-element=\"shortcode-suno-banner\" title=\"Banner SUNO, clique e saiba mais\">\n\t\t\t<picture>\n\t\t\t\t<source media=\"(max-width: 500px)\" srcset=\"https:\/\/files.sunoresearch.com.br\/n\/uploads\/2023\/03\/400x300-Controle-de-Investimentos.png\">\n\t\t\t\t<img class=\"newsContent__article__imgCapa newsContent__article__imgCapa--banner\"\n\t\t\t\t\tsrc=\"https:\/\/files.sunoresearch.com.br\/n\/uploads\/2023\/03\/1420x240-Controle-de-Investimentos.png\"\n\t\t\t\t\tdata-promo-id=\"75934\"\t\t\t\t\t\t\t\t\t\twidth='1420' height='240'\t\t\t\t\talt=\"https:\/\/files.sunoresearch.com.br\/n\/uploads\/2023\/03\/1420x240-Controle-de-Investimentos.png\"\n\t\t\t\t>\n\t\t\t<\/picture>\n\t\t<\/a>\n\t<\/p>\n\n\n","protected":false},"excerpt":{"rendered":"<p>O ministro da Economia, Paulo Guedes, expressou, nesta quarta-feira (23), otimismo ao falar sobre a recupera\u00e7\u00e3o da economia brasileira p\u00f3s-pandemia do coronav\u00edrus (Covid-19), al\u00e9m de anunciar a elabora\u00e7\u00e3o de uma nova proposta da reforma tribut\u00e1ria, destacando o perfil &#8220;reformista&#8221; do Congresso e ressaltando que o governo tem feito seu papel e enviado suas propostas de [&hellip;]<\/p>\n","protected":false},"author":56,"featured_media":86950,"comment_status":"closed","ping_status":"closed","sticky":false,"template":"","format":"standard","meta":[],"categories":[62],"tags":[909,796,1286],"suno_strategy":[],"class_list":["post-86924","post","type-post","status-publish","format-standard","has-post-thumbnail","hentry","category-economia","tag-ministerio-da-economia","tag-paulo-guedes","tag-reforma-tributaria"],"yoast_head":"<!-- This site is optimized with the Yoast SEO plugin v24.4 - https:\/\/yoast.com\/wordpress\/plugins\/seo\/ -->\n<title>&quot;Congresso \u00e9 reformista e presidente est\u00e1 enviando reformas&quot;, diz Guedes<\/title>\n<meta name=\"description\" content=\"&quot;O Congresso do Brasil \u00e9 reformista, o presidente est\u00e1 dando apoio \u00e0s reformas... &quot;, declarou Guedes. Clique aqui para saber mais.\" \/>\n<meta name=\"robots\" content=\"index, follow, max-snippet:-1, max-image-preview:large, max-video-preview:-1\" \/>\n<link rel=\"canonical\" href=\"https:\/\/www.suno.com.br\/noticias\/congresso-e-reformista-e-presidente-esta-enviando-reformas-diz-guedes\/\" \/>\n<meta property=\"og:locale\" content=\"pt_BR\" \/>\n<meta property=\"og:type\" content=\"article\" \/>\n<meta property=\"og:title\" content=\"&quot;Congresso \u00e9 reformista e presidente est\u00e1 enviando reformas&quot;, diz Guedes\" \/>\n<meta property=\"og:description\" content=\"&quot;O Congresso do Brasil \u00e9 reformista, o presidente est\u00e1 dando apoio \u00e0s reformas... &quot;, declarou Guedes. Clique aqui para saber mais.\" \/>\n<meta property=\"og:url\" content=\"https:\/\/www.suno.com.br\/noticias\/congresso-e-reformista-e-presidente-esta-enviando-reformas-diz-guedes\/\" \/>\n<meta property=\"og:site_name\" content=\"Suno Not\u00edcias\" \/>\n<meta property=\"article:publisher\" content=\"https:\/\/facebook.com\/sunoresearch\" \/>\n<meta property=\"og:image\" content=\"https:\/\/files.sunoresearch.com.br\/n\/uploads\/2020\/09\/c861edb0-guedes2.jpg\" \/>\n\t<meta property=\"og:image:width\" content=\"800\" \/>\n\t<meta property=\"og:image:height\" content=\"450\" \/>\n\t<meta property=\"og:image:type\" content=\"image\/jpeg\" \/>\n<meta name=\"author\" content=\"Rafaela La Regina\" \/>\n<meta name=\"twitter:card\" content=\"summary_large_image\" \/>\n<meta name=\"twitter:creator\" content=\"@sunoresearch\" \/>\n<meta name=\"twitter:site\" content=\"@sunoresearch\" \/>\n<meta name=\"twitter:label1\" content=\"Escrito por\" \/>\n\t<meta name=\"twitter:data1\" content=\"Rafaela La Regina\" \/>\n\t<meta name=\"twitter:label2\" content=\"Est. tempo de leitura\" \/>\n\t<meta name=\"twitter:data2\" content=\"3 minutos\" \/>\n<script type=\"application\/ld+json\" class=\"yoast-schema-graph\">{\"@context\":\"https:\/\/schema.org\",\"@graph\":[{\"@type\":\"NewsArticle\",\"@id\":\"https:\/\/www.suno.com.br\/noticias\/congresso-e-reformista-e-presidente-esta-enviando-reformas-diz-guedes\/#article\",\"isPartOf\":{\"@id\":\"https:\/\/www.suno.com.br\/noticias\/congresso-e-reformista-e-presidente-esta-enviando-reformas-diz-guedes\/\"},\"author\":{\"name\":\"Rafaela La Regina\",\"@id\":\"https:\/\/www.suno.com.br\/noticias\/#\/schema\/person\/e672ca8cea627fe715fa29bca7da95e0\"},\"headline\":\"Congresso \u00e9 reformista e presidente est\u00e1 enviando reformas, diz Guedes\",\"datePublished\":\"2020-09-23T18:59:09+00:00\",\"mainEntityOfPage\":{\"@id\":\"https:\/\/www.suno.com.br\/noticias\/congresso-e-reformista-e-presidente-esta-enviando-reformas-diz-guedes\/\"},\"wordCount\":510,\"publisher\":{\"@id\":\"https:\/\/www.suno.com.br\/noticias\/#organization\"},\"image\":{\"@id\":\"https:\/\/www.suno.com.br\/noticias\/congresso-e-reformista-e-presidente-esta-enviando-reformas-diz-guedes\/#primaryimage\"},\"thumbnailUrl\":\"https:\/\/files.sunoresearch.com.br\/n\/uploads\/2020\/09\/c861edb0-guedes2-jpg.webp\",\"keywords\":[\"Minist\u00e9rio da Economia\",\"Paulo Guedes\",\"reforma tribut\u00e1ria\"],\"articleSection\":[\"Economia\"],\"inLanguage\":\"pt-BR\"},{\"@type\":\"WebPage\",\"@id\":\"https:\/\/www.suno.com.br\/noticias\/congresso-e-reformista-e-presidente-esta-enviando-reformas-diz-guedes\/\",\"url\":\"https:\/\/www.suno.com.br\/noticias\/congresso-e-reformista-e-presidente-esta-enviando-reformas-diz-guedes\/\",\"name\":\"\\\"Congresso \u00e9 reformista e presidente est\u00e1 enviando reformas\\\", diz Guedes\",\"isPartOf\":{\"@id\":\"https:\/\/www.suno.com.br\/noticias\/#website\"},\"primaryImageOfPage\":{\"@id\":\"https:\/\/www.suno.com.br\/noticias\/congresso-e-reformista-e-presidente-esta-enviando-reformas-diz-guedes\/#primaryimage\"},\"image\":{\"@id\":\"https:\/\/www.suno.com.br\/noticias\/congresso-e-reformista-e-presidente-esta-enviando-reformas-diz-guedes\/#primaryimage\"},\"thumbnailUrl\":\"https:\/\/files.sunoresearch.com.br\/n\/uploads\/2020\/09\/c861edb0-guedes2-jpg.webp\",\"datePublished\":\"2020-09-23T18:59:09+00:00\",\"description\":\"\\\"O Congresso do Brasil \u00e9 reformista, o presidente est\u00e1 dando apoio \u00e0s reformas... \\\", declarou Guedes. Clique aqui para saber mais.\",\"breadcrumb\":{\"@id\":\"https:\/\/www.suno.com.br\/noticias\/congresso-e-reformista-e-presidente-esta-enviando-reformas-diz-guedes\/#breadcrumb\"},\"inLanguage\":\"pt-BR\",\"potentialAction\":[{\"@type\":\"ReadAction\",\"target\":[\"https:\/\/www.suno.com.br\/noticias\/congresso-e-reformista-e-presidente-esta-enviando-reformas-diz-guedes\/\"]}]},{\"@type\":\"ImageObject\",\"inLanguage\":\"pt-BR\",\"@id\":\"https:\/\/www.suno.com.br\/noticias\/congresso-e-reformista-e-presidente-esta-enviando-reformas-diz-guedes\/#primaryimage\",\"url\":\"https:\/\/files.sunoresearch.com.br\/n\/uploads\/2020\/09\/c861edb0-guedes2-jpg.webp\",\"contentUrl\":\"https:\/\/files.sunoresearch.com.br\/n\/uploads\/2020\/09\/c861edb0-guedes2-jpg.webp\",\"width\":800,\"height\":450,\"caption\":\"Congresso \u00e9 reformista e presidente est\u00e1 enviando reformas, diz Guedes\"},{\"@type\":\"BreadcrumbList\",\"@id\":\"https:\/\/www.suno.com.br\/noticias\/congresso-e-reformista-e-presidente-esta-enviando-reformas-diz-guedes\/#breadcrumb\",\"itemListElement\":[{\"@type\":\"ListItem\",\"position\":1,\"name\":\"Not\u00edcias\",\"item\":\"https:\/\/www.suno.com.br\/noticias\/\"},{\"@type\":\"ListItem\",\"position\":2,\"name\":\"Economia\",\"item\":\"https:\/\/www.suno.com.br\/noticias\/economia\/\"},{\"@type\":\"ListItem\",\"position\":3,\"name\":\"Congresso \u00e9 reformista e presidente est\u00e1 enviando reformas, diz Guedes\"}]},{\"@type\":\"WebSite\",\"@id\":\"https:\/\/www.suno.com.br\/noticias\/#website\",\"url\":\"https:\/\/www.suno.com.br\/noticias\/\",\"name\":\"Suno Not\u00edcias\",\"description\":\"Seu portal de informa\u00e7\u00e3o sobre o mundo dos investimentos\",\"publisher\":{\"@id\":\"https:\/\/www.suno.com.br\/noticias\/#organization\"},\"potentialAction\":[{\"@type\":\"SearchAction\",\"target\":{\"@type\":\"EntryPoint\",\"urlTemplate\":\"https:\/\/www.suno.com.br\/noticias\/?s={search_term_string}\"},\"query-input\":{\"@type\":\"PropertyValueSpecification\",\"valueRequired\":true,\"valueName\":\"search_term_string\"}}],\"inLanguage\":\"pt-BR\"},{\"@type\":\"Organization\",\"@id\":\"https:\/\/www.suno.com.br\/noticias\/#organization\",\"name\":\"Suno Not\u00edcias\",\"url\":\"https:\/\/www.suno.com.br\/noticias\/\",\"logo\":{\"@type\":\"ImageObject\",\"inLanguage\":\"pt-BR\",\"@id\":\"https:\/\/www.suno.com.br\/noticias\/#\/schema\/logo\/image\/\",\"url\":\"https:\/\/files.sunoresearch.com.br\/n\/uploads\/2021\/09\/suno-logo.png\",\"contentUrl\":\"https:\/\/files.sunoresearch.com.br\/n\/uploads\/2021\/09\/suno-logo.png\",\"width\":180,\"height\":180,\"caption\":\"Suno Not\u00edcias\"},\"image\":{\"@id\":\"https:\/\/www.suno.com.br\/noticias\/#\/schema\/logo\/image\/\"},\"sameAs\":[\"https:\/\/facebook.com\/sunoresearch\",\"https:\/\/x.com\/sunoresearch\",\"https:\/\/www.instagram.com\/suno\",\"https:\/\/www.linkedin.com\/company\/suno-research\/\",\"https:\/\/www.youtube.com\/c\/sunoresearch\"]},{\"@type\":\"Person\",\"@id\":\"https:\/\/www.suno.com.br\/noticias\/#\/schema\/person\/e672ca8cea627fe715fa29bca7da95e0\",\"name\":\"Rafaela La Regina\",\"image\":{\"@type\":\"ImageObject\",\"inLanguage\":\"pt-BR\",\"@id\":\"https:\/\/www.suno.com.br\/noticias\/#\/schema\/person\/image\/\",\"url\":\"https:\/\/secure.gravatar.com\/avatar\/d2c75a52d243deb93d0465fdcb21bd37?s=96&r=g\",\"contentUrl\":\"https:\/\/secure.gravatar.com\/avatar\/d2c75a52d243deb93d0465fdcb21bd37?s=96&r=g\",\"caption\":\"Rafaela La Regina\"},\"description\":\"Estagi\u00e1ria no Suno Not\u00edcias. Escreve sobre economia, pol\u00edtica e neg\u00f3cios. Estuda Rela\u00e7\u00f5es Internacionais no IBMEC-SP.\",\"url\":\"https:\/\/www.suno.com.br\/noticias\/author\/rafaela-la-regina\/\"}]}<\/script>\n<!-- \/ Yoast SEO plugin. -->","yoast_head_json":{"title":"\"Congresso \u00e9 reformista e presidente est\u00e1 enviando reformas\", diz Guedes","description":"\"O Congresso do Brasil \u00e9 reformista, o presidente est\u00e1 dando apoio \u00e0s reformas... \", declarou Guedes. Clique aqui para saber mais.","robots":{"index":"index","follow":"follow","max-snippet":"max-snippet:-1","max-image-preview":"max-image-preview:large","max-video-preview":"max-video-preview:-1"},"canonical":"https:\/\/www.suno.com.br\/noticias\/congresso-e-reformista-e-presidente-esta-enviando-reformas-diz-guedes\/","og_locale":"pt_BR","og_type":"article","og_title":"\"Congresso \u00e9 reformista e presidente est\u00e1 enviando reformas\", diz Guedes","og_description":"\"O Congresso do Brasil \u00e9 reformista, o presidente est\u00e1 dando apoio \u00e0s reformas... \", declarou Guedes. Clique aqui para saber mais.","og_url":"https:\/\/www.suno.com.br\/noticias\/congresso-e-reformista-e-presidente-esta-enviando-reformas-diz-guedes\/","og_site_name":"Suno Not\u00edcias","article_publisher":"https:\/\/facebook.com\/sunoresearch","og_image":[{"width":800,"height":450,"url":"https:\/\/files.sunoresearch.com.br\/n\/uploads\/2020\/09\/c861edb0-guedes2.jpg","type":"image\/jpeg"}],"author":"Rafaela La Regina","twitter_card":"summary_large_image","twitter_creator":"@sunoresearch","twitter_site":"@sunoresearch","twitter_misc":{"Escrito por":"Rafaela La Regina","Est. tempo de leitura":"3 minutos"},"schema":{"@context":"https:\/\/schema.org","@graph":[{"@type":"NewsArticle","@id":"https:\/\/www.suno.com.br\/noticias\/congresso-e-reformista-e-presidente-esta-enviando-reformas-diz-guedes\/#article","isPartOf":{"@id":"https:\/\/www.suno.com.br\/noticias\/congresso-e-reformista-e-presidente-esta-enviando-reformas-diz-guedes\/"},"author":{"name":"Rafaela La Regina","@id":"https:\/\/www.suno.com.br\/noticias\/#\/schema\/person\/e672ca8cea627fe715fa29bca7da95e0"},"headline":"Congresso \u00e9 reformista e presidente est\u00e1 enviando reformas, diz Guedes","datePublished":"2020-09-23T18:59:09+00:00","mainEntityOfPage":{"@id":"https:\/\/www.suno.com.br\/noticias\/congresso-e-reformista-e-presidente-esta-enviando-reformas-diz-guedes\/"},"wordCount":510,"publisher":{"@id":"https:\/\/www.suno.com.br\/noticias\/#organization"},"image":{"@id":"https:\/\/www.suno.com.br\/noticias\/congresso-e-reformista-e-presidente-esta-enviando-reformas-diz-guedes\/#primaryimage"},"thumbnailUrl":"https:\/\/files.sunoresearch.com.br\/n\/uploads\/2020\/09\/c861edb0-guedes2-jpg.webp","keywords":["Minist\u00e9rio da Economia","Paulo Guedes","reforma tribut\u00e1ria"],"articleSection":["Economia"],"inLanguage":"pt-BR"},{"@type":"WebPage","@id":"https:\/\/www.suno.com.br\/noticias\/congresso-e-reformista-e-presidente-esta-enviando-reformas-diz-guedes\/","url":"https:\/\/www.suno.com.br\/noticias\/congresso-e-reformista-e-presidente-esta-enviando-reformas-diz-guedes\/","name":"\"Congresso \u00e9 reformista e presidente est\u00e1 enviando reformas\", diz Guedes","isPartOf":{"@id":"https:\/\/www.suno.com.br\/noticias\/#website"},"primaryImageOfPage":{"@id":"https:\/\/www.suno.com.br\/noticias\/congresso-e-reformista-e-presidente-esta-enviando-reformas-diz-guedes\/#primaryimage"},"image":{"@id":"https:\/\/www.suno.com.br\/noticias\/congresso-e-reformista-e-presidente-esta-enviando-reformas-diz-guedes\/#primaryimage"},"thumbnailUrl":"https:\/\/files.sunoresearch.com.br\/n\/uploads\/2020\/09\/c861edb0-guedes2-jpg.webp","datePublished":"2020-09-23T18:59:09+00:00","description":"\"O Congresso do Brasil \u00e9 reformista, o presidente est\u00e1 dando apoio \u00e0s reformas... \", declarou Guedes. Clique aqui para saber mais.","breadcrumb":{"@id":"https:\/\/www.suno.com.br\/noticias\/congresso-e-reformista-e-presidente-esta-enviando-reformas-diz-guedes\/#breadcrumb"},"inLanguage":"pt-BR","potentialAction":[{"@type":"ReadAction","target":["https:\/\/www.suno.com.br\/noticias\/congresso-e-reformista-e-presidente-esta-enviando-reformas-diz-guedes\/"]}]},{"@type":"ImageObject","inLanguage":"pt-BR","@id":"https:\/\/www.suno.com.br\/noticias\/congresso-e-reformista-e-presidente-esta-enviando-reformas-diz-guedes\/#primaryimage","url":"https:\/\/files.sunoresearch.com.br\/n\/uploads\/2020\/09\/c861edb0-guedes2-jpg.webp","contentUrl":"https:\/\/files.sunoresearch.com.br\/n\/uploads\/2020\/09\/c861edb0-guedes2-jpg.webp","width":800,"height":450,"caption":"Congresso \u00e9 reformista e presidente est\u00e1 enviando reformas, diz Guedes"},{"@type":"BreadcrumbList","@id":"https:\/\/www.suno.com.br\/noticias\/congresso-e-reformista-e-presidente-esta-enviando-reformas-diz-guedes\/#breadcrumb","itemListElement":[{"@type":"ListItem","position":1,"name":"Not\u00edcias","item":"https:\/\/www.suno.com.br\/noticias\/"},{"@type":"ListItem","position":2,"name":"Economia","item":"https:\/\/www.suno.com.br\/noticias\/economia\/"},{"@type":"ListItem","position":3,"name":"Congresso \u00e9 reformista e presidente est\u00e1 enviando reformas, diz Guedes"}]},{"@type":"WebSite","@id":"https:\/\/www.suno.com.br\/noticias\/#website","url":"https:\/\/www.suno.com.br\/noticias\/","name":"Suno Not\u00edcias","description":"Seu portal de informa\u00e7\u00e3o sobre o mundo dos investimentos","publisher":{"@id":"https:\/\/www.suno.com.br\/noticias\/#organization"},"potentialAction":[{"@type":"SearchAction","target":{"@type":"EntryPoint","urlTemplate":"https:\/\/www.suno.com.br\/noticias\/?s={search_term_string}"},"query-input":{"@type":"PropertyValueSpecification","valueRequired":true,"valueName":"search_term_string"}}],"inLanguage":"pt-BR"},{"@type":"Organization","@id":"https:\/\/www.suno.com.br\/noticias\/#organization","name":"Suno Not\u00edcias","url":"https:\/\/www.suno.com.br\/noticias\/","logo":{"@type":"ImageObject","inLanguage":"pt-BR","@id":"https:\/\/www.suno.com.br\/noticias\/#\/schema\/logo\/image\/","url":"https:\/\/files.sunoresearch.com.br\/n\/uploads\/2021\/09\/suno-logo.png","contentUrl":"https:\/\/files.sunoresearch.com.br\/n\/uploads\/2021\/09\/suno-logo.png","width":180,"height":180,"caption":"Suno Not\u00edcias"},"image":{"@id":"https:\/\/www.suno.com.br\/noticias\/#\/schema\/logo\/image\/"},"sameAs":["https:\/\/facebook.com\/sunoresearch","https:\/\/x.com\/sunoresearch","https:\/\/www.instagram.com\/suno","https:\/\/www.linkedin.com\/company\/suno-research\/","https:\/\/www.youtube.com\/c\/sunoresearch"]},{"@type":"Person","@id":"https:\/\/www.suno.com.br\/noticias\/#\/schema\/person\/e672ca8cea627fe715fa29bca7da95e0","name":"Rafaela La Regina","image":{"@type":"ImageObject","inLanguage":"pt-BR","@id":"https:\/\/www.suno.com.br\/noticias\/#\/schema\/person\/image\/","url":"https:\/\/secure.gravatar.com\/avatar\/d2c75a52d243deb93d0465fdcb21bd37?s=96&r=g","contentUrl":"https:\/\/secure.gravatar.com\/avatar\/d2c75a52d243deb93d0465fdcb21bd37?s=96&r=g","caption":"Rafaela La Regina"},"description":"Estagi\u00e1ria no Suno Not\u00edcias. Escreve sobre economia, pol\u00edtica e neg\u00f3cios. Estuda Rela\u00e7\u00f5es Internacionais no IBMEC-SP.","url":"https:\/\/www.suno.com.br\/noticias\/author\/rafaela-la-regina\/"}]}},"default_loop_html":"<div class=\"cardsPage__listCard__boxs\"><div class=\"cardsPage__listCard__boxs__img\"><a href=\"https:\/\/www.suno.com.br\/noticias\/congresso-e-reformista-e-presidente-esta-enviando-reformas-diz-guedes\/\"><img class=\"mask\" src=\"https:\/\/www.suno.com.br\/noticias\/wp-content\/themes\/suno\/resources\/images\/spotlight\/spotlight1img\/bg-mask.png\" alt=\"Image Mask\"\/><img src=\"https:\/\/files.sunoresearch.com.br\/n\/uploads\/2020\/09\/c861edb0-guedes2-400x200.webp\" alt=\"Congresso \u00e9 reformista e presidente est\u00e1 enviando reformas, diz Guedes\"\/><\/a><span class=\"spotlightCategory\"><a href=\"https:\/\/www.suno.com.br\/noticias\/economia\/\">Economia<\/a><\/span><\/div><div class=\"cardsPage__listCard__boxs__content\"><a href=\"https:\/\/www.suno.com.br\/noticias\/congresso-e-reformista-e-presidente-esta-enviando-reformas-diz-guedes\/\"><h2 class=\"content__title\">Congresso \u00e9 reformista e presidente est\u00e1 enviando reformas, diz Guedes<\/h2><\/a><div class=\"newsContent__article__meta\"><div class=\"newsContent__article__meta__authorBox\"><a href=\"https:\/\/www.suno.com.br\/noticias\/author\/rafaela-la-regina\/\" class=\"authorBox__avatar noMobi\"><img src=\"https:\/\/secure.gravatar.com\/avatar\/d2c75a52d243deb93d0465fdcb21bd37?s=96&#038;r=g\" alt=\"Rafaela La Regina\"><\/a><div class=\"authorBox__name\"><span>por\n\t\t\t<a href=\"https:\/\/www.suno.com.br\/noticias\/author\/rafaela-la-regina\/\"><span itemprop=\"author\">Rafaela La Regina<\/span><\/a><\/span><time datetime=\"2020-09-23T15:59:09-03:00\" itemprop=\"datePublished\">23\/09\/2020 15:59<\/time><\/div><\/div><\/div><\/div><\/div>","single_layout":"posts","amp_enabled":true,"_links":{"self":[{"href":"https:\/\/www.suno.com.br\/noticias\/wp-json\/wp\/v2\/posts\/86924"}],"collection":[{"href":"https:\/\/www.suno.com.br\/noticias\/wp-json\/wp\/v2\/posts"}],"about":[{"href":"https:\/\/www.suno.com.br\/noticias\/wp-json\/wp\/v2\/types\/post"}],"author":[{"embeddable":true,"href":"https:\/\/www.suno.com.br\/noticias\/wp-json\/wp\/v2\/users\/56"}],"replies":[{"embeddable":true,"href":"https:\/\/www.suno.com.br\/noticias\/wp-json\/wp\/v2\/comments?post=86924"}],"version-history":[{"count":0,"href":"https:\/\/www.suno.com.br\/noticias\/wp-json\/wp\/v2\/posts\/86924\/revisions"}],"wp:featuredmedia":[{"embeddable":true,"href":"https:\/\/www.suno.com.br\/noticias\/wp-json\/wp\/v2\/media\/86950"}],"wp:attachment":[{"href":"https:\/\/www.suno.com.br\/noticias\/wp-json\/wp\/v2\/media?parent=86924"}],"wp:term":[{"taxonomy":"category","embeddable":true,"href":"https:\/\/www.suno.com.br\/noticias\/wp-json\/wp\/v2\/categories?post=86924"},{"taxonomy":"post_tag","embeddable":true,"href":"https:\/\/www.suno.com.br\/noticias\/wp-json\/wp\/v2\/tags?post=86924"},{"taxonomy":"suno_strategy","embeddable":true,"href":"https:\/\/www.suno.com.br\/noticias\/wp-json\/wp\/v2\/suno_strategy?post=86924"}],"curies":[{"name":"wp","href":"https:\/\/api.w.org\/{rel}","templated":true}]}}