{"id":8686,"date":"2018-12-13T09:28:13","date_gmt":"2018-12-13T11:28:13","guid":{"rendered":"https:\/\/www.suno.com.br\/noticias\/?p=8686"},"modified":"2018-12-13T09:28:13","modified_gmt":"2018-12-13T11:28:13","slug":"governo-discute-nova-tabela-fretes","status":"publish","type":"post","link":"https:\/\/www.suno.com.br\/noticias\/governo-discute-nova-tabela-fretes\/","title":{"rendered":"Governo de transi\u00e7\u00e3o discute nova tabela de fretes"},"content":{"rendered":"<p>A equipe de transi\u00e7\u00e3o do governo do presidente-eleito Jair Bolsonaro\u00a0 estaria discutindo uma nova tabela de frete.<\/p>\t<div class=\"wrapper-featured-image\">\n\t\t<figure class=\"spotlightImg\">\n\n\t\t\t<picture>\n\t\t\t\t<source media=\"(max-width: 768px)\" srcset=\"https:\/\/files.sunoresearch.com.br\/n\/uploads\/2018\/12\/908b7691-caminhoneiros-nova-tabela-de-frete-400x200.webp\">\n\t\t\t\t<img loading=\"lazy\" decoding=\"async\" class=\"newsContent__article__imgCapa lazyloadDisabled newsContent__article__imgCapa--noCaption\" src=\"https:\/\/files.sunoresearch.com.br\/n\/uploads\/2018\/12\/908b7691-caminhoneiros-nova-tabela-de-frete-800x450.webp\" width=\"800\" height=\"450\" alt=\"Governo de transi\u00e7\u00e3o discute nova tabela de fretes\" fetchpriority=high \/>\n\t\t\t<\/picture>\n\n\t\t\t<figcaption class=\"wp-caption-text wp-caption-text--hide\">Caminhoneiros - Nova tabela de frete<\/figcaption>\n\t\t<\/figure>\n\t<\/div>\n\n\n<p>A <strong>tabela de frete<\/strong> deveria ser apresentada em janeiro pela Ag\u00eancia Nacional de Transportes Terrestres (<strong>ANTT<\/strong>) para substituir a atual.<\/p>\n<p>O objetivo \u00e9 evitar uma nova <strong>greve dos caminhoneiros<\/strong>.<\/p>\n<p>A proposta de\u00a0nova tabela de frete ficar\u00e1 em consulta p\u00fablica. Uma escolha que permitir\u00e1 que todos os agentes do setor possam dar sugest\u00f5es.<\/p>\n<p>Uma das principais cr\u00edticas do setor produtivo \u00e9 que a tabela vigente foi elaborada de forma unilateral pela ANTT, sob forte press\u00e3o para acabar com a greve dos caminhoneiros. A paralisa\u00e7\u00e3o dos caminhoneiros praticamente parou o pa\u00eds em maio.<\/p>\n<p>Segundo os empres\u00e1rios, a tabela conteria erros de c\u00e1lculo de custo e distor\u00e7\u00f5es. Entre elas, considerar um s\u00f3 tipo de caminh\u00e3o (n\u00famero de eixos) para diferentes tipos de carga. Ao contr\u00e1rio, a nova tabela contemplar\u00e1 v\u00e1rios tipos de ve\u00edculos para diversos tipos de carga.<\/p>\n<p><a href=\"https:\/\/www.suno.com.br\/noticias\/caminhoneiros-frete-fux\/\">Saiba mais: Tabela de frete dos caminhoneiros volta a valer em decis\u00e3o de Fux\u00a0<\/a><\/p>\n<p>Ontem o ministro do Supremo Tribunal Federal (STF), Luiz Fux, derribou uma sua pr\u00f3pria liminar que suspendia o pagamento de multas pelo n\u00e3o cumprimento da tabela.<\/p>\n<p>Uma reviravolta realizada ap\u00f3s uma articula\u00e7\u00e3o com o futuro governo e a Advocacia-Geral da Uni\u00e3o (AGU).<\/p>\n<p>Por sua vez, o futuro ministro de Infraestrutura, Tarc\u00edsio de Freitas, j\u00e1 sinalizou que vai trabalhar para que a tabela do frete seja cumprida no pa\u00eds. Todavia, a tabela ter\u00e1 novos par\u00e2metros, mais aderentes ao mercado. Entre eles, o estabelecimento de um piso correto que cubra os custos e remunere os caminhoneiros. De Freitas, por\u00e9m, destacou que tudo ser\u00e1 negociado com a categoria.<\/p>\n<p><a href=\"https:\/\/www.suno.com.br\/noticias\/caminhoneiros-sp-rio\/\">Saiba mais:\u00a0Caminhoneiros paralisam parcialmente em S\u00e3o Paulo e Rio\u00a0<\/a><\/p>\n<p>Ao mesmo tempo, os t\u00e9cnicos da futura equipe econ\u00f4mica estariam discutindo tamb\u00e9m a cria\u00e7\u00e3o de um fundo de compensa\u00e7\u00e3o com a Cide (tributo que incide sobre os combust\u00edveis). Uma escolha que evitaria a flutua\u00e7\u00e3o excessiva nos pre\u00e7os do combust\u00edvel.<\/p>\n<p>A ideia \u00e9 que o tributo sirva como um colch\u00e3o para acomodar a varia\u00e7\u00e3o dos pre\u00e7os do petr\u00f3leo no mercado internacional.<\/p>\n<p>O presidente eleito Jair Bolsonaro j\u00e1 sinalizou v\u00e1rias vezes que n\u00e3o quer que a Petrobras volte a adotar a sistem\u00e1tica anterior \u00e0 <strong>greve dos caminhoneiros<\/strong>. Um sistema onde os pre\u00e7os oscilavam quase que diariamente.<\/p>\n<p>Por outro lado, t\u00e9cnicos j\u00e1 alertaram que n\u00e3o h\u00e1 espa\u00e7o no Or\u00e7amento de 2019 para prorrogar o programa de subven\u00e7\u00e3o do diesel, que vence no dia 31 de dezembro. O novo fundo de estabiliza\u00e7\u00e3o de pre\u00e7os, como vem sendo chamado, seria ent\u00e3o a solu\u00e7\u00e3o alternativa, junto com a nova <strong>tabela de frete<\/strong>, para estabilizar o setor.<\/p>\n<p>&nbsp;<\/p>\n","protected":false},"excerpt":{"rendered":"<p>A equipe de transi\u00e7\u00e3o do governo do presidente-eleito Jair Bolsonaro\u00a0 estaria discutindo uma nova tabela de frete. Caminhoneiros &#8211; Nova tabela de frete A tabela de frete deveria ser apresentada em janeiro pela Ag\u00eancia Nacional de Transportes Terrestres (ANTT) para substituir a atual. O objetivo \u00e9 evitar uma nova greve dos caminhoneiros. A proposta de\u00a0nova [&hellip;]<\/p>\n","protected":false},"author":9,"featured_media":8696,"comment_status":"closed","ping_status":"closed","sticky":false,"template":"","format":"standard","meta":[],"categories":[61],"tags":[859,833,719],"suno_strategy":[],"class_list":["post-8686","post","type-post","status-publish","format-standard","has-post-thumbnail","hentry","category-politica","tag-fretes","tag-greve-dos-caminhoneiros","tag-jair-bolsonaro"],"yoast_head":"<!-- This site is optimized with the Yoast SEO plugin v24.4 - https:\/\/yoast.com\/wordpress\/plugins\/seo\/ -->\n<title>Governo de transi\u00e7\u00e3o discute nova tabela de fretes<\/title>\n<meta name=\"robots\" content=\"index, follow, max-snippet:-1, max-image-preview:large, max-video-preview:-1\" \/>\n<link rel=\"canonical\" href=\"https:\/\/www.suno.com.br\/noticias\/governo-discute-nova-tabela-fretes\/\" \/>\n<meta property=\"og:locale\" content=\"pt_BR\" \/>\n<meta property=\"og:type\" content=\"article\" \/>\n<meta property=\"og:title\" content=\"Governo de transi\u00e7\u00e3o discute nova tabela de fretes\" \/>\n<meta property=\"og:description\" content=\"A equipe de transi\u00e7\u00e3o do governo do presidente-eleito Jair Bolsonaro\u00a0 estaria discutindo uma nova tabela de frete. Caminhoneiros - Nova tabela de frete A tabela de frete deveria ser apresentada em janeiro pela Ag\u00eancia Nacional de Transportes Terrestres (ANTT) para substituir a atual. O objetivo \u00e9 evitar uma nova greve dos caminhoneiros. A proposta de\u00a0nova [&hellip;]\" \/>\n<meta property=\"og:url\" content=\"https:\/\/www.suno.com.br\/noticias\/governo-discute-nova-tabela-fretes\/\" \/>\n<meta property=\"og:site_name\" content=\"Suno Not\u00edcias\" \/>\n<meta property=\"article:publisher\" content=\"https:\/\/facebook.com\/sunoresearch\" \/>\n<meta property=\"og:image\" content=\"https:\/\/files.sunoresearch.com.br\/n\/uploads\/2018\/12\/908b7691-caminhoneiros-nova-tabela-de-frete.jpg\" \/>\n\t<meta property=\"og:image:width\" content=\"1024\" \/>\n\t<meta property=\"og:image:height\" content=\"576\" \/>\n\t<meta property=\"og:image:type\" content=\"image\/jpeg\" \/>\n<meta name=\"author\" content=\"Carlo Cauti\" \/>\n<meta name=\"twitter:card\" content=\"summary_large_image\" \/>\n<meta name=\"twitter:creator\" content=\"@sunoresearch\" \/>\n<meta name=\"twitter:site\" content=\"@sunoresearch\" \/>\n<meta name=\"twitter:label1\" content=\"Escrito por\" \/>\n\t<meta name=\"twitter:data1\" content=\"Carlo Cauti\" \/>\n\t<meta name=\"twitter:label2\" content=\"Est. tempo de leitura\" \/>\n\t<meta name=\"twitter:data2\" content=\"2 minutos\" \/>\n<script type=\"application\/ld+json\" class=\"yoast-schema-graph\">{\"@context\":\"https:\/\/schema.org\",\"@graph\":[{\"@type\":\"NewsArticle\",\"@id\":\"https:\/\/www.suno.com.br\/noticias\/governo-discute-nova-tabela-fretes\/#article\",\"isPartOf\":{\"@id\":\"https:\/\/www.suno.com.br\/noticias\/governo-discute-nova-tabela-fretes\/\"},\"author\":{\"name\":\"Carlo Cauti\",\"@id\":\"https:\/\/www.suno.com.br\/noticias\/#\/schema\/person\/e6e0f723cc177805027f4566c1d5e0c8\"},\"headline\":\"Governo de transi\u00e7\u00e3o discute nova tabela de fretes\",\"datePublished\":\"2018-12-13T11:28:13+00:00\",\"mainEntityOfPage\":{\"@id\":\"https:\/\/www.suno.com.br\/noticias\/governo-discute-nova-tabela-fretes\/\"},\"wordCount\":489,\"publisher\":{\"@id\":\"https:\/\/www.suno.com.br\/noticias\/#organization\"},\"image\":{\"@id\":\"https:\/\/www.suno.com.br\/noticias\/governo-discute-nova-tabela-fretes\/#primaryimage\"},\"thumbnailUrl\":\"https:\/\/files.sunoresearch.com.br\/n\/uploads\/2018\/12\/908b7691-caminhoneiros-nova-tabela-de-frete-jpg.webp\",\"keywords\":[\"fretes\",\"greve dos caminhoneiros\",\"Jair Bolsonaro\"],\"articleSection\":[\"Pol\u00edtica\"],\"inLanguage\":\"pt-BR\"},{\"@type\":\"WebPage\",\"@id\":\"https:\/\/www.suno.com.br\/noticias\/governo-discute-nova-tabela-fretes\/\",\"url\":\"https:\/\/www.suno.com.br\/noticias\/governo-discute-nova-tabela-fretes\/\",\"name\":\"Governo de transi\u00e7\u00e3o discute nova tabela de fretes\",\"isPartOf\":{\"@id\":\"https:\/\/www.suno.com.br\/noticias\/#website\"},\"primaryImageOfPage\":{\"@id\":\"https:\/\/www.suno.com.br\/noticias\/governo-discute-nova-tabela-fretes\/#primaryimage\"},\"image\":{\"@id\":\"https:\/\/www.suno.com.br\/noticias\/governo-discute-nova-tabela-fretes\/#primaryimage\"},\"thumbnailUrl\":\"https:\/\/files.sunoresearch.com.br\/n\/uploads\/2018\/12\/908b7691-caminhoneiros-nova-tabela-de-frete-jpg.webp\",\"datePublished\":\"2018-12-13T11:28:13+00:00\",\"breadcrumb\":{\"@id\":\"https:\/\/www.suno.com.br\/noticias\/governo-discute-nova-tabela-fretes\/#breadcrumb\"},\"inLanguage\":\"pt-BR\",\"potentialAction\":[{\"@type\":\"ReadAction\",\"target\":[\"https:\/\/www.suno.com.br\/noticias\/governo-discute-nova-tabela-fretes\/\"]}]},{\"@type\":\"ImageObject\",\"inLanguage\":\"pt-BR\",\"@id\":\"https:\/\/www.suno.com.br\/noticias\/governo-discute-nova-tabela-fretes\/#primaryimage\",\"url\":\"https:\/\/files.sunoresearch.com.br\/n\/uploads\/2018\/12\/908b7691-caminhoneiros-nova-tabela-de-frete-jpg.webp\",\"contentUrl\":\"https:\/\/files.sunoresearch.com.br\/n\/uploads\/2018\/12\/908b7691-caminhoneiros-nova-tabela-de-frete-jpg.webp\",\"width\":1024,\"height\":576,\"caption\":\"Caminhoneiros - Nova tabela de frete\"},{\"@type\":\"BreadcrumbList\",\"@id\":\"https:\/\/www.suno.com.br\/noticias\/governo-discute-nova-tabela-fretes\/#breadcrumb\",\"itemListElement\":[{\"@type\":\"ListItem\",\"position\":1,\"name\":\"Not\u00edcias\",\"item\":\"https:\/\/www.suno.com.br\/noticias\/\"},{\"@type\":\"ListItem\",\"position\":2,\"name\":\"Pol\u00edtica\",\"item\":\"https:\/\/www.suno.com.br\/noticias\/politica\/\"},{\"@type\":\"ListItem\",\"position\":3,\"name\":\"Governo de transi\u00e7\u00e3o discute nova tabela de fretes\"}]},{\"@type\":\"WebSite\",\"@id\":\"https:\/\/www.suno.com.br\/noticias\/#website\",\"url\":\"https:\/\/www.suno.com.br\/noticias\/\",\"name\":\"Suno Not\u00edcias\",\"description\":\"Seu portal de informa\u00e7\u00e3o sobre o mundo dos investimentos\",\"publisher\":{\"@id\":\"https:\/\/www.suno.com.br\/noticias\/#organization\"},\"potentialAction\":[{\"@type\":\"SearchAction\",\"target\":{\"@type\":\"EntryPoint\",\"urlTemplate\":\"https:\/\/www.suno.com.br\/noticias\/?s={search_term_string}\"},\"query-input\":{\"@type\":\"PropertyValueSpecification\",\"valueRequired\":true,\"valueName\":\"search_term_string\"}}],\"inLanguage\":\"pt-BR\"},{\"@type\":\"Organization\",\"@id\":\"https:\/\/www.suno.com.br\/noticias\/#organization\",\"name\":\"Suno Not\u00edcias\",\"url\":\"https:\/\/www.suno.com.br\/noticias\/\",\"logo\":{\"@type\":\"ImageObject\",\"inLanguage\":\"pt-BR\",\"@id\":\"https:\/\/www.suno.com.br\/noticias\/#\/schema\/logo\/image\/\",\"url\":\"https:\/\/files.sunoresearch.com.br\/n\/uploads\/2021\/09\/suno-logo.png\",\"contentUrl\":\"https:\/\/files.sunoresearch.com.br\/n\/uploads\/2021\/09\/suno-logo.png\",\"width\":180,\"height\":180,\"caption\":\"Suno Not\u00edcias\"},\"image\":{\"@id\":\"https:\/\/www.suno.com.br\/noticias\/#\/schema\/logo\/image\/\"},\"sameAs\":[\"https:\/\/facebook.com\/sunoresearch\",\"https:\/\/x.com\/sunoresearch\",\"https:\/\/www.instagram.com\/suno\",\"https:\/\/www.linkedin.com\/company\/suno-research\/\",\"https:\/\/www.youtube.com\/c\/sunoresearch\"]},{\"@type\":\"Person\",\"@id\":\"https:\/\/www.suno.com.br\/noticias\/#\/schema\/person\/e6e0f723cc177805027f4566c1d5e0c8\",\"name\":\"Carlo Cauti\",\"image\":{\"@type\":\"ImageObject\",\"inLanguage\":\"pt-BR\",\"@id\":\"https:\/\/www.suno.com.br\/noticias\/#\/schema\/person\/image\/\",\"url\":\"https:\/\/secure.gravatar.com\/avatar\/3ada9e0bd164c23abd4792a9606d583c?s=96&r=g\",\"contentUrl\":\"https:\/\/secure.gravatar.com\/avatar\/3ada9e0bd164c23abd4792a9606d583c?s=96&r=g\",\"caption\":\"Carlo Cauti\"},\"description\":\"Editor multim\u00eddia do SUNO Not\u00edcias. Italiano, formado em Ci\u00eancias Pol\u00edticas pela universidade LUISS G. Carli de Roma e mestre cum laude em Rela\u00e7\u00f5es Internacionais, Jornalismo Internacional e de Guerra e em Economia Internacional. Concluiu tamb\u00e9m um MBA em Finan\u00e7as na B3. No Brasil, teve passagem por ve\u00edculos como Estad\u00e3o, Globo, Veja e EXAME. e nas ag\u00eancias de not\u00edcias italianas ANSA e NOVA.\",\"url\":\"https:\/\/www.suno.com.br\/noticias\/author\/carlo-cauti\/\"}]}<\/script>\n<!-- \/ Yoast SEO plugin. -->","yoast_head_json":{"title":"Governo de transi\u00e7\u00e3o discute nova tabela de fretes","robots":{"index":"index","follow":"follow","max-snippet":"max-snippet:-1","max-image-preview":"max-image-preview:large","max-video-preview":"max-video-preview:-1"},"canonical":"https:\/\/www.suno.com.br\/noticias\/governo-discute-nova-tabela-fretes\/","og_locale":"pt_BR","og_type":"article","og_title":"Governo de transi\u00e7\u00e3o discute nova tabela de fretes","og_description":"A equipe de transi\u00e7\u00e3o do governo do presidente-eleito Jair Bolsonaro\u00a0 estaria discutindo uma nova tabela de frete. Caminhoneiros - Nova tabela de frete A tabela de frete deveria ser apresentada em janeiro pela Ag\u00eancia Nacional de Transportes Terrestres (ANTT) para substituir a atual. O objetivo \u00e9 evitar uma nova greve dos caminhoneiros. A proposta de\u00a0nova [&hellip;]","og_url":"https:\/\/www.suno.com.br\/noticias\/governo-discute-nova-tabela-fretes\/","og_site_name":"Suno Not\u00edcias","article_publisher":"https:\/\/facebook.com\/sunoresearch","og_image":[{"width":1024,"height":576,"url":"https:\/\/files.sunoresearch.com.br\/n\/uploads\/2018\/12\/908b7691-caminhoneiros-nova-tabela-de-frete.jpg","type":"image\/jpeg"}],"author":"Carlo Cauti","twitter_card":"summary_large_image","twitter_creator":"@sunoresearch","twitter_site":"@sunoresearch","twitter_misc":{"Escrito por":"Carlo Cauti","Est. tempo de leitura":"2 minutos"},"schema":{"@context":"https:\/\/schema.org","@graph":[{"@type":"NewsArticle","@id":"https:\/\/www.suno.com.br\/noticias\/governo-discute-nova-tabela-fretes\/#article","isPartOf":{"@id":"https:\/\/www.suno.com.br\/noticias\/governo-discute-nova-tabela-fretes\/"},"author":{"name":"Carlo Cauti","@id":"https:\/\/www.suno.com.br\/noticias\/#\/schema\/person\/e6e0f723cc177805027f4566c1d5e0c8"},"headline":"Governo de transi\u00e7\u00e3o discute nova tabela de fretes","datePublished":"2018-12-13T11:28:13+00:00","mainEntityOfPage":{"@id":"https:\/\/www.suno.com.br\/noticias\/governo-discute-nova-tabela-fretes\/"},"wordCount":489,"publisher":{"@id":"https:\/\/www.suno.com.br\/noticias\/#organization"},"image":{"@id":"https:\/\/www.suno.com.br\/noticias\/governo-discute-nova-tabela-fretes\/#primaryimage"},"thumbnailUrl":"https:\/\/files.sunoresearch.com.br\/n\/uploads\/2018\/12\/908b7691-caminhoneiros-nova-tabela-de-frete-jpg.webp","keywords":["fretes","greve dos caminhoneiros","Jair Bolsonaro"],"articleSection":["Pol\u00edtica"],"inLanguage":"pt-BR"},{"@type":"WebPage","@id":"https:\/\/www.suno.com.br\/noticias\/governo-discute-nova-tabela-fretes\/","url":"https:\/\/www.suno.com.br\/noticias\/governo-discute-nova-tabela-fretes\/","name":"Governo de transi\u00e7\u00e3o discute nova tabela de fretes","isPartOf":{"@id":"https:\/\/www.suno.com.br\/noticias\/#website"},"primaryImageOfPage":{"@id":"https:\/\/www.suno.com.br\/noticias\/governo-discute-nova-tabela-fretes\/#primaryimage"},"image":{"@id":"https:\/\/www.suno.com.br\/noticias\/governo-discute-nova-tabela-fretes\/#primaryimage"},"thumbnailUrl":"https:\/\/files.sunoresearch.com.br\/n\/uploads\/2018\/12\/908b7691-caminhoneiros-nova-tabela-de-frete-jpg.webp","datePublished":"2018-12-13T11:28:13+00:00","breadcrumb":{"@id":"https:\/\/www.suno.com.br\/noticias\/governo-discute-nova-tabela-fretes\/#breadcrumb"},"inLanguage":"pt-BR","potentialAction":[{"@type":"ReadAction","target":["https:\/\/www.suno.com.br\/noticias\/governo-discute-nova-tabela-fretes\/"]}]},{"@type":"ImageObject","inLanguage":"pt-BR","@id":"https:\/\/www.suno.com.br\/noticias\/governo-discute-nova-tabela-fretes\/#primaryimage","url":"https:\/\/files.sunoresearch.com.br\/n\/uploads\/2018\/12\/908b7691-caminhoneiros-nova-tabela-de-frete-jpg.webp","contentUrl":"https:\/\/files.sunoresearch.com.br\/n\/uploads\/2018\/12\/908b7691-caminhoneiros-nova-tabela-de-frete-jpg.webp","width":1024,"height":576,"caption":"Caminhoneiros - Nova tabela de frete"},{"@type":"BreadcrumbList","@id":"https:\/\/www.suno.com.br\/noticias\/governo-discute-nova-tabela-fretes\/#breadcrumb","itemListElement":[{"@type":"ListItem","position":1,"name":"Not\u00edcias","item":"https:\/\/www.suno.com.br\/noticias\/"},{"@type":"ListItem","position":2,"name":"Pol\u00edtica","item":"https:\/\/www.suno.com.br\/noticias\/politica\/"},{"@type":"ListItem","position":3,"name":"Governo de transi\u00e7\u00e3o discute nova tabela de fretes"}]},{"@type":"WebSite","@id":"https:\/\/www.suno.com.br\/noticias\/#website","url":"https:\/\/www.suno.com.br\/noticias\/","name":"Suno Not\u00edcias","description":"Seu portal de informa\u00e7\u00e3o sobre o mundo dos investimentos","publisher":{"@id":"https:\/\/www.suno.com.br\/noticias\/#organization"},"potentialAction":[{"@type":"SearchAction","target":{"@type":"EntryPoint","urlTemplate":"https:\/\/www.suno.com.br\/noticias\/?s={search_term_string}"},"query-input":{"@type":"PropertyValueSpecification","valueRequired":true,"valueName":"search_term_string"}}],"inLanguage":"pt-BR"},{"@type":"Organization","@id":"https:\/\/www.suno.com.br\/noticias\/#organization","name":"Suno Not\u00edcias","url":"https:\/\/www.suno.com.br\/noticias\/","logo":{"@type":"ImageObject","inLanguage":"pt-BR","@id":"https:\/\/www.suno.com.br\/noticias\/#\/schema\/logo\/image\/","url":"https:\/\/files.sunoresearch.com.br\/n\/uploads\/2021\/09\/suno-logo.png","contentUrl":"https:\/\/files.sunoresearch.com.br\/n\/uploads\/2021\/09\/suno-logo.png","width":180,"height":180,"caption":"Suno Not\u00edcias"},"image":{"@id":"https:\/\/www.suno.com.br\/noticias\/#\/schema\/logo\/image\/"},"sameAs":["https:\/\/facebook.com\/sunoresearch","https:\/\/x.com\/sunoresearch","https:\/\/www.instagram.com\/suno","https:\/\/www.linkedin.com\/company\/suno-research\/","https:\/\/www.youtube.com\/c\/sunoresearch"]},{"@type":"Person","@id":"https:\/\/www.suno.com.br\/noticias\/#\/schema\/person\/e6e0f723cc177805027f4566c1d5e0c8","name":"Carlo Cauti","image":{"@type":"ImageObject","inLanguage":"pt-BR","@id":"https:\/\/www.suno.com.br\/noticias\/#\/schema\/person\/image\/","url":"https:\/\/secure.gravatar.com\/avatar\/3ada9e0bd164c23abd4792a9606d583c?s=96&r=g","contentUrl":"https:\/\/secure.gravatar.com\/avatar\/3ada9e0bd164c23abd4792a9606d583c?s=96&r=g","caption":"Carlo Cauti"},"description":"Editor multim\u00eddia do SUNO Not\u00edcias. Italiano, formado em Ci\u00eancias Pol\u00edticas pela universidade LUISS G. Carli de Roma e mestre cum laude em Rela\u00e7\u00f5es Internacionais, Jornalismo Internacional e de Guerra e em Economia Internacional. Concluiu tamb\u00e9m um MBA em Finan\u00e7as na B3. No Brasil, teve passagem por ve\u00edculos como Estad\u00e3o, Globo, Veja e EXAME. e nas ag\u00eancias de not\u00edcias italianas ANSA e NOVA.","url":"https:\/\/www.suno.com.br\/noticias\/author\/carlo-cauti\/"}]}},"default_loop_html":"<div class=\"cardsPage__listCard__boxs\"><div class=\"cardsPage__listCard__boxs__img\"><a href=\"https:\/\/www.suno.com.br\/noticias\/governo-discute-nova-tabela-fretes\/\"><img class=\"mask\" src=\"https:\/\/www.suno.com.br\/noticias\/wp-content\/themes\/suno\/resources\/images\/spotlight\/spotlight1img\/bg-mask.png\" alt=\"Image Mask\"\/><img src=\"https:\/\/files.sunoresearch.com.br\/n\/uploads\/2018\/12\/908b7691-caminhoneiros-nova-tabela-de-frete-400x200.webp\" alt=\"Governo de transi\u00e7\u00e3o discute nova tabela de fretes\"\/><\/a><span class=\"spotlightCategory\"><a href=\"https:\/\/www.suno.com.br\/noticias\/politica\/\">Pol\u00edtica<\/a><\/span><\/div><div class=\"cardsPage__listCard__boxs__content\"><a href=\"https:\/\/www.suno.com.br\/noticias\/governo-discute-nova-tabela-fretes\/\"><h2 class=\"content__title\">Governo de transi\u00e7\u00e3o discute nova tabela de fretes<\/h2><\/a><div class=\"newsContent__article__meta\"><div class=\"newsContent__article__meta__authorBox\"><a href=\"https:\/\/www.suno.com.br\/noticias\/author\/carlo-cauti\/\" class=\"authorBox__avatar noMobi\"><img src=\"https:\/\/files.sunoresearch.com.br\/n\/uploads\/2020\/08\/e3745f9a-perfil-carlo-cauti-150x150.webp\" alt=\"Carlo Cauti\"><\/a><div class=\"authorBox__name\"><span>por\n\t\t\t<a href=\"https:\/\/www.suno.com.br\/noticias\/author\/carlo-cauti\/\"><span itemprop=\"author\">Carlo Cauti<\/span><\/a><\/span><time datetime=\"2018-12-13T09:28:13-02:00\" itemprop=\"datePublished\">13\/12\/2018 09:28<\/time><\/div><\/div><\/div><\/div><\/div>","single_layout":"posts","amp_enabled":true,"_links":{"self":[{"href":"https:\/\/www.suno.com.br\/noticias\/wp-json\/wp\/v2\/posts\/8686"}],"collection":[{"href":"https:\/\/www.suno.com.br\/noticias\/wp-json\/wp\/v2\/posts"}],"about":[{"href":"https:\/\/www.suno.com.br\/noticias\/wp-json\/wp\/v2\/types\/post"}],"author":[{"embeddable":true,"href":"https:\/\/www.suno.com.br\/noticias\/wp-json\/wp\/v2\/users\/9"}],"replies":[{"embeddable":true,"href":"https:\/\/www.suno.com.br\/noticias\/wp-json\/wp\/v2\/comments?post=8686"}],"version-history":[{"count":0,"href":"https:\/\/www.suno.com.br\/noticias\/wp-json\/wp\/v2\/posts\/8686\/revisions"}],"wp:featuredmedia":[{"embeddable":true,"href":"https:\/\/www.suno.com.br\/noticias\/wp-json\/wp\/v2\/media\/8696"}],"wp:attachment":[{"href":"https:\/\/www.suno.com.br\/noticias\/wp-json\/wp\/v2\/media?parent=8686"}],"wp:term":[{"taxonomy":"category","embeddable":true,"href":"https:\/\/www.suno.com.br\/noticias\/wp-json\/wp\/v2\/categories?post=8686"},{"taxonomy":"post_tag","embeddable":true,"href":"https:\/\/www.suno.com.br\/noticias\/wp-json\/wp\/v2\/tags?post=8686"},{"taxonomy":"suno_strategy","embeddable":true,"href":"https:\/\/www.suno.com.br\/noticias\/wp-json\/wp\/v2\/suno_strategy?post=8686"}],"curies":[{"name":"wp","href":"https:\/\/api.w.org\/{rel}","templated":true}]}}