{"id":86723,"date":"2020-09-23T09:48:49","date_gmt":"2020-09-23T12:48:49","guid":{"rendered":"https:\/\/www.suno.com.br\/noticias\/?p=86723"},"modified":"2021-05-10T13:14:30","modified_gmt":"2021-05-10T16:14:30","slug":"latam-airlines-pode-demitir-mais-12-mil-funcionarios","status":"publish","type":"post","link":"https:\/\/www.suno.com.br\/noticias\/latam-airlines-pode-demitir-mais-12-mil-funcionarios\/","title":{"rendered":"Latam Airlines pode demitir mais 1,2 mil funcion\u00e1rios"},"content":{"rendered":"<p>Ap\u00f3s demitir 2,7 mil <strong>pilotos<\/strong> e <strong>comiss\u00e1rios<\/strong> de bordo no in\u00edcio de agosto, a <strong>Latam Airlines<\/strong> pode dispensar outros 1,2 mil tripulantes, conforme foi informado na peti\u00e7\u00e3o apresentada na \u00faltima segunda-feira (21) ao Tribunal Superior do Trabalho (TST). A companhia a\u00e9rea tenta negociar com funcion\u00e1rios uma redu\u00e7\u00e3o permanente na remunera\u00e7\u00e3o, mas, se n\u00e3o chegar a um acordo, dever\u00e1 optar pelas demiss\u00f5es.<\/p>\t<div class=\"wrapper-featured-image\">\n\t\t<figure class=\"spotlightImg\">\n\n\t\t\t<picture>\n\t\t\t\t<source media=\"(max-width: 768px)\" srcset=\"https:\/\/files.sunoresearch.com.br\/n\/uploads\/2020\/09\/52c6bc19-latam_brasil-400x200.webp\">\n\t\t\t\t<img loading=\"lazy\" decoding=\"async\" class=\"newsContent__article__imgCapa lazyloadDisabled \" src=\"https:\/\/files.sunoresearch.com.br\/n\/uploads\/2020\/09\/52c6bc19-latam_brasil-800x450.webp\" width=\"800\" height=\"450\" alt=\"Latam Airlines pode demitir mais 1,2 mil funcion\u00e1rios\" fetchpriority=high \/>\n\t\t\t<\/picture>\n\n\t\t\t<figcaption class=\"wp-caption-text wp-caption-text--show\">Com Chapter 11 nos EUA, Latam se esquiva de compra da Azul h\u00e1 meses - Foto: Divulga\u00e7\u00e3o\/Latam<\/figcaption>\n\t\t<\/figure>\n\t<\/div>\n\n\n<div class=\"hubspot-form-wrapper\">\n\t<div id=\"single-form-target\"><\/div>\n<\/div>\n\n<p>Em julho haviam ocorrido conversas para alterar o modelo de remunera\u00e7\u00e3o dos profissionais entre a Latam e o <strong>Sindicato Nacional dos Aeronautas (SNA)<\/strong>. No entanto, como n\u00e3o houve acordo, a empresa desligou os 2,7 mil funcion\u00e1rios. O segmento de voos internacionais continua praticamente paralisado por causa da <strong>pandemia do novo coronav\u00edrus<\/strong> (covid-19) as negocia\u00e7\u00f5es foram retomadas em uma tentativa de evitar a demiss\u00e3o de outros 1,2 mil aeronautas.<\/p>\n<p>Enquanto a <a href=\"https:\/\/www.suno.com.br\/acoes\/goll4\/\"><strong>Gol<\/strong>\u00a0(GOLL4<\/a>) e a <a href=\"https:\/\/www.suno.com.br\/acoes\/azul4\/\"><strong>Azul <\/strong>(AZUL4)<\/a> fecharam com o SNA uma proposta de redu\u00e7\u00e3o tempor\u00e1ria de <strong>sal\u00e1rios<\/strong> at\u00e9 o fim de 2021, a Latam prop\u00f5e uma mudan\u00e7a permanente. Mais antiga no mercado, a companhia \u00e9 hoje a que paga sal\u00e1rios mais altos e diz que precisa se adequar aos padr\u00f5es atuais de remunera\u00e7\u00e3o. Em julho, por\u00e9m, o sindicato levou a proposta da Latam aos trabalhadores, mas a rejei\u00e7\u00e3o foi de quase 90%.<\/p>\n<p><a href=\"https:\/\/lp.suno.com.br\/suno-one\/\">No Suno One voc\u00ea aprende a fazer seu dinheiro trabalhar para voc\u00ea. Cadastre-se gratuitamente agora!<\/a><\/p>\n<p>Caso ocorra uma nova rodada de demiss\u00f5es, dever\u00e3o ser desligados 400 pilotos e 800 comiss\u00e1rios. Antes da crise da covid-19, eram 7 mil tripulantes &#8211; hoje, s\u00e3o 4,2 mil.<\/p>\n<p>Em <a href=\"https:\/\/www.suno.com.br\/artigos\/recuperacao-judicial\/\">recupera\u00e7\u00e3o judicial<\/a> nos Estados Unidos desde maio, a Latam conseguiu a libera\u00e7\u00e3o de um empr\u00e9stimo de US$ 2,4 bilh\u00f5es na semana passada.<\/p>\n<p>Em nota, a companhia afirmou que, caso &#8220;n\u00e3o consiga chegar a uma negocia\u00e7\u00e3o com o Sindicato dos Aeronautas, lamentavelmente ter\u00e1 que reduzir seu quadro excedente de tripulantes&#8221;.<\/p>\n<h2>Latam demite 38% do total de tripulantes, diz sindicato<\/h2>\n<p>A Latam Brasil havia informado em julho deste ano que iniciaria um processo de demiss\u00e3o em massa, de, no m\u00ednimo, 2,7 mil pilotos e comiss\u00e1rios, volume equivalente a 38% do total de tripulantes, de acordo com o SNA.<\/p>\n<p>A companhia a\u00e9rea anunciou a sua decis\u00e3o ap\u00f3s o fim das negocia\u00e7\u00f5es junto aos trabalhadores. Os tripulantes recha\u00e7aram que o sindicato continue negociando com a Latam uma redu\u00e7\u00e3o permanente de sal\u00e1rios.<\/p>\n<p>Conforme consulta feita pelo SNA,\u00a079% dos comiss\u00e1rios, 71% dos copilotos e 74% dos comandantes votaram contra a autoriza\u00e7\u00e3o.<\/p>\n\t<div data-element=\"shortcode-read-more\" class=\"knowMore\">\n\t\t\t\t<span class=\"knowMore__title\">Veja Tamb\u00e9m<\/span>\n\t\t\t\t<a class=\"knowMore__link\" href=\"https:\/\/www.suno.com.br\/noticias\/latam-airlines-registra-prejuizo-de-us-890-milhoes-no-2t20\/\">\n\t\t\tLatam Airlines registra preju\u00edzo de US$ 890 milh\u00f5es no 2T20\t\t<\/a>\n\t<\/div>\n\n\n<p>Com isso, a companhia decidiu abrir um pedido de demiss\u00e3o volunt\u00e1ria (PDV) de julho at\u00e9 inicio de agosto. Depois desse per\u00edodo foi iniciado o processo de desligamento.<\/p>\n<p>&#8220;A Latam \u00e9 a maior e mais antiga das tr\u00eas empresas que atuam no Brasil e remunera mais os tripulantes tanto em voos dom\u00e9sticos quanto em internacionais, por isso, a empresa tem a necessidade de equiparar-se \u00e0s pr\u00e1ticas do setor&#8221;, informou a empresa, em nota.<\/p>\n<p>A companhia\u00a0emprega cerca de 2.000 pilotos e 5.000 comiss\u00e1rios. Segundo a <strong>Latam<\/strong>, os ajustes no c\u00e1lculo da remunera\u00e7\u00e3o s\u00e3o necess\u00e1rios para equilibrar seus custos com os das concorrentes e, com isso, se antecipar a uma maior disputa no mercado.<\/p>\n<p><em>Com informa\u00e7\u00f5es do Estad\u00e3o Conte\u00fado.<\/em><\/p>\n\t<p>\n\t\t<a href=\"https:\/\/lp.suno.com.br\/planilha-de-controle-de-investimentos\/\" target=\"_blank\" data-element=\"shortcode-suno-banner\" title=\"Banner SUNO, clique e saiba mais\">\n\t\t\t<picture>\n\t\t\t\t<source media=\"(max-width: 500px)\" srcset=\"https:\/\/files.sunoresearch.com.br\/n\/uploads\/2023\/03\/400x300-Controle-de-Investimentos.png\">\n\t\t\t\t<img class=\"newsContent__article__imgCapa newsContent__article__imgCapa--banner\"\n\t\t\t\t\tsrc=\"https:\/\/files.sunoresearch.com.br\/n\/uploads\/2023\/03\/1420x240-Controle-de-Investimentos.png\"\n\t\t\t\t\tdata-promo-id=\"75934\"\t\t\t\t\t\t\t\t\t\twidth='1420' height='240'\t\t\t\t\talt=\"https:\/\/files.sunoresearch.com.br\/n\/uploads\/2023\/03\/1420x240-Controle-de-Investimentos.png\"\n\t\t\t\t>\n\t\t\t<\/picture>\n\t\t<\/a>\n\t<\/p>\n\n\n","protected":false},"excerpt":{"rendered":"<p>Ap\u00f3s demitir 2,7 mil pilotos e comiss\u00e1rios de bordo no in\u00edcio de agosto, a Latam Airlines pode dispensar outros 1,2 mil tripulantes, conforme foi informado na peti\u00e7\u00e3o apresentada na \u00faltima segunda-feira (21) ao Tribunal Superior do Trabalho (TST). A companhia a\u00e9rea tenta negociar com funcion\u00e1rios uma redu\u00e7\u00e3o permanente na remunera\u00e7\u00e3o, mas, se n\u00e3o chegar a [&hellip;]<\/p>\n","protected":false},"author":15,"featured_media":85895,"comment_status":"closed","ping_status":"closed","sticky":false,"template":"","format":"standard","meta":[],"categories":[64],"tags":[106932,489,739],"suno_strategy":[],"class_list":["post-86723","post","type-post","status-publish","format-standard","has-post-thumbnail","hentry","category-negocios","tag-azul-azul4","tag-gol-linhas-aereas-goll11-goll4","tag-latam"],"yoast_head":"<!-- This site is optimized with the Yoast SEO plugin v24.4 - https:\/\/yoast.com\/wordpress\/plugins\/seo\/ -->\n<title>Latam Airlines pode demitir mais 1,2 mil funcion\u00e1rios<\/title>\n<meta name=\"description\" content=\"Ap\u00f3s demitir 2,7 mil pilotos e comiss\u00e1rios de bordo em agosto, a Latam pode dispensar outros 1,2 mil tripulantes. Clique aqui e saiba mais\" \/>\n<meta name=\"robots\" content=\"index, follow, max-snippet:-1, max-image-preview:large, max-video-preview:-1\" \/>\n<link rel=\"canonical\" href=\"https:\/\/www.suno.com.br\/noticias\/latam-airlines-pode-demitir-mais-12-mil-funcionarios\/\" \/>\n<meta property=\"og:locale\" content=\"pt_BR\" \/>\n<meta property=\"og:type\" content=\"article\" \/>\n<meta property=\"og:title\" content=\"Latam Airlines pode demitir mais 1,2 mil funcion\u00e1rios\" \/>\n<meta property=\"og:description\" content=\"Ap\u00f3s demitir 2,7 mil pilotos e comiss\u00e1rios de bordo em agosto, a Latam pode dispensar outros 1,2 mil tripulantes. Clique aqui e saiba mais\" \/>\n<meta property=\"og:url\" content=\"https:\/\/www.suno.com.br\/noticias\/latam-airlines-pode-demitir-mais-12-mil-funcionarios\/\" \/>\n<meta property=\"og:site_name\" content=\"Suno Not\u00edcias\" \/>\n<meta property=\"article:publisher\" content=\"https:\/\/facebook.com\/sunoresearch\" \/>\n<meta property=\"og:image\" content=\"https:\/\/files.sunoresearch.com.br\/n\/uploads\/2020\/09\/52c6bc19-latam_brasil.jpg\" \/>\n\t<meta property=\"og:image:width\" content=\"1200\" \/>\n\t<meta property=\"og:image:height\" content=\"800\" \/>\n\t<meta property=\"og:image:type\" content=\"image\/jpeg\" \/>\n<meta name=\"author\" content=\"Poliana Santos\" \/>\n<meta name=\"twitter:card\" content=\"summary_large_image\" \/>\n<meta name=\"twitter:creator\" content=\"@sunoresearch\" \/>\n<meta name=\"twitter:site\" content=\"@sunoresearch\" \/>\n<meta name=\"twitter:label1\" content=\"Escrito por\" \/>\n\t<meta name=\"twitter:data1\" content=\"Poliana Santos\" \/>\n\t<meta name=\"twitter:label2\" content=\"Est. tempo de leitura\" \/>\n\t<meta name=\"twitter:data2\" content=\"3 minutos\" \/>\n<script type=\"application\/ld+json\" class=\"yoast-schema-graph\">{\"@context\":\"https:\/\/schema.org\",\"@graph\":[{\"@type\":\"NewsArticle\",\"@id\":\"https:\/\/www.suno.com.br\/noticias\/latam-airlines-pode-demitir-mais-12-mil-funcionarios\/#article\",\"isPartOf\":{\"@id\":\"https:\/\/www.suno.com.br\/noticias\/latam-airlines-pode-demitir-mais-12-mil-funcionarios\/\"},\"author\":{\"name\":\"Poliana Santos\",\"@id\":\"https:\/\/www.suno.com.br\/noticias\/#\/schema\/person\/02ec1f752758247878a2bf4abee1aeda\"},\"headline\":\"Latam Airlines pode demitir mais 1,2 mil funcion\u00e1rios\",\"datePublished\":\"2020-09-23T12:48:49+00:00\",\"dateModified\":\"2021-05-10T16:14:30+00:00\",\"mainEntityOfPage\":{\"@id\":\"https:\/\/www.suno.com.br\/noticias\/latam-airlines-pode-demitir-mais-12-mil-funcionarios\/\"},\"wordCount\":583,\"publisher\":{\"@id\":\"https:\/\/www.suno.com.br\/noticias\/#organization\"},\"image\":{\"@id\":\"https:\/\/www.suno.com.br\/noticias\/latam-airlines-pode-demitir-mais-12-mil-funcionarios\/#primaryimage\"},\"thumbnailUrl\":\"https:\/\/files.sunoresearch.com.br\/n\/uploads\/2020\/09\/52c6bc19-latam_brasil-jpg.webp\",\"keywords\":[\"Azul (AZUL4)\",\"Gol Linhas A\u00e9reas (GOLL11\/GOLL4)\",\"Latam\"],\"articleSection\":[\"Neg\u00f3cios\"],\"inLanguage\":\"pt-BR\"},{\"@type\":\"WebPage\",\"@id\":\"https:\/\/www.suno.com.br\/noticias\/latam-airlines-pode-demitir-mais-12-mil-funcionarios\/\",\"url\":\"https:\/\/www.suno.com.br\/noticias\/latam-airlines-pode-demitir-mais-12-mil-funcionarios\/\",\"name\":\"Latam Airlines pode demitir mais 1,2 mil funcion\u00e1rios\",\"isPartOf\":{\"@id\":\"https:\/\/www.suno.com.br\/noticias\/#website\"},\"primaryImageOfPage\":{\"@id\":\"https:\/\/www.suno.com.br\/noticias\/latam-airlines-pode-demitir-mais-12-mil-funcionarios\/#primaryimage\"},\"image\":{\"@id\":\"https:\/\/www.suno.com.br\/noticias\/latam-airlines-pode-demitir-mais-12-mil-funcionarios\/#primaryimage\"},\"thumbnailUrl\":\"https:\/\/files.sunoresearch.com.br\/n\/uploads\/2020\/09\/52c6bc19-latam_brasil-jpg.webp\",\"datePublished\":\"2020-09-23T12:48:49+00:00\",\"dateModified\":\"2021-05-10T16:14:30+00:00\",\"description\":\"Ap\u00f3s demitir 2,7 mil pilotos e comiss\u00e1rios de bordo em agosto, a Latam pode dispensar outros 1,2 mil tripulantes. Clique aqui e saiba mais\",\"breadcrumb\":{\"@id\":\"https:\/\/www.suno.com.br\/noticias\/latam-airlines-pode-demitir-mais-12-mil-funcionarios\/#breadcrumb\"},\"inLanguage\":\"pt-BR\",\"potentialAction\":[{\"@type\":\"ReadAction\",\"target\":[\"https:\/\/www.suno.com.br\/noticias\/latam-airlines-pode-demitir-mais-12-mil-funcionarios\/\"]}]},{\"@type\":\"ImageObject\",\"inLanguage\":\"pt-BR\",\"@id\":\"https:\/\/www.suno.com.br\/noticias\/latam-airlines-pode-demitir-mais-12-mil-funcionarios\/#primaryimage\",\"url\":\"https:\/\/files.sunoresearch.com.br\/n\/uploads\/2020\/09\/52c6bc19-latam_brasil-jpg.webp\",\"contentUrl\":\"https:\/\/files.sunoresearch.com.br\/n\/uploads\/2020\/09\/52c6bc19-latam_brasil-jpg.webp\",\"width\":1200,\"height\":800,\"caption\":\"Com Chapter 11 nos EUA, Latam se esquiva de compra da Azul h\u00e1 meses - Foto: Divulga\u00e7\u00e3o\/Latam\"},{\"@type\":\"BreadcrumbList\",\"@id\":\"https:\/\/www.suno.com.br\/noticias\/latam-airlines-pode-demitir-mais-12-mil-funcionarios\/#breadcrumb\",\"itemListElement\":[{\"@type\":\"ListItem\",\"position\":1,\"name\":\"Not\u00edcias\",\"item\":\"https:\/\/www.suno.com.br\/noticias\/\"},{\"@type\":\"ListItem\",\"position\":2,\"name\":\"Neg\u00f3cios\",\"item\":\"https:\/\/www.suno.com.br\/noticias\/negocios\/\"},{\"@type\":\"ListItem\",\"position\":3,\"name\":\"Latam Airlines pode demitir mais 1,2 mil funcion\u00e1rios\"}]},{\"@type\":\"WebSite\",\"@id\":\"https:\/\/www.suno.com.br\/noticias\/#website\",\"url\":\"https:\/\/www.suno.com.br\/noticias\/\",\"name\":\"Suno Not\u00edcias\",\"description\":\"Seu portal de informa\u00e7\u00e3o sobre o mundo dos investimentos\",\"publisher\":{\"@id\":\"https:\/\/www.suno.com.br\/noticias\/#organization\"},\"potentialAction\":[{\"@type\":\"SearchAction\",\"target\":{\"@type\":\"EntryPoint\",\"urlTemplate\":\"https:\/\/www.suno.com.br\/noticias\/?s={search_term_string}\"},\"query-input\":{\"@type\":\"PropertyValueSpecification\",\"valueRequired\":true,\"valueName\":\"search_term_string\"}}],\"inLanguage\":\"pt-BR\"},{\"@type\":\"Organization\",\"@id\":\"https:\/\/www.suno.com.br\/noticias\/#organization\",\"name\":\"Suno Not\u00edcias\",\"url\":\"https:\/\/www.suno.com.br\/noticias\/\",\"logo\":{\"@type\":\"ImageObject\",\"inLanguage\":\"pt-BR\",\"@id\":\"https:\/\/www.suno.com.br\/noticias\/#\/schema\/logo\/image\/\",\"url\":\"https:\/\/files.sunoresearch.com.br\/n\/uploads\/2021\/09\/suno-logo.png\",\"contentUrl\":\"https:\/\/files.sunoresearch.com.br\/n\/uploads\/2021\/09\/suno-logo.png\",\"width\":180,\"height\":180,\"caption\":\"Suno Not\u00edcias\"},\"image\":{\"@id\":\"https:\/\/www.suno.com.br\/noticias\/#\/schema\/logo\/image\/\"},\"sameAs\":[\"https:\/\/facebook.com\/sunoresearch\",\"https:\/\/x.com\/sunoresearch\",\"https:\/\/www.instagram.com\/suno\",\"https:\/\/www.linkedin.com\/company\/suno-research\/\",\"https:\/\/www.youtube.com\/c\/sunoresearch\"]},{\"@type\":\"Person\",\"@id\":\"https:\/\/www.suno.com.br\/noticias\/#\/schema\/person\/02ec1f752758247878a2bf4abee1aeda\",\"name\":\"Poliana Santos\",\"image\":{\"@type\":\"ImageObject\",\"inLanguage\":\"pt-BR\",\"@id\":\"https:\/\/www.suno.com.br\/noticias\/#\/schema\/person\/image\/\",\"url\":\"https:\/\/secure.gravatar.com\/avatar\/0645bd32f23d87b2130f2b2dff1d3f8d?s=96&r=g\",\"contentUrl\":\"https:\/\/secure.gravatar.com\/avatar\/0645bd32f23d87b2130f2b2dff1d3f8d?s=96&r=g\",\"caption\":\"Poliana Santos\"},\"description\":\"Rep\u00f3rter no Suno Not\u00edcias, com cobertura em mercado financeiro, economia, finan\u00e7as pessoais, renda fixa e varejo. Jornalista formada pela Faculdade C\u00e1sper L\u00edbero e possui passagem na R\u00e1dio Gazeta AM com a produ\u00e7\u00e3o de conte\u00fado sobre economia, pol\u00edtica, sa\u00fade, moda e m\u00fasica. Possui certificado de conclus\u00e3o do curso de An\u00e1lise de Balan\u00e7os pela Funda\u00e7\u00e3o Bradesco, Agenda Brasil pela FAAP, Educa\u00e7\u00e3o Pol\u00edtica por Alexandre Garcia e do Tesouro Direto e Mercado de A\u00e7\u00f5es pela B3.\",\"url\":\"https:\/\/www.suno.com.br\/noticias\/author\/poliana-santos\/\"}]}<\/script>\n<!-- \/ Yoast SEO plugin. -->","yoast_head_json":{"title":"Latam Airlines pode demitir mais 1,2 mil funcion\u00e1rios","description":"Ap\u00f3s demitir 2,7 mil pilotos e comiss\u00e1rios de bordo em agosto, a Latam pode dispensar outros 1,2 mil tripulantes. Clique aqui e saiba mais","robots":{"index":"index","follow":"follow","max-snippet":"max-snippet:-1","max-image-preview":"max-image-preview:large","max-video-preview":"max-video-preview:-1"},"canonical":"https:\/\/www.suno.com.br\/noticias\/latam-airlines-pode-demitir-mais-12-mil-funcionarios\/","og_locale":"pt_BR","og_type":"article","og_title":"Latam Airlines pode demitir mais 1,2 mil funcion\u00e1rios","og_description":"Ap\u00f3s demitir 2,7 mil pilotos e comiss\u00e1rios de bordo em agosto, a Latam pode dispensar outros 1,2 mil tripulantes. Clique aqui e saiba mais","og_url":"https:\/\/www.suno.com.br\/noticias\/latam-airlines-pode-demitir-mais-12-mil-funcionarios\/","og_site_name":"Suno Not\u00edcias","article_publisher":"https:\/\/facebook.com\/sunoresearch","og_image":[{"width":1200,"height":800,"url":"https:\/\/files.sunoresearch.com.br\/n\/uploads\/2020\/09\/52c6bc19-latam_brasil.jpg","type":"image\/jpeg"}],"author":"Poliana Santos","twitter_card":"summary_large_image","twitter_creator":"@sunoresearch","twitter_site":"@sunoresearch","twitter_misc":{"Escrito por":"Poliana Santos","Est. tempo de leitura":"3 minutos"},"schema":{"@context":"https:\/\/schema.org","@graph":[{"@type":"NewsArticle","@id":"https:\/\/www.suno.com.br\/noticias\/latam-airlines-pode-demitir-mais-12-mil-funcionarios\/#article","isPartOf":{"@id":"https:\/\/www.suno.com.br\/noticias\/latam-airlines-pode-demitir-mais-12-mil-funcionarios\/"},"author":{"name":"Poliana Santos","@id":"https:\/\/www.suno.com.br\/noticias\/#\/schema\/person\/02ec1f752758247878a2bf4abee1aeda"},"headline":"Latam Airlines pode demitir mais 1,2 mil funcion\u00e1rios","datePublished":"2020-09-23T12:48:49+00:00","dateModified":"2021-05-10T16:14:30+00:00","mainEntityOfPage":{"@id":"https:\/\/www.suno.com.br\/noticias\/latam-airlines-pode-demitir-mais-12-mil-funcionarios\/"},"wordCount":583,"publisher":{"@id":"https:\/\/www.suno.com.br\/noticias\/#organization"},"image":{"@id":"https:\/\/www.suno.com.br\/noticias\/latam-airlines-pode-demitir-mais-12-mil-funcionarios\/#primaryimage"},"thumbnailUrl":"https:\/\/files.sunoresearch.com.br\/n\/uploads\/2020\/09\/52c6bc19-latam_brasil-jpg.webp","keywords":["Azul (AZUL4)","Gol Linhas A\u00e9reas (GOLL11\/GOLL4)","Latam"],"articleSection":["Neg\u00f3cios"],"inLanguage":"pt-BR"},{"@type":"WebPage","@id":"https:\/\/www.suno.com.br\/noticias\/latam-airlines-pode-demitir-mais-12-mil-funcionarios\/","url":"https:\/\/www.suno.com.br\/noticias\/latam-airlines-pode-demitir-mais-12-mil-funcionarios\/","name":"Latam Airlines pode demitir mais 1,2 mil funcion\u00e1rios","isPartOf":{"@id":"https:\/\/www.suno.com.br\/noticias\/#website"},"primaryImageOfPage":{"@id":"https:\/\/www.suno.com.br\/noticias\/latam-airlines-pode-demitir-mais-12-mil-funcionarios\/#primaryimage"},"image":{"@id":"https:\/\/www.suno.com.br\/noticias\/latam-airlines-pode-demitir-mais-12-mil-funcionarios\/#primaryimage"},"thumbnailUrl":"https:\/\/files.sunoresearch.com.br\/n\/uploads\/2020\/09\/52c6bc19-latam_brasil-jpg.webp","datePublished":"2020-09-23T12:48:49+00:00","dateModified":"2021-05-10T16:14:30+00:00","description":"Ap\u00f3s demitir 2,7 mil pilotos e comiss\u00e1rios de bordo em agosto, a Latam pode dispensar outros 1,2 mil tripulantes. Clique aqui e saiba mais","breadcrumb":{"@id":"https:\/\/www.suno.com.br\/noticias\/latam-airlines-pode-demitir-mais-12-mil-funcionarios\/#breadcrumb"},"inLanguage":"pt-BR","potentialAction":[{"@type":"ReadAction","target":["https:\/\/www.suno.com.br\/noticias\/latam-airlines-pode-demitir-mais-12-mil-funcionarios\/"]}]},{"@type":"ImageObject","inLanguage":"pt-BR","@id":"https:\/\/www.suno.com.br\/noticias\/latam-airlines-pode-demitir-mais-12-mil-funcionarios\/#primaryimage","url":"https:\/\/files.sunoresearch.com.br\/n\/uploads\/2020\/09\/52c6bc19-latam_brasil-jpg.webp","contentUrl":"https:\/\/files.sunoresearch.com.br\/n\/uploads\/2020\/09\/52c6bc19-latam_brasil-jpg.webp","width":1200,"height":800,"caption":"Com Chapter 11 nos EUA, Latam se esquiva de compra da Azul h\u00e1 meses - Foto: Divulga\u00e7\u00e3o\/Latam"},{"@type":"BreadcrumbList","@id":"https:\/\/www.suno.com.br\/noticias\/latam-airlines-pode-demitir-mais-12-mil-funcionarios\/#breadcrumb","itemListElement":[{"@type":"ListItem","position":1,"name":"Not\u00edcias","item":"https:\/\/www.suno.com.br\/noticias\/"},{"@type":"ListItem","position":2,"name":"Neg\u00f3cios","item":"https:\/\/www.suno.com.br\/noticias\/negocios\/"},{"@type":"ListItem","position":3,"name":"Latam Airlines pode demitir mais 1,2 mil funcion\u00e1rios"}]},{"@type":"WebSite","@id":"https:\/\/www.suno.com.br\/noticias\/#website","url":"https:\/\/www.suno.com.br\/noticias\/","name":"Suno Not\u00edcias","description":"Seu portal de informa\u00e7\u00e3o sobre o mundo dos investimentos","publisher":{"@id":"https:\/\/www.suno.com.br\/noticias\/#organization"},"potentialAction":[{"@type":"SearchAction","target":{"@type":"EntryPoint","urlTemplate":"https:\/\/www.suno.com.br\/noticias\/?s={search_term_string}"},"query-input":{"@type":"PropertyValueSpecification","valueRequired":true,"valueName":"search_term_string"}}],"inLanguage":"pt-BR"},{"@type":"Organization","@id":"https:\/\/www.suno.com.br\/noticias\/#organization","name":"Suno Not\u00edcias","url":"https:\/\/www.suno.com.br\/noticias\/","logo":{"@type":"ImageObject","inLanguage":"pt-BR","@id":"https:\/\/www.suno.com.br\/noticias\/#\/schema\/logo\/image\/","url":"https:\/\/files.sunoresearch.com.br\/n\/uploads\/2021\/09\/suno-logo.png","contentUrl":"https:\/\/files.sunoresearch.com.br\/n\/uploads\/2021\/09\/suno-logo.png","width":180,"height":180,"caption":"Suno Not\u00edcias"},"image":{"@id":"https:\/\/www.suno.com.br\/noticias\/#\/schema\/logo\/image\/"},"sameAs":["https:\/\/facebook.com\/sunoresearch","https:\/\/x.com\/sunoresearch","https:\/\/www.instagram.com\/suno","https:\/\/www.linkedin.com\/company\/suno-research\/","https:\/\/www.youtube.com\/c\/sunoresearch"]},{"@type":"Person","@id":"https:\/\/www.suno.com.br\/noticias\/#\/schema\/person\/02ec1f752758247878a2bf4abee1aeda","name":"Poliana Santos","image":{"@type":"ImageObject","inLanguage":"pt-BR","@id":"https:\/\/www.suno.com.br\/noticias\/#\/schema\/person\/image\/","url":"https:\/\/secure.gravatar.com\/avatar\/0645bd32f23d87b2130f2b2dff1d3f8d?s=96&r=g","contentUrl":"https:\/\/secure.gravatar.com\/avatar\/0645bd32f23d87b2130f2b2dff1d3f8d?s=96&r=g","caption":"Poliana Santos"},"description":"Rep\u00f3rter no Suno Not\u00edcias, com cobertura em mercado financeiro, economia, finan\u00e7as pessoais, renda fixa e varejo. Jornalista formada pela Faculdade C\u00e1sper L\u00edbero e possui passagem na R\u00e1dio Gazeta AM com a produ\u00e7\u00e3o de conte\u00fado sobre economia, pol\u00edtica, sa\u00fade, moda e m\u00fasica. Possui certificado de conclus\u00e3o do curso de An\u00e1lise de Balan\u00e7os pela Funda\u00e7\u00e3o Bradesco, Agenda Brasil pela FAAP, Educa\u00e7\u00e3o Pol\u00edtica por Alexandre Garcia e do Tesouro Direto e Mercado de A\u00e7\u00f5es pela B3.","url":"https:\/\/www.suno.com.br\/noticias\/author\/poliana-santos\/"}]}},"default_loop_html":"<div class=\"cardsPage__listCard__boxs\"><div class=\"cardsPage__listCard__boxs__img\"><a href=\"https:\/\/www.suno.com.br\/noticias\/latam-airlines-pode-demitir-mais-12-mil-funcionarios\/\"><img class=\"mask\" src=\"https:\/\/www.suno.com.br\/noticias\/wp-content\/themes\/suno\/resources\/images\/spotlight\/spotlight1img\/bg-mask.png\" alt=\"Image Mask\"\/><img src=\"https:\/\/files.sunoresearch.com.br\/n\/uploads\/2020\/09\/52c6bc19-latam_brasil-400x200.webp\" alt=\"Latam Airlines pode demitir mais 1,2 mil funcion\u00e1rios\"\/><\/a><span class=\"spotlightCategory\"><a href=\"https:\/\/www.suno.com.br\/noticias\/negocios\/\">Neg\u00f3cios<\/a><\/span><\/div><div class=\"cardsPage__listCard__boxs__content\"><a href=\"https:\/\/www.suno.com.br\/noticias\/latam-airlines-pode-demitir-mais-12-mil-funcionarios\/\"><h2 class=\"content__title\">Latam Airlines pode demitir mais 1,2 mil funcion\u00e1rios<\/h2><\/a><div class=\"newsContent__article__meta\"><div class=\"newsContent__article__meta__authorBox\"><a href=\"https:\/\/www.suno.com.br\/noticias\/author\/poliana-santos\/\" class=\"authorBox__avatar noMobi\"><img src=\"https:\/\/files.sunoresearch.com.br\/n\/uploads\/2020\/08\/7ef34026-whatsapp-image-2020-08-03-at-12.37.57-150x150.webp\" alt=\"Poliana Santos\"><\/a><div class=\"authorBox__name\"><span>por\n\t\t\t<a href=\"https:\/\/www.suno.com.br\/noticias\/author\/poliana-santos\/\"><span itemprop=\"author\">Poliana Santos<\/span><\/a><\/span><time datetime=\"2020-09-23T09:48:49-03:00\" itemprop=\"datePublished\">23\/09\/2020 09:48<\/time><\/div><\/div><\/div><\/div><\/div>","single_layout":"posts","amp_enabled":true,"_links":{"self":[{"href":"https:\/\/www.suno.com.br\/noticias\/wp-json\/wp\/v2\/posts\/86723"}],"collection":[{"href":"https:\/\/www.suno.com.br\/noticias\/wp-json\/wp\/v2\/posts"}],"about":[{"href":"https:\/\/www.suno.com.br\/noticias\/wp-json\/wp\/v2\/types\/post"}],"author":[{"embeddable":true,"href":"https:\/\/www.suno.com.br\/noticias\/wp-json\/wp\/v2\/users\/15"}],"replies":[{"embeddable":true,"href":"https:\/\/www.suno.com.br\/noticias\/wp-json\/wp\/v2\/comments?post=86723"}],"version-history":[{"count":1,"href":"https:\/\/www.suno.com.br\/noticias\/wp-json\/wp\/v2\/posts\/86723\/revisions"}],"predecessor-version":[{"id":146275,"href":"https:\/\/www.suno.com.br\/noticias\/wp-json\/wp\/v2\/posts\/86723\/revisions\/146275"}],"wp:featuredmedia":[{"embeddable":true,"href":"https:\/\/www.suno.com.br\/noticias\/wp-json\/wp\/v2\/media\/85895"}],"wp:attachment":[{"href":"https:\/\/www.suno.com.br\/noticias\/wp-json\/wp\/v2\/media?parent=86723"}],"wp:term":[{"taxonomy":"category","embeddable":true,"href":"https:\/\/www.suno.com.br\/noticias\/wp-json\/wp\/v2\/categories?post=86723"},{"taxonomy":"post_tag","embeddable":true,"href":"https:\/\/www.suno.com.br\/noticias\/wp-json\/wp\/v2\/tags?post=86723"},{"taxonomy":"suno_strategy","embeddable":true,"href":"https:\/\/www.suno.com.br\/noticias\/wp-json\/wp\/v2\/suno_strategy?post=86723"}],"curies":[{"name":"wp","href":"https:\/\/api.w.org\/{rel}","templated":true}]}}