{"id":86703,"date":"2020-09-22T22:20:19","date_gmt":"2020-09-23T01:20:19","guid":{"rendered":"https:\/\/www.suno.com.br\/noticias\/?p=86703"},"modified":"2020-09-22T22:20:51","modified_gmt":"2020-09-23T01:20:51","slug":"deficit-primaria-governo-r861bi-2020-ministerio-economia","status":"publish","type":"post","link":"https:\/\/www.suno.com.br\/noticias\/deficit-primaria-governo-r861bi-2020-ministerio-economia\/","title":{"rendered":"Governo espera um d\u00e9ficit prim\u00e1rio de R$ 861 bi em 2020"},"content":{"rendered":"<p>O Minist\u00e9rio da Economia elevou nesta ter\u00e7a-feira (22) as proje\u00e7\u00f5es para o <strong><a href=\"https:\/\/www.suno.com.br\/artigos\/deficit-primario\/\">d\u00e9ficit prim\u00e1rio<\/a><\/strong> do <strong>governo<\/strong> central, composto pelo <a href=\"https:\/\/www.suno.com.br\/artigos\/tesouro-nacional\/\">Tesouro Nacional<\/a>, <a href=\"https:\/\/www.suno.com.br\/artigos\/bacen\/\">Banco Central (BC)<\/a> e Previd\u00eancia, para R$ 861 bilh\u00f5es neste ano, segundo relat\u00f3rio de receitas e despesas do quarto bimestre.<\/p>\t<div class=\"wrapper-featured-image\">\n\t\t<figure class=\"spotlightImg\">\n\n\t\t\t<picture>\n\t\t\t\t<source media=\"(max-width: 768px)\" srcset=\"https:\/\/files.sunoresearch.com.br\/n\/uploads\/2019\/07\/ddd49cb0-x80477883_brasilbrasilia-df02-01-2019novo-letreiro-do-ministerio-da-economia-troca-de-letrei.jpg.pagespeed.ic_.-jqm9qloox-400x200.webp\">\n\t\t\t\t<img loading=\"lazy\" decoding=\"async\" class=\"newsContent__article__imgCapa lazyloadDisabled \" src=\"https:\/\/files.sunoresearch.com.br\/n\/uploads\/2019\/07\/ddd49cb0-x80477883_brasilbrasilia-df02-01-2019novo-letreiro-do-ministerio-da-economia-troca-de-letrei.jpg.pagespeed.ic_.-jqm9qloox-800x450.webp\" width=\"800\" height=\"450\" alt=\"Governo espera um d\u00e9ficit prim\u00e1rio de R$ 861 bi em 2020\" fetchpriority=high \/>\n\t\t\t<\/picture>\n\n\t\t\t<figcaption class=\"wp-caption-text wp-caption-text--show\">Agenda do dia<\/figcaption>\n\t\t<\/figure>\n\t<\/div>\n\n\n<div class=\"hubspot-form-wrapper\">\n\t<div id=\"single-form-target\"><\/div>\n<\/div>\n\n<p>A expectativa anterior, do relat\u00f3rio do terceiro bimestre divulgado no final de junho, era de um <strong>d\u00e9ficit prim\u00e1rio<\/strong> de R$ 787,45 bilh\u00f5es. O novo c\u00e1lculo contemplou uma nova previs\u00e3o de queda do <a href=\"https:\/\/www.suno.com.br\/artigos\/pib-produto-interno-bruto\/\">Produto Interno Bruto (<strong>PIB<\/strong>)<\/a> brasileiro de 4,7%, com valor nominal de R$ 7,19 trilh\u00f5es, mantida pela Secretaria de Pol\u00edtica Econ\u00f4mica do governo na \u00faltima semana.<\/p>\n<p>A previs\u00e3o \u00e9 mais otimista do que a das institui\u00e7\u00f5es financeiras, que esperam uma queda acima de 5% do PIB do Brasil, conforme a \u00faltima vers\u00e3o do <a href=\"https:\/\/www.suno.com.br\/artigos\/boletim-focus\/\">Boletim Focus<\/a>, divulgado pelo Banco Central.<\/p>\n<p><a href=\"https:\/\/lp.suno.com.br\/suno-one\/\">Conhe\u00e7a o Suno One, a central gratuita de informa\u00e7\u00f5es da Suno para quem quer aprender a investir. Acesse clicando aqui<\/a><\/p>\n<p>O governo federal n\u00e3o precisar\u00e1 cumprir com a meta de d\u00e9ficit, fixada no patamar de R$ 124,1 bilh\u00f5es, neste ano por conta do estado de calamidade p\u00fablica devido \u00e0 pandemia do novo coronav\u00edrus.<\/p>\n<p>No documento divulgado pelo Minist\u00e9rio da Economia, o governo elevou elevou as despesas prim\u00e1rias calculadas para este ano em R$ 63,598 bilh\u00f5es, para R$ 2,046 trilh\u00f5es, refletindo a extens\u00e3o do aux\u00edlio emergencial, conhecido como coronavoucher, com valor reduzido at\u00e9 dezembro de 2020.<\/p>\n<h2>Proje\u00e7\u00f5es do governo para a infla\u00e7\u00e3o e a Selic em 2020<\/h2>\n<p>Al\u00e9m disso, as estimativas para a <a href=\"https:\/\/www.suno.com.br\/artigos\/inflacao\/\"><strong>infla\u00e7\u00e3o<\/strong><\/a>, medida pelo <a href=\"https:\/\/www.suno.com.br\/artigos\/ipca\/\">\u00cdndice Nacional de Pre\u00e7os ao Consumidor Amplo (IPCA)<\/a>, oscilou de 1,6%, no relat\u00f3rio do bimestre anterior, para 1,8%, pela proje\u00e7\u00e3o atual. As proje\u00e7\u00f5es para o <a href=\"https:\/\/www.suno.com.br\/artigos\/inpc\/\">\u00cdndice Nacional de Pre\u00e7os ao Consumidor (INPC)<\/a>, por sua vez, tamb\u00e9m cresceram, de 2,1% para 2,4%.<\/p>\n\t<div data-element=\"shortcode-read-more\" class=\"knowMore\">\n\t\t\t\t<span class=\"knowMore__title\">Saiba mais<\/span>\n\t\t\t\t<a class=\"knowMore__link\" href=\"https:\/\/www.suno.com.br\/noticias\/coronavoucher-prorrogacao-deve-aumentar-deficit-primario-brasil\/\">\n\t\t\tCoronavoucher: prorroga\u00e7\u00e3o deve aumentar d\u00e9ficit prim\u00e1rio do Brasil\t\t<\/a>\n\t<\/div>\n\n\n<p>J\u00e1 a estimativa da equipe econ\u00f4mica do <strong>governo<\/strong> federal para a <a href=\"https:\/\/www.suno.com.br\/artigos\/taxa-de-juros-em-2020\/\">taxa b\u00e1sica de juros<\/a> foi mantida no n\u00edvel de 2,6% ao ano em 2020. Atualmente, a <a href=\"https:\/\/www.suno.com.br\/artigos\/taxa-selic\/\">taxa Selic<\/a> est\u00e1 em 2% ao ano.<\/p>\n\t<p>\n\t\t<a href=\"https:\/\/lp.suno.com.br\/planilha-de-controle-de-investimentos\/\" target=\"_blank\" data-element=\"shortcode-suno-banner\" title=\"Banner SUNO, clique e saiba mais\">\n\t\t\t<picture>\n\t\t\t\t<source media=\"(max-width: 500px)\" srcset=\"https:\/\/files.sunoresearch.com.br\/n\/uploads\/2023\/03\/400x300-Controle-de-Investimentos.png\">\n\t\t\t\t<img class=\"newsContent__article__imgCapa newsContent__article__imgCapa--banner\"\n\t\t\t\t\tsrc=\"https:\/\/files.sunoresearch.com.br\/n\/uploads\/2023\/03\/1420x240-Controle-de-Investimentos.png\"\n\t\t\t\t\tdata-promo-id=\"75934\"\t\t\t\t\t\t\t\t\t\twidth='1420' height='240'\t\t\t\t\talt=\"https:\/\/files.sunoresearch.com.br\/n\/uploads\/2023\/03\/1420x240-Controle-de-Investimentos.png\"\n\t\t\t\t>\n\t\t\t<\/picture>\n\t\t<\/a>\n\t<\/p>\n\n\n","protected":false},"excerpt":{"rendered":"<p>O Minist\u00e9rio da Economia elevou nesta ter\u00e7a-feira (22) as proje\u00e7\u00f5es para o d\u00e9ficit prim\u00e1rio do governo central, composto pelo Tesouro Nacional, Banco Central (BC) e Previd\u00eancia, para R$ 861 bilh\u00f5es neste ano, segundo relat\u00f3rio de receitas e despesas do quarto bimestre. Agenda do dia A expectativa anterior, do relat\u00f3rio do terceiro bimestre divulgado no final [&hellip;]<\/p>\n","protected":false},"author":35,"featured_media":31733,"comment_status":"closed","ping_status":"closed","sticky":false,"template":"","format":"standard","meta":[],"categories":[62],"tags":[909],"suno_strategy":[],"class_list":["post-86703","post","type-post","status-publish","format-standard","has-post-thumbnail","hentry","category-economia","tag-ministerio-da-economia"],"yoast_head":"<!-- This site is optimized with the Yoast SEO plugin v24.4 - https:\/\/yoast.com\/wordpress\/plugins\/seo\/ -->\n<title>Governo espera um d\u00e9ficit prim\u00e1rio de R$ 861 bi em 2020<\/title>\n<meta name=\"description\" content=\"O Minist\u00e9rio da Economia elevou as proje\u00e7\u00f5es para o d\u00e9ficit prim\u00e1rio do governo central para R$ 861 bilh\u00f5es. Clique para saber mais\" \/>\n<meta name=\"robots\" content=\"index, follow, max-snippet:-1, max-image-preview:large, max-video-preview:-1\" \/>\n<link rel=\"canonical\" href=\"https:\/\/www.suno.com.br\/noticias\/deficit-primaria-governo-r861bi-2020-ministerio-economia\/\" \/>\n<meta property=\"og:locale\" content=\"pt_BR\" \/>\n<meta property=\"og:type\" content=\"article\" \/>\n<meta property=\"og:title\" content=\"Governo espera um d\u00e9ficit prim\u00e1rio de R$ 861 bi em 2020\" \/>\n<meta property=\"og:description\" content=\"O Minist\u00e9rio da Economia elevou as proje\u00e7\u00f5es para o d\u00e9ficit prim\u00e1rio do governo central para R$ 861 bilh\u00f5es. Clique para saber mais\" \/>\n<meta property=\"og:url\" content=\"https:\/\/www.suno.com.br\/noticias\/deficit-primaria-governo-r861bi-2020-ministerio-economia\/\" \/>\n<meta property=\"og:site_name\" content=\"Suno Not\u00edcias\" \/>\n<meta property=\"article:publisher\" content=\"https:\/\/facebook.com\/sunoresearch\" \/>\n<meta property=\"og:image\" content=\"https:\/\/files.sunoresearch.com.br\/n\/uploads\/2019\/07\/ddd49cb0-x80477883_brasilbrasilia-df02-01-2019novo-letreiro-do-ministerio-da-economia-troca-de-letrei.jpg.pagespeed.ic_.-jqm9qloox.jpg\" \/>\n\t<meta property=\"og:image:width\" content=\"1086\" \/>\n\t<meta property=\"og:image:height\" content=\"652\" \/>\n\t<meta property=\"og:image:type\" content=\"image\/jpeg\" \/>\n<meta name=\"author\" content=\"Arthur Guimar\u00e3es\" \/>\n<meta name=\"twitter:card\" content=\"summary_large_image\" \/>\n<meta name=\"twitter:creator\" content=\"@sunoresearch\" \/>\n<meta name=\"twitter:site\" content=\"@sunoresearch\" \/>\n<meta name=\"twitter:label1\" content=\"Escrito por\" \/>\n\t<meta name=\"twitter:data1\" content=\"Arthur Guimar\u00e3es\" \/>\n\t<meta name=\"twitter:label2\" content=\"Est. tempo de leitura\" \/>\n\t<meta name=\"twitter:data2\" content=\"2 minutos\" \/>\n<script type=\"application\/ld+json\" class=\"yoast-schema-graph\">{\"@context\":\"https:\/\/schema.org\",\"@graph\":[{\"@type\":\"NewsArticle\",\"@id\":\"https:\/\/www.suno.com.br\/noticias\/deficit-primaria-governo-r861bi-2020-ministerio-economia\/#article\",\"isPartOf\":{\"@id\":\"https:\/\/www.suno.com.br\/noticias\/deficit-primaria-governo-r861bi-2020-ministerio-economia\/\"},\"author\":{\"name\":\"Arthur Guimar\u00e3es\",\"@id\":\"https:\/\/www.suno.com.br\/noticias\/#\/schema\/person\/053a750a709a263919a20f976caae91c\"},\"headline\":\"Governo espera um d\u00e9ficit prim\u00e1rio de R$ 861 bi em 2020\",\"datePublished\":\"2020-09-23T01:20:19+00:00\",\"dateModified\":\"2020-09-23T01:20:51+00:00\",\"mainEntityOfPage\":{\"@id\":\"https:\/\/www.suno.com.br\/noticias\/deficit-primaria-governo-r861bi-2020-ministerio-economia\/\"},\"wordCount\":381,\"publisher\":{\"@id\":\"https:\/\/www.suno.com.br\/noticias\/#organization\"},\"image\":{\"@id\":\"https:\/\/www.suno.com.br\/noticias\/deficit-primaria-governo-r861bi-2020-ministerio-economia\/#primaryimage\"},\"thumbnailUrl\":\"https:\/\/files.sunoresearch.com.br\/n\/uploads\/2019\/07\/ddd49cb0-x80477883_brasilbrasilia-df02-01-2019novo-letreiro-do-ministerio-da-economia-troca-de-letrei.jpg.pagespeed.ic_.-jqm9qloox-jpg.webp\",\"keywords\":[\"Minist\u00e9rio da Economia\"],\"articleSection\":[\"Economia\"],\"inLanguage\":\"pt-BR\"},{\"@type\":\"WebPage\",\"@id\":\"https:\/\/www.suno.com.br\/noticias\/deficit-primaria-governo-r861bi-2020-ministerio-economia\/\",\"url\":\"https:\/\/www.suno.com.br\/noticias\/deficit-primaria-governo-r861bi-2020-ministerio-economia\/\",\"name\":\"Governo espera um d\u00e9ficit prim\u00e1rio de R$ 861 bi em 2020\",\"isPartOf\":{\"@id\":\"https:\/\/www.suno.com.br\/noticias\/#website\"},\"primaryImageOfPage\":{\"@id\":\"https:\/\/www.suno.com.br\/noticias\/deficit-primaria-governo-r861bi-2020-ministerio-economia\/#primaryimage\"},\"image\":{\"@id\":\"https:\/\/www.suno.com.br\/noticias\/deficit-primaria-governo-r861bi-2020-ministerio-economia\/#primaryimage\"},\"thumbnailUrl\":\"https:\/\/files.sunoresearch.com.br\/n\/uploads\/2019\/07\/ddd49cb0-x80477883_brasilbrasilia-df02-01-2019novo-letreiro-do-ministerio-da-economia-troca-de-letrei.jpg.pagespeed.ic_.-jqm9qloox-jpg.webp\",\"datePublished\":\"2020-09-23T01:20:19+00:00\",\"dateModified\":\"2020-09-23T01:20:51+00:00\",\"description\":\"O Minist\u00e9rio da Economia elevou as proje\u00e7\u00f5es para o d\u00e9ficit prim\u00e1rio do governo central para R$ 861 bilh\u00f5es. Clique para saber mais\",\"breadcrumb\":{\"@id\":\"https:\/\/www.suno.com.br\/noticias\/deficit-primaria-governo-r861bi-2020-ministerio-economia\/#breadcrumb\"},\"inLanguage\":\"pt-BR\",\"potentialAction\":[{\"@type\":\"ReadAction\",\"target\":[\"https:\/\/www.suno.com.br\/noticias\/deficit-primaria-governo-r861bi-2020-ministerio-economia\/\"]}]},{\"@type\":\"ImageObject\",\"inLanguage\":\"pt-BR\",\"@id\":\"https:\/\/www.suno.com.br\/noticias\/deficit-primaria-governo-r861bi-2020-ministerio-economia\/#primaryimage\",\"url\":\"https:\/\/files.sunoresearch.com.br\/n\/uploads\/2019\/07\/ddd49cb0-x80477883_brasilbrasilia-df02-01-2019novo-letreiro-do-ministerio-da-economia-troca-de-letrei.jpg.pagespeed.ic_.-jqm9qloox-jpg.webp\",\"contentUrl\":\"https:\/\/files.sunoresearch.com.br\/n\/uploads\/2019\/07\/ddd49cb0-x80477883_brasilbrasilia-df02-01-2019novo-letreiro-do-ministerio-da-economia-troca-de-letrei.jpg.pagespeed.ic_.-jqm9qloox-jpg.webp\",\"width\":1086,\"height\":652,\"caption\":\"Agenda do dia\"},{\"@type\":\"BreadcrumbList\",\"@id\":\"https:\/\/www.suno.com.br\/noticias\/deficit-primaria-governo-r861bi-2020-ministerio-economia\/#breadcrumb\",\"itemListElement\":[{\"@type\":\"ListItem\",\"position\":1,\"name\":\"Not\u00edcias\",\"item\":\"https:\/\/www.suno.com.br\/noticias\/\"},{\"@type\":\"ListItem\",\"position\":2,\"name\":\"Economia\",\"item\":\"https:\/\/www.suno.com.br\/noticias\/economia\/\"},{\"@type\":\"ListItem\",\"position\":3,\"name\":\"Governo espera um d\u00e9ficit prim\u00e1rio de R$ 861 bi em 2020\"}]},{\"@type\":\"WebSite\",\"@id\":\"https:\/\/www.suno.com.br\/noticias\/#website\",\"url\":\"https:\/\/www.suno.com.br\/noticias\/\",\"name\":\"Suno Not\u00edcias\",\"description\":\"Seu portal de informa\u00e7\u00e3o sobre o mundo dos investimentos\",\"publisher\":{\"@id\":\"https:\/\/www.suno.com.br\/noticias\/#organization\"},\"potentialAction\":[{\"@type\":\"SearchAction\",\"target\":{\"@type\":\"EntryPoint\",\"urlTemplate\":\"https:\/\/www.suno.com.br\/noticias\/?s={search_term_string}\"},\"query-input\":{\"@type\":\"PropertyValueSpecification\",\"valueRequired\":true,\"valueName\":\"search_term_string\"}}],\"inLanguage\":\"pt-BR\"},{\"@type\":\"Organization\",\"@id\":\"https:\/\/www.suno.com.br\/noticias\/#organization\",\"name\":\"Suno Not\u00edcias\",\"url\":\"https:\/\/www.suno.com.br\/noticias\/\",\"logo\":{\"@type\":\"ImageObject\",\"inLanguage\":\"pt-BR\",\"@id\":\"https:\/\/www.suno.com.br\/noticias\/#\/schema\/logo\/image\/\",\"url\":\"https:\/\/files.sunoresearch.com.br\/n\/uploads\/2021\/09\/suno-logo.png\",\"contentUrl\":\"https:\/\/files.sunoresearch.com.br\/n\/uploads\/2021\/09\/suno-logo.png\",\"width\":180,\"height\":180,\"caption\":\"Suno Not\u00edcias\"},\"image\":{\"@id\":\"https:\/\/www.suno.com.br\/noticias\/#\/schema\/logo\/image\/\"},\"sameAs\":[\"https:\/\/facebook.com\/sunoresearch\",\"https:\/\/x.com\/sunoresearch\",\"https:\/\/www.instagram.com\/suno\",\"https:\/\/www.linkedin.com\/company\/suno-research\/\",\"https:\/\/www.youtube.com\/c\/sunoresearch\"]},{\"@type\":\"Person\",\"@id\":\"https:\/\/www.suno.com.br\/noticias\/#\/schema\/person\/053a750a709a263919a20f976caae91c\",\"name\":\"Arthur Guimar\u00e3es\",\"image\":{\"@type\":\"ImageObject\",\"inLanguage\":\"pt-BR\",\"@id\":\"https:\/\/www.suno.com.br\/noticias\/#\/schema\/person\/image\/\",\"url\":\"https:\/\/secure.gravatar.com\/avatar\/1affd86a11209ae09eb6dd3bcad3e96c?s=96&r=g\",\"contentUrl\":\"https:\/\/secure.gravatar.com\/avatar\/1affd86a11209ae09eb6dd3bcad3e96c?s=96&r=g\",\"caption\":\"Arthur Guimar\u00e3es\"},\"description\":\"Arthur Guimar\u00e3es escreve sobre pol\u00edtica, economia e neg\u00f3cios para o portal de not\u00edcias da Suno Research. Atualmente, \u00e9 estudante de jornalismo pela Faculdade C\u00e1sper L\u00edbero.\",\"url\":\"https:\/\/www.suno.com.br\/noticias\/author\/arthur-guimaraes\/\"}]}<\/script>\n<!-- \/ Yoast SEO plugin. -->","yoast_head_json":{"title":"Governo espera um d\u00e9ficit prim\u00e1rio de R$ 861 bi em 2020","description":"O Minist\u00e9rio da Economia elevou as proje\u00e7\u00f5es para o d\u00e9ficit prim\u00e1rio do governo central para R$ 861 bilh\u00f5es. Clique para saber mais","robots":{"index":"index","follow":"follow","max-snippet":"max-snippet:-1","max-image-preview":"max-image-preview:large","max-video-preview":"max-video-preview:-1"},"canonical":"https:\/\/www.suno.com.br\/noticias\/deficit-primaria-governo-r861bi-2020-ministerio-economia\/","og_locale":"pt_BR","og_type":"article","og_title":"Governo espera um d\u00e9ficit prim\u00e1rio de R$ 861 bi em 2020","og_description":"O Minist\u00e9rio da Economia elevou as proje\u00e7\u00f5es para o d\u00e9ficit prim\u00e1rio do governo central para R$ 861 bilh\u00f5es. Clique para saber mais","og_url":"https:\/\/www.suno.com.br\/noticias\/deficit-primaria-governo-r861bi-2020-ministerio-economia\/","og_site_name":"Suno Not\u00edcias","article_publisher":"https:\/\/facebook.com\/sunoresearch","og_image":[{"width":1086,"height":652,"url":"https:\/\/files.sunoresearch.com.br\/n\/uploads\/2019\/07\/ddd49cb0-x80477883_brasilbrasilia-df02-01-2019novo-letreiro-do-ministerio-da-economia-troca-de-letrei.jpg.pagespeed.ic_.-jqm9qloox.jpg","type":"image\/jpeg"}],"author":"Arthur Guimar\u00e3es","twitter_card":"summary_large_image","twitter_creator":"@sunoresearch","twitter_site":"@sunoresearch","twitter_misc":{"Escrito por":"Arthur Guimar\u00e3es","Est. tempo de leitura":"2 minutos"},"schema":{"@context":"https:\/\/schema.org","@graph":[{"@type":"NewsArticle","@id":"https:\/\/www.suno.com.br\/noticias\/deficit-primaria-governo-r861bi-2020-ministerio-economia\/#article","isPartOf":{"@id":"https:\/\/www.suno.com.br\/noticias\/deficit-primaria-governo-r861bi-2020-ministerio-economia\/"},"author":{"name":"Arthur Guimar\u00e3es","@id":"https:\/\/www.suno.com.br\/noticias\/#\/schema\/person\/053a750a709a263919a20f976caae91c"},"headline":"Governo espera um d\u00e9ficit prim\u00e1rio de R$ 861 bi em 2020","datePublished":"2020-09-23T01:20:19+00:00","dateModified":"2020-09-23T01:20:51+00:00","mainEntityOfPage":{"@id":"https:\/\/www.suno.com.br\/noticias\/deficit-primaria-governo-r861bi-2020-ministerio-economia\/"},"wordCount":381,"publisher":{"@id":"https:\/\/www.suno.com.br\/noticias\/#organization"},"image":{"@id":"https:\/\/www.suno.com.br\/noticias\/deficit-primaria-governo-r861bi-2020-ministerio-economia\/#primaryimage"},"thumbnailUrl":"https:\/\/files.sunoresearch.com.br\/n\/uploads\/2019\/07\/ddd49cb0-x80477883_brasilbrasilia-df02-01-2019novo-letreiro-do-ministerio-da-economia-troca-de-letrei.jpg.pagespeed.ic_.-jqm9qloox-jpg.webp","keywords":["Minist\u00e9rio da Economia"],"articleSection":["Economia"],"inLanguage":"pt-BR"},{"@type":"WebPage","@id":"https:\/\/www.suno.com.br\/noticias\/deficit-primaria-governo-r861bi-2020-ministerio-economia\/","url":"https:\/\/www.suno.com.br\/noticias\/deficit-primaria-governo-r861bi-2020-ministerio-economia\/","name":"Governo espera um d\u00e9ficit prim\u00e1rio de R$ 861 bi em 2020","isPartOf":{"@id":"https:\/\/www.suno.com.br\/noticias\/#website"},"primaryImageOfPage":{"@id":"https:\/\/www.suno.com.br\/noticias\/deficit-primaria-governo-r861bi-2020-ministerio-economia\/#primaryimage"},"image":{"@id":"https:\/\/www.suno.com.br\/noticias\/deficit-primaria-governo-r861bi-2020-ministerio-economia\/#primaryimage"},"thumbnailUrl":"https:\/\/files.sunoresearch.com.br\/n\/uploads\/2019\/07\/ddd49cb0-x80477883_brasilbrasilia-df02-01-2019novo-letreiro-do-ministerio-da-economia-troca-de-letrei.jpg.pagespeed.ic_.-jqm9qloox-jpg.webp","datePublished":"2020-09-23T01:20:19+00:00","dateModified":"2020-09-23T01:20:51+00:00","description":"O Minist\u00e9rio da Economia elevou as proje\u00e7\u00f5es para o d\u00e9ficit prim\u00e1rio do governo central para R$ 861 bilh\u00f5es. Clique para saber mais","breadcrumb":{"@id":"https:\/\/www.suno.com.br\/noticias\/deficit-primaria-governo-r861bi-2020-ministerio-economia\/#breadcrumb"},"inLanguage":"pt-BR","potentialAction":[{"@type":"ReadAction","target":["https:\/\/www.suno.com.br\/noticias\/deficit-primaria-governo-r861bi-2020-ministerio-economia\/"]}]},{"@type":"ImageObject","inLanguage":"pt-BR","@id":"https:\/\/www.suno.com.br\/noticias\/deficit-primaria-governo-r861bi-2020-ministerio-economia\/#primaryimage","url":"https:\/\/files.sunoresearch.com.br\/n\/uploads\/2019\/07\/ddd49cb0-x80477883_brasilbrasilia-df02-01-2019novo-letreiro-do-ministerio-da-economia-troca-de-letrei.jpg.pagespeed.ic_.-jqm9qloox-jpg.webp","contentUrl":"https:\/\/files.sunoresearch.com.br\/n\/uploads\/2019\/07\/ddd49cb0-x80477883_brasilbrasilia-df02-01-2019novo-letreiro-do-ministerio-da-economia-troca-de-letrei.jpg.pagespeed.ic_.-jqm9qloox-jpg.webp","width":1086,"height":652,"caption":"Agenda do dia"},{"@type":"BreadcrumbList","@id":"https:\/\/www.suno.com.br\/noticias\/deficit-primaria-governo-r861bi-2020-ministerio-economia\/#breadcrumb","itemListElement":[{"@type":"ListItem","position":1,"name":"Not\u00edcias","item":"https:\/\/www.suno.com.br\/noticias\/"},{"@type":"ListItem","position":2,"name":"Economia","item":"https:\/\/www.suno.com.br\/noticias\/economia\/"},{"@type":"ListItem","position":3,"name":"Governo espera um d\u00e9ficit prim\u00e1rio de R$ 861 bi em 2020"}]},{"@type":"WebSite","@id":"https:\/\/www.suno.com.br\/noticias\/#website","url":"https:\/\/www.suno.com.br\/noticias\/","name":"Suno Not\u00edcias","description":"Seu portal de informa\u00e7\u00e3o sobre o mundo dos investimentos","publisher":{"@id":"https:\/\/www.suno.com.br\/noticias\/#organization"},"potentialAction":[{"@type":"SearchAction","target":{"@type":"EntryPoint","urlTemplate":"https:\/\/www.suno.com.br\/noticias\/?s={search_term_string}"},"query-input":{"@type":"PropertyValueSpecification","valueRequired":true,"valueName":"search_term_string"}}],"inLanguage":"pt-BR"},{"@type":"Organization","@id":"https:\/\/www.suno.com.br\/noticias\/#organization","name":"Suno Not\u00edcias","url":"https:\/\/www.suno.com.br\/noticias\/","logo":{"@type":"ImageObject","inLanguage":"pt-BR","@id":"https:\/\/www.suno.com.br\/noticias\/#\/schema\/logo\/image\/","url":"https:\/\/files.sunoresearch.com.br\/n\/uploads\/2021\/09\/suno-logo.png","contentUrl":"https:\/\/files.sunoresearch.com.br\/n\/uploads\/2021\/09\/suno-logo.png","width":180,"height":180,"caption":"Suno Not\u00edcias"},"image":{"@id":"https:\/\/www.suno.com.br\/noticias\/#\/schema\/logo\/image\/"},"sameAs":["https:\/\/facebook.com\/sunoresearch","https:\/\/x.com\/sunoresearch","https:\/\/www.instagram.com\/suno","https:\/\/www.linkedin.com\/company\/suno-research\/","https:\/\/www.youtube.com\/c\/sunoresearch"]},{"@type":"Person","@id":"https:\/\/www.suno.com.br\/noticias\/#\/schema\/person\/053a750a709a263919a20f976caae91c","name":"Arthur Guimar\u00e3es","image":{"@type":"ImageObject","inLanguage":"pt-BR","@id":"https:\/\/www.suno.com.br\/noticias\/#\/schema\/person\/image\/","url":"https:\/\/secure.gravatar.com\/avatar\/1affd86a11209ae09eb6dd3bcad3e96c?s=96&r=g","contentUrl":"https:\/\/secure.gravatar.com\/avatar\/1affd86a11209ae09eb6dd3bcad3e96c?s=96&r=g","caption":"Arthur Guimar\u00e3es"},"description":"Arthur Guimar\u00e3es escreve sobre pol\u00edtica, economia e neg\u00f3cios para o portal de not\u00edcias da Suno Research. Atualmente, \u00e9 estudante de jornalismo pela Faculdade C\u00e1sper L\u00edbero.","url":"https:\/\/www.suno.com.br\/noticias\/author\/arthur-guimaraes\/"}]}},"default_loop_html":"<div class=\"cardsPage__listCard__boxs\"><div class=\"cardsPage__listCard__boxs__img\"><a href=\"https:\/\/www.suno.com.br\/noticias\/deficit-primaria-governo-r861bi-2020-ministerio-economia\/\"><img class=\"mask\" src=\"https:\/\/www.suno.com.br\/noticias\/wp-content\/themes\/suno\/resources\/images\/spotlight\/spotlight1img\/bg-mask.png\" alt=\"Image Mask\"\/><img src=\"https:\/\/files.sunoresearch.com.br\/n\/uploads\/2019\/07\/ddd49cb0-x80477883_brasilbrasilia-df02-01-2019novo-letreiro-do-ministerio-da-economia-troca-de-letrei.jpg.pagespeed.ic_.-jqm9qloox-400x200.webp\" alt=\"Governo espera um d\u00e9ficit prim\u00e1rio de R$ 861 bi em 2020\"\/><\/a><span class=\"spotlightCategory\"><a href=\"https:\/\/www.suno.com.br\/noticias\/economia\/\">Economia<\/a><\/span><\/div><div class=\"cardsPage__listCard__boxs__content\"><a href=\"https:\/\/www.suno.com.br\/noticias\/deficit-primaria-governo-r861bi-2020-ministerio-economia\/\"><h2 class=\"content__title\">Governo espera um d\u00e9ficit prim\u00e1rio de R$ 861 bi em 2020<\/h2><\/a><div class=\"newsContent__article__meta\"><div class=\"newsContent__article__meta__authorBox\"><a href=\"https:\/\/www.suno.com.br\/noticias\/author\/arthur-guimaraes\/\" class=\"authorBox__avatar noMobi\"><img src=\"https:\/\/files.sunoresearch.com.br\/n\/uploads\/2020\/02\/dfb40897-eu-150x150.webp\" alt=\"Arthur Guimar\u00e3es\"><\/a><div class=\"authorBox__name\"><span>por\n\t\t\t<a href=\"https:\/\/www.suno.com.br\/noticias\/author\/arthur-guimaraes\/\"><span itemprop=\"author\">Arthur Guimar\u00e3es<\/span><\/a><\/span><time datetime=\"2020-09-22T22:20:19-03:00\" itemprop=\"datePublished\">22\/09\/2020 22:20<\/time><\/div><\/div><\/div><\/div><\/div>","single_layout":"posts","amp_enabled":true,"_links":{"self":[{"href":"https:\/\/www.suno.com.br\/noticias\/wp-json\/wp\/v2\/posts\/86703"}],"collection":[{"href":"https:\/\/www.suno.com.br\/noticias\/wp-json\/wp\/v2\/posts"}],"about":[{"href":"https:\/\/www.suno.com.br\/noticias\/wp-json\/wp\/v2\/types\/post"}],"author":[{"embeddable":true,"href":"https:\/\/www.suno.com.br\/noticias\/wp-json\/wp\/v2\/users\/35"}],"replies":[{"embeddable":true,"href":"https:\/\/www.suno.com.br\/noticias\/wp-json\/wp\/v2\/comments?post=86703"}],"version-history":[{"count":0,"href":"https:\/\/www.suno.com.br\/noticias\/wp-json\/wp\/v2\/posts\/86703\/revisions"}],"wp:featuredmedia":[{"embeddable":true,"href":"https:\/\/www.suno.com.br\/noticias\/wp-json\/wp\/v2\/media\/31733"}],"wp:attachment":[{"href":"https:\/\/www.suno.com.br\/noticias\/wp-json\/wp\/v2\/media?parent=86703"}],"wp:term":[{"taxonomy":"category","embeddable":true,"href":"https:\/\/www.suno.com.br\/noticias\/wp-json\/wp\/v2\/categories?post=86703"},{"taxonomy":"post_tag","embeddable":true,"href":"https:\/\/www.suno.com.br\/noticias\/wp-json\/wp\/v2\/tags?post=86703"},{"taxonomy":"suno_strategy","embeddable":true,"href":"https:\/\/www.suno.com.br\/noticias\/wp-json\/wp\/v2\/suno_strategy?post=86703"}],"curies":[{"name":"wp","href":"https:\/\/api.w.org\/{rel}","templated":true}]}}