{"id":86686,"date":"2020-09-22T21:21:58","date_gmt":"2020-09-23T00:21:58","guid":{"rendered":"https:\/\/www.suno.com.br\/noticias\/?p=86686"},"modified":"2020-09-22T21:22:33","modified_gmt":"2020-09-23T00:22:33","slug":"fundador-amazon-cria-pre-escola-gratuita-familias-pobres","status":"publish","type":"post","link":"https:\/\/www.suno.com.br\/noticias\/fundador-amazon-cria-pre-escola-gratuita-familias-pobres\/","title":{"rendered":"Fundador da Amazon cria pr\u00e9-escola gratuita para fam\u00edlias de baixa renda"},"content":{"rendered":"<p>O fundador e <a href=\"https:\/\/www.suno.com.br\/artigos\/ceo\/\">CEO<\/a> da <strong>Amazon<\/strong>, <a href=\"https:\/\/www.suno.com.br\/tudo-sobre\/jeff-bezos\/\">Jeff Bezos,<\/a> anunciou nesta ter\u00e7a-feira (22) a cria\u00e7\u00e3o de uma pr\u00e9-escola gratuita para crian\u00e7as de fam\u00edlia de baixa renda: a \u201cBezos Academy\u201d.<\/p>\t<div class=\"wrapper-featured-image\">\n\t\t<figure class=\"spotlightImg\">\n\n\t\t\t<picture>\n\t\t\t\t<source media=\"(max-width: 768px)\" srcset=\"https:\/\/files.sunoresearch.com.br\/n\/uploads\/2020\/09\/3facbf6e-bezos-400x200.webp\">\n\t\t\t\t<img loading=\"lazy\" decoding=\"async\" class=\"newsContent__article__imgCapa lazyloadDisabled \" src=\"https:\/\/files.sunoresearch.com.br\/n\/uploads\/2020\/09\/3facbf6e-bezos-800x450.webp\" width=\"800\" height=\"450\" alt=\"Fundador da Amazon cria pr\u00e9-escola gratuita para fam\u00edlias de baixa renda\" fetchpriority=high \/>\n\t\t\t<\/picture>\n\n\t\t\t<figcaption class=\"wp-caption-text wp-caption-text--show\">O fundador da Amazon Jeff Bezos. Foto: Pinterest<\/figcaption>\n\t\t<\/figure>\n\t<\/div>\n\n\n<div class=\"hubspot-form-wrapper\">\n\t<div id=\"single-form-target\"><\/div>\n<\/div>\n\n<p>&#8220;A <a href=\"https:\/\/www.instagram.com\/bezosacademy\/\">@bezosacademy<\/a> abre suas portas no dia 19 de outubro. Esta em Des Moines [ao sul de Seattle], WA, \u00e9 a primeira de muitas pr\u00e9-escolas gratuitas que abriremos para crian\u00e7as carentes. Parab\u00e9ns extras para a equipe por descobrir como fazer isso acontecer, mesmo entre COVID, e para Wesley Homes por intensificar as instala\u00e7\u00f5es&#8221;, afirmou o diretor executivo da Amazon, em publica\u00e7\u00e3o no Instagram.<\/p>\n<p>A <strong>Bezos Academy<\/strong> ser\u00e1 uma organiza\u00e7\u00e3o sem fins lucrativos que contar\u00e1 com aulas para crian\u00e7as de baixa renda de tr\u00eas a cinco anos durante todos os dias da semana, com direito a alimenta\u00e7\u00e3o gratuita.<\/p>\n<p><a href=\"https:\/\/lp.suno.com.br\/suno-one\/\">Suno One: acesse gratuitamente eBooks, Minicursos, Artigos e Video Aulas sobre investimentos com um \u00fanico cadastro. Clique para saber mais!<\/a><\/p>\n<p>O curr\u00edculo pedag\u00f3gico foi baseado no m\u00e9todo Montessori, lembrado pela \u00eanfase na autonomia e liberdade a crian\u00e7a, assim como pelo desenvolvimento natural das habilidades do aluno. O pr\u00f3prio executivo frequentou uma escola que aplicava o m\u00e9todo quando tinha apenas dois anos. Em entrevista \u00e0 revista &#8220;Montessori Life &#8220;, Jeff Bezos afirmou que sua experi\u00eancia de est\u00edmulo \u00e0 sua criatividade desde cedo foi muito importante em sua forma\u00e7\u00e3o pessoal.<\/p>\n<blockquote class=\"instagram-media\" style=\"background: #FFF; border: 0; border-radius: 3px; box-shadow: 0 0 1px 0 rgba(0,0,0,0.5),0 1px 10px 0 rgba(0,0,0,0.15); margin: 1px; max-width: 540px; min-width: 326px; padding: 0; width: calc(100% - 2px);\" data-instgrm-captioned=\"\" data-instgrm-permalink=\"https:\/\/www.instagram.com\/p\/CFcMd_RnQ_I\/?utm_source=ig_embed&amp;utm_campaign=loading\" data-instgrm-version=\"12\">\n<div style=\"padding: 16px;\">\n<p>&nbsp;<\/p>\n<div style=\"display: flex; flex-direction: row; align-items: center;\">\n<div style=\"background-color: #f4f4f4; border-radius: 50%; flex-grow: 0; height: 40px; margin-right: 14px; width: 40px;\"><\/div>\n<div style=\"display: flex; flex-direction: column; flex-grow: 1; justify-content: center;\">\n<div style=\"background-color: #f4f4f4; border-radius: 4px; flex-grow: 0; height: 14px; margin-bottom: 6px; width: 100px;\"><\/div>\n<div style=\"background-color: #f4f4f4; border-radius: 4px; flex-grow: 0; height: 14px; width: 60px;\"><\/div>\n<\/div>\n<\/div>\n<div style=\"padding: 19% 0;\"><\/div>\n<div style=\"display: block; height: 50px; margin: 0 auto 12px; width: 50px;\"><\/div>\n<div style=\"padding-top: 8px;\">\n<div style=\"color: #3897f0; font-family: Arial,sans-serif; font-size: 14px; font-style: normal; font-weight: 550; line-height: 18px;\">Ver essa foto no Instagram<\/div>\n<\/div>\n<div style=\"padding: 12.5% 0;\"><\/div>\n<div style=\"display: flex; flex-direction: row; margin-bottom: 14px; align-items: center;\">\n<div>\n<div style=\"background-color: #f4f4f4; border-radius: 50%; height: 12.5px; width: 12.5px; transform: translateX(0px) translateY(7px);\"><\/div>\n<div style=\"background-color: #f4f4f4; height: 12.5px; transform: rotate(-45deg) translateX(3px) translateY(1px); width: 12.5px; flex-grow: 0; margin-right: 14px; margin-left: 2px;\"><\/div>\n<div style=\"background-color: #f4f4f4; border-radius: 50%; height: 12.5px; width: 12.5px; transform: translateX(9px) translateY(-18px);\"><\/div>\n<\/div>\n<div style=\"margin-left: 8px;\">\n<div style=\"background-color: #f4f4f4; border-radius: 50%; flex-grow: 0; height: 20px; width: 20px;\"><\/div>\n<div style=\"width: 0; height: 0; border-top: 2px solid transparent; border-left: 6px solid #f4f4f4; border-bottom: 2px solid transparent; transform: translateX(16px) translateY(-4px) rotate(30deg);\"><\/div>\n<\/div>\n<div style=\"margin-left: auto;\">\n<div style=\"width: 0px; border-top: 8px solid #F4F4F4; border-right: 8px solid transparent; transform: translateY(16px);\"><\/div>\n<div style=\"background-color: #f4f4f4; flex-grow: 0; height: 12px; width: 16px; transform: translateY(-4px);\"><\/div>\n<div style=\"width: 0; height: 0; border-top: 8px solid #F4F4F4; border-left: 8px solid transparent; transform: translateY(-4px) translateX(8px);\"><\/div>\n<\/div>\n<\/div>\n<p>&nbsp;<\/p>\n<p style=\"margin: 8px 0 0 0; padding: 0 4px;\"><a style=\"color: #000; font-family: Arial,sans-serif; font-size: 14px; font-style: normal; font-weight: normal; line-height: 17px; text-decoration: none; word-wrap: break-word;\" href=\"https:\/\/www.instagram.com\/p\/CFcMd_RnQ_I\/?utm_source=ig_embed&amp;utm_campaign=loading\" target=\"_blank\" rel=\"noopener noreferrer\">This classroom is just the beginning. The @bezosacademy opens its doors on Oct. 19th. This one in Des Moines, WA, is the first of many free preschools that we\u2019ll be opening for underserved children. Extra kudos to the team for figuring out how to make this happen even amidst COVID, and to Wesley Homes for stepping up with the facility.<\/a><\/p>\n<p style=\"color: #c9c8cd; font-family: Arial,sans-serif; font-size: 14px; line-height: 17px; margin-bottom: 0; margin-top: 8px; overflow: hidden; padding: 8px 0 7px; text-align: center; text-overflow: ellipsis; white-space: nowrap;\">Uma publica\u00e7\u00e3o compartilhada por <a style=\"color: #c9c8cd; font-family: Arial,sans-serif; font-size: 14px; font-style: normal; font-weight: normal; line-height: 17px;\" href=\"https:\/\/www.instagram.com\/jeffbezos\/?utm_source=ig_embed&amp;utm_campaign=loading\" target=\"_blank\" rel=\"noopener noreferrer\"> Jeff Bezos<\/a> (@jeffbezos) em <time style=\"font-family: Arial,sans-serif; font-size: 14px; line-height: 17px;\" datetime=\"2020-09-22T13:30:08+00:00\">22 de Set, 2020 \u00e0s 6:30 PDT<\/time><\/p>\n<\/div>\n<\/blockquote>\n<p><script async src=\"\/\/www.instagram.com\/embed.js\"><\/script><\/p>\n<h2>Fundador da Amazon cria Fundo Bezos Day One<\/h2>\n<p>Jeff Bezos comunicou seu objetivo de construir uma rede de pr\u00e9-escolas em novembro de 2018, quando lan\u00e7ou o <strong>Fundo Bezos Day One<\/strong> de US$ 2 bilh\u00f5es (cerca de R$ 10,94 bilh\u00f5es). O fundo pretende realizar doa\u00e7\u00f5es para organiza\u00e7\u00f5es sem fins lucrativos, que buscam ajudar fam\u00edlias sem-teto e construir uma rede de pr\u00e9-escolas.<\/p>\n<p>De acordo com publica\u00e7\u00e3o da revista &#8220;Forbes&#8221;, desde a sua cria\u00e7\u00e3o, o Fundo Bezos Day One j\u00e1 doou quase US$ 100 milh\u00f5es por ano para\u00a0 v\u00e1rias organiza\u00e7\u00f5es sem fins lucrativos com foco em desabrigados.<\/p>\n\t<div data-element=\"shortcode-read-more\" class=\"knowMore\">\n\t\t\t\t<span class=\"knowMore__title\">Saiba mais<\/span>\n\t\t\t\t<a class=\"knowMore__link\" href=\"https:\/\/www.suno.com.br\/noticias\/jeff-bezos-fortuna-200-bilhoes-amazon\/\">\n\t\t\tJeff Bezos \u00e9 o primeiro a ter uma fortuna de US$ 200 bilh\u00f5es\t\t<\/a>\n\t<\/div>\n\n\n<p>Com a nova rede de pr\u00e9-escolas, o CEO da <strong>Amazon<\/strong> visa ampliar sua atua\u00e7\u00e3o sem fins lucrativos e oferecer uma forma\u00e7\u00e3o na primeira inf\u00e2ncia \u00e0 crian\u00e7as carentes.<\/p>\n\t<p>\n\t\t<a href=\"https:\/\/lp.suno.com.br\/planilha-de-controle-de-investimentos\/\" target=\"_blank\" data-element=\"shortcode-suno-banner\" title=\"Banner SUNO, clique e saiba mais\">\n\t\t\t<picture>\n\t\t\t\t<source media=\"(max-width: 500px)\" srcset=\"https:\/\/files.sunoresearch.com.br\/n\/uploads\/2023\/03\/400x300-Controle-de-Investimentos.png\">\n\t\t\t\t<img class=\"newsContent__article__imgCapa newsContent__article__imgCapa--banner\"\n\t\t\t\t\tsrc=\"https:\/\/files.sunoresearch.com.br\/n\/uploads\/2023\/03\/1420x240-Controle-de-Investimentos.png\"\n\t\t\t\t\tdata-promo-id=\"75934\"\t\t\t\t\t\t\t\t\t\twidth='1420' height='240'\t\t\t\t\talt=\"https:\/\/files.sunoresearch.com.br\/n\/uploads\/2023\/03\/1420x240-Controle-de-Investimentos.png\"\n\t\t\t\t>\n\t\t\t<\/picture>\n\t\t<\/a>\n\t<\/p>\n\n\n","protected":false},"excerpt":{"rendered":"<p>O fundador e CEO da Amazon, Jeff Bezos, anunciou nesta ter\u00e7a-feira (22) a cria\u00e7\u00e3o de uma pr\u00e9-escola gratuita para crian\u00e7as de fam\u00edlia de baixa renda: a \u201cBezos Academy\u201d. O fundador da Amazon Jeff Bezos. Foto: Pinterest &#8220;A @bezosacademy abre suas portas no dia 19 de outubro. Esta em Des Moines [ao sul de Seattle], WA, [&hellip;]<\/p>\n","protected":false},"author":35,"featured_media":86692,"comment_status":"closed","ping_status":"closed","sticky":false,"template":"","format":"standard","meta":[],"categories":[63],"tags":[694,695],"suno_strategy":[],"class_list":["post-86686","post","type-post","status-publish","format-standard","has-post-thumbnail","hentry","category-internacional","tag-amazon-amzo34","tag-jeff-bezos"],"yoast_head":"<!-- This site is optimized with the Yoast SEO plugin v24.4 - https:\/\/yoast.com\/wordpress\/plugins\/seo\/ -->\n<title>Fundador da Amazon cria pr\u00e9-escola gratuita para fam\u00edlias de baixa renda<\/title>\n<meta name=\"description\" content=\"Jeff Bezos, da Amazon, anunciou a cria\u00e7\u00e3o de uma pr\u00e9-escola gratuita para crian\u00e7as de fam\u00edlia de baixa renda. Clique para saber mais\" \/>\n<meta name=\"robots\" content=\"index, follow, max-snippet:-1, max-image-preview:large, max-video-preview:-1\" \/>\n<link rel=\"canonical\" href=\"https:\/\/www.suno.com.br\/noticias\/fundador-amazon-cria-pre-escola-gratuita-familias-pobres\/\" \/>\n<meta property=\"og:locale\" content=\"pt_BR\" \/>\n<meta property=\"og:type\" content=\"article\" \/>\n<meta property=\"og:title\" content=\"Fundador da Amazon cria pr\u00e9-escola gratuita para fam\u00edlias de baixa renda\" \/>\n<meta property=\"og:description\" content=\"Jeff Bezos, da Amazon, anunciou a cria\u00e7\u00e3o de uma pr\u00e9-escola gratuita para crian\u00e7as de fam\u00edlia de baixa renda. Clique para saber mais\" \/>\n<meta property=\"og:url\" content=\"https:\/\/www.suno.com.br\/noticias\/fundador-amazon-cria-pre-escola-gratuita-familias-pobres\/\" \/>\n<meta property=\"og:site_name\" content=\"Suno Not\u00edcias\" \/>\n<meta property=\"article:publisher\" content=\"https:\/\/facebook.com\/sunoresearch\" \/>\n<meta property=\"og:image\" content=\"https:\/\/files.sunoresearch.com.br\/n\/uploads\/2020\/09\/3facbf6e-bezos.jpg\" \/>\n\t<meta property=\"og:image:width\" content=\"1200\" \/>\n\t<meta property=\"og:image:height\" content=\"800\" \/>\n\t<meta property=\"og:image:type\" content=\"image\/jpeg\" \/>\n<meta name=\"author\" content=\"Arthur Guimar\u00e3es\" \/>\n<meta name=\"twitter:card\" content=\"summary_large_image\" \/>\n<meta name=\"twitter:creator\" content=\"@sunoresearch\" \/>\n<meta name=\"twitter:site\" content=\"@sunoresearch\" \/>\n<meta name=\"twitter:label1\" content=\"Escrito por\" \/>\n\t<meta name=\"twitter:data1\" content=\"Arthur Guimar\u00e3es\" \/>\n\t<meta name=\"twitter:label2\" content=\"Est. tempo de leitura\" \/>\n\t<meta name=\"twitter:data2\" content=\"2 minutos\" \/>\n<script type=\"application\/ld+json\" class=\"yoast-schema-graph\">{\"@context\":\"https:\/\/schema.org\",\"@graph\":[{\"@type\":\"NewsArticle\",\"@id\":\"https:\/\/www.suno.com.br\/noticias\/fundador-amazon-cria-pre-escola-gratuita-familias-pobres\/#article\",\"isPartOf\":{\"@id\":\"https:\/\/www.suno.com.br\/noticias\/fundador-amazon-cria-pre-escola-gratuita-familias-pobres\/\"},\"author\":{\"name\":\"Arthur Guimar\u00e3es\",\"@id\":\"https:\/\/www.suno.com.br\/noticias\/#\/schema\/person\/053a750a709a263919a20f976caae91c\"},\"headline\":\"Fundador da Amazon cria pr\u00e9-escola gratuita para fam\u00edlias de baixa renda\",\"datePublished\":\"2020-09-23T00:21:58+00:00\",\"dateModified\":\"2020-09-23T00:22:33+00:00\",\"mainEntityOfPage\":{\"@id\":\"https:\/\/www.suno.com.br\/noticias\/fundador-amazon-cria-pre-escola-gratuita-familias-pobres\/\"},\"wordCount\":481,\"publisher\":{\"@id\":\"https:\/\/www.suno.com.br\/noticias\/#organization\"},\"image\":{\"@id\":\"https:\/\/www.suno.com.br\/noticias\/fundador-amazon-cria-pre-escola-gratuita-familias-pobres\/#primaryimage\"},\"thumbnailUrl\":\"https:\/\/files.sunoresearch.com.br\/n\/uploads\/2020\/09\/3facbf6e-bezos-jpg.webp\",\"keywords\":[\"Amazon (AMZO34)\",\"Jeff Bezos\"],\"articleSection\":[\"Internacional\"],\"inLanguage\":\"pt-BR\"},{\"@type\":\"WebPage\",\"@id\":\"https:\/\/www.suno.com.br\/noticias\/fundador-amazon-cria-pre-escola-gratuita-familias-pobres\/\",\"url\":\"https:\/\/www.suno.com.br\/noticias\/fundador-amazon-cria-pre-escola-gratuita-familias-pobres\/\",\"name\":\"Fundador da Amazon cria pr\u00e9-escola gratuita para fam\u00edlias de baixa renda\",\"isPartOf\":{\"@id\":\"https:\/\/www.suno.com.br\/noticias\/#website\"},\"primaryImageOfPage\":{\"@id\":\"https:\/\/www.suno.com.br\/noticias\/fundador-amazon-cria-pre-escola-gratuita-familias-pobres\/#primaryimage\"},\"image\":{\"@id\":\"https:\/\/www.suno.com.br\/noticias\/fundador-amazon-cria-pre-escola-gratuita-familias-pobres\/#primaryimage\"},\"thumbnailUrl\":\"https:\/\/files.sunoresearch.com.br\/n\/uploads\/2020\/09\/3facbf6e-bezos-jpg.webp\",\"datePublished\":\"2020-09-23T00:21:58+00:00\",\"dateModified\":\"2020-09-23T00:22:33+00:00\",\"description\":\"Jeff Bezos, da Amazon, anunciou a cria\u00e7\u00e3o de uma pr\u00e9-escola gratuita para crian\u00e7as de fam\u00edlia de baixa renda. Clique para saber mais\",\"breadcrumb\":{\"@id\":\"https:\/\/www.suno.com.br\/noticias\/fundador-amazon-cria-pre-escola-gratuita-familias-pobres\/#breadcrumb\"},\"inLanguage\":\"pt-BR\",\"potentialAction\":[{\"@type\":\"ReadAction\",\"target\":[\"https:\/\/www.suno.com.br\/noticias\/fundador-amazon-cria-pre-escola-gratuita-familias-pobres\/\"]}]},{\"@type\":\"ImageObject\",\"inLanguage\":\"pt-BR\",\"@id\":\"https:\/\/www.suno.com.br\/noticias\/fundador-amazon-cria-pre-escola-gratuita-familias-pobres\/#primaryimage\",\"url\":\"https:\/\/files.sunoresearch.com.br\/n\/uploads\/2020\/09\/3facbf6e-bezos-jpg.webp\",\"contentUrl\":\"https:\/\/files.sunoresearch.com.br\/n\/uploads\/2020\/09\/3facbf6e-bezos-jpg.webp\",\"width\":1200,\"height\":800,\"caption\":\"O fundador da Amazon Jeff Bezos. Foto: Pinterest\"},{\"@type\":\"BreadcrumbList\",\"@id\":\"https:\/\/www.suno.com.br\/noticias\/fundador-amazon-cria-pre-escola-gratuita-familias-pobres\/#breadcrumb\",\"itemListElement\":[{\"@type\":\"ListItem\",\"position\":1,\"name\":\"Not\u00edcias\",\"item\":\"https:\/\/www.suno.com.br\/noticias\/\"},{\"@type\":\"ListItem\",\"position\":2,\"name\":\"Internacional\",\"item\":\"https:\/\/www.suno.com.br\/noticias\/internacional\/\"},{\"@type\":\"ListItem\",\"position\":3,\"name\":\"Fundador da Amazon cria pr\u00e9-escola gratuita para fam\u00edlias de baixa renda\"}]},{\"@type\":\"WebSite\",\"@id\":\"https:\/\/www.suno.com.br\/noticias\/#website\",\"url\":\"https:\/\/www.suno.com.br\/noticias\/\",\"name\":\"Suno Not\u00edcias\",\"description\":\"Seu portal de informa\u00e7\u00e3o sobre o mundo dos investimentos\",\"publisher\":{\"@id\":\"https:\/\/www.suno.com.br\/noticias\/#organization\"},\"potentialAction\":[{\"@type\":\"SearchAction\",\"target\":{\"@type\":\"EntryPoint\",\"urlTemplate\":\"https:\/\/www.suno.com.br\/noticias\/?s={search_term_string}\"},\"query-input\":{\"@type\":\"PropertyValueSpecification\",\"valueRequired\":true,\"valueName\":\"search_term_string\"}}],\"inLanguage\":\"pt-BR\"},{\"@type\":\"Organization\",\"@id\":\"https:\/\/www.suno.com.br\/noticias\/#organization\",\"name\":\"Suno Not\u00edcias\",\"url\":\"https:\/\/www.suno.com.br\/noticias\/\",\"logo\":{\"@type\":\"ImageObject\",\"inLanguage\":\"pt-BR\",\"@id\":\"https:\/\/www.suno.com.br\/noticias\/#\/schema\/logo\/image\/\",\"url\":\"https:\/\/files.sunoresearch.com.br\/n\/uploads\/2021\/09\/suno-logo.png\",\"contentUrl\":\"https:\/\/files.sunoresearch.com.br\/n\/uploads\/2021\/09\/suno-logo.png\",\"width\":180,\"height\":180,\"caption\":\"Suno Not\u00edcias\"},\"image\":{\"@id\":\"https:\/\/www.suno.com.br\/noticias\/#\/schema\/logo\/image\/\"},\"sameAs\":[\"https:\/\/facebook.com\/sunoresearch\",\"https:\/\/x.com\/sunoresearch\",\"https:\/\/www.instagram.com\/suno\",\"https:\/\/www.linkedin.com\/company\/suno-research\/\",\"https:\/\/www.youtube.com\/c\/sunoresearch\"]},{\"@type\":\"Person\",\"@id\":\"https:\/\/www.suno.com.br\/noticias\/#\/schema\/person\/053a750a709a263919a20f976caae91c\",\"name\":\"Arthur Guimar\u00e3es\",\"image\":{\"@type\":\"ImageObject\",\"inLanguage\":\"pt-BR\",\"@id\":\"https:\/\/www.suno.com.br\/noticias\/#\/schema\/person\/image\/\",\"url\":\"https:\/\/secure.gravatar.com\/avatar\/1affd86a11209ae09eb6dd3bcad3e96c?s=96&r=g\",\"contentUrl\":\"https:\/\/secure.gravatar.com\/avatar\/1affd86a11209ae09eb6dd3bcad3e96c?s=96&r=g\",\"caption\":\"Arthur Guimar\u00e3es\"},\"description\":\"Arthur Guimar\u00e3es escreve sobre pol\u00edtica, economia e neg\u00f3cios para o portal de not\u00edcias da Suno Research. Atualmente, \u00e9 estudante de jornalismo pela Faculdade C\u00e1sper L\u00edbero.\",\"url\":\"https:\/\/www.suno.com.br\/noticias\/author\/arthur-guimaraes\/\"}]}<\/script>\n<!-- \/ Yoast SEO plugin. -->","yoast_head_json":{"title":"Fundador da Amazon cria pr\u00e9-escola gratuita para fam\u00edlias de baixa renda","description":"Jeff Bezos, da Amazon, anunciou a cria\u00e7\u00e3o de uma pr\u00e9-escola gratuita para crian\u00e7as de fam\u00edlia de baixa renda. Clique para saber mais","robots":{"index":"index","follow":"follow","max-snippet":"max-snippet:-1","max-image-preview":"max-image-preview:large","max-video-preview":"max-video-preview:-1"},"canonical":"https:\/\/www.suno.com.br\/noticias\/fundador-amazon-cria-pre-escola-gratuita-familias-pobres\/","og_locale":"pt_BR","og_type":"article","og_title":"Fundador da Amazon cria pr\u00e9-escola gratuita para fam\u00edlias de baixa renda","og_description":"Jeff Bezos, da Amazon, anunciou a cria\u00e7\u00e3o de uma pr\u00e9-escola gratuita para crian\u00e7as de fam\u00edlia de baixa renda. Clique para saber mais","og_url":"https:\/\/www.suno.com.br\/noticias\/fundador-amazon-cria-pre-escola-gratuita-familias-pobres\/","og_site_name":"Suno Not\u00edcias","article_publisher":"https:\/\/facebook.com\/sunoresearch","og_image":[{"width":1200,"height":800,"url":"https:\/\/files.sunoresearch.com.br\/n\/uploads\/2020\/09\/3facbf6e-bezos.jpg","type":"image\/jpeg"}],"author":"Arthur Guimar\u00e3es","twitter_card":"summary_large_image","twitter_creator":"@sunoresearch","twitter_site":"@sunoresearch","twitter_misc":{"Escrito por":"Arthur Guimar\u00e3es","Est. tempo de leitura":"2 minutos"},"schema":{"@context":"https:\/\/schema.org","@graph":[{"@type":"NewsArticle","@id":"https:\/\/www.suno.com.br\/noticias\/fundador-amazon-cria-pre-escola-gratuita-familias-pobres\/#article","isPartOf":{"@id":"https:\/\/www.suno.com.br\/noticias\/fundador-amazon-cria-pre-escola-gratuita-familias-pobres\/"},"author":{"name":"Arthur Guimar\u00e3es","@id":"https:\/\/www.suno.com.br\/noticias\/#\/schema\/person\/053a750a709a263919a20f976caae91c"},"headline":"Fundador da Amazon cria pr\u00e9-escola gratuita para fam\u00edlias de baixa renda","datePublished":"2020-09-23T00:21:58+00:00","dateModified":"2020-09-23T00:22:33+00:00","mainEntityOfPage":{"@id":"https:\/\/www.suno.com.br\/noticias\/fundador-amazon-cria-pre-escola-gratuita-familias-pobres\/"},"wordCount":481,"publisher":{"@id":"https:\/\/www.suno.com.br\/noticias\/#organization"},"image":{"@id":"https:\/\/www.suno.com.br\/noticias\/fundador-amazon-cria-pre-escola-gratuita-familias-pobres\/#primaryimage"},"thumbnailUrl":"https:\/\/files.sunoresearch.com.br\/n\/uploads\/2020\/09\/3facbf6e-bezos-jpg.webp","keywords":["Amazon (AMZO34)","Jeff Bezos"],"articleSection":["Internacional"],"inLanguage":"pt-BR"},{"@type":"WebPage","@id":"https:\/\/www.suno.com.br\/noticias\/fundador-amazon-cria-pre-escola-gratuita-familias-pobres\/","url":"https:\/\/www.suno.com.br\/noticias\/fundador-amazon-cria-pre-escola-gratuita-familias-pobres\/","name":"Fundador da Amazon cria pr\u00e9-escola gratuita para fam\u00edlias de baixa renda","isPartOf":{"@id":"https:\/\/www.suno.com.br\/noticias\/#website"},"primaryImageOfPage":{"@id":"https:\/\/www.suno.com.br\/noticias\/fundador-amazon-cria-pre-escola-gratuita-familias-pobres\/#primaryimage"},"image":{"@id":"https:\/\/www.suno.com.br\/noticias\/fundador-amazon-cria-pre-escola-gratuita-familias-pobres\/#primaryimage"},"thumbnailUrl":"https:\/\/files.sunoresearch.com.br\/n\/uploads\/2020\/09\/3facbf6e-bezos-jpg.webp","datePublished":"2020-09-23T00:21:58+00:00","dateModified":"2020-09-23T00:22:33+00:00","description":"Jeff Bezos, da Amazon, anunciou a cria\u00e7\u00e3o de uma pr\u00e9-escola gratuita para crian\u00e7as de fam\u00edlia de baixa renda. Clique para saber mais","breadcrumb":{"@id":"https:\/\/www.suno.com.br\/noticias\/fundador-amazon-cria-pre-escola-gratuita-familias-pobres\/#breadcrumb"},"inLanguage":"pt-BR","potentialAction":[{"@type":"ReadAction","target":["https:\/\/www.suno.com.br\/noticias\/fundador-amazon-cria-pre-escola-gratuita-familias-pobres\/"]}]},{"@type":"ImageObject","inLanguage":"pt-BR","@id":"https:\/\/www.suno.com.br\/noticias\/fundador-amazon-cria-pre-escola-gratuita-familias-pobres\/#primaryimage","url":"https:\/\/files.sunoresearch.com.br\/n\/uploads\/2020\/09\/3facbf6e-bezos-jpg.webp","contentUrl":"https:\/\/files.sunoresearch.com.br\/n\/uploads\/2020\/09\/3facbf6e-bezos-jpg.webp","width":1200,"height":800,"caption":"O fundador da Amazon Jeff Bezos. Foto: Pinterest"},{"@type":"BreadcrumbList","@id":"https:\/\/www.suno.com.br\/noticias\/fundador-amazon-cria-pre-escola-gratuita-familias-pobres\/#breadcrumb","itemListElement":[{"@type":"ListItem","position":1,"name":"Not\u00edcias","item":"https:\/\/www.suno.com.br\/noticias\/"},{"@type":"ListItem","position":2,"name":"Internacional","item":"https:\/\/www.suno.com.br\/noticias\/internacional\/"},{"@type":"ListItem","position":3,"name":"Fundador da Amazon cria pr\u00e9-escola gratuita para fam\u00edlias de baixa renda"}]},{"@type":"WebSite","@id":"https:\/\/www.suno.com.br\/noticias\/#website","url":"https:\/\/www.suno.com.br\/noticias\/","name":"Suno Not\u00edcias","description":"Seu portal de informa\u00e7\u00e3o sobre o mundo dos investimentos","publisher":{"@id":"https:\/\/www.suno.com.br\/noticias\/#organization"},"potentialAction":[{"@type":"SearchAction","target":{"@type":"EntryPoint","urlTemplate":"https:\/\/www.suno.com.br\/noticias\/?s={search_term_string}"},"query-input":{"@type":"PropertyValueSpecification","valueRequired":true,"valueName":"search_term_string"}}],"inLanguage":"pt-BR"},{"@type":"Organization","@id":"https:\/\/www.suno.com.br\/noticias\/#organization","name":"Suno Not\u00edcias","url":"https:\/\/www.suno.com.br\/noticias\/","logo":{"@type":"ImageObject","inLanguage":"pt-BR","@id":"https:\/\/www.suno.com.br\/noticias\/#\/schema\/logo\/image\/","url":"https:\/\/files.sunoresearch.com.br\/n\/uploads\/2021\/09\/suno-logo.png","contentUrl":"https:\/\/files.sunoresearch.com.br\/n\/uploads\/2021\/09\/suno-logo.png","width":180,"height":180,"caption":"Suno Not\u00edcias"},"image":{"@id":"https:\/\/www.suno.com.br\/noticias\/#\/schema\/logo\/image\/"},"sameAs":["https:\/\/facebook.com\/sunoresearch","https:\/\/x.com\/sunoresearch","https:\/\/www.instagram.com\/suno","https:\/\/www.linkedin.com\/company\/suno-research\/","https:\/\/www.youtube.com\/c\/sunoresearch"]},{"@type":"Person","@id":"https:\/\/www.suno.com.br\/noticias\/#\/schema\/person\/053a750a709a263919a20f976caae91c","name":"Arthur Guimar\u00e3es","image":{"@type":"ImageObject","inLanguage":"pt-BR","@id":"https:\/\/www.suno.com.br\/noticias\/#\/schema\/person\/image\/","url":"https:\/\/secure.gravatar.com\/avatar\/1affd86a11209ae09eb6dd3bcad3e96c?s=96&r=g","contentUrl":"https:\/\/secure.gravatar.com\/avatar\/1affd86a11209ae09eb6dd3bcad3e96c?s=96&r=g","caption":"Arthur Guimar\u00e3es"},"description":"Arthur Guimar\u00e3es escreve sobre pol\u00edtica, economia e neg\u00f3cios para o portal de not\u00edcias da Suno Research. Atualmente, \u00e9 estudante de jornalismo pela Faculdade C\u00e1sper L\u00edbero.","url":"https:\/\/www.suno.com.br\/noticias\/author\/arthur-guimaraes\/"}]}},"default_loop_html":"<div class=\"cardsPage__listCard__boxs\"><div class=\"cardsPage__listCard__boxs__img\"><a href=\"https:\/\/www.suno.com.br\/noticias\/fundador-amazon-cria-pre-escola-gratuita-familias-pobres\/\"><img class=\"mask\" src=\"https:\/\/www.suno.com.br\/noticias\/wp-content\/themes\/suno\/resources\/images\/spotlight\/spotlight1img\/bg-mask.png\" alt=\"Image Mask\"\/><img src=\"https:\/\/files.sunoresearch.com.br\/n\/uploads\/2020\/09\/3facbf6e-bezos-400x200.webp\" alt=\"Fundador da Amazon cria pr\u00e9-escola gratuita para fam\u00edlias de baixa renda\"\/><\/a><span class=\"spotlightCategory\"><a href=\"https:\/\/www.suno.com.br\/noticias\/internacional\/\">Internacional<\/a><\/span><\/div><div class=\"cardsPage__listCard__boxs__content\"><a href=\"https:\/\/www.suno.com.br\/noticias\/fundador-amazon-cria-pre-escola-gratuita-familias-pobres\/\"><h2 class=\"content__title\">Fundador da Amazon cria pr\u00e9-escola gratuita para fam\u00edlias de baixa renda<\/h2><\/a><div class=\"newsContent__article__meta\"><div class=\"newsContent__article__meta__authorBox\"><a href=\"https:\/\/www.suno.com.br\/noticias\/author\/arthur-guimaraes\/\" class=\"authorBox__avatar noMobi\"><img src=\"https:\/\/files.sunoresearch.com.br\/n\/uploads\/2020\/02\/dfb40897-eu-150x150.webp\" alt=\"Arthur Guimar\u00e3es\"><\/a><div class=\"authorBox__name\"><span>por\n\t\t\t<a href=\"https:\/\/www.suno.com.br\/noticias\/author\/arthur-guimaraes\/\"><span itemprop=\"author\">Arthur Guimar\u00e3es<\/span><\/a><\/span><time datetime=\"2020-09-22T21:21:58-03:00\" itemprop=\"datePublished\">22\/09\/2020 21:21<\/time><\/div><\/div><\/div><\/div><\/div>","single_layout":"posts","amp_enabled":true,"_links":{"self":[{"href":"https:\/\/www.suno.com.br\/noticias\/wp-json\/wp\/v2\/posts\/86686"}],"collection":[{"href":"https:\/\/www.suno.com.br\/noticias\/wp-json\/wp\/v2\/posts"}],"about":[{"href":"https:\/\/www.suno.com.br\/noticias\/wp-json\/wp\/v2\/types\/post"}],"author":[{"embeddable":true,"href":"https:\/\/www.suno.com.br\/noticias\/wp-json\/wp\/v2\/users\/35"}],"replies":[{"embeddable":true,"href":"https:\/\/www.suno.com.br\/noticias\/wp-json\/wp\/v2\/comments?post=86686"}],"version-history":[{"count":0,"href":"https:\/\/www.suno.com.br\/noticias\/wp-json\/wp\/v2\/posts\/86686\/revisions"}],"wp:featuredmedia":[{"embeddable":true,"href":"https:\/\/www.suno.com.br\/noticias\/wp-json\/wp\/v2\/media\/86692"}],"wp:attachment":[{"href":"https:\/\/www.suno.com.br\/noticias\/wp-json\/wp\/v2\/media?parent=86686"}],"wp:term":[{"taxonomy":"category","embeddable":true,"href":"https:\/\/www.suno.com.br\/noticias\/wp-json\/wp\/v2\/categories?post=86686"},{"taxonomy":"post_tag","embeddable":true,"href":"https:\/\/www.suno.com.br\/noticias\/wp-json\/wp\/v2\/tags?post=86686"},{"taxonomy":"suno_strategy","embeddable":true,"href":"https:\/\/www.suno.com.br\/noticias\/wp-json\/wp\/v2\/suno_strategy?post=86686"}],"curies":[{"name":"wp","href":"https:\/\/api.w.org\/{rel}","templated":true}]}}