{"id":86630,"date":"2020-09-22T19:20:36","date_gmt":"2020-09-22T22:20:36","guid":{"rendered":"https:\/\/www.suno.com.br\/noticias\/?p=86630"},"modified":"2020-09-22T19:20:36","modified_gmt":"2020-09-22T22:20:36","slug":"coronavirus-russia-riscos-legais-vacina-covid-19","status":"publish","type":"post","link":"https:\/\/www.suno.com.br\/noticias\/coronavirus-russia-riscos-legais-vacina-covid-19\/","title":{"rendered":"Coronav\u00edrus: R\u00fassia dividir\u00e1 riscos legais da vacina com fabricantes"},"content":{"rendered":"<p>Kirill Dmitriev, chefe do Fundo de Investimento Direto da R\u00fassia (RDIF, na sigla em ingl\u00eas), afirmou \u00e0 &#8216;Reuters&#8217;, nessa ter\u00e7a-feira (22), que o Pa\u00eds dividir\u00e1 alguns dos riscos legais, se acontecer alguma falha relacionada a <strong>vacina<\/strong> contra novo <a href=\"https:\/\/www.suno.com.br\/noticias\/tags\/coronavirus\/\">coronav\u00edrus (Covid-19).<\/a> Nesse sentido, n\u00e3o obrigar\u00e1 os compradores a assumirem todo o risco.<\/p>\t<div class=\"wrapper-featured-image\">\n\t\t<figure class=\"spotlightImg\">\n\n\t\t\t<picture>\n\t\t\t\t<source media=\"(max-width: 768px)\" srcset=\"https:\/\/files.sunoresearch.com.br\/n\/uploads\/2020\/09\/42dd7ce2-moderna-vacina-1-400x200.webp\">\n\t\t\t\t<img loading=\"lazy\" decoding=\"async\" class=\"newsContent__article__imgCapa lazyloadDisabled \" src=\"https:\/\/files.sunoresearch.com.br\/n\/uploads\/2020\/09\/42dd7ce2-moderna-vacina-1-jpeg.webp\" width=\"800\" height=\"450\" alt=\"Coronav\u00edrus: R\u00fassia dividir\u00e1 riscos legais da vacina com fabricantes\" fetchpriority=high \/>\n\t\t\t<\/picture>\n\n\t\t\t<figcaption class=\"wp-caption-text wp-caption-text--show\">O chefe do RDIF afirmou que a R\u00fassia est\u00e1 t\u00e3o confiante em sua vacina que n\u00e3o pediu isen\u00e7\u00e3o legal completa.<\/figcaption>\n\t\t<\/figure>\n\t<\/div>\n\n\n<div class=\"hubspot-form-wrapper\">\n\t<div id=\"single-form-target\"><\/div>\n<\/div>\n\n<p>O diretor do\u00a0fundo soberano <a href=\"https:\/\/www.suno.com.br\/artigos\/estatal-so-se-for-de-graca\/\">estatal<\/a> que est\u00e1 financiando a <strong>vacina<\/strong> russa contra a Covid-19 afirmou que &#8220;a R\u00fassia est\u00e1 t\u00e3o confiante em sua vacina que n\u00e3o pediu isen\u00e7\u00e3o legal completa e esse \u00e9 um grande fator de diferencia\u00e7\u00e3o em rela\u00e7\u00e3o a qualquer vacina do Ocidente&#8221;.<\/p>\n<p>&#8220;Todas elas est\u00e3o pedindo isen\u00e7\u00e3o dos riscos legais&#8221;, completou Dmitriev.<\/p>\n<p><a href=\"https:\/\/lp.suno.com.br\/suno-one\/\">Suno One: acesse gratuitamente eBooks, Minicursos, Artigos e Video Aulas sobre investimentos com um \u00fanico cadastro. Clique para saber mais!<\/a><\/p>\n<p>Vale destacar que nos <strong>Estados Unidos,<\/strong> a responsabilidade legal pelos imunizantes de <strong>coronav\u00edrus<\/strong> \u00e9 completamente do governo estadunidense. Nesse sentido, os desenvolvedores ficam protegidos.<\/p>\n<h2>R\u00fassia registrar\u00e1 2\u00aa vacina contra covid-19 at\u00e9 15 de outubro<\/h2>\n<p>Al\u00e9m disso, a <strong>R\u00fassia<\/strong> espera registrar uma segunda <strong>vacina<\/strong> contra o <a href=\"https:\/\/www.suno.com.br\/noticias\/?s=coronavirus\"><strong>novo coronav\u00edrus<\/strong> (covid-19)<\/a> at\u00e9 o dia 15 de outubro, segundo informou, nesta ter\u00e7a-feira, a ag\u00eancia de not\u00edcias russa TASS citando o \u00f3rg\u00e3o regulador de seguran\u00e7a do consumidor do pa\u00eds Rospotrebnadzor.<\/p>\n<p>Segundo a ag\u00eancia, essa vacina concluiu o est\u00e1gio inicial de testes em humanos na semana passada e \u00e9 desenvolvida pelo Instituto Vector, da Sib\u00e9ria.<\/p>\n<p>A R\u00fassia foi a primeira no mundo a registrar oficialmente um imunizante que combata o novo <strong>coronav\u00edrus<\/strong>. Em agosto, o presidente russo, Vladimir Putin, anunciou em videoconfer\u00eancia televisionada, ao lado do ministro da sa\u00fade do pa\u00eds, Mikhail Murashko, o imunizante.<\/p>\n\t<div data-element=\"shortcode-read-more\" class=\"knowMore\">\n\t\t\t\t<span class=\"knowMore__title\">Veja Tamb\u00e9m<\/span>\n\t\t\t\t<a class=\"knowMore__link\" href=\"https:\/\/www.suno.com.br\/noticias\/coronavac-sao-paulo-doses-vacina-coronavirus-covid-19-doria\/\">\n\t\t\tCoronaVac: S\u00e3o Paulo deve receber 5 milh\u00f5es de doses da vacina\t\t<\/a>\n\t<\/div>\n\n\n<p>&#8220;Esta manh\u00e3, pela primeira vez no mundo, uma vacina contra o novo coronav\u00edrus foi registrada. Sei que \u00e9 bastante eficaz, que proporciona imunidade duradora&#8221;, disse Putin.<\/p>\n<p>O an\u00fancio aconteceu ap\u00f3s a <strong>Organiza\u00e7\u00e3o Mundial da Sa\u00fade (OMS) <\/strong>ter avisado acerca das diretrizes estabelecidas para a cria\u00e7\u00e3o segura de um imunizante que combata a doen\u00e7a. O temor da organiza\u00e7\u00e3o \u00e9 que, em meio \u00e0 corrida pol\u00edtica pela pioneira descoberta por uma <strong>vacina,<\/strong> as etapas necess\u00e1rias fossem negligenciadas.<\/p>\n\t<p>\n\t\t<a href=\"https:\/\/lp.suno.com.br\/planilha-de-controle-de-investimentos\/\" target=\"_blank\" data-element=\"shortcode-suno-banner\" title=\"Banner SUNO, clique e saiba mais\">\n\t\t\t<picture>\n\t\t\t\t<source media=\"(max-width: 500px)\" srcset=\"https:\/\/files.sunoresearch.com.br\/n\/uploads\/2023\/03\/400x300-Controle-de-Investimentos.png\">\n\t\t\t\t<img class=\"newsContent__article__imgCapa newsContent__article__imgCapa--banner\"\n\t\t\t\t\tsrc=\"https:\/\/files.sunoresearch.com.br\/n\/uploads\/2023\/03\/1420x240-Controle-de-Investimentos.png\"\n\t\t\t\t\tdata-promo-id=\"75934\"\t\t\t\t\t\t\t\t\t\twidth='1420' height='240'\t\t\t\t\talt=\"https:\/\/files.sunoresearch.com.br\/n\/uploads\/2023\/03\/1420x240-Controle-de-Investimentos.png\"\n\t\t\t\t>\n\t\t\t<\/picture>\n\t\t<\/a>\n\t<\/p>\n\n\n","protected":false},"excerpt":{"rendered":"<p>Kirill Dmitriev, chefe do Fundo de Investimento Direto da R\u00fassia (RDIF, na sigla em ingl\u00eas), afirmou \u00e0 &#8216;Reuters&#8217;, nessa ter\u00e7a-feira (22), que o Pa\u00eds dividir\u00e1 alguns dos riscos legais, se acontecer alguma falha relacionada a vacina contra novo coronav\u00edrus (Covid-19). Nesse sentido, n\u00e3o obrigar\u00e1 os compradores a assumirem todo o risco. O chefe do RDIF [&hellip;]<\/p>\n","protected":false},"author":39,"featured_media":86652,"comment_status":"closed","ping_status":"closed","sticky":false,"template":"","format":"standard","meta":[],"categories":[63],"tags":[2487,5255,866,25002],"suno_strategy":[],"class_list":["post-86630","post","type-post","status-publish","format-standard","has-post-thumbnail","hentry","category-internacional","tag-coronavirus","tag-covid-19","tag-russia","tag-vacina"],"yoast_head":"<!-- This site is optimized with the Yoast SEO plugin v24.4 - https:\/\/yoast.com\/wordpress\/plugins\/seo\/ -->\n<title>Coronav\u00edrus: R\u00fassia dividir\u00e1 riscos legais da vacina com fabricantes<\/title>\n<meta name=\"description\" content=\"O chefe do RDIF afirmou que a R\u00fassia est\u00e1 t\u00e3o confiante em sua vacina que n\u00e3o pediu isen\u00e7\u00e3o legal completa. Clique aqui e saiba mais\" \/>\n<meta name=\"robots\" content=\"index, follow, max-snippet:-1, max-image-preview:large, max-video-preview:-1\" \/>\n<link rel=\"canonical\" href=\"https:\/\/www.suno.com.br\/noticias\/coronavirus-russia-riscos-legais-vacina-covid-19\/\" \/>\n<meta property=\"og:locale\" content=\"pt_BR\" \/>\n<meta property=\"og:type\" content=\"article\" \/>\n<meta property=\"og:title\" content=\"Coronav\u00edrus: R\u00fassia dividir\u00e1 riscos legais da vacina com fabricantes\" \/>\n<meta property=\"og:description\" content=\"O chefe do RDIF afirmou que a R\u00fassia est\u00e1 t\u00e3o confiante em sua vacina que n\u00e3o pediu isen\u00e7\u00e3o legal completa. Clique aqui e saiba mais\" \/>\n<meta property=\"og:url\" content=\"https:\/\/www.suno.com.br\/noticias\/coronavirus-russia-riscos-legais-vacina-covid-19\/\" \/>\n<meta property=\"og:site_name\" content=\"Suno Not\u00edcias\" \/>\n<meta property=\"article:publisher\" content=\"https:\/\/facebook.com\/sunoresearch\" \/>\n<meta property=\"og:image\" content=\"https:\/\/files.sunoresearch.com.br\/n\/uploads\/2020\/09\/42dd7ce2-moderna-vacina-1.jpeg\" \/>\n\t<meta property=\"og:image:width\" content=\"768\" \/>\n\t<meta property=\"og:image:height\" content=\"510\" \/>\n\t<meta property=\"og:image:type\" content=\"image\/jpeg\" \/>\n<meta name=\"author\" content=\"Laura Moutinho\" \/>\n<meta name=\"twitter:card\" content=\"summary_large_image\" \/>\n<meta name=\"twitter:creator\" content=\"@sunoresearch\" \/>\n<meta name=\"twitter:site\" content=\"@sunoresearch\" \/>\n<meta name=\"twitter:label1\" content=\"Escrito por\" \/>\n\t<meta name=\"twitter:data1\" content=\"Laura Moutinho\" \/>\n\t<meta name=\"twitter:label2\" content=\"Est. tempo de leitura\" \/>\n\t<meta name=\"twitter:data2\" content=\"2 minutos\" \/>\n<script type=\"application\/ld+json\" class=\"yoast-schema-graph\">{\"@context\":\"https:\/\/schema.org\",\"@graph\":[{\"@type\":\"NewsArticle\",\"@id\":\"https:\/\/www.suno.com.br\/noticias\/coronavirus-russia-riscos-legais-vacina-covid-19\/#article\",\"isPartOf\":{\"@id\":\"https:\/\/www.suno.com.br\/noticias\/coronavirus-russia-riscos-legais-vacina-covid-19\/\"},\"author\":{\"name\":\"Laura Moutinho\",\"@id\":\"https:\/\/www.suno.com.br\/noticias\/#\/schema\/person\/3df0d2808748b74496efe5dbeaef2c72\"},\"headline\":\"Coronav\u00edrus: R\u00fassia dividir\u00e1 riscos legais da vacina com fabricantes\",\"datePublished\":\"2020-09-22T22:20:36+00:00\",\"mainEntityOfPage\":{\"@id\":\"https:\/\/www.suno.com.br\/noticias\/coronavirus-russia-riscos-legais-vacina-covid-19\/\"},\"wordCount\":408,\"publisher\":{\"@id\":\"https:\/\/www.suno.com.br\/noticias\/#organization\"},\"image\":{\"@id\":\"https:\/\/www.suno.com.br\/noticias\/coronavirus-russia-riscos-legais-vacina-covid-19\/#primaryimage\"},\"thumbnailUrl\":\"https:\/\/files.sunoresearch.com.br\/n\/uploads\/2020\/09\/42dd7ce2-moderna-vacina-1-jpeg.webp\",\"keywords\":[\"coronav\u00edrus\",\"covid-19\",\"R\u00fassia\",\"vacina\"],\"articleSection\":[\"Internacional\"],\"inLanguage\":\"pt-BR\"},{\"@type\":\"WebPage\",\"@id\":\"https:\/\/www.suno.com.br\/noticias\/coronavirus-russia-riscos-legais-vacina-covid-19\/\",\"url\":\"https:\/\/www.suno.com.br\/noticias\/coronavirus-russia-riscos-legais-vacina-covid-19\/\",\"name\":\"Coronav\u00edrus: R\u00fassia dividir\u00e1 riscos legais da vacina com fabricantes\",\"isPartOf\":{\"@id\":\"https:\/\/www.suno.com.br\/noticias\/#website\"},\"primaryImageOfPage\":{\"@id\":\"https:\/\/www.suno.com.br\/noticias\/coronavirus-russia-riscos-legais-vacina-covid-19\/#primaryimage\"},\"image\":{\"@id\":\"https:\/\/www.suno.com.br\/noticias\/coronavirus-russia-riscos-legais-vacina-covid-19\/#primaryimage\"},\"thumbnailUrl\":\"https:\/\/files.sunoresearch.com.br\/n\/uploads\/2020\/09\/42dd7ce2-moderna-vacina-1-jpeg.webp\",\"datePublished\":\"2020-09-22T22:20:36+00:00\",\"description\":\"O chefe do RDIF afirmou que a R\u00fassia est\u00e1 t\u00e3o confiante em sua vacina que n\u00e3o pediu isen\u00e7\u00e3o legal completa. Clique aqui e saiba mais\",\"breadcrumb\":{\"@id\":\"https:\/\/www.suno.com.br\/noticias\/coronavirus-russia-riscos-legais-vacina-covid-19\/#breadcrumb\"},\"inLanguage\":\"pt-BR\",\"potentialAction\":[{\"@type\":\"ReadAction\",\"target\":[\"https:\/\/www.suno.com.br\/noticias\/coronavirus-russia-riscos-legais-vacina-covid-19\/\"]}]},{\"@type\":\"ImageObject\",\"inLanguage\":\"pt-BR\",\"@id\":\"https:\/\/www.suno.com.br\/noticias\/coronavirus-russia-riscos-legais-vacina-covid-19\/#primaryimage\",\"url\":\"https:\/\/files.sunoresearch.com.br\/n\/uploads\/2020\/09\/42dd7ce2-moderna-vacina-1-jpeg.webp\",\"contentUrl\":\"https:\/\/files.sunoresearch.com.br\/n\/uploads\/2020\/09\/42dd7ce2-moderna-vacina-1-jpeg.webp\",\"width\":768,\"height\":510,\"caption\":\"O chefe do RDIF afirmou que a R\u00fassia est\u00e1 t\u00e3o confiante em sua vacina que n\u00e3o pediu isen\u00e7\u00e3o legal completa.\"},{\"@type\":\"BreadcrumbList\",\"@id\":\"https:\/\/www.suno.com.br\/noticias\/coronavirus-russia-riscos-legais-vacina-covid-19\/#breadcrumb\",\"itemListElement\":[{\"@type\":\"ListItem\",\"position\":1,\"name\":\"Not\u00edcias\",\"item\":\"https:\/\/www.suno.com.br\/noticias\/\"},{\"@type\":\"ListItem\",\"position\":2,\"name\":\"Internacional\",\"item\":\"https:\/\/www.suno.com.br\/noticias\/internacional\/\"},{\"@type\":\"ListItem\",\"position\":3,\"name\":\"Coronav\u00edrus: R\u00fassia dividir\u00e1 riscos legais da vacina com fabricantes\"}]},{\"@type\":\"WebSite\",\"@id\":\"https:\/\/www.suno.com.br\/noticias\/#website\",\"url\":\"https:\/\/www.suno.com.br\/noticias\/\",\"name\":\"Suno Not\u00edcias\",\"description\":\"Seu portal de informa\u00e7\u00e3o sobre o mundo dos investimentos\",\"publisher\":{\"@id\":\"https:\/\/www.suno.com.br\/noticias\/#organization\"},\"potentialAction\":[{\"@type\":\"SearchAction\",\"target\":{\"@type\":\"EntryPoint\",\"urlTemplate\":\"https:\/\/www.suno.com.br\/noticias\/?s={search_term_string}\"},\"query-input\":{\"@type\":\"PropertyValueSpecification\",\"valueRequired\":true,\"valueName\":\"search_term_string\"}}],\"inLanguage\":\"pt-BR\"},{\"@type\":\"Organization\",\"@id\":\"https:\/\/www.suno.com.br\/noticias\/#organization\",\"name\":\"Suno Not\u00edcias\",\"url\":\"https:\/\/www.suno.com.br\/noticias\/\",\"logo\":{\"@type\":\"ImageObject\",\"inLanguage\":\"pt-BR\",\"@id\":\"https:\/\/www.suno.com.br\/noticias\/#\/schema\/logo\/image\/\",\"url\":\"https:\/\/files.sunoresearch.com.br\/n\/uploads\/2021\/09\/suno-logo.png\",\"contentUrl\":\"https:\/\/files.sunoresearch.com.br\/n\/uploads\/2021\/09\/suno-logo.png\",\"width\":180,\"height\":180,\"caption\":\"Suno Not\u00edcias\"},\"image\":{\"@id\":\"https:\/\/www.suno.com.br\/noticias\/#\/schema\/logo\/image\/\"},\"sameAs\":[\"https:\/\/facebook.com\/sunoresearch\",\"https:\/\/x.com\/sunoresearch\",\"https:\/\/www.instagram.com\/suno\",\"https:\/\/www.linkedin.com\/company\/suno-research\/\",\"https:\/\/www.youtube.com\/c\/sunoresearch\"]},{\"@type\":\"Person\",\"@id\":\"https:\/\/www.suno.com.br\/noticias\/#\/schema\/person\/3df0d2808748b74496efe5dbeaef2c72\",\"name\":\"Laura Moutinho\",\"image\":{\"@type\":\"ImageObject\",\"inLanguage\":\"pt-BR\",\"@id\":\"https:\/\/www.suno.com.br\/noticias\/#\/schema\/person\/image\/\",\"url\":\"https:\/\/secure.gravatar.com\/avatar\/7571c7c8ca3a6fca5e41384ece5557ff?s=96&r=g\",\"contentUrl\":\"https:\/\/secure.gravatar.com\/avatar\/7571c7c8ca3a6fca5e41384ece5557ff?s=96&r=g\",\"caption\":\"Laura Moutinho\"},\"description\":\"Estagi\u00e1ria na Suno Not\u00edcias, escreve not\u00edcias que afetam o mercado financeiro. Estuda administra\u00e7\u00e3o na Universidade Presbiteriana Mackenzie.\",\"url\":\"https:\/\/www.suno.com.br\/noticias\/author\/laura-moutinho\/\"}]}<\/script>\n<!-- \/ Yoast SEO plugin. -->","yoast_head_json":{"title":"Coronav\u00edrus: R\u00fassia dividir\u00e1 riscos legais da vacina com fabricantes","description":"O chefe do RDIF afirmou que a R\u00fassia est\u00e1 t\u00e3o confiante em sua vacina que n\u00e3o pediu isen\u00e7\u00e3o legal completa. Clique aqui e saiba mais","robots":{"index":"index","follow":"follow","max-snippet":"max-snippet:-1","max-image-preview":"max-image-preview:large","max-video-preview":"max-video-preview:-1"},"canonical":"https:\/\/www.suno.com.br\/noticias\/coronavirus-russia-riscos-legais-vacina-covid-19\/","og_locale":"pt_BR","og_type":"article","og_title":"Coronav\u00edrus: R\u00fassia dividir\u00e1 riscos legais da vacina com fabricantes","og_description":"O chefe do RDIF afirmou que a R\u00fassia est\u00e1 t\u00e3o confiante em sua vacina que n\u00e3o pediu isen\u00e7\u00e3o legal completa. Clique aqui e saiba mais","og_url":"https:\/\/www.suno.com.br\/noticias\/coronavirus-russia-riscos-legais-vacina-covid-19\/","og_site_name":"Suno Not\u00edcias","article_publisher":"https:\/\/facebook.com\/sunoresearch","og_image":[{"width":768,"height":510,"url":"https:\/\/files.sunoresearch.com.br\/n\/uploads\/2020\/09\/42dd7ce2-moderna-vacina-1.jpeg","type":"image\/jpeg"}],"author":"Laura Moutinho","twitter_card":"summary_large_image","twitter_creator":"@sunoresearch","twitter_site":"@sunoresearch","twitter_misc":{"Escrito por":"Laura Moutinho","Est. tempo de leitura":"2 minutos"},"schema":{"@context":"https:\/\/schema.org","@graph":[{"@type":"NewsArticle","@id":"https:\/\/www.suno.com.br\/noticias\/coronavirus-russia-riscos-legais-vacina-covid-19\/#article","isPartOf":{"@id":"https:\/\/www.suno.com.br\/noticias\/coronavirus-russia-riscos-legais-vacina-covid-19\/"},"author":{"name":"Laura Moutinho","@id":"https:\/\/www.suno.com.br\/noticias\/#\/schema\/person\/3df0d2808748b74496efe5dbeaef2c72"},"headline":"Coronav\u00edrus: R\u00fassia dividir\u00e1 riscos legais da vacina com fabricantes","datePublished":"2020-09-22T22:20:36+00:00","mainEntityOfPage":{"@id":"https:\/\/www.suno.com.br\/noticias\/coronavirus-russia-riscos-legais-vacina-covid-19\/"},"wordCount":408,"publisher":{"@id":"https:\/\/www.suno.com.br\/noticias\/#organization"},"image":{"@id":"https:\/\/www.suno.com.br\/noticias\/coronavirus-russia-riscos-legais-vacina-covid-19\/#primaryimage"},"thumbnailUrl":"https:\/\/files.sunoresearch.com.br\/n\/uploads\/2020\/09\/42dd7ce2-moderna-vacina-1-jpeg.webp","keywords":["coronav\u00edrus","covid-19","R\u00fassia","vacina"],"articleSection":["Internacional"],"inLanguage":"pt-BR"},{"@type":"WebPage","@id":"https:\/\/www.suno.com.br\/noticias\/coronavirus-russia-riscos-legais-vacina-covid-19\/","url":"https:\/\/www.suno.com.br\/noticias\/coronavirus-russia-riscos-legais-vacina-covid-19\/","name":"Coronav\u00edrus: R\u00fassia dividir\u00e1 riscos legais da vacina com fabricantes","isPartOf":{"@id":"https:\/\/www.suno.com.br\/noticias\/#website"},"primaryImageOfPage":{"@id":"https:\/\/www.suno.com.br\/noticias\/coronavirus-russia-riscos-legais-vacina-covid-19\/#primaryimage"},"image":{"@id":"https:\/\/www.suno.com.br\/noticias\/coronavirus-russia-riscos-legais-vacina-covid-19\/#primaryimage"},"thumbnailUrl":"https:\/\/files.sunoresearch.com.br\/n\/uploads\/2020\/09\/42dd7ce2-moderna-vacina-1-jpeg.webp","datePublished":"2020-09-22T22:20:36+00:00","description":"O chefe do RDIF afirmou que a R\u00fassia est\u00e1 t\u00e3o confiante em sua vacina que n\u00e3o pediu isen\u00e7\u00e3o legal completa. Clique aqui e saiba mais","breadcrumb":{"@id":"https:\/\/www.suno.com.br\/noticias\/coronavirus-russia-riscos-legais-vacina-covid-19\/#breadcrumb"},"inLanguage":"pt-BR","potentialAction":[{"@type":"ReadAction","target":["https:\/\/www.suno.com.br\/noticias\/coronavirus-russia-riscos-legais-vacina-covid-19\/"]}]},{"@type":"ImageObject","inLanguage":"pt-BR","@id":"https:\/\/www.suno.com.br\/noticias\/coronavirus-russia-riscos-legais-vacina-covid-19\/#primaryimage","url":"https:\/\/files.sunoresearch.com.br\/n\/uploads\/2020\/09\/42dd7ce2-moderna-vacina-1-jpeg.webp","contentUrl":"https:\/\/files.sunoresearch.com.br\/n\/uploads\/2020\/09\/42dd7ce2-moderna-vacina-1-jpeg.webp","width":768,"height":510,"caption":"O chefe do RDIF afirmou que a R\u00fassia est\u00e1 t\u00e3o confiante em sua vacina que n\u00e3o pediu isen\u00e7\u00e3o legal completa."},{"@type":"BreadcrumbList","@id":"https:\/\/www.suno.com.br\/noticias\/coronavirus-russia-riscos-legais-vacina-covid-19\/#breadcrumb","itemListElement":[{"@type":"ListItem","position":1,"name":"Not\u00edcias","item":"https:\/\/www.suno.com.br\/noticias\/"},{"@type":"ListItem","position":2,"name":"Internacional","item":"https:\/\/www.suno.com.br\/noticias\/internacional\/"},{"@type":"ListItem","position":3,"name":"Coronav\u00edrus: R\u00fassia dividir\u00e1 riscos legais da vacina com fabricantes"}]},{"@type":"WebSite","@id":"https:\/\/www.suno.com.br\/noticias\/#website","url":"https:\/\/www.suno.com.br\/noticias\/","name":"Suno Not\u00edcias","description":"Seu portal de informa\u00e7\u00e3o sobre o mundo dos investimentos","publisher":{"@id":"https:\/\/www.suno.com.br\/noticias\/#organization"},"potentialAction":[{"@type":"SearchAction","target":{"@type":"EntryPoint","urlTemplate":"https:\/\/www.suno.com.br\/noticias\/?s={search_term_string}"},"query-input":{"@type":"PropertyValueSpecification","valueRequired":true,"valueName":"search_term_string"}}],"inLanguage":"pt-BR"},{"@type":"Organization","@id":"https:\/\/www.suno.com.br\/noticias\/#organization","name":"Suno Not\u00edcias","url":"https:\/\/www.suno.com.br\/noticias\/","logo":{"@type":"ImageObject","inLanguage":"pt-BR","@id":"https:\/\/www.suno.com.br\/noticias\/#\/schema\/logo\/image\/","url":"https:\/\/files.sunoresearch.com.br\/n\/uploads\/2021\/09\/suno-logo.png","contentUrl":"https:\/\/files.sunoresearch.com.br\/n\/uploads\/2021\/09\/suno-logo.png","width":180,"height":180,"caption":"Suno Not\u00edcias"},"image":{"@id":"https:\/\/www.suno.com.br\/noticias\/#\/schema\/logo\/image\/"},"sameAs":["https:\/\/facebook.com\/sunoresearch","https:\/\/x.com\/sunoresearch","https:\/\/www.instagram.com\/suno","https:\/\/www.linkedin.com\/company\/suno-research\/","https:\/\/www.youtube.com\/c\/sunoresearch"]},{"@type":"Person","@id":"https:\/\/www.suno.com.br\/noticias\/#\/schema\/person\/3df0d2808748b74496efe5dbeaef2c72","name":"Laura Moutinho","image":{"@type":"ImageObject","inLanguage":"pt-BR","@id":"https:\/\/www.suno.com.br\/noticias\/#\/schema\/person\/image\/","url":"https:\/\/secure.gravatar.com\/avatar\/7571c7c8ca3a6fca5e41384ece5557ff?s=96&r=g","contentUrl":"https:\/\/secure.gravatar.com\/avatar\/7571c7c8ca3a6fca5e41384ece5557ff?s=96&r=g","caption":"Laura Moutinho"},"description":"Estagi\u00e1ria na Suno Not\u00edcias, escreve not\u00edcias que afetam o mercado financeiro. Estuda administra\u00e7\u00e3o na Universidade Presbiteriana Mackenzie.","url":"https:\/\/www.suno.com.br\/noticias\/author\/laura-moutinho\/"}]}},"default_loop_html":"<div class=\"cardsPage__listCard__boxs\"><div class=\"cardsPage__listCard__boxs__img\"><a href=\"https:\/\/www.suno.com.br\/noticias\/coronavirus-russia-riscos-legais-vacina-covid-19\/\"><img class=\"mask\" src=\"https:\/\/www.suno.com.br\/noticias\/wp-content\/themes\/suno\/resources\/images\/spotlight\/spotlight1img\/bg-mask.png\" alt=\"Image Mask\"\/><img src=\"https:\/\/files.sunoresearch.com.br\/n\/uploads\/2020\/09\/42dd7ce2-moderna-vacina-1-400x200.webp\" alt=\"Coronav\u00edrus: R\u00fassia dividir\u00e1 riscos legais da vacina com fabricantes\"\/><\/a><span class=\"spotlightCategory\"><a href=\"https:\/\/www.suno.com.br\/noticias\/internacional\/\">Internacional<\/a><\/span><\/div><div class=\"cardsPage__listCard__boxs__content\"><a href=\"https:\/\/www.suno.com.br\/noticias\/coronavirus-russia-riscos-legais-vacina-covid-19\/\"><h2 class=\"content__title\">Coronav\u00edrus: R\u00fassia dividir\u00e1 riscos legais da vacina com fabricantes<\/h2><\/a><div class=\"newsContent__article__meta\"><div class=\"newsContent__article__meta__authorBox\"><a href=\"https:\/\/www.suno.com.br\/noticias\/author\/laura-moutinho\/\" class=\"authorBox__avatar noMobi\"><img src=\"https:\/\/files.sunoresearch.com.br\/n\/uploads\/2020\/08\/531ff69d-whatsapp-image-2020-08-03-at-14.54.38-150x150.webp\" alt=\"Laura Moutinho\"><\/a><div class=\"authorBox__name\"><span>por\n\t\t\t<a href=\"https:\/\/www.suno.com.br\/noticias\/author\/laura-moutinho\/\"><span itemprop=\"author\">Laura Moutinho<\/span><\/a><\/span><time datetime=\"2020-09-22T19:20:36-03:00\" itemprop=\"datePublished\">22\/09\/2020 19:20<\/time><\/div><\/div><\/div><\/div><\/div>","single_layout":"posts","amp_enabled":true,"_links":{"self":[{"href":"https:\/\/www.suno.com.br\/noticias\/wp-json\/wp\/v2\/posts\/86630"}],"collection":[{"href":"https:\/\/www.suno.com.br\/noticias\/wp-json\/wp\/v2\/posts"}],"about":[{"href":"https:\/\/www.suno.com.br\/noticias\/wp-json\/wp\/v2\/types\/post"}],"author":[{"embeddable":true,"href":"https:\/\/www.suno.com.br\/noticias\/wp-json\/wp\/v2\/users\/39"}],"replies":[{"embeddable":true,"href":"https:\/\/www.suno.com.br\/noticias\/wp-json\/wp\/v2\/comments?post=86630"}],"version-history":[{"count":0,"href":"https:\/\/www.suno.com.br\/noticias\/wp-json\/wp\/v2\/posts\/86630\/revisions"}],"wp:featuredmedia":[{"embeddable":true,"href":"https:\/\/www.suno.com.br\/noticias\/wp-json\/wp\/v2\/media\/86652"}],"wp:attachment":[{"href":"https:\/\/www.suno.com.br\/noticias\/wp-json\/wp\/v2\/media?parent=86630"}],"wp:term":[{"taxonomy":"category","embeddable":true,"href":"https:\/\/www.suno.com.br\/noticias\/wp-json\/wp\/v2\/categories?post=86630"},{"taxonomy":"post_tag","embeddable":true,"href":"https:\/\/www.suno.com.br\/noticias\/wp-json\/wp\/v2\/tags?post=86630"},{"taxonomy":"suno_strategy","embeddable":true,"href":"https:\/\/www.suno.com.br\/noticias\/wp-json\/wp\/v2\/suno_strategy?post=86630"}],"curies":[{"name":"wp","href":"https:\/\/api.w.org\/{rel}","templated":true}]}}