{"id":86597,"date":"2020-09-22T18:24:11","date_gmt":"2020-09-22T21:24:11","guid":{"rendered":"https:\/\/www.suno.com.br\/noticias\/?p=86597"},"modified":"2021-02-17T21:41:49","modified_gmt":"2021-02-18T00:41:49","slug":"pib-argentina-2t20-pandemia","status":"publish","type":"post","link":"https:\/\/www.suno.com.br\/noticias\/pib-argentina-2t20-pandemia\/","title":{"rendered":"PIB da Argentina cai 19,1% no 2T20 com impactos da pandemia"},"content":{"rendered":"<p>O Instituto Nacional de Estat\u00edsticas e Censo (Indec) divulgou nessa ter\u00e7a-feira (22) c\u00e1lculos preliminares sobre a atividade econ\u00f4mica da <strong>Argentina<\/strong> e apontou que o <a href=\"https:\/\/www.suno.com.br\/artigos\/pib-produto-interno-bruto\/\">Produto Interno Bruto (PIB)<\/a> do pa\u00eds teve um queda de 19,1% no segundo trimestre desse ano ante o segundo trimestre de 2019.<\/p>\t<div class=\"wrapper-featured-image\">\n\t\t<figure class=\"spotlightImg\">\n\n\t\t\t<picture>\n\t\t\t\t<source media=\"(max-width: 768px)\" srcset=\"https:\/\/files.sunoresearch.com.br\/n\/uploads\/2020\/09\/f38af246-argentina-400x200.webp\">\n\t\t\t\t<img loading=\"lazy\" decoding=\"async\" class=\"newsContent__article__imgCapa lazyloadDisabled \" src=\"https:\/\/files.sunoresearch.com.br\/n\/uploads\/2020\/09\/f38af246-argentina-800x450.webp\" width=\"800\" height=\"450\" alt=\"PIB da Argentina cai 19,1% no 2T20 com impactos da pandemia\" fetchpriority=high \/>\n\t\t\t<\/picture>\n\n\t\t\t<figcaption class=\"wp-caption-text wp-caption-text--show\">Foto: Pixabay<\/figcaption>\n\t\t<\/figure>\n\t<\/div>\n\n\n<div class=\"hubspot-form-wrapper\">\n\t<div id=\"single-form-target\"><\/div>\n<\/div>\n\n<p>Os dados ainda mostram que na compara\u00e7\u00e3o com o primeiro trimestre desse ano, a <strong>atividade econ\u00f4mica<\/strong> da Argentina caiu 16,2%. J\u00e1 no acumulado do semestre \u00e9 anotada uma queda de 12,6%.<\/p>\n<p>O <strong>Indec<\/strong> apontou que o desempenho negativo foi puxado pelos setores de <strong>hot\u00e9is<\/strong> e <strong>restaurantes,<\/strong> com uma queda anualizada de 73,4%, ao passo que as atividades de servi\u00e7os comunit\u00e1rios sociais e pessoais tamb\u00e9m puxaram o desempenho, com uma queda de 67,7%.<\/p>\n<p><a href=\"https:\/\/lp.suno.com.br\/suno-one\/\">Conhe\u00e7a o Suno One, a central gratuita de informa\u00e7\u00f5es da Suno para quem quer aprender a investir. Acesse clicando aqui.<\/a><\/p>\n<p>Frente a isso, a institui\u00e7\u00e3o salientou no relat\u00f3rio que &#8220;as restri\u00e7\u00f5es globais \u00e0 circula\u00e7\u00e3o de pessoas com objetivo de mitigar a<a href=\"https:\/\/www.suno.com.br\/noticias\/tags\/coronavirus\/\"> <strong>pandemia<\/strong> de covid-19<\/a> afetam a um conjunto significativo de atividades econ\u00f4micas em todos os pa\u00edses&#8221;.<\/p>\n<h2>Fitch eleva rating soberano da Argentina para \u201cCCC\u201d ap\u00f3s reestrutura\u00e7\u00e3o<\/h2>\n<p>A <a href=\"https:\/\/www.suno.com.br\/artigos\/agencias-de-rating\/\">ag\u00eancia de classifica\u00e7\u00e3o de risco<\/a> Fitch elevou no \u00faltimo dia 10 o rating soberano da Argentina, de \u201cRD\u201d para \u201cCCC\u201d, citando a conclus\u00e3o da <a href=\"https:\/\/www.suno.com.br\/artigos\/reestruturacao-de-divida\/\">reestrutura\u00e7\u00e3o de d\u00edvidas<\/a> em seus t\u00edtulos em moeda estrangeira nos mercados local e externo.<\/p>\n<p>O movimento acontece ap\u00f3s a S&amp;P, outra importante ag\u00eancia de rating, aumentar no in\u00edcio daquela semana a nota de cr\u00e9dito soberano da Argentina, ap\u00f3s o pa\u00eds vizinho do Brasil anunciar que reestruturou com mais de US$ 100 bilh\u00f5es (equivalente a R$ 532 bilh\u00f5es na <a href=\"https:\/\/www.suno.com.br\/artigos\/dolar\/\">cota\u00e7\u00e3o atual do d\u00f3lar<\/a>) em d\u00edvida soberana.<\/p>\n\t<div data-element=\"shortcode-read-more\" class=\"knowMore\">\n\t\t\t\t<span class=\"knowMore__title\">Saiba mais<\/span>\n\t\t\t\t<a class=\"knowMore__link\" href=\"https:\/\/www.suno.com.br\/noticias\/argentina-reforcar-controle-cambial\/\">\n\t\t\tArgentina anuncia medidas para refor\u00e7ar controle cambial\t\t<\/a>\n\t<\/div>\n\n\n<p>Al\u00e9m disso, depois de um vai e vem de negocia\u00e7\u00f5es junto aos credores em meio \u00e0 pandemia de <strong>covid-19,<\/strong> o governo da <strong>Argentina<\/strong> chegou a um acordo que resulta na reestrutura\u00e7\u00e3o de cerca de 99% do valor total de sua d\u00edvida.<\/p>\n<p><em>Com informa\u00e7\u00f5es do Estad\u00e3o Conte\u00fado.<\/em><\/p>\n\t<p>\n\t\t<a href=\"https:\/\/lp.suno.com.br\/planilha-de-controle-de-investimentos\/\" target=\"_blank\" data-element=\"shortcode-suno-banner\" title=\"Banner SUNO, clique e saiba mais\">\n\t\t\t<picture>\n\t\t\t\t<source media=\"(max-width: 500px)\" srcset=\"https:\/\/files.sunoresearch.com.br\/n\/uploads\/2023\/03\/400x300-Controle-de-Investimentos.png\">\n\t\t\t\t<img class=\"newsContent__article__imgCapa newsContent__article__imgCapa--banner\"\n\t\t\t\t\tsrc=\"https:\/\/files.sunoresearch.com.br\/n\/uploads\/2023\/03\/1420x240-Controle-de-Investimentos.png\"\n\t\t\t\t\tdata-promo-id=\"75934\"\t\t\t\t\t\t\t\t\t\twidth='1420' height='240'\t\t\t\t\talt=\"https:\/\/files.sunoresearch.com.br\/n\/uploads\/2023\/03\/1420x240-Controle-de-Investimentos.png\"\n\t\t\t\t>\n\t\t\t<\/picture>\n\t\t<\/a>\n\t<\/p>\n\n\n","protected":false},"excerpt":{"rendered":"<p>O Instituto Nacional de Estat\u00edsticas e Censo (Indec) divulgou nessa ter\u00e7a-feira (22) c\u00e1lculos preliminares sobre a atividade econ\u00f4mica da Argentina e apontou que o Produto Interno Bruto (PIB) do pa\u00eds teve um queda de 19,1% no segundo trimestre desse ano ante o segundo trimestre de 2019. Foto: Pixabay Os dados ainda mostram que na compara\u00e7\u00e3o [&hellip;]<\/p>\n","protected":false},"author":39,"featured_media":86628,"comment_status":"closed","ping_status":"closed","sticky":false,"template":"","format":"standard","meta":[],"categories":[63],"tags":[699,807],"suno_strategy":[],"class_list":["post-86597","post","type-post","status-publish","format-standard","has-post-thumbnail","hentry","category-internacional","tag-argentina","tag-produto-interno-bruto-pib"],"yoast_head":"<!-- This site is optimized with the Yoast SEO plugin v24.4 - https:\/\/yoast.com\/wordpress\/plugins\/seo\/ -->\n<title>PIB da Argentina cai 19,1% no 2T20 com impactos da pandemia<\/title>\n<meta name=\"description\" content=\"O Indec apontou que o PIB da Argentina teve um queda de 19,1% no 2\u00b0 trimestre de 2020, ante o 2\u00b0 trimestre de 2019. Clique aqui e saiba mais.\" \/>\n<meta name=\"robots\" content=\"index, follow, max-snippet:-1, max-image-preview:large, max-video-preview:-1\" \/>\n<link rel=\"canonical\" href=\"https:\/\/www.suno.com.br\/noticias\/pib-argentina-2t20-pandemia\/\" \/>\n<meta property=\"og:locale\" content=\"pt_BR\" \/>\n<meta property=\"og:type\" content=\"article\" \/>\n<meta property=\"og:title\" content=\"PIB da Argentina cai 19,1% no 2T20 com impactos da pandemia\" \/>\n<meta property=\"og:description\" content=\"O Indec apontou que o PIB da Argentina teve um queda de 19,1% no 2\u00b0 trimestre de 2020, ante o 2\u00b0 trimestre de 2019. Clique aqui e saiba mais.\" \/>\n<meta property=\"og:url\" content=\"https:\/\/www.suno.com.br\/noticias\/pib-argentina-2t20-pandemia\/\" \/>\n<meta property=\"og:site_name\" content=\"Suno Not\u00edcias\" \/>\n<meta property=\"article:publisher\" content=\"https:\/\/facebook.com\/sunoresearch\" \/>\n<meta property=\"og:image\" content=\"https:\/\/files.sunoresearch.com.br\/n\/uploads\/2020\/09\/f38af246-argentina.jpg\" \/>\n\t<meta property=\"og:image:width\" content=\"1920\" \/>\n\t<meta property=\"og:image:height\" content=\"1200\" \/>\n\t<meta property=\"og:image:type\" content=\"image\/jpeg\" \/>\n<meta name=\"author\" content=\"Laura Moutinho\" \/>\n<meta name=\"twitter:card\" content=\"summary_large_image\" \/>\n<meta name=\"twitter:creator\" content=\"@sunoresearch\" \/>\n<meta name=\"twitter:site\" content=\"@sunoresearch\" \/>\n<meta name=\"twitter:label1\" content=\"Escrito por\" \/>\n\t<meta name=\"twitter:data1\" content=\"Laura Moutinho\" \/>\n\t<meta name=\"twitter:label2\" content=\"Est. tempo de leitura\" \/>\n\t<meta name=\"twitter:data2\" content=\"2 minutos\" \/>\n<script type=\"application\/ld+json\" class=\"yoast-schema-graph\">{\"@context\":\"https:\/\/schema.org\",\"@graph\":[{\"@type\":\"NewsArticle\",\"@id\":\"https:\/\/www.suno.com.br\/noticias\/pib-argentina-2t20-pandemia\/#article\",\"isPartOf\":{\"@id\":\"https:\/\/www.suno.com.br\/noticias\/pib-argentina-2t20-pandemia\/\"},\"author\":{\"name\":\"Laura Moutinho\",\"@id\":\"https:\/\/www.suno.com.br\/noticias\/#\/schema\/person\/3df0d2808748b74496efe5dbeaef2c72\"},\"headline\":\"PIB da Argentina cai 19,1% no 2T20 com impactos da pandemia\",\"datePublished\":\"2020-09-22T21:24:11+00:00\",\"dateModified\":\"2021-02-18T00:41:49+00:00\",\"mainEntityOfPage\":{\"@id\":\"https:\/\/www.suno.com.br\/noticias\/pib-argentina-2t20-pandemia\/\"},\"wordCount\":386,\"publisher\":{\"@id\":\"https:\/\/www.suno.com.br\/noticias\/#organization\"},\"image\":{\"@id\":\"https:\/\/www.suno.com.br\/noticias\/pib-argentina-2t20-pandemia\/#primaryimage\"},\"thumbnailUrl\":\"https:\/\/files.sunoresearch.com.br\/n\/uploads\/2020\/09\/f38af246-argentina-jpg.webp\",\"keywords\":[\"Argentina\",\"Produto Interno Bruto (PIB)\"],\"articleSection\":[\"Internacional\"],\"inLanguage\":\"pt-BR\"},{\"@type\":\"WebPage\",\"@id\":\"https:\/\/www.suno.com.br\/noticias\/pib-argentina-2t20-pandemia\/\",\"url\":\"https:\/\/www.suno.com.br\/noticias\/pib-argentina-2t20-pandemia\/\",\"name\":\"PIB da Argentina cai 19,1% no 2T20 com impactos da pandemia\",\"isPartOf\":{\"@id\":\"https:\/\/www.suno.com.br\/noticias\/#website\"},\"primaryImageOfPage\":{\"@id\":\"https:\/\/www.suno.com.br\/noticias\/pib-argentina-2t20-pandemia\/#primaryimage\"},\"image\":{\"@id\":\"https:\/\/www.suno.com.br\/noticias\/pib-argentina-2t20-pandemia\/#primaryimage\"},\"thumbnailUrl\":\"https:\/\/files.sunoresearch.com.br\/n\/uploads\/2020\/09\/f38af246-argentina-jpg.webp\",\"datePublished\":\"2020-09-22T21:24:11+00:00\",\"dateModified\":\"2021-02-18T00:41:49+00:00\",\"description\":\"O Indec apontou que o PIB da Argentina teve um queda de 19,1% no 2\u00b0 trimestre de 2020, ante o 2\u00b0 trimestre de 2019. Clique aqui e saiba mais.\",\"breadcrumb\":{\"@id\":\"https:\/\/www.suno.com.br\/noticias\/pib-argentina-2t20-pandemia\/#breadcrumb\"},\"inLanguage\":\"pt-BR\",\"potentialAction\":[{\"@type\":\"ReadAction\",\"target\":[\"https:\/\/www.suno.com.br\/noticias\/pib-argentina-2t20-pandemia\/\"]}]},{\"@type\":\"ImageObject\",\"inLanguage\":\"pt-BR\",\"@id\":\"https:\/\/www.suno.com.br\/noticias\/pib-argentina-2t20-pandemia\/#primaryimage\",\"url\":\"https:\/\/files.sunoresearch.com.br\/n\/uploads\/2020\/09\/f38af246-argentina-jpg.webp\",\"contentUrl\":\"https:\/\/files.sunoresearch.com.br\/n\/uploads\/2020\/09\/f38af246-argentina-jpg.webp\",\"width\":1920,\"height\":1200,\"caption\":\"Foto: Pixabay\"},{\"@type\":\"BreadcrumbList\",\"@id\":\"https:\/\/www.suno.com.br\/noticias\/pib-argentina-2t20-pandemia\/#breadcrumb\",\"itemListElement\":[{\"@type\":\"ListItem\",\"position\":1,\"name\":\"Not\u00edcias\",\"item\":\"https:\/\/www.suno.com.br\/noticias\/\"},{\"@type\":\"ListItem\",\"position\":2,\"name\":\"Internacional\",\"item\":\"https:\/\/www.suno.com.br\/noticias\/internacional\/\"},{\"@type\":\"ListItem\",\"position\":3,\"name\":\"PIB da Argentina cai 19,1% no 2T20 com impactos da pandemia\"}]},{\"@type\":\"WebSite\",\"@id\":\"https:\/\/www.suno.com.br\/noticias\/#website\",\"url\":\"https:\/\/www.suno.com.br\/noticias\/\",\"name\":\"Suno Not\u00edcias\",\"description\":\"Seu portal de informa\u00e7\u00e3o sobre o mundo dos investimentos\",\"publisher\":{\"@id\":\"https:\/\/www.suno.com.br\/noticias\/#organization\"},\"potentialAction\":[{\"@type\":\"SearchAction\",\"target\":{\"@type\":\"EntryPoint\",\"urlTemplate\":\"https:\/\/www.suno.com.br\/noticias\/?s={search_term_string}\"},\"query-input\":{\"@type\":\"PropertyValueSpecification\",\"valueRequired\":true,\"valueName\":\"search_term_string\"}}],\"inLanguage\":\"pt-BR\"},{\"@type\":\"Organization\",\"@id\":\"https:\/\/www.suno.com.br\/noticias\/#organization\",\"name\":\"Suno Not\u00edcias\",\"url\":\"https:\/\/www.suno.com.br\/noticias\/\",\"logo\":{\"@type\":\"ImageObject\",\"inLanguage\":\"pt-BR\",\"@id\":\"https:\/\/www.suno.com.br\/noticias\/#\/schema\/logo\/image\/\",\"url\":\"https:\/\/files.sunoresearch.com.br\/n\/uploads\/2021\/09\/suno-logo.png\",\"contentUrl\":\"https:\/\/files.sunoresearch.com.br\/n\/uploads\/2021\/09\/suno-logo.png\",\"width\":180,\"height\":180,\"caption\":\"Suno Not\u00edcias\"},\"image\":{\"@id\":\"https:\/\/www.suno.com.br\/noticias\/#\/schema\/logo\/image\/\"},\"sameAs\":[\"https:\/\/facebook.com\/sunoresearch\",\"https:\/\/x.com\/sunoresearch\",\"https:\/\/www.instagram.com\/suno\",\"https:\/\/www.linkedin.com\/company\/suno-research\/\",\"https:\/\/www.youtube.com\/c\/sunoresearch\"]},{\"@type\":\"Person\",\"@id\":\"https:\/\/www.suno.com.br\/noticias\/#\/schema\/person\/3df0d2808748b74496efe5dbeaef2c72\",\"name\":\"Laura Moutinho\",\"image\":{\"@type\":\"ImageObject\",\"inLanguage\":\"pt-BR\",\"@id\":\"https:\/\/www.suno.com.br\/noticias\/#\/schema\/person\/image\/\",\"url\":\"https:\/\/secure.gravatar.com\/avatar\/7571c7c8ca3a6fca5e41384ece5557ff?s=96&r=g\",\"contentUrl\":\"https:\/\/secure.gravatar.com\/avatar\/7571c7c8ca3a6fca5e41384ece5557ff?s=96&r=g\",\"caption\":\"Laura Moutinho\"},\"description\":\"Estagi\u00e1ria na Suno Not\u00edcias, escreve not\u00edcias que afetam o mercado financeiro. Estuda administra\u00e7\u00e3o na Universidade Presbiteriana Mackenzie.\",\"url\":\"https:\/\/www.suno.com.br\/noticias\/author\/laura-moutinho\/\"}]}<\/script>\n<!-- \/ Yoast SEO plugin. -->","yoast_head_json":{"title":"PIB da Argentina cai 19,1% no 2T20 com impactos da pandemia","description":"O Indec apontou que o PIB da Argentina teve um queda de 19,1% no 2\u00b0 trimestre de 2020, ante o 2\u00b0 trimestre de 2019. Clique aqui e saiba mais.","robots":{"index":"index","follow":"follow","max-snippet":"max-snippet:-1","max-image-preview":"max-image-preview:large","max-video-preview":"max-video-preview:-1"},"canonical":"https:\/\/www.suno.com.br\/noticias\/pib-argentina-2t20-pandemia\/","og_locale":"pt_BR","og_type":"article","og_title":"PIB da Argentina cai 19,1% no 2T20 com impactos da pandemia","og_description":"O Indec apontou que o PIB da Argentina teve um queda de 19,1% no 2\u00b0 trimestre de 2020, ante o 2\u00b0 trimestre de 2019. Clique aqui e saiba mais.","og_url":"https:\/\/www.suno.com.br\/noticias\/pib-argentina-2t20-pandemia\/","og_site_name":"Suno Not\u00edcias","article_publisher":"https:\/\/facebook.com\/sunoresearch","og_image":[{"width":1920,"height":1200,"url":"https:\/\/files.sunoresearch.com.br\/n\/uploads\/2020\/09\/f38af246-argentina.jpg","type":"image\/jpeg"}],"author":"Laura Moutinho","twitter_card":"summary_large_image","twitter_creator":"@sunoresearch","twitter_site":"@sunoresearch","twitter_misc":{"Escrito por":"Laura Moutinho","Est. tempo de leitura":"2 minutos"},"schema":{"@context":"https:\/\/schema.org","@graph":[{"@type":"NewsArticle","@id":"https:\/\/www.suno.com.br\/noticias\/pib-argentina-2t20-pandemia\/#article","isPartOf":{"@id":"https:\/\/www.suno.com.br\/noticias\/pib-argentina-2t20-pandemia\/"},"author":{"name":"Laura Moutinho","@id":"https:\/\/www.suno.com.br\/noticias\/#\/schema\/person\/3df0d2808748b74496efe5dbeaef2c72"},"headline":"PIB da Argentina cai 19,1% no 2T20 com impactos da pandemia","datePublished":"2020-09-22T21:24:11+00:00","dateModified":"2021-02-18T00:41:49+00:00","mainEntityOfPage":{"@id":"https:\/\/www.suno.com.br\/noticias\/pib-argentina-2t20-pandemia\/"},"wordCount":386,"publisher":{"@id":"https:\/\/www.suno.com.br\/noticias\/#organization"},"image":{"@id":"https:\/\/www.suno.com.br\/noticias\/pib-argentina-2t20-pandemia\/#primaryimage"},"thumbnailUrl":"https:\/\/files.sunoresearch.com.br\/n\/uploads\/2020\/09\/f38af246-argentina-jpg.webp","keywords":["Argentina","Produto Interno Bruto (PIB)"],"articleSection":["Internacional"],"inLanguage":"pt-BR"},{"@type":"WebPage","@id":"https:\/\/www.suno.com.br\/noticias\/pib-argentina-2t20-pandemia\/","url":"https:\/\/www.suno.com.br\/noticias\/pib-argentina-2t20-pandemia\/","name":"PIB da Argentina cai 19,1% no 2T20 com impactos da pandemia","isPartOf":{"@id":"https:\/\/www.suno.com.br\/noticias\/#website"},"primaryImageOfPage":{"@id":"https:\/\/www.suno.com.br\/noticias\/pib-argentina-2t20-pandemia\/#primaryimage"},"image":{"@id":"https:\/\/www.suno.com.br\/noticias\/pib-argentina-2t20-pandemia\/#primaryimage"},"thumbnailUrl":"https:\/\/files.sunoresearch.com.br\/n\/uploads\/2020\/09\/f38af246-argentina-jpg.webp","datePublished":"2020-09-22T21:24:11+00:00","dateModified":"2021-02-18T00:41:49+00:00","description":"O Indec apontou que o PIB da Argentina teve um queda de 19,1% no 2\u00b0 trimestre de 2020, ante o 2\u00b0 trimestre de 2019. Clique aqui e saiba mais.","breadcrumb":{"@id":"https:\/\/www.suno.com.br\/noticias\/pib-argentina-2t20-pandemia\/#breadcrumb"},"inLanguage":"pt-BR","potentialAction":[{"@type":"ReadAction","target":["https:\/\/www.suno.com.br\/noticias\/pib-argentina-2t20-pandemia\/"]}]},{"@type":"ImageObject","inLanguage":"pt-BR","@id":"https:\/\/www.suno.com.br\/noticias\/pib-argentina-2t20-pandemia\/#primaryimage","url":"https:\/\/files.sunoresearch.com.br\/n\/uploads\/2020\/09\/f38af246-argentina-jpg.webp","contentUrl":"https:\/\/files.sunoresearch.com.br\/n\/uploads\/2020\/09\/f38af246-argentina-jpg.webp","width":1920,"height":1200,"caption":"Foto: Pixabay"},{"@type":"BreadcrumbList","@id":"https:\/\/www.suno.com.br\/noticias\/pib-argentina-2t20-pandemia\/#breadcrumb","itemListElement":[{"@type":"ListItem","position":1,"name":"Not\u00edcias","item":"https:\/\/www.suno.com.br\/noticias\/"},{"@type":"ListItem","position":2,"name":"Internacional","item":"https:\/\/www.suno.com.br\/noticias\/internacional\/"},{"@type":"ListItem","position":3,"name":"PIB da Argentina cai 19,1% no 2T20 com impactos da pandemia"}]},{"@type":"WebSite","@id":"https:\/\/www.suno.com.br\/noticias\/#website","url":"https:\/\/www.suno.com.br\/noticias\/","name":"Suno Not\u00edcias","description":"Seu portal de informa\u00e7\u00e3o sobre o mundo dos investimentos","publisher":{"@id":"https:\/\/www.suno.com.br\/noticias\/#organization"},"potentialAction":[{"@type":"SearchAction","target":{"@type":"EntryPoint","urlTemplate":"https:\/\/www.suno.com.br\/noticias\/?s={search_term_string}"},"query-input":{"@type":"PropertyValueSpecification","valueRequired":true,"valueName":"search_term_string"}}],"inLanguage":"pt-BR"},{"@type":"Organization","@id":"https:\/\/www.suno.com.br\/noticias\/#organization","name":"Suno Not\u00edcias","url":"https:\/\/www.suno.com.br\/noticias\/","logo":{"@type":"ImageObject","inLanguage":"pt-BR","@id":"https:\/\/www.suno.com.br\/noticias\/#\/schema\/logo\/image\/","url":"https:\/\/files.sunoresearch.com.br\/n\/uploads\/2021\/09\/suno-logo.png","contentUrl":"https:\/\/files.sunoresearch.com.br\/n\/uploads\/2021\/09\/suno-logo.png","width":180,"height":180,"caption":"Suno Not\u00edcias"},"image":{"@id":"https:\/\/www.suno.com.br\/noticias\/#\/schema\/logo\/image\/"},"sameAs":["https:\/\/facebook.com\/sunoresearch","https:\/\/x.com\/sunoresearch","https:\/\/www.instagram.com\/suno","https:\/\/www.linkedin.com\/company\/suno-research\/","https:\/\/www.youtube.com\/c\/sunoresearch"]},{"@type":"Person","@id":"https:\/\/www.suno.com.br\/noticias\/#\/schema\/person\/3df0d2808748b74496efe5dbeaef2c72","name":"Laura Moutinho","image":{"@type":"ImageObject","inLanguage":"pt-BR","@id":"https:\/\/www.suno.com.br\/noticias\/#\/schema\/person\/image\/","url":"https:\/\/secure.gravatar.com\/avatar\/7571c7c8ca3a6fca5e41384ece5557ff?s=96&r=g","contentUrl":"https:\/\/secure.gravatar.com\/avatar\/7571c7c8ca3a6fca5e41384ece5557ff?s=96&r=g","caption":"Laura Moutinho"},"description":"Estagi\u00e1ria na Suno Not\u00edcias, escreve not\u00edcias que afetam o mercado financeiro. Estuda administra\u00e7\u00e3o na Universidade Presbiteriana Mackenzie.","url":"https:\/\/www.suno.com.br\/noticias\/author\/laura-moutinho\/"}]}},"default_loop_html":"<div class=\"cardsPage__listCard__boxs\"><div class=\"cardsPage__listCard__boxs__img\"><a href=\"https:\/\/www.suno.com.br\/noticias\/pib-argentina-2t20-pandemia\/\"><img class=\"mask\" src=\"https:\/\/www.suno.com.br\/noticias\/wp-content\/themes\/suno\/resources\/images\/spotlight\/spotlight1img\/bg-mask.png\" alt=\"Image Mask\"\/><img src=\"https:\/\/files.sunoresearch.com.br\/n\/uploads\/2020\/09\/f38af246-argentina-400x200.webp\" alt=\"PIB da Argentina cai 19,1% no 2T20 com impactos da pandemia\"\/><\/a><span class=\"spotlightCategory\"><a href=\"https:\/\/www.suno.com.br\/noticias\/internacional\/\">Internacional<\/a><\/span><\/div><div class=\"cardsPage__listCard__boxs__content\"><a href=\"https:\/\/www.suno.com.br\/noticias\/pib-argentina-2t20-pandemia\/\"><h2 class=\"content__title\">PIB da Argentina cai 19,1% no 2T20 com impactos da pandemia<\/h2><\/a><div class=\"newsContent__article__meta\"><div class=\"newsContent__article__meta__authorBox\"><a href=\"https:\/\/www.suno.com.br\/noticias\/author\/laura-moutinho\/\" class=\"authorBox__avatar noMobi\"><img src=\"https:\/\/files.sunoresearch.com.br\/n\/uploads\/2020\/08\/531ff69d-whatsapp-image-2020-08-03-at-14.54.38-150x150.webp\" alt=\"Laura Moutinho\"><\/a><div class=\"authorBox__name\"><span>por\n\t\t\t<a href=\"https:\/\/www.suno.com.br\/noticias\/author\/laura-moutinho\/\"><span itemprop=\"author\">Laura Moutinho<\/span><\/a><\/span><time datetime=\"2020-09-22T18:24:11-03:00\" itemprop=\"datePublished\">22\/09\/2020 18:24<\/time><\/div><\/div><\/div><\/div><\/div>","single_layout":"posts","amp_enabled":true,"_links":{"self":[{"href":"https:\/\/www.suno.com.br\/noticias\/wp-json\/wp\/v2\/posts\/86597"}],"collection":[{"href":"https:\/\/www.suno.com.br\/noticias\/wp-json\/wp\/v2\/posts"}],"about":[{"href":"https:\/\/www.suno.com.br\/noticias\/wp-json\/wp\/v2\/types\/post"}],"author":[{"embeddable":true,"href":"https:\/\/www.suno.com.br\/noticias\/wp-json\/wp\/v2\/users\/39"}],"replies":[{"embeddable":true,"href":"https:\/\/www.suno.com.br\/noticias\/wp-json\/wp\/v2\/comments?post=86597"}],"version-history":[{"count":0,"href":"https:\/\/www.suno.com.br\/noticias\/wp-json\/wp\/v2\/posts\/86597\/revisions"}],"wp:featuredmedia":[{"embeddable":true,"href":"https:\/\/www.suno.com.br\/noticias\/wp-json\/wp\/v2\/media\/86628"}],"wp:attachment":[{"href":"https:\/\/www.suno.com.br\/noticias\/wp-json\/wp\/v2\/media?parent=86597"}],"wp:term":[{"taxonomy":"category","embeddable":true,"href":"https:\/\/www.suno.com.br\/noticias\/wp-json\/wp\/v2\/categories?post=86597"},{"taxonomy":"post_tag","embeddable":true,"href":"https:\/\/www.suno.com.br\/noticias\/wp-json\/wp\/v2\/tags?post=86597"},{"taxonomy":"suno_strategy","embeddable":true,"href":"https:\/\/www.suno.com.br\/noticias\/wp-json\/wp\/v2\/suno_strategy?post=86597"}],"curies":[{"name":"wp","href":"https:\/\/api.w.org\/{rel}","templated":true}]}}