{"id":8659,"date":"2018-12-12T20:46:50","date_gmt":"2018-12-12T22:46:50","guid":{"rendered":"https:\/\/www.suno.com.br\/noticias\/?p=8659"},"modified":"2018-12-12T20:46:50","modified_gmt":"2018-12-12T22:46:50","slug":"donald-trump-recusa-proposta-omc","status":"publish","type":"post","link":"https:\/\/www.suno.com.br\/noticias\/donald-trump-recusa-proposta-omc\/","title":{"rendered":"Governo Trump recusa proposta e coloca tribunal da OMC em risco"},"content":{"rendered":"<p>O governo de Donald Trump rejeitou a proposta de <strong>reforma<\/strong> dos tribunais da <a href=\"https:\/\/www.suno.com.br\/noticias\/bolsonaro-gera-otimismo-comercio-internacional\/\">Organiza\u00e7\u00e3o Mundial do Com\u00e9rcio (OMC)<\/a>. O documento, considerado uma esperan\u00e7a para a sobreviv\u00eancia da entidade, foi apresentado nesta quarta (12) pela Europa e outros governos.<\/p>\t<div class=\"wrapper-featured-image\">\n\t\t<figure class=\"spotlightImg\">\n\n\t\t\t<picture>\n\t\t\t\t<source media=\"(max-width: 768px)\" srcset=\"https:\/\/files.sunoresearch.com.br\/n\/uploads\/2018\/09\/04cd5ea2-trump-china-e1560191392227-400x200.webp\">\n\t\t\t\t<img loading=\"lazy\" decoding=\"async\" class=\"newsContent__article__imgCapa lazyloadDisabled newsContent__article__imgCapa--noCaption\" src=\"https:\/\/files.sunoresearch.com.br\/n\/uploads\/2018\/09\/04cd5ea2-trump-china-e1560191392227-800x450.webp\" width=\"800\" height=\"450\" alt=\"Governo Trump recusa proposta e coloca tribunal da OMC em risco\" fetchpriority=high \/>\n\t\t\t<\/picture>\n\n\t\t\t<figcaption class=\"wp-caption-text wp-caption-text--hide\">A OMS informou que lamenta a decis\u00e3o de Donald Trump sobre a suspens\u00e3o no financiamento ao \u00f3rg\u00e3o. Clique aqui para saber mais.<\/figcaption>\n\t\t<\/figure>\n\t<\/div>\n\n\n<p>Nos \u00faltimos meses, <strong>Donald Trump<\/strong> barrou a nomea\u00e7\u00e3o de novos ju\u00edzes para o \u00d3rg\u00e3o de Apela\u00e7\u00e3o da <strong>OMC<\/strong>. Com o impedimento dos americanos, o tribunal superior do com\u00e9rcio pode ficar paralisado. O \u00f3rg\u00e3o deveria ter sete membros, mas conta atualmente com tr\u00eas. A partir de 2019, ser\u00e3o dois. Se nada for feito, terminar\u00e1 o ano que vem apenas com um juiz. Isso levaria, portanto, ao fim do tribunal.<\/p>\n<p>A dificuldade em nomear esses membros causa grandes problemas ao \u00f3rg\u00e3o. Sem os ju\u00edzes, julgamentos importantes atrasam. Se passar muito tempo nessa situa\u00e7\u00e3o, o mecanismo pode se tornar disfuncional. H\u00e1 tentativas de contornar obst\u00e1culo, mas a independ\u00eancia e a imparcialidade do sistema s\u00e3o considerados inegoci\u00e1veis.<\/p>\n<p><a href=\"https:\/\/www.suno.com.br\/noticias\/g20-paises-defendem-reforma-omc\/\">Saiba mais: G20: Pa\u00edses defendem a reforma da OMC<\/a><\/p>\n<p>Na \u00faltima reuni\u00e3o do Conselho Geral da OMC, em Genebra, na Su\u00ed\u00e7a, a Uni\u00e3o Europeia tentou encontrar maneiras de superar o impasse. Ent\u00e3o, poderia voltar a nomear membros para o seu tribunal &#8211; feito dependente dos Estados Unidos. Seria uma forma de manter os trabalhos do \u00f3rg\u00e3o sendo realizados e o sistema multilateral funcionando.<\/p>\n<p>Mas os Estados Unidos disseram n\u00e3o estar satisfeitos com a proposta de <strong>reforma<\/strong> apresentada pela OMC. Dennis-Shea, vice-representante de Com\u00e9rcio dos EUA, disse que &#8220;as propostas n\u00e3o lidam de forma efetiva com nossas preocupa\u00e7\u00f5es&#8221;. Entretanto, n\u00e3o explicou o que deveria ser feito.<\/p>\n<p>Em discurso, a Uni\u00e3o Europeia lamentou a situa\u00e7\u00e3o. &#8220;Estamos profundamente preocupados com o fato de que essa situa\u00e7\u00e3o represente um risco para todo o sistema da OMC&#8221;, declarou o embaixador europeu em Genebra, Marc Vanheukelen.<\/p>\n<h2>O que \u00e9 a OMC<\/h2>\n<p>A Organiza\u00e7\u00e3o Mundial do Com\u00e9rcio existe desde 1995. Desde ent\u00e3o, ela atua como a principal inst\u00e2ncia para administrar o sistema multilateral de com\u00e9rcio. \u00c9 administrada pelos governos membros e todas as decis\u00f5es s\u00e3o tomadas por eles, como um todo.<\/p>\n<p>O objetivo da OMC \u00e9 estabelecer um marco institucional comum para regular as rela\u00e7\u00f5es comerciais entre os diversos membros que a comp\u00f5em. Tamb\u00e9m visa estabelecer um mecanismo de solu\u00e7\u00e3o pac\u00edfica das controv\u00e9rsias comerciais e criar um ambiente que permita a negocia\u00e7\u00e3o de novos acordos entre os membros.<\/p>\n<p>Atualmente, a <strong>OMC<\/strong> conta com 164 pa\u00edses membros. O Brasil \u00e9 um dos pa\u00edses fundadores. Al\u00e9m disso, o diretor-geral da organiza\u00e7\u00e3o, <strong>Roberto Az\u00eavedo<\/strong>, tamb\u00e9m \u00e9 brasileiro.<\/p>\n","protected":false},"excerpt":{"rendered":"<p>O governo de Donald Trump rejeitou a proposta de reforma dos tribunais da Organiza\u00e7\u00e3o Mundial do Com\u00e9rcio (OMC). O documento, considerado uma esperan\u00e7a para a sobreviv\u00eancia da entidade, foi apresentado nesta quarta (12) pela Europa e outros governos. A OMS informou que lamenta a decis\u00e3o de Donald Trump sobre a suspens\u00e3o no financiamento ao \u00f3rg\u00e3o. [&hellip;]<\/p>\n","protected":false},"author":13,"featured_media":4071,"comment_status":"closed","ping_status":"closed","sticky":false,"template":"","format":"standard","meta":[],"categories":[63],"tags":[724,813],"suno_strategy":[],"class_list":["post-8659","post","type-post","status-publish","format-standard","has-post-thumbnail","hentry","category-internacional","tag-donald-trump","tag-omc"],"yoast_head":"<!-- This site is optimized with the Yoast SEO plugin v24.4 - https:\/\/yoast.com\/wordpress\/plugins\/seo\/ -->\n<title>Governo Trump recusa proposta e coloca tribunal da OMC em risco<\/title>\n<meta name=\"description\" content=\"O governo de Donald Trump rejeitou a proposta de reforma dos tribunais da OMC, cuja sobreviv\u00eancia corre risco. Clique para saber mais.\" \/>\n<meta name=\"robots\" content=\"index, follow, max-snippet:-1, max-image-preview:large, max-video-preview:-1\" \/>\n<link rel=\"canonical\" href=\"https:\/\/www.suno.com.br\/noticias\/donald-trump-recusa-proposta-omc\/\" \/>\n<meta property=\"og:locale\" content=\"pt_BR\" \/>\n<meta property=\"og:type\" content=\"article\" \/>\n<meta property=\"og:title\" content=\"Governo Trump recusa proposta e coloca tribunal da OMC em risco\" \/>\n<meta property=\"og:description\" content=\"O governo de Donald Trump rejeitou a proposta de reforma dos tribunais da OMC, cuja sobreviv\u00eancia corre risco. Clique para saber mais.\" \/>\n<meta property=\"og:url\" content=\"https:\/\/www.suno.com.br\/noticias\/donald-trump-recusa-proposta-omc\/\" \/>\n<meta property=\"og:site_name\" content=\"Suno Not\u00edcias\" \/>\n<meta property=\"article:publisher\" content=\"https:\/\/facebook.com\/sunoresearch\" \/>\n<meta property=\"og:image\" content=\"https:\/\/files.sunoresearch.com.br\/n\/uploads\/2018\/09\/04cd5ea2-trump-china-e1560191392227.jpg\" \/>\n\t<meta property=\"og:image:width\" content=\"2560\" \/>\n\t<meta property=\"og:image:height\" content=\"1343\" \/>\n\t<meta property=\"og:image:type\" content=\"image\/jpeg\" \/>\n<meta name=\"author\" content=\"Guilherme Caetano\" \/>\n<meta name=\"twitter:card\" content=\"summary_large_image\" \/>\n<meta name=\"twitter:creator\" content=\"@sunoresearch\" \/>\n<meta name=\"twitter:site\" content=\"@sunoresearch\" \/>\n<meta name=\"twitter:label1\" content=\"Escrito por\" \/>\n\t<meta name=\"twitter:data1\" content=\"Guilherme Caetano\" \/>\n\t<meta name=\"twitter:label2\" content=\"Est. tempo de leitura\" \/>\n\t<meta name=\"twitter:data2\" content=\"2 minutos\" \/>\n<script type=\"application\/ld+json\" class=\"yoast-schema-graph\">{\"@context\":\"https:\/\/schema.org\",\"@graph\":[{\"@type\":\"NewsArticle\",\"@id\":\"https:\/\/www.suno.com.br\/noticias\/donald-trump-recusa-proposta-omc\/#article\",\"isPartOf\":{\"@id\":\"https:\/\/www.suno.com.br\/noticias\/donald-trump-recusa-proposta-omc\/\"},\"author\":{\"name\":\"Guilherme Caetano\",\"@id\":\"https:\/\/www.suno.com.br\/noticias\/#\/schema\/person\/0d0c9687cd2f600c564f25980c140de9\"},\"headline\":\"Governo Trump recusa proposta e coloca tribunal da OMC em risco\",\"datePublished\":\"2018-12-12T22:46:50+00:00\",\"mainEntityOfPage\":{\"@id\":\"https:\/\/www.suno.com.br\/noticias\/donald-trump-recusa-proposta-omc\/\"},\"wordCount\":463,\"publisher\":{\"@id\":\"https:\/\/www.suno.com.br\/noticias\/#organization\"},\"image\":{\"@id\":\"https:\/\/www.suno.com.br\/noticias\/donald-trump-recusa-proposta-omc\/#primaryimage\"},\"thumbnailUrl\":\"https:\/\/files.sunoresearch.com.br\/n\/uploads\/2018\/09\/04cd5ea2-trump-china-e1560191392227-jpg.webp\",\"keywords\":[\"Donald Trump\",\"OMC\"],\"articleSection\":[\"Internacional\"],\"inLanguage\":\"pt-BR\"},{\"@type\":\"WebPage\",\"@id\":\"https:\/\/www.suno.com.br\/noticias\/donald-trump-recusa-proposta-omc\/\",\"url\":\"https:\/\/www.suno.com.br\/noticias\/donald-trump-recusa-proposta-omc\/\",\"name\":\"Governo Trump recusa proposta e coloca tribunal da OMC em risco\",\"isPartOf\":{\"@id\":\"https:\/\/www.suno.com.br\/noticias\/#website\"},\"primaryImageOfPage\":{\"@id\":\"https:\/\/www.suno.com.br\/noticias\/donald-trump-recusa-proposta-omc\/#primaryimage\"},\"image\":{\"@id\":\"https:\/\/www.suno.com.br\/noticias\/donald-trump-recusa-proposta-omc\/#primaryimage\"},\"thumbnailUrl\":\"https:\/\/files.sunoresearch.com.br\/n\/uploads\/2018\/09\/04cd5ea2-trump-china-e1560191392227-jpg.webp\",\"datePublished\":\"2018-12-12T22:46:50+00:00\",\"description\":\"O governo de Donald Trump rejeitou a proposta de reforma dos tribunais da OMC, cuja sobreviv\u00eancia corre risco. Clique para saber mais.\",\"breadcrumb\":{\"@id\":\"https:\/\/www.suno.com.br\/noticias\/donald-trump-recusa-proposta-omc\/#breadcrumb\"},\"inLanguage\":\"pt-BR\",\"potentialAction\":[{\"@type\":\"ReadAction\",\"target\":[\"https:\/\/www.suno.com.br\/noticias\/donald-trump-recusa-proposta-omc\/\"]}]},{\"@type\":\"ImageObject\",\"inLanguage\":\"pt-BR\",\"@id\":\"https:\/\/www.suno.com.br\/noticias\/donald-trump-recusa-proposta-omc\/#primaryimage\",\"url\":\"https:\/\/files.sunoresearch.com.br\/n\/uploads\/2018\/09\/04cd5ea2-trump-china-e1560191392227-jpg.webp\",\"contentUrl\":\"https:\/\/files.sunoresearch.com.br\/n\/uploads\/2018\/09\/04cd5ea2-trump-china-e1560191392227-jpg.webp\",\"width\":2560,\"height\":1343,\"caption\":\"A OMS informou que lamenta a decis\u00e3o de Donald Trump sobre a suspens\u00e3o no financiamento ao \u00f3rg\u00e3o. Clique aqui para saber mais.\"},{\"@type\":\"BreadcrumbList\",\"@id\":\"https:\/\/www.suno.com.br\/noticias\/donald-trump-recusa-proposta-omc\/#breadcrumb\",\"itemListElement\":[{\"@type\":\"ListItem\",\"position\":1,\"name\":\"Not\u00edcias\",\"item\":\"https:\/\/www.suno.com.br\/noticias\/\"},{\"@type\":\"ListItem\",\"position\":2,\"name\":\"Internacional\",\"item\":\"https:\/\/www.suno.com.br\/noticias\/internacional\/\"},{\"@type\":\"ListItem\",\"position\":3,\"name\":\"Governo Trump recusa proposta e coloca tribunal da OMC em risco\"}]},{\"@type\":\"WebSite\",\"@id\":\"https:\/\/www.suno.com.br\/noticias\/#website\",\"url\":\"https:\/\/www.suno.com.br\/noticias\/\",\"name\":\"Suno Not\u00edcias\",\"description\":\"Seu portal de informa\u00e7\u00e3o sobre o mundo dos investimentos\",\"publisher\":{\"@id\":\"https:\/\/www.suno.com.br\/noticias\/#organization\"},\"potentialAction\":[{\"@type\":\"SearchAction\",\"target\":{\"@type\":\"EntryPoint\",\"urlTemplate\":\"https:\/\/www.suno.com.br\/noticias\/?s={search_term_string}\"},\"query-input\":{\"@type\":\"PropertyValueSpecification\",\"valueRequired\":true,\"valueName\":\"search_term_string\"}}],\"inLanguage\":\"pt-BR\"},{\"@type\":\"Organization\",\"@id\":\"https:\/\/www.suno.com.br\/noticias\/#organization\",\"name\":\"Suno Not\u00edcias\",\"url\":\"https:\/\/www.suno.com.br\/noticias\/\",\"logo\":{\"@type\":\"ImageObject\",\"inLanguage\":\"pt-BR\",\"@id\":\"https:\/\/www.suno.com.br\/noticias\/#\/schema\/logo\/image\/\",\"url\":\"https:\/\/files.sunoresearch.com.br\/n\/uploads\/2021\/09\/suno-logo.png\",\"contentUrl\":\"https:\/\/files.sunoresearch.com.br\/n\/uploads\/2021\/09\/suno-logo.png\",\"width\":180,\"height\":180,\"caption\":\"Suno Not\u00edcias\"},\"image\":{\"@id\":\"https:\/\/www.suno.com.br\/noticias\/#\/schema\/logo\/image\/\"},\"sameAs\":[\"https:\/\/facebook.com\/sunoresearch\",\"https:\/\/x.com\/sunoresearch\",\"https:\/\/www.instagram.com\/suno\",\"https:\/\/www.linkedin.com\/company\/suno-research\/\",\"https:\/\/www.youtube.com\/c\/sunoresearch\"]},{\"@type\":\"Person\",\"@id\":\"https:\/\/www.suno.com.br\/noticias\/#\/schema\/person\/0d0c9687cd2f600c564f25980c140de9\",\"name\":\"Guilherme Caetano\",\"image\":{\"@type\":\"ImageObject\",\"inLanguage\":\"pt-BR\",\"@id\":\"https:\/\/www.suno.com.br\/noticias\/#\/schema\/person\/image\/\",\"url\":\"https:\/\/secure.gravatar.com\/avatar\/e48357351a01702a0d19307070e081bf?s=96&r=g\",\"contentUrl\":\"https:\/\/secure.gravatar.com\/avatar\/e48357351a01702a0d19307070e081bf?s=96&r=g\",\"caption\":\"Guilherme Caetano\"},\"description\":\"Formado em jornalismo pela Escola de Comunica\u00e7\u00f5es e Artes da USP, Guilherme Caetano escreve para o portal de not\u00edcias da Suno Research. Passou pelas reda\u00e7\u00f5es da Folha de S.Paulo e da revista \u00c9poca.\",\"url\":\"https:\/\/www.suno.com.br\/noticias\/author\/guilherme-caetano\/\"}]}<\/script>\n<!-- \/ Yoast SEO plugin. -->","yoast_head_json":{"title":"Governo Trump recusa proposta e coloca tribunal da OMC em risco","description":"O governo de Donald Trump rejeitou a proposta de reforma dos tribunais da OMC, cuja sobreviv\u00eancia corre risco. Clique para saber mais.","robots":{"index":"index","follow":"follow","max-snippet":"max-snippet:-1","max-image-preview":"max-image-preview:large","max-video-preview":"max-video-preview:-1"},"canonical":"https:\/\/www.suno.com.br\/noticias\/donald-trump-recusa-proposta-omc\/","og_locale":"pt_BR","og_type":"article","og_title":"Governo Trump recusa proposta e coloca tribunal da OMC em risco","og_description":"O governo de Donald Trump rejeitou a proposta de reforma dos tribunais da OMC, cuja sobreviv\u00eancia corre risco. Clique para saber mais.","og_url":"https:\/\/www.suno.com.br\/noticias\/donald-trump-recusa-proposta-omc\/","og_site_name":"Suno Not\u00edcias","article_publisher":"https:\/\/facebook.com\/sunoresearch","og_image":[{"width":2560,"height":1343,"url":"https:\/\/files.sunoresearch.com.br\/n\/uploads\/2018\/09\/04cd5ea2-trump-china-e1560191392227.jpg","type":"image\/jpeg"}],"author":"Guilherme Caetano","twitter_card":"summary_large_image","twitter_creator":"@sunoresearch","twitter_site":"@sunoresearch","twitter_misc":{"Escrito por":"Guilherme Caetano","Est. tempo de leitura":"2 minutos"},"schema":{"@context":"https:\/\/schema.org","@graph":[{"@type":"NewsArticle","@id":"https:\/\/www.suno.com.br\/noticias\/donald-trump-recusa-proposta-omc\/#article","isPartOf":{"@id":"https:\/\/www.suno.com.br\/noticias\/donald-trump-recusa-proposta-omc\/"},"author":{"name":"Guilherme Caetano","@id":"https:\/\/www.suno.com.br\/noticias\/#\/schema\/person\/0d0c9687cd2f600c564f25980c140de9"},"headline":"Governo Trump recusa proposta e coloca tribunal da OMC em risco","datePublished":"2018-12-12T22:46:50+00:00","mainEntityOfPage":{"@id":"https:\/\/www.suno.com.br\/noticias\/donald-trump-recusa-proposta-omc\/"},"wordCount":463,"publisher":{"@id":"https:\/\/www.suno.com.br\/noticias\/#organization"},"image":{"@id":"https:\/\/www.suno.com.br\/noticias\/donald-trump-recusa-proposta-omc\/#primaryimage"},"thumbnailUrl":"https:\/\/files.sunoresearch.com.br\/n\/uploads\/2018\/09\/04cd5ea2-trump-china-e1560191392227-jpg.webp","keywords":["Donald Trump","OMC"],"articleSection":["Internacional"],"inLanguage":"pt-BR"},{"@type":"WebPage","@id":"https:\/\/www.suno.com.br\/noticias\/donald-trump-recusa-proposta-omc\/","url":"https:\/\/www.suno.com.br\/noticias\/donald-trump-recusa-proposta-omc\/","name":"Governo Trump recusa proposta e coloca tribunal da OMC em risco","isPartOf":{"@id":"https:\/\/www.suno.com.br\/noticias\/#website"},"primaryImageOfPage":{"@id":"https:\/\/www.suno.com.br\/noticias\/donald-trump-recusa-proposta-omc\/#primaryimage"},"image":{"@id":"https:\/\/www.suno.com.br\/noticias\/donald-trump-recusa-proposta-omc\/#primaryimage"},"thumbnailUrl":"https:\/\/files.sunoresearch.com.br\/n\/uploads\/2018\/09\/04cd5ea2-trump-china-e1560191392227-jpg.webp","datePublished":"2018-12-12T22:46:50+00:00","description":"O governo de Donald Trump rejeitou a proposta de reforma dos tribunais da OMC, cuja sobreviv\u00eancia corre risco. Clique para saber mais.","breadcrumb":{"@id":"https:\/\/www.suno.com.br\/noticias\/donald-trump-recusa-proposta-omc\/#breadcrumb"},"inLanguage":"pt-BR","potentialAction":[{"@type":"ReadAction","target":["https:\/\/www.suno.com.br\/noticias\/donald-trump-recusa-proposta-omc\/"]}]},{"@type":"ImageObject","inLanguage":"pt-BR","@id":"https:\/\/www.suno.com.br\/noticias\/donald-trump-recusa-proposta-omc\/#primaryimage","url":"https:\/\/files.sunoresearch.com.br\/n\/uploads\/2018\/09\/04cd5ea2-trump-china-e1560191392227-jpg.webp","contentUrl":"https:\/\/files.sunoresearch.com.br\/n\/uploads\/2018\/09\/04cd5ea2-trump-china-e1560191392227-jpg.webp","width":2560,"height":1343,"caption":"A OMS informou que lamenta a decis\u00e3o de Donald Trump sobre a suspens\u00e3o no financiamento ao \u00f3rg\u00e3o. Clique aqui para saber mais."},{"@type":"BreadcrumbList","@id":"https:\/\/www.suno.com.br\/noticias\/donald-trump-recusa-proposta-omc\/#breadcrumb","itemListElement":[{"@type":"ListItem","position":1,"name":"Not\u00edcias","item":"https:\/\/www.suno.com.br\/noticias\/"},{"@type":"ListItem","position":2,"name":"Internacional","item":"https:\/\/www.suno.com.br\/noticias\/internacional\/"},{"@type":"ListItem","position":3,"name":"Governo Trump recusa proposta e coloca tribunal da OMC em risco"}]},{"@type":"WebSite","@id":"https:\/\/www.suno.com.br\/noticias\/#website","url":"https:\/\/www.suno.com.br\/noticias\/","name":"Suno Not\u00edcias","description":"Seu portal de informa\u00e7\u00e3o sobre o mundo dos investimentos","publisher":{"@id":"https:\/\/www.suno.com.br\/noticias\/#organization"},"potentialAction":[{"@type":"SearchAction","target":{"@type":"EntryPoint","urlTemplate":"https:\/\/www.suno.com.br\/noticias\/?s={search_term_string}"},"query-input":{"@type":"PropertyValueSpecification","valueRequired":true,"valueName":"search_term_string"}}],"inLanguage":"pt-BR"},{"@type":"Organization","@id":"https:\/\/www.suno.com.br\/noticias\/#organization","name":"Suno Not\u00edcias","url":"https:\/\/www.suno.com.br\/noticias\/","logo":{"@type":"ImageObject","inLanguage":"pt-BR","@id":"https:\/\/www.suno.com.br\/noticias\/#\/schema\/logo\/image\/","url":"https:\/\/files.sunoresearch.com.br\/n\/uploads\/2021\/09\/suno-logo.png","contentUrl":"https:\/\/files.sunoresearch.com.br\/n\/uploads\/2021\/09\/suno-logo.png","width":180,"height":180,"caption":"Suno Not\u00edcias"},"image":{"@id":"https:\/\/www.suno.com.br\/noticias\/#\/schema\/logo\/image\/"},"sameAs":["https:\/\/facebook.com\/sunoresearch","https:\/\/x.com\/sunoresearch","https:\/\/www.instagram.com\/suno","https:\/\/www.linkedin.com\/company\/suno-research\/","https:\/\/www.youtube.com\/c\/sunoresearch"]},{"@type":"Person","@id":"https:\/\/www.suno.com.br\/noticias\/#\/schema\/person\/0d0c9687cd2f600c564f25980c140de9","name":"Guilherme Caetano","image":{"@type":"ImageObject","inLanguage":"pt-BR","@id":"https:\/\/www.suno.com.br\/noticias\/#\/schema\/person\/image\/","url":"https:\/\/secure.gravatar.com\/avatar\/e48357351a01702a0d19307070e081bf?s=96&r=g","contentUrl":"https:\/\/secure.gravatar.com\/avatar\/e48357351a01702a0d19307070e081bf?s=96&r=g","caption":"Guilherme Caetano"},"description":"Formado em jornalismo pela Escola de Comunica\u00e7\u00f5es e Artes da USP, Guilherme Caetano escreve para o portal de not\u00edcias da Suno Research. Passou pelas reda\u00e7\u00f5es da Folha de S.Paulo e da revista \u00c9poca.","url":"https:\/\/www.suno.com.br\/noticias\/author\/guilherme-caetano\/"}]}},"default_loop_html":"<div class=\"cardsPage__listCard__boxs\"><div class=\"cardsPage__listCard__boxs__img\"><a href=\"https:\/\/www.suno.com.br\/noticias\/donald-trump-recusa-proposta-omc\/\"><img class=\"mask\" src=\"https:\/\/www.suno.com.br\/noticias\/wp-content\/themes\/suno\/resources\/images\/spotlight\/spotlight1img\/bg-mask.png\" alt=\"Image Mask\"\/><img src=\"https:\/\/files.sunoresearch.com.br\/n\/uploads\/2018\/09\/04cd5ea2-trump-china-e1560191392227-400x200.webp\" alt=\"Governo Trump recusa proposta e coloca tribunal da OMC em risco\"\/><\/a><span class=\"spotlightCategory\"><a href=\"https:\/\/www.suno.com.br\/noticias\/internacional\/\">Internacional<\/a><\/span><\/div><div class=\"cardsPage__listCard__boxs__content\"><a href=\"https:\/\/www.suno.com.br\/noticias\/donald-trump-recusa-proposta-omc\/\"><h2 class=\"content__title\">Governo Trump recusa proposta e coloca tribunal da OMC em risco<\/h2><\/a><div class=\"newsContent__article__meta\"><div class=\"newsContent__article__meta__authorBox\"><a href=\"https:\/\/www.suno.com.br\/noticias\/author\/guilherme-caetano\/\" class=\"authorBox__avatar noMobi\"><img src=\"https:\/\/secure.gravatar.com\/avatar\/e48357351a01702a0d19307070e081bf?s=96&#038;r=g\" alt=\"Guilherme Caetano\"><\/a><div class=\"authorBox__name\"><span>por\n\t\t\t<a href=\"https:\/\/www.suno.com.br\/noticias\/author\/guilherme-caetano\/\"><span itemprop=\"author\">Guilherme Caetano<\/span><\/a><\/span><time datetime=\"2018-12-12T20:46:50-02:00\" itemprop=\"datePublished\">12\/12\/2018 20:46<\/time><\/div><\/div><\/div><\/div><\/div>","single_layout":"posts","amp_enabled":true,"_links":{"self":[{"href":"https:\/\/www.suno.com.br\/noticias\/wp-json\/wp\/v2\/posts\/8659"}],"collection":[{"href":"https:\/\/www.suno.com.br\/noticias\/wp-json\/wp\/v2\/posts"}],"about":[{"href":"https:\/\/www.suno.com.br\/noticias\/wp-json\/wp\/v2\/types\/post"}],"author":[{"embeddable":true,"href":"https:\/\/www.suno.com.br\/noticias\/wp-json\/wp\/v2\/users\/13"}],"replies":[{"embeddable":true,"href":"https:\/\/www.suno.com.br\/noticias\/wp-json\/wp\/v2\/comments?post=8659"}],"version-history":[{"count":0,"href":"https:\/\/www.suno.com.br\/noticias\/wp-json\/wp\/v2\/posts\/8659\/revisions"}],"wp:featuredmedia":[{"embeddable":true,"href":"https:\/\/www.suno.com.br\/noticias\/wp-json\/wp\/v2\/media\/4071"}],"wp:attachment":[{"href":"https:\/\/www.suno.com.br\/noticias\/wp-json\/wp\/v2\/media?parent=8659"}],"wp:term":[{"taxonomy":"category","embeddable":true,"href":"https:\/\/www.suno.com.br\/noticias\/wp-json\/wp\/v2\/categories?post=8659"},{"taxonomy":"post_tag","embeddable":true,"href":"https:\/\/www.suno.com.br\/noticias\/wp-json\/wp\/v2\/tags?post=8659"},{"taxonomy":"suno_strategy","embeddable":true,"href":"https:\/\/www.suno.com.br\/noticias\/wp-json\/wp\/v2\/suno_strategy?post=8659"}],"curies":[{"name":"wp","href":"https:\/\/api.w.org\/{rel}","templated":true}]}}