{"id":86584,"date":"2020-09-22T17:21:07","date_gmt":"2020-09-22T20:21:07","guid":{"rendered":"https:\/\/www.suno.com.br\/noticias\/?p=86584"},"modified":"2020-09-23T10:56:35","modified_gmt":"2020-09-23T13:56:35","slug":"cvc-cvcb3-so-teremos-um-ano-cheio-no-turismo-novamente-em-2023","status":"publish","type":"post","link":"https:\/\/www.suno.com.br\/noticias\/cvc-cvcb3-so-teremos-um-ano-cheio-no-turismo-novamente-em-2023\/","title":{"rendered":"CVC (CVCB3): &#8220;S\u00f3 teremos um ano cheio no turismo novamente em 2023&#8221;"},"content":{"rendered":"<p>O CEO da <a href=\"https:\/\/www.suno.com.br\/acoes\/cvcb3\/\"><strong>CVC<\/strong> (CVCB3)<\/a>, Leonel Andrade, afirmou nesta ter\u00e7a-feira (22), durante Live promovida pelo jornal &#8220;O Tempo&#8221; que o setor de <strong>turismo<\/strong> s\u00f3 deve se recuperar e atingir os resultados pr\u00e9-pandemia em 2023. &#8220;Chegaremos ao fim de 2020 com cerca de 50% do que t\u00ednhamos. Em 2021, devemos estar em cerca de 70% e terminar 2022 com 100% do movimento. Assim, s\u00f3 teremos ano cheio em 2023&#8221;, afirmou o presidente.<\/p>\t<div class=\"wrapper-featured-image\">\n\t\t<figure class=\"spotlightImg\">\n\n\t\t\t<picture>\n\t\t\t\t<source media=\"(max-width: 768px)\" srcset=\"https:\/\/files.sunoresearch.com.br\/n\/uploads\/2020\/09\/848e04fa-cvc2-400x200.webp\">\n\t\t\t\t<img loading=\"lazy\" decoding=\"async\" class=\"newsContent__article__imgCapa lazyloadDisabled \" src=\"https:\/\/files.sunoresearch.com.br\/n\/uploads\/2020\/09\/848e04fa-cvc2-jpg.webp\" width=\"800\" height=\"450\" alt=\"CVC (CVCB3): &#8220;S\u00f3 teremos um ano cheio no turismo novamente em 2023&#8221;\" fetchpriority=high \/>\n\t\t\t<\/picture>\n\n\t\t\t<figcaption class=\"wp-caption-text wp-caption-text--show\">CVC (CVCB3): &quot;S\u00f3 teremos um ano cheio no turismo novamente em 2023&quot;<\/figcaption>\n\t\t<\/figure>\n\t<\/div>\n\n\n\t<p>\n\t\t<a href=\"\" target=\"_blank\" data-element=\"shortcode-suno-banner\" title=\"Banner SUNO, clique e saiba mais\">\n\t\t\t<picture>\n\t\t\t\t<source media=\"(max-width: 500px)\" srcset=\"\">\n\t\t\t\t<img class=\"newsContent__article__imgCapa newsContent__article__imgCapa--banner\"\n\t\t\t\t\tsrc=\"\"\n\t\t\t\t\tdata-promo-id=\"86804\"\t\t\t\t\t\t\t\t\t\t\t\t\t\t\talt=\"\"\n\t\t\t\t>\n\t\t\t<\/picture>\n\t\t<\/a>\n\t<\/p>\n\n\n<p>O <a href=\"https:\/\/www.suno.com.br\/artigos\/ceo\/\"><strong>CEO<\/strong><\/a> da CVC explicou que enquanto n\u00e3o houver uma vacina para <a href=\"https:\/\/www.suno.com.br\/noticias\/tags\/coronavirus\/\"><strong>o coronav\u00edrus,<\/strong><\/a> as grandes feiras, que movimentam os neg\u00f3cios do turismo internacional, n\u00e3o dever\u00e3o ocorrer. &#8220;Tor\u00e7o para estar errado, mas gosto de preparar a empresa para o pior cen\u00e1rio&#8221;, afirma Andrade.<\/p>\n<p>O presidente ainda falou sobre <strong>sustentabilidade<\/strong>, declarando que a companhia tem ainda um longo caminho a percorrer. &#8220;Fa\u00e7o uma confiss\u00e3o, precisamos melhorar em rela\u00e7\u00e3o a sustentabilidade&#8221;, informou Andrade.<\/p>\n<p><a href=\"https:\/\/lp.suno.com.br\/suno-one\/\">Suno One: o primeiro passo para alcan\u00e7ar a sua independ\u00eancia financeira. Acesse agora, \u00e9 gratuito!<\/a><\/p>\n<p>O CEO ainda afirmou que os clientes e investidores devem ver no pr\u00f3ximo ano uma empresa mais diversa em seu quadro de funcion\u00e1rios. &#8220;Simplesmente porque os nossos clientes s\u00e3o diversos&#8221;, declarou.<\/p>\n<h2>CVC (CVCB3) tem mudan\u00e7as no comando em busca de vida p\u00f3s-pandemia<\/h2>\n<p>A pandemia causada pelo novo <a href=\"https:\/\/www.suno.com.br\/noticias\/tags\/coronavirus\/\">coronav\u00edrus (covid-19)<\/a> deixou marcas na <strong>CVC<\/strong> (CVCB3). Para al\u00e9m da queda no pre\u00e7o das a\u00e7\u00f5es, que reflete a preocupa\u00e7\u00e3o dos agentes do mercado em rela\u00e7\u00e3o ao impacto do problema na empresa, e dos problemas cont\u00e1beis anunciados, a companhia de turismo tamb\u00e9m vem passando por mudan\u00e7as na pr\u00f3pria gest\u00e3o.<\/p>\n<div class=\"hubspot-form-wrapper\">\n\t<div id=\"single-form-target\"><\/div>\n<\/div>\n\n<p>Com a entrada do engenheiro Leonel Andrade como <a href=\"https:\/\/www.suno.com.br\/artigos\/ceo\/\"><strong>CEO<\/strong><\/a> da <strong>empresa<\/strong>, em mar\u00e7o, prenunciou diversas mudan\u00e7as no comando da CVC j\u00e1 aguardadas pelo mercado. Dessa forma, desde o m\u00eas de maio, a dire\u00e7\u00e3o da companhia vem passando por uma reestrutura\u00e7\u00e3o como forma de a CVC sair mais forte da pandemia.<\/p>\n<p>Saiba Mais: CVC (CVCB3) tem mudan\u00e7as no comando em busca de vida p\u00f3s-pandemia<\/p>\n<p>Segundo especialistas ouvidos pelo <strong>SUNO Not\u00edcias<\/strong>, a mudan\u00e7a em nomes chaves da gest\u00e3o visa promover mudan\u00e7as estrat\u00e9gias na CVC com o objetivo de tornar a companhia mais digital, parecida com outros players internacionais, como o Booking.com, mas sem abrir m\u00e3o da capilaridade f\u00edsica que j\u00e1 possui.<\/p>\n<p>&#8220;Sim, em tese o direcionamento [tomado pela nova gest\u00e3o da CVC] \u00e9 o correto. Havia um certo gargalo na empresa entre a sua opera\u00e7\u00e3o online e lojas f\u00edsicas. At\u00e9 um conflito de interesses e eles est\u00e3o trabalhando pra solucionar isso&#8221;, disse Clecio Danilo, especialista da SUNO Research.<\/p>\n<p>Para o especialista, o direcionamento que a empresa vem tomando dever\u00e1 ser ben\u00e9fico para a <strong>CVC<\/strong>.<\/p>\n<p>Com informa\u00e7\u00f5es do Estad\u00e3o Conte\u00fado.<\/p>\n\t<p>\n\t\t<a href=\"https:\/\/lp.suno.com.br\/planilha-de-controle-de-investimentos\/\" target=\"_blank\" data-element=\"shortcode-suno-banner\" title=\"Banner SUNO, clique e saiba mais\">\n\t\t\t<picture>\n\t\t\t\t<source media=\"(max-width: 500px)\" srcset=\"https:\/\/files.sunoresearch.com.br\/n\/uploads\/2023\/03\/400x300-Controle-de-Investimentos.png\">\n\t\t\t\t<img class=\"newsContent__article__imgCapa newsContent__article__imgCapa--banner\"\n\t\t\t\t\tsrc=\"https:\/\/files.sunoresearch.com.br\/n\/uploads\/2023\/03\/1420x240-Controle-de-Investimentos.png\"\n\t\t\t\t\tdata-promo-id=\"75934\"\t\t\t\t\t\t\t\t\t\twidth='1420' height='240'\t\t\t\t\talt=\"https:\/\/files.sunoresearch.com.br\/n\/uploads\/2023\/03\/1420x240-Controle-de-Investimentos.png\"\n\t\t\t\t>\n\t\t\t<\/picture>\n\t\t<\/a>\n\t<\/p>\n\n\n","protected":false},"excerpt":{"rendered":"<p>O CEO da CVC (CVCB3), Leonel Andrade, afirmou nesta ter\u00e7a-feira (22), durante Live promovida pelo jornal &#8220;O Tempo&#8221; que o setor de turismo s\u00f3 deve se recuperar e atingir os resultados pr\u00e9-pandemia em 2023. &#8220;Chegaremos ao fim de 2020 com cerca de 50% do que t\u00ednhamos. Em 2021, devemos estar em cerca de 70% e [&hellip;]<\/p>\n","protected":false},"author":56,"featured_media":86606,"comment_status":"closed","ping_status":"closed","sticky":false,"template":"","format":"standard","meta":[],"categories":[64],"tags":[442],"suno_strategy":[],"class_list":["post-86584","post","type-post","status-publish","format-standard","has-post-thumbnail","hentry","category-negocios","tag-cvc-cvcb3"],"yoast_head":"<!-- This site is optimized with the Yoast SEO plugin v24.4 - https:\/\/yoast.com\/wordpress\/plugins\/seo\/ -->\n<title>CVC(CVCB3): &quot;S\u00f3 teremos um ano cheio no turismo novamente em 2023&quot;<\/title>\n<meta name=\"description\" content=\"&quot;Chegaremos ao fim de 2020 com cerca de 50% do que t\u00ednhamos&quot;, declarou o CEO da CVC, Leonel Andrade. Clique aqui para saber mais.\" \/>\n<meta name=\"robots\" content=\"index, follow, max-snippet:-1, max-image-preview:large, max-video-preview:-1\" \/>\n<link rel=\"canonical\" href=\"https:\/\/www.suno.com.br\/noticias\/cvc-cvcb3-so-teremos-um-ano-cheio-no-turismo-novamente-em-2023\/\" \/>\n<meta property=\"og:locale\" content=\"pt_BR\" \/>\n<meta property=\"og:type\" content=\"article\" \/>\n<meta property=\"og:title\" content=\"CVC(CVCB3): &quot;S\u00f3 teremos um ano cheio no turismo novamente em 2023&quot;\" \/>\n<meta property=\"og:description\" content=\"&quot;Chegaremos ao fim de 2020 com cerca de 50% do que t\u00ednhamos&quot;, declarou o CEO da CVC, Leonel Andrade. Clique aqui para saber mais.\" \/>\n<meta property=\"og:url\" content=\"https:\/\/www.suno.com.br\/noticias\/cvc-cvcb3-so-teremos-um-ano-cheio-no-turismo-novamente-em-2023\/\" \/>\n<meta property=\"og:site_name\" content=\"Suno Not\u00edcias\" \/>\n<meta property=\"article:publisher\" content=\"https:\/\/facebook.com\/sunoresearch\" \/>\n<meta property=\"og:image\" content=\"https:\/\/files.sunoresearch.com.br\/n\/uploads\/2020\/09\/848e04fa-cvc2.jpg\" \/>\n\t<meta property=\"og:image:width\" content=\"800\" \/>\n\t<meta property=\"og:image:height\" content=\"450\" \/>\n\t<meta property=\"og:image:type\" content=\"image\/jpeg\" \/>\n<meta name=\"author\" content=\"Rafaela La Regina\" \/>\n<meta name=\"twitter:card\" content=\"summary_large_image\" \/>\n<meta name=\"twitter:creator\" content=\"@sunoresearch\" \/>\n<meta name=\"twitter:site\" content=\"@sunoresearch\" \/>\n<meta name=\"twitter:label1\" content=\"Escrito por\" \/>\n\t<meta name=\"twitter:data1\" content=\"Rafaela La Regina\" \/>\n\t<meta name=\"twitter:label2\" content=\"Est. tempo de leitura\" \/>\n\t<meta name=\"twitter:data2\" content=\"2 minutos\" \/>\n<script type=\"application\/ld+json\" class=\"yoast-schema-graph\">{\"@context\":\"https:\/\/schema.org\",\"@graph\":[{\"@type\":\"NewsArticle\",\"@id\":\"https:\/\/www.suno.com.br\/noticias\/cvc-cvcb3-so-teremos-um-ano-cheio-no-turismo-novamente-em-2023\/#article\",\"isPartOf\":{\"@id\":\"https:\/\/www.suno.com.br\/noticias\/cvc-cvcb3-so-teremos-um-ano-cheio-no-turismo-novamente-em-2023\/\"},\"author\":{\"name\":\"Rafaela La Regina\",\"@id\":\"https:\/\/www.suno.com.br\/noticias\/#\/schema\/person\/e672ca8cea627fe715fa29bca7da95e0\"},\"headline\":\"CVC (CVCB3): &#8220;S\u00f3 teremos um ano cheio no turismo novamente em 2023&#8221;\",\"datePublished\":\"2020-09-22T20:21:07+00:00\",\"dateModified\":\"2020-09-23T13:56:35+00:00\",\"mainEntityOfPage\":{\"@id\":\"https:\/\/www.suno.com.br\/noticias\/cvc-cvcb3-so-teremos-um-ano-cheio-no-turismo-novamente-em-2023\/\"},\"wordCount\":502,\"publisher\":{\"@id\":\"https:\/\/www.suno.com.br\/noticias\/#organization\"},\"image\":{\"@id\":\"https:\/\/www.suno.com.br\/noticias\/cvc-cvcb3-so-teremos-um-ano-cheio-no-turismo-novamente-em-2023\/#primaryimage\"},\"thumbnailUrl\":\"https:\/\/files.sunoresearch.com.br\/n\/uploads\/2020\/09\/848e04fa-cvc2-jpg.webp\",\"keywords\":[\"CVC (CVCB3)\"],\"articleSection\":[\"Neg\u00f3cios\"],\"inLanguage\":\"pt-BR\"},{\"@type\":\"WebPage\",\"@id\":\"https:\/\/www.suno.com.br\/noticias\/cvc-cvcb3-so-teremos-um-ano-cheio-no-turismo-novamente-em-2023\/\",\"url\":\"https:\/\/www.suno.com.br\/noticias\/cvc-cvcb3-so-teremos-um-ano-cheio-no-turismo-novamente-em-2023\/\",\"name\":\"CVC(CVCB3): \\\"S\u00f3 teremos um ano cheio no turismo novamente em 2023\\\"\",\"isPartOf\":{\"@id\":\"https:\/\/www.suno.com.br\/noticias\/#website\"},\"primaryImageOfPage\":{\"@id\":\"https:\/\/www.suno.com.br\/noticias\/cvc-cvcb3-so-teremos-um-ano-cheio-no-turismo-novamente-em-2023\/#primaryimage\"},\"image\":{\"@id\":\"https:\/\/www.suno.com.br\/noticias\/cvc-cvcb3-so-teremos-um-ano-cheio-no-turismo-novamente-em-2023\/#primaryimage\"},\"thumbnailUrl\":\"https:\/\/files.sunoresearch.com.br\/n\/uploads\/2020\/09\/848e04fa-cvc2-jpg.webp\",\"datePublished\":\"2020-09-22T20:21:07+00:00\",\"dateModified\":\"2020-09-23T13:56:35+00:00\",\"description\":\"\\\"Chegaremos ao fim de 2020 com cerca de 50% do que t\u00ednhamos\\\", declarou o CEO da CVC, Leonel Andrade. Clique aqui para saber mais.\",\"breadcrumb\":{\"@id\":\"https:\/\/www.suno.com.br\/noticias\/cvc-cvcb3-so-teremos-um-ano-cheio-no-turismo-novamente-em-2023\/#breadcrumb\"},\"inLanguage\":\"pt-BR\",\"potentialAction\":[{\"@type\":\"ReadAction\",\"target\":[\"https:\/\/www.suno.com.br\/noticias\/cvc-cvcb3-so-teremos-um-ano-cheio-no-turismo-novamente-em-2023\/\"]}]},{\"@type\":\"ImageObject\",\"inLanguage\":\"pt-BR\",\"@id\":\"https:\/\/www.suno.com.br\/noticias\/cvc-cvcb3-so-teremos-um-ano-cheio-no-turismo-novamente-em-2023\/#primaryimage\",\"url\":\"https:\/\/files.sunoresearch.com.br\/n\/uploads\/2020\/09\/848e04fa-cvc2-jpg.webp\",\"contentUrl\":\"https:\/\/files.sunoresearch.com.br\/n\/uploads\/2020\/09\/848e04fa-cvc2-jpg.webp\",\"width\":800,\"height\":450,\"caption\":\"CVC (CVCB3): \\\"S\u00f3 teremos um ano cheio no turismo novamente em 2023\\\"\"},{\"@type\":\"BreadcrumbList\",\"@id\":\"https:\/\/www.suno.com.br\/noticias\/cvc-cvcb3-so-teremos-um-ano-cheio-no-turismo-novamente-em-2023\/#breadcrumb\",\"itemListElement\":[{\"@type\":\"ListItem\",\"position\":1,\"name\":\"Not\u00edcias\",\"item\":\"https:\/\/www.suno.com.br\/noticias\/\"},{\"@type\":\"ListItem\",\"position\":2,\"name\":\"Neg\u00f3cios\",\"item\":\"https:\/\/www.suno.com.br\/noticias\/negocios\/\"},{\"@type\":\"ListItem\",\"position\":3,\"name\":\"CVC (CVCB3): &#8220;S\u00f3 teremos um ano cheio no turismo novamente em 2023&#8221;\"}]},{\"@type\":\"WebSite\",\"@id\":\"https:\/\/www.suno.com.br\/noticias\/#website\",\"url\":\"https:\/\/www.suno.com.br\/noticias\/\",\"name\":\"Suno Not\u00edcias\",\"description\":\"Seu portal de informa\u00e7\u00e3o sobre o mundo dos investimentos\",\"publisher\":{\"@id\":\"https:\/\/www.suno.com.br\/noticias\/#organization\"},\"potentialAction\":[{\"@type\":\"SearchAction\",\"target\":{\"@type\":\"EntryPoint\",\"urlTemplate\":\"https:\/\/www.suno.com.br\/noticias\/?s={search_term_string}\"},\"query-input\":{\"@type\":\"PropertyValueSpecification\",\"valueRequired\":true,\"valueName\":\"search_term_string\"}}],\"inLanguage\":\"pt-BR\"},{\"@type\":\"Organization\",\"@id\":\"https:\/\/www.suno.com.br\/noticias\/#organization\",\"name\":\"Suno Not\u00edcias\",\"url\":\"https:\/\/www.suno.com.br\/noticias\/\",\"logo\":{\"@type\":\"ImageObject\",\"inLanguage\":\"pt-BR\",\"@id\":\"https:\/\/www.suno.com.br\/noticias\/#\/schema\/logo\/image\/\",\"url\":\"https:\/\/files.sunoresearch.com.br\/n\/uploads\/2021\/09\/suno-logo.png\",\"contentUrl\":\"https:\/\/files.sunoresearch.com.br\/n\/uploads\/2021\/09\/suno-logo.png\",\"width\":180,\"height\":180,\"caption\":\"Suno Not\u00edcias\"},\"image\":{\"@id\":\"https:\/\/www.suno.com.br\/noticias\/#\/schema\/logo\/image\/\"},\"sameAs\":[\"https:\/\/facebook.com\/sunoresearch\",\"https:\/\/x.com\/sunoresearch\",\"https:\/\/www.instagram.com\/suno\",\"https:\/\/www.linkedin.com\/company\/suno-research\/\",\"https:\/\/www.youtube.com\/c\/sunoresearch\"]},{\"@type\":\"Person\",\"@id\":\"https:\/\/www.suno.com.br\/noticias\/#\/schema\/person\/e672ca8cea627fe715fa29bca7da95e0\",\"name\":\"Rafaela La Regina\",\"image\":{\"@type\":\"ImageObject\",\"inLanguage\":\"pt-BR\",\"@id\":\"https:\/\/www.suno.com.br\/noticias\/#\/schema\/person\/image\/\",\"url\":\"https:\/\/secure.gravatar.com\/avatar\/d2c75a52d243deb93d0465fdcb21bd37?s=96&r=g\",\"contentUrl\":\"https:\/\/secure.gravatar.com\/avatar\/d2c75a52d243deb93d0465fdcb21bd37?s=96&r=g\",\"caption\":\"Rafaela La Regina\"},\"description\":\"Estagi\u00e1ria no Suno Not\u00edcias. Escreve sobre economia, pol\u00edtica e neg\u00f3cios. Estuda Rela\u00e7\u00f5es Internacionais no IBMEC-SP.\",\"url\":\"https:\/\/www.suno.com.br\/noticias\/author\/rafaela-la-regina\/\"}]}<\/script>\n<!-- \/ Yoast SEO plugin. -->","yoast_head_json":{"title":"CVC(CVCB3): \"S\u00f3 teremos um ano cheio no turismo novamente em 2023\"","description":"\"Chegaremos ao fim de 2020 com cerca de 50% do que t\u00ednhamos\", declarou o CEO da CVC, Leonel Andrade. Clique aqui para saber mais.","robots":{"index":"index","follow":"follow","max-snippet":"max-snippet:-1","max-image-preview":"max-image-preview:large","max-video-preview":"max-video-preview:-1"},"canonical":"https:\/\/www.suno.com.br\/noticias\/cvc-cvcb3-so-teremos-um-ano-cheio-no-turismo-novamente-em-2023\/","og_locale":"pt_BR","og_type":"article","og_title":"CVC(CVCB3): \"S\u00f3 teremos um ano cheio no turismo novamente em 2023\"","og_description":"\"Chegaremos ao fim de 2020 com cerca de 50% do que t\u00ednhamos\", declarou o CEO da CVC, Leonel Andrade. Clique aqui para saber mais.","og_url":"https:\/\/www.suno.com.br\/noticias\/cvc-cvcb3-so-teremos-um-ano-cheio-no-turismo-novamente-em-2023\/","og_site_name":"Suno Not\u00edcias","article_publisher":"https:\/\/facebook.com\/sunoresearch","og_image":[{"width":800,"height":450,"url":"https:\/\/files.sunoresearch.com.br\/n\/uploads\/2020\/09\/848e04fa-cvc2.jpg","type":"image\/jpeg"}],"author":"Rafaela La Regina","twitter_card":"summary_large_image","twitter_creator":"@sunoresearch","twitter_site":"@sunoresearch","twitter_misc":{"Escrito por":"Rafaela La Regina","Est. tempo de leitura":"2 minutos"},"schema":{"@context":"https:\/\/schema.org","@graph":[{"@type":"NewsArticle","@id":"https:\/\/www.suno.com.br\/noticias\/cvc-cvcb3-so-teremos-um-ano-cheio-no-turismo-novamente-em-2023\/#article","isPartOf":{"@id":"https:\/\/www.suno.com.br\/noticias\/cvc-cvcb3-so-teremos-um-ano-cheio-no-turismo-novamente-em-2023\/"},"author":{"name":"Rafaela La Regina","@id":"https:\/\/www.suno.com.br\/noticias\/#\/schema\/person\/e672ca8cea627fe715fa29bca7da95e0"},"headline":"CVC (CVCB3): &#8220;S\u00f3 teremos um ano cheio no turismo novamente em 2023&#8221;","datePublished":"2020-09-22T20:21:07+00:00","dateModified":"2020-09-23T13:56:35+00:00","mainEntityOfPage":{"@id":"https:\/\/www.suno.com.br\/noticias\/cvc-cvcb3-so-teremos-um-ano-cheio-no-turismo-novamente-em-2023\/"},"wordCount":502,"publisher":{"@id":"https:\/\/www.suno.com.br\/noticias\/#organization"},"image":{"@id":"https:\/\/www.suno.com.br\/noticias\/cvc-cvcb3-so-teremos-um-ano-cheio-no-turismo-novamente-em-2023\/#primaryimage"},"thumbnailUrl":"https:\/\/files.sunoresearch.com.br\/n\/uploads\/2020\/09\/848e04fa-cvc2-jpg.webp","keywords":["CVC (CVCB3)"],"articleSection":["Neg\u00f3cios"],"inLanguage":"pt-BR"},{"@type":"WebPage","@id":"https:\/\/www.suno.com.br\/noticias\/cvc-cvcb3-so-teremos-um-ano-cheio-no-turismo-novamente-em-2023\/","url":"https:\/\/www.suno.com.br\/noticias\/cvc-cvcb3-so-teremos-um-ano-cheio-no-turismo-novamente-em-2023\/","name":"CVC(CVCB3): \"S\u00f3 teremos um ano cheio no turismo novamente em 2023\"","isPartOf":{"@id":"https:\/\/www.suno.com.br\/noticias\/#website"},"primaryImageOfPage":{"@id":"https:\/\/www.suno.com.br\/noticias\/cvc-cvcb3-so-teremos-um-ano-cheio-no-turismo-novamente-em-2023\/#primaryimage"},"image":{"@id":"https:\/\/www.suno.com.br\/noticias\/cvc-cvcb3-so-teremos-um-ano-cheio-no-turismo-novamente-em-2023\/#primaryimage"},"thumbnailUrl":"https:\/\/files.sunoresearch.com.br\/n\/uploads\/2020\/09\/848e04fa-cvc2-jpg.webp","datePublished":"2020-09-22T20:21:07+00:00","dateModified":"2020-09-23T13:56:35+00:00","description":"\"Chegaremos ao fim de 2020 com cerca de 50% do que t\u00ednhamos\", declarou o CEO da CVC, Leonel Andrade. Clique aqui para saber mais.","breadcrumb":{"@id":"https:\/\/www.suno.com.br\/noticias\/cvc-cvcb3-so-teremos-um-ano-cheio-no-turismo-novamente-em-2023\/#breadcrumb"},"inLanguage":"pt-BR","potentialAction":[{"@type":"ReadAction","target":["https:\/\/www.suno.com.br\/noticias\/cvc-cvcb3-so-teremos-um-ano-cheio-no-turismo-novamente-em-2023\/"]}]},{"@type":"ImageObject","inLanguage":"pt-BR","@id":"https:\/\/www.suno.com.br\/noticias\/cvc-cvcb3-so-teremos-um-ano-cheio-no-turismo-novamente-em-2023\/#primaryimage","url":"https:\/\/files.sunoresearch.com.br\/n\/uploads\/2020\/09\/848e04fa-cvc2-jpg.webp","contentUrl":"https:\/\/files.sunoresearch.com.br\/n\/uploads\/2020\/09\/848e04fa-cvc2-jpg.webp","width":800,"height":450,"caption":"CVC (CVCB3): \"S\u00f3 teremos um ano cheio no turismo novamente em 2023\""},{"@type":"BreadcrumbList","@id":"https:\/\/www.suno.com.br\/noticias\/cvc-cvcb3-so-teremos-um-ano-cheio-no-turismo-novamente-em-2023\/#breadcrumb","itemListElement":[{"@type":"ListItem","position":1,"name":"Not\u00edcias","item":"https:\/\/www.suno.com.br\/noticias\/"},{"@type":"ListItem","position":2,"name":"Neg\u00f3cios","item":"https:\/\/www.suno.com.br\/noticias\/negocios\/"},{"@type":"ListItem","position":3,"name":"CVC (CVCB3): &#8220;S\u00f3 teremos um ano cheio no turismo novamente em 2023&#8221;"}]},{"@type":"WebSite","@id":"https:\/\/www.suno.com.br\/noticias\/#website","url":"https:\/\/www.suno.com.br\/noticias\/","name":"Suno Not\u00edcias","description":"Seu portal de informa\u00e7\u00e3o sobre o mundo dos investimentos","publisher":{"@id":"https:\/\/www.suno.com.br\/noticias\/#organization"},"potentialAction":[{"@type":"SearchAction","target":{"@type":"EntryPoint","urlTemplate":"https:\/\/www.suno.com.br\/noticias\/?s={search_term_string}"},"query-input":{"@type":"PropertyValueSpecification","valueRequired":true,"valueName":"search_term_string"}}],"inLanguage":"pt-BR"},{"@type":"Organization","@id":"https:\/\/www.suno.com.br\/noticias\/#organization","name":"Suno Not\u00edcias","url":"https:\/\/www.suno.com.br\/noticias\/","logo":{"@type":"ImageObject","inLanguage":"pt-BR","@id":"https:\/\/www.suno.com.br\/noticias\/#\/schema\/logo\/image\/","url":"https:\/\/files.sunoresearch.com.br\/n\/uploads\/2021\/09\/suno-logo.png","contentUrl":"https:\/\/files.sunoresearch.com.br\/n\/uploads\/2021\/09\/suno-logo.png","width":180,"height":180,"caption":"Suno Not\u00edcias"},"image":{"@id":"https:\/\/www.suno.com.br\/noticias\/#\/schema\/logo\/image\/"},"sameAs":["https:\/\/facebook.com\/sunoresearch","https:\/\/x.com\/sunoresearch","https:\/\/www.instagram.com\/suno","https:\/\/www.linkedin.com\/company\/suno-research\/","https:\/\/www.youtube.com\/c\/sunoresearch"]},{"@type":"Person","@id":"https:\/\/www.suno.com.br\/noticias\/#\/schema\/person\/e672ca8cea627fe715fa29bca7da95e0","name":"Rafaela La Regina","image":{"@type":"ImageObject","inLanguage":"pt-BR","@id":"https:\/\/www.suno.com.br\/noticias\/#\/schema\/person\/image\/","url":"https:\/\/secure.gravatar.com\/avatar\/d2c75a52d243deb93d0465fdcb21bd37?s=96&r=g","contentUrl":"https:\/\/secure.gravatar.com\/avatar\/d2c75a52d243deb93d0465fdcb21bd37?s=96&r=g","caption":"Rafaela La Regina"},"description":"Estagi\u00e1ria no Suno Not\u00edcias. Escreve sobre economia, pol\u00edtica e neg\u00f3cios. Estuda Rela\u00e7\u00f5es Internacionais no IBMEC-SP.","url":"https:\/\/www.suno.com.br\/noticias\/author\/rafaela-la-regina\/"}]}},"default_loop_html":"<div class=\"cardsPage__listCard__boxs\"><div class=\"cardsPage__listCard__boxs__img\"><a href=\"https:\/\/www.suno.com.br\/noticias\/cvc-cvcb3-so-teremos-um-ano-cheio-no-turismo-novamente-em-2023\/\"><img class=\"mask\" src=\"https:\/\/www.suno.com.br\/noticias\/wp-content\/themes\/suno\/resources\/images\/spotlight\/spotlight1img\/bg-mask.png\" alt=\"Image Mask\"\/><img src=\"https:\/\/files.sunoresearch.com.br\/n\/uploads\/2020\/09\/848e04fa-cvc2-400x200.webp\" alt=\"CVC (CVCB3): &#8220;S\u00f3 teremos um ano cheio no turismo novamente em 2023&#8221;\"\/><\/a><span class=\"spotlightCategory\"><a href=\"https:\/\/www.suno.com.br\/noticias\/negocios\/\">Neg\u00f3cios<\/a><\/span><\/div><div class=\"cardsPage__listCard__boxs__content\"><a href=\"https:\/\/www.suno.com.br\/noticias\/cvc-cvcb3-so-teremos-um-ano-cheio-no-turismo-novamente-em-2023\/\"><h2 class=\"content__title\">CVC (CVCB3): &#8220;S\u00f3 teremos um ano cheio no turismo novamente em 2023&#8221;<\/h2><\/a><div class=\"newsContent__article__meta\"><div class=\"newsContent__article__meta__authorBox\"><a href=\"https:\/\/www.suno.com.br\/noticias\/author\/rafaela-la-regina\/\" class=\"authorBox__avatar noMobi\"><img src=\"https:\/\/secure.gravatar.com\/avatar\/d2c75a52d243deb93d0465fdcb21bd37?s=96&#038;r=g\" alt=\"Rafaela La Regina\"><\/a><div class=\"authorBox__name\"><span>por\n\t\t\t<a href=\"https:\/\/www.suno.com.br\/noticias\/author\/rafaela-la-regina\/\"><span itemprop=\"author\">Rafaela La Regina<\/span><\/a><\/span><time datetime=\"2020-09-22T17:21:07-03:00\" itemprop=\"datePublished\">22\/09\/2020 17:21<\/time><\/div><\/div><\/div><\/div><\/div>","single_layout":"posts","amp_enabled":true,"_links":{"self":[{"href":"https:\/\/www.suno.com.br\/noticias\/wp-json\/wp\/v2\/posts\/86584"}],"collection":[{"href":"https:\/\/www.suno.com.br\/noticias\/wp-json\/wp\/v2\/posts"}],"about":[{"href":"https:\/\/www.suno.com.br\/noticias\/wp-json\/wp\/v2\/types\/post"}],"author":[{"embeddable":true,"href":"https:\/\/www.suno.com.br\/noticias\/wp-json\/wp\/v2\/users\/56"}],"replies":[{"embeddable":true,"href":"https:\/\/www.suno.com.br\/noticias\/wp-json\/wp\/v2\/comments?post=86584"}],"version-history":[{"count":0,"href":"https:\/\/www.suno.com.br\/noticias\/wp-json\/wp\/v2\/posts\/86584\/revisions"}],"wp:featuredmedia":[{"embeddable":true,"href":"https:\/\/www.suno.com.br\/noticias\/wp-json\/wp\/v2\/media\/86606"}],"wp:attachment":[{"href":"https:\/\/www.suno.com.br\/noticias\/wp-json\/wp\/v2\/media?parent=86584"}],"wp:term":[{"taxonomy":"category","embeddable":true,"href":"https:\/\/www.suno.com.br\/noticias\/wp-json\/wp\/v2\/categories?post=86584"},{"taxonomy":"post_tag","embeddable":true,"href":"https:\/\/www.suno.com.br\/noticias\/wp-json\/wp\/v2\/tags?post=86584"},{"taxonomy":"suno_strategy","embeddable":true,"href":"https:\/\/www.suno.com.br\/noticias\/wp-json\/wp\/v2\/suno_strategy?post=86584"}],"curies":[{"name":"wp","href":"https:\/\/api.w.org\/{rel}","templated":true}]}}