{"id":86533,"date":"2020-09-22T15:26:40","date_gmt":"2020-09-22T18:26:40","guid":{"rendered":"https:\/\/www.suno.com.br\/noticias\/?p=86533"},"modified":"2021-06-21T05:56:02","modified_gmt":"2021-06-21T08:56:02","slug":"fitch-rating-aumenta-nota-da-marfrig-para-bb-ante-bb","status":"publish","type":"post","link":"https:\/\/www.suno.com.br\/noticias\/fitch-rating-aumenta-nota-da-marfrig-para-bb-ante-bb\/","title":{"rendered":"Fitch Rating aumenta nota da Marfrig (MRFG3) para BB, ante BB-"},"content":{"rendered":"<p>A <a href=\"https:\/\/www.suno.com.br\/artigos\/rating\/\">Fitch Rating<\/a>, ag\u00eancia internacional de classifica\u00e7\u00e3o de risco, informou nesta ter\u00e7a-feira (22) que a <a href=\"https:\/\/www.suno.com.br\/artigos\/risco-de-credito\/\">nota de cr\u00e9dito<\/a> da <a href=\"https:\/\/www.suno.com.br\/acoes\/mrfg3\/\"><strong>Marfrig (MRFG3)<\/strong><\/a> foi elevada de BB- para BB. Ao passo que no \u00e2mbito do mercado brasileiro, a nota de cr\u00e9dito tamb\u00e9m sofreu ajustes positivos, aumentando de AA bra &#8211; para AA+ bra.<\/p>\t<div class=\"wrapper-featured-image\">\n\t\t<figure class=\"spotlightImg\">\n\n\t\t\t<picture>\n\t\t\t\t<source media=\"(max-width: 768px)\" srcset=\"https:\/\/files.sunoresearch.com.br\/n\/uploads\/2020\/09\/3f2603d4-marfrig-400x200.webp\">\n\t\t\t\t<img loading=\"lazy\" decoding=\"async\" class=\"newsContent__article__imgCapa lazyloadDisabled \" src=\"https:\/\/files.sunoresearch.com.br\/n\/uploads\/2020\/09\/3f2603d4-marfrig-jpg.webp\" width=\"800\" height=\"450\" alt=\"Fitch Rating aumenta nota da Marfrig (MRFG3) para BB, ante BB-\" fetchpriority=high \/>\n\t\t\t<\/picture>\n\n\t\t\t<figcaption class=\"wp-caption-text wp-caption-text--show\">Fitch Rating aumenta nota da Marfrig (MRFG3) para BB, ante BB-<\/figcaption>\n\t\t<\/figure>\n\t<\/div>\n\n\n<div class=\"hubspot-form-wrapper\">\n\t<div id=\"single-form-target\"><\/div>\n<\/div>\n\n<p>A altera\u00e7\u00e3o das notas de cr\u00e9dito da Marfrig ocorreu em fun\u00e7\u00e3o do avan\u00e7o obtido no perfil financeiro e de neg\u00f3cios da empresa nos \u00faltimos anos. A <a href=\"https:\/\/www.suno.com.br\/artigos\/fusoes-aquisicoes\/\">aquisi\u00e7\u00e3o<\/a> da participa\u00e7\u00e3o de 81,7% da americana <strong>National Beef<\/strong> tamb\u00e9m colaborou para a atualiza\u00e7\u00e3o da nota, informou a Fitch.<\/p>\n<p>No segundo trimestre de 2020 a companhia obteve uma receita l\u00edquida de R$ 18,9 bilh\u00f5es e gerou um caixa operacional de R$ 3,3 bilh\u00f5es.<\/p>\n<p><a href=\"https:\/\/lp.suno.com.br\/suno-one\/\">Suno One: acesse gratuitamente eBooks, Minicursos, Artigos e Video Aulas sobre investimentos com um \u00fanico cadastro. Clique para saber mais!<\/a><\/p>\n<h2>Sobre a empresa<\/h2>\n<p>A Marfrig \u00e9 a maior fabricante de hamb\u00fargueres no mundo e segunda maior produtora global de carne bovina, \u00a0apresenta capacidade di\u00e1ria de abate de mais de 31,8 mil de cabe\u00e7as de bovinos em suas unidades da Am\u00e9rica do Sul e Am\u00e9rica do Norte, al\u00e9m disso, sua capacidade de produ\u00e7\u00e3o \u00e9 de 232 000 toneladas de hamb\u00fargueres por ano.<\/p>\n<p>A empresa emprega mais de 30 000 colaboradores, distribu\u00eddos em 32 unidades produtivas, processa e comercializa carne in natura, produtos processados, pratos prontos \u00e0 base de carne bovina, produtos complementares e derivados de carne, al\u00e9m de couro para os mercados dom\u00e9stico e internacional.<\/p>\n<h2>Marfrig vem ampliando horizontes<\/h2>\n<p>A Marfrig vem aumentando a capilaridade dos neg\u00f3cios. No in\u00edcio deste m\u00eas, a <a href=\"https:\/\/www.suno.com.br\/noticias\/marfrig-mrfg3-acordo-investimentos-associacao-paraguaia\/\">companhia realizou um acordo n\u00e3o vinculante<\/a> com a Associa\u00e7\u00e3o Paraguaia dos Produtores e Exportadores de Carne (APPEC). O objetivo do acordo, por parte da Marfrig, \u00e9 explorar poss\u00edveis oportunidades de investimento no pa\u00eds.<\/p>\n<p>&#8220;A participa\u00e7\u00e3o da Marfrig na nova sociedade ser\u00e1 de 85%, com 15% do capital social pertencentes \u00e0 APPEC. Os investimentos da Marfrig poder\u00e3o atingir 100 milh\u00f5es de d\u00f3lares norte-americanos em at\u00e9 24 meses&#8221;, informou a companhia em comunicado ao mercado.<\/p>\n<p>A gigante do setor frigor\u00edfico tamb\u00e9m afirmou que dever\u00e1 contribuir com seu &#8220;know-how&#8221; em mat\u00e9ria de tecnologia, produ\u00e7\u00e3o, comercializa\u00e7\u00e3o e log\u00edstica.<\/p>\n<p>Al\u00e9m disso, a empresa tamb\u00e9m viu o <a href=\"https:\/\/www.suno.com.br\/artigos\/cade\/\">Conselho Administrativo de Defesa Econ\u00f4mica (Cade)<\/a> aprovar a \u201cjoint venture\u201d entre <a href=\"https:\/\/www.suno.com.br\/acoes\/mrfg3\/\"><strong>Marfrig <\/strong><strong>Global Foods (MRFG3)<\/strong><\/a> e a <a href=\"https:\/\/www.suno.com.br\/noticias\/marfrig-mrfg3-adm-aprovacao-cade-operar-joint-venture\/\">norte-americana ADM,<\/a> que atuar\u00e1 no mercado de prote\u00ednas vegetais. A parceria havia sido anunciada em maio deste ano, por\u00e9m ainda n\u00e3o tinha recebido o aval da autarquia.<\/p>\n\t<div data-element=\"shortcode-read-more\" class=\"knowMore\">\n\t\t\t\t<span class=\"knowMore__title\">Veja tamb\u00e9m<\/span>\n\t\t\t\t<a class=\"knowMore__link\" href=\"https:\/\/www.suno.com.br\/noticias\/marfrig-mrfg3-plano-acabar-desmatamento-amazonia-cerrado\/\">\n\t\t\tMarfrig (MRFG3) apresenta plano para zerar desmatamento na Amaz\u00f4nia e no Cerrado\t\t<\/a>\n\t<\/div>\n\n\n<p>A Marfrig divulgou, no dia 12 de agosto, os resultados do segundo trimestre de 2020. A gigante da produ\u00e7\u00e3o de prote\u00ednas animais registrou um <a href=\"https:\/\/www.suno.com.br\/artigos\/lucro-liquido\/\">lucro l\u00edquido<\/a> de R$ 1,59 bilh\u00e3o, crescimento de 1.743% em rela\u00e7\u00e3o ao mesmo per\u00edodo do ano passado, quando apresentou R$ 87 milh\u00f5es.<\/p>\n<p>A <a href=\"https:\/\/www.suno.com.br\/artigos\/o-que-receita-liquida\/\">receita l\u00edquida<\/a> da <strong>Marfrig<\/strong> cresceu 54% no per\u00edodo, passando de R$ 12,24 bilh\u00f5es, no segundo trimestre de 2019, para R$ 18,9 bilh\u00f5es no mesmo intervalo deste ano. Por sua vez, o lucro bruto foi de R$ 4,56 bilh\u00f5es de mar\u00e7o at\u00e9 junho, o que representa um crescimento de 200% em rela\u00e7\u00e3o ao mesmo per\u00edodo do ano passado, quando tinha sido de R$ 1,11 bilh\u00f5es.<\/p>\n\t<p>\n\t\t<a href=\"https:\/\/lp.suno.com.br\/planilha-de-controle-de-investimentos\/\" target=\"_blank\" data-element=\"shortcode-suno-banner\" title=\"Banner SUNO, clique e saiba mais\">\n\t\t\t<picture>\n\t\t\t\t<source media=\"(max-width: 500px)\" srcset=\"https:\/\/files.sunoresearch.com.br\/n\/uploads\/2023\/03\/400x300-Controle-de-Investimentos.png\">\n\t\t\t\t<img class=\"newsContent__article__imgCapa newsContent__article__imgCapa--banner\"\n\t\t\t\t\tsrc=\"https:\/\/files.sunoresearch.com.br\/n\/uploads\/2023\/03\/1420x240-Controle-de-Investimentos.png\"\n\t\t\t\t\tdata-promo-id=\"75934\"\t\t\t\t\t\t\t\t\t\twidth='1420' height='240'\t\t\t\t\talt=\"https:\/\/files.sunoresearch.com.br\/n\/uploads\/2023\/03\/1420x240-Controle-de-Investimentos.png\"\n\t\t\t\t>\n\t\t\t<\/picture>\n\t\t<\/a>\n\t<\/p>\n\n\n","protected":false},"excerpt":{"rendered":"<p>A Fitch Rating, ag\u00eancia internacional de classifica\u00e7\u00e3o de risco, informou nesta ter\u00e7a-feira (22) que a nota de cr\u00e9dito da Marfrig (MRFG3) foi elevada de BB- para BB. Ao passo que no \u00e2mbito do mercado brasileiro, a nota de cr\u00e9dito tamb\u00e9m sofreu ajustes positivos, aumentando de AA bra &#8211; para AA+ bra. Fitch Rating aumenta nota [&hellip;]<\/p>\n","protected":false},"author":56,"featured_media":86549,"comment_status":"closed","ping_status":"closed","sticky":false,"template":"","format":"standard","meta":[],"categories":[64],"tags":[1034,1277,552],"suno_strategy":[],"class_list":["post-86533","post","type-post","status-publish","format-standard","has-post-thumbnail","hentry","category-negocios","tag-classificacao-de-risco-rating","tag-fitch","tag-marfrig-mrfg3"],"yoast_head":"<!-- This site is optimized with the Yoast SEO plugin v24.4 - https:\/\/yoast.com\/wordpress\/plugins\/seo\/ -->\n<title>Fitch Rating aumenta nota da Marfrig (MRFG3) para BB, ante BB-<\/title>\n<meta name=\"description\" content=\"A Marfrig (MRFG3) passou de BB- para BB e em \u00e2mbito nacional, subiu de AA- bra para AA+ bra, informou a Fitch. Clique aqui para saber mais.\" \/>\n<meta name=\"robots\" content=\"index, follow, max-snippet:-1, max-image-preview:large, max-video-preview:-1\" \/>\n<link rel=\"canonical\" href=\"https:\/\/www.suno.com.br\/noticias\/fitch-rating-aumenta-nota-da-marfrig-para-bb-ante-bb\/\" \/>\n<meta property=\"og:locale\" content=\"pt_BR\" \/>\n<meta property=\"og:type\" content=\"article\" \/>\n<meta property=\"og:title\" content=\"Fitch Rating aumenta nota da Marfrig (MRFG3) para BB, ante BB-\" \/>\n<meta property=\"og:description\" content=\"A Marfrig (MRFG3) passou de BB- para BB e em \u00e2mbito nacional, subiu de AA- bra para AA+ bra, informou a Fitch. Clique aqui para saber mais.\" \/>\n<meta property=\"og:url\" content=\"https:\/\/www.suno.com.br\/noticias\/fitch-rating-aumenta-nota-da-marfrig-para-bb-ante-bb\/\" \/>\n<meta property=\"og:site_name\" content=\"Suno Not\u00edcias\" \/>\n<meta property=\"article:publisher\" content=\"https:\/\/facebook.com\/sunoresearch\" \/>\n<meta property=\"og:image\" content=\"https:\/\/files.sunoresearch.com.br\/n\/uploads\/2020\/09\/3f2603d4-marfrig.jpg\" \/>\n\t<meta property=\"og:image:width\" content=\"800\" \/>\n\t<meta property=\"og:image:height\" content=\"450\" \/>\n\t<meta property=\"og:image:type\" content=\"image\/jpeg\" \/>\n<meta name=\"author\" content=\"Rafaela La Regina\" \/>\n<meta name=\"twitter:card\" content=\"summary_large_image\" \/>\n<meta name=\"twitter:creator\" content=\"@sunoresearch\" \/>\n<meta name=\"twitter:site\" content=\"@sunoresearch\" \/>\n<meta name=\"twitter:label1\" content=\"Escrito por\" \/>\n\t<meta name=\"twitter:data1\" content=\"Rafaela La Regina\" \/>\n\t<meta name=\"twitter:label2\" content=\"Est. tempo de leitura\" \/>\n\t<meta name=\"twitter:data2\" content=\"3 minutos\" \/>\n<script type=\"application\/ld+json\" class=\"yoast-schema-graph\">{\"@context\":\"https:\/\/schema.org\",\"@graph\":[{\"@type\":\"NewsArticle\",\"@id\":\"https:\/\/www.suno.com.br\/noticias\/fitch-rating-aumenta-nota-da-marfrig-para-bb-ante-bb\/#article\",\"isPartOf\":{\"@id\":\"https:\/\/www.suno.com.br\/noticias\/fitch-rating-aumenta-nota-da-marfrig-para-bb-ante-bb\/\"},\"author\":{\"name\":\"Rafaela La Regina\",\"@id\":\"https:\/\/www.suno.com.br\/noticias\/#\/schema\/person\/e672ca8cea627fe715fa29bca7da95e0\"},\"headline\":\"Fitch Rating aumenta nota da Marfrig (MRFG3) para BB, ante BB-\",\"datePublished\":\"2020-09-22T18:26:40+00:00\",\"dateModified\":\"2021-06-21T08:56:02+00:00\",\"mainEntityOfPage\":{\"@id\":\"https:\/\/www.suno.com.br\/noticias\/fitch-rating-aumenta-nota-da-marfrig-para-bb-ante-bb\/\"},\"wordCount\":588,\"publisher\":{\"@id\":\"https:\/\/www.suno.com.br\/noticias\/#organization\"},\"image\":{\"@id\":\"https:\/\/www.suno.com.br\/noticias\/fitch-rating-aumenta-nota-da-marfrig-para-bb-ante-bb\/#primaryimage\"},\"thumbnailUrl\":\"https:\/\/files.sunoresearch.com.br\/n\/uploads\/2020\/09\/3f2603d4-marfrig-jpg.webp\",\"keywords\":[\"Classifica\u00e7\u00e3o de Risco (Rating)\",\"Fitch\",\"Marfrig (MRFG3)\"],\"articleSection\":[\"Neg\u00f3cios\"],\"inLanguage\":\"pt-BR\"},{\"@type\":\"WebPage\",\"@id\":\"https:\/\/www.suno.com.br\/noticias\/fitch-rating-aumenta-nota-da-marfrig-para-bb-ante-bb\/\",\"url\":\"https:\/\/www.suno.com.br\/noticias\/fitch-rating-aumenta-nota-da-marfrig-para-bb-ante-bb\/\",\"name\":\"Fitch Rating aumenta nota da Marfrig (MRFG3) para BB, ante BB-\",\"isPartOf\":{\"@id\":\"https:\/\/www.suno.com.br\/noticias\/#website\"},\"primaryImageOfPage\":{\"@id\":\"https:\/\/www.suno.com.br\/noticias\/fitch-rating-aumenta-nota-da-marfrig-para-bb-ante-bb\/#primaryimage\"},\"image\":{\"@id\":\"https:\/\/www.suno.com.br\/noticias\/fitch-rating-aumenta-nota-da-marfrig-para-bb-ante-bb\/#primaryimage\"},\"thumbnailUrl\":\"https:\/\/files.sunoresearch.com.br\/n\/uploads\/2020\/09\/3f2603d4-marfrig-jpg.webp\",\"datePublished\":\"2020-09-22T18:26:40+00:00\",\"dateModified\":\"2021-06-21T08:56:02+00:00\",\"description\":\"A Marfrig (MRFG3) passou de BB- para BB e em \u00e2mbito nacional, subiu de AA- bra para AA+ bra, informou a Fitch. Clique aqui para saber mais.\",\"breadcrumb\":{\"@id\":\"https:\/\/www.suno.com.br\/noticias\/fitch-rating-aumenta-nota-da-marfrig-para-bb-ante-bb\/#breadcrumb\"},\"inLanguage\":\"pt-BR\",\"potentialAction\":[{\"@type\":\"ReadAction\",\"target\":[\"https:\/\/www.suno.com.br\/noticias\/fitch-rating-aumenta-nota-da-marfrig-para-bb-ante-bb\/\"]}]},{\"@type\":\"ImageObject\",\"inLanguage\":\"pt-BR\",\"@id\":\"https:\/\/www.suno.com.br\/noticias\/fitch-rating-aumenta-nota-da-marfrig-para-bb-ante-bb\/#primaryimage\",\"url\":\"https:\/\/files.sunoresearch.com.br\/n\/uploads\/2020\/09\/3f2603d4-marfrig-jpg.webp\",\"contentUrl\":\"https:\/\/files.sunoresearch.com.br\/n\/uploads\/2020\/09\/3f2603d4-marfrig-jpg.webp\",\"width\":800,\"height\":450,\"caption\":\"Fitch Rating aumenta nota da Marfrig (MRFG3) para BB, ante BB-\"},{\"@type\":\"BreadcrumbList\",\"@id\":\"https:\/\/www.suno.com.br\/noticias\/fitch-rating-aumenta-nota-da-marfrig-para-bb-ante-bb\/#breadcrumb\",\"itemListElement\":[{\"@type\":\"ListItem\",\"position\":1,\"name\":\"Not\u00edcias\",\"item\":\"https:\/\/www.suno.com.br\/noticias\/\"},{\"@type\":\"ListItem\",\"position\":2,\"name\":\"Neg\u00f3cios\",\"item\":\"https:\/\/www.suno.com.br\/noticias\/negocios\/\"},{\"@type\":\"ListItem\",\"position\":3,\"name\":\"Fitch Rating aumenta nota da Marfrig (MRFG3) para BB, ante BB-\"}]},{\"@type\":\"WebSite\",\"@id\":\"https:\/\/www.suno.com.br\/noticias\/#website\",\"url\":\"https:\/\/www.suno.com.br\/noticias\/\",\"name\":\"Suno Not\u00edcias\",\"description\":\"Seu portal de informa\u00e7\u00e3o sobre o mundo dos investimentos\",\"publisher\":{\"@id\":\"https:\/\/www.suno.com.br\/noticias\/#organization\"},\"potentialAction\":[{\"@type\":\"SearchAction\",\"target\":{\"@type\":\"EntryPoint\",\"urlTemplate\":\"https:\/\/www.suno.com.br\/noticias\/?s={search_term_string}\"},\"query-input\":{\"@type\":\"PropertyValueSpecification\",\"valueRequired\":true,\"valueName\":\"search_term_string\"}}],\"inLanguage\":\"pt-BR\"},{\"@type\":\"Organization\",\"@id\":\"https:\/\/www.suno.com.br\/noticias\/#organization\",\"name\":\"Suno Not\u00edcias\",\"url\":\"https:\/\/www.suno.com.br\/noticias\/\",\"logo\":{\"@type\":\"ImageObject\",\"inLanguage\":\"pt-BR\",\"@id\":\"https:\/\/www.suno.com.br\/noticias\/#\/schema\/logo\/image\/\",\"url\":\"https:\/\/files.sunoresearch.com.br\/n\/uploads\/2021\/09\/suno-logo.png\",\"contentUrl\":\"https:\/\/files.sunoresearch.com.br\/n\/uploads\/2021\/09\/suno-logo.png\",\"width\":180,\"height\":180,\"caption\":\"Suno Not\u00edcias\"},\"image\":{\"@id\":\"https:\/\/www.suno.com.br\/noticias\/#\/schema\/logo\/image\/\"},\"sameAs\":[\"https:\/\/facebook.com\/sunoresearch\",\"https:\/\/x.com\/sunoresearch\",\"https:\/\/www.instagram.com\/suno\",\"https:\/\/www.linkedin.com\/company\/suno-research\/\",\"https:\/\/www.youtube.com\/c\/sunoresearch\"]},{\"@type\":\"Person\",\"@id\":\"https:\/\/www.suno.com.br\/noticias\/#\/schema\/person\/e672ca8cea627fe715fa29bca7da95e0\",\"name\":\"Rafaela La Regina\",\"image\":{\"@type\":\"ImageObject\",\"inLanguage\":\"pt-BR\",\"@id\":\"https:\/\/www.suno.com.br\/noticias\/#\/schema\/person\/image\/\",\"url\":\"https:\/\/secure.gravatar.com\/avatar\/d2c75a52d243deb93d0465fdcb21bd37?s=96&r=g\",\"contentUrl\":\"https:\/\/secure.gravatar.com\/avatar\/d2c75a52d243deb93d0465fdcb21bd37?s=96&r=g\",\"caption\":\"Rafaela La Regina\"},\"description\":\"Estagi\u00e1ria no Suno Not\u00edcias. Escreve sobre economia, pol\u00edtica e neg\u00f3cios. Estuda Rela\u00e7\u00f5es Internacionais no IBMEC-SP.\",\"url\":\"https:\/\/www.suno.com.br\/noticias\/author\/rafaela-la-regina\/\"}]}<\/script>\n<!-- \/ Yoast SEO plugin. -->","yoast_head_json":{"title":"Fitch Rating aumenta nota da Marfrig (MRFG3) para BB, ante BB-","description":"A Marfrig (MRFG3) passou de BB- para BB e em \u00e2mbito nacional, subiu de AA- bra para AA+ bra, informou a Fitch. Clique aqui para saber mais.","robots":{"index":"index","follow":"follow","max-snippet":"max-snippet:-1","max-image-preview":"max-image-preview:large","max-video-preview":"max-video-preview:-1"},"canonical":"https:\/\/www.suno.com.br\/noticias\/fitch-rating-aumenta-nota-da-marfrig-para-bb-ante-bb\/","og_locale":"pt_BR","og_type":"article","og_title":"Fitch Rating aumenta nota da Marfrig (MRFG3) para BB, ante BB-","og_description":"A Marfrig (MRFG3) passou de BB- para BB e em \u00e2mbito nacional, subiu de AA- bra para AA+ bra, informou a Fitch. Clique aqui para saber mais.","og_url":"https:\/\/www.suno.com.br\/noticias\/fitch-rating-aumenta-nota-da-marfrig-para-bb-ante-bb\/","og_site_name":"Suno Not\u00edcias","article_publisher":"https:\/\/facebook.com\/sunoresearch","og_image":[{"width":800,"height":450,"url":"https:\/\/files.sunoresearch.com.br\/n\/uploads\/2020\/09\/3f2603d4-marfrig.jpg","type":"image\/jpeg"}],"author":"Rafaela La Regina","twitter_card":"summary_large_image","twitter_creator":"@sunoresearch","twitter_site":"@sunoresearch","twitter_misc":{"Escrito por":"Rafaela La Regina","Est. tempo de leitura":"3 minutos"},"schema":{"@context":"https:\/\/schema.org","@graph":[{"@type":"NewsArticle","@id":"https:\/\/www.suno.com.br\/noticias\/fitch-rating-aumenta-nota-da-marfrig-para-bb-ante-bb\/#article","isPartOf":{"@id":"https:\/\/www.suno.com.br\/noticias\/fitch-rating-aumenta-nota-da-marfrig-para-bb-ante-bb\/"},"author":{"name":"Rafaela La Regina","@id":"https:\/\/www.suno.com.br\/noticias\/#\/schema\/person\/e672ca8cea627fe715fa29bca7da95e0"},"headline":"Fitch Rating aumenta nota da Marfrig (MRFG3) para BB, ante BB-","datePublished":"2020-09-22T18:26:40+00:00","dateModified":"2021-06-21T08:56:02+00:00","mainEntityOfPage":{"@id":"https:\/\/www.suno.com.br\/noticias\/fitch-rating-aumenta-nota-da-marfrig-para-bb-ante-bb\/"},"wordCount":588,"publisher":{"@id":"https:\/\/www.suno.com.br\/noticias\/#organization"},"image":{"@id":"https:\/\/www.suno.com.br\/noticias\/fitch-rating-aumenta-nota-da-marfrig-para-bb-ante-bb\/#primaryimage"},"thumbnailUrl":"https:\/\/files.sunoresearch.com.br\/n\/uploads\/2020\/09\/3f2603d4-marfrig-jpg.webp","keywords":["Classifica\u00e7\u00e3o de Risco (Rating)","Fitch","Marfrig (MRFG3)"],"articleSection":["Neg\u00f3cios"],"inLanguage":"pt-BR"},{"@type":"WebPage","@id":"https:\/\/www.suno.com.br\/noticias\/fitch-rating-aumenta-nota-da-marfrig-para-bb-ante-bb\/","url":"https:\/\/www.suno.com.br\/noticias\/fitch-rating-aumenta-nota-da-marfrig-para-bb-ante-bb\/","name":"Fitch Rating aumenta nota da Marfrig (MRFG3) para BB, ante BB-","isPartOf":{"@id":"https:\/\/www.suno.com.br\/noticias\/#website"},"primaryImageOfPage":{"@id":"https:\/\/www.suno.com.br\/noticias\/fitch-rating-aumenta-nota-da-marfrig-para-bb-ante-bb\/#primaryimage"},"image":{"@id":"https:\/\/www.suno.com.br\/noticias\/fitch-rating-aumenta-nota-da-marfrig-para-bb-ante-bb\/#primaryimage"},"thumbnailUrl":"https:\/\/files.sunoresearch.com.br\/n\/uploads\/2020\/09\/3f2603d4-marfrig-jpg.webp","datePublished":"2020-09-22T18:26:40+00:00","dateModified":"2021-06-21T08:56:02+00:00","description":"A Marfrig (MRFG3) passou de BB- para BB e em \u00e2mbito nacional, subiu de AA- bra para AA+ bra, informou a Fitch. Clique aqui para saber mais.","breadcrumb":{"@id":"https:\/\/www.suno.com.br\/noticias\/fitch-rating-aumenta-nota-da-marfrig-para-bb-ante-bb\/#breadcrumb"},"inLanguage":"pt-BR","potentialAction":[{"@type":"ReadAction","target":["https:\/\/www.suno.com.br\/noticias\/fitch-rating-aumenta-nota-da-marfrig-para-bb-ante-bb\/"]}]},{"@type":"ImageObject","inLanguage":"pt-BR","@id":"https:\/\/www.suno.com.br\/noticias\/fitch-rating-aumenta-nota-da-marfrig-para-bb-ante-bb\/#primaryimage","url":"https:\/\/files.sunoresearch.com.br\/n\/uploads\/2020\/09\/3f2603d4-marfrig-jpg.webp","contentUrl":"https:\/\/files.sunoresearch.com.br\/n\/uploads\/2020\/09\/3f2603d4-marfrig-jpg.webp","width":800,"height":450,"caption":"Fitch Rating aumenta nota da Marfrig (MRFG3) para BB, ante BB-"},{"@type":"BreadcrumbList","@id":"https:\/\/www.suno.com.br\/noticias\/fitch-rating-aumenta-nota-da-marfrig-para-bb-ante-bb\/#breadcrumb","itemListElement":[{"@type":"ListItem","position":1,"name":"Not\u00edcias","item":"https:\/\/www.suno.com.br\/noticias\/"},{"@type":"ListItem","position":2,"name":"Neg\u00f3cios","item":"https:\/\/www.suno.com.br\/noticias\/negocios\/"},{"@type":"ListItem","position":3,"name":"Fitch Rating aumenta nota da Marfrig (MRFG3) para BB, ante BB-"}]},{"@type":"WebSite","@id":"https:\/\/www.suno.com.br\/noticias\/#website","url":"https:\/\/www.suno.com.br\/noticias\/","name":"Suno Not\u00edcias","description":"Seu portal de informa\u00e7\u00e3o sobre o mundo dos investimentos","publisher":{"@id":"https:\/\/www.suno.com.br\/noticias\/#organization"},"potentialAction":[{"@type":"SearchAction","target":{"@type":"EntryPoint","urlTemplate":"https:\/\/www.suno.com.br\/noticias\/?s={search_term_string}"},"query-input":{"@type":"PropertyValueSpecification","valueRequired":true,"valueName":"search_term_string"}}],"inLanguage":"pt-BR"},{"@type":"Organization","@id":"https:\/\/www.suno.com.br\/noticias\/#organization","name":"Suno Not\u00edcias","url":"https:\/\/www.suno.com.br\/noticias\/","logo":{"@type":"ImageObject","inLanguage":"pt-BR","@id":"https:\/\/www.suno.com.br\/noticias\/#\/schema\/logo\/image\/","url":"https:\/\/files.sunoresearch.com.br\/n\/uploads\/2021\/09\/suno-logo.png","contentUrl":"https:\/\/files.sunoresearch.com.br\/n\/uploads\/2021\/09\/suno-logo.png","width":180,"height":180,"caption":"Suno Not\u00edcias"},"image":{"@id":"https:\/\/www.suno.com.br\/noticias\/#\/schema\/logo\/image\/"},"sameAs":["https:\/\/facebook.com\/sunoresearch","https:\/\/x.com\/sunoresearch","https:\/\/www.instagram.com\/suno","https:\/\/www.linkedin.com\/company\/suno-research\/","https:\/\/www.youtube.com\/c\/sunoresearch"]},{"@type":"Person","@id":"https:\/\/www.suno.com.br\/noticias\/#\/schema\/person\/e672ca8cea627fe715fa29bca7da95e0","name":"Rafaela La Regina","image":{"@type":"ImageObject","inLanguage":"pt-BR","@id":"https:\/\/www.suno.com.br\/noticias\/#\/schema\/person\/image\/","url":"https:\/\/secure.gravatar.com\/avatar\/d2c75a52d243deb93d0465fdcb21bd37?s=96&r=g","contentUrl":"https:\/\/secure.gravatar.com\/avatar\/d2c75a52d243deb93d0465fdcb21bd37?s=96&r=g","caption":"Rafaela La Regina"},"description":"Estagi\u00e1ria no Suno Not\u00edcias. Escreve sobre economia, pol\u00edtica e neg\u00f3cios. Estuda Rela\u00e7\u00f5es Internacionais no IBMEC-SP.","url":"https:\/\/www.suno.com.br\/noticias\/author\/rafaela-la-regina\/"}]}},"default_loop_html":"<div class=\"cardsPage__listCard__boxs\"><div class=\"cardsPage__listCard__boxs__img\"><a href=\"https:\/\/www.suno.com.br\/noticias\/fitch-rating-aumenta-nota-da-marfrig-para-bb-ante-bb\/\"><img class=\"mask\" src=\"https:\/\/www.suno.com.br\/noticias\/wp-content\/themes\/suno\/resources\/images\/spotlight\/spotlight1img\/bg-mask.png\" alt=\"Image Mask\"\/><img src=\"https:\/\/files.sunoresearch.com.br\/n\/uploads\/2020\/09\/3f2603d4-marfrig-400x200.webp\" alt=\"Fitch Rating aumenta nota da Marfrig (MRFG3) para BB, ante BB-\"\/><\/a><span class=\"spotlightCategory\"><a href=\"https:\/\/www.suno.com.br\/noticias\/negocios\/\">Neg\u00f3cios<\/a><\/span><\/div><div class=\"cardsPage__listCard__boxs__content\"><a href=\"https:\/\/www.suno.com.br\/noticias\/fitch-rating-aumenta-nota-da-marfrig-para-bb-ante-bb\/\"><h2 class=\"content__title\">Fitch Rating aumenta nota da Marfrig (MRFG3) para BB, ante BB-<\/h2><\/a><div class=\"newsContent__article__meta\"><div class=\"newsContent__article__meta__authorBox\"><a href=\"https:\/\/www.suno.com.br\/noticias\/author\/rafaela-la-regina\/\" class=\"authorBox__avatar noMobi\"><img src=\"https:\/\/secure.gravatar.com\/avatar\/d2c75a52d243deb93d0465fdcb21bd37?s=96&#038;r=g\" alt=\"Rafaela La Regina\"><\/a><div class=\"authorBox__name\"><span>por\n\t\t\t<a href=\"https:\/\/www.suno.com.br\/noticias\/author\/rafaela-la-regina\/\"><span itemprop=\"author\">Rafaela La Regina<\/span><\/a><\/span><time datetime=\"2020-09-22T15:26:40-03:00\" itemprop=\"datePublished\">22\/09\/2020 15:26<\/time><\/div><\/div><\/div><\/div><\/div>","single_layout":"posts","amp_enabled":true,"_links":{"self":[{"href":"https:\/\/www.suno.com.br\/noticias\/wp-json\/wp\/v2\/posts\/86533"}],"collection":[{"href":"https:\/\/www.suno.com.br\/noticias\/wp-json\/wp\/v2\/posts"}],"about":[{"href":"https:\/\/www.suno.com.br\/noticias\/wp-json\/wp\/v2\/types\/post"}],"author":[{"embeddable":true,"href":"https:\/\/www.suno.com.br\/noticias\/wp-json\/wp\/v2\/users\/56"}],"replies":[{"embeddable":true,"href":"https:\/\/www.suno.com.br\/noticias\/wp-json\/wp\/v2\/comments?post=86533"}],"version-history":[{"count":1,"href":"https:\/\/www.suno.com.br\/noticias\/wp-json\/wp\/v2\/posts\/86533\/revisions"}],"predecessor-version":[{"id":159662,"href":"https:\/\/www.suno.com.br\/noticias\/wp-json\/wp\/v2\/posts\/86533\/revisions\/159662"}],"wp:featuredmedia":[{"embeddable":true,"href":"https:\/\/www.suno.com.br\/noticias\/wp-json\/wp\/v2\/media\/86549"}],"wp:attachment":[{"href":"https:\/\/www.suno.com.br\/noticias\/wp-json\/wp\/v2\/media?parent=86533"}],"wp:term":[{"taxonomy":"category","embeddable":true,"href":"https:\/\/www.suno.com.br\/noticias\/wp-json\/wp\/v2\/categories?post=86533"},{"taxonomy":"post_tag","embeddable":true,"href":"https:\/\/www.suno.com.br\/noticias\/wp-json\/wp\/v2\/tags?post=86533"},{"taxonomy":"suno_strategy","embeddable":true,"href":"https:\/\/www.suno.com.br\/noticias\/wp-json\/wp\/v2\/suno_strategy?post=86533"}],"curies":[{"name":"wp","href":"https:\/\/api.w.org\/{rel}","templated":true}]}}