{"id":86458,"date":"2020-09-22T13:21:31","date_gmt":"2020-09-22T16:21:31","guid":{"rendered":"https:\/\/www.suno.com.br\/noticias\/?p=86458"},"modified":"2020-09-22T17:08:53","modified_gmt":"2020-09-22T20:08:53","slug":"oi-oibr3-investimentos-telefonia-fixa-nao-produtivos","status":"publish","type":"post","link":"https:\/\/www.suno.com.br\/noticias\/oi-oibr3-investimentos-telefonia-fixa-nao-produtivos\/","title":{"rendered":"Oi (OIBR3) enxerga investimentos em telefonia fixa como &#8220;n\u00e3o produtivos&#8221;"},"content":{"rendered":"<p>O <a href=\"https:\/\/www.suno.com.br\/artigos\/ceo\/\">CEO<\/a> da <strong>Oi (OIBR3)<\/strong>, <a href=\"https:\/\/www.suno.com.br\/tudo-sobre\/rodrigo-abreu\/\">Rodrigo Abreu<\/a>, disse, em um evento online promovido pela Associa\u00e7\u00e3o Brasileira de Telecomunica\u00e7\u00f5es (Telebrasil), nesta ter\u00e7a-feira (22), que os investimentos das empresas de telecomunica\u00e7\u00f5es em telefonia fixa baseado em cabos de cobre dever\u00e3o consumir R$ 10 bilh\u00f5es em quatro anos. Para Abreu, esses investimentos n\u00e3o s\u00e3o &#8220;produtivos\u201d.<\/p>\t<div class=\"wrapper-featured-image\">\n\t\t<figure class=\"spotlightImg\">\n\n\t\t\t<picture>\n\t\t\t\t<source media=\"(max-width: 768px)\" srcset=\"https:\/\/files.sunoresearch.com.br\/n\/uploads\/2020\/09\/8e940ccf-oi-rodrigo-abreu-400x200.webp\">\n\t\t\t\t<img loading=\"lazy\" decoding=\"async\" class=\"newsContent__article__imgCapa lazyloadDisabled \" src=\"https:\/\/files.sunoresearch.com.br\/n\/uploads\/2020\/09\/8e940ccf-oi-rodrigo-abreu-800x450.webp\" width=\"800\" height=\"450\" alt=\"Oi (OIBR3) enxerga investimentos em telefonia fixa como &#8220;n\u00e3o produtivos&#8221;\" fetchpriority=high \/>\n\t\t\t<\/picture>\n\n\t\t\t<figcaption class=\"wp-caption-text wp-caption-text--show\">O CEO da Oi, Rodigo Abreu. (foto: divulga\u00e7\u00e3o Oi)<\/figcaption>\n\t\t<\/figure>\n\t<\/div>\n\n\n\t<p>\n\t\t<a href=\"\" target=\"_blank\" data-element=\"shortcode-suno-banner\" title=\"Banner SUNO, clique e saiba mais\">\n\t\t\t<picture>\n\t\t\t\t<source media=\"(max-width: 500px)\" srcset=\"\">\n\t\t\t\t<img class=\"newsContent__article__imgCapa newsContent__article__imgCapa--banner\"\n\t\t\t\t\tsrc=\"\"\n\t\t\t\t\tdata-promo-id=\"86450\"\t\t\t\t\t\t\t\t\t\t\t\t\t\t\talt=\"\"\n\t\t\t\t>\n\t\t\t<\/picture>\n\t\t<\/a>\n\t<\/p>\n\n\n<p>De acordo com o executivo da Oi, a presta\u00e7\u00e3o do servi\u00e7o de <strong>telefonia fixa<\/strong> \u00e9, muitas vezes, invi\u00e1vel economicamente. \u201cA nossa proposta, que n\u00f3s estamos advogando, \u00e9 a do chamado modelo de \u2018carrier of last resort\u2019, ou seja, ter obriga\u00e7\u00f5es onde n\u00e3o existem outras alternativas\u201d, disse o diretor-presidente da tele, no evento que aconteceu de forma remota.<\/p>\n<p><a href=\"https:\/\/lp.suno.com.br\/suno-one\/\">Suno One: acesse gratuitamente eBooks, Minicursos, Artigos e Video Aulas sobre investimentos com um \u00fanico cadastro. Clique para saber mais!<\/a><\/p>\n<p>Abreu ainda completou destacando que esses investimentos est\u00e3o sendo feitos com &#8220;recursos escassos&#8221;. \u201cExiste uma inviabilidade econ\u00f4mica do servi\u00e7o em muitos casos. O valor da tarifa para alcan\u00e7ar o \u2018break-even\u2019 da telefonia fixa seria no nosso caso um valor superior a R$ 100, maior do que um pacote b\u00e1sico de <strong>fibra <\/strong>hoje&#8221;, acrescentou.<\/p>\n<div class=\"hubspot-form-wrapper\">\n\t<div id=\"single-form-target\"><\/div>\n<\/div>\n\n<p>O executivo chefe da Oi reiterou que os valores de investimento que est\u00e3o previstos para serem investidos na \u00e1rea nos pr\u00f3ximos quatro anos podem gerar perdas de cerca de R$ 10 bilh\u00f5es. &#8220;O n\u00famero \u00e9 esse mesmo&#8230; R$ 10 bilh\u00f5es poderiam ser suficientes para fazer investimentos produtivos de alt\u00edssima import\u00e2ncia para o pa\u00eds, como expans\u00e3o de fibra e aumento da cobertura <strong>4G<\/strong> e <strong>5G<\/strong>, at\u00e9 mesmo oferta a clientes de solu\u00e7\u00f5es alternativas, e isto tudo est\u00e1 sendo direcionado hoje para investimento n\u00e3o produtivo em cobre\u201d, finalizou Abreu.<\/p>\n<h2>Gera\u00e7\u00e3o de caixa operacional da Oi em julho<\/h2>\n<p>A Oi apresentou uma gera\u00e7\u00e3o de <a href=\"https:\/\/www.suno.com.br\/artigos\/geracao-de-caixa\/\">caixa operacional l\u00edquida<\/a> positiva em julho. Os dados incluem as suas sete empresas que comp\u00f5em o grupo (recuperandas). A companhia, que se encontra em <a href=\"https:\/\/www.suno.com.br\/artigos\/recuperacao-judicial\/\"><strong>recupera\u00e7\u00e3o judicial<\/strong><\/a>, informou que a gera\u00e7\u00e3o de caixa operacional no m\u00eas em quest\u00e3o ficou em R$ 8 milh\u00f5es.<\/p>\n\t<div data-element=\"shortcode-read-more\" class=\"knowMore\">\n\t\t\t\t<span class=\"knowMore__title\">Veja tamb\u00e9m<\/span>\n\t\t\t\t<a class=\"knowMore__link\" href=\"https:\/\/www.suno.com.br\/noticias\/oi-oibr3-diminuir-divida-bilionaria-negociacao-agu\/\">\n\t\t\tOi (OIBR3) pode diminuir d\u00edvida bilion\u00e1ria em 50% ap\u00f3s negocia\u00e7\u00e3o com AGU, diz jornal\t\t<\/a>\n\t<\/div>\n\n\n<p>Em junho, a Oi reportou um resultado negativo de R$ 69 milh\u00f5es, em rela\u00e7\u00e3o ao mesmo quesito. Os dados foram divulgados no dia 15 de setembro pelo administrador judicial da tele, o escrit\u00f3rio de advocacia: Arnoldo Wald.<\/p>\n<p>No m\u00eas de julho, os recebimentos tiveram alta de R$ 5 milh\u00f5es frente a junho, para R$ 2,057 bilh\u00f5es. A rubrica pagamentos diminuiu em R$ 80 milh\u00f5es, para R$ 1,529 bilh\u00e3o. O saldo final do caixa financeiro das sete empresas do grupo <strong>Oi<\/strong> aumentou R$ 768 milh\u00f5es, para R$ 5,639 bilh\u00f5es.<\/p>\n\t<p>\n\t\t<a href=\"https:\/\/lp.suno.com.br\/planilha-de-controle-de-investimentos\/\" target=\"_blank\" data-element=\"shortcode-suno-banner\" title=\"Banner SUNO, clique e saiba mais\">\n\t\t\t<picture>\n\t\t\t\t<source media=\"(max-width: 500px)\" srcset=\"https:\/\/files.sunoresearch.com.br\/n\/uploads\/2023\/03\/400x300-Controle-de-Investimentos.png\">\n\t\t\t\t<img class=\"newsContent__article__imgCapa newsContent__article__imgCapa--banner\"\n\t\t\t\t\tsrc=\"https:\/\/files.sunoresearch.com.br\/n\/uploads\/2023\/03\/1420x240-Controle-de-Investimentos.png\"\n\t\t\t\t\tdata-promo-id=\"75934\"\t\t\t\t\t\t\t\t\t\twidth='1420' height='240'\t\t\t\t\talt=\"https:\/\/files.sunoresearch.com.br\/n\/uploads\/2023\/03\/1420x240-Controle-de-Investimentos.png\"\n\t\t\t\t>\n\t\t\t<\/picture>\n\t\t<\/a>\n\t<\/p>\n\n\n","protected":false},"excerpt":{"rendered":"<p>O CEO da Oi (OIBR3), Rodrigo Abreu, disse, em um evento online promovido pela Associa\u00e7\u00e3o Brasileira de Telecomunica\u00e7\u00f5es (Telebrasil), nesta ter\u00e7a-feira (22), que os investimentos das empresas de telecomunica\u00e7\u00f5es em telefonia fixa baseado em cabos de cobre dever\u00e3o consumir R$ 10 bilh\u00f5es em quatro anos. Para Abreu, esses investimentos n\u00e3o s\u00e3o &#8220;produtivos\u201d. O CEO da [&hellip;]<\/p>\n","protected":false},"author":19,"featured_media":86502,"comment_status":"closed","ping_status":"closed","sticky":false,"template":"","format":"standard","meta":[],"categories":[64],"tags":[584],"suno_strategy":[],"class_list":["post-86458","post","type-post","status-publish","format-standard","has-post-thumbnail","hentry","category-negocios","tag-oi-oibr3-oibr4"],"yoast_head":"<!-- This site is optimized with the Yoast SEO plugin v24.4 - https:\/\/yoast.com\/wordpress\/plugins\/seo\/ -->\n<title>Oi (OIBR3) enxerga investimentos em telefonia fixa como &quot;n\u00e3o produtivos&quot;<\/title>\n<meta name=\"description\" content=\"O CEO da Oi (OIBR3), Rodrigo Abreu, disse que os investimentos das empresas de telecomunica\u00e7\u00f5es em telefonia fixa n\u00e3o s\u00e3o &quot;produtivos\u201d.\u00a0\" \/>\n<meta name=\"robots\" content=\"index, follow, max-snippet:-1, max-image-preview:large, max-video-preview:-1\" \/>\n<link rel=\"canonical\" href=\"https:\/\/www.suno.com.br\/noticias\/oi-oibr3-investimentos-telefonia-fixa-nao-produtivos\/\" \/>\n<meta property=\"og:locale\" content=\"pt_BR\" \/>\n<meta property=\"og:type\" content=\"article\" \/>\n<meta property=\"og:title\" content=\"Oi (OIBR3) enxerga investimentos em telefonia fixa como &quot;n\u00e3o produtivos&quot;\" \/>\n<meta property=\"og:description\" content=\"O CEO da Oi (OIBR3), Rodrigo Abreu, disse que os investimentos das empresas de telecomunica\u00e7\u00f5es em telefonia fixa n\u00e3o s\u00e3o &quot;produtivos\u201d.\u00a0\" \/>\n<meta property=\"og:url\" content=\"https:\/\/www.suno.com.br\/noticias\/oi-oibr3-investimentos-telefonia-fixa-nao-produtivos\/\" \/>\n<meta property=\"og:site_name\" content=\"Suno Not\u00edcias\" \/>\n<meta property=\"article:publisher\" content=\"https:\/\/facebook.com\/sunoresearch\" \/>\n<meta property=\"og:image\" content=\"https:\/\/files.sunoresearch.com.br\/n\/uploads\/2020\/09\/8e940ccf-oi-rodrigo-abreu.jpeg\" \/>\n\t<meta property=\"og:image:width\" content=\"936\" \/>\n\t<meta property=\"og:image:height\" content=\"600\" \/>\n\t<meta property=\"og:image:type\" content=\"image\/jpeg\" \/>\n<meta name=\"author\" content=\"Juliano Passaro\" \/>\n<meta name=\"twitter:card\" content=\"summary_large_image\" \/>\n<meta name=\"twitter:creator\" content=\"@sunoresearch\" \/>\n<meta name=\"twitter:site\" content=\"@sunoresearch\" \/>\n<meta name=\"twitter:label1\" content=\"Escrito por\" \/>\n\t<meta name=\"twitter:data1\" content=\"Juliano Passaro\" \/>\n\t<meta name=\"twitter:label2\" content=\"Est. tempo de leitura\" \/>\n\t<meta name=\"twitter:data2\" content=\"2 minutos\" \/>\n<script type=\"application\/ld+json\" class=\"yoast-schema-graph\">{\"@context\":\"https:\/\/schema.org\",\"@graph\":[{\"@type\":\"NewsArticle\",\"@id\":\"https:\/\/www.suno.com.br\/noticias\/oi-oibr3-investimentos-telefonia-fixa-nao-produtivos\/#article\",\"isPartOf\":{\"@id\":\"https:\/\/www.suno.com.br\/noticias\/oi-oibr3-investimentos-telefonia-fixa-nao-produtivos\/\"},\"author\":{\"name\":\"Juliano Passaro\",\"@id\":\"https:\/\/www.suno.com.br\/noticias\/#\/schema\/person\/1db762f78ffd8919a648a63e425953e3\"},\"headline\":\"Oi (OIBR3) enxerga investimentos em telefonia fixa como &#8220;n\u00e3o produtivos&#8221;\",\"datePublished\":\"2020-09-22T16:21:31+00:00\",\"dateModified\":\"2020-09-22T20:08:53+00:00\",\"mainEntityOfPage\":{\"@id\":\"https:\/\/www.suno.com.br\/noticias\/oi-oibr3-investimentos-telefonia-fixa-nao-produtivos\/\"},\"wordCount\":483,\"publisher\":{\"@id\":\"https:\/\/www.suno.com.br\/noticias\/#organization\"},\"image\":{\"@id\":\"https:\/\/www.suno.com.br\/noticias\/oi-oibr3-investimentos-telefonia-fixa-nao-produtivos\/#primaryimage\"},\"thumbnailUrl\":\"https:\/\/files.sunoresearch.com.br\/n\/uploads\/2020\/09\/8e940ccf-oi-rodrigo-abreu-jpeg.webp\",\"keywords\":[\"Oi (OIBR3\/OIBR4)\"],\"articleSection\":[\"Neg\u00f3cios\"],\"inLanguage\":\"pt-BR\"},{\"@type\":\"WebPage\",\"@id\":\"https:\/\/www.suno.com.br\/noticias\/oi-oibr3-investimentos-telefonia-fixa-nao-produtivos\/\",\"url\":\"https:\/\/www.suno.com.br\/noticias\/oi-oibr3-investimentos-telefonia-fixa-nao-produtivos\/\",\"name\":\"Oi (OIBR3) enxerga investimentos em telefonia fixa como \\\"n\u00e3o produtivos\\\"\",\"isPartOf\":{\"@id\":\"https:\/\/www.suno.com.br\/noticias\/#website\"},\"primaryImageOfPage\":{\"@id\":\"https:\/\/www.suno.com.br\/noticias\/oi-oibr3-investimentos-telefonia-fixa-nao-produtivos\/#primaryimage\"},\"image\":{\"@id\":\"https:\/\/www.suno.com.br\/noticias\/oi-oibr3-investimentos-telefonia-fixa-nao-produtivos\/#primaryimage\"},\"thumbnailUrl\":\"https:\/\/files.sunoresearch.com.br\/n\/uploads\/2020\/09\/8e940ccf-oi-rodrigo-abreu-jpeg.webp\",\"datePublished\":\"2020-09-22T16:21:31+00:00\",\"dateModified\":\"2020-09-22T20:08:53+00:00\",\"description\":\"O CEO da Oi (OIBR3), Rodrigo Abreu, disse que os investimentos das empresas de telecomunica\u00e7\u00f5es em telefonia fixa n\u00e3o s\u00e3o \\\"produtivos\u201d.\u00a0\",\"breadcrumb\":{\"@id\":\"https:\/\/www.suno.com.br\/noticias\/oi-oibr3-investimentos-telefonia-fixa-nao-produtivos\/#breadcrumb\"},\"inLanguage\":\"pt-BR\",\"potentialAction\":[{\"@type\":\"ReadAction\",\"target\":[\"https:\/\/www.suno.com.br\/noticias\/oi-oibr3-investimentos-telefonia-fixa-nao-produtivos\/\"]}]},{\"@type\":\"ImageObject\",\"inLanguage\":\"pt-BR\",\"@id\":\"https:\/\/www.suno.com.br\/noticias\/oi-oibr3-investimentos-telefonia-fixa-nao-produtivos\/#primaryimage\",\"url\":\"https:\/\/files.sunoresearch.com.br\/n\/uploads\/2020\/09\/8e940ccf-oi-rodrigo-abreu-jpeg.webp\",\"contentUrl\":\"https:\/\/files.sunoresearch.com.br\/n\/uploads\/2020\/09\/8e940ccf-oi-rodrigo-abreu-jpeg.webp\",\"width\":936,\"height\":600,\"caption\":\"O CEO da Oi, Rodigo Abreu. (foto: divulga\u00e7\u00e3o Oi)\"},{\"@type\":\"BreadcrumbList\",\"@id\":\"https:\/\/www.suno.com.br\/noticias\/oi-oibr3-investimentos-telefonia-fixa-nao-produtivos\/#breadcrumb\",\"itemListElement\":[{\"@type\":\"ListItem\",\"position\":1,\"name\":\"Not\u00edcias\",\"item\":\"https:\/\/www.suno.com.br\/noticias\/\"},{\"@type\":\"ListItem\",\"position\":2,\"name\":\"Neg\u00f3cios\",\"item\":\"https:\/\/www.suno.com.br\/noticias\/negocios\/\"},{\"@type\":\"ListItem\",\"position\":3,\"name\":\"Oi (OIBR3) enxerga investimentos em telefonia fixa como &#8220;n\u00e3o produtivos&#8221;\"}]},{\"@type\":\"WebSite\",\"@id\":\"https:\/\/www.suno.com.br\/noticias\/#website\",\"url\":\"https:\/\/www.suno.com.br\/noticias\/\",\"name\":\"Suno Not\u00edcias\",\"description\":\"Seu portal de informa\u00e7\u00e3o sobre o mundo dos investimentos\",\"publisher\":{\"@id\":\"https:\/\/www.suno.com.br\/noticias\/#organization\"},\"potentialAction\":[{\"@type\":\"SearchAction\",\"target\":{\"@type\":\"EntryPoint\",\"urlTemplate\":\"https:\/\/www.suno.com.br\/noticias\/?s={search_term_string}\"},\"query-input\":{\"@type\":\"PropertyValueSpecification\",\"valueRequired\":true,\"valueName\":\"search_term_string\"}}],\"inLanguage\":\"pt-BR\"},{\"@type\":\"Organization\",\"@id\":\"https:\/\/www.suno.com.br\/noticias\/#organization\",\"name\":\"Suno Not\u00edcias\",\"url\":\"https:\/\/www.suno.com.br\/noticias\/\",\"logo\":{\"@type\":\"ImageObject\",\"inLanguage\":\"pt-BR\",\"@id\":\"https:\/\/www.suno.com.br\/noticias\/#\/schema\/logo\/image\/\",\"url\":\"https:\/\/files.sunoresearch.com.br\/n\/uploads\/2021\/09\/suno-logo.png\",\"contentUrl\":\"https:\/\/files.sunoresearch.com.br\/n\/uploads\/2021\/09\/suno-logo.png\",\"width\":180,\"height\":180,\"caption\":\"Suno Not\u00edcias\"},\"image\":{\"@id\":\"https:\/\/www.suno.com.br\/noticias\/#\/schema\/logo\/image\/\"},\"sameAs\":[\"https:\/\/facebook.com\/sunoresearch\",\"https:\/\/x.com\/sunoresearch\",\"https:\/\/www.instagram.com\/suno\",\"https:\/\/www.linkedin.com\/company\/suno-research\/\",\"https:\/\/www.youtube.com\/c\/sunoresearch\"]},{\"@type\":\"Person\",\"@id\":\"https:\/\/www.suno.com.br\/noticias\/#\/schema\/person\/1db762f78ffd8919a648a63e425953e3\",\"name\":\"Juliano Passaro\",\"image\":{\"@type\":\"ImageObject\",\"inLanguage\":\"pt-BR\",\"@id\":\"https:\/\/www.suno.com.br\/noticias\/#\/schema\/person\/image\/\",\"url\":\"https:\/\/secure.gravatar.com\/avatar\/743d4df28eebf6dcc46b4ad03c319e92?s=96&r=g\",\"contentUrl\":\"https:\/\/secure.gravatar.com\/avatar\/743d4df28eebf6dcc46b4ad03c319e92?s=96&r=g\",\"caption\":\"Juliano Passaro\"},\"description\":\"Juliano Passaro escreve sobre pol\u00edtica, economia e neg\u00f3cios para o portal da Suno Research. Antes da Suno, trabalhou no Portal da Band. \u00c9 formado em jornalismo pela Universidade Presbiteriana Mackenzie.\",\"url\":\"https:\/\/www.suno.com.br\/noticias\/author\/juliano\/\"}]}<\/script>\n<!-- \/ Yoast SEO plugin. -->","yoast_head_json":{"title":"Oi (OIBR3) enxerga investimentos em telefonia fixa como \"n\u00e3o produtivos\"","description":"O CEO da Oi (OIBR3), Rodrigo Abreu, disse que os investimentos das empresas de telecomunica\u00e7\u00f5es em telefonia fixa n\u00e3o s\u00e3o \"produtivos\u201d.\u00a0","robots":{"index":"index","follow":"follow","max-snippet":"max-snippet:-1","max-image-preview":"max-image-preview:large","max-video-preview":"max-video-preview:-1"},"canonical":"https:\/\/www.suno.com.br\/noticias\/oi-oibr3-investimentos-telefonia-fixa-nao-produtivos\/","og_locale":"pt_BR","og_type":"article","og_title":"Oi (OIBR3) enxerga investimentos em telefonia fixa como \"n\u00e3o produtivos\"","og_description":"O CEO da Oi (OIBR3), Rodrigo Abreu, disse que os investimentos das empresas de telecomunica\u00e7\u00f5es em telefonia fixa n\u00e3o s\u00e3o \"produtivos\u201d.\u00a0","og_url":"https:\/\/www.suno.com.br\/noticias\/oi-oibr3-investimentos-telefonia-fixa-nao-produtivos\/","og_site_name":"Suno Not\u00edcias","article_publisher":"https:\/\/facebook.com\/sunoresearch","og_image":[{"width":936,"height":600,"url":"https:\/\/files.sunoresearch.com.br\/n\/uploads\/2020\/09\/8e940ccf-oi-rodrigo-abreu.jpeg","type":"image\/jpeg"}],"author":"Juliano Passaro","twitter_card":"summary_large_image","twitter_creator":"@sunoresearch","twitter_site":"@sunoresearch","twitter_misc":{"Escrito por":"Juliano Passaro","Est. tempo de leitura":"2 minutos"},"schema":{"@context":"https:\/\/schema.org","@graph":[{"@type":"NewsArticle","@id":"https:\/\/www.suno.com.br\/noticias\/oi-oibr3-investimentos-telefonia-fixa-nao-produtivos\/#article","isPartOf":{"@id":"https:\/\/www.suno.com.br\/noticias\/oi-oibr3-investimentos-telefonia-fixa-nao-produtivos\/"},"author":{"name":"Juliano Passaro","@id":"https:\/\/www.suno.com.br\/noticias\/#\/schema\/person\/1db762f78ffd8919a648a63e425953e3"},"headline":"Oi (OIBR3) enxerga investimentos em telefonia fixa como &#8220;n\u00e3o produtivos&#8221;","datePublished":"2020-09-22T16:21:31+00:00","dateModified":"2020-09-22T20:08:53+00:00","mainEntityOfPage":{"@id":"https:\/\/www.suno.com.br\/noticias\/oi-oibr3-investimentos-telefonia-fixa-nao-produtivos\/"},"wordCount":483,"publisher":{"@id":"https:\/\/www.suno.com.br\/noticias\/#organization"},"image":{"@id":"https:\/\/www.suno.com.br\/noticias\/oi-oibr3-investimentos-telefonia-fixa-nao-produtivos\/#primaryimage"},"thumbnailUrl":"https:\/\/files.sunoresearch.com.br\/n\/uploads\/2020\/09\/8e940ccf-oi-rodrigo-abreu-jpeg.webp","keywords":["Oi (OIBR3\/OIBR4)"],"articleSection":["Neg\u00f3cios"],"inLanguage":"pt-BR"},{"@type":"WebPage","@id":"https:\/\/www.suno.com.br\/noticias\/oi-oibr3-investimentos-telefonia-fixa-nao-produtivos\/","url":"https:\/\/www.suno.com.br\/noticias\/oi-oibr3-investimentos-telefonia-fixa-nao-produtivos\/","name":"Oi (OIBR3) enxerga investimentos em telefonia fixa como \"n\u00e3o produtivos\"","isPartOf":{"@id":"https:\/\/www.suno.com.br\/noticias\/#website"},"primaryImageOfPage":{"@id":"https:\/\/www.suno.com.br\/noticias\/oi-oibr3-investimentos-telefonia-fixa-nao-produtivos\/#primaryimage"},"image":{"@id":"https:\/\/www.suno.com.br\/noticias\/oi-oibr3-investimentos-telefonia-fixa-nao-produtivos\/#primaryimage"},"thumbnailUrl":"https:\/\/files.sunoresearch.com.br\/n\/uploads\/2020\/09\/8e940ccf-oi-rodrigo-abreu-jpeg.webp","datePublished":"2020-09-22T16:21:31+00:00","dateModified":"2020-09-22T20:08:53+00:00","description":"O CEO da Oi (OIBR3), Rodrigo Abreu, disse que os investimentos das empresas de telecomunica\u00e7\u00f5es em telefonia fixa n\u00e3o s\u00e3o \"produtivos\u201d.\u00a0","breadcrumb":{"@id":"https:\/\/www.suno.com.br\/noticias\/oi-oibr3-investimentos-telefonia-fixa-nao-produtivos\/#breadcrumb"},"inLanguage":"pt-BR","potentialAction":[{"@type":"ReadAction","target":["https:\/\/www.suno.com.br\/noticias\/oi-oibr3-investimentos-telefonia-fixa-nao-produtivos\/"]}]},{"@type":"ImageObject","inLanguage":"pt-BR","@id":"https:\/\/www.suno.com.br\/noticias\/oi-oibr3-investimentos-telefonia-fixa-nao-produtivos\/#primaryimage","url":"https:\/\/files.sunoresearch.com.br\/n\/uploads\/2020\/09\/8e940ccf-oi-rodrigo-abreu-jpeg.webp","contentUrl":"https:\/\/files.sunoresearch.com.br\/n\/uploads\/2020\/09\/8e940ccf-oi-rodrigo-abreu-jpeg.webp","width":936,"height":600,"caption":"O CEO da Oi, Rodigo Abreu. (foto: divulga\u00e7\u00e3o Oi)"},{"@type":"BreadcrumbList","@id":"https:\/\/www.suno.com.br\/noticias\/oi-oibr3-investimentos-telefonia-fixa-nao-produtivos\/#breadcrumb","itemListElement":[{"@type":"ListItem","position":1,"name":"Not\u00edcias","item":"https:\/\/www.suno.com.br\/noticias\/"},{"@type":"ListItem","position":2,"name":"Neg\u00f3cios","item":"https:\/\/www.suno.com.br\/noticias\/negocios\/"},{"@type":"ListItem","position":3,"name":"Oi (OIBR3) enxerga investimentos em telefonia fixa como &#8220;n\u00e3o produtivos&#8221;"}]},{"@type":"WebSite","@id":"https:\/\/www.suno.com.br\/noticias\/#website","url":"https:\/\/www.suno.com.br\/noticias\/","name":"Suno Not\u00edcias","description":"Seu portal de informa\u00e7\u00e3o sobre o mundo dos investimentos","publisher":{"@id":"https:\/\/www.suno.com.br\/noticias\/#organization"},"potentialAction":[{"@type":"SearchAction","target":{"@type":"EntryPoint","urlTemplate":"https:\/\/www.suno.com.br\/noticias\/?s={search_term_string}"},"query-input":{"@type":"PropertyValueSpecification","valueRequired":true,"valueName":"search_term_string"}}],"inLanguage":"pt-BR"},{"@type":"Organization","@id":"https:\/\/www.suno.com.br\/noticias\/#organization","name":"Suno Not\u00edcias","url":"https:\/\/www.suno.com.br\/noticias\/","logo":{"@type":"ImageObject","inLanguage":"pt-BR","@id":"https:\/\/www.suno.com.br\/noticias\/#\/schema\/logo\/image\/","url":"https:\/\/files.sunoresearch.com.br\/n\/uploads\/2021\/09\/suno-logo.png","contentUrl":"https:\/\/files.sunoresearch.com.br\/n\/uploads\/2021\/09\/suno-logo.png","width":180,"height":180,"caption":"Suno Not\u00edcias"},"image":{"@id":"https:\/\/www.suno.com.br\/noticias\/#\/schema\/logo\/image\/"},"sameAs":["https:\/\/facebook.com\/sunoresearch","https:\/\/x.com\/sunoresearch","https:\/\/www.instagram.com\/suno","https:\/\/www.linkedin.com\/company\/suno-research\/","https:\/\/www.youtube.com\/c\/sunoresearch"]},{"@type":"Person","@id":"https:\/\/www.suno.com.br\/noticias\/#\/schema\/person\/1db762f78ffd8919a648a63e425953e3","name":"Juliano Passaro","image":{"@type":"ImageObject","inLanguage":"pt-BR","@id":"https:\/\/www.suno.com.br\/noticias\/#\/schema\/person\/image\/","url":"https:\/\/secure.gravatar.com\/avatar\/743d4df28eebf6dcc46b4ad03c319e92?s=96&r=g","contentUrl":"https:\/\/secure.gravatar.com\/avatar\/743d4df28eebf6dcc46b4ad03c319e92?s=96&r=g","caption":"Juliano Passaro"},"description":"Juliano Passaro escreve sobre pol\u00edtica, economia e neg\u00f3cios para o portal da Suno Research. Antes da Suno, trabalhou no Portal da Band. \u00c9 formado em jornalismo pela Universidade Presbiteriana Mackenzie.","url":"https:\/\/www.suno.com.br\/noticias\/author\/juliano\/"}]}},"default_loop_html":"<div class=\"cardsPage__listCard__boxs\"><div class=\"cardsPage__listCard__boxs__img\"><a href=\"https:\/\/www.suno.com.br\/noticias\/oi-oibr3-investimentos-telefonia-fixa-nao-produtivos\/\"><img class=\"mask\" src=\"https:\/\/www.suno.com.br\/noticias\/wp-content\/themes\/suno\/resources\/images\/spotlight\/spotlight1img\/bg-mask.png\" alt=\"Image Mask\"\/><img src=\"https:\/\/files.sunoresearch.com.br\/n\/uploads\/2020\/09\/8e940ccf-oi-rodrigo-abreu-400x200.webp\" alt=\"Oi (OIBR3) enxerga investimentos em telefonia fixa como &#8220;n\u00e3o produtivos&#8221;\"\/><\/a><span class=\"spotlightCategory\"><a href=\"https:\/\/www.suno.com.br\/noticias\/negocios\/\">Neg\u00f3cios<\/a><\/span><\/div><div class=\"cardsPage__listCard__boxs__content\"><a href=\"https:\/\/www.suno.com.br\/noticias\/oi-oibr3-investimentos-telefonia-fixa-nao-produtivos\/\"><h2 class=\"content__title\">Oi (OIBR3) enxerga investimentos em telefonia fixa como &#8220;n\u00e3o produtivos&#8221;<\/h2><\/a><div class=\"newsContent__article__meta\"><div class=\"newsContent__article__meta__authorBox\"><a href=\"https:\/\/www.suno.com.br\/noticias\/author\/juliano\/\" class=\"authorBox__avatar noMobi\"><img src=\"https:\/\/files.sunoresearch.com.br\/n\/uploads\/2019\/06\/7cc3efea-whatsapp-image-2019-07-18-at-21.59.33-e1563499821209-150x150.webp\" alt=\"Juliano Passaro\"><\/a><div class=\"authorBox__name\"><span>por\n\t\t\t<a href=\"https:\/\/www.suno.com.br\/noticias\/author\/juliano\/\"><span itemprop=\"author\">Juliano Passaro<\/span><\/a><\/span><time datetime=\"2020-09-22T13:21:31-03:00\" itemprop=\"datePublished\">22\/09\/2020 13:21<\/time><\/div><\/div><\/div><\/div><\/div>","single_layout":"posts","amp_enabled":true,"_links":{"self":[{"href":"https:\/\/www.suno.com.br\/noticias\/wp-json\/wp\/v2\/posts\/86458"}],"collection":[{"href":"https:\/\/www.suno.com.br\/noticias\/wp-json\/wp\/v2\/posts"}],"about":[{"href":"https:\/\/www.suno.com.br\/noticias\/wp-json\/wp\/v2\/types\/post"}],"author":[{"embeddable":true,"href":"https:\/\/www.suno.com.br\/noticias\/wp-json\/wp\/v2\/users\/19"}],"replies":[{"embeddable":true,"href":"https:\/\/www.suno.com.br\/noticias\/wp-json\/wp\/v2\/comments?post=86458"}],"version-history":[{"count":0,"href":"https:\/\/www.suno.com.br\/noticias\/wp-json\/wp\/v2\/posts\/86458\/revisions"}],"wp:featuredmedia":[{"embeddable":true,"href":"https:\/\/www.suno.com.br\/noticias\/wp-json\/wp\/v2\/media\/86502"}],"wp:attachment":[{"href":"https:\/\/www.suno.com.br\/noticias\/wp-json\/wp\/v2\/media?parent=86458"}],"wp:term":[{"taxonomy":"category","embeddable":true,"href":"https:\/\/www.suno.com.br\/noticias\/wp-json\/wp\/v2\/categories?post=86458"},{"taxonomy":"post_tag","embeddable":true,"href":"https:\/\/www.suno.com.br\/noticias\/wp-json\/wp\/v2\/tags?post=86458"},{"taxonomy":"suno_strategy","embeddable":true,"href":"https:\/\/www.suno.com.br\/noticias\/wp-json\/wp\/v2\/suno_strategy?post=86458"}],"curies":[{"name":"wp","href":"https:\/\/api.w.org\/{rel}","templated":true}]}}