{"id":86449,"date":"2020-09-22T11:43:49","date_gmt":"2020-09-22T14:43:49","guid":{"rendered":"https:\/\/www.suno.com.br\/noticias\/?p=86449"},"modified":"2021-06-13T23:34:03","modified_gmt":"2021-06-14T02:34:03","slug":"facebook-pode-restringir-usuarios-caso-eleicoes-virem-caos","status":"publish","type":"post","link":"https:\/\/www.suno.com.br\/noticias\/facebook-pode-restringir-usuarios-caso-eleicoes-virem-caos\/","title":{"rendered":"Facebook pode restringir usu\u00e1rios caso elei\u00e7\u00f5es dos EUA virem um &#8216;caos&#8217;"},"content":{"rendered":"<p>Caso as elei\u00e7\u00f5es presidenciais dos Estados Unidos, que acontecer\u00e3o em novembro deste ano, se tornem um &#8220;caos&#8221;, o <strong>Facebook<\/strong> (<a href=\"https:\/\/www.suno.com.br\/artigos\/nasdaq\/\">NASDAQ<\/a>: FB) pode restringir a atua\u00e7\u00e3o de usu\u00e1rios como uma das medidas graves para apartar a &#8220;violenta agita\u00e7\u00e3o c\u00edvica&#8221;. As informa\u00e7\u00f5es foram reveladas pelo chefe de assuntos globais da companhia, Nick Clegg, em entrevista ao jornal brit\u00e2nico &#8220;Financial Times&#8221;.<\/p>\t<div class=\"wrapper-featured-image\">\n\t\t<figure class=\"spotlightImg\">\n\n\t\t\t<picture>\n\t\t\t\t<source media=\"(max-width: 768px)\" srcset=\"https:\/\/files.sunoresearch.com.br\/n\/uploads\/2020\/06\/3996cbcc-facebook-400x200.webp\">\n\t\t\t\t<img loading=\"lazy\" decoding=\"async\" class=\"newsContent__article__imgCapa lazyloadDisabled \" src=\"https:\/\/files.sunoresearch.com.br\/n\/uploads\/2020\/06\/3996cbcc-facebook-800x450.webp\" width=\"800\" height=\"450\" alt=\"Facebook pode restringir usu\u00e1rios caso elei\u00e7\u00f5es dos EUA virem um &#8216;caos&#8217;\" fetchpriority=high \/>\n\t\t\t<\/picture>\n\n\t\t\t<figcaption class=\"wp-caption-text wp-caption-text--show\">O Facebook vai comprar a startup de atendimento ao cliente Kustomer<\/figcaption>\n\t\t<\/figure>\n\t<\/div>\n\n\n<div class=\"hubspot-form-wrapper\">\n\t<div id=\"single-form-target\"><\/div>\n<\/div>\n\n<p>O executivo do Facebook afirmou que est\u00e3o sendo tra\u00e7adas estrat\u00e9gias para lidar com uma s\u00e9rie de resultados oriundos das <strong>elei\u00e7\u00f5es<\/strong>. Para ele, a rede social permanecer\u00e1 atenta aos &#8220;dilemas pol\u00edticos&#8221; de ter votos pessoais contados mais rapidamente do que as c\u00e9dulas pelo correio, procedimento que ser\u00e1 implementado em fun\u00e7\u00e3o da pandemia do <a href=\"https:\/\/www.suno.com.br\/noticias\/?s=coronav%C3%ADrus\">novo coronav\u00edrus (Covid-19)<\/a>.<\/p>\n<p>\u201cExistem algumas op\u00e7\u00f5es de quebra-vidros dispon\u00edveis para n\u00f3s se realmente houver um conjunto de circunst\u00e2ncias extremamente ca\u00f3ticas e, pior ainda, violentas\u201d, afirmou <strong>Clegg<\/strong>, embora n\u00e3o tenha dado mais detalhes sobre as medidas que est\u00e3o sendo discutidas.<\/p>\n<p><a href=\"https:\/\/lp.suno.com.br\/suno-one\/\">Suno One: o primeiro passo para alcan\u00e7ar a sua independ\u00eancia financeira. Acesse agora, \u00e9 gratuito!<\/a><\/p>\n<p>Os planos que est\u00e3o sob a mesa, que podem ir para patamares sem precedentes na atua\u00e7\u00e3o do Facebook, vem \u00e0 tona em meio \u00e0 press\u00e3o que a companhia sofre para explicar de que forma ir\u00e1 combater a desinforma\u00e7\u00e3o relacionada ao processo eleitoral. Autoridades e cr\u00edticos quem saber de que maneira o grupo de tecnologia agir\u00e1 frente \u00e0 repress\u00e3o eleitoral, incitamento \u00e0 viol\u00eancia no dia das elei\u00e7\u00f5es, 3 de novembro, ou no p\u00f3s-elei\u00e7\u00f5es.<\/p>\n<p>Tamb\u00e9m est\u00e1 no radar a possibilidade de que at\u00e9 o pr\u00f3prio presidente dos Estados Unidos, <a href=\"https:\/\/www.suno.com.br\/tudo-sobre\/donald-trump\/\"><strong>Donald Trump<\/strong><\/a>, possa recorrer \u00e0s redes sociais para contestar o resultado auferido dos votos ou incitar um protesto violento, o que pode acarretar uma crise constitucional, caso n\u00e3o consiga ser reeleito.<\/p>\n<p>\u201cTemos agido agressivamente em outras partes do mundo onde pensamos que h\u00e1 uma instabilidade c\u00edvica real e obviamente temos as ferramentas para fazer isso [de novo]\u201d, disse Clegg, mencionando o uso anterior de \u201cmedidas bastante excepcionais para restringir significativamente a circula\u00e7\u00e3o de conte\u00fado em nossa plataforma\u201d.<\/p>\n<h2>Facebook \u00e9 pressionado com base em 2016<\/h2>\n<p>O Facebook se prepara para um processo eleitoral altamente polarizado, e que deve ser pressionado ainda mais do que o observado nas elei\u00e7\u00f5es de 2016, quando foi acusado de n\u00e3o conseguir capturar as tentativas da R\u00fassia de manipular a vota\u00e7\u00e3o. Segundo o &#8220;Financial Times&#8221;, a companhia estuda lidar com cerca de 70 cen\u00e1rios potenciais diferentes, junto \u00e0 planejadores de <strong>cen\u00e1rios militares<\/strong> de classe mundial.<\/p>\n\t<div data-element=\"shortcode-read-more\" class=\"knowMore\">\n\t\t\t\t<span class=\"knowMore__title\">Saiba mais<\/span>\n\t\t\t\t<a class=\"knowMore__link\" href=\"https:\/\/www.suno.com.br\/noticias\/facebook-deve-proibir-novos-anuncios-de-campanhas-politicas-nos-eua\/\">\n\t\t\tFacebook deve proibir novos an\u00fancios de campanhas pol\u00edticas nos EUA\t\t<\/a>\n\t<\/div>\n\n\n<p>Clegg ressalta que qualquer decis\u00e3o de alto risco recair\u00e1 sobre a equipe de altos executivos do Facebook, isso inclui ele pr\u00f3prio, al\u00e9m da diretora de opera\u00e7\u00f5es Sheryl Sandberg.<\/p>\n<p>\u201cN\u00f3s reorganizamos um pouco as coisas de forma que temos um arranjo bastante r\u00edgido pelo qual as decis\u00f5es s\u00e3o tomadas em diferentes n\u00edveis [dependendo] da gravidade da controv\u00e9rsia associada\u201d, afirmou o executivo. Ele disse, ainda, que o volume de recursos que est\u00e3o sendo investidos pelo <strong>Facebook<\/strong> nesse processo \u00e9 &#8220;muito consider\u00e1vel&#8221;, incluindo sala de guerra virtual, chamda de \u201cCentro de Opera\u00e7\u00f5es Eleitorais\u201d, que ir\u00e1 monitorar atividades suspeitas.<\/p>\n\t<p>\n\t\t<a href=\"https:\/\/lp.suno.com.br\/planilha-de-controle-de-investimentos\/\" target=\"_blank\" data-element=\"shortcode-suno-banner\" title=\"Banner SUNO, clique e saiba mais\">\n\t\t\t<picture>\n\t\t\t\t<source media=\"(max-width: 500px)\" srcset=\"https:\/\/files.sunoresearch.com.br\/n\/uploads\/2023\/03\/400x300-Controle-de-Investimentos.png\">\n\t\t\t\t<img class=\"newsContent__article__imgCapa newsContent__article__imgCapa--banner\"\n\t\t\t\t\tsrc=\"https:\/\/files.sunoresearch.com.br\/n\/uploads\/2023\/03\/1420x240-Controle-de-Investimentos.png\"\n\t\t\t\t\tdata-promo-id=\"75934\"\t\t\t\t\t\t\t\t\t\twidth='1420' height='240'\t\t\t\t\talt=\"https:\/\/files.sunoresearch.com.br\/n\/uploads\/2023\/03\/1420x240-Controle-de-Investimentos.png\"\n\t\t\t\t>\n\t\t\t<\/picture>\n\t\t<\/a>\n\t<\/p>\n\n\n","protected":false},"excerpt":{"rendered":"<p>Caso as elei\u00e7\u00f5es presidenciais dos Estados Unidos, que acontecer\u00e3o em novembro deste ano, se tornem um &#8220;caos&#8221;, o Facebook (NASDAQ: FB) pode restringir a atua\u00e7\u00e3o de usu\u00e1rios como uma das medidas graves para apartar a &#8220;violenta agita\u00e7\u00e3o c\u00edvica&#8221;. As informa\u00e7\u00f5es foram reveladas pelo chefe de assuntos globais da companhia, Nick Clegg, em entrevista ao jornal [&hellip;]<\/p>\n","protected":false},"author":24,"featured_media":67674,"comment_status":"closed","ping_status":"closed","sticky":false,"template":"","format":"standard","meta":[],"categories":[64],"tags":[724,793,733],"suno_strategy":[],"class_list":["post-86449","post","type-post","status-publish","format-standard","has-post-thumbnail","hentry","category-negocios","tag-donald-trump","tag-estados-unidos-eua","tag-facebook-fbok34"],"yoast_head":"<!-- This site is optimized with the Yoast SEO plugin v24.4 - https:\/\/yoast.com\/wordpress\/plugins\/seo\/ -->\n<title>Facebook pode restringir usu\u00e1rios caso elei\u00e7\u00f5es dos EUA virem um &#039;caos&#039;<\/title>\n<meta name=\"description\" content=\"Caso as elei\u00e7\u00f5es presidenciais nos EUA se tornem um &quot;caos&quot;, o Facebook pode restringir a atua\u00e7\u00e3o de usu\u00e1rios. Clique aqui e saiba mais.\" \/>\n<meta name=\"robots\" content=\"index, follow, max-snippet:-1, max-image-preview:large, max-video-preview:-1\" \/>\n<link rel=\"canonical\" href=\"https:\/\/www.suno.com.br\/noticias\/facebook-pode-restringir-usuarios-caso-eleicoes-virem-caos\/\" \/>\n<meta property=\"og:locale\" content=\"pt_BR\" \/>\n<meta property=\"og:type\" content=\"article\" \/>\n<meta property=\"og:title\" content=\"Facebook pode restringir usu\u00e1rios caso elei\u00e7\u00f5es dos EUA virem um &#039;caos&#039;\" \/>\n<meta property=\"og:description\" content=\"Caso as elei\u00e7\u00f5es presidenciais nos EUA se tornem um &quot;caos&quot;, o Facebook pode restringir a atua\u00e7\u00e3o de usu\u00e1rios. Clique aqui e saiba mais.\" \/>\n<meta property=\"og:url\" content=\"https:\/\/www.suno.com.br\/noticias\/facebook-pode-restringir-usuarios-caso-eleicoes-virem-caos\/\" \/>\n<meta property=\"og:site_name\" content=\"Suno Not\u00edcias\" \/>\n<meta property=\"article:publisher\" content=\"https:\/\/facebook.com\/sunoresearch\" \/>\n<meta property=\"og:image\" content=\"https:\/\/files.sunoresearch.com.br\/n\/uploads\/2020\/06\/3996cbcc-facebook.jpg\" \/>\n\t<meta property=\"og:image:width\" content=\"1280\" \/>\n\t<meta property=\"og:image:height\" content=\"853\" \/>\n\t<meta property=\"og:image:type\" content=\"image\/jpeg\" \/>\n<meta name=\"author\" content=\"Jader Lazarini\" \/>\n<meta name=\"twitter:card\" content=\"summary_large_image\" \/>\n<meta name=\"twitter:creator\" content=\"@sunoresearch\" \/>\n<meta name=\"twitter:site\" content=\"@sunoresearch\" \/>\n<meta name=\"twitter:label1\" content=\"Escrito por\" \/>\n\t<meta name=\"twitter:data1\" content=\"Jader Lazarini\" \/>\n\t<meta name=\"twitter:label2\" content=\"Est. tempo de leitura\" \/>\n\t<meta name=\"twitter:data2\" content=\"3 minutos\" \/>\n<script type=\"application\/ld+json\" class=\"yoast-schema-graph\">{\"@context\":\"https:\/\/schema.org\",\"@graph\":[{\"@type\":\"NewsArticle\",\"@id\":\"https:\/\/www.suno.com.br\/noticias\/facebook-pode-restringir-usuarios-caso-eleicoes-virem-caos\/#article\",\"isPartOf\":{\"@id\":\"https:\/\/www.suno.com.br\/noticias\/facebook-pode-restringir-usuarios-caso-eleicoes-virem-caos\/\"},\"author\":{\"name\":\"Jader Lazarini\",\"@id\":\"https:\/\/www.suno.com.br\/noticias\/#\/schema\/person\/918d79de1f0281f01599b93f9ea6e23f\"},\"headline\":\"Facebook pode restringir usu\u00e1rios caso elei\u00e7\u00f5es dos EUA virem um &#8216;caos&#8217;\",\"datePublished\":\"2020-09-22T14:43:49+00:00\",\"dateModified\":\"2021-06-14T02:34:03+00:00\",\"mainEntityOfPage\":{\"@id\":\"https:\/\/www.suno.com.br\/noticias\/facebook-pode-restringir-usuarios-caso-eleicoes-virem-caos\/\"},\"wordCount\":579,\"publisher\":{\"@id\":\"https:\/\/www.suno.com.br\/noticias\/#organization\"},\"image\":{\"@id\":\"https:\/\/www.suno.com.br\/noticias\/facebook-pode-restringir-usuarios-caso-eleicoes-virem-caos\/#primaryimage\"},\"thumbnailUrl\":\"https:\/\/files.sunoresearch.com.br\/n\/uploads\/2020\/06\/3996cbcc-facebook-jpg.webp\",\"keywords\":[\"Donald Trump\",\"Estados Unidos (EUA)\",\"Facebook (FBOK34)\"],\"articleSection\":[\"Neg\u00f3cios\"],\"inLanguage\":\"pt-BR\"},{\"@type\":\"WebPage\",\"@id\":\"https:\/\/www.suno.com.br\/noticias\/facebook-pode-restringir-usuarios-caso-eleicoes-virem-caos\/\",\"url\":\"https:\/\/www.suno.com.br\/noticias\/facebook-pode-restringir-usuarios-caso-eleicoes-virem-caos\/\",\"name\":\"Facebook pode restringir usu\u00e1rios caso elei\u00e7\u00f5es dos EUA virem um 'caos'\",\"isPartOf\":{\"@id\":\"https:\/\/www.suno.com.br\/noticias\/#website\"},\"primaryImageOfPage\":{\"@id\":\"https:\/\/www.suno.com.br\/noticias\/facebook-pode-restringir-usuarios-caso-eleicoes-virem-caos\/#primaryimage\"},\"image\":{\"@id\":\"https:\/\/www.suno.com.br\/noticias\/facebook-pode-restringir-usuarios-caso-eleicoes-virem-caos\/#primaryimage\"},\"thumbnailUrl\":\"https:\/\/files.sunoresearch.com.br\/n\/uploads\/2020\/06\/3996cbcc-facebook-jpg.webp\",\"datePublished\":\"2020-09-22T14:43:49+00:00\",\"dateModified\":\"2021-06-14T02:34:03+00:00\",\"description\":\"Caso as elei\u00e7\u00f5es presidenciais nos EUA se tornem um \\\"caos\\\", o Facebook pode restringir a atua\u00e7\u00e3o de usu\u00e1rios. Clique aqui e saiba mais.\",\"breadcrumb\":{\"@id\":\"https:\/\/www.suno.com.br\/noticias\/facebook-pode-restringir-usuarios-caso-eleicoes-virem-caos\/#breadcrumb\"},\"inLanguage\":\"pt-BR\",\"potentialAction\":[{\"@type\":\"ReadAction\",\"target\":[\"https:\/\/www.suno.com.br\/noticias\/facebook-pode-restringir-usuarios-caso-eleicoes-virem-caos\/\"]}]},{\"@type\":\"ImageObject\",\"inLanguage\":\"pt-BR\",\"@id\":\"https:\/\/www.suno.com.br\/noticias\/facebook-pode-restringir-usuarios-caso-eleicoes-virem-caos\/#primaryimage\",\"url\":\"https:\/\/files.sunoresearch.com.br\/n\/uploads\/2020\/06\/3996cbcc-facebook-jpg.webp\",\"contentUrl\":\"https:\/\/files.sunoresearch.com.br\/n\/uploads\/2020\/06\/3996cbcc-facebook-jpg.webp\",\"width\":1280,\"height\":853,\"caption\":\"O Facebook vai comprar a startup de atendimento ao cliente Kustomer\"},{\"@type\":\"BreadcrumbList\",\"@id\":\"https:\/\/www.suno.com.br\/noticias\/facebook-pode-restringir-usuarios-caso-eleicoes-virem-caos\/#breadcrumb\",\"itemListElement\":[{\"@type\":\"ListItem\",\"position\":1,\"name\":\"Not\u00edcias\",\"item\":\"https:\/\/www.suno.com.br\/noticias\/\"},{\"@type\":\"ListItem\",\"position\":2,\"name\":\"Neg\u00f3cios\",\"item\":\"https:\/\/www.suno.com.br\/noticias\/negocios\/\"},{\"@type\":\"ListItem\",\"position\":3,\"name\":\"Facebook pode restringir usu\u00e1rios caso elei\u00e7\u00f5es dos EUA virem um &#8216;caos&#8217;\"}]},{\"@type\":\"WebSite\",\"@id\":\"https:\/\/www.suno.com.br\/noticias\/#website\",\"url\":\"https:\/\/www.suno.com.br\/noticias\/\",\"name\":\"Suno Not\u00edcias\",\"description\":\"Seu portal de informa\u00e7\u00e3o sobre o mundo dos investimentos\",\"publisher\":{\"@id\":\"https:\/\/www.suno.com.br\/noticias\/#organization\"},\"potentialAction\":[{\"@type\":\"SearchAction\",\"target\":{\"@type\":\"EntryPoint\",\"urlTemplate\":\"https:\/\/www.suno.com.br\/noticias\/?s={search_term_string}\"},\"query-input\":{\"@type\":\"PropertyValueSpecification\",\"valueRequired\":true,\"valueName\":\"search_term_string\"}}],\"inLanguage\":\"pt-BR\"},{\"@type\":\"Organization\",\"@id\":\"https:\/\/www.suno.com.br\/noticias\/#organization\",\"name\":\"Suno Not\u00edcias\",\"url\":\"https:\/\/www.suno.com.br\/noticias\/\",\"logo\":{\"@type\":\"ImageObject\",\"inLanguage\":\"pt-BR\",\"@id\":\"https:\/\/www.suno.com.br\/noticias\/#\/schema\/logo\/image\/\",\"url\":\"https:\/\/files.sunoresearch.com.br\/n\/uploads\/2021\/09\/suno-logo.png\",\"contentUrl\":\"https:\/\/files.sunoresearch.com.br\/n\/uploads\/2021\/09\/suno-logo.png\",\"width\":180,\"height\":180,\"caption\":\"Suno Not\u00edcias\"},\"image\":{\"@id\":\"https:\/\/www.suno.com.br\/noticias\/#\/schema\/logo\/image\/\"},\"sameAs\":[\"https:\/\/facebook.com\/sunoresearch\",\"https:\/\/x.com\/sunoresearch\",\"https:\/\/www.instagram.com\/suno\",\"https:\/\/www.linkedin.com\/company\/suno-research\/\",\"https:\/\/www.youtube.com\/c\/sunoresearch\"]},{\"@type\":\"Person\",\"@id\":\"https:\/\/www.suno.com.br\/noticias\/#\/schema\/person\/918d79de1f0281f01599b93f9ea6e23f\",\"name\":\"Jader Lazarini\",\"image\":{\"@type\":\"ImageObject\",\"inLanguage\":\"pt-BR\",\"@id\":\"https:\/\/www.suno.com.br\/noticias\/#\/schema\/person\/image\/\",\"url\":\"https:\/\/secure.gravatar.com\/avatar\/3c1ad8caa51589841baeb923fcddea97?s=96&r=g\",\"contentUrl\":\"https:\/\/secure.gravatar.com\/avatar\/3c1ad8caa51589841baeb923fcddea97?s=96&r=g\",\"caption\":\"Jader Lazarini\"},\"description\":\"Jader Lazarini escreve sobre investimentos, finan\u00e7as, economia e neg\u00f3cios. \u00c9 bacharel em Rela\u00e7\u00f5es Internacionais e analista CNPI (2619).\",\"url\":\"https:\/\/www.suno.com.br\/noticias\/author\/jader-lazarini\/\"}]}<\/script>\n<!-- \/ Yoast SEO plugin. -->","yoast_head_json":{"title":"Facebook pode restringir usu\u00e1rios caso elei\u00e7\u00f5es dos EUA virem um 'caos'","description":"Caso as elei\u00e7\u00f5es presidenciais nos EUA se tornem um \"caos\", o Facebook pode restringir a atua\u00e7\u00e3o de usu\u00e1rios. Clique aqui e saiba mais.","robots":{"index":"index","follow":"follow","max-snippet":"max-snippet:-1","max-image-preview":"max-image-preview:large","max-video-preview":"max-video-preview:-1"},"canonical":"https:\/\/www.suno.com.br\/noticias\/facebook-pode-restringir-usuarios-caso-eleicoes-virem-caos\/","og_locale":"pt_BR","og_type":"article","og_title":"Facebook pode restringir usu\u00e1rios caso elei\u00e7\u00f5es dos EUA virem um 'caos'","og_description":"Caso as elei\u00e7\u00f5es presidenciais nos EUA se tornem um \"caos\", o Facebook pode restringir a atua\u00e7\u00e3o de usu\u00e1rios. Clique aqui e saiba mais.","og_url":"https:\/\/www.suno.com.br\/noticias\/facebook-pode-restringir-usuarios-caso-eleicoes-virem-caos\/","og_site_name":"Suno Not\u00edcias","article_publisher":"https:\/\/facebook.com\/sunoresearch","og_image":[{"width":1280,"height":853,"url":"https:\/\/files.sunoresearch.com.br\/n\/uploads\/2020\/06\/3996cbcc-facebook.jpg","type":"image\/jpeg"}],"author":"Jader Lazarini","twitter_card":"summary_large_image","twitter_creator":"@sunoresearch","twitter_site":"@sunoresearch","twitter_misc":{"Escrito por":"Jader Lazarini","Est. tempo de leitura":"3 minutos"},"schema":{"@context":"https:\/\/schema.org","@graph":[{"@type":"NewsArticle","@id":"https:\/\/www.suno.com.br\/noticias\/facebook-pode-restringir-usuarios-caso-eleicoes-virem-caos\/#article","isPartOf":{"@id":"https:\/\/www.suno.com.br\/noticias\/facebook-pode-restringir-usuarios-caso-eleicoes-virem-caos\/"},"author":{"name":"Jader Lazarini","@id":"https:\/\/www.suno.com.br\/noticias\/#\/schema\/person\/918d79de1f0281f01599b93f9ea6e23f"},"headline":"Facebook pode restringir usu\u00e1rios caso elei\u00e7\u00f5es dos EUA virem um &#8216;caos&#8217;","datePublished":"2020-09-22T14:43:49+00:00","dateModified":"2021-06-14T02:34:03+00:00","mainEntityOfPage":{"@id":"https:\/\/www.suno.com.br\/noticias\/facebook-pode-restringir-usuarios-caso-eleicoes-virem-caos\/"},"wordCount":579,"publisher":{"@id":"https:\/\/www.suno.com.br\/noticias\/#organization"},"image":{"@id":"https:\/\/www.suno.com.br\/noticias\/facebook-pode-restringir-usuarios-caso-eleicoes-virem-caos\/#primaryimage"},"thumbnailUrl":"https:\/\/files.sunoresearch.com.br\/n\/uploads\/2020\/06\/3996cbcc-facebook-jpg.webp","keywords":["Donald Trump","Estados Unidos (EUA)","Facebook (FBOK34)"],"articleSection":["Neg\u00f3cios"],"inLanguage":"pt-BR"},{"@type":"WebPage","@id":"https:\/\/www.suno.com.br\/noticias\/facebook-pode-restringir-usuarios-caso-eleicoes-virem-caos\/","url":"https:\/\/www.suno.com.br\/noticias\/facebook-pode-restringir-usuarios-caso-eleicoes-virem-caos\/","name":"Facebook pode restringir usu\u00e1rios caso elei\u00e7\u00f5es dos EUA virem um 'caos'","isPartOf":{"@id":"https:\/\/www.suno.com.br\/noticias\/#website"},"primaryImageOfPage":{"@id":"https:\/\/www.suno.com.br\/noticias\/facebook-pode-restringir-usuarios-caso-eleicoes-virem-caos\/#primaryimage"},"image":{"@id":"https:\/\/www.suno.com.br\/noticias\/facebook-pode-restringir-usuarios-caso-eleicoes-virem-caos\/#primaryimage"},"thumbnailUrl":"https:\/\/files.sunoresearch.com.br\/n\/uploads\/2020\/06\/3996cbcc-facebook-jpg.webp","datePublished":"2020-09-22T14:43:49+00:00","dateModified":"2021-06-14T02:34:03+00:00","description":"Caso as elei\u00e7\u00f5es presidenciais nos EUA se tornem um \"caos\", o Facebook pode restringir a atua\u00e7\u00e3o de usu\u00e1rios. Clique aqui e saiba mais.","breadcrumb":{"@id":"https:\/\/www.suno.com.br\/noticias\/facebook-pode-restringir-usuarios-caso-eleicoes-virem-caos\/#breadcrumb"},"inLanguage":"pt-BR","potentialAction":[{"@type":"ReadAction","target":["https:\/\/www.suno.com.br\/noticias\/facebook-pode-restringir-usuarios-caso-eleicoes-virem-caos\/"]}]},{"@type":"ImageObject","inLanguage":"pt-BR","@id":"https:\/\/www.suno.com.br\/noticias\/facebook-pode-restringir-usuarios-caso-eleicoes-virem-caos\/#primaryimage","url":"https:\/\/files.sunoresearch.com.br\/n\/uploads\/2020\/06\/3996cbcc-facebook-jpg.webp","contentUrl":"https:\/\/files.sunoresearch.com.br\/n\/uploads\/2020\/06\/3996cbcc-facebook-jpg.webp","width":1280,"height":853,"caption":"O Facebook vai comprar a startup de atendimento ao cliente Kustomer"},{"@type":"BreadcrumbList","@id":"https:\/\/www.suno.com.br\/noticias\/facebook-pode-restringir-usuarios-caso-eleicoes-virem-caos\/#breadcrumb","itemListElement":[{"@type":"ListItem","position":1,"name":"Not\u00edcias","item":"https:\/\/www.suno.com.br\/noticias\/"},{"@type":"ListItem","position":2,"name":"Neg\u00f3cios","item":"https:\/\/www.suno.com.br\/noticias\/negocios\/"},{"@type":"ListItem","position":3,"name":"Facebook pode restringir usu\u00e1rios caso elei\u00e7\u00f5es dos EUA virem um &#8216;caos&#8217;"}]},{"@type":"WebSite","@id":"https:\/\/www.suno.com.br\/noticias\/#website","url":"https:\/\/www.suno.com.br\/noticias\/","name":"Suno Not\u00edcias","description":"Seu portal de informa\u00e7\u00e3o sobre o mundo dos investimentos","publisher":{"@id":"https:\/\/www.suno.com.br\/noticias\/#organization"},"potentialAction":[{"@type":"SearchAction","target":{"@type":"EntryPoint","urlTemplate":"https:\/\/www.suno.com.br\/noticias\/?s={search_term_string}"},"query-input":{"@type":"PropertyValueSpecification","valueRequired":true,"valueName":"search_term_string"}}],"inLanguage":"pt-BR"},{"@type":"Organization","@id":"https:\/\/www.suno.com.br\/noticias\/#organization","name":"Suno Not\u00edcias","url":"https:\/\/www.suno.com.br\/noticias\/","logo":{"@type":"ImageObject","inLanguage":"pt-BR","@id":"https:\/\/www.suno.com.br\/noticias\/#\/schema\/logo\/image\/","url":"https:\/\/files.sunoresearch.com.br\/n\/uploads\/2021\/09\/suno-logo.png","contentUrl":"https:\/\/files.sunoresearch.com.br\/n\/uploads\/2021\/09\/suno-logo.png","width":180,"height":180,"caption":"Suno Not\u00edcias"},"image":{"@id":"https:\/\/www.suno.com.br\/noticias\/#\/schema\/logo\/image\/"},"sameAs":["https:\/\/facebook.com\/sunoresearch","https:\/\/x.com\/sunoresearch","https:\/\/www.instagram.com\/suno","https:\/\/www.linkedin.com\/company\/suno-research\/","https:\/\/www.youtube.com\/c\/sunoresearch"]},{"@type":"Person","@id":"https:\/\/www.suno.com.br\/noticias\/#\/schema\/person\/918d79de1f0281f01599b93f9ea6e23f","name":"Jader Lazarini","image":{"@type":"ImageObject","inLanguage":"pt-BR","@id":"https:\/\/www.suno.com.br\/noticias\/#\/schema\/person\/image\/","url":"https:\/\/secure.gravatar.com\/avatar\/3c1ad8caa51589841baeb923fcddea97?s=96&r=g","contentUrl":"https:\/\/secure.gravatar.com\/avatar\/3c1ad8caa51589841baeb923fcddea97?s=96&r=g","caption":"Jader Lazarini"},"description":"Jader Lazarini escreve sobre investimentos, finan\u00e7as, economia e neg\u00f3cios. \u00c9 bacharel em Rela\u00e7\u00f5es Internacionais e analista CNPI (2619).","url":"https:\/\/www.suno.com.br\/noticias\/author\/jader-lazarini\/"}]}},"default_loop_html":"<div class=\"cardsPage__listCard__boxs\"><div class=\"cardsPage__listCard__boxs__img\"><a href=\"https:\/\/www.suno.com.br\/noticias\/facebook-pode-restringir-usuarios-caso-eleicoes-virem-caos\/\"><img class=\"mask\" src=\"https:\/\/www.suno.com.br\/noticias\/wp-content\/themes\/suno\/resources\/images\/spotlight\/spotlight1img\/bg-mask.png\" alt=\"Image Mask\"\/><img src=\"https:\/\/files.sunoresearch.com.br\/n\/uploads\/2020\/06\/3996cbcc-facebook-400x200.webp\" alt=\"Facebook pode restringir usu\u00e1rios caso elei\u00e7\u00f5es dos EUA virem um &#8216;caos&#8217;\"\/><\/a><span class=\"spotlightCategory\"><a href=\"https:\/\/www.suno.com.br\/noticias\/negocios\/\">Neg\u00f3cios<\/a><\/span><\/div><div class=\"cardsPage__listCard__boxs__content\"><a href=\"https:\/\/www.suno.com.br\/noticias\/facebook-pode-restringir-usuarios-caso-eleicoes-virem-caos\/\"><h2 class=\"content__title\">Facebook pode restringir usu\u00e1rios caso elei\u00e7\u00f5es dos EUA virem um &#8216;caos&#8217;<\/h2><\/a><div class=\"newsContent__article__meta\"><div class=\"newsContent__article__meta__authorBox\"><a href=\"https:\/\/www.suno.com.br\/noticias\/author\/jader-lazarini\/\" class=\"authorBox__avatar noMobi\"><img src=\"https:\/\/files.sunoresearch.com.br\/n\/uploads\/2021\/01\/178e6598-foto-perfil-2-150x150.jpg\" alt=\"Jader Lazarini\"><\/a><div class=\"authorBox__name\"><span>por\n\t\t\t<a href=\"https:\/\/www.suno.com.br\/noticias\/author\/jader-lazarini\/\"><span itemprop=\"author\">Jader Lazarini<\/span><\/a><\/span><time datetime=\"2020-09-22T11:43:49-03:00\" itemprop=\"datePublished\">22\/09\/2020 11:43<\/time><\/div><\/div><\/div><\/div><\/div>","single_layout":"posts","amp_enabled":true,"_links":{"self":[{"href":"https:\/\/www.suno.com.br\/noticias\/wp-json\/wp\/v2\/posts\/86449"}],"collection":[{"href":"https:\/\/www.suno.com.br\/noticias\/wp-json\/wp\/v2\/posts"}],"about":[{"href":"https:\/\/www.suno.com.br\/noticias\/wp-json\/wp\/v2\/types\/post"}],"author":[{"embeddable":true,"href":"https:\/\/www.suno.com.br\/noticias\/wp-json\/wp\/v2\/users\/24"}],"replies":[{"embeddable":true,"href":"https:\/\/www.suno.com.br\/noticias\/wp-json\/wp\/v2\/comments?post=86449"}],"version-history":[{"count":2,"href":"https:\/\/www.suno.com.br\/noticias\/wp-json\/wp\/v2\/posts\/86449\/revisions"}],"predecessor-version":[{"id":156931,"href":"https:\/\/www.suno.com.br\/noticias\/wp-json\/wp\/v2\/posts\/86449\/revisions\/156931"}],"wp:featuredmedia":[{"embeddable":true,"href":"https:\/\/www.suno.com.br\/noticias\/wp-json\/wp\/v2\/media\/67674"}],"wp:attachment":[{"href":"https:\/\/www.suno.com.br\/noticias\/wp-json\/wp\/v2\/media?parent=86449"}],"wp:term":[{"taxonomy":"category","embeddable":true,"href":"https:\/\/www.suno.com.br\/noticias\/wp-json\/wp\/v2\/categories?post=86449"},{"taxonomy":"post_tag","embeddable":true,"href":"https:\/\/www.suno.com.br\/noticias\/wp-json\/wp\/v2\/tags?post=86449"},{"taxonomy":"suno_strategy","embeddable":true,"href":"https:\/\/www.suno.com.br\/noticias\/wp-json\/wp\/v2\/suno_strategy?post=86449"}],"curies":[{"name":"wp","href":"https:\/\/api.w.org\/{rel}","templated":true}]}}