{"id":86264,"date":"2020-09-21T19:17:56","date_gmt":"2020-09-21T22:17:56","guid":{"rendered":"https:\/\/www.suno.com.br\/noticias\/?p=86264"},"modified":"2020-09-21T19:17:56","modified_gmt":"2020-09-21T22:17:56","slug":"greve-correios-terca-tst","status":"publish","type":"post","link":"https:\/\/www.suno.com.br\/noticias\/greve-correios-terca-tst\/","title":{"rendered":"Greve dos Correios: trabalhadores devem retomar atividades nesta ter\u00e7a"},"content":{"rendered":"<p>O Tribunal Superior do Trabalho (TST) informou nessa segunda-feira (21) que aprovou, na mesma data, um reajuste de 2,6% para funcion\u00e1rios dos <a href=\"https:\/\/www.suno.com.br\/noticias\/tags\/correios\/\"><strong>Correios<\/strong><\/a>, al\u00e9m de decidir que a greve n\u00e3o foi abusiva.<\/p>\t<div class=\"wrapper-featured-image\">\n\t\t<figure class=\"spotlightImg\">\n\n\t\t\t<picture>\n\t\t\t\t<source media=\"(max-width: 768px)\" srcset=\"https:\/\/files.sunoresearch.com.br\/n\/uploads\/2020\/09\/bb2033a5-privatizacorreios-min-400x400-1-400x200.webp\">\n\t\t\t\t<img loading=\"lazy\" decoding=\"async\" class=\"newsContent__article__imgCapa lazyloadDisabled \" src=\"https:\/\/files.sunoresearch.com.br\/n\/uploads\/2020\/09\/bb2033a5-privatizacorreios-min-400x400-1-png.webp\" width=\"800\" height=\"450\" alt=\"Greve dos Correios: trabalhadores devem retomar atividades nesta ter\u00e7a\" fetchpriority=high \/>\n\t\t\t<\/picture>\n\n\t\t\t<figcaption class=\"wp-caption-text wp-caption-text--show\">Os funcion\u00e1rios dos Correios em todo o Brasil entraram em greve em 17 de agosto.<\/figcaption>\n\t\t<\/figure>\n\t<\/div>\n\n\n<div class=\"hubspot-form-wrapper\">\n\t<div id=\"single-form-target\"><\/div>\n<\/div>\n\n<p>Frente a isso, os funcion\u00e1rios dos correios, que <a href=\"https:\/\/www.suno.com.br\/noticias\/greve-correios-paralisacao-privatizacao-18082020\/\">estavam em greve desde o dia 17 de agosto,<\/a> dever\u00e3o retomar as atividade a partir da pr\u00f3xima ter\u00e7a-feira (22). Caso os funcion\u00e1rios n\u00e3o retomem as atividades, ter\u00e3o que pagar uma multa de R$ 100 mil por dia.<\/p>\n<p>Al\u00e9m disso, a decis\u00e3o prev\u00ea que metade dos dias de <strong>greve<\/strong> dever\u00e1 ser descontada do sal\u00e1rios dos funcion\u00e1rios da <a href=\"https:\/\/www.suno.com.br\/artigos\/estatal-so-se-for-de-graca\/\">estatal<\/a>, enquanto a parte restante ter\u00e1 que ser compensada. Vale destacar que se a greve fosse considerada abusiva, haveria o desconto total.<\/p>\n<p><a href=\"https:\/\/lp.suno.com.br\/suno-one\/\">Suno One: o primeiro passo para alcan\u00e7ar a sua independ\u00eancia financeira. Acesse agora, \u00e9 gratuito!<\/a><\/p>\n<p>Segundo a relatora do processo no <strong>TST,<\/strong> a ministra <strong>K\u00e1tia Arruda,<\/strong> &#8220;\u00e9 a primeira vez que julgamos uma mat\u00e9ria em que uma empresa retira praticamente todos os direitos dos empregados&#8221;.<\/p>\n<h2>Funcion\u00e1rios dos Correios decretam greve nacional<\/h2>\n<p>A Federa\u00e7\u00e3o Nacional dos Trabalhadores em Empresas dos Correios e Similares (FENTECT) anunciou que os funcion\u00e1rios da estatal entraram em <strong>greve<\/strong> \u00e0s 22h do dia 17 de agosto. Segundo a entidade, n\u00e3o havia prazo para o fim da paralisa\u00e7\u00e3o dos <strong>Correios<\/strong>.<\/p>\n<p>Cerca de 100 mil trabalhadores em todo o Brasil decretaram a<strong> paralisa\u00e7\u00e3o nacional<\/strong> das atividades dos Correios. De acordo com a Fentect, a greve era &#8220;contra a retirada de direitos, contra a <a href=\"https:\/\/www.suno.com.br\/artigos\/privatizacao\/\">privatiza\u00e7\u00e3o<\/a> da empresa e neglig\u00eancia com a sa\u00fade dos funcion\u00e1rios em rela\u00e7\u00e3o ao novo <a href=\"https:\/\/www.suno.com.br\/noticias\/tags\/coronavirus\/\"><strong>coronav\u00edrus<\/strong> <\/a>(Covid-19)&#8221;.<\/p>\n\t<div data-element=\"shortcode-read-more\" class=\"knowMore\">\n\t\t\t\t<span class=\"knowMore__title\">Veja Tamb\u00e9m<\/span>\n\t\t\t\t<a class=\"knowMore__link\" href=\"https:\/\/www.suno.com.br\/noticias\/correios-privatizar-melhor-solucao\/\">\n\t\t\tCorreios: Privatizar \u00e9 a melhor solu\u00e7\u00e3o para a empresa?\t\t<\/a>\n\t<\/div>\n\n\n<p>A federa\u00e7\u00e3o informou que entre os pontos que estavam sendo reivindicados estavam a retirada de 70 direitos dos 79 do atual Acordo Coletivo, como 30% do adicional de risco, vale alimenta\u00e7\u00e3o, licen\u00e7a maternidade de 180 dias e aux\u00edlio creche.<\/p>\n<p>&#8220;Os trabalhadores tamb\u00e9m lutam contra a privatiza\u00e7\u00e3o dos <strong>Correios,<\/strong> o aumento descabido da participa\u00e7\u00e3o dos trabalhadores no Plano de Sa\u00fade, gerando grande evas\u00e3o, e o descaso e neglig\u00eancia com a sa\u00fade e vida dos ecetistas na pandemia da Covid-19&#8243;. De acordo com a FENTECT,\u00a0 houve aumento na participa\u00e7\u00e3o dos planos de sa\u00fade, enquanto houve redu\u00e7\u00e3o da parte da empresa, o que, segundo a federa\u00e7\u00e3o, se torna incompat\u00edvel com a m\u00e9dia do piso salarial dos funcion\u00e1rios, de R$ 1,7 mil.<\/p>\n\t<p>\n\t\t<a href=\"https:\/\/lp.suno.com.br\/planilha-de-controle-de-investimentos\/\" target=\"_blank\" data-element=\"shortcode-suno-banner\" title=\"Banner SUNO, clique e saiba mais\">\n\t\t\t<picture>\n\t\t\t\t<source media=\"(max-width: 500px)\" srcset=\"https:\/\/files.sunoresearch.com.br\/n\/uploads\/2023\/03\/400x300-Controle-de-Investimentos.png\">\n\t\t\t\t<img class=\"newsContent__article__imgCapa newsContent__article__imgCapa--banner\"\n\t\t\t\t\tsrc=\"https:\/\/files.sunoresearch.com.br\/n\/uploads\/2023\/03\/1420x240-Controle-de-Investimentos.png\"\n\t\t\t\t\tdata-promo-id=\"75934\"\t\t\t\t\t\t\t\t\t\twidth='1420' height='240'\t\t\t\t\talt=\"https:\/\/files.sunoresearch.com.br\/n\/uploads\/2023\/03\/1420x240-Controle-de-Investimentos.png\"\n\t\t\t\t>\n\t\t\t<\/picture>\n\t\t<\/a>\n\t<\/p>\n\n\n","protected":false},"excerpt":{"rendered":"<p>O Tribunal Superior do Trabalho (TST) informou nessa segunda-feira (21) que aprovou, na mesma data, um reajuste de 2,6% para funcion\u00e1rios dos Correios, al\u00e9m de decidir que a greve n\u00e3o foi abusiva. Os funcion\u00e1rios dos Correios em todo o Brasil entraram em greve em 17 de agosto. Frente a isso, os funcion\u00e1rios dos correios, que [&hellip;]<\/p>\n","protected":false},"author":39,"featured_media":86293,"comment_status":"closed","ping_status":"closed","sticky":false,"template":"","format":"standard","meta":[],"categories":[64],"tags":[700,2462,1480],"suno_strategy":[],"class_list":["post-86264","post","type-post","status-publish","format-standard","has-post-thumbnail","hentry","category-negocios","tag-correios","tag-greves","tag-tst"],"yoast_head":"<!-- This site is optimized with the Yoast SEO plugin v24.4 - https:\/\/yoast.com\/wordpress\/plugins\/seo\/ -->\n<title>Greve dos Correios: trabalhadores devem retomar atividades nesta ter\u00e7a<\/title>\n<meta name=\"description\" content=\"O TST aprovou um reajuste de 2,6% para funcion\u00e1rios dos Correios, al\u00e9m de decidir que a greve n\u00e3o foi abusiva. Clique aqui e saiba mais.\" \/>\n<meta name=\"robots\" content=\"index, follow, max-snippet:-1, max-image-preview:large, max-video-preview:-1\" \/>\n<link rel=\"canonical\" href=\"https:\/\/www.suno.com.br\/noticias\/greve-correios-terca-tst\/\" \/>\n<meta property=\"og:locale\" content=\"pt_BR\" \/>\n<meta property=\"og:type\" content=\"article\" \/>\n<meta property=\"og:title\" content=\"Greve dos Correios: trabalhadores devem retomar atividades nesta ter\u00e7a\" \/>\n<meta property=\"og:description\" content=\"O TST aprovou um reajuste de 2,6% para funcion\u00e1rios dos Correios, al\u00e9m de decidir que a greve n\u00e3o foi abusiva. Clique aqui e saiba mais.\" \/>\n<meta property=\"og:url\" content=\"https:\/\/www.suno.com.br\/noticias\/greve-correios-terca-tst\/\" \/>\n<meta property=\"og:site_name\" content=\"Suno Not\u00edcias\" \/>\n<meta property=\"article:publisher\" content=\"https:\/\/facebook.com\/sunoresearch\" \/>\n<meta property=\"og:image\" content=\"https:\/\/files.sunoresearch.com.br\/n\/uploads\/2020\/09\/bb2033a5-privatizacorreios-min-400x400-1.png\" \/>\n\t<meta property=\"og:image:width\" content=\"400\" \/>\n\t<meta property=\"og:image:height\" content=\"400\" \/>\n\t<meta property=\"og:image:type\" content=\"image\/png\" \/>\n<meta name=\"author\" content=\"Laura Moutinho\" \/>\n<meta name=\"twitter:card\" content=\"summary_large_image\" \/>\n<meta name=\"twitter:creator\" content=\"@sunoresearch\" \/>\n<meta name=\"twitter:site\" content=\"@sunoresearch\" \/>\n<meta name=\"twitter:label1\" content=\"Escrito por\" \/>\n\t<meta name=\"twitter:data1\" content=\"Laura Moutinho\" \/>\n\t<meta name=\"twitter:label2\" content=\"Est. tempo de leitura\" \/>\n\t<meta name=\"twitter:data2\" content=\"2 minutos\" \/>\n<script type=\"application\/ld+json\" class=\"yoast-schema-graph\">{\"@context\":\"https:\/\/schema.org\",\"@graph\":[{\"@type\":\"NewsArticle\",\"@id\":\"https:\/\/www.suno.com.br\/noticias\/greve-correios-terca-tst\/#article\",\"isPartOf\":{\"@id\":\"https:\/\/www.suno.com.br\/noticias\/greve-correios-terca-tst\/\"},\"author\":{\"name\":\"Laura Moutinho\",\"@id\":\"https:\/\/www.suno.com.br\/noticias\/#\/schema\/person\/3df0d2808748b74496efe5dbeaef2c72\"},\"headline\":\"Greve dos Correios: trabalhadores devem retomar atividades nesta ter\u00e7a\",\"datePublished\":\"2020-09-21T22:17:56+00:00\",\"mainEntityOfPage\":{\"@id\":\"https:\/\/www.suno.com.br\/noticias\/greve-correios-terca-tst\/\"},\"wordCount\":444,\"publisher\":{\"@id\":\"https:\/\/www.suno.com.br\/noticias\/#organization\"},\"image\":{\"@id\":\"https:\/\/www.suno.com.br\/noticias\/greve-correios-terca-tst\/#primaryimage\"},\"thumbnailUrl\":\"https:\/\/files.sunoresearch.com.br\/n\/uploads\/2020\/09\/bb2033a5-privatizacorreios-min-400x400-1-png.webp\",\"keywords\":[\"Correios\",\"greves\",\"TST\"],\"articleSection\":[\"Neg\u00f3cios\"],\"inLanguage\":\"pt-BR\"},{\"@type\":\"WebPage\",\"@id\":\"https:\/\/www.suno.com.br\/noticias\/greve-correios-terca-tst\/\",\"url\":\"https:\/\/www.suno.com.br\/noticias\/greve-correios-terca-tst\/\",\"name\":\"Greve dos Correios: trabalhadores devem retomar atividades nesta ter\u00e7a\",\"isPartOf\":{\"@id\":\"https:\/\/www.suno.com.br\/noticias\/#website\"},\"primaryImageOfPage\":{\"@id\":\"https:\/\/www.suno.com.br\/noticias\/greve-correios-terca-tst\/#primaryimage\"},\"image\":{\"@id\":\"https:\/\/www.suno.com.br\/noticias\/greve-correios-terca-tst\/#primaryimage\"},\"thumbnailUrl\":\"https:\/\/files.sunoresearch.com.br\/n\/uploads\/2020\/09\/bb2033a5-privatizacorreios-min-400x400-1-png.webp\",\"datePublished\":\"2020-09-21T22:17:56+00:00\",\"description\":\"O TST aprovou um reajuste de 2,6% para funcion\u00e1rios dos Correios, al\u00e9m de decidir que a greve n\u00e3o foi abusiva. Clique aqui e saiba mais.\",\"breadcrumb\":{\"@id\":\"https:\/\/www.suno.com.br\/noticias\/greve-correios-terca-tst\/#breadcrumb\"},\"inLanguage\":\"pt-BR\",\"potentialAction\":[{\"@type\":\"ReadAction\",\"target\":[\"https:\/\/www.suno.com.br\/noticias\/greve-correios-terca-tst\/\"]}]},{\"@type\":\"ImageObject\",\"inLanguage\":\"pt-BR\",\"@id\":\"https:\/\/www.suno.com.br\/noticias\/greve-correios-terca-tst\/#primaryimage\",\"url\":\"https:\/\/files.sunoresearch.com.br\/n\/uploads\/2020\/09\/bb2033a5-privatizacorreios-min-400x400-1-png.webp\",\"contentUrl\":\"https:\/\/files.sunoresearch.com.br\/n\/uploads\/2020\/09\/bb2033a5-privatizacorreios-min-400x400-1-png.webp\",\"width\":400,\"height\":400,\"caption\":\"Os funcion\u00e1rios dos Correios em todo o Brasil entraram em greve em 17 de agosto.\"},{\"@type\":\"BreadcrumbList\",\"@id\":\"https:\/\/www.suno.com.br\/noticias\/greve-correios-terca-tst\/#breadcrumb\",\"itemListElement\":[{\"@type\":\"ListItem\",\"position\":1,\"name\":\"Not\u00edcias\",\"item\":\"https:\/\/www.suno.com.br\/noticias\/\"},{\"@type\":\"ListItem\",\"position\":2,\"name\":\"Neg\u00f3cios\",\"item\":\"https:\/\/www.suno.com.br\/noticias\/negocios\/\"},{\"@type\":\"ListItem\",\"position\":3,\"name\":\"Greve dos Correios: trabalhadores devem retomar atividades nesta ter\u00e7a\"}]},{\"@type\":\"WebSite\",\"@id\":\"https:\/\/www.suno.com.br\/noticias\/#website\",\"url\":\"https:\/\/www.suno.com.br\/noticias\/\",\"name\":\"Suno Not\u00edcias\",\"description\":\"Seu portal de informa\u00e7\u00e3o sobre o mundo dos investimentos\",\"publisher\":{\"@id\":\"https:\/\/www.suno.com.br\/noticias\/#organization\"},\"potentialAction\":[{\"@type\":\"SearchAction\",\"target\":{\"@type\":\"EntryPoint\",\"urlTemplate\":\"https:\/\/www.suno.com.br\/noticias\/?s={search_term_string}\"},\"query-input\":{\"@type\":\"PropertyValueSpecification\",\"valueRequired\":true,\"valueName\":\"search_term_string\"}}],\"inLanguage\":\"pt-BR\"},{\"@type\":\"Organization\",\"@id\":\"https:\/\/www.suno.com.br\/noticias\/#organization\",\"name\":\"Suno Not\u00edcias\",\"url\":\"https:\/\/www.suno.com.br\/noticias\/\",\"logo\":{\"@type\":\"ImageObject\",\"inLanguage\":\"pt-BR\",\"@id\":\"https:\/\/www.suno.com.br\/noticias\/#\/schema\/logo\/image\/\",\"url\":\"https:\/\/files.sunoresearch.com.br\/n\/uploads\/2021\/09\/suno-logo.png\",\"contentUrl\":\"https:\/\/files.sunoresearch.com.br\/n\/uploads\/2021\/09\/suno-logo.png\",\"width\":180,\"height\":180,\"caption\":\"Suno Not\u00edcias\"},\"image\":{\"@id\":\"https:\/\/www.suno.com.br\/noticias\/#\/schema\/logo\/image\/\"},\"sameAs\":[\"https:\/\/facebook.com\/sunoresearch\",\"https:\/\/x.com\/sunoresearch\",\"https:\/\/www.instagram.com\/suno\",\"https:\/\/www.linkedin.com\/company\/suno-research\/\",\"https:\/\/www.youtube.com\/c\/sunoresearch\"]},{\"@type\":\"Person\",\"@id\":\"https:\/\/www.suno.com.br\/noticias\/#\/schema\/person\/3df0d2808748b74496efe5dbeaef2c72\",\"name\":\"Laura Moutinho\",\"image\":{\"@type\":\"ImageObject\",\"inLanguage\":\"pt-BR\",\"@id\":\"https:\/\/www.suno.com.br\/noticias\/#\/schema\/person\/image\/\",\"url\":\"https:\/\/secure.gravatar.com\/avatar\/7571c7c8ca3a6fca5e41384ece5557ff?s=96&r=g\",\"contentUrl\":\"https:\/\/secure.gravatar.com\/avatar\/7571c7c8ca3a6fca5e41384ece5557ff?s=96&r=g\",\"caption\":\"Laura Moutinho\"},\"description\":\"Estagi\u00e1ria na Suno Not\u00edcias, escreve not\u00edcias que afetam o mercado financeiro. Estuda administra\u00e7\u00e3o na Universidade Presbiteriana Mackenzie.\",\"url\":\"https:\/\/www.suno.com.br\/noticias\/author\/laura-moutinho\/\"}]}<\/script>\n<!-- \/ Yoast SEO plugin. -->","yoast_head_json":{"title":"Greve dos Correios: trabalhadores devem retomar atividades nesta ter\u00e7a","description":"O TST aprovou um reajuste de 2,6% para funcion\u00e1rios dos Correios, al\u00e9m de decidir que a greve n\u00e3o foi abusiva. Clique aqui e saiba mais.","robots":{"index":"index","follow":"follow","max-snippet":"max-snippet:-1","max-image-preview":"max-image-preview:large","max-video-preview":"max-video-preview:-1"},"canonical":"https:\/\/www.suno.com.br\/noticias\/greve-correios-terca-tst\/","og_locale":"pt_BR","og_type":"article","og_title":"Greve dos Correios: trabalhadores devem retomar atividades nesta ter\u00e7a","og_description":"O TST aprovou um reajuste de 2,6% para funcion\u00e1rios dos Correios, al\u00e9m de decidir que a greve n\u00e3o foi abusiva. Clique aqui e saiba mais.","og_url":"https:\/\/www.suno.com.br\/noticias\/greve-correios-terca-tst\/","og_site_name":"Suno Not\u00edcias","article_publisher":"https:\/\/facebook.com\/sunoresearch","og_image":[{"width":400,"height":400,"url":"https:\/\/files.sunoresearch.com.br\/n\/uploads\/2020\/09\/bb2033a5-privatizacorreios-min-400x400-1.png","type":"image\/png"}],"author":"Laura Moutinho","twitter_card":"summary_large_image","twitter_creator":"@sunoresearch","twitter_site":"@sunoresearch","twitter_misc":{"Escrito por":"Laura Moutinho","Est. tempo de leitura":"2 minutos"},"schema":{"@context":"https:\/\/schema.org","@graph":[{"@type":"NewsArticle","@id":"https:\/\/www.suno.com.br\/noticias\/greve-correios-terca-tst\/#article","isPartOf":{"@id":"https:\/\/www.suno.com.br\/noticias\/greve-correios-terca-tst\/"},"author":{"name":"Laura Moutinho","@id":"https:\/\/www.suno.com.br\/noticias\/#\/schema\/person\/3df0d2808748b74496efe5dbeaef2c72"},"headline":"Greve dos Correios: trabalhadores devem retomar atividades nesta ter\u00e7a","datePublished":"2020-09-21T22:17:56+00:00","mainEntityOfPage":{"@id":"https:\/\/www.suno.com.br\/noticias\/greve-correios-terca-tst\/"},"wordCount":444,"publisher":{"@id":"https:\/\/www.suno.com.br\/noticias\/#organization"},"image":{"@id":"https:\/\/www.suno.com.br\/noticias\/greve-correios-terca-tst\/#primaryimage"},"thumbnailUrl":"https:\/\/files.sunoresearch.com.br\/n\/uploads\/2020\/09\/bb2033a5-privatizacorreios-min-400x400-1-png.webp","keywords":["Correios","greves","TST"],"articleSection":["Neg\u00f3cios"],"inLanguage":"pt-BR"},{"@type":"WebPage","@id":"https:\/\/www.suno.com.br\/noticias\/greve-correios-terca-tst\/","url":"https:\/\/www.suno.com.br\/noticias\/greve-correios-terca-tst\/","name":"Greve dos Correios: trabalhadores devem retomar atividades nesta ter\u00e7a","isPartOf":{"@id":"https:\/\/www.suno.com.br\/noticias\/#website"},"primaryImageOfPage":{"@id":"https:\/\/www.suno.com.br\/noticias\/greve-correios-terca-tst\/#primaryimage"},"image":{"@id":"https:\/\/www.suno.com.br\/noticias\/greve-correios-terca-tst\/#primaryimage"},"thumbnailUrl":"https:\/\/files.sunoresearch.com.br\/n\/uploads\/2020\/09\/bb2033a5-privatizacorreios-min-400x400-1-png.webp","datePublished":"2020-09-21T22:17:56+00:00","description":"O TST aprovou um reajuste de 2,6% para funcion\u00e1rios dos Correios, al\u00e9m de decidir que a greve n\u00e3o foi abusiva. Clique aqui e saiba mais.","breadcrumb":{"@id":"https:\/\/www.suno.com.br\/noticias\/greve-correios-terca-tst\/#breadcrumb"},"inLanguage":"pt-BR","potentialAction":[{"@type":"ReadAction","target":["https:\/\/www.suno.com.br\/noticias\/greve-correios-terca-tst\/"]}]},{"@type":"ImageObject","inLanguage":"pt-BR","@id":"https:\/\/www.suno.com.br\/noticias\/greve-correios-terca-tst\/#primaryimage","url":"https:\/\/files.sunoresearch.com.br\/n\/uploads\/2020\/09\/bb2033a5-privatizacorreios-min-400x400-1-png.webp","contentUrl":"https:\/\/files.sunoresearch.com.br\/n\/uploads\/2020\/09\/bb2033a5-privatizacorreios-min-400x400-1-png.webp","width":400,"height":400,"caption":"Os funcion\u00e1rios dos Correios em todo o Brasil entraram em greve em 17 de agosto."},{"@type":"BreadcrumbList","@id":"https:\/\/www.suno.com.br\/noticias\/greve-correios-terca-tst\/#breadcrumb","itemListElement":[{"@type":"ListItem","position":1,"name":"Not\u00edcias","item":"https:\/\/www.suno.com.br\/noticias\/"},{"@type":"ListItem","position":2,"name":"Neg\u00f3cios","item":"https:\/\/www.suno.com.br\/noticias\/negocios\/"},{"@type":"ListItem","position":3,"name":"Greve dos Correios: trabalhadores devem retomar atividades nesta ter\u00e7a"}]},{"@type":"WebSite","@id":"https:\/\/www.suno.com.br\/noticias\/#website","url":"https:\/\/www.suno.com.br\/noticias\/","name":"Suno Not\u00edcias","description":"Seu portal de informa\u00e7\u00e3o sobre o mundo dos investimentos","publisher":{"@id":"https:\/\/www.suno.com.br\/noticias\/#organization"},"potentialAction":[{"@type":"SearchAction","target":{"@type":"EntryPoint","urlTemplate":"https:\/\/www.suno.com.br\/noticias\/?s={search_term_string}"},"query-input":{"@type":"PropertyValueSpecification","valueRequired":true,"valueName":"search_term_string"}}],"inLanguage":"pt-BR"},{"@type":"Organization","@id":"https:\/\/www.suno.com.br\/noticias\/#organization","name":"Suno Not\u00edcias","url":"https:\/\/www.suno.com.br\/noticias\/","logo":{"@type":"ImageObject","inLanguage":"pt-BR","@id":"https:\/\/www.suno.com.br\/noticias\/#\/schema\/logo\/image\/","url":"https:\/\/files.sunoresearch.com.br\/n\/uploads\/2021\/09\/suno-logo.png","contentUrl":"https:\/\/files.sunoresearch.com.br\/n\/uploads\/2021\/09\/suno-logo.png","width":180,"height":180,"caption":"Suno Not\u00edcias"},"image":{"@id":"https:\/\/www.suno.com.br\/noticias\/#\/schema\/logo\/image\/"},"sameAs":["https:\/\/facebook.com\/sunoresearch","https:\/\/x.com\/sunoresearch","https:\/\/www.instagram.com\/suno","https:\/\/www.linkedin.com\/company\/suno-research\/","https:\/\/www.youtube.com\/c\/sunoresearch"]},{"@type":"Person","@id":"https:\/\/www.suno.com.br\/noticias\/#\/schema\/person\/3df0d2808748b74496efe5dbeaef2c72","name":"Laura Moutinho","image":{"@type":"ImageObject","inLanguage":"pt-BR","@id":"https:\/\/www.suno.com.br\/noticias\/#\/schema\/person\/image\/","url":"https:\/\/secure.gravatar.com\/avatar\/7571c7c8ca3a6fca5e41384ece5557ff?s=96&r=g","contentUrl":"https:\/\/secure.gravatar.com\/avatar\/7571c7c8ca3a6fca5e41384ece5557ff?s=96&r=g","caption":"Laura Moutinho"},"description":"Estagi\u00e1ria na Suno Not\u00edcias, escreve not\u00edcias que afetam o mercado financeiro. Estuda administra\u00e7\u00e3o na Universidade Presbiteriana Mackenzie.","url":"https:\/\/www.suno.com.br\/noticias\/author\/laura-moutinho\/"}]}},"default_loop_html":"<div class=\"cardsPage__listCard__boxs\"><div class=\"cardsPage__listCard__boxs__img\"><a href=\"https:\/\/www.suno.com.br\/noticias\/greve-correios-terca-tst\/\"><img class=\"mask\" src=\"https:\/\/www.suno.com.br\/noticias\/wp-content\/themes\/suno\/resources\/images\/spotlight\/spotlight1img\/bg-mask.png\" alt=\"Image Mask\"\/><img src=\"https:\/\/files.sunoresearch.com.br\/n\/uploads\/2020\/09\/bb2033a5-privatizacorreios-min-400x400-1-400x200.webp\" alt=\"Greve dos Correios: trabalhadores devem retomar atividades nesta ter\u00e7a\"\/><\/a><span class=\"spotlightCategory\"><a href=\"https:\/\/www.suno.com.br\/noticias\/negocios\/\">Neg\u00f3cios<\/a><\/span><\/div><div class=\"cardsPage__listCard__boxs__content\"><a href=\"https:\/\/www.suno.com.br\/noticias\/greve-correios-terca-tst\/\"><h2 class=\"content__title\">Greve dos Correios: trabalhadores devem retomar atividades nesta ter\u00e7a<\/h2><\/a><div class=\"newsContent__article__meta\"><div class=\"newsContent__article__meta__authorBox\"><a href=\"https:\/\/www.suno.com.br\/noticias\/author\/laura-moutinho\/\" class=\"authorBox__avatar noMobi\"><img src=\"https:\/\/files.sunoresearch.com.br\/n\/uploads\/2020\/08\/531ff69d-whatsapp-image-2020-08-03-at-14.54.38-150x150.webp\" alt=\"Laura Moutinho\"><\/a><div class=\"authorBox__name\"><span>por\n\t\t\t<a href=\"https:\/\/www.suno.com.br\/noticias\/author\/laura-moutinho\/\"><span itemprop=\"author\">Laura Moutinho<\/span><\/a><\/span><time datetime=\"2020-09-21T19:17:56-03:00\" itemprop=\"datePublished\">21\/09\/2020 19:17<\/time><\/div><\/div><\/div><\/div><\/div>","single_layout":"posts","amp_enabled":true,"_links":{"self":[{"href":"https:\/\/www.suno.com.br\/noticias\/wp-json\/wp\/v2\/posts\/86264"}],"collection":[{"href":"https:\/\/www.suno.com.br\/noticias\/wp-json\/wp\/v2\/posts"}],"about":[{"href":"https:\/\/www.suno.com.br\/noticias\/wp-json\/wp\/v2\/types\/post"}],"author":[{"embeddable":true,"href":"https:\/\/www.suno.com.br\/noticias\/wp-json\/wp\/v2\/users\/39"}],"replies":[{"embeddable":true,"href":"https:\/\/www.suno.com.br\/noticias\/wp-json\/wp\/v2\/comments?post=86264"}],"version-history":[{"count":0,"href":"https:\/\/www.suno.com.br\/noticias\/wp-json\/wp\/v2\/posts\/86264\/revisions"}],"wp:featuredmedia":[{"embeddable":true,"href":"https:\/\/www.suno.com.br\/noticias\/wp-json\/wp\/v2\/media\/86293"}],"wp:attachment":[{"href":"https:\/\/www.suno.com.br\/noticias\/wp-json\/wp\/v2\/media?parent=86264"}],"wp:term":[{"taxonomy":"category","embeddable":true,"href":"https:\/\/www.suno.com.br\/noticias\/wp-json\/wp\/v2\/categories?post=86264"},{"taxonomy":"post_tag","embeddable":true,"href":"https:\/\/www.suno.com.br\/noticias\/wp-json\/wp\/v2\/tags?post=86264"},{"taxonomy":"suno_strategy","embeddable":true,"href":"https:\/\/www.suno.com.br\/noticias\/wp-json\/wp\/v2\/suno_strategy?post=86264"}],"curies":[{"name":"wp","href":"https:\/\/api.w.org\/{rel}","templated":true}]}}