{"id":86232,"date":"2020-09-21T18:18:17","date_gmt":"2020-09-21T21:18:17","guid":{"rendered":"https:\/\/www.suno.com.br\/noticias\/?p=86232"},"modified":"2020-09-21T18:19:55","modified_gmt":"2020-09-21T21:19:55","slug":"coronavac-sao-paulo-doses-vacina-coronavirus-covid-19-doria","status":"publish","type":"post","link":"https:\/\/www.suno.com.br\/noticias\/coronavac-sao-paulo-doses-vacina-coronavirus-covid-19-doria\/","title":{"rendered":"CoronaVac: S\u00e3o Paulo deve receber 5 milh\u00f5es de doses da vacina"},"content":{"rendered":"<p>O governador de S\u00e3o Paulo, <a href=\"https:\/\/www.suno.com.br\/tudo-sobre\/joao-doria\/\">Jo\u00e3o Doria<\/a>, anunciou nesse domingo (20), atrav\u00e9s de suas redes sociais, que o estado deve receber, no pr\u00f3ximo m\u00eas,\u00a0 cerca de 5 milh\u00f5es de doses da <strong>vacina<\/strong> contra o<a href=\"https:\/\/www.suno.com.br\/noticias\/tags\/coronavirus\/\"> novo coronav\u00edrus (Covid-19)<\/a>, conhecida como CoronaVac, que est\u00e1 sendo desenvolvida pelo instituto Butantan junto com a Sinovac Biotech.<\/p>\t<div class=\"wrapper-featured-image\">\n\t\t<figure class=\"spotlightImg\">\n\n\t\t\t<picture>\n\t\t\t\t<source media=\"(max-width: 768px)\" srcset=\"https:\/\/files.sunoresearch.com.br\/n\/uploads\/2020\/09\/0b99f6b5-vacina-300x300-2-jpg.webp\">\n\t\t\t\t<img loading=\"lazy\" decoding=\"async\" class=\"newsContent__article__imgCapa lazyloadDisabled \" src=\"https:\/\/files.sunoresearch.com.br\/n\/uploads\/2020\/09\/0b99f6b5-vacina-300x300-2-jpg.webp\" width=\"800\" height=\"450\" alt=\"CoronaVac: S\u00e3o Paulo deve receber 5 milh\u00f5es de doses da vacina\" fetchpriority=high \/>\n\t\t\t<\/picture>\n\n\t\t\t<figcaption class=\"wp-caption-text wp-caption-text--show\">&quot;At\u00e9 dezembro, j\u00e1 teremos 46 milh\u00f5es de doses da vacina em SP&quot;, disse Doria.<\/figcaption>\n\t\t<\/figure>\n\t<\/div>\n\n\n<div class=\"hubspot-form-wrapper\">\n\t<div id=\"single-form-target\"><\/div>\n<\/div>\n\n<p>O governador sinalizou que prev\u00ea 46 milh\u00f5es de doses da vacina contra a<strong> Covid-19<\/strong> at\u00e9 dezembro desse ano. Vale destacar que a <strong>CoronaVac<\/strong> j\u00e1 est\u00e1 na fase 3 de testes, ou seja, j\u00e1 est\u00e1 na \u00faltima fase necess\u00e1ria para ser aprovada. Al\u00e9m disso, essa etapa contou com 9 mil volunt\u00e1rios.<\/p>\n<p>Em sua publica\u00e7\u00e3o no <strong>Facebook<\/strong> (<a href=\"https:\/\/www.suno.com.br\/artigos\/nasdaq\/?utm_source=GoogleAds&amp;utm_medium=search&amp;utm_content=16.b.da.0.search.suno_rv&amp;utm_campaign=16.b.da.0.search&amp;gclid=EAIaIQobChMI7Ozpmojs6wIViYORCh22UwVAEAAYASAAEgIj1vD_BwE\">NASDAQ<\/a>: FB), <strong>Doria<\/strong> disse que &#8220;ainda no m\u00eas de outubro receberemos as primeiras 5 milh\u00f5es de doses da CoronaVac. At\u00e9 dezembro, j\u00e1 teremos 46 milh\u00f5es de doses da vacina em SP&#8221;.<\/p>\n<p>&#8220;Importante ressaltar que o acordo com a Sinovac inclui a transfer\u00eancia de tecnologia para S\u00e3o Paulo, sendo assim, tamb\u00e9m produziremos a vacina no Instituto Butantan. Uma grande conquista para o Brasil. Os testes continuam com os m\u00e9dicos e enfermeiros volunt\u00e1rios em seis estados e, em breve, se tudo correr como planejado, poderemos imunizar milh\u00f5es de brasileiros. Vacina simboliza a esperan\u00e7a, a certeza de que tudo isso vai passar&#8221;, completou o pol\u00edtico.<\/p>\n<p><a href=\"https:\/\/lp.suno.com.br\/suno-one\/\">Suno One: o primeiro passo para alcan\u00e7ar a sua independ\u00eancia financeira. Acesse agora, \u00e9 gratuito!<\/a><\/p>\n<p>Vale destacar que o governo do Estado, anunciou na \u00faltima semana, que em novembro, o <strong>Instituto Butantan<\/strong> iniciaria obras com o intuito de expandir sua estrutura f\u00edsica, para, assim, agilizar a produ\u00e7\u00e3o do imunizante.<\/p>\n<h2>S\u00e3o Paulo ter\u00e1 100 milh\u00f5es de doses da vacina at\u00e9 maio de 2021, diz secret\u00e1rio<\/h2>\n<p>J\u00e1 o secret\u00e1rio estadual de Sa\u00fade, Jean Gorinchteyn, afirmou, tamb\u00e9m no \u00faltimo domingo, que segundo o governo de S\u00e3o Paulo, 100 milh\u00f5es de doses da <strong>vacina<\/strong> contra o <a href=\"https:\/\/www.suno.com.br\/noticias\/?s=coronav%C3%ADrus\">novo coronav\u00edrus (Covid-19)<\/a> chegar\u00e3o ao estado at\u00e9 maio de 2021.<\/p>\n<p>&#8220;Em dezembro, ser\u00e3o 46 milh\u00f5es de doses. N\u00f3s teremos at\u00e9 o primeiro trimestre mais 15 milh\u00f5es, compondo 61 milh\u00f5es, e at\u00e9 maio n\u00f3s teremos um total de 100 milh\u00f5es de doses&#8221;, afirmou Gorinchteyn \u00e0 CNN Brasil. Trata-se da vacina <strong>Coronavac<\/strong>, fabricada em parceria junto \u00e0 <strong>Sinovac<\/strong>, farmac\u00eautica chinesa.<\/p>\n\t<div data-element=\"shortcode-read-more\" class=\"knowMore\">\n\t\t\t\t<span class=\"knowMore__title\">Saiba mais<\/span>\n\t\t\t\t<a class=\"knowMore__link\" href=\"https:\/\/www.suno.com.br\/noticias\/vacina-da-moderna-farmaceutica-preve-20-mi-de-doses-em-2020\/\">\n\t\t\tVacina da Moderna: farmac\u00eautica prev\u00ea 20 mi de doses em 2020\t\t<\/a>\n\t<\/div>\n\n\n<p>Segundo o secret\u00e1rio, a vacina\u00e7\u00e3o come\u00e7ar\u00e1 entre dezembro e janeiro, e ser\u00e1 realizada em duas doses, atingindo 50 milh\u00f5es de pessoas por meio de 50 milh\u00f5es de doses. A <strong>vacina<\/strong> deve ser aplicada, inicialmente, nos grupos priorit\u00e1rios e com maior risco de contamina\u00e7\u00e3o em meio \u00e0 pandemia.<\/p>\n\t<p>\n\t\t<a href=\"\" target=\"_blank\" data-element=\"shortcode-suno-banner\" title=\"Banner SUNO, clique e saiba mais\">\n\t\t\t<picture>\n\t\t\t\t<source media=\"(max-width: 500px)\" srcset=\"\">\n\t\t\t\t<img class=\"newsContent__article__imgCapa newsContent__article__imgCapa--banner\"\n\t\t\t\t\tsrc=\"\"\n\t\t\t\t\tdata-promo-id=\"85774\"\t\t\t\t\t\t\t\t\t\t\t\t\t\t\talt=\"\"\n\t\t\t\t>\n\t\t\t<\/picture>\n\t\t<\/a>\n\t<\/p>\n\n\n","protected":false},"excerpt":{"rendered":"<p>O governador de S\u00e3o Paulo, Jo\u00e3o Doria, anunciou nesse domingo (20), atrav\u00e9s de suas redes sociais, que o estado deve receber, no pr\u00f3ximo m\u00eas,\u00a0 cerca de 5 milh\u00f5es de doses da vacina contra o novo coronav\u00edrus (Covid-19), conhecida como CoronaVac, que est\u00e1 sendo desenvolvida pelo instituto Butantan junto com a Sinovac Biotech. &quot;At\u00e9 dezembro, j\u00e1 [&hellip;]<\/p>\n","protected":false},"author":39,"featured_media":86234,"comment_status":"closed","ping_status":"closed","sticky":false,"template":"","format":"standard","meta":[],"categories":[63],"tags":[2487,5255,25002],"suno_strategy":[],"class_list":["post-86232","post","type-post","status-publish","format-standard","has-post-thumbnail","hentry","category-internacional","tag-coronavirus","tag-covid-19","tag-vacina"],"yoast_head":"<!-- This site is optimized with the Yoast SEO plugin v24.4 - https:\/\/yoast.com\/wordpress\/plugins\/seo\/ -->\n<title>CoronaVac: S\u00e3o Paulo deve receber 5 milh\u00f5es de doses da vacina<\/title>\n<meta name=\"description\" content=\"Doria anunciou que o estado deve receber, no pr\u00f3ximo m\u00eas,\u00a0 cerca de 5 milh\u00f5es de doses da vacina CoronaVac. Clique aqui e saiba mais.\" \/>\n<meta name=\"robots\" content=\"index, follow, max-snippet:-1, max-image-preview:large, max-video-preview:-1\" \/>\n<link rel=\"canonical\" href=\"https:\/\/www.suno.com.br\/noticias\/coronavac-sao-paulo-doses-vacina-coronavirus-covid-19-doria\/\" \/>\n<meta property=\"og:locale\" content=\"pt_BR\" \/>\n<meta property=\"og:type\" content=\"article\" \/>\n<meta property=\"og:title\" content=\"CoronaVac: S\u00e3o Paulo deve receber 5 milh\u00f5es de doses da vacina\" \/>\n<meta property=\"og:description\" content=\"Doria anunciou que o estado deve receber, no pr\u00f3ximo m\u00eas,\u00a0 cerca de 5 milh\u00f5es de doses da vacina CoronaVac. Clique aqui e saiba mais.\" \/>\n<meta property=\"og:url\" content=\"https:\/\/www.suno.com.br\/noticias\/coronavac-sao-paulo-doses-vacina-coronavirus-covid-19-doria\/\" \/>\n<meta property=\"og:site_name\" content=\"Suno Not\u00edcias\" \/>\n<meta property=\"article:publisher\" content=\"https:\/\/facebook.com\/sunoresearch\" \/>\n<meta property=\"og:image\" content=\"https:\/\/files.sunoresearch.com.br\/n\/uploads\/2020\/09\/0b99f6b5-vacina-300x300-2.jpg\" \/>\n\t<meta property=\"og:image:width\" content=\"300\" \/>\n\t<meta property=\"og:image:height\" content=\"300\" \/>\n\t<meta property=\"og:image:type\" content=\"image\/jpeg\" \/>\n<meta name=\"author\" content=\"Laura Moutinho\" \/>\n<meta name=\"twitter:card\" content=\"summary_large_image\" \/>\n<meta name=\"twitter:creator\" content=\"@sunoresearch\" \/>\n<meta name=\"twitter:site\" content=\"@sunoresearch\" \/>\n<meta name=\"twitter:label1\" content=\"Escrito por\" \/>\n\t<meta name=\"twitter:data1\" content=\"Laura Moutinho\" \/>\n\t<meta name=\"twitter:label2\" content=\"Est. tempo de leitura\" \/>\n\t<meta name=\"twitter:data2\" content=\"2 minutos\" \/>\n<script type=\"application\/ld+json\" class=\"yoast-schema-graph\">{\"@context\":\"https:\/\/schema.org\",\"@graph\":[{\"@type\":\"NewsArticle\",\"@id\":\"https:\/\/www.suno.com.br\/noticias\/coronavac-sao-paulo-doses-vacina-coronavirus-covid-19-doria\/#article\",\"isPartOf\":{\"@id\":\"https:\/\/www.suno.com.br\/noticias\/coronavac-sao-paulo-doses-vacina-coronavirus-covid-19-doria\/\"},\"author\":{\"name\":\"Laura Moutinho\",\"@id\":\"https:\/\/www.suno.com.br\/noticias\/#\/schema\/person\/3df0d2808748b74496efe5dbeaef2c72\"},\"headline\":\"CoronaVac: S\u00e3o Paulo deve receber 5 milh\u00f5es de doses da vacina\",\"datePublished\":\"2020-09-21T21:18:17+00:00\",\"dateModified\":\"2020-09-21T21:19:55+00:00\",\"mainEntityOfPage\":{\"@id\":\"https:\/\/www.suno.com.br\/noticias\/coronavac-sao-paulo-doses-vacina-coronavirus-covid-19-doria\/\"},\"wordCount\":472,\"publisher\":{\"@id\":\"https:\/\/www.suno.com.br\/noticias\/#organization\"},\"image\":{\"@id\":\"https:\/\/www.suno.com.br\/noticias\/coronavac-sao-paulo-doses-vacina-coronavirus-covid-19-doria\/#primaryimage\"},\"thumbnailUrl\":\"https:\/\/files.sunoresearch.com.br\/n\/uploads\/2020\/09\/0b99f6b5-vacina-300x300-2-jpg.webp\",\"keywords\":[\"coronav\u00edrus\",\"covid-19\",\"vacina\"],\"articleSection\":[\"Internacional\"],\"inLanguage\":\"pt-BR\"},{\"@type\":\"WebPage\",\"@id\":\"https:\/\/www.suno.com.br\/noticias\/coronavac-sao-paulo-doses-vacina-coronavirus-covid-19-doria\/\",\"url\":\"https:\/\/www.suno.com.br\/noticias\/coronavac-sao-paulo-doses-vacina-coronavirus-covid-19-doria\/\",\"name\":\"CoronaVac: S\u00e3o Paulo deve receber 5 milh\u00f5es de doses da vacina\",\"isPartOf\":{\"@id\":\"https:\/\/www.suno.com.br\/noticias\/#website\"},\"primaryImageOfPage\":{\"@id\":\"https:\/\/www.suno.com.br\/noticias\/coronavac-sao-paulo-doses-vacina-coronavirus-covid-19-doria\/#primaryimage\"},\"image\":{\"@id\":\"https:\/\/www.suno.com.br\/noticias\/coronavac-sao-paulo-doses-vacina-coronavirus-covid-19-doria\/#primaryimage\"},\"thumbnailUrl\":\"https:\/\/files.sunoresearch.com.br\/n\/uploads\/2020\/09\/0b99f6b5-vacina-300x300-2-jpg.webp\",\"datePublished\":\"2020-09-21T21:18:17+00:00\",\"dateModified\":\"2020-09-21T21:19:55+00:00\",\"description\":\"Doria anunciou que o estado deve receber, no pr\u00f3ximo m\u00eas,\u00a0 cerca de 5 milh\u00f5es de doses da vacina CoronaVac. Clique aqui e saiba mais.\",\"breadcrumb\":{\"@id\":\"https:\/\/www.suno.com.br\/noticias\/coronavac-sao-paulo-doses-vacina-coronavirus-covid-19-doria\/#breadcrumb\"},\"inLanguage\":\"pt-BR\",\"potentialAction\":[{\"@type\":\"ReadAction\",\"target\":[\"https:\/\/www.suno.com.br\/noticias\/coronavac-sao-paulo-doses-vacina-coronavirus-covid-19-doria\/\"]}]},{\"@type\":\"ImageObject\",\"inLanguage\":\"pt-BR\",\"@id\":\"https:\/\/www.suno.com.br\/noticias\/coronavac-sao-paulo-doses-vacina-coronavirus-covid-19-doria\/#primaryimage\",\"url\":\"https:\/\/files.sunoresearch.com.br\/n\/uploads\/2020\/09\/0b99f6b5-vacina-300x300-2-jpg.webp\",\"contentUrl\":\"https:\/\/files.sunoresearch.com.br\/n\/uploads\/2020\/09\/0b99f6b5-vacina-300x300-2-jpg.webp\",\"width\":300,\"height\":300,\"caption\":\"\\\"At\u00e9 dezembro, j\u00e1 teremos 46 milh\u00f5es de doses da vacina em SP\\\", disse Doria.\"},{\"@type\":\"BreadcrumbList\",\"@id\":\"https:\/\/www.suno.com.br\/noticias\/coronavac-sao-paulo-doses-vacina-coronavirus-covid-19-doria\/#breadcrumb\",\"itemListElement\":[{\"@type\":\"ListItem\",\"position\":1,\"name\":\"Not\u00edcias\",\"item\":\"https:\/\/www.suno.com.br\/noticias\/\"},{\"@type\":\"ListItem\",\"position\":2,\"name\":\"Internacional\",\"item\":\"https:\/\/www.suno.com.br\/noticias\/internacional\/\"},{\"@type\":\"ListItem\",\"position\":3,\"name\":\"CoronaVac: S\u00e3o Paulo deve receber 5 milh\u00f5es de doses da vacina\"}]},{\"@type\":\"WebSite\",\"@id\":\"https:\/\/www.suno.com.br\/noticias\/#website\",\"url\":\"https:\/\/www.suno.com.br\/noticias\/\",\"name\":\"Suno Not\u00edcias\",\"description\":\"Seu portal de informa\u00e7\u00e3o sobre o mundo dos investimentos\",\"publisher\":{\"@id\":\"https:\/\/www.suno.com.br\/noticias\/#organization\"},\"potentialAction\":[{\"@type\":\"SearchAction\",\"target\":{\"@type\":\"EntryPoint\",\"urlTemplate\":\"https:\/\/www.suno.com.br\/noticias\/?s={search_term_string}\"},\"query-input\":{\"@type\":\"PropertyValueSpecification\",\"valueRequired\":true,\"valueName\":\"search_term_string\"}}],\"inLanguage\":\"pt-BR\"},{\"@type\":\"Organization\",\"@id\":\"https:\/\/www.suno.com.br\/noticias\/#organization\",\"name\":\"Suno Not\u00edcias\",\"url\":\"https:\/\/www.suno.com.br\/noticias\/\",\"logo\":{\"@type\":\"ImageObject\",\"inLanguage\":\"pt-BR\",\"@id\":\"https:\/\/www.suno.com.br\/noticias\/#\/schema\/logo\/image\/\",\"url\":\"https:\/\/files.sunoresearch.com.br\/n\/uploads\/2021\/09\/suno-logo.png\",\"contentUrl\":\"https:\/\/files.sunoresearch.com.br\/n\/uploads\/2021\/09\/suno-logo.png\",\"width\":180,\"height\":180,\"caption\":\"Suno Not\u00edcias\"},\"image\":{\"@id\":\"https:\/\/www.suno.com.br\/noticias\/#\/schema\/logo\/image\/\"},\"sameAs\":[\"https:\/\/facebook.com\/sunoresearch\",\"https:\/\/x.com\/sunoresearch\",\"https:\/\/www.instagram.com\/suno\",\"https:\/\/www.linkedin.com\/company\/suno-research\/\",\"https:\/\/www.youtube.com\/c\/sunoresearch\"]},{\"@type\":\"Person\",\"@id\":\"https:\/\/www.suno.com.br\/noticias\/#\/schema\/person\/3df0d2808748b74496efe5dbeaef2c72\",\"name\":\"Laura Moutinho\",\"image\":{\"@type\":\"ImageObject\",\"inLanguage\":\"pt-BR\",\"@id\":\"https:\/\/www.suno.com.br\/noticias\/#\/schema\/person\/image\/\",\"url\":\"https:\/\/secure.gravatar.com\/avatar\/7571c7c8ca3a6fca5e41384ece5557ff?s=96&r=g\",\"contentUrl\":\"https:\/\/secure.gravatar.com\/avatar\/7571c7c8ca3a6fca5e41384ece5557ff?s=96&r=g\",\"caption\":\"Laura Moutinho\"},\"description\":\"Estagi\u00e1ria na Suno Not\u00edcias, escreve not\u00edcias que afetam o mercado financeiro. Estuda administra\u00e7\u00e3o na Universidade Presbiteriana Mackenzie.\",\"url\":\"https:\/\/www.suno.com.br\/noticias\/author\/laura-moutinho\/\"}]}<\/script>\n<!-- \/ Yoast SEO plugin. -->","yoast_head_json":{"title":"CoronaVac: S\u00e3o Paulo deve receber 5 milh\u00f5es de doses da vacina","description":"Doria anunciou que o estado deve receber, no pr\u00f3ximo m\u00eas,\u00a0 cerca de 5 milh\u00f5es de doses da vacina CoronaVac. Clique aqui e saiba mais.","robots":{"index":"index","follow":"follow","max-snippet":"max-snippet:-1","max-image-preview":"max-image-preview:large","max-video-preview":"max-video-preview:-1"},"canonical":"https:\/\/www.suno.com.br\/noticias\/coronavac-sao-paulo-doses-vacina-coronavirus-covid-19-doria\/","og_locale":"pt_BR","og_type":"article","og_title":"CoronaVac: S\u00e3o Paulo deve receber 5 milh\u00f5es de doses da vacina","og_description":"Doria anunciou que o estado deve receber, no pr\u00f3ximo m\u00eas,\u00a0 cerca de 5 milh\u00f5es de doses da vacina CoronaVac. Clique aqui e saiba mais.","og_url":"https:\/\/www.suno.com.br\/noticias\/coronavac-sao-paulo-doses-vacina-coronavirus-covid-19-doria\/","og_site_name":"Suno Not\u00edcias","article_publisher":"https:\/\/facebook.com\/sunoresearch","og_image":[{"width":300,"height":300,"url":"https:\/\/files.sunoresearch.com.br\/n\/uploads\/2020\/09\/0b99f6b5-vacina-300x300-2.jpg","type":"image\/jpeg"}],"author":"Laura Moutinho","twitter_card":"summary_large_image","twitter_creator":"@sunoresearch","twitter_site":"@sunoresearch","twitter_misc":{"Escrito por":"Laura Moutinho","Est. tempo de leitura":"2 minutos"},"schema":{"@context":"https:\/\/schema.org","@graph":[{"@type":"NewsArticle","@id":"https:\/\/www.suno.com.br\/noticias\/coronavac-sao-paulo-doses-vacina-coronavirus-covid-19-doria\/#article","isPartOf":{"@id":"https:\/\/www.suno.com.br\/noticias\/coronavac-sao-paulo-doses-vacina-coronavirus-covid-19-doria\/"},"author":{"name":"Laura Moutinho","@id":"https:\/\/www.suno.com.br\/noticias\/#\/schema\/person\/3df0d2808748b74496efe5dbeaef2c72"},"headline":"CoronaVac: S\u00e3o Paulo deve receber 5 milh\u00f5es de doses da vacina","datePublished":"2020-09-21T21:18:17+00:00","dateModified":"2020-09-21T21:19:55+00:00","mainEntityOfPage":{"@id":"https:\/\/www.suno.com.br\/noticias\/coronavac-sao-paulo-doses-vacina-coronavirus-covid-19-doria\/"},"wordCount":472,"publisher":{"@id":"https:\/\/www.suno.com.br\/noticias\/#organization"},"image":{"@id":"https:\/\/www.suno.com.br\/noticias\/coronavac-sao-paulo-doses-vacina-coronavirus-covid-19-doria\/#primaryimage"},"thumbnailUrl":"https:\/\/files.sunoresearch.com.br\/n\/uploads\/2020\/09\/0b99f6b5-vacina-300x300-2-jpg.webp","keywords":["coronav\u00edrus","covid-19","vacina"],"articleSection":["Internacional"],"inLanguage":"pt-BR"},{"@type":"WebPage","@id":"https:\/\/www.suno.com.br\/noticias\/coronavac-sao-paulo-doses-vacina-coronavirus-covid-19-doria\/","url":"https:\/\/www.suno.com.br\/noticias\/coronavac-sao-paulo-doses-vacina-coronavirus-covid-19-doria\/","name":"CoronaVac: S\u00e3o Paulo deve receber 5 milh\u00f5es de doses da vacina","isPartOf":{"@id":"https:\/\/www.suno.com.br\/noticias\/#website"},"primaryImageOfPage":{"@id":"https:\/\/www.suno.com.br\/noticias\/coronavac-sao-paulo-doses-vacina-coronavirus-covid-19-doria\/#primaryimage"},"image":{"@id":"https:\/\/www.suno.com.br\/noticias\/coronavac-sao-paulo-doses-vacina-coronavirus-covid-19-doria\/#primaryimage"},"thumbnailUrl":"https:\/\/files.sunoresearch.com.br\/n\/uploads\/2020\/09\/0b99f6b5-vacina-300x300-2-jpg.webp","datePublished":"2020-09-21T21:18:17+00:00","dateModified":"2020-09-21T21:19:55+00:00","description":"Doria anunciou que o estado deve receber, no pr\u00f3ximo m\u00eas,\u00a0 cerca de 5 milh\u00f5es de doses da vacina CoronaVac. Clique aqui e saiba mais.","breadcrumb":{"@id":"https:\/\/www.suno.com.br\/noticias\/coronavac-sao-paulo-doses-vacina-coronavirus-covid-19-doria\/#breadcrumb"},"inLanguage":"pt-BR","potentialAction":[{"@type":"ReadAction","target":["https:\/\/www.suno.com.br\/noticias\/coronavac-sao-paulo-doses-vacina-coronavirus-covid-19-doria\/"]}]},{"@type":"ImageObject","inLanguage":"pt-BR","@id":"https:\/\/www.suno.com.br\/noticias\/coronavac-sao-paulo-doses-vacina-coronavirus-covid-19-doria\/#primaryimage","url":"https:\/\/files.sunoresearch.com.br\/n\/uploads\/2020\/09\/0b99f6b5-vacina-300x300-2-jpg.webp","contentUrl":"https:\/\/files.sunoresearch.com.br\/n\/uploads\/2020\/09\/0b99f6b5-vacina-300x300-2-jpg.webp","width":300,"height":300,"caption":"\"At\u00e9 dezembro, j\u00e1 teremos 46 milh\u00f5es de doses da vacina em SP\", disse Doria."},{"@type":"BreadcrumbList","@id":"https:\/\/www.suno.com.br\/noticias\/coronavac-sao-paulo-doses-vacina-coronavirus-covid-19-doria\/#breadcrumb","itemListElement":[{"@type":"ListItem","position":1,"name":"Not\u00edcias","item":"https:\/\/www.suno.com.br\/noticias\/"},{"@type":"ListItem","position":2,"name":"Internacional","item":"https:\/\/www.suno.com.br\/noticias\/internacional\/"},{"@type":"ListItem","position":3,"name":"CoronaVac: S\u00e3o Paulo deve receber 5 milh\u00f5es de doses da vacina"}]},{"@type":"WebSite","@id":"https:\/\/www.suno.com.br\/noticias\/#website","url":"https:\/\/www.suno.com.br\/noticias\/","name":"Suno Not\u00edcias","description":"Seu portal de informa\u00e7\u00e3o sobre o mundo dos investimentos","publisher":{"@id":"https:\/\/www.suno.com.br\/noticias\/#organization"},"potentialAction":[{"@type":"SearchAction","target":{"@type":"EntryPoint","urlTemplate":"https:\/\/www.suno.com.br\/noticias\/?s={search_term_string}"},"query-input":{"@type":"PropertyValueSpecification","valueRequired":true,"valueName":"search_term_string"}}],"inLanguage":"pt-BR"},{"@type":"Organization","@id":"https:\/\/www.suno.com.br\/noticias\/#organization","name":"Suno Not\u00edcias","url":"https:\/\/www.suno.com.br\/noticias\/","logo":{"@type":"ImageObject","inLanguage":"pt-BR","@id":"https:\/\/www.suno.com.br\/noticias\/#\/schema\/logo\/image\/","url":"https:\/\/files.sunoresearch.com.br\/n\/uploads\/2021\/09\/suno-logo.png","contentUrl":"https:\/\/files.sunoresearch.com.br\/n\/uploads\/2021\/09\/suno-logo.png","width":180,"height":180,"caption":"Suno Not\u00edcias"},"image":{"@id":"https:\/\/www.suno.com.br\/noticias\/#\/schema\/logo\/image\/"},"sameAs":["https:\/\/facebook.com\/sunoresearch","https:\/\/x.com\/sunoresearch","https:\/\/www.instagram.com\/suno","https:\/\/www.linkedin.com\/company\/suno-research\/","https:\/\/www.youtube.com\/c\/sunoresearch"]},{"@type":"Person","@id":"https:\/\/www.suno.com.br\/noticias\/#\/schema\/person\/3df0d2808748b74496efe5dbeaef2c72","name":"Laura Moutinho","image":{"@type":"ImageObject","inLanguage":"pt-BR","@id":"https:\/\/www.suno.com.br\/noticias\/#\/schema\/person\/image\/","url":"https:\/\/secure.gravatar.com\/avatar\/7571c7c8ca3a6fca5e41384ece5557ff?s=96&r=g","contentUrl":"https:\/\/secure.gravatar.com\/avatar\/7571c7c8ca3a6fca5e41384ece5557ff?s=96&r=g","caption":"Laura Moutinho"},"description":"Estagi\u00e1ria na Suno Not\u00edcias, escreve not\u00edcias que afetam o mercado financeiro. Estuda administra\u00e7\u00e3o na Universidade Presbiteriana Mackenzie.","url":"https:\/\/www.suno.com.br\/noticias\/author\/laura-moutinho\/"}]}},"default_loop_html":"<div class=\"cardsPage__listCard__boxs\"><div class=\"cardsPage__listCard__boxs__img\"><a href=\"https:\/\/www.suno.com.br\/noticias\/coronavac-sao-paulo-doses-vacina-coronavirus-covid-19-doria\/\"><img class=\"mask\" src=\"https:\/\/www.suno.com.br\/noticias\/wp-content\/themes\/suno\/resources\/images\/spotlight\/spotlight1img\/bg-mask.png\" alt=\"Image Mask\"\/><img src=\"https:\/\/files.sunoresearch.com.br\/n\/uploads\/2020\/09\/0b99f6b5-vacina-300x300-2-jpg.webp\" alt=\"CoronaVac: S\u00e3o Paulo deve receber 5 milh\u00f5es de doses da vacina\"\/><\/a><span class=\"spotlightCategory\"><a href=\"https:\/\/www.suno.com.br\/noticias\/internacional\/\">Internacional<\/a><\/span><\/div><div class=\"cardsPage__listCard__boxs__content\"><a href=\"https:\/\/www.suno.com.br\/noticias\/coronavac-sao-paulo-doses-vacina-coronavirus-covid-19-doria\/\"><h2 class=\"content__title\">CoronaVac: S\u00e3o Paulo deve receber 5 milh\u00f5es de doses da vacina<\/h2><\/a><div class=\"newsContent__article__meta\"><div class=\"newsContent__article__meta__authorBox\"><a href=\"https:\/\/www.suno.com.br\/noticias\/author\/laura-moutinho\/\" class=\"authorBox__avatar noMobi\"><img src=\"https:\/\/files.sunoresearch.com.br\/n\/uploads\/2020\/08\/531ff69d-whatsapp-image-2020-08-03-at-14.54.38-150x150.webp\" alt=\"Laura Moutinho\"><\/a><div class=\"authorBox__name\"><span>por\n\t\t\t<a href=\"https:\/\/www.suno.com.br\/noticias\/author\/laura-moutinho\/\"><span itemprop=\"author\">Laura Moutinho<\/span><\/a><\/span><time datetime=\"2020-09-21T18:18:17-03:00\" itemprop=\"datePublished\">21\/09\/2020 18:18<\/time><\/div><\/div><\/div><\/div><\/div>","single_layout":"posts","amp_enabled":true,"_links":{"self":[{"href":"https:\/\/www.suno.com.br\/noticias\/wp-json\/wp\/v2\/posts\/86232"}],"collection":[{"href":"https:\/\/www.suno.com.br\/noticias\/wp-json\/wp\/v2\/posts"}],"about":[{"href":"https:\/\/www.suno.com.br\/noticias\/wp-json\/wp\/v2\/types\/post"}],"author":[{"embeddable":true,"href":"https:\/\/www.suno.com.br\/noticias\/wp-json\/wp\/v2\/users\/39"}],"replies":[{"embeddable":true,"href":"https:\/\/www.suno.com.br\/noticias\/wp-json\/wp\/v2\/comments?post=86232"}],"version-history":[{"count":0,"href":"https:\/\/www.suno.com.br\/noticias\/wp-json\/wp\/v2\/posts\/86232\/revisions"}],"wp:featuredmedia":[{"embeddable":true,"href":"https:\/\/www.suno.com.br\/noticias\/wp-json\/wp\/v2\/media\/86234"}],"wp:attachment":[{"href":"https:\/\/www.suno.com.br\/noticias\/wp-json\/wp\/v2\/media?parent=86232"}],"wp:term":[{"taxonomy":"category","embeddable":true,"href":"https:\/\/www.suno.com.br\/noticias\/wp-json\/wp\/v2\/categories?post=86232"},{"taxonomy":"post_tag","embeddable":true,"href":"https:\/\/www.suno.com.br\/noticias\/wp-json\/wp\/v2\/tags?post=86232"},{"taxonomy":"suno_strategy","embeddable":true,"href":"https:\/\/www.suno.com.br\/noticias\/wp-json\/wp\/v2\/suno_strategy?post=86232"}],"curies":[{"name":"wp","href":"https:\/\/api.w.org\/{rel}","templated":true}]}}