{"id":86183,"date":"2020-09-21T15:46:22","date_gmt":"2020-09-21T18:46:22","guid":{"rendered":"https:\/\/www.suno.com.br\/noticias\/?p=86183"},"modified":"2020-09-21T15:46:22","modified_gmt":"2020-09-21T18:46:22","slug":"ue-espera-compromisso-claro-mercosul-sustentabilidade","status":"publish","type":"post","link":"https:\/\/www.suno.com.br\/noticias\/ue-espera-compromisso-claro-mercosul-sustentabilidade\/","title":{"rendered":"UE espera &#8216;compromisso claro&#8217; do Mercosul quanto a sustentabilidade"},"content":{"rendered":"<p>O vice-presidente da Comiss\u00e3o Europeia, Valdis Dombrovskis, afirmou nesta segunda-feira (21) que a <a href=\"https:\/\/www.suno.com.br\/artigos\/uniao-europeia\/\">Uni\u00e3o Europeia (UE)<\/a> espera &#8220;um compromisso claro&#8221; do <strong><a href=\"https:\/\/www.suno.com.br\/artigos\/mercosul\/\">Mercosul<\/a>\u00a0<\/strong>para garantir que o bloco sul-americano respeitar\u00e1 a se\u00e7\u00e3o de &#8220;desenvolvimento sustent\u00e1vel&#8221; do <a href=\"https:\/\/www.suno.com.br\/artigos\/acordo-comercial\/\">acordo comercial<\/a>, que ainda n\u00e3o foi ratificado.<\/p>\t<div class=\"wrapper-featured-image\">\n\t\t<figure class=\"spotlightImg\">\n\n\t\t\t<picture>\n\t\t\t\t<source media=\"(max-width: 768px)\" srcset=\"https:\/\/files.sunoresearch.com.br\/n\/uploads\/2020\/09\/aaa08e13-mercosul-ue-400x200.webp\">\n\t\t\t\t<img loading=\"lazy\" decoding=\"async\" class=\"newsContent__article__imgCapa lazyloadDisabled \" src=\"https:\/\/files.sunoresearch.com.br\/n\/uploads\/2020\/09\/aaa08e13-mercosul-ue-jpg.webp\" width=\"800\" height=\"450\" alt=\"UE espera &#8216;compromisso claro&#8217; do Mercosul quanto a sustentabilidade\" fetchpriority=high \/>\n\t\t\t<\/picture>\n\n\t\t\t<figcaption class=\"wp-caption-text wp-caption-text--show\">A Uni\u00e3o Europeia quer &quot;um compromisso claro&quot; do Mercosul no que concerne \u00e0 se\u00e7\u00e3o de desenvolvimento sustent\u00e1vel do acordo comercial<\/figcaption>\n\t\t<\/figure>\n\t<\/div>\n\n\n<div class=\"hubspot-form-wrapper\">\n\t<div id=\"single-form-target\"><\/div>\n<\/div>\n\n<p>&#8220;Um certo n\u00famero de Estados membros e partes interessadas destacam quest\u00f5es sobre desenvolvimento sustent\u00e1vel nos pa\u00edses do Mercosul, a ades\u00e3o ao Acordo de Paris e o desmatamento, especialmente no Brasil&#8221;, salientou Valdis Dombrovskis, depois de reuni\u00e3o com ministro do Com\u00e9rcio da <strong>UE<\/strong>.<\/p>\n<p>&#8220;Devemos levar essas quest\u00f5es a s\u00e9rio e a Comiss\u00e3o Europeia busca um compromisso claro dos pa\u00edses do Mercosul&#8221;, acrescentou o vice-presidente da institui\u00e7\u00e3o.<\/p>\n<p><a href=\"https:\/\/lp.suno.com.br\/suno-one\/\">Suno One: acesse gratuitamente eBooks, Minicursos, Artigos e Video Aulas sobre investimentos com um \u00fanico cadastro. Clique para saber mais!<\/a><\/p>\n<p>O ministro da Economia da Alemanha, Peter Altmaier, sinalizou que tinha desacordos sobre o assunto em uma discuss\u00e3o informal entre os pa\u00edses membros no \u00faltimo domingo (20), por\u00e9m acrescentou que &#8220;estavam claramente dispostos a evitar qualquer divis\u00e3o sobre o Mercosul e a discutir o que podemos fazer, preenchendo as lacunas, sem antecipar nem apressar as coisas&#8221;.<\/p>\n<h2>Acordo Mercosul-UE est\u00e1 paralisado desde 2019<\/h2>\n<p>O acordo comercial de livre com\u00e9rcio entre os pa\u00edses do Mercosul e da Uni\u00e3o Europeia foi conclu\u00eddo no ano passado, depois de 20 anos de negocia\u00e7\u00f5es, no entanto ainda n\u00e3o foi assinado assinado e continua paralisado.<\/p>\n<p>Os parlamentos austr\u00edaco e holand\u00eas, que devem ratificar o acordo assim como todos os parlamentos do bloco europeu, recha\u00e7aram o texto em sua forma atual. Ao mesmo tempo, pa\u00edses como B\u00e9lgica, Irlanda, Luxemburgo e Fran\u00e7a permanecem receosos. Al\u00e9m disso, a Alemanha, na\u00e7\u00e3o que atualmente ocupa a presid\u00eancia rotativa da UE e antes grande defensora do pacto, mudou de posi\u00e7\u00e3o nos \u00faltimos meses.<\/p>\n\t<div data-element=\"shortcode-read-more\" class=\"knowMore\">\n\t\t\t\t<span class=\"knowMore__title\">Saiba mais<\/span>\n\t\t\t\t<a class=\"knowMore__link\" href=\"https:\/\/www.suno.com.br\/noticias\/acordo-mercosul-ue-nao-avanca-esperado-uruguai\/\">\n\t\t\tAcordo Mercosul-UE n\u00e3o avan\u00e7a na velocidade esperada, diz Uruguai\t\t<\/a>\n\t<\/div>\n\n\n<p>As preocupa\u00e7\u00f5es se devem \u00e0s consequ\u00eancias do acordo com o <strong>Mercosul<\/strong> para os agricultores europeus, mas principalmente devido aos riscos que representa para o meio ambiente, especialmente o desmatamento da Amaz\u00f4nia, favorecido pelo governo do presidente Jair Bolsonaro.<\/p>\n\t<p>\n\t\t<a href=\"https:\/\/lp.suno.com.br\/planilha-de-controle-de-investimentos\/\" target=\"_blank\" data-element=\"shortcode-suno-banner\" title=\"Banner SUNO, clique e saiba mais\">\n\t\t\t<picture>\n\t\t\t\t<source media=\"(max-width: 500px)\" srcset=\"https:\/\/files.sunoresearch.com.br\/n\/uploads\/2023\/03\/400x300-Controle-de-Investimentos.png\">\n\t\t\t\t<img class=\"newsContent__article__imgCapa newsContent__article__imgCapa--banner\"\n\t\t\t\t\tsrc=\"https:\/\/files.sunoresearch.com.br\/n\/uploads\/2023\/03\/1420x240-Controle-de-Investimentos.png\"\n\t\t\t\t\tdata-promo-id=\"75934\"\t\t\t\t\t\t\t\t\t\twidth='1420' height='240'\t\t\t\t\talt=\"https:\/\/files.sunoresearch.com.br\/n\/uploads\/2023\/03\/1420x240-Controle-de-Investimentos.png\"\n\t\t\t\t>\n\t\t\t<\/picture>\n\t\t<\/a>\n\t<\/p>\n\n\n","protected":false},"excerpt":{"rendered":"<p>O vice-presidente da Comiss\u00e3o Europeia, Valdis Dombrovskis, afirmou nesta segunda-feira (21) que a Uni\u00e3o Europeia (UE) espera &#8220;um compromisso claro&#8221; do Mercosul\u00a0para garantir que o bloco sul-americano respeitar\u00e1 a se\u00e7\u00e3o de &#8220;desenvolvimento sustent\u00e1vel&#8221; do acordo comercial, que ainda n\u00e3o foi ratificado. A Uni\u00e3o Europeia quer &quot;um compromisso claro&quot; do Mercosul no que concerne \u00e0 se\u00e7\u00e3o [&hellip;]<\/p>\n","protected":false},"author":35,"featured_media":86185,"comment_status":"closed","ping_status":"closed","sticky":false,"template":"","format":"standard","meta":[],"categories":[63],"tags":[868,1117,731],"suno_strategy":[],"class_list":["post-86183","post","type-post","status-publish","format-standard","has-post-thumbnail","hentry","category-internacional","tag-mercosul","tag-sustentabilidade","tag-uniao-europeia"],"yoast_head":"<!-- This site is optimized with the Yoast SEO plugin v24.4 - https:\/\/yoast.com\/wordpress\/plugins\/seo\/ -->\n<title>UE espera &#039;compromisso claro&#039; do Mercosul quanto a sustentabilidade<\/title>\n<meta name=\"description\" content=\"A UE espera &quot;um compromisso claro&quot; do Mercosul\u00a0para garantir que respeitar\u00e1 &quot;desenvolvimento sustent\u00e1vel&quot;. Clique para saber mais\" \/>\n<meta name=\"robots\" content=\"index, follow, max-snippet:-1, max-image-preview:large, max-video-preview:-1\" \/>\n<link rel=\"canonical\" href=\"https:\/\/www.suno.com.br\/noticias\/ue-espera-compromisso-claro-mercosul-sustentabilidade\/\" \/>\n<meta property=\"og:locale\" content=\"pt_BR\" \/>\n<meta property=\"og:type\" content=\"article\" \/>\n<meta property=\"og:title\" content=\"UE espera &#039;compromisso claro&#039; do Mercosul quanto a sustentabilidade\" \/>\n<meta property=\"og:description\" content=\"A UE espera &quot;um compromisso claro&quot; do Mercosul\u00a0para garantir que respeitar\u00e1 &quot;desenvolvimento sustent\u00e1vel&quot;. Clique para saber mais\" \/>\n<meta property=\"og:url\" content=\"https:\/\/www.suno.com.br\/noticias\/ue-espera-compromisso-claro-mercosul-sustentabilidade\/\" \/>\n<meta property=\"og:site_name\" content=\"Suno Not\u00edcias\" \/>\n<meta property=\"article:publisher\" content=\"https:\/\/facebook.com\/sunoresearch\" \/>\n<meta property=\"og:image\" content=\"https:\/\/files.sunoresearch.com.br\/n\/uploads\/2020\/09\/aaa08e13-mercosul-ue.jpg\" \/>\n\t<meta property=\"og:image:width\" content=\"680\" \/>\n\t<meta property=\"og:image:height\" content=\"412\" \/>\n\t<meta property=\"og:image:type\" content=\"image\/jpeg\" \/>\n<meta name=\"author\" content=\"Arthur Guimar\u00e3es\" \/>\n<meta name=\"twitter:card\" content=\"summary_large_image\" \/>\n<meta name=\"twitter:creator\" content=\"@sunoresearch\" \/>\n<meta name=\"twitter:site\" content=\"@sunoresearch\" \/>\n<meta name=\"twitter:label1\" content=\"Escrito por\" \/>\n\t<meta name=\"twitter:data1\" content=\"Arthur Guimar\u00e3es\" \/>\n\t<meta name=\"twitter:label2\" content=\"Est. tempo de leitura\" \/>\n\t<meta name=\"twitter:data2\" content=\"2 minutos\" \/>\n<script type=\"application\/ld+json\" class=\"yoast-schema-graph\">{\"@context\":\"https:\/\/schema.org\",\"@graph\":[{\"@type\":\"NewsArticle\",\"@id\":\"https:\/\/www.suno.com.br\/noticias\/ue-espera-compromisso-claro-mercosul-sustentabilidade\/#article\",\"isPartOf\":{\"@id\":\"https:\/\/www.suno.com.br\/noticias\/ue-espera-compromisso-claro-mercosul-sustentabilidade\/\"},\"author\":{\"name\":\"Arthur Guimar\u00e3es\",\"@id\":\"https:\/\/www.suno.com.br\/noticias\/#\/schema\/person\/053a750a709a263919a20f976caae91c\"},\"headline\":\"UE espera &#8216;compromisso claro&#8217; do Mercosul quanto a sustentabilidade\",\"datePublished\":\"2020-09-21T18:46:22+00:00\",\"mainEntityOfPage\":{\"@id\":\"https:\/\/www.suno.com.br\/noticias\/ue-espera-compromisso-claro-mercosul-sustentabilidade\/\"},\"wordCount\":393,\"publisher\":{\"@id\":\"https:\/\/www.suno.com.br\/noticias\/#organization\"},\"image\":{\"@id\":\"https:\/\/www.suno.com.br\/noticias\/ue-espera-compromisso-claro-mercosul-sustentabilidade\/#primaryimage\"},\"thumbnailUrl\":\"https:\/\/files.sunoresearch.com.br\/n\/uploads\/2020\/09\/aaa08e13-mercosul-ue-jpg.webp\",\"keywords\":[\"Mercosul\",\"Sustentabilidade\",\"Uni\u00e3o Europeia\"],\"articleSection\":[\"Internacional\"],\"inLanguage\":\"pt-BR\"},{\"@type\":\"WebPage\",\"@id\":\"https:\/\/www.suno.com.br\/noticias\/ue-espera-compromisso-claro-mercosul-sustentabilidade\/\",\"url\":\"https:\/\/www.suno.com.br\/noticias\/ue-espera-compromisso-claro-mercosul-sustentabilidade\/\",\"name\":\"UE espera 'compromisso claro' do Mercosul quanto a sustentabilidade\",\"isPartOf\":{\"@id\":\"https:\/\/www.suno.com.br\/noticias\/#website\"},\"primaryImageOfPage\":{\"@id\":\"https:\/\/www.suno.com.br\/noticias\/ue-espera-compromisso-claro-mercosul-sustentabilidade\/#primaryimage\"},\"image\":{\"@id\":\"https:\/\/www.suno.com.br\/noticias\/ue-espera-compromisso-claro-mercosul-sustentabilidade\/#primaryimage\"},\"thumbnailUrl\":\"https:\/\/files.sunoresearch.com.br\/n\/uploads\/2020\/09\/aaa08e13-mercosul-ue-jpg.webp\",\"datePublished\":\"2020-09-21T18:46:22+00:00\",\"description\":\"A UE espera \\\"um compromisso claro\\\" do Mercosul\u00a0para garantir que respeitar\u00e1 \\\"desenvolvimento sustent\u00e1vel\\\". Clique para saber mais\",\"breadcrumb\":{\"@id\":\"https:\/\/www.suno.com.br\/noticias\/ue-espera-compromisso-claro-mercosul-sustentabilidade\/#breadcrumb\"},\"inLanguage\":\"pt-BR\",\"potentialAction\":[{\"@type\":\"ReadAction\",\"target\":[\"https:\/\/www.suno.com.br\/noticias\/ue-espera-compromisso-claro-mercosul-sustentabilidade\/\"]}]},{\"@type\":\"ImageObject\",\"inLanguage\":\"pt-BR\",\"@id\":\"https:\/\/www.suno.com.br\/noticias\/ue-espera-compromisso-claro-mercosul-sustentabilidade\/#primaryimage\",\"url\":\"https:\/\/files.sunoresearch.com.br\/n\/uploads\/2020\/09\/aaa08e13-mercosul-ue-jpg.webp\",\"contentUrl\":\"https:\/\/files.sunoresearch.com.br\/n\/uploads\/2020\/09\/aaa08e13-mercosul-ue-jpg.webp\",\"width\":680,\"height\":412,\"caption\":\"A Uni\u00e3o Europeia quer \\\"um compromisso claro\\\" do Mercosul no que concerne \u00e0 se\u00e7\u00e3o de desenvolvimento sustent\u00e1vel do acordo comercial\"},{\"@type\":\"BreadcrumbList\",\"@id\":\"https:\/\/www.suno.com.br\/noticias\/ue-espera-compromisso-claro-mercosul-sustentabilidade\/#breadcrumb\",\"itemListElement\":[{\"@type\":\"ListItem\",\"position\":1,\"name\":\"Not\u00edcias\",\"item\":\"https:\/\/www.suno.com.br\/noticias\/\"},{\"@type\":\"ListItem\",\"position\":2,\"name\":\"Internacional\",\"item\":\"https:\/\/www.suno.com.br\/noticias\/internacional\/\"},{\"@type\":\"ListItem\",\"position\":3,\"name\":\"UE espera &#8216;compromisso claro&#8217; do Mercosul quanto a sustentabilidade\"}]},{\"@type\":\"WebSite\",\"@id\":\"https:\/\/www.suno.com.br\/noticias\/#website\",\"url\":\"https:\/\/www.suno.com.br\/noticias\/\",\"name\":\"Suno Not\u00edcias\",\"description\":\"Seu portal de informa\u00e7\u00e3o sobre o mundo dos investimentos\",\"publisher\":{\"@id\":\"https:\/\/www.suno.com.br\/noticias\/#organization\"},\"potentialAction\":[{\"@type\":\"SearchAction\",\"target\":{\"@type\":\"EntryPoint\",\"urlTemplate\":\"https:\/\/www.suno.com.br\/noticias\/?s={search_term_string}\"},\"query-input\":{\"@type\":\"PropertyValueSpecification\",\"valueRequired\":true,\"valueName\":\"search_term_string\"}}],\"inLanguage\":\"pt-BR\"},{\"@type\":\"Organization\",\"@id\":\"https:\/\/www.suno.com.br\/noticias\/#organization\",\"name\":\"Suno Not\u00edcias\",\"url\":\"https:\/\/www.suno.com.br\/noticias\/\",\"logo\":{\"@type\":\"ImageObject\",\"inLanguage\":\"pt-BR\",\"@id\":\"https:\/\/www.suno.com.br\/noticias\/#\/schema\/logo\/image\/\",\"url\":\"https:\/\/files.sunoresearch.com.br\/n\/uploads\/2021\/09\/suno-logo.png\",\"contentUrl\":\"https:\/\/files.sunoresearch.com.br\/n\/uploads\/2021\/09\/suno-logo.png\",\"width\":180,\"height\":180,\"caption\":\"Suno Not\u00edcias\"},\"image\":{\"@id\":\"https:\/\/www.suno.com.br\/noticias\/#\/schema\/logo\/image\/\"},\"sameAs\":[\"https:\/\/facebook.com\/sunoresearch\",\"https:\/\/x.com\/sunoresearch\",\"https:\/\/www.instagram.com\/suno\",\"https:\/\/www.linkedin.com\/company\/suno-research\/\",\"https:\/\/www.youtube.com\/c\/sunoresearch\"]},{\"@type\":\"Person\",\"@id\":\"https:\/\/www.suno.com.br\/noticias\/#\/schema\/person\/053a750a709a263919a20f976caae91c\",\"name\":\"Arthur Guimar\u00e3es\",\"image\":{\"@type\":\"ImageObject\",\"inLanguage\":\"pt-BR\",\"@id\":\"https:\/\/www.suno.com.br\/noticias\/#\/schema\/person\/image\/\",\"url\":\"https:\/\/secure.gravatar.com\/avatar\/1affd86a11209ae09eb6dd3bcad3e96c?s=96&r=g\",\"contentUrl\":\"https:\/\/secure.gravatar.com\/avatar\/1affd86a11209ae09eb6dd3bcad3e96c?s=96&r=g\",\"caption\":\"Arthur Guimar\u00e3es\"},\"description\":\"Arthur Guimar\u00e3es escreve sobre pol\u00edtica, economia e neg\u00f3cios para o portal de not\u00edcias da Suno Research. Atualmente, \u00e9 estudante de jornalismo pela Faculdade C\u00e1sper L\u00edbero.\",\"url\":\"https:\/\/www.suno.com.br\/noticias\/author\/arthur-guimaraes\/\"}]}<\/script>\n<!-- \/ Yoast SEO plugin. -->","yoast_head_json":{"title":"UE espera 'compromisso claro' do Mercosul quanto a sustentabilidade","description":"A UE espera \"um compromisso claro\" do Mercosul\u00a0para garantir que respeitar\u00e1 \"desenvolvimento sustent\u00e1vel\". Clique para saber mais","robots":{"index":"index","follow":"follow","max-snippet":"max-snippet:-1","max-image-preview":"max-image-preview:large","max-video-preview":"max-video-preview:-1"},"canonical":"https:\/\/www.suno.com.br\/noticias\/ue-espera-compromisso-claro-mercosul-sustentabilidade\/","og_locale":"pt_BR","og_type":"article","og_title":"UE espera 'compromisso claro' do Mercosul quanto a sustentabilidade","og_description":"A UE espera \"um compromisso claro\" do Mercosul\u00a0para garantir que respeitar\u00e1 \"desenvolvimento sustent\u00e1vel\". Clique para saber mais","og_url":"https:\/\/www.suno.com.br\/noticias\/ue-espera-compromisso-claro-mercosul-sustentabilidade\/","og_site_name":"Suno Not\u00edcias","article_publisher":"https:\/\/facebook.com\/sunoresearch","og_image":[{"width":680,"height":412,"url":"https:\/\/files.sunoresearch.com.br\/n\/uploads\/2020\/09\/aaa08e13-mercosul-ue.jpg","type":"image\/jpeg"}],"author":"Arthur Guimar\u00e3es","twitter_card":"summary_large_image","twitter_creator":"@sunoresearch","twitter_site":"@sunoresearch","twitter_misc":{"Escrito por":"Arthur Guimar\u00e3es","Est. tempo de leitura":"2 minutos"},"schema":{"@context":"https:\/\/schema.org","@graph":[{"@type":"NewsArticle","@id":"https:\/\/www.suno.com.br\/noticias\/ue-espera-compromisso-claro-mercosul-sustentabilidade\/#article","isPartOf":{"@id":"https:\/\/www.suno.com.br\/noticias\/ue-espera-compromisso-claro-mercosul-sustentabilidade\/"},"author":{"name":"Arthur Guimar\u00e3es","@id":"https:\/\/www.suno.com.br\/noticias\/#\/schema\/person\/053a750a709a263919a20f976caae91c"},"headline":"UE espera &#8216;compromisso claro&#8217; do Mercosul quanto a sustentabilidade","datePublished":"2020-09-21T18:46:22+00:00","mainEntityOfPage":{"@id":"https:\/\/www.suno.com.br\/noticias\/ue-espera-compromisso-claro-mercosul-sustentabilidade\/"},"wordCount":393,"publisher":{"@id":"https:\/\/www.suno.com.br\/noticias\/#organization"},"image":{"@id":"https:\/\/www.suno.com.br\/noticias\/ue-espera-compromisso-claro-mercosul-sustentabilidade\/#primaryimage"},"thumbnailUrl":"https:\/\/files.sunoresearch.com.br\/n\/uploads\/2020\/09\/aaa08e13-mercosul-ue-jpg.webp","keywords":["Mercosul","Sustentabilidade","Uni\u00e3o Europeia"],"articleSection":["Internacional"],"inLanguage":"pt-BR"},{"@type":"WebPage","@id":"https:\/\/www.suno.com.br\/noticias\/ue-espera-compromisso-claro-mercosul-sustentabilidade\/","url":"https:\/\/www.suno.com.br\/noticias\/ue-espera-compromisso-claro-mercosul-sustentabilidade\/","name":"UE espera 'compromisso claro' do Mercosul quanto a sustentabilidade","isPartOf":{"@id":"https:\/\/www.suno.com.br\/noticias\/#website"},"primaryImageOfPage":{"@id":"https:\/\/www.suno.com.br\/noticias\/ue-espera-compromisso-claro-mercosul-sustentabilidade\/#primaryimage"},"image":{"@id":"https:\/\/www.suno.com.br\/noticias\/ue-espera-compromisso-claro-mercosul-sustentabilidade\/#primaryimage"},"thumbnailUrl":"https:\/\/files.sunoresearch.com.br\/n\/uploads\/2020\/09\/aaa08e13-mercosul-ue-jpg.webp","datePublished":"2020-09-21T18:46:22+00:00","description":"A UE espera \"um compromisso claro\" do Mercosul\u00a0para garantir que respeitar\u00e1 \"desenvolvimento sustent\u00e1vel\". Clique para saber mais","breadcrumb":{"@id":"https:\/\/www.suno.com.br\/noticias\/ue-espera-compromisso-claro-mercosul-sustentabilidade\/#breadcrumb"},"inLanguage":"pt-BR","potentialAction":[{"@type":"ReadAction","target":["https:\/\/www.suno.com.br\/noticias\/ue-espera-compromisso-claro-mercosul-sustentabilidade\/"]}]},{"@type":"ImageObject","inLanguage":"pt-BR","@id":"https:\/\/www.suno.com.br\/noticias\/ue-espera-compromisso-claro-mercosul-sustentabilidade\/#primaryimage","url":"https:\/\/files.sunoresearch.com.br\/n\/uploads\/2020\/09\/aaa08e13-mercosul-ue-jpg.webp","contentUrl":"https:\/\/files.sunoresearch.com.br\/n\/uploads\/2020\/09\/aaa08e13-mercosul-ue-jpg.webp","width":680,"height":412,"caption":"A Uni\u00e3o Europeia quer \"um compromisso claro\" do Mercosul no que concerne \u00e0 se\u00e7\u00e3o de desenvolvimento sustent\u00e1vel do acordo comercial"},{"@type":"BreadcrumbList","@id":"https:\/\/www.suno.com.br\/noticias\/ue-espera-compromisso-claro-mercosul-sustentabilidade\/#breadcrumb","itemListElement":[{"@type":"ListItem","position":1,"name":"Not\u00edcias","item":"https:\/\/www.suno.com.br\/noticias\/"},{"@type":"ListItem","position":2,"name":"Internacional","item":"https:\/\/www.suno.com.br\/noticias\/internacional\/"},{"@type":"ListItem","position":3,"name":"UE espera &#8216;compromisso claro&#8217; do Mercosul quanto a sustentabilidade"}]},{"@type":"WebSite","@id":"https:\/\/www.suno.com.br\/noticias\/#website","url":"https:\/\/www.suno.com.br\/noticias\/","name":"Suno Not\u00edcias","description":"Seu portal de informa\u00e7\u00e3o sobre o mundo dos investimentos","publisher":{"@id":"https:\/\/www.suno.com.br\/noticias\/#organization"},"potentialAction":[{"@type":"SearchAction","target":{"@type":"EntryPoint","urlTemplate":"https:\/\/www.suno.com.br\/noticias\/?s={search_term_string}"},"query-input":{"@type":"PropertyValueSpecification","valueRequired":true,"valueName":"search_term_string"}}],"inLanguage":"pt-BR"},{"@type":"Organization","@id":"https:\/\/www.suno.com.br\/noticias\/#organization","name":"Suno Not\u00edcias","url":"https:\/\/www.suno.com.br\/noticias\/","logo":{"@type":"ImageObject","inLanguage":"pt-BR","@id":"https:\/\/www.suno.com.br\/noticias\/#\/schema\/logo\/image\/","url":"https:\/\/files.sunoresearch.com.br\/n\/uploads\/2021\/09\/suno-logo.png","contentUrl":"https:\/\/files.sunoresearch.com.br\/n\/uploads\/2021\/09\/suno-logo.png","width":180,"height":180,"caption":"Suno Not\u00edcias"},"image":{"@id":"https:\/\/www.suno.com.br\/noticias\/#\/schema\/logo\/image\/"},"sameAs":["https:\/\/facebook.com\/sunoresearch","https:\/\/x.com\/sunoresearch","https:\/\/www.instagram.com\/suno","https:\/\/www.linkedin.com\/company\/suno-research\/","https:\/\/www.youtube.com\/c\/sunoresearch"]},{"@type":"Person","@id":"https:\/\/www.suno.com.br\/noticias\/#\/schema\/person\/053a750a709a263919a20f976caae91c","name":"Arthur Guimar\u00e3es","image":{"@type":"ImageObject","inLanguage":"pt-BR","@id":"https:\/\/www.suno.com.br\/noticias\/#\/schema\/person\/image\/","url":"https:\/\/secure.gravatar.com\/avatar\/1affd86a11209ae09eb6dd3bcad3e96c?s=96&r=g","contentUrl":"https:\/\/secure.gravatar.com\/avatar\/1affd86a11209ae09eb6dd3bcad3e96c?s=96&r=g","caption":"Arthur Guimar\u00e3es"},"description":"Arthur Guimar\u00e3es escreve sobre pol\u00edtica, economia e neg\u00f3cios para o portal de not\u00edcias da Suno Research. Atualmente, \u00e9 estudante de jornalismo pela Faculdade C\u00e1sper L\u00edbero.","url":"https:\/\/www.suno.com.br\/noticias\/author\/arthur-guimaraes\/"}]}},"default_loop_html":"<div class=\"cardsPage__listCard__boxs\"><div class=\"cardsPage__listCard__boxs__img\"><a href=\"https:\/\/www.suno.com.br\/noticias\/ue-espera-compromisso-claro-mercosul-sustentabilidade\/\"><img class=\"mask\" src=\"https:\/\/www.suno.com.br\/noticias\/wp-content\/themes\/suno\/resources\/images\/spotlight\/spotlight1img\/bg-mask.png\" alt=\"Image Mask\"\/><img src=\"https:\/\/files.sunoresearch.com.br\/n\/uploads\/2020\/09\/aaa08e13-mercosul-ue-400x200.webp\" alt=\"UE espera &#8216;compromisso claro&#8217; do Mercosul quanto a sustentabilidade\"\/><\/a><span class=\"spotlightCategory\"><a href=\"https:\/\/www.suno.com.br\/noticias\/internacional\/\">Internacional<\/a><\/span><\/div><div class=\"cardsPage__listCard__boxs__content\"><a href=\"https:\/\/www.suno.com.br\/noticias\/ue-espera-compromisso-claro-mercosul-sustentabilidade\/\"><h2 class=\"content__title\">UE espera &#8216;compromisso claro&#8217; do Mercosul quanto a sustentabilidade<\/h2><\/a><div class=\"newsContent__article__meta\"><div class=\"newsContent__article__meta__authorBox\"><a href=\"https:\/\/www.suno.com.br\/noticias\/author\/arthur-guimaraes\/\" class=\"authorBox__avatar noMobi\"><img src=\"https:\/\/files.sunoresearch.com.br\/n\/uploads\/2020\/02\/dfb40897-eu-150x150.webp\" alt=\"Arthur Guimar\u00e3es\"><\/a><div class=\"authorBox__name\"><span>por\n\t\t\t<a href=\"https:\/\/www.suno.com.br\/noticias\/author\/arthur-guimaraes\/\"><span itemprop=\"author\">Arthur Guimar\u00e3es<\/span><\/a><\/span><time datetime=\"2020-09-21T15:46:22-03:00\" itemprop=\"datePublished\">21\/09\/2020 15:46<\/time><\/div><\/div><\/div><\/div><\/div>","single_layout":"posts","amp_enabled":true,"_links":{"self":[{"href":"https:\/\/www.suno.com.br\/noticias\/wp-json\/wp\/v2\/posts\/86183"}],"collection":[{"href":"https:\/\/www.suno.com.br\/noticias\/wp-json\/wp\/v2\/posts"}],"about":[{"href":"https:\/\/www.suno.com.br\/noticias\/wp-json\/wp\/v2\/types\/post"}],"author":[{"embeddable":true,"href":"https:\/\/www.suno.com.br\/noticias\/wp-json\/wp\/v2\/users\/35"}],"replies":[{"embeddable":true,"href":"https:\/\/www.suno.com.br\/noticias\/wp-json\/wp\/v2\/comments?post=86183"}],"version-history":[{"count":0,"href":"https:\/\/www.suno.com.br\/noticias\/wp-json\/wp\/v2\/posts\/86183\/revisions"}],"wp:featuredmedia":[{"embeddable":true,"href":"https:\/\/www.suno.com.br\/noticias\/wp-json\/wp\/v2\/media\/86185"}],"wp:attachment":[{"href":"https:\/\/www.suno.com.br\/noticias\/wp-json\/wp\/v2\/media?parent=86183"}],"wp:term":[{"taxonomy":"category","embeddable":true,"href":"https:\/\/www.suno.com.br\/noticias\/wp-json\/wp\/v2\/categories?post=86183"},{"taxonomy":"post_tag","embeddable":true,"href":"https:\/\/www.suno.com.br\/noticias\/wp-json\/wp\/v2\/tags?post=86183"},{"taxonomy":"suno_strategy","embeddable":true,"href":"https:\/\/www.suno.com.br\/noticias\/wp-json\/wp\/v2\/suno_strategy?post=86183"}],"curies":[{"name":"wp","href":"https:\/\/api.w.org\/{rel}","templated":true}]}}