{"id":86090,"date":"2020-09-21T11:10:28","date_gmt":"2020-09-21T14:10:28","guid":{"rendered":"https:\/\/www.suno.com.br\/noticias\/?p=86090"},"modified":"2020-09-21T11:10:28","modified_gmt":"2020-09-21T14:10:28","slug":"simpar-simh3-anuncia-programa-recompra-de-acoes","status":"publish","type":"post","link":"https:\/\/www.suno.com.br\/noticias\/simpar-simh3-anuncia-programa-recompra-de-acoes\/","title":{"rendered":"Simpar (SIMH3) anuncia programa de recompra de at\u00e9 3,9 milh\u00f5es de a\u00e7\u00f5es"},"content":{"rendered":"<p>A <strong>Simpar<\/strong> (SIMH3) informou, na manh\u00e3 desta segunda-feira (21), que seu Conselho de Administra\u00e7\u00e3o aprovou um novo <a href=\"https:\/\/www.youtube.com\/watch?v=UysleNFae0M\">programa de recompra de a\u00e7\u00f5es<\/a> de sua emiss\u00e3o. Poder\u00e3o ser recompradas at\u00e9 3.915.171 a\u00e7\u00f5es. A informa\u00e7\u00e3o foi divulgada por meio de um fato relevante.<\/p>\t<div class=\"wrapper-featured-image\">\n\t\t<figure class=\"spotlightImg\">\n\n\t\t\t<picture>\n\t\t\t\t<source media=\"(max-width: 768px)\" srcset=\"https:\/\/files.sunoresearch.com.br\/n\/uploads\/2020\/09\/3d82016f-mockup3--400x200.webp\">\n\t\t\t\t<img loading=\"lazy\" decoding=\"async\" class=\"newsContent__article__imgCapa lazyloadDisabled \" src=\"https:\/\/files.sunoresearch.com.br\/n\/uploads\/2020\/09\/3d82016f-mockup3--800x450.webp\" width=\"800\" height=\"450\" alt=\"Simpar (SIMH3) anuncia programa de recompra de at\u00e9 3,9 milh\u00f5es de a\u00e7\u00f5es\" fetchpriority=high \/>\n\t\t\t<\/picture>\n\n\t\t\t<figcaption class=\"wp-caption-text wp-caption-text--show\">Caminh\u00e3o da JSL (JSLG3)<\/figcaption>\n\t\t<\/figure>\n\t<\/div>\n\n\n<div class=\"hubspot-form-wrapper\">\n\t<div id=\"single-form-target\"><\/div>\n<\/div>\n\n<p>De acordo com a Simpar, com base nas 61.838.699 a\u00e7\u00f5es ordin\u00e1rias em circula\u00e7\u00e3o no mercado, a <strong>recompra<\/strong> ser\u00e1 de at\u00e9 6,33% da totalidade dos pap\u00e9is. A opera\u00e7\u00e3o, segundo a empresa, respeitar\u00e1 a manuten\u00e7\u00e3o do percentual m\u00ednimo de circula\u00e7\u00e3o das a\u00e7\u00f5es de 25%, conforme estabelecido pelo regulamento do <a href=\"https:\/\/www.suno.com.br\/artigos\/novo-mercado\/\"><strong>Novo Mercado<\/strong><\/a>, mais alto n\u00edvel de governan\u00e7a da B3.<\/p>\n<p>O prazo do programa ter\u00e1 dura\u00e7\u00e3o de 18 meses, com in\u00edcio nesta segunda-feira e t\u00e9rmino no dia 20 de mar\u00e7o de 2022. Segundo a empresa, as recompras ser\u00e3o realizadas pela <strong>reserva de lucros<\/strong> de capitais dispon\u00edveis, presentes nas \u00faltimas demonstra\u00e7\u00f5es financeiras da companhia. Os bancos participantes da opera\u00e7\u00e3o ser\u00e3o:<\/p>\n<p><a href=\"https:\/\/lp.suno.com.br\/suno-one\/\">No Suno One voc\u00ea aprende a fazer seu dinheiro trabalhar para voc\u00ea. Cadastre-se gratuitamente agora!<\/a><\/p>\n<ul>\n<li><a href=\"https:\/\/www.suno.com.br\/acoes\/bbdc4\/\">Bradesco (BBDC4)<\/a>;<\/li>\n<li><a href=\"https:\/\/www.suno.com.br\/acoes\/sanb11\/\">Santander (SANB11)<\/a>;<\/li>\n<li><a href=\"https:\/\/www.suno.com.br\/acoes\/bpac11\/\">BTG Pactual (BPAC11)<\/a>;<\/li>\n<li>XP Investimentos.<\/li>\n<\/ul>\n<p>O objetivo, diz o comunicado, \u00e9 a maximiza\u00e7\u00e3o de <strong>valor<\/strong> aos acionistas, sem redu\u00e7\u00e3o do capital social. Os pap\u00e9is adquiridos ser\u00e3o mantidos em tesouraria, para cancelamento, aliena\u00e7\u00e3o ou para atender as obriga\u00e7\u00f5es assumidas pela empresa frente aos benefici\u00e1rios dos planos de remunera\u00e7\u00e3o baseados em a\u00e7\u00f5es.<\/p>\n<h2>Reorganiza\u00e7\u00e3o societ\u00e1ria traz Simpar como holding<\/h2>\n<p>A <a href=\"https:\/\/www.suno.com.br\/acoes\/jslg3\/\">JSL (JSLG3)<\/a> comunicou ao mercado, no dia 6 de agosto, que o seu conselho de administra\u00e7\u00e3o aprovou, em <a href=\"https:\/\/www.suno.com.br\/artigos\/assembleia-geral-extraordinaria\/\">Assembleia Geral Extraordin\u00e1ria<\/a>, a reorganiza\u00e7\u00e3o societ\u00e1ria, compreendida pela incorpora\u00e7\u00e3o de 100% das a\u00e7\u00f5es de emiss\u00e3o da companhia pela Simpar e cis\u00e3o parcial da companhia com incorpora\u00e7\u00e3o da parcela cindida na <em>holding<\/em>.<\/p>\n<p>Dessa forma, por conta da aprova\u00e7\u00e3o da incorpora\u00e7\u00e3o de a\u00e7\u00f5es, a JSL passou a ser uma subsidi\u00e1ria integral da Simpar e os acionistas da empresa, consequentemente, passaram a ser acionistas da Simpar.<\/p>\n\t<div data-element=\"shortcode-read-more\" class=\"knowMore\">\n\t\t\t\t<span class=\"knowMore__title\">Veja tamb\u00e9m<\/span>\n\t\t\t\t<a class=\"knowMore__link\" href=\"https:\/\/www.suno.com.br\/noticias\/jsl-simh3-jslg3-pagara-debentures-debenturistas\/\">\n\t\t\tJSL (SIMH3) pagar\u00e1 R$ 77,431 milh\u00f5es a debenturistas\t\t<\/a>\n\t<\/div>\n\n\n<p>\u00c0 \u00e9poca, a JSL informou que a reorganiza\u00e7\u00e3o societ\u00e1ria fazia parte do plano do grupo de gerar valor e garantir a perpetua\u00e7\u00e3o dos neg\u00f3cios atrav\u00e9s da divis\u00e3o das atividades em diferentes sociedades. &#8220;A aprova\u00e7\u00e3o por unanimidade dos minorit\u00e1rios na Assembleia Geral evidencia a qualidade e o valor da reorganiza\u00e7\u00e3o proposta pela administra\u00e7\u00e3o&#8221;, destacou a empresa.<\/p>\n<p>As a\u00e7\u00f5es da <strong>Simpar<\/strong>, sob o ticker &#8220;SIMH3&#8221;, passaram a ser negociadas na bolsa brasileira na \u00faltima sexta-feira (18). Os pap\u00e9is s\u00e3o negociados a R$ 28,23 na manh\u00e3 desta segunda-feira.<\/p>\n\t<p>\n\t\t<a href=\"https:\/\/lp.suno.com.br\/planilha-de-controle-de-investimentos\/\" target=\"_blank\" data-element=\"shortcode-suno-banner\" title=\"Banner SUNO, clique e saiba mais\">\n\t\t\t<picture>\n\t\t\t\t<source media=\"(max-width: 500px)\" srcset=\"https:\/\/files.sunoresearch.com.br\/n\/uploads\/2023\/03\/400x300-Controle-de-Investimentos.png\">\n\t\t\t\t<img class=\"newsContent__article__imgCapa newsContent__article__imgCapa--banner\"\n\t\t\t\t\tsrc=\"https:\/\/files.sunoresearch.com.br\/n\/uploads\/2023\/03\/1420x240-Controle-de-Investimentos.png\"\n\t\t\t\t\tdata-promo-id=\"75934\"\t\t\t\t\t\t\t\t\t\twidth='1420' height='240'\t\t\t\t\talt=\"https:\/\/files.sunoresearch.com.br\/n\/uploads\/2023\/03\/1420x240-Controle-de-Investimentos.png\"\n\t\t\t\t>\n\t\t\t<\/picture>\n\t\t<\/a>\n\t<\/p>\n\n\n","protected":false},"excerpt":{"rendered":"<p>A Simpar (SIMH3) informou, na manh\u00e3 desta segunda-feira (21), que seu Conselho de Administra\u00e7\u00e3o aprovou um novo programa de recompra de a\u00e7\u00f5es de sua emiss\u00e3o. Poder\u00e3o ser recompradas at\u00e9 3.915.171 a\u00e7\u00f5es. A informa\u00e7\u00e3o foi divulgada por meio de um fato relevante. Caminh\u00e3o da JSL (JSLG3) De acordo com a Simpar, com base nas 61.838.699 a\u00e7\u00f5es [&hellip;]<\/p>\n","protected":false},"author":24,"featured_media":86097,"comment_status":"closed","ping_status":"closed","sticky":false,"template":"","format":"standard","meta":[],"categories":[64],"tags":[526,4964,76282],"suno_strategy":[],"class_list":["post-86090","post","type-post","status-publish","format-standard","has-post-thumbnail","hentry","category-negocios","tag-jsl-jslg11-jslg3","tag-recompra-de-acoes","tag-simpar-simh3"],"yoast_head":"<!-- This site is optimized with the Yoast SEO plugin v24.4 - https:\/\/yoast.com\/wordpress\/plugins\/seo\/ -->\n<title>Simpar (SIMH3) anuncia programa de recompra de 3,9 milh\u00f5es de a\u00e7\u00f5es<\/title>\n<meta name=\"description\" content=\"A Simpar (SIMH3) informou que seu Conselho de Administra\u00e7\u00e3o aprovou um novo programa de recompra de a\u00e7\u00f5es de sua emiss\u00e3o. Saiba mais.\" \/>\n<meta name=\"robots\" content=\"index, follow, max-snippet:-1, max-image-preview:large, max-video-preview:-1\" \/>\n<link rel=\"canonical\" href=\"https:\/\/www.suno.com.br\/noticias\/simpar-simh3-anuncia-programa-recompra-de-acoes\/\" \/>\n<meta property=\"og:locale\" content=\"pt_BR\" \/>\n<meta property=\"og:type\" content=\"article\" \/>\n<meta property=\"og:title\" content=\"Simpar (SIMH3) anuncia programa de recompra de 3,9 milh\u00f5es de a\u00e7\u00f5es\" \/>\n<meta property=\"og:description\" content=\"A Simpar (SIMH3) informou que seu Conselho de Administra\u00e7\u00e3o aprovou um novo programa de recompra de a\u00e7\u00f5es de sua emiss\u00e3o. Saiba mais.\" \/>\n<meta property=\"og:url\" content=\"https:\/\/www.suno.com.br\/noticias\/simpar-simh3-anuncia-programa-recompra-de-acoes\/\" \/>\n<meta property=\"og:site_name\" content=\"Suno Not\u00edcias\" \/>\n<meta property=\"article:publisher\" content=\"https:\/\/facebook.com\/sunoresearch\" \/>\n<meta property=\"og:image\" content=\"https:\/\/files.sunoresearch.com.br\/n\/uploads\/2020\/09\/3d82016f-mockup3-.jpg\" \/>\n\t<meta property=\"og:image:width\" content=\"1200\" \/>\n\t<meta property=\"og:image:height\" content=\"697\" \/>\n\t<meta property=\"og:image:type\" content=\"image\/jpeg\" \/>\n<meta name=\"author\" content=\"Jader Lazarini\" \/>\n<meta name=\"twitter:card\" content=\"summary_large_image\" \/>\n<meta name=\"twitter:creator\" content=\"@sunoresearch\" \/>\n<meta name=\"twitter:site\" content=\"@sunoresearch\" \/>\n<meta name=\"twitter:label1\" content=\"Escrito por\" \/>\n\t<meta name=\"twitter:data1\" content=\"Jader Lazarini\" \/>\n\t<meta name=\"twitter:label2\" content=\"Est. tempo de leitura\" \/>\n\t<meta name=\"twitter:data2\" content=\"2 minutos\" \/>\n<script type=\"application\/ld+json\" class=\"yoast-schema-graph\">{\"@context\":\"https:\/\/schema.org\",\"@graph\":[{\"@type\":\"NewsArticle\",\"@id\":\"https:\/\/www.suno.com.br\/noticias\/simpar-simh3-anuncia-programa-recompra-de-acoes\/#article\",\"isPartOf\":{\"@id\":\"https:\/\/www.suno.com.br\/noticias\/simpar-simh3-anuncia-programa-recompra-de-acoes\/\"},\"author\":{\"name\":\"Jader Lazarini\",\"@id\":\"https:\/\/www.suno.com.br\/noticias\/#\/schema\/person\/918d79de1f0281f01599b93f9ea6e23f\"},\"headline\":\"Simpar (SIMH3) anuncia programa de recompra de at\u00e9 3,9 milh\u00f5es de a\u00e7\u00f5es\",\"datePublished\":\"2020-09-21T14:10:28+00:00\",\"mainEntityOfPage\":{\"@id\":\"https:\/\/www.suno.com.br\/noticias\/simpar-simh3-anuncia-programa-recompra-de-acoes\/\"},\"wordCount\":474,\"publisher\":{\"@id\":\"https:\/\/www.suno.com.br\/noticias\/#organization\"},\"image\":{\"@id\":\"https:\/\/www.suno.com.br\/noticias\/simpar-simh3-anuncia-programa-recompra-de-acoes\/#primaryimage\"},\"thumbnailUrl\":\"https:\/\/files.sunoresearch.com.br\/n\/uploads\/2020\/09\/3d82016f-mockup3--jpg.webp\",\"keywords\":[\"JSL (JSL11\/JSLG3)\",\"recompra de a\u00e7\u00f5es\",\"Simpar (SIMH3)\"],\"articleSection\":[\"Neg\u00f3cios\"],\"inLanguage\":\"pt-BR\"},{\"@type\":\"WebPage\",\"@id\":\"https:\/\/www.suno.com.br\/noticias\/simpar-simh3-anuncia-programa-recompra-de-acoes\/\",\"url\":\"https:\/\/www.suno.com.br\/noticias\/simpar-simh3-anuncia-programa-recompra-de-acoes\/\",\"name\":\"Simpar (SIMH3) anuncia programa de recompra de 3,9 milh\u00f5es de a\u00e7\u00f5es\",\"isPartOf\":{\"@id\":\"https:\/\/www.suno.com.br\/noticias\/#website\"},\"primaryImageOfPage\":{\"@id\":\"https:\/\/www.suno.com.br\/noticias\/simpar-simh3-anuncia-programa-recompra-de-acoes\/#primaryimage\"},\"image\":{\"@id\":\"https:\/\/www.suno.com.br\/noticias\/simpar-simh3-anuncia-programa-recompra-de-acoes\/#primaryimage\"},\"thumbnailUrl\":\"https:\/\/files.sunoresearch.com.br\/n\/uploads\/2020\/09\/3d82016f-mockup3--jpg.webp\",\"datePublished\":\"2020-09-21T14:10:28+00:00\",\"description\":\"A Simpar (SIMH3) informou que seu Conselho de Administra\u00e7\u00e3o aprovou um novo programa de recompra de a\u00e7\u00f5es de sua emiss\u00e3o. Saiba mais.\",\"breadcrumb\":{\"@id\":\"https:\/\/www.suno.com.br\/noticias\/simpar-simh3-anuncia-programa-recompra-de-acoes\/#breadcrumb\"},\"inLanguage\":\"pt-BR\",\"potentialAction\":[{\"@type\":\"ReadAction\",\"target\":[\"https:\/\/www.suno.com.br\/noticias\/simpar-simh3-anuncia-programa-recompra-de-acoes\/\"]}]},{\"@type\":\"ImageObject\",\"inLanguage\":\"pt-BR\",\"@id\":\"https:\/\/www.suno.com.br\/noticias\/simpar-simh3-anuncia-programa-recompra-de-acoes\/#primaryimage\",\"url\":\"https:\/\/files.sunoresearch.com.br\/n\/uploads\/2020\/09\/3d82016f-mockup3--jpg.webp\",\"contentUrl\":\"https:\/\/files.sunoresearch.com.br\/n\/uploads\/2020\/09\/3d82016f-mockup3--jpg.webp\",\"width\":1200,\"height\":697,\"caption\":\"Caminh\u00e3o da JSL (JSLG3)\"},{\"@type\":\"BreadcrumbList\",\"@id\":\"https:\/\/www.suno.com.br\/noticias\/simpar-simh3-anuncia-programa-recompra-de-acoes\/#breadcrumb\",\"itemListElement\":[{\"@type\":\"ListItem\",\"position\":1,\"name\":\"Not\u00edcias\",\"item\":\"https:\/\/www.suno.com.br\/noticias\/\"},{\"@type\":\"ListItem\",\"position\":2,\"name\":\"Neg\u00f3cios\",\"item\":\"https:\/\/www.suno.com.br\/noticias\/negocios\/\"},{\"@type\":\"ListItem\",\"position\":3,\"name\":\"Simpar (SIMH3) anuncia programa de recompra de at\u00e9 3,9 milh\u00f5es de a\u00e7\u00f5es\"}]},{\"@type\":\"WebSite\",\"@id\":\"https:\/\/www.suno.com.br\/noticias\/#website\",\"url\":\"https:\/\/www.suno.com.br\/noticias\/\",\"name\":\"Suno Not\u00edcias\",\"description\":\"Seu portal de informa\u00e7\u00e3o sobre o mundo dos investimentos\",\"publisher\":{\"@id\":\"https:\/\/www.suno.com.br\/noticias\/#organization\"},\"potentialAction\":[{\"@type\":\"SearchAction\",\"target\":{\"@type\":\"EntryPoint\",\"urlTemplate\":\"https:\/\/www.suno.com.br\/noticias\/?s={search_term_string}\"},\"query-input\":{\"@type\":\"PropertyValueSpecification\",\"valueRequired\":true,\"valueName\":\"search_term_string\"}}],\"inLanguage\":\"pt-BR\"},{\"@type\":\"Organization\",\"@id\":\"https:\/\/www.suno.com.br\/noticias\/#organization\",\"name\":\"Suno Not\u00edcias\",\"url\":\"https:\/\/www.suno.com.br\/noticias\/\",\"logo\":{\"@type\":\"ImageObject\",\"inLanguage\":\"pt-BR\",\"@id\":\"https:\/\/www.suno.com.br\/noticias\/#\/schema\/logo\/image\/\",\"url\":\"https:\/\/files.sunoresearch.com.br\/n\/uploads\/2021\/09\/suno-logo.png\",\"contentUrl\":\"https:\/\/files.sunoresearch.com.br\/n\/uploads\/2021\/09\/suno-logo.png\",\"width\":180,\"height\":180,\"caption\":\"Suno Not\u00edcias\"},\"image\":{\"@id\":\"https:\/\/www.suno.com.br\/noticias\/#\/schema\/logo\/image\/\"},\"sameAs\":[\"https:\/\/facebook.com\/sunoresearch\",\"https:\/\/x.com\/sunoresearch\",\"https:\/\/www.instagram.com\/suno\",\"https:\/\/www.linkedin.com\/company\/suno-research\/\",\"https:\/\/www.youtube.com\/c\/sunoresearch\"]},{\"@type\":\"Person\",\"@id\":\"https:\/\/www.suno.com.br\/noticias\/#\/schema\/person\/918d79de1f0281f01599b93f9ea6e23f\",\"name\":\"Jader Lazarini\",\"image\":{\"@type\":\"ImageObject\",\"inLanguage\":\"pt-BR\",\"@id\":\"https:\/\/www.suno.com.br\/noticias\/#\/schema\/person\/image\/\",\"url\":\"https:\/\/secure.gravatar.com\/avatar\/3c1ad8caa51589841baeb923fcddea97?s=96&r=g\",\"contentUrl\":\"https:\/\/secure.gravatar.com\/avatar\/3c1ad8caa51589841baeb923fcddea97?s=96&r=g\",\"caption\":\"Jader Lazarini\"},\"description\":\"Jader Lazarini escreve sobre investimentos, finan\u00e7as, economia e neg\u00f3cios. \u00c9 bacharel em Rela\u00e7\u00f5es Internacionais e analista CNPI (2619).\",\"url\":\"https:\/\/www.suno.com.br\/noticias\/author\/jader-lazarini\/\"}]}<\/script>\n<!-- \/ Yoast SEO plugin. -->","yoast_head_json":{"title":"Simpar (SIMH3) anuncia programa de recompra de 3,9 milh\u00f5es de a\u00e7\u00f5es","description":"A Simpar (SIMH3) informou que seu Conselho de Administra\u00e7\u00e3o aprovou um novo programa de recompra de a\u00e7\u00f5es de sua emiss\u00e3o. Saiba mais.","robots":{"index":"index","follow":"follow","max-snippet":"max-snippet:-1","max-image-preview":"max-image-preview:large","max-video-preview":"max-video-preview:-1"},"canonical":"https:\/\/www.suno.com.br\/noticias\/simpar-simh3-anuncia-programa-recompra-de-acoes\/","og_locale":"pt_BR","og_type":"article","og_title":"Simpar (SIMH3) anuncia programa de recompra de 3,9 milh\u00f5es de a\u00e7\u00f5es","og_description":"A Simpar (SIMH3) informou que seu Conselho de Administra\u00e7\u00e3o aprovou um novo programa de recompra de a\u00e7\u00f5es de sua emiss\u00e3o. Saiba mais.","og_url":"https:\/\/www.suno.com.br\/noticias\/simpar-simh3-anuncia-programa-recompra-de-acoes\/","og_site_name":"Suno Not\u00edcias","article_publisher":"https:\/\/facebook.com\/sunoresearch","og_image":[{"width":1200,"height":697,"url":"https:\/\/files.sunoresearch.com.br\/n\/uploads\/2020\/09\/3d82016f-mockup3-.jpg","type":"image\/jpeg"}],"author":"Jader Lazarini","twitter_card":"summary_large_image","twitter_creator":"@sunoresearch","twitter_site":"@sunoresearch","twitter_misc":{"Escrito por":"Jader Lazarini","Est. tempo de leitura":"2 minutos"},"schema":{"@context":"https:\/\/schema.org","@graph":[{"@type":"NewsArticle","@id":"https:\/\/www.suno.com.br\/noticias\/simpar-simh3-anuncia-programa-recompra-de-acoes\/#article","isPartOf":{"@id":"https:\/\/www.suno.com.br\/noticias\/simpar-simh3-anuncia-programa-recompra-de-acoes\/"},"author":{"name":"Jader Lazarini","@id":"https:\/\/www.suno.com.br\/noticias\/#\/schema\/person\/918d79de1f0281f01599b93f9ea6e23f"},"headline":"Simpar (SIMH3) anuncia programa de recompra de at\u00e9 3,9 milh\u00f5es de a\u00e7\u00f5es","datePublished":"2020-09-21T14:10:28+00:00","mainEntityOfPage":{"@id":"https:\/\/www.suno.com.br\/noticias\/simpar-simh3-anuncia-programa-recompra-de-acoes\/"},"wordCount":474,"publisher":{"@id":"https:\/\/www.suno.com.br\/noticias\/#organization"},"image":{"@id":"https:\/\/www.suno.com.br\/noticias\/simpar-simh3-anuncia-programa-recompra-de-acoes\/#primaryimage"},"thumbnailUrl":"https:\/\/files.sunoresearch.com.br\/n\/uploads\/2020\/09\/3d82016f-mockup3--jpg.webp","keywords":["JSL (JSL11\/JSLG3)","recompra de a\u00e7\u00f5es","Simpar (SIMH3)"],"articleSection":["Neg\u00f3cios"],"inLanguage":"pt-BR"},{"@type":"WebPage","@id":"https:\/\/www.suno.com.br\/noticias\/simpar-simh3-anuncia-programa-recompra-de-acoes\/","url":"https:\/\/www.suno.com.br\/noticias\/simpar-simh3-anuncia-programa-recompra-de-acoes\/","name":"Simpar (SIMH3) anuncia programa de recompra de 3,9 milh\u00f5es de a\u00e7\u00f5es","isPartOf":{"@id":"https:\/\/www.suno.com.br\/noticias\/#website"},"primaryImageOfPage":{"@id":"https:\/\/www.suno.com.br\/noticias\/simpar-simh3-anuncia-programa-recompra-de-acoes\/#primaryimage"},"image":{"@id":"https:\/\/www.suno.com.br\/noticias\/simpar-simh3-anuncia-programa-recompra-de-acoes\/#primaryimage"},"thumbnailUrl":"https:\/\/files.sunoresearch.com.br\/n\/uploads\/2020\/09\/3d82016f-mockup3--jpg.webp","datePublished":"2020-09-21T14:10:28+00:00","description":"A Simpar (SIMH3) informou que seu Conselho de Administra\u00e7\u00e3o aprovou um novo programa de recompra de a\u00e7\u00f5es de sua emiss\u00e3o. Saiba mais.","breadcrumb":{"@id":"https:\/\/www.suno.com.br\/noticias\/simpar-simh3-anuncia-programa-recompra-de-acoes\/#breadcrumb"},"inLanguage":"pt-BR","potentialAction":[{"@type":"ReadAction","target":["https:\/\/www.suno.com.br\/noticias\/simpar-simh3-anuncia-programa-recompra-de-acoes\/"]}]},{"@type":"ImageObject","inLanguage":"pt-BR","@id":"https:\/\/www.suno.com.br\/noticias\/simpar-simh3-anuncia-programa-recompra-de-acoes\/#primaryimage","url":"https:\/\/files.sunoresearch.com.br\/n\/uploads\/2020\/09\/3d82016f-mockup3--jpg.webp","contentUrl":"https:\/\/files.sunoresearch.com.br\/n\/uploads\/2020\/09\/3d82016f-mockup3--jpg.webp","width":1200,"height":697,"caption":"Caminh\u00e3o da JSL (JSLG3)"},{"@type":"BreadcrumbList","@id":"https:\/\/www.suno.com.br\/noticias\/simpar-simh3-anuncia-programa-recompra-de-acoes\/#breadcrumb","itemListElement":[{"@type":"ListItem","position":1,"name":"Not\u00edcias","item":"https:\/\/www.suno.com.br\/noticias\/"},{"@type":"ListItem","position":2,"name":"Neg\u00f3cios","item":"https:\/\/www.suno.com.br\/noticias\/negocios\/"},{"@type":"ListItem","position":3,"name":"Simpar (SIMH3) anuncia programa de recompra de at\u00e9 3,9 milh\u00f5es de a\u00e7\u00f5es"}]},{"@type":"WebSite","@id":"https:\/\/www.suno.com.br\/noticias\/#website","url":"https:\/\/www.suno.com.br\/noticias\/","name":"Suno Not\u00edcias","description":"Seu portal de informa\u00e7\u00e3o sobre o mundo dos investimentos","publisher":{"@id":"https:\/\/www.suno.com.br\/noticias\/#organization"},"potentialAction":[{"@type":"SearchAction","target":{"@type":"EntryPoint","urlTemplate":"https:\/\/www.suno.com.br\/noticias\/?s={search_term_string}"},"query-input":{"@type":"PropertyValueSpecification","valueRequired":true,"valueName":"search_term_string"}}],"inLanguage":"pt-BR"},{"@type":"Organization","@id":"https:\/\/www.suno.com.br\/noticias\/#organization","name":"Suno Not\u00edcias","url":"https:\/\/www.suno.com.br\/noticias\/","logo":{"@type":"ImageObject","inLanguage":"pt-BR","@id":"https:\/\/www.suno.com.br\/noticias\/#\/schema\/logo\/image\/","url":"https:\/\/files.sunoresearch.com.br\/n\/uploads\/2021\/09\/suno-logo.png","contentUrl":"https:\/\/files.sunoresearch.com.br\/n\/uploads\/2021\/09\/suno-logo.png","width":180,"height":180,"caption":"Suno Not\u00edcias"},"image":{"@id":"https:\/\/www.suno.com.br\/noticias\/#\/schema\/logo\/image\/"},"sameAs":["https:\/\/facebook.com\/sunoresearch","https:\/\/x.com\/sunoresearch","https:\/\/www.instagram.com\/suno","https:\/\/www.linkedin.com\/company\/suno-research\/","https:\/\/www.youtube.com\/c\/sunoresearch"]},{"@type":"Person","@id":"https:\/\/www.suno.com.br\/noticias\/#\/schema\/person\/918d79de1f0281f01599b93f9ea6e23f","name":"Jader Lazarini","image":{"@type":"ImageObject","inLanguage":"pt-BR","@id":"https:\/\/www.suno.com.br\/noticias\/#\/schema\/person\/image\/","url":"https:\/\/secure.gravatar.com\/avatar\/3c1ad8caa51589841baeb923fcddea97?s=96&r=g","contentUrl":"https:\/\/secure.gravatar.com\/avatar\/3c1ad8caa51589841baeb923fcddea97?s=96&r=g","caption":"Jader Lazarini"},"description":"Jader Lazarini escreve sobre investimentos, finan\u00e7as, economia e neg\u00f3cios. \u00c9 bacharel em Rela\u00e7\u00f5es Internacionais e analista CNPI (2619).","url":"https:\/\/www.suno.com.br\/noticias\/author\/jader-lazarini\/"}]}},"default_loop_html":"<div class=\"cardsPage__listCard__boxs\"><div class=\"cardsPage__listCard__boxs__img\"><a href=\"https:\/\/www.suno.com.br\/noticias\/simpar-simh3-anuncia-programa-recompra-de-acoes\/\"><img class=\"mask\" src=\"https:\/\/www.suno.com.br\/noticias\/wp-content\/themes\/suno\/resources\/images\/spotlight\/spotlight1img\/bg-mask.png\" alt=\"Image Mask\"\/><img src=\"https:\/\/files.sunoresearch.com.br\/n\/uploads\/2020\/09\/3d82016f-mockup3--400x200.webp\" alt=\"Simpar (SIMH3) anuncia programa de recompra de at\u00e9 3,9 milh\u00f5es de a\u00e7\u00f5es\"\/><\/a><span class=\"spotlightCategory\"><a href=\"https:\/\/www.suno.com.br\/noticias\/negocios\/\">Neg\u00f3cios<\/a><\/span><\/div><div class=\"cardsPage__listCard__boxs__content\"><a href=\"https:\/\/www.suno.com.br\/noticias\/simpar-simh3-anuncia-programa-recompra-de-acoes\/\"><h2 class=\"content__title\">Simpar (SIMH3) anuncia programa de recompra de at\u00e9 3,9 milh\u00f5es de a\u00e7\u00f5es<\/h2><\/a><div class=\"newsContent__article__meta\"><div class=\"newsContent__article__meta__authorBox\"><a href=\"https:\/\/www.suno.com.br\/noticias\/author\/jader-lazarini\/\" class=\"authorBox__avatar noMobi\"><img src=\"https:\/\/files.sunoresearch.com.br\/n\/uploads\/2021\/01\/178e6598-foto-perfil-2-150x150.jpg\" alt=\"Jader Lazarini\"><\/a><div class=\"authorBox__name\"><span>por\n\t\t\t<a href=\"https:\/\/www.suno.com.br\/noticias\/author\/jader-lazarini\/\"><span itemprop=\"author\">Jader Lazarini<\/span><\/a><\/span><time datetime=\"2020-09-21T11:10:28-03:00\" itemprop=\"datePublished\">21\/09\/2020 11:10<\/time><\/div><\/div><\/div><\/div><\/div>","single_layout":"posts","amp_enabled":true,"_links":{"self":[{"href":"https:\/\/www.suno.com.br\/noticias\/wp-json\/wp\/v2\/posts\/86090"}],"collection":[{"href":"https:\/\/www.suno.com.br\/noticias\/wp-json\/wp\/v2\/posts"}],"about":[{"href":"https:\/\/www.suno.com.br\/noticias\/wp-json\/wp\/v2\/types\/post"}],"author":[{"embeddable":true,"href":"https:\/\/www.suno.com.br\/noticias\/wp-json\/wp\/v2\/users\/24"}],"replies":[{"embeddable":true,"href":"https:\/\/www.suno.com.br\/noticias\/wp-json\/wp\/v2\/comments?post=86090"}],"version-history":[{"count":0,"href":"https:\/\/www.suno.com.br\/noticias\/wp-json\/wp\/v2\/posts\/86090\/revisions"}],"wp:featuredmedia":[{"embeddable":true,"href":"https:\/\/www.suno.com.br\/noticias\/wp-json\/wp\/v2\/media\/86097"}],"wp:attachment":[{"href":"https:\/\/www.suno.com.br\/noticias\/wp-json\/wp\/v2\/media?parent=86090"}],"wp:term":[{"taxonomy":"category","embeddable":true,"href":"https:\/\/www.suno.com.br\/noticias\/wp-json\/wp\/v2\/categories?post=86090"},{"taxonomy":"post_tag","embeddable":true,"href":"https:\/\/www.suno.com.br\/noticias\/wp-json\/wp\/v2\/tags?post=86090"},{"taxonomy":"suno_strategy","embeddable":true,"href":"https:\/\/www.suno.com.br\/noticias\/wp-json\/wp\/v2\/suno_strategy?post=86090"}],"curies":[{"name":"wp","href":"https:\/\/api.w.org\/{rel}","templated":true}]}}