{"id":86043,"date":"2020-09-21T08:52:29","date_gmt":"2020-09-21T11:52:29","guid":{"rendered":"https:\/\/www.suno.com.br\/noticias\/?p=86043"},"modified":"2020-09-21T08:52:29","modified_gmt":"2020-09-21T11:52:29","slug":"sao-paulo-tera-100-milhoes-vacina-maio-2021","status":"publish","type":"post","link":"https:\/\/www.suno.com.br\/noticias\/sao-paulo-tera-100-milhoes-vacina-maio-2021\/","title":{"rendered":"S\u00e3o Paulo ter\u00e1 100 milh\u00f5es de doses da vacina at\u00e9 maio de 2021, diz secret\u00e1rio"},"content":{"rendered":"<p>Segundo o governo de S\u00e3o Paulo, 100 milh\u00f5es de doses da <strong>vacina<\/strong> contra o <a href=\"https:\/\/www.suno.com.br\/noticias\/?s=coronav%C3%ADrus\">novo coronav\u00edrus (Covid-19)<\/a> chegar\u00e3o ao estado at\u00e9 maio de 2021. A declara\u00e7\u00e3o foi dada no \u00faltimo domingo (20) pelo secret\u00e1rio estadual de Sa\u00fade, Jean Gorinchteyn.<\/p>\t<div class=\"wrapper-featured-image\">\n\t\t<figure class=\"spotlightImg\">\n\n\t\t\t<picture>\n\t\t\t\t<source media=\"(max-width: 768px)\" srcset=\"https:\/\/files.sunoresearch.com.br\/n\/uploads\/2020\/09\/df5edd16-vacina-contra-covid-19-novo-coronavirus-ilustracao-1-400x200.webp\">\n\t\t\t\t<img loading=\"lazy\" decoding=\"async\" class=\"newsContent__article__imgCapa lazyloadDisabled \" src=\"https:\/\/files.sunoresearch.com.br\/n\/uploads\/2020\/09\/df5edd16-vacina-contra-covid-19-novo-coronavirus-ilustracao-1-800x450.webp\" width=\"800\" height=\"450\" alt=\"S\u00e3o Paulo ter\u00e1 100 milh\u00f5es de doses da vacina at\u00e9 maio de 2021, diz secret\u00e1rio\" fetchpriority=high \/>\n\t\t\t<\/picture>\n\n\t\t\t<figcaption class=\"wp-caption-text wp-caption-text--show\">A farmac\u00eautica Novavax informou que os testes para sua vacina contra o coronav\u00edrus entraram na terceira e \u00faltima fase.<\/figcaption>\n\t\t<\/figure>\n\t<\/div>\n\n\n<div class=\"hubspot-form-wrapper\">\n\t<div id=\"single-form-target\"><\/div>\n<\/div>\n\n<p>&#8220;Em dezembro, ser\u00e3o 46 milh\u00f5es de doses. N\u00f3s teremos at\u00e9 o primeiro trimestre mais 15 milh\u00f5es, compondo 61 milh\u00f5es, e at\u00e9 maio n\u00f3s teremos um total de 100 milh\u00f5es de doses&#8221;, afirmou Gorinchteyn \u00e0 CNN Brasil. Trata-se da vacina <strong>Coronavac<\/strong>, fabricada em parceria junto \u00e0 <strong>Sinovac<\/strong>, farmac\u00eautica chinesa.<\/p>\n<p>Segundo o secret\u00e1rio, a vacina\u00e7\u00e3o come\u00e7ar\u00e1 entre dezembro e janeiro, e ser\u00e1 realizada em duas doses, atingindo 50 milh\u00f5es de pessoas por meio de 50 milh\u00f5es de doses. O medicamento deve ser aplicado, inicialmente, nos grupos priorit\u00e1rios e com maior risco de contamina\u00e7\u00e3o em meio \u00e0 pandemia.<\/p>\n<p><a href=\"https:\/\/lp.suno.com.br\/suno-one\/\">Suno One: acesse gratuitamente eBooks, Minicursos, Artigos e Video Aulas sobre investimentos com um \u00fanico cadastro. Clique para saber mais!<\/a><\/p>\n<p>Al\u00e9m disso, segundo Gorinchteyn, as doses n\u00e3o ser\u00e3o restritas apenas ao estado de S\u00e3o Paulo. &#8220;Isso vai ser voltado dentro do <strong>Sistema \u00danico de Sa\u00fade (SUS)<\/strong> para todos os brasileiros. \u00c9 por isso que estamos tendo o apoio do Minist\u00e9rio da Sa\u00fade para que possamos vacinar cada vez mais os brasileiros.\u201d<\/p>\n<p>O medicamento est\u00e1 na fase 3 de testes, a \u00faltima necess\u00e1ria antes de sua aprova\u00e7\u00e3o. O governo estadual, no entanto, j\u00e1 garantiu a importa\u00e7\u00e3o de 46 milh\u00f5es de doses at\u00e9 o fim deste ano, na esperan\u00e7a de que a vacina, de fato, funcione. Aproximadamente nove mil pessoas s\u00e3o volunt\u00e1rias nos testes no Pa\u00eds. Os resultados oficiais devem ser conhecidos no m\u00eas que vem.<\/p>\n<p>Caso os testes tragam respostas positivas, ainda neste ano deve ser iniciada a vacina\u00e7\u00e3o em massa. Atualmente, n\u00e3o h\u00e1 nenhuma vacina com resultados conclusivos, embora diversos estudos estejam avan\u00e7ados. <a href=\"https:\/\/www.suno.com.br\/noticias\/russia-registra-primeira-vacina-coronavirus\/\">Em agosto, a R\u00fassia anunciou oficialmente sua vacina<\/a>, mas que \u00e9 questionada pela comunidade internacional e pela Organiza\u00e7\u00e3o Mundial da Sa\u00fade (OMS).<\/p>\n<h2>Pfizer amplia estudos da vacina no Brasil<\/h2>\n<p>A Ag\u00eancia Nacional de Vigil\u00e2ncia Sanit\u00e1ria (Anvisa) anunciou, na \u00faltima sexta-feira (18), que concedeu autoriza\u00e7\u00e3o \u00e0 farmac\u00eautica americana <strong>Pfizer<\/strong> e \u00e0 sua parceira alem\u00e3 BioNTech para dobrar o n\u00famero de volunt\u00e1rios de sua vacina contra o coronav\u00edrus no Brasil.<\/p>\n\t<div data-element=\"shortcode-read-more\" class=\"knowMore\">\n\t\t\t\t<span class=\"knowMore__title\">Saiba mais<\/span>\n\t\t\t\t<a class=\"knowMore__link\" href=\"https:\/\/www.suno.com.br\/noticias\/vacina-da-moderna-farmaceutica-preve-20-mi-de-doses-em-2020\/\">\n\t\t\tVacina da Moderna: farmac\u00eautica prev\u00ea 20 mi de doses em 2020\t\t<\/a>\n\t<\/div>\n\n\n<p>Com isso, o n\u00famero de participantes dos testes do potencial imunizante da Pfizer sair\u00e1 de 1 mil para 2 mil no Pa\u00eds. At\u00e9 o momento, os estudos da vacina da empresa acontecem nas capitais dos estados da Bahia e de S\u00e3o Paulo. As regi\u00f5es de avalia\u00e7\u00e3o continuam as mesmas, apesar do aumento do total de volunt\u00e1rios.<\/p>\n<p>Al\u00e9m da amplia\u00e7\u00e3o da base de participantes, a Anvisa tamb\u00e9m autorizou o corte na faixa et\u00e1ria para viabiliza\u00e7\u00e3o, antes fixado no patamar m\u00ednimo de 18 anos. Com a mudan\u00e7a, pessoas mais jovens, a partir de 16 anos, poder\u00e3o participar dos estudos da <strong>vacina<\/strong>. As \u201csolicita\u00e7\u00f5es para a amplia\u00e7\u00e3o do n\u00famero de volunt\u00e1rios, entre outras altera\u00e7\u00f5es, s\u00e3o comuns em testes cl\u00ednicos\u201d, comunicou a ag\u00eancia.<\/p>\n\t<p>\n\t\t<a href=\"https:\/\/lp.suno.com.br\/planilha-de-controle-de-investimentos\/\" target=\"_blank\" data-element=\"shortcode-suno-banner\" title=\"Banner SUNO, clique e saiba mais\">\n\t\t\t<picture>\n\t\t\t\t<source media=\"(max-width: 500px)\" srcset=\"https:\/\/files.sunoresearch.com.br\/n\/uploads\/2023\/03\/400x300-Controle-de-Investimentos.png\">\n\t\t\t\t<img class=\"newsContent__article__imgCapa newsContent__article__imgCapa--banner\"\n\t\t\t\t\tsrc=\"https:\/\/files.sunoresearch.com.br\/n\/uploads\/2023\/03\/1420x240-Controle-de-Investimentos.png\"\n\t\t\t\t\tdata-promo-id=\"75934\"\t\t\t\t\t\t\t\t\t\twidth='1420' height='240'\t\t\t\t\talt=\"https:\/\/files.sunoresearch.com.br\/n\/uploads\/2023\/03\/1420x240-Controle-de-Investimentos.png\"\n\t\t\t\t>\n\t\t\t<\/picture>\n\t\t<\/a>\n\t<\/p>\n\n\n","protected":false},"excerpt":{"rendered":"<p>Segundo o governo de S\u00e3o Paulo, 100 milh\u00f5es de doses da vacina contra o novo coronav\u00edrus (Covid-19) chegar\u00e3o ao estado at\u00e9 maio de 2021. A declara\u00e7\u00e3o foi dada no \u00faltimo domingo (20) pelo secret\u00e1rio estadual de Sa\u00fade, Jean Gorinchteyn. A farmac\u00eautica Novavax informou que os testes para sua vacina contra o coronav\u00edrus entraram na terceira [&hellip;]<\/p>\n","protected":false},"author":24,"featured_media":82531,"comment_status":"closed","ping_status":"closed","sticky":false,"template":"","format":"standard","meta":[],"categories":[63],"tags":[2487,843,25002],"suno_strategy":[],"class_list":["post-86043","post","type-post","status-publish","format-standard","has-post-thumbnail","hentry","category-internacional","tag-coronavirus","tag-sao-paulo","tag-vacina"],"yoast_head":"<!-- This site is optimized with the Yoast SEO plugin v24.4 - https:\/\/yoast.com\/wordpress\/plugins\/seo\/ -->\n<title>SP ter\u00e1 100 milh\u00f5es de doses da vacina at\u00e9 maio de 2021, diz secret\u00e1rio<\/title>\n<meta name=\"description\" content=\"Segundo o governo de S\u00e3o Paulo, 100 milh\u00f5es de doses da vacina contra o coronav\u00edrus chegar\u00e3o ao estado at\u00e9 maio de 2021. Saiba mais.\" \/>\n<meta name=\"robots\" content=\"index, follow, max-snippet:-1, max-image-preview:large, max-video-preview:-1\" \/>\n<link rel=\"canonical\" href=\"https:\/\/www.suno.com.br\/noticias\/sao-paulo-tera-100-milhoes-vacina-maio-2021\/\" \/>\n<meta property=\"og:locale\" content=\"pt_BR\" \/>\n<meta property=\"og:type\" content=\"article\" \/>\n<meta property=\"og:title\" content=\"SP ter\u00e1 100 milh\u00f5es de doses da vacina at\u00e9 maio de 2021, diz secret\u00e1rio\" \/>\n<meta property=\"og:description\" content=\"Segundo o governo de S\u00e3o Paulo, 100 milh\u00f5es de doses da vacina contra o coronav\u00edrus chegar\u00e3o ao estado at\u00e9 maio de 2021. Saiba mais.\" \/>\n<meta property=\"og:url\" content=\"https:\/\/www.suno.com.br\/noticias\/sao-paulo-tera-100-milhoes-vacina-maio-2021\/\" \/>\n<meta property=\"og:site_name\" content=\"Suno Not\u00edcias\" \/>\n<meta property=\"article:publisher\" content=\"https:\/\/facebook.com\/sunoresearch\" \/>\n<meta property=\"og:image\" content=\"https:\/\/files.sunoresearch.com.br\/n\/uploads\/2020\/09\/df5edd16-vacina-contra-covid-19-novo-coronavirus-ilustracao-1.jpg\" \/>\n\t<meta property=\"og:image:width\" content=\"1200\" \/>\n\t<meta property=\"og:image:height\" content=\"800\" \/>\n\t<meta property=\"og:image:type\" content=\"image\/jpeg\" \/>\n<meta name=\"author\" content=\"Jader Lazarini\" \/>\n<meta name=\"twitter:card\" content=\"summary_large_image\" \/>\n<meta name=\"twitter:creator\" content=\"@sunoresearch\" \/>\n<meta name=\"twitter:site\" content=\"@sunoresearch\" \/>\n<meta name=\"twitter:label1\" content=\"Escrito por\" \/>\n\t<meta name=\"twitter:data1\" content=\"Jader Lazarini\" \/>\n\t<meta name=\"twitter:label2\" content=\"Est. tempo de leitura\" \/>\n\t<meta name=\"twitter:data2\" content=\"3 minutos\" \/>\n<script type=\"application\/ld+json\" class=\"yoast-schema-graph\">{\"@context\":\"https:\/\/schema.org\",\"@graph\":[{\"@type\":\"NewsArticle\",\"@id\":\"https:\/\/www.suno.com.br\/noticias\/sao-paulo-tera-100-milhoes-vacina-maio-2021\/#article\",\"isPartOf\":{\"@id\":\"https:\/\/www.suno.com.br\/noticias\/sao-paulo-tera-100-milhoes-vacina-maio-2021\/\"},\"author\":{\"name\":\"Jader Lazarini\",\"@id\":\"https:\/\/www.suno.com.br\/noticias\/#\/schema\/person\/918d79de1f0281f01599b93f9ea6e23f\"},\"headline\":\"S\u00e3o Paulo ter\u00e1 100 milh\u00f5es de doses da vacina at\u00e9 maio de 2021, diz secret\u00e1rio\",\"datePublished\":\"2020-09-21T11:52:29+00:00\",\"mainEntityOfPage\":{\"@id\":\"https:\/\/www.suno.com.br\/noticias\/sao-paulo-tera-100-milhoes-vacina-maio-2021\/\"},\"wordCount\":574,\"publisher\":{\"@id\":\"https:\/\/www.suno.com.br\/noticias\/#organization\"},\"image\":{\"@id\":\"https:\/\/www.suno.com.br\/noticias\/sao-paulo-tera-100-milhoes-vacina-maio-2021\/#primaryimage\"},\"thumbnailUrl\":\"https:\/\/files.sunoresearch.com.br\/n\/uploads\/2020\/09\/df5edd16-vacina-contra-covid-19-novo-coronavirus-ilustracao-1-jpg.webp\",\"keywords\":[\"coronav\u00edrus\",\"S\u00e3o Paulo\",\"vacina\"],\"articleSection\":[\"Internacional\"],\"inLanguage\":\"pt-BR\"},{\"@type\":\"WebPage\",\"@id\":\"https:\/\/www.suno.com.br\/noticias\/sao-paulo-tera-100-milhoes-vacina-maio-2021\/\",\"url\":\"https:\/\/www.suno.com.br\/noticias\/sao-paulo-tera-100-milhoes-vacina-maio-2021\/\",\"name\":\"SP ter\u00e1 100 milh\u00f5es de doses da vacina at\u00e9 maio de 2021, diz secret\u00e1rio\",\"isPartOf\":{\"@id\":\"https:\/\/www.suno.com.br\/noticias\/#website\"},\"primaryImageOfPage\":{\"@id\":\"https:\/\/www.suno.com.br\/noticias\/sao-paulo-tera-100-milhoes-vacina-maio-2021\/#primaryimage\"},\"image\":{\"@id\":\"https:\/\/www.suno.com.br\/noticias\/sao-paulo-tera-100-milhoes-vacina-maio-2021\/#primaryimage\"},\"thumbnailUrl\":\"https:\/\/files.sunoresearch.com.br\/n\/uploads\/2020\/09\/df5edd16-vacina-contra-covid-19-novo-coronavirus-ilustracao-1-jpg.webp\",\"datePublished\":\"2020-09-21T11:52:29+00:00\",\"description\":\"Segundo o governo de S\u00e3o Paulo, 100 milh\u00f5es de doses da vacina contra o coronav\u00edrus chegar\u00e3o ao estado at\u00e9 maio de 2021. Saiba mais.\",\"breadcrumb\":{\"@id\":\"https:\/\/www.suno.com.br\/noticias\/sao-paulo-tera-100-milhoes-vacina-maio-2021\/#breadcrumb\"},\"inLanguage\":\"pt-BR\",\"potentialAction\":[{\"@type\":\"ReadAction\",\"target\":[\"https:\/\/www.suno.com.br\/noticias\/sao-paulo-tera-100-milhoes-vacina-maio-2021\/\"]}]},{\"@type\":\"ImageObject\",\"inLanguage\":\"pt-BR\",\"@id\":\"https:\/\/www.suno.com.br\/noticias\/sao-paulo-tera-100-milhoes-vacina-maio-2021\/#primaryimage\",\"url\":\"https:\/\/files.sunoresearch.com.br\/n\/uploads\/2020\/09\/df5edd16-vacina-contra-covid-19-novo-coronavirus-ilustracao-1-jpg.webp\",\"contentUrl\":\"https:\/\/files.sunoresearch.com.br\/n\/uploads\/2020\/09\/df5edd16-vacina-contra-covid-19-novo-coronavirus-ilustracao-1-jpg.webp\",\"width\":1200,\"height\":800,\"caption\":\"A farmac\u00eautica Novavax informou que os testes para sua vacina contra o coronav\u00edrus entraram na terceira e \u00faltima fase.\"},{\"@type\":\"BreadcrumbList\",\"@id\":\"https:\/\/www.suno.com.br\/noticias\/sao-paulo-tera-100-milhoes-vacina-maio-2021\/#breadcrumb\",\"itemListElement\":[{\"@type\":\"ListItem\",\"position\":1,\"name\":\"Not\u00edcias\",\"item\":\"https:\/\/www.suno.com.br\/noticias\/\"},{\"@type\":\"ListItem\",\"position\":2,\"name\":\"Internacional\",\"item\":\"https:\/\/www.suno.com.br\/noticias\/internacional\/\"},{\"@type\":\"ListItem\",\"position\":3,\"name\":\"S\u00e3o Paulo ter\u00e1 100 milh\u00f5es de doses da vacina at\u00e9 maio de 2021, diz secret\u00e1rio\"}]},{\"@type\":\"WebSite\",\"@id\":\"https:\/\/www.suno.com.br\/noticias\/#website\",\"url\":\"https:\/\/www.suno.com.br\/noticias\/\",\"name\":\"Suno Not\u00edcias\",\"description\":\"Seu portal de informa\u00e7\u00e3o sobre o mundo dos investimentos\",\"publisher\":{\"@id\":\"https:\/\/www.suno.com.br\/noticias\/#organization\"},\"potentialAction\":[{\"@type\":\"SearchAction\",\"target\":{\"@type\":\"EntryPoint\",\"urlTemplate\":\"https:\/\/www.suno.com.br\/noticias\/?s={search_term_string}\"},\"query-input\":{\"@type\":\"PropertyValueSpecification\",\"valueRequired\":true,\"valueName\":\"search_term_string\"}}],\"inLanguage\":\"pt-BR\"},{\"@type\":\"Organization\",\"@id\":\"https:\/\/www.suno.com.br\/noticias\/#organization\",\"name\":\"Suno Not\u00edcias\",\"url\":\"https:\/\/www.suno.com.br\/noticias\/\",\"logo\":{\"@type\":\"ImageObject\",\"inLanguage\":\"pt-BR\",\"@id\":\"https:\/\/www.suno.com.br\/noticias\/#\/schema\/logo\/image\/\",\"url\":\"https:\/\/files.sunoresearch.com.br\/n\/uploads\/2021\/09\/suno-logo.png\",\"contentUrl\":\"https:\/\/files.sunoresearch.com.br\/n\/uploads\/2021\/09\/suno-logo.png\",\"width\":180,\"height\":180,\"caption\":\"Suno Not\u00edcias\"},\"image\":{\"@id\":\"https:\/\/www.suno.com.br\/noticias\/#\/schema\/logo\/image\/\"},\"sameAs\":[\"https:\/\/facebook.com\/sunoresearch\",\"https:\/\/x.com\/sunoresearch\",\"https:\/\/www.instagram.com\/suno\",\"https:\/\/www.linkedin.com\/company\/suno-research\/\",\"https:\/\/www.youtube.com\/c\/sunoresearch\"]},{\"@type\":\"Person\",\"@id\":\"https:\/\/www.suno.com.br\/noticias\/#\/schema\/person\/918d79de1f0281f01599b93f9ea6e23f\",\"name\":\"Jader Lazarini\",\"image\":{\"@type\":\"ImageObject\",\"inLanguage\":\"pt-BR\",\"@id\":\"https:\/\/www.suno.com.br\/noticias\/#\/schema\/person\/image\/\",\"url\":\"https:\/\/secure.gravatar.com\/avatar\/3c1ad8caa51589841baeb923fcddea97?s=96&r=g\",\"contentUrl\":\"https:\/\/secure.gravatar.com\/avatar\/3c1ad8caa51589841baeb923fcddea97?s=96&r=g\",\"caption\":\"Jader Lazarini\"},\"description\":\"Jader Lazarini escreve sobre investimentos, finan\u00e7as, economia e neg\u00f3cios. \u00c9 bacharel em Rela\u00e7\u00f5es Internacionais e analista CNPI (2619).\",\"url\":\"https:\/\/www.suno.com.br\/noticias\/author\/jader-lazarini\/\"}]}<\/script>\n<!-- \/ Yoast SEO plugin. -->","yoast_head_json":{"title":"SP ter\u00e1 100 milh\u00f5es de doses da vacina at\u00e9 maio de 2021, diz secret\u00e1rio","description":"Segundo o governo de S\u00e3o Paulo, 100 milh\u00f5es de doses da vacina contra o coronav\u00edrus chegar\u00e3o ao estado at\u00e9 maio de 2021. Saiba mais.","robots":{"index":"index","follow":"follow","max-snippet":"max-snippet:-1","max-image-preview":"max-image-preview:large","max-video-preview":"max-video-preview:-1"},"canonical":"https:\/\/www.suno.com.br\/noticias\/sao-paulo-tera-100-milhoes-vacina-maio-2021\/","og_locale":"pt_BR","og_type":"article","og_title":"SP ter\u00e1 100 milh\u00f5es de doses da vacina at\u00e9 maio de 2021, diz secret\u00e1rio","og_description":"Segundo o governo de S\u00e3o Paulo, 100 milh\u00f5es de doses da vacina contra o coronav\u00edrus chegar\u00e3o ao estado at\u00e9 maio de 2021. Saiba mais.","og_url":"https:\/\/www.suno.com.br\/noticias\/sao-paulo-tera-100-milhoes-vacina-maio-2021\/","og_site_name":"Suno Not\u00edcias","article_publisher":"https:\/\/facebook.com\/sunoresearch","og_image":[{"width":1200,"height":800,"url":"https:\/\/files.sunoresearch.com.br\/n\/uploads\/2020\/09\/df5edd16-vacina-contra-covid-19-novo-coronavirus-ilustracao-1.jpg","type":"image\/jpeg"}],"author":"Jader Lazarini","twitter_card":"summary_large_image","twitter_creator":"@sunoresearch","twitter_site":"@sunoresearch","twitter_misc":{"Escrito por":"Jader Lazarini","Est. tempo de leitura":"3 minutos"},"schema":{"@context":"https:\/\/schema.org","@graph":[{"@type":"NewsArticle","@id":"https:\/\/www.suno.com.br\/noticias\/sao-paulo-tera-100-milhoes-vacina-maio-2021\/#article","isPartOf":{"@id":"https:\/\/www.suno.com.br\/noticias\/sao-paulo-tera-100-milhoes-vacina-maio-2021\/"},"author":{"name":"Jader Lazarini","@id":"https:\/\/www.suno.com.br\/noticias\/#\/schema\/person\/918d79de1f0281f01599b93f9ea6e23f"},"headline":"S\u00e3o Paulo ter\u00e1 100 milh\u00f5es de doses da vacina at\u00e9 maio de 2021, diz secret\u00e1rio","datePublished":"2020-09-21T11:52:29+00:00","mainEntityOfPage":{"@id":"https:\/\/www.suno.com.br\/noticias\/sao-paulo-tera-100-milhoes-vacina-maio-2021\/"},"wordCount":574,"publisher":{"@id":"https:\/\/www.suno.com.br\/noticias\/#organization"},"image":{"@id":"https:\/\/www.suno.com.br\/noticias\/sao-paulo-tera-100-milhoes-vacina-maio-2021\/#primaryimage"},"thumbnailUrl":"https:\/\/files.sunoresearch.com.br\/n\/uploads\/2020\/09\/df5edd16-vacina-contra-covid-19-novo-coronavirus-ilustracao-1-jpg.webp","keywords":["coronav\u00edrus","S\u00e3o Paulo","vacina"],"articleSection":["Internacional"],"inLanguage":"pt-BR"},{"@type":"WebPage","@id":"https:\/\/www.suno.com.br\/noticias\/sao-paulo-tera-100-milhoes-vacina-maio-2021\/","url":"https:\/\/www.suno.com.br\/noticias\/sao-paulo-tera-100-milhoes-vacina-maio-2021\/","name":"SP ter\u00e1 100 milh\u00f5es de doses da vacina at\u00e9 maio de 2021, diz secret\u00e1rio","isPartOf":{"@id":"https:\/\/www.suno.com.br\/noticias\/#website"},"primaryImageOfPage":{"@id":"https:\/\/www.suno.com.br\/noticias\/sao-paulo-tera-100-milhoes-vacina-maio-2021\/#primaryimage"},"image":{"@id":"https:\/\/www.suno.com.br\/noticias\/sao-paulo-tera-100-milhoes-vacina-maio-2021\/#primaryimage"},"thumbnailUrl":"https:\/\/files.sunoresearch.com.br\/n\/uploads\/2020\/09\/df5edd16-vacina-contra-covid-19-novo-coronavirus-ilustracao-1-jpg.webp","datePublished":"2020-09-21T11:52:29+00:00","description":"Segundo o governo de S\u00e3o Paulo, 100 milh\u00f5es de doses da vacina contra o coronav\u00edrus chegar\u00e3o ao estado at\u00e9 maio de 2021. Saiba mais.","breadcrumb":{"@id":"https:\/\/www.suno.com.br\/noticias\/sao-paulo-tera-100-milhoes-vacina-maio-2021\/#breadcrumb"},"inLanguage":"pt-BR","potentialAction":[{"@type":"ReadAction","target":["https:\/\/www.suno.com.br\/noticias\/sao-paulo-tera-100-milhoes-vacina-maio-2021\/"]}]},{"@type":"ImageObject","inLanguage":"pt-BR","@id":"https:\/\/www.suno.com.br\/noticias\/sao-paulo-tera-100-milhoes-vacina-maio-2021\/#primaryimage","url":"https:\/\/files.sunoresearch.com.br\/n\/uploads\/2020\/09\/df5edd16-vacina-contra-covid-19-novo-coronavirus-ilustracao-1-jpg.webp","contentUrl":"https:\/\/files.sunoresearch.com.br\/n\/uploads\/2020\/09\/df5edd16-vacina-contra-covid-19-novo-coronavirus-ilustracao-1-jpg.webp","width":1200,"height":800,"caption":"A farmac\u00eautica Novavax informou que os testes para sua vacina contra o coronav\u00edrus entraram na terceira e \u00faltima fase."},{"@type":"BreadcrumbList","@id":"https:\/\/www.suno.com.br\/noticias\/sao-paulo-tera-100-milhoes-vacina-maio-2021\/#breadcrumb","itemListElement":[{"@type":"ListItem","position":1,"name":"Not\u00edcias","item":"https:\/\/www.suno.com.br\/noticias\/"},{"@type":"ListItem","position":2,"name":"Internacional","item":"https:\/\/www.suno.com.br\/noticias\/internacional\/"},{"@type":"ListItem","position":3,"name":"S\u00e3o Paulo ter\u00e1 100 milh\u00f5es de doses da vacina at\u00e9 maio de 2021, diz secret\u00e1rio"}]},{"@type":"WebSite","@id":"https:\/\/www.suno.com.br\/noticias\/#website","url":"https:\/\/www.suno.com.br\/noticias\/","name":"Suno Not\u00edcias","description":"Seu portal de informa\u00e7\u00e3o sobre o mundo dos investimentos","publisher":{"@id":"https:\/\/www.suno.com.br\/noticias\/#organization"},"potentialAction":[{"@type":"SearchAction","target":{"@type":"EntryPoint","urlTemplate":"https:\/\/www.suno.com.br\/noticias\/?s={search_term_string}"},"query-input":{"@type":"PropertyValueSpecification","valueRequired":true,"valueName":"search_term_string"}}],"inLanguage":"pt-BR"},{"@type":"Organization","@id":"https:\/\/www.suno.com.br\/noticias\/#organization","name":"Suno Not\u00edcias","url":"https:\/\/www.suno.com.br\/noticias\/","logo":{"@type":"ImageObject","inLanguage":"pt-BR","@id":"https:\/\/www.suno.com.br\/noticias\/#\/schema\/logo\/image\/","url":"https:\/\/files.sunoresearch.com.br\/n\/uploads\/2021\/09\/suno-logo.png","contentUrl":"https:\/\/files.sunoresearch.com.br\/n\/uploads\/2021\/09\/suno-logo.png","width":180,"height":180,"caption":"Suno Not\u00edcias"},"image":{"@id":"https:\/\/www.suno.com.br\/noticias\/#\/schema\/logo\/image\/"},"sameAs":["https:\/\/facebook.com\/sunoresearch","https:\/\/x.com\/sunoresearch","https:\/\/www.instagram.com\/suno","https:\/\/www.linkedin.com\/company\/suno-research\/","https:\/\/www.youtube.com\/c\/sunoresearch"]},{"@type":"Person","@id":"https:\/\/www.suno.com.br\/noticias\/#\/schema\/person\/918d79de1f0281f01599b93f9ea6e23f","name":"Jader Lazarini","image":{"@type":"ImageObject","inLanguage":"pt-BR","@id":"https:\/\/www.suno.com.br\/noticias\/#\/schema\/person\/image\/","url":"https:\/\/secure.gravatar.com\/avatar\/3c1ad8caa51589841baeb923fcddea97?s=96&r=g","contentUrl":"https:\/\/secure.gravatar.com\/avatar\/3c1ad8caa51589841baeb923fcddea97?s=96&r=g","caption":"Jader Lazarini"},"description":"Jader Lazarini escreve sobre investimentos, finan\u00e7as, economia e neg\u00f3cios. \u00c9 bacharel em Rela\u00e7\u00f5es Internacionais e analista CNPI (2619).","url":"https:\/\/www.suno.com.br\/noticias\/author\/jader-lazarini\/"}]}},"default_loop_html":"<div class=\"cardsPage__listCard__boxs\"><div class=\"cardsPage__listCard__boxs__img\"><a href=\"https:\/\/www.suno.com.br\/noticias\/sao-paulo-tera-100-milhoes-vacina-maio-2021\/\"><img class=\"mask\" src=\"https:\/\/www.suno.com.br\/noticias\/wp-content\/themes\/suno\/resources\/images\/spotlight\/spotlight1img\/bg-mask.png\" alt=\"Image Mask\"\/><img src=\"https:\/\/files.sunoresearch.com.br\/n\/uploads\/2020\/09\/df5edd16-vacina-contra-covid-19-novo-coronavirus-ilustracao-1-400x200.webp\" alt=\"S\u00e3o Paulo ter\u00e1 100 milh\u00f5es de doses da vacina at\u00e9 maio de 2021, diz secret\u00e1rio\"\/><\/a><span class=\"spotlightCategory\"><a href=\"https:\/\/www.suno.com.br\/noticias\/internacional\/\">Internacional<\/a><\/span><\/div><div class=\"cardsPage__listCard__boxs__content\"><a href=\"https:\/\/www.suno.com.br\/noticias\/sao-paulo-tera-100-milhoes-vacina-maio-2021\/\"><h2 class=\"content__title\">S\u00e3o Paulo ter\u00e1 100 milh\u00f5es de doses da vacina at\u00e9 maio de 2021, diz secret\u00e1rio<\/h2><\/a><div class=\"newsContent__article__meta\"><div class=\"newsContent__article__meta__authorBox\"><a href=\"https:\/\/www.suno.com.br\/noticias\/author\/jader-lazarini\/\" class=\"authorBox__avatar noMobi\"><img src=\"https:\/\/files.sunoresearch.com.br\/n\/uploads\/2021\/01\/178e6598-foto-perfil-2-150x150.jpg\" alt=\"Jader Lazarini\"><\/a><div class=\"authorBox__name\"><span>por\n\t\t\t<a href=\"https:\/\/www.suno.com.br\/noticias\/author\/jader-lazarini\/\"><span itemprop=\"author\">Jader Lazarini<\/span><\/a><\/span><time datetime=\"2020-09-21T08:52:29-03:00\" itemprop=\"datePublished\">21\/09\/2020 08:52<\/time><\/div><\/div><\/div><\/div><\/div>","single_layout":"posts","amp_enabled":true,"_links":{"self":[{"href":"https:\/\/www.suno.com.br\/noticias\/wp-json\/wp\/v2\/posts\/86043"}],"collection":[{"href":"https:\/\/www.suno.com.br\/noticias\/wp-json\/wp\/v2\/posts"}],"about":[{"href":"https:\/\/www.suno.com.br\/noticias\/wp-json\/wp\/v2\/types\/post"}],"author":[{"embeddable":true,"href":"https:\/\/www.suno.com.br\/noticias\/wp-json\/wp\/v2\/users\/24"}],"replies":[{"embeddable":true,"href":"https:\/\/www.suno.com.br\/noticias\/wp-json\/wp\/v2\/comments?post=86043"}],"version-history":[{"count":0,"href":"https:\/\/www.suno.com.br\/noticias\/wp-json\/wp\/v2\/posts\/86043\/revisions"}],"wp:featuredmedia":[{"embeddable":true,"href":"https:\/\/www.suno.com.br\/noticias\/wp-json\/wp\/v2\/media\/82531"}],"wp:attachment":[{"href":"https:\/\/www.suno.com.br\/noticias\/wp-json\/wp\/v2\/media?parent=86043"}],"wp:term":[{"taxonomy":"category","embeddable":true,"href":"https:\/\/www.suno.com.br\/noticias\/wp-json\/wp\/v2\/categories?post=86043"},{"taxonomy":"post_tag","embeddable":true,"href":"https:\/\/www.suno.com.br\/noticias\/wp-json\/wp\/v2\/tags?post=86043"},{"taxonomy":"suno_strategy","embeddable":true,"href":"https:\/\/www.suno.com.br\/noticias\/wp-json\/wp\/v2\/suno_strategy?post=86043"}],"curies":[{"name":"wp","href":"https:\/\/api.w.org\/{rel}","templated":true}]}}