{"id":8602,"date":"2018-12-12T15:25:24","date_gmt":"2018-12-12T17:25:24","guid":{"rendered":"https:\/\/www.suno.com.br\/noticias\/?p=8602"},"modified":"2021-02-18T17:55:57","modified_gmt":"2021-02-18T20:55:57","slug":"cohen-advogado-trump-condenado","status":"publish","type":"post","link":"https:\/\/www.suno.com.br\/noticias\/cohen-advogado-trump-condenado\/","title":{"rendered":"Michael Cohen, ex-advogado de Donald Trump, \u00e9 condenado nos EUA"},"content":{"rendered":"<div class=\"mc-column content-text active-extra-styles active-capital-letter\" data-block-type=\"unstyled\" data-block-weight=\"37\" data-block-id=\"1\">\n<p data-track-category=\"Link no Texto\" data-track-links=\"\">A Justi\u00e7a norte-americana condenou Michael Cohen, ex-advogado do presidente dos Estados Unidos, Donald Trump, a 3 anos de pris\u00e3o.<\/p>\t<div class=\"wrapper-featured-image\">\n\t\t<figure class=\"spotlightImg\">\n\n\t\t\t<picture>\n\t\t\t\t<source media=\"(max-width: 768px)\" srcset=\"https:\/\/files.sunoresearch.com.br\/n\/uploads\/2018\/12\/f470bca4-donald-trump-400x200.webp\">\n\t\t\t\t<img loading=\"lazy\" decoding=\"async\" class=\"newsContent__article__imgCapa lazyloadDisabled newsContent__article__imgCapa--noCaption\" src=\"https:\/\/files.sunoresearch.com.br\/n\/uploads\/2018\/12\/f470bca4-donald-trump-800x450.webp\" width=\"800\" height=\"450\" alt=\"Michael Cohen, ex-advogado de Donald Trump, \u00e9 condenado nos EUA\" fetchpriority=high \/>\n\t\t\t<\/picture>\n\n\t\t\t<figcaption class=\"wp-caption-text wp-caption-text--hide\">O presidente norte-americano, Donald Trump. (divulga\u00e7\u00e3o)<\/figcaption>\n\t\t<\/figure>\n\t<\/div>\n\n<div class=\"mc-column content-text active-extra-styles active-capital-letter\" data-block-type=\"unstyled\" data-block-weight=\"37\" data-block-id=\"1\">\n<p data-track-category=\"Link no Texto\" data-track-links=\"\">A Justi\u00e7a norte-americana condenou Michael Cohen, ex-advogado do presidente dos Estados Unidos, Donald Trump, a 3 anos de pris\u00e3o.<\/p>\n<p data-track-category=\"Link no Texto\" data-track-links=\"\"><strong>Michael Cohen<\/strong> havia assumido a culpa no esc\u00e2ndalo que envolvia <strong>Donald Trump<\/strong>, onde foi comprado o sil\u00eancio de duas mulheres que se relacionaram com o presidente.<\/p>\n<p data-track-category=\"Link no Texto\" data-track-links=\"\">Entretanto, Cohen pagou a atriz porn\u00f4, Stormy Daniels, e a ex-modelo da &#8220;Playboy&#8221;, Karen McDougal.<\/p>\n<p data-track-category=\"Link no Texto\" data-track-links=\"\">Al\u00e9m disso, o ex-advogado assumiu tamb\u00e9m ter mentido ao Congresso sobre as discuss\u00f5es relacionadas \u00e0 constru\u00e7\u00e3o de um edif\u00edcio em Moscou, capital da R\u00fassia, pela Trump Tower.<\/p>\n<\/div>\n<div class=\"mc-column content-text active-extra-styles \" data-block-type=\"unstyled\" data-block-weight=\"43\" data-block-id=\"4\">\n<p class=\"content-text__container \" data-track-category=\"Link no Texto\" data-track-links=\"\">Donald Trump, tamb\u00e9m \u00e9 pressionado pela oposi\u00e7\u00e3o por conta da condena\u00e7\u00e3o, por fraude, de seu ex-chefe de campanha eleitoral em 2016, Paul Manafort. Ele \u00e9 investigado pelo gabinete de Mueller, por facilitar um suposto coluio com a R\u00fassia, na campanha de Trump.<\/p>\n\n<\/p>\n<h2 data-track-category=\"Link no Texto\">Cohen e Trump<\/h2>\n<\/div>\n<div data-block-type=\"unstyled\" data-block-weight=\"27\" data-block-id=\"2\">\n<div class=\"mc-column content-text active-extra-styles \" data-block-type=\"unstyled\" data-block-weight=\"27\" data-block-id=\"2\">\n<p class=\"content-text__container \" data-track-category=\"Link no Texto\" data-track-links=\"\">Ainda em julho, o FBI realizou uma busca nos escrit\u00f3rios de Cohen, onde foram apreendidas grava\u00e7\u00f5es de conversas entre o advogado e Trump.<\/p>\n<p class=\"content-text__container \" data-track-category=\"Link no Texto\" data-track-links=\"\">Entretanto, um dos \u00e1udios continha uma discuss\u00e3o referente ao pagamento que seria feito para comprar os direitos da hist\u00f3ria da atriz e modelo, Karen McDougal.<\/p>\n<\/div>\n<div class=\"mc-column content-text active-extra-styles \" data-block-type=\"unstyled\" data-block-weight=\"44\" data-block-id=\"3\">\n<p data-track-category=\"Link no Texto\" data-track-links=\"\">Ap\u00f3s a revela\u00e7\u00e3o da exist\u00eancia dos \u00e1udios, o presidente norte-americano criticou o ex-advogado. De acordo com Trump, \u00e9 &#8220;inconceb\u00edvel&#8221; e &#8220;talvez ilegal&#8221;, um cliente ser gravado pelo seu advogado.<\/p>\n<\/div>\n<div data-track-category=\"fim do conteudo\" data-track-action=\"ultimo chunk conteudo\" data-track-noninteraction=\"false\" data-track-scroll=\"entrada completa viewport\">\n<div class=\"mc-column content-text active-extra-styles \" data-block-type=\"unstyled\" data-block-weight=\"24\" data-block-id=\"4\">\n<p class=\"content-text__container \" data-track-category=\"Link no Texto\" data-track-links=\"\"><strong>Michael Cohen<\/strong>, tem 52 anos, foi advogado e confidente de <strong>Donald Trump<\/strong>. Al\u00e9m disso, Cohen chegou a aconselhar o presidente em neg\u00f3cios imobili\u00e1rios e quest\u00f5es pessoais.<\/p>\n<\/div>\n<\/div>\n<\/div>\n","protected":false},"excerpt":{"rendered":"<p>A Justi\u00e7a norte-americana condenou Michael Cohen, ex-advogado do presidente dos Estados Unidos, Donald Trump, a 3 anos de pris\u00e3o. O presidente norte-americano, Donald Trump. (divulga\u00e7\u00e3o) A Justi\u00e7a norte-americana condenou Michael Cohen, ex-advogado do presidente dos Estados Unidos, Donald Trump, a 3 anos de pris\u00e3o. Michael Cohen havia assumido a culpa no esc\u00e2ndalo que envolvia Donald [&hellip;]<\/p>\n","protected":false},"author":11,"featured_media":8604,"comment_status":"closed","ping_status":"closed","sticky":false,"template":"","format":"standard","meta":[],"categories":[63],"tags":[724,793],"suno_strategy":[],"class_list":["post-8602","post","type-post","status-publish","format-standard","has-post-thumbnail","hentry","category-internacional","tag-donald-trump","tag-estados-unidos-eua"],"yoast_head":"<!-- This site is optimized with the Yoast SEO plugin v24.4 - https:\/\/yoast.com\/wordpress\/plugins\/seo\/ -->\n<title>Michael Cohen, ex-advogado de Donald Trump, \u00e9 condenado nos EUA<\/title>\n<meta name=\"description\" content=\"Cohen assumiu a culpa no esc\u00e2ndalo que envolvia Donald Trump, onde foi comprado o sil\u00eancio de duas mulheres. Clique para saber mais.\" \/>\n<meta name=\"robots\" content=\"index, follow, max-snippet:-1, max-image-preview:large, max-video-preview:-1\" \/>\n<link rel=\"canonical\" href=\"https:\/\/www.suno.com.br\/noticias\/cohen-advogado-trump-condenado\/\" \/>\n<meta property=\"og:locale\" content=\"pt_BR\" \/>\n<meta property=\"og:type\" content=\"article\" \/>\n<meta property=\"og:title\" content=\"Michael Cohen, ex-advogado de Donald Trump, \u00e9 condenado nos EUA\" \/>\n<meta property=\"og:description\" content=\"Cohen assumiu a culpa no esc\u00e2ndalo que envolvia Donald Trump, onde foi comprado o sil\u00eancio de duas mulheres. Clique para saber mais.\" \/>\n<meta property=\"og:url\" content=\"https:\/\/www.suno.com.br\/noticias\/cohen-advogado-trump-condenado\/\" \/>\n<meta property=\"og:site_name\" content=\"Suno Not\u00edcias\" \/>\n<meta property=\"article:publisher\" content=\"https:\/\/facebook.com\/sunoresearch\" \/>\n<meta property=\"og:image\" content=\"https:\/\/files.sunoresearch.com.br\/n\/uploads\/2018\/12\/f470bca4-donald-trump.jpg\" \/>\n\t<meta property=\"og:image:width\" content=\"4096\" \/>\n\t<meta property=\"og:image:height\" content=\"2385\" \/>\n\t<meta property=\"og:image:type\" content=\"image\/jpeg\" \/>\n<meta name=\"author\" content=\"Renan Bandeira\" \/>\n<meta name=\"twitter:card\" content=\"summary_large_image\" \/>\n<meta name=\"twitter:creator\" content=\"@sunoresearch\" \/>\n<meta name=\"twitter:site\" content=\"@sunoresearch\" \/>\n<meta name=\"twitter:label1\" content=\"Escrito por\" \/>\n\t<meta name=\"twitter:data1\" content=\"Renan Bandeira\" \/>\n\t<meta name=\"twitter:label2\" content=\"Est. tempo de leitura\" \/>\n\t<meta name=\"twitter:data2\" content=\"1 minuto\" \/>\n<script type=\"application\/ld+json\" class=\"yoast-schema-graph\">{\"@context\":\"https:\/\/schema.org\",\"@graph\":[{\"@type\":\"NewsArticle\",\"@id\":\"https:\/\/www.suno.com.br\/noticias\/cohen-advogado-trump-condenado\/#article\",\"isPartOf\":{\"@id\":\"https:\/\/www.suno.com.br\/noticias\/cohen-advogado-trump-condenado\/\"},\"author\":{\"name\":\"Renan Bandeira\",\"@id\":\"https:\/\/www.suno.com.br\/noticias\/#\/schema\/person\/fc144a1c6108bd1dcd43784e88a3c138\"},\"headline\":\"Michael Cohen, ex-advogado de Donald Trump, \u00e9 condenado nos EUA\",\"datePublished\":\"2018-12-12T17:25:24+00:00\",\"dateModified\":\"2021-02-18T20:55:57+00:00\",\"mainEntityOfPage\":{\"@id\":\"https:\/\/www.suno.com.br\/noticias\/cohen-advogado-trump-condenado\/\"},\"wordCount\":275,\"publisher\":{\"@id\":\"https:\/\/www.suno.com.br\/noticias\/#organization\"},\"image\":{\"@id\":\"https:\/\/www.suno.com.br\/noticias\/cohen-advogado-trump-condenado\/#primaryimage\"},\"thumbnailUrl\":\"https:\/\/files.sunoresearch.com.br\/n\/uploads\/2018\/12\/f470bca4-donald-trump-scaled.webp\",\"keywords\":[\"Donald Trump\",\"Estados Unidos (EUA)\"],\"articleSection\":[\"Internacional\"],\"inLanguage\":\"pt-BR\"},{\"@type\":\"WebPage\",\"@id\":\"https:\/\/www.suno.com.br\/noticias\/cohen-advogado-trump-condenado\/\",\"url\":\"https:\/\/www.suno.com.br\/noticias\/cohen-advogado-trump-condenado\/\",\"name\":\"Michael Cohen, ex-advogado de Donald Trump, \u00e9 condenado nos EUA\",\"isPartOf\":{\"@id\":\"https:\/\/www.suno.com.br\/noticias\/#website\"},\"primaryImageOfPage\":{\"@id\":\"https:\/\/www.suno.com.br\/noticias\/cohen-advogado-trump-condenado\/#primaryimage\"},\"image\":{\"@id\":\"https:\/\/www.suno.com.br\/noticias\/cohen-advogado-trump-condenado\/#primaryimage\"},\"thumbnailUrl\":\"https:\/\/files.sunoresearch.com.br\/n\/uploads\/2018\/12\/f470bca4-donald-trump-scaled.webp\",\"datePublished\":\"2018-12-12T17:25:24+00:00\",\"dateModified\":\"2021-02-18T20:55:57+00:00\",\"description\":\"Cohen assumiu a culpa no esc\u00e2ndalo que envolvia Donald Trump, onde foi comprado o sil\u00eancio de duas mulheres. Clique para saber mais.\",\"breadcrumb\":{\"@id\":\"https:\/\/www.suno.com.br\/noticias\/cohen-advogado-trump-condenado\/#breadcrumb\"},\"inLanguage\":\"pt-BR\",\"potentialAction\":[{\"@type\":\"ReadAction\",\"target\":[\"https:\/\/www.suno.com.br\/noticias\/cohen-advogado-trump-condenado\/\"]}]},{\"@type\":\"ImageObject\",\"inLanguage\":\"pt-BR\",\"@id\":\"https:\/\/www.suno.com.br\/noticias\/cohen-advogado-trump-condenado\/#primaryimage\",\"url\":\"https:\/\/files.sunoresearch.com.br\/n\/uploads\/2018\/12\/f470bca4-donald-trump-scaled.webp\",\"contentUrl\":\"https:\/\/files.sunoresearch.com.br\/n\/uploads\/2018\/12\/f470bca4-donald-trump-scaled.webp\",\"width\":2560,\"height\":1491,\"caption\":\"O presidente norte-americano, Donald Trump. (divulga\u00e7\u00e3o)\"},{\"@type\":\"BreadcrumbList\",\"@id\":\"https:\/\/www.suno.com.br\/noticias\/cohen-advogado-trump-condenado\/#breadcrumb\",\"itemListElement\":[{\"@type\":\"ListItem\",\"position\":1,\"name\":\"Not\u00edcias\",\"item\":\"https:\/\/www.suno.com.br\/noticias\/\"},{\"@type\":\"ListItem\",\"position\":2,\"name\":\"Internacional\",\"item\":\"https:\/\/www.suno.com.br\/noticias\/internacional\/\"},{\"@type\":\"ListItem\",\"position\":3,\"name\":\"Michael Cohen, ex-advogado de Donald Trump, \u00e9 condenado nos EUA\"}]},{\"@type\":\"WebSite\",\"@id\":\"https:\/\/www.suno.com.br\/noticias\/#website\",\"url\":\"https:\/\/www.suno.com.br\/noticias\/\",\"name\":\"Suno Not\u00edcias\",\"description\":\"Seu portal de informa\u00e7\u00e3o sobre o mundo dos investimentos\",\"publisher\":{\"@id\":\"https:\/\/www.suno.com.br\/noticias\/#organization\"},\"potentialAction\":[{\"@type\":\"SearchAction\",\"target\":{\"@type\":\"EntryPoint\",\"urlTemplate\":\"https:\/\/www.suno.com.br\/noticias\/?s={search_term_string}\"},\"query-input\":{\"@type\":\"PropertyValueSpecification\",\"valueRequired\":true,\"valueName\":\"search_term_string\"}}],\"inLanguage\":\"pt-BR\"},{\"@type\":\"Organization\",\"@id\":\"https:\/\/www.suno.com.br\/noticias\/#organization\",\"name\":\"Suno Not\u00edcias\",\"url\":\"https:\/\/www.suno.com.br\/noticias\/\",\"logo\":{\"@type\":\"ImageObject\",\"inLanguage\":\"pt-BR\",\"@id\":\"https:\/\/www.suno.com.br\/noticias\/#\/schema\/logo\/image\/\",\"url\":\"https:\/\/files.sunoresearch.com.br\/n\/uploads\/2021\/09\/suno-logo.png\",\"contentUrl\":\"https:\/\/files.sunoresearch.com.br\/n\/uploads\/2021\/09\/suno-logo.png\",\"width\":180,\"height\":180,\"caption\":\"Suno Not\u00edcias\"},\"image\":{\"@id\":\"https:\/\/www.suno.com.br\/noticias\/#\/schema\/logo\/image\/\"},\"sameAs\":[\"https:\/\/facebook.com\/sunoresearch\",\"https:\/\/x.com\/sunoresearch\",\"https:\/\/www.instagram.com\/suno\",\"https:\/\/www.linkedin.com\/company\/suno-research\/\",\"https:\/\/www.youtube.com\/c\/sunoresearch\"]},{\"@type\":\"Person\",\"@id\":\"https:\/\/www.suno.com.br\/noticias\/#\/schema\/person\/fc144a1c6108bd1dcd43784e88a3c138\",\"name\":\"Renan Bandeira\",\"image\":{\"@type\":\"ImageObject\",\"inLanguage\":\"pt-BR\",\"@id\":\"https:\/\/www.suno.com.br\/noticias\/#\/schema\/person\/image\/\",\"url\":\"https:\/\/secure.gravatar.com\/avatar\/68359cdb608f14f11bbefcb78f3fc747?s=96&r=g\",\"contentUrl\":\"https:\/\/secure.gravatar.com\/avatar\/68359cdb608f14f11bbefcb78f3fc747?s=96&r=g\",\"caption\":\"Renan Bandeira\"},\"description\":\"Renan Bandeira escreve sobre pol\u00edtica e economia para o portal da Suno Research. Antes da Suno, trabalhou em uma rede de televis\u00e3o, onde fazia reportagens sobre os mesmos temas. Estuda na Universidade Metodista de S\u00e3o Paulo.\",\"url\":\"https:\/\/www.suno.com.br\/noticias\/author\/renan-bandeira\/\"}]}<\/script>\n<!-- \/ Yoast SEO plugin. -->","yoast_head_json":{"title":"Michael Cohen, ex-advogado de Donald Trump, \u00e9 condenado nos EUA","description":"Cohen assumiu a culpa no esc\u00e2ndalo que envolvia Donald Trump, onde foi comprado o sil\u00eancio de duas mulheres. Clique para saber mais.","robots":{"index":"index","follow":"follow","max-snippet":"max-snippet:-1","max-image-preview":"max-image-preview:large","max-video-preview":"max-video-preview:-1"},"canonical":"https:\/\/www.suno.com.br\/noticias\/cohen-advogado-trump-condenado\/","og_locale":"pt_BR","og_type":"article","og_title":"Michael Cohen, ex-advogado de Donald Trump, \u00e9 condenado nos EUA","og_description":"Cohen assumiu a culpa no esc\u00e2ndalo que envolvia Donald Trump, onde foi comprado o sil\u00eancio de duas mulheres. Clique para saber mais.","og_url":"https:\/\/www.suno.com.br\/noticias\/cohen-advogado-trump-condenado\/","og_site_name":"Suno Not\u00edcias","article_publisher":"https:\/\/facebook.com\/sunoresearch","og_image":[{"width":4096,"height":2385,"url":"https:\/\/files.sunoresearch.com.br\/n\/uploads\/2018\/12\/f470bca4-donald-trump.jpg","type":"image\/jpeg"}],"author":"Renan Bandeira","twitter_card":"summary_large_image","twitter_creator":"@sunoresearch","twitter_site":"@sunoresearch","twitter_misc":{"Escrito por":"Renan Bandeira","Est. tempo de leitura":"1 minuto"},"schema":{"@context":"https:\/\/schema.org","@graph":[{"@type":"NewsArticle","@id":"https:\/\/www.suno.com.br\/noticias\/cohen-advogado-trump-condenado\/#article","isPartOf":{"@id":"https:\/\/www.suno.com.br\/noticias\/cohen-advogado-trump-condenado\/"},"author":{"name":"Renan Bandeira","@id":"https:\/\/www.suno.com.br\/noticias\/#\/schema\/person\/fc144a1c6108bd1dcd43784e88a3c138"},"headline":"Michael Cohen, ex-advogado de Donald Trump, \u00e9 condenado nos EUA","datePublished":"2018-12-12T17:25:24+00:00","dateModified":"2021-02-18T20:55:57+00:00","mainEntityOfPage":{"@id":"https:\/\/www.suno.com.br\/noticias\/cohen-advogado-trump-condenado\/"},"wordCount":275,"publisher":{"@id":"https:\/\/www.suno.com.br\/noticias\/#organization"},"image":{"@id":"https:\/\/www.suno.com.br\/noticias\/cohen-advogado-trump-condenado\/#primaryimage"},"thumbnailUrl":"https:\/\/files.sunoresearch.com.br\/n\/uploads\/2018\/12\/f470bca4-donald-trump-scaled.webp","keywords":["Donald Trump","Estados Unidos (EUA)"],"articleSection":["Internacional"],"inLanguage":"pt-BR"},{"@type":"WebPage","@id":"https:\/\/www.suno.com.br\/noticias\/cohen-advogado-trump-condenado\/","url":"https:\/\/www.suno.com.br\/noticias\/cohen-advogado-trump-condenado\/","name":"Michael Cohen, ex-advogado de Donald Trump, \u00e9 condenado nos EUA","isPartOf":{"@id":"https:\/\/www.suno.com.br\/noticias\/#website"},"primaryImageOfPage":{"@id":"https:\/\/www.suno.com.br\/noticias\/cohen-advogado-trump-condenado\/#primaryimage"},"image":{"@id":"https:\/\/www.suno.com.br\/noticias\/cohen-advogado-trump-condenado\/#primaryimage"},"thumbnailUrl":"https:\/\/files.sunoresearch.com.br\/n\/uploads\/2018\/12\/f470bca4-donald-trump-scaled.webp","datePublished":"2018-12-12T17:25:24+00:00","dateModified":"2021-02-18T20:55:57+00:00","description":"Cohen assumiu a culpa no esc\u00e2ndalo que envolvia Donald Trump, onde foi comprado o sil\u00eancio de duas mulheres. Clique para saber mais.","breadcrumb":{"@id":"https:\/\/www.suno.com.br\/noticias\/cohen-advogado-trump-condenado\/#breadcrumb"},"inLanguage":"pt-BR","potentialAction":[{"@type":"ReadAction","target":["https:\/\/www.suno.com.br\/noticias\/cohen-advogado-trump-condenado\/"]}]},{"@type":"ImageObject","inLanguage":"pt-BR","@id":"https:\/\/www.suno.com.br\/noticias\/cohen-advogado-trump-condenado\/#primaryimage","url":"https:\/\/files.sunoresearch.com.br\/n\/uploads\/2018\/12\/f470bca4-donald-trump-scaled.webp","contentUrl":"https:\/\/files.sunoresearch.com.br\/n\/uploads\/2018\/12\/f470bca4-donald-trump-scaled.webp","width":2560,"height":1491,"caption":"O presidente norte-americano, Donald Trump. (divulga\u00e7\u00e3o)"},{"@type":"BreadcrumbList","@id":"https:\/\/www.suno.com.br\/noticias\/cohen-advogado-trump-condenado\/#breadcrumb","itemListElement":[{"@type":"ListItem","position":1,"name":"Not\u00edcias","item":"https:\/\/www.suno.com.br\/noticias\/"},{"@type":"ListItem","position":2,"name":"Internacional","item":"https:\/\/www.suno.com.br\/noticias\/internacional\/"},{"@type":"ListItem","position":3,"name":"Michael Cohen, ex-advogado de Donald Trump, \u00e9 condenado nos EUA"}]},{"@type":"WebSite","@id":"https:\/\/www.suno.com.br\/noticias\/#website","url":"https:\/\/www.suno.com.br\/noticias\/","name":"Suno Not\u00edcias","description":"Seu portal de informa\u00e7\u00e3o sobre o mundo dos investimentos","publisher":{"@id":"https:\/\/www.suno.com.br\/noticias\/#organization"},"potentialAction":[{"@type":"SearchAction","target":{"@type":"EntryPoint","urlTemplate":"https:\/\/www.suno.com.br\/noticias\/?s={search_term_string}"},"query-input":{"@type":"PropertyValueSpecification","valueRequired":true,"valueName":"search_term_string"}}],"inLanguage":"pt-BR"},{"@type":"Organization","@id":"https:\/\/www.suno.com.br\/noticias\/#organization","name":"Suno Not\u00edcias","url":"https:\/\/www.suno.com.br\/noticias\/","logo":{"@type":"ImageObject","inLanguage":"pt-BR","@id":"https:\/\/www.suno.com.br\/noticias\/#\/schema\/logo\/image\/","url":"https:\/\/files.sunoresearch.com.br\/n\/uploads\/2021\/09\/suno-logo.png","contentUrl":"https:\/\/files.sunoresearch.com.br\/n\/uploads\/2021\/09\/suno-logo.png","width":180,"height":180,"caption":"Suno Not\u00edcias"},"image":{"@id":"https:\/\/www.suno.com.br\/noticias\/#\/schema\/logo\/image\/"},"sameAs":["https:\/\/facebook.com\/sunoresearch","https:\/\/x.com\/sunoresearch","https:\/\/www.instagram.com\/suno","https:\/\/www.linkedin.com\/company\/suno-research\/","https:\/\/www.youtube.com\/c\/sunoresearch"]},{"@type":"Person","@id":"https:\/\/www.suno.com.br\/noticias\/#\/schema\/person\/fc144a1c6108bd1dcd43784e88a3c138","name":"Renan Bandeira","image":{"@type":"ImageObject","inLanguage":"pt-BR","@id":"https:\/\/www.suno.com.br\/noticias\/#\/schema\/person\/image\/","url":"https:\/\/secure.gravatar.com\/avatar\/68359cdb608f14f11bbefcb78f3fc747?s=96&r=g","contentUrl":"https:\/\/secure.gravatar.com\/avatar\/68359cdb608f14f11bbefcb78f3fc747?s=96&r=g","caption":"Renan Bandeira"},"description":"Renan Bandeira escreve sobre pol\u00edtica e economia para o portal da Suno Research. Antes da Suno, trabalhou em uma rede de televis\u00e3o, onde fazia reportagens sobre os mesmos temas. Estuda na Universidade Metodista de S\u00e3o Paulo.","url":"https:\/\/www.suno.com.br\/noticias\/author\/renan-bandeira\/"}]}},"default_loop_html":"<div class=\"cardsPage__listCard__boxs\"><div class=\"cardsPage__listCard__boxs__img\"><a href=\"https:\/\/www.suno.com.br\/noticias\/cohen-advogado-trump-condenado\/\"><img class=\"mask\" src=\"https:\/\/www.suno.com.br\/noticias\/wp-content\/themes\/suno\/resources\/images\/spotlight\/spotlight1img\/bg-mask.png\" alt=\"Image Mask\"\/><img src=\"https:\/\/files.sunoresearch.com.br\/n\/uploads\/2018\/12\/f470bca4-donald-trump-400x200.webp\" alt=\"Michael Cohen, ex-advogado de Donald Trump, \u00e9 condenado nos EUA\"\/><\/a><span class=\"spotlightCategory\"><a href=\"https:\/\/www.suno.com.br\/noticias\/internacional\/\">Internacional<\/a><\/span><\/div><div class=\"cardsPage__listCard__boxs__content\"><a href=\"https:\/\/www.suno.com.br\/noticias\/cohen-advogado-trump-condenado\/\"><h2 class=\"content__title\">Michael Cohen, ex-advogado de Donald Trump, \u00e9 condenado nos EUA<\/h2><\/a><div class=\"newsContent__article__meta\"><div class=\"newsContent__article__meta__authorBox\"><a href=\"https:\/\/www.suno.com.br\/noticias\/author\/renan-bandeira\/\" class=\"authorBox__avatar noMobi\"><img src=\"https:\/\/secure.gravatar.com\/avatar\/68359cdb608f14f11bbefcb78f3fc747?s=96&#038;r=g\" alt=\"Renan Bandeira\"><\/a><div class=\"authorBox__name\"><span>por\n\t\t\t<a href=\"https:\/\/www.suno.com.br\/noticias\/author\/renan-bandeira\/\"><span itemprop=\"author\">Renan Bandeira<\/span><\/a><\/span><time datetime=\"2018-12-12T15:25:24-02:00\" itemprop=\"datePublished\">12\/12\/2018 15:25<\/time><\/div><\/div><\/div><\/div><\/div>","single_layout":"posts","amp_enabled":true,"_links":{"self":[{"href":"https:\/\/www.suno.com.br\/noticias\/wp-json\/wp\/v2\/posts\/8602"}],"collection":[{"href":"https:\/\/www.suno.com.br\/noticias\/wp-json\/wp\/v2\/posts"}],"about":[{"href":"https:\/\/www.suno.com.br\/noticias\/wp-json\/wp\/v2\/types\/post"}],"author":[{"embeddable":true,"href":"https:\/\/www.suno.com.br\/noticias\/wp-json\/wp\/v2\/users\/11"}],"replies":[{"embeddable":true,"href":"https:\/\/www.suno.com.br\/noticias\/wp-json\/wp\/v2\/comments?post=8602"}],"version-history":[{"count":0,"href":"https:\/\/www.suno.com.br\/noticias\/wp-json\/wp\/v2\/posts\/8602\/revisions"}],"wp:featuredmedia":[{"embeddable":true,"href":"https:\/\/www.suno.com.br\/noticias\/wp-json\/wp\/v2\/media\/8604"}],"wp:attachment":[{"href":"https:\/\/www.suno.com.br\/noticias\/wp-json\/wp\/v2\/media?parent=8602"}],"wp:term":[{"taxonomy":"category","embeddable":true,"href":"https:\/\/www.suno.com.br\/noticias\/wp-json\/wp\/v2\/categories?post=8602"},{"taxonomy":"post_tag","embeddable":true,"href":"https:\/\/www.suno.com.br\/noticias\/wp-json\/wp\/v2\/tags?post=8602"},{"taxonomy":"suno_strategy","embeddable":true,"href":"https:\/\/www.suno.com.br\/noticias\/wp-json\/wp\/v2\/suno_strategy?post=8602"}],"curies":[{"name":"wp","href":"https:\/\/api.w.org\/{rel}","templated":true}]}}