{"id":85857,"date":"2020-09-20T12:00:36","date_gmt":"2020-09-20T15:00:36","guid":{"rendered":"https:\/\/www.suno.com.br\/noticias\/?p=85857"},"modified":"2020-09-21T10:29:30","modified_gmt":"2020-09-21T13:29:30","slug":"ibiuna-dolar-riscos-hedges","status":"publish","type":"post","link":"https:\/\/www.suno.com.br\/noticias\/ibiuna-dolar-riscos-hedges\/","title":{"rendered":"Ibiuna aposta contra o d\u00f3lar, v\u00ea riscos menores, mas n\u00e3o abandona hedges"},"content":{"rendered":"<p>Se a crise causada pelo novo <a href=\"https:\/\/www.suno.com.br\/noticias\/tags\/coronavirus\/\">coronav\u00edrus (covid-19)<\/a> mexeu com Bolsas, juros e moedas de todo o mundo, os pr\u00f3ximos meses devem ser menos turbulentos na an\u00e1lise da Ibiuna. Gestora com R$ 19 bilh\u00f5es sob gest\u00e3o, a casa aposta agora na queda do d\u00f3lar ante uma cesta de moedas -exceto o real, que deve continuar a se desvalorizar perante a moeda norte-americana.<\/p>\t<div class=\"wrapper-featured-image\">\n\t\t<figure class=\"spotlightImg\">\n\n\t\t\t<picture>\n\t\t\t\t<source media=\"(max-width: 768px)\" srcset=\"https:\/\/files.sunoresearch.com.br\/n\/uploads\/2020\/09\/ad9364a1-economia-dolar-20150122-002-copy-400x200.webp\">\n\t\t\t\t<img loading=\"lazy\" decoding=\"async\" class=\"newsContent__article__imgCapa lazyloadDisabled \" src=\"https:\/\/files.sunoresearch.com.br\/n\/uploads\/2020\/09\/ad9364a1-economia-dolar-20150122-002-copy-800x450.webp\" width=\"800\" height=\"450\" alt=\"Ibiuna aposta contra o d\u00f3lar, v\u00ea riscos menores, mas n\u00e3o abandona hedges\" fetchpriority=high \/>\n\t\t\t<\/picture>\n\n\t\t\t<figcaption class=\"wp-caption-text wp-caption-text--show\">O d\u00f3lar hoje fechou em alta de 0,771%, a R$ 5,3456<\/figcaption>\n\t\t<\/figure>\n\t<\/div>\n\n\n<div class=\"hubspot-form-wrapper\">\n\t<div id=\"single-form-target\"><\/div>\n<\/div>\n\n<p>&#8220;Migramos para \u00edndices e, principalmente, tivemos posi\u00e7\u00f5es vendidas em d\u00f3lar contra [uma cesta de moedas do] G10 e alguns emergentes. O d\u00f3lar se fortaleceu no meio da pandemia, j\u00e1 que, pelo medo, os investidores correram pro d\u00f3lar&#8221;, disse Caio Santos, s\u00f3cio respons\u00e1vel pela \u00e1rea de rela\u00e7\u00f5es com investidores da Ibi\u00fana.<\/p>\n<p>&#8220;Mas em um cen\u00e1rio de menos risco, apostamos contra o d\u00f3lar em moedas do G10. Contra o real n\u00e3o at\u00e9 porque real \u00e9 hedge para n\u00f3s em algumas posi\u00e7\u00f5es&#8221;, afirmou.<\/p>\n<p><a href=\"https:\/\/www.suno.com.br\/noticias\/entrevistas\/\">Confira tamb\u00e9m: Especial SUNO Not\u00edcias &#8211; Entrevistas com gestores<\/a><\/p>\n<p>Para o s\u00f3cio da Ibiuna, os est\u00edmulos que os BCs do mundo todo utilizaram na crise devem perdurar por mais tempo e, por isso, a gestora confia na tomada gradual de riscos.<\/p>\n<p>&#8220;Temos agora est\u00edmulos muito grandes que devem perdurar por muito tempo. Ent\u00e3o, no final, com a defini\u00e7\u00e3o de uma vacina, os mercados podem dar uma puxada e o cen\u00e1rio mais pr\u00f3-risco mais controlada com hedge&#8221;, afirmou.<\/p>\n<p>Al\u00e9m da conhecida estrat\u00e9gia macro e de hedges, a Ibiuna lan\u00e7a agora um fundo de cr\u00e9dito. Mesmo em meio a desconfian\u00e7as do mercado em rela\u00e7\u00e3o a sa\u00fade do setor no curto e m\u00e9dio prazo, Santos afirma que o fundo pode trabalhar para compor melhor um portf\u00f3lio.<\/p>\n<p>&#8220;O primeiro \u00e9 o componente macro de aloca\u00e7\u00e3o na ind\u00fastria como um todo. Cr\u00e9dito, em qualquer regi\u00e3o do mundo, n\u00e3o tem uma aloca\u00e7\u00e3o feita de caixa e bolsa ou s\u00f3 uma coisa il\u00edquida. Voc\u00ea tem uma composi\u00e7\u00e3o de portf\u00f3lio, seja renda fixa com duration ou atrelada a renda fixa privada&#8221;, disse.<\/p>\n<p>Confira a entrevista do <strong>SUNO Not\u00edcias<\/strong> com Caio Santos, s\u00f3cio respons\u00e1vel pela \u00e1rea de rela\u00e7\u00f5es com investidores da Ibi\u00fana:<\/p>\n<p style=\"text-align: center;\"><span style=\"font-size: 19.4286px; text-align: center;\">\u00a0\u2666<\/span><\/p>\n<p><strong>-Nos fale um pouco sobre a Ibiuna e a filosofia de investimentos da casa.<\/strong><br \/>\nA Ibiuna \u00e9 uma casa que completou dez anos. O nosso primeiro fundo vai comemorar dez anos, que \u00e9 o Ibiuna Hedge FIC FIM, ent\u00e3o tanto de casa quanto de cota a gente tem dez anos, crescendo de forma consistente atrav\u00e9s de resultados de diversas \u00e1reas. Nascemos de uma caso macro <em>top down<\/em>, naturalmente, por conta da expertise que tinham e reconhecimento no mercado de duas pessoas com hist\u00f3rias muito s\u00f3lidas que decidiram se unir.<\/p>\n<p>Originalmente, come\u00e7amos como uma casa macro, mas logo no primeiro ano o Andr\u00e9 Lion chegou respons\u00e1vel pelas \u00e1reas de equities, que hoje \u00e9 parte relevante da casa e mais recentemente uma \u00e1rea de cr\u00e9dito privado, com mais novas duas pessoas como respons\u00e1veis.<\/p>\n<p>Hoje temos mais de R$ 19 bilh\u00f5es sob gest\u00e3o, divididos em tr\u00eas grande fam\u00edlias: macro, que det\u00e9m a maior parte, e temos tr\u00eas produtos com a mesma estrat\u00e9gia, operando ciclo de pol\u00edtica monet\u00e1ria, que acaba por se traduzir em todos os produtos. O diferencial do Ibiuna Hedge FIC FIM, foi lan\u00e7ado com tr\u00eas de volatilidade, para buscar CDI + 3%, por\u00e9m, sempre acreditamos que a ind\u00fastria evoluiria e as pessoas buscassem mais volatilidade e, consequentemente, tamb\u00e9m mais retornos.<\/p>\n<p>Ent\u00e3o, depois disso, lan\u00e7amos o Ibiuna Hedge STH FIC FIM, que nasceu para ser o hedge alavancado. Ent\u00e3o o Hedge tem uma volatilidade de cerca de 5 ou 6 e o hedge STH com volatilidade de 8 e 10, buscando CDI+8\/10.<\/p>\n<p>Al\u00e9m disso, temos um plano de previd\u00eancia. Temos em torno de R$ 4 bilh\u00f5es na estrat\u00e9gia de previd\u00eancia. S\u00e3o estrat\u00e9gias de risco e retorno semelhantes e o STH com uma estrat\u00e9gia mais agressiva, sempre operando macro, ciclo de juros, moedas, Bolsas somente via \u00edndices j\u00e1 que nossa vis\u00e3o \u00e9 top down, dependendo do ponto de ciclo de pol\u00edtica monet\u00e1ria dos pa\u00edses.<\/p>\n<p>A parte de equity fica em torno de R$ 2,5 bilh\u00f5es, divididas em tr\u00eas produtos. Um long short neutro, que est\u00e1 fechado h\u00e1 algum tempo, para manter um tamanho razo\u00e1vel. \u00c9 papel contra papel, neutralizando os riscos de mercado e gerando alfa de CDI + 5% ou 6%, mas sempre com prote\u00e7\u00e3o.<\/p>\n<p>Outro fundo sempre comprado \u00e9 um long biased no meio do caminho, pode ir de 0 a 100 alocado, um produto mais flex\u00edvel. O fundo de cr\u00e9dito deve buscar CDI + 2, mais 2,5 operando 20% em bonds de Brasil e AL.<\/p>\n<p>E tudo isso tem a ver com o princ\u00edpio b\u00e1sico, que somos bem relacionados, com produtos diversificados, mesmo o macro que os produtos bebem da mesma fonte, mas a base hedge \u00e9 a mesma.<\/p>\n<p>Os long s\u00e3o descorrelacionados e o de cr\u00e9dito tamb\u00e9m. Tendo isso e diversifica\u00e7\u00e3o dos players, al\u00e9m de fundos de pens\u00e3o, aumentando a robustez desse nosso passivo.<\/p>\n<p><strong>-Daqui para frente, como voc\u00eas enxergam a continuidade dessa crise?<\/strong><br \/>\nAcompanhamos as principais regi\u00f5es do mundo, acompanhando no detalhe os pa\u00edses e tentamos olhar a din\u00e2mica de cada uma das pol\u00edticas monet\u00e1rias dos locais.<\/p>\n<p>Ano passado, o mundo atingiu o pico de crescimento p\u00f3s-2008 e, ao longo de 2018, os BCs come\u00e7aram a fazer soft landing, ou seja, aquele pouso suave. Imaginavam que a economia pode ficar superaquecida, gerar infla\u00e7\u00e3o, e come\u00e7aram a tirar os juros. Isso basicamente era reduzir o processo de crescimento e entrar\u00edamos em 2019 nesse pleno curso do pouso suave, desacelerando de maneira controlada.<\/p>\n<p>Mas, em 2018, surge um evento de uma rea\u00e7\u00e3o parecida, do ponto de vista de posicionamento do covid. No come\u00e7o do ano, detectamos ao longo do primeiro semestre do ano que alguns eventos poderiam trazer um impacto nesse pouso suave, que poderia mudar a postura dos BCs.<\/p>\n<p>A partir do semestre do ano passado, Trump interrompeu as negocia\u00e7\u00f5es com a China e a partir daquele momento gerou-se um temor da guerra comercial e consequentemente jogar a economia para a recess\u00e3o.<\/p>\n<p>Identificamos isso e apostamos que o BC mudaria de postura e come\u00e7ar a cortar os juros. Esse temor da recess\u00e3o mudaria o est\u00edmulo e pegamos isso muito bem.<\/p>\n<p>Surfamos juro mexicano e americano, mesmo o brasileiro, e o Pa\u00eds pode implementar um ciclo maior. Em novembro e dezembro, de fato, sentimos que os est\u00edmulos teriam um impacto positivo para 2020, por\u00e9m um pouso n\u00e3o t\u00e3o suave pois voc\u00ea tinha estimulado as economias globais.<\/p>\n<p>A\u00ed veio 2020, quando est\u00e1vamos otimistas e com uma perspectiva muito boa para o Brasil no ano. Mas, ent\u00e3o chegou a crise causada pelo coronav\u00edrus. Podemos dividir em tr\u00eas momentos desde ent\u00e3o.<\/p>\n<p>O primeiro era o vi\u00e9s mais otimista, comprados em Bolsa. Percebemos que logo no come\u00e7o do ano tivemos dois eventos, o primeiro foi o temor do problema com o Ir\u00e3. E como acompanhamos muito de perto da China, j\u00e1 em janeiro e fevereiro reduzimos exposi\u00e7\u00e3o de Bolsa e adicionamos alguns hedges preocupados com a paralisa\u00e7\u00e3o de setores da China e como isso poderia afetar a economia global.<\/p>\n<p>Fizemos hedge para prote\u00e7\u00e3o de Bolsa. No S&amp;P t\u00ednhamos aplicado em treasure e Bovespa t\u00ednhamos comprado em D\u00f3lar contra o real. E, a medida que fomos percebendo que os dados de China e a paralisa\u00e7\u00e3o da China poderia ser um evento de grande impacto global, aumentamos isso.<\/p>\n<p>Assim, zeramos Bolsa no pr\u00e9-carnaval e mantivemos posi\u00e7\u00f5es de hedge como posi\u00e7\u00f5es.<\/p>\n<p>No segundo momento, que \u00e9 a partir de fevereiro ou mar\u00e7o, muita gente estava achando que a Bolsa era oportunidade e que o problema acabaria em uma semana. A gente n\u00e3o. N\u00f3s achamos que demandaria uma rea\u00e7\u00e3o forte dos Bancos Centrais novamente e fomos para posi\u00e7\u00f5es de juros em pa\u00edses que acompanhamos no detalhe, como M\u00e9xico, Chile, etc.<\/p>\n<p>J\u00e1 o terceiro momento foi o da volta de posi\u00e7\u00f5es menos pessimistas, que foi essa leitura do mercado que as previs\u00f5es feitas no auge tinham sido pessimistas demais.<\/p>\n<p>Ent\u00e3o, de fato, fomos zerando juros e migramos para \u00edndices e, principalmente, tivemos posi\u00e7\u00f5es vendidas em d\u00f3lar contra G10 e alguns emergentes.<\/p>\n<p>O d\u00f3lar se fortaleceu no meio da pandemia, j\u00e1 que, pelo medo, os investidores correram pro d\u00f3lar. Mas em um cen\u00e1rio de menos risco, apostamos contra o d\u00f3lar em moedas do G10. Contra o real n\u00e3o at\u00e9 porque real \u00e9 hedge para n\u00f3s em algumas posi\u00e7\u00f5es.<\/p>\n<p>Temos agora est\u00edmulos muito grandes que devem perdurar por muito tempo. Ent\u00e3o, no final, com a defini\u00e7\u00e3o de uma vacina, os mercados podem dar uma puxada e o cen\u00e1rio mais pr\u00f3-risco mais controlada com hedge.<\/p>\n<p><strong>-Voc\u00eas est\u00e3o lan\u00e7ando um fundo de cr\u00e9dito, mas alguns analistas olham com preocupa\u00e7\u00e3o esse setor. Qual o racional por tr\u00e1s?<\/strong><br \/>\nEu acho que tem dois. O primeiro \u00e9 o componente macro de aloca\u00e7\u00e3o na ind\u00fastria como um todo. Cr\u00e9dito, em qualquer regi\u00e3o do mundo, n\u00e3o tem uma aloca\u00e7\u00e3o feita de caixa e bolsa ou s\u00f3 uma coisa il\u00edquida. Voc\u00ea tem uma composi\u00e7\u00e3o de portf\u00f3lio, seja renda fixa com duration ou atrelada a renda fixa privada.<\/p>\n<p>Existe um mercado para isso. Esse solavanco que a ind\u00fastria teve por si s\u00f3, urante a crise do coronav\u00edrus, j\u00e1 gera um filtro para produtos que nascem agora, com volatilidade em torno de 3, para um cliente que entende que quer ganhar um dinheiro como parte do portf\u00f3lio.<\/p>\n<p>Nem todas as empresas s\u00e3o boas e antes tinha muita demanda, com emiss\u00f5es e mais emiss\u00f5es. Mas, agora o mercado deve se equilibrar.<\/p>\n<p>Temos uma equipe com duas pessoas seniores e mais dois analistas para lan\u00e7ar um produto criteriosa. E temos uma vantagem aqui. As empresas locais tem um time de equity muito forte e vai olhar uma empresa por dois \u00e2ngulos para ter uma seletividade para escolher. O objetivo \u00e9 o fundo se diferenciar dos demais.<\/p>\n<p>Entrevista com <strong>Ibiuna Investimentos<\/strong><\/p>\n\t<p>\n\t\t<a href=\"https:\/\/lp.suno.com.br\/planilha-de-controle-de-investimentos\/\" target=\"_blank\" data-element=\"shortcode-suno-banner\" title=\"Banner SUNO, clique e saiba mais\">\n\t\t\t<picture>\n\t\t\t\t<source media=\"(max-width: 500px)\" srcset=\"https:\/\/files.sunoresearch.com.br\/n\/uploads\/2023\/03\/400x300-Controle-de-Investimentos.png\">\n\t\t\t\t<img class=\"newsContent__article__imgCapa newsContent__article__imgCapa--banner\"\n\t\t\t\t\tsrc=\"https:\/\/files.sunoresearch.com.br\/n\/uploads\/2023\/03\/1420x240-Controle-de-Investimentos.png\"\n\t\t\t\t\tdata-promo-id=\"75934\"\t\t\t\t\t\t\t\t\t\twidth='1420' height='240'\t\t\t\t\talt=\"https:\/\/files.sunoresearch.com.br\/n\/uploads\/2023\/03\/1420x240-Controle-de-Investimentos.png\"\n\t\t\t\t>\n\t\t\t<\/picture>\n\t\t<\/a>\n\t<\/p>\n\n\n","protected":false},"excerpt":{"rendered":"<p>Se a crise causada pelo novo coronav\u00edrus (covid-19) mexeu com Bolsas, juros e moedas de todo o mundo, os pr\u00f3ximos meses devem ser menos turbulentos na an\u00e1lise da Ibiuna. Gestora com R$ 19 bilh\u00f5es sob gest\u00e3o, a casa aposta agora na queda do d\u00f3lar ante uma cesta de moedas -exceto o real, que deve continuar [&hellip;]<\/p>\n","protected":false},"author":27,"featured_media":84995,"comment_status":"closed","ping_status":"closed","sticky":false,"template":"","format":"standard","meta":[],"categories":[1278],"tags":[2165,313,1822,104544],"suno_strategy":[],"class_list":["post-85857","post","type-post","status-publish","format-standard","has-post-thumbnail","hentry","category-entrevistas","tag-asset","tag-fundos-de-investimento","tag-fundos-multimercado","tag-ibiuna"],"yoast_head":"<!-- This site is optimized with the Yoast SEO plugin v24.4 - https:\/\/yoast.com\/wordpress\/plugins\/seo\/ -->\n<title>Ibiuna aposta contra o d\u00f3lar com riscos menores, mas n\u00e3o larga hedges<\/title>\n<meta name=\"description\" content=\"Para a gestora Ibiuna, economia entra em uma terceira fase da crise, com menos riscos do que antes. Clique aqui para ler mais sobre.\" \/>\n<meta name=\"robots\" content=\"index, follow, max-snippet:-1, max-image-preview:large, max-video-preview:-1\" \/>\n<link rel=\"canonical\" href=\"https:\/\/www.suno.com.br\/noticias\/ibiuna-dolar-riscos-hedges\/\" \/>\n<meta property=\"og:locale\" content=\"pt_BR\" \/>\n<meta property=\"og:type\" content=\"article\" \/>\n<meta property=\"og:title\" content=\"Ibiuna aposta contra o d\u00f3lar com riscos menores, mas n\u00e3o larga hedges\" \/>\n<meta property=\"og:description\" content=\"Para a gestora Ibiuna, economia entra em uma terceira fase da crise, com menos riscos do que antes. Clique aqui para ler mais sobre.\" \/>\n<meta property=\"og:url\" content=\"https:\/\/www.suno.com.br\/noticias\/ibiuna-dolar-riscos-hedges\/\" \/>\n<meta property=\"og:site_name\" content=\"Suno Not\u00edcias\" \/>\n<meta property=\"article:publisher\" content=\"https:\/\/facebook.com\/sunoresearch\" \/>\n<meta property=\"og:image\" content=\"https:\/\/files.sunoresearch.com.br\/n\/uploads\/2020\/09\/ad9364a1-economia-dolar-20150122-002-copy.jpg\" \/>\n\t<meta property=\"og:image:width\" content=\"1500\" \/>\n\t<meta property=\"og:image:height\" content=\"1000\" \/>\n\t<meta property=\"og:image:type\" content=\"image\/jpeg\" \/>\n<meta name=\"author\" content=\"Vinicius Pereira\" \/>\n<meta name=\"twitter:card\" content=\"summary_large_image\" \/>\n<meta name=\"twitter:creator\" content=\"@https:\/\/twitter.com\/viniciuspjornal\" \/>\n<meta name=\"twitter:site\" content=\"@sunoresearch\" \/>\n<meta name=\"twitter:label1\" content=\"Escrito por\" \/>\n\t<meta name=\"twitter:data1\" content=\"Vinicius Pereira\" \/>\n\t<meta name=\"twitter:label2\" content=\"Est. tempo de leitura\" \/>\n\t<meta name=\"twitter:data2\" content=\"9 minutos\" \/>\n<script type=\"application\/ld+json\" class=\"yoast-schema-graph\">{\"@context\":\"https:\/\/schema.org\",\"@graph\":[{\"@type\":\"NewsArticle\",\"@id\":\"https:\/\/www.suno.com.br\/noticias\/ibiuna-dolar-riscos-hedges\/#article\",\"isPartOf\":{\"@id\":\"https:\/\/www.suno.com.br\/noticias\/ibiuna-dolar-riscos-hedges\/\"},\"author\":{\"name\":\"Vinicius Pereira\",\"@id\":\"https:\/\/www.suno.com.br\/noticias\/#\/schema\/person\/a20761b96e4df7eb57f1f9e41be1dbf3\"},\"headline\":\"Ibiuna aposta contra o d\u00f3lar, v\u00ea riscos menores, mas n\u00e3o abandona hedges\",\"datePublished\":\"2020-09-20T15:00:36+00:00\",\"dateModified\":\"2020-09-21T13:29:30+00:00\",\"mainEntityOfPage\":{\"@id\":\"https:\/\/www.suno.com.br\/noticias\/ibiuna-dolar-riscos-hedges\/\"},\"wordCount\":1784,\"publisher\":{\"@id\":\"https:\/\/www.suno.com.br\/noticias\/#organization\"},\"image\":{\"@id\":\"https:\/\/www.suno.com.br\/noticias\/ibiuna-dolar-riscos-hedges\/#primaryimage\"},\"thumbnailUrl\":\"https:\/\/files.sunoresearch.com.br\/n\/uploads\/2020\/09\/ad9364a1-economia-dolar-20150122-002-copy-jpg.webp\",\"keywords\":[\"Asset\",\"Fundos de investimento\",\"Fundos multimercado\",\"Ibiuna\"],\"articleSection\":[\"Entrevistas\"],\"inLanguage\":\"pt-BR\"},{\"@type\":\"WebPage\",\"@id\":\"https:\/\/www.suno.com.br\/noticias\/ibiuna-dolar-riscos-hedges\/\",\"url\":\"https:\/\/www.suno.com.br\/noticias\/ibiuna-dolar-riscos-hedges\/\",\"name\":\"Ibiuna aposta contra o d\u00f3lar com riscos menores, mas n\u00e3o larga hedges\",\"isPartOf\":{\"@id\":\"https:\/\/www.suno.com.br\/noticias\/#website\"},\"primaryImageOfPage\":{\"@id\":\"https:\/\/www.suno.com.br\/noticias\/ibiuna-dolar-riscos-hedges\/#primaryimage\"},\"image\":{\"@id\":\"https:\/\/www.suno.com.br\/noticias\/ibiuna-dolar-riscos-hedges\/#primaryimage\"},\"thumbnailUrl\":\"https:\/\/files.sunoresearch.com.br\/n\/uploads\/2020\/09\/ad9364a1-economia-dolar-20150122-002-copy-jpg.webp\",\"datePublished\":\"2020-09-20T15:00:36+00:00\",\"dateModified\":\"2020-09-21T13:29:30+00:00\",\"description\":\"Para a gestora Ibiuna, economia entra em uma terceira fase da crise, com menos riscos do que antes. Clique aqui para ler mais sobre.\",\"breadcrumb\":{\"@id\":\"https:\/\/www.suno.com.br\/noticias\/ibiuna-dolar-riscos-hedges\/#breadcrumb\"},\"inLanguage\":\"pt-BR\",\"potentialAction\":[{\"@type\":\"ReadAction\",\"target\":[\"https:\/\/www.suno.com.br\/noticias\/ibiuna-dolar-riscos-hedges\/\"]}]},{\"@type\":\"ImageObject\",\"inLanguage\":\"pt-BR\",\"@id\":\"https:\/\/www.suno.com.br\/noticias\/ibiuna-dolar-riscos-hedges\/#primaryimage\",\"url\":\"https:\/\/files.sunoresearch.com.br\/n\/uploads\/2020\/09\/ad9364a1-economia-dolar-20150122-002-copy-jpg.webp\",\"contentUrl\":\"https:\/\/files.sunoresearch.com.br\/n\/uploads\/2020\/09\/ad9364a1-economia-dolar-20150122-002-copy-jpg.webp\",\"width\":1500,\"height\":1000,\"caption\":\"O d\u00f3lar hoje fechou em alta de 0,771%, a R$ 5,3456\"},{\"@type\":\"BreadcrumbList\",\"@id\":\"https:\/\/www.suno.com.br\/noticias\/ibiuna-dolar-riscos-hedges\/#breadcrumb\",\"itemListElement\":[{\"@type\":\"ListItem\",\"position\":1,\"name\":\"Not\u00edcias\",\"item\":\"https:\/\/www.suno.com.br\/noticias\/\"},{\"@type\":\"ListItem\",\"position\":2,\"name\":\"Entrevistas\",\"item\":\"https:\/\/www.suno.com.br\/noticias\/entrevistas\/\"},{\"@type\":\"ListItem\",\"position\":3,\"name\":\"Ibiuna aposta contra o d\u00f3lar, v\u00ea riscos menores, mas n\u00e3o abandona hedges\"}]},{\"@type\":\"WebSite\",\"@id\":\"https:\/\/www.suno.com.br\/noticias\/#website\",\"url\":\"https:\/\/www.suno.com.br\/noticias\/\",\"name\":\"Suno Not\u00edcias\",\"description\":\"Seu portal de informa\u00e7\u00e3o sobre o mundo dos investimentos\",\"publisher\":{\"@id\":\"https:\/\/www.suno.com.br\/noticias\/#organization\"},\"potentialAction\":[{\"@type\":\"SearchAction\",\"target\":{\"@type\":\"EntryPoint\",\"urlTemplate\":\"https:\/\/www.suno.com.br\/noticias\/?s={search_term_string}\"},\"query-input\":{\"@type\":\"PropertyValueSpecification\",\"valueRequired\":true,\"valueName\":\"search_term_string\"}}],\"inLanguage\":\"pt-BR\"},{\"@type\":\"Organization\",\"@id\":\"https:\/\/www.suno.com.br\/noticias\/#organization\",\"name\":\"Suno Not\u00edcias\",\"url\":\"https:\/\/www.suno.com.br\/noticias\/\",\"logo\":{\"@type\":\"ImageObject\",\"inLanguage\":\"pt-BR\",\"@id\":\"https:\/\/www.suno.com.br\/noticias\/#\/schema\/logo\/image\/\",\"url\":\"https:\/\/files.sunoresearch.com.br\/n\/uploads\/2021\/09\/suno-logo.png\",\"contentUrl\":\"https:\/\/files.sunoresearch.com.br\/n\/uploads\/2021\/09\/suno-logo.png\",\"width\":180,\"height\":180,\"caption\":\"Suno Not\u00edcias\"},\"image\":{\"@id\":\"https:\/\/www.suno.com.br\/noticias\/#\/schema\/logo\/image\/\"},\"sameAs\":[\"https:\/\/facebook.com\/sunoresearch\",\"https:\/\/x.com\/sunoresearch\",\"https:\/\/www.instagram.com\/suno\",\"https:\/\/www.linkedin.com\/company\/suno-research\/\",\"https:\/\/www.youtube.com\/c\/sunoresearch\"]},{\"@type\":\"Person\",\"@id\":\"https:\/\/www.suno.com.br\/noticias\/#\/schema\/person\/a20761b96e4df7eb57f1f9e41be1dbf3\",\"name\":\"Vinicius Pereira\",\"image\":{\"@type\":\"ImageObject\",\"inLanguage\":\"pt-BR\",\"@id\":\"https:\/\/www.suno.com.br\/noticias\/#\/schema\/person\/image\/\",\"url\":\"https:\/\/secure.gravatar.com\/avatar\/783866b933198f5cc4c5d03fcc8b1301?s=96&r=g\",\"contentUrl\":\"https:\/\/secure.gravatar.com\/avatar\/783866b933198f5cc4c5d03fcc8b1301?s=96&r=g\",\"caption\":\"Vinicius Pereira\"},\"description\":\"Vinicius Pereira foi rep\u00f3rter de economia da Folha de S.Paulo, stringer do jornal no Canad\u00e1 e colaborador de VEJA. J\u00e1 escreveu tamb\u00e9m para BBC Brasil, The Intercept Brasil e UOL. Tem MBA em Informa\u00e7\u00f5es Econ\u00f4mico-Financeiras e Mercado de Capitais pela FIA\/B3.\",\"sameAs\":[\"https:\/\/x.com\/https:\/\/twitter.com\/viniciuspjornal\"],\"url\":\"https:\/\/www.suno.com.br\/noticias\/author\/vinicius-pereira\/\"}]}<\/script>\n<!-- \/ Yoast SEO plugin. -->","yoast_head_json":{"title":"Ibiuna aposta contra o d\u00f3lar com riscos menores, mas n\u00e3o larga hedges","description":"Para a gestora Ibiuna, economia entra em uma terceira fase da crise, com menos riscos do que antes. Clique aqui para ler mais sobre.","robots":{"index":"index","follow":"follow","max-snippet":"max-snippet:-1","max-image-preview":"max-image-preview:large","max-video-preview":"max-video-preview:-1"},"canonical":"https:\/\/www.suno.com.br\/noticias\/ibiuna-dolar-riscos-hedges\/","og_locale":"pt_BR","og_type":"article","og_title":"Ibiuna aposta contra o d\u00f3lar com riscos menores, mas n\u00e3o larga hedges","og_description":"Para a gestora Ibiuna, economia entra em uma terceira fase da crise, com menos riscos do que antes. Clique aqui para ler mais sobre.","og_url":"https:\/\/www.suno.com.br\/noticias\/ibiuna-dolar-riscos-hedges\/","og_site_name":"Suno Not\u00edcias","article_publisher":"https:\/\/facebook.com\/sunoresearch","og_image":[{"width":1500,"height":1000,"url":"https:\/\/files.sunoresearch.com.br\/n\/uploads\/2020\/09\/ad9364a1-economia-dolar-20150122-002-copy.jpg","type":"image\/jpeg"}],"author":"Vinicius Pereira","twitter_card":"summary_large_image","twitter_creator":"@https:\/\/twitter.com\/viniciuspjornal","twitter_site":"@sunoresearch","twitter_misc":{"Escrito por":"Vinicius Pereira","Est. tempo de leitura":"9 minutos"},"schema":{"@context":"https:\/\/schema.org","@graph":[{"@type":"NewsArticle","@id":"https:\/\/www.suno.com.br\/noticias\/ibiuna-dolar-riscos-hedges\/#article","isPartOf":{"@id":"https:\/\/www.suno.com.br\/noticias\/ibiuna-dolar-riscos-hedges\/"},"author":{"name":"Vinicius Pereira","@id":"https:\/\/www.suno.com.br\/noticias\/#\/schema\/person\/a20761b96e4df7eb57f1f9e41be1dbf3"},"headline":"Ibiuna aposta contra o d\u00f3lar, v\u00ea riscos menores, mas n\u00e3o abandona hedges","datePublished":"2020-09-20T15:00:36+00:00","dateModified":"2020-09-21T13:29:30+00:00","mainEntityOfPage":{"@id":"https:\/\/www.suno.com.br\/noticias\/ibiuna-dolar-riscos-hedges\/"},"wordCount":1784,"publisher":{"@id":"https:\/\/www.suno.com.br\/noticias\/#organization"},"image":{"@id":"https:\/\/www.suno.com.br\/noticias\/ibiuna-dolar-riscos-hedges\/#primaryimage"},"thumbnailUrl":"https:\/\/files.sunoresearch.com.br\/n\/uploads\/2020\/09\/ad9364a1-economia-dolar-20150122-002-copy-jpg.webp","keywords":["Asset","Fundos de investimento","Fundos multimercado","Ibiuna"],"articleSection":["Entrevistas"],"inLanguage":"pt-BR"},{"@type":"WebPage","@id":"https:\/\/www.suno.com.br\/noticias\/ibiuna-dolar-riscos-hedges\/","url":"https:\/\/www.suno.com.br\/noticias\/ibiuna-dolar-riscos-hedges\/","name":"Ibiuna aposta contra o d\u00f3lar com riscos menores, mas n\u00e3o larga hedges","isPartOf":{"@id":"https:\/\/www.suno.com.br\/noticias\/#website"},"primaryImageOfPage":{"@id":"https:\/\/www.suno.com.br\/noticias\/ibiuna-dolar-riscos-hedges\/#primaryimage"},"image":{"@id":"https:\/\/www.suno.com.br\/noticias\/ibiuna-dolar-riscos-hedges\/#primaryimage"},"thumbnailUrl":"https:\/\/files.sunoresearch.com.br\/n\/uploads\/2020\/09\/ad9364a1-economia-dolar-20150122-002-copy-jpg.webp","datePublished":"2020-09-20T15:00:36+00:00","dateModified":"2020-09-21T13:29:30+00:00","description":"Para a gestora Ibiuna, economia entra em uma terceira fase da crise, com menos riscos do que antes. Clique aqui para ler mais sobre.","breadcrumb":{"@id":"https:\/\/www.suno.com.br\/noticias\/ibiuna-dolar-riscos-hedges\/#breadcrumb"},"inLanguage":"pt-BR","potentialAction":[{"@type":"ReadAction","target":["https:\/\/www.suno.com.br\/noticias\/ibiuna-dolar-riscos-hedges\/"]}]},{"@type":"ImageObject","inLanguage":"pt-BR","@id":"https:\/\/www.suno.com.br\/noticias\/ibiuna-dolar-riscos-hedges\/#primaryimage","url":"https:\/\/files.sunoresearch.com.br\/n\/uploads\/2020\/09\/ad9364a1-economia-dolar-20150122-002-copy-jpg.webp","contentUrl":"https:\/\/files.sunoresearch.com.br\/n\/uploads\/2020\/09\/ad9364a1-economia-dolar-20150122-002-copy-jpg.webp","width":1500,"height":1000,"caption":"O d\u00f3lar hoje fechou em alta de 0,771%, a R$ 5,3456"},{"@type":"BreadcrumbList","@id":"https:\/\/www.suno.com.br\/noticias\/ibiuna-dolar-riscos-hedges\/#breadcrumb","itemListElement":[{"@type":"ListItem","position":1,"name":"Not\u00edcias","item":"https:\/\/www.suno.com.br\/noticias\/"},{"@type":"ListItem","position":2,"name":"Entrevistas","item":"https:\/\/www.suno.com.br\/noticias\/entrevistas\/"},{"@type":"ListItem","position":3,"name":"Ibiuna aposta contra o d\u00f3lar, v\u00ea riscos menores, mas n\u00e3o abandona hedges"}]},{"@type":"WebSite","@id":"https:\/\/www.suno.com.br\/noticias\/#website","url":"https:\/\/www.suno.com.br\/noticias\/","name":"Suno Not\u00edcias","description":"Seu portal de informa\u00e7\u00e3o sobre o mundo dos investimentos","publisher":{"@id":"https:\/\/www.suno.com.br\/noticias\/#organization"},"potentialAction":[{"@type":"SearchAction","target":{"@type":"EntryPoint","urlTemplate":"https:\/\/www.suno.com.br\/noticias\/?s={search_term_string}"},"query-input":{"@type":"PropertyValueSpecification","valueRequired":true,"valueName":"search_term_string"}}],"inLanguage":"pt-BR"},{"@type":"Organization","@id":"https:\/\/www.suno.com.br\/noticias\/#organization","name":"Suno Not\u00edcias","url":"https:\/\/www.suno.com.br\/noticias\/","logo":{"@type":"ImageObject","inLanguage":"pt-BR","@id":"https:\/\/www.suno.com.br\/noticias\/#\/schema\/logo\/image\/","url":"https:\/\/files.sunoresearch.com.br\/n\/uploads\/2021\/09\/suno-logo.png","contentUrl":"https:\/\/files.sunoresearch.com.br\/n\/uploads\/2021\/09\/suno-logo.png","width":180,"height":180,"caption":"Suno Not\u00edcias"},"image":{"@id":"https:\/\/www.suno.com.br\/noticias\/#\/schema\/logo\/image\/"},"sameAs":["https:\/\/facebook.com\/sunoresearch","https:\/\/x.com\/sunoresearch","https:\/\/www.instagram.com\/suno","https:\/\/www.linkedin.com\/company\/suno-research\/","https:\/\/www.youtube.com\/c\/sunoresearch"]},{"@type":"Person","@id":"https:\/\/www.suno.com.br\/noticias\/#\/schema\/person\/a20761b96e4df7eb57f1f9e41be1dbf3","name":"Vinicius Pereira","image":{"@type":"ImageObject","inLanguage":"pt-BR","@id":"https:\/\/www.suno.com.br\/noticias\/#\/schema\/person\/image\/","url":"https:\/\/secure.gravatar.com\/avatar\/783866b933198f5cc4c5d03fcc8b1301?s=96&r=g","contentUrl":"https:\/\/secure.gravatar.com\/avatar\/783866b933198f5cc4c5d03fcc8b1301?s=96&r=g","caption":"Vinicius Pereira"},"description":"Vinicius Pereira foi rep\u00f3rter de economia da Folha de S.Paulo, stringer do jornal no Canad\u00e1 e colaborador de VEJA. J\u00e1 escreveu tamb\u00e9m para BBC Brasil, The Intercept Brasil e UOL. Tem MBA em Informa\u00e7\u00f5es Econ\u00f4mico-Financeiras e Mercado de Capitais pela FIA\/B3.","sameAs":["https:\/\/x.com\/https:\/\/twitter.com\/viniciuspjornal"],"url":"https:\/\/www.suno.com.br\/noticias\/author\/vinicius-pereira\/"}]}},"default_loop_html":"<div class=\"cardsPage__listCard__boxs\"><div class=\"cardsPage__listCard__boxs__img\"><a href=\"https:\/\/www.suno.com.br\/noticias\/ibiuna-dolar-riscos-hedges\/\"><img class=\"mask\" src=\"https:\/\/www.suno.com.br\/noticias\/wp-content\/themes\/suno\/resources\/images\/spotlight\/spotlight1img\/bg-mask.png\" alt=\"Image Mask\"\/><img src=\"https:\/\/files.sunoresearch.com.br\/n\/uploads\/2020\/09\/ad9364a1-economia-dolar-20150122-002-copy-400x200.webp\" alt=\"Ibiuna aposta contra o d\u00f3lar, v\u00ea riscos menores, mas n\u00e3o abandona hedges\"\/><\/a><span class=\"spotlightCategory\"><a href=\"https:\/\/www.suno.com.br\/noticias\/entrevistas\/\">Entrevistas<\/a><\/span><\/div><div class=\"cardsPage__listCard__boxs__content\"><a href=\"https:\/\/www.suno.com.br\/noticias\/ibiuna-dolar-riscos-hedges\/\"><h2 class=\"content__title\">Ibiuna aposta contra o d\u00f3lar, v\u00ea riscos menores, mas n\u00e3o abandona hedges<\/h2><\/a><div class=\"newsContent__article__meta\"><div class=\"newsContent__article__meta__authorBox\"><a href=\"https:\/\/www.suno.com.br\/noticias\/author\/vinicius-pereira\/\" class=\"authorBox__avatar noMobi\"><img src=\"https:\/\/files.sunoresearch.com.br\/n\/uploads\/2020\/08\/77510613-whatsapp-image-2020-08-03-at-13.40.40-150x150.webp\" alt=\"Vinicius Pereira\"><\/a><div class=\"authorBox__name\"><span>por\n\t\t\t<a href=\"https:\/\/www.suno.com.br\/noticias\/author\/vinicius-pereira\/\"><span itemprop=\"author\">Vinicius Pereira<\/span><\/a><\/span><time datetime=\"2020-09-20T12:00:36-03:00\" itemprop=\"datePublished\">20\/09\/2020 12:00<\/time><\/div><\/div><\/div><\/div><\/div>","single_layout":"posts","amp_enabled":true,"_links":{"self":[{"href":"https:\/\/www.suno.com.br\/noticias\/wp-json\/wp\/v2\/posts\/85857"}],"collection":[{"href":"https:\/\/www.suno.com.br\/noticias\/wp-json\/wp\/v2\/posts"}],"about":[{"href":"https:\/\/www.suno.com.br\/noticias\/wp-json\/wp\/v2\/types\/post"}],"author":[{"embeddable":true,"href":"https:\/\/www.suno.com.br\/noticias\/wp-json\/wp\/v2\/users\/27"}],"replies":[{"embeddable":true,"href":"https:\/\/www.suno.com.br\/noticias\/wp-json\/wp\/v2\/comments?post=85857"}],"version-history":[{"count":0,"href":"https:\/\/www.suno.com.br\/noticias\/wp-json\/wp\/v2\/posts\/85857\/revisions"}],"wp:featuredmedia":[{"embeddable":true,"href":"https:\/\/www.suno.com.br\/noticias\/wp-json\/wp\/v2\/media\/84995"}],"wp:attachment":[{"href":"https:\/\/www.suno.com.br\/noticias\/wp-json\/wp\/v2\/media?parent=85857"}],"wp:term":[{"taxonomy":"category","embeddable":true,"href":"https:\/\/www.suno.com.br\/noticias\/wp-json\/wp\/v2\/categories?post=85857"},{"taxonomy":"post_tag","embeddable":true,"href":"https:\/\/www.suno.com.br\/noticias\/wp-json\/wp\/v2\/tags?post=85857"},{"taxonomy":"suno_strategy","embeddable":true,"href":"https:\/\/www.suno.com.br\/noticias\/wp-json\/wp\/v2\/suno_strategy?post=85857"}],"curies":[{"name":"wp","href":"https:\/\/api.w.org\/{rel}","templated":true}]}}