{"id":85828,"date":"2020-09-18T17:46:44","date_gmt":"2020-09-18T20:46:44","guid":{"rendered":"https:\/\/www.suno.com.br\/noticias\/?p=85828"},"modified":"2021-05-29T20:33:04","modified_gmt":"2021-05-29T23:33:04","slug":"dolar-encerra-em-alta-de-276-a-r53767-com-vacina-e-tiktok","status":"publish","type":"post","link":"https:\/\/www.suno.com.br\/noticias\/dolar-encerra-em-alta-de-276-a-r53767-com-vacina-e-tiktok\/","title":{"rendered":"D\u00f3lar encerra em alta de 2,76%, a R$5,3767, com vacinas e Tik Tok"},"content":{"rendered":"<p>O <strong>d\u00f3lar<\/strong> hoje fechou a sess\u00e3o em alta de 2,76%, negociado a R$5,3767, sendo influenciado principalmente pelos an\u00fancios sobre vacinas, que dominaram esta sexta-feira (18), e pela <a href=\"https:\/\/www.suno.com.br\/artigos\/a-guerra-comercial\/\">guerra comercial<\/a> que segue entre EUA e China.<\/p>\t<div class=\"wrapper-featured-image\">\n\t\t<figure class=\"spotlightImg\">\n\n\t\t\t<picture>\n\t\t\t\t<source media=\"(max-width: 768px)\" srcset=\"https:\/\/files.sunoresearch.com.br\/n\/uploads\/2020\/09\/1bec5c5f-ibov-bolsa-400x200.webp\">\n\t\t\t\t<img loading=\"lazy\" decoding=\"async\" class=\"newsContent__article__imgCapa lazyloadDisabled \" src=\"https:\/\/files.sunoresearch.com.br\/n\/uploads\/2020\/09\/1bec5c5f-ibov-bolsa-jpg.webp\" width=\"800\" height=\"450\" alt=\"D\u00f3lar encerra em alta de 2,76%, a R$5,3767, com vacinas e Tik Tok\" fetchpriority=high \/>\n\t\t\t<\/picture>\n\n\t\t\t<figcaption class=\"wp-caption-text wp-caption-text--show\">D\u00f3lar encerra em alta de 2,76%, negociado a R$5,3767, com vacinas e Tik Tok<\/figcaption>\n\t\t<\/figure>\n\t<\/div>\n\n\n<div class=\"hubspot-form-wrapper\">\n\t<div id=\"single-form-target\"><\/div>\n<\/div>\n\n<p>A informa\u00e7\u00e3o de que o Presidente Donald Trump deseja retirar o Tik Tok e o WeChat das lojas de aplicativos nos Estados Unidos interferiram no mercado do d\u00f3lar hoje. Entretanto, o desenvolvimento da vacina contra o coronav\u00edrus tamb\u00e9m influenciou nas negocia\u00e7\u00f5es no preg\u00e3o.<\/p>\n<p>Com isso, veja quais foram as not\u00edcias no Brasil e no mundo que mexeram com o d\u00f3lar nesta quinta:<\/p>\n<ul>\n<li>Trump deseja banir TikTok e WeChat de lojas de apps dos EUA neste domingo<\/li>\n<li>BioNTech compra laborat\u00f3rio da Novartis para elevar produ\u00e7\u00e3o de vacina<\/li>\n<li>Vacina da Moderna: farmac\u00eautica prev\u00ea 20 mi de doses em 2020<\/li>\n<li>Pfizer recebe autoriza\u00e7\u00e3o para ampliar estudos da vacina no Brasil<\/li>\n<\/ul>\n<p><a href=\"https:\/\/lp.suno.com.br\/suno-one\/\">Suno One: acesse gratuitamente eBooks, Minicursos, Artigos e Video Aulas sobre investimentos com um \u00fanico cadastro. Clique para saber mais!<\/a><\/p>\n<h2>Trump deseja banir TikTok e WeChat de lojas de apps dos EUA neste domingo<\/h2>\n<p>O presidente dos Estados Unidos,<strong><a href=\"https:\/\/www.suno.com.br\/tudo-sobre\/donald-trump\/\"> Donald Trump<\/a><\/strong>, implementou ordens executivas que exigem que o <strong>TikTok<\/strong> e o <strong>WeChat<\/strong>, aplicativo de mensagens chin\u00eas, sejam retirados das lojas de apps dos <strong>Estados Unidos<\/strong> a partir do pr\u00f3ximo domingo (20). As informa\u00e7\u00f5es foram divulgadas pelo jornal &#8220;Financial Times&#8221; que ouviu fontes a par do assunto.<\/p>\n<p><a href=\"https:\/\/www.suno.com.br\/noticias\/trump-deseja-banir-tiktok-e-wechat-de-lojas-de-apps-dos-eua-neste-domingo\/\">Saiba Mais: Trump deseja banir TikTok e WeChat de lojas de apps dos EUA neste domingo<\/a><\/p>\n<p>De acordo com as fontes, o WeChat, j\u00e1 instalado, se tornar\u00e1 inutiliz\u00e1vel, porque as atualiza\u00e7\u00f5es de softwares deixariam de ser oferecidas pela Apple e Google. Por sua vez, a experi\u00eancia de usu\u00e1rio do TikTok\u00a0 ser\u00e1 desagrad\u00e1vel ao longo dos pr\u00f3ximos meses.<\/p>\n<h2>BioNTech compra laborat\u00f3rio da Novartis para elevar produ\u00e7\u00e3o de vacina<\/h2>\n<p>A alem\u00e3 <strong>BioNTech<\/strong>, que produz uma potencial vacina contra o<a href=\"https:\/\/www.suno.com.br\/noticias\/tags\/coronavirus\/\"><strong> novo coronav\u00edrus<\/strong> (covid-19)<\/a> com a companhia americana <strong>Pfizer<\/strong>, disse em comunicado na \u00faltima quinta-feira (17) que assinou a compra de um laborat\u00f3rio da Novartis, empresa do ramo farmac\u00eautico. A aquisi\u00e7\u00e3o, segundo a BioNTech, servir\u00e1 para a companhia de biotecnologia ampliar a produ\u00e7\u00e3o de <strong>vacina<\/strong> para um total de 750 milh\u00f5es de doses ao ano.<\/p>\n<p><a href=\"https:\/\/www.suno.com.br\/noticias\/biontech-compra-laboratorio-da-novartis-para-elevar-producao-de-vacina\/\">Saiba Mais: BioNTech compra laborat\u00f3rio da Novartis para elevar produ\u00e7\u00e3o de vacina<\/a><\/p>\n<p>A empresa alem\u00e3 n\u00e3o divulgou os valores da compra, mas disse que a transa\u00e7\u00e3o para assumir a instala\u00e7\u00e3o na cidade de Marburgo, Alemanha, deve ser conclu\u00edda no quarto trimestre de 2020. &#8220;Esta aquisi\u00e7\u00e3o reflete o compromisso da BioNTech em expandir significativamente sua capacidade de fabrica\u00e7\u00e3o a fim de fornecer uma potencial vacina em todo o mundo mediante autoriza\u00e7\u00e3o ou aprova\u00e7\u00e3o&#8221;, disse o diretor financeiro e diretor de opera\u00e7\u00f5es da empresa, Sierk Poetting.<\/p>\n<h2>Vacina da Moderna: farmac\u00eautica prev\u00ea 20 mi de doses em 2020<\/h2>\n<p>A <strong>vacina da Moderna<\/strong> contra o <a href=\"https:\/\/www.suno.com.br\/noticias\/tags\/coronavirus\/\">novo coronav\u00edrus (Covid-19)<\/a>\u00a0tem previs\u00e3o de ser produzida at\u00e9 o final do ano em aproximadamente 20 milh\u00f5es de doses. A informa\u00e7\u00e3o foi divulgada pela farmac\u00eautica nesta sexta-feira (18).<\/p>\n<p>Enquanto para o ano que vem, as previs\u00f5es s\u00e3o de que sejam produzidas entre 500 milh\u00f5es a 1 bilh\u00e3o de doses da vacina da Moderna, a mRNA-1273.<\/p>\n<p><a href=\"https:\/\/www.suno.com.br\/noticias\/vacina-da-moderna-farmaceutica-preve-20-mi-de-doses-em-2020\/\">Saiba Mais: Vacina da Moderna: farmac\u00eautica prev\u00ea 20 mi de doses em 2020<\/a><\/p>\n<p>O estudo de Fase 3 da farmac\u00eautica j\u00e1 teve mais de 25 mil inscritos at\u00e9 o momento e deve ser iniciado entre os\u00a0 primeiros meses de 2021, com 30 mil volunt\u00e1rios.<\/p>\n<h2>Pfizer recebe autoriza\u00e7\u00e3o para ampliar estudos da vacina no Brasil<\/h2>\n<p>A Ag\u00eancia Nacional de Vigil\u00e2ncia Sanit\u00e1ria (Anvisa) anunciou nesta sexta-feira (18) que concedeu autoriza\u00e7\u00e3o \u00e0 farmac\u00eautica americana <strong>Pfizer<\/strong> e \u00e0 sua parceira alem\u00e3 BioNTech para dobrar o n\u00famero de volunt\u00e1rios de sua vacina contra o coronav\u00edrus no Brasil.<\/p>\n<p>Com isso, o n\u00famero de participantes dos testes do potencial imunizante da Pfizer sair\u00e1 de 1 mil para 2 mil no Pa\u00eds. At\u00e9 o momento, os estudos da <strong>vacina<\/strong> da empresa acontecem nas capitais dos estados da Bahia e de S\u00e3o Paulo. As regi\u00f5es de avalia\u00e7\u00e3o continuam as mesmas, apesar do aumento do total de volunt\u00e1rios.<\/p>\n<p><a href=\"https:\/\/www.suno.com.br\/noticias\/pfizer-autorizacao-ampliar-estudos-vacina-brasil\/\">Saiba Mais: Pfizer recebe autoriza\u00e7\u00e3o para ampliar estudos da vacina no Brasil<\/a><\/p>\n<p>Al\u00e9m da amplia\u00e7\u00e3o da base de participantes, a autoridade reguladora tamb\u00e9m autorizou o corte na faixa et\u00e1ria para viabiliza\u00e7\u00e3o, antes fixado no patamar m\u00ednimo de 18 anos. Com a mudan\u00e7a, pessoas mais jovens, a partir de 16 anos, poder\u00e3o participar dos estudos. As \u201csolicita\u00e7\u00f5es para a amplia\u00e7\u00e3o do n\u00famero de volunt\u00e1rios, entre outras altera\u00e7\u00f5es, s\u00e3o comuns em testes cl\u00ednicos\u201d, comunicou a Anvisa.<\/p>\n<h2>\u00daltima cota\u00e7\u00e3o do d\u00f3lar<\/h2>\n<p>Na \u00faltima sess\u00e3o, quinta-feira (17), o\u00a0<strong>d\u00f3lar<\/strong>\u00a0encerrou em queda de 0,166%, sendo negociado a R$ 5,2319.<\/p>\n\t<p>\n\t\t<a href=\"https:\/\/lp.suno.com.br\/planilha-de-controle-de-investimentos\/\" target=\"_blank\" data-element=\"shortcode-suno-banner\" title=\"Banner SUNO, clique e saiba mais\">\n\t\t\t<picture>\n\t\t\t\t<source media=\"(max-width: 500px)\" srcset=\"https:\/\/files.sunoresearch.com.br\/n\/uploads\/2023\/03\/400x300-Controle-de-Investimentos.png\">\n\t\t\t\t<img class=\"newsContent__article__imgCapa newsContent__article__imgCapa--banner\"\n\t\t\t\t\tsrc=\"https:\/\/files.sunoresearch.com.br\/n\/uploads\/2023\/03\/1420x240-Controle-de-Investimentos.png\"\n\t\t\t\t\tdata-promo-id=\"75934\"\t\t\t\t\t\t\t\t\t\twidth='1420' height='240'\t\t\t\t\talt=\"https:\/\/files.sunoresearch.com.br\/n\/uploads\/2023\/03\/1420x240-Controle-de-Investimentos.png\"\n\t\t\t\t>\n\t\t\t<\/picture>\n\t\t<\/a>\n\t<\/p>\n\n\n","protected":false},"excerpt":{"rendered":"<p>O d\u00f3lar hoje fechou a sess\u00e3o em alta de 2,76%, negociado a R$5,3767, sendo influenciado principalmente pelos an\u00fancios sobre vacinas, que dominaram esta sexta-feira (18), e pela guerra comercial que segue entre EUA e China. D\u00f3lar encerra em alta de 2,76%, negociado a R$5,3767, com vacinas e Tik Tok A informa\u00e7\u00e3o de que o Presidente [&hellip;]<\/p>\n","protected":false},"author":56,"featured_media":85832,"comment_status":"closed","ping_status":"closed","sticky":false,"template":"","format":"standard","meta":[],"categories":[60],"tags":[80505,326,36602,884,2070,104541],"suno_strategy":[],"class_list":["post-85828","post","type-post","status-publish","format-standard","has-post-thumbnail","hentry","category-mercado","tag-biontech","tag-dolar","tag-moderna","tag-pfizer-pfiz34","tag-tiktok","tag-vacina-da-moderna"],"yoast_head":"<!-- This site is optimized with the Yoast SEO plugin v24.4 - https:\/\/yoast.com\/wordpress\/plugins\/seo\/ -->\n<title>D\u00f3lar encerra em alta de 2,76%, a R$5,3767, com vacinas e Tik Tok<\/title>\n<meta name=\"description\" content=\"O d\u00f3lar fechou a sess\u00e3o em alta de 2,76%, negociado a R$5,3767, com an\u00fancios sobre vacinas e guerra comercial. Clique aqui para saber mais.\" \/>\n<meta name=\"robots\" content=\"index, follow, max-snippet:-1, max-image-preview:large, max-video-preview:-1\" \/>\n<link rel=\"canonical\" href=\"https:\/\/www.suno.com.br\/noticias\/dolar-encerra-em-alta-de-276-a-r53767-com-vacina-e-tiktok\/\" \/>\n<meta property=\"og:locale\" content=\"pt_BR\" \/>\n<meta property=\"og:type\" content=\"article\" \/>\n<meta property=\"og:title\" content=\"D\u00f3lar encerra em alta de 2,76%, a R$5,3767, com vacinas e Tik Tok\" \/>\n<meta property=\"og:description\" content=\"O d\u00f3lar fechou a sess\u00e3o em alta de 2,76%, negociado a R$5,3767, com an\u00fancios sobre vacinas e guerra comercial. Clique aqui para saber mais.\" \/>\n<meta property=\"og:url\" content=\"https:\/\/www.suno.com.br\/noticias\/dolar-encerra-em-alta-de-276-a-r53767-com-vacina-e-tiktok\/\" \/>\n<meta property=\"og:site_name\" content=\"Suno Not\u00edcias\" \/>\n<meta property=\"article:publisher\" content=\"https:\/\/facebook.com\/sunoresearch\" \/>\n<meta property=\"og:image\" content=\"https:\/\/files.sunoresearch.com.br\/n\/uploads\/2020\/09\/1bec5c5f-ibov-bolsa.jpg\" \/>\n\t<meta property=\"og:image:width\" content=\"1100\" \/>\n\t<meta property=\"og:image:height\" content=\"370\" \/>\n\t<meta property=\"og:image:type\" content=\"image\/jpeg\" \/>\n<meta name=\"author\" content=\"Rafaela La Regina\" \/>\n<meta name=\"twitter:card\" content=\"summary_large_image\" \/>\n<meta name=\"twitter:creator\" content=\"@sunoresearch\" \/>\n<meta name=\"twitter:site\" content=\"@sunoresearch\" \/>\n<meta name=\"twitter:label1\" content=\"Escrito por\" \/>\n\t<meta name=\"twitter:data1\" content=\"Rafaela La Regina\" \/>\n\t<meta name=\"twitter:label2\" content=\"Est. tempo de leitura\" \/>\n\t<meta name=\"twitter:data2\" content=\"4 minutos\" \/>\n<script type=\"application\/ld+json\" class=\"yoast-schema-graph\">{\"@context\":\"https:\/\/schema.org\",\"@graph\":[{\"@type\":\"NewsArticle\",\"@id\":\"https:\/\/www.suno.com.br\/noticias\/dolar-encerra-em-alta-de-276-a-r53767-com-vacina-e-tiktok\/#article\",\"isPartOf\":{\"@id\":\"https:\/\/www.suno.com.br\/noticias\/dolar-encerra-em-alta-de-276-a-r53767-com-vacina-e-tiktok\/\"},\"author\":{\"name\":\"Rafaela La Regina\",\"@id\":\"https:\/\/www.suno.com.br\/noticias\/#\/schema\/person\/e672ca8cea627fe715fa29bca7da95e0\"},\"headline\":\"D\u00f3lar encerra em alta de 2,76%, a R$5,3767, com vacinas e Tik Tok\",\"datePublished\":\"2020-09-18T20:46:44+00:00\",\"dateModified\":\"2021-05-29T23:33:04+00:00\",\"mainEntityOfPage\":{\"@id\":\"https:\/\/www.suno.com.br\/noticias\/dolar-encerra-em-alta-de-276-a-r53767-com-vacina-e-tiktok\/\"},\"wordCount\":848,\"publisher\":{\"@id\":\"https:\/\/www.suno.com.br\/noticias\/#organization\"},\"image\":{\"@id\":\"https:\/\/www.suno.com.br\/noticias\/dolar-encerra-em-alta-de-276-a-r53767-com-vacina-e-tiktok\/#primaryimage\"},\"thumbnailUrl\":\"https:\/\/files.sunoresearch.com.br\/n\/uploads\/2020\/09\/1bec5c5f-ibov-bolsa-jpg.webp\",\"keywords\":[\"BioNTech\",\"d\u00f3lar\",\"Moderna\",\"Pfizer (PFIZ34)\",\"TikTok\",\"vacina da Moderna\"],\"articleSection\":[\"Mercado\"],\"inLanguage\":\"pt-BR\"},{\"@type\":\"WebPage\",\"@id\":\"https:\/\/www.suno.com.br\/noticias\/dolar-encerra-em-alta-de-276-a-r53767-com-vacina-e-tiktok\/\",\"url\":\"https:\/\/www.suno.com.br\/noticias\/dolar-encerra-em-alta-de-276-a-r53767-com-vacina-e-tiktok\/\",\"name\":\"D\u00f3lar encerra em alta de 2,76%, a R$5,3767, com vacinas e Tik Tok\",\"isPartOf\":{\"@id\":\"https:\/\/www.suno.com.br\/noticias\/#website\"},\"primaryImageOfPage\":{\"@id\":\"https:\/\/www.suno.com.br\/noticias\/dolar-encerra-em-alta-de-276-a-r53767-com-vacina-e-tiktok\/#primaryimage\"},\"image\":{\"@id\":\"https:\/\/www.suno.com.br\/noticias\/dolar-encerra-em-alta-de-276-a-r53767-com-vacina-e-tiktok\/#primaryimage\"},\"thumbnailUrl\":\"https:\/\/files.sunoresearch.com.br\/n\/uploads\/2020\/09\/1bec5c5f-ibov-bolsa-jpg.webp\",\"datePublished\":\"2020-09-18T20:46:44+00:00\",\"dateModified\":\"2021-05-29T23:33:04+00:00\",\"description\":\"O d\u00f3lar fechou a sess\u00e3o em alta de 2,76%, negociado a R$5,3767, com an\u00fancios sobre vacinas e guerra comercial. Clique aqui para saber mais.\",\"breadcrumb\":{\"@id\":\"https:\/\/www.suno.com.br\/noticias\/dolar-encerra-em-alta-de-276-a-r53767-com-vacina-e-tiktok\/#breadcrumb\"},\"inLanguage\":\"pt-BR\",\"potentialAction\":[{\"@type\":\"ReadAction\",\"target\":[\"https:\/\/www.suno.com.br\/noticias\/dolar-encerra-em-alta-de-276-a-r53767-com-vacina-e-tiktok\/\"]}]},{\"@type\":\"ImageObject\",\"inLanguage\":\"pt-BR\",\"@id\":\"https:\/\/www.suno.com.br\/noticias\/dolar-encerra-em-alta-de-276-a-r53767-com-vacina-e-tiktok\/#primaryimage\",\"url\":\"https:\/\/files.sunoresearch.com.br\/n\/uploads\/2020\/09\/1bec5c5f-ibov-bolsa-jpg.webp\",\"contentUrl\":\"https:\/\/files.sunoresearch.com.br\/n\/uploads\/2020\/09\/1bec5c5f-ibov-bolsa-jpg.webp\",\"width\":1100,\"height\":370,\"caption\":\"D\u00f3lar encerra em alta de 2,76%, negociado a R$5,3767, com vacinas e Tik Tok\"},{\"@type\":\"BreadcrumbList\",\"@id\":\"https:\/\/www.suno.com.br\/noticias\/dolar-encerra-em-alta-de-276-a-r53767-com-vacina-e-tiktok\/#breadcrumb\",\"itemListElement\":[{\"@type\":\"ListItem\",\"position\":1,\"name\":\"Not\u00edcias\",\"item\":\"https:\/\/www.suno.com.br\/noticias\/\"},{\"@type\":\"ListItem\",\"position\":2,\"name\":\"Mercado\",\"item\":\"https:\/\/www.suno.com.br\/noticias\/mercado\/\"},{\"@type\":\"ListItem\",\"position\":3,\"name\":\"D\u00f3lar encerra em alta de 2,76%, a R$5,3767, com vacinas e Tik Tok\"}]},{\"@type\":\"WebSite\",\"@id\":\"https:\/\/www.suno.com.br\/noticias\/#website\",\"url\":\"https:\/\/www.suno.com.br\/noticias\/\",\"name\":\"Suno Not\u00edcias\",\"description\":\"Seu portal de informa\u00e7\u00e3o sobre o mundo dos investimentos\",\"publisher\":{\"@id\":\"https:\/\/www.suno.com.br\/noticias\/#organization\"},\"potentialAction\":[{\"@type\":\"SearchAction\",\"target\":{\"@type\":\"EntryPoint\",\"urlTemplate\":\"https:\/\/www.suno.com.br\/noticias\/?s={search_term_string}\"},\"query-input\":{\"@type\":\"PropertyValueSpecification\",\"valueRequired\":true,\"valueName\":\"search_term_string\"}}],\"inLanguage\":\"pt-BR\"},{\"@type\":\"Organization\",\"@id\":\"https:\/\/www.suno.com.br\/noticias\/#organization\",\"name\":\"Suno Not\u00edcias\",\"url\":\"https:\/\/www.suno.com.br\/noticias\/\",\"logo\":{\"@type\":\"ImageObject\",\"inLanguage\":\"pt-BR\",\"@id\":\"https:\/\/www.suno.com.br\/noticias\/#\/schema\/logo\/image\/\",\"url\":\"https:\/\/files.sunoresearch.com.br\/n\/uploads\/2021\/09\/suno-logo.png\",\"contentUrl\":\"https:\/\/files.sunoresearch.com.br\/n\/uploads\/2021\/09\/suno-logo.png\",\"width\":180,\"height\":180,\"caption\":\"Suno Not\u00edcias\"},\"image\":{\"@id\":\"https:\/\/www.suno.com.br\/noticias\/#\/schema\/logo\/image\/\"},\"sameAs\":[\"https:\/\/facebook.com\/sunoresearch\",\"https:\/\/x.com\/sunoresearch\",\"https:\/\/www.instagram.com\/suno\",\"https:\/\/www.linkedin.com\/company\/suno-research\/\",\"https:\/\/www.youtube.com\/c\/sunoresearch\"]},{\"@type\":\"Person\",\"@id\":\"https:\/\/www.suno.com.br\/noticias\/#\/schema\/person\/e672ca8cea627fe715fa29bca7da95e0\",\"name\":\"Rafaela La Regina\",\"image\":{\"@type\":\"ImageObject\",\"inLanguage\":\"pt-BR\",\"@id\":\"https:\/\/www.suno.com.br\/noticias\/#\/schema\/person\/image\/\",\"url\":\"https:\/\/secure.gravatar.com\/avatar\/d2c75a52d243deb93d0465fdcb21bd37?s=96&r=g\",\"contentUrl\":\"https:\/\/secure.gravatar.com\/avatar\/d2c75a52d243deb93d0465fdcb21bd37?s=96&r=g\",\"caption\":\"Rafaela La Regina\"},\"description\":\"Estagi\u00e1ria no Suno Not\u00edcias. Escreve sobre economia, pol\u00edtica e neg\u00f3cios. Estuda Rela\u00e7\u00f5es Internacionais no IBMEC-SP.\",\"url\":\"https:\/\/www.suno.com.br\/noticias\/author\/rafaela-la-regina\/\"}]}<\/script>\n<!-- \/ Yoast SEO plugin. -->","yoast_head_json":{"title":"D\u00f3lar encerra em alta de 2,76%, a R$5,3767, com vacinas e Tik Tok","description":"O d\u00f3lar fechou a sess\u00e3o em alta de 2,76%, negociado a R$5,3767, com an\u00fancios sobre vacinas e guerra comercial. Clique aqui para saber mais.","robots":{"index":"index","follow":"follow","max-snippet":"max-snippet:-1","max-image-preview":"max-image-preview:large","max-video-preview":"max-video-preview:-1"},"canonical":"https:\/\/www.suno.com.br\/noticias\/dolar-encerra-em-alta-de-276-a-r53767-com-vacina-e-tiktok\/","og_locale":"pt_BR","og_type":"article","og_title":"D\u00f3lar encerra em alta de 2,76%, a R$5,3767, com vacinas e Tik Tok","og_description":"O d\u00f3lar fechou a sess\u00e3o em alta de 2,76%, negociado a R$5,3767, com an\u00fancios sobre vacinas e guerra comercial. Clique aqui para saber mais.","og_url":"https:\/\/www.suno.com.br\/noticias\/dolar-encerra-em-alta-de-276-a-r53767-com-vacina-e-tiktok\/","og_site_name":"Suno Not\u00edcias","article_publisher":"https:\/\/facebook.com\/sunoresearch","og_image":[{"width":1100,"height":370,"url":"https:\/\/files.sunoresearch.com.br\/n\/uploads\/2020\/09\/1bec5c5f-ibov-bolsa.jpg","type":"image\/jpeg"}],"author":"Rafaela La Regina","twitter_card":"summary_large_image","twitter_creator":"@sunoresearch","twitter_site":"@sunoresearch","twitter_misc":{"Escrito por":"Rafaela La Regina","Est. tempo de leitura":"4 minutos"},"schema":{"@context":"https:\/\/schema.org","@graph":[{"@type":"NewsArticle","@id":"https:\/\/www.suno.com.br\/noticias\/dolar-encerra-em-alta-de-276-a-r53767-com-vacina-e-tiktok\/#article","isPartOf":{"@id":"https:\/\/www.suno.com.br\/noticias\/dolar-encerra-em-alta-de-276-a-r53767-com-vacina-e-tiktok\/"},"author":{"name":"Rafaela La Regina","@id":"https:\/\/www.suno.com.br\/noticias\/#\/schema\/person\/e672ca8cea627fe715fa29bca7da95e0"},"headline":"D\u00f3lar encerra em alta de 2,76%, a R$5,3767, com vacinas e Tik Tok","datePublished":"2020-09-18T20:46:44+00:00","dateModified":"2021-05-29T23:33:04+00:00","mainEntityOfPage":{"@id":"https:\/\/www.suno.com.br\/noticias\/dolar-encerra-em-alta-de-276-a-r53767-com-vacina-e-tiktok\/"},"wordCount":848,"publisher":{"@id":"https:\/\/www.suno.com.br\/noticias\/#organization"},"image":{"@id":"https:\/\/www.suno.com.br\/noticias\/dolar-encerra-em-alta-de-276-a-r53767-com-vacina-e-tiktok\/#primaryimage"},"thumbnailUrl":"https:\/\/files.sunoresearch.com.br\/n\/uploads\/2020\/09\/1bec5c5f-ibov-bolsa-jpg.webp","keywords":["BioNTech","d\u00f3lar","Moderna","Pfizer (PFIZ34)","TikTok","vacina da Moderna"],"articleSection":["Mercado"],"inLanguage":"pt-BR"},{"@type":"WebPage","@id":"https:\/\/www.suno.com.br\/noticias\/dolar-encerra-em-alta-de-276-a-r53767-com-vacina-e-tiktok\/","url":"https:\/\/www.suno.com.br\/noticias\/dolar-encerra-em-alta-de-276-a-r53767-com-vacina-e-tiktok\/","name":"D\u00f3lar encerra em alta de 2,76%, a R$5,3767, com vacinas e Tik Tok","isPartOf":{"@id":"https:\/\/www.suno.com.br\/noticias\/#website"},"primaryImageOfPage":{"@id":"https:\/\/www.suno.com.br\/noticias\/dolar-encerra-em-alta-de-276-a-r53767-com-vacina-e-tiktok\/#primaryimage"},"image":{"@id":"https:\/\/www.suno.com.br\/noticias\/dolar-encerra-em-alta-de-276-a-r53767-com-vacina-e-tiktok\/#primaryimage"},"thumbnailUrl":"https:\/\/files.sunoresearch.com.br\/n\/uploads\/2020\/09\/1bec5c5f-ibov-bolsa-jpg.webp","datePublished":"2020-09-18T20:46:44+00:00","dateModified":"2021-05-29T23:33:04+00:00","description":"O d\u00f3lar fechou a sess\u00e3o em alta de 2,76%, negociado a R$5,3767, com an\u00fancios sobre vacinas e guerra comercial. Clique aqui para saber mais.","breadcrumb":{"@id":"https:\/\/www.suno.com.br\/noticias\/dolar-encerra-em-alta-de-276-a-r53767-com-vacina-e-tiktok\/#breadcrumb"},"inLanguage":"pt-BR","potentialAction":[{"@type":"ReadAction","target":["https:\/\/www.suno.com.br\/noticias\/dolar-encerra-em-alta-de-276-a-r53767-com-vacina-e-tiktok\/"]}]},{"@type":"ImageObject","inLanguage":"pt-BR","@id":"https:\/\/www.suno.com.br\/noticias\/dolar-encerra-em-alta-de-276-a-r53767-com-vacina-e-tiktok\/#primaryimage","url":"https:\/\/files.sunoresearch.com.br\/n\/uploads\/2020\/09\/1bec5c5f-ibov-bolsa-jpg.webp","contentUrl":"https:\/\/files.sunoresearch.com.br\/n\/uploads\/2020\/09\/1bec5c5f-ibov-bolsa-jpg.webp","width":1100,"height":370,"caption":"D\u00f3lar encerra em alta de 2,76%, negociado a R$5,3767, com vacinas e Tik Tok"},{"@type":"BreadcrumbList","@id":"https:\/\/www.suno.com.br\/noticias\/dolar-encerra-em-alta-de-276-a-r53767-com-vacina-e-tiktok\/#breadcrumb","itemListElement":[{"@type":"ListItem","position":1,"name":"Not\u00edcias","item":"https:\/\/www.suno.com.br\/noticias\/"},{"@type":"ListItem","position":2,"name":"Mercado","item":"https:\/\/www.suno.com.br\/noticias\/mercado\/"},{"@type":"ListItem","position":3,"name":"D\u00f3lar encerra em alta de 2,76%, a R$5,3767, com vacinas e Tik Tok"}]},{"@type":"WebSite","@id":"https:\/\/www.suno.com.br\/noticias\/#website","url":"https:\/\/www.suno.com.br\/noticias\/","name":"Suno Not\u00edcias","description":"Seu portal de informa\u00e7\u00e3o sobre o mundo dos investimentos","publisher":{"@id":"https:\/\/www.suno.com.br\/noticias\/#organization"},"potentialAction":[{"@type":"SearchAction","target":{"@type":"EntryPoint","urlTemplate":"https:\/\/www.suno.com.br\/noticias\/?s={search_term_string}"},"query-input":{"@type":"PropertyValueSpecification","valueRequired":true,"valueName":"search_term_string"}}],"inLanguage":"pt-BR"},{"@type":"Organization","@id":"https:\/\/www.suno.com.br\/noticias\/#organization","name":"Suno Not\u00edcias","url":"https:\/\/www.suno.com.br\/noticias\/","logo":{"@type":"ImageObject","inLanguage":"pt-BR","@id":"https:\/\/www.suno.com.br\/noticias\/#\/schema\/logo\/image\/","url":"https:\/\/files.sunoresearch.com.br\/n\/uploads\/2021\/09\/suno-logo.png","contentUrl":"https:\/\/files.sunoresearch.com.br\/n\/uploads\/2021\/09\/suno-logo.png","width":180,"height":180,"caption":"Suno Not\u00edcias"},"image":{"@id":"https:\/\/www.suno.com.br\/noticias\/#\/schema\/logo\/image\/"},"sameAs":["https:\/\/facebook.com\/sunoresearch","https:\/\/x.com\/sunoresearch","https:\/\/www.instagram.com\/suno","https:\/\/www.linkedin.com\/company\/suno-research\/","https:\/\/www.youtube.com\/c\/sunoresearch"]},{"@type":"Person","@id":"https:\/\/www.suno.com.br\/noticias\/#\/schema\/person\/e672ca8cea627fe715fa29bca7da95e0","name":"Rafaela La Regina","image":{"@type":"ImageObject","inLanguage":"pt-BR","@id":"https:\/\/www.suno.com.br\/noticias\/#\/schema\/person\/image\/","url":"https:\/\/secure.gravatar.com\/avatar\/d2c75a52d243deb93d0465fdcb21bd37?s=96&r=g","contentUrl":"https:\/\/secure.gravatar.com\/avatar\/d2c75a52d243deb93d0465fdcb21bd37?s=96&r=g","caption":"Rafaela La Regina"},"description":"Estagi\u00e1ria no Suno Not\u00edcias. Escreve sobre economia, pol\u00edtica e neg\u00f3cios. Estuda Rela\u00e7\u00f5es Internacionais no IBMEC-SP.","url":"https:\/\/www.suno.com.br\/noticias\/author\/rafaela-la-regina\/"}]}},"default_loop_html":"<div class=\"cardsPage__listCard__boxs\"><div class=\"cardsPage__listCard__boxs__img\"><a href=\"https:\/\/www.suno.com.br\/noticias\/dolar-encerra-em-alta-de-276-a-r53767-com-vacina-e-tiktok\/\"><img class=\"mask\" src=\"https:\/\/www.suno.com.br\/noticias\/wp-content\/themes\/suno\/resources\/images\/spotlight\/spotlight1img\/bg-mask.png\" alt=\"Image Mask\"\/><img src=\"https:\/\/files.sunoresearch.com.br\/n\/uploads\/2020\/09\/1bec5c5f-ibov-bolsa-400x200.webp\" alt=\"D\u00f3lar encerra em alta de 2,76%, a R$5,3767, com vacinas e Tik Tok\"\/><\/a><span class=\"spotlightCategory\"><a href=\"https:\/\/www.suno.com.br\/noticias\/mercado\/\">Mercado<\/a><\/span><\/div><div class=\"cardsPage__listCard__boxs__content\"><a href=\"https:\/\/www.suno.com.br\/noticias\/dolar-encerra-em-alta-de-276-a-r53767-com-vacina-e-tiktok\/\"><h2 class=\"content__title\">D\u00f3lar encerra em alta de 2,76%, a R$5,3767, com vacinas e Tik Tok<\/h2><\/a><div class=\"newsContent__article__meta\"><div class=\"newsContent__article__meta__authorBox\"><a href=\"https:\/\/www.suno.com.br\/noticias\/author\/rafaela-la-regina\/\" class=\"authorBox__avatar noMobi\"><img src=\"https:\/\/secure.gravatar.com\/avatar\/d2c75a52d243deb93d0465fdcb21bd37?s=96&#038;r=g\" alt=\"Rafaela La Regina\"><\/a><div class=\"authorBox__name\"><span>por\n\t\t\t<a href=\"https:\/\/www.suno.com.br\/noticias\/author\/rafaela-la-regina\/\"><span itemprop=\"author\">Rafaela La Regina<\/span><\/a><\/span><time datetime=\"2020-09-18T17:46:44-03:00\" itemprop=\"datePublished\">18\/09\/2020 17:46<\/time><\/div><\/div><\/div><\/div><\/div>","single_layout":"posts","amp_enabled":true,"_links":{"self":[{"href":"https:\/\/www.suno.com.br\/noticias\/wp-json\/wp\/v2\/posts\/85828"}],"collection":[{"href":"https:\/\/www.suno.com.br\/noticias\/wp-json\/wp\/v2\/posts"}],"about":[{"href":"https:\/\/www.suno.com.br\/noticias\/wp-json\/wp\/v2\/types\/post"}],"author":[{"embeddable":true,"href":"https:\/\/www.suno.com.br\/noticias\/wp-json\/wp\/v2\/users\/56"}],"replies":[{"embeddable":true,"href":"https:\/\/www.suno.com.br\/noticias\/wp-json\/wp\/v2\/comments?post=85828"}],"version-history":[{"count":1,"href":"https:\/\/www.suno.com.br\/noticias\/wp-json\/wp\/v2\/posts\/85828\/revisions"}],"predecessor-version":[{"id":152153,"href":"https:\/\/www.suno.com.br\/noticias\/wp-json\/wp\/v2\/posts\/85828\/revisions\/152153"}],"wp:featuredmedia":[{"embeddable":true,"href":"https:\/\/www.suno.com.br\/noticias\/wp-json\/wp\/v2\/media\/85832"}],"wp:attachment":[{"href":"https:\/\/www.suno.com.br\/noticias\/wp-json\/wp\/v2\/media?parent=85828"}],"wp:term":[{"taxonomy":"category","embeddable":true,"href":"https:\/\/www.suno.com.br\/noticias\/wp-json\/wp\/v2\/categories?post=85828"},{"taxonomy":"post_tag","embeddable":true,"href":"https:\/\/www.suno.com.br\/noticias\/wp-json\/wp\/v2\/tags?post=85828"},{"taxonomy":"suno_strategy","embeddable":true,"href":"https:\/\/www.suno.com.br\/noticias\/wp-json\/wp\/v2\/suno_strategy?post=85828"}],"curies":[{"name":"wp","href":"https:\/\/api.w.org\/{rel}","templated":true}]}}