{"id":85744,"date":"2020-09-18T17:00:15","date_gmt":"2020-09-18T20:00:15","guid":{"rendered":"https:\/\/www.suno.com.br\/noticias\/?p=85744"},"modified":"2020-09-21T18:54:42","modified_gmt":"2020-09-21T21:54:42","slug":"correios-magalu-amazon-desafios","status":"publish","type":"post","link":"https:\/\/www.suno.com.br\/noticias\/correios-magalu-amazon-desafios\/","title":{"rendered":"Correios podem aumentar sinergia para Magalu e Amazon, mas h\u00e1 desafios"},"content":{"rendered":"<p>O <a href=\"https:\/\/www.suno.com.br\/noticias\/amazon-magazine-luiza-privatizao-correios\/\">poss\u00edvel interesse<\/a> de Amazon e <a href=\"https:\/\/www.suno.com.br\/acoes\/mglu3\/\">Magazine Luiza (MGLU3)<\/a> na aquisi\u00e7\u00e3o da opera\u00e7\u00e3o dos <strong>Correios<\/strong> no Brasil chamou a aten\u00e7\u00e3o do mercado, que apesar de ainda c\u00e9tico e em busca de mais detalhes da negocia\u00e7\u00e3o, v\u00ea com bons olhos o interesse dos players do varejo <a href=\"https:\/\/www.suno.com.br\/artigos\/estatal-so-se-for-de-graca\/\">na empresa estatal<\/a>.<\/p>\t<div class=\"wrapper-featured-image\">\n\t\t<figure class=\"spotlightImg\">\n\n\t\t\t<picture>\n\t\t\t\t<source media=\"(max-width: 768px)\" srcset=\"https:\/\/files.sunoresearch.com.br\/n\/uploads\/2019\/10\/2a2e673a-correios-400x200.webp\">\n\t\t\t\t<img loading=\"lazy\" decoding=\"async\" class=\"newsContent__article__imgCapa lazyloadDisabled \" src=\"https:\/\/files.sunoresearch.com.br\/n\/uploads\/2019\/10\/2a2e673a-correios-800x450.webp\" width=\"800\" height=\"450\" alt=\"Correios podem aumentar sinergia para Magalu e Amazon, mas h\u00e1 desafios\" fetchpriority=high \/>\n\t\t\t<\/picture>\n\n\t\t\t<figcaption class=\"wp-caption-text wp-caption-text--show\">Correios (foto: divulga\u00e7\u00e3o)<\/figcaption>\n\t\t<\/figure>\n\t<\/div>\n\n\n\t<p>\n\t\t<a href=\"\" target=\"_blank\" data-element=\"shortcode-suno-banner\" title=\"Banner SUNO, clique e saiba mais\">\n\t\t\t<picture>\n\t\t\t\t<source media=\"(max-width: 500px)\" srcset=\"\">\n\t\t\t\t<img class=\"newsContent__article__imgCapa newsContent__article__imgCapa--banner\"\n\t\t\t\t\tsrc=\"\"\n\t\t\t\t\tdata-promo-id=\"86275\"\t\t\t\t\t\t\t\t\t\t\t\t\t\t\talt=\"\"\n\t\t\t\t>\n\t\t\t<\/picture>\n\t\t<\/a>\n\t<\/p>\n\n\n<p>Segundo analistas consultados pelo <strong>SUNO Not\u00edcias<\/strong>, o ponto positivo na aquisi\u00e7\u00e3o dos Correios por uma das empresas seria no aumento da sinergia entre as companhias, dado que ambos os lados t\u00eam interesses em melhorar a log\u00edstica no Pa\u00eds. Os detalhes do tipo de contrato, por\u00e9m, seriam essenciais para entender se o resultado final ser\u00e1 positivo.<\/p>\n<p>De acordo com Henrique Esteter, analista da Guide, tanto Magazine Luiza quanto Amazon poderiam reduzir custos e tempo de entregas e, assim, conseguir crescer ainda mais no Pa\u00eds caso realmente adquirissem os Correios.<\/p>\n<p><a href=\"https:\/\/lp.suno.com.br\/suno-one\/\">Suno One: acesse gratuitamente eBooks, Minicursos, Artigos e Video Aulas sobre investimentos com um \u00fanico cadastro. Clique para saber mais!<\/a><\/p>\n<div class=\"hubspot-form-wrapper\">\n\t<div id=\"single-form-target\"><\/div>\n<\/div>\n\n<p>&#8220;A liga\u00e7\u00e3o entre o que elas j\u00e1 criaram e o que pode ser criado em termos de sinergia, redu\u00e7\u00e3o de custos, crescimento de competitividade, que todo esse conhecimento da empresa que pudessem ser transmitidos em uma aquisi\u00e7\u00e3o dos Correios \u00e9 o que viria de positivo em um poss\u00edvel neg\u00f3cio como esse&#8221;, disse.<\/p>\n<p>Para o analista da Guide, por\u00e9m, os detalhes de um poss\u00edvel funcionamento dos Correios em locais n\u00e3o lucrativos, por exemplo, podem pesar na negocia\u00e7\u00e3o.<\/p>\n<p>&#8220;Se sair um tipo de neg\u00f3cio desse v\u00e3o ter muitas linhas e muitas condi\u00e7\u00f5es. Esses movimentos de desestatiza\u00e7\u00e3o, para tirar algo da m\u00e1quina p\u00fablica, sempre vem muitas condi\u00e7\u00f5es e o servi\u00e7o popular como os Correios tamb\u00e9m n\u00e3o seria diferente&#8221;, disse.<\/p>\n<p>De acordo com Esteter, o desafio \u00e9 compreender o desenho da empresa no futuro, mesmo nas m\u00e3os da iniciativa privada. Al\u00e9m disso, a negocia\u00e7\u00e3o ainda deve se arrastar por meses e tem de passar pela avalia\u00e7\u00e3o do Congresso.<\/p>\n<p>&#8220;\u00c9 um desafio entender como integrar os estados mais rent\u00e1veis e os menos ou obrigatoriedade de a empresa servir onde n\u00e3o tem lucro e isso atrapalha o neg\u00f3cio. Essas condi\u00e7\u00f5es vir\u00e3o, mas n\u00e3o ser\u00e3o do dia para a noite, as condi\u00e7\u00f5es s\u00e3o bem complexas, discutidas, e ainda tem uma aprova\u00e7\u00e3o necess\u00e1ria no Congresso&#8221;, afirmou.<\/p>\n<p>Na quinta-feira (18), o\u00a0 ministro das Comunica\u00e7\u00f5es, F\u00e1bio Faria, afirmou nesta quarta-feira, 16, que a Magalu e outras quatro empresas j\u00e1 manifestaram interesse na privatiza\u00e7\u00e3o dos Correios.<\/p>\n<p>\u201cJ\u00e1 tem cinco players interessados. A Magalu \u00e9 um deles. O Amazon, a DHL, Fedex\u2026 j\u00e1 tem pessoas, grupos interessados na aquisi\u00e7\u00e3o dos Correios. E isso a\u00ed \u00e9 importante. N\u00f3s n\u00e3o teremos um processo de privatiza\u00e7\u00e3o vazio\u201d, de acordo com informa\u00e7\u00f5es da Ag\u00eancia Estado.<\/p>\n<p>As empresas n\u00e3o comentaram a declara\u00e7\u00e3o.<\/p>\n<h2>Ministro critica greve dos Correios<\/h2>\n<p>O ministro ainda <a href=\"https:\/\/www.suno.com.br\/noticias\/correios-funcionarios-aprovam-continuidade-greve-todo-pais\/\">criticou a greve dos Correios<\/a>, afirmando que, sendo um servi\u00e7o &#8220;universal e essencial&#8221;, a companhia n\u00e3o poderia parar. &#8220;Se a empresa fosse privada, n\u00e3o tinha esse problema. N\u00e3o \u00e9 com greve que voc\u00ea consegue aumento&#8221;, pontuou.<\/p>\n<p>Os funcion\u00e1rios da estatal entraram em greve em todo o Brasil no dia 17 de agosto. A paralisa\u00e7\u00e3o \u00e9 um forma de protesto contra a privatiza\u00e7\u00e3o e pela manuten\u00e7\u00e3o de benef\u00edcios trabalhistas.<\/p>\n\t<div data-element=\"shortcode-read-more\" class=\"knowMore\">\n\t\t\t\t<span class=\"knowMore__title\">Saiba mais<\/span>\n\t\t\t\t<a class=\"knowMore__link\" href=\"https:\/\/www.suno.com.br\/noticias\/greve-dos-correios-permanece-sem-acordo-e-julgamento-sera-dia-21-de-setembro\/\">\n\t\t\tGreve dos Correios permanece sem acordo e julgamento ser\u00e1 dia 21 de setembro\t\t<\/a>\n\t<\/div>\n\n\n<p>\u201cEu nem entrei no m\u00e9rito da greve, quem debateu isso foi o pr\u00f3prio presidente dos <strong>Correios<\/strong>. Acho que isso [a greve] foi muito ruim pra eles, porque \u00e9 um momento em que todos precisam dar o melhor de si&#8221;, afirmou Faria.<\/p>\n\t<p>\n\t\t<a href=\"https:\/\/lp.suno.com.br\/planilha-de-controle-de-investimentos\/\" target=\"_blank\" data-element=\"shortcode-suno-banner\" title=\"Banner SUNO, clique e saiba mais\">\n\t\t\t<picture>\n\t\t\t\t<source media=\"(max-width: 500px)\" srcset=\"https:\/\/files.sunoresearch.com.br\/n\/uploads\/2023\/03\/400x300-Controle-de-Investimentos.png\">\n\t\t\t\t<img class=\"newsContent__article__imgCapa newsContent__article__imgCapa--banner\"\n\t\t\t\t\tsrc=\"https:\/\/files.sunoresearch.com.br\/n\/uploads\/2023\/03\/1420x240-Controle-de-Investimentos.png\"\n\t\t\t\t\tdata-promo-id=\"75934\"\t\t\t\t\t\t\t\t\t\twidth='1420' height='240'\t\t\t\t\talt=\"https:\/\/files.sunoresearch.com.br\/n\/uploads\/2023\/03\/1420x240-Controle-de-Investimentos.png\"\n\t\t\t\t>\n\t\t\t<\/picture>\n\t\t<\/a>\n\t<\/p>\n\n\n","protected":false},"excerpt":{"rendered":"<p>O poss\u00edvel interesse de Amazon e Magazine Luiza (MGLU3) na aquisi\u00e7\u00e3o da opera\u00e7\u00e3o dos Correios no Brasil chamou a aten\u00e7\u00e3o do mercado, que apesar de ainda c\u00e9tico e em busca de mais detalhes da negocia\u00e7\u00e3o, v\u00ea com bons olhos o interesse dos players do varejo na empresa estatal. Correios (foto: divulga\u00e7\u00e3o) Segundo analistas consultados pelo [&hellip;]<\/p>\n","protected":false},"author":27,"featured_media":40404,"comment_status":"closed","ping_status":"closed","sticky":false,"template":"","format":"standard","meta":[],"categories":[64],"tags":[694,700,548],"suno_strategy":[],"class_list":["post-85744","post","type-post","status-publish","format-standard","has-post-thumbnail","hentry","category-negocios","tag-amazon-amzo34","tag-correios","tag-magazine-luiza-mglu3"],"yoast_head":"<!-- This site is optimized with the Yoast SEO plugin v24.4 - https:\/\/yoast.com\/wordpress\/plugins\/seo\/ -->\n<title>Correios podem aumentar sinergia para Magalu e Amazon<\/title>\n<meta name=\"description\" content=\"Segundo especialistas, compra dos Correios por Magalu ou Amazon traria desafios e oportunidades. Clique aqui para ler mais.\" \/>\n<meta name=\"robots\" content=\"index, follow, max-snippet:-1, max-image-preview:large, max-video-preview:-1\" \/>\n<link rel=\"canonical\" href=\"https:\/\/www.suno.com.br\/noticias\/correios-magalu-amazon-desafios\/\" \/>\n<meta property=\"og:locale\" content=\"pt_BR\" \/>\n<meta property=\"og:type\" content=\"article\" \/>\n<meta property=\"og:title\" content=\"Correios podem aumentar sinergia para Magalu e Amazon\" \/>\n<meta property=\"og:description\" content=\"Segundo especialistas, compra dos Correios por Magalu ou Amazon traria desafios e oportunidades. Clique aqui para ler mais.\" \/>\n<meta property=\"og:url\" content=\"https:\/\/www.suno.com.br\/noticias\/correios-magalu-amazon-desafios\/\" \/>\n<meta property=\"og:site_name\" content=\"Suno Not\u00edcias\" \/>\n<meta property=\"article:publisher\" content=\"https:\/\/facebook.com\/sunoresearch\" \/>\n<meta property=\"og:image\" content=\"https:\/\/files.sunoresearch.com.br\/n\/uploads\/2019\/10\/2a2e673a-correios.jpg\" \/>\n\t<meta property=\"og:image:width\" content=\"1500\" \/>\n\t<meta property=\"og:image:height\" content=\"1055\" \/>\n\t<meta property=\"og:image:type\" content=\"image\/jpeg\" \/>\n<meta name=\"author\" content=\"Vinicius Pereira\" \/>\n<meta name=\"twitter:card\" content=\"summary_large_image\" \/>\n<meta name=\"twitter:creator\" content=\"@https:\/\/twitter.com\/viniciuspjornal\" \/>\n<meta name=\"twitter:site\" content=\"@sunoresearch\" \/>\n<meta name=\"twitter:label1\" content=\"Escrito por\" \/>\n\t<meta name=\"twitter:data1\" content=\"Vinicius Pereira\" \/>\n\t<meta name=\"twitter:label2\" content=\"Est. tempo de leitura\" \/>\n\t<meta name=\"twitter:data2\" content=\"3 minutos\" \/>\n<script type=\"application\/ld+json\" class=\"yoast-schema-graph\">{\"@context\":\"https:\/\/schema.org\",\"@graph\":[{\"@type\":\"NewsArticle\",\"@id\":\"https:\/\/www.suno.com.br\/noticias\/correios-magalu-amazon-desafios\/#article\",\"isPartOf\":{\"@id\":\"https:\/\/www.suno.com.br\/noticias\/correios-magalu-amazon-desafios\/\"},\"author\":{\"name\":\"Vinicius Pereira\",\"@id\":\"https:\/\/www.suno.com.br\/noticias\/#\/schema\/person\/a20761b96e4df7eb57f1f9e41be1dbf3\"},\"headline\":\"Correios podem aumentar sinergia para Magalu e Amazon, mas h\u00e1 desafios\",\"datePublished\":\"2020-09-18T20:00:15+00:00\",\"dateModified\":\"2020-09-21T21:54:42+00:00\",\"mainEntityOfPage\":{\"@id\":\"https:\/\/www.suno.com.br\/noticias\/correios-magalu-amazon-desafios\/\"},\"wordCount\":653,\"publisher\":{\"@id\":\"https:\/\/www.suno.com.br\/noticias\/#organization\"},\"image\":{\"@id\":\"https:\/\/www.suno.com.br\/noticias\/correios-magalu-amazon-desafios\/#primaryimage\"},\"thumbnailUrl\":\"https:\/\/files.sunoresearch.com.br\/n\/uploads\/2019\/10\/2a2e673a-correios-jpg.webp\",\"keywords\":[\"Amazon (AMZO34)\",\"Correios\",\"Magazine Luiza (MGLU3)\"],\"articleSection\":[\"Neg\u00f3cios\"],\"inLanguage\":\"pt-BR\"},{\"@type\":\"WebPage\",\"@id\":\"https:\/\/www.suno.com.br\/noticias\/correios-magalu-amazon-desafios\/\",\"url\":\"https:\/\/www.suno.com.br\/noticias\/correios-magalu-amazon-desafios\/\",\"name\":\"Correios podem aumentar sinergia para Magalu e Amazon\",\"isPartOf\":{\"@id\":\"https:\/\/www.suno.com.br\/noticias\/#website\"},\"primaryImageOfPage\":{\"@id\":\"https:\/\/www.suno.com.br\/noticias\/correios-magalu-amazon-desafios\/#primaryimage\"},\"image\":{\"@id\":\"https:\/\/www.suno.com.br\/noticias\/correios-magalu-amazon-desafios\/#primaryimage\"},\"thumbnailUrl\":\"https:\/\/files.sunoresearch.com.br\/n\/uploads\/2019\/10\/2a2e673a-correios-jpg.webp\",\"datePublished\":\"2020-09-18T20:00:15+00:00\",\"dateModified\":\"2020-09-21T21:54:42+00:00\",\"description\":\"Segundo especialistas, compra dos Correios por Magalu ou Amazon traria desafios e oportunidades. Clique aqui para ler mais.\",\"breadcrumb\":{\"@id\":\"https:\/\/www.suno.com.br\/noticias\/correios-magalu-amazon-desafios\/#breadcrumb\"},\"inLanguage\":\"pt-BR\",\"potentialAction\":[{\"@type\":\"ReadAction\",\"target\":[\"https:\/\/www.suno.com.br\/noticias\/correios-magalu-amazon-desafios\/\"]}]},{\"@type\":\"ImageObject\",\"inLanguage\":\"pt-BR\",\"@id\":\"https:\/\/www.suno.com.br\/noticias\/correios-magalu-amazon-desafios\/#primaryimage\",\"url\":\"https:\/\/files.sunoresearch.com.br\/n\/uploads\/2019\/10\/2a2e673a-correios-jpg.webp\",\"contentUrl\":\"https:\/\/files.sunoresearch.com.br\/n\/uploads\/2019\/10\/2a2e673a-correios-jpg.webp\",\"width\":1500,\"height\":1055,\"caption\":\"Correios (foto: divulga\u00e7\u00e3o)\"},{\"@type\":\"BreadcrumbList\",\"@id\":\"https:\/\/www.suno.com.br\/noticias\/correios-magalu-amazon-desafios\/#breadcrumb\",\"itemListElement\":[{\"@type\":\"ListItem\",\"position\":1,\"name\":\"Not\u00edcias\",\"item\":\"https:\/\/www.suno.com.br\/noticias\/\"},{\"@type\":\"ListItem\",\"position\":2,\"name\":\"Neg\u00f3cios\",\"item\":\"https:\/\/www.suno.com.br\/noticias\/negocios\/\"},{\"@type\":\"ListItem\",\"position\":3,\"name\":\"Correios podem aumentar sinergia para Magalu e Amazon, mas h\u00e1 desafios\"}]},{\"@type\":\"WebSite\",\"@id\":\"https:\/\/www.suno.com.br\/noticias\/#website\",\"url\":\"https:\/\/www.suno.com.br\/noticias\/\",\"name\":\"Suno Not\u00edcias\",\"description\":\"Seu portal de informa\u00e7\u00e3o sobre o mundo dos investimentos\",\"publisher\":{\"@id\":\"https:\/\/www.suno.com.br\/noticias\/#organization\"},\"potentialAction\":[{\"@type\":\"SearchAction\",\"target\":{\"@type\":\"EntryPoint\",\"urlTemplate\":\"https:\/\/www.suno.com.br\/noticias\/?s={search_term_string}\"},\"query-input\":{\"@type\":\"PropertyValueSpecification\",\"valueRequired\":true,\"valueName\":\"search_term_string\"}}],\"inLanguage\":\"pt-BR\"},{\"@type\":\"Organization\",\"@id\":\"https:\/\/www.suno.com.br\/noticias\/#organization\",\"name\":\"Suno Not\u00edcias\",\"url\":\"https:\/\/www.suno.com.br\/noticias\/\",\"logo\":{\"@type\":\"ImageObject\",\"inLanguage\":\"pt-BR\",\"@id\":\"https:\/\/www.suno.com.br\/noticias\/#\/schema\/logo\/image\/\",\"url\":\"https:\/\/files.sunoresearch.com.br\/n\/uploads\/2021\/09\/suno-logo.png\",\"contentUrl\":\"https:\/\/files.sunoresearch.com.br\/n\/uploads\/2021\/09\/suno-logo.png\",\"width\":180,\"height\":180,\"caption\":\"Suno Not\u00edcias\"},\"image\":{\"@id\":\"https:\/\/www.suno.com.br\/noticias\/#\/schema\/logo\/image\/\"},\"sameAs\":[\"https:\/\/facebook.com\/sunoresearch\",\"https:\/\/x.com\/sunoresearch\",\"https:\/\/www.instagram.com\/suno\",\"https:\/\/www.linkedin.com\/company\/suno-research\/\",\"https:\/\/www.youtube.com\/c\/sunoresearch\"]},{\"@type\":\"Person\",\"@id\":\"https:\/\/www.suno.com.br\/noticias\/#\/schema\/person\/a20761b96e4df7eb57f1f9e41be1dbf3\",\"name\":\"Vinicius Pereira\",\"image\":{\"@type\":\"ImageObject\",\"inLanguage\":\"pt-BR\",\"@id\":\"https:\/\/www.suno.com.br\/noticias\/#\/schema\/person\/image\/\",\"url\":\"https:\/\/secure.gravatar.com\/avatar\/783866b933198f5cc4c5d03fcc8b1301?s=96&r=g\",\"contentUrl\":\"https:\/\/secure.gravatar.com\/avatar\/783866b933198f5cc4c5d03fcc8b1301?s=96&r=g\",\"caption\":\"Vinicius Pereira\"},\"description\":\"Vinicius Pereira foi rep\u00f3rter de economia da Folha de S.Paulo, stringer do jornal no Canad\u00e1 e colaborador de VEJA. J\u00e1 escreveu tamb\u00e9m para BBC Brasil, The Intercept Brasil e UOL. Tem MBA em Informa\u00e7\u00f5es Econ\u00f4mico-Financeiras e Mercado de Capitais pela FIA\/B3.\",\"sameAs\":[\"https:\/\/x.com\/https:\/\/twitter.com\/viniciuspjornal\"],\"url\":\"https:\/\/www.suno.com.br\/noticias\/author\/vinicius-pereira\/\"}]}<\/script>\n<!-- \/ Yoast SEO plugin. -->","yoast_head_json":{"title":"Correios podem aumentar sinergia para Magalu e Amazon","description":"Segundo especialistas, compra dos Correios por Magalu ou Amazon traria desafios e oportunidades. Clique aqui para ler mais.","robots":{"index":"index","follow":"follow","max-snippet":"max-snippet:-1","max-image-preview":"max-image-preview:large","max-video-preview":"max-video-preview:-1"},"canonical":"https:\/\/www.suno.com.br\/noticias\/correios-magalu-amazon-desafios\/","og_locale":"pt_BR","og_type":"article","og_title":"Correios podem aumentar sinergia para Magalu e Amazon","og_description":"Segundo especialistas, compra dos Correios por Magalu ou Amazon traria desafios e oportunidades. Clique aqui para ler mais.","og_url":"https:\/\/www.suno.com.br\/noticias\/correios-magalu-amazon-desafios\/","og_site_name":"Suno Not\u00edcias","article_publisher":"https:\/\/facebook.com\/sunoresearch","og_image":[{"width":1500,"height":1055,"url":"https:\/\/files.sunoresearch.com.br\/n\/uploads\/2019\/10\/2a2e673a-correios.jpg","type":"image\/jpeg"}],"author":"Vinicius Pereira","twitter_card":"summary_large_image","twitter_creator":"@https:\/\/twitter.com\/viniciuspjornal","twitter_site":"@sunoresearch","twitter_misc":{"Escrito por":"Vinicius Pereira","Est. tempo de leitura":"3 minutos"},"schema":{"@context":"https:\/\/schema.org","@graph":[{"@type":"NewsArticle","@id":"https:\/\/www.suno.com.br\/noticias\/correios-magalu-amazon-desafios\/#article","isPartOf":{"@id":"https:\/\/www.suno.com.br\/noticias\/correios-magalu-amazon-desafios\/"},"author":{"name":"Vinicius Pereira","@id":"https:\/\/www.suno.com.br\/noticias\/#\/schema\/person\/a20761b96e4df7eb57f1f9e41be1dbf3"},"headline":"Correios podem aumentar sinergia para Magalu e Amazon, mas h\u00e1 desafios","datePublished":"2020-09-18T20:00:15+00:00","dateModified":"2020-09-21T21:54:42+00:00","mainEntityOfPage":{"@id":"https:\/\/www.suno.com.br\/noticias\/correios-magalu-amazon-desafios\/"},"wordCount":653,"publisher":{"@id":"https:\/\/www.suno.com.br\/noticias\/#organization"},"image":{"@id":"https:\/\/www.suno.com.br\/noticias\/correios-magalu-amazon-desafios\/#primaryimage"},"thumbnailUrl":"https:\/\/files.sunoresearch.com.br\/n\/uploads\/2019\/10\/2a2e673a-correios-jpg.webp","keywords":["Amazon (AMZO34)","Correios","Magazine Luiza (MGLU3)"],"articleSection":["Neg\u00f3cios"],"inLanguage":"pt-BR"},{"@type":"WebPage","@id":"https:\/\/www.suno.com.br\/noticias\/correios-magalu-amazon-desafios\/","url":"https:\/\/www.suno.com.br\/noticias\/correios-magalu-amazon-desafios\/","name":"Correios podem aumentar sinergia para Magalu e Amazon","isPartOf":{"@id":"https:\/\/www.suno.com.br\/noticias\/#website"},"primaryImageOfPage":{"@id":"https:\/\/www.suno.com.br\/noticias\/correios-magalu-amazon-desafios\/#primaryimage"},"image":{"@id":"https:\/\/www.suno.com.br\/noticias\/correios-magalu-amazon-desafios\/#primaryimage"},"thumbnailUrl":"https:\/\/files.sunoresearch.com.br\/n\/uploads\/2019\/10\/2a2e673a-correios-jpg.webp","datePublished":"2020-09-18T20:00:15+00:00","dateModified":"2020-09-21T21:54:42+00:00","description":"Segundo especialistas, compra dos Correios por Magalu ou Amazon traria desafios e oportunidades. Clique aqui para ler mais.","breadcrumb":{"@id":"https:\/\/www.suno.com.br\/noticias\/correios-magalu-amazon-desafios\/#breadcrumb"},"inLanguage":"pt-BR","potentialAction":[{"@type":"ReadAction","target":["https:\/\/www.suno.com.br\/noticias\/correios-magalu-amazon-desafios\/"]}]},{"@type":"ImageObject","inLanguage":"pt-BR","@id":"https:\/\/www.suno.com.br\/noticias\/correios-magalu-amazon-desafios\/#primaryimage","url":"https:\/\/files.sunoresearch.com.br\/n\/uploads\/2019\/10\/2a2e673a-correios-jpg.webp","contentUrl":"https:\/\/files.sunoresearch.com.br\/n\/uploads\/2019\/10\/2a2e673a-correios-jpg.webp","width":1500,"height":1055,"caption":"Correios (foto: divulga\u00e7\u00e3o)"},{"@type":"BreadcrumbList","@id":"https:\/\/www.suno.com.br\/noticias\/correios-magalu-amazon-desafios\/#breadcrumb","itemListElement":[{"@type":"ListItem","position":1,"name":"Not\u00edcias","item":"https:\/\/www.suno.com.br\/noticias\/"},{"@type":"ListItem","position":2,"name":"Neg\u00f3cios","item":"https:\/\/www.suno.com.br\/noticias\/negocios\/"},{"@type":"ListItem","position":3,"name":"Correios podem aumentar sinergia para Magalu e Amazon, mas h\u00e1 desafios"}]},{"@type":"WebSite","@id":"https:\/\/www.suno.com.br\/noticias\/#website","url":"https:\/\/www.suno.com.br\/noticias\/","name":"Suno Not\u00edcias","description":"Seu portal de informa\u00e7\u00e3o sobre o mundo dos investimentos","publisher":{"@id":"https:\/\/www.suno.com.br\/noticias\/#organization"},"potentialAction":[{"@type":"SearchAction","target":{"@type":"EntryPoint","urlTemplate":"https:\/\/www.suno.com.br\/noticias\/?s={search_term_string}"},"query-input":{"@type":"PropertyValueSpecification","valueRequired":true,"valueName":"search_term_string"}}],"inLanguage":"pt-BR"},{"@type":"Organization","@id":"https:\/\/www.suno.com.br\/noticias\/#organization","name":"Suno Not\u00edcias","url":"https:\/\/www.suno.com.br\/noticias\/","logo":{"@type":"ImageObject","inLanguage":"pt-BR","@id":"https:\/\/www.suno.com.br\/noticias\/#\/schema\/logo\/image\/","url":"https:\/\/files.sunoresearch.com.br\/n\/uploads\/2021\/09\/suno-logo.png","contentUrl":"https:\/\/files.sunoresearch.com.br\/n\/uploads\/2021\/09\/suno-logo.png","width":180,"height":180,"caption":"Suno Not\u00edcias"},"image":{"@id":"https:\/\/www.suno.com.br\/noticias\/#\/schema\/logo\/image\/"},"sameAs":["https:\/\/facebook.com\/sunoresearch","https:\/\/x.com\/sunoresearch","https:\/\/www.instagram.com\/suno","https:\/\/www.linkedin.com\/company\/suno-research\/","https:\/\/www.youtube.com\/c\/sunoresearch"]},{"@type":"Person","@id":"https:\/\/www.suno.com.br\/noticias\/#\/schema\/person\/a20761b96e4df7eb57f1f9e41be1dbf3","name":"Vinicius Pereira","image":{"@type":"ImageObject","inLanguage":"pt-BR","@id":"https:\/\/www.suno.com.br\/noticias\/#\/schema\/person\/image\/","url":"https:\/\/secure.gravatar.com\/avatar\/783866b933198f5cc4c5d03fcc8b1301?s=96&r=g","contentUrl":"https:\/\/secure.gravatar.com\/avatar\/783866b933198f5cc4c5d03fcc8b1301?s=96&r=g","caption":"Vinicius Pereira"},"description":"Vinicius Pereira foi rep\u00f3rter de economia da Folha de S.Paulo, stringer do jornal no Canad\u00e1 e colaborador de VEJA. J\u00e1 escreveu tamb\u00e9m para BBC Brasil, The Intercept Brasil e UOL. Tem MBA em Informa\u00e7\u00f5es Econ\u00f4mico-Financeiras e Mercado de Capitais pela FIA\/B3.","sameAs":["https:\/\/x.com\/https:\/\/twitter.com\/viniciuspjornal"],"url":"https:\/\/www.suno.com.br\/noticias\/author\/vinicius-pereira\/"}]}},"default_loop_html":"<div class=\"cardsPage__listCard__boxs\"><div class=\"cardsPage__listCard__boxs__img\"><a href=\"https:\/\/www.suno.com.br\/noticias\/correios-magalu-amazon-desafios\/\"><img class=\"mask\" src=\"https:\/\/www.suno.com.br\/noticias\/wp-content\/themes\/suno\/resources\/images\/spotlight\/spotlight1img\/bg-mask.png\" alt=\"Image Mask\"\/><img src=\"https:\/\/files.sunoresearch.com.br\/n\/uploads\/2019\/10\/2a2e673a-correios-400x200.webp\" alt=\"Correios podem aumentar sinergia para Magalu e Amazon, mas h\u00e1 desafios\"\/><\/a><span class=\"spotlightCategory\"><a href=\"https:\/\/www.suno.com.br\/noticias\/negocios\/\">Neg\u00f3cios<\/a><\/span><\/div><div class=\"cardsPage__listCard__boxs__content\"><a href=\"https:\/\/www.suno.com.br\/noticias\/correios-magalu-amazon-desafios\/\"><h2 class=\"content__title\">Correios podem aumentar sinergia para Magalu e Amazon, mas h\u00e1 desafios<\/h2><\/a><div class=\"newsContent__article__meta\"><div class=\"newsContent__article__meta__authorBox\"><a href=\"https:\/\/www.suno.com.br\/noticias\/author\/vinicius-pereira\/\" class=\"authorBox__avatar noMobi\"><img src=\"https:\/\/files.sunoresearch.com.br\/n\/uploads\/2020\/08\/77510613-whatsapp-image-2020-08-03-at-13.40.40-150x150.webp\" alt=\"Vinicius Pereira\"><\/a><div class=\"authorBox__name\"><span>por\n\t\t\t<a href=\"https:\/\/www.suno.com.br\/noticias\/author\/vinicius-pereira\/\"><span itemprop=\"author\">Vinicius Pereira<\/span><\/a><\/span><time datetime=\"2020-09-18T17:00:15-03:00\" itemprop=\"datePublished\">18\/09\/2020 17:00<\/time><\/div><\/div><\/div><\/div><\/div>","single_layout":"posts","amp_enabled":true,"_links":{"self":[{"href":"https:\/\/www.suno.com.br\/noticias\/wp-json\/wp\/v2\/posts\/85744"}],"collection":[{"href":"https:\/\/www.suno.com.br\/noticias\/wp-json\/wp\/v2\/posts"}],"about":[{"href":"https:\/\/www.suno.com.br\/noticias\/wp-json\/wp\/v2\/types\/post"}],"author":[{"embeddable":true,"href":"https:\/\/www.suno.com.br\/noticias\/wp-json\/wp\/v2\/users\/27"}],"replies":[{"embeddable":true,"href":"https:\/\/www.suno.com.br\/noticias\/wp-json\/wp\/v2\/comments?post=85744"}],"version-history":[{"count":0,"href":"https:\/\/www.suno.com.br\/noticias\/wp-json\/wp\/v2\/posts\/85744\/revisions"}],"wp:featuredmedia":[{"embeddable":true,"href":"https:\/\/www.suno.com.br\/noticias\/wp-json\/wp\/v2\/media\/40404"}],"wp:attachment":[{"href":"https:\/\/www.suno.com.br\/noticias\/wp-json\/wp\/v2\/media?parent=85744"}],"wp:term":[{"taxonomy":"category","embeddable":true,"href":"https:\/\/www.suno.com.br\/noticias\/wp-json\/wp\/v2\/categories?post=85744"},{"taxonomy":"post_tag","embeddable":true,"href":"https:\/\/www.suno.com.br\/noticias\/wp-json\/wp\/v2\/tags?post=85744"},{"taxonomy":"suno_strategy","embeddable":true,"href":"https:\/\/www.suno.com.br\/noticias\/wp-json\/wp\/v2\/suno_strategy?post=85744"}],"curies":[{"name":"wp","href":"https:\/\/api.w.org\/{rel}","templated":true}]}}