{"id":85704,"date":"2020-09-20T17:53:40","date_gmt":"2020-09-20T20:53:40","guid":{"rendered":"https:\/\/www.suno.com.br\/noticias\/?p=85704"},"modified":"2020-09-22T13:57:32","modified_gmt":"2020-09-22T16:57:32","slug":"correios-privatizar-melhor-solucao","status":"publish","type":"post","link":"https:\/\/www.suno.com.br\/noticias\/correios-privatizar-melhor-solucao\/","title":{"rendered":"Correios: Privatizar \u00e9 a melhor solu\u00e7\u00e3o para a empresa?"},"content":{"rendered":"<p>Em greve nacional desde o dia 17 de agosto (pouco mais de um m\u00eas), os <strong>Correios<\/strong> t\u00eam sido pauta constante nos principais jornais e portais de not\u00edcias de todo Brasil. Os trabalhadores se manifestam contra a redu\u00e7\u00e3o de 40% em suas rendas, al\u00e9m de outros direitos que est\u00e3o sendo retirados pela administra\u00e7\u00e3o da empresa. Em decorr\u00eancia disso, o assunto da <a href=\"https:\/\/www.suno.com.br\/artigos\/privatizacao\/\">privatiza\u00e7\u00e3o<\/a>, que j\u00e1 era bastante comentado, voltou \u00e0 tona.<\/p>\t<div class=\"wrapper-featured-image\">\n\t\t<figure class=\"spotlightImg\">\n\n\t\t\t<picture>\n\t\t\t\t<source media=\"(max-width: 768px)\" srcset=\"https:\/\/files.sunoresearch.com.br\/n\/uploads\/2020\/09\/b8e965cd-ffraz_abr_18091923263-400x200.webp\">\n\t\t\t\t<img loading=\"lazy\" decoding=\"async\" class=\"newsContent__article__imgCapa lazyloadDisabled \" src=\"https:\/\/files.sunoresearch.com.br\/n\/uploads\/2020\/09\/b8e965cd-ffraz_abr_18091923263-800x450.webp\" width=\"800\" height=\"450\" alt=\"Correios: Privatizar \u00e9 a melhor solu\u00e7\u00e3o para a empresa?\" fetchpriority=high \/>\n\t\t\t<\/picture>\n\n\t\t\t<figcaption class=\"wp-caption-text wp-caption-text--show\">Movimento no Centro de Tratamento de Encomendas dos Correios. (foto: Ag\u00eancia Brasil)<\/figcaption>\n\t\t<\/figure>\n\t<\/div>\n\n\n<p>O <strong>SUNO Not\u00edcias<\/strong> conversou com o secret\u00e1rio geral da Federa\u00e7\u00e3o dos Trabalhadores em Empresas de Correios e Tel\u00e9grafos e Similares (FENTECT), Jos\u00e9 Rivaldo da Silva, e o especialista em economia e finan\u00e7as, Adriano Gomes, para esclarecer os pontos de uma poss\u00edvel desestatiza\u00e7\u00e3o da companhia e quais poderiam ser os pr\u00f3s e contras desta opera\u00e7\u00e3o.<\/p>\n\t<p>\n\t\t<a href=\"\" target=\"_blank\" data-element=\"shortcode-suno-banner\" title=\"Banner SUNO, clique e saiba mais\">\n\t\t\t<picture>\n\t\t\t\t<source media=\"(max-width: 500px)\" srcset=\"\">\n\t\t\t\t<img class=\"newsContent__article__imgCapa newsContent__article__imgCapa--banner\"\n\t\t\t\t\tsrc=\"\"\n\t\t\t\t\tdata-promo-id=\"86275\"\t\t\t\t\t\t\t\t\t\t\t\t\t\t\talt=\"\"\n\t\t\t\t>\n\t\t\t<\/picture>\n\t\t<\/a>\n\t<\/p>\n\n\n<p>Na vis\u00e3o do secret\u00e1rio geral da <strong>FENTECT<\/strong>, a privatiza\u00e7\u00e3o de uma empresa do tamanho dos Correios, considerando o tamanho do Brasil, &#8220;\u00e9 um absurdo&#8221;. &#8220;Por exemplo, estamos em uma pandemia&#8230; se disponibilizassem uma vacina, quem conseguiria levar a vacina para todos os munic\u00edpios seriam os Correios. A ideia de voc\u00ea privatizar uma empresa do tamanho dos Correios \u00e9 o mesmo que dizer assim: &#8216;quem mora nas maiores cidades e tem poder aquisitivo vai ter os servi\u00e7os de Correios, com pre\u00e7o melhor, porque est\u00e1 em uma grande capital e voc\u00ea tem a maior circula\u00e7\u00e3o de dinheiro&#8221;, exemplificou <strong>Jos\u00e9 Rivaldo<\/strong>.<\/p>\n<p><a href=\"https:\/\/lp.suno.com.br\/suno-one\/\">No Suno One voc\u00ea aprende a fazer seu dinheiro trabalhar para voc\u00ea. Cadastre-se gratuitamente agora!<\/a><\/p>\n<p>Rivaldo tamb\u00e9m citou que os Correios atendem todas as partes do Brasil e, hoje, conseguem chegar em lugares como o interior do Amazonas cobrando uma tarifa, ao seu ponto de vista, justa. Ele afirmou que, caso fosse privatizado, o servi\u00e7o poderia at\u00e9 chegar neste local, e com at\u00e9 mais velocidade, mas seria muito mais caro.<\/p>\n<p>&#8220;Com a privatiza\u00e7\u00e3o, a pessoa que comprou uma mercadoria via e-commerce, por exemplo, e mora nesse lugar [interior do Amazonas], teria condi\u00e7\u00f5es de pagar um servi\u00e7o desse? Qual seria o custo disso? As pessoas n\u00e3o levam em considera\u00e7\u00e3o o tamanho da opera\u00e7\u00e3o que \u00e9 os Correios. Por isso, a gente se posiciona contr\u00e1rio \u00e0 privatiza\u00e7\u00e3o e a favor da empresa p\u00fablica&#8221;, enfatizou Jos\u00e9 Rivaldo.<\/p>\n<p>O administrador de empresas e mestre em controladoria e finan\u00e7as, <strong>Adriano Gomes<\/strong>, destaca que, do ponto de vista da gest\u00e3o, n\u00e3o h\u00e1 liga\u00e7\u00e3o entre gerir bem ou mal uma empresa em fun\u00e7\u00e3o dela ser administrada pelo poder p\u00fablico ou privado.<\/p>\n<p>&#8220;Fosse isso, o mero fato de uma empresa ser privada a tornaria imune a dificuldade financeira, recupera\u00e7\u00e3o judicial ou mesmo a fal\u00eancia. Por outro lado, empresas p\u00fablicas que atravessam dificuldades semelhantes n\u00e3o quebram, pois s\u00e3o socorridas pelo Tesouro, recurso de todos contribuintes. Portanto, a quest\u00e3o que parece ser mais l\u00f3gica de ser levada ao debate n\u00e3o \u00e9 simplesmente a de &#8216;<strong>privatizar ou n\u00e3o<\/strong>&#8216;. Isso porque, quando colocada desta forma, h\u00e1 normalmente um encaminhamento ideol\u00f3gico (para um lado ou outro) e se foge da quest\u00e3o real&#8221;, afirma Gomes.<\/p>\n<p><a href=\"https:\/\/www.suno.com.br\/noticias\/correios-magalu-amazon-desafios\/\">Saiba mais: Correios podem aumentar sinergia para Magalu e Amazon, mas h\u00e1 desafios<\/a><\/p>\n<p>Ainda sobre o tema &#8220;<strong>privatiza\u00e7\u00e3o<\/strong>&#8220;, o secret\u00e1rio geral da FENTECT destacou que a ideia de que os Correios d\u00e3o preju\u00edzo ao Governo n\u00e3o \u00e9 real. &#8220;Essa coisa de que os Brasileiros pagam impostos pra manter a empresa&#8230; isso \u00e9 uma grande mentira. O brasileiro n\u00e3o p\u00f5e dinheiro dentro dos Correios&#8221;, afirmou Jos\u00e9 Rivaldo. Apesar de ser contra a privatiza\u00e7\u00e3o, a FENTECT tamb\u00e9m n\u00e3o \u00e9 a favor da atual administra\u00e7\u00e3o dos Correios. Para Rivaldo, a atual gest\u00e3o &#8220;n\u00e3o tem olhar social nem com seus trabalhadores&#8221;. &#8220;A gente esperava muito mais do comando de uma administra\u00e7\u00e3o de uma empresa que tem 100 mil trabalhadores, que est\u00e1 presente em todo pa\u00eds&#8221;, acrescentou Rivaldo.<\/p>\n<h2>Qual seria a melhor sa\u00edda para os Correios?<\/h2>\n<p>Para o especialista em economia, Adriano Gomes, os Correios deixaram de ser, h\u00e1 um bom tempo, uma empresa estrat\u00e9gica. &#8220;Hoje a maior parte de sua receita \u00e9 derivada da entrega de documentos com velocidade e objetos. A qualidade da presta\u00e7\u00e3o do servi\u00e7o e o custo para realiz\u00e1-lo quando comparada com gigantes mundiais \u00e9 o ponto nevr\u00e1lgico. Ali\u00e1s, o mero fato de ser uma empresa de Estado impede que l\u00e1 atr\u00e1s se constru\u00edsse uma vis\u00e3o estrat\u00e9gica de atua\u00e7\u00e3o internacional, por exemplo&#8221;, diz Gomes.<\/p>\n<p>O especialista destaca que, em sua opini\u00e3o, o melhor a ser feito com a empresa \u00e9 &#8220;<strong>aliena\u00e7\u00e3o total<\/strong>&#8220;. &#8220;Sem participa\u00e7\u00e3o do Estado e tampouco de bancos estatais no comando e, muito menos, com a conhecida estrat\u00e9gia de \u201c<a href=\"https:\/\/www.suno.com.br\/artigos\/golden-share\/\">Golden Share<\/a>\u201d que, no final, poder\u00e1 vir a prejudicar o desenvolvimento pleno dos neg\u00f3cios e afastar potenciais interessados&#8221;, acrescenta Gomes.<\/p>\n<p>Por outro lado, o secret\u00e1rio da FENTECT, Jos\u00e9 Rivaldo, afirma que a sa\u00edda seria um novo olhar do governo sobre a empresa e mais investimentos do Estado no neg\u00f3cio.<\/p>\n<div class=\"hubspot-form-wrapper\">\n\t<div id=\"single-form-target\"><\/div>\n<\/div>\n\n<h2>Qual a principal mudan\u00e7a em uma empresa que passa a ser privada?<\/h2>\n<p>Gomes afirma que a mais importante diferen\u00e7a de um empresa privatizada \u00e9 a &#8220;concorr\u00eancia de forma mais severa e, em decorr\u00eancia dela, a busca por funding quer seja ofertando a\u00e7\u00f5es ao mercado, emitindo d\u00edvidas ou buscando linhas de cr\u00e9dito para investimento e giro das opera\u00e7\u00f5es&#8221;.<\/p>\n<p>&#8220;Na gest\u00e3o das pessoas h\u00e1 uma mudan\u00e7a importante: n\u00e3o h\u00e1 estabilidade e os arranjos estruturais podem ser realizados com rapidez e efici\u00eancia&#8221;, destaca, tamb\u00e9m, o mestre em finan\u00e7as.<\/p>\n\t<div data-element=\"shortcode-read-more\" class=\"knowMore\">\n\t\t\t\t<span class=\"knowMore__title\">Saiba mais<\/span>\n\t\t\t\t<a class=\"knowMore__link\" href=\"https:\/\/www.suno.com.br\/noticias\/greve-dos-correios-permanece-sem-acordo-e-julgamento-sera-dia-21-de-setembro\/\">\n\t\t\tGreve dos Correios permanece sem acordo e julgamento ser\u00e1 dia 21 de setembro\t\t<\/a>\n\t<\/div>\n\n\n<p>Na \u00faltima sexta-feira (18), em entrevista ao &#8220;UOL&#8221;, o presidente dos <strong>Correios<\/strong>, general <strong>Floriano Peixoto<\/strong>, disse que o processo de <strong>privatiza\u00e7\u00e3o<\/strong> da companhia j\u00e1 est\u00e1 em andamento.<\/p>\n<h2>Greve dos Correios e aumento no n\u00famero de reclama\u00e7\u00f5es<\/h2>\n<p>De acordo com dados do <strong>Procon-SP<\/strong>, publicados nesta semana, apenas nas duas primeiras semanas completas de setembro a Funda\u00e7\u00e3o de Prote\u00e7\u00e3o e Defesa do Consumidor j\u00e1 registrou 756 reclama\u00e7\u00f5es contra os Correios. No m\u00eas de setembro inteiro de 2019 foram 132 reclama\u00e7\u00f5es. O aumento na compara\u00e7\u00e3o ano a ano foi de 472%. O principal motivo \u00e9 o n\u00e3o fornecimento do servi\u00e7o. De janeiro a agosto deste ano foram registradas 3.504 reclama\u00e7\u00f5es, um aumento de 211% em rela\u00e7\u00e3o ao mesmo intervalo de meses em 2019, quando foram apresentadas 1.125 reclama\u00e7\u00f5es.<\/p>\n<p>Segundo o secret\u00e1rio geral da Fentect, o principal entrave em rela\u00e7\u00e3o a greve que j\u00e1 dura mais de um m\u00eas \u00e9 a postura da diretoria dos <strong>Correios<\/strong>, que n\u00e3o quer negociar com os trabalhadores. &#8220;A administra\u00e7\u00e3o quer usar o Tribunal Superior do Trabalho (TST) para retirar 40% da nossa remunera\u00e7\u00e3o. Tamb\u00e9m n\u00e3o levam em considera\u00e7\u00e3o a vida. Vejo muitas not\u00edcias sobre a empresa, mas n\u00e3o vejo falarem, por exemplo, que j\u00e1 morreram mais de 100 trabalhadores v\u00edtimas do coronav\u00edrus por estarem executando esse servi\u00e7o essencial&#8221;, disse Jos\u00e9 Rivaldo.<\/p>\n\t<p>\n\t\t<a href=\"https:\/\/lp.suno.com.br\/planilha-de-controle-de-investimentos\/\" target=\"_blank\" data-element=\"shortcode-suno-banner\" title=\"Banner SUNO, clique e saiba mais\">\n\t\t\t<picture>\n\t\t\t\t<source media=\"(max-width: 500px)\" srcset=\"https:\/\/files.sunoresearch.com.br\/n\/uploads\/2023\/03\/400x300-Controle-de-Investimentos.png\">\n\t\t\t\t<img class=\"newsContent__article__imgCapa newsContent__article__imgCapa--banner\"\n\t\t\t\t\tsrc=\"https:\/\/files.sunoresearch.com.br\/n\/uploads\/2023\/03\/1420x240-Controle-de-Investimentos.png\"\n\t\t\t\t\tdata-promo-id=\"75934\"\t\t\t\t\t\t\t\t\t\twidth='1420' height='240'\t\t\t\t\talt=\"https:\/\/files.sunoresearch.com.br\/n\/uploads\/2023\/03\/1420x240-Controle-de-Investimentos.png\"\n\t\t\t\t>\n\t\t\t<\/picture>\n\t\t<\/a>\n\t<\/p>\n\n\n","protected":false},"excerpt":{"rendered":"<p>Em greve nacional desde o dia 17 de agosto (pouco mais de um m\u00eas), os Correios t\u00eam sido pauta constante nos principais jornais e portais de not\u00edcias de todo Brasil. Os trabalhadores se manifestam contra a redu\u00e7\u00e3o de 40% em suas rendas, al\u00e9m de outros direitos que est\u00e3o sendo retirados pela administra\u00e7\u00e3o da empresa. Em [&hellip;]<\/p>\n","protected":false},"author":19,"featured_media":85879,"comment_status":"closed","ping_status":"closed","sticky":false,"template":"","format":"standard","meta":[],"categories":[64],"tags":[700,945],"suno_strategy":[],"class_list":["post-85704","post","type-post","status-publish","format-standard","has-post-thumbnail","hentry","category-negocios","tag-correios","tag-privatizacoes"],"yoast_head":"<!-- This site is optimized with the Yoast SEO plugin v24.4 - https:\/\/yoast.com\/wordpress\/plugins\/seo\/ -->\n<title>Correios: Privatizar \u00e9 a melhor solu\u00e7\u00e3o para a empresa?<\/title>\n<meta name=\"description\" content=\"Privatiza\u00e7\u00e3o dos Correios: Confira o que disse um especialista em economia e um representante da FENTECT sobre o assunto. Clique aqui.\" \/>\n<meta name=\"robots\" content=\"index, follow, max-snippet:-1, max-image-preview:large, max-video-preview:-1\" \/>\n<link rel=\"canonical\" href=\"https:\/\/www.suno.com.br\/noticias\/correios-privatizar-melhor-solucao\/\" \/>\n<meta property=\"og:locale\" content=\"pt_BR\" \/>\n<meta property=\"og:type\" content=\"article\" \/>\n<meta property=\"og:title\" content=\"Correios: Privatizar \u00e9 a melhor solu\u00e7\u00e3o para a empresa?\" \/>\n<meta property=\"og:description\" content=\"Privatiza\u00e7\u00e3o dos Correios: Confira o que disse um especialista em economia e um representante da FENTECT sobre o assunto. Clique aqui.\" \/>\n<meta property=\"og:url\" content=\"https:\/\/www.suno.com.br\/noticias\/correios-privatizar-melhor-solucao\/\" \/>\n<meta property=\"og:site_name\" content=\"Suno Not\u00edcias\" \/>\n<meta property=\"article:publisher\" content=\"https:\/\/facebook.com\/sunoresearch\" \/>\n<meta property=\"og:image\" content=\"https:\/\/files.sunoresearch.com.br\/n\/uploads\/2020\/09\/b8e965cd-ffraz_abr_18091923263.jpg\" \/>\n\t<meta property=\"og:image:width\" content=\"1024\" \/>\n\t<meta property=\"og:image:height\" content=\"768\" \/>\n\t<meta property=\"og:image:type\" content=\"image\/jpeg\" \/>\n<meta name=\"author\" content=\"Juliano Passaro\" \/>\n<meta name=\"twitter:card\" content=\"summary_large_image\" \/>\n<meta name=\"twitter:creator\" content=\"@sunoresearch\" \/>\n<meta name=\"twitter:site\" content=\"@sunoresearch\" \/>\n<meta name=\"twitter:label1\" content=\"Escrito por\" \/>\n\t<meta name=\"twitter:data1\" content=\"Juliano Passaro\" \/>\n\t<meta name=\"twitter:label2\" content=\"Est. tempo de leitura\" \/>\n\t<meta name=\"twitter:data2\" content=\"6 minutos\" \/>\n<script type=\"application\/ld+json\" class=\"yoast-schema-graph\">{\"@context\":\"https:\/\/schema.org\",\"@graph\":[{\"@type\":\"NewsArticle\",\"@id\":\"https:\/\/www.suno.com.br\/noticias\/correios-privatizar-melhor-solucao\/#article\",\"isPartOf\":{\"@id\":\"https:\/\/www.suno.com.br\/noticias\/correios-privatizar-melhor-solucao\/\"},\"author\":{\"name\":\"Juliano Passaro\",\"@id\":\"https:\/\/www.suno.com.br\/noticias\/#\/schema\/person\/1db762f78ffd8919a648a63e425953e3\"},\"headline\":\"Correios: Privatizar \u00e9 a melhor solu\u00e7\u00e3o para a empresa?\",\"datePublished\":\"2020-09-20T20:53:40+00:00\",\"dateModified\":\"2020-09-22T16:57:32+00:00\",\"mainEntityOfPage\":{\"@id\":\"https:\/\/www.suno.com.br\/noticias\/correios-privatizar-melhor-solucao\/\"},\"wordCount\":1215,\"publisher\":{\"@id\":\"https:\/\/www.suno.com.br\/noticias\/#organization\"},\"image\":{\"@id\":\"https:\/\/www.suno.com.br\/noticias\/correios-privatizar-melhor-solucao\/#primaryimage\"},\"thumbnailUrl\":\"https:\/\/files.sunoresearch.com.br\/n\/uploads\/2020\/09\/b8e965cd-ffraz_abr_18091923263-jpg.webp\",\"keywords\":[\"Correios\",\"privatiza\u00e7\u00f5es\"],\"articleSection\":[\"Neg\u00f3cios\"],\"inLanguage\":\"pt-BR\"},{\"@type\":\"WebPage\",\"@id\":\"https:\/\/www.suno.com.br\/noticias\/correios-privatizar-melhor-solucao\/\",\"url\":\"https:\/\/www.suno.com.br\/noticias\/correios-privatizar-melhor-solucao\/\",\"name\":\"Correios: Privatizar \u00e9 a melhor solu\u00e7\u00e3o para a empresa?\",\"isPartOf\":{\"@id\":\"https:\/\/www.suno.com.br\/noticias\/#website\"},\"primaryImageOfPage\":{\"@id\":\"https:\/\/www.suno.com.br\/noticias\/correios-privatizar-melhor-solucao\/#primaryimage\"},\"image\":{\"@id\":\"https:\/\/www.suno.com.br\/noticias\/correios-privatizar-melhor-solucao\/#primaryimage\"},\"thumbnailUrl\":\"https:\/\/files.sunoresearch.com.br\/n\/uploads\/2020\/09\/b8e965cd-ffraz_abr_18091923263-jpg.webp\",\"datePublished\":\"2020-09-20T20:53:40+00:00\",\"dateModified\":\"2020-09-22T16:57:32+00:00\",\"description\":\"Privatiza\u00e7\u00e3o dos Correios: Confira o que disse um especialista em economia e um representante da FENTECT sobre o assunto. Clique aqui.\",\"breadcrumb\":{\"@id\":\"https:\/\/www.suno.com.br\/noticias\/correios-privatizar-melhor-solucao\/#breadcrumb\"},\"inLanguage\":\"pt-BR\",\"potentialAction\":[{\"@type\":\"ReadAction\",\"target\":[\"https:\/\/www.suno.com.br\/noticias\/correios-privatizar-melhor-solucao\/\"]}]},{\"@type\":\"ImageObject\",\"inLanguage\":\"pt-BR\",\"@id\":\"https:\/\/www.suno.com.br\/noticias\/correios-privatizar-melhor-solucao\/#primaryimage\",\"url\":\"https:\/\/files.sunoresearch.com.br\/n\/uploads\/2020\/09\/b8e965cd-ffraz_abr_18091923263-jpg.webp\",\"contentUrl\":\"https:\/\/files.sunoresearch.com.br\/n\/uploads\/2020\/09\/b8e965cd-ffraz_abr_18091923263-jpg.webp\",\"width\":1024,\"height\":768,\"caption\":\"Movimento no Centro de Tratamento de Encomendas dos Correios. (foto: Ag\u00eancia Brasil)\"},{\"@type\":\"BreadcrumbList\",\"@id\":\"https:\/\/www.suno.com.br\/noticias\/correios-privatizar-melhor-solucao\/#breadcrumb\",\"itemListElement\":[{\"@type\":\"ListItem\",\"position\":1,\"name\":\"Not\u00edcias\",\"item\":\"https:\/\/www.suno.com.br\/noticias\/\"},{\"@type\":\"ListItem\",\"position\":2,\"name\":\"Neg\u00f3cios\",\"item\":\"https:\/\/www.suno.com.br\/noticias\/negocios\/\"},{\"@type\":\"ListItem\",\"position\":3,\"name\":\"Correios: Privatizar \u00e9 a melhor solu\u00e7\u00e3o para a empresa?\"}]},{\"@type\":\"WebSite\",\"@id\":\"https:\/\/www.suno.com.br\/noticias\/#website\",\"url\":\"https:\/\/www.suno.com.br\/noticias\/\",\"name\":\"Suno Not\u00edcias\",\"description\":\"Seu portal de informa\u00e7\u00e3o sobre o mundo dos investimentos\",\"publisher\":{\"@id\":\"https:\/\/www.suno.com.br\/noticias\/#organization\"},\"potentialAction\":[{\"@type\":\"SearchAction\",\"target\":{\"@type\":\"EntryPoint\",\"urlTemplate\":\"https:\/\/www.suno.com.br\/noticias\/?s={search_term_string}\"},\"query-input\":{\"@type\":\"PropertyValueSpecification\",\"valueRequired\":true,\"valueName\":\"search_term_string\"}}],\"inLanguage\":\"pt-BR\"},{\"@type\":\"Organization\",\"@id\":\"https:\/\/www.suno.com.br\/noticias\/#organization\",\"name\":\"Suno Not\u00edcias\",\"url\":\"https:\/\/www.suno.com.br\/noticias\/\",\"logo\":{\"@type\":\"ImageObject\",\"inLanguage\":\"pt-BR\",\"@id\":\"https:\/\/www.suno.com.br\/noticias\/#\/schema\/logo\/image\/\",\"url\":\"https:\/\/files.sunoresearch.com.br\/n\/uploads\/2021\/09\/suno-logo.png\",\"contentUrl\":\"https:\/\/files.sunoresearch.com.br\/n\/uploads\/2021\/09\/suno-logo.png\",\"width\":180,\"height\":180,\"caption\":\"Suno Not\u00edcias\"},\"image\":{\"@id\":\"https:\/\/www.suno.com.br\/noticias\/#\/schema\/logo\/image\/\"},\"sameAs\":[\"https:\/\/facebook.com\/sunoresearch\",\"https:\/\/x.com\/sunoresearch\",\"https:\/\/www.instagram.com\/suno\",\"https:\/\/www.linkedin.com\/company\/suno-research\/\",\"https:\/\/www.youtube.com\/c\/sunoresearch\"]},{\"@type\":\"Person\",\"@id\":\"https:\/\/www.suno.com.br\/noticias\/#\/schema\/person\/1db762f78ffd8919a648a63e425953e3\",\"name\":\"Juliano Passaro\",\"image\":{\"@type\":\"ImageObject\",\"inLanguage\":\"pt-BR\",\"@id\":\"https:\/\/www.suno.com.br\/noticias\/#\/schema\/person\/image\/\",\"url\":\"https:\/\/secure.gravatar.com\/avatar\/743d4df28eebf6dcc46b4ad03c319e92?s=96&r=g\",\"contentUrl\":\"https:\/\/secure.gravatar.com\/avatar\/743d4df28eebf6dcc46b4ad03c319e92?s=96&r=g\",\"caption\":\"Juliano Passaro\"},\"description\":\"Juliano Passaro escreve sobre pol\u00edtica, economia e neg\u00f3cios para o portal da Suno Research. Antes da Suno, trabalhou no Portal da Band. \u00c9 formado em jornalismo pela Universidade Presbiteriana Mackenzie.\",\"url\":\"https:\/\/www.suno.com.br\/noticias\/author\/juliano\/\"}]}<\/script>\n<!-- \/ Yoast SEO plugin. -->","yoast_head_json":{"title":"Correios: Privatizar \u00e9 a melhor solu\u00e7\u00e3o para a empresa?","description":"Privatiza\u00e7\u00e3o dos Correios: Confira o que disse um especialista em economia e um representante da FENTECT sobre o assunto. Clique aqui.","robots":{"index":"index","follow":"follow","max-snippet":"max-snippet:-1","max-image-preview":"max-image-preview:large","max-video-preview":"max-video-preview:-1"},"canonical":"https:\/\/www.suno.com.br\/noticias\/correios-privatizar-melhor-solucao\/","og_locale":"pt_BR","og_type":"article","og_title":"Correios: Privatizar \u00e9 a melhor solu\u00e7\u00e3o para a empresa?","og_description":"Privatiza\u00e7\u00e3o dos Correios: Confira o que disse um especialista em economia e um representante da FENTECT sobre o assunto. Clique aqui.","og_url":"https:\/\/www.suno.com.br\/noticias\/correios-privatizar-melhor-solucao\/","og_site_name":"Suno Not\u00edcias","article_publisher":"https:\/\/facebook.com\/sunoresearch","og_image":[{"width":1024,"height":768,"url":"https:\/\/files.sunoresearch.com.br\/n\/uploads\/2020\/09\/b8e965cd-ffraz_abr_18091923263.jpg","type":"image\/jpeg"}],"author":"Juliano Passaro","twitter_card":"summary_large_image","twitter_creator":"@sunoresearch","twitter_site":"@sunoresearch","twitter_misc":{"Escrito por":"Juliano Passaro","Est. tempo de leitura":"6 minutos"},"schema":{"@context":"https:\/\/schema.org","@graph":[{"@type":"NewsArticle","@id":"https:\/\/www.suno.com.br\/noticias\/correios-privatizar-melhor-solucao\/#article","isPartOf":{"@id":"https:\/\/www.suno.com.br\/noticias\/correios-privatizar-melhor-solucao\/"},"author":{"name":"Juliano Passaro","@id":"https:\/\/www.suno.com.br\/noticias\/#\/schema\/person\/1db762f78ffd8919a648a63e425953e3"},"headline":"Correios: Privatizar \u00e9 a melhor solu\u00e7\u00e3o para a empresa?","datePublished":"2020-09-20T20:53:40+00:00","dateModified":"2020-09-22T16:57:32+00:00","mainEntityOfPage":{"@id":"https:\/\/www.suno.com.br\/noticias\/correios-privatizar-melhor-solucao\/"},"wordCount":1215,"publisher":{"@id":"https:\/\/www.suno.com.br\/noticias\/#organization"},"image":{"@id":"https:\/\/www.suno.com.br\/noticias\/correios-privatizar-melhor-solucao\/#primaryimage"},"thumbnailUrl":"https:\/\/files.sunoresearch.com.br\/n\/uploads\/2020\/09\/b8e965cd-ffraz_abr_18091923263-jpg.webp","keywords":["Correios","privatiza\u00e7\u00f5es"],"articleSection":["Neg\u00f3cios"],"inLanguage":"pt-BR"},{"@type":"WebPage","@id":"https:\/\/www.suno.com.br\/noticias\/correios-privatizar-melhor-solucao\/","url":"https:\/\/www.suno.com.br\/noticias\/correios-privatizar-melhor-solucao\/","name":"Correios: Privatizar \u00e9 a melhor solu\u00e7\u00e3o para a empresa?","isPartOf":{"@id":"https:\/\/www.suno.com.br\/noticias\/#website"},"primaryImageOfPage":{"@id":"https:\/\/www.suno.com.br\/noticias\/correios-privatizar-melhor-solucao\/#primaryimage"},"image":{"@id":"https:\/\/www.suno.com.br\/noticias\/correios-privatizar-melhor-solucao\/#primaryimage"},"thumbnailUrl":"https:\/\/files.sunoresearch.com.br\/n\/uploads\/2020\/09\/b8e965cd-ffraz_abr_18091923263-jpg.webp","datePublished":"2020-09-20T20:53:40+00:00","dateModified":"2020-09-22T16:57:32+00:00","description":"Privatiza\u00e7\u00e3o dos Correios: Confira o que disse um especialista em economia e um representante da FENTECT sobre o assunto. Clique aqui.","breadcrumb":{"@id":"https:\/\/www.suno.com.br\/noticias\/correios-privatizar-melhor-solucao\/#breadcrumb"},"inLanguage":"pt-BR","potentialAction":[{"@type":"ReadAction","target":["https:\/\/www.suno.com.br\/noticias\/correios-privatizar-melhor-solucao\/"]}]},{"@type":"ImageObject","inLanguage":"pt-BR","@id":"https:\/\/www.suno.com.br\/noticias\/correios-privatizar-melhor-solucao\/#primaryimage","url":"https:\/\/files.sunoresearch.com.br\/n\/uploads\/2020\/09\/b8e965cd-ffraz_abr_18091923263-jpg.webp","contentUrl":"https:\/\/files.sunoresearch.com.br\/n\/uploads\/2020\/09\/b8e965cd-ffraz_abr_18091923263-jpg.webp","width":1024,"height":768,"caption":"Movimento no Centro de Tratamento de Encomendas dos Correios. (foto: Ag\u00eancia Brasil)"},{"@type":"BreadcrumbList","@id":"https:\/\/www.suno.com.br\/noticias\/correios-privatizar-melhor-solucao\/#breadcrumb","itemListElement":[{"@type":"ListItem","position":1,"name":"Not\u00edcias","item":"https:\/\/www.suno.com.br\/noticias\/"},{"@type":"ListItem","position":2,"name":"Neg\u00f3cios","item":"https:\/\/www.suno.com.br\/noticias\/negocios\/"},{"@type":"ListItem","position":3,"name":"Correios: Privatizar \u00e9 a melhor solu\u00e7\u00e3o para a empresa?"}]},{"@type":"WebSite","@id":"https:\/\/www.suno.com.br\/noticias\/#website","url":"https:\/\/www.suno.com.br\/noticias\/","name":"Suno Not\u00edcias","description":"Seu portal de informa\u00e7\u00e3o sobre o mundo dos investimentos","publisher":{"@id":"https:\/\/www.suno.com.br\/noticias\/#organization"},"potentialAction":[{"@type":"SearchAction","target":{"@type":"EntryPoint","urlTemplate":"https:\/\/www.suno.com.br\/noticias\/?s={search_term_string}"},"query-input":{"@type":"PropertyValueSpecification","valueRequired":true,"valueName":"search_term_string"}}],"inLanguage":"pt-BR"},{"@type":"Organization","@id":"https:\/\/www.suno.com.br\/noticias\/#organization","name":"Suno Not\u00edcias","url":"https:\/\/www.suno.com.br\/noticias\/","logo":{"@type":"ImageObject","inLanguage":"pt-BR","@id":"https:\/\/www.suno.com.br\/noticias\/#\/schema\/logo\/image\/","url":"https:\/\/files.sunoresearch.com.br\/n\/uploads\/2021\/09\/suno-logo.png","contentUrl":"https:\/\/files.sunoresearch.com.br\/n\/uploads\/2021\/09\/suno-logo.png","width":180,"height":180,"caption":"Suno Not\u00edcias"},"image":{"@id":"https:\/\/www.suno.com.br\/noticias\/#\/schema\/logo\/image\/"},"sameAs":["https:\/\/facebook.com\/sunoresearch","https:\/\/x.com\/sunoresearch","https:\/\/www.instagram.com\/suno","https:\/\/www.linkedin.com\/company\/suno-research\/","https:\/\/www.youtube.com\/c\/sunoresearch"]},{"@type":"Person","@id":"https:\/\/www.suno.com.br\/noticias\/#\/schema\/person\/1db762f78ffd8919a648a63e425953e3","name":"Juliano Passaro","image":{"@type":"ImageObject","inLanguage":"pt-BR","@id":"https:\/\/www.suno.com.br\/noticias\/#\/schema\/person\/image\/","url":"https:\/\/secure.gravatar.com\/avatar\/743d4df28eebf6dcc46b4ad03c319e92?s=96&r=g","contentUrl":"https:\/\/secure.gravatar.com\/avatar\/743d4df28eebf6dcc46b4ad03c319e92?s=96&r=g","caption":"Juliano Passaro"},"description":"Juliano Passaro escreve sobre pol\u00edtica, economia e neg\u00f3cios para o portal da Suno Research. Antes da Suno, trabalhou no Portal da Band. \u00c9 formado em jornalismo pela Universidade Presbiteriana Mackenzie.","url":"https:\/\/www.suno.com.br\/noticias\/author\/juliano\/"}]}},"default_loop_html":"<div class=\"cardsPage__listCard__boxs\"><div class=\"cardsPage__listCard__boxs__img\"><a href=\"https:\/\/www.suno.com.br\/noticias\/correios-privatizar-melhor-solucao\/\"><img class=\"mask\" src=\"https:\/\/www.suno.com.br\/noticias\/wp-content\/themes\/suno\/resources\/images\/spotlight\/spotlight1img\/bg-mask.png\" alt=\"Image Mask\"\/><img src=\"https:\/\/files.sunoresearch.com.br\/n\/uploads\/2020\/09\/b8e965cd-ffraz_abr_18091923263-400x200.webp\" alt=\"Correios: Privatizar \u00e9 a melhor solu\u00e7\u00e3o para a empresa?\"\/><\/a><span class=\"spotlightCategory\"><a href=\"https:\/\/www.suno.com.br\/noticias\/negocios\/\">Neg\u00f3cios<\/a><\/span><\/div><div class=\"cardsPage__listCard__boxs__content\"><a href=\"https:\/\/www.suno.com.br\/noticias\/correios-privatizar-melhor-solucao\/\"><h2 class=\"content__title\">Correios: Privatizar \u00e9 a melhor solu\u00e7\u00e3o para a empresa?<\/h2><\/a><div class=\"newsContent__article__meta\"><div class=\"newsContent__article__meta__authorBox\"><a href=\"https:\/\/www.suno.com.br\/noticias\/author\/juliano\/\" class=\"authorBox__avatar noMobi\"><img src=\"https:\/\/files.sunoresearch.com.br\/n\/uploads\/2019\/06\/7cc3efea-whatsapp-image-2019-07-18-at-21.59.33-e1563499821209-150x150.webp\" alt=\"Juliano Passaro\"><\/a><div class=\"authorBox__name\"><span>por\n\t\t\t<a href=\"https:\/\/www.suno.com.br\/noticias\/author\/juliano\/\"><span itemprop=\"author\">Juliano Passaro<\/span><\/a><\/span><time datetime=\"2020-09-20T17:53:40-03:00\" itemprop=\"datePublished\">20\/09\/2020 17:53<\/time><\/div><\/div><\/div><\/div><\/div>","single_layout":"posts","amp_enabled":true,"_links":{"self":[{"href":"https:\/\/www.suno.com.br\/noticias\/wp-json\/wp\/v2\/posts\/85704"}],"collection":[{"href":"https:\/\/www.suno.com.br\/noticias\/wp-json\/wp\/v2\/posts"}],"about":[{"href":"https:\/\/www.suno.com.br\/noticias\/wp-json\/wp\/v2\/types\/post"}],"author":[{"embeddable":true,"href":"https:\/\/www.suno.com.br\/noticias\/wp-json\/wp\/v2\/users\/19"}],"replies":[{"embeddable":true,"href":"https:\/\/www.suno.com.br\/noticias\/wp-json\/wp\/v2\/comments?post=85704"}],"version-history":[{"count":0,"href":"https:\/\/www.suno.com.br\/noticias\/wp-json\/wp\/v2\/posts\/85704\/revisions"}],"wp:featuredmedia":[{"embeddable":true,"href":"https:\/\/www.suno.com.br\/noticias\/wp-json\/wp\/v2\/media\/85879"}],"wp:attachment":[{"href":"https:\/\/www.suno.com.br\/noticias\/wp-json\/wp\/v2\/media?parent=85704"}],"wp:term":[{"taxonomy":"category","embeddable":true,"href":"https:\/\/www.suno.com.br\/noticias\/wp-json\/wp\/v2\/categories?post=85704"},{"taxonomy":"post_tag","embeddable":true,"href":"https:\/\/www.suno.com.br\/noticias\/wp-json\/wp\/v2\/tags?post=85704"},{"taxonomy":"suno_strategy","embeddable":true,"href":"https:\/\/www.suno.com.br\/noticias\/wp-json\/wp\/v2\/suno_strategy?post=85704"}],"curies":[{"name":"wp","href":"https:\/\/api.w.org\/{rel}","templated":true}]}}