{"id":85671,"date":"2020-09-18T11:07:54","date_gmt":"2020-09-18T14:07:54","guid":{"rendered":"https:\/\/www.suno.com.br\/noticias\/?p=85671"},"modified":"2020-09-18T11:07:54","modified_gmt":"2020-09-18T14:07:54","slug":"notredame-intermedica-gndi3-aumento-de-capital","status":"publish","type":"post","link":"https:\/\/www.suno.com.br\/noticias\/notredame-intermedica-gndi3-aumento-de-capital\/","title":{"rendered":"NotreDame Interm\u00e9dica (GNDI3) aumentar\u00e1 capital em R$ 120,2 milh\u00f5es"},"content":{"rendered":"<p>A <a href=\"https:\/\/www.suno.com.br\/acoes\/gndi3\/\"><strong>Notre<\/strong><strong>Dame<\/strong> <strong>Interm\u00e9dica<\/strong> (GNDI3)<\/a>\u00a0informou, na noite da \u00faltima quinta-feira (17), que seu Conselho de Administra\u00e7\u00e3o aprovou o <a href=\"https:\/\/www.suno.com.br\/artigos\/aumento-capital\/\">aumento do capital<\/a> social da empresa, dentro do limite autorizado. O aumento de R$ 120,2 milh\u00f5es ser\u00e1 realizado por meio da subscri\u00e7\u00e3o de 6.094.325 a\u00e7\u00f5es ordin\u00e1rias.<\/p>\t<div class=\"wrapper-featured-image\">\n\t\t<figure class=\"spotlightImg\">\n\n\t\t\t<picture>\n\t\t\t\t<source media=\"(max-width: 768px)\" srcset=\"https:\/\/files.sunoresearch.com.br\/n\/uploads\/2020\/09\/e217310b-notredame--400x200.webp\">\n\t\t\t\t<img loading=\"lazy\" decoding=\"async\" class=\"newsContent__article__imgCapa lazyloadDisabled \" src=\"https:\/\/files.sunoresearch.com.br\/n\/uploads\/2020\/09\/e217310b-notredame--800x450.webp\" width=\"800\" height=\"450\" alt=\"NotreDame Interm\u00e9dica (GNDI3) aumentar\u00e1 capital em R$ 120,2 milh\u00f5es\" fetchpriority=high \/>\n\t\t\t<\/picture>\n\n\t\t\t<figcaption class=\"wp-caption-text wp-caption-text--show\">Notre Dame Interm\u00e9dica (Foto: Divulga\u00e7\u00e3o)<\/figcaption>\n\t\t<\/figure>\n\t<\/div>\n\n\n<div class=\"hubspot-form-wrapper\">\n\t<div id=\"single-form-target\"><\/div>\n<\/div>\n\n<p>Dessa forma, o capital social da NotreDame Interm\u00e9dica passar\u00e1 a ser de R$ 5,64 bilh\u00f5es. A opera\u00e7\u00e3o ocorrer\u00e1 em raz\u00e3o do exerc\u00edcio de op\u00e7\u00f5es de compra de a\u00e7\u00f5es do \u00e2mbito do Plano de Outorga de Op\u00e7\u00e3o de Compra de a\u00e7\u00f5es da empresa, aprovado em assembleia no dia 28 de mar\u00e7o do ano passado.<\/p>\n<p>O <strong>aumento de capital<\/strong> resultou em dilui\u00e7\u00e3o patrimonial de 0,999%, de acordo com o comunicado da empresa. Atualmente, a empresa possui 609.787.507 a\u00e7\u00f5es emitidas, entre controladas por administradores, mantidas em tesouraria ou em livre circula\u00e7\u00e3o (<a href=\"https:\/\/www.suno.com.br\/artigos\/free-float\/\"><em>free float<\/em><\/a>), perfazendo um <a href=\"https:\/\/www.suno.com.br\/artigos\/valor-de-mercado\/#:~:text=O%20Valor%20de%20Mercado%20%C3%A9,o%20patrim%C3%B4nio%20l%C3%ADquido%20da%20empresa.\">valor de mercado<\/a> de R$ 42,5 bilh\u00f5es.<\/p>\n<p><a href=\"https:\/\/lp.suno.com.br\/suno-one\/\">No Suno One voc\u00ea aprende a fazer seu dinheiro para trabalhar para voc\u00ea. Cadastre-se gratuitamente agora!<\/a><\/p>\n<h2>NotreDame Interm\u00e9dica compra Medisanitas Brasil<\/h2>\n<p>A NotreDame informou ao mercado, no fim do m\u00eas passado, a compra da OSI Brasil, controladora da Medisanitas Brasil, por R$ 1 bilh\u00e3o.Com a conclus\u00e3o da transa\u00e7\u00e3o, a companhia passar\u00e1 a deter, de forma indireta, 100% de cada uma das sociedades que comp\u00f5e o Grupo Medisanitas Brasil.<\/p>\n<p>O pre\u00e7o da aquisi\u00e7\u00e3o ser\u00e1 pago \u00e0 vista, acrescido do caixa l\u00edquido, sendo que R$ 100 milh\u00f5es ser\u00e3o destinados a &#8220;constitui\u00e7\u00e3o de uma conta garantia para conting\u00eancias futuras&#8221;, informou a companhia. &#8220;Desde sua entrada em territ\u00f3rio brasileiro, em 2011, o Medisanitas vem se consolidando em uma posi\u00e7\u00e3o de destaque no mercado de sa\u00fade suplementar nacional, em especial Minas Gerais&#8221;, pontua a Interm\u00e9dica em seu comunicado.<\/p>\n\t<div data-element=\"shortcode-read-more\" class=\"knowMore\">\n\t\t\t\t<span class=\"knowMore__title\">Veja tamb\u00e9m<\/span>\n\t\t\t\t<a class=\"knowMore__link\" href=\"https:\/\/www.suno.com.br\/noticias\/qualicorp-qual3-firma-parceria-notre-dame-intermedica-gndi3\/\">\n\t\t\tQualicorp (QUAL3) firma parceria com Notre Dame Interm\u00e9dica (GNDI3)\t\t<\/a>\n\t<\/div>\n\n\n<p>O Medisanitas Brasil possui uma carteira de aproximadamente 340 mil benefici\u00e1rios de planos de sa\u00fade e 3 mil benefici\u00e1rios dental, localizados majoritariamente em Minas Gerais, sendo 84,3% pertencentes \u00e0 categoria corporativa. A compra da <strong>NotreDame Interm\u00e9dica<\/strong> est\u00e1 sujeita \u00e0 aprova\u00e7\u00e3o da Ag\u00eancia Nacional de Sa\u00fade Suplementar (ANS) e do <a href=\"https:\/\/www.suno.com.br\/artigos\/cade\/\">Conselho Administrativo de Defesa Econ\u00f4mica (Cade)<\/a>.<\/p>\n\t<p>\n\t\t<a href=\"https:\/\/lp.suno.com.br\/planilha-de-controle-de-investimentos\/\" target=\"_blank\" data-element=\"shortcode-suno-banner\" title=\"Banner SUNO, clique e saiba mais\">\n\t\t\t<picture>\n\t\t\t\t<source media=\"(max-width: 500px)\" srcset=\"https:\/\/files.sunoresearch.com.br\/n\/uploads\/2023\/03\/400x300-Controle-de-Investimentos.png\">\n\t\t\t\t<img class=\"newsContent__article__imgCapa newsContent__article__imgCapa--banner\"\n\t\t\t\t\tsrc=\"https:\/\/files.sunoresearch.com.br\/n\/uploads\/2023\/03\/1420x240-Controle-de-Investimentos.png\"\n\t\t\t\t\tdata-promo-id=\"75934\"\t\t\t\t\t\t\t\t\t\twidth='1420' height='240'\t\t\t\t\talt=\"https:\/\/files.sunoresearch.com.br\/n\/uploads\/2023\/03\/1420x240-Controle-de-Investimentos.png\"\n\t\t\t\t>\n\t\t\t<\/picture>\n\t\t<\/a>\n\t<\/p>\n\n\n","protected":false},"excerpt":{"rendered":"<p>A NotreDame Interm\u00e9dica (GNDI3)\u00a0informou, na noite da \u00faltima quinta-feira (17), que seu Conselho de Administra\u00e7\u00e3o aprovou o aumento do capital social da empresa, dentro do limite autorizado. O aumento de R$ 120,2 milh\u00f5es ser\u00e1 realizado por meio da subscri\u00e7\u00e3o de 6.094.325 a\u00e7\u00f5es ordin\u00e1rias. Notre Dame Interm\u00e9dica (Foto: Divulga\u00e7\u00e3o) Dessa forma, o capital social da NotreDame [&hellip;]<\/p>\n","protected":false},"author":24,"featured_media":85680,"comment_status":"closed","ping_status":"closed","sticky":false,"template":"","format":"standard","meta":[],"categories":[64],"tags":[1438],"suno_strategy":[],"class_list":["post-85671","post","type-post","status-publish","format-standard","has-post-thumbnail","hentry","category-negocios","tag-aumento-de-capital"],"yoast_head":"<!-- This site is optimized with the Yoast SEO plugin v24.4 - https:\/\/yoast.com\/wordpress\/plugins\/seo\/ -->\n<title>NotreDame Interm\u00e9dica (GNDI3) aumentar\u00e1 capital em R$ 120,2 milh\u00f5es<\/title>\n<meta name=\"description\" content=\"A NotreDame Interm\u00e9dica (GNDI3)\u00a0informou que seu Conselho aprovou o aumento do capital social da empresa. Clique e saiba mais.\" \/>\n<meta name=\"robots\" content=\"index, follow, max-snippet:-1, max-image-preview:large, max-video-preview:-1\" \/>\n<link rel=\"canonical\" href=\"https:\/\/www.suno.com.br\/noticias\/notredame-intermedica-gndi3-aumento-de-capital\/\" \/>\n<meta property=\"og:locale\" content=\"pt_BR\" \/>\n<meta property=\"og:type\" content=\"article\" \/>\n<meta property=\"og:title\" content=\"NotreDame Interm\u00e9dica (GNDI3) aumentar\u00e1 capital em R$ 120,2 milh\u00f5es\" \/>\n<meta property=\"og:description\" content=\"A NotreDame Interm\u00e9dica (GNDI3)\u00a0informou que seu Conselho aprovou o aumento do capital social da empresa. Clique e saiba mais.\" \/>\n<meta property=\"og:url\" content=\"https:\/\/www.suno.com.br\/noticias\/notredame-intermedica-gndi3-aumento-de-capital\/\" \/>\n<meta property=\"og:site_name\" content=\"Suno Not\u00edcias\" \/>\n<meta property=\"article:publisher\" content=\"https:\/\/facebook.com\/sunoresearch\" \/>\n<meta property=\"og:image\" content=\"https:\/\/files.sunoresearch.com.br\/n\/uploads\/2020\/09\/e217310b-notredame-.jpg\" \/>\n\t<meta property=\"og:image:width\" content=\"1200\" \/>\n\t<meta property=\"og:image:height\" content=\"744\" \/>\n\t<meta property=\"og:image:type\" content=\"image\/jpeg\" \/>\n<meta name=\"author\" content=\"Jader Lazarini\" \/>\n<meta name=\"twitter:card\" content=\"summary_large_image\" \/>\n<meta name=\"twitter:creator\" content=\"@sunoresearch\" \/>\n<meta name=\"twitter:site\" content=\"@sunoresearch\" \/>\n<meta name=\"twitter:label1\" content=\"Escrito por\" \/>\n\t<meta name=\"twitter:data1\" content=\"Jader Lazarini\" \/>\n\t<meta name=\"twitter:label2\" content=\"Est. tempo de leitura\" \/>\n\t<meta name=\"twitter:data2\" content=\"2 minutos\" \/>\n<script type=\"application\/ld+json\" class=\"yoast-schema-graph\">{\"@context\":\"https:\/\/schema.org\",\"@graph\":[{\"@type\":\"NewsArticle\",\"@id\":\"https:\/\/www.suno.com.br\/noticias\/notredame-intermedica-gndi3-aumento-de-capital\/#article\",\"isPartOf\":{\"@id\":\"https:\/\/www.suno.com.br\/noticias\/notredame-intermedica-gndi3-aumento-de-capital\/\"},\"author\":{\"name\":\"Jader Lazarini\",\"@id\":\"https:\/\/www.suno.com.br\/noticias\/#\/schema\/person\/918d79de1f0281f01599b93f9ea6e23f\"},\"headline\":\"NotreDame Interm\u00e9dica (GNDI3) aumentar\u00e1 capital em R$ 120,2 milh\u00f5es\",\"datePublished\":\"2020-09-18T14:07:54+00:00\",\"mainEntityOfPage\":{\"@id\":\"https:\/\/www.suno.com.br\/noticias\/notredame-intermedica-gndi3-aumento-de-capital\/\"},\"wordCount\":394,\"publisher\":{\"@id\":\"https:\/\/www.suno.com.br\/noticias\/#organization\"},\"image\":{\"@id\":\"https:\/\/www.suno.com.br\/noticias\/notredame-intermedica-gndi3-aumento-de-capital\/#primaryimage\"},\"thumbnailUrl\":\"https:\/\/files.sunoresearch.com.br\/n\/uploads\/2020\/09\/e217310b-notredame--jpg.webp\",\"keywords\":[\"aumento de capital\"],\"articleSection\":[\"Neg\u00f3cios\"],\"inLanguage\":\"pt-BR\"},{\"@type\":\"WebPage\",\"@id\":\"https:\/\/www.suno.com.br\/noticias\/notredame-intermedica-gndi3-aumento-de-capital\/\",\"url\":\"https:\/\/www.suno.com.br\/noticias\/notredame-intermedica-gndi3-aumento-de-capital\/\",\"name\":\"NotreDame Interm\u00e9dica (GNDI3) aumentar\u00e1 capital em R$ 120,2 milh\u00f5es\",\"isPartOf\":{\"@id\":\"https:\/\/www.suno.com.br\/noticias\/#website\"},\"primaryImageOfPage\":{\"@id\":\"https:\/\/www.suno.com.br\/noticias\/notredame-intermedica-gndi3-aumento-de-capital\/#primaryimage\"},\"image\":{\"@id\":\"https:\/\/www.suno.com.br\/noticias\/notredame-intermedica-gndi3-aumento-de-capital\/#primaryimage\"},\"thumbnailUrl\":\"https:\/\/files.sunoresearch.com.br\/n\/uploads\/2020\/09\/e217310b-notredame--jpg.webp\",\"datePublished\":\"2020-09-18T14:07:54+00:00\",\"description\":\"A NotreDame Interm\u00e9dica (GNDI3)\u00a0informou que seu Conselho aprovou o aumento do capital social da empresa. Clique e saiba mais.\",\"breadcrumb\":{\"@id\":\"https:\/\/www.suno.com.br\/noticias\/notredame-intermedica-gndi3-aumento-de-capital\/#breadcrumb\"},\"inLanguage\":\"pt-BR\",\"potentialAction\":[{\"@type\":\"ReadAction\",\"target\":[\"https:\/\/www.suno.com.br\/noticias\/notredame-intermedica-gndi3-aumento-de-capital\/\"]}]},{\"@type\":\"ImageObject\",\"inLanguage\":\"pt-BR\",\"@id\":\"https:\/\/www.suno.com.br\/noticias\/notredame-intermedica-gndi3-aumento-de-capital\/#primaryimage\",\"url\":\"https:\/\/files.sunoresearch.com.br\/n\/uploads\/2020\/09\/e217310b-notredame--jpg.webp\",\"contentUrl\":\"https:\/\/files.sunoresearch.com.br\/n\/uploads\/2020\/09\/e217310b-notredame--jpg.webp\",\"width\":1200,\"height\":744,\"caption\":\"Notre Dame Interm\u00e9dica (Foto: Divulga\u00e7\u00e3o)\"},{\"@type\":\"BreadcrumbList\",\"@id\":\"https:\/\/www.suno.com.br\/noticias\/notredame-intermedica-gndi3-aumento-de-capital\/#breadcrumb\",\"itemListElement\":[{\"@type\":\"ListItem\",\"position\":1,\"name\":\"Not\u00edcias\",\"item\":\"https:\/\/www.suno.com.br\/noticias\/\"},{\"@type\":\"ListItem\",\"position\":2,\"name\":\"Neg\u00f3cios\",\"item\":\"https:\/\/www.suno.com.br\/noticias\/negocios\/\"},{\"@type\":\"ListItem\",\"position\":3,\"name\":\"NotreDame Interm\u00e9dica (GNDI3) aumentar\u00e1 capital em R$ 120,2 milh\u00f5es\"}]},{\"@type\":\"WebSite\",\"@id\":\"https:\/\/www.suno.com.br\/noticias\/#website\",\"url\":\"https:\/\/www.suno.com.br\/noticias\/\",\"name\":\"Suno Not\u00edcias\",\"description\":\"Seu portal de informa\u00e7\u00e3o sobre o mundo dos investimentos\",\"publisher\":{\"@id\":\"https:\/\/www.suno.com.br\/noticias\/#organization\"},\"potentialAction\":[{\"@type\":\"SearchAction\",\"target\":{\"@type\":\"EntryPoint\",\"urlTemplate\":\"https:\/\/www.suno.com.br\/noticias\/?s={search_term_string}\"},\"query-input\":{\"@type\":\"PropertyValueSpecification\",\"valueRequired\":true,\"valueName\":\"search_term_string\"}}],\"inLanguage\":\"pt-BR\"},{\"@type\":\"Organization\",\"@id\":\"https:\/\/www.suno.com.br\/noticias\/#organization\",\"name\":\"Suno Not\u00edcias\",\"url\":\"https:\/\/www.suno.com.br\/noticias\/\",\"logo\":{\"@type\":\"ImageObject\",\"inLanguage\":\"pt-BR\",\"@id\":\"https:\/\/www.suno.com.br\/noticias\/#\/schema\/logo\/image\/\",\"url\":\"https:\/\/files.sunoresearch.com.br\/n\/uploads\/2021\/09\/suno-logo.png\",\"contentUrl\":\"https:\/\/files.sunoresearch.com.br\/n\/uploads\/2021\/09\/suno-logo.png\",\"width\":180,\"height\":180,\"caption\":\"Suno Not\u00edcias\"},\"image\":{\"@id\":\"https:\/\/www.suno.com.br\/noticias\/#\/schema\/logo\/image\/\"},\"sameAs\":[\"https:\/\/facebook.com\/sunoresearch\",\"https:\/\/x.com\/sunoresearch\",\"https:\/\/www.instagram.com\/suno\",\"https:\/\/www.linkedin.com\/company\/suno-research\/\",\"https:\/\/www.youtube.com\/c\/sunoresearch\"]},{\"@type\":\"Person\",\"@id\":\"https:\/\/www.suno.com.br\/noticias\/#\/schema\/person\/918d79de1f0281f01599b93f9ea6e23f\",\"name\":\"Jader Lazarini\",\"image\":{\"@type\":\"ImageObject\",\"inLanguage\":\"pt-BR\",\"@id\":\"https:\/\/www.suno.com.br\/noticias\/#\/schema\/person\/image\/\",\"url\":\"https:\/\/secure.gravatar.com\/avatar\/3c1ad8caa51589841baeb923fcddea97?s=96&r=g\",\"contentUrl\":\"https:\/\/secure.gravatar.com\/avatar\/3c1ad8caa51589841baeb923fcddea97?s=96&r=g\",\"caption\":\"Jader Lazarini\"},\"description\":\"Jader Lazarini escreve sobre investimentos, finan\u00e7as, economia e neg\u00f3cios. \u00c9 bacharel em Rela\u00e7\u00f5es Internacionais e analista CNPI (2619).\",\"url\":\"https:\/\/www.suno.com.br\/noticias\/author\/jader-lazarini\/\"}]}<\/script>\n<!-- \/ Yoast SEO plugin. -->","yoast_head_json":{"title":"NotreDame Interm\u00e9dica (GNDI3) aumentar\u00e1 capital em R$ 120,2 milh\u00f5es","description":"A NotreDame Interm\u00e9dica (GNDI3)\u00a0informou que seu Conselho aprovou o aumento do capital social da empresa. Clique e saiba mais.","robots":{"index":"index","follow":"follow","max-snippet":"max-snippet:-1","max-image-preview":"max-image-preview:large","max-video-preview":"max-video-preview:-1"},"canonical":"https:\/\/www.suno.com.br\/noticias\/notredame-intermedica-gndi3-aumento-de-capital\/","og_locale":"pt_BR","og_type":"article","og_title":"NotreDame Interm\u00e9dica (GNDI3) aumentar\u00e1 capital em R$ 120,2 milh\u00f5es","og_description":"A NotreDame Interm\u00e9dica (GNDI3)\u00a0informou que seu Conselho aprovou o aumento do capital social da empresa. Clique e saiba mais.","og_url":"https:\/\/www.suno.com.br\/noticias\/notredame-intermedica-gndi3-aumento-de-capital\/","og_site_name":"Suno Not\u00edcias","article_publisher":"https:\/\/facebook.com\/sunoresearch","og_image":[{"width":1200,"height":744,"url":"https:\/\/files.sunoresearch.com.br\/n\/uploads\/2020\/09\/e217310b-notredame-.jpg","type":"image\/jpeg"}],"author":"Jader Lazarini","twitter_card":"summary_large_image","twitter_creator":"@sunoresearch","twitter_site":"@sunoresearch","twitter_misc":{"Escrito por":"Jader Lazarini","Est. tempo de leitura":"2 minutos"},"schema":{"@context":"https:\/\/schema.org","@graph":[{"@type":"NewsArticle","@id":"https:\/\/www.suno.com.br\/noticias\/notredame-intermedica-gndi3-aumento-de-capital\/#article","isPartOf":{"@id":"https:\/\/www.suno.com.br\/noticias\/notredame-intermedica-gndi3-aumento-de-capital\/"},"author":{"name":"Jader Lazarini","@id":"https:\/\/www.suno.com.br\/noticias\/#\/schema\/person\/918d79de1f0281f01599b93f9ea6e23f"},"headline":"NotreDame Interm\u00e9dica (GNDI3) aumentar\u00e1 capital em R$ 120,2 milh\u00f5es","datePublished":"2020-09-18T14:07:54+00:00","mainEntityOfPage":{"@id":"https:\/\/www.suno.com.br\/noticias\/notredame-intermedica-gndi3-aumento-de-capital\/"},"wordCount":394,"publisher":{"@id":"https:\/\/www.suno.com.br\/noticias\/#organization"},"image":{"@id":"https:\/\/www.suno.com.br\/noticias\/notredame-intermedica-gndi3-aumento-de-capital\/#primaryimage"},"thumbnailUrl":"https:\/\/files.sunoresearch.com.br\/n\/uploads\/2020\/09\/e217310b-notredame--jpg.webp","keywords":["aumento de capital"],"articleSection":["Neg\u00f3cios"],"inLanguage":"pt-BR"},{"@type":"WebPage","@id":"https:\/\/www.suno.com.br\/noticias\/notredame-intermedica-gndi3-aumento-de-capital\/","url":"https:\/\/www.suno.com.br\/noticias\/notredame-intermedica-gndi3-aumento-de-capital\/","name":"NotreDame Interm\u00e9dica (GNDI3) aumentar\u00e1 capital em R$ 120,2 milh\u00f5es","isPartOf":{"@id":"https:\/\/www.suno.com.br\/noticias\/#website"},"primaryImageOfPage":{"@id":"https:\/\/www.suno.com.br\/noticias\/notredame-intermedica-gndi3-aumento-de-capital\/#primaryimage"},"image":{"@id":"https:\/\/www.suno.com.br\/noticias\/notredame-intermedica-gndi3-aumento-de-capital\/#primaryimage"},"thumbnailUrl":"https:\/\/files.sunoresearch.com.br\/n\/uploads\/2020\/09\/e217310b-notredame--jpg.webp","datePublished":"2020-09-18T14:07:54+00:00","description":"A NotreDame Interm\u00e9dica (GNDI3)\u00a0informou que seu Conselho aprovou o aumento do capital social da empresa. Clique e saiba mais.","breadcrumb":{"@id":"https:\/\/www.suno.com.br\/noticias\/notredame-intermedica-gndi3-aumento-de-capital\/#breadcrumb"},"inLanguage":"pt-BR","potentialAction":[{"@type":"ReadAction","target":["https:\/\/www.suno.com.br\/noticias\/notredame-intermedica-gndi3-aumento-de-capital\/"]}]},{"@type":"ImageObject","inLanguage":"pt-BR","@id":"https:\/\/www.suno.com.br\/noticias\/notredame-intermedica-gndi3-aumento-de-capital\/#primaryimage","url":"https:\/\/files.sunoresearch.com.br\/n\/uploads\/2020\/09\/e217310b-notredame--jpg.webp","contentUrl":"https:\/\/files.sunoresearch.com.br\/n\/uploads\/2020\/09\/e217310b-notredame--jpg.webp","width":1200,"height":744,"caption":"Notre Dame Interm\u00e9dica (Foto: Divulga\u00e7\u00e3o)"},{"@type":"BreadcrumbList","@id":"https:\/\/www.suno.com.br\/noticias\/notredame-intermedica-gndi3-aumento-de-capital\/#breadcrumb","itemListElement":[{"@type":"ListItem","position":1,"name":"Not\u00edcias","item":"https:\/\/www.suno.com.br\/noticias\/"},{"@type":"ListItem","position":2,"name":"Neg\u00f3cios","item":"https:\/\/www.suno.com.br\/noticias\/negocios\/"},{"@type":"ListItem","position":3,"name":"NotreDame Interm\u00e9dica (GNDI3) aumentar\u00e1 capital em R$ 120,2 milh\u00f5es"}]},{"@type":"WebSite","@id":"https:\/\/www.suno.com.br\/noticias\/#website","url":"https:\/\/www.suno.com.br\/noticias\/","name":"Suno Not\u00edcias","description":"Seu portal de informa\u00e7\u00e3o sobre o mundo dos investimentos","publisher":{"@id":"https:\/\/www.suno.com.br\/noticias\/#organization"},"potentialAction":[{"@type":"SearchAction","target":{"@type":"EntryPoint","urlTemplate":"https:\/\/www.suno.com.br\/noticias\/?s={search_term_string}"},"query-input":{"@type":"PropertyValueSpecification","valueRequired":true,"valueName":"search_term_string"}}],"inLanguage":"pt-BR"},{"@type":"Organization","@id":"https:\/\/www.suno.com.br\/noticias\/#organization","name":"Suno Not\u00edcias","url":"https:\/\/www.suno.com.br\/noticias\/","logo":{"@type":"ImageObject","inLanguage":"pt-BR","@id":"https:\/\/www.suno.com.br\/noticias\/#\/schema\/logo\/image\/","url":"https:\/\/files.sunoresearch.com.br\/n\/uploads\/2021\/09\/suno-logo.png","contentUrl":"https:\/\/files.sunoresearch.com.br\/n\/uploads\/2021\/09\/suno-logo.png","width":180,"height":180,"caption":"Suno Not\u00edcias"},"image":{"@id":"https:\/\/www.suno.com.br\/noticias\/#\/schema\/logo\/image\/"},"sameAs":["https:\/\/facebook.com\/sunoresearch","https:\/\/x.com\/sunoresearch","https:\/\/www.instagram.com\/suno","https:\/\/www.linkedin.com\/company\/suno-research\/","https:\/\/www.youtube.com\/c\/sunoresearch"]},{"@type":"Person","@id":"https:\/\/www.suno.com.br\/noticias\/#\/schema\/person\/918d79de1f0281f01599b93f9ea6e23f","name":"Jader Lazarini","image":{"@type":"ImageObject","inLanguage":"pt-BR","@id":"https:\/\/www.suno.com.br\/noticias\/#\/schema\/person\/image\/","url":"https:\/\/secure.gravatar.com\/avatar\/3c1ad8caa51589841baeb923fcddea97?s=96&r=g","contentUrl":"https:\/\/secure.gravatar.com\/avatar\/3c1ad8caa51589841baeb923fcddea97?s=96&r=g","caption":"Jader Lazarini"},"description":"Jader Lazarini escreve sobre investimentos, finan\u00e7as, economia e neg\u00f3cios. \u00c9 bacharel em Rela\u00e7\u00f5es Internacionais e analista CNPI (2619).","url":"https:\/\/www.suno.com.br\/noticias\/author\/jader-lazarini\/"}]}},"default_loop_html":"<div class=\"cardsPage__listCard__boxs\"><div class=\"cardsPage__listCard__boxs__img\"><a href=\"https:\/\/www.suno.com.br\/noticias\/notredame-intermedica-gndi3-aumento-de-capital\/\"><img class=\"mask\" src=\"https:\/\/www.suno.com.br\/noticias\/wp-content\/themes\/suno\/resources\/images\/spotlight\/spotlight1img\/bg-mask.png\" alt=\"Image Mask\"\/><img src=\"https:\/\/files.sunoresearch.com.br\/n\/uploads\/2020\/09\/e217310b-notredame--400x200.webp\" alt=\"NotreDame Interm\u00e9dica (GNDI3) aumentar\u00e1 capital em R$ 120,2 milh\u00f5es\"\/><\/a><span class=\"spotlightCategory\"><a href=\"https:\/\/www.suno.com.br\/noticias\/negocios\/\">Neg\u00f3cios<\/a><\/span><\/div><div class=\"cardsPage__listCard__boxs__content\"><a href=\"https:\/\/www.suno.com.br\/noticias\/notredame-intermedica-gndi3-aumento-de-capital\/\"><h2 class=\"content__title\">NotreDame Interm\u00e9dica (GNDI3) aumentar\u00e1 capital em R$ 120,2 milh\u00f5es<\/h2><\/a><div class=\"newsContent__article__meta\"><div class=\"newsContent__article__meta__authorBox\"><a href=\"https:\/\/www.suno.com.br\/noticias\/author\/jader-lazarini\/\" class=\"authorBox__avatar noMobi\"><img src=\"https:\/\/files.sunoresearch.com.br\/n\/uploads\/2021\/01\/178e6598-foto-perfil-2-150x150.jpg\" alt=\"Jader Lazarini\"><\/a><div class=\"authorBox__name\"><span>por\n\t\t\t<a href=\"https:\/\/www.suno.com.br\/noticias\/author\/jader-lazarini\/\"><span itemprop=\"author\">Jader Lazarini<\/span><\/a><\/span><time datetime=\"2020-09-18T11:07:54-03:00\" itemprop=\"datePublished\">18\/09\/2020 11:07<\/time><\/div><\/div><\/div><\/div><\/div>","single_layout":"posts","amp_enabled":true,"_links":{"self":[{"href":"https:\/\/www.suno.com.br\/noticias\/wp-json\/wp\/v2\/posts\/85671"}],"collection":[{"href":"https:\/\/www.suno.com.br\/noticias\/wp-json\/wp\/v2\/posts"}],"about":[{"href":"https:\/\/www.suno.com.br\/noticias\/wp-json\/wp\/v2\/types\/post"}],"author":[{"embeddable":true,"href":"https:\/\/www.suno.com.br\/noticias\/wp-json\/wp\/v2\/users\/24"}],"replies":[{"embeddable":true,"href":"https:\/\/www.suno.com.br\/noticias\/wp-json\/wp\/v2\/comments?post=85671"}],"version-history":[{"count":0,"href":"https:\/\/www.suno.com.br\/noticias\/wp-json\/wp\/v2\/posts\/85671\/revisions"}],"wp:featuredmedia":[{"embeddable":true,"href":"https:\/\/www.suno.com.br\/noticias\/wp-json\/wp\/v2\/media\/85680"}],"wp:attachment":[{"href":"https:\/\/www.suno.com.br\/noticias\/wp-json\/wp\/v2\/media?parent=85671"}],"wp:term":[{"taxonomy":"category","embeddable":true,"href":"https:\/\/www.suno.com.br\/noticias\/wp-json\/wp\/v2\/categories?post=85671"},{"taxonomy":"post_tag","embeddable":true,"href":"https:\/\/www.suno.com.br\/noticias\/wp-json\/wp\/v2\/tags?post=85671"},{"taxonomy":"suno_strategy","embeddable":true,"href":"https:\/\/www.suno.com.br\/noticias\/wp-json\/wp\/v2\/suno_strategy?post=85671"}],"curies":[{"name":"wp","href":"https:\/\/api.w.org\/{rel}","templated":true}]}}