{"id":85596,"date":"2020-09-18T07:13:31","date_gmt":"2020-09-18T10:13:31","guid":{"rendered":"https:\/\/www.suno.com.br\/noticias\/?p=85596"},"modified":"2020-09-18T07:13:31","modified_gmt":"2020-09-18T10:13:31","slug":"cyrela-preco-acao-ipo-cury-9-35","status":"publish","type":"post","link":"https:\/\/www.suno.com.br\/noticias\/cyrela-preco-acao-ipo-cury-9-35\/","title":{"rendered":"Cyrela fixa pre\u00e7o por a\u00e7\u00e3o de IPO da Cury em R$ 9,35"},"content":{"rendered":"<p>A <a href=\"https:\/\/www.suno.com.br\/acoes\/cyre3\/\"><strong>Cyrela<\/strong> Brazil Realty S.A. Empreendimentos e Participa\u00e7\u00f5es (CYRE3)<\/a> comunicou, nesta sexta-feira (18), no \u00e2mbito da oferta p\u00fablica de distribui\u00e7\u00e3o prim\u00e1ria e secund\u00e1ria de a\u00e7\u00f5es ordin\u00e1rias de emiss\u00e3o da Cury Construtora e Incorporadora S.A., que o <a href=\"https:\/\/www.suno.com.br\/artigos\/conselho-administracao\/\">Conselho de Administra\u00e7\u00e3o<\/a> da sua subsidi\u00e1ria aprovou a fixa\u00e7\u00e3o do pre\u00e7o por a\u00e7\u00e3o no valor de R$ 9,35.<\/p>\t<div class=\"wrapper-featured-image\">\n\t\t<figure class=\"spotlightImg\">\n\n\t\t\t<picture>\n\t\t\t\t<source media=\"(max-width: 768px)\" srcset=\"https:\/\/files.sunoresearch.com.br\/n\/uploads\/2020\/08\/3e5a5ec8-cyrela-300x300-1-jpg.webp\">\n\t\t\t\t<img loading=\"lazy\" decoding=\"async\" class=\"newsContent__article__imgCapa lazyloadDisabled \" src=\"https:\/\/files.sunoresearch.com.br\/n\/uploads\/2020\/08\/3e5a5ec8-cyrela-300x300-1-jpg.webp\" width=\"800\" height=\"450\" alt=\"Cyrela fixa pre\u00e7o por a\u00e7\u00e3o de IPO da Cury em R$ 9,35\" fetchpriority=high \/>\n\t\t\t<\/picture>\n\n\t\t\t<figcaption class=\"wp-caption-text wp-caption-text--show\">A Cyrela (CYRE3) registrou um lucro l\u00edquido de R$ 68 milh\u00f5es no segundo trimestre deste ano.<\/figcaption>\n\t\t<\/figure>\n\t<\/div>\n\n\n<div class=\"hubspot-form-wrapper\">\n\t<div id=\"single-form-target\"><\/div>\n<\/div>\n\n<p>A reuni\u00e3o para delibera\u00e7\u00e3o do pre\u00e7o por a\u00e7\u00e3o foi realizada na \u00faltima quinta-feira (17). O pre\u00e7o por a\u00e7\u00e3o para a oferta p\u00fablica de distribui\u00e7\u00e3o prim\u00e1ria e secund\u00e1ria de a\u00e7\u00f5es ordin\u00e1rias de emiss\u00e3o da <strong>Cury Construtora e<\/strong> <strong>Incorporadora<\/strong> foi fixado com base no resultado do procedimento de coleta de inten\u00e7\u00f5es de investimento (<a href=\"https:\/\/www.suno.com.br\/artigos\/bookbuilding\/\">Bookbuilding<\/a>).<\/p>\n<p>A Cyrela tamb\u00e9m informou que aprovou o respectivo aumento do capital social da Cury no valor de R$ 169.999.998,30, atrav\u00e9s da emiss\u00e3o de 18.181.818 de novas a\u00e7\u00f5es de emiss\u00e3o da companhia. &#8220;Ainda, no \u00e2mbito da oferta, ser\u00e1 realizada a distribui\u00e7\u00e3o secund\u00e1ria de a\u00e7\u00f5es ordin\u00e1rias de emiss\u00e3o da Cury e de titularidade de seus acionistas controladores, sem altera\u00e7\u00e3o de controle&#8221;, destacou a companhia em comunicado ao mercado.<\/p>\n<p><a href=\"https:\/\/lp.suno.com.br\/suno-one\/\">Conhe\u00e7a o Suno One, a central gratuita de informa\u00e7\u00f5es da Suno para quem quer aprender a investir. Acesse clicando aqui.<\/a><\/p>\n<p>No dia 9 de setembro, a Cury Construtora e Incorporadora divulgou a faixa indicativa de pre\u00e7os para sua <a href=\"https:\/\/www.suno.com.br\/artigos\/ipo\/\">oferta p\u00fablica inicial de a\u00e7\u00f5es<\/a> entre R$ 11,00 e R$ 14,30. Considerando a mediana desse intervalo, de R$ 12,65, e a quantidade de a\u00e7\u00f5es da oferta base, de 90.909.091, o processo de abertura de capital na bolsa poderia levantar um montante de R$ 1,150 bilh\u00e3o. Entretanto, com o pre\u00e7o fixado abaixo do valor base, divulgado anteriormente na faixa indicativa, a empresa deve levantar um valor de R$ 850 milh\u00f5es em sua oferta.<\/p>\n\t<div data-element=\"shortcode-read-more\" class=\"knowMore\">\n\t\t\t\t<span class=\"knowMore__title\">Veja mais<\/span>\n\t\t\t\t<a class=\"knowMore__link\" href=\"https:\/\/www.suno.com.br\/noticias\/cury-define-faixa-preco-ipo-levantar-r1bi\/\">\n\t\t\tCury define faixa indicativa de pre\u00e7o para IPO e pode levantar R$ 1,15 bi\t\t<\/a>\n\t<\/div>\n\n\n<p>As a\u00e7\u00f5es da construtora ser\u00e3o negociadas no segmento de alta governan\u00e7a da <a href=\"https:\/\/www.suno.com.br\/artigos\/b3\/\">B3<\/a>, o <a href=\"https:\/\/www.suno.com.br\/artigos\/novo-mercado\/\">Novo Mercado<\/a>, sob o ticker &#8220;CURY3&#8221;. Os principais acionistas vendedores da opera\u00e7\u00e3o s\u00e3o a <strong>Cyrela<\/strong> Brazil Realty, que det\u00e9m uma participa\u00e7\u00e3o de 48,25% e pode diminu\u00ed-la para at\u00e9 27,96%, na caso de venda dos lotes suplementar e adicional; F\u00e1bio Elias Cury, que possui uma fatia de 34,74% e pode reduzi-la para 15,29%; e a Cury Empreendimentos Imobili\u00e1rios, que tem uma posi\u00e7\u00e3o de 13,51% e pode cair a 12,67%.<\/p>\n\t<p>\n\t\t<a href=\"https:\/\/lp.suno.com.br\/planilha-de-controle-de-investimentos\/\" target=\"_blank\" data-element=\"shortcode-suno-banner\" title=\"Banner SUNO, clique e saiba mais\">\n\t\t\t<picture>\n\t\t\t\t<source media=\"(max-width: 500px)\" srcset=\"https:\/\/files.sunoresearch.com.br\/n\/uploads\/2023\/03\/400x300-Controle-de-Investimentos.png\">\n\t\t\t\t<img class=\"newsContent__article__imgCapa newsContent__article__imgCapa--banner\"\n\t\t\t\t\tsrc=\"https:\/\/files.sunoresearch.com.br\/n\/uploads\/2023\/03\/1420x240-Controle-de-Investimentos.png\"\n\t\t\t\t\tdata-promo-id=\"75934\"\t\t\t\t\t\t\t\t\t\twidth='1420' height='240'\t\t\t\t\talt=\"https:\/\/files.sunoresearch.com.br\/n\/uploads\/2023\/03\/1420x240-Controle-de-Investimentos.png\"\n\t\t\t\t>\n\t\t\t<\/picture>\n\t\t<\/a>\n\t<\/p>\n\n\n","protected":false},"excerpt":{"rendered":"<p>A Cyrela Brazil Realty S.A. Empreendimentos e Participa\u00e7\u00f5es (CYRE3) comunicou, nesta sexta-feira (18), no \u00e2mbito da oferta p\u00fablica de distribui\u00e7\u00e3o prim\u00e1ria e secund\u00e1ria de a\u00e7\u00f5es ordin\u00e1rias de emiss\u00e3o da Cury Construtora e Incorporadora S.A., que o Conselho de Administra\u00e7\u00e3o da sua subsidi\u00e1ria aprovou a fixa\u00e7\u00e3o do pre\u00e7o por a\u00e7\u00e3o no valor de R$ 9,35. A [&hellip;]<\/p>\n","protected":false},"author":19,"featured_media":78285,"comment_status":"closed","ping_status":"closed","sticky":false,"template":"","format":"standard","meta":[],"categories":[64],"tags":[101431,443],"suno_strategy":[],"class_list":["post-85596","post","type-post","status-publish","format-standard","has-post-thumbnail","hentry","category-negocios","tag-cury-construtora-cury3","tag-cyrela-cyre3"],"yoast_head":"<!-- This site is optimized with the Yoast SEO plugin v24.4 - https:\/\/yoast.com\/wordpress\/plugins\/seo\/ -->\n<title>Cyrela fixa pre\u00e7o por a\u00e7\u00e3o de IPO da Cury em R$ 9,35<\/title>\n<meta name=\"description\" content=\"A Cyrela Brazil Realty (CYRE3) comunicou o CDA da Cury aprovou a fixa\u00e7\u00e3o do pre\u00e7o por a\u00e7\u00e3o no valor de R$ 9,35. Saiba mais.\" \/>\n<meta name=\"robots\" content=\"index, follow, max-snippet:-1, max-image-preview:large, max-video-preview:-1\" \/>\n<link rel=\"canonical\" href=\"https:\/\/www.suno.com.br\/noticias\/cyrela-preco-acao-ipo-cury-9-35\/\" \/>\n<meta property=\"og:locale\" content=\"pt_BR\" \/>\n<meta property=\"og:type\" content=\"article\" \/>\n<meta property=\"og:title\" content=\"Cyrela fixa pre\u00e7o por a\u00e7\u00e3o de IPO da Cury em R$ 9,35\" \/>\n<meta property=\"og:description\" content=\"A Cyrela Brazil Realty (CYRE3) comunicou o CDA da Cury aprovou a fixa\u00e7\u00e3o do pre\u00e7o por a\u00e7\u00e3o no valor de R$ 9,35. Saiba mais.\" \/>\n<meta property=\"og:url\" content=\"https:\/\/www.suno.com.br\/noticias\/cyrela-preco-acao-ipo-cury-9-35\/\" \/>\n<meta property=\"og:site_name\" content=\"Suno Not\u00edcias\" \/>\n<meta property=\"article:publisher\" content=\"https:\/\/facebook.com\/sunoresearch\" \/>\n<meta property=\"og:image\" content=\"https:\/\/files.sunoresearch.com.br\/n\/uploads\/2020\/08\/3e5a5ec8-cyrela-300x300-1.jpg\" \/>\n\t<meta property=\"og:image:width\" content=\"300\" \/>\n\t<meta property=\"og:image:height\" content=\"300\" \/>\n\t<meta property=\"og:image:type\" content=\"image\/jpeg\" \/>\n<meta name=\"author\" content=\"Juliano Passaro\" \/>\n<meta name=\"twitter:card\" content=\"summary_large_image\" \/>\n<meta name=\"twitter:creator\" content=\"@sunoresearch\" \/>\n<meta name=\"twitter:site\" content=\"@sunoresearch\" \/>\n<meta name=\"twitter:label1\" content=\"Escrito por\" \/>\n\t<meta name=\"twitter:data1\" content=\"Juliano Passaro\" \/>\n\t<meta name=\"twitter:label2\" content=\"Est. tempo de leitura\" \/>\n\t<meta name=\"twitter:data2\" content=\"2 minutos\" \/>\n<script type=\"application\/ld+json\" class=\"yoast-schema-graph\">{\"@context\":\"https:\/\/schema.org\",\"@graph\":[{\"@type\":\"NewsArticle\",\"@id\":\"https:\/\/www.suno.com.br\/noticias\/cyrela-preco-acao-ipo-cury-9-35\/#article\",\"isPartOf\":{\"@id\":\"https:\/\/www.suno.com.br\/noticias\/cyrela-preco-acao-ipo-cury-9-35\/\"},\"author\":{\"name\":\"Juliano Passaro\",\"@id\":\"https:\/\/www.suno.com.br\/noticias\/#\/schema\/person\/1db762f78ffd8919a648a63e425953e3\"},\"headline\":\"Cyrela fixa pre\u00e7o por a\u00e7\u00e3o de IPO da Cury em R$ 9,35\",\"datePublished\":\"2020-09-18T10:13:31+00:00\",\"mainEntityOfPage\":{\"@id\":\"https:\/\/www.suno.com.br\/noticias\/cyrela-preco-acao-ipo-cury-9-35\/\"},\"wordCount\":442,\"publisher\":{\"@id\":\"https:\/\/www.suno.com.br\/noticias\/#organization\"},\"image\":{\"@id\":\"https:\/\/www.suno.com.br\/noticias\/cyrela-preco-acao-ipo-cury-9-35\/#primaryimage\"},\"thumbnailUrl\":\"https:\/\/files.sunoresearch.com.br\/n\/uploads\/2020\/08\/3e5a5ec8-cyrela-300x300-1-jpg.webp\",\"keywords\":[\"Cury Construtora (CURY3)\",\"Cyrela (CYRE3)\"],\"articleSection\":[\"Neg\u00f3cios\"],\"inLanguage\":\"pt-BR\"},{\"@type\":\"WebPage\",\"@id\":\"https:\/\/www.suno.com.br\/noticias\/cyrela-preco-acao-ipo-cury-9-35\/\",\"url\":\"https:\/\/www.suno.com.br\/noticias\/cyrela-preco-acao-ipo-cury-9-35\/\",\"name\":\"Cyrela fixa pre\u00e7o por a\u00e7\u00e3o de IPO da Cury em R$ 9,35\",\"isPartOf\":{\"@id\":\"https:\/\/www.suno.com.br\/noticias\/#website\"},\"primaryImageOfPage\":{\"@id\":\"https:\/\/www.suno.com.br\/noticias\/cyrela-preco-acao-ipo-cury-9-35\/#primaryimage\"},\"image\":{\"@id\":\"https:\/\/www.suno.com.br\/noticias\/cyrela-preco-acao-ipo-cury-9-35\/#primaryimage\"},\"thumbnailUrl\":\"https:\/\/files.sunoresearch.com.br\/n\/uploads\/2020\/08\/3e5a5ec8-cyrela-300x300-1-jpg.webp\",\"datePublished\":\"2020-09-18T10:13:31+00:00\",\"description\":\"A Cyrela Brazil Realty (CYRE3) comunicou o CDA da Cury aprovou a fixa\u00e7\u00e3o do pre\u00e7o por a\u00e7\u00e3o no valor de R$ 9,35. Saiba mais.\",\"breadcrumb\":{\"@id\":\"https:\/\/www.suno.com.br\/noticias\/cyrela-preco-acao-ipo-cury-9-35\/#breadcrumb\"},\"inLanguage\":\"pt-BR\",\"potentialAction\":[{\"@type\":\"ReadAction\",\"target\":[\"https:\/\/www.suno.com.br\/noticias\/cyrela-preco-acao-ipo-cury-9-35\/\"]}]},{\"@type\":\"ImageObject\",\"inLanguage\":\"pt-BR\",\"@id\":\"https:\/\/www.suno.com.br\/noticias\/cyrela-preco-acao-ipo-cury-9-35\/#primaryimage\",\"url\":\"https:\/\/files.sunoresearch.com.br\/n\/uploads\/2020\/08\/3e5a5ec8-cyrela-300x300-1-jpg.webp\",\"contentUrl\":\"https:\/\/files.sunoresearch.com.br\/n\/uploads\/2020\/08\/3e5a5ec8-cyrela-300x300-1-jpg.webp\",\"width\":300,\"height\":300,\"caption\":\"A Cyrela (CYRE3) registrou um lucro l\u00edquido de R$ 68 milh\u00f5es no segundo trimestre deste ano.\"},{\"@type\":\"BreadcrumbList\",\"@id\":\"https:\/\/www.suno.com.br\/noticias\/cyrela-preco-acao-ipo-cury-9-35\/#breadcrumb\",\"itemListElement\":[{\"@type\":\"ListItem\",\"position\":1,\"name\":\"Not\u00edcias\",\"item\":\"https:\/\/www.suno.com.br\/noticias\/\"},{\"@type\":\"ListItem\",\"position\":2,\"name\":\"Neg\u00f3cios\",\"item\":\"https:\/\/www.suno.com.br\/noticias\/negocios\/\"},{\"@type\":\"ListItem\",\"position\":3,\"name\":\"Cyrela fixa pre\u00e7o por a\u00e7\u00e3o de IPO da Cury em R$ 9,35\"}]},{\"@type\":\"WebSite\",\"@id\":\"https:\/\/www.suno.com.br\/noticias\/#website\",\"url\":\"https:\/\/www.suno.com.br\/noticias\/\",\"name\":\"Suno Not\u00edcias\",\"description\":\"Seu portal de informa\u00e7\u00e3o sobre o mundo dos investimentos\",\"publisher\":{\"@id\":\"https:\/\/www.suno.com.br\/noticias\/#organization\"},\"potentialAction\":[{\"@type\":\"SearchAction\",\"target\":{\"@type\":\"EntryPoint\",\"urlTemplate\":\"https:\/\/www.suno.com.br\/noticias\/?s={search_term_string}\"},\"query-input\":{\"@type\":\"PropertyValueSpecification\",\"valueRequired\":true,\"valueName\":\"search_term_string\"}}],\"inLanguage\":\"pt-BR\"},{\"@type\":\"Organization\",\"@id\":\"https:\/\/www.suno.com.br\/noticias\/#organization\",\"name\":\"Suno Not\u00edcias\",\"url\":\"https:\/\/www.suno.com.br\/noticias\/\",\"logo\":{\"@type\":\"ImageObject\",\"inLanguage\":\"pt-BR\",\"@id\":\"https:\/\/www.suno.com.br\/noticias\/#\/schema\/logo\/image\/\",\"url\":\"https:\/\/files.sunoresearch.com.br\/n\/uploads\/2021\/09\/suno-logo.png\",\"contentUrl\":\"https:\/\/files.sunoresearch.com.br\/n\/uploads\/2021\/09\/suno-logo.png\",\"width\":180,\"height\":180,\"caption\":\"Suno Not\u00edcias\"},\"image\":{\"@id\":\"https:\/\/www.suno.com.br\/noticias\/#\/schema\/logo\/image\/\"},\"sameAs\":[\"https:\/\/facebook.com\/sunoresearch\",\"https:\/\/x.com\/sunoresearch\",\"https:\/\/www.instagram.com\/suno\",\"https:\/\/www.linkedin.com\/company\/suno-research\/\",\"https:\/\/www.youtube.com\/c\/sunoresearch\"]},{\"@type\":\"Person\",\"@id\":\"https:\/\/www.suno.com.br\/noticias\/#\/schema\/person\/1db762f78ffd8919a648a63e425953e3\",\"name\":\"Juliano Passaro\",\"image\":{\"@type\":\"ImageObject\",\"inLanguage\":\"pt-BR\",\"@id\":\"https:\/\/www.suno.com.br\/noticias\/#\/schema\/person\/image\/\",\"url\":\"https:\/\/secure.gravatar.com\/avatar\/743d4df28eebf6dcc46b4ad03c319e92?s=96&r=g\",\"contentUrl\":\"https:\/\/secure.gravatar.com\/avatar\/743d4df28eebf6dcc46b4ad03c319e92?s=96&r=g\",\"caption\":\"Juliano Passaro\"},\"description\":\"Juliano Passaro escreve sobre pol\u00edtica, economia e neg\u00f3cios para o portal da Suno Research. Antes da Suno, trabalhou no Portal da Band. \u00c9 formado em jornalismo pela Universidade Presbiteriana Mackenzie.\",\"url\":\"https:\/\/www.suno.com.br\/noticias\/author\/juliano\/\"}]}<\/script>\n<!-- \/ Yoast SEO plugin. -->","yoast_head_json":{"title":"Cyrela fixa pre\u00e7o por a\u00e7\u00e3o de IPO da Cury em R$ 9,35","description":"A Cyrela Brazil Realty (CYRE3) comunicou o CDA da Cury aprovou a fixa\u00e7\u00e3o do pre\u00e7o por a\u00e7\u00e3o no valor de R$ 9,35. Saiba mais.","robots":{"index":"index","follow":"follow","max-snippet":"max-snippet:-1","max-image-preview":"max-image-preview:large","max-video-preview":"max-video-preview:-1"},"canonical":"https:\/\/www.suno.com.br\/noticias\/cyrela-preco-acao-ipo-cury-9-35\/","og_locale":"pt_BR","og_type":"article","og_title":"Cyrela fixa pre\u00e7o por a\u00e7\u00e3o de IPO da Cury em R$ 9,35","og_description":"A Cyrela Brazil Realty (CYRE3) comunicou o CDA da Cury aprovou a fixa\u00e7\u00e3o do pre\u00e7o por a\u00e7\u00e3o no valor de R$ 9,35. Saiba mais.","og_url":"https:\/\/www.suno.com.br\/noticias\/cyrela-preco-acao-ipo-cury-9-35\/","og_site_name":"Suno Not\u00edcias","article_publisher":"https:\/\/facebook.com\/sunoresearch","og_image":[{"width":300,"height":300,"url":"https:\/\/files.sunoresearch.com.br\/n\/uploads\/2020\/08\/3e5a5ec8-cyrela-300x300-1.jpg","type":"image\/jpeg"}],"author":"Juliano Passaro","twitter_card":"summary_large_image","twitter_creator":"@sunoresearch","twitter_site":"@sunoresearch","twitter_misc":{"Escrito por":"Juliano Passaro","Est. tempo de leitura":"2 minutos"},"schema":{"@context":"https:\/\/schema.org","@graph":[{"@type":"NewsArticle","@id":"https:\/\/www.suno.com.br\/noticias\/cyrela-preco-acao-ipo-cury-9-35\/#article","isPartOf":{"@id":"https:\/\/www.suno.com.br\/noticias\/cyrela-preco-acao-ipo-cury-9-35\/"},"author":{"name":"Juliano Passaro","@id":"https:\/\/www.suno.com.br\/noticias\/#\/schema\/person\/1db762f78ffd8919a648a63e425953e3"},"headline":"Cyrela fixa pre\u00e7o por a\u00e7\u00e3o de IPO da Cury em R$ 9,35","datePublished":"2020-09-18T10:13:31+00:00","mainEntityOfPage":{"@id":"https:\/\/www.suno.com.br\/noticias\/cyrela-preco-acao-ipo-cury-9-35\/"},"wordCount":442,"publisher":{"@id":"https:\/\/www.suno.com.br\/noticias\/#organization"},"image":{"@id":"https:\/\/www.suno.com.br\/noticias\/cyrela-preco-acao-ipo-cury-9-35\/#primaryimage"},"thumbnailUrl":"https:\/\/files.sunoresearch.com.br\/n\/uploads\/2020\/08\/3e5a5ec8-cyrela-300x300-1-jpg.webp","keywords":["Cury Construtora (CURY3)","Cyrela (CYRE3)"],"articleSection":["Neg\u00f3cios"],"inLanguage":"pt-BR"},{"@type":"WebPage","@id":"https:\/\/www.suno.com.br\/noticias\/cyrela-preco-acao-ipo-cury-9-35\/","url":"https:\/\/www.suno.com.br\/noticias\/cyrela-preco-acao-ipo-cury-9-35\/","name":"Cyrela fixa pre\u00e7o por a\u00e7\u00e3o de IPO da Cury em R$ 9,35","isPartOf":{"@id":"https:\/\/www.suno.com.br\/noticias\/#website"},"primaryImageOfPage":{"@id":"https:\/\/www.suno.com.br\/noticias\/cyrela-preco-acao-ipo-cury-9-35\/#primaryimage"},"image":{"@id":"https:\/\/www.suno.com.br\/noticias\/cyrela-preco-acao-ipo-cury-9-35\/#primaryimage"},"thumbnailUrl":"https:\/\/files.sunoresearch.com.br\/n\/uploads\/2020\/08\/3e5a5ec8-cyrela-300x300-1-jpg.webp","datePublished":"2020-09-18T10:13:31+00:00","description":"A Cyrela Brazil Realty (CYRE3) comunicou o CDA da Cury aprovou a fixa\u00e7\u00e3o do pre\u00e7o por a\u00e7\u00e3o no valor de R$ 9,35. Saiba mais.","breadcrumb":{"@id":"https:\/\/www.suno.com.br\/noticias\/cyrela-preco-acao-ipo-cury-9-35\/#breadcrumb"},"inLanguage":"pt-BR","potentialAction":[{"@type":"ReadAction","target":["https:\/\/www.suno.com.br\/noticias\/cyrela-preco-acao-ipo-cury-9-35\/"]}]},{"@type":"ImageObject","inLanguage":"pt-BR","@id":"https:\/\/www.suno.com.br\/noticias\/cyrela-preco-acao-ipo-cury-9-35\/#primaryimage","url":"https:\/\/files.sunoresearch.com.br\/n\/uploads\/2020\/08\/3e5a5ec8-cyrela-300x300-1-jpg.webp","contentUrl":"https:\/\/files.sunoresearch.com.br\/n\/uploads\/2020\/08\/3e5a5ec8-cyrela-300x300-1-jpg.webp","width":300,"height":300,"caption":"A Cyrela (CYRE3) registrou um lucro l\u00edquido de R$ 68 milh\u00f5es no segundo trimestre deste ano."},{"@type":"BreadcrumbList","@id":"https:\/\/www.suno.com.br\/noticias\/cyrela-preco-acao-ipo-cury-9-35\/#breadcrumb","itemListElement":[{"@type":"ListItem","position":1,"name":"Not\u00edcias","item":"https:\/\/www.suno.com.br\/noticias\/"},{"@type":"ListItem","position":2,"name":"Neg\u00f3cios","item":"https:\/\/www.suno.com.br\/noticias\/negocios\/"},{"@type":"ListItem","position":3,"name":"Cyrela fixa pre\u00e7o por a\u00e7\u00e3o de IPO da Cury em R$ 9,35"}]},{"@type":"WebSite","@id":"https:\/\/www.suno.com.br\/noticias\/#website","url":"https:\/\/www.suno.com.br\/noticias\/","name":"Suno Not\u00edcias","description":"Seu portal de informa\u00e7\u00e3o sobre o mundo dos investimentos","publisher":{"@id":"https:\/\/www.suno.com.br\/noticias\/#organization"},"potentialAction":[{"@type":"SearchAction","target":{"@type":"EntryPoint","urlTemplate":"https:\/\/www.suno.com.br\/noticias\/?s={search_term_string}"},"query-input":{"@type":"PropertyValueSpecification","valueRequired":true,"valueName":"search_term_string"}}],"inLanguage":"pt-BR"},{"@type":"Organization","@id":"https:\/\/www.suno.com.br\/noticias\/#organization","name":"Suno Not\u00edcias","url":"https:\/\/www.suno.com.br\/noticias\/","logo":{"@type":"ImageObject","inLanguage":"pt-BR","@id":"https:\/\/www.suno.com.br\/noticias\/#\/schema\/logo\/image\/","url":"https:\/\/files.sunoresearch.com.br\/n\/uploads\/2021\/09\/suno-logo.png","contentUrl":"https:\/\/files.sunoresearch.com.br\/n\/uploads\/2021\/09\/suno-logo.png","width":180,"height":180,"caption":"Suno Not\u00edcias"},"image":{"@id":"https:\/\/www.suno.com.br\/noticias\/#\/schema\/logo\/image\/"},"sameAs":["https:\/\/facebook.com\/sunoresearch","https:\/\/x.com\/sunoresearch","https:\/\/www.instagram.com\/suno","https:\/\/www.linkedin.com\/company\/suno-research\/","https:\/\/www.youtube.com\/c\/sunoresearch"]},{"@type":"Person","@id":"https:\/\/www.suno.com.br\/noticias\/#\/schema\/person\/1db762f78ffd8919a648a63e425953e3","name":"Juliano Passaro","image":{"@type":"ImageObject","inLanguage":"pt-BR","@id":"https:\/\/www.suno.com.br\/noticias\/#\/schema\/person\/image\/","url":"https:\/\/secure.gravatar.com\/avatar\/743d4df28eebf6dcc46b4ad03c319e92?s=96&r=g","contentUrl":"https:\/\/secure.gravatar.com\/avatar\/743d4df28eebf6dcc46b4ad03c319e92?s=96&r=g","caption":"Juliano Passaro"},"description":"Juliano Passaro escreve sobre pol\u00edtica, economia e neg\u00f3cios para o portal da Suno Research. Antes da Suno, trabalhou no Portal da Band. \u00c9 formado em jornalismo pela Universidade Presbiteriana Mackenzie.","url":"https:\/\/www.suno.com.br\/noticias\/author\/juliano\/"}]}},"default_loop_html":"<div class=\"cardsPage__listCard__boxs\"><div class=\"cardsPage__listCard__boxs__img\"><a href=\"https:\/\/www.suno.com.br\/noticias\/cyrela-preco-acao-ipo-cury-9-35\/\"><img class=\"mask\" src=\"https:\/\/www.suno.com.br\/noticias\/wp-content\/themes\/suno\/resources\/images\/spotlight\/spotlight1img\/bg-mask.png\" alt=\"Image Mask\"\/><img src=\"https:\/\/files.sunoresearch.com.br\/n\/uploads\/2020\/08\/3e5a5ec8-cyrela-300x300-1-jpg.webp\" alt=\"Cyrela fixa pre\u00e7o por a\u00e7\u00e3o de IPO da Cury em R$ 9,35\"\/><\/a><span class=\"spotlightCategory\"><a href=\"https:\/\/www.suno.com.br\/noticias\/negocios\/\">Neg\u00f3cios<\/a><\/span><\/div><div class=\"cardsPage__listCard__boxs__content\"><a href=\"https:\/\/www.suno.com.br\/noticias\/cyrela-preco-acao-ipo-cury-9-35\/\"><h2 class=\"content__title\">Cyrela fixa pre\u00e7o por a\u00e7\u00e3o de IPO da Cury em R$ 9,35<\/h2><\/a><div class=\"newsContent__article__meta\"><div class=\"newsContent__article__meta__authorBox\"><a href=\"https:\/\/www.suno.com.br\/noticias\/author\/juliano\/\" class=\"authorBox__avatar noMobi\"><img src=\"https:\/\/files.sunoresearch.com.br\/n\/uploads\/2019\/06\/7cc3efea-whatsapp-image-2019-07-18-at-21.59.33-e1563499821209-150x150.webp\" alt=\"Juliano Passaro\"><\/a><div class=\"authorBox__name\"><span>por\n\t\t\t<a href=\"https:\/\/www.suno.com.br\/noticias\/author\/juliano\/\"><span itemprop=\"author\">Juliano Passaro<\/span><\/a><\/span><time datetime=\"2020-09-18T07:13:31-03:00\" itemprop=\"datePublished\">18\/09\/2020 07:13<\/time><\/div><\/div><\/div><\/div><\/div>","single_layout":"posts","amp_enabled":true,"_links":{"self":[{"href":"https:\/\/www.suno.com.br\/noticias\/wp-json\/wp\/v2\/posts\/85596"}],"collection":[{"href":"https:\/\/www.suno.com.br\/noticias\/wp-json\/wp\/v2\/posts"}],"about":[{"href":"https:\/\/www.suno.com.br\/noticias\/wp-json\/wp\/v2\/types\/post"}],"author":[{"embeddable":true,"href":"https:\/\/www.suno.com.br\/noticias\/wp-json\/wp\/v2\/users\/19"}],"replies":[{"embeddable":true,"href":"https:\/\/www.suno.com.br\/noticias\/wp-json\/wp\/v2\/comments?post=85596"}],"version-history":[{"count":0,"href":"https:\/\/www.suno.com.br\/noticias\/wp-json\/wp\/v2\/posts\/85596\/revisions"}],"wp:featuredmedia":[{"embeddable":true,"href":"https:\/\/www.suno.com.br\/noticias\/wp-json\/wp\/v2\/media\/78285"}],"wp:attachment":[{"href":"https:\/\/www.suno.com.br\/noticias\/wp-json\/wp\/v2\/media?parent=85596"}],"wp:term":[{"taxonomy":"category","embeddable":true,"href":"https:\/\/www.suno.com.br\/noticias\/wp-json\/wp\/v2\/categories?post=85596"},{"taxonomy":"post_tag","embeddable":true,"href":"https:\/\/www.suno.com.br\/noticias\/wp-json\/wp\/v2\/tags?post=85596"},{"taxonomy":"suno_strategy","embeddable":true,"href":"https:\/\/www.suno.com.br\/noticias\/wp-json\/wp\/v2\/suno_strategy?post=85596"}],"curies":[{"name":"wp","href":"https:\/\/api.w.org\/{rel}","templated":true}]}}