{"id":8543,"date":"2018-12-12T08:27:14","date_gmt":"2018-12-12T10:27:14","guid":{"rendered":"https:\/\/www.suno.com.br\/noticias\/?p=8543"},"modified":"2018-12-12T08:27:14","modified_gmt":"2018-12-12T10:27:14","slug":"brexit-theresa-may-voto-desconfianca-parlamento","status":"publish","type":"post","link":"https:\/\/www.suno.com.br\/noticias\/brexit-theresa-may-voto-desconfianca-parlamento\/","title":{"rendered":"Brexit leva Theresa May a enfrentar voto de desconfian\u00e7a no Parlamento"},"content":{"rendered":"<p>A primeira-ministra brit\u00e2nica, Theresa May, enfrentar\u00e1 nesta quarta-feira (12) um voto de desconfian\u00e7a no Parlamento.<\/p>\t<div class=\"wrapper-featured-image\">\n\t\t<figure class=\"spotlightImg\">\n\n\t\t\t<picture>\n\t\t\t\t<source media=\"(max-width: 768px)\" srcset=\"https:\/\/files.sunoresearch.com.br\/n\/uploads\/2018\/12\/1e4ac353-theresa-may-400x200.webp\">\n\t\t\t\t<img loading=\"lazy\" decoding=\"async\" class=\"newsContent__article__imgCapa lazyloadDisabled newsContent__article__imgCapa--noCaption\" src=\"https:\/\/files.sunoresearch.com.br\/n\/uploads\/2018\/12\/1e4ac353-theresa-may-jpg.webp\" width=\"800\" height=\"450\" alt=\"Brexit leva Theresa May a enfrentar voto de desconfian\u00e7a no Parlamento\" fetchpriority=high \/>\n\t\t\t<\/picture>\n\n\t\t\t<figcaption class=\"wp-caption-text wp-caption-text--hide\">theresa may voto de desconfian\u00e7a<\/figcaption>\n\t\t<\/figure>\n\t<\/div>\n\n\n<p>Al\u00e9m de chefe do governo do <strong>Reino Unido<\/strong>, <strong>Theresa May<\/strong> \u00e9 a l\u00edder do partido Conservador. Entretanto, sua lideran\u00e7a est\u00e1 em crise por causa do acordo sobre a sa\u00edda do pa\u00eds da <strong>Uni\u00e3o Europeia<\/strong> (UE). O chamado <strong>Brexit<\/strong>.<\/p>\n<p><a href=\"https:\/\/www.suno.com.br\/noticias\/brexit-nao-sera-votado-parlamento-britanico\/\">Saiba mais:\u00a0Brexit n\u00e3o ser\u00e1 votado no Parlamento brit\u00e2nico ap\u00f3s recuo do governo\u00a0<\/a><\/p>\n<p>Seus correligion\u00e1rios conseguiram o apoio necess\u00e1rio para iniciar esse processo que pode retir\u00e1-la do comando da legenda e, consequentemente, do poder.<\/p>\n<p>No Reino Unido, tradicionalmente, l\u00edder do partido que ganha as elei\u00e7\u00f5es \u00e9 tamb\u00e9m l\u00edder do governo.<\/p>\n<p>O grupo de deputados contr\u00e1rios a May se reuniu no chamado &#8220;Comit\u00ea 1922&#8221;. Seu l\u00edder, Graham Brady, recebeu 48 cartas necess\u00e1rias dos deputados do partido para convocar a voto de desconfian\u00e7a.<\/p>\n<p><strong>Theresa May<\/strong> pode perder a lideran\u00e7a do partido se 158 dos 315 parlamentares conservadores votarem contra ela. Se ela perder, dever\u00e1 renunciar ao cargo e haver\u00e1 uma nova vota\u00e7\u00e3o dentro do partido para escolher um novo l\u00edder.<\/p>\n<p>Entretanto, May permanecer\u00e1 premi\u00ea do Reino Unido at\u00e9 que seu o sucessor seja indicado. Por outro lado, se ganhar, a primeira-ministra n\u00e3o poder\u00e1 ser desafiada novamente no Parlamento por um ano.<\/p>\n<p>A premi\u00ea defendeu sua lideran\u00e7a, ressaltando que que uma mudan\u00e7a no comando do partido nesse momento poderia atrasar ou at\u00e9 parar o <strong>Brexit<\/strong>.<\/p>\n<p>&#8220;Um novo l\u00edder n\u00e3o teria tempo para renegociar um acordo de retirada. Ent\u00e3o um de seus primeiros atos teria que ser estender ou rescindir o Artigo 50, atrasando ou at\u00e9 mesmo parando Brexit enquanto as pessoas querem que continuemos esse processo&#8221;, declarou May.<\/p>\n<p>O acionamento do Artigo 50 do Tratado de Lisboa marcou o in\u00edcio do processo formal de sa\u00edda do Reino Unido da Uni\u00e3o Europeia. Esse processo iniciou-se em mar\u00e7o de 2017, ap\u00f3s a notifica\u00e7\u00e3o formal de Londres para o Conselho Europeu. O Brexit foi decidido pelo povo do brit\u00e2nico em um referendo em junho de 2016.<\/p>\n<p>May fez um apelo para que seus correligion\u00e1rios permane\u00e7am unidos \u201cpara servir nosso pa\u00eds\u201d. \u201cEstou pronta para terminar esse trabalho\u201d, afirmou a primeira-ministra, fazendo refer\u00eancia ao processo do Brexit.<\/p>\n<p>A vota\u00e7\u00e3o est\u00e1 prevista para acontecer entre 18h e 20h (16 e 18h no hor\u00e1rio de Bras\u00edlia). O presidente do Comit\u00ea 1922 afirmou que o resultado ser\u00e1 anunciado o mais r\u00e1pido poss\u00edvel. May cancelou uma viagem que faria para a Irlanda para tentar negociar uma base de apoio com os deputados da Irlanda do Norte.<\/p>\n<h2>Sa\u00edda turbulenta da Uni\u00e3o Europeia<\/h2>\n<p><span style=\"font-size: 1.21429rem;\">A vota\u00e7\u00e3o dificilmente poderia ocorrer em um momento pior para May. A primeira-ministra brit\u00e2nica est\u00e1 em forte dificuldade para aprovar o acordo sobre a sa\u00edda do Reino Unido da Uni\u00e3o Europeia no parlamento.<\/span><\/p>\n<p>O documento de sa\u00edda, que j\u00e1 recebeu o aval do Conselho Europeu, despertou a oposi\u00e7\u00e3o entre os pr\u00f3prios conservadores. Ap\u00f3s tomar conhecimento do teor do texto, cinco de seus ministros pediram demiss\u00e3o.<\/p>\n<p>Parte dos parlamentares acredita que o acordo faz demasiadas concess\u00f5es \u00e0 Uni\u00e3o Europeia e n\u00e3o resolver\u00e1 o problema das fronteiras do Reino Unido. A oposi\u00e7\u00e3o do Partido Trabalhista, por sua vez, votar\u00e1 contra na tentativa de derrubar o governo. O objetivo do l\u00edder trabalhista, Jeremy Corbyn, \u00e9 pedir novas elei\u00e7\u00f5es. Al\u00e9m disso, h\u00e1 ainda uma parcela de deputados que se op\u00f5em \u00e0 sa\u00edda do bloco e defendem a realiza\u00e7\u00e3o de um novo referendo.<\/p>\n<p>Sabendo dessas dificuldades, May tentou uma manobra para evitar uma derrota no parlamento. A premi\u00ea adiou a vota\u00e7\u00e3o que estava prevista para acontecer na \u00faltima ter\u00e7a-feira (12). N\u00e3o h\u00e1 data para que o voto ocorra.<\/p>\n<p>Por\u00e9m, o governo brit\u00e2nico continua sob forte press\u00e3o pelo tempo. J\u00e1 que no dia 29 de mar\u00e7o de 2019 o Reino Unido deixar\u00e1 de ser um pa\u00eds-membro da UE.<\/p>\n<p><strong>Theresa May<\/strong> n\u00e3o quer adiar a sa\u00edda do <strong style=\"font-size: 19.4286px;\">Reino Unido<\/strong><span style=\"font-size: 1.21429rem;\">\u00a0e rejeita a <\/span>possibilidade<span style=\"font-size: 1.21429rem;\">\u00a0de realizar um segundo referendo. A ideia que ganhou for\u00e7a nessa semana depois que o Tribunal de Justi\u00e7a da <strong>Uni\u00e3o Europeia<\/strong> afirmou que o Reino Unido pode revogar o unilateralmente o <strong>Brexit<\/strong>, suspendendo a aplica\u00e7\u00e3o do Artigo 50.\u00a0<\/span><\/p>\n","protected":false},"excerpt":{"rendered":"<p>A primeira-ministra brit\u00e2nica, Theresa May, enfrentar\u00e1 nesta quarta-feira (12) um voto de desconfian\u00e7a no Parlamento. theresa may voto de desconfian\u00e7a Al\u00e9m de chefe do governo do Reino Unido, Theresa May \u00e9 a l\u00edder do partido Conservador. Entretanto, sua lideran\u00e7a est\u00e1 em crise por causa do acordo sobre a sa\u00edda do pa\u00eds da Uni\u00e3o Europeia (UE). [&hellip;]<\/p>\n","protected":false},"author":9,"featured_media":8544,"comment_status":"closed","ping_status":"closed","sticky":false,"template":"","format":"standard","meta":[],"categories":[63],"tags":[753,730,853,731],"suno_strategy":[],"class_list":["post-8543","post","type-post","status-publish","format-standard","has-post-thumbnail","hentry","category-internacional","tag-brexit","tag-reino-unido","tag-theresa-may","tag-uniao-europeia"],"yoast_head":"<!-- This site is optimized with the Yoast SEO plugin v24.4 - https:\/\/yoast.com\/wordpress\/plugins\/seo\/ -->\n<title>Brexit leva Theresa May a enfrentar voto de desconfian\u00e7a no Parlamento<\/title>\n<meta name=\"description\" content=\"Crise no Brexit leva premi\u00ea brit\u00e2nica Theresa May a enfrentar um voto de desconfian\u00e7a no Parlamento. Clique aqui para saber mais.\" \/>\n<meta name=\"robots\" content=\"index, follow, max-snippet:-1, max-image-preview:large, max-video-preview:-1\" \/>\n<link rel=\"canonical\" href=\"https:\/\/www.suno.com.br\/noticias\/brexit-theresa-may-voto-desconfianca-parlamento\/\" \/>\n<meta property=\"og:locale\" content=\"pt_BR\" \/>\n<meta property=\"og:type\" content=\"article\" \/>\n<meta property=\"og:title\" content=\"Brexit leva Theresa May a enfrentar voto de desconfian\u00e7a no Parlamento\" \/>\n<meta property=\"og:description\" content=\"Crise no Brexit leva premi\u00ea brit\u00e2nica Theresa May a enfrentar um voto de desconfian\u00e7a no Parlamento. Clique aqui para saber mais.\" \/>\n<meta property=\"og:url\" content=\"https:\/\/www.suno.com.br\/noticias\/brexit-theresa-may-voto-desconfianca-parlamento\/\" \/>\n<meta property=\"og:site_name\" content=\"Suno Not\u00edcias\" \/>\n<meta property=\"article:publisher\" content=\"https:\/\/facebook.com\/sunoresearch\" \/>\n<meta property=\"og:image\" content=\"https:\/\/files.sunoresearch.com.br\/n\/uploads\/2018\/12\/1e4ac353-theresa-may.jpg\" \/>\n\t<meta property=\"og:image:width\" content=\"800\" \/>\n\t<meta property=\"og:image:height\" content=\"450\" \/>\n\t<meta property=\"og:image:type\" content=\"image\/jpeg\" \/>\n<meta name=\"author\" content=\"Carlo Cauti\" \/>\n<meta name=\"twitter:card\" content=\"summary_large_image\" \/>\n<meta name=\"twitter:creator\" content=\"@sunoresearch\" \/>\n<meta name=\"twitter:site\" content=\"@sunoresearch\" \/>\n<meta name=\"twitter:label1\" content=\"Escrito por\" \/>\n\t<meta name=\"twitter:data1\" content=\"Carlo Cauti\" \/>\n\t<meta name=\"twitter:label2\" content=\"Est. tempo de leitura\" \/>\n\t<meta name=\"twitter:data2\" content=\"4 minutos\" \/>\n<script type=\"application\/ld+json\" class=\"yoast-schema-graph\">{\"@context\":\"https:\/\/schema.org\",\"@graph\":[{\"@type\":\"NewsArticle\",\"@id\":\"https:\/\/www.suno.com.br\/noticias\/brexit-theresa-may-voto-desconfianca-parlamento\/#article\",\"isPartOf\":{\"@id\":\"https:\/\/www.suno.com.br\/noticias\/brexit-theresa-may-voto-desconfianca-parlamento\/\"},\"author\":{\"name\":\"Carlo Cauti\",\"@id\":\"https:\/\/www.suno.com.br\/noticias\/#\/schema\/person\/e6e0f723cc177805027f4566c1d5e0c8\"},\"headline\":\"Brexit leva Theresa May a enfrentar voto de desconfian\u00e7a no Parlamento\",\"datePublished\":\"2018-12-12T10:27:14+00:00\",\"mainEntityOfPage\":{\"@id\":\"https:\/\/www.suno.com.br\/noticias\/brexit-theresa-may-voto-desconfianca-parlamento\/\"},\"wordCount\":740,\"publisher\":{\"@id\":\"https:\/\/www.suno.com.br\/noticias\/#organization\"},\"image\":{\"@id\":\"https:\/\/www.suno.com.br\/noticias\/brexit-theresa-may-voto-desconfianca-parlamento\/#primaryimage\"},\"thumbnailUrl\":\"https:\/\/files.sunoresearch.com.br\/n\/uploads\/2018\/12\/1e4ac353-theresa-may-jpg.webp\",\"keywords\":[\"Brexit\",\"Reino Unido\",\"Theresa May\",\"Uni\u00e3o Europeia\"],\"articleSection\":[\"Internacional\"],\"inLanguage\":\"pt-BR\"},{\"@type\":\"WebPage\",\"@id\":\"https:\/\/www.suno.com.br\/noticias\/brexit-theresa-may-voto-desconfianca-parlamento\/\",\"url\":\"https:\/\/www.suno.com.br\/noticias\/brexit-theresa-may-voto-desconfianca-parlamento\/\",\"name\":\"Brexit leva Theresa May a enfrentar voto de desconfian\u00e7a no Parlamento\",\"isPartOf\":{\"@id\":\"https:\/\/www.suno.com.br\/noticias\/#website\"},\"primaryImageOfPage\":{\"@id\":\"https:\/\/www.suno.com.br\/noticias\/brexit-theresa-may-voto-desconfianca-parlamento\/#primaryimage\"},\"image\":{\"@id\":\"https:\/\/www.suno.com.br\/noticias\/brexit-theresa-may-voto-desconfianca-parlamento\/#primaryimage\"},\"thumbnailUrl\":\"https:\/\/files.sunoresearch.com.br\/n\/uploads\/2018\/12\/1e4ac353-theresa-may-jpg.webp\",\"datePublished\":\"2018-12-12T10:27:14+00:00\",\"description\":\"Crise no Brexit leva premi\u00ea brit\u00e2nica Theresa May a enfrentar um voto de desconfian\u00e7a no Parlamento. Clique aqui para saber mais.\",\"breadcrumb\":{\"@id\":\"https:\/\/www.suno.com.br\/noticias\/brexit-theresa-may-voto-desconfianca-parlamento\/#breadcrumb\"},\"inLanguage\":\"pt-BR\",\"potentialAction\":[{\"@type\":\"ReadAction\",\"target\":[\"https:\/\/www.suno.com.br\/noticias\/brexit-theresa-may-voto-desconfianca-parlamento\/\"]}]},{\"@type\":\"ImageObject\",\"inLanguage\":\"pt-BR\",\"@id\":\"https:\/\/www.suno.com.br\/noticias\/brexit-theresa-may-voto-desconfianca-parlamento\/#primaryimage\",\"url\":\"https:\/\/files.sunoresearch.com.br\/n\/uploads\/2018\/12\/1e4ac353-theresa-may-jpg.webp\",\"contentUrl\":\"https:\/\/files.sunoresearch.com.br\/n\/uploads\/2018\/12\/1e4ac353-theresa-may-jpg.webp\",\"width\":800,\"height\":450,\"caption\":\"theresa may voto de desconfian\u00e7a\"},{\"@type\":\"BreadcrumbList\",\"@id\":\"https:\/\/www.suno.com.br\/noticias\/brexit-theresa-may-voto-desconfianca-parlamento\/#breadcrumb\",\"itemListElement\":[{\"@type\":\"ListItem\",\"position\":1,\"name\":\"Not\u00edcias\",\"item\":\"https:\/\/www.suno.com.br\/noticias\/\"},{\"@type\":\"ListItem\",\"position\":2,\"name\":\"Internacional\",\"item\":\"https:\/\/www.suno.com.br\/noticias\/internacional\/\"},{\"@type\":\"ListItem\",\"position\":3,\"name\":\"Brexit leva Theresa May a enfrentar voto de desconfian\u00e7a no Parlamento\"}]},{\"@type\":\"WebSite\",\"@id\":\"https:\/\/www.suno.com.br\/noticias\/#website\",\"url\":\"https:\/\/www.suno.com.br\/noticias\/\",\"name\":\"Suno Not\u00edcias\",\"description\":\"Seu portal de informa\u00e7\u00e3o sobre o mundo dos investimentos\",\"publisher\":{\"@id\":\"https:\/\/www.suno.com.br\/noticias\/#organization\"},\"potentialAction\":[{\"@type\":\"SearchAction\",\"target\":{\"@type\":\"EntryPoint\",\"urlTemplate\":\"https:\/\/www.suno.com.br\/noticias\/?s={search_term_string}\"},\"query-input\":{\"@type\":\"PropertyValueSpecification\",\"valueRequired\":true,\"valueName\":\"search_term_string\"}}],\"inLanguage\":\"pt-BR\"},{\"@type\":\"Organization\",\"@id\":\"https:\/\/www.suno.com.br\/noticias\/#organization\",\"name\":\"Suno Not\u00edcias\",\"url\":\"https:\/\/www.suno.com.br\/noticias\/\",\"logo\":{\"@type\":\"ImageObject\",\"inLanguage\":\"pt-BR\",\"@id\":\"https:\/\/www.suno.com.br\/noticias\/#\/schema\/logo\/image\/\",\"url\":\"https:\/\/files.sunoresearch.com.br\/n\/uploads\/2021\/09\/suno-logo.png\",\"contentUrl\":\"https:\/\/files.sunoresearch.com.br\/n\/uploads\/2021\/09\/suno-logo.png\",\"width\":180,\"height\":180,\"caption\":\"Suno Not\u00edcias\"},\"image\":{\"@id\":\"https:\/\/www.suno.com.br\/noticias\/#\/schema\/logo\/image\/\"},\"sameAs\":[\"https:\/\/facebook.com\/sunoresearch\",\"https:\/\/x.com\/sunoresearch\",\"https:\/\/www.instagram.com\/suno\",\"https:\/\/www.linkedin.com\/company\/suno-research\/\",\"https:\/\/www.youtube.com\/c\/sunoresearch\"]},{\"@type\":\"Person\",\"@id\":\"https:\/\/www.suno.com.br\/noticias\/#\/schema\/person\/e6e0f723cc177805027f4566c1d5e0c8\",\"name\":\"Carlo Cauti\",\"image\":{\"@type\":\"ImageObject\",\"inLanguage\":\"pt-BR\",\"@id\":\"https:\/\/www.suno.com.br\/noticias\/#\/schema\/person\/image\/\",\"url\":\"https:\/\/secure.gravatar.com\/avatar\/3ada9e0bd164c23abd4792a9606d583c?s=96&r=g\",\"contentUrl\":\"https:\/\/secure.gravatar.com\/avatar\/3ada9e0bd164c23abd4792a9606d583c?s=96&r=g\",\"caption\":\"Carlo Cauti\"},\"description\":\"Editor multim\u00eddia do SUNO Not\u00edcias. Italiano, formado em Ci\u00eancias Pol\u00edticas pela universidade LUISS G. Carli de Roma e mestre cum laude em Rela\u00e7\u00f5es Internacionais, Jornalismo Internacional e de Guerra e em Economia Internacional. Concluiu tamb\u00e9m um MBA em Finan\u00e7as na B3. No Brasil, teve passagem por ve\u00edculos como Estad\u00e3o, Globo, Veja e EXAME. e nas ag\u00eancias de not\u00edcias italianas ANSA e NOVA.\",\"url\":\"https:\/\/www.suno.com.br\/noticias\/author\/carlo-cauti\/\"}]}<\/script>\n<!-- \/ Yoast SEO plugin. -->","yoast_head_json":{"title":"Brexit leva Theresa May a enfrentar voto de desconfian\u00e7a no Parlamento","description":"Crise no Brexit leva premi\u00ea brit\u00e2nica Theresa May a enfrentar um voto de desconfian\u00e7a no Parlamento. Clique aqui para saber mais.","robots":{"index":"index","follow":"follow","max-snippet":"max-snippet:-1","max-image-preview":"max-image-preview:large","max-video-preview":"max-video-preview:-1"},"canonical":"https:\/\/www.suno.com.br\/noticias\/brexit-theresa-may-voto-desconfianca-parlamento\/","og_locale":"pt_BR","og_type":"article","og_title":"Brexit leva Theresa May a enfrentar voto de desconfian\u00e7a no Parlamento","og_description":"Crise no Brexit leva premi\u00ea brit\u00e2nica Theresa May a enfrentar um voto de desconfian\u00e7a no Parlamento. Clique aqui para saber mais.","og_url":"https:\/\/www.suno.com.br\/noticias\/brexit-theresa-may-voto-desconfianca-parlamento\/","og_site_name":"Suno Not\u00edcias","article_publisher":"https:\/\/facebook.com\/sunoresearch","og_image":[{"width":800,"height":450,"url":"https:\/\/files.sunoresearch.com.br\/n\/uploads\/2018\/12\/1e4ac353-theresa-may.jpg","type":"image\/jpeg"}],"author":"Carlo Cauti","twitter_card":"summary_large_image","twitter_creator":"@sunoresearch","twitter_site":"@sunoresearch","twitter_misc":{"Escrito por":"Carlo Cauti","Est. tempo de leitura":"4 minutos"},"schema":{"@context":"https:\/\/schema.org","@graph":[{"@type":"NewsArticle","@id":"https:\/\/www.suno.com.br\/noticias\/brexit-theresa-may-voto-desconfianca-parlamento\/#article","isPartOf":{"@id":"https:\/\/www.suno.com.br\/noticias\/brexit-theresa-may-voto-desconfianca-parlamento\/"},"author":{"name":"Carlo Cauti","@id":"https:\/\/www.suno.com.br\/noticias\/#\/schema\/person\/e6e0f723cc177805027f4566c1d5e0c8"},"headline":"Brexit leva Theresa May a enfrentar voto de desconfian\u00e7a no Parlamento","datePublished":"2018-12-12T10:27:14+00:00","mainEntityOfPage":{"@id":"https:\/\/www.suno.com.br\/noticias\/brexit-theresa-may-voto-desconfianca-parlamento\/"},"wordCount":740,"publisher":{"@id":"https:\/\/www.suno.com.br\/noticias\/#organization"},"image":{"@id":"https:\/\/www.suno.com.br\/noticias\/brexit-theresa-may-voto-desconfianca-parlamento\/#primaryimage"},"thumbnailUrl":"https:\/\/files.sunoresearch.com.br\/n\/uploads\/2018\/12\/1e4ac353-theresa-may-jpg.webp","keywords":["Brexit","Reino Unido","Theresa May","Uni\u00e3o Europeia"],"articleSection":["Internacional"],"inLanguage":"pt-BR"},{"@type":"WebPage","@id":"https:\/\/www.suno.com.br\/noticias\/brexit-theresa-may-voto-desconfianca-parlamento\/","url":"https:\/\/www.suno.com.br\/noticias\/brexit-theresa-may-voto-desconfianca-parlamento\/","name":"Brexit leva Theresa May a enfrentar voto de desconfian\u00e7a no Parlamento","isPartOf":{"@id":"https:\/\/www.suno.com.br\/noticias\/#website"},"primaryImageOfPage":{"@id":"https:\/\/www.suno.com.br\/noticias\/brexit-theresa-may-voto-desconfianca-parlamento\/#primaryimage"},"image":{"@id":"https:\/\/www.suno.com.br\/noticias\/brexit-theresa-may-voto-desconfianca-parlamento\/#primaryimage"},"thumbnailUrl":"https:\/\/files.sunoresearch.com.br\/n\/uploads\/2018\/12\/1e4ac353-theresa-may-jpg.webp","datePublished":"2018-12-12T10:27:14+00:00","description":"Crise no Brexit leva premi\u00ea brit\u00e2nica Theresa May a enfrentar um voto de desconfian\u00e7a no Parlamento. Clique aqui para saber mais.","breadcrumb":{"@id":"https:\/\/www.suno.com.br\/noticias\/brexit-theresa-may-voto-desconfianca-parlamento\/#breadcrumb"},"inLanguage":"pt-BR","potentialAction":[{"@type":"ReadAction","target":["https:\/\/www.suno.com.br\/noticias\/brexit-theresa-may-voto-desconfianca-parlamento\/"]}]},{"@type":"ImageObject","inLanguage":"pt-BR","@id":"https:\/\/www.suno.com.br\/noticias\/brexit-theresa-may-voto-desconfianca-parlamento\/#primaryimage","url":"https:\/\/files.sunoresearch.com.br\/n\/uploads\/2018\/12\/1e4ac353-theresa-may-jpg.webp","contentUrl":"https:\/\/files.sunoresearch.com.br\/n\/uploads\/2018\/12\/1e4ac353-theresa-may-jpg.webp","width":800,"height":450,"caption":"theresa may voto de desconfian\u00e7a"},{"@type":"BreadcrumbList","@id":"https:\/\/www.suno.com.br\/noticias\/brexit-theresa-may-voto-desconfianca-parlamento\/#breadcrumb","itemListElement":[{"@type":"ListItem","position":1,"name":"Not\u00edcias","item":"https:\/\/www.suno.com.br\/noticias\/"},{"@type":"ListItem","position":2,"name":"Internacional","item":"https:\/\/www.suno.com.br\/noticias\/internacional\/"},{"@type":"ListItem","position":3,"name":"Brexit leva Theresa May a enfrentar voto de desconfian\u00e7a no Parlamento"}]},{"@type":"WebSite","@id":"https:\/\/www.suno.com.br\/noticias\/#website","url":"https:\/\/www.suno.com.br\/noticias\/","name":"Suno Not\u00edcias","description":"Seu portal de informa\u00e7\u00e3o sobre o mundo dos investimentos","publisher":{"@id":"https:\/\/www.suno.com.br\/noticias\/#organization"},"potentialAction":[{"@type":"SearchAction","target":{"@type":"EntryPoint","urlTemplate":"https:\/\/www.suno.com.br\/noticias\/?s={search_term_string}"},"query-input":{"@type":"PropertyValueSpecification","valueRequired":true,"valueName":"search_term_string"}}],"inLanguage":"pt-BR"},{"@type":"Organization","@id":"https:\/\/www.suno.com.br\/noticias\/#organization","name":"Suno Not\u00edcias","url":"https:\/\/www.suno.com.br\/noticias\/","logo":{"@type":"ImageObject","inLanguage":"pt-BR","@id":"https:\/\/www.suno.com.br\/noticias\/#\/schema\/logo\/image\/","url":"https:\/\/files.sunoresearch.com.br\/n\/uploads\/2021\/09\/suno-logo.png","contentUrl":"https:\/\/files.sunoresearch.com.br\/n\/uploads\/2021\/09\/suno-logo.png","width":180,"height":180,"caption":"Suno Not\u00edcias"},"image":{"@id":"https:\/\/www.suno.com.br\/noticias\/#\/schema\/logo\/image\/"},"sameAs":["https:\/\/facebook.com\/sunoresearch","https:\/\/x.com\/sunoresearch","https:\/\/www.instagram.com\/suno","https:\/\/www.linkedin.com\/company\/suno-research\/","https:\/\/www.youtube.com\/c\/sunoresearch"]},{"@type":"Person","@id":"https:\/\/www.suno.com.br\/noticias\/#\/schema\/person\/e6e0f723cc177805027f4566c1d5e0c8","name":"Carlo Cauti","image":{"@type":"ImageObject","inLanguage":"pt-BR","@id":"https:\/\/www.suno.com.br\/noticias\/#\/schema\/person\/image\/","url":"https:\/\/secure.gravatar.com\/avatar\/3ada9e0bd164c23abd4792a9606d583c?s=96&r=g","contentUrl":"https:\/\/secure.gravatar.com\/avatar\/3ada9e0bd164c23abd4792a9606d583c?s=96&r=g","caption":"Carlo Cauti"},"description":"Editor multim\u00eddia do SUNO Not\u00edcias. Italiano, formado em Ci\u00eancias Pol\u00edticas pela universidade LUISS G. Carli de Roma e mestre cum laude em Rela\u00e7\u00f5es Internacionais, Jornalismo Internacional e de Guerra e em Economia Internacional. Concluiu tamb\u00e9m um MBA em Finan\u00e7as na B3. No Brasil, teve passagem por ve\u00edculos como Estad\u00e3o, Globo, Veja e EXAME. e nas ag\u00eancias de not\u00edcias italianas ANSA e NOVA.","url":"https:\/\/www.suno.com.br\/noticias\/author\/carlo-cauti\/"}]}},"default_loop_html":"<div class=\"cardsPage__listCard__boxs\"><div class=\"cardsPage__listCard__boxs__img\"><a href=\"https:\/\/www.suno.com.br\/noticias\/brexit-theresa-may-voto-desconfianca-parlamento\/\"><img class=\"mask\" src=\"https:\/\/www.suno.com.br\/noticias\/wp-content\/themes\/suno\/resources\/images\/spotlight\/spotlight1img\/bg-mask.png\" alt=\"Image Mask\"\/><img src=\"https:\/\/files.sunoresearch.com.br\/n\/uploads\/2018\/12\/1e4ac353-theresa-may-400x200.webp\" alt=\"Brexit leva Theresa May a enfrentar voto de desconfian\u00e7a no Parlamento\"\/><\/a><span class=\"spotlightCategory\"><a href=\"https:\/\/www.suno.com.br\/noticias\/internacional\/\">Internacional<\/a><\/span><\/div><div class=\"cardsPage__listCard__boxs__content\"><a href=\"https:\/\/www.suno.com.br\/noticias\/brexit-theresa-may-voto-desconfianca-parlamento\/\"><h2 class=\"content__title\">Brexit leva Theresa May a enfrentar voto de desconfian\u00e7a no Parlamento<\/h2><\/a><div class=\"newsContent__article__meta\"><div class=\"newsContent__article__meta__authorBox\"><a href=\"https:\/\/www.suno.com.br\/noticias\/author\/carlo-cauti\/\" class=\"authorBox__avatar noMobi\"><img src=\"https:\/\/files.sunoresearch.com.br\/n\/uploads\/2020\/08\/e3745f9a-perfil-carlo-cauti-150x150.webp\" alt=\"Carlo Cauti\"><\/a><div class=\"authorBox__name\"><span>por\n\t\t\t<a href=\"https:\/\/www.suno.com.br\/noticias\/author\/carlo-cauti\/\"><span itemprop=\"author\">Carlo Cauti<\/span><\/a><\/span><time datetime=\"2018-12-12T08:27:14-02:00\" itemprop=\"datePublished\">12\/12\/2018 08:27<\/time><\/div><\/div><\/div><\/div><\/div>","single_layout":"posts","amp_enabled":true,"_links":{"self":[{"href":"https:\/\/www.suno.com.br\/noticias\/wp-json\/wp\/v2\/posts\/8543"}],"collection":[{"href":"https:\/\/www.suno.com.br\/noticias\/wp-json\/wp\/v2\/posts"}],"about":[{"href":"https:\/\/www.suno.com.br\/noticias\/wp-json\/wp\/v2\/types\/post"}],"author":[{"embeddable":true,"href":"https:\/\/www.suno.com.br\/noticias\/wp-json\/wp\/v2\/users\/9"}],"replies":[{"embeddable":true,"href":"https:\/\/www.suno.com.br\/noticias\/wp-json\/wp\/v2\/comments?post=8543"}],"version-history":[{"count":0,"href":"https:\/\/www.suno.com.br\/noticias\/wp-json\/wp\/v2\/posts\/8543\/revisions"}],"wp:featuredmedia":[{"embeddable":true,"href":"https:\/\/www.suno.com.br\/noticias\/wp-json\/wp\/v2\/media\/8544"}],"wp:attachment":[{"href":"https:\/\/www.suno.com.br\/noticias\/wp-json\/wp\/v2\/media?parent=8543"}],"wp:term":[{"taxonomy":"category","embeddable":true,"href":"https:\/\/www.suno.com.br\/noticias\/wp-json\/wp\/v2\/categories?post=8543"},{"taxonomy":"post_tag","embeddable":true,"href":"https:\/\/www.suno.com.br\/noticias\/wp-json\/wp\/v2\/tags?post=8543"},{"taxonomy":"suno_strategy","embeddable":true,"href":"https:\/\/www.suno.com.br\/noticias\/wp-json\/wp\/v2\/suno_strategy?post=8543"}],"curies":[{"name":"wp","href":"https:\/\/api.w.org\/{rel}","templated":true}]}}