{"id":85342,"date":"2020-09-17T09:56:05","date_gmt":"2020-09-17T12:56:05","guid":{"rendered":"https:\/\/www.suno.com.br\/noticias\/?p=85342"},"modified":"2021-05-29T20:33:07","modified_gmt":"2021-05-29T23:33:07","slug":"dolar-em-alta-de-08-apos-powell-apresentar-duvidas-sobre-recuperacao-economica","status":"publish","type":"post","link":"https:\/\/www.suno.com.br\/noticias\/dolar-em-alta-de-08-apos-powell-apresentar-duvidas-sobre-recuperacao-economica\/","title":{"rendered":"D\u00f3lar em alta de 0,8% ap\u00f3s Powell apresentar d\u00favidas sobre recupera\u00e7\u00e3o econ\u00f4mica"},"content":{"rendered":"<p>Com as decis\u00f5es da pol\u00edtica monet\u00e1ria das principais economias do mundo no radar, como Estados Unidos e Brasil, e as incertezas apontadas pelo presidente do Banco Central dos EUA sobre a recupera\u00e7\u00e3o econ\u00f4mica do pa\u00eds, o <strong><a href=\"https:\/\/www.suno.com.br\/artigos\/investir-em-dolar\/\">d\u00f3lar<\/a> <\/strong>opera em alta.<\/p>\t<div class=\"wrapper-featured-image\">\n\t\t<figure class=\"spotlightImg\">\n\n\t\t\t<picture>\n\t\t\t\t<source media=\"(max-width: 768px)\" srcset=\"https:\/\/files.sunoresearch.com.br\/n\/uploads\/2020\/06\/1b1ec530-d\u00f3lar-400x200.webp\">\n\t\t\t\t<img loading=\"lazy\" decoding=\"async\" class=\"newsContent__article__imgCapa lazyloadDisabled \" src=\"https:\/\/files.sunoresearch.com.br\/n\/uploads\/2020\/06\/1b1ec530-d\u00f3lar-800x450.webp\" width=\"800\" height=\"450\" alt=\"D\u00f3lar em alta de 0,8% ap\u00f3s Powell apresentar d\u00favidas sobre recupera\u00e7\u00e3o econ\u00f4mica\" fetchpriority=high \/>\n\t\t\t<\/picture>\n\n\t\t\t<figcaption class=\"wp-caption-text wp-caption-text--show\">Por volta das 10h25, o d\u00f3lar hoje operava em alta de 0,70%, negociado a R$ 5,5641. <\/figcaption>\n\t\t<\/figure>\n\t<\/div>\n\n\n<div class=\"hubspot-form-wrapper\">\n\t<div id=\"single-form-target\"><\/div>\n<\/div>\n\n<p>Por volta das 9h40, nesta quinta-feira (17), o d\u00f3lar operava em alta de 0,857%, sendo negociado a R$ 5,2848. A<a href=\"https:\/\/www.suno.com.br\/artigos\/dolar\/\"> moeda estadunidense<\/a> que encerrou na v\u00e9spera em queda de 0,62% ap\u00f3s a taxa b\u00e1sica de juros do Brasil ser mantida, amanheceu esta quinta em alta.<\/p>\n<p>O Banco Central dos Estados Unidos, <a href=\"https:\/\/www.suno.com.br\/artigos\/fed\/\">Federal Reserve (Fed)<\/a>, decidiu manter a taxa de juros entre 0% e 0,25% na \u00faltima quarta-feira (16), ap\u00f3s a reuni\u00e3o do <a href=\"https:\/\/www.suno.com.br\/artigos\/fomc\/\">Comit\u00ea Federal de Mercado Aberto (Fomc)<\/a>.\u00a0As autoridade monet\u00e1ria norte-americana cortou a taxa de juros para esse patamar no dia 15 de mar\u00e7o, como uma medida emergencial devido a crise gerada pela pandemia do novo coronav\u00edrus (covid-19).<\/p>\n<p><a href=\"https:\/\/lp.suno.com.br\/suno-one\/\">Suno One: acesse gratuitamente eBooks, Minicursos, Artigos e Video Aulas sobre investimentos com um \u00fanico cadastro. Clique para saber mais!<\/a><\/p>\n<p>No entanto, a aten\u00e7\u00e3o do mercado est\u00e1 voltada para as incertezas apontadas pelo Fed. O presidente do banco central, Jerome Powell, refor\u00e7ou d\u00favidas, durante seu discurso, sobre o ritmo de recupera\u00e7\u00e3o da economia dos EUA em meio a pandemia.<\/p>\n<p>Al\u00e9m do Fed, o <a href=\"https:\/\/www.suno.com.br\/artigos\/copom\/\">Comit\u00ea de Pol\u00edtica Monet\u00e1ria (Copom) <\/a>do <a href=\"https:\/\/www.suno.com.br\/artigos\/bacen\/\">Banco Central do Brasil (BC)<\/a> decidiu manter a taxa inalterada da<a href=\"https:\/\/www.suno.com.br\/artigos\/taxa-de-juros-em-2020\/\"> taxa b\u00e1sica de juros (Selic)<\/a>. Com isso, a taxa permaneceu em 2% ao ano, a m\u00ednima hist\u00f3rica. Dessa forma, o Copom interrompeu o ciclo de cortes, ao todo, foram nove cortes na taxa Selic.<\/p>\n<p>O Banco Central da Inglaterra tamb\u00e9m decidiu manter os juros em 0,1%, assim como, o Banco do Jap\u00e3o que manteve a sua pol\u00edtica monet\u00e1ria, com a taxa de juros de curto prazo de -0,1%. Com as decis\u00f5es monet\u00e1rias dos principais bancos do mundo, os \u00edndices internacionais operam em campo negativo.<\/p>\n<ul>\n<li>Nova York (S&amp;P 500): -1,03%<span class=\"IsqQVc NprOob XcVN5d\"><br \/>\n<\/span><\/li>\n<li>Nova York (Dow Jones): +0,12%<\/li>\n<li>Nova York (Nasdaq): -0,80%<\/li>\n<li>Frankfurt (<a href=\"https:\/\/www.suno.com.br\/artigos\/dax-30\/\">DAX 30)<\/a>: -0,59%<\/li>\n<li>Paris (<a href=\"https:\/\/www.suno.com.br\/artigos\/cac-40\/\">CAC 40<\/a>): -0,70%<\/li>\n<li>Xangai (SSEC): -0,41%<\/li>\n<li>Hong Kong (<a href=\"https:\/\/www.suno.com.br\/artigos\/hang-seng\/\">Hang Seng<\/a>): -1,56%<\/li>\n<li>T\u00f3quio (<a href=\"https:\/\/www.suno.com.br\/artigos\/nikkei-225\/\">Nikkei 225<\/a>): -0,67%<\/li>\n<\/ul>\n<p>No cen\u00e1rio nacional, os investidores est\u00e3o atentos a pol\u00edtica, ap\u00f3s o presidente da Rep\u00fablica, Jair Bolsonaro, ser intimado pela Pol\u00edcia Federal (PF) a depor no inqu\u00e9rito que apura a den\u00fancia do ex-ministro da Justi\u00e7a, S\u00e9rgio Moro, de suposta interfer\u00eancia na PF. Em resposta, a Advocacia Geral da Uni\u00e3o (AGU) recorreu ao Supremo Tribunal Federal (STF) para que Bolsonaro possa se manifestar por escrito.<\/p>\n<h2>\u00daltima cota\u00e7\u00e3o do d\u00f3lar<\/h2>\n<p>Na \u00faltima sess\u00e3o, quarta-feira (16), o <strong>d\u00f3lar<\/strong> encerrou em queda de 0,915%, negociado a R$ 5,2406.<\/p>\n\t<p>\n\t\t<a href=\"https:\/\/lp.suno.com.br\/planilha-de-controle-de-investimentos\/\" target=\"_blank\" data-element=\"shortcode-suno-banner\" title=\"Banner SUNO, clique e saiba mais\">\n\t\t\t<picture>\n\t\t\t\t<source media=\"(max-width: 500px)\" srcset=\"https:\/\/files.sunoresearch.com.br\/n\/uploads\/2023\/03\/400x300-Controle-de-Investimentos.png\">\n\t\t\t\t<img class=\"newsContent__article__imgCapa newsContent__article__imgCapa--banner\"\n\t\t\t\t\tsrc=\"https:\/\/files.sunoresearch.com.br\/n\/uploads\/2023\/03\/1420x240-Controle-de-Investimentos.png\"\n\t\t\t\t\tdata-promo-id=\"75934\"\t\t\t\t\t\t\t\t\t\twidth='1420' height='240'\t\t\t\t\talt=\"https:\/\/files.sunoresearch.com.br\/n\/uploads\/2023\/03\/1420x240-Controle-de-Investimentos.png\"\n\t\t\t\t>\n\t\t\t<\/picture>\n\t\t<\/a>\n\t<\/p>\n\n\n","protected":false},"excerpt":{"rendered":"<p>Com as decis\u00f5es da pol\u00edtica monet\u00e1ria das principais economias do mundo no radar, como Estados Unidos e Brasil, e as incertezas apontadas pelo presidente do Banco Central dos EUA sobre a recupera\u00e7\u00e3o econ\u00f4mica do pa\u00eds, o d\u00f3lar opera em alta. Por volta das 10h25, o d\u00f3lar hoje operava em alta de 0,70%, negociado a R$ [&hellip;]<\/p>\n","protected":false},"author":15,"featured_media":67775,"comment_status":"closed","ping_status":"closed","sticky":false,"template":"","format":"standard","meta":[],"categories":[60],"tags":[1842,326,1852,793,776,290],"suno_strategy":[],"class_list":["post-85342","post","type-post","status-publish","format-standard","has-post-thumbnail","hentry","category-mercado","tag-banco-central-bc","tag-dolar","tag-dolar-futuro","tag-estados-unidos-eua","tag-federal-reseve-fed","tag-taxa-selic"],"yoast_head":"<!-- This site is optimized with the Yoast SEO plugin v24.4 - https:\/\/yoast.com\/wordpress\/plugins\/seo\/ -->\n<title>D\u00f3lar em alta ap\u00f3s Powell mostrar d\u00favidas sobre recupera\u00e7\u00e3o econ\u00f4mica<\/title>\n<meta name=\"description\" content=\"Por volta das 9h40, nesta quinta-feira (17), o d\u00f3lar operava em alta de 0,857%, sendo negociado a R$ 5,2848. Clique aqui e saiba mais\" \/>\n<meta name=\"robots\" content=\"index, follow, max-snippet:-1, max-image-preview:large, max-video-preview:-1\" \/>\n<link rel=\"canonical\" href=\"https:\/\/www.suno.com.br\/noticias\/dolar-em-alta-de-08-apos-powell-apresentar-duvidas-sobre-recuperacao-economica\/\" \/>\n<meta property=\"og:locale\" content=\"pt_BR\" \/>\n<meta property=\"og:type\" content=\"article\" \/>\n<meta property=\"og:title\" content=\"D\u00f3lar em alta ap\u00f3s Powell mostrar d\u00favidas sobre recupera\u00e7\u00e3o econ\u00f4mica\" \/>\n<meta property=\"og:description\" content=\"Por volta das 9h40, nesta quinta-feira (17), o d\u00f3lar operava em alta de 0,857%, sendo negociado a R$ 5,2848. Clique aqui e saiba mais\" \/>\n<meta property=\"og:url\" content=\"https:\/\/www.suno.com.br\/noticias\/dolar-em-alta-de-08-apos-powell-apresentar-duvidas-sobre-recuperacao-economica\/\" \/>\n<meta property=\"og:site_name\" content=\"Suno Not\u00edcias\" \/>\n<meta property=\"article:publisher\" content=\"https:\/\/facebook.com\/sunoresearch\" \/>\n<meta property=\"og:image\" content=\"https:\/\/files.sunoresearch.com.br\/n\/uploads\/2020\/06\/1b1ec530-d\u00f3lar.jpg\" \/>\n\t<meta property=\"og:image:width\" content=\"1200\" \/>\n\t<meta property=\"og:image:height\" content=\"800\" \/>\n\t<meta property=\"og:image:type\" content=\"image\/jpeg\" \/>\n<meta name=\"author\" content=\"Poliana Santos\" \/>\n<meta name=\"twitter:card\" content=\"summary_large_image\" \/>\n<meta name=\"twitter:creator\" content=\"@sunoresearch\" \/>\n<meta name=\"twitter:site\" content=\"@sunoresearch\" \/>\n<meta name=\"twitter:label1\" content=\"Escrito por\" \/>\n\t<meta name=\"twitter:data1\" content=\"Poliana Santos\" \/>\n\t<meta name=\"twitter:label2\" content=\"Est. tempo de leitura\" \/>\n\t<meta name=\"twitter:data2\" content=\"2 minutos\" \/>\n<script type=\"application\/ld+json\" class=\"yoast-schema-graph\">{\"@context\":\"https:\/\/schema.org\",\"@graph\":[{\"@type\":\"NewsArticle\",\"@id\":\"https:\/\/www.suno.com.br\/noticias\/dolar-em-alta-de-08-apos-powell-apresentar-duvidas-sobre-recuperacao-economica\/#article\",\"isPartOf\":{\"@id\":\"https:\/\/www.suno.com.br\/noticias\/dolar-em-alta-de-08-apos-powell-apresentar-duvidas-sobre-recuperacao-economica\/\"},\"author\":{\"name\":\"Poliana Santos\",\"@id\":\"https:\/\/www.suno.com.br\/noticias\/#\/schema\/person\/02ec1f752758247878a2bf4abee1aeda\"},\"headline\":\"D\u00f3lar em alta de 0,8% ap\u00f3s Powell apresentar d\u00favidas sobre recupera\u00e7\u00e3o econ\u00f4mica\",\"datePublished\":\"2020-09-17T12:56:05+00:00\",\"dateModified\":\"2021-05-29T23:33:07+00:00\",\"mainEntityOfPage\":{\"@id\":\"https:\/\/www.suno.com.br\/noticias\/dolar-em-alta-de-08-apos-powell-apresentar-duvidas-sobre-recuperacao-economica\/\"},\"wordCount\":495,\"publisher\":{\"@id\":\"https:\/\/www.suno.com.br\/noticias\/#organization\"},\"image\":{\"@id\":\"https:\/\/www.suno.com.br\/noticias\/dolar-em-alta-de-08-apos-powell-apresentar-duvidas-sobre-recuperacao-economica\/#primaryimage\"},\"thumbnailUrl\":\"https:\/\/files.sunoresearch.com.br\/n\/uploads\/2020\/06\/1b1ec530-d\u00f3lar-jpg.webp\",\"keywords\":[\"Banco Central (BC)\",\"d\u00f3lar\",\"d\u00f3lar futuro\",\"Estados Unidos (EUA)\",\"Federal Reserve (FED)\",\"Taxa Selic\"],\"articleSection\":[\"Mercado\"],\"inLanguage\":\"pt-BR\"},{\"@type\":\"WebPage\",\"@id\":\"https:\/\/www.suno.com.br\/noticias\/dolar-em-alta-de-08-apos-powell-apresentar-duvidas-sobre-recuperacao-economica\/\",\"url\":\"https:\/\/www.suno.com.br\/noticias\/dolar-em-alta-de-08-apos-powell-apresentar-duvidas-sobre-recuperacao-economica\/\",\"name\":\"D\u00f3lar em alta ap\u00f3s Powell mostrar d\u00favidas sobre recupera\u00e7\u00e3o econ\u00f4mica\",\"isPartOf\":{\"@id\":\"https:\/\/www.suno.com.br\/noticias\/#website\"},\"primaryImageOfPage\":{\"@id\":\"https:\/\/www.suno.com.br\/noticias\/dolar-em-alta-de-08-apos-powell-apresentar-duvidas-sobre-recuperacao-economica\/#primaryimage\"},\"image\":{\"@id\":\"https:\/\/www.suno.com.br\/noticias\/dolar-em-alta-de-08-apos-powell-apresentar-duvidas-sobre-recuperacao-economica\/#primaryimage\"},\"thumbnailUrl\":\"https:\/\/files.sunoresearch.com.br\/n\/uploads\/2020\/06\/1b1ec530-d\u00f3lar-jpg.webp\",\"datePublished\":\"2020-09-17T12:56:05+00:00\",\"dateModified\":\"2021-05-29T23:33:07+00:00\",\"description\":\"Por volta das 9h40, nesta quinta-feira (17), o d\u00f3lar operava em alta de 0,857%, sendo negociado a R$ 5,2848. Clique aqui e saiba mais\",\"breadcrumb\":{\"@id\":\"https:\/\/www.suno.com.br\/noticias\/dolar-em-alta-de-08-apos-powell-apresentar-duvidas-sobre-recuperacao-economica\/#breadcrumb\"},\"inLanguage\":\"pt-BR\",\"potentialAction\":[{\"@type\":\"ReadAction\",\"target\":[\"https:\/\/www.suno.com.br\/noticias\/dolar-em-alta-de-08-apos-powell-apresentar-duvidas-sobre-recuperacao-economica\/\"]}]},{\"@type\":\"ImageObject\",\"inLanguage\":\"pt-BR\",\"@id\":\"https:\/\/www.suno.com.br\/noticias\/dolar-em-alta-de-08-apos-powell-apresentar-duvidas-sobre-recuperacao-economica\/#primaryimage\",\"url\":\"https:\/\/files.sunoresearch.com.br\/n\/uploads\/2020\/06\/1b1ec530-d\u00f3lar-jpg.webp\",\"contentUrl\":\"https:\/\/files.sunoresearch.com.br\/n\/uploads\/2020\/06\/1b1ec530-d\u00f3lar-jpg.webp\",\"width\":1200,\"height\":800,\"caption\":\"Por volta das 10h25, o d\u00f3lar hoje operava em alta de 0,70%, negociado a R$ 5,5641.\"},{\"@type\":\"BreadcrumbList\",\"@id\":\"https:\/\/www.suno.com.br\/noticias\/dolar-em-alta-de-08-apos-powell-apresentar-duvidas-sobre-recuperacao-economica\/#breadcrumb\",\"itemListElement\":[{\"@type\":\"ListItem\",\"position\":1,\"name\":\"Not\u00edcias\",\"item\":\"https:\/\/www.suno.com.br\/noticias\/\"},{\"@type\":\"ListItem\",\"position\":2,\"name\":\"Mercado\",\"item\":\"https:\/\/www.suno.com.br\/noticias\/mercado\/\"},{\"@type\":\"ListItem\",\"position\":3,\"name\":\"D\u00f3lar em alta de 0,8% ap\u00f3s Powell apresentar d\u00favidas sobre recupera\u00e7\u00e3o econ\u00f4mica\"}]},{\"@type\":\"WebSite\",\"@id\":\"https:\/\/www.suno.com.br\/noticias\/#website\",\"url\":\"https:\/\/www.suno.com.br\/noticias\/\",\"name\":\"Suno Not\u00edcias\",\"description\":\"Seu portal de informa\u00e7\u00e3o sobre o mundo dos investimentos\",\"publisher\":{\"@id\":\"https:\/\/www.suno.com.br\/noticias\/#organization\"},\"potentialAction\":[{\"@type\":\"SearchAction\",\"target\":{\"@type\":\"EntryPoint\",\"urlTemplate\":\"https:\/\/www.suno.com.br\/noticias\/?s={search_term_string}\"},\"query-input\":{\"@type\":\"PropertyValueSpecification\",\"valueRequired\":true,\"valueName\":\"search_term_string\"}}],\"inLanguage\":\"pt-BR\"},{\"@type\":\"Organization\",\"@id\":\"https:\/\/www.suno.com.br\/noticias\/#organization\",\"name\":\"Suno Not\u00edcias\",\"url\":\"https:\/\/www.suno.com.br\/noticias\/\",\"logo\":{\"@type\":\"ImageObject\",\"inLanguage\":\"pt-BR\",\"@id\":\"https:\/\/www.suno.com.br\/noticias\/#\/schema\/logo\/image\/\",\"url\":\"https:\/\/files.sunoresearch.com.br\/n\/uploads\/2021\/09\/suno-logo.png\",\"contentUrl\":\"https:\/\/files.sunoresearch.com.br\/n\/uploads\/2021\/09\/suno-logo.png\",\"width\":180,\"height\":180,\"caption\":\"Suno Not\u00edcias\"},\"image\":{\"@id\":\"https:\/\/www.suno.com.br\/noticias\/#\/schema\/logo\/image\/\"},\"sameAs\":[\"https:\/\/facebook.com\/sunoresearch\",\"https:\/\/x.com\/sunoresearch\",\"https:\/\/www.instagram.com\/suno\",\"https:\/\/www.linkedin.com\/company\/suno-research\/\",\"https:\/\/www.youtube.com\/c\/sunoresearch\"]},{\"@type\":\"Person\",\"@id\":\"https:\/\/www.suno.com.br\/noticias\/#\/schema\/person\/02ec1f752758247878a2bf4abee1aeda\",\"name\":\"Poliana Santos\",\"image\":{\"@type\":\"ImageObject\",\"inLanguage\":\"pt-BR\",\"@id\":\"https:\/\/www.suno.com.br\/noticias\/#\/schema\/person\/image\/\",\"url\":\"https:\/\/secure.gravatar.com\/avatar\/0645bd32f23d87b2130f2b2dff1d3f8d?s=96&r=g\",\"contentUrl\":\"https:\/\/secure.gravatar.com\/avatar\/0645bd32f23d87b2130f2b2dff1d3f8d?s=96&r=g\",\"caption\":\"Poliana Santos\"},\"description\":\"Rep\u00f3rter no Suno Not\u00edcias, com cobertura em mercado financeiro, economia, finan\u00e7as pessoais, renda fixa e varejo. Jornalista formada pela Faculdade C\u00e1sper L\u00edbero e possui passagem na R\u00e1dio Gazeta AM com a produ\u00e7\u00e3o de conte\u00fado sobre economia, pol\u00edtica, sa\u00fade, moda e m\u00fasica. Possui certificado de conclus\u00e3o do curso de An\u00e1lise de Balan\u00e7os pela Funda\u00e7\u00e3o Bradesco, Agenda Brasil pela FAAP, Educa\u00e7\u00e3o Pol\u00edtica por Alexandre Garcia e do Tesouro Direto e Mercado de A\u00e7\u00f5es pela B3.\",\"url\":\"https:\/\/www.suno.com.br\/noticias\/author\/poliana-santos\/\"}]}<\/script>\n<!-- \/ Yoast SEO plugin. -->","yoast_head_json":{"title":"D\u00f3lar em alta ap\u00f3s Powell mostrar d\u00favidas sobre recupera\u00e7\u00e3o econ\u00f4mica","description":"Por volta das 9h40, nesta quinta-feira (17), o d\u00f3lar operava em alta de 0,857%, sendo negociado a R$ 5,2848. Clique aqui e saiba mais","robots":{"index":"index","follow":"follow","max-snippet":"max-snippet:-1","max-image-preview":"max-image-preview:large","max-video-preview":"max-video-preview:-1"},"canonical":"https:\/\/www.suno.com.br\/noticias\/dolar-em-alta-de-08-apos-powell-apresentar-duvidas-sobre-recuperacao-economica\/","og_locale":"pt_BR","og_type":"article","og_title":"D\u00f3lar em alta ap\u00f3s Powell mostrar d\u00favidas sobre recupera\u00e7\u00e3o econ\u00f4mica","og_description":"Por volta das 9h40, nesta quinta-feira (17), o d\u00f3lar operava em alta de 0,857%, sendo negociado a R$ 5,2848. Clique aqui e saiba mais","og_url":"https:\/\/www.suno.com.br\/noticias\/dolar-em-alta-de-08-apos-powell-apresentar-duvidas-sobre-recuperacao-economica\/","og_site_name":"Suno Not\u00edcias","article_publisher":"https:\/\/facebook.com\/sunoresearch","og_image":[{"width":1200,"height":800,"url":"https:\/\/files.sunoresearch.com.br\/n\/uploads\/2020\/06\/1b1ec530-d\u00f3lar.jpg","type":"image\/jpeg"}],"author":"Poliana Santos","twitter_card":"summary_large_image","twitter_creator":"@sunoresearch","twitter_site":"@sunoresearch","twitter_misc":{"Escrito por":"Poliana Santos","Est. tempo de leitura":"2 minutos"},"schema":{"@context":"https:\/\/schema.org","@graph":[{"@type":"NewsArticle","@id":"https:\/\/www.suno.com.br\/noticias\/dolar-em-alta-de-08-apos-powell-apresentar-duvidas-sobre-recuperacao-economica\/#article","isPartOf":{"@id":"https:\/\/www.suno.com.br\/noticias\/dolar-em-alta-de-08-apos-powell-apresentar-duvidas-sobre-recuperacao-economica\/"},"author":{"name":"Poliana Santos","@id":"https:\/\/www.suno.com.br\/noticias\/#\/schema\/person\/02ec1f752758247878a2bf4abee1aeda"},"headline":"D\u00f3lar em alta de 0,8% ap\u00f3s Powell apresentar d\u00favidas sobre recupera\u00e7\u00e3o econ\u00f4mica","datePublished":"2020-09-17T12:56:05+00:00","dateModified":"2021-05-29T23:33:07+00:00","mainEntityOfPage":{"@id":"https:\/\/www.suno.com.br\/noticias\/dolar-em-alta-de-08-apos-powell-apresentar-duvidas-sobre-recuperacao-economica\/"},"wordCount":495,"publisher":{"@id":"https:\/\/www.suno.com.br\/noticias\/#organization"},"image":{"@id":"https:\/\/www.suno.com.br\/noticias\/dolar-em-alta-de-08-apos-powell-apresentar-duvidas-sobre-recuperacao-economica\/#primaryimage"},"thumbnailUrl":"https:\/\/files.sunoresearch.com.br\/n\/uploads\/2020\/06\/1b1ec530-d\u00f3lar-jpg.webp","keywords":["Banco Central (BC)","d\u00f3lar","d\u00f3lar futuro","Estados Unidos (EUA)","Federal Reserve (FED)","Taxa Selic"],"articleSection":["Mercado"],"inLanguage":"pt-BR"},{"@type":"WebPage","@id":"https:\/\/www.suno.com.br\/noticias\/dolar-em-alta-de-08-apos-powell-apresentar-duvidas-sobre-recuperacao-economica\/","url":"https:\/\/www.suno.com.br\/noticias\/dolar-em-alta-de-08-apos-powell-apresentar-duvidas-sobre-recuperacao-economica\/","name":"D\u00f3lar em alta ap\u00f3s Powell mostrar d\u00favidas sobre recupera\u00e7\u00e3o econ\u00f4mica","isPartOf":{"@id":"https:\/\/www.suno.com.br\/noticias\/#website"},"primaryImageOfPage":{"@id":"https:\/\/www.suno.com.br\/noticias\/dolar-em-alta-de-08-apos-powell-apresentar-duvidas-sobre-recuperacao-economica\/#primaryimage"},"image":{"@id":"https:\/\/www.suno.com.br\/noticias\/dolar-em-alta-de-08-apos-powell-apresentar-duvidas-sobre-recuperacao-economica\/#primaryimage"},"thumbnailUrl":"https:\/\/files.sunoresearch.com.br\/n\/uploads\/2020\/06\/1b1ec530-d\u00f3lar-jpg.webp","datePublished":"2020-09-17T12:56:05+00:00","dateModified":"2021-05-29T23:33:07+00:00","description":"Por volta das 9h40, nesta quinta-feira (17), o d\u00f3lar operava em alta de 0,857%, sendo negociado a R$ 5,2848. Clique aqui e saiba mais","breadcrumb":{"@id":"https:\/\/www.suno.com.br\/noticias\/dolar-em-alta-de-08-apos-powell-apresentar-duvidas-sobre-recuperacao-economica\/#breadcrumb"},"inLanguage":"pt-BR","potentialAction":[{"@type":"ReadAction","target":["https:\/\/www.suno.com.br\/noticias\/dolar-em-alta-de-08-apos-powell-apresentar-duvidas-sobre-recuperacao-economica\/"]}]},{"@type":"ImageObject","inLanguage":"pt-BR","@id":"https:\/\/www.suno.com.br\/noticias\/dolar-em-alta-de-08-apos-powell-apresentar-duvidas-sobre-recuperacao-economica\/#primaryimage","url":"https:\/\/files.sunoresearch.com.br\/n\/uploads\/2020\/06\/1b1ec530-d\u00f3lar-jpg.webp","contentUrl":"https:\/\/files.sunoresearch.com.br\/n\/uploads\/2020\/06\/1b1ec530-d\u00f3lar-jpg.webp","width":1200,"height":800,"caption":"Por volta das 10h25, o d\u00f3lar hoje operava em alta de 0,70%, negociado a R$ 5,5641."},{"@type":"BreadcrumbList","@id":"https:\/\/www.suno.com.br\/noticias\/dolar-em-alta-de-08-apos-powell-apresentar-duvidas-sobre-recuperacao-economica\/#breadcrumb","itemListElement":[{"@type":"ListItem","position":1,"name":"Not\u00edcias","item":"https:\/\/www.suno.com.br\/noticias\/"},{"@type":"ListItem","position":2,"name":"Mercado","item":"https:\/\/www.suno.com.br\/noticias\/mercado\/"},{"@type":"ListItem","position":3,"name":"D\u00f3lar em alta de 0,8% ap\u00f3s Powell apresentar d\u00favidas sobre recupera\u00e7\u00e3o econ\u00f4mica"}]},{"@type":"WebSite","@id":"https:\/\/www.suno.com.br\/noticias\/#website","url":"https:\/\/www.suno.com.br\/noticias\/","name":"Suno Not\u00edcias","description":"Seu portal de informa\u00e7\u00e3o sobre o mundo dos investimentos","publisher":{"@id":"https:\/\/www.suno.com.br\/noticias\/#organization"},"potentialAction":[{"@type":"SearchAction","target":{"@type":"EntryPoint","urlTemplate":"https:\/\/www.suno.com.br\/noticias\/?s={search_term_string}"},"query-input":{"@type":"PropertyValueSpecification","valueRequired":true,"valueName":"search_term_string"}}],"inLanguage":"pt-BR"},{"@type":"Organization","@id":"https:\/\/www.suno.com.br\/noticias\/#organization","name":"Suno Not\u00edcias","url":"https:\/\/www.suno.com.br\/noticias\/","logo":{"@type":"ImageObject","inLanguage":"pt-BR","@id":"https:\/\/www.suno.com.br\/noticias\/#\/schema\/logo\/image\/","url":"https:\/\/files.sunoresearch.com.br\/n\/uploads\/2021\/09\/suno-logo.png","contentUrl":"https:\/\/files.sunoresearch.com.br\/n\/uploads\/2021\/09\/suno-logo.png","width":180,"height":180,"caption":"Suno Not\u00edcias"},"image":{"@id":"https:\/\/www.suno.com.br\/noticias\/#\/schema\/logo\/image\/"},"sameAs":["https:\/\/facebook.com\/sunoresearch","https:\/\/x.com\/sunoresearch","https:\/\/www.instagram.com\/suno","https:\/\/www.linkedin.com\/company\/suno-research\/","https:\/\/www.youtube.com\/c\/sunoresearch"]},{"@type":"Person","@id":"https:\/\/www.suno.com.br\/noticias\/#\/schema\/person\/02ec1f752758247878a2bf4abee1aeda","name":"Poliana Santos","image":{"@type":"ImageObject","inLanguage":"pt-BR","@id":"https:\/\/www.suno.com.br\/noticias\/#\/schema\/person\/image\/","url":"https:\/\/secure.gravatar.com\/avatar\/0645bd32f23d87b2130f2b2dff1d3f8d?s=96&r=g","contentUrl":"https:\/\/secure.gravatar.com\/avatar\/0645bd32f23d87b2130f2b2dff1d3f8d?s=96&r=g","caption":"Poliana Santos"},"description":"Rep\u00f3rter no Suno Not\u00edcias, com cobertura em mercado financeiro, economia, finan\u00e7as pessoais, renda fixa e varejo. Jornalista formada pela Faculdade C\u00e1sper L\u00edbero e possui passagem na R\u00e1dio Gazeta AM com a produ\u00e7\u00e3o de conte\u00fado sobre economia, pol\u00edtica, sa\u00fade, moda e m\u00fasica. Possui certificado de conclus\u00e3o do curso de An\u00e1lise de Balan\u00e7os pela Funda\u00e7\u00e3o Bradesco, Agenda Brasil pela FAAP, Educa\u00e7\u00e3o Pol\u00edtica por Alexandre Garcia e do Tesouro Direto e Mercado de A\u00e7\u00f5es pela B3.","url":"https:\/\/www.suno.com.br\/noticias\/author\/poliana-santos\/"}]}},"default_loop_html":"<div class=\"cardsPage__listCard__boxs\"><div class=\"cardsPage__listCard__boxs__img\"><a href=\"https:\/\/www.suno.com.br\/noticias\/dolar-em-alta-de-08-apos-powell-apresentar-duvidas-sobre-recuperacao-economica\/\"><img class=\"mask\" src=\"https:\/\/www.suno.com.br\/noticias\/wp-content\/themes\/suno\/resources\/images\/spotlight\/spotlight1img\/bg-mask.png\" alt=\"Image Mask\"\/><img src=\"https:\/\/files.sunoresearch.com.br\/n\/uploads\/2020\/06\/1b1ec530-d\u00f3lar-400x200.webp\" alt=\"D\u00f3lar em alta de 0,8% ap\u00f3s Powell apresentar d\u00favidas sobre recupera\u00e7\u00e3o econ\u00f4mica\"\/><\/a><span class=\"spotlightCategory\"><a href=\"https:\/\/www.suno.com.br\/noticias\/mercado\/\">Mercado<\/a><\/span><\/div><div class=\"cardsPage__listCard__boxs__content\"><a href=\"https:\/\/www.suno.com.br\/noticias\/dolar-em-alta-de-08-apos-powell-apresentar-duvidas-sobre-recuperacao-economica\/\"><h2 class=\"content__title\">D\u00f3lar em alta de 0,8% ap\u00f3s Powell apresentar d\u00favidas sobre recupera\u00e7\u00e3o econ\u00f4mica<\/h2><\/a><div class=\"newsContent__article__meta\"><div class=\"newsContent__article__meta__authorBox\"><a href=\"https:\/\/www.suno.com.br\/noticias\/author\/poliana-santos\/\" class=\"authorBox__avatar noMobi\"><img src=\"https:\/\/files.sunoresearch.com.br\/n\/uploads\/2020\/08\/7ef34026-whatsapp-image-2020-08-03-at-12.37.57-150x150.webp\" alt=\"Poliana Santos\"><\/a><div class=\"authorBox__name\"><span>por\n\t\t\t<a href=\"https:\/\/www.suno.com.br\/noticias\/author\/poliana-santos\/\"><span itemprop=\"author\">Poliana Santos<\/span><\/a><\/span><time datetime=\"2020-09-17T09:56:05-03:00\" itemprop=\"datePublished\">17\/09\/2020 09:56<\/time><\/div><\/div><\/div><\/div><\/div>","single_layout":"posts","amp_enabled":true,"_links":{"self":[{"href":"https:\/\/www.suno.com.br\/noticias\/wp-json\/wp\/v2\/posts\/85342"}],"collection":[{"href":"https:\/\/www.suno.com.br\/noticias\/wp-json\/wp\/v2\/posts"}],"about":[{"href":"https:\/\/www.suno.com.br\/noticias\/wp-json\/wp\/v2\/types\/post"}],"author":[{"embeddable":true,"href":"https:\/\/www.suno.com.br\/noticias\/wp-json\/wp\/v2\/users\/15"}],"replies":[{"embeddable":true,"href":"https:\/\/www.suno.com.br\/noticias\/wp-json\/wp\/v2\/comments?post=85342"}],"version-history":[{"count":1,"href":"https:\/\/www.suno.com.br\/noticias\/wp-json\/wp\/v2\/posts\/85342\/revisions"}],"predecessor-version":[{"id":152155,"href":"https:\/\/www.suno.com.br\/noticias\/wp-json\/wp\/v2\/posts\/85342\/revisions\/152155"}],"wp:featuredmedia":[{"embeddable":true,"href":"https:\/\/www.suno.com.br\/noticias\/wp-json\/wp\/v2\/media\/67775"}],"wp:attachment":[{"href":"https:\/\/www.suno.com.br\/noticias\/wp-json\/wp\/v2\/media?parent=85342"}],"wp:term":[{"taxonomy":"category","embeddable":true,"href":"https:\/\/www.suno.com.br\/noticias\/wp-json\/wp\/v2\/categories?post=85342"},{"taxonomy":"post_tag","embeddable":true,"href":"https:\/\/www.suno.com.br\/noticias\/wp-json\/wp\/v2\/tags?post=85342"},{"taxonomy":"suno_strategy","embeddable":true,"href":"https:\/\/www.suno.com.br\/noticias\/wp-json\/wp\/v2\/suno_strategy?post=85342"}],"curies":[{"name":"wp","href":"https:\/\/api.w.org\/{rel}","templated":true}]}}