{"id":85330,"date":"2020-09-17T09:20:46","date_gmt":"2020-09-17T12:20:46","guid":{"rendered":"https:\/\/www.suno.com.br\/noticias\/?p=85330"},"modified":"2020-09-17T10:32:17","modified_gmt":"2020-09-17T13:32:17","slug":"recuperacao-economica-coronavirus-pode-levar-5-anos","status":"publish","type":"post","link":"https:\/\/www.suno.com.br\/noticias\/recuperacao-economica-coronavirus-pode-levar-5-anos\/","title":{"rendered":"Recupera\u00e7\u00e3o econ\u00f4mica p\u00f3s-coronav\u00edrus pode levar 5 anos, diz Banco Mundial"},"content":{"rendered":"<p>Segundo o <a href=\"https:\/\/www.suno.com.br\/artigos\/banco-mundial\/\">Banco Mundial (BM)<\/a>, a recupera\u00e7\u00e3o econ\u00f4mica global frente \u00e0 crise gerada pela pandemia do <a href=\"https:\/\/www.suno.com.br\/noticias\/?s=coronav%C3%ADrus\">novo <strong>coronav\u00edrus<\/strong> (Covid-19)<\/a> pode levar at\u00e9 cinco anos. A previs\u00e3o foi revelada nesta quinta-feira (17) pela economista-chefe do banco, Carmen Reinhart.<\/p>\t<div class=\"wrapper-featured-image\">\n\t\t<figure class=\"spotlightImg\">\n\n\t\t\t<picture>\n\t\t\t\t<source media=\"(max-width: 768px)\" srcset=\"https:\/\/files.sunoresearch.com.br\/n\/uploads\/2020\/09\/21b5776d-banco-mundial-400x200.webp\">\n\t\t\t\t<img loading=\"lazy\" decoding=\"async\" class=\"newsContent__article__imgCapa lazyloadDisabled \" src=\"https:\/\/files.sunoresearch.com.br\/n\/uploads\/2020\/09\/21b5776d-banco-mundial-800x450.webp\" width=\"800\" height=\"450\" alt=\"Recupera\u00e7\u00e3o econ\u00f4mica p\u00f3s-coronav\u00edrus pode levar 5 anos, diz Banco Mundial\" fetchpriority=high \/>\n\t\t\t<\/picture>\n\n\t\t\t<figcaption class=\"wp-caption-text wp-caption-text--show\">Banco Mundial<\/figcaption>\n\t\t<\/figure>\n\t<\/div>\n\n\n<div class=\"hubspot-form-wrapper\">\n\t<div id=\"single-form-target\"><\/div>\n<\/div>\n\n<p>&#8220;Provavelmente haver\u00e1 uma recupera\u00e7\u00e3o r\u00e1pida quando todas as medidas de restri\u00e7\u00e3o relacionadas aos bloqueios [para conte\u00e7\u00e3o ao coronav\u00edrus] forem suspensas, mas uma recupera\u00e7\u00e3o completa levar\u00e1 at\u00e9 cinco anos&#8221;, afirmou a economista em participa\u00e7\u00e3o remota em evento realizado em Madri.<\/p>\n<p>Para ela, a recess\u00e3o causada pela doen\u00e7a durar\u00e1 mais em determinados pa\u00edses do que em outros e agravar\u00e1 a <strong>desiguldade<\/strong>. Isso correr\u00e1 porque, de acordo com a economista, os mais pobres ser\u00e3o atingidos de forma mais intensa pela crise nos pa\u00edses ricos, e os pa\u00edses mais pobres tamb\u00e9m ser\u00e3o mais impactados do que os pa\u00edses mais ricos.<\/p>\n<p><a href=\"https:\/\/lp.suno.com.br\/suno-one\/\">No Suno One voc\u00ea aprende a fazer seu dinheiro trabalhar para voc\u00ea. Cadastre-se gratuitamente agora!<\/a><\/p>\n<p>Al\u00e9m disso, Reinhart pontuou que a <strong>pandemia<\/strong> far\u00e1 com que, pela primeira vez nas \u00faltimas duas d\u00e9cadas, as taxas de pobreza global aumentar\u00e3o ap\u00f3s a crise.<\/p>\n<h2>BM havia previsto crise prolongada em emergentes em fun\u00e7\u00e3o do coronav\u00edrus<\/h2>\n<p>Os pa\u00edses de economia de baixa renda e os <a href=\"https:\/\/www.suno.com.br\/artigos\/paises-emergentes\/\">pa\u00edses emergentes<\/a> dever\u00e3o ser impactadas pelos efeitos da pandemia do novo coronav\u00edrus pelos pr\u00f3ximos cinco anos, apontou um estudo do <strong>BM<\/strong> divulgado em junho deste ano.<\/p>\n\t<div data-element=\"shortcode-read-more\" class=\"knowMore\">\n\t\t\t\t<span class=\"knowMore__title\">Veja tamb\u00e9m<\/span>\n\t\t\t\t<a class=\"knowMore__link\" href=\"https:\/\/www.suno.com.br\/noticias\/brasil-programa-internacional-acesso-vacina\/\">\n\t\t\tBrasil pode aderir a programa internacional de acesso \u00e0 vacina contra o coronav\u00edrus\t\t<\/a>\n\t<\/div>\n\n\n<p>Devido \u00e0s medidas de isolamento social, causando a paralisa\u00e7\u00e3o econ\u00f4mica em diversos pa\u00edses, a pandemia j\u00e1 instaurou uma grave <strong>recess\u00e3o<\/strong> no planeta, havia apontado a institui\u00e7\u00e3o. \u201cA gravidade excepcional da pandemia e do colapso econ\u00f4mico n\u00e3o apenas eleva o risco de uma perda permanente dos n\u00edveis de produ\u00e7\u00e3o como de uma desacelera\u00e7\u00e3o permanente do crescimento potencial da produ\u00e7\u00e3o\u201d, disse a organiza\u00e7\u00e3o internacional.<\/p>\n<p>O banco avalia que &#8220;o <strong>coronav\u00edrus<\/strong> poder\u00e1 alterar as pr\u00f3prias estruturas sobre as quais o crescimento das recentes d\u00e9cadas foi constru\u00eddo, uma vez que pode causar danos prolongados \u00e0s cadeias de suprimentos globais, ao com\u00e9rcio e aos fluxos financeiros globais e \u00e0 coopera\u00e7\u00e3o global\u201d.<\/p>\n\t<p>\n\t\t<a href=\"https:\/\/lp.suno.com.br\/planilha-de-controle-de-investimentos\/\" target=\"_blank\" data-element=\"shortcode-suno-banner\" title=\"Banner SUNO, clique e saiba mais\">\n\t\t\t<picture>\n\t\t\t\t<source media=\"(max-width: 500px)\" srcset=\"https:\/\/files.sunoresearch.com.br\/n\/uploads\/2023\/03\/400x300-Controle-de-Investimentos.png\">\n\t\t\t\t<img class=\"newsContent__article__imgCapa newsContent__article__imgCapa--banner\"\n\t\t\t\t\tsrc=\"https:\/\/files.sunoresearch.com.br\/n\/uploads\/2023\/03\/1420x240-Controle-de-Investimentos.png\"\n\t\t\t\t\tdata-promo-id=\"75934\"\t\t\t\t\t\t\t\t\t\twidth='1420' height='240'\t\t\t\t\talt=\"https:\/\/files.sunoresearch.com.br\/n\/uploads\/2023\/03\/1420x240-Controle-de-Investimentos.png\"\n\t\t\t\t>\n\t\t\t<\/picture>\n\t\t<\/a>\n\t<\/p>\n\n\n","protected":false},"excerpt":{"rendered":"<p>Segundo o Banco Mundial (BM), a recupera\u00e7\u00e3o econ\u00f4mica global frente \u00e0 crise gerada pela pandemia do novo coronav\u00edrus (Covid-19) pode levar at\u00e9 cinco anos. A previs\u00e3o foi revelada nesta quinta-feira (17) pela economista-chefe do banco, Carmen Reinhart. Banco Mundial &#8220;Provavelmente haver\u00e1 uma recupera\u00e7\u00e3o r\u00e1pida quando todas as medidas de restri\u00e7\u00e3o relacionadas aos bloqueios [para conte\u00e7\u00e3o [&hellip;]<\/p>\n","protected":false},"author":24,"featured_media":85332,"comment_status":"closed","ping_status":"closed","sticky":false,"template":"","format":"standard","meta":[],"categories":[63],"tags":[934,2487,740,807],"suno_strategy":[],"class_list":["post-85330","post","type-post","status-publish","format-standard","has-post-thumbnail","hentry","category-internacional","tag-banco-mundial","tag-coronavirus","tag-economia","tag-produto-interno-bruto-pib"],"yoast_head":"<!-- This site is optimized with the Yoast SEO plugin v24.4 - https:\/\/yoast.com\/wordpress\/plugins\/seo\/ -->\n<title>Recupera\u00e7\u00e3o econ\u00f4mica p\u00f3s-coronav\u00edrus pode levar 5 anos, diz BM<\/title>\n<meta name=\"description\" content=\"Segundo o BM, a recupera\u00e7\u00e3o econ\u00f4mica global frente \u00e0 crise gerada pela pandemia do novo coronav\u00edrus pode levar at\u00e9 cinco anos. Saiba mais.\" \/>\n<meta name=\"robots\" content=\"index, follow, max-snippet:-1, max-image-preview:large, max-video-preview:-1\" \/>\n<link rel=\"canonical\" href=\"https:\/\/www.suno.com.br\/noticias\/recuperacao-economica-coronavirus-pode-levar-5-anos\/\" \/>\n<meta property=\"og:locale\" content=\"pt_BR\" \/>\n<meta property=\"og:type\" content=\"article\" \/>\n<meta property=\"og:title\" content=\"Recupera\u00e7\u00e3o econ\u00f4mica p\u00f3s-coronav\u00edrus pode levar 5 anos, diz BM\" \/>\n<meta property=\"og:description\" content=\"Segundo o BM, a recupera\u00e7\u00e3o econ\u00f4mica global frente \u00e0 crise gerada pela pandemia do novo coronav\u00edrus pode levar at\u00e9 cinco anos. Saiba mais.\" \/>\n<meta property=\"og:url\" content=\"https:\/\/www.suno.com.br\/noticias\/recuperacao-economica-coronavirus-pode-levar-5-anos\/\" \/>\n<meta property=\"og:site_name\" content=\"Suno Not\u00edcias\" \/>\n<meta property=\"article:publisher\" content=\"https:\/\/facebook.com\/sunoresearch\" \/>\n<meta property=\"og:image\" content=\"https:\/\/files.sunoresearch.com.br\/n\/uploads\/2020\/09\/21b5776d-banco-mundial.jpg\" \/>\n\t<meta property=\"og:image:width\" content=\"1140\" \/>\n\t<meta property=\"og:image:height\" content=\"760\" \/>\n\t<meta property=\"og:image:type\" content=\"image\/jpeg\" \/>\n<meta name=\"author\" content=\"Jader Lazarini\" \/>\n<meta name=\"twitter:card\" content=\"summary_large_image\" \/>\n<meta name=\"twitter:creator\" content=\"@sunoresearch\" \/>\n<meta name=\"twitter:site\" content=\"@sunoresearch\" \/>\n<meta name=\"twitter:label1\" content=\"Escrito por\" \/>\n\t<meta name=\"twitter:data1\" content=\"Jader Lazarini\" \/>\n\t<meta name=\"twitter:label2\" content=\"Est. tempo de leitura\" \/>\n\t<meta name=\"twitter:data2\" content=\"2 minutos\" \/>\n<script type=\"application\/ld+json\" class=\"yoast-schema-graph\">{\"@context\":\"https:\/\/schema.org\",\"@graph\":[{\"@type\":\"NewsArticle\",\"@id\":\"https:\/\/www.suno.com.br\/noticias\/recuperacao-economica-coronavirus-pode-levar-5-anos\/#article\",\"isPartOf\":{\"@id\":\"https:\/\/www.suno.com.br\/noticias\/recuperacao-economica-coronavirus-pode-levar-5-anos\/\"},\"author\":{\"name\":\"Jader Lazarini\",\"@id\":\"https:\/\/www.suno.com.br\/noticias\/#\/schema\/person\/918d79de1f0281f01599b93f9ea6e23f\"},\"headline\":\"Recupera\u00e7\u00e3o econ\u00f4mica p\u00f3s-coronav\u00edrus pode levar 5 anos, diz Banco Mundial\",\"datePublished\":\"2020-09-17T12:20:46+00:00\",\"dateModified\":\"2020-09-17T13:32:17+00:00\",\"mainEntityOfPage\":{\"@id\":\"https:\/\/www.suno.com.br\/noticias\/recuperacao-economica-coronavirus-pode-levar-5-anos\/\"},\"wordCount\":409,\"publisher\":{\"@id\":\"https:\/\/www.suno.com.br\/noticias\/#organization\"},\"image\":{\"@id\":\"https:\/\/www.suno.com.br\/noticias\/recuperacao-economica-coronavirus-pode-levar-5-anos\/#primaryimage\"},\"thumbnailUrl\":\"https:\/\/files.sunoresearch.com.br\/n\/uploads\/2020\/09\/21b5776d-banco-mundial-jpg.webp\",\"keywords\":[\"Banco Mundial\",\"coronav\u00edrus\",\"Economia\",\"Produto Interno Bruto (PIB)\"],\"articleSection\":[\"Internacional\"],\"inLanguage\":\"pt-BR\"},{\"@type\":\"WebPage\",\"@id\":\"https:\/\/www.suno.com.br\/noticias\/recuperacao-economica-coronavirus-pode-levar-5-anos\/\",\"url\":\"https:\/\/www.suno.com.br\/noticias\/recuperacao-economica-coronavirus-pode-levar-5-anos\/\",\"name\":\"Recupera\u00e7\u00e3o econ\u00f4mica p\u00f3s-coronav\u00edrus pode levar 5 anos, diz BM\",\"isPartOf\":{\"@id\":\"https:\/\/www.suno.com.br\/noticias\/#website\"},\"primaryImageOfPage\":{\"@id\":\"https:\/\/www.suno.com.br\/noticias\/recuperacao-economica-coronavirus-pode-levar-5-anos\/#primaryimage\"},\"image\":{\"@id\":\"https:\/\/www.suno.com.br\/noticias\/recuperacao-economica-coronavirus-pode-levar-5-anos\/#primaryimage\"},\"thumbnailUrl\":\"https:\/\/files.sunoresearch.com.br\/n\/uploads\/2020\/09\/21b5776d-banco-mundial-jpg.webp\",\"datePublished\":\"2020-09-17T12:20:46+00:00\",\"dateModified\":\"2020-09-17T13:32:17+00:00\",\"description\":\"Segundo o BM, a recupera\u00e7\u00e3o econ\u00f4mica global frente \u00e0 crise gerada pela pandemia do novo coronav\u00edrus pode levar at\u00e9 cinco anos. Saiba mais.\",\"breadcrumb\":{\"@id\":\"https:\/\/www.suno.com.br\/noticias\/recuperacao-economica-coronavirus-pode-levar-5-anos\/#breadcrumb\"},\"inLanguage\":\"pt-BR\",\"potentialAction\":[{\"@type\":\"ReadAction\",\"target\":[\"https:\/\/www.suno.com.br\/noticias\/recuperacao-economica-coronavirus-pode-levar-5-anos\/\"]}]},{\"@type\":\"ImageObject\",\"inLanguage\":\"pt-BR\",\"@id\":\"https:\/\/www.suno.com.br\/noticias\/recuperacao-economica-coronavirus-pode-levar-5-anos\/#primaryimage\",\"url\":\"https:\/\/files.sunoresearch.com.br\/n\/uploads\/2020\/09\/21b5776d-banco-mundial-jpg.webp\",\"contentUrl\":\"https:\/\/files.sunoresearch.com.br\/n\/uploads\/2020\/09\/21b5776d-banco-mundial-jpg.webp\",\"width\":1140,\"height\":760,\"caption\":\"Banco Mundial\"},{\"@type\":\"BreadcrumbList\",\"@id\":\"https:\/\/www.suno.com.br\/noticias\/recuperacao-economica-coronavirus-pode-levar-5-anos\/#breadcrumb\",\"itemListElement\":[{\"@type\":\"ListItem\",\"position\":1,\"name\":\"Not\u00edcias\",\"item\":\"https:\/\/www.suno.com.br\/noticias\/\"},{\"@type\":\"ListItem\",\"position\":2,\"name\":\"Internacional\",\"item\":\"https:\/\/www.suno.com.br\/noticias\/internacional\/\"},{\"@type\":\"ListItem\",\"position\":3,\"name\":\"Recupera\u00e7\u00e3o econ\u00f4mica p\u00f3s-coronav\u00edrus pode levar 5 anos, diz Banco Mundial\"}]},{\"@type\":\"WebSite\",\"@id\":\"https:\/\/www.suno.com.br\/noticias\/#website\",\"url\":\"https:\/\/www.suno.com.br\/noticias\/\",\"name\":\"Suno Not\u00edcias\",\"description\":\"Seu portal de informa\u00e7\u00e3o sobre o mundo dos investimentos\",\"publisher\":{\"@id\":\"https:\/\/www.suno.com.br\/noticias\/#organization\"},\"potentialAction\":[{\"@type\":\"SearchAction\",\"target\":{\"@type\":\"EntryPoint\",\"urlTemplate\":\"https:\/\/www.suno.com.br\/noticias\/?s={search_term_string}\"},\"query-input\":{\"@type\":\"PropertyValueSpecification\",\"valueRequired\":true,\"valueName\":\"search_term_string\"}}],\"inLanguage\":\"pt-BR\"},{\"@type\":\"Organization\",\"@id\":\"https:\/\/www.suno.com.br\/noticias\/#organization\",\"name\":\"Suno Not\u00edcias\",\"url\":\"https:\/\/www.suno.com.br\/noticias\/\",\"logo\":{\"@type\":\"ImageObject\",\"inLanguage\":\"pt-BR\",\"@id\":\"https:\/\/www.suno.com.br\/noticias\/#\/schema\/logo\/image\/\",\"url\":\"https:\/\/files.sunoresearch.com.br\/n\/uploads\/2021\/09\/suno-logo.png\",\"contentUrl\":\"https:\/\/files.sunoresearch.com.br\/n\/uploads\/2021\/09\/suno-logo.png\",\"width\":180,\"height\":180,\"caption\":\"Suno Not\u00edcias\"},\"image\":{\"@id\":\"https:\/\/www.suno.com.br\/noticias\/#\/schema\/logo\/image\/\"},\"sameAs\":[\"https:\/\/facebook.com\/sunoresearch\",\"https:\/\/x.com\/sunoresearch\",\"https:\/\/www.instagram.com\/suno\",\"https:\/\/www.linkedin.com\/company\/suno-research\/\",\"https:\/\/www.youtube.com\/c\/sunoresearch\"]},{\"@type\":\"Person\",\"@id\":\"https:\/\/www.suno.com.br\/noticias\/#\/schema\/person\/918d79de1f0281f01599b93f9ea6e23f\",\"name\":\"Jader Lazarini\",\"image\":{\"@type\":\"ImageObject\",\"inLanguage\":\"pt-BR\",\"@id\":\"https:\/\/www.suno.com.br\/noticias\/#\/schema\/person\/image\/\",\"url\":\"https:\/\/secure.gravatar.com\/avatar\/3c1ad8caa51589841baeb923fcddea97?s=96&r=g\",\"contentUrl\":\"https:\/\/secure.gravatar.com\/avatar\/3c1ad8caa51589841baeb923fcddea97?s=96&r=g\",\"caption\":\"Jader Lazarini\"},\"description\":\"Jader Lazarini escreve sobre investimentos, finan\u00e7as, economia e neg\u00f3cios. \u00c9 bacharel em Rela\u00e7\u00f5es Internacionais e analista CNPI (2619).\",\"url\":\"https:\/\/www.suno.com.br\/noticias\/author\/jader-lazarini\/\"}]}<\/script>\n<!-- \/ Yoast SEO plugin. -->","yoast_head_json":{"title":"Recupera\u00e7\u00e3o econ\u00f4mica p\u00f3s-coronav\u00edrus pode levar 5 anos, diz BM","description":"Segundo o BM, a recupera\u00e7\u00e3o econ\u00f4mica global frente \u00e0 crise gerada pela pandemia do novo coronav\u00edrus pode levar at\u00e9 cinco anos. Saiba mais.","robots":{"index":"index","follow":"follow","max-snippet":"max-snippet:-1","max-image-preview":"max-image-preview:large","max-video-preview":"max-video-preview:-1"},"canonical":"https:\/\/www.suno.com.br\/noticias\/recuperacao-economica-coronavirus-pode-levar-5-anos\/","og_locale":"pt_BR","og_type":"article","og_title":"Recupera\u00e7\u00e3o econ\u00f4mica p\u00f3s-coronav\u00edrus pode levar 5 anos, diz BM","og_description":"Segundo o BM, a recupera\u00e7\u00e3o econ\u00f4mica global frente \u00e0 crise gerada pela pandemia do novo coronav\u00edrus pode levar at\u00e9 cinco anos. Saiba mais.","og_url":"https:\/\/www.suno.com.br\/noticias\/recuperacao-economica-coronavirus-pode-levar-5-anos\/","og_site_name":"Suno Not\u00edcias","article_publisher":"https:\/\/facebook.com\/sunoresearch","og_image":[{"width":1140,"height":760,"url":"https:\/\/files.sunoresearch.com.br\/n\/uploads\/2020\/09\/21b5776d-banco-mundial.jpg","type":"image\/jpeg"}],"author":"Jader Lazarini","twitter_card":"summary_large_image","twitter_creator":"@sunoresearch","twitter_site":"@sunoresearch","twitter_misc":{"Escrito por":"Jader Lazarini","Est. tempo de leitura":"2 minutos"},"schema":{"@context":"https:\/\/schema.org","@graph":[{"@type":"NewsArticle","@id":"https:\/\/www.suno.com.br\/noticias\/recuperacao-economica-coronavirus-pode-levar-5-anos\/#article","isPartOf":{"@id":"https:\/\/www.suno.com.br\/noticias\/recuperacao-economica-coronavirus-pode-levar-5-anos\/"},"author":{"name":"Jader Lazarini","@id":"https:\/\/www.suno.com.br\/noticias\/#\/schema\/person\/918d79de1f0281f01599b93f9ea6e23f"},"headline":"Recupera\u00e7\u00e3o econ\u00f4mica p\u00f3s-coronav\u00edrus pode levar 5 anos, diz Banco Mundial","datePublished":"2020-09-17T12:20:46+00:00","dateModified":"2020-09-17T13:32:17+00:00","mainEntityOfPage":{"@id":"https:\/\/www.suno.com.br\/noticias\/recuperacao-economica-coronavirus-pode-levar-5-anos\/"},"wordCount":409,"publisher":{"@id":"https:\/\/www.suno.com.br\/noticias\/#organization"},"image":{"@id":"https:\/\/www.suno.com.br\/noticias\/recuperacao-economica-coronavirus-pode-levar-5-anos\/#primaryimage"},"thumbnailUrl":"https:\/\/files.sunoresearch.com.br\/n\/uploads\/2020\/09\/21b5776d-banco-mundial-jpg.webp","keywords":["Banco Mundial","coronav\u00edrus","Economia","Produto Interno Bruto (PIB)"],"articleSection":["Internacional"],"inLanguage":"pt-BR"},{"@type":"WebPage","@id":"https:\/\/www.suno.com.br\/noticias\/recuperacao-economica-coronavirus-pode-levar-5-anos\/","url":"https:\/\/www.suno.com.br\/noticias\/recuperacao-economica-coronavirus-pode-levar-5-anos\/","name":"Recupera\u00e7\u00e3o econ\u00f4mica p\u00f3s-coronav\u00edrus pode levar 5 anos, diz BM","isPartOf":{"@id":"https:\/\/www.suno.com.br\/noticias\/#website"},"primaryImageOfPage":{"@id":"https:\/\/www.suno.com.br\/noticias\/recuperacao-economica-coronavirus-pode-levar-5-anos\/#primaryimage"},"image":{"@id":"https:\/\/www.suno.com.br\/noticias\/recuperacao-economica-coronavirus-pode-levar-5-anos\/#primaryimage"},"thumbnailUrl":"https:\/\/files.sunoresearch.com.br\/n\/uploads\/2020\/09\/21b5776d-banco-mundial-jpg.webp","datePublished":"2020-09-17T12:20:46+00:00","dateModified":"2020-09-17T13:32:17+00:00","description":"Segundo o BM, a recupera\u00e7\u00e3o econ\u00f4mica global frente \u00e0 crise gerada pela pandemia do novo coronav\u00edrus pode levar at\u00e9 cinco anos. Saiba mais.","breadcrumb":{"@id":"https:\/\/www.suno.com.br\/noticias\/recuperacao-economica-coronavirus-pode-levar-5-anos\/#breadcrumb"},"inLanguage":"pt-BR","potentialAction":[{"@type":"ReadAction","target":["https:\/\/www.suno.com.br\/noticias\/recuperacao-economica-coronavirus-pode-levar-5-anos\/"]}]},{"@type":"ImageObject","inLanguage":"pt-BR","@id":"https:\/\/www.suno.com.br\/noticias\/recuperacao-economica-coronavirus-pode-levar-5-anos\/#primaryimage","url":"https:\/\/files.sunoresearch.com.br\/n\/uploads\/2020\/09\/21b5776d-banco-mundial-jpg.webp","contentUrl":"https:\/\/files.sunoresearch.com.br\/n\/uploads\/2020\/09\/21b5776d-banco-mundial-jpg.webp","width":1140,"height":760,"caption":"Banco Mundial"},{"@type":"BreadcrumbList","@id":"https:\/\/www.suno.com.br\/noticias\/recuperacao-economica-coronavirus-pode-levar-5-anos\/#breadcrumb","itemListElement":[{"@type":"ListItem","position":1,"name":"Not\u00edcias","item":"https:\/\/www.suno.com.br\/noticias\/"},{"@type":"ListItem","position":2,"name":"Internacional","item":"https:\/\/www.suno.com.br\/noticias\/internacional\/"},{"@type":"ListItem","position":3,"name":"Recupera\u00e7\u00e3o econ\u00f4mica p\u00f3s-coronav\u00edrus pode levar 5 anos, diz Banco Mundial"}]},{"@type":"WebSite","@id":"https:\/\/www.suno.com.br\/noticias\/#website","url":"https:\/\/www.suno.com.br\/noticias\/","name":"Suno Not\u00edcias","description":"Seu portal de informa\u00e7\u00e3o sobre o mundo dos investimentos","publisher":{"@id":"https:\/\/www.suno.com.br\/noticias\/#organization"},"potentialAction":[{"@type":"SearchAction","target":{"@type":"EntryPoint","urlTemplate":"https:\/\/www.suno.com.br\/noticias\/?s={search_term_string}"},"query-input":{"@type":"PropertyValueSpecification","valueRequired":true,"valueName":"search_term_string"}}],"inLanguage":"pt-BR"},{"@type":"Organization","@id":"https:\/\/www.suno.com.br\/noticias\/#organization","name":"Suno Not\u00edcias","url":"https:\/\/www.suno.com.br\/noticias\/","logo":{"@type":"ImageObject","inLanguage":"pt-BR","@id":"https:\/\/www.suno.com.br\/noticias\/#\/schema\/logo\/image\/","url":"https:\/\/files.sunoresearch.com.br\/n\/uploads\/2021\/09\/suno-logo.png","contentUrl":"https:\/\/files.sunoresearch.com.br\/n\/uploads\/2021\/09\/suno-logo.png","width":180,"height":180,"caption":"Suno Not\u00edcias"},"image":{"@id":"https:\/\/www.suno.com.br\/noticias\/#\/schema\/logo\/image\/"},"sameAs":["https:\/\/facebook.com\/sunoresearch","https:\/\/x.com\/sunoresearch","https:\/\/www.instagram.com\/suno","https:\/\/www.linkedin.com\/company\/suno-research\/","https:\/\/www.youtube.com\/c\/sunoresearch"]},{"@type":"Person","@id":"https:\/\/www.suno.com.br\/noticias\/#\/schema\/person\/918d79de1f0281f01599b93f9ea6e23f","name":"Jader Lazarini","image":{"@type":"ImageObject","inLanguage":"pt-BR","@id":"https:\/\/www.suno.com.br\/noticias\/#\/schema\/person\/image\/","url":"https:\/\/secure.gravatar.com\/avatar\/3c1ad8caa51589841baeb923fcddea97?s=96&r=g","contentUrl":"https:\/\/secure.gravatar.com\/avatar\/3c1ad8caa51589841baeb923fcddea97?s=96&r=g","caption":"Jader Lazarini"},"description":"Jader Lazarini escreve sobre investimentos, finan\u00e7as, economia e neg\u00f3cios. \u00c9 bacharel em Rela\u00e7\u00f5es Internacionais e analista CNPI (2619).","url":"https:\/\/www.suno.com.br\/noticias\/author\/jader-lazarini\/"}]}},"default_loop_html":"<div class=\"cardsPage__listCard__boxs\"><div class=\"cardsPage__listCard__boxs__img\"><a href=\"https:\/\/www.suno.com.br\/noticias\/recuperacao-economica-coronavirus-pode-levar-5-anos\/\"><img class=\"mask\" src=\"https:\/\/www.suno.com.br\/noticias\/wp-content\/themes\/suno\/resources\/images\/spotlight\/spotlight1img\/bg-mask.png\" alt=\"Image Mask\"\/><img src=\"https:\/\/files.sunoresearch.com.br\/n\/uploads\/2020\/09\/21b5776d-banco-mundial-400x200.webp\" alt=\"Recupera\u00e7\u00e3o econ\u00f4mica p\u00f3s-coronav\u00edrus pode levar 5 anos, diz Banco Mundial\"\/><\/a><span class=\"spotlightCategory\"><a href=\"https:\/\/www.suno.com.br\/noticias\/internacional\/\">Internacional<\/a><\/span><\/div><div class=\"cardsPage__listCard__boxs__content\"><a href=\"https:\/\/www.suno.com.br\/noticias\/recuperacao-economica-coronavirus-pode-levar-5-anos\/\"><h2 class=\"content__title\">Recupera\u00e7\u00e3o econ\u00f4mica p\u00f3s-coronav\u00edrus pode levar 5 anos, diz Banco Mundial<\/h2><\/a><div class=\"newsContent__article__meta\"><div class=\"newsContent__article__meta__authorBox\"><a href=\"https:\/\/www.suno.com.br\/noticias\/author\/jader-lazarini\/\" class=\"authorBox__avatar noMobi\"><img src=\"https:\/\/files.sunoresearch.com.br\/n\/uploads\/2021\/01\/178e6598-foto-perfil-2-150x150.jpg\" alt=\"Jader Lazarini\"><\/a><div class=\"authorBox__name\"><span>por\n\t\t\t<a href=\"https:\/\/www.suno.com.br\/noticias\/author\/jader-lazarini\/\"><span itemprop=\"author\">Jader Lazarini<\/span><\/a><\/span><time datetime=\"2020-09-17T09:20:46-03:00\" itemprop=\"datePublished\">17\/09\/2020 09:20<\/time><\/div><\/div><\/div><\/div><\/div>","single_layout":"posts","amp_enabled":true,"_links":{"self":[{"href":"https:\/\/www.suno.com.br\/noticias\/wp-json\/wp\/v2\/posts\/85330"}],"collection":[{"href":"https:\/\/www.suno.com.br\/noticias\/wp-json\/wp\/v2\/posts"}],"about":[{"href":"https:\/\/www.suno.com.br\/noticias\/wp-json\/wp\/v2\/types\/post"}],"author":[{"embeddable":true,"href":"https:\/\/www.suno.com.br\/noticias\/wp-json\/wp\/v2\/users\/24"}],"replies":[{"embeddable":true,"href":"https:\/\/www.suno.com.br\/noticias\/wp-json\/wp\/v2\/comments?post=85330"}],"version-history":[{"count":0,"href":"https:\/\/www.suno.com.br\/noticias\/wp-json\/wp\/v2\/posts\/85330\/revisions"}],"wp:featuredmedia":[{"embeddable":true,"href":"https:\/\/www.suno.com.br\/noticias\/wp-json\/wp\/v2\/media\/85332"}],"wp:attachment":[{"href":"https:\/\/www.suno.com.br\/noticias\/wp-json\/wp\/v2\/media?parent=85330"}],"wp:term":[{"taxonomy":"category","embeddable":true,"href":"https:\/\/www.suno.com.br\/noticias\/wp-json\/wp\/v2\/categories?post=85330"},{"taxonomy":"post_tag","embeddable":true,"href":"https:\/\/www.suno.com.br\/noticias\/wp-json\/wp\/v2\/tags?post=85330"},{"taxonomy":"suno_strategy","embeddable":true,"href":"https:\/\/www.suno.com.br\/noticias\/wp-json\/wp\/v2\/suno_strategy?post=85330"}],"curies":[{"name":"wp","href":"https:\/\/api.w.org\/{rel}","templated":true}]}}