{"id":85263,"date":"2020-09-16T20:21:09","date_gmt":"2020-09-16T23:21:09","guid":{"rendered":"https:\/\/www.suno.com.br\/noticias\/?p=85263"},"modified":"2020-09-16T20:21:09","modified_gmt":"2020-09-16T23:21:09","slug":"general-motors-produzira-sistemas-eletricos","status":"publish","type":"post","link":"https:\/\/www.suno.com.br\/noticias\/general-motors-produzira-sistemas-eletricos\/","title":{"rendered":"General Motors vai produzir nova linha de sistemas para ve\u00edculos el\u00e9tricos"},"content":{"rendered":"<p>A <strong>General Motors<\/strong> anunciou nesta quarta-feira (16) planos para fabricar sistemas e motores de acionamento de ve\u00edculos el\u00e9tricos, elevando a efici\u00eancia conforme avan\u00e7a para uma linha totalmente el\u00e9trica.<\/p>\t<div class=\"wrapper-featured-image\">\n\t\t<figure class=\"spotlightImg\">\n\n\t\t\t<picture>\n\t\t\t\t<source media=\"(max-width: 768px)\" srcset=\"https:\/\/files.sunoresearch.com.br\/n\/uploads\/2020\/09\/af5eb081-1200px-chevrolet_volt_was_2017_1739-400x200.webp\">\n\t\t\t\t<img loading=\"lazy\" decoding=\"async\" class=\"newsContent__article__imgCapa lazyloadDisabled \" src=\"https:\/\/files.sunoresearch.com.br\/n\/uploads\/2020\/09\/af5eb081-1200px-chevrolet_volt_was_2017_1739-jpg.webp\" width=\"800\" height=\"450\" alt=\"General Motors vai produzir nova linha de sistemas para ve\u00edculos el\u00e9tricos\" fetchpriority=high \/>\n\t\t\t<\/picture>\n\n\t\t\t<figcaption class=\"wp-caption-text wp-caption-text--show\">A General Motors fabricar\u00e1 sua pr\u00f3pria linha de sistemas e motores para ve\u00edculos el\u00e9tricos<\/figcaption>\n\t\t<\/figure>\n\t<\/div>\n\n\n<div class=\"hubspot-form-wrapper\">\n\t<div id=\"single-form-target\"><\/div>\n<\/div>\n\n<p>O movimento acompanha as iniciativas da General Motors na \u00e1rea de baterias de pr\u00f3xima gera\u00e7\u00e3o enquanto a montadora estadunidense procura construir um neg\u00f3cio de carros el\u00e9tricos, compar\u00e1vel ao da fabricante de <a href=\"https:\/\/www.suno.com.br\/tudo-sobre\/elon-musk\/\">Elon Musk<\/a> Tesla.<\/p>\n<p>De acordo com a GM, a companhia planeja produzir tr\u00eas motores e cinco unidades intermut\u00e1veis de propuls\u00e3o. O sistema batizado de \u201cUltium Drive\u201d ajudar\u00e1 a transformar todo o portf\u00f3lio da montadora em ve\u00edculos el\u00e9tricos, salientou.<\/p>\n<p><a href=\"https:\/\/lp.suno.com.br\/suno-one\/\">Suno One: acesse gratuitamente eBooks, Minicursos, Artigos e Video Aulas sobre investimentos com um \u00fanico cadastro. Clique para saber mais!<\/a><\/p>\n<p>A General Motors informou que seus novos sistemas de transmiss\u00e3o se colocam como uma sa\u00edda de energia vers\u00e1til para permitir a utiliza\u00e7\u00e3o em ve\u00edculos movidos a eletricidade.<\/p>\n<h2>GM quer futuro totalmente el\u00e9trico<\/h2>\n<p>A companhia norte-americana pretende apresentar 12 carros el\u00e9tricos at\u00e9 o ano de 2023. A marca Cadillac dever\u00e1 possuir cinco modelo, como o j\u00e1 anunciado Lyriq, primeiro ve\u00edculo movido a eletricidade da empresa. Ainda ser\u00e3o fabricados dois SUVs e outro baseado no atual Escalade, al\u00e9m de um pequeno carro de luxo, feito \u00e0 m\u00e3o.<\/p>\n<p>O segmento de produ\u00e7\u00e3o de picapes e caminh\u00f5es, GMC, ter\u00e1 dois modelos, trazendo de volta a marca Hummer: o &#8220;Hummer Truck&#8221;, com um motor de 1.000 cavalos e o &#8220;Hummer SUV&#8221;, uma variante classificada como um SUV off-road.<\/p>\n\t<div data-element=\"shortcode-read-more\" class=\"knowMore\">\n\t\t\t\t<span class=\"knowMore__title\">Veja mais<\/span>\n\t\t\t\t<a class=\"knowMore__link\" href=\"https:\/\/www.suno.com.br\/noticias\/general-motors-propoe-prorrogacao-layoff-pdv\/\">\n\t\t\tGeneral Motors prop\u00f5e extens\u00e3o de layoff e PDV em planta de SJC\t\t<\/a>\n\t<\/div>\n\n\n<p>A Chevrolet, por sua vez, apresentar\u00e1 um picape com capacidade de mais de 600 quil\u00f4metros a partir de uma carga de bateria. Al\u00e9m disso, devem ser lan\u00e7ados um SUV de tamanho m\u00e9dio para o mercado dos EUA; um crossover baseado no Chevy Bolt com o sistema de dire\u00e7\u00e3o aut\u00f4noma <strong>GM<\/strong> Super Cruise; um crossover da Buick com mais espa\u00e7o interior e outro com mais foco na forma do ve\u00edculo.<\/p>\n\t<p>\n\t\t<a href=\"https:\/\/lp.suno.com.br\/planilha-de-controle-de-investimentos\/\" target=\"_blank\" data-element=\"shortcode-suno-banner\" title=\"Banner SUNO, clique e saiba mais\">\n\t\t\t<picture>\n\t\t\t\t<source media=\"(max-width: 500px)\" srcset=\"https:\/\/files.sunoresearch.com.br\/n\/uploads\/2023\/03\/400x300-Controle-de-Investimentos.png\">\n\t\t\t\t<img class=\"newsContent__article__imgCapa newsContent__article__imgCapa--banner\"\n\t\t\t\t\tsrc=\"https:\/\/files.sunoresearch.com.br\/n\/uploads\/2023\/03\/1420x240-Controle-de-Investimentos.png\"\n\t\t\t\t\tdata-promo-id=\"75934\"\t\t\t\t\t\t\t\t\t\twidth='1420' height='240'\t\t\t\t\talt=\"https:\/\/files.sunoresearch.com.br\/n\/uploads\/2023\/03\/1420x240-Controle-de-Investimentos.png\"\n\t\t\t\t>\n\t\t\t<\/picture>\n\t\t<\/a>\n\t<\/p>\n\n\n","protected":false},"excerpt":{"rendered":"<p>A General Motors anunciou nesta quarta-feira (16) planos para fabricar sistemas e motores de acionamento de ve\u00edculos el\u00e9tricos, elevando a efici\u00eancia conforme avan\u00e7a para uma linha totalmente el\u00e9trica. A General Motors fabricar\u00e1 sua pr\u00f3pria linha de sistemas e motores para ve\u00edculos el\u00e9tricos O movimento acompanha as iniciativas da General Motors na \u00e1rea de baterias de [&hellip;]<\/p>\n","protected":false},"author":35,"featured_media":85266,"comment_status":"closed","ping_status":"closed","sticky":false,"template":"","format":"standard","meta":[],"categories":[64],"tags":[1376,1017],"suno_strategy":[],"class_list":["post-85263","post","type-post","status-publish","format-standard","has-post-thumbnail","hentry","category-negocios","tag-carros-eletricos","tag-general-motors-gmco34"],"yoast_head":"<!-- This site is optimized with the Yoast SEO plugin v24.4 - https:\/\/yoast.com\/wordpress\/plugins\/seo\/ -->\n<title>General Motors vai produzir nova linha de sistemas para ve\u00edculos el\u00e9tricos<\/title>\n<meta name=\"description\" content=\"A General Motors anunciou planos para fabricar sistemas e motores de acionamento de ve\u00edculos el\u00e9tricos. Clique para saber mais\" \/>\n<meta name=\"robots\" content=\"index, follow, max-snippet:-1, max-image-preview:large, max-video-preview:-1\" \/>\n<link rel=\"canonical\" href=\"https:\/\/www.suno.com.br\/noticias\/general-motors-produzira-sistemas-eletricos\/\" \/>\n<meta property=\"og:locale\" content=\"pt_BR\" \/>\n<meta property=\"og:type\" content=\"article\" \/>\n<meta property=\"og:title\" content=\"General Motors vai produzir nova linha de sistemas para ve\u00edculos el\u00e9tricos\" \/>\n<meta property=\"og:description\" content=\"A General Motors anunciou planos para fabricar sistemas e motores de acionamento de ve\u00edculos el\u00e9tricos. Clique para saber mais\" \/>\n<meta property=\"og:url\" content=\"https:\/\/www.suno.com.br\/noticias\/general-motors-produzira-sistemas-eletricos\/\" \/>\n<meta property=\"og:site_name\" content=\"Suno Not\u00edcias\" \/>\n<meta property=\"article:publisher\" content=\"https:\/\/facebook.com\/sunoresearch\" \/>\n<meta property=\"og:image\" content=\"https:\/\/files.sunoresearch.com.br\/n\/uploads\/2020\/09\/af5eb081-1200px-chevrolet_volt_was_2017_1739.jpg\" \/>\n\t<meta property=\"og:image:width\" content=\"570\" \/>\n\t<meta property=\"og:image:height\" content=\"380\" \/>\n\t<meta property=\"og:image:type\" content=\"image\/jpeg\" \/>\n<meta name=\"author\" content=\"Arthur Guimar\u00e3es\" \/>\n<meta name=\"twitter:card\" content=\"summary_large_image\" \/>\n<meta name=\"twitter:creator\" content=\"@sunoresearch\" \/>\n<meta name=\"twitter:site\" content=\"@sunoresearch\" \/>\n<meta name=\"twitter:label1\" content=\"Escrito por\" \/>\n\t<meta name=\"twitter:data1\" content=\"Arthur Guimar\u00e3es\" \/>\n\t<meta name=\"twitter:label2\" content=\"Est. tempo de leitura\" \/>\n\t<meta name=\"twitter:data2\" content=\"2 minutos\" \/>\n<script type=\"application\/ld+json\" class=\"yoast-schema-graph\">{\"@context\":\"https:\/\/schema.org\",\"@graph\":[{\"@type\":\"NewsArticle\",\"@id\":\"https:\/\/www.suno.com.br\/noticias\/general-motors-produzira-sistemas-eletricos\/#article\",\"isPartOf\":{\"@id\":\"https:\/\/www.suno.com.br\/noticias\/general-motors-produzira-sistemas-eletricos\/\"},\"author\":{\"name\":\"Arthur Guimar\u00e3es\",\"@id\":\"https:\/\/www.suno.com.br\/noticias\/#\/schema\/person\/053a750a709a263919a20f976caae91c\"},\"headline\":\"General Motors vai produzir nova linha de sistemas para ve\u00edculos el\u00e9tricos\",\"datePublished\":\"2020-09-16T23:21:09+00:00\",\"mainEntityOfPage\":{\"@id\":\"https:\/\/www.suno.com.br\/noticias\/general-motors-produzira-sistemas-eletricos\/\"},\"wordCount\":376,\"publisher\":{\"@id\":\"https:\/\/www.suno.com.br\/noticias\/#organization\"},\"image\":{\"@id\":\"https:\/\/www.suno.com.br\/noticias\/general-motors-produzira-sistemas-eletricos\/#primaryimage\"},\"thumbnailUrl\":\"https:\/\/files.sunoresearch.com.br\/n\/uploads\/2020\/09\/af5eb081-1200px-chevrolet_volt_was_2017_1739-jpg.webp\",\"keywords\":[\"carros el\u00e9tricos\",\"General Motors (GMCO34)\"],\"articleSection\":[\"Neg\u00f3cios\"],\"inLanguage\":\"pt-BR\"},{\"@type\":\"WebPage\",\"@id\":\"https:\/\/www.suno.com.br\/noticias\/general-motors-produzira-sistemas-eletricos\/\",\"url\":\"https:\/\/www.suno.com.br\/noticias\/general-motors-produzira-sistemas-eletricos\/\",\"name\":\"General Motors vai produzir nova linha de sistemas para ve\u00edculos el\u00e9tricos\",\"isPartOf\":{\"@id\":\"https:\/\/www.suno.com.br\/noticias\/#website\"},\"primaryImageOfPage\":{\"@id\":\"https:\/\/www.suno.com.br\/noticias\/general-motors-produzira-sistemas-eletricos\/#primaryimage\"},\"image\":{\"@id\":\"https:\/\/www.suno.com.br\/noticias\/general-motors-produzira-sistemas-eletricos\/#primaryimage\"},\"thumbnailUrl\":\"https:\/\/files.sunoresearch.com.br\/n\/uploads\/2020\/09\/af5eb081-1200px-chevrolet_volt_was_2017_1739-jpg.webp\",\"datePublished\":\"2020-09-16T23:21:09+00:00\",\"description\":\"A General Motors anunciou planos para fabricar sistemas e motores de acionamento de ve\u00edculos el\u00e9tricos. Clique para saber mais\",\"breadcrumb\":{\"@id\":\"https:\/\/www.suno.com.br\/noticias\/general-motors-produzira-sistemas-eletricos\/#breadcrumb\"},\"inLanguage\":\"pt-BR\",\"potentialAction\":[{\"@type\":\"ReadAction\",\"target\":[\"https:\/\/www.suno.com.br\/noticias\/general-motors-produzira-sistemas-eletricos\/\"]}]},{\"@type\":\"ImageObject\",\"inLanguage\":\"pt-BR\",\"@id\":\"https:\/\/www.suno.com.br\/noticias\/general-motors-produzira-sistemas-eletricos\/#primaryimage\",\"url\":\"https:\/\/files.sunoresearch.com.br\/n\/uploads\/2020\/09\/af5eb081-1200px-chevrolet_volt_was_2017_1739-jpg.webp\",\"contentUrl\":\"https:\/\/files.sunoresearch.com.br\/n\/uploads\/2020\/09\/af5eb081-1200px-chevrolet_volt_was_2017_1739-jpg.webp\",\"width\":570,\"height\":380,\"caption\":\"A General Motors fabricar\u00e1 sua pr\u00f3pria linha de sistemas e motores para ve\u00edculos el\u00e9tricos\"},{\"@type\":\"BreadcrumbList\",\"@id\":\"https:\/\/www.suno.com.br\/noticias\/general-motors-produzira-sistemas-eletricos\/#breadcrumb\",\"itemListElement\":[{\"@type\":\"ListItem\",\"position\":1,\"name\":\"Not\u00edcias\",\"item\":\"https:\/\/www.suno.com.br\/noticias\/\"},{\"@type\":\"ListItem\",\"position\":2,\"name\":\"Neg\u00f3cios\",\"item\":\"https:\/\/www.suno.com.br\/noticias\/negocios\/\"},{\"@type\":\"ListItem\",\"position\":3,\"name\":\"General Motors vai produzir nova linha de sistemas para ve\u00edculos el\u00e9tricos\"}]},{\"@type\":\"WebSite\",\"@id\":\"https:\/\/www.suno.com.br\/noticias\/#website\",\"url\":\"https:\/\/www.suno.com.br\/noticias\/\",\"name\":\"Suno Not\u00edcias\",\"description\":\"Seu portal de informa\u00e7\u00e3o sobre o mundo dos investimentos\",\"publisher\":{\"@id\":\"https:\/\/www.suno.com.br\/noticias\/#organization\"},\"potentialAction\":[{\"@type\":\"SearchAction\",\"target\":{\"@type\":\"EntryPoint\",\"urlTemplate\":\"https:\/\/www.suno.com.br\/noticias\/?s={search_term_string}\"},\"query-input\":{\"@type\":\"PropertyValueSpecification\",\"valueRequired\":true,\"valueName\":\"search_term_string\"}}],\"inLanguage\":\"pt-BR\"},{\"@type\":\"Organization\",\"@id\":\"https:\/\/www.suno.com.br\/noticias\/#organization\",\"name\":\"Suno Not\u00edcias\",\"url\":\"https:\/\/www.suno.com.br\/noticias\/\",\"logo\":{\"@type\":\"ImageObject\",\"inLanguage\":\"pt-BR\",\"@id\":\"https:\/\/www.suno.com.br\/noticias\/#\/schema\/logo\/image\/\",\"url\":\"https:\/\/files.sunoresearch.com.br\/n\/uploads\/2021\/09\/suno-logo.png\",\"contentUrl\":\"https:\/\/files.sunoresearch.com.br\/n\/uploads\/2021\/09\/suno-logo.png\",\"width\":180,\"height\":180,\"caption\":\"Suno Not\u00edcias\"},\"image\":{\"@id\":\"https:\/\/www.suno.com.br\/noticias\/#\/schema\/logo\/image\/\"},\"sameAs\":[\"https:\/\/facebook.com\/sunoresearch\",\"https:\/\/x.com\/sunoresearch\",\"https:\/\/www.instagram.com\/suno\",\"https:\/\/www.linkedin.com\/company\/suno-research\/\",\"https:\/\/www.youtube.com\/c\/sunoresearch\"]},{\"@type\":\"Person\",\"@id\":\"https:\/\/www.suno.com.br\/noticias\/#\/schema\/person\/053a750a709a263919a20f976caae91c\",\"name\":\"Arthur Guimar\u00e3es\",\"image\":{\"@type\":\"ImageObject\",\"inLanguage\":\"pt-BR\",\"@id\":\"https:\/\/www.suno.com.br\/noticias\/#\/schema\/person\/image\/\",\"url\":\"https:\/\/secure.gravatar.com\/avatar\/1affd86a11209ae09eb6dd3bcad3e96c?s=96&r=g\",\"contentUrl\":\"https:\/\/secure.gravatar.com\/avatar\/1affd86a11209ae09eb6dd3bcad3e96c?s=96&r=g\",\"caption\":\"Arthur Guimar\u00e3es\"},\"description\":\"Arthur Guimar\u00e3es escreve sobre pol\u00edtica, economia e neg\u00f3cios para o portal de not\u00edcias da Suno Research. Atualmente, \u00e9 estudante de jornalismo pela Faculdade C\u00e1sper L\u00edbero.\",\"url\":\"https:\/\/www.suno.com.br\/noticias\/author\/arthur-guimaraes\/\"}]}<\/script>\n<!-- \/ Yoast SEO plugin. -->","yoast_head_json":{"title":"General Motors vai produzir nova linha de sistemas para ve\u00edculos el\u00e9tricos","description":"A General Motors anunciou planos para fabricar sistemas e motores de acionamento de ve\u00edculos el\u00e9tricos. Clique para saber mais","robots":{"index":"index","follow":"follow","max-snippet":"max-snippet:-1","max-image-preview":"max-image-preview:large","max-video-preview":"max-video-preview:-1"},"canonical":"https:\/\/www.suno.com.br\/noticias\/general-motors-produzira-sistemas-eletricos\/","og_locale":"pt_BR","og_type":"article","og_title":"General Motors vai produzir nova linha de sistemas para ve\u00edculos el\u00e9tricos","og_description":"A General Motors anunciou planos para fabricar sistemas e motores de acionamento de ve\u00edculos el\u00e9tricos. Clique para saber mais","og_url":"https:\/\/www.suno.com.br\/noticias\/general-motors-produzira-sistemas-eletricos\/","og_site_name":"Suno Not\u00edcias","article_publisher":"https:\/\/facebook.com\/sunoresearch","og_image":[{"width":570,"height":380,"url":"https:\/\/files.sunoresearch.com.br\/n\/uploads\/2020\/09\/af5eb081-1200px-chevrolet_volt_was_2017_1739.jpg","type":"image\/jpeg"}],"author":"Arthur Guimar\u00e3es","twitter_card":"summary_large_image","twitter_creator":"@sunoresearch","twitter_site":"@sunoresearch","twitter_misc":{"Escrito por":"Arthur Guimar\u00e3es","Est. tempo de leitura":"2 minutos"},"schema":{"@context":"https:\/\/schema.org","@graph":[{"@type":"NewsArticle","@id":"https:\/\/www.suno.com.br\/noticias\/general-motors-produzira-sistemas-eletricos\/#article","isPartOf":{"@id":"https:\/\/www.suno.com.br\/noticias\/general-motors-produzira-sistemas-eletricos\/"},"author":{"name":"Arthur Guimar\u00e3es","@id":"https:\/\/www.suno.com.br\/noticias\/#\/schema\/person\/053a750a709a263919a20f976caae91c"},"headline":"General Motors vai produzir nova linha de sistemas para ve\u00edculos el\u00e9tricos","datePublished":"2020-09-16T23:21:09+00:00","mainEntityOfPage":{"@id":"https:\/\/www.suno.com.br\/noticias\/general-motors-produzira-sistemas-eletricos\/"},"wordCount":376,"publisher":{"@id":"https:\/\/www.suno.com.br\/noticias\/#organization"},"image":{"@id":"https:\/\/www.suno.com.br\/noticias\/general-motors-produzira-sistemas-eletricos\/#primaryimage"},"thumbnailUrl":"https:\/\/files.sunoresearch.com.br\/n\/uploads\/2020\/09\/af5eb081-1200px-chevrolet_volt_was_2017_1739-jpg.webp","keywords":["carros el\u00e9tricos","General Motors (GMCO34)"],"articleSection":["Neg\u00f3cios"],"inLanguage":"pt-BR"},{"@type":"WebPage","@id":"https:\/\/www.suno.com.br\/noticias\/general-motors-produzira-sistemas-eletricos\/","url":"https:\/\/www.suno.com.br\/noticias\/general-motors-produzira-sistemas-eletricos\/","name":"General Motors vai produzir nova linha de sistemas para ve\u00edculos el\u00e9tricos","isPartOf":{"@id":"https:\/\/www.suno.com.br\/noticias\/#website"},"primaryImageOfPage":{"@id":"https:\/\/www.suno.com.br\/noticias\/general-motors-produzira-sistemas-eletricos\/#primaryimage"},"image":{"@id":"https:\/\/www.suno.com.br\/noticias\/general-motors-produzira-sistemas-eletricos\/#primaryimage"},"thumbnailUrl":"https:\/\/files.sunoresearch.com.br\/n\/uploads\/2020\/09\/af5eb081-1200px-chevrolet_volt_was_2017_1739-jpg.webp","datePublished":"2020-09-16T23:21:09+00:00","description":"A General Motors anunciou planos para fabricar sistemas e motores de acionamento de ve\u00edculos el\u00e9tricos. Clique para saber mais","breadcrumb":{"@id":"https:\/\/www.suno.com.br\/noticias\/general-motors-produzira-sistemas-eletricos\/#breadcrumb"},"inLanguage":"pt-BR","potentialAction":[{"@type":"ReadAction","target":["https:\/\/www.suno.com.br\/noticias\/general-motors-produzira-sistemas-eletricos\/"]}]},{"@type":"ImageObject","inLanguage":"pt-BR","@id":"https:\/\/www.suno.com.br\/noticias\/general-motors-produzira-sistemas-eletricos\/#primaryimage","url":"https:\/\/files.sunoresearch.com.br\/n\/uploads\/2020\/09\/af5eb081-1200px-chevrolet_volt_was_2017_1739-jpg.webp","contentUrl":"https:\/\/files.sunoresearch.com.br\/n\/uploads\/2020\/09\/af5eb081-1200px-chevrolet_volt_was_2017_1739-jpg.webp","width":570,"height":380,"caption":"A General Motors fabricar\u00e1 sua pr\u00f3pria linha de sistemas e motores para ve\u00edculos el\u00e9tricos"},{"@type":"BreadcrumbList","@id":"https:\/\/www.suno.com.br\/noticias\/general-motors-produzira-sistemas-eletricos\/#breadcrumb","itemListElement":[{"@type":"ListItem","position":1,"name":"Not\u00edcias","item":"https:\/\/www.suno.com.br\/noticias\/"},{"@type":"ListItem","position":2,"name":"Neg\u00f3cios","item":"https:\/\/www.suno.com.br\/noticias\/negocios\/"},{"@type":"ListItem","position":3,"name":"General Motors vai produzir nova linha de sistemas para ve\u00edculos el\u00e9tricos"}]},{"@type":"WebSite","@id":"https:\/\/www.suno.com.br\/noticias\/#website","url":"https:\/\/www.suno.com.br\/noticias\/","name":"Suno Not\u00edcias","description":"Seu portal de informa\u00e7\u00e3o sobre o mundo dos investimentos","publisher":{"@id":"https:\/\/www.suno.com.br\/noticias\/#organization"},"potentialAction":[{"@type":"SearchAction","target":{"@type":"EntryPoint","urlTemplate":"https:\/\/www.suno.com.br\/noticias\/?s={search_term_string}"},"query-input":{"@type":"PropertyValueSpecification","valueRequired":true,"valueName":"search_term_string"}}],"inLanguage":"pt-BR"},{"@type":"Organization","@id":"https:\/\/www.suno.com.br\/noticias\/#organization","name":"Suno Not\u00edcias","url":"https:\/\/www.suno.com.br\/noticias\/","logo":{"@type":"ImageObject","inLanguage":"pt-BR","@id":"https:\/\/www.suno.com.br\/noticias\/#\/schema\/logo\/image\/","url":"https:\/\/files.sunoresearch.com.br\/n\/uploads\/2021\/09\/suno-logo.png","contentUrl":"https:\/\/files.sunoresearch.com.br\/n\/uploads\/2021\/09\/suno-logo.png","width":180,"height":180,"caption":"Suno Not\u00edcias"},"image":{"@id":"https:\/\/www.suno.com.br\/noticias\/#\/schema\/logo\/image\/"},"sameAs":["https:\/\/facebook.com\/sunoresearch","https:\/\/x.com\/sunoresearch","https:\/\/www.instagram.com\/suno","https:\/\/www.linkedin.com\/company\/suno-research\/","https:\/\/www.youtube.com\/c\/sunoresearch"]},{"@type":"Person","@id":"https:\/\/www.suno.com.br\/noticias\/#\/schema\/person\/053a750a709a263919a20f976caae91c","name":"Arthur Guimar\u00e3es","image":{"@type":"ImageObject","inLanguage":"pt-BR","@id":"https:\/\/www.suno.com.br\/noticias\/#\/schema\/person\/image\/","url":"https:\/\/secure.gravatar.com\/avatar\/1affd86a11209ae09eb6dd3bcad3e96c?s=96&r=g","contentUrl":"https:\/\/secure.gravatar.com\/avatar\/1affd86a11209ae09eb6dd3bcad3e96c?s=96&r=g","caption":"Arthur Guimar\u00e3es"},"description":"Arthur Guimar\u00e3es escreve sobre pol\u00edtica, economia e neg\u00f3cios para o portal de not\u00edcias da Suno Research. Atualmente, \u00e9 estudante de jornalismo pela Faculdade C\u00e1sper L\u00edbero.","url":"https:\/\/www.suno.com.br\/noticias\/author\/arthur-guimaraes\/"}]}},"default_loop_html":"<div class=\"cardsPage__listCard__boxs\"><div class=\"cardsPage__listCard__boxs__img\"><a href=\"https:\/\/www.suno.com.br\/noticias\/general-motors-produzira-sistemas-eletricos\/\"><img class=\"mask\" src=\"https:\/\/www.suno.com.br\/noticias\/wp-content\/themes\/suno\/resources\/images\/spotlight\/spotlight1img\/bg-mask.png\" alt=\"Image Mask\"\/><img src=\"https:\/\/files.sunoresearch.com.br\/n\/uploads\/2020\/09\/af5eb081-1200px-chevrolet_volt_was_2017_1739-400x200.webp\" alt=\"General Motors vai produzir nova linha de sistemas para ve\u00edculos el\u00e9tricos\"\/><\/a><span class=\"spotlightCategory\"><a href=\"https:\/\/www.suno.com.br\/noticias\/negocios\/\">Neg\u00f3cios<\/a><\/span><\/div><div class=\"cardsPage__listCard__boxs__content\"><a href=\"https:\/\/www.suno.com.br\/noticias\/general-motors-produzira-sistemas-eletricos\/\"><h2 class=\"content__title\">General Motors vai produzir nova linha de sistemas para ve\u00edculos el\u00e9tricos<\/h2><\/a><div class=\"newsContent__article__meta\"><div class=\"newsContent__article__meta__authorBox\"><a href=\"https:\/\/www.suno.com.br\/noticias\/author\/arthur-guimaraes\/\" class=\"authorBox__avatar noMobi\"><img src=\"https:\/\/files.sunoresearch.com.br\/n\/uploads\/2020\/02\/dfb40897-eu-150x150.webp\" alt=\"Arthur Guimar\u00e3es\"><\/a><div class=\"authorBox__name\"><span>por\n\t\t\t<a href=\"https:\/\/www.suno.com.br\/noticias\/author\/arthur-guimaraes\/\"><span itemprop=\"author\">Arthur Guimar\u00e3es<\/span><\/a><\/span><time datetime=\"2020-09-16T20:21:09-03:00\" itemprop=\"datePublished\">16\/09\/2020 20:21<\/time><\/div><\/div><\/div><\/div><\/div>","single_layout":"posts","amp_enabled":true,"_links":{"self":[{"href":"https:\/\/www.suno.com.br\/noticias\/wp-json\/wp\/v2\/posts\/85263"}],"collection":[{"href":"https:\/\/www.suno.com.br\/noticias\/wp-json\/wp\/v2\/posts"}],"about":[{"href":"https:\/\/www.suno.com.br\/noticias\/wp-json\/wp\/v2\/types\/post"}],"author":[{"embeddable":true,"href":"https:\/\/www.suno.com.br\/noticias\/wp-json\/wp\/v2\/users\/35"}],"replies":[{"embeddable":true,"href":"https:\/\/www.suno.com.br\/noticias\/wp-json\/wp\/v2\/comments?post=85263"}],"version-history":[{"count":0,"href":"https:\/\/www.suno.com.br\/noticias\/wp-json\/wp\/v2\/posts\/85263\/revisions"}],"wp:featuredmedia":[{"embeddable":true,"href":"https:\/\/www.suno.com.br\/noticias\/wp-json\/wp\/v2\/media\/85266"}],"wp:attachment":[{"href":"https:\/\/www.suno.com.br\/noticias\/wp-json\/wp\/v2\/media?parent=85263"}],"wp:term":[{"taxonomy":"category","embeddable":true,"href":"https:\/\/www.suno.com.br\/noticias\/wp-json\/wp\/v2\/categories?post=85263"},{"taxonomy":"post_tag","embeddable":true,"href":"https:\/\/www.suno.com.br\/noticias\/wp-json\/wp\/v2\/tags?post=85263"},{"taxonomy":"suno_strategy","embeddable":true,"href":"https:\/\/www.suno.com.br\/noticias\/wp-json\/wp\/v2\/suno_strategy?post=85263"}],"curies":[{"name":"wp","href":"https:\/\/api.w.org\/{rel}","templated":true}]}}