{"id":85027,"date":"2020-09-16T10:46:16","date_gmt":"2020-09-16T13:46:16","guid":{"rendered":"https:\/\/www.suno.com.br\/noticias\/?p=85027"},"modified":"2020-09-16T10:46:16","modified_gmt":"2020-09-16T13:46:16","slug":"uber-motoristas-nao-tem-vinculo-segundo-tst","status":"publish","type":"post","link":"https:\/\/www.suno.com.br\/noticias\/uber-motoristas-nao-tem-vinculo-segundo-tst\/","title":{"rendered":"Uber e motoristas n\u00e3o tem v\u00ednculo empregat\u00edcio, segundo TST"},"content":{"rendered":"<p>De acordo com o Tribunal Superior do Trabalho (TST), <strong>Uber<\/strong> (<a href=\"https:\/\/www.suno.com.br\/artigos\/nyse\/\">NYSE<\/a>: UBER) e motoristas n\u00e3o possuem nenhum v\u00ednculo empregat\u00edcio. O TST rejeitou, mais uma vez, tal reconhecimento e a decis\u00e3o foi registrada na \u00faltima sexta-feira (11).<\/p>\t<div class=\"wrapper-featured-image\">\n\t\t<figure class=\"spotlightImg\">\n\n\t\t\t<picture>\n\t\t\t\t<source media=\"(max-width: 768px)\" srcset=\"https:\/\/files.sunoresearch.com.br\/n\/uploads\/2020\/05\/800b8d69-uber-400x200.webp\">\n\t\t\t\t<img loading=\"lazy\" decoding=\"async\" class=\"newsContent__article__imgCapa lazyloadDisabled \" src=\"https:\/\/files.sunoresearch.com.br\/n\/uploads\/2020\/05\/800b8d69-uber-800x450.webp\" width=\"800\" height=\"450\" alt=\"Uber e motoristas n\u00e3o tem v\u00ednculo empregat\u00edcio, segundo TST\" fetchpriority=high \/>\n\t\t\t<\/picture>\n\n\t\t\t<figcaption class=\"wp-caption-text wp-caption-text--show\">De acordo com o Tribunal Superior do Trabalho, Uber e motoristas n\u00e3o possuem nenhum v\u00ednculo empregat\u00edcio.<\/figcaption>\n\t\t<\/figure>\n\t<\/div>\n\n\n<div class=\"hubspot-form-wrapper\">\n\t<div id=\"single-form-target\"><\/div>\n<\/div>\n\n<p>O relator do processo, Alexandre Luiz ramos, disse que a liberdade de escolha do motorista quando ele trabalha ou deixa de trabalhar entra em conflito com a <strong>Consolida\u00e7\u00e3o das Leis do Trabalho<\/strong>. Neste processo contra a Uber, n\u00e3o caber\u00e1 recurso.<\/p>\n<p>\u201cO trabalho pela plataforma tecnol\u00f3gica, e n\u00e3o para ela, n\u00e3o atende aos crit\u00e9rios definidos nos artigos 2\u00ba e 3\u00ba da CLT, pois o usu\u00e1rio-motorista pode dispor livremente quando e se disponibilizar\u00e1 seu <strong>servi\u00e7o de transporte<\/strong> para os usu\u00e1rios-clientes, sem qualquer exig\u00eancia de trabalho m\u00ednimo, de n\u00famero m\u00ednimo de viagens por per\u00edodo, de faturamento m\u00ednimo, sem qualquer fiscaliza\u00e7\u00e3o ou puni\u00e7\u00e3o por esta decis\u00e3o do motorista\u201d, disse Ramos.<\/p>\n<p><a href=\"https:\/\/lp.suno.com.br\/suno-one\/\">No Suno One voc\u00ea aprende a fazer seu dinheiro trabalhar para voc\u00ea. Cadastre-se gratuitamente agora!<\/a><\/p>\n<p>A decis\u00e3o do <strong>TST<\/strong> na \u00faltima semana \u00e9 similar a deliberada em outro processo, ocorrido em fevereiro deste ano, envolvendo um motorista de Guarulhos, em S\u00e3o Paulo. \u00c0 \u00e9poca, a decis\u00e3o tamb\u00e9m foi un\u00e2nime.<\/p>\n<p>De acordo com a empresa de compartilhamento de viagens, 500 outros casos analisados em inst\u00e2ncias regionais possuem o mesmo teor e devem seguir o mesmo caminho.<\/p>\n<h2>Na Calif\u00f3rnia, Uber deve tratar motorista como funcion\u00e1rio<\/h2>\n<p>Um juiz da Calif\u00f3rnia ordenou, no in\u00edcio de agosto que a Uber, assim como sua concorrente <strong>Lyft<\/strong> (<a href=\"https:\/\/www.suno.com.br\/artigos\/nasdaq\/\">NASDAQ<\/a>: LYFT), reclassifiquem seus motoristas como funcion\u00e1rios. Tal medida, que ainda pode ser interrompida no tribunal norte-americano, representaria o maior golpe para o modelo de neg\u00f3cios dos aplicativos de transporte.<\/p>\n<p>A decis\u00e3o \u00e9 vista como uma vit\u00f3ria para o procurador-geral da <strong>Calif\u00f3rnia<\/strong>, cujo processo, apoiado por procuradores-gerais de S\u00e3o Francisco, San Diego e Los Angeles, argumentou que os motoristas das empresas\u00a0enfrentam danos imediatos por n\u00e3o receber o mesmo tratamento, direitos e benef\u00edcios que um funcion\u00e1rio formal.<\/p>\n\t<div data-element=\"shortcode-read-more\" class=\"knowMore\">\n\t\t\t\t<span class=\"knowMore__title\">Veja tamb\u00e9m<\/span>\n\t\t\t\t<a class=\"knowMore__link\" href=\"https:\/\/www.suno.com.br\/noticias\/uber-r-50-mi-auxilio-financeiro-parceiros-reforca-seguranca-covid-19\/\">\n\t\t\tUber diz que investiu R$ 50 mi em aux\u00edlio financeiro aos parceiros durante pandemia\t\t<\/a>\n\t<\/div>\n\n\n<p>Dias depois, a Uber informou que poderia ter de encerrar as atividades na Calif\u00f3rnia caso a decis\u00e3o judicial n\u00e3o seja revertida. A companhia alegou alegou que a paralisa\u00e7\u00e3o das opera\u00e7\u00f5es seria irreparavelmente desfavor\u00e1vel, tanto para a empresa, bem como para seus colaboradores.<\/p>\n<p>O CEO da empresa, <a href=\"https:\/\/www.suno.com.br\/tudo-sobre\/dara-khosrowshahi\/\"><strong>Dara<\/strong> <strong>Khosrowshahi<\/strong><\/a>, afirmou \u00e0 CNBC que &#8220;se o tribunal n\u00e3o reconsiderar, ent\u00e3o na Calif\u00f3rnia, \u00e9 dif\u00edcil acreditar que seremos capazes de mudar nosso modelo para ter contratados em tempo integral rapidamente&#8221;.<\/p>\n<p>Em novembro, eleitores da Calif\u00f3rnia ir\u00e3o decidir sobre uma medida para isentar os trabalhadores de aplicativos, da lei citada no caso em quest\u00e3o. <strong>Uber<\/strong>, Lyft e outras empresas do setor que cresce cada vez mais no mundo, j\u00e1 dedicaram mais de US$ 100 milh\u00f5es em campanha pela isen\u00e7\u00e3o da lei.<\/p>\n\t<p>\n\t\t<a href=\"https:\/\/lp.suno.com.br\/planilha-de-controle-de-investimentos\/\" target=\"_blank\" data-element=\"shortcode-suno-banner\" title=\"Banner SUNO, clique e saiba mais\">\n\t\t\t<picture>\n\t\t\t\t<source media=\"(max-width: 500px)\" srcset=\"https:\/\/files.sunoresearch.com.br\/n\/uploads\/2023\/03\/400x300-Controle-de-Investimentos.png\">\n\t\t\t\t<img class=\"newsContent__article__imgCapa newsContent__article__imgCapa--banner\"\n\t\t\t\t\tsrc=\"https:\/\/files.sunoresearch.com.br\/n\/uploads\/2023\/03\/1420x240-Controle-de-Investimentos.png\"\n\t\t\t\t\tdata-promo-id=\"75934\"\t\t\t\t\t\t\t\t\t\twidth='1420' height='240'\t\t\t\t\talt=\"https:\/\/files.sunoresearch.com.br\/n\/uploads\/2023\/03\/1420x240-Controle-de-Investimentos.png\"\n\t\t\t\t>\n\t\t\t<\/picture>\n\t\t<\/a>\n\t<\/p>\n\n\n","protected":false},"excerpt":{"rendered":"<p>De acordo com o Tribunal Superior do Trabalho (TST), Uber (NYSE: UBER) e motoristas n\u00e3o possuem nenhum v\u00ednculo empregat\u00edcio. O TST rejeitou, mais uma vez, tal reconhecimento e a decis\u00e3o foi registrada na \u00faltima sexta-feira (11). De acordo com o Tribunal Superior do Trabalho, Uber e motoristas n\u00e3o possuem nenhum v\u00ednculo empregat\u00edcio. O relator do [&hellip;]<\/p>\n","protected":false},"author":24,"featured_media":64597,"comment_status":"closed","ping_status":"closed","sticky":false,"template":"","format":"standard","meta":[],"categories":[64],"tags":[1480,954],"suno_strategy":[],"class_list":["post-85027","post","type-post","status-publish","format-standard","has-post-thumbnail","hentry","category-negocios","tag-tst","tag-uber-u1be34"],"yoast_head":"<!-- This site is optimized with the Yoast SEO plugin v24.4 - https:\/\/yoast.com\/wordpress\/plugins\/seo\/ -->\n<title>Uber e motoristas n\u00e3o tem v\u00ednculo empregat\u00edcio, segundo TST<\/title>\n<meta name=\"description\" content=\"De acordo com o Tribunal Superior do Trabalho, Uber e motoristas n\u00e3o possuem nenhum v\u00ednculo empregat\u00edcio. Clique e saiba mais.\" \/>\n<meta name=\"robots\" content=\"index, follow, max-snippet:-1, max-image-preview:large, max-video-preview:-1\" \/>\n<link rel=\"canonical\" href=\"https:\/\/www.suno.com.br\/noticias\/uber-motoristas-nao-tem-vinculo-segundo-tst\/\" \/>\n<meta property=\"og:locale\" content=\"pt_BR\" \/>\n<meta property=\"og:type\" content=\"article\" \/>\n<meta property=\"og:title\" content=\"Uber e motoristas n\u00e3o tem v\u00ednculo empregat\u00edcio, segundo TST\" \/>\n<meta property=\"og:description\" content=\"De acordo com o Tribunal Superior do Trabalho, Uber e motoristas n\u00e3o possuem nenhum v\u00ednculo empregat\u00edcio. Clique e saiba mais.\" \/>\n<meta property=\"og:url\" content=\"https:\/\/www.suno.com.br\/noticias\/uber-motoristas-nao-tem-vinculo-segundo-tst\/\" \/>\n<meta property=\"og:site_name\" content=\"Suno Not\u00edcias\" \/>\n<meta property=\"article:publisher\" content=\"https:\/\/facebook.com\/sunoresearch\" \/>\n<meta property=\"og:image\" content=\"https:\/\/files.sunoresearch.com.br\/n\/uploads\/2020\/05\/800b8d69-uber.jpg\" \/>\n\t<meta property=\"og:image:width\" content=\"1920\" \/>\n\t<meta property=\"og:image:height\" content=\"1280\" \/>\n\t<meta property=\"og:image:type\" content=\"image\/jpeg\" \/>\n<meta name=\"author\" content=\"Jader Lazarini\" \/>\n<meta name=\"twitter:card\" content=\"summary_large_image\" \/>\n<meta name=\"twitter:creator\" content=\"@sunoresearch\" \/>\n<meta name=\"twitter:site\" content=\"@sunoresearch\" \/>\n<meta name=\"twitter:label1\" content=\"Escrito por\" \/>\n\t<meta name=\"twitter:data1\" content=\"Jader Lazarini\" \/>\n\t<meta name=\"twitter:label2\" content=\"Est. tempo de leitura\" \/>\n\t<meta name=\"twitter:data2\" content=\"3 minutos\" \/>\n<script type=\"application\/ld+json\" class=\"yoast-schema-graph\">{\"@context\":\"https:\/\/schema.org\",\"@graph\":[{\"@type\":\"NewsArticle\",\"@id\":\"https:\/\/www.suno.com.br\/noticias\/uber-motoristas-nao-tem-vinculo-segundo-tst\/#article\",\"isPartOf\":{\"@id\":\"https:\/\/www.suno.com.br\/noticias\/uber-motoristas-nao-tem-vinculo-segundo-tst\/\"},\"author\":{\"name\":\"Jader Lazarini\",\"@id\":\"https:\/\/www.suno.com.br\/noticias\/#\/schema\/person\/918d79de1f0281f01599b93f9ea6e23f\"},\"headline\":\"Uber e motoristas n\u00e3o tem v\u00ednculo empregat\u00edcio, segundo TST\",\"datePublished\":\"2020-09-16T13:46:16+00:00\",\"mainEntityOfPage\":{\"@id\":\"https:\/\/www.suno.com.br\/noticias\/uber-motoristas-nao-tem-vinculo-segundo-tst\/\"},\"wordCount\":528,\"publisher\":{\"@id\":\"https:\/\/www.suno.com.br\/noticias\/#organization\"},\"image\":{\"@id\":\"https:\/\/www.suno.com.br\/noticias\/uber-motoristas-nao-tem-vinculo-segundo-tst\/#primaryimage\"},\"thumbnailUrl\":\"https:\/\/files.sunoresearch.com.br\/n\/uploads\/2020\/05\/800b8d69-uber-jpg.webp\",\"keywords\":[\"TST\",\"Uber (U1BE34)\"],\"articleSection\":[\"Neg\u00f3cios\"],\"inLanguage\":\"pt-BR\"},{\"@type\":\"WebPage\",\"@id\":\"https:\/\/www.suno.com.br\/noticias\/uber-motoristas-nao-tem-vinculo-segundo-tst\/\",\"url\":\"https:\/\/www.suno.com.br\/noticias\/uber-motoristas-nao-tem-vinculo-segundo-tst\/\",\"name\":\"Uber e motoristas n\u00e3o tem v\u00ednculo empregat\u00edcio, segundo TST\",\"isPartOf\":{\"@id\":\"https:\/\/www.suno.com.br\/noticias\/#website\"},\"primaryImageOfPage\":{\"@id\":\"https:\/\/www.suno.com.br\/noticias\/uber-motoristas-nao-tem-vinculo-segundo-tst\/#primaryimage\"},\"image\":{\"@id\":\"https:\/\/www.suno.com.br\/noticias\/uber-motoristas-nao-tem-vinculo-segundo-tst\/#primaryimage\"},\"thumbnailUrl\":\"https:\/\/files.sunoresearch.com.br\/n\/uploads\/2020\/05\/800b8d69-uber-jpg.webp\",\"datePublished\":\"2020-09-16T13:46:16+00:00\",\"description\":\"De acordo com o Tribunal Superior do Trabalho, Uber e motoristas n\u00e3o possuem nenhum v\u00ednculo empregat\u00edcio. Clique e saiba mais.\",\"breadcrumb\":{\"@id\":\"https:\/\/www.suno.com.br\/noticias\/uber-motoristas-nao-tem-vinculo-segundo-tst\/#breadcrumb\"},\"inLanguage\":\"pt-BR\",\"potentialAction\":[{\"@type\":\"ReadAction\",\"target\":[\"https:\/\/www.suno.com.br\/noticias\/uber-motoristas-nao-tem-vinculo-segundo-tst\/\"]}]},{\"@type\":\"ImageObject\",\"inLanguage\":\"pt-BR\",\"@id\":\"https:\/\/www.suno.com.br\/noticias\/uber-motoristas-nao-tem-vinculo-segundo-tst\/#primaryimage\",\"url\":\"https:\/\/files.sunoresearch.com.br\/n\/uploads\/2020\/05\/800b8d69-uber-jpg.webp\",\"contentUrl\":\"https:\/\/files.sunoresearch.com.br\/n\/uploads\/2020\/05\/800b8d69-uber-jpg.webp\",\"width\":1920,\"height\":1280,\"caption\":\"De acordo com o Tribunal Superior do Trabalho, Uber e motoristas n\u00e3o possuem nenhum v\u00ednculo empregat\u00edcio.\"},{\"@type\":\"BreadcrumbList\",\"@id\":\"https:\/\/www.suno.com.br\/noticias\/uber-motoristas-nao-tem-vinculo-segundo-tst\/#breadcrumb\",\"itemListElement\":[{\"@type\":\"ListItem\",\"position\":1,\"name\":\"Not\u00edcias\",\"item\":\"https:\/\/www.suno.com.br\/noticias\/\"},{\"@type\":\"ListItem\",\"position\":2,\"name\":\"Neg\u00f3cios\",\"item\":\"https:\/\/www.suno.com.br\/noticias\/negocios\/\"},{\"@type\":\"ListItem\",\"position\":3,\"name\":\"Uber e motoristas n\u00e3o tem v\u00ednculo empregat\u00edcio, segundo TST\"}]},{\"@type\":\"WebSite\",\"@id\":\"https:\/\/www.suno.com.br\/noticias\/#website\",\"url\":\"https:\/\/www.suno.com.br\/noticias\/\",\"name\":\"Suno Not\u00edcias\",\"description\":\"Seu portal de informa\u00e7\u00e3o sobre o mundo dos investimentos\",\"publisher\":{\"@id\":\"https:\/\/www.suno.com.br\/noticias\/#organization\"},\"potentialAction\":[{\"@type\":\"SearchAction\",\"target\":{\"@type\":\"EntryPoint\",\"urlTemplate\":\"https:\/\/www.suno.com.br\/noticias\/?s={search_term_string}\"},\"query-input\":{\"@type\":\"PropertyValueSpecification\",\"valueRequired\":true,\"valueName\":\"search_term_string\"}}],\"inLanguage\":\"pt-BR\"},{\"@type\":\"Organization\",\"@id\":\"https:\/\/www.suno.com.br\/noticias\/#organization\",\"name\":\"Suno Not\u00edcias\",\"url\":\"https:\/\/www.suno.com.br\/noticias\/\",\"logo\":{\"@type\":\"ImageObject\",\"inLanguage\":\"pt-BR\",\"@id\":\"https:\/\/www.suno.com.br\/noticias\/#\/schema\/logo\/image\/\",\"url\":\"https:\/\/files.sunoresearch.com.br\/n\/uploads\/2021\/09\/suno-logo.png\",\"contentUrl\":\"https:\/\/files.sunoresearch.com.br\/n\/uploads\/2021\/09\/suno-logo.png\",\"width\":180,\"height\":180,\"caption\":\"Suno Not\u00edcias\"},\"image\":{\"@id\":\"https:\/\/www.suno.com.br\/noticias\/#\/schema\/logo\/image\/\"},\"sameAs\":[\"https:\/\/facebook.com\/sunoresearch\",\"https:\/\/x.com\/sunoresearch\",\"https:\/\/www.instagram.com\/suno\",\"https:\/\/www.linkedin.com\/company\/suno-research\/\",\"https:\/\/www.youtube.com\/c\/sunoresearch\"]},{\"@type\":\"Person\",\"@id\":\"https:\/\/www.suno.com.br\/noticias\/#\/schema\/person\/918d79de1f0281f01599b93f9ea6e23f\",\"name\":\"Jader Lazarini\",\"image\":{\"@type\":\"ImageObject\",\"inLanguage\":\"pt-BR\",\"@id\":\"https:\/\/www.suno.com.br\/noticias\/#\/schema\/person\/image\/\",\"url\":\"https:\/\/secure.gravatar.com\/avatar\/3c1ad8caa51589841baeb923fcddea97?s=96&r=g\",\"contentUrl\":\"https:\/\/secure.gravatar.com\/avatar\/3c1ad8caa51589841baeb923fcddea97?s=96&r=g\",\"caption\":\"Jader Lazarini\"},\"description\":\"Jader Lazarini escreve sobre investimentos, finan\u00e7as, economia e neg\u00f3cios. \u00c9 bacharel em Rela\u00e7\u00f5es Internacionais e analista CNPI (2619).\",\"url\":\"https:\/\/www.suno.com.br\/noticias\/author\/jader-lazarini\/\"}]}<\/script>\n<!-- \/ Yoast SEO plugin. -->","yoast_head_json":{"title":"Uber e motoristas n\u00e3o tem v\u00ednculo empregat\u00edcio, segundo TST","description":"De acordo com o Tribunal Superior do Trabalho, Uber e motoristas n\u00e3o possuem nenhum v\u00ednculo empregat\u00edcio. Clique e saiba mais.","robots":{"index":"index","follow":"follow","max-snippet":"max-snippet:-1","max-image-preview":"max-image-preview:large","max-video-preview":"max-video-preview:-1"},"canonical":"https:\/\/www.suno.com.br\/noticias\/uber-motoristas-nao-tem-vinculo-segundo-tst\/","og_locale":"pt_BR","og_type":"article","og_title":"Uber e motoristas n\u00e3o tem v\u00ednculo empregat\u00edcio, segundo TST","og_description":"De acordo com o Tribunal Superior do Trabalho, Uber e motoristas n\u00e3o possuem nenhum v\u00ednculo empregat\u00edcio. Clique e saiba mais.","og_url":"https:\/\/www.suno.com.br\/noticias\/uber-motoristas-nao-tem-vinculo-segundo-tst\/","og_site_name":"Suno Not\u00edcias","article_publisher":"https:\/\/facebook.com\/sunoresearch","og_image":[{"width":1920,"height":1280,"url":"https:\/\/files.sunoresearch.com.br\/n\/uploads\/2020\/05\/800b8d69-uber.jpg","type":"image\/jpeg"}],"author":"Jader Lazarini","twitter_card":"summary_large_image","twitter_creator":"@sunoresearch","twitter_site":"@sunoresearch","twitter_misc":{"Escrito por":"Jader Lazarini","Est. tempo de leitura":"3 minutos"},"schema":{"@context":"https:\/\/schema.org","@graph":[{"@type":"NewsArticle","@id":"https:\/\/www.suno.com.br\/noticias\/uber-motoristas-nao-tem-vinculo-segundo-tst\/#article","isPartOf":{"@id":"https:\/\/www.suno.com.br\/noticias\/uber-motoristas-nao-tem-vinculo-segundo-tst\/"},"author":{"name":"Jader Lazarini","@id":"https:\/\/www.suno.com.br\/noticias\/#\/schema\/person\/918d79de1f0281f01599b93f9ea6e23f"},"headline":"Uber e motoristas n\u00e3o tem v\u00ednculo empregat\u00edcio, segundo TST","datePublished":"2020-09-16T13:46:16+00:00","mainEntityOfPage":{"@id":"https:\/\/www.suno.com.br\/noticias\/uber-motoristas-nao-tem-vinculo-segundo-tst\/"},"wordCount":528,"publisher":{"@id":"https:\/\/www.suno.com.br\/noticias\/#organization"},"image":{"@id":"https:\/\/www.suno.com.br\/noticias\/uber-motoristas-nao-tem-vinculo-segundo-tst\/#primaryimage"},"thumbnailUrl":"https:\/\/files.sunoresearch.com.br\/n\/uploads\/2020\/05\/800b8d69-uber-jpg.webp","keywords":["TST","Uber (U1BE34)"],"articleSection":["Neg\u00f3cios"],"inLanguage":"pt-BR"},{"@type":"WebPage","@id":"https:\/\/www.suno.com.br\/noticias\/uber-motoristas-nao-tem-vinculo-segundo-tst\/","url":"https:\/\/www.suno.com.br\/noticias\/uber-motoristas-nao-tem-vinculo-segundo-tst\/","name":"Uber e motoristas n\u00e3o tem v\u00ednculo empregat\u00edcio, segundo TST","isPartOf":{"@id":"https:\/\/www.suno.com.br\/noticias\/#website"},"primaryImageOfPage":{"@id":"https:\/\/www.suno.com.br\/noticias\/uber-motoristas-nao-tem-vinculo-segundo-tst\/#primaryimage"},"image":{"@id":"https:\/\/www.suno.com.br\/noticias\/uber-motoristas-nao-tem-vinculo-segundo-tst\/#primaryimage"},"thumbnailUrl":"https:\/\/files.sunoresearch.com.br\/n\/uploads\/2020\/05\/800b8d69-uber-jpg.webp","datePublished":"2020-09-16T13:46:16+00:00","description":"De acordo com o Tribunal Superior do Trabalho, Uber e motoristas n\u00e3o possuem nenhum v\u00ednculo empregat\u00edcio. Clique e saiba mais.","breadcrumb":{"@id":"https:\/\/www.suno.com.br\/noticias\/uber-motoristas-nao-tem-vinculo-segundo-tst\/#breadcrumb"},"inLanguage":"pt-BR","potentialAction":[{"@type":"ReadAction","target":["https:\/\/www.suno.com.br\/noticias\/uber-motoristas-nao-tem-vinculo-segundo-tst\/"]}]},{"@type":"ImageObject","inLanguage":"pt-BR","@id":"https:\/\/www.suno.com.br\/noticias\/uber-motoristas-nao-tem-vinculo-segundo-tst\/#primaryimage","url":"https:\/\/files.sunoresearch.com.br\/n\/uploads\/2020\/05\/800b8d69-uber-jpg.webp","contentUrl":"https:\/\/files.sunoresearch.com.br\/n\/uploads\/2020\/05\/800b8d69-uber-jpg.webp","width":1920,"height":1280,"caption":"De acordo com o Tribunal Superior do Trabalho, Uber e motoristas n\u00e3o possuem nenhum v\u00ednculo empregat\u00edcio."},{"@type":"BreadcrumbList","@id":"https:\/\/www.suno.com.br\/noticias\/uber-motoristas-nao-tem-vinculo-segundo-tst\/#breadcrumb","itemListElement":[{"@type":"ListItem","position":1,"name":"Not\u00edcias","item":"https:\/\/www.suno.com.br\/noticias\/"},{"@type":"ListItem","position":2,"name":"Neg\u00f3cios","item":"https:\/\/www.suno.com.br\/noticias\/negocios\/"},{"@type":"ListItem","position":3,"name":"Uber e motoristas n\u00e3o tem v\u00ednculo empregat\u00edcio, segundo TST"}]},{"@type":"WebSite","@id":"https:\/\/www.suno.com.br\/noticias\/#website","url":"https:\/\/www.suno.com.br\/noticias\/","name":"Suno Not\u00edcias","description":"Seu portal de informa\u00e7\u00e3o sobre o mundo dos investimentos","publisher":{"@id":"https:\/\/www.suno.com.br\/noticias\/#organization"},"potentialAction":[{"@type":"SearchAction","target":{"@type":"EntryPoint","urlTemplate":"https:\/\/www.suno.com.br\/noticias\/?s={search_term_string}"},"query-input":{"@type":"PropertyValueSpecification","valueRequired":true,"valueName":"search_term_string"}}],"inLanguage":"pt-BR"},{"@type":"Organization","@id":"https:\/\/www.suno.com.br\/noticias\/#organization","name":"Suno Not\u00edcias","url":"https:\/\/www.suno.com.br\/noticias\/","logo":{"@type":"ImageObject","inLanguage":"pt-BR","@id":"https:\/\/www.suno.com.br\/noticias\/#\/schema\/logo\/image\/","url":"https:\/\/files.sunoresearch.com.br\/n\/uploads\/2021\/09\/suno-logo.png","contentUrl":"https:\/\/files.sunoresearch.com.br\/n\/uploads\/2021\/09\/suno-logo.png","width":180,"height":180,"caption":"Suno Not\u00edcias"},"image":{"@id":"https:\/\/www.suno.com.br\/noticias\/#\/schema\/logo\/image\/"},"sameAs":["https:\/\/facebook.com\/sunoresearch","https:\/\/x.com\/sunoresearch","https:\/\/www.instagram.com\/suno","https:\/\/www.linkedin.com\/company\/suno-research\/","https:\/\/www.youtube.com\/c\/sunoresearch"]},{"@type":"Person","@id":"https:\/\/www.suno.com.br\/noticias\/#\/schema\/person\/918d79de1f0281f01599b93f9ea6e23f","name":"Jader Lazarini","image":{"@type":"ImageObject","inLanguage":"pt-BR","@id":"https:\/\/www.suno.com.br\/noticias\/#\/schema\/person\/image\/","url":"https:\/\/secure.gravatar.com\/avatar\/3c1ad8caa51589841baeb923fcddea97?s=96&r=g","contentUrl":"https:\/\/secure.gravatar.com\/avatar\/3c1ad8caa51589841baeb923fcddea97?s=96&r=g","caption":"Jader Lazarini"},"description":"Jader Lazarini escreve sobre investimentos, finan\u00e7as, economia e neg\u00f3cios. \u00c9 bacharel em Rela\u00e7\u00f5es Internacionais e analista CNPI (2619).","url":"https:\/\/www.suno.com.br\/noticias\/author\/jader-lazarini\/"}]}},"default_loop_html":"<div class=\"cardsPage__listCard__boxs\"><div class=\"cardsPage__listCard__boxs__img\"><a href=\"https:\/\/www.suno.com.br\/noticias\/uber-motoristas-nao-tem-vinculo-segundo-tst\/\"><img class=\"mask\" src=\"https:\/\/www.suno.com.br\/noticias\/wp-content\/themes\/suno\/resources\/images\/spotlight\/spotlight1img\/bg-mask.png\" alt=\"Image Mask\"\/><img src=\"https:\/\/files.sunoresearch.com.br\/n\/uploads\/2020\/05\/800b8d69-uber-400x200.webp\" alt=\"Uber e motoristas n\u00e3o tem v\u00ednculo empregat\u00edcio, segundo TST\"\/><\/a><span class=\"spotlightCategory\"><a href=\"https:\/\/www.suno.com.br\/noticias\/negocios\/\">Neg\u00f3cios<\/a><\/span><\/div><div class=\"cardsPage__listCard__boxs__content\"><a href=\"https:\/\/www.suno.com.br\/noticias\/uber-motoristas-nao-tem-vinculo-segundo-tst\/\"><h2 class=\"content__title\">Uber e motoristas n\u00e3o tem v\u00ednculo empregat\u00edcio, segundo TST<\/h2><\/a><div class=\"newsContent__article__meta\"><div class=\"newsContent__article__meta__authorBox\"><a href=\"https:\/\/www.suno.com.br\/noticias\/author\/jader-lazarini\/\" class=\"authorBox__avatar noMobi\"><img src=\"https:\/\/files.sunoresearch.com.br\/n\/uploads\/2021\/01\/178e6598-foto-perfil-2-150x150.jpg\" alt=\"Jader Lazarini\"><\/a><div class=\"authorBox__name\"><span>por\n\t\t\t<a href=\"https:\/\/www.suno.com.br\/noticias\/author\/jader-lazarini\/\"><span itemprop=\"author\">Jader Lazarini<\/span><\/a><\/span><time datetime=\"2020-09-16T10:46:16-03:00\" itemprop=\"datePublished\">16\/09\/2020 10:46<\/time><\/div><\/div><\/div><\/div><\/div>","single_layout":"posts","amp_enabled":true,"_links":{"self":[{"href":"https:\/\/www.suno.com.br\/noticias\/wp-json\/wp\/v2\/posts\/85027"}],"collection":[{"href":"https:\/\/www.suno.com.br\/noticias\/wp-json\/wp\/v2\/posts"}],"about":[{"href":"https:\/\/www.suno.com.br\/noticias\/wp-json\/wp\/v2\/types\/post"}],"author":[{"embeddable":true,"href":"https:\/\/www.suno.com.br\/noticias\/wp-json\/wp\/v2\/users\/24"}],"replies":[{"embeddable":true,"href":"https:\/\/www.suno.com.br\/noticias\/wp-json\/wp\/v2\/comments?post=85027"}],"version-history":[{"count":0,"href":"https:\/\/www.suno.com.br\/noticias\/wp-json\/wp\/v2\/posts\/85027\/revisions"}],"wp:featuredmedia":[{"embeddable":true,"href":"https:\/\/www.suno.com.br\/noticias\/wp-json\/wp\/v2\/media\/64597"}],"wp:attachment":[{"href":"https:\/\/www.suno.com.br\/noticias\/wp-json\/wp\/v2\/media?parent=85027"}],"wp:term":[{"taxonomy":"category","embeddable":true,"href":"https:\/\/www.suno.com.br\/noticias\/wp-json\/wp\/v2\/categories?post=85027"},{"taxonomy":"post_tag","embeddable":true,"href":"https:\/\/www.suno.com.br\/noticias\/wp-json\/wp\/v2\/tags?post=85027"},{"taxonomy":"suno_strategy","embeddable":true,"href":"https:\/\/www.suno.com.br\/noticias\/wp-json\/wp\/v2\/suno_strategy?post=85027"}],"curies":[{"name":"wp","href":"https:\/\/api.w.org\/{rel}","templated":true}]}}