{"id":84979,"date":"2020-09-16T08:46:03","date_gmt":"2020-09-16T11:46:03","guid":{"rendered":"https:\/\/www.suno.com.br\/noticias\/?p=84979"},"modified":"2020-09-16T08:46:53","modified_gmt":"2020-09-16T11:46:53","slug":"pib-global-caira-2020-diz-ocde","status":"publish","type":"post","link":"https:\/\/www.suno.com.br\/noticias\/pib-global-caira-2020-diz-ocde\/","title":{"rendered":"PIB global cair\u00e1 4,5% em 2020, diz OCDE em nova proje\u00e7\u00e3o"},"content":{"rendered":"<p>A <a href=\"https:\/\/www.suno.com.br\/artigos\/ocde\/\">Organiza\u00e7\u00e3o para a Coopera\u00e7\u00e3o e Desenvolvimento Econ\u00f4mico (OCDE)<\/a> disse, nesta quarta-feira (16), em sua nova proje\u00e7\u00e3o, que o <a href=\"https:\/\/www.suno.com.br\/artigos\/pib-produto-interno-bruto\/\">Produto Interno Bruto (<strong>PIB<\/strong>)<\/a> global cair\u00e1 4,5% neste ano. Na estimativa anterior, a organiza\u00e7\u00e3o previa um tombo de 6%.<\/p>\t<div class=\"wrapper-featured-image\">\n\t\t<figure class=\"spotlightImg\">\n\n\t\t\t<picture>\n\t\t\t\t<source media=\"(max-width: 768px)\" srcset=\"https:\/\/files.sunoresearch.com.br\/n\/uploads\/2020\/09\/ad9364a1-economia-dolar-20150122-002-copy-400x200.webp\">\n\t\t\t\t<img loading=\"lazy\" decoding=\"async\" class=\"newsContent__article__imgCapa lazyloadDisabled \" src=\"https:\/\/files.sunoresearch.com.br\/n\/uploads\/2020\/09\/ad9364a1-economia-dolar-20150122-002-copy-800x450.webp\" width=\"800\" height=\"450\" alt=\"PIB global cair\u00e1 4,5% em 2020, diz OCDE em nova proje\u00e7\u00e3o\" fetchpriority=high \/>\n\t\t\t<\/picture>\n\n\t\t\t<figcaption class=\"wp-caption-text wp-caption-text--show\">O d\u00f3lar hoje fechou em alta de 0,771%, a R$ 5,3456<\/figcaption>\n\t\t<\/figure>\n\t<\/div>\n\n\n<div class=\"hubspot-form-wrapper\">\n\t<div id=\"single-form-target\"><\/div>\n<\/div>\n\n<p>No entanto, a <strong>OCDE<\/strong> alertou que a recupera\u00e7\u00e3o dever\u00e1 desacelerar a partir deste m\u00eas e permanecer\u00e1 vulner\u00e1vel a novos surtos do <a href=\"https:\/\/www.suno.com.br\/noticias\/?s=coronav%C3%ADrus\">novo <strong>coronav\u00edrus<\/strong> (Covid-19)<\/a>. Segundo a entidade, n\u00e3o \u00e9 fact\u00edvel esperar que uma vacina contra a doen\u00e7a esteja amplamente dispon\u00edvel antes do fim de 2021.<\/p>\n<p>Para a organiza\u00e7\u00e3o, a <strong>China<\/strong> e outras grandes economias sofrer\u00e3o danos menores do que se projetado incialmente com a pandemia, mas a situa\u00e7\u00e3o de emerg\u00eancia sanit\u00e1ria mundial ter\u00e1 um impacto maior nos pa\u00edses pobres. &#8220;O \u00edmpeto parece estar atingindo o plat\u00f4 e a confian\u00e7a permanece fraca&#8221;, afirmou Laurence Boone, economista-chefe da OCDE.<\/p>\n<p><a href=\"https:\/\/lp.suno.com.br\/suno-one\/\">Suno One: acesse gratuitamente eBooks, Minicursos, Artigos e Video Aulas sobre investimentos com um \u00fanico cadastro. Clique para saber mais!<\/a><\/p>\n<p>No caso dos<strong> Estados Unidos<\/strong>, maior pot\u00eancia econ\u00f4mica do planeta, a previs\u00e3o para este ano melhorou de -7,3% em junho para -3,8% agora. Para a <a href=\"https:\/\/www.suno.com.br\/artigos\/zona-do-euro\/\">zona do euro<\/a>, a estimativa saiu de -9,1% para -7,9%. O principal ponto da revis\u00e3o foi a estimativa para a China, que passou de contra\u00e7\u00e3o de 2,6% para um avan\u00e7o de 1,8%.<\/p>\n<p>A OCDE espera que os norte-americanos recuperem as perdas de 2020 no ano que vem, mas apenas se o Congresso fechar um novo acordo de est\u00edmulos fiscais com valor em torno de US$ 1,5 trilh\u00e3o. Os partidos Republicano e Democrata ainda est\u00e3o em desacordo sobre o tamanho do pacote &#8212; opositores de <a href=\"https:\/\/www.suno.com.br\/tudo-sobre\/donald-trump\/\">Donald Trump<\/a> dizem que o valor proposto \u00e9 insuficiente para atender as demandas da sociedade e da economia.<\/p>\n<h2>PIB de economias fracas ser\u00e1 mais impactado, diz OCDE<\/h2>\n<p>Por outro lado, pa\u00edses pobres podem sofrer um golpe maior na economia do que se imaginava em h\u00e1 tr\u00eas meses, em raz\u00e3o da continuidade da dissemina\u00e7\u00e3o da Covid-19 e por disporem de menos recursos para proteger empregos e neg\u00f3cios.<\/p>\n\t<div data-element=\"shortcode-read-more\" class=\"knowMore\">\n\t\t\t\t<span class=\"knowMore__title\">Saiba mais<\/span>\n\t\t\t\t<a class=\"knowMore__link\" href=\"https:\/\/www.suno.com.br\/noticias\/ocde-exportacoes-recuaram-1-trilhao-primeiro-semestre\/\">\n\t\t\tOCDE: exporta\u00e7\u00f5es do G20 recuaram US$ 1 trilh\u00e3o no primeiro semestre\t\t<\/a>\n\t<\/div>\n\n\n<p>A OCDE estima que a \u00cdndia, por exemplo, registrar\u00e1 uma queda de 10,2% neste ano. Em junho, a previs\u00e3o era de um recuo de 3,7%. Recentemente, a \u00cdndia ultrapassou o Brasil em n\u00famero de casos de coronav\u00edrus, com quase 4,7 milh\u00f5es de infec\u00e7\u00f5es no \u00faltimo s\u00e1bado (12), ficando atr\u00e1s apenas dos Estados Unidos. A entidade tamb\u00e9m intensificou sua estimativa de queda para o PIB da \u00c1frica do Sul, de -7,5% para -11,5%.<\/p>\n<p>Para o ano que vem, a OCDE cortou levemente sua expectativa de avan\u00e7o da economia mundial, de 5,2% para 5%. No melhor dos cen\u00e1rios, com menos restri\u00e7\u00f5es ligadas \u00e0 pandemia e uma vacina mais pr\u00f3xima de se tornar realidade, a entidade acredita que o <strong>PIB<\/strong> global possa crescer 7% ano que vem. J\u00e1 em um quadro de medidas mais severas para conter a doen\u00e7a e de adiamento de uma vacina, o mundo cresceria apenas 2,5% em 2021, prev\u00ea a organiza\u00e7\u00e3o.<\/p>\n<p>Com informa\u00e7\u00f5es do Estad\u00e3o Conte\u00fado.<\/p>\n\t<p>\n\t\t<a href=\"https:\/\/lp.suno.com.br\/planilha-de-controle-de-investimentos\/\" target=\"_blank\" data-element=\"shortcode-suno-banner\" title=\"Banner SUNO, clique e saiba mais\">\n\t\t\t<picture>\n\t\t\t\t<source media=\"(max-width: 500px)\" srcset=\"https:\/\/files.sunoresearch.com.br\/n\/uploads\/2023\/03\/400x300-Controle-de-Investimentos.png\">\n\t\t\t\t<img class=\"newsContent__article__imgCapa newsContent__article__imgCapa--banner\"\n\t\t\t\t\tsrc=\"https:\/\/files.sunoresearch.com.br\/n\/uploads\/2023\/03\/1420x240-Controle-de-Investimentos.png\"\n\t\t\t\t\tdata-promo-id=\"75934\"\t\t\t\t\t\t\t\t\t\twidth='1420' height='240'\t\t\t\t\talt=\"https:\/\/files.sunoresearch.com.br\/n\/uploads\/2023\/03\/1420x240-Controle-de-Investimentos.png\"\n\t\t\t\t>\n\t\t\t<\/picture>\n\t\t<\/a>\n\t<\/p>\n\n\n","protected":false},"excerpt":{"rendered":"<p>A Organiza\u00e7\u00e3o para a Coopera\u00e7\u00e3o e Desenvolvimento Econ\u00f4mico (OCDE) disse, nesta quarta-feira (16), em sua nova proje\u00e7\u00e3o, que o Produto Interno Bruto (PIB) global cair\u00e1 4,5% neste ano. Na estimativa anterior, a organiza\u00e7\u00e3o previa um tombo de 6%. O d\u00f3lar hoje fechou em alta de 0,771%, a R$ 5,3456 No entanto, a OCDE alertou que [&hellip;]<\/p>\n","protected":false},"author":24,"featured_media":84995,"comment_status":"closed","ping_status":"closed","sticky":false,"template":"","format":"standard","meta":[],"categories":[63],"tags":[2487,740,962,807],"suno_strategy":[],"class_list":["post-84979","post","type-post","status-publish","format-standard","has-post-thumbnail","hentry","category-internacional","tag-coronavirus","tag-economia","tag-ocde","tag-produto-interno-bruto-pib"],"yoast_head":"<!-- This site is optimized with the Yoast SEO plugin v24.4 - https:\/\/yoast.com\/wordpress\/plugins\/seo\/ -->\n<title>PIB global cair\u00e1 4,5% em 2020, diz OCDE em nova proje\u00e7\u00e3o<\/title>\n<meta name=\"description\" content=\"A OCDE disse, em sua nova proje\u00e7\u00e3o, que o Produto Interno Bruto (PIB) global cair\u00e1 4,5% neste ano. Clique aqui e saiba mais.\" \/>\n<meta name=\"robots\" content=\"index, follow, max-snippet:-1, max-image-preview:large, max-video-preview:-1\" \/>\n<link rel=\"canonical\" href=\"https:\/\/www.suno.com.br\/noticias\/pib-global-caira-2020-diz-ocde\/\" \/>\n<meta property=\"og:locale\" content=\"pt_BR\" \/>\n<meta property=\"og:type\" content=\"article\" \/>\n<meta property=\"og:title\" content=\"PIB global cair\u00e1 4,5% em 2020, diz OCDE em nova proje\u00e7\u00e3o\" \/>\n<meta property=\"og:description\" content=\"A OCDE disse, em sua nova proje\u00e7\u00e3o, que o Produto Interno Bruto (PIB) global cair\u00e1 4,5% neste ano. Clique aqui e saiba mais.\" \/>\n<meta property=\"og:url\" content=\"https:\/\/www.suno.com.br\/noticias\/pib-global-caira-2020-diz-ocde\/\" \/>\n<meta property=\"og:site_name\" content=\"Suno Not\u00edcias\" \/>\n<meta property=\"article:publisher\" content=\"https:\/\/facebook.com\/sunoresearch\" \/>\n<meta property=\"og:image\" content=\"https:\/\/files.sunoresearch.com.br\/n\/uploads\/2020\/09\/ad9364a1-economia-dolar-20150122-002-copy.jpg\" \/>\n\t<meta property=\"og:image:width\" content=\"1500\" \/>\n\t<meta property=\"og:image:height\" content=\"1000\" \/>\n\t<meta property=\"og:image:type\" content=\"image\/jpeg\" \/>\n<meta name=\"author\" content=\"Jader Lazarini\" \/>\n<meta name=\"twitter:card\" content=\"summary_large_image\" \/>\n<meta name=\"twitter:creator\" content=\"@sunoresearch\" \/>\n<meta name=\"twitter:site\" content=\"@sunoresearch\" \/>\n<meta name=\"twitter:label1\" content=\"Escrito por\" \/>\n\t<meta name=\"twitter:data1\" content=\"Jader Lazarini\" \/>\n\t<meta name=\"twitter:label2\" content=\"Est. tempo de leitura\" \/>\n\t<meta name=\"twitter:data2\" content=\"3 minutos\" \/>\n<script type=\"application\/ld+json\" class=\"yoast-schema-graph\">{\"@context\":\"https:\/\/schema.org\",\"@graph\":[{\"@type\":\"NewsArticle\",\"@id\":\"https:\/\/www.suno.com.br\/noticias\/pib-global-caira-2020-diz-ocde\/#article\",\"isPartOf\":{\"@id\":\"https:\/\/www.suno.com.br\/noticias\/pib-global-caira-2020-diz-ocde\/\"},\"author\":{\"name\":\"Jader Lazarini\",\"@id\":\"https:\/\/www.suno.com.br\/noticias\/#\/schema\/person\/918d79de1f0281f01599b93f9ea6e23f\"},\"headline\":\"PIB global cair\u00e1 4,5% em 2020, diz OCDE em nova proje\u00e7\u00e3o\",\"datePublished\":\"2020-09-16T11:46:03+00:00\",\"dateModified\":\"2020-09-16T11:46:53+00:00\",\"mainEntityOfPage\":{\"@id\":\"https:\/\/www.suno.com.br\/noticias\/pib-global-caira-2020-diz-ocde\/\"},\"wordCount\":551,\"publisher\":{\"@id\":\"https:\/\/www.suno.com.br\/noticias\/#organization\"},\"image\":{\"@id\":\"https:\/\/www.suno.com.br\/noticias\/pib-global-caira-2020-diz-ocde\/#primaryimage\"},\"thumbnailUrl\":\"https:\/\/files.sunoresearch.com.br\/n\/uploads\/2020\/09\/ad9364a1-economia-dolar-20150122-002-copy-jpg.webp\",\"keywords\":[\"coronav\u00edrus\",\"Economia\",\"OCDE\",\"Produto Interno Bruto (PIB)\"],\"articleSection\":[\"Internacional\"],\"inLanguage\":\"pt-BR\"},{\"@type\":\"WebPage\",\"@id\":\"https:\/\/www.suno.com.br\/noticias\/pib-global-caira-2020-diz-ocde\/\",\"url\":\"https:\/\/www.suno.com.br\/noticias\/pib-global-caira-2020-diz-ocde\/\",\"name\":\"PIB global cair\u00e1 4,5% em 2020, diz OCDE em nova proje\u00e7\u00e3o\",\"isPartOf\":{\"@id\":\"https:\/\/www.suno.com.br\/noticias\/#website\"},\"primaryImageOfPage\":{\"@id\":\"https:\/\/www.suno.com.br\/noticias\/pib-global-caira-2020-diz-ocde\/#primaryimage\"},\"image\":{\"@id\":\"https:\/\/www.suno.com.br\/noticias\/pib-global-caira-2020-diz-ocde\/#primaryimage\"},\"thumbnailUrl\":\"https:\/\/files.sunoresearch.com.br\/n\/uploads\/2020\/09\/ad9364a1-economia-dolar-20150122-002-copy-jpg.webp\",\"datePublished\":\"2020-09-16T11:46:03+00:00\",\"dateModified\":\"2020-09-16T11:46:53+00:00\",\"description\":\"A OCDE disse, em sua nova proje\u00e7\u00e3o, que o Produto Interno Bruto (PIB) global cair\u00e1 4,5% neste ano. Clique aqui e saiba mais.\",\"breadcrumb\":{\"@id\":\"https:\/\/www.suno.com.br\/noticias\/pib-global-caira-2020-diz-ocde\/#breadcrumb\"},\"inLanguage\":\"pt-BR\",\"potentialAction\":[{\"@type\":\"ReadAction\",\"target\":[\"https:\/\/www.suno.com.br\/noticias\/pib-global-caira-2020-diz-ocde\/\"]}]},{\"@type\":\"ImageObject\",\"inLanguage\":\"pt-BR\",\"@id\":\"https:\/\/www.suno.com.br\/noticias\/pib-global-caira-2020-diz-ocde\/#primaryimage\",\"url\":\"https:\/\/files.sunoresearch.com.br\/n\/uploads\/2020\/09\/ad9364a1-economia-dolar-20150122-002-copy-jpg.webp\",\"contentUrl\":\"https:\/\/files.sunoresearch.com.br\/n\/uploads\/2020\/09\/ad9364a1-economia-dolar-20150122-002-copy-jpg.webp\",\"width\":1500,\"height\":1000,\"caption\":\"O d\u00f3lar hoje fechou em alta de 0,771%, a R$ 5,3456\"},{\"@type\":\"BreadcrumbList\",\"@id\":\"https:\/\/www.suno.com.br\/noticias\/pib-global-caira-2020-diz-ocde\/#breadcrumb\",\"itemListElement\":[{\"@type\":\"ListItem\",\"position\":1,\"name\":\"Not\u00edcias\",\"item\":\"https:\/\/www.suno.com.br\/noticias\/\"},{\"@type\":\"ListItem\",\"position\":2,\"name\":\"Internacional\",\"item\":\"https:\/\/www.suno.com.br\/noticias\/internacional\/\"},{\"@type\":\"ListItem\",\"position\":3,\"name\":\"PIB global cair\u00e1 4,5% em 2020, diz OCDE em nova proje\u00e7\u00e3o\"}]},{\"@type\":\"WebSite\",\"@id\":\"https:\/\/www.suno.com.br\/noticias\/#website\",\"url\":\"https:\/\/www.suno.com.br\/noticias\/\",\"name\":\"Suno Not\u00edcias\",\"description\":\"Seu portal de informa\u00e7\u00e3o sobre o mundo dos investimentos\",\"publisher\":{\"@id\":\"https:\/\/www.suno.com.br\/noticias\/#organization\"},\"potentialAction\":[{\"@type\":\"SearchAction\",\"target\":{\"@type\":\"EntryPoint\",\"urlTemplate\":\"https:\/\/www.suno.com.br\/noticias\/?s={search_term_string}\"},\"query-input\":{\"@type\":\"PropertyValueSpecification\",\"valueRequired\":true,\"valueName\":\"search_term_string\"}}],\"inLanguage\":\"pt-BR\"},{\"@type\":\"Organization\",\"@id\":\"https:\/\/www.suno.com.br\/noticias\/#organization\",\"name\":\"Suno Not\u00edcias\",\"url\":\"https:\/\/www.suno.com.br\/noticias\/\",\"logo\":{\"@type\":\"ImageObject\",\"inLanguage\":\"pt-BR\",\"@id\":\"https:\/\/www.suno.com.br\/noticias\/#\/schema\/logo\/image\/\",\"url\":\"https:\/\/files.sunoresearch.com.br\/n\/uploads\/2021\/09\/suno-logo.png\",\"contentUrl\":\"https:\/\/files.sunoresearch.com.br\/n\/uploads\/2021\/09\/suno-logo.png\",\"width\":180,\"height\":180,\"caption\":\"Suno Not\u00edcias\"},\"image\":{\"@id\":\"https:\/\/www.suno.com.br\/noticias\/#\/schema\/logo\/image\/\"},\"sameAs\":[\"https:\/\/facebook.com\/sunoresearch\",\"https:\/\/x.com\/sunoresearch\",\"https:\/\/www.instagram.com\/suno\",\"https:\/\/www.linkedin.com\/company\/suno-research\/\",\"https:\/\/www.youtube.com\/c\/sunoresearch\"]},{\"@type\":\"Person\",\"@id\":\"https:\/\/www.suno.com.br\/noticias\/#\/schema\/person\/918d79de1f0281f01599b93f9ea6e23f\",\"name\":\"Jader Lazarini\",\"image\":{\"@type\":\"ImageObject\",\"inLanguage\":\"pt-BR\",\"@id\":\"https:\/\/www.suno.com.br\/noticias\/#\/schema\/person\/image\/\",\"url\":\"https:\/\/secure.gravatar.com\/avatar\/3c1ad8caa51589841baeb923fcddea97?s=96&r=g\",\"contentUrl\":\"https:\/\/secure.gravatar.com\/avatar\/3c1ad8caa51589841baeb923fcddea97?s=96&r=g\",\"caption\":\"Jader Lazarini\"},\"description\":\"Jader Lazarini escreve sobre investimentos, finan\u00e7as, economia e neg\u00f3cios. \u00c9 bacharel em Rela\u00e7\u00f5es Internacionais e analista CNPI (2619).\",\"url\":\"https:\/\/www.suno.com.br\/noticias\/author\/jader-lazarini\/\"}]}<\/script>\n<!-- \/ Yoast SEO plugin. -->","yoast_head_json":{"title":"PIB global cair\u00e1 4,5% em 2020, diz OCDE em nova proje\u00e7\u00e3o","description":"A OCDE disse, em sua nova proje\u00e7\u00e3o, que o Produto Interno Bruto (PIB) global cair\u00e1 4,5% neste ano. Clique aqui e saiba mais.","robots":{"index":"index","follow":"follow","max-snippet":"max-snippet:-1","max-image-preview":"max-image-preview:large","max-video-preview":"max-video-preview:-1"},"canonical":"https:\/\/www.suno.com.br\/noticias\/pib-global-caira-2020-diz-ocde\/","og_locale":"pt_BR","og_type":"article","og_title":"PIB global cair\u00e1 4,5% em 2020, diz OCDE em nova proje\u00e7\u00e3o","og_description":"A OCDE disse, em sua nova proje\u00e7\u00e3o, que o Produto Interno Bruto (PIB) global cair\u00e1 4,5% neste ano. Clique aqui e saiba mais.","og_url":"https:\/\/www.suno.com.br\/noticias\/pib-global-caira-2020-diz-ocde\/","og_site_name":"Suno Not\u00edcias","article_publisher":"https:\/\/facebook.com\/sunoresearch","og_image":[{"width":1500,"height":1000,"url":"https:\/\/files.sunoresearch.com.br\/n\/uploads\/2020\/09\/ad9364a1-economia-dolar-20150122-002-copy.jpg","type":"image\/jpeg"}],"author":"Jader Lazarini","twitter_card":"summary_large_image","twitter_creator":"@sunoresearch","twitter_site":"@sunoresearch","twitter_misc":{"Escrito por":"Jader Lazarini","Est. tempo de leitura":"3 minutos"},"schema":{"@context":"https:\/\/schema.org","@graph":[{"@type":"NewsArticle","@id":"https:\/\/www.suno.com.br\/noticias\/pib-global-caira-2020-diz-ocde\/#article","isPartOf":{"@id":"https:\/\/www.suno.com.br\/noticias\/pib-global-caira-2020-diz-ocde\/"},"author":{"name":"Jader Lazarini","@id":"https:\/\/www.suno.com.br\/noticias\/#\/schema\/person\/918d79de1f0281f01599b93f9ea6e23f"},"headline":"PIB global cair\u00e1 4,5% em 2020, diz OCDE em nova proje\u00e7\u00e3o","datePublished":"2020-09-16T11:46:03+00:00","dateModified":"2020-09-16T11:46:53+00:00","mainEntityOfPage":{"@id":"https:\/\/www.suno.com.br\/noticias\/pib-global-caira-2020-diz-ocde\/"},"wordCount":551,"publisher":{"@id":"https:\/\/www.suno.com.br\/noticias\/#organization"},"image":{"@id":"https:\/\/www.suno.com.br\/noticias\/pib-global-caira-2020-diz-ocde\/#primaryimage"},"thumbnailUrl":"https:\/\/files.sunoresearch.com.br\/n\/uploads\/2020\/09\/ad9364a1-economia-dolar-20150122-002-copy-jpg.webp","keywords":["coronav\u00edrus","Economia","OCDE","Produto Interno Bruto (PIB)"],"articleSection":["Internacional"],"inLanguage":"pt-BR"},{"@type":"WebPage","@id":"https:\/\/www.suno.com.br\/noticias\/pib-global-caira-2020-diz-ocde\/","url":"https:\/\/www.suno.com.br\/noticias\/pib-global-caira-2020-diz-ocde\/","name":"PIB global cair\u00e1 4,5% em 2020, diz OCDE em nova proje\u00e7\u00e3o","isPartOf":{"@id":"https:\/\/www.suno.com.br\/noticias\/#website"},"primaryImageOfPage":{"@id":"https:\/\/www.suno.com.br\/noticias\/pib-global-caira-2020-diz-ocde\/#primaryimage"},"image":{"@id":"https:\/\/www.suno.com.br\/noticias\/pib-global-caira-2020-diz-ocde\/#primaryimage"},"thumbnailUrl":"https:\/\/files.sunoresearch.com.br\/n\/uploads\/2020\/09\/ad9364a1-economia-dolar-20150122-002-copy-jpg.webp","datePublished":"2020-09-16T11:46:03+00:00","dateModified":"2020-09-16T11:46:53+00:00","description":"A OCDE disse, em sua nova proje\u00e7\u00e3o, que o Produto Interno Bruto (PIB) global cair\u00e1 4,5% neste ano. Clique aqui e saiba mais.","breadcrumb":{"@id":"https:\/\/www.suno.com.br\/noticias\/pib-global-caira-2020-diz-ocde\/#breadcrumb"},"inLanguage":"pt-BR","potentialAction":[{"@type":"ReadAction","target":["https:\/\/www.suno.com.br\/noticias\/pib-global-caira-2020-diz-ocde\/"]}]},{"@type":"ImageObject","inLanguage":"pt-BR","@id":"https:\/\/www.suno.com.br\/noticias\/pib-global-caira-2020-diz-ocde\/#primaryimage","url":"https:\/\/files.sunoresearch.com.br\/n\/uploads\/2020\/09\/ad9364a1-economia-dolar-20150122-002-copy-jpg.webp","contentUrl":"https:\/\/files.sunoresearch.com.br\/n\/uploads\/2020\/09\/ad9364a1-economia-dolar-20150122-002-copy-jpg.webp","width":1500,"height":1000,"caption":"O d\u00f3lar hoje fechou em alta de 0,771%, a R$ 5,3456"},{"@type":"BreadcrumbList","@id":"https:\/\/www.suno.com.br\/noticias\/pib-global-caira-2020-diz-ocde\/#breadcrumb","itemListElement":[{"@type":"ListItem","position":1,"name":"Not\u00edcias","item":"https:\/\/www.suno.com.br\/noticias\/"},{"@type":"ListItem","position":2,"name":"Internacional","item":"https:\/\/www.suno.com.br\/noticias\/internacional\/"},{"@type":"ListItem","position":3,"name":"PIB global cair\u00e1 4,5% em 2020, diz OCDE em nova proje\u00e7\u00e3o"}]},{"@type":"WebSite","@id":"https:\/\/www.suno.com.br\/noticias\/#website","url":"https:\/\/www.suno.com.br\/noticias\/","name":"Suno Not\u00edcias","description":"Seu portal de informa\u00e7\u00e3o sobre o mundo dos investimentos","publisher":{"@id":"https:\/\/www.suno.com.br\/noticias\/#organization"},"potentialAction":[{"@type":"SearchAction","target":{"@type":"EntryPoint","urlTemplate":"https:\/\/www.suno.com.br\/noticias\/?s={search_term_string}"},"query-input":{"@type":"PropertyValueSpecification","valueRequired":true,"valueName":"search_term_string"}}],"inLanguage":"pt-BR"},{"@type":"Organization","@id":"https:\/\/www.suno.com.br\/noticias\/#organization","name":"Suno Not\u00edcias","url":"https:\/\/www.suno.com.br\/noticias\/","logo":{"@type":"ImageObject","inLanguage":"pt-BR","@id":"https:\/\/www.suno.com.br\/noticias\/#\/schema\/logo\/image\/","url":"https:\/\/files.sunoresearch.com.br\/n\/uploads\/2021\/09\/suno-logo.png","contentUrl":"https:\/\/files.sunoresearch.com.br\/n\/uploads\/2021\/09\/suno-logo.png","width":180,"height":180,"caption":"Suno Not\u00edcias"},"image":{"@id":"https:\/\/www.suno.com.br\/noticias\/#\/schema\/logo\/image\/"},"sameAs":["https:\/\/facebook.com\/sunoresearch","https:\/\/x.com\/sunoresearch","https:\/\/www.instagram.com\/suno","https:\/\/www.linkedin.com\/company\/suno-research\/","https:\/\/www.youtube.com\/c\/sunoresearch"]},{"@type":"Person","@id":"https:\/\/www.suno.com.br\/noticias\/#\/schema\/person\/918d79de1f0281f01599b93f9ea6e23f","name":"Jader Lazarini","image":{"@type":"ImageObject","inLanguage":"pt-BR","@id":"https:\/\/www.suno.com.br\/noticias\/#\/schema\/person\/image\/","url":"https:\/\/secure.gravatar.com\/avatar\/3c1ad8caa51589841baeb923fcddea97?s=96&r=g","contentUrl":"https:\/\/secure.gravatar.com\/avatar\/3c1ad8caa51589841baeb923fcddea97?s=96&r=g","caption":"Jader Lazarini"},"description":"Jader Lazarini escreve sobre investimentos, finan\u00e7as, economia e neg\u00f3cios. \u00c9 bacharel em Rela\u00e7\u00f5es Internacionais e analista CNPI (2619).","url":"https:\/\/www.suno.com.br\/noticias\/author\/jader-lazarini\/"}]}},"default_loop_html":"<div class=\"cardsPage__listCard__boxs\"><div class=\"cardsPage__listCard__boxs__img\"><a href=\"https:\/\/www.suno.com.br\/noticias\/pib-global-caira-2020-diz-ocde\/\"><img class=\"mask\" src=\"https:\/\/www.suno.com.br\/noticias\/wp-content\/themes\/suno\/resources\/images\/spotlight\/spotlight1img\/bg-mask.png\" alt=\"Image Mask\"\/><img src=\"https:\/\/files.sunoresearch.com.br\/n\/uploads\/2020\/09\/ad9364a1-economia-dolar-20150122-002-copy-400x200.webp\" alt=\"PIB global cair\u00e1 4,5% em 2020, diz OCDE em nova proje\u00e7\u00e3o\"\/><\/a><span class=\"spotlightCategory\"><a href=\"https:\/\/www.suno.com.br\/noticias\/internacional\/\">Internacional<\/a><\/span><\/div><div class=\"cardsPage__listCard__boxs__content\"><a href=\"https:\/\/www.suno.com.br\/noticias\/pib-global-caira-2020-diz-ocde\/\"><h2 class=\"content__title\">PIB global cair\u00e1 4,5% em 2020, diz OCDE em nova proje\u00e7\u00e3o<\/h2><\/a><div class=\"newsContent__article__meta\"><div class=\"newsContent__article__meta__authorBox\"><a href=\"https:\/\/www.suno.com.br\/noticias\/author\/jader-lazarini\/\" class=\"authorBox__avatar noMobi\"><img src=\"https:\/\/files.sunoresearch.com.br\/n\/uploads\/2021\/01\/178e6598-foto-perfil-2-150x150.jpg\" alt=\"Jader Lazarini\"><\/a><div class=\"authorBox__name\"><span>por\n\t\t\t<a href=\"https:\/\/www.suno.com.br\/noticias\/author\/jader-lazarini\/\"><span itemprop=\"author\">Jader Lazarini<\/span><\/a><\/span><time datetime=\"2020-09-16T08:46:03-03:00\" itemprop=\"datePublished\">16\/09\/2020 08:46<\/time><\/div><\/div><\/div><\/div><\/div>","single_layout":"posts","amp_enabled":true,"_links":{"self":[{"href":"https:\/\/www.suno.com.br\/noticias\/wp-json\/wp\/v2\/posts\/84979"}],"collection":[{"href":"https:\/\/www.suno.com.br\/noticias\/wp-json\/wp\/v2\/posts"}],"about":[{"href":"https:\/\/www.suno.com.br\/noticias\/wp-json\/wp\/v2\/types\/post"}],"author":[{"embeddable":true,"href":"https:\/\/www.suno.com.br\/noticias\/wp-json\/wp\/v2\/users\/24"}],"replies":[{"embeddable":true,"href":"https:\/\/www.suno.com.br\/noticias\/wp-json\/wp\/v2\/comments?post=84979"}],"version-history":[{"count":0,"href":"https:\/\/www.suno.com.br\/noticias\/wp-json\/wp\/v2\/posts\/84979\/revisions"}],"wp:featuredmedia":[{"embeddable":true,"href":"https:\/\/www.suno.com.br\/noticias\/wp-json\/wp\/v2\/media\/84995"}],"wp:attachment":[{"href":"https:\/\/www.suno.com.br\/noticias\/wp-json\/wp\/v2\/media?parent=84979"}],"wp:term":[{"taxonomy":"category","embeddable":true,"href":"https:\/\/www.suno.com.br\/noticias\/wp-json\/wp\/v2\/categories?post=84979"},{"taxonomy":"post_tag","embeddable":true,"href":"https:\/\/www.suno.com.br\/noticias\/wp-json\/wp\/v2\/tags?post=84979"},{"taxonomy":"suno_strategy","embeddable":true,"href":"https:\/\/www.suno.com.br\/noticias\/wp-json\/wp\/v2\/suno_strategy?post=84979"}],"curies":[{"name":"wp","href":"https:\/\/api.w.org\/{rel}","templated":true}]}}