{"id":84961,"date":"2020-09-16T08:12:15","date_gmt":"2020-09-16T11:12:15","guid":{"rendered":"https:\/\/www.suno.com.br\/noticias\/?p=84961"},"modified":"2020-09-16T08:23:39","modified_gmt":"2020-09-16T11:23:39","slug":"plano-plano-precifica-ipo-9-40-por-acao","status":"publish","type":"post","link":"https:\/\/www.suno.com.br\/noticias\/plano-plano-precifica-ipo-9-40-por-acao\/","title":{"rendered":"Plano &#038; Plano (PLPL3), da Cyrela (CYRE3), precifica IPO em R$ 9,40 por a\u00e7\u00e3o"},"content":{"rendered":"<p>O Conselho de Administra\u00e7\u00e3o da <strong>Plano &amp; Plano<\/strong>, subsidi\u00e1ria da <a href=\"https:\/\/www.suno.com.br\/acoes\/cyre3\/\">Cyrela (CYRE3)<\/a>, aprovou o pre\u00e7o de R$ 9,40 por a\u00e7\u00e3o no processo da <a href=\"https:\/\/www.suno.com.br\/artigos\/ipo\/\">oferta p\u00fablica inicial de a\u00e7\u00f5es (IPO<\/a>, na sigla em ingl\u00eas) da empresa na <a href=\"https:\/\/www.suno.com.br\/artigos\/b3\/\">Bolsa de Valores de S\u00e3o Paulo (B3)<\/a>. A informa\u00e7\u00e3o foi revelada pela empresa na noite da \u00faltima ter\u00e7a-feira (15).<\/p>\t<div class=\"wrapper-featured-image\">\n\t\t<figure class=\"spotlightImg\">\n\n\t\t\t<picture>\n\t\t\t\t<source media=\"(max-width: 768px)\" srcset=\"https:\/\/files.sunoresearch.com.br\/n\/uploads\/2020\/09\/e560dd38-canuto_casas_abr181219img_04464901-400x200.webp\">\n\t\t\t\t<img loading=\"lazy\" decoding=\"async\" class=\"newsContent__article__imgCapa lazyloadDisabled \" src=\"https:\/\/files.sunoresearch.com.br\/n\/uploads\/2020\/09\/e560dd38-canuto_casas_abr181219img_04464901-800x450.webp\" width=\"800\" height=\"450\" alt=\"Plano &#038; Plano (PLPL3), da Cyrela (CYRE3), precifica IPO em R$ 9,40 por a\u00e7\u00e3o\" fetchpriority=high \/>\n\t\t\t<\/picture>\n\n\t\t\t<figcaption class=\"wp-caption-text wp-caption-text--show\">Cyrela (CYRE3). Foto: Divulga\u00e7\u00e3o<\/figcaption>\n\t\t<\/figure>\n\t<\/div>\n\n\n<div class=\"hubspot-form-wrapper\">\n\t<div id=\"single-form-target\"><\/div>\n<\/div>\n\n<p>No \u00e2mbito da abertura de capital, ser\u00e3o ofertadas 4.256.000 de a\u00e7\u00f5es ordin\u00e1rias prim\u00e1rias, quando os recursos s\u00e3o direcionados para o caixa da empresa. Tamb\u00e9m ser\u00e3o ofertadas cerca de 69 milh\u00f5es de a\u00e7\u00f5es secund\u00e1rias, quando atuais acionistas alienam parte de suas participa\u00e7\u00f5es na empresa. Al\u00e9m da pr\u00f3pria <strong>Cyrela<\/strong>, est\u00e3o vendendo pap\u00e9is da construtora <strong>Rodrigo Uchoa Luna<\/strong> e <strong>Rodrigo Fairbanks Von Uhlendorff<\/strong>, atuais s\u00f3cios e que permanecer\u00e3o controladores ap\u00f3s a oferta.<\/p>\n<p>O valor definido pelo Conselho da Plano &amp; Plano ficou abaixo da faixa indicativa do pre\u00e7o apresentada no prospecto da oferta, que ia de R$ 11,25 a R$ 15,25. A estreia da empresa na bolsa brasileira ocorrer\u00e1 na pr\u00f3xima quinta-feira (17) sob o ticker &#8220;<strong>PLPL3<\/strong>&#8220;.<\/p>\n<p><a href=\"https:\/\/lp.suno.com.br\/suno-one\/\">Suno One: acesse gratuitamente eBooks, Minicursos, Artigos e Video Aulas sobre investimentos com um \u00fanico cadastro. Clique para saber mais!<\/a><\/p>\n<p>Dessa forma, portanto, o <strong>IPO<\/strong> da Cyrela movimentar\u00e1 cerca de R$ 690 milh\u00f5es, sendo a 13\u00aa empresa a abrir capital neste ano. O volume financeiro total movimentado na B3 com os IPOs em 2020 foi, at\u00e9 o momento, de R$ 15,6 bilh\u00f5es &#8212; R$ 8,8 bilh\u00f5es por meio de ofertas prim\u00e1rias, al\u00e9m de R$ 6,8 bilh\u00f5es por meio de ofertas secund\u00e1rias.<\/p>\n<p>Tamb\u00e9m foi aprovado o aumento do<a href=\"https:\/\/www.suno.com.br\/artigos\/capital-social\/\"> capital social<\/a> da companhia, dentro do limite autorizado, no montante de R$ 40 milh\u00f5es, passando de R$ 60,221 milh\u00f5es para R$ 100,228 milh\u00f5es. Os bancos coordenadores da oferta foram:<\/p>\n<ul>\n<li>Ita\u00fa BBA;<\/li>\n<li>BTG Pactual;<\/li>\n<li>Bradesco BBI;<\/li>\n<li>Morgan Stanley;<\/li>\n<li>Caixa.<\/li>\n<\/ul>\n<p>A empresa que opera com foco no programa governamental <strong>Minha Casa, Minha Vida<\/strong> pretende utilizar 60% dos recursos levantados na oferta prim\u00e1ria para o capital de giro da empresa. O restante, aproximadamente R$ 16 milh\u00f5es, ser\u00e3o destinados para a compra de novos terrenos.<\/p>\n<h2>Breve hist\u00f3rico da Plano &amp; Plano<\/h2>\n<p>A Plano &amp; Plano foi criada em S\u00e3o Paulo (capital), em 1997, por Rodrigo Luna. No mesmo ano, Rodrigo Fairbank von Uhlendorff tamb\u00e9m ingressou no quadro de acionistas.<\/p>\n\t<div data-element=\"shortcode-read-more\" class=\"knowMore\">\n\t\t\t\t<span class=\"knowMore__title\">Saiba mais<\/span>\n\t\t\t\t<a class=\"knowMore__link\" href=\"https:\/\/www.suno.com.br\/noticias\/80635-2\/\">\n\t\t\tPlano &amp; Plano (PLPL3) pode movimentar mais de R$1 bi com IPO\t\t<\/a>\n\t<\/div>\n\n\n<p>Em 2005, a boa base de terrenos adquirida estimulou a companhia a entregar 2.900 unidades econ\u00f4micas at\u00e9 2011, marco importante em sua hist\u00f3ria. No ano seguinte, a companhia desenvolveu um novo m\u00e9todo de constru\u00e7\u00e3o voltado a este tipo de produto, al\u00e9m de iniciar a venda direta de im\u00f3veis.<\/p>\n<p>Desde ent\u00e3o, a <strong>Plano &amp; Plano<\/strong> vem se especializando e crescendo no segmento de baixa renda, angariando diversos pr\u00eamios do setor nos anos que se seguiram.<\/p>\n<p>Com informa\u00e7\u00f5es do Estad\u00e3o Conte\u00fado.<\/p>\n\t<p>\n\t\t<a href=\"https:\/\/lp.suno.com.br\/planilha-de-controle-de-investimentos\/\" target=\"_blank\" data-element=\"shortcode-suno-banner\" title=\"Banner SUNO, clique e saiba mais\">\n\t\t\t<picture>\n\t\t\t\t<source media=\"(max-width: 500px)\" srcset=\"https:\/\/files.sunoresearch.com.br\/n\/uploads\/2023\/03\/400x300-Controle-de-Investimentos.png\">\n\t\t\t\t<img class=\"newsContent__article__imgCapa newsContent__article__imgCapa--banner\"\n\t\t\t\t\tsrc=\"https:\/\/files.sunoresearch.com.br\/n\/uploads\/2023\/03\/1420x240-Controle-de-Investimentos.png\"\n\t\t\t\t\tdata-promo-id=\"75934\"\t\t\t\t\t\t\t\t\t\twidth='1420' height='240'\t\t\t\t\talt=\"https:\/\/files.sunoresearch.com.br\/n\/uploads\/2023\/03\/1420x240-Controle-de-Investimentos.png\"\n\t\t\t\t>\n\t\t\t<\/picture>\n\t\t<\/a>\n\t<\/p>\n\n\n","protected":false},"excerpt":{"rendered":"<p>O Conselho de Administra\u00e7\u00e3o da Plano &amp; Plano, subsidi\u00e1ria da Cyrela (CYRE3), aprovou o pre\u00e7o de R$ 9,40 por a\u00e7\u00e3o no processo da oferta p\u00fablica inicial de a\u00e7\u00f5es (IPO, na sigla em ingl\u00eas) da empresa na Bolsa de Valores de S\u00e3o Paulo (B3). A informa\u00e7\u00e3o foi revelada pela empresa na noite da \u00faltima ter\u00e7a-feira (15). [&hellip;]<\/p>\n","protected":false},"author":24,"featured_media":84975,"comment_status":"closed","ping_status":"closed","sticky":false,"template":"","format":"standard","meta":[],"categories":[64],"tags":[1937,443,319,99288],"suno_strategy":[],"class_list":["post-84961","post","type-post","status-publish","format-standard","has-post-thumbnail","hentry","category-negocios","tag-bolsa-de-valores-de-sao-paulo-b3","tag-cyrela-cyre3","tag-ipo-oferta-inicial-de-acoes","tag-plano-plano-plpl3"],"yoast_head":"<!-- This site is optimized with the Yoast SEO plugin v24.4 - https:\/\/yoast.com\/wordpress\/plugins\/seo\/ -->\n<title>Plano &amp; Plano, da Cyrela (CYRE3), precifica IPO em R$ 9,40 por a\u00e7\u00e3o<\/title>\n<meta name=\"description\" content=\"O Conselho da Plano &amp; Plano, subsidi\u00e1ria da Cyrela, aprovou o pre\u00e7o de R$ 9,40 por a\u00e7\u00e3o no processo de IPO. Clique e saiba mais.\" \/>\n<meta name=\"robots\" content=\"index, follow, max-snippet:-1, max-image-preview:large, max-video-preview:-1\" \/>\n<link rel=\"canonical\" href=\"https:\/\/www.suno.com.br\/noticias\/plano-plano-precifica-ipo-9-40-por-acao\/\" \/>\n<meta property=\"og:locale\" content=\"pt_BR\" \/>\n<meta property=\"og:type\" content=\"article\" \/>\n<meta property=\"og:title\" content=\"Plano &amp; Plano, da Cyrela (CYRE3), precifica IPO em R$ 9,40 por a\u00e7\u00e3o\" \/>\n<meta property=\"og:description\" content=\"O Conselho da Plano &amp; Plano, subsidi\u00e1ria da Cyrela, aprovou o pre\u00e7o de R$ 9,40 por a\u00e7\u00e3o no processo de IPO. Clique e saiba mais.\" \/>\n<meta property=\"og:url\" content=\"https:\/\/www.suno.com.br\/noticias\/plano-plano-precifica-ipo-9-40-por-acao\/\" \/>\n<meta property=\"og:site_name\" content=\"Suno Not\u00edcias\" \/>\n<meta property=\"article:publisher\" content=\"https:\/\/facebook.com\/sunoresearch\" \/>\n<meta property=\"og:image\" content=\"https:\/\/files.sunoresearch.com.br\/n\/uploads\/2020\/09\/e560dd38-canuto_casas_abr181219img_04464901.jpg\" \/>\n\t<meta property=\"og:image:width\" content=\"1200\" \/>\n\t<meta property=\"og:image:height\" content=\"800\" \/>\n\t<meta property=\"og:image:type\" content=\"image\/jpeg\" \/>\n<meta name=\"author\" content=\"Jader Lazarini\" \/>\n<meta name=\"twitter:card\" content=\"summary_large_image\" \/>\n<meta name=\"twitter:creator\" content=\"@sunoresearch\" \/>\n<meta name=\"twitter:site\" content=\"@sunoresearch\" \/>\n<meta name=\"twitter:label1\" content=\"Escrito por\" \/>\n\t<meta name=\"twitter:data1\" content=\"Jader Lazarini\" \/>\n\t<meta name=\"twitter:label2\" content=\"Est. tempo de leitura\" \/>\n\t<meta name=\"twitter:data2\" content=\"3 minutos\" \/>\n<script type=\"application\/ld+json\" class=\"yoast-schema-graph\">{\"@context\":\"https:\/\/schema.org\",\"@graph\":[{\"@type\":\"NewsArticle\",\"@id\":\"https:\/\/www.suno.com.br\/noticias\/plano-plano-precifica-ipo-9-40-por-acao\/#article\",\"isPartOf\":{\"@id\":\"https:\/\/www.suno.com.br\/noticias\/plano-plano-precifica-ipo-9-40-por-acao\/\"},\"author\":{\"name\":\"Jader Lazarini\",\"@id\":\"https:\/\/www.suno.com.br\/noticias\/#\/schema\/person\/918d79de1f0281f01599b93f9ea6e23f\"},\"headline\":\"Plano &#038; Plano (PLPL3), da Cyrela (CYRE3), precifica IPO em R$ 9,40 por a\u00e7\u00e3o\",\"datePublished\":\"2020-09-16T11:12:15+00:00\",\"dateModified\":\"2020-09-16T11:23:39+00:00\",\"mainEntityOfPage\":{\"@id\":\"https:\/\/www.suno.com.br\/noticias\/plano-plano-precifica-ipo-9-40-por-acao\/\"},\"wordCount\":522,\"publisher\":{\"@id\":\"https:\/\/www.suno.com.br\/noticias\/#organization\"},\"image\":{\"@id\":\"https:\/\/www.suno.com.br\/noticias\/plano-plano-precifica-ipo-9-40-por-acao\/#primaryimage\"},\"thumbnailUrl\":\"https:\/\/files.sunoresearch.com.br\/n\/uploads\/2020\/09\/e560dd38-canuto_casas_abr181219img_04464901-jpg.webp\",\"keywords\":[\"Bolsa de Valores de S\u00e3o Paulo (B3)\",\"Cyrela (CYRE3)\",\"IPO (Oferta Inicial de A\u00e7\u00f5es)\",\"Plano &amp; Plano (PLPL3)\"],\"articleSection\":[\"Neg\u00f3cios\"],\"inLanguage\":\"pt-BR\"},{\"@type\":\"WebPage\",\"@id\":\"https:\/\/www.suno.com.br\/noticias\/plano-plano-precifica-ipo-9-40-por-acao\/\",\"url\":\"https:\/\/www.suno.com.br\/noticias\/plano-plano-precifica-ipo-9-40-por-acao\/\",\"name\":\"Plano & Plano, da Cyrela (CYRE3), precifica IPO em R$ 9,40 por a\u00e7\u00e3o\",\"isPartOf\":{\"@id\":\"https:\/\/www.suno.com.br\/noticias\/#website\"},\"primaryImageOfPage\":{\"@id\":\"https:\/\/www.suno.com.br\/noticias\/plano-plano-precifica-ipo-9-40-por-acao\/#primaryimage\"},\"image\":{\"@id\":\"https:\/\/www.suno.com.br\/noticias\/plano-plano-precifica-ipo-9-40-por-acao\/#primaryimage\"},\"thumbnailUrl\":\"https:\/\/files.sunoresearch.com.br\/n\/uploads\/2020\/09\/e560dd38-canuto_casas_abr181219img_04464901-jpg.webp\",\"datePublished\":\"2020-09-16T11:12:15+00:00\",\"dateModified\":\"2020-09-16T11:23:39+00:00\",\"description\":\"O Conselho da Plano & Plano, subsidi\u00e1ria da Cyrela, aprovou o pre\u00e7o de R$ 9,40 por a\u00e7\u00e3o no processo de IPO. Clique e saiba mais.\",\"breadcrumb\":{\"@id\":\"https:\/\/www.suno.com.br\/noticias\/plano-plano-precifica-ipo-9-40-por-acao\/#breadcrumb\"},\"inLanguage\":\"pt-BR\",\"potentialAction\":[{\"@type\":\"ReadAction\",\"target\":[\"https:\/\/www.suno.com.br\/noticias\/plano-plano-precifica-ipo-9-40-por-acao\/\"]}]},{\"@type\":\"ImageObject\",\"inLanguage\":\"pt-BR\",\"@id\":\"https:\/\/www.suno.com.br\/noticias\/plano-plano-precifica-ipo-9-40-por-acao\/#primaryimage\",\"url\":\"https:\/\/files.sunoresearch.com.br\/n\/uploads\/2020\/09\/e560dd38-canuto_casas_abr181219img_04464901-jpg.webp\",\"contentUrl\":\"https:\/\/files.sunoresearch.com.br\/n\/uploads\/2020\/09\/e560dd38-canuto_casas_abr181219img_04464901-jpg.webp\",\"width\":1200,\"height\":800,\"caption\":\"Cyrela (CYRE3). Foto: Divulga\u00e7\u00e3o\"},{\"@type\":\"BreadcrumbList\",\"@id\":\"https:\/\/www.suno.com.br\/noticias\/plano-plano-precifica-ipo-9-40-por-acao\/#breadcrumb\",\"itemListElement\":[{\"@type\":\"ListItem\",\"position\":1,\"name\":\"Not\u00edcias\",\"item\":\"https:\/\/www.suno.com.br\/noticias\/\"},{\"@type\":\"ListItem\",\"position\":2,\"name\":\"Neg\u00f3cios\",\"item\":\"https:\/\/www.suno.com.br\/noticias\/negocios\/\"},{\"@type\":\"ListItem\",\"position\":3,\"name\":\"Plano &#038; Plano (PLPL3), da Cyrela (CYRE3), precifica IPO em R$ 9,40 por a\u00e7\u00e3o\"}]},{\"@type\":\"WebSite\",\"@id\":\"https:\/\/www.suno.com.br\/noticias\/#website\",\"url\":\"https:\/\/www.suno.com.br\/noticias\/\",\"name\":\"Suno Not\u00edcias\",\"description\":\"Seu portal de informa\u00e7\u00e3o sobre o mundo dos investimentos\",\"publisher\":{\"@id\":\"https:\/\/www.suno.com.br\/noticias\/#organization\"},\"potentialAction\":[{\"@type\":\"SearchAction\",\"target\":{\"@type\":\"EntryPoint\",\"urlTemplate\":\"https:\/\/www.suno.com.br\/noticias\/?s={search_term_string}\"},\"query-input\":{\"@type\":\"PropertyValueSpecification\",\"valueRequired\":true,\"valueName\":\"search_term_string\"}}],\"inLanguage\":\"pt-BR\"},{\"@type\":\"Organization\",\"@id\":\"https:\/\/www.suno.com.br\/noticias\/#organization\",\"name\":\"Suno Not\u00edcias\",\"url\":\"https:\/\/www.suno.com.br\/noticias\/\",\"logo\":{\"@type\":\"ImageObject\",\"inLanguage\":\"pt-BR\",\"@id\":\"https:\/\/www.suno.com.br\/noticias\/#\/schema\/logo\/image\/\",\"url\":\"https:\/\/files.sunoresearch.com.br\/n\/uploads\/2021\/09\/suno-logo.png\",\"contentUrl\":\"https:\/\/files.sunoresearch.com.br\/n\/uploads\/2021\/09\/suno-logo.png\",\"width\":180,\"height\":180,\"caption\":\"Suno Not\u00edcias\"},\"image\":{\"@id\":\"https:\/\/www.suno.com.br\/noticias\/#\/schema\/logo\/image\/\"},\"sameAs\":[\"https:\/\/facebook.com\/sunoresearch\",\"https:\/\/x.com\/sunoresearch\",\"https:\/\/www.instagram.com\/suno\",\"https:\/\/www.linkedin.com\/company\/suno-research\/\",\"https:\/\/www.youtube.com\/c\/sunoresearch\"]},{\"@type\":\"Person\",\"@id\":\"https:\/\/www.suno.com.br\/noticias\/#\/schema\/person\/918d79de1f0281f01599b93f9ea6e23f\",\"name\":\"Jader Lazarini\",\"image\":{\"@type\":\"ImageObject\",\"inLanguage\":\"pt-BR\",\"@id\":\"https:\/\/www.suno.com.br\/noticias\/#\/schema\/person\/image\/\",\"url\":\"https:\/\/secure.gravatar.com\/avatar\/3c1ad8caa51589841baeb923fcddea97?s=96&r=g\",\"contentUrl\":\"https:\/\/secure.gravatar.com\/avatar\/3c1ad8caa51589841baeb923fcddea97?s=96&r=g\",\"caption\":\"Jader Lazarini\"},\"description\":\"Jader Lazarini escreve sobre investimentos, finan\u00e7as, economia e neg\u00f3cios. \u00c9 bacharel em Rela\u00e7\u00f5es Internacionais e analista CNPI (2619).\",\"url\":\"https:\/\/www.suno.com.br\/noticias\/author\/jader-lazarini\/\"}]}<\/script>\n<!-- \/ Yoast SEO plugin. -->","yoast_head_json":{"title":"Plano & Plano, da Cyrela (CYRE3), precifica IPO em R$ 9,40 por a\u00e7\u00e3o","description":"O Conselho da Plano & Plano, subsidi\u00e1ria da Cyrela, aprovou o pre\u00e7o de R$ 9,40 por a\u00e7\u00e3o no processo de IPO. Clique e saiba mais.","robots":{"index":"index","follow":"follow","max-snippet":"max-snippet:-1","max-image-preview":"max-image-preview:large","max-video-preview":"max-video-preview:-1"},"canonical":"https:\/\/www.suno.com.br\/noticias\/plano-plano-precifica-ipo-9-40-por-acao\/","og_locale":"pt_BR","og_type":"article","og_title":"Plano & Plano, da Cyrela (CYRE3), precifica IPO em R$ 9,40 por a\u00e7\u00e3o","og_description":"O Conselho da Plano & Plano, subsidi\u00e1ria da Cyrela, aprovou o pre\u00e7o de R$ 9,40 por a\u00e7\u00e3o no processo de IPO. Clique e saiba mais.","og_url":"https:\/\/www.suno.com.br\/noticias\/plano-plano-precifica-ipo-9-40-por-acao\/","og_site_name":"Suno Not\u00edcias","article_publisher":"https:\/\/facebook.com\/sunoresearch","og_image":[{"width":1200,"height":800,"url":"https:\/\/files.sunoresearch.com.br\/n\/uploads\/2020\/09\/e560dd38-canuto_casas_abr181219img_04464901.jpg","type":"image\/jpeg"}],"author":"Jader Lazarini","twitter_card":"summary_large_image","twitter_creator":"@sunoresearch","twitter_site":"@sunoresearch","twitter_misc":{"Escrito por":"Jader Lazarini","Est. tempo de leitura":"3 minutos"},"schema":{"@context":"https:\/\/schema.org","@graph":[{"@type":"NewsArticle","@id":"https:\/\/www.suno.com.br\/noticias\/plano-plano-precifica-ipo-9-40-por-acao\/#article","isPartOf":{"@id":"https:\/\/www.suno.com.br\/noticias\/plano-plano-precifica-ipo-9-40-por-acao\/"},"author":{"name":"Jader Lazarini","@id":"https:\/\/www.suno.com.br\/noticias\/#\/schema\/person\/918d79de1f0281f01599b93f9ea6e23f"},"headline":"Plano &#038; Plano (PLPL3), da Cyrela (CYRE3), precifica IPO em R$ 9,40 por a\u00e7\u00e3o","datePublished":"2020-09-16T11:12:15+00:00","dateModified":"2020-09-16T11:23:39+00:00","mainEntityOfPage":{"@id":"https:\/\/www.suno.com.br\/noticias\/plano-plano-precifica-ipo-9-40-por-acao\/"},"wordCount":522,"publisher":{"@id":"https:\/\/www.suno.com.br\/noticias\/#organization"},"image":{"@id":"https:\/\/www.suno.com.br\/noticias\/plano-plano-precifica-ipo-9-40-por-acao\/#primaryimage"},"thumbnailUrl":"https:\/\/files.sunoresearch.com.br\/n\/uploads\/2020\/09\/e560dd38-canuto_casas_abr181219img_04464901-jpg.webp","keywords":["Bolsa de Valores de S\u00e3o Paulo (B3)","Cyrela (CYRE3)","IPO (Oferta Inicial de A\u00e7\u00f5es)","Plano &amp; Plano (PLPL3)"],"articleSection":["Neg\u00f3cios"],"inLanguage":"pt-BR"},{"@type":"WebPage","@id":"https:\/\/www.suno.com.br\/noticias\/plano-plano-precifica-ipo-9-40-por-acao\/","url":"https:\/\/www.suno.com.br\/noticias\/plano-plano-precifica-ipo-9-40-por-acao\/","name":"Plano & Plano, da Cyrela (CYRE3), precifica IPO em R$ 9,40 por a\u00e7\u00e3o","isPartOf":{"@id":"https:\/\/www.suno.com.br\/noticias\/#website"},"primaryImageOfPage":{"@id":"https:\/\/www.suno.com.br\/noticias\/plano-plano-precifica-ipo-9-40-por-acao\/#primaryimage"},"image":{"@id":"https:\/\/www.suno.com.br\/noticias\/plano-plano-precifica-ipo-9-40-por-acao\/#primaryimage"},"thumbnailUrl":"https:\/\/files.sunoresearch.com.br\/n\/uploads\/2020\/09\/e560dd38-canuto_casas_abr181219img_04464901-jpg.webp","datePublished":"2020-09-16T11:12:15+00:00","dateModified":"2020-09-16T11:23:39+00:00","description":"O Conselho da Plano & Plano, subsidi\u00e1ria da Cyrela, aprovou o pre\u00e7o de R$ 9,40 por a\u00e7\u00e3o no processo de IPO. Clique e saiba mais.","breadcrumb":{"@id":"https:\/\/www.suno.com.br\/noticias\/plano-plano-precifica-ipo-9-40-por-acao\/#breadcrumb"},"inLanguage":"pt-BR","potentialAction":[{"@type":"ReadAction","target":["https:\/\/www.suno.com.br\/noticias\/plano-plano-precifica-ipo-9-40-por-acao\/"]}]},{"@type":"ImageObject","inLanguage":"pt-BR","@id":"https:\/\/www.suno.com.br\/noticias\/plano-plano-precifica-ipo-9-40-por-acao\/#primaryimage","url":"https:\/\/files.sunoresearch.com.br\/n\/uploads\/2020\/09\/e560dd38-canuto_casas_abr181219img_04464901-jpg.webp","contentUrl":"https:\/\/files.sunoresearch.com.br\/n\/uploads\/2020\/09\/e560dd38-canuto_casas_abr181219img_04464901-jpg.webp","width":1200,"height":800,"caption":"Cyrela (CYRE3). Foto: Divulga\u00e7\u00e3o"},{"@type":"BreadcrumbList","@id":"https:\/\/www.suno.com.br\/noticias\/plano-plano-precifica-ipo-9-40-por-acao\/#breadcrumb","itemListElement":[{"@type":"ListItem","position":1,"name":"Not\u00edcias","item":"https:\/\/www.suno.com.br\/noticias\/"},{"@type":"ListItem","position":2,"name":"Neg\u00f3cios","item":"https:\/\/www.suno.com.br\/noticias\/negocios\/"},{"@type":"ListItem","position":3,"name":"Plano &#038; Plano (PLPL3), da Cyrela (CYRE3), precifica IPO em R$ 9,40 por a\u00e7\u00e3o"}]},{"@type":"WebSite","@id":"https:\/\/www.suno.com.br\/noticias\/#website","url":"https:\/\/www.suno.com.br\/noticias\/","name":"Suno Not\u00edcias","description":"Seu portal de informa\u00e7\u00e3o sobre o mundo dos investimentos","publisher":{"@id":"https:\/\/www.suno.com.br\/noticias\/#organization"},"potentialAction":[{"@type":"SearchAction","target":{"@type":"EntryPoint","urlTemplate":"https:\/\/www.suno.com.br\/noticias\/?s={search_term_string}"},"query-input":{"@type":"PropertyValueSpecification","valueRequired":true,"valueName":"search_term_string"}}],"inLanguage":"pt-BR"},{"@type":"Organization","@id":"https:\/\/www.suno.com.br\/noticias\/#organization","name":"Suno Not\u00edcias","url":"https:\/\/www.suno.com.br\/noticias\/","logo":{"@type":"ImageObject","inLanguage":"pt-BR","@id":"https:\/\/www.suno.com.br\/noticias\/#\/schema\/logo\/image\/","url":"https:\/\/files.sunoresearch.com.br\/n\/uploads\/2021\/09\/suno-logo.png","contentUrl":"https:\/\/files.sunoresearch.com.br\/n\/uploads\/2021\/09\/suno-logo.png","width":180,"height":180,"caption":"Suno Not\u00edcias"},"image":{"@id":"https:\/\/www.suno.com.br\/noticias\/#\/schema\/logo\/image\/"},"sameAs":["https:\/\/facebook.com\/sunoresearch","https:\/\/x.com\/sunoresearch","https:\/\/www.instagram.com\/suno","https:\/\/www.linkedin.com\/company\/suno-research\/","https:\/\/www.youtube.com\/c\/sunoresearch"]},{"@type":"Person","@id":"https:\/\/www.suno.com.br\/noticias\/#\/schema\/person\/918d79de1f0281f01599b93f9ea6e23f","name":"Jader Lazarini","image":{"@type":"ImageObject","inLanguage":"pt-BR","@id":"https:\/\/www.suno.com.br\/noticias\/#\/schema\/person\/image\/","url":"https:\/\/secure.gravatar.com\/avatar\/3c1ad8caa51589841baeb923fcddea97?s=96&r=g","contentUrl":"https:\/\/secure.gravatar.com\/avatar\/3c1ad8caa51589841baeb923fcddea97?s=96&r=g","caption":"Jader Lazarini"},"description":"Jader Lazarini escreve sobre investimentos, finan\u00e7as, economia e neg\u00f3cios. \u00c9 bacharel em Rela\u00e7\u00f5es Internacionais e analista CNPI (2619).","url":"https:\/\/www.suno.com.br\/noticias\/author\/jader-lazarini\/"}]}},"default_loop_html":"<div class=\"cardsPage__listCard__boxs\"><div class=\"cardsPage__listCard__boxs__img\"><a href=\"https:\/\/www.suno.com.br\/noticias\/plano-plano-precifica-ipo-9-40-por-acao\/\"><img class=\"mask\" src=\"https:\/\/www.suno.com.br\/noticias\/wp-content\/themes\/suno\/resources\/images\/spotlight\/spotlight1img\/bg-mask.png\" alt=\"Image Mask\"\/><img src=\"https:\/\/files.sunoresearch.com.br\/n\/uploads\/2020\/09\/e560dd38-canuto_casas_abr181219img_04464901-400x200.webp\" alt=\"Plano &#038; Plano (PLPL3), da Cyrela (CYRE3), precifica IPO em R$ 9,40 por a\u00e7\u00e3o\"\/><\/a><span class=\"spotlightCategory\"><a href=\"https:\/\/www.suno.com.br\/noticias\/negocios\/\">Neg\u00f3cios<\/a><\/span><\/div><div class=\"cardsPage__listCard__boxs__content\"><a href=\"https:\/\/www.suno.com.br\/noticias\/plano-plano-precifica-ipo-9-40-por-acao\/\"><h2 class=\"content__title\">Plano &#038; Plano (PLPL3), da Cyrela (CYRE3), precifica IPO em R$ 9,40 por a\u00e7\u00e3o<\/h2><\/a><div class=\"newsContent__article__meta\"><div class=\"newsContent__article__meta__authorBox\"><a href=\"https:\/\/www.suno.com.br\/noticias\/author\/jader-lazarini\/\" class=\"authorBox__avatar noMobi\"><img src=\"https:\/\/files.sunoresearch.com.br\/n\/uploads\/2021\/01\/178e6598-foto-perfil-2-150x150.jpg\" alt=\"Jader Lazarini\"><\/a><div class=\"authorBox__name\"><span>por\n\t\t\t<a href=\"https:\/\/www.suno.com.br\/noticias\/author\/jader-lazarini\/\"><span itemprop=\"author\">Jader Lazarini<\/span><\/a><\/span><time datetime=\"2020-09-16T08:12:15-03:00\" itemprop=\"datePublished\">16\/09\/2020 08:12<\/time><\/div><\/div><\/div><\/div><\/div>","single_layout":"posts","amp_enabled":true,"_links":{"self":[{"href":"https:\/\/www.suno.com.br\/noticias\/wp-json\/wp\/v2\/posts\/84961"}],"collection":[{"href":"https:\/\/www.suno.com.br\/noticias\/wp-json\/wp\/v2\/posts"}],"about":[{"href":"https:\/\/www.suno.com.br\/noticias\/wp-json\/wp\/v2\/types\/post"}],"author":[{"embeddable":true,"href":"https:\/\/www.suno.com.br\/noticias\/wp-json\/wp\/v2\/users\/24"}],"replies":[{"embeddable":true,"href":"https:\/\/www.suno.com.br\/noticias\/wp-json\/wp\/v2\/comments?post=84961"}],"version-history":[{"count":0,"href":"https:\/\/www.suno.com.br\/noticias\/wp-json\/wp\/v2\/posts\/84961\/revisions"}],"wp:featuredmedia":[{"embeddable":true,"href":"https:\/\/www.suno.com.br\/noticias\/wp-json\/wp\/v2\/media\/84975"}],"wp:attachment":[{"href":"https:\/\/www.suno.com.br\/noticias\/wp-json\/wp\/v2\/media?parent=84961"}],"wp:term":[{"taxonomy":"category","embeddable":true,"href":"https:\/\/www.suno.com.br\/noticias\/wp-json\/wp\/v2\/categories?post=84961"},{"taxonomy":"post_tag","embeddable":true,"href":"https:\/\/www.suno.com.br\/noticias\/wp-json\/wp\/v2\/tags?post=84961"},{"taxonomy":"suno_strategy","embeddable":true,"href":"https:\/\/www.suno.com.br\/noticias\/wp-json\/wp\/v2\/suno_strategy?post=84961"}],"curies":[{"name":"wp","href":"https:\/\/api.w.org\/{rel}","templated":true}]}}