{"id":84859,"date":"2020-09-15T18:14:43","date_gmt":"2020-09-15T21:14:43","guid":{"rendered":"https:\/\/www.suno.com.br\/noticias\/?p=84859"},"modified":"2020-09-15T18:16:22","modified_gmt":"2020-09-15T21:16:22","slug":"pf-incrimina-executivos-por-gestao-temeraria-na-compra-do-banco-panamericano","status":"publish","type":"post","link":"https:\/\/www.suno.com.br\/noticias\/pf-incrimina-executivos-por-gestao-temeraria-na-compra-do-banco-panamericano\/","title":{"rendered":"PF incrimina executivos por gest\u00e3o temer\u00e1ria na compra do PanAmericano"},"content":{"rendered":"<p>A Pol\u00edcia Federal acusou na \u00faltima quinta-feira (10) nove executivos por gest\u00e3o temer\u00e1ria na compra do antigo Banco <strong>PanAmericano<\/strong>, atualmente conhecido como <a href=\"https:\/\/www.suno.com.br\/acoes\/bpan4\/\"><strong>Banco<\/strong> Pan (BPAN4),<\/a> que pertence ao empres\u00e1rio e apresentador Silvio Santos. O relat\u00f3rio sobre a apura\u00e7\u00e3o est\u00e1 sendo analisado pelo Minist\u00e9rio P\u00fablico Federal (MPF) nesta ter\u00e7a-feira (15) .<\/p>\t<div class=\"wrapper-featured-image\">\n\t\t<figure class=\"spotlightImg\">\n\n\t\t\t<picture>\n\t\t\t\t<source media=\"(max-width: 768px)\" srcset=\"https:\/\/files.sunoresearch.com.br\/n\/uploads\/2020\/09\/d1add667-policia-federal-800x450-1-400x200.webp\">\n\t\t\t\t<img loading=\"lazy\" decoding=\"async\" class=\"newsContent__article__imgCapa lazyloadDisabled \" src=\"https:\/\/files.sunoresearch.com.br\/n\/uploads\/2020\/09\/d1add667-policia-federal-800x450-1-jpg.webp\" width=\"800\" height=\"450\" alt=\"PF incrimina executivos por gest\u00e3o temer\u00e1ria na compra do PanAmericano\" fetchpriority=high \/>\n\t\t\t<\/picture>\n\n\t\t\t<figcaption class=\"wp-caption-text wp-caption-text--show\">PF incrimina executivos por gest\u00e3o temer\u00e1ria na compra do PanAmericano<\/figcaption>\n\t\t<\/figure>\n\t<\/div>\n\n\n<div class=\"hubspot-form-wrapper\">\n\t<div id=\"single-form-target\"><\/div>\n<\/div>\n\n<p>A <strong>Caixa Participa\u00e7\u00f5es (CaixaPar)<\/strong> comprou aproximadamente 35% do capital do PanAmericano por R$ 740 milh\u00f5es no ano de 2010.<\/p>\n<p>Naquele per\u00edodo algumas not\u00edcias sobre um rombo na institui\u00e7\u00e3o j\u00e1 tinham sido divulgadas. Enquanto o caso foi apurado em 2017, na Opera\u00e7\u00e3o Conclave.<\/p>\n<p><a href=\"https:\/\/lp.suno.com.br\/suno-one\/\">Suno One: acesse gratuitamente eBooks, Minicursos, Artigos e Video Aulas sobre investimentos com um \u00fanico cadastro. Clique para saber mais!<\/a><\/p>\n<p>De acordo com o relat\u00f3rio final, a Pol\u00edcia Federal informou sobre as irregularidades do processo, &#8220;al\u00e9m de n\u00e3o terem sido adotadas medidas de prud\u00eancia para mitigar os riscos inerentes \u00e0s opera\u00e7\u00f5es no mercado financeiro, resultando em imenso preju\u00edzo ao er\u00e1rio federal&#8221;.<\/p>\n<p>A PF tamb\u00e9m ressaltou que a CaixaPar &#8220;n\u00e3o buscou anular a contrata\u00e7\u00e3o realizada&#8221; embora tenha descoberto sobre as fraudes cont\u00e1beis presentes nos balan\u00e7os do banco.<\/p>\n<p>Segundo a legisla\u00e7\u00e3o de 1986, gerir institui\u00e7\u00e3o financeira de forma temer\u00e1ria \u00e9 crime, sendo a pena prevista de dois a oito anos de pris\u00e3o, al\u00e9m de multa.<\/p>\n<p><a href=\"https:\/\/www.suno.com.br\/noticias\/caixa-diminui-participacao-acionaria-banco-pan\/\">Veja Tamb\u00e9m: Caixa diminui participa\u00e7\u00e3o acion\u00e1ria no Banco Pan de 34,3% para 26,8%<\/a><\/p>\n<p>Os nove executivos indiciados foram a ex-presidente da Caixa e membro do Conselho de Administra\u00e7\u00e3o da CaixaPAR no per\u00edodo da aprova\u00e7\u00e3o do neg\u00f3cio, Maria Fernanda Ramos Coelho, os ex-diretores da CaixaPAR, Jos\u00e9 Roberto de Oliveira Martins, Marcelo Terrazas e M\u00e1rcio Percival Alves Pinto, o ex-presidente do Grupo Silvio Santos, Luiz Sebasti\u00e3o Sandoval e os ex-diretores do Panamericano Rafael Palladino, Luiz Augusto Teixeira de Carvalho Bruno e Wilson Roberto de Aro, juntamente com o ex-diretor do Banco Fator, contratado para fazer a avalia\u00e7\u00e3o do neg\u00f3cio, \u00a0Venilton Tadini.<\/p>\n<p>Enquanto os servidores do Banco Central que participaram da aprova\u00e7\u00e3o do neg\u00f3cio n\u00e3o foram indiciados pela PF e outras quatorze pessoas tamb\u00e9m foram exclu\u00eddas das investiga\u00e7\u00f5es sobre o <strong>Banco PanAmericano<\/strong>.<\/p>\n\t<p>\n\t\t<a href=\"https:\/\/lp.suno.com.br\/planilha-de-controle-de-investimentos\/\" target=\"_blank\" data-element=\"shortcode-suno-banner\" title=\"Banner SUNO, clique e saiba mais\">\n\t\t\t<picture>\n\t\t\t\t<source media=\"(max-width: 500px)\" srcset=\"https:\/\/files.sunoresearch.com.br\/n\/uploads\/2023\/03\/400x300-Controle-de-Investimentos.png\">\n\t\t\t\t<img class=\"newsContent__article__imgCapa newsContent__article__imgCapa--banner\"\n\t\t\t\t\tsrc=\"https:\/\/files.sunoresearch.com.br\/n\/uploads\/2023\/03\/1420x240-Controle-de-Investimentos.png\"\n\t\t\t\t\tdata-promo-id=\"75934\"\t\t\t\t\t\t\t\t\t\twidth='1420' height='240'\t\t\t\t\talt=\"https:\/\/files.sunoresearch.com.br\/n\/uploads\/2023\/03\/1420x240-Controle-de-Investimentos.png\"\n\t\t\t\t>\n\t\t\t<\/picture>\n\t\t<\/a>\n\t<\/p>\n\n\n","protected":false},"excerpt":{"rendered":"<p>A Pol\u00edcia Federal acusou na \u00faltima quinta-feira (10) nove executivos por gest\u00e3o temer\u00e1ria na compra do antigo Banco PanAmericano, atualmente conhecido como Banco Pan (BPAN4), que pertence ao empres\u00e1rio e apresentador Silvio Santos. O relat\u00f3rio sobre a apura\u00e7\u00e3o est\u00e1 sendo analisado pelo Minist\u00e9rio P\u00fablico Federal (MPF) nesta ter\u00e7a-feira (15) . PF incrimina executivos por gest\u00e3o [&hellip;]<\/p>\n","protected":false},"author":56,"featured_media":84902,"comment_status":"closed","ping_status":"closed","sticky":false,"template":"","format":"standard","meta":[],"categories":[64],"tags":[370],"suno_strategy":[],"class_list":["post-84859","post","type-post","status-publish","format-standard","has-post-thumbnail","hentry","category-negocios","tag-banco-pan-bpan4"],"yoast_head":"<!-- This site is optimized with the Yoast SEO plugin v24.4 - https:\/\/yoast.com\/wordpress\/plugins\/seo\/ -->\n<title>PF incrimina executivos por gest\u00e3o temer\u00e1ria na compra do PanAmericano<\/title>\n<meta name=\"description\" content=\"A Pol\u00edcia Federal acusou nove executivos por gest\u00e3o temer\u00e1ria na compra do Banco PanAmericano. Clique aqui para saber mais.\" \/>\n<meta name=\"robots\" content=\"index, follow, max-snippet:-1, max-image-preview:large, max-video-preview:-1\" \/>\n<link rel=\"canonical\" href=\"https:\/\/www.suno.com.br\/noticias\/pf-incrimina-executivos-por-gestao-temeraria-na-compra-do-banco-panamericano\/\" \/>\n<meta property=\"og:locale\" content=\"pt_BR\" \/>\n<meta property=\"og:type\" content=\"article\" \/>\n<meta property=\"og:title\" content=\"PF incrimina executivos por gest\u00e3o temer\u00e1ria na compra do PanAmericano\" \/>\n<meta property=\"og:description\" content=\"A Pol\u00edcia Federal acusou nove executivos por gest\u00e3o temer\u00e1ria na compra do Banco PanAmericano. Clique aqui para saber mais.\" \/>\n<meta property=\"og:url\" content=\"https:\/\/www.suno.com.br\/noticias\/pf-incrimina-executivos-por-gestao-temeraria-na-compra-do-banco-panamericano\/\" \/>\n<meta property=\"og:site_name\" content=\"Suno Not\u00edcias\" \/>\n<meta property=\"article:publisher\" content=\"https:\/\/facebook.com\/sunoresearch\" \/>\n<meta property=\"og:image\" content=\"https:\/\/files.sunoresearch.com.br\/n\/uploads\/2020\/09\/d1add667-policia-federal-800x450-1.jpg\" \/>\n\t<meta property=\"og:image:width\" content=\"800\" \/>\n\t<meta property=\"og:image:height\" content=\"450\" \/>\n\t<meta property=\"og:image:type\" content=\"image\/jpeg\" \/>\n<meta name=\"author\" content=\"Rafaela La Regina\" \/>\n<meta name=\"twitter:card\" content=\"summary_large_image\" \/>\n<meta name=\"twitter:creator\" content=\"@sunoresearch\" \/>\n<meta name=\"twitter:site\" content=\"@sunoresearch\" \/>\n<meta name=\"twitter:label1\" content=\"Escrito por\" \/>\n\t<meta name=\"twitter:data1\" content=\"Rafaela La Regina\" \/>\n\t<meta name=\"twitter:label2\" content=\"Est. tempo de leitura\" \/>\n\t<meta name=\"twitter:data2\" content=\"2 minutos\" \/>\n<script type=\"application\/ld+json\" class=\"yoast-schema-graph\">{\"@context\":\"https:\/\/schema.org\",\"@graph\":[{\"@type\":\"NewsArticle\",\"@id\":\"https:\/\/www.suno.com.br\/noticias\/pf-incrimina-executivos-por-gestao-temeraria-na-compra-do-banco-panamericano\/#article\",\"isPartOf\":{\"@id\":\"https:\/\/www.suno.com.br\/noticias\/pf-incrimina-executivos-por-gestao-temeraria-na-compra-do-banco-panamericano\/\"},\"author\":{\"name\":\"Rafaela La Regina\",\"@id\":\"https:\/\/www.suno.com.br\/noticias\/#\/schema\/person\/e672ca8cea627fe715fa29bca7da95e0\"},\"headline\":\"PF incrimina executivos por gest\u00e3o temer\u00e1ria na compra do PanAmericano\",\"datePublished\":\"2020-09-15T21:14:43+00:00\",\"dateModified\":\"2020-09-15T21:16:22+00:00\",\"mainEntityOfPage\":{\"@id\":\"https:\/\/www.suno.com.br\/noticias\/pf-incrimina-executivos-por-gestao-temeraria-na-compra-do-banco-panamericano\/\"},\"wordCount\":401,\"publisher\":{\"@id\":\"https:\/\/www.suno.com.br\/noticias\/#organization\"},\"image\":{\"@id\":\"https:\/\/www.suno.com.br\/noticias\/pf-incrimina-executivos-por-gestao-temeraria-na-compra-do-banco-panamericano\/#primaryimage\"},\"thumbnailUrl\":\"https:\/\/files.sunoresearch.com.br\/n\/uploads\/2020\/09\/d1add667-policia-federal-800x450-1-jpg.webp\",\"keywords\":[\"Banco Pan (BPAN4)\"],\"articleSection\":[\"Neg\u00f3cios\"],\"inLanguage\":\"pt-BR\"},{\"@type\":\"WebPage\",\"@id\":\"https:\/\/www.suno.com.br\/noticias\/pf-incrimina-executivos-por-gestao-temeraria-na-compra-do-banco-panamericano\/\",\"url\":\"https:\/\/www.suno.com.br\/noticias\/pf-incrimina-executivos-por-gestao-temeraria-na-compra-do-banco-panamericano\/\",\"name\":\"PF incrimina executivos por gest\u00e3o temer\u00e1ria na compra do PanAmericano\",\"isPartOf\":{\"@id\":\"https:\/\/www.suno.com.br\/noticias\/#website\"},\"primaryImageOfPage\":{\"@id\":\"https:\/\/www.suno.com.br\/noticias\/pf-incrimina-executivos-por-gestao-temeraria-na-compra-do-banco-panamericano\/#primaryimage\"},\"image\":{\"@id\":\"https:\/\/www.suno.com.br\/noticias\/pf-incrimina-executivos-por-gestao-temeraria-na-compra-do-banco-panamericano\/#primaryimage\"},\"thumbnailUrl\":\"https:\/\/files.sunoresearch.com.br\/n\/uploads\/2020\/09\/d1add667-policia-federal-800x450-1-jpg.webp\",\"datePublished\":\"2020-09-15T21:14:43+00:00\",\"dateModified\":\"2020-09-15T21:16:22+00:00\",\"description\":\"A Pol\u00edcia Federal acusou nove executivos por gest\u00e3o temer\u00e1ria na compra do Banco PanAmericano. Clique aqui para saber mais.\",\"breadcrumb\":{\"@id\":\"https:\/\/www.suno.com.br\/noticias\/pf-incrimina-executivos-por-gestao-temeraria-na-compra-do-banco-panamericano\/#breadcrumb\"},\"inLanguage\":\"pt-BR\",\"potentialAction\":[{\"@type\":\"ReadAction\",\"target\":[\"https:\/\/www.suno.com.br\/noticias\/pf-incrimina-executivos-por-gestao-temeraria-na-compra-do-banco-panamericano\/\"]}]},{\"@type\":\"ImageObject\",\"inLanguage\":\"pt-BR\",\"@id\":\"https:\/\/www.suno.com.br\/noticias\/pf-incrimina-executivos-por-gestao-temeraria-na-compra-do-banco-panamericano\/#primaryimage\",\"url\":\"https:\/\/files.sunoresearch.com.br\/n\/uploads\/2020\/09\/d1add667-policia-federal-800x450-1-jpg.webp\",\"contentUrl\":\"https:\/\/files.sunoresearch.com.br\/n\/uploads\/2020\/09\/d1add667-policia-federal-800x450-1-jpg.webp\",\"width\":800,\"height\":450,\"caption\":\"PF incrimina executivos por gest\u00e3o temer\u00e1ria na compra do PanAmericano\"},{\"@type\":\"BreadcrumbList\",\"@id\":\"https:\/\/www.suno.com.br\/noticias\/pf-incrimina-executivos-por-gestao-temeraria-na-compra-do-banco-panamericano\/#breadcrumb\",\"itemListElement\":[{\"@type\":\"ListItem\",\"position\":1,\"name\":\"Not\u00edcias\",\"item\":\"https:\/\/www.suno.com.br\/noticias\/\"},{\"@type\":\"ListItem\",\"position\":2,\"name\":\"Neg\u00f3cios\",\"item\":\"https:\/\/www.suno.com.br\/noticias\/negocios\/\"},{\"@type\":\"ListItem\",\"position\":3,\"name\":\"PF incrimina executivos por gest\u00e3o temer\u00e1ria na compra do PanAmericano\"}]},{\"@type\":\"WebSite\",\"@id\":\"https:\/\/www.suno.com.br\/noticias\/#website\",\"url\":\"https:\/\/www.suno.com.br\/noticias\/\",\"name\":\"Suno Not\u00edcias\",\"description\":\"Seu portal de informa\u00e7\u00e3o sobre o mundo dos investimentos\",\"publisher\":{\"@id\":\"https:\/\/www.suno.com.br\/noticias\/#organization\"},\"potentialAction\":[{\"@type\":\"SearchAction\",\"target\":{\"@type\":\"EntryPoint\",\"urlTemplate\":\"https:\/\/www.suno.com.br\/noticias\/?s={search_term_string}\"},\"query-input\":{\"@type\":\"PropertyValueSpecification\",\"valueRequired\":true,\"valueName\":\"search_term_string\"}}],\"inLanguage\":\"pt-BR\"},{\"@type\":\"Organization\",\"@id\":\"https:\/\/www.suno.com.br\/noticias\/#organization\",\"name\":\"Suno Not\u00edcias\",\"url\":\"https:\/\/www.suno.com.br\/noticias\/\",\"logo\":{\"@type\":\"ImageObject\",\"inLanguage\":\"pt-BR\",\"@id\":\"https:\/\/www.suno.com.br\/noticias\/#\/schema\/logo\/image\/\",\"url\":\"https:\/\/files.sunoresearch.com.br\/n\/uploads\/2021\/09\/suno-logo.png\",\"contentUrl\":\"https:\/\/files.sunoresearch.com.br\/n\/uploads\/2021\/09\/suno-logo.png\",\"width\":180,\"height\":180,\"caption\":\"Suno Not\u00edcias\"},\"image\":{\"@id\":\"https:\/\/www.suno.com.br\/noticias\/#\/schema\/logo\/image\/\"},\"sameAs\":[\"https:\/\/facebook.com\/sunoresearch\",\"https:\/\/x.com\/sunoresearch\",\"https:\/\/www.instagram.com\/suno\",\"https:\/\/www.linkedin.com\/company\/suno-research\/\",\"https:\/\/www.youtube.com\/c\/sunoresearch\"]},{\"@type\":\"Person\",\"@id\":\"https:\/\/www.suno.com.br\/noticias\/#\/schema\/person\/e672ca8cea627fe715fa29bca7da95e0\",\"name\":\"Rafaela La Regina\",\"image\":{\"@type\":\"ImageObject\",\"inLanguage\":\"pt-BR\",\"@id\":\"https:\/\/www.suno.com.br\/noticias\/#\/schema\/person\/image\/\",\"url\":\"https:\/\/secure.gravatar.com\/avatar\/d2c75a52d243deb93d0465fdcb21bd37?s=96&r=g\",\"contentUrl\":\"https:\/\/secure.gravatar.com\/avatar\/d2c75a52d243deb93d0465fdcb21bd37?s=96&r=g\",\"caption\":\"Rafaela La Regina\"},\"description\":\"Estagi\u00e1ria no Suno Not\u00edcias. Escreve sobre economia, pol\u00edtica e neg\u00f3cios. Estuda Rela\u00e7\u00f5es Internacionais no IBMEC-SP.\",\"url\":\"https:\/\/www.suno.com.br\/noticias\/author\/rafaela-la-regina\/\"}]}<\/script>\n<!-- \/ Yoast SEO plugin. -->","yoast_head_json":{"title":"PF incrimina executivos por gest\u00e3o temer\u00e1ria na compra do PanAmericano","description":"A Pol\u00edcia Federal acusou nove executivos por gest\u00e3o temer\u00e1ria na compra do Banco PanAmericano. Clique aqui para saber mais.","robots":{"index":"index","follow":"follow","max-snippet":"max-snippet:-1","max-image-preview":"max-image-preview:large","max-video-preview":"max-video-preview:-1"},"canonical":"https:\/\/www.suno.com.br\/noticias\/pf-incrimina-executivos-por-gestao-temeraria-na-compra-do-banco-panamericano\/","og_locale":"pt_BR","og_type":"article","og_title":"PF incrimina executivos por gest\u00e3o temer\u00e1ria na compra do PanAmericano","og_description":"A Pol\u00edcia Federal acusou nove executivos por gest\u00e3o temer\u00e1ria na compra do Banco PanAmericano. Clique aqui para saber mais.","og_url":"https:\/\/www.suno.com.br\/noticias\/pf-incrimina-executivos-por-gestao-temeraria-na-compra-do-banco-panamericano\/","og_site_name":"Suno Not\u00edcias","article_publisher":"https:\/\/facebook.com\/sunoresearch","og_image":[{"width":800,"height":450,"url":"https:\/\/files.sunoresearch.com.br\/n\/uploads\/2020\/09\/d1add667-policia-federal-800x450-1.jpg","type":"image\/jpeg"}],"author":"Rafaela La Regina","twitter_card":"summary_large_image","twitter_creator":"@sunoresearch","twitter_site":"@sunoresearch","twitter_misc":{"Escrito por":"Rafaela La Regina","Est. tempo de leitura":"2 minutos"},"schema":{"@context":"https:\/\/schema.org","@graph":[{"@type":"NewsArticle","@id":"https:\/\/www.suno.com.br\/noticias\/pf-incrimina-executivos-por-gestao-temeraria-na-compra-do-banco-panamericano\/#article","isPartOf":{"@id":"https:\/\/www.suno.com.br\/noticias\/pf-incrimina-executivos-por-gestao-temeraria-na-compra-do-banco-panamericano\/"},"author":{"name":"Rafaela La Regina","@id":"https:\/\/www.suno.com.br\/noticias\/#\/schema\/person\/e672ca8cea627fe715fa29bca7da95e0"},"headline":"PF incrimina executivos por gest\u00e3o temer\u00e1ria na compra do PanAmericano","datePublished":"2020-09-15T21:14:43+00:00","dateModified":"2020-09-15T21:16:22+00:00","mainEntityOfPage":{"@id":"https:\/\/www.suno.com.br\/noticias\/pf-incrimina-executivos-por-gestao-temeraria-na-compra-do-banco-panamericano\/"},"wordCount":401,"publisher":{"@id":"https:\/\/www.suno.com.br\/noticias\/#organization"},"image":{"@id":"https:\/\/www.suno.com.br\/noticias\/pf-incrimina-executivos-por-gestao-temeraria-na-compra-do-banco-panamericano\/#primaryimage"},"thumbnailUrl":"https:\/\/files.sunoresearch.com.br\/n\/uploads\/2020\/09\/d1add667-policia-federal-800x450-1-jpg.webp","keywords":["Banco Pan (BPAN4)"],"articleSection":["Neg\u00f3cios"],"inLanguage":"pt-BR"},{"@type":"WebPage","@id":"https:\/\/www.suno.com.br\/noticias\/pf-incrimina-executivos-por-gestao-temeraria-na-compra-do-banco-panamericano\/","url":"https:\/\/www.suno.com.br\/noticias\/pf-incrimina-executivos-por-gestao-temeraria-na-compra-do-banco-panamericano\/","name":"PF incrimina executivos por gest\u00e3o temer\u00e1ria na compra do PanAmericano","isPartOf":{"@id":"https:\/\/www.suno.com.br\/noticias\/#website"},"primaryImageOfPage":{"@id":"https:\/\/www.suno.com.br\/noticias\/pf-incrimina-executivos-por-gestao-temeraria-na-compra-do-banco-panamericano\/#primaryimage"},"image":{"@id":"https:\/\/www.suno.com.br\/noticias\/pf-incrimina-executivos-por-gestao-temeraria-na-compra-do-banco-panamericano\/#primaryimage"},"thumbnailUrl":"https:\/\/files.sunoresearch.com.br\/n\/uploads\/2020\/09\/d1add667-policia-federal-800x450-1-jpg.webp","datePublished":"2020-09-15T21:14:43+00:00","dateModified":"2020-09-15T21:16:22+00:00","description":"A Pol\u00edcia Federal acusou nove executivos por gest\u00e3o temer\u00e1ria na compra do Banco PanAmericano. Clique aqui para saber mais.","breadcrumb":{"@id":"https:\/\/www.suno.com.br\/noticias\/pf-incrimina-executivos-por-gestao-temeraria-na-compra-do-banco-panamericano\/#breadcrumb"},"inLanguage":"pt-BR","potentialAction":[{"@type":"ReadAction","target":["https:\/\/www.suno.com.br\/noticias\/pf-incrimina-executivos-por-gestao-temeraria-na-compra-do-banco-panamericano\/"]}]},{"@type":"ImageObject","inLanguage":"pt-BR","@id":"https:\/\/www.suno.com.br\/noticias\/pf-incrimina-executivos-por-gestao-temeraria-na-compra-do-banco-panamericano\/#primaryimage","url":"https:\/\/files.sunoresearch.com.br\/n\/uploads\/2020\/09\/d1add667-policia-federal-800x450-1-jpg.webp","contentUrl":"https:\/\/files.sunoresearch.com.br\/n\/uploads\/2020\/09\/d1add667-policia-federal-800x450-1-jpg.webp","width":800,"height":450,"caption":"PF incrimina executivos por gest\u00e3o temer\u00e1ria na compra do PanAmericano"},{"@type":"BreadcrumbList","@id":"https:\/\/www.suno.com.br\/noticias\/pf-incrimina-executivos-por-gestao-temeraria-na-compra-do-banco-panamericano\/#breadcrumb","itemListElement":[{"@type":"ListItem","position":1,"name":"Not\u00edcias","item":"https:\/\/www.suno.com.br\/noticias\/"},{"@type":"ListItem","position":2,"name":"Neg\u00f3cios","item":"https:\/\/www.suno.com.br\/noticias\/negocios\/"},{"@type":"ListItem","position":3,"name":"PF incrimina executivos por gest\u00e3o temer\u00e1ria na compra do PanAmericano"}]},{"@type":"WebSite","@id":"https:\/\/www.suno.com.br\/noticias\/#website","url":"https:\/\/www.suno.com.br\/noticias\/","name":"Suno Not\u00edcias","description":"Seu portal de informa\u00e7\u00e3o sobre o mundo dos investimentos","publisher":{"@id":"https:\/\/www.suno.com.br\/noticias\/#organization"},"potentialAction":[{"@type":"SearchAction","target":{"@type":"EntryPoint","urlTemplate":"https:\/\/www.suno.com.br\/noticias\/?s={search_term_string}"},"query-input":{"@type":"PropertyValueSpecification","valueRequired":true,"valueName":"search_term_string"}}],"inLanguage":"pt-BR"},{"@type":"Organization","@id":"https:\/\/www.suno.com.br\/noticias\/#organization","name":"Suno Not\u00edcias","url":"https:\/\/www.suno.com.br\/noticias\/","logo":{"@type":"ImageObject","inLanguage":"pt-BR","@id":"https:\/\/www.suno.com.br\/noticias\/#\/schema\/logo\/image\/","url":"https:\/\/files.sunoresearch.com.br\/n\/uploads\/2021\/09\/suno-logo.png","contentUrl":"https:\/\/files.sunoresearch.com.br\/n\/uploads\/2021\/09\/suno-logo.png","width":180,"height":180,"caption":"Suno Not\u00edcias"},"image":{"@id":"https:\/\/www.suno.com.br\/noticias\/#\/schema\/logo\/image\/"},"sameAs":["https:\/\/facebook.com\/sunoresearch","https:\/\/x.com\/sunoresearch","https:\/\/www.instagram.com\/suno","https:\/\/www.linkedin.com\/company\/suno-research\/","https:\/\/www.youtube.com\/c\/sunoresearch"]},{"@type":"Person","@id":"https:\/\/www.suno.com.br\/noticias\/#\/schema\/person\/e672ca8cea627fe715fa29bca7da95e0","name":"Rafaela La Regina","image":{"@type":"ImageObject","inLanguage":"pt-BR","@id":"https:\/\/www.suno.com.br\/noticias\/#\/schema\/person\/image\/","url":"https:\/\/secure.gravatar.com\/avatar\/d2c75a52d243deb93d0465fdcb21bd37?s=96&r=g","contentUrl":"https:\/\/secure.gravatar.com\/avatar\/d2c75a52d243deb93d0465fdcb21bd37?s=96&r=g","caption":"Rafaela La Regina"},"description":"Estagi\u00e1ria no Suno Not\u00edcias. Escreve sobre economia, pol\u00edtica e neg\u00f3cios. Estuda Rela\u00e7\u00f5es Internacionais no IBMEC-SP.","url":"https:\/\/www.suno.com.br\/noticias\/author\/rafaela-la-regina\/"}]}},"default_loop_html":"<div class=\"cardsPage__listCard__boxs\"><div class=\"cardsPage__listCard__boxs__img\"><a href=\"https:\/\/www.suno.com.br\/noticias\/pf-incrimina-executivos-por-gestao-temeraria-na-compra-do-banco-panamericano\/\"><img class=\"mask\" src=\"https:\/\/www.suno.com.br\/noticias\/wp-content\/themes\/suno\/resources\/images\/spotlight\/spotlight1img\/bg-mask.png\" alt=\"Image Mask\"\/><img src=\"https:\/\/files.sunoresearch.com.br\/n\/uploads\/2020\/09\/d1add667-policia-federal-800x450-1-400x200.webp\" alt=\"PF incrimina executivos por gest\u00e3o temer\u00e1ria na compra do PanAmericano\"\/><\/a><span class=\"spotlightCategory\"><a href=\"https:\/\/www.suno.com.br\/noticias\/negocios\/\">Neg\u00f3cios<\/a><\/span><\/div><div class=\"cardsPage__listCard__boxs__content\"><a href=\"https:\/\/www.suno.com.br\/noticias\/pf-incrimina-executivos-por-gestao-temeraria-na-compra-do-banco-panamericano\/\"><h2 class=\"content__title\">PF incrimina executivos por gest\u00e3o temer\u00e1ria na compra do PanAmericano<\/h2><\/a><div class=\"newsContent__article__meta\"><div class=\"newsContent__article__meta__authorBox\"><a href=\"https:\/\/www.suno.com.br\/noticias\/author\/rafaela-la-regina\/\" class=\"authorBox__avatar noMobi\"><img src=\"https:\/\/secure.gravatar.com\/avatar\/d2c75a52d243deb93d0465fdcb21bd37?s=96&#038;r=g\" alt=\"Rafaela La Regina\"><\/a><div class=\"authorBox__name\"><span>por\n\t\t\t<a href=\"https:\/\/www.suno.com.br\/noticias\/author\/rafaela-la-regina\/\"><span itemprop=\"author\">Rafaela La Regina<\/span><\/a><\/span><time datetime=\"2020-09-15T18:14:43-03:00\" itemprop=\"datePublished\">15\/09\/2020 18:14<\/time><\/div><\/div><\/div><\/div><\/div>","single_layout":"posts","amp_enabled":true,"_links":{"self":[{"href":"https:\/\/www.suno.com.br\/noticias\/wp-json\/wp\/v2\/posts\/84859"}],"collection":[{"href":"https:\/\/www.suno.com.br\/noticias\/wp-json\/wp\/v2\/posts"}],"about":[{"href":"https:\/\/www.suno.com.br\/noticias\/wp-json\/wp\/v2\/types\/post"}],"author":[{"embeddable":true,"href":"https:\/\/www.suno.com.br\/noticias\/wp-json\/wp\/v2\/users\/56"}],"replies":[{"embeddable":true,"href":"https:\/\/www.suno.com.br\/noticias\/wp-json\/wp\/v2\/comments?post=84859"}],"version-history":[{"count":0,"href":"https:\/\/www.suno.com.br\/noticias\/wp-json\/wp\/v2\/posts\/84859\/revisions"}],"wp:featuredmedia":[{"embeddable":true,"href":"https:\/\/www.suno.com.br\/noticias\/wp-json\/wp\/v2\/media\/84902"}],"wp:attachment":[{"href":"https:\/\/www.suno.com.br\/noticias\/wp-json\/wp\/v2\/media?parent=84859"}],"wp:term":[{"taxonomy":"category","embeddable":true,"href":"https:\/\/www.suno.com.br\/noticias\/wp-json\/wp\/v2\/categories?post=84859"},{"taxonomy":"post_tag","embeddable":true,"href":"https:\/\/www.suno.com.br\/noticias\/wp-json\/wp\/v2\/tags?post=84859"},{"taxonomy":"suno_strategy","embeddable":true,"href":"https:\/\/www.suno.com.br\/noticias\/wp-json\/wp\/v2\/suno_strategy?post=84859"}],"curies":[{"name":"wp","href":"https:\/\/api.w.org\/{rel}","templated":true}]}}